{"id":9847,"date":"2026-09-01T11:28:29","date_gmt":"2026-09-01T09:28:29","guid":{"rendered":"https:\/\/stiftungsmarktplatz.eu\/blog\/?p=9847"},"modified":"2026-09-01T11:48:19","modified_gmt":"2026-09-01T09:48:19","slug":"das-war-the-gatsby-26-das-war-vtfds26-so-wird-sokoms26","status":"publish","type":"post","link":"https:\/\/stiftungsmarktplatz.eu\/blog\/das-war-the-gatsby-26-das-war-vtfds26-so-wird-sokoms26\/","title":{"rendered":"Das war \u201eThe Gatsby 26\u201c +++ Das war VTFDS26 +++ So wird SOKOMS26"},"content":{"rendered":"<span class=\"span-reading-time rt-reading-time\" style=\"display: block;\"><span class=\"rt-label rt-prefix\">Lesezeit: <\/span> <span class=\"rt-time\"> 4<\/span> <span class=\"rt-label rt-postfix\">Minuten<\/span><\/span>\n<p class=\"wp-block-paragraph\">Was passiert, wenn viele hundert Milliarden Euro und etliche hundert Milliarden Euro aufeinandertreffen? Wenn Gaby Ur und Hans Christoph Knall aufeinanderprallen? Es k\u00f6nnte dann so sein, dass sich die junge philanthropische Masse so in Bewegung setzt, dass die alte philanthropische Masse davon eruptiv erfasst wird. Das mag etwas schablonenhaft daher gesagt sein und an Napoleons bekanntes Zitat \u00fcber China erinnern (\u201eWenn China erwacht, bebt die Welt.\u201c), aber im Kern d\u00fcrfte da etwas dran sein. <strong>Beim The Gatsby 26, dem etwas anderen StiftungsAp\u00e9ro, <a href=\"https:\/\/stiftungsapero.de\/\" target=\"_blank\" rel=\"noreferrer noopener\">diskutierten wir zum Abschluss der 2026er StiftungsAp\u00e9ro-Saison dar\u00fcber<\/a>, was dieses \u201eNew Giving\u201c ist und wo es Stiftungen dazu bringen wird, sich zu ver\u00e4ndern.<\/strong><\/p>\n\n\n\n<figure class=\"wp-block-image size-large\"><a href=\"https:\/\/stiftungsapero.de\/stiftungsapero-sommertour-2026-fotogalerie-augsburg-the-gatsby\/\" target=\"_blank\" rel=\" noreferrer noopener\"><img loading=\"lazy\" decoding=\"async\" width=\"1024\" height=\"576\" src=\"https:\/\/stiftungsmarktplatz.eu\/blog\/wp-content\/uploads\/2026\/09\/Teaserbild-Nachlese-The-Gatsby-26-1024x576.jpg\" alt=\"Nachlese The Gatsby 26\" class=\"wp-image-9849\" srcset=\"https:\/\/stiftungsmarktplatz.eu\/blog\/wp-content\/uploads\/2026\/09\/Teaserbild-Nachlese-The-Gatsby-26-1024x576.jpg 1024w, https:\/\/stiftungsmarktplatz.eu\/blog\/wp-content\/uploads\/2026\/09\/Teaserbild-Nachlese-The-Gatsby-26-300x169.jpg 300w, https:\/\/stiftungsmarktplatz.eu\/blog\/wp-content\/uploads\/2026\/09\/Teaserbild-Nachlese-The-Gatsby-26-768x432.jpg 768w, https:\/\/stiftungsmarktplatz.eu\/blog\/wp-content\/uploads\/2026\/09\/Teaserbild-Nachlese-The-Gatsby-26-696x392.jpg 696w, https:\/\/stiftungsmarktplatz.eu\/blog\/wp-content\/uploads\/2026\/09\/Teaserbild-Nachlese-The-Gatsby-26-1068x601.jpg 1068w, https:\/\/stiftungsmarktplatz.eu\/blog\/wp-content\/uploads\/2026\/09\/Teaserbild-Nachlese-The-Gatsby-26.jpg 1280w\" sizes=\"auto, (max-width: 1024px) 100vw, 1024px\" \/><\/a><\/figure>\n\n\n\n<h2 class=\"wp-block-heading\">The Gatsby diskutiert was ist und was sein k\u00f6nnte<\/h2>\n\n\n\n<p class=\"wp-block-paragraph\">Sowohl The Gatsby 26 bzw. die anderen beiden StiftungsAp\u00e9ros in Potsdam und K\u00f6ln als auch unser Werkstatt Festival f\u00fcr Stiftungsverm\u00f6gen VTFDS26 <strong>haben demgem\u00e4\u00df zweierlei unterstrichen:<\/strong><\/p>\n\n\n\n<ol class=\"wp-block-list\">\n<li>Die Stiftungslandschaft diskutiert die richtigen Dinge, aber sie zieht die falschen Schl\u00fcsse. <strong><a href=\"https:\/\/stiftungsmarktplatz.eu\/blog\/das-neue-geben-und-neue-vielfalt-fuer-den-stiftungssektor\/\" target=\"_blank\" rel=\"noreferrer noopener\">Dass New Giving viele Chancen f\u00fcr den Sektor mit sich bringt, ist eine richtige Annahme<\/a>.<\/strong> Aber zu folgern, dass die Eruption im Sektor wie eine Flut alle Boote automatisch hebt, ist die falsche Ableitung.<\/li>\n\n\n\n<li>Viele Stiftungen hoffen, dass ich die Frage \u201eSoll ich mehr Haltung zeigen und mich kommunikativ profilierter nach drau\u00dfen wagen\u201c im Kontext einer fluiden politischen Mengenlehre fr\u00fcher oder sp\u00e4ter von selbst er\u00fcbrigt. <strong>Nur, die Frage nach Profil-Bildung und Silo-Haltung hat mehr etwas von einem Plateau und weniger etwas von einer Welle.<\/strong><\/li>\n<\/ol>\n\n\n\n<hr class=\"wp-block-separator has-alpha-channel-opacity is-style-wide\"\/>\n\n\n\n<p class=\"wp-block-paragraph\"><strong>Advertising<\/strong><\/p>\n\n\n\n<figure class=\"wp-block-image size-full\"><a href=\"https:\/\/www.neues-stiften.de\/\" target=\"_blank\" rel=\" noreferrer noopener\"><img loading=\"lazy\" decoding=\"async\" width=\"695\" height=\"80\" src=\"https:\/\/stiftungsmarktplatz.eu\/blog\/wp-content\/uploads\/2026\/09\/neues-stifen-Banner_695x80-002.jpg\" alt=\"neues stifen \" class=\"wp-image-9851\" srcset=\"https:\/\/stiftungsmarktplatz.eu\/blog\/wp-content\/uploads\/2026\/09\/neues-stifen-Banner_695x80-002.jpg 695w, https:\/\/stiftungsmarktplatz.eu\/blog\/wp-content\/uploads\/2026\/09\/neues-stifen-Banner_695x80-002-300x35.jpg 300w\" sizes=\"auto, (max-width: 695px) 100vw, 695px\" \/><\/a><\/figure>\n\n\n\n<hr class=\"wp-block-separator has-alpha-channel-opacity is-style-wide\"\/>\n\n\n\n<h2 class=\"wp-block-heading\">Stiftungsverm\u00f6gen zwischen Investieren und Ignorieren<\/h2>\n\n\n\n<p class=\"wp-block-paragraph\">Wir sprechen \u00fcber mehr als 28.000 rechtsf\u00e4hige Stiftungen in Deutschland. Jede dieser Stiftungen existiert ob eines Steuerprivilegs, dass sie sich jedes Jahr aufs Neue verdienen muss. Um das Verm\u00f6gen einer Stiftung, ganz gleich wie gro\u00df es ist, muss sich daher gek\u00fcmmert werden \u2013 <strong>k\u00fcmmern im Sinne von Managen, nicht im Sinne von Verwalten. Unser Werkstatt Festival f\u00fcr Stiftungsverm\u00f6gen VTFDS26 Mitte Juni in Leipzig zeigte ganz deutlich, worauf es dabei ankommt:<\/strong> <a href=\"https:\/\/stiftungsmarktplatz.eu\/blog\/stiftungsvermoegen-anlegen-und-der-kobayashi-maru-test\" target=\"_blank\" rel=\"noreferrer noopener\">die 3 As (Anlageziel, Anlagekonzept, Anlagerichtlinie), die 4 Ds (Diversifizieren, Delegieren, Dokumentieren, Durchhalten) und eine Portion Kobayashi Maru<\/a>. F\u00fcr alle, die in Leipzig nicht dabei sein konnten, empfiehlt sich die VTFDS Mediathek. Allein die \u201eOffen gesprochen\u201c-ExpertenTalks liefern mehr als 8 Stunden Deep Dive, Erfahrungswerte und echte Anregungen f\u00fcr die t\u00e4gliche Praxis jeder Stiftung. <strong><a href=\"https:\/\/vtfds.de\/\" target=\"_blank\" rel=\"noreferrer noopener\">Und ab 1.10.2026 \u00f6ffnen wir auch das Ticketing zum VTFDS27, es empfiehlt sich, sich fr\u00fchzeitig eines der 200 Tickets zu sichern<\/a>.<\/strong><\/p>\n\n\n\n<figure class=\"wp-block-image size-large\"><a href=\"https:\/\/vtfds.de\/vtfds2026-mediathek\/\" target=\"_blank\" rel=\" noreferrer noopener\"><img loading=\"lazy\" decoding=\"async\" width=\"1024\" height=\"576\" src=\"https:\/\/stiftungsmarktplatz.eu\/blog\/wp-content\/uploads\/2026\/09\/Teaserbild-Nachlese-VTFDS26-1024x576.jpg\" alt=\"Nachlese VTFDS26\" class=\"wp-image-9854\" srcset=\"https:\/\/stiftungsmarktplatz.eu\/blog\/wp-content\/uploads\/2026\/09\/Teaserbild-Nachlese-VTFDS26-1024x576.jpg 1024w, https:\/\/stiftungsmarktplatz.eu\/blog\/wp-content\/uploads\/2026\/09\/Teaserbild-Nachlese-VTFDS26-300x169.jpg 300w, https:\/\/stiftungsmarktplatz.eu\/blog\/wp-content\/uploads\/2026\/09\/Teaserbild-Nachlese-VTFDS26-768x432.jpg 768w, https:\/\/stiftungsmarktplatz.eu\/blog\/wp-content\/uploads\/2026\/09\/Teaserbild-Nachlese-VTFDS26-696x392.jpg 696w, https:\/\/stiftungsmarktplatz.eu\/blog\/wp-content\/uploads\/2026\/09\/Teaserbild-Nachlese-VTFDS26-1068x601.jpg 1068w, https:\/\/stiftungsmarktplatz.eu\/blog\/wp-content\/uploads\/2026\/09\/Teaserbild-Nachlese-VTFDS26.jpg 1280w\" sizes=\"auto, (max-width: 1024px) 100vw, 1024px\" \/><\/a><\/figure>\n\n\n\n<h2 class=\"wp-block-heading\">SOKOMS26 wird sich ein Festival f\u00fcr Liebhaber von Ecken und Kanten<\/h2>\n\n\n\n<p class=\"wp-block-paragraph\"><strong>Am 3ten und 4ten November \u00f6ffnet unser Werkstatt Festival f\u00fcr Stiftungsverm\u00f6gen SOKOMS26 in Leipzig wieder seine Pforten.<\/strong> Unser Anliegen ist es, an beiden Tagen nicht nur \u00fcber das kommunikative Morgen von Stiftungen zu diskutieren, sondern das kommunikative ICH von Stiftungen zu wecken. Stiftungskommunikation hei\u00dft heute<\/p>\n\n\n\n<ul class=\"wp-block-list\">\n<li><strong>digital zu sein, offline aber nicht zu ignorieren<\/strong><\/li>\n\n\n\n<li><strong>Long Reads und Short Cuts zu k\u00f6nnen<\/strong><\/li>\n\n\n\n<li><strong>authentisch zu sein<\/strong><\/li>\n\n\n\n<li><strong>mehr Kante zu zeigen<\/strong><\/li>\n\n\n\n<li><strong>KI-Werkzeuge zu nutzen<\/strong><\/li>\n\n\n\n<li><strong>haltungszentriert zu agieren<\/strong><\/li>\n<\/ul>\n\n\n\n<p class=\"wp-block-paragraph\">Moment, Haltung? Steckt da die Frage drin, ob Stiftungen politischer sein sollen, politischer kommunizieren sollen? Ja, genau das ist damit gemeint, und diese Frage webt sich wie ein Roter Faden in das SOKOMS26-Programm. <strong>Denn die Frage, ob Stiftungen politischer sein sollen, beinhaltet sowohl ein M\u00fcssen und ein D\u00fcrfen. Schon mit dem SOKOMS26 Er\u00f6ffnungsTalk gehen wir hier \u201eAll in\u201c. <\/strong><a href=\"https:\/\/sokoms.de\/\" target=\"_blank\" rel=\"noreferrer noopener\">Die erste Stufe des Programms samt Line-up haben wir auf dem FestivalHub gez\u00fcndet<\/a>, und f\u00fcr die fr\u00fchen V\u00f6gel steht auch die Super Early Bird-Option im Ticketing noch offen. Die Anh\u00e4nger von \u201eDer sp\u00e4te B\u00e4r f\u00e4ngt mehr\u201c werden aber im Ticketshop sicher auch noch f\u00fcndig. Ein besonderes Schmankerl h\u00e4lt Stefan Kr\u00fcger von cocodibu f\u00fcr Stiftungen bereit. Er hat das Konzept des <strong>KommunikationsKollektivs f\u00fcr Stiftungen entwickelt, sagt dazu: \u201eStiftungen haben gro\u00dfe gesellschaftliche Relevanz, aber oft k(l)eine Kommunikationsbudgets, um das zu transportieren. Das Kommunikationskollektiv will helfen, diese L\u00fccke zu schlie\u00dfen\u201c. <\/strong>An Tag 1 von SOKOMS26 um 17 Uhr in der Work Street Galerie in Haus 2 l\u00e4dt Stefan Kr\u00fcger zum Workshop \u2013 das Anliegen ist klar: Gemeinsam kommuniziert es sich einfacher, und kraftvoller.<\/p>\n\n\n\n<figure class=\"wp-block-image size-large\"><a href=\"https:\/\/sokoms.de\/sokoms-ticketshop\/\" target=\"_blank\" rel=\" noreferrer noopener\"><img loading=\"lazy\" decoding=\"async\" width=\"1024\" height=\"408\" src=\"https:\/\/stiftungsmarktplatz.eu\/blog\/wp-content\/uploads\/2026\/09\/SOKOMS26-Kampagnenmotiv-I-Macher-1024x408.jpg\" alt=\"SOKOMS26\" class=\"wp-image-9844\" srcset=\"https:\/\/stiftungsmarktplatz.eu\/blog\/wp-content\/uploads\/2026\/09\/SOKOMS26-Kampagnenmotiv-I-Macher-1024x408.jpg 1024w, https:\/\/stiftungsmarktplatz.eu\/blog\/wp-content\/uploads\/2026\/09\/SOKOMS26-Kampagnenmotiv-I-Macher-300x120.jpg 300w, https:\/\/stiftungsmarktplatz.eu\/blog\/wp-content\/uploads\/2026\/09\/SOKOMS26-Kampagnenmotiv-I-Macher-768x306.jpg 768w, https:\/\/stiftungsmarktplatz.eu\/blog\/wp-content\/uploads\/2026\/09\/SOKOMS26-Kampagnenmotiv-I-Macher-696x277.jpg 696w, https:\/\/stiftungsmarktplatz.eu\/blog\/wp-content\/uploads\/2026\/09\/SOKOMS26-Kampagnenmotiv-I-Macher-1068x425.jpg 1068w, https:\/\/stiftungsmarktplatz.eu\/blog\/wp-content\/uploads\/2026\/09\/SOKOMS26-Kampagnenmotiv-I-Macher.jpg 1200w\" sizes=\"auto, (max-width: 1024px) 100vw, 1024px\" \/><\/a><\/figure>\n\n\n\n<h2 class=\"wp-block-heading\">Der TerminTipp f\u00fcr alle Verm\u00f6gensmacher in Stiftungen<\/h2>\n\n\n\n<p class=\"wp-block-paragraph\">Am 17. September trifft sich in Stuttagrt das Who is Who der deutschen institutionellen Kapitalanlage \u2013 <strong><a href=\"https:\/\/www.faros-consulting.de\/events\/faros-investoren-summit-2026\" target=\"_blank\" rel=\"noreferrer noopener\">beim FAROS Investoren Summit 2026. Geopolitische Verschiebungen, notwendige Weichenstellungen und die Folgen der viel zitierten Zeitenwende<\/a><\/strong> stehen auf der Agenda, als Vortragende konnten unter anderem Prof. Dr. Ulrike Malmendier, Dr. Gertrud Traud und Prof. Dr. Nicole Deitelhoff gewonnen werden, Panels und Diskussionen sind damit h\u00f6chstkar\u00e4tig besetzt. Wir begleiten den FAROS Investoren Summit auch in diesem Jahr als Plattform-Partner, werden berichten und weitertragen \u2013 und k\u00f6nnen Stiftungsverantwortlichen nur empfehlen, teilzunehmen.<\/p>\n\n\n\n<hr class=\"wp-block-separator has-alpha-channel-opacity is-style-wide\"\/>\n\n\n\n<p class=\"wp-block-paragraph\"><strong>Advertising<\/strong><\/p>\n\n\n\n<figure class=\"wp-block-image size-full\"><a href=\"https:\/\/www.faros-consulting.de\/events\/faros-investoren-summit-2026\" target=\"_blank\" rel=\" noreferrer noopener\"><img loading=\"lazy\" decoding=\"async\" width=\"695\" height=\"80\" src=\"https:\/\/stiftungsmarktplatz.eu\/blog\/wp-content\/uploads\/2026\/09\/FIS26_NL_695x80px.jpg\" alt=\"FAROS Investoren Summit 26\" class=\"wp-image-9859\" srcset=\"https:\/\/stiftungsmarktplatz.eu\/blog\/wp-content\/uploads\/2026\/09\/FIS26_NL_695x80px.jpg 695w, https:\/\/stiftungsmarktplatz.eu\/blog\/wp-content\/uploads\/2026\/09\/FIS26_NL_695x80px-300x35.jpg 300w\" sizes=\"auto, (max-width: 695px) 100vw, 695px\" \/><\/a><\/figure>\n\n\n\n<hr class=\"wp-block-separator has-alpha-channel-opacity is-style-wide\"\/>\n\n\n\n<h2 class=\"wp-block-heading\">Das finale Apercu<\/h2>\n\n\n\n<p class=\"wp-block-paragraph\">Es treibt uns gerade um, wie wir mehr Stiftungen als bisher aus ihren Silos rauslocken, von der \u201eDas haben wir immer so gemacht da k\u00f6nnte ja jeder kommen\u201c-Fessel zu befreien. Wenn Sie als Stiftungsverantwortliche oder Stiftungsverantwortlicher eine Idee haben, <strong>schreiben Sie mir an <\/strong><a href=\"mailto:t.karow@stiftungsmarktplatz.eu\"><strong>t.karow@stiftungsmarktplatz.eu<\/strong><\/a><strong>, wer mir zuerst schreibt, den lade ich ein, genau \u00fcber diese eine Frage in No. 2 unseres Social Profit Kosmonauten zu sprechen, unserem gedruckten SOKOMS26 Festival Orbiter.<\/strong> Vielleicht kommen wir im Interview gemeinsam drauf, woran es hakt. Oder was es braucht. Oder dass der Befund falsch ist. Nun ja, ich freue mich heute bereits auf dieses Sneak Interview. Denn hei\u00dft es nicht, das Unerwartete hat den gr\u00f6\u00dften Reiz? In diesem Sinne\u2026<\/p>\n","protected":false},"excerpt":{"rendered":"<p><span class=\"span-reading-time rt-reading-time\" style=\"display: block;\"><span class=\"rt-label rt-prefix\">Lesezeit: <\/span> <span class=\"rt-time\"> 4<\/span> <span class=\"rt-label rt-postfix\">Minuten<\/span><\/span>was passiert, wenn viele hundert Milliarden Euro und etliche hundert Milliarden Euro aufeinandertreffen? Wenn Gaby Ur und Hans Christoph Knall aufeinanderprallen? Es k\u00f6nnte dann so sein, dass sich die junge philanthropische Masse so in Bewegung setzt, dass die alte philanthropische Masse davon eruptiv erfasst wird. Das mag etwas schablonenhaft daher gesagt sein und an Napoleons bekanntes Zitat \u00fcber China erinnern (\u201eWenn China erwacht, bebt die Welt.\u201c), aber im Kern d\u00fcrfte da etwas dran sein. Beim The Gatsby 26, dem etwas anderen StiftungsAp\u00e9ro, diskutierten wir zum Abschluss der 2026er StiftungsAp\u00e9ro-Saison dar\u00fcber, was dieses \u201eNew Giving\u201c ist und wo es Stiftungen dazu bringen wird, sich zu ver\u00e4ndern.<\/p>\n","protected":false},"author":8,"featured_media":9865,"comment_status":"closed","ping_status":"open","sticky":false,"template":"","format":"standard","meta":{"ngg_post_thumbnail":0,"footnotes":""},"categories":[395],"tags":[],"class_list":["post-9847","post","type-post","status-publish","format-standard","has-post-thumbnail","category-der-skipper-newsletter-archiv"],"yoast_head":"<!-- This site is optimized with the Yoast SEO plugin v28.3 - https:\/\/yoast.com\/product\/yoast-seo-wordpress\/ -->\n<title>Das war \u201eThe Gatsby 26\u201c +++ Das war VTFDS26 +++ So wird SOKOMS26 - Der Stiftungsblog f\u00fcr die Stiftungspraxis<\/title>\n<meta name=\"description\" content=\"Was passiert, wenn viele hundert Milliarden Euro und etliche hundert Milliarden Euro aufeinandertreffen? Wenn Gaby Ur und Hans Christoph Knall aufeinanderprallen?\" \/>\n<meta name=\"robots\" content=\"index, follow, max-snippet:-1, max-image-preview:large, max-video-preview:-1\" \/>\n<link rel=\"canonical\" href=\"https:\/\/stiftungsmarktplatz.eu\/blog\/das-war-the-gatsby-26-das-war-vtfds26-so-wird-sokoms26\/\" \/>\n<meta property=\"og:locale\" content=\"de_DE\" \/>\n<meta property=\"og:type\" content=\"article\" \/>\n<meta property=\"og:title\" content=\"Das war \u201eThe Gatsby 26\u201c +++ Das war VTFDS26 +++ So wird SOKOMS26 - Der Stiftungsblog f\u00fcr die Stiftungspraxis\" \/>\n<meta property=\"og:description\" content=\"Was passiert, wenn viele hundert Milliarden Euro und etliche hundert Milliarden Euro aufeinandertreffen? Wenn Gaby Ur und Hans Christoph Knall aufeinanderprallen?\" \/>\n<meta property=\"og:url\" content=\"https:\/\/stiftungsmarktplatz.eu\/blog\/das-war-the-gatsby-26-das-war-vtfds26-so-wird-sokoms26\/\" \/>\n<meta property=\"og:site_name\" content=\"Der Stiftungsblog f\u00fcr die Stiftungspraxis\" \/>\n<meta property=\"article:published_time\" content=\"2026-09-01T09:28:29+00:00\" \/>\n<meta property=\"article:modified_time\" content=\"2026-09-01T09:48:19+00:00\" \/>\n<meta property=\"og:image\" content=\"https:\/\/stiftungsmarktplatz.eu\/blog\/wp-content\/uploads\/2026\/09\/newsletter-der-skipper01092026.jpg\" \/>\n\t<meta property=\"og:image:width\" content=\"1200\" \/>\n\t<meta property=\"og:image:height\" content=\"675\" \/>\n\t<meta property=\"og:image:type\" content=\"image\/jpeg\" \/>\n<meta name=\"author\" content=\"Tobias Karow\" \/>\n<meta name=\"twitter:card\" content=\"summary_large_image\" \/>\n<meta name=\"twitter:label1\" content=\"Verfasst von\" \/>\n\t<meta name=\"twitter:data1\" content=\"Tobias Karow\" \/>\n\t<meta name=\"twitter:label2\" content=\"Gesch\u00e4tzte Lesezeit\" \/>\n\t<meta name=\"twitter:data2\" content=\"6\u00a0Minuten\" \/>\n<script type=\"application\/ld+json\" class=\"yoast-schema-graph\">{\"@context\":\"https:\\\/\\\/schema.org\",\"@graph\":[{\"@type\":\"Article\",\"@id\":\"https:\\\/\\\/stiftungsmarktplatz.eu\\\/blog\\\/das-war-the-gatsby-26-das-war-vtfds26-so-wird-sokoms26\\\/#article\",\"isPartOf\":{\"@id\":\"https:\\\/\\\/stiftungsmarktplatz.eu\\\/blog\\\/das-war-the-gatsby-26-das-war-vtfds26-so-wird-sokoms26\\\/\"},\"author\":{\"name\":\"Tobias Karow\",\"@id\":\"https:\\\/\\\/stiftungsmarktplatz.eu\\\/blog\\\/#\\\/schema\\\/person\\\/3a42780bf87a2088578f1e8077ccfa44\"},\"headline\":\"Das war \u201eThe Gatsby 26\u201c +++ Das war VTFDS26 +++ So wird SOKOMS26\",\"datePublished\":\"2026-09-01T09:28:29+00:00\",\"dateModified\":\"2026-09-01T09:48:19+00:00\",\"mainEntityOfPage\":{\"@id\":\"https:\\\/\\\/stiftungsmarktplatz.eu\\\/blog\\\/das-war-the-gatsby-26-das-war-vtfds26-so-wird-sokoms26\\\/\"},\"wordCount\":920,\"publisher\":{\"@id\":\"https:\\\/\\\/stiftungsmarktplatz.eu\\\/blog\\\/#organization\"},\"image\":{\"@id\":\"https:\\\/\\\/stiftungsmarktplatz.eu\\\/blog\\\/das-war-the-gatsby-26-das-war-vtfds26-so-wird-sokoms26\\\/#primaryimage\"},\"thumbnailUrl\":\"https:\\\/\\\/stiftungsmarktplatz.eu\\\/blog\\\/wp-content\\\/uploads\\\/2026\\\/09\\\/newsletter-der-skipper01092026.jpg\",\"articleSection\":[\"Des Skippers Heimathafen - das Archiv\"],\"inLanguage\":\"de\"},{\"@type\":\"WebPage\",\"@id\":\"https:\\\/\\\/stiftungsmarktplatz.eu\\\/blog\\\/das-war-the-gatsby-26-das-war-vtfds26-so-wird-sokoms26\\\/\",\"url\":\"https:\\\/\\\/stiftungsmarktplatz.eu\\\/blog\\\/das-war-the-gatsby-26-das-war-vtfds26-so-wird-sokoms26\\\/\",\"name\":\"Das war \u201eThe Gatsby 26\u201c +++ Das war VTFDS26 +++ So wird SOKOMS26 - Der Stiftungsblog f\u00fcr die Stiftungspraxis\",\"isPartOf\":{\"@id\":\"https:\\\/\\\/stiftungsmarktplatz.eu\\\/blog\\\/#website\"},\"primaryImageOfPage\":{\"@id\":\"https:\\\/\\\/stiftungsmarktplatz.eu\\\/blog\\\/das-war-the-gatsby-26-das-war-vtfds26-so-wird-sokoms26\\\/#primaryimage\"},\"image\":{\"@id\":\"https:\\\/\\\/stiftungsmarktplatz.eu\\\/blog\\\/das-war-the-gatsby-26-das-war-vtfds26-so-wird-sokoms26\\\/#primaryimage\"},\"thumbnailUrl\":\"https:\\\/\\\/stiftungsmarktplatz.eu\\\/blog\\\/wp-content\\\/uploads\\\/2026\\\/09\\\/newsletter-der-skipper01092026.jpg\",\"datePublished\":\"2026-09-01T09:28:29+00:00\",\"dateModified\":\"2026-09-01T09:48:19+00:00\",\"description\":\"Was passiert, wenn viele hundert Milliarden Euro und etliche hundert Milliarden Euro aufeinandertreffen? Wenn Gaby Ur und Hans Christoph Knall aufeinanderprallen?\",\"breadcrumb\":{\"@id\":\"https:\\\/\\\/stiftungsmarktplatz.eu\\\/blog\\\/das-war-the-gatsby-26-das-war-vtfds26-so-wird-sokoms26\\\/#breadcrumb\"},\"inLanguage\":\"de\",\"potentialAction\":[{\"@type\":\"ReadAction\",\"target\":[\"https:\\\/\\\/stiftungsmarktplatz.eu\\\/blog\\\/das-war-the-gatsby-26-das-war-vtfds26-so-wird-sokoms26\\\/\"]}]},{\"@type\":\"ImageObject\",\"inLanguage\":\"de\",\"@id\":\"https:\\\/\\\/stiftungsmarktplatz.eu\\\/blog\\\/das-war-the-gatsby-26-das-war-vtfds26-so-wird-sokoms26\\\/#primaryimage\",\"url\":\"https:\\\/\\\/stiftungsmarktplatz.eu\\\/blog\\\/wp-content\\\/uploads\\\/2026\\\/09\\\/newsletter-der-skipper01092026.jpg\",\"contentUrl\":\"https:\\\/\\\/stiftungsmarktplatz.eu\\\/blog\\\/wp-content\\\/uploads\\\/2026\\\/09\\\/newsletter-der-skipper01092026.jpg\",\"width\":1200,\"height\":675},{\"@type\":\"BreadcrumbList\",\"@id\":\"https:\\\/\\\/stiftungsmarktplatz.eu\\\/blog\\\/das-war-the-gatsby-26-das-war-vtfds26-so-wird-sokoms26\\\/#breadcrumb\",\"itemListElement\":[{\"@type\":\"ListItem\",\"position\":1,\"name\":\"Startseite\",\"item\":\"https:\\\/\\\/stiftungsmarktplatz.eu\\\/blog\\\/\"},{\"@type\":\"ListItem\",\"position\":2,\"name\":\"Das war \u201eThe Gatsby 26\u201c +++ Das war VTFDS26 +++ So wird SOKOMS26\"}]},{\"@type\":\"WebSite\",\"@id\":\"https:\\\/\\\/stiftungsmarktplatz.eu\\\/blog\\\/#website\",\"url\":\"https:\\\/\\\/stiftungsmarktplatz.eu\\\/blog\\\/\",\"name\":\"Der Stiftungsblog f\u00fcr die Stiftungspraxis\",\"description\":\"#stiftungenst\u00e4rken - NPO-Expertise von NPO-Experten\",\"publisher\":{\"@id\":\"https:\\\/\\\/stiftungsmarktplatz.eu\\\/blog\\\/#organization\"},\"potentialAction\":[{\"@type\":\"SearchAction\",\"target\":{\"@type\":\"EntryPoint\",\"urlTemplate\":\"https:\\\/\\\/stiftungsmarktplatz.eu\\\/blog\\\/?s={search_term_string}\"},\"query-input\":{\"@type\":\"PropertyValueSpecification\",\"valueRequired\":true,\"valueName\":\"search_term_string\"}}],\"inLanguage\":\"de\"},{\"@type\":\"Organization\",\"@id\":\"https:\\\/\\\/stiftungsmarktplatz.eu\\\/blog\\\/#organization\",\"name\":\"stiftungsmarktplatz.eu GbR\",\"url\":\"https:\\\/\\\/stiftungsmarktplatz.eu\\\/blog\\\/\",\"logo\":{\"@type\":\"ImageObject\",\"inLanguage\":\"de\",\"@id\":\"https:\\\/\\\/stiftungsmarktplatz.eu\\\/blog\\\/#\\\/schema\\\/logo\\\/image\\\/\",\"url\":\"https:\\\/\\\/stiftungsmarktplatz.eu\\\/blog\\\/wp-content\\\/uploads\\\/2020\\\/03\\\/Logo-blog-retina.png\",\"contentUrl\":\"https:\\\/\\\/stiftungsmarktplatz.eu\\\/blog\\\/wp-content\\\/uploads\\\/2020\\\/03\\\/Logo-blog-retina.png\",\"width\":140,\"height\":130,\"caption\":\"stiftungsmarktplatz.eu GbR\"},\"image\":{\"@id\":\"https:\\\/\\\/stiftungsmarktplatz.eu\\\/blog\\\/#\\\/schema\\\/logo\\\/image\\\/\"},\"sameAs\":[\"https:\\\/\\\/www.linkedin.com\\\/company\\\/18563519\\\/\",\"https:\\\/\\\/www.youtube.com\\\/channel\\\/UCQrF6RQRFGxTokVV4nbx25Q\"]},{\"@type\":\"Person\",\"@id\":\"https:\\\/\\\/stiftungsmarktplatz.eu\\\/blog\\\/#\\\/schema\\\/person\\\/3a42780bf87a2088578f1e8077ccfa44\",\"name\":\"Tobias Karow\",\"image\":{\"@type\":\"ImageObject\",\"inLanguage\":\"de\",\"@id\":\"https:\\\/\\\/stiftungsmarktplatz.eu\\\/blog\\\/wp-content\\\/uploads\\\/2024\\\/05\\\/tobias-karow-2024-150x150.png\",\"url\":\"https:\\\/\\\/stiftungsmarktplatz.eu\\\/blog\\\/wp-content\\\/uploads\\\/2024\\\/05\\\/tobias-karow-2024-150x150.png\",\"contentUrl\":\"https:\\\/\\\/stiftungsmarktplatz.eu\\\/blog\\\/wp-content\\\/uploads\\\/2024\\\/05\\\/tobias-karow-2024-150x150.png\",\"caption\":\"Tobias Karow\"},\"description\":\"ist Gr\u00fcnder und Gesch\u00e4ftsf\u00fchrer von stiftungsmarktplatz.eu und im Stiftungswesen in Deutschland, \u00d6sterreich, der Schweiz und Liechtenstein seit 10 Jahren aktiv. Er ist Herausgeber der FondsFibel f\u00fcr Stiftungen &amp; NPOs, dem f\u00fchrenden Nachschlagewerk f\u00fcr Stiftungsfonds und stiftungsgeeignete Fonds (www.fondsfibel.de), Vortr\u00e4ge h\u00e4lt er vor allem zum Thema \u201aStiftungen und ihr Weg in die digitale Welt\u2018. F\u00fcr beide Themen betreibt er den Blog #stiftungenst\u00e4rken.\",\"sameAs\":[\"https:\\\/\\\/www.fondsfibel.de\"],\"url\":\"https:\\\/\\\/stiftungsmarktplatz.eu\\\/blog\\\/author\\\/tobias-karow\\\/\"}]}<\/script>\n<!-- \/ Yoast SEO plugin. -->","yoast_head_json":{"title":"Das war \u201eThe Gatsby 26\u201c +++ Das war VTFDS26 +++ So wird SOKOMS26 - Der Stiftungsblog f\u00fcr die Stiftungspraxis","description":"Was passiert, wenn viele hundert Milliarden Euro und etliche hundert Milliarden Euro aufeinandertreffen? Wenn Gaby Ur und Hans Christoph Knall aufeinanderprallen?","robots":{"index":"index","follow":"follow","max-snippet":"max-snippet:-1","max-image-preview":"max-image-preview:large","max-video-preview":"max-video-preview:-1"},"canonical":"https:\/\/stiftungsmarktplatz.eu\/blog\/das-war-the-gatsby-26-das-war-vtfds26-so-wird-sokoms26\/","og_locale":"de_DE","og_type":"article","og_title":"Das war \u201eThe Gatsby 26\u201c +++ Das war VTFDS26 +++ So wird SOKOMS26 - Der Stiftungsblog f\u00fcr die Stiftungspraxis","og_description":"Was passiert, wenn viele hundert Milliarden Euro und etliche hundert Milliarden Euro aufeinandertreffen? Wenn Gaby Ur und Hans Christoph Knall aufeinanderprallen?","og_url":"https:\/\/stiftungsmarktplatz.eu\/blog\/das-war-the-gatsby-26-das-war-vtfds26-so-wird-sokoms26\/","og_site_name":"Der Stiftungsblog f\u00fcr die Stiftungspraxis","article_published_time":"2026-09-01T09:28:29+00:00","article_modified_time":"2026-09-01T09:48:19+00:00","og_image":[{"width":1200,"height":675,"url":"https:\/\/stiftungsmarktplatz.eu\/blog\/wp-content\/uploads\/2026\/09\/newsletter-der-skipper01092026.jpg","type":"image\/jpeg"}],"author":"Tobias Karow","twitter_card":"summary_large_image","twitter_misc":{"Verfasst von":"Tobias Karow","Gesch\u00e4tzte Lesezeit":"6\u00a0Minuten"},"schema":{"@context":"https:\/\/schema.org","@graph":[{"@type":"Article","@id":"https:\/\/stiftungsmarktplatz.eu\/blog\/das-war-the-gatsby-26-das-war-vtfds26-so-wird-sokoms26\/#article","isPartOf":{"@id":"https:\/\/stiftungsmarktplatz.eu\/blog\/das-war-the-gatsby-26-das-war-vtfds26-so-wird-sokoms26\/"},"author":{"name":"Tobias Karow","@id":"https:\/\/stiftungsmarktplatz.eu\/blog\/#\/schema\/person\/3a42780bf87a2088578f1e8077ccfa44"},"headline":"Das war \u201eThe Gatsby 26\u201c +++ Das war VTFDS26 +++ So wird SOKOMS26","datePublished":"2026-09-01T09:28:29+00:00","dateModified":"2026-09-01T09:48:19+00:00","mainEntityOfPage":{"@id":"https:\/\/stiftungsmarktplatz.eu\/blog\/das-war-the-gatsby-26-das-war-vtfds26-so-wird-sokoms26\/"},"wordCount":920,"publisher":{"@id":"https:\/\/stiftungsmarktplatz.eu\/blog\/#organization"},"image":{"@id":"https:\/\/stiftungsmarktplatz.eu\/blog\/das-war-the-gatsby-26-das-war-vtfds26-so-wird-sokoms26\/#primaryimage"},"thumbnailUrl":"https:\/\/stiftungsmarktplatz.eu\/blog\/wp-content\/uploads\/2026\/09\/newsletter-der-skipper01092026.jpg","articleSection":["Des Skippers Heimathafen - das Archiv"],"inLanguage":"de"},{"@type":"WebPage","@id":"https:\/\/stiftungsmarktplatz.eu\/blog\/das-war-the-gatsby-26-das-war-vtfds26-so-wird-sokoms26\/","url":"https:\/\/stiftungsmarktplatz.eu\/blog\/das-war-the-gatsby-26-das-war-vtfds26-so-wird-sokoms26\/","name":"Das war \u201eThe Gatsby 26\u201c +++ Das war VTFDS26 +++ So wird SOKOMS26 - Der Stiftungsblog f\u00fcr die Stiftungspraxis","isPartOf":{"@id":"https:\/\/stiftungsmarktplatz.eu\/blog\/#website"},"primaryImageOfPage":{"@id":"https:\/\/stiftungsmarktplatz.eu\/blog\/das-war-the-gatsby-26-das-war-vtfds26-so-wird-sokoms26\/#primaryimage"},"image":{"@id":"https:\/\/stiftungsmarktplatz.eu\/blog\/das-war-the-gatsby-26-das-war-vtfds26-so-wird-sokoms26\/#primaryimage"},"thumbnailUrl":"https:\/\/stiftungsmarktplatz.eu\/blog\/wp-content\/uploads\/2026\/09\/newsletter-der-skipper01092026.jpg","datePublished":"2026-09-01T09:28:29+00:00","dateModified":"2026-09-01T09:48:19+00:00","description":"Was passiert, wenn viele hundert Milliarden Euro und etliche hundert Milliarden Euro aufeinandertreffen? Wenn Gaby Ur und Hans Christoph Knall aufeinanderprallen?","breadcrumb":{"@id":"https:\/\/stiftungsmarktplatz.eu\/blog\/das-war-the-gatsby-26-das-war-vtfds26-so-wird-sokoms26\/#breadcrumb"},"inLanguage":"de","potentialAction":[{"@type":"ReadAction","target":["https:\/\/stiftungsmarktplatz.eu\/blog\/das-war-the-gatsby-26-das-war-vtfds26-so-wird-sokoms26\/"]}]},{"@type":"ImageObject","inLanguage":"de","@id":"https:\/\/stiftungsmarktplatz.eu\/blog\/das-war-the-gatsby-26-das-war-vtfds26-so-wird-sokoms26\/#primaryimage","url":"https:\/\/stiftungsmarktplatz.eu\/blog\/wp-content\/uploads\/2026\/09\/newsletter-der-skipper01092026.jpg","contentUrl":"https:\/\/stiftungsmarktplatz.eu\/blog\/wp-content\/uploads\/2026\/09\/newsletter-der-skipper01092026.jpg","width":1200,"height":675},{"@type":"BreadcrumbList","@id":"https:\/\/stiftungsmarktplatz.eu\/blog\/das-war-the-gatsby-26-das-war-vtfds26-so-wird-sokoms26\/#breadcrumb","itemListElement":[{"@type":"ListItem","position":1,"name":"Startseite","item":"https:\/\/stiftungsmarktplatz.eu\/blog\/"},{"@type":"ListItem","position":2,"name":"Das war \u201eThe Gatsby 26\u201c +++ Das war VTFDS26 +++ So wird SOKOMS26"}]},{"@type":"WebSite","@id":"https:\/\/stiftungsmarktplatz.eu\/blog\/#website","url":"https:\/\/stiftungsmarktplatz.eu\/blog\/","name":"Der Stiftungsblog f\u00fcr die Stiftungspraxis","description":"#stiftungenst\u00e4rken - NPO-Expertise von NPO-Experten","publisher":{"@id":"https:\/\/stiftungsmarktplatz.eu\/blog\/#organization"},"potentialAction":[{"@type":"SearchAction","target":{"@type":"EntryPoint","urlTemplate":"https:\/\/stiftungsmarktplatz.eu\/blog\/?s={search_term_string}"},"query-input":{"@type":"PropertyValueSpecification","valueRequired":true,"valueName":"search_term_string"}}],"inLanguage":"de"},{"@type":"Organization","@id":"https:\/\/stiftungsmarktplatz.eu\/blog\/#organization","name":"stiftungsmarktplatz.eu GbR","url":"https:\/\/stiftungsmarktplatz.eu\/blog\/","logo":{"@type":"ImageObject","inLanguage":"de","@id":"https:\/\/stiftungsmarktplatz.eu\/blog\/#\/schema\/logo\/image\/","url":"https:\/\/stiftungsmarktplatz.eu\/blog\/wp-content\/uploads\/2020\/03\/Logo-blog-retina.png","contentUrl":"https:\/\/stiftungsmarktplatz.eu\/blog\/wp-content\/uploads\/2020\/03\/Logo-blog-retina.png","width":140,"height":130,"caption":"stiftungsmarktplatz.eu GbR"},"image":{"@id":"https:\/\/stiftungsmarktplatz.eu\/blog\/#\/schema\/logo\/image\/"},"sameAs":["https:\/\/www.linkedin.com\/company\/18563519\/","https:\/\/www.youtube.com\/channel\/UCQrF6RQRFGxTokVV4nbx25Q"]},{"@type":"Person","@id":"https:\/\/stiftungsmarktplatz.eu\/blog\/#\/schema\/person\/3a42780bf87a2088578f1e8077ccfa44","name":"Tobias Karow","image":{"@type":"ImageObject","inLanguage":"de","@id":"https:\/\/stiftungsmarktplatz.eu\/blog\/wp-content\/uploads\/2024\/05\/tobias-karow-2024-150x150.png","url":"https:\/\/stiftungsmarktplatz.eu\/blog\/wp-content\/uploads\/2024\/05\/tobias-karow-2024-150x150.png","contentUrl":"https:\/\/stiftungsmarktplatz.eu\/blog\/wp-content\/uploads\/2024\/05\/tobias-karow-2024-150x150.png","caption":"Tobias Karow"},"description":"ist Gr\u00fcnder und Gesch\u00e4ftsf\u00fchrer von stiftungsmarktplatz.eu und im Stiftungswesen in Deutschland, \u00d6sterreich, der Schweiz und Liechtenstein seit 10 Jahren aktiv. Er ist Herausgeber der FondsFibel f\u00fcr Stiftungen &amp; NPOs, dem f\u00fchrenden Nachschlagewerk f\u00fcr Stiftungsfonds und stiftungsgeeignete Fonds (www.fondsfibel.de), Vortr\u00e4ge h\u00e4lt er vor allem zum Thema \u201aStiftungen und ihr Weg in die digitale Welt\u2018. F\u00fcr beide Themen betreibt er den Blog #stiftungenst\u00e4rken.","sameAs":["https:\/\/www.fondsfibel.de"],"url":"https:\/\/stiftungsmarktplatz.eu\/blog\/author\/tobias-karow\/"}]}},"post_mailing_queue_ids":[],"_links":{"self":[{"href":"https:\/\/stiftungsmarktplatz.eu\/blog\/wp-json\/wp\/v2\/posts\/9847","targetHints":{"allow":["GET"]}}],"collection":[{"href":"https:\/\/stiftungsmarktplatz.eu\/blog\/wp-json\/wp\/v2\/posts"}],"about":[{"href":"https:\/\/stiftungsmarktplatz.eu\/blog\/wp-json\/wp\/v2\/types\/post"}],"author":[{"embeddable":true,"href":"https:\/\/stiftungsmarktplatz.eu\/blog\/wp-json\/wp\/v2\/users\/8"}],"replies":[{"embeddable":true,"href":"https:\/\/stiftungsmarktplatz.eu\/blog\/wp-json\/wp\/v2\/comments?post=9847"}],"version-history":[{"count":15,"href":"https:\/\/stiftungsmarktplatz.eu\/blog\/wp-json\/wp\/v2\/posts\/9847\/revisions"}],"predecessor-version":[{"id":9867,"href":"https:\/\/stiftungsmarktplatz.eu\/blog\/wp-json\/wp\/v2\/posts\/9847\/revisions\/9867"}],"wp:featuredmedia":[{"embeddable":true,"href":"https:\/\/stiftungsmarktplatz.eu\/blog\/wp-json\/wp\/v2\/media\/9865"}],"wp:attachment":[{"href":"https:\/\/stiftungsmarktplatz.eu\/blog\/wp-json\/wp\/v2\/media?parent=9847"}],"wp:term":[{"taxonomy":"category","embeddable":true,"href":"https:\/\/stiftungsmarktplatz.eu\/blog\/wp-json\/wp\/v2\/categories?post=9847"},{"taxonomy":"post_tag","embeddable":true,"href":"https:\/\/stiftungsmarktplatz.eu\/blog\/wp-json\/wp\/v2\/tags?post=9847"}],"curies":[{"name":"wp","href":"https:\/\/api.w.org\/{rel}","templated":true}]}}