{"id":9519,"date":"2026-04-21T13:36:09","date_gmt":"2026-04-21T11:36:09","guid":{"rendered":"https:\/\/stiftungsmarktplatz.eu\/blog\/?p=9519"},"modified":"2026-04-21T13:36:10","modified_gmt":"2026-04-21T11:36:10","slug":"remember-1907","status":"publish","type":"post","link":"https:\/\/stiftungsmarktplatz.eu\/blog\/remember-1907\/","title":{"rendered":"Remember 1907"},"content":{"rendered":"<span class=\"span-reading-time rt-reading-time\" style=\"display: block;\"><span class=\"rt-label rt-prefix\">Lesezeit: <\/span> <span class=\"rt-time\"> 4<\/span> <span class=\"rt-label rt-postfix\">Minuten<\/span><\/span>\n<p><em>Stiftungsverm\u00f6gen anno 2026 anlegen hei\u00dft, sich Gewahr zu sein, in welcher Zeit Stiftungsverm\u00f6gen investiert wird. Das Umfeld, die allgemeine Gemengelage, sie war mal weniger wichtig, heute ist es extrem wichtig zu sehen, <a href=\"https:\/\/vtfds.de\/\" target=\"_blank\" rel=\"noreferrer noopener\">in welchem Umfeld Stiftungsverantwortliche Entscheidungen f\u00fcr das von ihnen treuh\u00e4nderisch betreute Stiftungsverm\u00f6gen treffen<\/a>. Die Historie lehrt, sich beim Investieren der tagesaktuellen Parameter bewusst zu sein.<\/em><\/p>\n\n\n\n<p>Es gibt Analysen, die vergleichen die politischen Geschehnisse mit jenen im Jahr 1914. Historiker weisen darauf hin, dass damals einzelne Ereignisse und politische Interessen immer st\u00e4rker miteinander verflochten wurden \u2013 und an einem Punkt ein Ereignis dazu f\u00fchrte, dass sich die Komplexit\u00e4t der Verflechtungen in einem Krieg entlud: dem Ersten Weltkrieg. Heute sehen wir mehr denn je komplexe internationale Verflechtungen. Ein Ereignis hier kann einen Krieg dort nach sich ziehen, eine Entscheidung hier kann eine wirtschaftliche Folge an anderer Stelle nach sich ziehen. Diese Komplexit\u00e4t trifft zusammen mit einer Welt, in der alte Sicherheiten nichts mehr z\u00e4hlen, in der Partner keine Partner mehr sind, in der Kapitalm\u00e4rkte mit der neuen Erratik der Welt konfrontiert sind. Das Jahr 1914 taugt insofern als Blaupause, als dass damals auch eine Weltordnung zu ihrem Ende kam. Genau das sehen wir in diesen 20er Jahren des 21ten Jahrhunderts auch.<\/p>\n\n\n\n<blockquote class=\"wp-block-quote td_quote_box td_box_center is-layout-flow wp-block-quote-is-layout-flow\">\n<p><strong><em><u>VeranstaltungsTipp:<\/u><\/em><\/strong><em> <\/em><br><em>Am 16ten und 17ten Juni steigt in Leipzig Deutschlands erstes Networking Festival f\u00fcr Stiftungsverm\u00f6gen \u2013 <a href=\"https:\/\/vtfds.de\/\" target=\"_blank\" rel=\"noreferrer noopener\">Informationen zu Programm, Speakern, Tickets und Hintergrund finden Sie auf dem FestivalHub<\/a>.<\/em><\/p>\n\n\n\n<p><\/p>\n<\/blockquote>\n\n\n\n<figure class=\"wp-block-image size-large\"><a href=\"https:\/\/vtfds.de\/\" target=\"_blank\" rel=\" noreferrer noopener\"><img loading=\"lazy\" decoding=\"async\" width=\"1024\" height=\"576\" src=\"https:\/\/stiftungsmarktplatz.eu\/blog\/wp-content\/uploads\/2026\/04\/vtfds26-Am-Fruehstueckstisch-II-1024x576.jpg\" alt=\"vtfds26 Am Fr\u00fchst\u00fcckstisch\" class=\"wp-image-9525\" srcset=\"https:\/\/stiftungsmarktplatz.eu\/blog\/wp-content\/uploads\/2026\/04\/vtfds26-Am-Fruehstueckstisch-II-1024x576.jpg 1024w, https:\/\/stiftungsmarktplatz.eu\/blog\/wp-content\/uploads\/2026\/04\/vtfds26-Am-Fruehstueckstisch-II-300x169.jpg 300w, https:\/\/stiftungsmarktplatz.eu\/blog\/wp-content\/uploads\/2026\/04\/vtfds26-Am-Fruehstueckstisch-II-768x432.jpg 768w, https:\/\/stiftungsmarktplatz.eu\/blog\/wp-content\/uploads\/2026\/04\/vtfds26-Am-Fruehstueckstisch-II-696x392.jpg 696w, https:\/\/stiftungsmarktplatz.eu\/blog\/wp-content\/uploads\/2026\/04\/vtfds26-Am-Fruehstueckstisch-II-1068x601.jpg 1068w, https:\/\/stiftungsmarktplatz.eu\/blog\/wp-content\/uploads\/2026\/04\/vtfds26-Am-Fruehstueckstisch-II.jpg 1200w\" sizes=\"auto, (max-width: 1024px) 100vw, 1024px\" \/><\/a><\/figure>\n\n\n\n<h2 class=\"wp-block-heading\">Was die 1907er Panik f\u00fcr Stiftungsverm\u00f6gen lehrt<\/h2>\n\n\n\n<p>Andererseits war der Ausbruch des Ersten Weltkriegs auch in gewisser Weise Endpunkt einer Entwicklung. Wer f\u00fcr das Stiftungsverm\u00f6gen erst 1914 angefangen h\u00e4tte nachzudenken, w\u00e4re das zu sp\u00e4t dran gewesen. Um aus heutiger Sicht Ableitungen treffen zu k\u00f6nnen, erscheint eher das Jahr 1907 einen Blick wert zu sein, bzw. die folgenden Veranlagungsdekaden. <\/p>\n\n\n\n<p>Vor der 1907er Panik wurde in den USA auch viel \u00fcber Zollthemen gesprochen, was fr\u00fcher oder sp\u00e4ter zu Unsicherheit an den M\u00e4rkten f\u00fchrte. Im Jahr 1903 kam es zu einem kleineren Vorb\u00f6rsenbeben, der Rich Man\u2019s Panic. Gro\u00dfe Unternehmen, damals unter anderem Union Pacific, waren so gro\u00df, dass ihre Aktien oft als Sicherheiten im Wirtschaftskreislauf auftauchten (wir erinnern uns heute an die \u201emagnificient seven\u201c). In der Bankenpanik 1907 dann brachen die Kurse an der Wall Street um 50% ein und f\u00fchrten im Nachgang dazu im Jahr 1913 zur Gr\u00fcndung der US-Notenbank Federal Reserve Bank. Es hie\u00df, das Finanzsystem m\u00fcsse verbessert werden.<\/p>\n\n\n\n<h2 class=\"wp-block-heading\">So wurde Stiftungsverm\u00f6gen in den roaring 20s am besten diversifiziert<\/h2>\n\n\n\n<p><a href=\"https:\/\/stiftungsmarktplatz.eu\/blog\/stiftungsvermoegen-und-die-generation-2prozent\/\" target=\"_blank\" rel=\"noreferrer noopener\">Verm\u00f6gen, dass nach 1907 f\u00fcr 20 Jahre anzulegen war<\/a>, wurde am besten in Gold, in Sachwerten wie Aktien (hier vor alle Value-, also Substanzaktien) und Immobilien sowie in W\u00e4hrungen von L\u00e4ndern mit gesunden fiskalischen wie wirtschaftlichen Parametern. Anleihen waren damals allenfalls zweite Wahl, auch da Kriege ihre Schatten vorauswarfen \u2013 und mit ihnen die Notwendigkeiten, diese qua Ausgabe von Anleihen zu finanzieren. Wir h\u00f6ren heute von Sonderverm\u00f6gen, derlei liest sich im Kern \u00e4hnlich. Eine weitere Periode, die Stiftungen im Hier und Heute vielleicht helfen kann, um Stiftungsverm\u00f6gen auf der H\u00f6he der Zeit zu allokieren, waren die 1970er Jahre.<\/p>\n\n\n\n<h2 class=\"wp-block-heading\">1970er Jahre als Gedankenger\u00fcst f\u00fcr das Managen von Stiftunsgverm\u00f6gen?<\/h2>\n\n\n\n<p>In diesem Jahrzehnt endete das System von Bretton Woods. Eine Parallele zu heute l\u00e4sst sich ziehen, dass wieder ausgehend von den USA Parameter f\u00fcr das globale Wirtschaften ver\u00e4ndert werden. Zudem fallen in dieses Jahrzehnt \u00d6lkrisen (1973\/1974 und 1979\/1980) und das Ende des Vietnamkrieges, in dessen Nachgang die USA von Inflation gebeutelt wurden. Zudem ersch\u00fctterte der Watergate-Skandal das politische Washington, hierzulande bombte sich die RAF ihren Weg in die Schlagzeilen und den \u00f6ffentlichen Diskurs. Als Anleger waren die 70er Jahre ein hartes Brot. Mitte der 70er Jahre sackten die B\u00f6rsen teils deutlich durch, und von diesen R\u00fcckschl\u00e4gen erholte sich die B\u00f6rse 10 Jahre nicht. Also erst 1983 konnten Abschl\u00e4ge aus 1973 und 1974 egalisiert werden. Vielleicht zeigt 2026 im Nachhinein Vorl\u00e4ufer genau solcher markanter R\u00fccksetzer. Stiftungen m\u00fcssten, sofern sich dieses Szenario materialisiert, einige Parameter \u00fcberdenken.<\/p>\n\n\n\n<h2 class=\"wp-block-heading\">Politische Unzuverl\u00e4ssigkeit erzeugt Bewegungswellen bei Inflation, Zinsen und Aktien<\/h2>\n\n\n\n<p>Z\u00f6lle und auch Kriege wirken in der Regel Inflations-treibend, nur ist Inflation wie Zahnpasta, so hatte es der fr\u00fchere Bundesbankpr\u00e4sident Karl Otto P\u00f6hl einmal formuliert. Das klassische Drittel-Theorem kann durchaus eines sein, mit dem Stiftungen f\u00fcr das Management des Stiftungsverm\u00f6gens arbeiten k\u00f6nnten. Demgem\u00e4\u00df wird ein Drittel in Aktien investiert, darauf achtend, eher aktiv als passiv unterwegs zu sein. Denn Indizes k\u00f6nnten im Vergleich zu Portfolien, die fernab des Index best\u00fcckt werden, \u00fcberproportional leiden. Aktiv hei\u00dft hier auch aktiv, also Aktien kaufen und verkaufen, eine Renaissance aktiver Aktienstrategien k\u00f6nnte ante portas stehen, wobei Wachstumsaktien von anderen Aktienkategorien outperformt werden k\u00f6nnten.<\/p>\n\n\n\n<h2 class=\"wp-block-heading\">Stiftungsverm\u00f6gen klassisch anlegen \u2013 und wie noch?<\/h2>\n\n\n\n<p>Ein weiteres Drittel wird in Anleihen investiert, aber so, dass gro\u00dfe Bewegungen vermieden werden. Steigen die Inflationserwartungen, steigen Zinsen, und fallen Anleihekurse, speziell am langen Ende. Wer solche Anleihen meidet, eventuell das Thema W\u00e4hrungen spielt, kann manches richtig machen. Unternehmensanleihen bonit\u00e4tsstarker Emittenten sind hier zudem zu bevorzugen. Nicht zuletzt wird das letzte Drittel gezielt in Sachwerte investiert, deren Takt weniger durch Z\u00f6lle, Kriege und Inflation vorgegeben wird. In den 70er Jahren erlebten sie Kunst und Seltene Konsumg\u00fcter eine erste Preisbl\u00fcte, heute d\u00fcrften das eher Anlagen in Infrastruktur, Forst, Private Equity, Impact-Fonds oder Fonds mit KI-Ansatz sein. <\/p>\n\n\n\n<p>Bei Alternativen Anlagen kann beispielsweise das Feld der Impact-Angebote eine neue Chance bekommen. <a href=\"https:\/\/stiftungsmarktplatz.eu\/blog\/der-fussabdruck-von-stiftungsvermoegen\/\" target=\"_blank\" rel=\"noreferrer noopener\">Denn diese Investments sind wenig mit dem breiten Marktgeschehen korreliert, sie h\u00e4ngen an f\u00fcr das gesellschaftliche Vorankommen gekoppelte Gesch\u00e4ftsmodelle<\/a>. Der Erfolg h\u00e4ngt hier weniger an den \u00e4u\u00dferen Umst\u00e4nden als vielmehr an der Team Power im Inneren des start-ups. Klappt\u2019s, entsteht durch ein Investment ein relevanter Fu\u00dfabdruck. Impact also als Kern des dritten Drittels, das gilt es aus Stiftungssicht zu durchdenken.<\/p>\n\n\n\n<figure class=\"wp-block-image size-large\"><a href=\"https:\/\/vtfds.de\/vtfds2026-ticketkauf\/\" target=\"_blank\" rel=\" noreferrer noopener\"><img loading=\"lazy\" decoding=\"async\" width=\"1024\" height=\"439\" src=\"https:\/\/stiftungsmarktplatz.eu\/blog\/wp-content\/uploads\/2026\/04\/vtfds26-Das-Ticket-1024x439.jpg\" alt=\"vtfds26 - Das Ticket\" class=\"wp-image-9530\" srcset=\"https:\/\/stiftungsmarktplatz.eu\/blog\/wp-content\/uploads\/2026\/04\/vtfds26-Das-Ticket-1024x439.jpg 1024w, https:\/\/stiftungsmarktplatz.eu\/blog\/wp-content\/uploads\/2026\/04\/vtfds26-Das-Ticket-300x129.jpg 300w, https:\/\/stiftungsmarktplatz.eu\/blog\/wp-content\/uploads\/2026\/04\/vtfds26-Das-Ticket-768x329.jpg 768w, https:\/\/stiftungsmarktplatz.eu\/blog\/wp-content\/uploads\/2026\/04\/vtfds26-Das-Ticket-696x298.jpg 696w, https:\/\/stiftungsmarktplatz.eu\/blog\/wp-content\/uploads\/2026\/04\/vtfds26-Das-Ticket-1068x457.jpg 1068w, https:\/\/stiftungsmarktplatz.eu\/blog\/wp-content\/uploads\/2026\/04\/vtfds26-Das-Ticket.jpg 1200w\" sizes=\"auto, (max-width: 1024px) 100vw, 1024px\" \/><\/a><\/figure>\n\n\n\n<h2 class=\"wp-block-heading\">Zusammengefasst<\/h2>\n\n\n\n<p>Die Gemengelage anno 2026 darf durchaus als hochgradig komplexe beschrieben werden, um Stiftungsverm\u00f6gen zeitlos wie zeitgem\u00e4\u00df, diversifiziert, sachgerecht anzulegen. Gerade das Setzen des Anlageziels, das Anpassen des Anlagekonzepts, das finden geeigneter Anlageuniversen, das alles macht die Sache zu einer nicht einfachen Aufgabe, die aber erf\u00fcllt werden muss. Denn so erratisch, unberechenbar und alte Sicherheiten \u00fcber Bord werfend das derzeitige Umfeld auch sein mag, so unsicher das Drumherum ist, so sicher ist es, dass das auf ewig vergebene Steuerprivileg nur durch ordentliche Ertr\u00e4ge verdient werden kann. Gleichzeitig gibt es keinen Grund, vor der Aufgabe zu kapitulieren. Geschichte mag sich nicht wiederholen, sondern reimen, wie Mark Twain es niederschrieb, aber vor allem l\u00e4sst sich aus ihr eines: lernen.<br><\/p>\n","protected":false},"excerpt":{"rendered":"<p><span class=\"span-reading-time rt-reading-time\" style=\"display: block;\"><span class=\"rt-label rt-prefix\">Lesezeit: <\/span> <span class=\"rt-time\"> 4<\/span> <span class=\"rt-label rt-postfix\">Minuten<\/span><\/span>Stiftungsverm\u00f6gen anno 2026 anlegen hei\u00dft, sich Gewahr zu sein, in welcher Zeit Stiftungsverm\u00f6gen investiert wird. Das Umfeld, die allgemeine Gemengelage, sie war mal weniger wichtig, heute ist es extrem wichtig zu sehen, in welchem Umfeld Stiftungsverantwortliche Entscheidungen f\u00fcr das von ihnen treuh\u00e4nderisch betreute Stiftungsverm\u00f6gen treffen. Die Historie lehrt, sich beim Investieren der tagesaktuellen Parameter bewusst zu sein.<\/p>\n","protected":false},"author":8,"featured_media":9520,"comment_status":"closed","ping_status":"open","sticky":false,"template":"","format":"standard","meta":{"ngg_post_thumbnail":0,"footnotes":""},"categories":[5],"tags":[27,28,71,263],"class_list":{"0":"post-9519","1":"post","2":"type-post","3":"status-publish","4":"format-standard","5":"has-post-thumbnail","7":"category-stiftungsvermoegen-und-stiftungsfonds","8":"tag-stiftungsvermoegen","9":"tag-kapitalanlage","10":"tag-kapitalerhalt","11":"tag-vtfds"},"yoast_head":"<!-- This site is optimized with the Yoast SEO plugin v27.4 - https:\/\/yoast.com\/product\/yoast-seo-wordpress\/ -->\n<title>Remember 1907 - Der Stiftungsblog f\u00fcr die Stiftungspraxis<\/title>\n<meta name=\"description\" content=\"Stiftungsverm\u00f6gen anno 2026 anlegen hei\u00dft, sich Gewahr zu sein, in welcher Zeit Stiftungsverm\u00f6gen investiert wird. Das Umfeld, die allgemeine Gemengelage, sie war mal weniger wichtig, heute ist es extrem wichtig zu sehen, in welchem Umfeld\" \/>\n<meta name=\"robots\" content=\"index, follow, max-snippet:-1, max-image-preview:large, max-video-preview:-1\" \/>\n<link rel=\"canonical\" href=\"https:\/\/stiftungsmarktplatz.eu\/blog\/remember-1907\/\" \/>\n<meta property=\"og:locale\" content=\"de_DE\" \/>\n<meta property=\"og:type\" content=\"article\" \/>\n<meta property=\"og:title\" content=\"Remember 1907 - Der Stiftungsblog f\u00fcr die Stiftungspraxis\" \/>\n<meta property=\"og:description\" content=\"Stiftungsverm\u00f6gen anno 2026 anlegen hei\u00dft, sich Gewahr zu sein, in welcher Zeit Stiftungsverm\u00f6gen investiert wird. Das Umfeld, die allgemeine Gemengelage, sie war mal weniger wichtig, heute ist es extrem wichtig zu sehen, in welchem Umfeld\" \/>\n<meta property=\"og:url\" content=\"https:\/\/stiftungsmarktplatz.eu\/blog\/remember-1907\/\" \/>\n<meta property=\"og:site_name\" content=\"Der Stiftungsblog f\u00fcr die Stiftungspraxis\" \/>\n<meta property=\"article:published_time\" content=\"2026-04-21T11:36:09+00:00\" \/>\n<meta property=\"article:modified_time\" content=\"2026-04-21T11:36:10+00:00\" \/>\n<meta property=\"og:image\" content=\"https:\/\/stiftungsmarktplatz.eu\/blog\/wp-content\/uploads\/2026\/04\/Remember1907.jpg\" \/>\n\t<meta property=\"og:image:width\" content=\"1200\" \/>\n\t<meta property=\"og:image:height\" content=\"675\" \/>\n\t<meta property=\"og:image:type\" content=\"image\/jpeg\" \/>\n<meta name=\"author\" content=\"Tobias Karow\" \/>\n<meta name=\"twitter:card\" content=\"summary_large_image\" \/>\n<meta name=\"twitter:label1\" content=\"Verfasst von\" \/>\n\t<meta name=\"twitter:data1\" content=\"Tobias Karow\" \/>\n\t<meta name=\"twitter:label2\" content=\"Gesch\u00e4tzte Lesezeit\" \/>\n\t<meta name=\"twitter:data2\" content=\"7\u00a0Minuten\" \/>\n<script type=\"application\/ld+json\" class=\"yoast-schema-graph\">{\"@context\":\"https:\\\/\\\/schema.org\",\"@graph\":[{\"@type\":\"Article\",\"@id\":\"https:\\\/\\\/stiftungsmarktplatz.eu\\\/blog\\\/remember-1907\\\/#article\",\"isPartOf\":{\"@id\":\"https:\\\/\\\/stiftungsmarktplatz.eu\\\/blog\\\/remember-1907\\\/\"},\"author\":{\"name\":\"Tobias Karow\",\"@id\":\"https:\\\/\\\/stiftungsmarktplatz.eu\\\/blog\\\/#\\\/schema\\\/person\\\/3a42780bf87a2088578f1e8077ccfa44\"},\"headline\":\"Remember 1907\",\"datePublished\":\"2026-04-21T11:36:09+00:00\",\"dateModified\":\"2026-04-21T11:36:10+00:00\",\"mainEntityOfPage\":{\"@id\":\"https:\\\/\\\/stiftungsmarktplatz.eu\\\/blog\\\/remember-1907\\\/\"},\"wordCount\":1106,\"publisher\":{\"@id\":\"https:\\\/\\\/stiftungsmarktplatz.eu\\\/blog\\\/#organization\"},\"image\":{\"@id\":\"https:\\\/\\\/stiftungsmarktplatz.eu\\\/blog\\\/remember-1907\\\/#primaryimage\"},\"thumbnailUrl\":\"https:\\\/\\\/stiftungsmarktplatz.eu\\\/blog\\\/wp-content\\\/uploads\\\/2026\\\/04\\\/Remember1907.jpg\",\"keywords\":[\"Stiftungsverm\u00f6gen\",\"Kapitalanlage\",\"Kapitalerhalt\",\"vtfds\"],\"articleSection\":[\"Stiftungsverm\u00f6gen &amp; Stiftungsfonds\"],\"inLanguage\":\"de\"},{\"@type\":\"WebPage\",\"@id\":\"https:\\\/\\\/stiftungsmarktplatz.eu\\\/blog\\\/remember-1907\\\/\",\"url\":\"https:\\\/\\\/stiftungsmarktplatz.eu\\\/blog\\\/remember-1907\\\/\",\"name\":\"Remember 1907 - Der Stiftungsblog f\u00fcr die Stiftungspraxis\",\"isPartOf\":{\"@id\":\"https:\\\/\\\/stiftungsmarktplatz.eu\\\/blog\\\/#website\"},\"primaryImageOfPage\":{\"@id\":\"https:\\\/\\\/stiftungsmarktplatz.eu\\\/blog\\\/remember-1907\\\/#primaryimage\"},\"image\":{\"@id\":\"https:\\\/\\\/stiftungsmarktplatz.eu\\\/blog\\\/remember-1907\\\/#primaryimage\"},\"thumbnailUrl\":\"https:\\\/\\\/stiftungsmarktplatz.eu\\\/blog\\\/wp-content\\\/uploads\\\/2026\\\/04\\\/Remember1907.jpg\",\"datePublished\":\"2026-04-21T11:36:09+00:00\",\"dateModified\":\"2026-04-21T11:36:10+00:00\",\"description\":\"Stiftungsverm\u00f6gen anno 2026 anlegen hei\u00dft, sich Gewahr zu sein, in welcher Zeit Stiftungsverm\u00f6gen investiert wird. Das Umfeld, die allgemeine Gemengelage, sie war mal weniger wichtig, heute ist es extrem wichtig zu sehen, in welchem Umfeld\",\"breadcrumb\":{\"@id\":\"https:\\\/\\\/stiftungsmarktplatz.eu\\\/blog\\\/remember-1907\\\/#breadcrumb\"},\"inLanguage\":\"de\",\"potentialAction\":[{\"@type\":\"ReadAction\",\"target\":[\"https:\\\/\\\/stiftungsmarktplatz.eu\\\/blog\\\/remember-1907\\\/\"]}]},{\"@type\":\"ImageObject\",\"inLanguage\":\"de\",\"@id\":\"https:\\\/\\\/stiftungsmarktplatz.eu\\\/blog\\\/remember-1907\\\/#primaryimage\",\"url\":\"https:\\\/\\\/stiftungsmarktplatz.eu\\\/blog\\\/wp-content\\\/uploads\\\/2026\\\/04\\\/Remember1907.jpg\",\"contentUrl\":\"https:\\\/\\\/stiftungsmarktplatz.eu\\\/blog\\\/wp-content\\\/uploads\\\/2026\\\/04\\\/Remember1907.jpg\",\"width\":1200,\"height\":675,\"caption\":\"Remember 1907\"},{\"@type\":\"BreadcrumbList\",\"@id\":\"https:\\\/\\\/stiftungsmarktplatz.eu\\\/blog\\\/remember-1907\\\/#breadcrumb\",\"itemListElement\":[{\"@type\":\"ListItem\",\"position\":1,\"name\":\"Startseite\",\"item\":\"https:\\\/\\\/stiftungsmarktplatz.eu\\\/blog\\\/\"},{\"@type\":\"ListItem\",\"position\":2,\"name\":\"Remember 1907\"}]},{\"@type\":\"WebSite\",\"@id\":\"https:\\\/\\\/stiftungsmarktplatz.eu\\\/blog\\\/#website\",\"url\":\"https:\\\/\\\/stiftungsmarktplatz.eu\\\/blog\\\/\",\"name\":\"Der Stiftungsblog f\u00fcr die Stiftungspraxis\",\"description\":\"#stiftungenst\u00e4rken - NPO-Expertise von NPO-Experten\",\"publisher\":{\"@id\":\"https:\\\/\\\/stiftungsmarktplatz.eu\\\/blog\\\/#organization\"},\"potentialAction\":[{\"@type\":\"SearchAction\",\"target\":{\"@type\":\"EntryPoint\",\"urlTemplate\":\"https:\\\/\\\/stiftungsmarktplatz.eu\\\/blog\\\/?s={search_term_string}\"},\"query-input\":{\"@type\":\"PropertyValueSpecification\",\"valueRequired\":true,\"valueName\":\"search_term_string\"}}],\"inLanguage\":\"de\"},{\"@type\":\"Organization\",\"@id\":\"https:\\\/\\\/stiftungsmarktplatz.eu\\\/blog\\\/#organization\",\"name\":\"stiftungsmarktplatz.eu GbR\",\"url\":\"https:\\\/\\\/stiftungsmarktplatz.eu\\\/blog\\\/\",\"logo\":{\"@type\":\"ImageObject\",\"inLanguage\":\"de\",\"@id\":\"https:\\\/\\\/stiftungsmarktplatz.eu\\\/blog\\\/#\\\/schema\\\/logo\\\/image\\\/\",\"url\":\"https:\\\/\\\/stiftungsmarktplatz.eu\\\/blog\\\/wp-content\\\/uploads\\\/2020\\\/03\\\/Logo-blog-retina.png\",\"contentUrl\":\"https:\\\/\\\/stiftungsmarktplatz.eu\\\/blog\\\/wp-content\\\/uploads\\\/2020\\\/03\\\/Logo-blog-retina.png\",\"width\":140,\"height\":130,\"caption\":\"stiftungsmarktplatz.eu GbR\"},\"image\":{\"@id\":\"https:\\\/\\\/stiftungsmarktplatz.eu\\\/blog\\\/#\\\/schema\\\/logo\\\/image\\\/\"},\"sameAs\":[\"https:\\\/\\\/www.linkedin.com\\\/company\\\/18563519\\\/\",\"https:\\\/\\\/www.youtube.com\\\/channel\\\/UCQrF6RQRFGxTokVV4nbx25Q\"]},{\"@type\":\"Person\",\"@id\":\"https:\\\/\\\/stiftungsmarktplatz.eu\\\/blog\\\/#\\\/schema\\\/person\\\/3a42780bf87a2088578f1e8077ccfa44\",\"name\":\"Tobias Karow\",\"image\":{\"@type\":\"ImageObject\",\"inLanguage\":\"de\",\"@id\":\"https:\\\/\\\/stiftungsmarktplatz.eu\\\/blog\\\/wp-content\\\/uploads\\\/2024\\\/05\\\/tobias-karow-2024-150x150.png\",\"url\":\"https:\\\/\\\/stiftungsmarktplatz.eu\\\/blog\\\/wp-content\\\/uploads\\\/2024\\\/05\\\/tobias-karow-2024-150x150.png\",\"contentUrl\":\"https:\\\/\\\/stiftungsmarktplatz.eu\\\/blog\\\/wp-content\\\/uploads\\\/2024\\\/05\\\/tobias-karow-2024-150x150.png\",\"caption\":\"Tobias Karow\"},\"description\":\"ist Gr\u00fcnder und Gesch\u00e4ftsf\u00fchrer von stiftungsmarktplatz.eu und im Stiftungswesen in Deutschland, \u00d6sterreich, der Schweiz und Liechtenstein seit 10 Jahren aktiv. Er ist Herausgeber der FondsFibel f\u00fcr Stiftungen &amp; NPOs, dem f\u00fchrenden Nachschlagewerk f\u00fcr Stiftungsfonds und stiftungsgeeignete Fonds (www.fondsfibel.de), Vortr\u00e4ge h\u00e4lt er vor allem zum Thema \u201aStiftungen und ihr Weg in die digitale Welt\u2018. F\u00fcr beide Themen betreibt er den Blog #stiftungenst\u00e4rken.\",\"sameAs\":[\"https:\\\/\\\/www.fondsfibel.de\"],\"url\":\"https:\\\/\\\/stiftungsmarktplatz.eu\\\/blog\\\/author\\\/tobias-karow\\\/\"}]}<\/script>\n<!-- \/ Yoast SEO plugin. -->","yoast_head_json":{"title":"Remember 1907 - Der Stiftungsblog f\u00fcr die Stiftungspraxis","description":"Stiftungsverm\u00f6gen anno 2026 anlegen hei\u00dft, sich Gewahr zu sein, in welcher Zeit Stiftungsverm\u00f6gen investiert wird. Das Umfeld, die allgemeine Gemengelage, sie war mal weniger wichtig, heute ist es extrem wichtig zu sehen, in welchem Umfeld","robots":{"index":"index","follow":"follow","max-snippet":"max-snippet:-1","max-image-preview":"max-image-preview:large","max-video-preview":"max-video-preview:-1"},"canonical":"https:\/\/stiftungsmarktplatz.eu\/blog\/remember-1907\/","og_locale":"de_DE","og_type":"article","og_title":"Remember 1907 - Der Stiftungsblog f\u00fcr die Stiftungspraxis","og_description":"Stiftungsverm\u00f6gen anno 2026 anlegen hei\u00dft, sich Gewahr zu sein, in welcher Zeit Stiftungsverm\u00f6gen investiert wird. Das Umfeld, die allgemeine Gemengelage, sie war mal weniger wichtig, heute ist es extrem wichtig zu sehen, in welchem Umfeld","og_url":"https:\/\/stiftungsmarktplatz.eu\/blog\/remember-1907\/","og_site_name":"Der Stiftungsblog f\u00fcr die Stiftungspraxis","article_published_time":"2026-04-21T11:36:09+00:00","article_modified_time":"2026-04-21T11:36:10+00:00","og_image":[{"width":1200,"height":675,"url":"https:\/\/stiftungsmarktplatz.eu\/blog\/wp-content\/uploads\/2026\/04\/Remember1907.jpg","type":"image\/jpeg"}],"author":"Tobias Karow","twitter_card":"summary_large_image","twitter_misc":{"Verfasst von":"Tobias Karow","Gesch\u00e4tzte Lesezeit":"7\u00a0Minuten"},"schema":{"@context":"https:\/\/schema.org","@graph":[{"@type":"Article","@id":"https:\/\/stiftungsmarktplatz.eu\/blog\/remember-1907\/#article","isPartOf":{"@id":"https:\/\/stiftungsmarktplatz.eu\/blog\/remember-1907\/"},"author":{"name":"Tobias Karow","@id":"https:\/\/stiftungsmarktplatz.eu\/blog\/#\/schema\/person\/3a42780bf87a2088578f1e8077ccfa44"},"headline":"Remember 1907","datePublished":"2026-04-21T11:36:09+00:00","dateModified":"2026-04-21T11:36:10+00:00","mainEntityOfPage":{"@id":"https:\/\/stiftungsmarktplatz.eu\/blog\/remember-1907\/"},"wordCount":1106,"publisher":{"@id":"https:\/\/stiftungsmarktplatz.eu\/blog\/#organization"},"image":{"@id":"https:\/\/stiftungsmarktplatz.eu\/blog\/remember-1907\/#primaryimage"},"thumbnailUrl":"https:\/\/stiftungsmarktplatz.eu\/blog\/wp-content\/uploads\/2026\/04\/Remember1907.jpg","keywords":["Stiftungsverm\u00f6gen","Kapitalanlage","Kapitalerhalt","vtfds"],"articleSection":["Stiftungsverm\u00f6gen &amp; Stiftungsfonds"],"inLanguage":"de"},{"@type":"WebPage","@id":"https:\/\/stiftungsmarktplatz.eu\/blog\/remember-1907\/","url":"https:\/\/stiftungsmarktplatz.eu\/blog\/remember-1907\/","name":"Remember 1907 - Der Stiftungsblog f\u00fcr die Stiftungspraxis","isPartOf":{"@id":"https:\/\/stiftungsmarktplatz.eu\/blog\/#website"},"primaryImageOfPage":{"@id":"https:\/\/stiftungsmarktplatz.eu\/blog\/remember-1907\/#primaryimage"},"image":{"@id":"https:\/\/stiftungsmarktplatz.eu\/blog\/remember-1907\/#primaryimage"},"thumbnailUrl":"https:\/\/stiftungsmarktplatz.eu\/blog\/wp-content\/uploads\/2026\/04\/Remember1907.jpg","datePublished":"2026-04-21T11:36:09+00:00","dateModified":"2026-04-21T11:36:10+00:00","description":"Stiftungsverm\u00f6gen anno 2026 anlegen hei\u00dft, sich Gewahr zu sein, in welcher Zeit Stiftungsverm\u00f6gen investiert wird. Das Umfeld, die allgemeine Gemengelage, sie war mal weniger wichtig, heute ist es extrem wichtig zu sehen, in welchem Umfeld","breadcrumb":{"@id":"https:\/\/stiftungsmarktplatz.eu\/blog\/remember-1907\/#breadcrumb"},"inLanguage":"de","potentialAction":[{"@type":"ReadAction","target":["https:\/\/stiftungsmarktplatz.eu\/blog\/remember-1907\/"]}]},{"@type":"ImageObject","inLanguage":"de","@id":"https:\/\/stiftungsmarktplatz.eu\/blog\/remember-1907\/#primaryimage","url":"https:\/\/stiftungsmarktplatz.eu\/blog\/wp-content\/uploads\/2026\/04\/Remember1907.jpg","contentUrl":"https:\/\/stiftungsmarktplatz.eu\/blog\/wp-content\/uploads\/2026\/04\/Remember1907.jpg","width":1200,"height":675,"caption":"Remember 1907"},{"@type":"BreadcrumbList","@id":"https:\/\/stiftungsmarktplatz.eu\/blog\/remember-1907\/#breadcrumb","itemListElement":[{"@type":"ListItem","position":1,"name":"Startseite","item":"https:\/\/stiftungsmarktplatz.eu\/blog\/"},{"@type":"ListItem","position":2,"name":"Remember 1907"}]},{"@type":"WebSite","@id":"https:\/\/stiftungsmarktplatz.eu\/blog\/#website","url":"https:\/\/stiftungsmarktplatz.eu\/blog\/","name":"Der Stiftungsblog f\u00fcr die Stiftungspraxis","description":"#stiftungenst\u00e4rken - NPO-Expertise von NPO-Experten","publisher":{"@id":"https:\/\/stiftungsmarktplatz.eu\/blog\/#organization"},"potentialAction":[{"@type":"SearchAction","target":{"@type":"EntryPoint","urlTemplate":"https:\/\/stiftungsmarktplatz.eu\/blog\/?s={search_term_string}"},"query-input":{"@type":"PropertyValueSpecification","valueRequired":true,"valueName":"search_term_string"}}],"inLanguage":"de"},{"@type":"Organization","@id":"https:\/\/stiftungsmarktplatz.eu\/blog\/#organization","name":"stiftungsmarktplatz.eu GbR","url":"https:\/\/stiftungsmarktplatz.eu\/blog\/","logo":{"@type":"ImageObject","inLanguage":"de","@id":"https:\/\/stiftungsmarktplatz.eu\/blog\/#\/schema\/logo\/image\/","url":"https:\/\/stiftungsmarktplatz.eu\/blog\/wp-content\/uploads\/2020\/03\/Logo-blog-retina.png","contentUrl":"https:\/\/stiftungsmarktplatz.eu\/blog\/wp-content\/uploads\/2020\/03\/Logo-blog-retina.png","width":140,"height":130,"caption":"stiftungsmarktplatz.eu GbR"},"image":{"@id":"https:\/\/stiftungsmarktplatz.eu\/blog\/#\/schema\/logo\/image\/"},"sameAs":["https:\/\/www.linkedin.com\/company\/18563519\/","https:\/\/www.youtube.com\/channel\/UCQrF6RQRFGxTokVV4nbx25Q"]},{"@type":"Person","@id":"https:\/\/stiftungsmarktplatz.eu\/blog\/#\/schema\/person\/3a42780bf87a2088578f1e8077ccfa44","name":"Tobias Karow","image":{"@type":"ImageObject","inLanguage":"de","@id":"https:\/\/stiftungsmarktplatz.eu\/blog\/wp-content\/uploads\/2024\/05\/tobias-karow-2024-150x150.png","url":"https:\/\/stiftungsmarktplatz.eu\/blog\/wp-content\/uploads\/2024\/05\/tobias-karow-2024-150x150.png","contentUrl":"https:\/\/stiftungsmarktplatz.eu\/blog\/wp-content\/uploads\/2024\/05\/tobias-karow-2024-150x150.png","caption":"Tobias Karow"},"description":"ist Gr\u00fcnder und Gesch\u00e4ftsf\u00fchrer von stiftungsmarktplatz.eu und im Stiftungswesen in Deutschland, \u00d6sterreich, der Schweiz und Liechtenstein seit 10 Jahren aktiv. Er ist Herausgeber der FondsFibel f\u00fcr Stiftungen &amp; NPOs, dem f\u00fchrenden Nachschlagewerk f\u00fcr Stiftungsfonds und stiftungsgeeignete Fonds (www.fondsfibel.de), Vortr\u00e4ge h\u00e4lt er vor allem zum Thema \u201aStiftungen und ihr Weg in die digitale Welt\u2018. F\u00fcr beide Themen betreibt er den Blog #stiftungenst\u00e4rken.","sameAs":["https:\/\/www.fondsfibel.de"],"url":"https:\/\/stiftungsmarktplatz.eu\/blog\/author\/tobias-karow\/"}]}},"post_mailing_queue_ids":[],"_links":{"self":[{"href":"https:\/\/stiftungsmarktplatz.eu\/blog\/wp-json\/wp\/v2\/posts\/9519","targetHints":{"allow":["GET"]}}],"collection":[{"href":"https:\/\/stiftungsmarktplatz.eu\/blog\/wp-json\/wp\/v2\/posts"}],"about":[{"href":"https:\/\/stiftungsmarktplatz.eu\/blog\/wp-json\/wp\/v2\/types\/post"}],"author":[{"embeddable":true,"href":"https:\/\/stiftungsmarktplatz.eu\/blog\/wp-json\/wp\/v2\/users\/8"}],"replies":[{"embeddable":true,"href":"https:\/\/stiftungsmarktplatz.eu\/blog\/wp-json\/wp\/v2\/comments?post=9519"}],"version-history":[{"count":12,"href":"https:\/\/stiftungsmarktplatz.eu\/blog\/wp-json\/wp\/v2\/posts\/9519\/revisions"}],"predecessor-version":[{"id":9536,"href":"https:\/\/stiftungsmarktplatz.eu\/blog\/wp-json\/wp\/v2\/posts\/9519\/revisions\/9536"}],"wp:featuredmedia":[{"embeddable":true,"href":"https:\/\/stiftungsmarktplatz.eu\/blog\/wp-json\/wp\/v2\/media\/9520"}],"wp:attachment":[{"href":"https:\/\/stiftungsmarktplatz.eu\/blog\/wp-json\/wp\/v2\/media?parent=9519"}],"wp:term":[{"taxonomy":"category","embeddable":true,"href":"https:\/\/stiftungsmarktplatz.eu\/blog\/wp-json\/wp\/v2\/categories?post=9519"},{"taxonomy":"post_tag","embeddable":true,"href":"https:\/\/stiftungsmarktplatz.eu\/blog\/wp-json\/wp\/v2\/tags?post=9519"}],"curies":[{"name":"wp","href":"https:\/\/api.w.org\/{rel}","templated":true}]}}