{"id":9232,"date":"2025-12-11T10:46:58","date_gmt":"2025-12-11T09:46:58","guid":{"rendered":"https:\/\/stiftungsmarktplatz.eu\/blog\/?p=9232"},"modified":"2025-12-11T10:48:05","modified_gmt":"2025-12-11T09:48:05","slug":"die-lage-performance-stimmt-allmaehlichkeitsschaden-droht","status":"publish","type":"post","link":"https:\/\/stiftungsmarktplatz.eu\/blog\/die-lage-performance-stimmt-allmaehlichkeitsschaden-droht\/","title":{"rendered":"Die Lage: Performance stimmt, Allm\u00e4hlichkeitsschaden droht"},"content":{"rendered":"<span class=\"span-reading-time rt-reading-time\" style=\"display: block;\"><span class=\"rt-label rt-prefix\">Lesezeit: <\/span> <span class=\"rt-time\"> 5<\/span> <span class=\"rt-label rt-postfix\">Minuten<\/span><\/span>\n<p><strong>Liebe Stiftungsbegeisterte,<\/strong><\/p>\n\n\n\n<p>Staffel\u00fcbergabe bei der Post von fondsfibel.de: Beginnend mit dieser Ausgabe \u00fcbernehme ich die angenehme Aufgabe, rund um die Verm\u00f6gensanlage von Stiftungen zu berichten. Interessante Fonds, neue Investmentideen, Tipps rund um die Verm\u00f6gensanlage und nat\u00fcrlich der eine oder andere warnende Fingerzeig erwartet Sie.<\/p>\n\n\n\n<p>Lassen Sie mich bitte gerne wissen, welche Themen Sie bei der Verm\u00f6gensanlage besonders umtreiben: <a href=\"mailto:s.preuss@stiftungsmarktplatz.eu\">s.preuss@stiftungsmarktplatz.eu<\/a>.<\/p>\n\n\n\n<h2 class=\"wp-block-heading\">Stiftungsfonds Spiekermann liefert<\/h2>\n\n\n\n<p>Wenn nun zudem der Weltenlauf weiterhin viel zu viele negative Schlagzeilen produziert, ist es umso wichtiger, das Positive hervorzuheben. Fangen wir damit bei einem Urgestein unseres \u201eClub der 25\u201c an: Der <strong><a href=\"https:\/\/fondsfibel.de\/spiekermann-stiftungsfonds\/\" target=\"_blank\" rel=\"noreferrer noopener\">Stiftungsfonds Spiekermann &amp; CO<\/a> <\/strong>hat jetzt zum 5. Mal in Folge die Aussch\u00fcttung erh\u00f6ht, und zwar auf 3,10 Euro je Anteil (Vorjahr: 3,05 Euro). Das entspricht einer Aussch\u00fcttungsrendite von ca. 3,2%. Die Wertentwicklung des \u00fcberwiegend in Anleihen investierten Mischfonds lag zum Stichtag 30. September 2025 bei +6,5%. Seit Auflegung summiert sich die Gesamtrendite, einschlie\u00dflich aller Aussch\u00fcttungen, auf +53,9%. \u201eDamit haben wir uns \u00fcber die Jahre hinweg sowohl im laufenden Jahr als auch langfristig sp\u00fcrbar besser entwickelt als unsere Vergleichsgruppe \u201eMischfonds defensiv Global\u201c betont Faondsmanger Mirko Kohlbrecher. Wesentliche Gr\u00fcnde f\u00fcr diese Entwicklung liegen demnach in einer sorgf\u00e4ltigen und prozessorientierten Auswahl von Anleihen und Aktien, erg\u00e4nzt durch eine gezielte und ma\u00dfvolle Goldposition.<\/p>\n\n\n\n<p><strong>Wichtig:<\/strong> Seit Auflegung des Fonds im Jahr 2010 ist keine einzige Anleihe im Bestand ausgefallen. \u201eF\u00fcr die kommenden Jahre stimmt uns die Struktur unseres Portfolios zuversichtlich. Die durchschnittliche Restverzinsung der im Fonds enthaltenen Anleihen liegt aktuell bei rund 3,6% p.a. bei einer Bindungsdauer von etwas \u00fcber drei Jahren. Eine solide Basis f\u00fcr zuk\u00fcnftige Ertr\u00e4ge \u2013 und ein Fundament, um auch k\u00fcnftig stabile oder leicht steigende Aussch\u00fcttungen sicherzustellen. Zudem bleibt die R\u00fccklage f\u00fcr zuk\u00fcnftige Aussch\u00fcttungen unver\u00e4ndert gut ausgestattet\u201c betont das Fondsmanagement.<\/p>\n\n\n\n<h2 class=\"wp-block-heading\">Lupus alpha Investment Fokus<\/h2>\n\n\n\n<p>Bleiben wir noch bei den guten Nachrichten: Auch der<strong><a href=\"https:\/\/fondsfibel.de\/lupus-alpha-clo-high-quality-invest-a\/\" target=\"_blank\" rel=\"noreferrer noopener\">Lupus alpha CLO High Quality Invest<\/a><\/strong> aus unserer Vorschlagsliste \u201eDie Alternativen\u201c entwickelt sich pr\u00e4chtig und notiert nahe Allzeithoch. Nachdem im Dezember 2024 bereits 4,36 EUR pro Anteil ausgesch\u00fcttet worden waren deutet sich auch hier f\u00fcr den Dezember wieder eine Aussch\u00fcttungsrendite sp\u00fcrbar oberhalb von 4% an.<\/p>\n\n\n\n<p>Wie die Experten von Lupus alpha und hochkar\u00e4tige G\u00e4ste die Lage sehen wurde w\u00e4hrend des <a href=\"https:\/\/www.la-investment-fokus.de\/\" target=\"_blank\" rel=\"noreferrer noopener\">Lupus alpha Investment Fokus<\/a> am 6. November diskutiert.<\/p>\n\n\n\n<p>Wir waren wieder dabei und haben die Informationen aus Sicht von Stiftungen analysiert und bewertet \u2013 <a href=\"https:\/\/stiftungsmarktplatz.eu\/blog\/wie-profis-den-markt-sehen\/\" target=\"_blank\" rel=\"noreferrer noopener\"><strong>hier ist der Bericht<\/strong><\/a><\/p>\n\n\n\n<h2 class=\"wp-block-heading\">Allm\u00e4hlichkeitsschaden bei US-Treasuries<\/h2>\n\n\n\n<p>Auf dem Blog k\u00f6nnen Sie auch eine aktuelle Analyse finden, die die sich abzeichnenden Risiken bei US-Staatsanleihen thematisiert: So wie die schimmelige Wand hinter der Sp\u00fcle teilweise erst nach Jahren auff\u00e4llt, weil es \u00fcber einen sehr langen Zeitraum getr\u00f6pfelt hatte, so sind US-Haushalt und Institutionen einem stetig h\u00f6hlendem Tropfen ausgesetzt. Die USA und Pleite? Nein, aber wenn die Anleger das Vertrauen verlieren wird es h\u00e4sslich. Wie h\u00e4sslich, lesen Sie <a href=\"https:\/\/stiftungsmarktplatz.eu\/blog\/allmaehlichkeitsschaden-am-anleihemarkt\/\" target=\"_blank\" rel=\"noreferrer noopener\"><strong>hier<\/strong><\/a>.<\/p>\n\n\n\n<figure class=\"wp-block-image size-full\"><a href=\"https:\/\/fondsfibel.de\/\" target=\"_blank\" rel=\" noreferrer noopener\"><img loading=\"lazy\" decoding=\"async\" width=\"600\" height=\"747\" src=\"https:\/\/stiftungsmarktplatz.eu\/blog\/wp-content\/uploads\/2025\/06\/fondsfibel-usp.png\" alt=\"FondsFibel\" class=\"wp-image-8720\" srcset=\"https:\/\/stiftungsmarktplatz.eu\/blog\/wp-content\/uploads\/2025\/06\/fondsfibel-usp.png 600w, https:\/\/stiftungsmarktplatz.eu\/blog\/wp-content\/uploads\/2025\/06\/fondsfibel-usp-241x300.png 241w\" sizes=\"auto, (max-width: 600px) 100vw, 600px\" \/><\/a><\/figure>\n\n\n\n<h2 class=\"wp-block-heading\">Neuer Fonds im Club der 25<\/h2>\n\n\n\n<p>Mit dem <a href=\"https:\/\/fondsfibel.de\/lf-mfi-rendite-plus-ui\/\" target=\"_blank\" rel=\"noreferrer noopener\"><strong>MFI Rendite Plus<\/strong><\/a> haben wir einen neuen Fonds in den Club der 25 aufgenommen. Wir finden den Ansatz inklusive Options-Overlay f\u00fcr Stiftungen sehr passend und die handwerkliche Umsetzung sehr gelungen. Die j\u00fcngsten Entscheidungen von Fondsmanager Johann Peter Ro\u00dfgoderer haben den Fonds auf ein neues Alltime High gef\u00fchrt.<\/p>\n\n\n\n<h2 class=\"wp-block-heading\">ESG \u2013 war da mal was?<\/h2>\n\n\n\n<p>Seit dem zwischenzeitlichen Kursrevival der \u00d6l-, Gas- und Kohle-Aktien infolge des russischen Angriffs auf die Ukraine leiden die nachhaltigen Fonds ein wenig unter dem Performance-Blues. Das sei wahrscheinlich \u00fcbertrieben, mutma\u00dft \u201eMister FNG-Siegel\u201c Roland K\u00f6lsch (FNG=Forum Nachhaltige Geldanlage). Der&nbsp; Nachhaltigkeits-Experte \u2013 siehe auch sein Auftritt w\u00e4hrend des <strong><a href=\"https:\/\/vtfds.de\/vtfds2025-wie-steht-es-um-das-primat-der-ethik-und-wie-gehe-ich-als-stiftung-bei-der-auswahl-von-fonds-vor-koelsch-zoll\/\" target=\"_blank\" rel=\"noreferrer noopener\">vtfds 25<\/a><\/strong> \u2013 verweist auf eine Studie von Morgan Stanley. Demnach ist das verwaltete Verm\u00f6gen (AUM) nachhaltiger Fonds auf 3,92 Billionen USD und damit einen neuen H\u00f6chststand gewachsen. Wichtiger noch: &nbsp;Nachhaltige Fonds \u00fcbertreffen die Performance nicht nachhaltiger Sonderverm\u00f6gen um mehr als drei Punkte.<\/p>\n\n\n\n<p>Der Gro\u00dfteil des Wachstums des verwalteten Verm\u00f6gens im ersten Halbjahr 2025 war auf die Performance zur\u00fcckzuf\u00fchren, wobei nachhaltige Fonds eine mittlere Rendite von 12,5 % erzielten und damit traditionelle Fonds mit +9,2 % \u00fcbertrafen. Im Gegensatz zum zweiten Halbjahr 2024 war der Hauptgrund f\u00fcr die Outperformance im ersten Halbjahr 2025 das gr\u00f6\u00dfere Engagement nachhaltiger Fonds in globalen und europ\u00e4ischen Anlagebereichen, die st\u00e4rkere Renditen als Amerika und APAC erzielten, insbesondere bei festverzinslichen Wertpapieren. Die Zufl\u00fcsse in nachhaltige Fonds beliefen sich im ersten Halbjahr auf 16 Mrd. USD, wobei die geringen Abfl\u00fcsse im ersten Quartal im zweiten Quartal mehr als ausgeglichen wurden.<\/p>\n\n\n\n<p>Au\u00dferdem sollten Sie sich den Termin f\u00fcr den #vtfds26 bereits vormerken, wir sehen uns am 16ten und 17ten Juni 2026 wieder, im neuen Gewand.<\/p>\n\n\n\n<h2 class=\"wp-block-heading\">Zur\u00fcck zum FNG-Siegel<\/h2>\n\n\n\n<p>Die j\u00e4hrliche Vergabefeier der Siegel findet am 11. Dezember in der Evangelischen Akademie auf dem Frankfurter R\u00f6merberg statt.<br><strong><a href=\"https:\/\/fng-siegel.org\/media\/presse\/Programm-VergFeierFNG-Siegel2026_VorabWeb.pdf\" target=\"_blank\" rel=\"noreferrer noopener\">Hier das Programm<\/a><\/strong>.<\/p>\n\n\n\n<p>Entgegen des Blues bei nachhaltigen Geldanlagen haben sich auch dieses Jahr wieder mehr als 200 Produkte von rund 80 Asset Managern um den SRI-Qualit\u00e4tsstandard beworben. Neuen Schwung in die ESG-Debatte bringen neue Produktkategorien. Ganz konkret geht es um ein neues FNG-Siegel Transition. Das wird w\u00e4hrend der Veranstaltung n\u00e4her vorgestellt, und ja, Ihre Ahnung tr\u00fcgt Sie nicht: Auch dar\u00fcber werden wir nat\u00fcrlich aus erster Hand auf dem Blog berichten.<br><\/p>\n\n\n\n<h2 class=\"wp-block-heading\">Wirbelst\u00fcrme und CAT-Bonds<\/h2>\n\n\n\n<p>Seit einigen Monaten empfehlen wir in unserer Liste \u201eDie Alternativen\u201c den <a href=\"https:\/\/fondsfibel.de\/plenum-cat-bond-dynamic-fund\/\" target=\"_blank\" rel=\"noreferrer noopener\"><strong>Plenum CAT Bond Dynamic Fonds<\/strong><\/a>. Als dekorrelierte Anlage des Spezialisten Plenum Investments AG (Plenum) wird der Managementansatz der \u201eTail-Risk Compression\u201c angewandt.<\/p>\n\n\n\n<p>Das bedeutet: Es wird auf das Erreichen der Zielrendite f\u00fcr Investoren unter Minimierung des Einflusses von einzelnen gro\u00dfen Versicherungsereignissen hingearbeitet. Nun hatte Ende Oktober, Stichwort schlechte Nachrichten, der tropische Wirbelsturm \u201eMelissa\u201c auf Jamaika gew\u00fctet. Das ist in seinen Auswirkungen vor Ort f\u00fcrchterlich, zeigt aber den Impact des Instruments: Ohne Versicherung \u00fcber CAT-Bonds w\u00e4re der Wiederaufbau noch mehr erschwert als ohnehin. Und die Auswirkungen auf den Fonds? Marginal: Bei einem Totalausfall w\u00e4ren der Plenum Insurance Capital Fund und der Plenum CAT Bond Defensive nicht betroffen, der Plenum CAT Bond Dynamic Fund w\u00e4re mit 0,23% nur marginal beeinflusst.<\/p>\n\n\n\n<h2 class=\"wp-block-heading\">Tipps f\u00fcr kleinere Stiftungen<\/h2>\n\n\n\n<p>Die Gesellschaft f\u00fcr das Stiftungswesen betreut Rechtsf\u00e4hige Stiftungen (55 %) sowie Treuhandstiftungen (45 %) sowie weitere gemeinn\u00fctzige Organisationen wie Vereine und gGmbHs. Das durchschnittliche Stiftungsverm\u00f6gen der betreuten Stiftungen bel\u00e4uft sich auf 1,1 Mio. EUR, die Zuwendungen f\u00fcr Projekte und Initiativen aus Ertr\u00e4gen aus der Verm\u00f6gensverwaltung und Spenden im Durchschnitt der letzten drei Jahre 5 Mio. EUR p.a.<br><br>Da Fortbildungen nie schaden weisen wir gerne auf das anstehende <strong><a href=\"https:\/\/stiftungsgesellschaft.de\/fortbildungen\/\" target=\"_blank\" rel=\"noreferrer noopener\">Seminarprogramm<\/a><\/strong> hin.<\/p>\n\n\n\n<h2 class=\"wp-block-heading\">Das sagen die Experten von Allspring<\/h2>\n\n\n\n<p>Mit dem <strong><a href=\"https:\/\/fondsfibel.de\/allspring-global-equity-enhanced-income-fund\/\" target=\"_blank\" rel=\"noreferrer noopener\">Allspring Global Equity Enhanced Income Fund<\/a><\/strong> im Club der 25 sowie dem <strong><a href=\"https:\/\/fondsfibel.de\/allspring-global-income-fund\/\" target=\"_blank\" rel=\"noreferrer noopener\">Allspring Global Income Fund<\/a><\/strong> in der Ideenliste \u201eDie Neuen\u201c empfehlen wir zwei Sonderverm\u00f6gen von Allspring. Matthias Scheiber, Leiter des Bereichs Multi-Asset-L\u00f6sungen bei Allspring Global Investments, erwartet eine neuerliche Zinssenkung und damit gute Rahmenbedingungen: \u201eDie M\u00e4rkte haben eine Zinssenkung der Fed um 25 Basispunkte als fast sicher eingepreist, und wir erwarten dies ebenfalls. Vor dem zur\u00fcckliegenden Shutdown zeigten Fed-Vertreter zunehmende Besorgnis \u00fcber Abw\u00e4rtsrisiken f\u00fcr die Besch\u00e4ftigungslage und signalisierten weniger Inflationsrisiken. In Kombination mit der generellen Zur\u00fcckhaltung der Fed, die M\u00e4rkte zu \u00fcberraschen, st\u00fctzt dies unsere Erwartung einer Zinssenkung.\u201c<\/p>\n\n\n\n<p>Zur Marktpositionierung ergeben sich daraus folgende R\u00fcckschl\u00fcsse f\u00fcr Schreiber:<\/p>\n\n\n\n<ul class=\"wp-block-list\">\n<li>Zinsen: Die Renditen 10-j\u00e4hriger US-Anleihen von rund 4% erscheinen fair bewertet. Wir bevorzugen mittelfristige Steepener, da wir weiterhin Druck auf das hintere Ende der Zinskurve sehen. (Erkl\u00e4rung: Ein \u201eSteepener\u201c ist ein Finanzinstrument, das auf eine Versteilung der Zinsstrukturkurve setzt, also von Ver\u00e4nderungen an der Zinsstrukturkurve partizipieren will).<\/li>\n\n\n\n<li>Credit: Die Spreads zwischen Investment Grade und High Yield-Unternehmensanleihen bleiben f\u00fcr Neuinvestitionen unattraktiv; wir sind zufrieden damit, Carry-Ertr\u00e4gen zu vereinnahmen.<\/li>\n\n\n\n<li>Schwellenl\u00e4nder vs. Industriel\u00e4nder: Wir bevorzugen Schwellenl\u00e4nder-Anleihen in lokaler W\u00e4hrung gegen\u00fcber Staatsanleihen aus Industriel\u00e4ndern.<\/li>\n\n\n\n<li>Devisen: Die Bedingungen bleiben schwierig; wir haben unsere Untergewichtung des USD auf neutral umgestellt und planen, opportunistisch Long-Positionen aufzubauen.<\/li>\n\n\n\n<li>Rohstoffe: Attraktive Chancen bieten sich bei Industriemetallen und Teilen des Energiesektors.\u00a0<\/li>\n<\/ul>\n\n\n\n<h2 class=\"wp-block-heading\">SAVE THE DATE &#8211; #vtfds26 am 16ten und 17ten Juni 2026<\/h2>\n\n\n\n<figure class=\"wp-block-image size-large\"><a href=\"https:\/\/vtfds.de\/\" target=\"_blank\" rel=\" noreferrer noopener\"><img loading=\"lazy\" decoding=\"async\" width=\"1024\" height=\"576\" src=\"https:\/\/stiftungsmarktplatz.eu\/blog\/wp-content\/uploads\/2025\/12\/vtfds26-Hashtag-vertikal-Rolltreppe-1024x576.jpg\" alt=\"vtfds26\" class=\"wp-image-9241\" srcset=\"https:\/\/stiftungsmarktplatz.eu\/blog\/wp-content\/uploads\/2025\/12\/vtfds26-Hashtag-vertikal-Rolltreppe-1024x576.jpg 1024w, https:\/\/stiftungsmarktplatz.eu\/blog\/wp-content\/uploads\/2025\/12\/vtfds26-Hashtag-vertikal-Rolltreppe-300x169.jpg 300w, https:\/\/stiftungsmarktplatz.eu\/blog\/wp-content\/uploads\/2025\/12\/vtfds26-Hashtag-vertikal-Rolltreppe-768x432.jpg 768w, https:\/\/stiftungsmarktplatz.eu\/blog\/wp-content\/uploads\/2025\/12\/vtfds26-Hashtag-vertikal-Rolltreppe-696x392.jpg 696w, https:\/\/stiftungsmarktplatz.eu\/blog\/wp-content\/uploads\/2025\/12\/vtfds26-Hashtag-vertikal-Rolltreppe-1068x601.jpg 1068w, https:\/\/stiftungsmarktplatz.eu\/blog\/wp-content\/uploads\/2025\/12\/vtfds26-Hashtag-vertikal-Rolltreppe.jpg 1200w\" sizes=\"auto, (max-width: 1024px) 100vw, 1024px\" \/><\/a><\/figure>\n\n\n\n<h2 class=\"wp-block-heading\">Zusammengefasst<\/h2>\n\n\n\n<p>Die von uns sorgsam kuratierte Auswahl stiftungsgeeigneter Fonds im \u201eClub der 25\u201c sowie bei den \u201eNeuen\u201c und \u201eAlternatives\u201c macht weiterhin einen guten Job im Sinne des Stiftungsverm\u00f6gens. Dennoch m\u00fcssen Stiftungsverantwortliche achtsam bleiben und sich zur Lage stets selber ein Bild machen. Wichtige Infos posten wir dazu regelm\u00e4\u00dfig auf unserem Blog.<\/p>\n","protected":false},"excerpt":{"rendered":"<p><span class=\"span-reading-time rt-reading-time\" style=\"display: block;\"><span class=\"rt-label rt-prefix\">Lesezeit: <\/span> <span class=\"rt-time\"> 5<\/span> <span class=\"rt-label rt-postfix\">Minuten<\/span><\/span>Liebe Stiftungsbegeisterte, Staffel\u00fcbergabe bei der Post von fondsfibel.de: Beginnend mit dieser Ausgabe \u00fcbernehme ich die angenehme Aufgabe, rund um die Verm\u00f6gensanlage von Stiftungen zu berichten. Interessante Fonds, neue Investmentideen, Tipps rund um die Verm\u00f6gensanlage und nat\u00fcrlich der eine oder andere warnende Fingerzeig erwartet Sie.<\/p>\n","protected":false},"author":2,"featured_media":9246,"comment_status":"closed","ping_status":"open","sticky":false,"template":"","format":"standard","meta":{"ngg_post_thumbnail":0,"footnotes":""},"categories":[395],"tags":[],"class_list":{"0":"post-9232","1":"post","2":"type-post","3":"status-publish","4":"format-standard","5":"has-post-thumbnail","7":"category-der-skipper-newsletter-archiv"},"yoast_head":"<!-- This site is optimized with the Yoast SEO plugin v27.4 - https:\/\/yoast.com\/product\/yoast-seo-wordpress\/ -->\n<title>Die Lage: Performance stimmt, Allm\u00e4hlichkeitsschaden droht - Der Stiftungsblog f\u00fcr die Stiftungspraxis<\/title>\n<meta name=\"description\" content=\"Liebe Stiftungsbegeisterte, Staffel\u00fcbergabe bei der Post von fondsfibel.de: Beginnend mit dieser Ausgabe \u00fcbernehme ich die angenehme Aufgabe, rund um die Verm\u00f6gensanlage von Stiftungen zu berichten. Interessante Fonds, neue Investmentideen, Tipps rund um die Verm\u00f6gensanlage und nat\u00fcrlich der eine oder andere warnende Fingerzeig erwartet Sie.\" \/>\n<meta name=\"robots\" content=\"index, follow, max-snippet:-1, max-image-preview:large, max-video-preview:-1\" \/>\n<link rel=\"canonical\" href=\"https:\/\/stiftungsmarktplatz.eu\/blog\/die-lage-performance-stimmt-allmaehlichkeitsschaden-droht\/\" \/>\n<meta property=\"og:locale\" content=\"de_DE\" \/>\n<meta property=\"og:type\" content=\"article\" \/>\n<meta property=\"og:title\" content=\"Die Lage: Performance stimmt, Allm\u00e4hlichkeitsschaden droht - Der Stiftungsblog f\u00fcr die Stiftungspraxis\" \/>\n<meta property=\"og:description\" content=\"Liebe Stiftungsbegeisterte, Staffel\u00fcbergabe bei der Post von fondsfibel.de: Beginnend mit dieser Ausgabe \u00fcbernehme ich die angenehme Aufgabe, rund um die Verm\u00f6gensanlage von Stiftungen zu berichten. Interessante Fonds, neue Investmentideen, Tipps rund um die Verm\u00f6gensanlage und nat\u00fcrlich der eine oder andere warnende Fingerzeig erwartet Sie.\" \/>\n<meta property=\"og:url\" content=\"https:\/\/stiftungsmarktplatz.eu\/blog\/die-lage-performance-stimmt-allmaehlichkeitsschaden-droht\/\" \/>\n<meta property=\"og:site_name\" content=\"Der Stiftungsblog f\u00fcr die Stiftungspraxis\" \/>\n<meta property=\"article:published_time\" content=\"2025-12-11T09:46:58+00:00\" \/>\n<meta property=\"article:modified_time\" content=\"2025-12-11T09:48:05+00:00\" \/>\n<meta property=\"og:image\" content=\"https:\/\/stiftungsmarktplatz.eu\/blog\/wp-content\/uploads\/2025\/12\/newsletter-fondsfibel-122025.jpg\" \/>\n\t<meta property=\"og:image:width\" content=\"1200\" \/>\n\t<meta property=\"og:image:height\" content=\"675\" \/>\n\t<meta property=\"og:image:type\" content=\"image\/jpeg\" \/>\n<meta name=\"author\" content=\"Stefan Preu\u00df\" \/>\n<meta name=\"twitter:card\" content=\"summary_large_image\" \/>\n<meta name=\"twitter:label1\" content=\"Verfasst von\" \/>\n\t<meta name=\"twitter:data1\" content=\"Stefan Preu\u00df\" \/>\n\t<meta name=\"twitter:label2\" content=\"Gesch\u00e4tzte Lesezeit\" \/>\n\t<meta name=\"twitter:data2\" content=\"8\u00a0Minuten\" \/>\n<script type=\"application\/ld+json\" class=\"yoast-schema-graph\">{\"@context\":\"https:\\\/\\\/schema.org\",\"@graph\":[{\"@type\":\"Article\",\"@id\":\"https:\\\/\\\/stiftungsmarktplatz.eu\\\/blog\\\/die-lage-performance-stimmt-allmaehlichkeitsschaden-droht\\\/#article\",\"isPartOf\":{\"@id\":\"https:\\\/\\\/stiftungsmarktplatz.eu\\\/blog\\\/die-lage-performance-stimmt-allmaehlichkeitsschaden-droht\\\/\"},\"author\":{\"name\":\"Stefan Preu\u00df\",\"@id\":\"https:\\\/\\\/stiftungsmarktplatz.eu\\\/blog\\\/#\\\/schema\\\/person\\\/a319dca6dba20b695d21fd8a6f2ef0f9\"},\"headline\":\"Die Lage: Performance stimmt, Allm\u00e4hlichkeitsschaden droht\",\"datePublished\":\"2025-12-11T09:46:58+00:00\",\"dateModified\":\"2025-12-11T09:48:05+00:00\",\"mainEntityOfPage\":{\"@id\":\"https:\\\/\\\/stiftungsmarktplatz.eu\\\/blog\\\/die-lage-performance-stimmt-allmaehlichkeitsschaden-droht\\\/\"},\"wordCount\":1401,\"publisher\":{\"@id\":\"https:\\\/\\\/stiftungsmarktplatz.eu\\\/blog\\\/#organization\"},\"image\":{\"@id\":\"https:\\\/\\\/stiftungsmarktplatz.eu\\\/blog\\\/die-lage-performance-stimmt-allmaehlichkeitsschaden-droht\\\/#primaryimage\"},\"thumbnailUrl\":\"https:\\\/\\\/stiftungsmarktplatz.eu\\\/blog\\\/wp-content\\\/uploads\\\/2025\\\/12\\\/newsletter-fondsfibel-122025.jpg\",\"articleSection\":[\"Des Skippers Heimathafen - das Archiv\"],\"inLanguage\":\"de\"},{\"@type\":\"WebPage\",\"@id\":\"https:\\\/\\\/stiftungsmarktplatz.eu\\\/blog\\\/die-lage-performance-stimmt-allmaehlichkeitsschaden-droht\\\/\",\"url\":\"https:\\\/\\\/stiftungsmarktplatz.eu\\\/blog\\\/die-lage-performance-stimmt-allmaehlichkeitsschaden-droht\\\/\",\"name\":\"Die Lage: Performance stimmt, Allm\u00e4hlichkeitsschaden droht - Der Stiftungsblog f\u00fcr die Stiftungspraxis\",\"isPartOf\":{\"@id\":\"https:\\\/\\\/stiftungsmarktplatz.eu\\\/blog\\\/#website\"},\"primaryImageOfPage\":{\"@id\":\"https:\\\/\\\/stiftungsmarktplatz.eu\\\/blog\\\/die-lage-performance-stimmt-allmaehlichkeitsschaden-droht\\\/#primaryimage\"},\"image\":{\"@id\":\"https:\\\/\\\/stiftungsmarktplatz.eu\\\/blog\\\/die-lage-performance-stimmt-allmaehlichkeitsschaden-droht\\\/#primaryimage\"},\"thumbnailUrl\":\"https:\\\/\\\/stiftungsmarktplatz.eu\\\/blog\\\/wp-content\\\/uploads\\\/2025\\\/12\\\/newsletter-fondsfibel-122025.jpg\",\"datePublished\":\"2025-12-11T09:46:58+00:00\",\"dateModified\":\"2025-12-11T09:48:05+00:00\",\"description\":\"Liebe Stiftungsbegeisterte, Staffel\u00fcbergabe bei der Post von fondsfibel.de: Beginnend mit dieser Ausgabe \u00fcbernehme ich die angenehme Aufgabe, rund um die Verm\u00f6gensanlage von Stiftungen zu berichten. Interessante Fonds, neue Investmentideen, Tipps rund um die Verm\u00f6gensanlage und nat\u00fcrlich der eine oder andere warnende Fingerzeig erwartet Sie.\",\"breadcrumb\":{\"@id\":\"https:\\\/\\\/stiftungsmarktplatz.eu\\\/blog\\\/die-lage-performance-stimmt-allmaehlichkeitsschaden-droht\\\/#breadcrumb\"},\"inLanguage\":\"de\",\"potentialAction\":[{\"@type\":\"ReadAction\",\"target\":[\"https:\\\/\\\/stiftungsmarktplatz.eu\\\/blog\\\/die-lage-performance-stimmt-allmaehlichkeitsschaden-droht\\\/\"]}]},{\"@type\":\"ImageObject\",\"inLanguage\":\"de\",\"@id\":\"https:\\\/\\\/stiftungsmarktplatz.eu\\\/blog\\\/die-lage-performance-stimmt-allmaehlichkeitsschaden-droht\\\/#primaryimage\",\"url\":\"https:\\\/\\\/stiftungsmarktplatz.eu\\\/blog\\\/wp-content\\\/uploads\\\/2025\\\/12\\\/newsletter-fondsfibel-122025.jpg\",\"contentUrl\":\"https:\\\/\\\/stiftungsmarktplatz.eu\\\/blog\\\/wp-content\\\/uploads\\\/2025\\\/12\\\/newsletter-fondsfibel-122025.jpg\",\"width\":1200,\"height\":675,\"caption\":\"FondsFibel Newsletter Dezember 2025\"},{\"@type\":\"BreadcrumbList\",\"@id\":\"https:\\\/\\\/stiftungsmarktplatz.eu\\\/blog\\\/die-lage-performance-stimmt-allmaehlichkeitsschaden-droht\\\/#breadcrumb\",\"itemListElement\":[{\"@type\":\"ListItem\",\"position\":1,\"name\":\"Startseite\",\"item\":\"https:\\\/\\\/stiftungsmarktplatz.eu\\\/blog\\\/\"},{\"@type\":\"ListItem\",\"position\":2,\"name\":\"Die Lage: Performance stimmt, Allm\u00e4hlichkeitsschaden droht\"}]},{\"@type\":\"WebSite\",\"@id\":\"https:\\\/\\\/stiftungsmarktplatz.eu\\\/blog\\\/#website\",\"url\":\"https:\\\/\\\/stiftungsmarktplatz.eu\\\/blog\\\/\",\"name\":\"Der Stiftungsblog f\u00fcr die Stiftungspraxis\",\"description\":\"#stiftungenst\u00e4rken - NPO-Expertise von NPO-Experten\",\"publisher\":{\"@id\":\"https:\\\/\\\/stiftungsmarktplatz.eu\\\/blog\\\/#organization\"},\"potentialAction\":[{\"@type\":\"SearchAction\",\"target\":{\"@type\":\"EntryPoint\",\"urlTemplate\":\"https:\\\/\\\/stiftungsmarktplatz.eu\\\/blog\\\/?s={search_term_string}\"},\"query-input\":{\"@type\":\"PropertyValueSpecification\",\"valueRequired\":true,\"valueName\":\"search_term_string\"}}],\"inLanguage\":\"de\"},{\"@type\":\"Organization\",\"@id\":\"https:\\\/\\\/stiftungsmarktplatz.eu\\\/blog\\\/#organization\",\"name\":\"stiftungsmarktplatz.eu GbR\",\"url\":\"https:\\\/\\\/stiftungsmarktplatz.eu\\\/blog\\\/\",\"logo\":{\"@type\":\"ImageObject\",\"inLanguage\":\"de\",\"@id\":\"https:\\\/\\\/stiftungsmarktplatz.eu\\\/blog\\\/#\\\/schema\\\/logo\\\/image\\\/\",\"url\":\"https:\\\/\\\/stiftungsmarktplatz.eu\\\/blog\\\/wp-content\\\/uploads\\\/2020\\\/03\\\/Logo-blog-retina.png\",\"contentUrl\":\"https:\\\/\\\/stiftungsmarktplatz.eu\\\/blog\\\/wp-content\\\/uploads\\\/2020\\\/03\\\/Logo-blog-retina.png\",\"width\":140,\"height\":130,\"caption\":\"stiftungsmarktplatz.eu GbR\"},\"image\":{\"@id\":\"https:\\\/\\\/stiftungsmarktplatz.eu\\\/blog\\\/#\\\/schema\\\/logo\\\/image\\\/\"},\"sameAs\":[\"https:\\\/\\\/www.linkedin.com\\\/company\\\/18563519\\\/\",\"https:\\\/\\\/www.youtube.com\\\/channel\\\/UCQrF6RQRFGxTokVV4nbx25Q\"]},{\"@type\":\"Person\",\"@id\":\"https:\\\/\\\/stiftungsmarktplatz.eu\\\/blog\\\/#\\\/schema\\\/person\\\/a319dca6dba20b695d21fd8a6f2ef0f9\",\"name\":\"Stefan Preu\u00df\",\"image\":{\"@type\":\"ImageObject\",\"inLanguage\":\"de\",\"@id\":\"https:\\\/\\\/stiftungsmarktplatz.eu\\\/blog\\\/wp-content\\\/uploads\\\/2025\\\/07\\\/stefan-preuss-150x150.png\",\"url\":\"https:\\\/\\\/stiftungsmarktplatz.eu\\\/blog\\\/wp-content\\\/uploads\\\/2025\\\/07\\\/stefan-preuss-150x150.png\",\"contentUrl\":\"https:\\\/\\\/stiftungsmarktplatz.eu\\\/blog\\\/wp-content\\\/uploads\\\/2025\\\/07\\\/stefan-preuss-150x150.png\",\"caption\":\"Stefan Preu\u00df\"},\"description\":\"ist Chefredakteur von stiftungenst\u00e4rken.de und fondsfibel.de. Der Fachjournalist, der auch als freier Autor f\u00fcr andere Publikationen fungiert, ist seit vielen Jahren als Autor von Fachbeitr\u00e4gen und Analysen im Stiftungssektor pr\u00e4sent, moderiert dazu den Elevator Pitch beim Virtuellen Tag f\u00fcr das Stiftungsverm\u00f6gen (www.vtfds.de).\",\"sameAs\":[\"https:\\\/\\\/stiftungsmarktplatz.eu\"],\"url\":\"https:\\\/\\\/stiftungsmarktplatz.eu\\\/blog\\\/author\\\/stefan-preuss\\\/\"}]}<\/script>\n<!-- \/ Yoast SEO plugin. -->","yoast_head_json":{"title":"Die Lage: Performance stimmt, Allm\u00e4hlichkeitsschaden droht - Der Stiftungsblog f\u00fcr die Stiftungspraxis","description":"Liebe Stiftungsbegeisterte, Staffel\u00fcbergabe bei der Post von fondsfibel.de: Beginnend mit dieser Ausgabe \u00fcbernehme ich die angenehme Aufgabe, rund um die Verm\u00f6gensanlage von Stiftungen zu berichten. Interessante Fonds, neue Investmentideen, Tipps rund um die Verm\u00f6gensanlage und nat\u00fcrlich der eine oder andere warnende Fingerzeig erwartet Sie.","robots":{"index":"index","follow":"follow","max-snippet":"max-snippet:-1","max-image-preview":"max-image-preview:large","max-video-preview":"max-video-preview:-1"},"canonical":"https:\/\/stiftungsmarktplatz.eu\/blog\/die-lage-performance-stimmt-allmaehlichkeitsschaden-droht\/","og_locale":"de_DE","og_type":"article","og_title":"Die Lage: Performance stimmt, Allm\u00e4hlichkeitsschaden droht - Der Stiftungsblog f\u00fcr die Stiftungspraxis","og_description":"Liebe Stiftungsbegeisterte, Staffel\u00fcbergabe bei der Post von fondsfibel.de: Beginnend mit dieser Ausgabe \u00fcbernehme ich die angenehme Aufgabe, rund um die Verm\u00f6gensanlage von Stiftungen zu berichten. Interessante Fonds, neue Investmentideen, Tipps rund um die Verm\u00f6gensanlage und nat\u00fcrlich der eine oder andere warnende Fingerzeig erwartet Sie.","og_url":"https:\/\/stiftungsmarktplatz.eu\/blog\/die-lage-performance-stimmt-allmaehlichkeitsschaden-droht\/","og_site_name":"Der Stiftungsblog f\u00fcr die Stiftungspraxis","article_published_time":"2025-12-11T09:46:58+00:00","article_modified_time":"2025-12-11T09:48:05+00:00","og_image":[{"width":1200,"height":675,"url":"https:\/\/stiftungsmarktplatz.eu\/blog\/wp-content\/uploads\/2025\/12\/newsletter-fondsfibel-122025.jpg","type":"image\/jpeg"}],"author":"Stefan Preu\u00df","twitter_card":"summary_large_image","twitter_misc":{"Verfasst von":"Stefan Preu\u00df","Gesch\u00e4tzte Lesezeit":"8\u00a0Minuten"},"schema":{"@context":"https:\/\/schema.org","@graph":[{"@type":"Article","@id":"https:\/\/stiftungsmarktplatz.eu\/blog\/die-lage-performance-stimmt-allmaehlichkeitsschaden-droht\/#article","isPartOf":{"@id":"https:\/\/stiftungsmarktplatz.eu\/blog\/die-lage-performance-stimmt-allmaehlichkeitsschaden-droht\/"},"author":{"name":"Stefan Preu\u00df","@id":"https:\/\/stiftungsmarktplatz.eu\/blog\/#\/schema\/person\/a319dca6dba20b695d21fd8a6f2ef0f9"},"headline":"Die Lage: Performance stimmt, Allm\u00e4hlichkeitsschaden droht","datePublished":"2025-12-11T09:46:58+00:00","dateModified":"2025-12-11T09:48:05+00:00","mainEntityOfPage":{"@id":"https:\/\/stiftungsmarktplatz.eu\/blog\/die-lage-performance-stimmt-allmaehlichkeitsschaden-droht\/"},"wordCount":1401,"publisher":{"@id":"https:\/\/stiftungsmarktplatz.eu\/blog\/#organization"},"image":{"@id":"https:\/\/stiftungsmarktplatz.eu\/blog\/die-lage-performance-stimmt-allmaehlichkeitsschaden-droht\/#primaryimage"},"thumbnailUrl":"https:\/\/stiftungsmarktplatz.eu\/blog\/wp-content\/uploads\/2025\/12\/newsletter-fondsfibel-122025.jpg","articleSection":["Des Skippers Heimathafen - das Archiv"],"inLanguage":"de"},{"@type":"WebPage","@id":"https:\/\/stiftungsmarktplatz.eu\/blog\/die-lage-performance-stimmt-allmaehlichkeitsschaden-droht\/","url":"https:\/\/stiftungsmarktplatz.eu\/blog\/die-lage-performance-stimmt-allmaehlichkeitsschaden-droht\/","name":"Die Lage: Performance stimmt, Allm\u00e4hlichkeitsschaden droht - Der Stiftungsblog f\u00fcr die Stiftungspraxis","isPartOf":{"@id":"https:\/\/stiftungsmarktplatz.eu\/blog\/#website"},"primaryImageOfPage":{"@id":"https:\/\/stiftungsmarktplatz.eu\/blog\/die-lage-performance-stimmt-allmaehlichkeitsschaden-droht\/#primaryimage"},"image":{"@id":"https:\/\/stiftungsmarktplatz.eu\/blog\/die-lage-performance-stimmt-allmaehlichkeitsschaden-droht\/#primaryimage"},"thumbnailUrl":"https:\/\/stiftungsmarktplatz.eu\/blog\/wp-content\/uploads\/2025\/12\/newsletter-fondsfibel-122025.jpg","datePublished":"2025-12-11T09:46:58+00:00","dateModified":"2025-12-11T09:48:05+00:00","description":"Liebe Stiftungsbegeisterte, Staffel\u00fcbergabe bei der Post von fondsfibel.de: Beginnend mit dieser Ausgabe \u00fcbernehme ich die angenehme Aufgabe, rund um die Verm\u00f6gensanlage von Stiftungen zu berichten. Interessante Fonds, neue Investmentideen, Tipps rund um die Verm\u00f6gensanlage und nat\u00fcrlich der eine oder andere warnende Fingerzeig erwartet Sie.","breadcrumb":{"@id":"https:\/\/stiftungsmarktplatz.eu\/blog\/die-lage-performance-stimmt-allmaehlichkeitsschaden-droht\/#breadcrumb"},"inLanguage":"de","potentialAction":[{"@type":"ReadAction","target":["https:\/\/stiftungsmarktplatz.eu\/blog\/die-lage-performance-stimmt-allmaehlichkeitsschaden-droht\/"]}]},{"@type":"ImageObject","inLanguage":"de","@id":"https:\/\/stiftungsmarktplatz.eu\/blog\/die-lage-performance-stimmt-allmaehlichkeitsschaden-droht\/#primaryimage","url":"https:\/\/stiftungsmarktplatz.eu\/blog\/wp-content\/uploads\/2025\/12\/newsletter-fondsfibel-122025.jpg","contentUrl":"https:\/\/stiftungsmarktplatz.eu\/blog\/wp-content\/uploads\/2025\/12\/newsletter-fondsfibel-122025.jpg","width":1200,"height":675,"caption":"FondsFibel Newsletter Dezember 2025"},{"@type":"BreadcrumbList","@id":"https:\/\/stiftungsmarktplatz.eu\/blog\/die-lage-performance-stimmt-allmaehlichkeitsschaden-droht\/#breadcrumb","itemListElement":[{"@type":"ListItem","position":1,"name":"Startseite","item":"https:\/\/stiftungsmarktplatz.eu\/blog\/"},{"@type":"ListItem","position":2,"name":"Die Lage: Performance stimmt, Allm\u00e4hlichkeitsschaden droht"}]},{"@type":"WebSite","@id":"https:\/\/stiftungsmarktplatz.eu\/blog\/#website","url":"https:\/\/stiftungsmarktplatz.eu\/blog\/","name":"Der Stiftungsblog f\u00fcr die Stiftungspraxis","description":"#stiftungenst\u00e4rken - NPO-Expertise von NPO-Experten","publisher":{"@id":"https:\/\/stiftungsmarktplatz.eu\/blog\/#organization"},"potentialAction":[{"@type":"SearchAction","target":{"@type":"EntryPoint","urlTemplate":"https:\/\/stiftungsmarktplatz.eu\/blog\/?s={search_term_string}"},"query-input":{"@type":"PropertyValueSpecification","valueRequired":true,"valueName":"search_term_string"}}],"inLanguage":"de"},{"@type":"Organization","@id":"https:\/\/stiftungsmarktplatz.eu\/blog\/#organization","name":"stiftungsmarktplatz.eu GbR","url":"https:\/\/stiftungsmarktplatz.eu\/blog\/","logo":{"@type":"ImageObject","inLanguage":"de","@id":"https:\/\/stiftungsmarktplatz.eu\/blog\/#\/schema\/logo\/image\/","url":"https:\/\/stiftungsmarktplatz.eu\/blog\/wp-content\/uploads\/2020\/03\/Logo-blog-retina.png","contentUrl":"https:\/\/stiftungsmarktplatz.eu\/blog\/wp-content\/uploads\/2020\/03\/Logo-blog-retina.png","width":140,"height":130,"caption":"stiftungsmarktplatz.eu GbR"},"image":{"@id":"https:\/\/stiftungsmarktplatz.eu\/blog\/#\/schema\/logo\/image\/"},"sameAs":["https:\/\/www.linkedin.com\/company\/18563519\/","https:\/\/www.youtube.com\/channel\/UCQrF6RQRFGxTokVV4nbx25Q"]},{"@type":"Person","@id":"https:\/\/stiftungsmarktplatz.eu\/blog\/#\/schema\/person\/a319dca6dba20b695d21fd8a6f2ef0f9","name":"Stefan Preu\u00df","image":{"@type":"ImageObject","inLanguage":"de","@id":"https:\/\/stiftungsmarktplatz.eu\/blog\/wp-content\/uploads\/2025\/07\/stefan-preuss-150x150.png","url":"https:\/\/stiftungsmarktplatz.eu\/blog\/wp-content\/uploads\/2025\/07\/stefan-preuss-150x150.png","contentUrl":"https:\/\/stiftungsmarktplatz.eu\/blog\/wp-content\/uploads\/2025\/07\/stefan-preuss-150x150.png","caption":"Stefan Preu\u00df"},"description":"ist Chefredakteur von stiftungenst\u00e4rken.de und fondsfibel.de. Der Fachjournalist, der auch als freier Autor f\u00fcr andere Publikationen fungiert, ist seit vielen Jahren als Autor von Fachbeitr\u00e4gen und Analysen im Stiftungssektor pr\u00e4sent, moderiert dazu den Elevator Pitch beim Virtuellen Tag f\u00fcr das Stiftungsverm\u00f6gen (www.vtfds.de).","sameAs":["https:\/\/stiftungsmarktplatz.eu"],"url":"https:\/\/stiftungsmarktplatz.eu\/blog\/author\/stefan-preuss\/"}]}},"post_mailing_queue_ids":[],"_links":{"self":[{"href":"https:\/\/stiftungsmarktplatz.eu\/blog\/wp-json\/wp\/v2\/posts\/9232","targetHints":{"allow":["GET"]}}],"collection":[{"href":"https:\/\/stiftungsmarktplatz.eu\/blog\/wp-json\/wp\/v2\/posts"}],"about":[{"href":"https:\/\/stiftungsmarktplatz.eu\/blog\/wp-json\/wp\/v2\/types\/post"}],"author":[{"embeddable":true,"href":"https:\/\/stiftungsmarktplatz.eu\/blog\/wp-json\/wp\/v2\/users\/2"}],"replies":[{"embeddable":true,"href":"https:\/\/stiftungsmarktplatz.eu\/blog\/wp-json\/wp\/v2\/comments?post=9232"}],"version-history":[{"count":11,"href":"https:\/\/stiftungsmarktplatz.eu\/blog\/wp-json\/wp\/v2\/posts\/9232\/revisions"}],"predecessor-version":[{"id":9245,"href":"https:\/\/stiftungsmarktplatz.eu\/blog\/wp-json\/wp\/v2\/posts\/9232\/revisions\/9245"}],"wp:featuredmedia":[{"embeddable":true,"href":"https:\/\/stiftungsmarktplatz.eu\/blog\/wp-json\/wp\/v2\/media\/9246"}],"wp:attachment":[{"href":"https:\/\/stiftungsmarktplatz.eu\/blog\/wp-json\/wp\/v2\/media?parent=9232"}],"wp:term":[{"taxonomy":"category","embeddable":true,"href":"https:\/\/stiftungsmarktplatz.eu\/blog\/wp-json\/wp\/v2\/categories?post=9232"},{"taxonomy":"post_tag","embeddable":true,"href":"https:\/\/stiftungsmarktplatz.eu\/blog\/wp-json\/wp\/v2\/tags?post=9232"}],"curies":[{"name":"wp","href":"https:\/\/api.w.org\/{rel}","templated":true}]}}