{"id":9212,"date":"2025-12-02T13:44:45","date_gmt":"2025-12-02T12:44:45","guid":{"rendered":"https:\/\/stiftungsmarktplatz.eu\/blog\/?p=9212"},"modified":"2025-12-02T13:44:45","modified_gmt":"2025-12-02T12:44:45","slug":"stiftungskommunikation-heisst-auch-hosen-runter-was-lief-schief","status":"publish","type":"post","link":"https:\/\/stiftungsmarktplatz.eu\/blog\/stiftungskommunikation-heisst-auch-hosen-runter-was-lief-schief\/","title":{"rendered":"Stiftungskommunikation hei\u00dft auch \u201eHosen runter, was lief schief?\u201c"},"content":{"rendered":"<span class=\"span-reading-time rt-reading-time\" style=\"display: block;\"><span class=\"rt-label rt-prefix\">Lesezeit: <\/span> <span class=\"rt-time\"> 4<\/span> <span class=\"rt-label rt-postfix\">Minuten<\/span><\/span>\n<p><em>Stiftungskommunikation und der Hosen-runter-Moment \u2013 auch das war Thema bei #sokoms25. Im ExpertenTalk \u201eOffen gesprochen\u201c war es Florian Hinze von phineo, der Stiftungen und deren Kommunikationsverantwortliche auch ein St\u00fcck weit ins Gebet nahm. Macht Euch mal ehrlich, legt auf den Tisch was nicht funktioniert hat und macht dann umso besser in der Stiftungskommunikation weiter. Das war offen gesprochen, aber es gab noch andere starke S\u00e4tze, die an Tag 1 von <a href=\"https:\/\/sokoms.de\/\" target=\"_blank\" rel=\"noreferrer noopener\">#sokoms25<\/a> fielen.Eine Nachlese in gesprochenen Worten.<\/em><\/p>\n\n\n\n<p>Los ging\u2019s mit Felix Oldenburg, der im \u201eOffen gesprochen\u201c Er\u00f6ffnungstalk darauf insistierte, dass das Konzept des Gebens in Deutschland und auch dar\u00fcber hinaus neu gedacht werden m\u00fcsse. Es ginge darum, zu vererbendes Kapital der best- und schnellstm\u00f6glichen Wirkung f\u00fcr unser aller Wohl zuzuf\u00fchren, Schranken im System m\u00fcssten hierf\u00fcr entsprechend abgebaut, das Thema intergenerationeller Verm\u00f6gens\u00fcbergang v\u00f6llig neu reflektiert werden. Den Stiftungssektor tangiert dies stark. Denn Stiftungen werden derzeit konzeptionell hinterfragt, ob sie noch das Gef\u00e4\u00df f\u00fcr diese neue Form des Gebens seien. An diesem Punkt kommt die Intransparenz des Sektors und damit auch die Kommunikation ins Spiel, wie Felix Oldenburg sehr griffig herausarbeitete. <a href=\"https:\/\/stiftungsmarktplatz.eu\/blog\/pro-ngo-narrativ-haette-was\/\" target=\"_blank\" rel=\"noreferrer noopener\">Ein Sektor, der intransparent ist, der sein Gelingen nicht zeigt, ist wom\u00f6glich einer, der im Wettbewerb des neuen Gebens benachteiligt ist.<\/a> Umso mehr braucht es einen Transparenz-Bias im Stiftungssektor, praktisch Stiftungskommunikation mit Hingabe und Haltung.<\/p>\n\n\n\n<h2 class=\"wp-block-heading\">\u201eHaltung ist der zentrale Kern der Stiftungskommunikation\u201c<\/h2>\n\n\n\n<p>Haltung war auch eines der Worte, das Florian Hinze im \u201eOffen gesprochen\u201c-Talk mit Steff Neukam von der Stiftung Meistro oft gebrauchte. Haltung hei\u00dft ja, dass ich als Stiftung f\u00fcr etwas stehe und es aushalte das jemand anderer Meinung ist. Ganz genau, und Haltung hei\u00dft auch, dass sich Stiftungskommunikation hier drumherum gruppieren muss. <\/p>\n\n\n\n<p>Dabei ist Stiftungskommunikation eher Marathon als Sprint, also in Haltungsmarathon wenn man so m\u00f6chte. Steff Neukam erg\u00e4nzte dies noch, dass sich Stiftungen h\u00e4ufig schwer tun, zu erkennen wer ihre Zielgruppen sind. \u201eWer ist meine Zielgruppe, das ist Frage 1. Und welche Medien erreichen diese Zielgruppe, das ist Frage 2.\u201c Ein einfaches aber stimmiges Ger\u00fcst, mit dem der Kommunikationsprofi seit Jahren erfolgreich agiert. Hier bei\u00dfe es sich aber oft mit der t\u00e4glichen Stiftungspraxis, erg\u00e4nzte Florian Hinze. Vielen Stiftungen falle es genau schwer, Botschaften (die verfangen) zu formulieren und eben dann die gew\u00fcnschten Zielgruppen zu erreichen. Stiftungskommunikation aber direkt mit neuen Projekten von vorne mitzudenken, sei schon mal ein Schritt in die absolut richtige Richtung.<\/p>\n\n\n\n<blockquote class=\"wp-block-quote td_quote_box td_box_center is-layout-flow wp-block-quote-is-layout-flow\">\n<p><br><strong><em><u>MediatheksTipp:<\/u><\/em><\/strong><em> <\/em><br><em>Die einzelnen Talks des live ausgestrahlten #sokoms25 Fr\u00fchst\u00fccksfernsehens finden Sie in der <a href=\"https:\/\/sokoms.de\/sokoms25-mediathek\/\" target=\"_blank\" rel=\"noreferrer noopener\">#sokoms Mediathek<\/a>, dort sind \u00fcbrigens auch Bildergalerien von beiden Tagen, Shorts mit einigen Protagonisten und die Inhalte auf #sokoms24 zu finden.<\/em><\/p>\n<\/blockquote>\n\n\n\n<h2 class=\"wp-block-heading\">\u201eS\u2018 muss menscheln\u201c<\/h2>\n\n\n\n<p>Katja Ludt von der B\u00fcrgerstiftung Braunschweig sagte in ihrem \u201eOffen gesprochen\u201c-Talk mit Axel Braun von der Stiftung Polytechnische Gesellschaft einen Satz, der so alt wie g\u00fcltig ist: \u201eEs muss menscheln.\u201c. Stiftungskommunikation, die das schaffe, k\u00f6nne gar nicht verkehrt, war sich Katja Ludt sicher. Sie berichtete vom anf\u00e4nglichen B\u00fcrgerBrunch, der so viele Geschichten lieferte, dass es leicht war, diese dann auch kommunikativ zu teilen \u2013 und lieferte die zentrale Frage rund um die kommunikative DNA einer jeden Stiftung gleich mit: \u201eWie begeistere ich als Stiftung?\u201c, um diese Frage sollte sich Stiftungskommunikation zuvorderst drehen. Axel Braun teilte indessen die Erfahrungen aus dem Stadtfest zum 20j\u00e4hrigen Jubil\u00e4um \u201eseiner\u201c Stiftung Polytechnische Gesellschaft. Um dieses Fest aufzusetzen, sch\u00e4lte sich rasch eine Frage heraus: Welche Kraft steckt in der Frankfurter Stadtgesellschaft? Die Antwort lautete dann, dass die Stiftung diese Kr\u00e4fte kitzelt und sichtbar macht mit einem Jubil\u00e4umsfest inmitten der Stadt.<\/p>\n\n\n\n<h2 class=\"wp-block-heading\">\u201eMindestens einmal stellen wir alles in Frage\u201c<\/h2>\n\n\n\n<p>Spannend war zudem, wie Axel Braun den Reflektionsprozess zur Kommunikation in der Stiftung Polytechnische Gesellschaft beschrieb. Mindestens einmal stellen wir regelm\u00e4\u00dfig alles in Frage. Im Zuge des Jubil\u00e4ums stellte sich so beispielsweise heraus, dass f\u00fcr das Fest weitaus mehr Menschen digital erreicht w\u00fcrden, und das gute alte Magazin eingestellt werden k\u00f6nnte (auch im Sinne von einsparen). Stiftungen m\u00fcssen aber eine Herausforderung trotzdem meistern: \u201eEs ist eine Herausforderung, sich zu fokussieren.\u201c Alles machen, das kann eine Stiftung durchaus \u00fcberfordern, durchhalten ist eine wichtige Disziplin auch in der Stiftungskommunikation, aber alles durchhalten, das kann ein Irrweg sein. Im \u201eOffen gesprochen\u201c-Talk mit Birgit Hubner von Gallafilz und Joachim Sina von Gruen alpha ging es hier noch einmal in die Tiefe. Birgit Hubner wies zudem auf einen wichtigen Unterschied hin: \u201eStiftungen m\u00fcssen zwischen Kampagne und Einzelma\u00dfnahme unterscheiden\u201c.<\/p>\n\n\n\n<h2 class=\"wp-block-heading\">\u201eEs ist nicht einfach, einen Fundraiser zu finden.\u201c<\/h2>\n\n\n\n<p>Es ist die Frage, was eine Stiftung leisten kann, hier muss sie sich ehrlich machen. Kann sie eine kommunikative Einzelma\u00dfnahme noch gut und solide umsetzen, hei\u00dft das nicht, dass sie auch eine ganze Kampagne fahren kann. Joachim Sina von Gruen alpha stie\u00df ins gleiche Horn und verdeutlichte, dass es schwierig sein wird, einen passenden Fundraiser zu finden. Oder anders: Der Fundraiser muss ein guter sein, er muss zur Stiftung passen, und er muss verf\u00fcgbar sein in dem Moment, wenn die Stiftung den Bedarf hat. Drei Kriterien, bei deren Umsetzungen aus Stiftungssicht auch Kampagnenprofis und KI-Agenten ins Spiel kommen. F\u00fcr Birgit Hubner und Joachim Sina ist die Technologie hier Fluch und Segen zugleich. <a href=\"https:\/\/stiftungsmarktplatz.eu\/blog\/weil-ki-in-der-stiftungspraxis-ankommt\/\" target=\"_blank\" rel=\"noreferrer noopener\">Nat\u00fcrlich hilft die Technik, aber KI-Agenten sind eben auch keine eierlegende Wollmilchsau.<\/a> Manches in der Stiftungskommunikation lasse sich durchaus automatisieren, aber eben nicht alles, und vermutlich von den essentiellen Dingen, die gute Stiftungskommunikation nun einmal ausmachen.<\/p>\n\n\n\n<h2 class=\"wp-block-heading\">\u201eIst es nicht eine Idee, Wissensmanagement in den ChatBot zu verlagern?\u201c<\/h2>\n\n\n\n<p>Im finalen \u201eOffen gesprochen\u201c-Talk mit Katrin Kowark von der Stiftung Erinnerung Verantwortung Zukunft (EVZ) brachte Axel Braun noch einmal neue Aspekte des Ausprobierens ins Spiel. Wir testen gerade die Arbeit mit Mikroinfluencern, schauen, was sich hier f\u00fcr Reichweiten und Nutzwerte ergeben. <\/p>\n\n\n\n<p>Katrin Kowark, ihrerseits extra aus Berlin zu #sokoms25 angereist, verwies ebenfalls auf die neuen Medien und die damit verbundenen M\u00f6glichkeiten. \u201eErinnerung lebendig halten\u201c, das sei ihr Anliegen, und dazu bieten die digitalen R\u00e4ume sehr viele M\u00f6glichkeiten, insbesondere auch, wenn man diese mit den physischen Erinnerungspunkten verbinde. <\/p>\n\n\n\n<p>Aus Katrin Kowark sprach der Profi, sie berichtete ebenfalls vom 25j\u00e4hrigen Jubil\u00e4um der Stiftung EVZ, davon, dass Erinnerung ein Zukunftsthema sei und das moderne Stiftungskommunikation hierbei die zentrale Rolle spiele. Angesprochen auf die intensive Bildsprache ihrer Stiftung wies sie darauf, dass Bilder auch geb\u00fcndelte Emotionen seien, und je st\u00e4rker die Bilder seien, desto st\u00e4rker sei auch die daraus transportierte Emotion. Das leuchtete ein \u2013 es war ein TopVoiceTalk der Kategorie \u201eInspirativer Klartext\u201c.<\/p>\n\n\n\n<figure class=\"wp-block-image size-large\"><a href=\"http:\/\/www.meinstiftungsexperte.de\" target=\"_blank\" rel=\" noreferrer noopener\"><img loading=\"lazy\" decoding=\"async\" width=\"1024\" height=\"535\" src=\"https:\/\/stiftungsmarktplatz.eu\/blog\/wp-content\/uploads\/2024\/12\/stiftungsexperten-handbuch2025-1024x535.jpg\" alt=\"Stiftungsexperten Handbuch 2025\" class=\"wp-image-8255\" srcset=\"https:\/\/stiftungsmarktplatz.eu\/blog\/wp-content\/uploads\/2024\/12\/stiftungsexperten-handbuch2025-1024x535.jpg 1024w, https:\/\/stiftungsmarktplatz.eu\/blog\/wp-content\/uploads\/2024\/12\/stiftungsexperten-handbuch2025-300x157.jpg 300w, https:\/\/stiftungsmarktplatz.eu\/blog\/wp-content\/uploads\/2024\/12\/stiftungsexperten-handbuch2025-768x401.jpg 768w, https:\/\/stiftungsmarktplatz.eu\/blog\/wp-content\/uploads\/2024\/12\/stiftungsexperten-handbuch2025-696x364.jpg 696w, https:\/\/stiftungsmarktplatz.eu\/blog\/wp-content\/uploads\/2024\/12\/stiftungsexperten-handbuch2025-1068x558.jpg 1068w, https:\/\/stiftungsmarktplatz.eu\/blog\/wp-content\/uploads\/2024\/12\/stiftungsexperten-handbuch2025.jpg 1200w\" sizes=\"auto, (max-width: 1024px) 100vw, 1024px\" \/><\/a><\/figure>\n\n\n\n<h2 class=\"wp-block-heading\">Zusammengefasst<\/h2>\n\n\n\n<p>Die \u201eOffen gesprochen\u201c-Talks waren echte #sokoms25 Highlights. Unsere Talkg\u00e4ste nahmen kein Blatt vor den Mund, brachten Insights aus ihrer t\u00e4glichen Stiftungspraxis mit. M\u00fcssten wir die Talk mit einem Satz zusammenfassen, es w\u00e4re der folgende: \u201e<a href=\"https:\/\/stiftungsmarktplatz.eu\/blog\/stiftungskommunikation-ist-handwerk\/\" target=\"_blank\" rel=\"noreferrer noopener\">Stiftungskommunikation verbindet Haltung und Handwerk, ist Pflicht und K\u00fcr zugleich, muss DNA jeder Stiftung sein.<\/a>\u201c Unser take away ist, dass die Stiftungslandschaft vielerorts auf dem kommunikativen Weg ist, aber noch nicht allerorts. Dazu ist das \u201eTransparenz ist Ehrensache\u201c noch nicht \u00fcberall angekommen. Aber, wie ist es mit dem Marathon: Jeder beginnt mit dem ersten Kilometer.<br><\/p>\n","protected":false},"excerpt":{"rendered":"<p><span class=\"span-reading-time rt-reading-time\" style=\"display: block;\"><span class=\"rt-label rt-prefix\">Lesezeit: <\/span> <span class=\"rt-time\"> 4<\/span> <span class=\"rt-label rt-postfix\">Minuten<\/span><\/span>Stiftungskommunikation und der Hosen-runter-Moment \u2013 auch das war Thema bei #sokoms25. Im ExpertenTalk \u201eOffen gesprochen\u201c war es Florian Hinze von phineo, der Stiftungen und deren Kommunikationsverantwortliche auch ein St\u00fcck weit ins Gebet nahm. Macht Euch mal ehrlich, legt auf den Tisch was nicht funktioniert hat und macht dann umso besser in der Stiftungskommunikation weiter. Das war offen gesprochen, aber es gab noch andere starke S\u00e4tze, die an Tag 1 von #sokoms25 fielen.Eine Nachlese in gesprochenen Worten.<\/p>\n","protected":false},"author":8,"featured_media":9228,"comment_status":"closed","ping_status":"open","sticky":false,"template":"","format":"standard","meta":{"ngg_post_thumbnail":0,"footnotes":""},"categories":[6],"tags":[145,284,418,442],"class_list":{"0":"post-9212","1":"post","2":"type-post","3":"status-publish","4":"format-standard","5":"has-post-thumbnail","7":"category-stiftungskommunikation-und-ki","8":"tag-stiftungskommunikation","9":"tag-stiftungsevent","10":"tag-ki","11":"tag-sokoms"},"yoast_head":"<!-- This site is optimized with the Yoast SEO plugin v27.4 - https:\/\/yoast.com\/product\/yoast-seo-wordpress\/ -->\n<title>Stiftungskommunikation hei\u00dft auch \u201eHosen runter, was lief schief?\u201c - Der Stiftungsblog f\u00fcr die Stiftungspraxis<\/title>\n<meta name=\"description\" content=\"Stiftungskommunikation und der Hosen-runter-Moment \u2013 auch das war Thema bei #sokoms25. Im ExpertenTalk \u201eOffen gesprochen\u201c war es Florian Hinze von phineo, der Stiftungen und deren Kommunikationsverantwortliche auch ein St\u00fcck weit ins Gebet nahm. Macht Euch mal ehrlich, legt auf den Tisch was nicht funktioniert hat und macht dann umso besser in der Stiftungskommunikation weiter. Das war offen gesprochen, aber es gab noch andere starke S\u00e4tze, die an Tag 1 von #sokoms25 fielen.Eine Nachlese in gesprochenen Worten.\" \/>\n<meta name=\"robots\" content=\"index, follow, max-snippet:-1, max-image-preview:large, max-video-preview:-1\" \/>\n<link rel=\"canonical\" href=\"https:\/\/stiftungsmarktplatz.eu\/blog\/stiftungskommunikation-heisst-auch-hosen-runter-was-lief-schief\/\" \/>\n<meta property=\"og:locale\" content=\"de_DE\" \/>\n<meta property=\"og:type\" content=\"article\" \/>\n<meta property=\"og:title\" content=\"Stiftungskommunikation hei\u00dft auch \u201eHosen runter, was lief schief?\u201c - Der Stiftungsblog f\u00fcr die Stiftungspraxis\" \/>\n<meta property=\"og:description\" content=\"Stiftungskommunikation und der Hosen-runter-Moment \u2013 auch das war Thema bei #sokoms25. Im ExpertenTalk \u201eOffen gesprochen\u201c war es Florian Hinze von phineo, der Stiftungen und deren Kommunikationsverantwortliche auch ein St\u00fcck weit ins Gebet nahm. Macht Euch mal ehrlich, legt auf den Tisch was nicht funktioniert hat und macht dann umso besser in der Stiftungskommunikation weiter. Das war offen gesprochen, aber es gab noch andere starke S\u00e4tze, die an Tag 1 von #sokoms25 fielen.Eine Nachlese in gesprochenen Worten.\" \/>\n<meta property=\"og:url\" content=\"https:\/\/stiftungsmarktplatz.eu\/blog\/stiftungskommunikation-heisst-auch-hosen-runter-was-lief-schief\/\" \/>\n<meta property=\"og:site_name\" content=\"Der Stiftungsblog f\u00fcr die Stiftungspraxis\" \/>\n<meta property=\"article:published_time\" content=\"2025-12-02T12:44:45+00:00\" \/>\n<meta property=\"og:image\" content=\"https:\/\/stiftungsmarktplatz.eu\/blog\/wp-content\/uploads\/2025\/12\/sokoms25-Offen-gesprochen.jpg\" \/>\n\t<meta property=\"og:image:width\" content=\"1200\" \/>\n\t<meta property=\"og:image:height\" content=\"675\" \/>\n\t<meta property=\"og:image:type\" content=\"image\/jpeg\" \/>\n<meta name=\"author\" content=\"Tobias Karow\" \/>\n<meta name=\"twitter:card\" content=\"summary_large_image\" \/>\n<meta name=\"twitter:label1\" content=\"Verfasst von\" \/>\n\t<meta name=\"twitter:data1\" content=\"Tobias Karow\" \/>\n\t<meta name=\"twitter:label2\" content=\"Gesch\u00e4tzte Lesezeit\" \/>\n\t<meta name=\"twitter:data2\" content=\"7\u00a0Minuten\" \/>\n<script type=\"application\/ld+json\" class=\"yoast-schema-graph\">{\"@context\":\"https:\\\/\\\/schema.org\",\"@graph\":[{\"@type\":\"Article\",\"@id\":\"https:\\\/\\\/stiftungsmarktplatz.eu\\\/blog\\\/stiftungskommunikation-heisst-auch-hosen-runter-was-lief-schief\\\/#article\",\"isPartOf\":{\"@id\":\"https:\\\/\\\/stiftungsmarktplatz.eu\\\/blog\\\/stiftungskommunikation-heisst-auch-hosen-runter-was-lief-schief\\\/\"},\"author\":{\"name\":\"Tobias Karow\",\"@id\":\"https:\\\/\\\/stiftungsmarktplatz.eu\\\/blog\\\/#\\\/schema\\\/person\\\/3a42780bf87a2088578f1e8077ccfa44\"},\"headline\":\"Stiftungskommunikation hei\u00dft auch \u201eHosen runter, was lief schief?\u201c\",\"datePublished\":\"2025-12-02T12:44:45+00:00\",\"mainEntityOfPage\":{\"@id\":\"https:\\\/\\\/stiftungsmarktplatz.eu\\\/blog\\\/stiftungskommunikation-heisst-auch-hosen-runter-was-lief-schief\\\/\"},\"wordCount\":1197,\"publisher\":{\"@id\":\"https:\\\/\\\/stiftungsmarktplatz.eu\\\/blog\\\/#organization\"},\"image\":{\"@id\":\"https:\\\/\\\/stiftungsmarktplatz.eu\\\/blog\\\/stiftungskommunikation-heisst-auch-hosen-runter-was-lief-schief\\\/#primaryimage\"},\"thumbnailUrl\":\"https:\\\/\\\/stiftungsmarktplatz.eu\\\/blog\\\/wp-content\\\/uploads\\\/2025\\\/12\\\/sokoms25-Offen-gesprochen.jpg\",\"keywords\":[\"Stiftungskommunikation\",\"Stiftungsevent\",\"KI\",\"sokoms\"],\"articleSection\":[\"Stiftungskommunikation und KI\"],\"inLanguage\":\"de\"},{\"@type\":\"WebPage\",\"@id\":\"https:\\\/\\\/stiftungsmarktplatz.eu\\\/blog\\\/stiftungskommunikation-heisst-auch-hosen-runter-was-lief-schief\\\/\",\"url\":\"https:\\\/\\\/stiftungsmarktplatz.eu\\\/blog\\\/stiftungskommunikation-heisst-auch-hosen-runter-was-lief-schief\\\/\",\"name\":\"Stiftungskommunikation hei\u00dft auch \u201eHosen runter, was lief schief?\u201c - Der Stiftungsblog f\u00fcr die Stiftungspraxis\",\"isPartOf\":{\"@id\":\"https:\\\/\\\/stiftungsmarktplatz.eu\\\/blog\\\/#website\"},\"primaryImageOfPage\":{\"@id\":\"https:\\\/\\\/stiftungsmarktplatz.eu\\\/blog\\\/stiftungskommunikation-heisst-auch-hosen-runter-was-lief-schief\\\/#primaryimage\"},\"image\":{\"@id\":\"https:\\\/\\\/stiftungsmarktplatz.eu\\\/blog\\\/stiftungskommunikation-heisst-auch-hosen-runter-was-lief-schief\\\/#primaryimage\"},\"thumbnailUrl\":\"https:\\\/\\\/stiftungsmarktplatz.eu\\\/blog\\\/wp-content\\\/uploads\\\/2025\\\/12\\\/sokoms25-Offen-gesprochen.jpg\",\"datePublished\":\"2025-12-02T12:44:45+00:00\",\"description\":\"Stiftungskommunikation und der Hosen-runter-Moment \u2013 auch das war Thema bei #sokoms25. Im ExpertenTalk \u201eOffen gesprochen\u201c war es Florian Hinze von phineo, der Stiftungen und deren Kommunikationsverantwortliche auch ein St\u00fcck weit ins Gebet nahm. Macht Euch mal ehrlich, legt auf den Tisch was nicht funktioniert hat und macht dann umso besser in der Stiftungskommunikation weiter. Das war offen gesprochen, aber es gab noch andere starke S\u00e4tze, die an Tag 1 von #sokoms25 fielen.Eine Nachlese in gesprochenen Worten.\",\"breadcrumb\":{\"@id\":\"https:\\\/\\\/stiftungsmarktplatz.eu\\\/blog\\\/stiftungskommunikation-heisst-auch-hosen-runter-was-lief-schief\\\/#breadcrumb\"},\"inLanguage\":\"de\",\"potentialAction\":[{\"@type\":\"ReadAction\",\"target\":[\"https:\\\/\\\/stiftungsmarktplatz.eu\\\/blog\\\/stiftungskommunikation-heisst-auch-hosen-runter-was-lief-schief\\\/\"]}]},{\"@type\":\"ImageObject\",\"inLanguage\":\"de\",\"@id\":\"https:\\\/\\\/stiftungsmarktplatz.eu\\\/blog\\\/stiftungskommunikation-heisst-auch-hosen-runter-was-lief-schief\\\/#primaryimage\",\"url\":\"https:\\\/\\\/stiftungsmarktplatz.eu\\\/blog\\\/wp-content\\\/uploads\\\/2025\\\/12\\\/sokoms25-Offen-gesprochen.jpg\",\"contentUrl\":\"https:\\\/\\\/stiftungsmarktplatz.eu\\\/blog\\\/wp-content\\\/uploads\\\/2025\\\/12\\\/sokoms25-Offen-gesprochen.jpg\",\"width\":1200,\"height\":675,\"caption\":\"sokoms25 - Offen gesprochen\"},{\"@type\":\"BreadcrumbList\",\"@id\":\"https:\\\/\\\/stiftungsmarktplatz.eu\\\/blog\\\/stiftungskommunikation-heisst-auch-hosen-runter-was-lief-schief\\\/#breadcrumb\",\"itemListElement\":[{\"@type\":\"ListItem\",\"position\":1,\"name\":\"Startseite\",\"item\":\"https:\\\/\\\/stiftungsmarktplatz.eu\\\/blog\\\/\"},{\"@type\":\"ListItem\",\"position\":2,\"name\":\"Stiftungskommunikation hei\u00dft auch \u201eHosen runter, was lief schief?\u201c\"}]},{\"@type\":\"WebSite\",\"@id\":\"https:\\\/\\\/stiftungsmarktplatz.eu\\\/blog\\\/#website\",\"url\":\"https:\\\/\\\/stiftungsmarktplatz.eu\\\/blog\\\/\",\"name\":\"Der Stiftungsblog f\u00fcr die Stiftungspraxis\",\"description\":\"#stiftungenst\u00e4rken - NPO-Expertise von NPO-Experten\",\"publisher\":{\"@id\":\"https:\\\/\\\/stiftungsmarktplatz.eu\\\/blog\\\/#organization\"},\"potentialAction\":[{\"@type\":\"SearchAction\",\"target\":{\"@type\":\"EntryPoint\",\"urlTemplate\":\"https:\\\/\\\/stiftungsmarktplatz.eu\\\/blog\\\/?s={search_term_string}\"},\"query-input\":{\"@type\":\"PropertyValueSpecification\",\"valueRequired\":true,\"valueName\":\"search_term_string\"}}],\"inLanguage\":\"de\"},{\"@type\":\"Organization\",\"@id\":\"https:\\\/\\\/stiftungsmarktplatz.eu\\\/blog\\\/#organization\",\"name\":\"stiftungsmarktplatz.eu GbR\",\"url\":\"https:\\\/\\\/stiftungsmarktplatz.eu\\\/blog\\\/\",\"logo\":{\"@type\":\"ImageObject\",\"inLanguage\":\"de\",\"@id\":\"https:\\\/\\\/stiftungsmarktplatz.eu\\\/blog\\\/#\\\/schema\\\/logo\\\/image\\\/\",\"url\":\"https:\\\/\\\/stiftungsmarktplatz.eu\\\/blog\\\/wp-content\\\/uploads\\\/2020\\\/03\\\/Logo-blog-retina.png\",\"contentUrl\":\"https:\\\/\\\/stiftungsmarktplatz.eu\\\/blog\\\/wp-content\\\/uploads\\\/2020\\\/03\\\/Logo-blog-retina.png\",\"width\":140,\"height\":130,\"caption\":\"stiftungsmarktplatz.eu GbR\"},\"image\":{\"@id\":\"https:\\\/\\\/stiftungsmarktplatz.eu\\\/blog\\\/#\\\/schema\\\/logo\\\/image\\\/\"},\"sameAs\":[\"https:\\\/\\\/www.linkedin.com\\\/company\\\/18563519\\\/\",\"https:\\\/\\\/www.youtube.com\\\/channel\\\/UCQrF6RQRFGxTokVV4nbx25Q\"]},{\"@type\":\"Person\",\"@id\":\"https:\\\/\\\/stiftungsmarktplatz.eu\\\/blog\\\/#\\\/schema\\\/person\\\/3a42780bf87a2088578f1e8077ccfa44\",\"name\":\"Tobias Karow\",\"image\":{\"@type\":\"ImageObject\",\"inLanguage\":\"de\",\"@id\":\"https:\\\/\\\/stiftungsmarktplatz.eu\\\/blog\\\/wp-content\\\/uploads\\\/2024\\\/05\\\/tobias-karow-2024-150x150.png\",\"url\":\"https:\\\/\\\/stiftungsmarktplatz.eu\\\/blog\\\/wp-content\\\/uploads\\\/2024\\\/05\\\/tobias-karow-2024-150x150.png\",\"contentUrl\":\"https:\\\/\\\/stiftungsmarktplatz.eu\\\/blog\\\/wp-content\\\/uploads\\\/2024\\\/05\\\/tobias-karow-2024-150x150.png\",\"caption\":\"Tobias Karow\"},\"description\":\"ist Gr\u00fcnder und Gesch\u00e4ftsf\u00fchrer von stiftungsmarktplatz.eu und im Stiftungswesen in Deutschland, \u00d6sterreich, der Schweiz und Liechtenstein seit 10 Jahren aktiv. Er ist Herausgeber der FondsFibel f\u00fcr Stiftungen &amp; NPOs, dem f\u00fchrenden Nachschlagewerk f\u00fcr Stiftungsfonds und stiftungsgeeignete Fonds (www.fondsfibel.de), Vortr\u00e4ge h\u00e4lt er vor allem zum Thema \u201aStiftungen und ihr Weg in die digitale Welt\u2018. F\u00fcr beide Themen betreibt er den Blog #stiftungenst\u00e4rken.\",\"sameAs\":[\"https:\\\/\\\/www.fondsfibel.de\"],\"url\":\"https:\\\/\\\/stiftungsmarktplatz.eu\\\/blog\\\/author\\\/tobias-karow\\\/\"}]}<\/script>\n<!-- \/ Yoast SEO plugin. -->","yoast_head_json":{"title":"Stiftungskommunikation hei\u00dft auch \u201eHosen runter, was lief schief?\u201c - Der Stiftungsblog f\u00fcr die Stiftungspraxis","description":"Stiftungskommunikation und der Hosen-runter-Moment \u2013 auch das war Thema bei #sokoms25. Im ExpertenTalk \u201eOffen gesprochen\u201c war es Florian Hinze von phineo, der Stiftungen und deren Kommunikationsverantwortliche auch ein St\u00fcck weit ins Gebet nahm. Macht Euch mal ehrlich, legt auf den Tisch was nicht funktioniert hat und macht dann umso besser in der Stiftungskommunikation weiter. Das war offen gesprochen, aber es gab noch andere starke S\u00e4tze, die an Tag 1 von #sokoms25 fielen.Eine Nachlese in gesprochenen Worten.","robots":{"index":"index","follow":"follow","max-snippet":"max-snippet:-1","max-image-preview":"max-image-preview:large","max-video-preview":"max-video-preview:-1"},"canonical":"https:\/\/stiftungsmarktplatz.eu\/blog\/stiftungskommunikation-heisst-auch-hosen-runter-was-lief-schief\/","og_locale":"de_DE","og_type":"article","og_title":"Stiftungskommunikation hei\u00dft auch \u201eHosen runter, was lief schief?\u201c - Der Stiftungsblog f\u00fcr die Stiftungspraxis","og_description":"Stiftungskommunikation und der Hosen-runter-Moment \u2013 auch das war Thema bei #sokoms25. Im ExpertenTalk \u201eOffen gesprochen\u201c war es Florian Hinze von phineo, der Stiftungen und deren Kommunikationsverantwortliche auch ein St\u00fcck weit ins Gebet nahm. Macht Euch mal ehrlich, legt auf den Tisch was nicht funktioniert hat und macht dann umso besser in der Stiftungskommunikation weiter. Das war offen gesprochen, aber es gab noch andere starke S\u00e4tze, die an Tag 1 von #sokoms25 fielen.Eine Nachlese in gesprochenen Worten.","og_url":"https:\/\/stiftungsmarktplatz.eu\/blog\/stiftungskommunikation-heisst-auch-hosen-runter-was-lief-schief\/","og_site_name":"Der Stiftungsblog f\u00fcr die Stiftungspraxis","article_published_time":"2025-12-02T12:44:45+00:00","og_image":[{"width":1200,"height":675,"url":"https:\/\/stiftungsmarktplatz.eu\/blog\/wp-content\/uploads\/2025\/12\/sokoms25-Offen-gesprochen.jpg","type":"image\/jpeg"}],"author":"Tobias Karow","twitter_card":"summary_large_image","twitter_misc":{"Verfasst von":"Tobias Karow","Gesch\u00e4tzte Lesezeit":"7\u00a0Minuten"},"schema":{"@context":"https:\/\/schema.org","@graph":[{"@type":"Article","@id":"https:\/\/stiftungsmarktplatz.eu\/blog\/stiftungskommunikation-heisst-auch-hosen-runter-was-lief-schief\/#article","isPartOf":{"@id":"https:\/\/stiftungsmarktplatz.eu\/blog\/stiftungskommunikation-heisst-auch-hosen-runter-was-lief-schief\/"},"author":{"name":"Tobias Karow","@id":"https:\/\/stiftungsmarktplatz.eu\/blog\/#\/schema\/person\/3a42780bf87a2088578f1e8077ccfa44"},"headline":"Stiftungskommunikation hei\u00dft auch \u201eHosen runter, was lief schief?\u201c","datePublished":"2025-12-02T12:44:45+00:00","mainEntityOfPage":{"@id":"https:\/\/stiftungsmarktplatz.eu\/blog\/stiftungskommunikation-heisst-auch-hosen-runter-was-lief-schief\/"},"wordCount":1197,"publisher":{"@id":"https:\/\/stiftungsmarktplatz.eu\/blog\/#organization"},"image":{"@id":"https:\/\/stiftungsmarktplatz.eu\/blog\/stiftungskommunikation-heisst-auch-hosen-runter-was-lief-schief\/#primaryimage"},"thumbnailUrl":"https:\/\/stiftungsmarktplatz.eu\/blog\/wp-content\/uploads\/2025\/12\/sokoms25-Offen-gesprochen.jpg","keywords":["Stiftungskommunikation","Stiftungsevent","KI","sokoms"],"articleSection":["Stiftungskommunikation und KI"],"inLanguage":"de"},{"@type":"WebPage","@id":"https:\/\/stiftungsmarktplatz.eu\/blog\/stiftungskommunikation-heisst-auch-hosen-runter-was-lief-schief\/","url":"https:\/\/stiftungsmarktplatz.eu\/blog\/stiftungskommunikation-heisst-auch-hosen-runter-was-lief-schief\/","name":"Stiftungskommunikation hei\u00dft auch \u201eHosen runter, was lief schief?\u201c - Der Stiftungsblog f\u00fcr die Stiftungspraxis","isPartOf":{"@id":"https:\/\/stiftungsmarktplatz.eu\/blog\/#website"},"primaryImageOfPage":{"@id":"https:\/\/stiftungsmarktplatz.eu\/blog\/stiftungskommunikation-heisst-auch-hosen-runter-was-lief-schief\/#primaryimage"},"image":{"@id":"https:\/\/stiftungsmarktplatz.eu\/blog\/stiftungskommunikation-heisst-auch-hosen-runter-was-lief-schief\/#primaryimage"},"thumbnailUrl":"https:\/\/stiftungsmarktplatz.eu\/blog\/wp-content\/uploads\/2025\/12\/sokoms25-Offen-gesprochen.jpg","datePublished":"2025-12-02T12:44:45+00:00","description":"Stiftungskommunikation und der Hosen-runter-Moment \u2013 auch das war Thema bei #sokoms25. Im ExpertenTalk \u201eOffen gesprochen\u201c war es Florian Hinze von phineo, der Stiftungen und deren Kommunikationsverantwortliche auch ein St\u00fcck weit ins Gebet nahm. Macht Euch mal ehrlich, legt auf den Tisch was nicht funktioniert hat und macht dann umso besser in der Stiftungskommunikation weiter. Das war offen gesprochen, aber es gab noch andere starke S\u00e4tze, die an Tag 1 von #sokoms25 fielen.Eine Nachlese in gesprochenen Worten.","breadcrumb":{"@id":"https:\/\/stiftungsmarktplatz.eu\/blog\/stiftungskommunikation-heisst-auch-hosen-runter-was-lief-schief\/#breadcrumb"},"inLanguage":"de","potentialAction":[{"@type":"ReadAction","target":["https:\/\/stiftungsmarktplatz.eu\/blog\/stiftungskommunikation-heisst-auch-hosen-runter-was-lief-schief\/"]}]},{"@type":"ImageObject","inLanguage":"de","@id":"https:\/\/stiftungsmarktplatz.eu\/blog\/stiftungskommunikation-heisst-auch-hosen-runter-was-lief-schief\/#primaryimage","url":"https:\/\/stiftungsmarktplatz.eu\/blog\/wp-content\/uploads\/2025\/12\/sokoms25-Offen-gesprochen.jpg","contentUrl":"https:\/\/stiftungsmarktplatz.eu\/blog\/wp-content\/uploads\/2025\/12\/sokoms25-Offen-gesprochen.jpg","width":1200,"height":675,"caption":"sokoms25 - Offen gesprochen"},{"@type":"BreadcrumbList","@id":"https:\/\/stiftungsmarktplatz.eu\/blog\/stiftungskommunikation-heisst-auch-hosen-runter-was-lief-schief\/#breadcrumb","itemListElement":[{"@type":"ListItem","position":1,"name":"Startseite","item":"https:\/\/stiftungsmarktplatz.eu\/blog\/"},{"@type":"ListItem","position":2,"name":"Stiftungskommunikation hei\u00dft auch \u201eHosen runter, was lief schief?\u201c"}]},{"@type":"WebSite","@id":"https:\/\/stiftungsmarktplatz.eu\/blog\/#website","url":"https:\/\/stiftungsmarktplatz.eu\/blog\/","name":"Der Stiftungsblog f\u00fcr die Stiftungspraxis","description":"#stiftungenst\u00e4rken - NPO-Expertise von NPO-Experten","publisher":{"@id":"https:\/\/stiftungsmarktplatz.eu\/blog\/#organization"},"potentialAction":[{"@type":"SearchAction","target":{"@type":"EntryPoint","urlTemplate":"https:\/\/stiftungsmarktplatz.eu\/blog\/?s={search_term_string}"},"query-input":{"@type":"PropertyValueSpecification","valueRequired":true,"valueName":"search_term_string"}}],"inLanguage":"de"},{"@type":"Organization","@id":"https:\/\/stiftungsmarktplatz.eu\/blog\/#organization","name":"stiftungsmarktplatz.eu GbR","url":"https:\/\/stiftungsmarktplatz.eu\/blog\/","logo":{"@type":"ImageObject","inLanguage":"de","@id":"https:\/\/stiftungsmarktplatz.eu\/blog\/#\/schema\/logo\/image\/","url":"https:\/\/stiftungsmarktplatz.eu\/blog\/wp-content\/uploads\/2020\/03\/Logo-blog-retina.png","contentUrl":"https:\/\/stiftungsmarktplatz.eu\/blog\/wp-content\/uploads\/2020\/03\/Logo-blog-retina.png","width":140,"height":130,"caption":"stiftungsmarktplatz.eu GbR"},"image":{"@id":"https:\/\/stiftungsmarktplatz.eu\/blog\/#\/schema\/logo\/image\/"},"sameAs":["https:\/\/www.linkedin.com\/company\/18563519\/","https:\/\/www.youtube.com\/channel\/UCQrF6RQRFGxTokVV4nbx25Q"]},{"@type":"Person","@id":"https:\/\/stiftungsmarktplatz.eu\/blog\/#\/schema\/person\/3a42780bf87a2088578f1e8077ccfa44","name":"Tobias Karow","image":{"@type":"ImageObject","inLanguage":"de","@id":"https:\/\/stiftungsmarktplatz.eu\/blog\/wp-content\/uploads\/2024\/05\/tobias-karow-2024-150x150.png","url":"https:\/\/stiftungsmarktplatz.eu\/blog\/wp-content\/uploads\/2024\/05\/tobias-karow-2024-150x150.png","contentUrl":"https:\/\/stiftungsmarktplatz.eu\/blog\/wp-content\/uploads\/2024\/05\/tobias-karow-2024-150x150.png","caption":"Tobias Karow"},"description":"ist Gr\u00fcnder und Gesch\u00e4ftsf\u00fchrer von stiftungsmarktplatz.eu und im Stiftungswesen in Deutschland, \u00d6sterreich, der Schweiz und Liechtenstein seit 10 Jahren aktiv. Er ist Herausgeber der FondsFibel f\u00fcr Stiftungen &amp; NPOs, dem f\u00fchrenden Nachschlagewerk f\u00fcr Stiftungsfonds und stiftungsgeeignete Fonds (www.fondsfibel.de), Vortr\u00e4ge h\u00e4lt er vor allem zum Thema \u201aStiftungen und ihr Weg in die digitale Welt\u2018. F\u00fcr beide Themen betreibt er den Blog #stiftungenst\u00e4rken.","sameAs":["https:\/\/www.fondsfibel.de"],"url":"https:\/\/stiftungsmarktplatz.eu\/blog\/author\/tobias-karow\/"}]}},"post_mailing_queue_ids":[],"_links":{"self":[{"href":"https:\/\/stiftungsmarktplatz.eu\/blog\/wp-json\/wp\/v2\/posts\/9212","targetHints":{"allow":["GET"]}}],"collection":[{"href":"https:\/\/stiftungsmarktplatz.eu\/blog\/wp-json\/wp\/v2\/posts"}],"about":[{"href":"https:\/\/stiftungsmarktplatz.eu\/blog\/wp-json\/wp\/v2\/types\/post"}],"author":[{"embeddable":true,"href":"https:\/\/stiftungsmarktplatz.eu\/blog\/wp-json\/wp\/v2\/users\/8"}],"replies":[{"embeddable":true,"href":"https:\/\/stiftungsmarktplatz.eu\/blog\/wp-json\/wp\/v2\/comments?post=9212"}],"version-history":[{"count":15,"href":"https:\/\/stiftungsmarktplatz.eu\/blog\/wp-json\/wp\/v2\/posts\/9212\/revisions"}],"predecessor-version":[{"id":9230,"href":"https:\/\/stiftungsmarktplatz.eu\/blog\/wp-json\/wp\/v2\/posts\/9212\/revisions\/9230"}],"wp:featuredmedia":[{"embeddable":true,"href":"https:\/\/stiftungsmarktplatz.eu\/blog\/wp-json\/wp\/v2\/media\/9228"}],"wp:attachment":[{"href":"https:\/\/stiftungsmarktplatz.eu\/blog\/wp-json\/wp\/v2\/media?parent=9212"}],"wp:term":[{"taxonomy":"category","embeddable":true,"href":"https:\/\/stiftungsmarktplatz.eu\/blog\/wp-json\/wp\/v2\/categories?post=9212"},{"taxonomy":"post_tag","embeddable":true,"href":"https:\/\/stiftungsmarktplatz.eu\/blog\/wp-json\/wp\/v2\/tags?post=9212"}],"curies":[{"name":"wp","href":"https:\/\/api.w.org\/{rel}","templated":true}]}}