{"id":9062,"date":"2025-10-20T13:38:48","date_gmt":"2025-10-20T11:38:48","guid":{"rendered":"https:\/\/stiftungsmarktplatz.eu\/blog\/?p=9062"},"modified":"2025-10-20T13:41:43","modified_gmt":"2025-10-20T11:41:43","slug":"weil-wir-machen-schon-was-auf-linkedin-nicht-reicht","status":"publish","type":"post","link":"https:\/\/stiftungsmarktplatz.eu\/blog\/weil-wir-machen-schon-was-auf-linkedin-nicht-reicht\/","title":{"rendered":"Weil \u201ewir machen schon was auf LinkedIn\u201c nicht reicht"},"content":{"rendered":"<span class=\"span-reading-time rt-reading-time\" style=\"display: block;\"><span class=\"rt-label rt-prefix\">Lesezeit: <\/span> <span class=\"rt-time\"> 3<\/span> <span class=\"rt-label rt-postfix\">Minuten<\/span><\/span>\n<p><em>Stiftungen ver\u00e4ndern die Gesellschaft \u2013 Tag f\u00fcr Tag, leise, wirkungsvoll, manchmal sogar ziemlich unsichtbar. Und genau das ist das Problem. Wer Wirkung erzielt, sollte auch dar\u00fcber sprechen. Doch viele Stiftungen tun sich noch schwer damit, Kommunikation strategisch, mutig und zeitgem\u00e4\u00df zu denken. \u201eWir machen das Gute \u2013 andere sollen dar\u00fcber reden\u201c funktioniert in einer Welt, die von Storys, Likes und Aufmerksamkeit lebt, nicht mehr. Kommunikation ist heute kein Beiwerk, sie ist Teil der Wirkung. Und sie verdient mehr als ein paar Social-Media-Posts im Jahr.<\/em> <em>Zeit also, Stiftungskommunikation neu zu denken \u2013 digitaler, dialogischer, strategischer.<\/em><\/p>\n\n\n\n<h2 class=\"wp-block-heading\">Digitale Kommunikation: Emotionen sind das neue Argument<\/h2>\n\n\n\n<p>Digital zu kommunizieren hei\u00dft nicht, einfach analoges Denken ins Internet zu kippen. Es bedeutet, Menschen wirklich zu erreichen. Emotional, direkt, verst\u00e4ndlich. Fundraising, F\u00f6rderkommunikation, \u00d6ffentlichkeitsarbeit: Alles steht und f\u00e4llt mit der F\u00e4higkeit, Geschichten zu erz\u00e4hlen, die ber\u00fchren. Denn Menschen spenden nicht f\u00fcr Paragraphen, sondern f\u00fcr Gef\u00fchle. Sie engagieren sich nicht f\u00fcr Verwaltung, sondern f\u00fcr Visionen. Nur Stiftungen, die ihre Wirkung mit echten Gesichtern, klarer Sprache und Haltung in Geschichten \u00fcbersetzen k\u00f6nnen, schaffen N\u00e4he und Vertrauen. Es geht nicht (nur) um die Anzahl der Posts oder Follower, sondern in erster Linie um Relevanz und Resonanz. Wer klug kommuniziert, nutzt digitale Kan\u00e4le, um Gemeinschaft zu schaffen und nicht, um Content abzufeuern.<\/p>\n\n\n\n<p>Bei der <strong>#sokoms25<\/strong> sprechen Florian Hinze (phineo) und Axel Braun (Stiftung Polytechnische Gesellschaft) dar\u00fcber, was zeitgem\u00e4\u00dfe Stiftungskommunikation heute ausmacht und warum Authentizit\u00e4t das beste KPI ist.<\/p>\n\n\n\n<h2 class=\"wp-block-heading\">Dialogr\u00e4ume \u00f6ffnen: Kollaboration statt Sendebetrieb<\/h2>\n\n\n\n<p>Kommunikation hei\u00dft heute: reden, zuh\u00f6ren, gemeinsam gestalten. Die Zeit der Einbahnstra\u00dfenkommunikation ist l\u00e4ngst vorbei. Wer nur sendet, bleibt ungeh\u00f6rt. Kennen wir auch aus dem Privaten, oder? Die spannendsten Entwicklungen im Stiftungswesen entstehen dort, wo echte Dialogr\u00e4ume ge\u00f6ffnet werden: Wenn F\u00f6rdernde, Partner und Community zusammenkommen, wenn man gemeinsam \u00fcber Ziele, Ideen und Wirkung spricht. So ein Dialog st\u00e4rkt nicht nur Beziehungen; er schafft auch Vertrauen und Zugeh\u00f6rigkeit. Und ja, das ist oft viel Arbeit. Es braucht Mut, Fragen zu stellen und Kontrolle abzugeben. Aber genau darin liegt die St\u00e4rke unserer lebendigen Zivilgesellschaft.<\/p>\n\n\n\n<p>Auch das wird Thema bei der <strong>#sokoms25<\/strong> \u2013 Birgit Hubner zeigt in \u201eDie neue Dimension des Beziehungsmarketings\u201c, wie Kommunikation echte Bindung schafft.<\/p>\n\n\n\n<h2 class=\"wp-block-heading\">Kommunikation als strategische Aufgabe: Wirkung braucht Struktur<\/h2>\n\n\n\n<p>\u201eDas macht bei uns jemand mit.\u201c \u2013 dieser Satz ist in vielen Stiftungen noch Realit\u00e4t. Kommunikation l\u00e4uft oft nebenbei, ohne klare Zust\u00e4ndigkeiten, ohne Strategie, ohne Budget. Dabei ist sie l\u00e4ngst eine Kernaufgabe. Wirkungsvolle Kommunikation braucht Ressourcen: Zeit, Know-how und Entscheidungsfreiheit. Wer strategisch denkt, baut Strukturen auf. Vom Redaktionsplan \u00fcber Prozesse bis hin zur Erfolgsmessung. Kommunikation ist kein Anh\u00e4ngsel, sondern die Basis, auf die wir bauen: Sie verbindet das Erz\u00e4hlen, das Fundraising und die Au\u00dfenwirkung zu einem stimmigen Ganzen. Stiftungen, die das verstanden haben, investieren in Kompetenzen, f\u00f6rdern ihre Mitarbeitenden weiter und sehen Kommunikation als langfristiges Projekt, nicht als kurzfristige Ma\u00dfnahme.<\/p>\n\n\n\n<p>Inspiration dazu liefert auf der <strong>#sokoms25<\/strong> der Workshop \u201eErz\u00e4hlen, kommunizieren, fundraisen \u2013 wie baue ich ein kommunikatives Haus?\u201c mit Joachim Sina und Insa Heinemann.<\/p>\n\n\n\n<figure class=\"wp-block-image size-large\"><a href=\"http:\/\/www.meinstiftungsexperte.de\" target=\"_blank\" rel=\" noreferrer noopener\"><img loading=\"lazy\" decoding=\"async\" width=\"1024\" height=\"535\" src=\"https:\/\/stiftungsmarktplatz.eu\/blog\/wp-content\/uploads\/2024\/12\/stiftungsexperten-handbuch2025-1024x535.jpg\" alt=\"Stiftungsexperten Handbuch 2025\" class=\"wp-image-8255\" srcset=\"https:\/\/stiftungsmarktplatz.eu\/blog\/wp-content\/uploads\/2024\/12\/stiftungsexperten-handbuch2025-1024x535.jpg 1024w, https:\/\/stiftungsmarktplatz.eu\/blog\/wp-content\/uploads\/2024\/12\/stiftungsexperten-handbuch2025-300x157.jpg 300w, https:\/\/stiftungsmarktplatz.eu\/blog\/wp-content\/uploads\/2024\/12\/stiftungsexperten-handbuch2025-768x401.jpg 768w, https:\/\/stiftungsmarktplatz.eu\/blog\/wp-content\/uploads\/2024\/12\/stiftungsexperten-handbuch2025-696x364.jpg 696w, https:\/\/stiftungsmarktplatz.eu\/blog\/wp-content\/uploads\/2024\/12\/stiftungsexperten-handbuch2025-1068x558.jpg 1068w, https:\/\/stiftungsmarktplatz.eu\/blog\/wp-content\/uploads\/2024\/12\/stiftungsexperten-handbuch2025.jpg 1200w\" sizes=\"auto, (max-width: 1024px) 100vw, 1024px\" \/><\/a><\/figure>\n\n\n\n<h2 class=\"wp-block-heading\">Zusammengefasst<\/h2>\n\n\n\n<p>Stiftungskommunikation neu denken hei\u00dft: sich trauen, sich zeigen, sich organisieren. Es bedeutet, Menschen f\u00fcr die Sache zu gewinnen, statt sie nur zu informieren. Und Dialoge zu er\u00f6ffnen, statt nur Pressemitteilungen zu versenden. Es braucht Mut, Ressourcen und manchmal auch Geduld. Doch es lohnt sich! Nur wer geh\u00f6rt wird, kann ver\u00e4ndern.<\/p>\n\n\n\n<p>Jetzt Tickets sichern und mitdiskutieren: <a href=\"https:\/\/sokoms.de\/\" target=\"_blank\" rel=\"noreferrer noopener\">#sokoms25 Tickets hier!<\/a><\/p>\n\n\n\n<figure class=\"wp-block-image size-large\"><a href=\"https:\/\/sokoms.de\/\" target=\"_blank\" rel=\" noreferrer noopener\"><img loading=\"lazy\" decoding=\"async\" width=\"1024\" height=\"576\" src=\"https:\/\/stiftungsmarktplatz.eu\/blog\/wp-content\/uploads\/2025\/10\/sokoms25-Der-Plakat-Teaser-1024x576.jpg\" alt=\"\" class=\"wp-image-9065\" srcset=\"https:\/\/stiftungsmarktplatz.eu\/blog\/wp-content\/uploads\/2025\/10\/sokoms25-Der-Plakat-Teaser-1024x576.jpg 1024w, https:\/\/stiftungsmarktplatz.eu\/blog\/wp-content\/uploads\/2025\/10\/sokoms25-Der-Plakat-Teaser-300x169.jpg 300w, https:\/\/stiftungsmarktplatz.eu\/blog\/wp-content\/uploads\/2025\/10\/sokoms25-Der-Plakat-Teaser-768x432.jpg 768w, https:\/\/stiftungsmarktplatz.eu\/blog\/wp-content\/uploads\/2025\/10\/sokoms25-Der-Plakat-Teaser-696x392.jpg 696w, https:\/\/stiftungsmarktplatz.eu\/blog\/wp-content\/uploads\/2025\/10\/sokoms25-Der-Plakat-Teaser-1068x601.jpg 1068w, https:\/\/stiftungsmarktplatz.eu\/blog\/wp-content\/uploads\/2025\/10\/sokoms25-Der-Plakat-Teaser.jpg 1200w\" sizes=\"auto, (max-width: 1024px) 100vw, 1024px\" \/><\/a><\/figure>\n","protected":false},"excerpt":{"rendered":"<p><span class=\"span-reading-time rt-reading-time\" style=\"display: block;\"><span class=\"rt-label rt-prefix\">Lesezeit: <\/span> <span class=\"rt-time\"> 3<\/span> <span class=\"rt-label rt-postfix\">Minuten<\/span><\/span>Es hei\u00dft immer, Stiftungen in \u00d6sterreich, das sind ein paar hundert gemeinn\u00fctzige Stiftungen und gut 3.000 Privatstiftungen, die immer h\u00e4ufiger einer versteinerten Kapitalsammelstelle gleichen. Aber, und das ist die wichtigste, f\u00fcr unser StiftungsAp\u00e9ro-Team um Kathrin Succow und Kathrin Hartkopf, war dies keine \u00dcberraschung. Denn die Stiftungslandschaft in \u00d6sterreich hat nicht nur Stereotype zu bieten, sondern Macherinnen und Macher, viele engagierte Menschen, die sich um das Gemeinwesen in \u00d6sterreich sorgen und Sorge tragen m\u00f6chten, dass sich diese Sorgen zerstreuen. Unsere Nachlese zum StiftungsAp\u00e9ro in Salzburg.<\/p>\n","protected":false},"author":42,"featured_media":9064,"comment_status":"closed","ping_status":"open","sticky":false,"template":"","format":"standard","meta":{"ngg_post_thumbnail":0,"footnotes":""},"categories":[6],"tags":[37,145,284,442],"class_list":{"0":"post-9062","1":"post","2":"type-post","3":"status-publish","4":"format-standard","5":"has-post-thumbnail","7":"category-stiftungskommunikation-und-ki","8":"tag-stiftungsnetzwerke","9":"tag-stiftungskommunikation","10":"tag-stiftungsevent","11":"tag-sokoms"},"yoast_head":"<!-- This site is optimized with the Yoast SEO plugin v27.4 - https:\/\/yoast.com\/product\/yoast-seo-wordpress\/ -->\n<title>Weil \u201ewir machen schon was auf LinkedIn\u201c nicht reicht - Der Stiftungsblog f\u00fcr die Stiftungspraxis<\/title>\n<meta name=\"description\" content=\"Stiftungskommunikation neu denken \u2013 ein Arbeitsauftrag f\u00fcr praktisch jede Stiftung. Weil \u201ewir machen schon was auf LinkedIn\u201c nicht reicht.\" \/>\n<meta name=\"robots\" content=\"index, follow, max-snippet:-1, max-image-preview:large, max-video-preview:-1\" \/>\n<link rel=\"canonical\" href=\"https:\/\/stiftungsmarktplatz.eu\/blog\/weil-wir-machen-schon-was-auf-linkedin-nicht-reicht\/\" \/>\n<meta property=\"og:locale\" content=\"de_DE\" \/>\n<meta property=\"og:type\" content=\"article\" \/>\n<meta property=\"og:title\" content=\"Weil \u201ewir machen schon was auf LinkedIn\u201c nicht reicht - Der Stiftungsblog f\u00fcr die Stiftungspraxis\" \/>\n<meta property=\"og:description\" content=\"Stiftungskommunikation neu denken \u2013 ein Arbeitsauftrag f\u00fcr praktisch jede Stiftung. Weil \u201ewir machen schon was auf LinkedIn\u201c nicht reicht.\" \/>\n<meta property=\"og:url\" content=\"https:\/\/stiftungsmarktplatz.eu\/blog\/weil-wir-machen-schon-was-auf-linkedin-nicht-reicht\/\" \/>\n<meta property=\"og:site_name\" content=\"Der Stiftungsblog f\u00fcr die Stiftungspraxis\" \/>\n<meta property=\"article:published_time\" content=\"2025-10-20T11:38:48+00:00\" \/>\n<meta property=\"article:modified_time\" content=\"2025-10-20T11:41:43+00:00\" \/>\n<meta property=\"og:image\" content=\"https:\/\/stiftungsmarktplatz.eu\/blog\/wp-content\/uploads\/2025\/10\/sokoms25_Digitale-Stiftungskommunikation.jpg\" \/>\n\t<meta property=\"og:image:width\" content=\"1200\" \/>\n\t<meta property=\"og:image:height\" content=\"675\" \/>\n\t<meta property=\"og:image:type\" content=\"image\/jpeg\" \/>\n<meta name=\"author\" content=\"Lena H\u00e4fermann\" \/>\n<meta name=\"twitter:card\" content=\"summary_large_image\" \/>\n<meta name=\"twitter:label1\" content=\"Verfasst von\" \/>\n\t<meta name=\"twitter:data1\" content=\"Lena H\u00e4fermann\" \/>\n\t<meta name=\"twitter:label2\" content=\"Gesch\u00e4tzte Lesezeit\" \/>\n\t<meta name=\"twitter:data2\" content=\"4\u00a0Minuten\" \/>\n<script type=\"application\/ld+json\" class=\"yoast-schema-graph\">{\"@context\":\"https:\\\/\\\/schema.org\",\"@graph\":[{\"@type\":\"Article\",\"@id\":\"https:\\\/\\\/stiftungsmarktplatz.eu\\\/blog\\\/weil-wir-machen-schon-was-auf-linkedin-nicht-reicht\\\/#article\",\"isPartOf\":{\"@id\":\"https:\\\/\\\/stiftungsmarktplatz.eu\\\/blog\\\/weil-wir-machen-schon-was-auf-linkedin-nicht-reicht\\\/\"},\"author\":{\"name\":\"Lena H\u00e4fermann\",\"@id\":\"https:\\\/\\\/stiftungsmarktplatz.eu\\\/blog\\\/#\\\/schema\\\/person\\\/9784a43f02797cd524fe707c7e6d8536\"},\"headline\":\"Weil \u201ewir machen schon was auf LinkedIn\u201c nicht reicht\",\"datePublished\":\"2025-10-20T11:38:48+00:00\",\"dateModified\":\"2025-10-20T11:41:43+00:00\",\"mainEntityOfPage\":{\"@id\":\"https:\\\/\\\/stiftungsmarktplatz.eu\\\/blog\\\/weil-wir-machen-schon-was-auf-linkedin-nicht-reicht\\\/\"},\"wordCount\":595,\"publisher\":{\"@id\":\"https:\\\/\\\/stiftungsmarktplatz.eu\\\/blog\\\/#organization\"},\"image\":{\"@id\":\"https:\\\/\\\/stiftungsmarktplatz.eu\\\/blog\\\/weil-wir-machen-schon-was-auf-linkedin-nicht-reicht\\\/#primaryimage\"},\"thumbnailUrl\":\"https:\\\/\\\/stiftungsmarktplatz.eu\\\/blog\\\/wp-content\\\/uploads\\\/2025\\\/10\\\/sokoms25_Digitale-Stiftungskommunikation.jpg\",\"keywords\":[\"Stiftungsnetzwerke\",\"Stiftungskommunikation\",\"Stiftungsevent\",\"sokoms\"],\"articleSection\":[\"Stiftungskommunikation und KI\"],\"inLanguage\":\"de\"},{\"@type\":\"WebPage\",\"@id\":\"https:\\\/\\\/stiftungsmarktplatz.eu\\\/blog\\\/weil-wir-machen-schon-was-auf-linkedin-nicht-reicht\\\/\",\"url\":\"https:\\\/\\\/stiftungsmarktplatz.eu\\\/blog\\\/weil-wir-machen-schon-was-auf-linkedin-nicht-reicht\\\/\",\"name\":\"Weil \u201ewir machen schon was auf LinkedIn\u201c nicht reicht - Der Stiftungsblog f\u00fcr die Stiftungspraxis\",\"isPartOf\":{\"@id\":\"https:\\\/\\\/stiftungsmarktplatz.eu\\\/blog\\\/#website\"},\"primaryImageOfPage\":{\"@id\":\"https:\\\/\\\/stiftungsmarktplatz.eu\\\/blog\\\/weil-wir-machen-schon-was-auf-linkedin-nicht-reicht\\\/#primaryimage\"},\"image\":{\"@id\":\"https:\\\/\\\/stiftungsmarktplatz.eu\\\/blog\\\/weil-wir-machen-schon-was-auf-linkedin-nicht-reicht\\\/#primaryimage\"},\"thumbnailUrl\":\"https:\\\/\\\/stiftungsmarktplatz.eu\\\/blog\\\/wp-content\\\/uploads\\\/2025\\\/10\\\/sokoms25_Digitale-Stiftungskommunikation.jpg\",\"datePublished\":\"2025-10-20T11:38:48+00:00\",\"dateModified\":\"2025-10-20T11:41:43+00:00\",\"description\":\"Stiftungskommunikation neu denken \u2013 ein Arbeitsauftrag f\u00fcr praktisch jede Stiftung. Weil \u201ewir machen schon was auf LinkedIn\u201c nicht reicht.\",\"breadcrumb\":{\"@id\":\"https:\\\/\\\/stiftungsmarktplatz.eu\\\/blog\\\/weil-wir-machen-schon-was-auf-linkedin-nicht-reicht\\\/#breadcrumb\"},\"inLanguage\":\"de\",\"potentialAction\":[{\"@type\":\"ReadAction\",\"target\":[\"https:\\\/\\\/stiftungsmarktplatz.eu\\\/blog\\\/weil-wir-machen-schon-was-auf-linkedin-nicht-reicht\\\/\"]}]},{\"@type\":\"ImageObject\",\"inLanguage\":\"de\",\"@id\":\"https:\\\/\\\/stiftungsmarktplatz.eu\\\/blog\\\/weil-wir-machen-schon-was-auf-linkedin-nicht-reicht\\\/#primaryimage\",\"url\":\"https:\\\/\\\/stiftungsmarktplatz.eu\\\/blog\\\/wp-content\\\/uploads\\\/2025\\\/10\\\/sokoms25_Digitale-Stiftungskommunikation.jpg\",\"contentUrl\":\"https:\\\/\\\/stiftungsmarktplatz.eu\\\/blog\\\/wp-content\\\/uploads\\\/2025\\\/10\\\/sokoms25_Digitale-Stiftungskommunikation.jpg\",\"width\":1200,\"height\":675,\"caption\":\"Digitale Stiftungskommunikation - sokoms25\"},{\"@type\":\"BreadcrumbList\",\"@id\":\"https:\\\/\\\/stiftungsmarktplatz.eu\\\/blog\\\/weil-wir-machen-schon-was-auf-linkedin-nicht-reicht\\\/#breadcrumb\",\"itemListElement\":[{\"@type\":\"ListItem\",\"position\":1,\"name\":\"Startseite\",\"item\":\"https:\\\/\\\/stiftungsmarktplatz.eu\\\/blog\\\/\"},{\"@type\":\"ListItem\",\"position\":2,\"name\":\"Weil \u201ewir machen schon was auf LinkedIn\u201c nicht reicht\"}]},{\"@type\":\"WebSite\",\"@id\":\"https:\\\/\\\/stiftungsmarktplatz.eu\\\/blog\\\/#website\",\"url\":\"https:\\\/\\\/stiftungsmarktplatz.eu\\\/blog\\\/\",\"name\":\"Der Stiftungsblog f\u00fcr die Stiftungspraxis\",\"description\":\"#stiftungenst\u00e4rken - NPO-Expertise von NPO-Experten\",\"publisher\":{\"@id\":\"https:\\\/\\\/stiftungsmarktplatz.eu\\\/blog\\\/#organization\"},\"potentialAction\":[{\"@type\":\"SearchAction\",\"target\":{\"@type\":\"EntryPoint\",\"urlTemplate\":\"https:\\\/\\\/stiftungsmarktplatz.eu\\\/blog\\\/?s={search_term_string}\"},\"query-input\":{\"@type\":\"PropertyValueSpecification\",\"valueRequired\":true,\"valueName\":\"search_term_string\"}}],\"inLanguage\":\"de\"},{\"@type\":\"Organization\",\"@id\":\"https:\\\/\\\/stiftungsmarktplatz.eu\\\/blog\\\/#organization\",\"name\":\"stiftungsmarktplatz.eu GbR\",\"url\":\"https:\\\/\\\/stiftungsmarktplatz.eu\\\/blog\\\/\",\"logo\":{\"@type\":\"ImageObject\",\"inLanguage\":\"de\",\"@id\":\"https:\\\/\\\/stiftungsmarktplatz.eu\\\/blog\\\/#\\\/schema\\\/logo\\\/image\\\/\",\"url\":\"https:\\\/\\\/stiftungsmarktplatz.eu\\\/blog\\\/wp-content\\\/uploads\\\/2020\\\/03\\\/Logo-blog-retina.png\",\"contentUrl\":\"https:\\\/\\\/stiftungsmarktplatz.eu\\\/blog\\\/wp-content\\\/uploads\\\/2020\\\/03\\\/Logo-blog-retina.png\",\"width\":140,\"height\":130,\"caption\":\"stiftungsmarktplatz.eu GbR\"},\"image\":{\"@id\":\"https:\\\/\\\/stiftungsmarktplatz.eu\\\/blog\\\/#\\\/schema\\\/logo\\\/image\\\/\"},\"sameAs\":[\"https:\\\/\\\/www.linkedin.com\\\/company\\\/18563519\\\/\",\"https:\\\/\\\/www.youtube.com\\\/channel\\\/UCQrF6RQRFGxTokVV4nbx25Q\"]},{\"@type\":\"Person\",\"@id\":\"https:\\\/\\\/stiftungsmarktplatz.eu\\\/blog\\\/#\\\/schema\\\/person\\\/9784a43f02797cd524fe707c7e6d8536\",\"name\":\"Lena H\u00e4fermann\",\"image\":{\"@type\":\"ImageObject\",\"inLanguage\":\"de\",\"@id\":\"https:\\\/\\\/stiftungsmarktplatz.eu\\\/blog\\\/wp-content\\\/uploads\\\/2024\\\/11\\\/Lena-Haefermann-150x150.png\",\"url\":\"https:\\\/\\\/stiftungsmarktplatz.eu\\\/blog\\\/wp-content\\\/uploads\\\/2024\\\/11\\\/Lena-Haefermann-150x150.png\",\"contentUrl\":\"https:\\\/\\\/stiftungsmarktplatz.eu\\\/blog\\\/wp-content\\\/uploads\\\/2024\\\/11\\\/Lena-Haefermann-150x150.png\",\"caption\":\"Lena H\u00e4fermann\"},\"description\":\"Lena H\u00e4fermann ist Autorin, Texterin und Gr\u00fcnderin der Plattform Lokale Momente, ein digitaler Marktplatz f\u00fcr regionale Erlebnisse. Sie lebt seit ihrem Studium in Bremen. Die Hansestadt und Norddeutschland spielen in ihren B\u00fcchern die Hauptrolle: in Reisef\u00fchrern, gem\u00fctlichen Kriminalromanen und Liebesgeschichten. Als Redakteurin schreibt sie f\u00fcr regionale Wirtschaftsmagazine \u00fcber diverse Themen.\",\"url\":\"https:\\\/\\\/stiftungsmarktplatz.eu\\\/blog\\\/author\\\/lena-haefermann\\\/\"}]}<\/script>\n<!-- \/ Yoast SEO plugin. -->","yoast_head_json":{"title":"Weil \u201ewir machen schon was auf LinkedIn\u201c nicht reicht - Der Stiftungsblog f\u00fcr die Stiftungspraxis","description":"Stiftungskommunikation neu denken \u2013 ein Arbeitsauftrag f\u00fcr praktisch jede Stiftung. Weil \u201ewir machen schon was auf LinkedIn\u201c nicht reicht.","robots":{"index":"index","follow":"follow","max-snippet":"max-snippet:-1","max-image-preview":"max-image-preview:large","max-video-preview":"max-video-preview:-1"},"canonical":"https:\/\/stiftungsmarktplatz.eu\/blog\/weil-wir-machen-schon-was-auf-linkedin-nicht-reicht\/","og_locale":"de_DE","og_type":"article","og_title":"Weil \u201ewir machen schon was auf LinkedIn\u201c nicht reicht - Der Stiftungsblog f\u00fcr die Stiftungspraxis","og_description":"Stiftungskommunikation neu denken \u2013 ein Arbeitsauftrag f\u00fcr praktisch jede Stiftung. Weil \u201ewir machen schon was auf LinkedIn\u201c nicht reicht.","og_url":"https:\/\/stiftungsmarktplatz.eu\/blog\/weil-wir-machen-schon-was-auf-linkedin-nicht-reicht\/","og_site_name":"Der Stiftungsblog f\u00fcr die Stiftungspraxis","article_published_time":"2025-10-20T11:38:48+00:00","article_modified_time":"2025-10-20T11:41:43+00:00","og_image":[{"width":1200,"height":675,"url":"https:\/\/stiftungsmarktplatz.eu\/blog\/wp-content\/uploads\/2025\/10\/sokoms25_Digitale-Stiftungskommunikation.jpg","type":"image\/jpeg"}],"author":"Lena H\u00e4fermann","twitter_card":"summary_large_image","twitter_misc":{"Verfasst von":"Lena H\u00e4fermann","Gesch\u00e4tzte Lesezeit":"4\u00a0Minuten"},"schema":{"@context":"https:\/\/schema.org","@graph":[{"@type":"Article","@id":"https:\/\/stiftungsmarktplatz.eu\/blog\/weil-wir-machen-schon-was-auf-linkedin-nicht-reicht\/#article","isPartOf":{"@id":"https:\/\/stiftungsmarktplatz.eu\/blog\/weil-wir-machen-schon-was-auf-linkedin-nicht-reicht\/"},"author":{"name":"Lena H\u00e4fermann","@id":"https:\/\/stiftungsmarktplatz.eu\/blog\/#\/schema\/person\/9784a43f02797cd524fe707c7e6d8536"},"headline":"Weil \u201ewir machen schon was auf LinkedIn\u201c nicht reicht","datePublished":"2025-10-20T11:38:48+00:00","dateModified":"2025-10-20T11:41:43+00:00","mainEntityOfPage":{"@id":"https:\/\/stiftungsmarktplatz.eu\/blog\/weil-wir-machen-schon-was-auf-linkedin-nicht-reicht\/"},"wordCount":595,"publisher":{"@id":"https:\/\/stiftungsmarktplatz.eu\/blog\/#organization"},"image":{"@id":"https:\/\/stiftungsmarktplatz.eu\/blog\/weil-wir-machen-schon-was-auf-linkedin-nicht-reicht\/#primaryimage"},"thumbnailUrl":"https:\/\/stiftungsmarktplatz.eu\/blog\/wp-content\/uploads\/2025\/10\/sokoms25_Digitale-Stiftungskommunikation.jpg","keywords":["Stiftungsnetzwerke","Stiftungskommunikation","Stiftungsevent","sokoms"],"articleSection":["Stiftungskommunikation und KI"],"inLanguage":"de"},{"@type":"WebPage","@id":"https:\/\/stiftungsmarktplatz.eu\/blog\/weil-wir-machen-schon-was-auf-linkedin-nicht-reicht\/","url":"https:\/\/stiftungsmarktplatz.eu\/blog\/weil-wir-machen-schon-was-auf-linkedin-nicht-reicht\/","name":"Weil \u201ewir machen schon was auf LinkedIn\u201c nicht reicht - Der Stiftungsblog f\u00fcr die Stiftungspraxis","isPartOf":{"@id":"https:\/\/stiftungsmarktplatz.eu\/blog\/#website"},"primaryImageOfPage":{"@id":"https:\/\/stiftungsmarktplatz.eu\/blog\/weil-wir-machen-schon-was-auf-linkedin-nicht-reicht\/#primaryimage"},"image":{"@id":"https:\/\/stiftungsmarktplatz.eu\/blog\/weil-wir-machen-schon-was-auf-linkedin-nicht-reicht\/#primaryimage"},"thumbnailUrl":"https:\/\/stiftungsmarktplatz.eu\/blog\/wp-content\/uploads\/2025\/10\/sokoms25_Digitale-Stiftungskommunikation.jpg","datePublished":"2025-10-20T11:38:48+00:00","dateModified":"2025-10-20T11:41:43+00:00","description":"Stiftungskommunikation neu denken \u2013 ein Arbeitsauftrag f\u00fcr praktisch jede Stiftung. Weil \u201ewir machen schon was auf LinkedIn\u201c nicht reicht.","breadcrumb":{"@id":"https:\/\/stiftungsmarktplatz.eu\/blog\/weil-wir-machen-schon-was-auf-linkedin-nicht-reicht\/#breadcrumb"},"inLanguage":"de","potentialAction":[{"@type":"ReadAction","target":["https:\/\/stiftungsmarktplatz.eu\/blog\/weil-wir-machen-schon-was-auf-linkedin-nicht-reicht\/"]}]},{"@type":"ImageObject","inLanguage":"de","@id":"https:\/\/stiftungsmarktplatz.eu\/blog\/weil-wir-machen-schon-was-auf-linkedin-nicht-reicht\/#primaryimage","url":"https:\/\/stiftungsmarktplatz.eu\/blog\/wp-content\/uploads\/2025\/10\/sokoms25_Digitale-Stiftungskommunikation.jpg","contentUrl":"https:\/\/stiftungsmarktplatz.eu\/blog\/wp-content\/uploads\/2025\/10\/sokoms25_Digitale-Stiftungskommunikation.jpg","width":1200,"height":675,"caption":"Digitale Stiftungskommunikation - sokoms25"},{"@type":"BreadcrumbList","@id":"https:\/\/stiftungsmarktplatz.eu\/blog\/weil-wir-machen-schon-was-auf-linkedin-nicht-reicht\/#breadcrumb","itemListElement":[{"@type":"ListItem","position":1,"name":"Startseite","item":"https:\/\/stiftungsmarktplatz.eu\/blog\/"},{"@type":"ListItem","position":2,"name":"Weil \u201ewir machen schon was auf LinkedIn\u201c nicht reicht"}]},{"@type":"WebSite","@id":"https:\/\/stiftungsmarktplatz.eu\/blog\/#website","url":"https:\/\/stiftungsmarktplatz.eu\/blog\/","name":"Der Stiftungsblog f\u00fcr die Stiftungspraxis","description":"#stiftungenst\u00e4rken - NPO-Expertise von NPO-Experten","publisher":{"@id":"https:\/\/stiftungsmarktplatz.eu\/blog\/#organization"},"potentialAction":[{"@type":"SearchAction","target":{"@type":"EntryPoint","urlTemplate":"https:\/\/stiftungsmarktplatz.eu\/blog\/?s={search_term_string}"},"query-input":{"@type":"PropertyValueSpecification","valueRequired":true,"valueName":"search_term_string"}}],"inLanguage":"de"},{"@type":"Organization","@id":"https:\/\/stiftungsmarktplatz.eu\/blog\/#organization","name":"stiftungsmarktplatz.eu GbR","url":"https:\/\/stiftungsmarktplatz.eu\/blog\/","logo":{"@type":"ImageObject","inLanguage":"de","@id":"https:\/\/stiftungsmarktplatz.eu\/blog\/#\/schema\/logo\/image\/","url":"https:\/\/stiftungsmarktplatz.eu\/blog\/wp-content\/uploads\/2020\/03\/Logo-blog-retina.png","contentUrl":"https:\/\/stiftungsmarktplatz.eu\/blog\/wp-content\/uploads\/2020\/03\/Logo-blog-retina.png","width":140,"height":130,"caption":"stiftungsmarktplatz.eu GbR"},"image":{"@id":"https:\/\/stiftungsmarktplatz.eu\/blog\/#\/schema\/logo\/image\/"},"sameAs":["https:\/\/www.linkedin.com\/company\/18563519\/","https:\/\/www.youtube.com\/channel\/UCQrF6RQRFGxTokVV4nbx25Q"]},{"@type":"Person","@id":"https:\/\/stiftungsmarktplatz.eu\/blog\/#\/schema\/person\/9784a43f02797cd524fe707c7e6d8536","name":"Lena H\u00e4fermann","image":{"@type":"ImageObject","inLanguage":"de","@id":"https:\/\/stiftungsmarktplatz.eu\/blog\/wp-content\/uploads\/2024\/11\/Lena-Haefermann-150x150.png","url":"https:\/\/stiftungsmarktplatz.eu\/blog\/wp-content\/uploads\/2024\/11\/Lena-Haefermann-150x150.png","contentUrl":"https:\/\/stiftungsmarktplatz.eu\/blog\/wp-content\/uploads\/2024\/11\/Lena-Haefermann-150x150.png","caption":"Lena H\u00e4fermann"},"description":"Lena H\u00e4fermann ist Autorin, Texterin und Gr\u00fcnderin der Plattform Lokale Momente, ein digitaler Marktplatz f\u00fcr regionale Erlebnisse. Sie lebt seit ihrem Studium in Bremen. Die Hansestadt und Norddeutschland spielen in ihren B\u00fcchern die Hauptrolle: in Reisef\u00fchrern, gem\u00fctlichen Kriminalromanen und Liebesgeschichten. Als Redakteurin schreibt sie f\u00fcr regionale Wirtschaftsmagazine \u00fcber diverse Themen.","url":"https:\/\/stiftungsmarktplatz.eu\/blog\/author\/lena-haefermann\/"}]}},"post_mailing_queue_ids":[],"_links":{"self":[{"href":"https:\/\/stiftungsmarktplatz.eu\/blog\/wp-json\/wp\/v2\/posts\/9062","targetHints":{"allow":["GET"]}}],"collection":[{"href":"https:\/\/stiftungsmarktplatz.eu\/blog\/wp-json\/wp\/v2\/posts"}],"about":[{"href":"https:\/\/stiftungsmarktplatz.eu\/blog\/wp-json\/wp\/v2\/types\/post"}],"author":[{"embeddable":true,"href":"https:\/\/stiftungsmarktplatz.eu\/blog\/wp-json\/wp\/v2\/users\/42"}],"replies":[{"embeddable":true,"href":"https:\/\/stiftungsmarktplatz.eu\/blog\/wp-json\/wp\/v2\/comments?post=9062"}],"version-history":[{"count":2,"href":"https:\/\/stiftungsmarktplatz.eu\/blog\/wp-json\/wp\/v2\/posts\/9062\/revisions"}],"predecessor-version":[{"id":9066,"href":"https:\/\/stiftungsmarktplatz.eu\/blog\/wp-json\/wp\/v2\/posts\/9062\/revisions\/9066"}],"wp:featuredmedia":[{"embeddable":true,"href":"https:\/\/stiftungsmarktplatz.eu\/blog\/wp-json\/wp\/v2\/media\/9064"}],"wp:attachment":[{"href":"https:\/\/stiftungsmarktplatz.eu\/blog\/wp-json\/wp\/v2\/media?parent=9062"}],"wp:term":[{"taxonomy":"category","embeddable":true,"href":"https:\/\/stiftungsmarktplatz.eu\/blog\/wp-json\/wp\/v2\/categories?post=9062"},{"taxonomy":"post_tag","embeddable":true,"href":"https:\/\/stiftungsmarktplatz.eu\/blog\/wp-json\/wp\/v2\/tags?post=9062"}],"curies":[{"name":"wp","href":"https:\/\/api.w.org\/{rel}","templated":true}]}}