{"id":9035,"date":"2025-10-15T14:42:00","date_gmt":"2025-10-15T12:42:00","guid":{"rendered":"https:\/\/stiftungsmarktplatz.eu\/blog\/?p=9035"},"modified":"2025-10-15T11:28:03","modified_gmt":"2025-10-15T09:28:03","slug":"stiftungskommunikation-und-das-wofuer","status":"publish","type":"post","link":"https:\/\/stiftungsmarktplatz.eu\/blog\/stiftungskommunikation-und-das-wofuer\/","title":{"rendered":"Stiftungskommunikation und das Wof\u00fcr"},"content":{"rendered":"<span class=\"span-reading-time rt-reading-time\" style=\"display: block;\"><span class=\"rt-label rt-prefix\">Lesezeit: <\/span> <span class=\"rt-time\"> 4<\/span> <span class=\"rt-label rt-postfix\">Minuten<\/span><\/span>\n<p><em>Stiftungskommunikation erweitert den Handlungsspielraum von Stiftungen. Diese These klingt auf den ersten Blick gewagt, aber sie fu\u00dft auch auf der Realit\u00e4t, dass das Umfeld, in dem sich Stiftungen bewegen, zunehmend kommunikativer wird. Kommunikation ist heute Managementaufgabe, Kommunikation zeigt auch, ob sich eine Organisation ver\u00e4ndern und das an sich \u00e4ndernde Rahmenparameter anpassen kann. Sofern das Drumherum ver\u00e4ndert, muss man selbst auch Mut am Neuen wagen. So gesehen ist es nur logisch, dass <a href=\"https:\/\/sokoms.de\/sokoms2025-programm\/\" target=\"_blank\" rel=\"noreferrer noopener\">#sokoms25 zum Festival <\/a>wird.<\/em><\/p>\n\n\n\n<p>Der Diskurs um das Wesen des Stiftungswesens hat sich zuletzt ver\u00e4ndert. Wenn pl\u00f6tzlich nicht mehr von einem Sektor, sondern einem Sumpf gesprochen wird, dann ist etwas im Argen. Ein Sektor, dem so Vieles gelingt, seit Jahrhunderten, ist sicherlich kein Sumpf. Ein Sektor aber, der zu wenig mit seinem Gelingen bzw. seiner gesellschaftlichen Relevanz sichtbar ist, der macht es anderen leicht, mit einzelnen Aspekten, aus denen sich vielleicht sogar ein Nicht-Gelingen ableiten lie\u00dfe, Fragen zum Gesamtger\u00fcst Stiftungssektor zu stellen. Zumal dieser Diskurs in einem Umfeld stattfindet, das als hyperkommunikativ und omniimpulsiv bezeichnet werden kann. Jeder kommuniziert heute, die Schwelle, um zu kommunizieren, liegt nahe null. Jeder kann dar\u00fcber springen, jeder kann L\u00e4rm machen, jeder kann gesehen werden \u2013 schnell, unmittelbar, multikanal.<\/p>\n\n\n\n<h2 class=\"wp-block-heading\">Stiftungen m\u00fcssen kommunikativ auf der H\u00f6he der Zeit agieren<\/h2>\n\n\n\n<p>Dies bedeutet, dass das Grundniveau an L\u00e4rm deutlich h\u00f6her ist als fr\u00fcher, und de Halbwertszeit f\u00fcr das Vergessen einer Nachricht ob der Nachrichtenflut nicht Wochen oder Tage, sondern Stunden oder Minuten sind. In diesem Kontext bauschen sich Diskussionen beispielsweise um die Frage, ob wir Stiftungen \u00fcberhaupt brauchen, binnen kurzer Zeit zu einem Sturm auf, an dessen Ende die Frage pl\u00f6tzlich als berechtigt angesehen werden kann. Weil niemand dagegenh\u00e4lt, weil sich die die dagegenhalten wollen, nicht zusammentun, weil zu viele im Stiftungssektor glauben, dass man solche Wellen nur aussitzen m\u00fcsste, weil man das ja schon immer so gemacht habe. Aber genau hier wird es gestrig. Mit R\u00e4dchen aus den 1980ern im 2025er Media-Getriebe mitzulaufen, das funktioniert nicht. Kommunikativ nicht auf der H\u00f6he der Zeit zu agieren, r\u00e4cht sich an solchen Punkten.<\/p>\n\n\n\n<figure class=\"wp-block-image size-large\"><a href=\"https:\/\/sokoms.de\/\" target=\"_blank\" rel=\" noreferrer noopener\"><img loading=\"lazy\" decoding=\"async\" width=\"1024\" height=\"576\" src=\"https:\/\/stiftungsmarktplatz.eu\/blog\/wp-content\/uploads\/2025\/10\/sokoms25-Map-1024x576.jpg\" alt=\"#sokoms25 Map\" class=\"wp-image-9037\" srcset=\"https:\/\/stiftungsmarktplatz.eu\/blog\/wp-content\/uploads\/2025\/10\/sokoms25-Map-1024x576.jpg 1024w, https:\/\/stiftungsmarktplatz.eu\/blog\/wp-content\/uploads\/2025\/10\/sokoms25-Map-300x169.jpg 300w, https:\/\/stiftungsmarktplatz.eu\/blog\/wp-content\/uploads\/2025\/10\/sokoms25-Map-768x432.jpg 768w, https:\/\/stiftungsmarktplatz.eu\/blog\/wp-content\/uploads\/2025\/10\/sokoms25-Map-696x392.jpg 696w, https:\/\/stiftungsmarktplatz.eu\/blog\/wp-content\/uploads\/2025\/10\/sokoms25-Map-1068x601.jpg 1068w, https:\/\/stiftungsmarktplatz.eu\/blog\/wp-content\/uploads\/2025\/10\/sokoms25-Map.jpg 1200w\" sizes=\"auto, (max-width: 1024px) 100vw, 1024px\" \/><\/a><\/figure>\n\n\n\n<h2 class=\"wp-block-heading\">Kommunikation als Investment in die Stiftungszukunft<\/h2>\n\n\n\n<p>Um Stiftungen, und gemeint sind alle Stiftungen hierzulande, kommunikativ-handwerklich auf die H\u00f6he der Zeit zu bringen, gibt es seit 2024 #sokoms. So kommunizieren Stiftungen hie\u00df es erst als Arbeitstitel, heute bedeutet #sokoms nichts weniger als dass es ein Networking Festival f\u00fcr Stiftungskommunikation, digitale Werkzeuge f\u00fcr die Stiftungspraxis und KI gibt, das allen Stiftungen (und besonders denen, die in der Future Fabrik zu Leipzig unsere G\u00e4ste sind) dabei hilft, sich zu informieren, zu inspirieren, zu lernen, wie dieser gro\u00dfe Kommunikationskosmos funktioniert. Daf\u00fcr haben wir mit dem #sokoms25 Networking Festival einen kleinen Kosmos geschaffen, der die kommunikative Vielfalt zeigt und unz\u00e4hlige Ankn\u00fcpfungspunkte f\u00fcr den Austausch mit Kollegen und Experten bietet. #sokoms25 geht daf\u00fcr auch deswegen nach Leipzig, weil diese Stadt wie keine zweite f\u00fcr Ver\u00e4nderung steht. (verlinken auf #sokoms Prosa) Kommunikation bedeutet f\u00fcr viele Stiftungen eine Ver\u00e4nderung im Heute, deren Ergebnis sich erst im Morgen zeigen wird.<\/p>\n\n\n\n<h2 class=\"wp-block-heading\">Sollten Stiftungen an der Wof\u00fcr-Frage arbeiten?<\/h2>\n\n\n\n<p>Ein Wagnis also, ein Investment in die Stiftungszukunft, aber wer nicht wagt der nicht gewinnt. #sokoms25 m\u00f6chte Stiftungen, Vereine, NGOs und insbesondere deren Kommunikationsverantwortliche hier druckbetanken, damit dieses Investment auch aufgeht. Denn hier als Stiftung zu investieren hei\u00dft auch, an der Wof\u00fcr-Frage zu arbeiten \u2013 und einen Beitrag leisten zu wollen, damit Stiftungen mit ihrem Gelingen sichtbarer Teil des \u00f6ffentlichen Diskurses sind. Stiftungen leisten Enormes f\u00fcr das Gemeinwohl, aber die Frage \u201eWof\u00fcr gibt es Stiftungen eigentlich\u201c h\u00e4ngt damit zusammen, dass dieses Tun f\u00fcr das Gemeinwohl zu wenig gesp\u00fcrt wird, weil es zu unsichtbar ist. Das #sokoms25 Festival sieht sich hier als Impulsgeber f\u00fcr die gesamte Stiftungslandschaft im deutschsprachigen Raum, ist Steigb\u00fcgelhalter, damit das Gelingen, dieser unique relevante Kern stifterischen Schaffens, sichtbar wird \u2013 <a href=\"https:\/\/sokoms.de\/die-sokoms-mission-zero\/\" target=\"_blank\" rel=\"noreferrer noopener\">und es keine H\u00fcrde mehr gibt die Stiftungen daran hindert, zu kommunizieren<\/a>. <\/p>\n\n\n\n<h2 class=\"wp-block-heading\">Stiftungskommunikation muss nicht perfekt sein, nur echt<\/h2>\n\n\n\n<p>Der #sokoms25 Kosmos will Blicke auf Stiftungskommunikation sch\u00e4rfen und Blicke \u00fcber das bisherige kommunikative Tun seitens Stiftungen hinaus weiten. #sokoms25 ist Ort f\u00fcr Inspiration aber auch f\u00fcr Reflektion. Stiftungskommunikation muss nicht perfekt, nur echt, so haben wir es zur #sokoms-Premiere im vergangenen Jahr formuliert, auf dem Festival-Gel\u00e4nde bieten wir Stiftungen ganz verschiedene Ankn\u00fcpfungspunkte, um der eigenen Echtheit bzw. der echten stiftungsindividuellen Kommunikation auf die Spur zu kommen. Mit mehr als 30 Protagonisten, mehr als 50 Workshop-, Praxis Session-, One-on-One-, Roundtable-Angeboten um dem klassischen #sokoms25 Fr\u00fchst\u00fccksfernsehen haben Stiftungen in Leipzig zwischen dem 18.11. ab 12:30 Uhr bis zum 19.11. bis 13:30 Uhr allerhand M\u00f6glichkeiten, kommunikationshandwerklich neue Grundlagen zu schaffen, bzw. voranzukommen. Vielfalt is king, das ist der rote Faden im #sokoms Kosmos.<\/p>\n\n\n\n<figure class=\"wp-block-image size-large\"><a href=\"http:\/\/www.meinstiftungsexperte.de\" target=\"_blank\" rel=\" noreferrer noopener\"><img loading=\"lazy\" decoding=\"async\" width=\"1024\" height=\"535\" src=\"https:\/\/stiftungsmarktplatz.eu\/blog\/wp-content\/uploads\/2024\/12\/stiftungsexperten-handbuch2025-1024x535.jpg\" alt=\"Stiftungsexperten Handbuch 2025\" class=\"wp-image-8255\" srcset=\"https:\/\/stiftungsmarktplatz.eu\/blog\/wp-content\/uploads\/2024\/12\/stiftungsexperten-handbuch2025-1024x535.jpg 1024w, https:\/\/stiftungsmarktplatz.eu\/blog\/wp-content\/uploads\/2024\/12\/stiftungsexperten-handbuch2025-300x157.jpg 300w, https:\/\/stiftungsmarktplatz.eu\/blog\/wp-content\/uploads\/2024\/12\/stiftungsexperten-handbuch2025-768x401.jpg 768w, https:\/\/stiftungsmarktplatz.eu\/blog\/wp-content\/uploads\/2024\/12\/stiftungsexperten-handbuch2025-696x364.jpg 696w, https:\/\/stiftungsmarktplatz.eu\/blog\/wp-content\/uploads\/2024\/12\/stiftungsexperten-handbuch2025-1068x558.jpg 1068w, https:\/\/stiftungsmarktplatz.eu\/blog\/wp-content\/uploads\/2024\/12\/stiftungsexperten-handbuch2025.jpg 1200w\" sizes=\"auto, (max-width: 1024px) 100vw, 1024px\" \/><\/a><\/figure>\n\n\n\n<h2 class=\"wp-block-heading\">Zusammengefasst<\/h2>\n\n\n\n<p><a href=\"https:\/\/sokoms.de\/\" target=\"_blank\" rel=\"noreferrer noopener\">#sokoms25 goes Festival<\/a>, wird zum Hub f\u00fcr das kommunikative Morgen von Stiftungen, Vereinen und NGOs. Festival hei\u00dft vor allem Vielfalt, Vielfalt der Anregungen, Vielfalt der Denkanst\u00f6\u00dfe, Vielfalt der Mitmachangebote, f\u00fcr Stiftungen, f\u00fcr deren Entscheiderinnen und Entscheider. Wie hei\u00dft es so sch\u00f6n? Du kriegst nur das raus, was Du reinsteckst? In diesem Sinne sind wir das #sokoms25 Programm angegangen, wir freuen uns auf reges druckbetanken und ein lebendiges wie fachliches, inspirierendes wie informatives Miteinander in Leipzig. Wir sehen uns.<\/p>\n","protected":false},"excerpt":{"rendered":"<p><span class=\"span-reading-time rt-reading-time\" style=\"display: block;\"><span class=\"rt-label rt-prefix\">Lesezeit: <\/span> <span class=\"rt-time\"> 4<\/span> <span class=\"rt-label rt-postfix\">Minuten<\/span><\/span>Stiftungskommunikation erweitert den Handlungsspielraum von Stiftungen. Diese These klingt auf den ersten Blick gewagt, aber sie fu\u00dft auch auf der Realit\u00e4t, dass das Umfeld, in dem sich Stiftungen bewegen, zunehmend kommunikativer wird. Kommunikation ist heute Managementaufgabe, Kommunikation zeigt auch, ob sich eine Organisation ver\u00e4ndern und das an sich \u00e4ndernde Rahmenparameter anpassen kann. Sofern das Drumherum ver\u00e4ndert, muss man selbst auch Mut am Neuen wagen. So gesehen ist es nur logisch, dass #sokoms25 zum Festival wird.<\/p>\n","protected":false},"author":8,"featured_media":9048,"comment_status":"closed","ping_status":"open","sticky":false,"template":"","format":"standard","meta":{"ngg_post_thumbnail":0,"footnotes":""},"categories":[439],"tags":[37,145,284],"class_list":{"0":"post-9035","1":"post","2":"type-post","3":"status-publish","4":"format-standard","5":"has-post-thumbnail","7":"category-stiftungsapero-events","8":"tag-stiftungsnetzwerke","9":"tag-stiftungskommunikation","10":"tag-stiftungsevent"},"yoast_head":"<!-- This site is optimized with the Yoast SEO plugin v27.4 - https:\/\/yoast.com\/product\/yoast-seo-wordpress\/ -->\n<title>Stiftungskommunikation und das Wof\u00fcr - Der Stiftungsblog f\u00fcr die Stiftungspraxis<\/title>\n<meta name=\"description\" content=\"Stiftungskommunikation erweitert den Handlungsspielraum von Stiftungen. Diese These klingt auf den ersten Blick gewagt, aber sie fu\u00dft auch auf der Realit\u00e4t, dass das Umfeld, in dem sich Stiftungen bewegen, zunehmend kommunikativer wird. Kommunikation ist heute Managementaufgabe, Kommunikation zeigt auch, ob sich eine Organisation ver\u00e4ndern und das an sich \u00e4ndernde Rahmenparameter anpassen kann. Sofern das Drumherum ver\u00e4ndert, muss man selbst auch Mut am Neuen wagen. So gesehen ist es nur logisch, dass #sokoms25 zum Festival wird.\" \/>\n<meta name=\"robots\" content=\"index, follow, max-snippet:-1, max-image-preview:large, max-video-preview:-1\" \/>\n<link rel=\"canonical\" href=\"https:\/\/stiftungsmarktplatz.eu\/blog\/stiftungskommunikation-und-das-wofuer\/\" \/>\n<meta property=\"og:locale\" content=\"de_DE\" \/>\n<meta property=\"og:type\" content=\"article\" \/>\n<meta property=\"og:title\" content=\"Stiftungskommunikation und das Wof\u00fcr - Der Stiftungsblog f\u00fcr die Stiftungspraxis\" \/>\n<meta property=\"og:description\" content=\"Stiftungskommunikation erweitert den Handlungsspielraum von Stiftungen. Diese These klingt auf den ersten Blick gewagt, aber sie fu\u00dft auch auf der Realit\u00e4t, dass das Umfeld, in dem sich Stiftungen bewegen, zunehmend kommunikativer wird. Kommunikation ist heute Managementaufgabe, Kommunikation zeigt auch, ob sich eine Organisation ver\u00e4ndern und das an sich \u00e4ndernde Rahmenparameter anpassen kann. Sofern das Drumherum ver\u00e4ndert, muss man selbst auch Mut am Neuen wagen. So gesehen ist es nur logisch, dass #sokoms25 zum Festival wird.\" \/>\n<meta property=\"og:url\" content=\"https:\/\/stiftungsmarktplatz.eu\/blog\/stiftungskommunikation-und-das-wofuer\/\" \/>\n<meta property=\"og:site_name\" content=\"Der Stiftungsblog f\u00fcr die Stiftungspraxis\" \/>\n<meta property=\"article:published_time\" content=\"2025-10-15T12:42:00+00:00\" \/>\n<meta property=\"og:image\" content=\"https:\/\/stiftungsmarktplatz.eu\/blog\/wp-content\/uploads\/2025\/10\/Stiko-und-das-Wofuer2.jpg\" \/>\n\t<meta property=\"og:image:width\" content=\"1200\" \/>\n\t<meta property=\"og:image:height\" content=\"675\" \/>\n\t<meta property=\"og:image:type\" content=\"image\/jpeg\" \/>\n<meta name=\"author\" content=\"Tobias Karow\" \/>\n<meta name=\"twitter:card\" content=\"summary_large_image\" \/>\n<meta name=\"twitter:label1\" content=\"Verfasst von\" \/>\n\t<meta name=\"twitter:data1\" content=\"Tobias Karow\" \/>\n\t<meta name=\"twitter:label2\" content=\"Gesch\u00e4tzte Lesezeit\" \/>\n\t<meta name=\"twitter:data2\" content=\"6\u00a0Minuten\" \/>\n<script type=\"application\/ld+json\" class=\"yoast-schema-graph\">{\"@context\":\"https:\\\/\\\/schema.org\",\"@graph\":[{\"@type\":\"Article\",\"@id\":\"https:\\\/\\\/stiftungsmarktplatz.eu\\\/blog\\\/stiftungskommunikation-und-das-wofuer\\\/#article\",\"isPartOf\":{\"@id\":\"https:\\\/\\\/stiftungsmarktplatz.eu\\\/blog\\\/stiftungskommunikation-und-das-wofuer\\\/\"},\"author\":{\"name\":\"Tobias Karow\",\"@id\":\"https:\\\/\\\/stiftungsmarktplatz.eu\\\/blog\\\/#\\\/schema\\\/person\\\/3a42780bf87a2088578f1e8077ccfa44\"},\"headline\":\"Stiftungskommunikation und das Wof\u00fcr\",\"datePublished\":\"2025-10-15T12:42:00+00:00\",\"mainEntityOfPage\":{\"@id\":\"https:\\\/\\\/stiftungsmarktplatz.eu\\\/blog\\\/stiftungskommunikation-und-das-wofuer\\\/\"},\"wordCount\":891,\"publisher\":{\"@id\":\"https:\\\/\\\/stiftungsmarktplatz.eu\\\/blog\\\/#organization\"},\"image\":{\"@id\":\"https:\\\/\\\/stiftungsmarktplatz.eu\\\/blog\\\/stiftungskommunikation-und-das-wofuer\\\/#primaryimage\"},\"thumbnailUrl\":\"https:\\\/\\\/stiftungsmarktplatz.eu\\\/blog\\\/wp-content\\\/uploads\\\/2025\\\/10\\\/Stiko-und-das-Wofuer2.jpg\",\"keywords\":[\"Stiftungsnetzwerke\",\"Stiftungskommunikation\",\"Stiftungsevent\"],\"articleSection\":[\"StiftungsAp\u00e9ro &amp; Events\"],\"inLanguage\":\"de\"},{\"@type\":\"WebPage\",\"@id\":\"https:\\\/\\\/stiftungsmarktplatz.eu\\\/blog\\\/stiftungskommunikation-und-das-wofuer\\\/\",\"url\":\"https:\\\/\\\/stiftungsmarktplatz.eu\\\/blog\\\/stiftungskommunikation-und-das-wofuer\\\/\",\"name\":\"Stiftungskommunikation und das Wof\u00fcr - Der Stiftungsblog f\u00fcr die Stiftungspraxis\",\"isPartOf\":{\"@id\":\"https:\\\/\\\/stiftungsmarktplatz.eu\\\/blog\\\/#website\"},\"primaryImageOfPage\":{\"@id\":\"https:\\\/\\\/stiftungsmarktplatz.eu\\\/blog\\\/stiftungskommunikation-und-das-wofuer\\\/#primaryimage\"},\"image\":{\"@id\":\"https:\\\/\\\/stiftungsmarktplatz.eu\\\/blog\\\/stiftungskommunikation-und-das-wofuer\\\/#primaryimage\"},\"thumbnailUrl\":\"https:\\\/\\\/stiftungsmarktplatz.eu\\\/blog\\\/wp-content\\\/uploads\\\/2025\\\/10\\\/Stiko-und-das-Wofuer2.jpg\",\"datePublished\":\"2025-10-15T12:42:00+00:00\",\"description\":\"Stiftungskommunikation erweitert den Handlungsspielraum von Stiftungen. Diese These klingt auf den ersten Blick gewagt, aber sie fu\u00dft auch auf der Realit\u00e4t, dass das Umfeld, in dem sich Stiftungen bewegen, zunehmend kommunikativer wird. Kommunikation ist heute Managementaufgabe, Kommunikation zeigt auch, ob sich eine Organisation ver\u00e4ndern und das an sich \u00e4ndernde Rahmenparameter anpassen kann. Sofern das Drumherum ver\u00e4ndert, muss man selbst auch Mut am Neuen wagen. So gesehen ist es nur logisch, dass #sokoms25 zum Festival wird.\",\"breadcrumb\":{\"@id\":\"https:\\\/\\\/stiftungsmarktplatz.eu\\\/blog\\\/stiftungskommunikation-und-das-wofuer\\\/#breadcrumb\"},\"inLanguage\":\"de\",\"potentialAction\":[{\"@type\":\"ReadAction\",\"target\":[\"https:\\\/\\\/stiftungsmarktplatz.eu\\\/blog\\\/stiftungskommunikation-und-das-wofuer\\\/\"]}]},{\"@type\":\"ImageObject\",\"inLanguage\":\"de\",\"@id\":\"https:\\\/\\\/stiftungsmarktplatz.eu\\\/blog\\\/stiftungskommunikation-und-das-wofuer\\\/#primaryimage\",\"url\":\"https:\\\/\\\/stiftungsmarktplatz.eu\\\/blog\\\/wp-content\\\/uploads\\\/2025\\\/10\\\/Stiko-und-das-Wofuer2.jpg\",\"contentUrl\":\"https:\\\/\\\/stiftungsmarktplatz.eu\\\/blog\\\/wp-content\\\/uploads\\\/2025\\\/10\\\/Stiko-und-das-Wofuer2.jpg\",\"width\":1200,\"height\":675,\"caption\":\"Stiftungskommunikation und das Wof\u00fcr\"},{\"@type\":\"BreadcrumbList\",\"@id\":\"https:\\\/\\\/stiftungsmarktplatz.eu\\\/blog\\\/stiftungskommunikation-und-das-wofuer\\\/#breadcrumb\",\"itemListElement\":[{\"@type\":\"ListItem\",\"position\":1,\"name\":\"Startseite\",\"item\":\"https:\\\/\\\/stiftungsmarktplatz.eu\\\/blog\\\/\"},{\"@type\":\"ListItem\",\"position\":2,\"name\":\"Stiftungskommunikation und das Wof\u00fcr\"}]},{\"@type\":\"WebSite\",\"@id\":\"https:\\\/\\\/stiftungsmarktplatz.eu\\\/blog\\\/#website\",\"url\":\"https:\\\/\\\/stiftungsmarktplatz.eu\\\/blog\\\/\",\"name\":\"Der Stiftungsblog f\u00fcr die Stiftungspraxis\",\"description\":\"#stiftungenst\u00e4rken - NPO-Expertise von NPO-Experten\",\"publisher\":{\"@id\":\"https:\\\/\\\/stiftungsmarktplatz.eu\\\/blog\\\/#organization\"},\"potentialAction\":[{\"@type\":\"SearchAction\",\"target\":{\"@type\":\"EntryPoint\",\"urlTemplate\":\"https:\\\/\\\/stiftungsmarktplatz.eu\\\/blog\\\/?s={search_term_string}\"},\"query-input\":{\"@type\":\"PropertyValueSpecification\",\"valueRequired\":true,\"valueName\":\"search_term_string\"}}],\"inLanguage\":\"de\"},{\"@type\":\"Organization\",\"@id\":\"https:\\\/\\\/stiftungsmarktplatz.eu\\\/blog\\\/#organization\",\"name\":\"stiftungsmarktplatz.eu GbR\",\"url\":\"https:\\\/\\\/stiftungsmarktplatz.eu\\\/blog\\\/\",\"logo\":{\"@type\":\"ImageObject\",\"inLanguage\":\"de\",\"@id\":\"https:\\\/\\\/stiftungsmarktplatz.eu\\\/blog\\\/#\\\/schema\\\/logo\\\/image\\\/\",\"url\":\"https:\\\/\\\/stiftungsmarktplatz.eu\\\/blog\\\/wp-content\\\/uploads\\\/2020\\\/03\\\/Logo-blog-retina.png\",\"contentUrl\":\"https:\\\/\\\/stiftungsmarktplatz.eu\\\/blog\\\/wp-content\\\/uploads\\\/2020\\\/03\\\/Logo-blog-retina.png\",\"width\":140,\"height\":130,\"caption\":\"stiftungsmarktplatz.eu GbR\"},\"image\":{\"@id\":\"https:\\\/\\\/stiftungsmarktplatz.eu\\\/blog\\\/#\\\/schema\\\/logo\\\/image\\\/\"},\"sameAs\":[\"https:\\\/\\\/www.linkedin.com\\\/company\\\/18563519\\\/\",\"https:\\\/\\\/www.youtube.com\\\/channel\\\/UCQrF6RQRFGxTokVV4nbx25Q\"]},{\"@type\":\"Person\",\"@id\":\"https:\\\/\\\/stiftungsmarktplatz.eu\\\/blog\\\/#\\\/schema\\\/person\\\/3a42780bf87a2088578f1e8077ccfa44\",\"name\":\"Tobias Karow\",\"image\":{\"@type\":\"ImageObject\",\"inLanguage\":\"de\",\"@id\":\"https:\\\/\\\/stiftungsmarktplatz.eu\\\/blog\\\/wp-content\\\/uploads\\\/2024\\\/05\\\/tobias-karow-2024-150x150.png\",\"url\":\"https:\\\/\\\/stiftungsmarktplatz.eu\\\/blog\\\/wp-content\\\/uploads\\\/2024\\\/05\\\/tobias-karow-2024-150x150.png\",\"contentUrl\":\"https:\\\/\\\/stiftungsmarktplatz.eu\\\/blog\\\/wp-content\\\/uploads\\\/2024\\\/05\\\/tobias-karow-2024-150x150.png\",\"caption\":\"Tobias Karow\"},\"description\":\"ist Gr\u00fcnder und Gesch\u00e4ftsf\u00fchrer von stiftungsmarktplatz.eu und im Stiftungswesen in Deutschland, \u00d6sterreich, der Schweiz und Liechtenstein seit 10 Jahren aktiv. Er ist Herausgeber der FondsFibel f\u00fcr Stiftungen &amp; NPOs, dem f\u00fchrenden Nachschlagewerk f\u00fcr Stiftungsfonds und stiftungsgeeignete Fonds (www.fondsfibel.de), Vortr\u00e4ge h\u00e4lt er vor allem zum Thema \u201aStiftungen und ihr Weg in die digitale Welt\u2018. F\u00fcr beide Themen betreibt er den Blog #stiftungenst\u00e4rken.\",\"sameAs\":[\"https:\\\/\\\/www.fondsfibel.de\"],\"url\":\"https:\\\/\\\/stiftungsmarktplatz.eu\\\/blog\\\/author\\\/tobias-karow\\\/\"}]}<\/script>\n<!-- \/ Yoast SEO plugin. -->","yoast_head_json":{"title":"Stiftungskommunikation und das Wof\u00fcr - Der Stiftungsblog f\u00fcr die Stiftungspraxis","description":"Stiftungskommunikation erweitert den Handlungsspielraum von Stiftungen. Diese These klingt auf den ersten Blick gewagt, aber sie fu\u00dft auch auf der Realit\u00e4t, dass das Umfeld, in dem sich Stiftungen bewegen, zunehmend kommunikativer wird. Kommunikation ist heute Managementaufgabe, Kommunikation zeigt auch, ob sich eine Organisation ver\u00e4ndern und das an sich \u00e4ndernde Rahmenparameter anpassen kann. Sofern das Drumherum ver\u00e4ndert, muss man selbst auch Mut am Neuen wagen. So gesehen ist es nur logisch, dass #sokoms25 zum Festival wird.","robots":{"index":"index","follow":"follow","max-snippet":"max-snippet:-1","max-image-preview":"max-image-preview:large","max-video-preview":"max-video-preview:-1"},"canonical":"https:\/\/stiftungsmarktplatz.eu\/blog\/stiftungskommunikation-und-das-wofuer\/","og_locale":"de_DE","og_type":"article","og_title":"Stiftungskommunikation und das Wof\u00fcr - Der Stiftungsblog f\u00fcr die Stiftungspraxis","og_description":"Stiftungskommunikation erweitert den Handlungsspielraum von Stiftungen. Diese These klingt auf den ersten Blick gewagt, aber sie fu\u00dft auch auf der Realit\u00e4t, dass das Umfeld, in dem sich Stiftungen bewegen, zunehmend kommunikativer wird. Kommunikation ist heute Managementaufgabe, Kommunikation zeigt auch, ob sich eine Organisation ver\u00e4ndern und das an sich \u00e4ndernde Rahmenparameter anpassen kann. Sofern das Drumherum ver\u00e4ndert, muss man selbst auch Mut am Neuen wagen. So gesehen ist es nur logisch, dass #sokoms25 zum Festival wird.","og_url":"https:\/\/stiftungsmarktplatz.eu\/blog\/stiftungskommunikation-und-das-wofuer\/","og_site_name":"Der Stiftungsblog f\u00fcr die Stiftungspraxis","article_published_time":"2025-10-15T12:42:00+00:00","og_image":[{"width":1200,"height":675,"url":"https:\/\/stiftungsmarktplatz.eu\/blog\/wp-content\/uploads\/2025\/10\/Stiko-und-das-Wofuer2.jpg","type":"image\/jpeg"}],"author":"Tobias Karow","twitter_card":"summary_large_image","twitter_misc":{"Verfasst von":"Tobias Karow","Gesch\u00e4tzte Lesezeit":"6\u00a0Minuten"},"schema":{"@context":"https:\/\/schema.org","@graph":[{"@type":"Article","@id":"https:\/\/stiftungsmarktplatz.eu\/blog\/stiftungskommunikation-und-das-wofuer\/#article","isPartOf":{"@id":"https:\/\/stiftungsmarktplatz.eu\/blog\/stiftungskommunikation-und-das-wofuer\/"},"author":{"name":"Tobias Karow","@id":"https:\/\/stiftungsmarktplatz.eu\/blog\/#\/schema\/person\/3a42780bf87a2088578f1e8077ccfa44"},"headline":"Stiftungskommunikation und das Wof\u00fcr","datePublished":"2025-10-15T12:42:00+00:00","mainEntityOfPage":{"@id":"https:\/\/stiftungsmarktplatz.eu\/blog\/stiftungskommunikation-und-das-wofuer\/"},"wordCount":891,"publisher":{"@id":"https:\/\/stiftungsmarktplatz.eu\/blog\/#organization"},"image":{"@id":"https:\/\/stiftungsmarktplatz.eu\/blog\/stiftungskommunikation-und-das-wofuer\/#primaryimage"},"thumbnailUrl":"https:\/\/stiftungsmarktplatz.eu\/blog\/wp-content\/uploads\/2025\/10\/Stiko-und-das-Wofuer2.jpg","keywords":["Stiftungsnetzwerke","Stiftungskommunikation","Stiftungsevent"],"articleSection":["StiftungsAp\u00e9ro &amp; Events"],"inLanguage":"de"},{"@type":"WebPage","@id":"https:\/\/stiftungsmarktplatz.eu\/blog\/stiftungskommunikation-und-das-wofuer\/","url":"https:\/\/stiftungsmarktplatz.eu\/blog\/stiftungskommunikation-und-das-wofuer\/","name":"Stiftungskommunikation und das Wof\u00fcr - Der Stiftungsblog f\u00fcr die Stiftungspraxis","isPartOf":{"@id":"https:\/\/stiftungsmarktplatz.eu\/blog\/#website"},"primaryImageOfPage":{"@id":"https:\/\/stiftungsmarktplatz.eu\/blog\/stiftungskommunikation-und-das-wofuer\/#primaryimage"},"image":{"@id":"https:\/\/stiftungsmarktplatz.eu\/blog\/stiftungskommunikation-und-das-wofuer\/#primaryimage"},"thumbnailUrl":"https:\/\/stiftungsmarktplatz.eu\/blog\/wp-content\/uploads\/2025\/10\/Stiko-und-das-Wofuer2.jpg","datePublished":"2025-10-15T12:42:00+00:00","description":"Stiftungskommunikation erweitert den Handlungsspielraum von Stiftungen. Diese These klingt auf den ersten Blick gewagt, aber sie fu\u00dft auch auf der Realit\u00e4t, dass das Umfeld, in dem sich Stiftungen bewegen, zunehmend kommunikativer wird. Kommunikation ist heute Managementaufgabe, Kommunikation zeigt auch, ob sich eine Organisation ver\u00e4ndern und das an sich \u00e4ndernde Rahmenparameter anpassen kann. Sofern das Drumherum ver\u00e4ndert, muss man selbst auch Mut am Neuen wagen. So gesehen ist es nur logisch, dass #sokoms25 zum Festival wird.","breadcrumb":{"@id":"https:\/\/stiftungsmarktplatz.eu\/blog\/stiftungskommunikation-und-das-wofuer\/#breadcrumb"},"inLanguage":"de","potentialAction":[{"@type":"ReadAction","target":["https:\/\/stiftungsmarktplatz.eu\/blog\/stiftungskommunikation-und-das-wofuer\/"]}]},{"@type":"ImageObject","inLanguage":"de","@id":"https:\/\/stiftungsmarktplatz.eu\/blog\/stiftungskommunikation-und-das-wofuer\/#primaryimage","url":"https:\/\/stiftungsmarktplatz.eu\/blog\/wp-content\/uploads\/2025\/10\/Stiko-und-das-Wofuer2.jpg","contentUrl":"https:\/\/stiftungsmarktplatz.eu\/blog\/wp-content\/uploads\/2025\/10\/Stiko-und-das-Wofuer2.jpg","width":1200,"height":675,"caption":"Stiftungskommunikation und das Wof\u00fcr"},{"@type":"BreadcrumbList","@id":"https:\/\/stiftungsmarktplatz.eu\/blog\/stiftungskommunikation-und-das-wofuer\/#breadcrumb","itemListElement":[{"@type":"ListItem","position":1,"name":"Startseite","item":"https:\/\/stiftungsmarktplatz.eu\/blog\/"},{"@type":"ListItem","position":2,"name":"Stiftungskommunikation und das Wof\u00fcr"}]},{"@type":"WebSite","@id":"https:\/\/stiftungsmarktplatz.eu\/blog\/#website","url":"https:\/\/stiftungsmarktplatz.eu\/blog\/","name":"Der Stiftungsblog f\u00fcr die Stiftungspraxis","description":"#stiftungenst\u00e4rken - NPO-Expertise von NPO-Experten","publisher":{"@id":"https:\/\/stiftungsmarktplatz.eu\/blog\/#organization"},"potentialAction":[{"@type":"SearchAction","target":{"@type":"EntryPoint","urlTemplate":"https:\/\/stiftungsmarktplatz.eu\/blog\/?s={search_term_string}"},"query-input":{"@type":"PropertyValueSpecification","valueRequired":true,"valueName":"search_term_string"}}],"inLanguage":"de"},{"@type":"Organization","@id":"https:\/\/stiftungsmarktplatz.eu\/blog\/#organization","name":"stiftungsmarktplatz.eu GbR","url":"https:\/\/stiftungsmarktplatz.eu\/blog\/","logo":{"@type":"ImageObject","inLanguage":"de","@id":"https:\/\/stiftungsmarktplatz.eu\/blog\/#\/schema\/logo\/image\/","url":"https:\/\/stiftungsmarktplatz.eu\/blog\/wp-content\/uploads\/2020\/03\/Logo-blog-retina.png","contentUrl":"https:\/\/stiftungsmarktplatz.eu\/blog\/wp-content\/uploads\/2020\/03\/Logo-blog-retina.png","width":140,"height":130,"caption":"stiftungsmarktplatz.eu GbR"},"image":{"@id":"https:\/\/stiftungsmarktplatz.eu\/blog\/#\/schema\/logo\/image\/"},"sameAs":["https:\/\/www.linkedin.com\/company\/18563519\/","https:\/\/www.youtube.com\/channel\/UCQrF6RQRFGxTokVV4nbx25Q"]},{"@type":"Person","@id":"https:\/\/stiftungsmarktplatz.eu\/blog\/#\/schema\/person\/3a42780bf87a2088578f1e8077ccfa44","name":"Tobias Karow","image":{"@type":"ImageObject","inLanguage":"de","@id":"https:\/\/stiftungsmarktplatz.eu\/blog\/wp-content\/uploads\/2024\/05\/tobias-karow-2024-150x150.png","url":"https:\/\/stiftungsmarktplatz.eu\/blog\/wp-content\/uploads\/2024\/05\/tobias-karow-2024-150x150.png","contentUrl":"https:\/\/stiftungsmarktplatz.eu\/blog\/wp-content\/uploads\/2024\/05\/tobias-karow-2024-150x150.png","caption":"Tobias Karow"},"description":"ist Gr\u00fcnder und Gesch\u00e4ftsf\u00fchrer von stiftungsmarktplatz.eu und im Stiftungswesen in Deutschland, \u00d6sterreich, der Schweiz und Liechtenstein seit 10 Jahren aktiv. Er ist Herausgeber der FondsFibel f\u00fcr Stiftungen &amp; NPOs, dem f\u00fchrenden Nachschlagewerk f\u00fcr Stiftungsfonds und stiftungsgeeignete Fonds (www.fondsfibel.de), Vortr\u00e4ge h\u00e4lt er vor allem zum Thema \u201aStiftungen und ihr Weg in die digitale Welt\u2018. F\u00fcr beide Themen betreibt er den Blog #stiftungenst\u00e4rken.","sameAs":["https:\/\/www.fondsfibel.de"],"url":"https:\/\/stiftungsmarktplatz.eu\/blog\/author\/tobias-karow\/"}]}},"post_mailing_queue_ids":[],"_links":{"self":[{"href":"https:\/\/stiftungsmarktplatz.eu\/blog\/wp-json\/wp\/v2\/posts\/9035","targetHints":{"allow":["GET"]}}],"collection":[{"href":"https:\/\/stiftungsmarktplatz.eu\/blog\/wp-json\/wp\/v2\/posts"}],"about":[{"href":"https:\/\/stiftungsmarktplatz.eu\/blog\/wp-json\/wp\/v2\/types\/post"}],"author":[{"embeddable":true,"href":"https:\/\/stiftungsmarktplatz.eu\/blog\/wp-json\/wp\/v2\/users\/8"}],"replies":[{"embeddable":true,"href":"https:\/\/stiftungsmarktplatz.eu\/blog\/wp-json\/wp\/v2\/comments?post=9035"}],"version-history":[{"count":8,"href":"https:\/\/stiftungsmarktplatz.eu\/blog\/wp-json\/wp\/v2\/posts\/9035\/revisions"}],"predecessor-version":[{"id":9045,"href":"https:\/\/stiftungsmarktplatz.eu\/blog\/wp-json\/wp\/v2\/posts\/9035\/revisions\/9045"}],"wp:featuredmedia":[{"embeddable":true,"href":"https:\/\/stiftungsmarktplatz.eu\/blog\/wp-json\/wp\/v2\/media\/9048"}],"wp:attachment":[{"href":"https:\/\/stiftungsmarktplatz.eu\/blog\/wp-json\/wp\/v2\/media?parent=9035"}],"wp:term":[{"taxonomy":"category","embeddable":true,"href":"https:\/\/stiftungsmarktplatz.eu\/blog\/wp-json\/wp\/v2\/categories?post=9035"},{"taxonomy":"post_tag","embeddable":true,"href":"https:\/\/stiftungsmarktplatz.eu\/blog\/wp-json\/wp\/v2\/tags?post=9035"}],"curies":[{"name":"wp","href":"https:\/\/api.w.org\/{rel}","templated":true}]}}