{"id":9025,"date":"2025-10-02T10:43:41","date_gmt":"2025-10-02T08:43:41","guid":{"rendered":"https:\/\/stiftungsmarktplatz.eu\/blog\/?p=9025"},"modified":"2025-10-14T10:44:06","modified_gmt":"2025-10-14T08:44:06","slug":"martin-essl-und-richtige-tun","status":"publish","type":"post","link":"https:\/\/stiftungsmarktplatz.eu\/blog\/martin-essl-und-richtige-tun\/","title":{"rendered":"Martin Essl und richtige Tun"},"content":{"rendered":"<span class=\"span-reading-time rt-reading-time\" style=\"display: block;\"><span class=\"rt-label rt-prefix\">Lesezeit: <\/span> <span class=\"rt-time\"> 3<\/span> <span class=\"rt-label rt-postfix\">Minuten<\/span><\/span>\n<p><em>Immer am 1. Oktober ist Tag der Stiftungen in Europa, und immer am 1. Oktober findet in \u00d6sterreich die Jahreskonferenz des <a href=\"https:\/\/www.stiften.at\/der-verband\/ueber-uns\/\" target=\"_blank\" rel=\"noreferrer noopener\">Verbands f\u00fcr gemeinn\u00fctziges Stiften in \u00d6sterreich<\/a>  statt. Wir haben uns wieder auf den Weg gemacht, mit Zug, nach Wien, es ward wieder ein sehr angenehmer wie intensiver Tag im neuen Quartier nahe des piekfeinen Wiener Hauptbahnhofs. Der Tag war aber auch insofern ein besonderer, als dass wir Stifter Martin Essl etwas n\u00e4her kennenlernen konnten. Ein kleiner Reisebericht.<\/em><\/p>\n\n\n\n<h3 class=\"wp-block-heading\">Irgendwann vor 5 Uhr: <\/h3>\n\n\n\n<p>Unsere Fahrt beginnt in Frankfurt, am dortigen Hauptbahnhof, wir lesen uns mal rein in den Jahresreport von Gemeinn\u00fctzig stiften, lesen dort spannende Zahlen \u00fcber den Stiftungssektor \u00d6sterreichs. Mehr als 1.000 gemeinn\u00fctzige Stiftungen sind in \u00d6sterreich aktiv, sie sch\u00fctten mehr als 120 Mio. EUR f\u00fcr gemeinn\u00fctzige Zwecke aus. In \u00d6sterreich werden in diesem Jahr die ersten Gemeinschaftsstiftung errichtet, diese gleichen von der Idee her den hiesigen B\u00fcrgerstiftung \u2013 quasi \u00d6sterreich goes B\u00fcrgerstiftung. An der Generalversammlung des Verbands nahmen im Juni 50 Mitglieder teil, zudem sind von den 3.700 Stiftungen \u00d6sterreichs 68% privatn\u00fctzig und nur 28% gemeinn\u00fctzig. Gut 4% werden als gemischtn\u00fctzig kategorisiert, man liest zweimal bei diesem Wort. Nicht zuletzt gibt es deren 58 kirchliche Stiftungen in \u00d6sterreich, auch ein spannender Fakt.<\/p>\n\n\n\n<h3 class=\"wp-block-heading\">10:30 Uhr:<\/h3>\n\n\n\n<p>Unser Zug ist dann irgendwann auch mal in Wien Hbf angekommen, bei den Durchsagen \u201eWir entschuldigen uns f\u00fcr alle Unannehmlichkeiten\u2026\u201c h\u00f6rt man irgendwann nicht mehr, was sich r\u00e4cht, wenn man im Bistro auf verschlossene T\u00fcren trifft. Ein kurzer Fu\u00dfweg f\u00fchrt dann zu Verwaltungsgeb\u00e4ude von BDO \u00d6sterreich, der neue Quartierskomplex k\u00f6nnte auch in jeder anderen europ\u00e4ischen Gro\u00dfstadt stehen. Modern, aufger\u00e4umt, manchmal etwas nackt, aber trotzdem eine perfekte Umgebung f\u00fcr die Jahrestagung, denn dieser Ort steht daf\u00fcr, dass sich etwas tut in \u00d6sterreich.<\/p>\n\n\n\n<h3 class=\"wp-block-heading\">11:15 Uhr:<\/h3>\n\n\n\n<p>Wir sehen eine Menschentraube um Andreas Schiemenz herum, dem Chef von den Sinngebern, die das Geben in neue oder zielgerichtetere Bahnen lenken m\u00f6chten. Es war zu merken, dass Form und Art des Gebens auch in \u00d6sterreich diskutiert wird, dass Stiften allein nicht mehr die alleinige Form der Weitergabe von Verm\u00f6gen f\u00fcr das Gemeinwohl ist \u2013 zumindest nicht in den Augen vieler potentieller Stifter. Gut an der Diskussion ist, dass sie das Geben hinterfragt, aber mit einem positiven Bias, schlecht an der Diskussion ist, dass an mancher Stelle das Modell Stiftung direkt und sofort hinterfragt und in Frage gestellt wird.<\/p>\n\n\n\n<h3 class=\"wp-block-heading\">Kurz nach 15 Uhr: <\/h3>\n\n\n\n<p>Martin und Gerda Essl, die Stifter hinter der Essl Foundation, der gr\u00f6\u00dften Stiftung \u00d6sterreichs, werden mit dem Stifterpreis 2025 ausgezeichnet. Einer warmherzigen Laudatio folgen Worte Martin Essls, die einmal mehr zeigen, was eine Stifterpers\u00f6nlichkeit ist, die das Stiften von innen heraus verstanden hat.<\/p>\n\n\n\n<h3 class=\"wp-block-heading\">15:20 Uhr: <\/h3>\n\n\n\n<p>Martin Essl tritt ans Mikrofon. Ihn trieb bei der Stiftungserrichtung um, dass viele Menschen nur das Defizit sehen, dabei gilt es Chancen und M\u00f6glichkeiten zu sehen. Stiften hei\u00dft nicht Geld geben, sondern Chancen sehen, M\u00f6glichkeiten zu er\u00f6ffnen \u2013 und Verantwortung zu \u00fcbernehmen. (Jeder neue Stifter sollte sich diesen Satz fett in seine Satzung schreiben.) Stifter sollten nicht nur ans Ich denken, sondern vor allem ans Wir und ans Du. <\/p>\n\n\n\n<p>Martin Essl erntet dicken Beifall, aber er hat noch nicht fertig. \u201eStiften funktioniert dann, wenn sich die richtigen Menschen zur richtigen Zeit finden, um das Richtige richtig zu machen. Dann sagte er noch einen Satz, den wir in Deutschland \u00f6fters h\u00f6ren m\u00f6chten: \u201eStifter sein hei\u00dft auch neugierig sein, auf Innovationen. Mit Innovationen sich vertraut zu machen bedeutet, die Welt ver\u00e4ndern zu k\u00f6nnen.\u201c B\u00e4hmm, das sa\u00df, und noch einmal brandete richtig Beifall auf. Wir lernen: Ein Stifter ist nicht automatisch eine Stifterpers\u00f6nlichkeit, Martin Essl jedoch ist beides \u2013 und hat den Stifterpreis vollkommen zurecht bekommen.<\/p>\n\n\n\n<h2 class=\"wp-block-heading\">16:10 Uhr: <\/h2>\n\n\n\n<p>Apropos Innovationen. Mario Simandl vom Softwarehaus profound hatte im Anschluss noch 30 Minuten Zeit, um Stiftungen das Thema KI n\u00e4her zu bringen. Seine Ausf\u00fchrungen waren einmal gepr\u00e4gt von einer Definition, was KI eigentlich im Kern ist, und dann auch davon zu zeigen, wie Stiftungen KI in ihre t\u00e4gliche Stiftungspraxis einflie\u00dfen lassen k\u00f6nnen. Wir nehmen mit, dass Mario Simandl und sein Team hier sehr weit sind, im Vermitteln von KI-generierten Mehrwerten f\u00fcr Stiftungen, dass es auf Stiftungsseite aber eben auch noch weit mehr Offenheit braucht, die sich bietenden Chancen zu erkennen und zu nutzen. Einige Stiftungsverantwortliche verlie\u00dfen den Raum vorzeitig, nicht weil sie es nicht interessierte, sondern weil sie (wie wir sie tuscheln h\u00f6rten) noch zu einem Termin m\u00fcssten. Wir beobachteten aber auch: Martin Essl blieb sitzen.<\/p>\n\n\n\n<h2 class=\"wp-block-heading\">17:15 Uhr: <\/h2>\n\n\n\n<p>Ein kurzer Plausch noch mit G\u00fcnther Lutschinger, dem Chef von Gemeinn\u00fctzig stiften, und Reinhard Heiserer von Jugend eine Welt, der j\u00fcngst mit dem \u201eFundraiser of the year\u201c-Award ausgezeichnet wurde. Wir gratulieren beiden Herren herzlichst, G\u00fcnther Lutschinger hat wieder einen tollen wie lebendigen Tag auf die Beine gestellt, Reinhard Heiserer ist einfach eine wucht Heiserer ist einfach eine Wucht, was er mit seiner Organisation bewegt. War toll, mit Euch am Tag des Caf\u00e9s noch einen Cappuccino zu trinken, bevor es wieder zum Zug ging.<\/p>\n\n\n\n<h2 class=\"wp-block-heading\">Zusammengefasst<\/h2>\n\n\n\n<p>Wieder mal eine sehr lohnende Reise, die wir da gemacht haben nach Wien. Die Jahrestagung von Gemeinn\u00fctzig stiften geh\u00f6rt f\u00fcr uns zum Pflichtrepertoire, wir sind immer wieder gerne vor Ort und danken dem Team von Gemeinn\u00fctzig stiften f\u00fcr den inspirierenden Tag. Besonders die Worte von Martin Essl hallen sicher noch nach. Wir kommen nat\u00fcrlich wieder, der 1. Oktober ist n\u00e4chstes Jahr ein Donnerstag, das werden wir schaffen.<br><\/p>\n","protected":false},"excerpt":{"rendered":"<p><span class=\"span-reading-time rt-reading-time\" style=\"display: block;\"><span class=\"rt-label rt-prefix\">Lesezeit: <\/span> <span class=\"rt-time\"> 3<\/span> <span class=\"rt-label rt-postfix\">Minuten<\/span><\/span>Immer am 1. Oktober ist Tag der Stiftungen in Europa, und immer am 1. Oktober findet in \u00d6sterreich die Jahreskonferenz des Verbands f\u00fcr gemeinn\u00fctziges Stiften in \u00d6sterreich  statt. Wir haben uns wieder auf den Weg gemacht, mit Zug, nach Wien, es ward wieder ein sehr angenehmer wie intensiver Tag im neuen Quartier nahe des piekfeinen Wiener Hauptbahnhofs. Der Tag war aber auch insofern ein besonderer, als dass wir Stifter Martin Essl etwas n\u00e4her kennenlernen konnten. Ein kleiner Reisebericht.<\/p>\n","protected":false},"author":8,"featured_media":9027,"comment_status":"closed","ping_status":"open","sticky":false,"template":"","format":"standard","meta":{"ngg_post_thumbnail":0,"footnotes":""},"categories":[439],"tags":[46,59,145,284,418],"class_list":{"0":"post-9025","1":"post","2":"type-post","3":"status-publish","4":"format-standard","5":"has-post-thumbnail","7":"category-stiftungsapero-events","8":"tag-stiftungsnetzwerk","9":"tag-digitalisierung","10":"tag-stiftungskommunikation","11":"tag-stiftungsevent","12":"tag-ki"},"yoast_head":"<!-- This site is optimized with the Yoast SEO plugin v27.4 - https:\/\/yoast.com\/product\/yoast-seo-wordpress\/ -->\n<title>Martin Essl und richtige Tun - Der Stiftungsblog f\u00fcr die Stiftungspraxis<\/title>\n<meta name=\"description\" content=\"Immer am 1. Oktober ist Tag der Stiftungen in Europa, und immer am 1. Oktober findet in \u00d6sterreich die Jahreskonferenz des Verbands f\u00fcr gemeinn\u00fctziges Stiften in \u00d6sterreich statt.\" \/>\n<meta name=\"robots\" content=\"index, follow, max-snippet:-1, max-image-preview:large, max-video-preview:-1\" \/>\n<link rel=\"canonical\" href=\"https:\/\/stiftungsmarktplatz.eu\/blog\/martin-essl-und-richtige-tun\/\" \/>\n<meta property=\"og:locale\" content=\"de_DE\" \/>\n<meta property=\"og:type\" content=\"article\" \/>\n<meta property=\"og:title\" content=\"Martin Essl und richtige Tun - Der Stiftungsblog f\u00fcr die Stiftungspraxis\" \/>\n<meta property=\"og:description\" content=\"Immer am 1. Oktober ist Tag der Stiftungen in Europa, und immer am 1. Oktober findet in \u00d6sterreich die Jahreskonferenz des Verbands f\u00fcr gemeinn\u00fctziges Stiften in \u00d6sterreich statt.\" \/>\n<meta property=\"og:url\" content=\"https:\/\/stiftungsmarktplatz.eu\/blog\/martin-essl-und-richtige-tun\/\" \/>\n<meta property=\"og:site_name\" content=\"Der Stiftungsblog f\u00fcr die Stiftungspraxis\" \/>\n<meta property=\"article:published_time\" content=\"2025-10-02T08:43:41+00:00\" \/>\n<meta property=\"article:modified_time\" content=\"2025-10-14T08:44:06+00:00\" \/>\n<meta property=\"og:image\" content=\"https:\/\/stiftungsmarktplatz.eu\/blog\/wp-content\/uploads\/2025\/10\/Nachlese-Jahreskonferenz-GSO-2025.jpg\" \/>\n\t<meta property=\"og:image:width\" content=\"1200\" \/>\n\t<meta property=\"og:image:height\" content=\"675\" \/>\n\t<meta property=\"og:image:type\" content=\"image\/jpeg\" \/>\n<meta name=\"author\" content=\"Tobias Karow\" \/>\n<meta name=\"twitter:card\" content=\"summary_large_image\" \/>\n<meta name=\"twitter:label1\" content=\"Verfasst von\" \/>\n\t<meta name=\"twitter:data1\" content=\"Tobias Karow\" \/>\n\t<meta name=\"twitter:label2\" content=\"Gesch\u00e4tzte Lesezeit\" \/>\n\t<meta name=\"twitter:data2\" content=\"6\u00a0Minuten\" \/>\n<script type=\"application\/ld+json\" class=\"yoast-schema-graph\">{\"@context\":\"https:\\\/\\\/schema.org\",\"@graph\":[{\"@type\":\"Article\",\"@id\":\"https:\\\/\\\/stiftungsmarktplatz.eu\\\/blog\\\/martin-essl-und-richtige-tun\\\/#article\",\"isPartOf\":{\"@id\":\"https:\\\/\\\/stiftungsmarktplatz.eu\\\/blog\\\/martin-essl-und-richtige-tun\\\/\"},\"author\":{\"name\":\"Tobias Karow\",\"@id\":\"https:\\\/\\\/stiftungsmarktplatz.eu\\\/blog\\\/#\\\/schema\\\/person\\\/3a42780bf87a2088578f1e8077ccfa44\"},\"headline\":\"Martin Essl und richtige Tun\",\"datePublished\":\"2025-10-02T08:43:41+00:00\",\"dateModified\":\"2025-10-14T08:44:06+00:00\",\"mainEntityOfPage\":{\"@id\":\"https:\\\/\\\/stiftungsmarktplatz.eu\\\/blog\\\/martin-essl-und-richtige-tun\\\/\"},\"wordCount\":926,\"publisher\":{\"@id\":\"https:\\\/\\\/stiftungsmarktplatz.eu\\\/blog\\\/#organization\"},\"image\":{\"@id\":\"https:\\\/\\\/stiftungsmarktplatz.eu\\\/blog\\\/martin-essl-und-richtige-tun\\\/#primaryimage\"},\"thumbnailUrl\":\"https:\\\/\\\/stiftungsmarktplatz.eu\\\/blog\\\/wp-content\\\/uploads\\\/2025\\\/10\\\/Nachlese-Jahreskonferenz-GSO-2025.jpg\",\"keywords\":[\"Stiftungsnetzwerk\",\"Digitalisierung\",\"Stiftungskommunikation\",\"Stiftungsevent\",\"KI\"],\"articleSection\":[\"StiftungsAp\u00e9ro &amp; Events\"],\"inLanguage\":\"de\"},{\"@type\":\"WebPage\",\"@id\":\"https:\\\/\\\/stiftungsmarktplatz.eu\\\/blog\\\/martin-essl-und-richtige-tun\\\/\",\"url\":\"https:\\\/\\\/stiftungsmarktplatz.eu\\\/blog\\\/martin-essl-und-richtige-tun\\\/\",\"name\":\"Martin Essl und richtige Tun - Der Stiftungsblog f\u00fcr die Stiftungspraxis\",\"isPartOf\":{\"@id\":\"https:\\\/\\\/stiftungsmarktplatz.eu\\\/blog\\\/#website\"},\"primaryImageOfPage\":{\"@id\":\"https:\\\/\\\/stiftungsmarktplatz.eu\\\/blog\\\/martin-essl-und-richtige-tun\\\/#primaryimage\"},\"image\":{\"@id\":\"https:\\\/\\\/stiftungsmarktplatz.eu\\\/blog\\\/martin-essl-und-richtige-tun\\\/#primaryimage\"},\"thumbnailUrl\":\"https:\\\/\\\/stiftungsmarktplatz.eu\\\/blog\\\/wp-content\\\/uploads\\\/2025\\\/10\\\/Nachlese-Jahreskonferenz-GSO-2025.jpg\",\"datePublished\":\"2025-10-02T08:43:41+00:00\",\"dateModified\":\"2025-10-14T08:44:06+00:00\",\"description\":\"Immer am 1. Oktober ist Tag der Stiftungen in Europa, und immer am 1. Oktober findet in \u00d6sterreich die Jahreskonferenz des Verbands f\u00fcr gemeinn\u00fctziges Stiften in \u00d6sterreich statt.\",\"breadcrumb\":{\"@id\":\"https:\\\/\\\/stiftungsmarktplatz.eu\\\/blog\\\/martin-essl-und-richtige-tun\\\/#breadcrumb\"},\"inLanguage\":\"de\",\"potentialAction\":[{\"@type\":\"ReadAction\",\"target\":[\"https:\\\/\\\/stiftungsmarktplatz.eu\\\/blog\\\/martin-essl-und-richtige-tun\\\/\"]}]},{\"@type\":\"ImageObject\",\"inLanguage\":\"de\",\"@id\":\"https:\\\/\\\/stiftungsmarktplatz.eu\\\/blog\\\/martin-essl-und-richtige-tun\\\/#primaryimage\",\"url\":\"https:\\\/\\\/stiftungsmarktplatz.eu\\\/blog\\\/wp-content\\\/uploads\\\/2025\\\/10\\\/Nachlese-Jahreskonferenz-GSO-2025.jpg\",\"contentUrl\":\"https:\\\/\\\/stiftungsmarktplatz.eu\\\/blog\\\/wp-content\\\/uploads\\\/2025\\\/10\\\/Nachlese-Jahreskonferenz-GSO-2025.jpg\",\"width\":1200,\"height\":675,\"caption\":\"Nachlese Jahreskonferenz GSO 2025\"},{\"@type\":\"BreadcrumbList\",\"@id\":\"https:\\\/\\\/stiftungsmarktplatz.eu\\\/blog\\\/martin-essl-und-richtige-tun\\\/#breadcrumb\",\"itemListElement\":[{\"@type\":\"ListItem\",\"position\":1,\"name\":\"Startseite\",\"item\":\"https:\\\/\\\/stiftungsmarktplatz.eu\\\/blog\\\/\"},{\"@type\":\"ListItem\",\"position\":2,\"name\":\"Martin Essl und richtige Tun\"}]},{\"@type\":\"WebSite\",\"@id\":\"https:\\\/\\\/stiftungsmarktplatz.eu\\\/blog\\\/#website\",\"url\":\"https:\\\/\\\/stiftungsmarktplatz.eu\\\/blog\\\/\",\"name\":\"Der Stiftungsblog f\u00fcr die Stiftungspraxis\",\"description\":\"#stiftungenst\u00e4rken - NPO-Expertise von NPO-Experten\",\"publisher\":{\"@id\":\"https:\\\/\\\/stiftungsmarktplatz.eu\\\/blog\\\/#organization\"},\"potentialAction\":[{\"@type\":\"SearchAction\",\"target\":{\"@type\":\"EntryPoint\",\"urlTemplate\":\"https:\\\/\\\/stiftungsmarktplatz.eu\\\/blog\\\/?s={search_term_string}\"},\"query-input\":{\"@type\":\"PropertyValueSpecification\",\"valueRequired\":true,\"valueName\":\"search_term_string\"}}],\"inLanguage\":\"de\"},{\"@type\":\"Organization\",\"@id\":\"https:\\\/\\\/stiftungsmarktplatz.eu\\\/blog\\\/#organization\",\"name\":\"stiftungsmarktplatz.eu GbR\",\"url\":\"https:\\\/\\\/stiftungsmarktplatz.eu\\\/blog\\\/\",\"logo\":{\"@type\":\"ImageObject\",\"inLanguage\":\"de\",\"@id\":\"https:\\\/\\\/stiftungsmarktplatz.eu\\\/blog\\\/#\\\/schema\\\/logo\\\/image\\\/\",\"url\":\"https:\\\/\\\/stiftungsmarktplatz.eu\\\/blog\\\/wp-content\\\/uploads\\\/2020\\\/03\\\/Logo-blog-retina.png\",\"contentUrl\":\"https:\\\/\\\/stiftungsmarktplatz.eu\\\/blog\\\/wp-content\\\/uploads\\\/2020\\\/03\\\/Logo-blog-retina.png\",\"width\":140,\"height\":130,\"caption\":\"stiftungsmarktplatz.eu GbR\"},\"image\":{\"@id\":\"https:\\\/\\\/stiftungsmarktplatz.eu\\\/blog\\\/#\\\/schema\\\/logo\\\/image\\\/\"},\"sameAs\":[\"https:\\\/\\\/www.linkedin.com\\\/company\\\/18563519\\\/\",\"https:\\\/\\\/www.youtube.com\\\/channel\\\/UCQrF6RQRFGxTokVV4nbx25Q\"]},{\"@type\":\"Person\",\"@id\":\"https:\\\/\\\/stiftungsmarktplatz.eu\\\/blog\\\/#\\\/schema\\\/person\\\/3a42780bf87a2088578f1e8077ccfa44\",\"name\":\"Tobias Karow\",\"image\":{\"@type\":\"ImageObject\",\"inLanguage\":\"de\",\"@id\":\"https:\\\/\\\/stiftungsmarktplatz.eu\\\/blog\\\/wp-content\\\/uploads\\\/2024\\\/05\\\/tobias-karow-2024-150x150.png\",\"url\":\"https:\\\/\\\/stiftungsmarktplatz.eu\\\/blog\\\/wp-content\\\/uploads\\\/2024\\\/05\\\/tobias-karow-2024-150x150.png\",\"contentUrl\":\"https:\\\/\\\/stiftungsmarktplatz.eu\\\/blog\\\/wp-content\\\/uploads\\\/2024\\\/05\\\/tobias-karow-2024-150x150.png\",\"caption\":\"Tobias Karow\"},\"description\":\"ist Gr\u00fcnder und Gesch\u00e4ftsf\u00fchrer von stiftungsmarktplatz.eu und im Stiftungswesen in Deutschland, \u00d6sterreich, der Schweiz und Liechtenstein seit 10 Jahren aktiv. Er ist Herausgeber der FondsFibel f\u00fcr Stiftungen &amp; NPOs, dem f\u00fchrenden Nachschlagewerk f\u00fcr Stiftungsfonds und stiftungsgeeignete Fonds (www.fondsfibel.de), Vortr\u00e4ge h\u00e4lt er vor allem zum Thema \u201aStiftungen und ihr Weg in die digitale Welt\u2018. F\u00fcr beide Themen betreibt er den Blog #stiftungenst\u00e4rken.\",\"sameAs\":[\"https:\\\/\\\/www.fondsfibel.de\"],\"url\":\"https:\\\/\\\/stiftungsmarktplatz.eu\\\/blog\\\/author\\\/tobias-karow\\\/\"}]}<\/script>\n<!-- \/ Yoast SEO plugin. -->","yoast_head_json":{"title":"Martin Essl und richtige Tun - Der Stiftungsblog f\u00fcr die Stiftungspraxis","description":"Immer am 1. Oktober ist Tag der Stiftungen in Europa, und immer am 1. Oktober findet in \u00d6sterreich die Jahreskonferenz des Verbands f\u00fcr gemeinn\u00fctziges Stiften in \u00d6sterreich statt.","robots":{"index":"index","follow":"follow","max-snippet":"max-snippet:-1","max-image-preview":"max-image-preview:large","max-video-preview":"max-video-preview:-1"},"canonical":"https:\/\/stiftungsmarktplatz.eu\/blog\/martin-essl-und-richtige-tun\/","og_locale":"de_DE","og_type":"article","og_title":"Martin Essl und richtige Tun - Der Stiftungsblog f\u00fcr die Stiftungspraxis","og_description":"Immer am 1. Oktober ist Tag der Stiftungen in Europa, und immer am 1. Oktober findet in \u00d6sterreich die Jahreskonferenz des Verbands f\u00fcr gemeinn\u00fctziges Stiften in \u00d6sterreich statt.","og_url":"https:\/\/stiftungsmarktplatz.eu\/blog\/martin-essl-und-richtige-tun\/","og_site_name":"Der Stiftungsblog f\u00fcr die Stiftungspraxis","article_published_time":"2025-10-02T08:43:41+00:00","article_modified_time":"2025-10-14T08:44:06+00:00","og_image":[{"width":1200,"height":675,"url":"https:\/\/stiftungsmarktplatz.eu\/blog\/wp-content\/uploads\/2025\/10\/Nachlese-Jahreskonferenz-GSO-2025.jpg","type":"image\/jpeg"}],"author":"Tobias Karow","twitter_card":"summary_large_image","twitter_misc":{"Verfasst von":"Tobias Karow","Gesch\u00e4tzte Lesezeit":"6\u00a0Minuten"},"schema":{"@context":"https:\/\/schema.org","@graph":[{"@type":"Article","@id":"https:\/\/stiftungsmarktplatz.eu\/blog\/martin-essl-und-richtige-tun\/#article","isPartOf":{"@id":"https:\/\/stiftungsmarktplatz.eu\/blog\/martin-essl-und-richtige-tun\/"},"author":{"name":"Tobias Karow","@id":"https:\/\/stiftungsmarktplatz.eu\/blog\/#\/schema\/person\/3a42780bf87a2088578f1e8077ccfa44"},"headline":"Martin Essl und richtige Tun","datePublished":"2025-10-02T08:43:41+00:00","dateModified":"2025-10-14T08:44:06+00:00","mainEntityOfPage":{"@id":"https:\/\/stiftungsmarktplatz.eu\/blog\/martin-essl-und-richtige-tun\/"},"wordCount":926,"publisher":{"@id":"https:\/\/stiftungsmarktplatz.eu\/blog\/#organization"},"image":{"@id":"https:\/\/stiftungsmarktplatz.eu\/blog\/martin-essl-und-richtige-tun\/#primaryimage"},"thumbnailUrl":"https:\/\/stiftungsmarktplatz.eu\/blog\/wp-content\/uploads\/2025\/10\/Nachlese-Jahreskonferenz-GSO-2025.jpg","keywords":["Stiftungsnetzwerk","Digitalisierung","Stiftungskommunikation","Stiftungsevent","KI"],"articleSection":["StiftungsAp\u00e9ro &amp; Events"],"inLanguage":"de"},{"@type":"WebPage","@id":"https:\/\/stiftungsmarktplatz.eu\/blog\/martin-essl-und-richtige-tun\/","url":"https:\/\/stiftungsmarktplatz.eu\/blog\/martin-essl-und-richtige-tun\/","name":"Martin Essl und richtige Tun - Der Stiftungsblog f\u00fcr die Stiftungspraxis","isPartOf":{"@id":"https:\/\/stiftungsmarktplatz.eu\/blog\/#website"},"primaryImageOfPage":{"@id":"https:\/\/stiftungsmarktplatz.eu\/blog\/martin-essl-und-richtige-tun\/#primaryimage"},"image":{"@id":"https:\/\/stiftungsmarktplatz.eu\/blog\/martin-essl-und-richtige-tun\/#primaryimage"},"thumbnailUrl":"https:\/\/stiftungsmarktplatz.eu\/blog\/wp-content\/uploads\/2025\/10\/Nachlese-Jahreskonferenz-GSO-2025.jpg","datePublished":"2025-10-02T08:43:41+00:00","dateModified":"2025-10-14T08:44:06+00:00","description":"Immer am 1. Oktober ist Tag der Stiftungen in Europa, und immer am 1. Oktober findet in \u00d6sterreich die Jahreskonferenz des Verbands f\u00fcr gemeinn\u00fctziges Stiften in \u00d6sterreich statt.","breadcrumb":{"@id":"https:\/\/stiftungsmarktplatz.eu\/blog\/martin-essl-und-richtige-tun\/#breadcrumb"},"inLanguage":"de","potentialAction":[{"@type":"ReadAction","target":["https:\/\/stiftungsmarktplatz.eu\/blog\/martin-essl-und-richtige-tun\/"]}]},{"@type":"ImageObject","inLanguage":"de","@id":"https:\/\/stiftungsmarktplatz.eu\/blog\/martin-essl-und-richtige-tun\/#primaryimage","url":"https:\/\/stiftungsmarktplatz.eu\/blog\/wp-content\/uploads\/2025\/10\/Nachlese-Jahreskonferenz-GSO-2025.jpg","contentUrl":"https:\/\/stiftungsmarktplatz.eu\/blog\/wp-content\/uploads\/2025\/10\/Nachlese-Jahreskonferenz-GSO-2025.jpg","width":1200,"height":675,"caption":"Nachlese Jahreskonferenz GSO 2025"},{"@type":"BreadcrumbList","@id":"https:\/\/stiftungsmarktplatz.eu\/blog\/martin-essl-und-richtige-tun\/#breadcrumb","itemListElement":[{"@type":"ListItem","position":1,"name":"Startseite","item":"https:\/\/stiftungsmarktplatz.eu\/blog\/"},{"@type":"ListItem","position":2,"name":"Martin Essl und richtige Tun"}]},{"@type":"WebSite","@id":"https:\/\/stiftungsmarktplatz.eu\/blog\/#website","url":"https:\/\/stiftungsmarktplatz.eu\/blog\/","name":"Der Stiftungsblog f\u00fcr die Stiftungspraxis","description":"#stiftungenst\u00e4rken - NPO-Expertise von NPO-Experten","publisher":{"@id":"https:\/\/stiftungsmarktplatz.eu\/blog\/#organization"},"potentialAction":[{"@type":"SearchAction","target":{"@type":"EntryPoint","urlTemplate":"https:\/\/stiftungsmarktplatz.eu\/blog\/?s={search_term_string}"},"query-input":{"@type":"PropertyValueSpecification","valueRequired":true,"valueName":"search_term_string"}}],"inLanguage":"de"},{"@type":"Organization","@id":"https:\/\/stiftungsmarktplatz.eu\/blog\/#organization","name":"stiftungsmarktplatz.eu GbR","url":"https:\/\/stiftungsmarktplatz.eu\/blog\/","logo":{"@type":"ImageObject","inLanguage":"de","@id":"https:\/\/stiftungsmarktplatz.eu\/blog\/#\/schema\/logo\/image\/","url":"https:\/\/stiftungsmarktplatz.eu\/blog\/wp-content\/uploads\/2020\/03\/Logo-blog-retina.png","contentUrl":"https:\/\/stiftungsmarktplatz.eu\/blog\/wp-content\/uploads\/2020\/03\/Logo-blog-retina.png","width":140,"height":130,"caption":"stiftungsmarktplatz.eu GbR"},"image":{"@id":"https:\/\/stiftungsmarktplatz.eu\/blog\/#\/schema\/logo\/image\/"},"sameAs":["https:\/\/www.linkedin.com\/company\/18563519\/","https:\/\/www.youtube.com\/channel\/UCQrF6RQRFGxTokVV4nbx25Q"]},{"@type":"Person","@id":"https:\/\/stiftungsmarktplatz.eu\/blog\/#\/schema\/person\/3a42780bf87a2088578f1e8077ccfa44","name":"Tobias Karow","image":{"@type":"ImageObject","inLanguage":"de","@id":"https:\/\/stiftungsmarktplatz.eu\/blog\/wp-content\/uploads\/2024\/05\/tobias-karow-2024-150x150.png","url":"https:\/\/stiftungsmarktplatz.eu\/blog\/wp-content\/uploads\/2024\/05\/tobias-karow-2024-150x150.png","contentUrl":"https:\/\/stiftungsmarktplatz.eu\/blog\/wp-content\/uploads\/2024\/05\/tobias-karow-2024-150x150.png","caption":"Tobias Karow"},"description":"ist Gr\u00fcnder und Gesch\u00e4ftsf\u00fchrer von stiftungsmarktplatz.eu und im Stiftungswesen in Deutschland, \u00d6sterreich, der Schweiz und Liechtenstein seit 10 Jahren aktiv. Er ist Herausgeber der FondsFibel f\u00fcr Stiftungen &amp; NPOs, dem f\u00fchrenden Nachschlagewerk f\u00fcr Stiftungsfonds und stiftungsgeeignete Fonds (www.fondsfibel.de), Vortr\u00e4ge h\u00e4lt er vor allem zum Thema \u201aStiftungen und ihr Weg in die digitale Welt\u2018. F\u00fcr beide Themen betreibt er den Blog #stiftungenst\u00e4rken.","sameAs":["https:\/\/www.fondsfibel.de"],"url":"https:\/\/stiftungsmarktplatz.eu\/blog\/author\/tobias-karow\/"}]}},"post_mailing_queue_ids":[],"_links":{"self":[{"href":"https:\/\/stiftungsmarktplatz.eu\/blog\/wp-json\/wp\/v2\/posts\/9025","targetHints":{"allow":["GET"]}}],"collection":[{"href":"https:\/\/stiftungsmarktplatz.eu\/blog\/wp-json\/wp\/v2\/posts"}],"about":[{"href":"https:\/\/stiftungsmarktplatz.eu\/blog\/wp-json\/wp\/v2\/types\/post"}],"author":[{"embeddable":true,"href":"https:\/\/stiftungsmarktplatz.eu\/blog\/wp-json\/wp\/v2\/users\/8"}],"replies":[{"embeddable":true,"href":"https:\/\/stiftungsmarktplatz.eu\/blog\/wp-json\/wp\/v2\/comments?post=9025"}],"version-history":[{"count":6,"href":"https:\/\/stiftungsmarktplatz.eu\/blog\/wp-json\/wp\/v2\/posts\/9025\/revisions"}],"predecessor-version":[{"id":9034,"href":"https:\/\/stiftungsmarktplatz.eu\/blog\/wp-json\/wp\/v2\/posts\/9025\/revisions\/9034"}],"wp:featuredmedia":[{"embeddable":true,"href":"https:\/\/stiftungsmarktplatz.eu\/blog\/wp-json\/wp\/v2\/media\/9027"}],"wp:attachment":[{"href":"https:\/\/stiftungsmarktplatz.eu\/blog\/wp-json\/wp\/v2\/media?parent=9025"}],"wp:term":[{"taxonomy":"category","embeddable":true,"href":"https:\/\/stiftungsmarktplatz.eu\/blog\/wp-json\/wp\/v2\/categories?post=9025"},{"taxonomy":"post_tag","embeddable":true,"href":"https:\/\/stiftungsmarktplatz.eu\/blog\/wp-json\/wp\/v2\/tags?post=9025"}],"curies":[{"name":"wp","href":"https:\/\/api.w.org\/{rel}","templated":true}]}}