{"id":8471,"date":"2025-04-10T12:28:45","date_gmt":"2025-04-10T10:28:45","guid":{"rendered":"https:\/\/stiftungsmarktplatz.eu\/blog\/?p=8471"},"modified":"2025-04-10T12:30:59","modified_gmt":"2025-04-10T10:30:59","slug":"stiftungen-veraendern-sich","status":"publish","type":"post","link":"https:\/\/stiftungsmarktplatz.eu\/blog\/stiftungen-veraendern-sich\/","title":{"rendered":"Stiftungen ver\u00e4ndern sich"},"content":{"rendered":"<span class=\"span-reading-time rt-reading-time\" style=\"display: block;\"><span class=\"rt-label rt-prefix\">Lesezeit: <\/span> <span class=\"rt-time\"> 4<\/span> <span class=\"rt-label rt-postfix\">Minuten<\/span><\/span>\n<p><em>Stiftungen ver\u00e4ndern sich, die Stiftungspraxis kommt im Hier und Jetzt an. M\u00fcsste ich mit wenigen Worten den Roten Faden <a href=\"https:\/\/fondsfibel.de\/hansenheinrich-stiftungsfonds\/\" target=\"_blank\" rel=\"noreferrer noopener\">des Stiftungsfr\u00fchst\u00fccks beim Verm\u00f6gensverwalter Hansen &amp; Heinrich<\/a> zusammenflechten, es w\u00e4ren wohl diese. Am letzten Tag des Wonnemonats M\u00e4rz lud die Verm\u00f6gensverwaltung Hansen &amp; Heinrich zum Stiftungsfr\u00fchst\u00fcck in Ihre Repr\u00e4sentanz am Mainufer, Gastreferent war Mark Uwe Pawlytta von KPMG. Was er an Einsichten unter anderem zum \u201eneuen\u201c Stiftungsrecht mitbrachte, hatte es in sich. Aber es hatte auch etwas f\u00fcr sich. Unsere drei Lehren.<\/em><\/p>\n\n\n\n<p>Es war ein sonniger Morgen, mit der Stra\u00dfenbahn ging es gem\u00fctlich durch die Mainmetropole in Richtung Schweizer Platz. Von dort sind es keine 5 Minuten bis zum Mainufer, in einem Eckhaus praktisch direkt gegen\u00fcber des Skyline-Ensembles rund um den fr\u00fcheren Sitz der EZB hat die Berliner Verm\u00f6gensverwaltung Hansen &amp; Heinrich ihre Zelte in Frankfurt am Main aufgeschlagen. Der Einladung zum Stiftungsfr\u00fchst\u00fcck folgten knapp 30 Stiftungsverantwortliche, ich nahm direkt neben Ulrike Hattendorf von der AVENTIS Foundation Platz. Als Experte hatten Hansen &amp; Heinrich <a href=\"https:\/\/stiftungsmarktplatz.eu\/dienstleister\/kpmg-law-rechtsanwaltsgesellschaft-mbh\/\" target=\"_blank\" rel=\"noreferrer noopener\">Mark Uwe Pawlytta geladen, dessen Vortrag einmal mehr zeigte, dass es einen Unterschied zwischen bew\u00e4hrter und moderner Stiftungspraxis gibt<\/a>. Pawlytta nahm sich in seinem Vortrag einige Regelungen des neuen Stiftungsrechts vor, f\u00fcr mich sind seine Interpretationen der neuen Regelungen exakt das, was von moderner Stiftungspraxis und auf der H\u00f6he der Zeit agierenden Stiftungspraktikern k\u00fcnftig verlangt werden wird.<\/p>\n\n\n\n<figure class=\"wp-block-image size-full\"><img loading=\"lazy\" decoding=\"async\" width=\"1000\" height=\"562\" src=\"https:\/\/stiftungsmarktplatz.eu\/blog\/wp-content\/uploads\/2025\/04\/STFR-Hansen-Heinrich.jpg\" alt=\"Stiftungsfr\u00fchst\u00fcck beim Verm\u00f6gensverwalter Hansen &amp; Heinrich\" class=\"wp-image-8474\" srcset=\"https:\/\/stiftungsmarktplatz.eu\/blog\/wp-content\/uploads\/2025\/04\/STFR-Hansen-Heinrich.jpg 1000w, https:\/\/stiftungsmarktplatz.eu\/blog\/wp-content\/uploads\/2025\/04\/STFR-Hansen-Heinrich-300x169.jpg 300w, https:\/\/stiftungsmarktplatz.eu\/blog\/wp-content\/uploads\/2025\/04\/STFR-Hansen-Heinrich-768x432.jpg 768w, https:\/\/stiftungsmarktplatz.eu\/blog\/wp-content\/uploads\/2025\/04\/STFR-Hansen-Heinrich-696x391.jpg 696w\" sizes=\"auto, (max-width: 1000px) 100vw, 1000px\" \/><figcaption class=\"wp-element-caption\">Mark Uwe Pawlytta, Stiftungsexperte bei KPMG in Frankfurt, w\u00e4hrend seines Vortrags beim Stiftungsfr\u00fchst\u00fcck von Hansen &#038; Heinrich am 31.3.2025 in Frankfurt am Main.\nQuelle: Archiv stiftungsmarktplatz.eu<\/figcaption><\/figure>\n\n\n\n<h2 class=\"wp-block-heading\">Lehre Nummer 1: Die Verm\u00f6genssph\u00e4ren geben Spielr\u00e4ume an die Hand.<\/h2>\n\n\n\n<p>Mark Uwe Pawlytta hob einmal auf die Verm\u00f6genssph\u00e4ren ab. Es gibt das Grundstockverm\u00f6gen, und es gibt das sonstige Verm\u00f6gen. Wer diesen Unterschied nicht kennt und sein Stiftungskapital nicht nach diesen Sph\u00e4ren definiert, verschenkt etwas. So jedenfalls lese ich das, was Mark Uwe Pawlytta den G\u00e4sten mit auf den Weg gab. Denn an der Definition der Verm\u00f6genssph\u00e4ren h\u00e4ngt auch der Umgang mit dem Verm\u00f6gen und letztlich auch die L\u00f6sung f\u00fcr eine Herausforderung, die viele Stiftungsverantwortliche mancherorts schlichtweg verzweifeln l\u00e4sst: der Erhalt des Kapitals, der Kapitalerhalt. <\/p>\n\n\n\n<p>F\u00fcr den KPMG-Stiftungsprofi steht Eines au\u00dfer Zweifel. Kapitalerhalt zu regeln, ist K\u00e4se, denn kein Stiftungsverm\u00f6gen ist wie das andere. Kann ich ein Stiftungsverm\u00f6gen, das in liquiden Asset angelegt ist, mit einem vergleichen, dessen Verm\u00f6gensmasse zu 90% in Immobilien gebunden ist? Kann ich nicht. Hier kommt dann der Ermessenspielraum f\u00fcr den Stiftungsvorstand ins Spiel. Es w\u00e4re viel zweckdienlicher, diesen abh\u00e4ngig von der Verm\u00f6gensart entscheiden zu lassen, welches Vorgehen das passende ist und inwiefern die R\u00fccklagenspielr\u00e4ume genutzt werden. Denn Eines darf auch passieren (passiert aber viel zu oft): Dass Stiftungsverm\u00f6gen gar nicht oder eben nicht M\u00f6glichkeiten-optimal investiert wird. Das Geh\u00f6rte hei\u00dft am Ende, dass das schn\u00f6de und undifferenzierte Regeln des Kapitalerhalts wom\u00f6glich nicht mehr in die Zeit passt.<\/p>\n\n\n\n<h2 class=\"wp-block-heading\">Lehre Nummer 2: Die Business Judgement Rule ist bei zukunftsoffenen Themen eine echte Hilfe.<\/h2>\n\n\n\n<p>Mark Uwe Pawlytta brachte auch den Themenkomplex Business Judgement Rule mit zum Stiftungsfr\u00fchst\u00fcck von Hansen &amp; Heinrich, und hatte eine einpr\u00e4gsame Botschaft parat. Die Haftungsfragen werden \u00fcbersch\u00e4tzt, aber die Sorgfaltspflichten werden mancherorts untersch\u00e4tzt. Aber was hei\u00dft es eigentlich, sorgf\u00e4ltig als Stiftungsverantwortlicher zu arbeiten? <\/p>\n\n\n\n<p>Mark Pawlytta machte es anfassbar. Sorgfalt hei\u00dft, gute Entscheidungen zu treffen, also solche, die aus- und abgewogen sind und auf einer guten Informationsgrundlage fu\u00dfen. Das wiederum hei\u00dft, es sind ausreichend Informationen eingeholt worden, diese wurden gepr\u00fcft und beurteilt. Eine kleine google-Recherche reicht da nicht mehr aus. Um zu argumentieren, kann dann der Fachmann helfen, ihn zu konsultieren kann bezeugen, rund um eine gute Entscheidung alles versucht zu haben. Bei alldem ist Mark Uwe Pawlytta, dass Ehrenamtliche dieses Tun gut dokumentieren sollten. \u201eUnd gerne auch n bisschen mehr notieren als weniger, das gibt eine gute Grundlage f\u00fcr die Dokumentation.\u201c, habe Pawlytta noch einen Praxistipp mit auf den Weg. Wir fassen zusammen: Haftungsangst ist vielleicht ein guter Diener, aber sie ist definitiv ein schlechter Herr.<\/p>\n\n\n\n<h2 class=\"wp-block-heading\">Lehre Nummer 3: Stiftungen ver\u00e4ndern sich, weil sie sich ver\u00e4ndern m\u00fcssen.<\/h2>\n\n\n\n<p>Im Vortrag von Mark Uwe Pawlytta schwang stets ein kleiner Aufruf mit, sich den Anforderungen der Zeit zu stellen, insbesondere als Stiftung. Manche Stiftungsaufsicht mag noch den \u201ealten\u201c Rechtsrahmen verbindlicher finden, aber f\u00fcr die Zukunft einer jeden Stiftung ist das neue Stiftungsrecht die zentrale Ma\u00dfgabe. Diese ver\u00e4ndert Stiftungshandeln bereits, aber Stiftungen m\u00fcssen sich auch ver\u00e4ndern, um den Stifterwillen weiterhin wie gehabt erf\u00fcllen zu k\u00f6nnen. Denn der Stifterwille habe der Stiftung die Zweckverwirklichung mit auf den Weg gegeben, aber nichts davon gesagt, dass die beiden dienenden Einheiten Verm\u00f6gen und Organisation immer wie zum Zeitpunkt der Errichtung agieren sollen. <\/p>\n\n\n\n<p>Stiftungsverm\u00f6gen und Stiftungsorganisation m\u00fcssen die Zweckverwirklichung gew\u00e4hrleisten, und damit mit der Zeit gehen in ihrer Ausgestaltung. Mir kam Giuseppe de Lampedusa in den Sinn, der einmal formulierte: Willst Du dass alles so bleibt wie es ist musst du bereit sein, alles zu ver\u00e4ndern. Mark Uwe Pawlytta sprach diesen Satz nicht aus, aber der implizite Appell, Ver\u00e4nderung der Stiftungspraxis als etwas Gutes aber auch Notwendiges zu verstehen, den habe ich schon herausgeh\u00f6rt.<\/p>\n\n\n\n<figure class=\"wp-block-image size-large\"><a href=\"http:\/\/www.meinstiftungsexperte.de\" target=\"_blank\" rel=\" noreferrer noopener\"><img loading=\"lazy\" decoding=\"async\" width=\"1024\" height=\"535\" src=\"https:\/\/stiftungsmarktplatz.eu\/blog\/wp-content\/uploads\/2024\/12\/stiftungsexperten-handbuch2025-1024x535.jpg\" alt=\"Stiftungsexperten Handbuch 2025\" class=\"wp-image-8255\" srcset=\"https:\/\/stiftungsmarktplatz.eu\/blog\/wp-content\/uploads\/2024\/12\/stiftungsexperten-handbuch2025-1024x535.jpg 1024w, https:\/\/stiftungsmarktplatz.eu\/blog\/wp-content\/uploads\/2024\/12\/stiftungsexperten-handbuch2025-300x157.jpg 300w, https:\/\/stiftungsmarktplatz.eu\/blog\/wp-content\/uploads\/2024\/12\/stiftungsexperten-handbuch2025-768x401.jpg 768w, https:\/\/stiftungsmarktplatz.eu\/blog\/wp-content\/uploads\/2024\/12\/stiftungsexperten-handbuch2025-696x364.jpg 696w, https:\/\/stiftungsmarktplatz.eu\/blog\/wp-content\/uploads\/2024\/12\/stiftungsexperten-handbuch2025-1068x558.jpg 1068w, https:\/\/stiftungsmarktplatz.eu\/blog\/wp-content\/uploads\/2024\/12\/stiftungsexperten-handbuch2025.jpg 1200w\" sizes=\"auto, (max-width: 1024px) 100vw, 1024px\" \/><\/a><\/figure>\n\n\n\n<h2 class=\"wp-block-heading\">Zusammengefasst<\/h2>\n\n\n\n<p><a href=\"https:\/\/stiftungsapero.de\/\" target=\"_blank\" rel=\"noreferrer noopener\">Termine<\/a> wie das Stiftungsfr\u00fchst\u00fcck von Hansen &amp; Heinrich (DANKE an das Team um Standortleiter Samir Zakaria!) beweisen, dass Stiftungspraxis von Austausch und Expertise profitiert. Der Austausch mit anderen Stiftungsverantwortlichen tariert das eigene Tun wom\u00f6glich etwas aus, das Kennenlernen von Experten weitet Blicke und \u00f6ffnet Wege. Dies ist umso wichtiger, als dass ja nach wie vor immer neue Stiftungen errichtet werden (ein Gast berichtete, dass er sich derzeit mit dem Gr\u00fcnden einer Stiftung befasst), und insbesondere neue Stiftung das modernste Setup brauchen. Denn nur das l\u00e4sst sie gerade bei zukunftsoffenen Entscheidungen richtig agieren, insbesondere in einem Umfeld, in dem viele Zukunftsfragen neu aufgerollt werden. Stiftungsexperten wie Mark Uwe Pawlytta sind hier schon voll auf Kurs \u2013 und begleiten Stiftungsverantwortliche in der Kunst des Machbaren. Denn machbar ist alles, aber Gutes gut machen, das ist nochmal etwas anderes.<\/p>\n","protected":false},"excerpt":{"rendered":"<p><span class=\"span-reading-time rt-reading-time\" style=\"display: block;\"><span class=\"rt-label rt-prefix\">Lesezeit: <\/span> <span class=\"rt-time\"> 4<\/span> <span class=\"rt-label rt-postfix\">Minuten<\/span><\/span>Stiftungen ver\u00e4ndern sich, die Stiftungspraxis kommt im Hier und Jetzt an. M\u00fcsste ich mit wenigen Worten den Roten Faden des Stiftungsfr\u00fchst\u00fccks beim Verm\u00f6gensverwalter Hansen &#038; Heinrich zusammenflechten, es w\u00e4ren wohl diese. Am letzten Tag des Wonnemonats M\u00e4rz lud die Verm\u00f6gensverwaltung Hansen &#038; Heinrich zum Stiftungsfr\u00fchst\u00fcck in Ihre Repr\u00e4sentanz am Mainufer, Gastreferent war Mark Uwe Pawlytta von KPMG. Was er an Einsichten unter anderem zum \u201eneuen\u201c Stiftungsrecht mitbrachte, hatte es in sich. Aber es hatte auch etwas f\u00fcr sich. Unsere drei Lehren.<\/p>\n","protected":false},"author":8,"featured_media":8476,"comment_status":"closed","ping_status":"open","sticky":false,"template":"","format":"standard","meta":{"ngg_post_thumbnail":0,"footnotes":""},"categories":[428],"tags":[145,27,83],"class_list":{"0":"post-8471","1":"post","2":"type-post","3":"status-publish","4":"format-standard","5":"has-post-thumbnail","7":"category-stiftungsrecht","8":"tag-stiftungskommunikation","9":"tag-stiftungsvermoegen","10":"tag-stiftungspraxis"},"yoast_head":"<!-- This site is optimized with the Yoast SEO plugin v27.4 - https:\/\/yoast.com\/product\/yoast-seo-wordpress\/ -->\n<title>Stiftungen ver\u00e4ndern sich - Der Stiftungsblog f\u00fcr die Stiftungspraxis<\/title>\n<meta name=\"description\" content=\"Stiftungen ver\u00e4ndern sich, die Stiftungspraxis kommt im Hier und Jetzt an. M\u00fcsste ich mit wenigen Worten den Roten Faden des Stiftungsfr\u00fchst\u00fccks beim Verm\u00f6gensverwalter Hansen &amp; Heinrich zusammenflechten, es w\u00e4ren wohl diese. Am letzten Tag des Wonnemonats M\u00e4rz lud die Verm\u00f6gensverwaltung Hansen &amp; Heinrich zum Stiftungsfr\u00fchst\u00fcck in Ihre Repr\u00e4sentanz am Mainufer, Gastreferent war Mark Uwe Pawlytta von KPMG.\" \/>\n<meta name=\"robots\" content=\"index, follow, max-snippet:-1, max-image-preview:large, max-video-preview:-1\" \/>\n<link rel=\"canonical\" href=\"https:\/\/stiftungsmarktplatz.eu\/blog\/stiftungen-veraendern-sich\/\" \/>\n<meta property=\"og:locale\" content=\"de_DE\" \/>\n<meta property=\"og:type\" content=\"article\" \/>\n<meta property=\"og:title\" content=\"Stiftungen ver\u00e4ndern sich - Der Stiftungsblog f\u00fcr die Stiftungspraxis\" \/>\n<meta property=\"og:description\" content=\"Stiftungen ver\u00e4ndern sich, die Stiftungspraxis kommt im Hier und Jetzt an. M\u00fcsste ich mit wenigen Worten den Roten Faden des Stiftungsfr\u00fchst\u00fccks beim Verm\u00f6gensverwalter Hansen &amp; Heinrich zusammenflechten, es w\u00e4ren wohl diese. Am letzten Tag des Wonnemonats M\u00e4rz lud die Verm\u00f6gensverwaltung Hansen &amp; Heinrich zum Stiftungsfr\u00fchst\u00fcck in Ihre Repr\u00e4sentanz am Mainufer, Gastreferent war Mark Uwe Pawlytta von KPMG.\" \/>\n<meta property=\"og:url\" content=\"https:\/\/stiftungsmarktplatz.eu\/blog\/stiftungen-veraendern-sich\/\" \/>\n<meta property=\"og:site_name\" content=\"Der Stiftungsblog f\u00fcr die Stiftungspraxis\" \/>\n<meta property=\"article:published_time\" content=\"2025-04-10T10:28:45+00:00\" \/>\n<meta property=\"article:modified_time\" content=\"2025-04-10T10:30:59+00:00\" \/>\n<meta property=\"og:image\" content=\"https:\/\/stiftungsmarktplatz.eu\/blog\/wp-content\/uploads\/2025\/04\/Drei-Lehren-STFR-Hansen-Heinrich.jpg\" \/>\n\t<meta property=\"og:image:width\" content=\"1200\" \/>\n\t<meta property=\"og:image:height\" content=\"675\" \/>\n\t<meta property=\"og:image:type\" content=\"image\/jpeg\" \/>\n<meta name=\"author\" content=\"Tobias Karow\" \/>\n<meta name=\"twitter:card\" content=\"summary_large_image\" \/>\n<meta name=\"twitter:label1\" content=\"Verfasst von\" \/>\n\t<meta name=\"twitter:data1\" content=\"Tobias Karow\" \/>\n\t<meta name=\"twitter:label2\" content=\"Gesch\u00e4tzte Lesezeit\" \/>\n\t<meta name=\"twitter:data2\" content=\"6\u00a0Minuten\" \/>\n<script type=\"application\/ld+json\" class=\"yoast-schema-graph\">{\"@context\":\"https:\\\/\\\/schema.org\",\"@graph\":[{\"@type\":\"Article\",\"@id\":\"https:\\\/\\\/stiftungsmarktplatz.eu\\\/blog\\\/stiftungen-veraendern-sich\\\/#article\",\"isPartOf\":{\"@id\":\"https:\\\/\\\/stiftungsmarktplatz.eu\\\/blog\\\/stiftungen-veraendern-sich\\\/\"},\"author\":{\"name\":\"Tobias Karow\",\"@id\":\"https:\\\/\\\/stiftungsmarktplatz.eu\\\/blog\\\/#\\\/schema\\\/person\\\/3a42780bf87a2088578f1e8077ccfa44\"},\"headline\":\"Stiftungen ver\u00e4ndern sich\",\"datePublished\":\"2025-04-10T10:28:45+00:00\",\"dateModified\":\"2025-04-10T10:30:59+00:00\",\"mainEntityOfPage\":{\"@id\":\"https:\\\/\\\/stiftungsmarktplatz.eu\\\/blog\\\/stiftungen-veraendern-sich\\\/\"},\"wordCount\":1042,\"publisher\":{\"@id\":\"https:\\\/\\\/stiftungsmarktplatz.eu\\\/blog\\\/#organization\"},\"image\":{\"@id\":\"https:\\\/\\\/stiftungsmarktplatz.eu\\\/blog\\\/stiftungen-veraendern-sich\\\/#primaryimage\"},\"thumbnailUrl\":\"https:\\\/\\\/stiftungsmarktplatz.eu\\\/blog\\\/wp-content\\\/uploads\\\/2025\\\/04\\\/Drei-Lehren-STFR-Hansen-Heinrich.jpg\",\"keywords\":[\"Stiftungskommunikation\",\"Stiftungsverm\u00f6gen\",\"Stiftungspraxis\"],\"articleSection\":[\"Stiftungsrecht\"],\"inLanguage\":\"de\"},{\"@type\":\"WebPage\",\"@id\":\"https:\\\/\\\/stiftungsmarktplatz.eu\\\/blog\\\/stiftungen-veraendern-sich\\\/\",\"url\":\"https:\\\/\\\/stiftungsmarktplatz.eu\\\/blog\\\/stiftungen-veraendern-sich\\\/\",\"name\":\"Stiftungen ver\u00e4ndern sich - Der Stiftungsblog f\u00fcr die Stiftungspraxis\",\"isPartOf\":{\"@id\":\"https:\\\/\\\/stiftungsmarktplatz.eu\\\/blog\\\/#website\"},\"primaryImageOfPage\":{\"@id\":\"https:\\\/\\\/stiftungsmarktplatz.eu\\\/blog\\\/stiftungen-veraendern-sich\\\/#primaryimage\"},\"image\":{\"@id\":\"https:\\\/\\\/stiftungsmarktplatz.eu\\\/blog\\\/stiftungen-veraendern-sich\\\/#primaryimage\"},\"thumbnailUrl\":\"https:\\\/\\\/stiftungsmarktplatz.eu\\\/blog\\\/wp-content\\\/uploads\\\/2025\\\/04\\\/Drei-Lehren-STFR-Hansen-Heinrich.jpg\",\"datePublished\":\"2025-04-10T10:28:45+00:00\",\"dateModified\":\"2025-04-10T10:30:59+00:00\",\"description\":\"Stiftungen ver\u00e4ndern sich, die Stiftungspraxis kommt im Hier und Jetzt an. M\u00fcsste ich mit wenigen Worten den Roten Faden des Stiftungsfr\u00fchst\u00fccks beim Verm\u00f6gensverwalter Hansen & Heinrich zusammenflechten, es w\u00e4ren wohl diese. Am letzten Tag des Wonnemonats M\u00e4rz lud die Verm\u00f6gensverwaltung Hansen & Heinrich zum Stiftungsfr\u00fchst\u00fcck in Ihre Repr\u00e4sentanz am Mainufer, Gastreferent war Mark Uwe Pawlytta von KPMG.\",\"breadcrumb\":{\"@id\":\"https:\\\/\\\/stiftungsmarktplatz.eu\\\/blog\\\/stiftungen-veraendern-sich\\\/#breadcrumb\"},\"inLanguage\":\"de\",\"potentialAction\":[{\"@type\":\"ReadAction\",\"target\":[\"https:\\\/\\\/stiftungsmarktplatz.eu\\\/blog\\\/stiftungen-veraendern-sich\\\/\"]}]},{\"@type\":\"ImageObject\",\"inLanguage\":\"de\",\"@id\":\"https:\\\/\\\/stiftungsmarktplatz.eu\\\/blog\\\/stiftungen-veraendern-sich\\\/#primaryimage\",\"url\":\"https:\\\/\\\/stiftungsmarktplatz.eu\\\/blog\\\/wp-content\\\/uploads\\\/2025\\\/04\\\/Drei-Lehren-STFR-Hansen-Heinrich.jpg\",\"contentUrl\":\"https:\\\/\\\/stiftungsmarktplatz.eu\\\/blog\\\/wp-content\\\/uploads\\\/2025\\\/04\\\/Drei-Lehren-STFR-Hansen-Heinrich.jpg\",\"width\":1200,\"height\":675,\"caption\":\"Drei Lehren - Stiftungsfr\u00fchst\u00fcck beim Verm\u00f6gensverwalter Hansen & Heinrich\"},{\"@type\":\"BreadcrumbList\",\"@id\":\"https:\\\/\\\/stiftungsmarktplatz.eu\\\/blog\\\/stiftungen-veraendern-sich\\\/#breadcrumb\",\"itemListElement\":[{\"@type\":\"ListItem\",\"position\":1,\"name\":\"Startseite\",\"item\":\"https:\\\/\\\/stiftungsmarktplatz.eu\\\/blog\\\/\"},{\"@type\":\"ListItem\",\"position\":2,\"name\":\"Stiftungen ver\u00e4ndern sich\"}]},{\"@type\":\"WebSite\",\"@id\":\"https:\\\/\\\/stiftungsmarktplatz.eu\\\/blog\\\/#website\",\"url\":\"https:\\\/\\\/stiftungsmarktplatz.eu\\\/blog\\\/\",\"name\":\"Der Stiftungsblog f\u00fcr die Stiftungspraxis\",\"description\":\"#stiftungenst\u00e4rken - NPO-Expertise von NPO-Experten\",\"publisher\":{\"@id\":\"https:\\\/\\\/stiftungsmarktplatz.eu\\\/blog\\\/#organization\"},\"potentialAction\":[{\"@type\":\"SearchAction\",\"target\":{\"@type\":\"EntryPoint\",\"urlTemplate\":\"https:\\\/\\\/stiftungsmarktplatz.eu\\\/blog\\\/?s={search_term_string}\"},\"query-input\":{\"@type\":\"PropertyValueSpecification\",\"valueRequired\":true,\"valueName\":\"search_term_string\"}}],\"inLanguage\":\"de\"},{\"@type\":\"Organization\",\"@id\":\"https:\\\/\\\/stiftungsmarktplatz.eu\\\/blog\\\/#organization\",\"name\":\"stiftungsmarktplatz.eu GbR\",\"url\":\"https:\\\/\\\/stiftungsmarktplatz.eu\\\/blog\\\/\",\"logo\":{\"@type\":\"ImageObject\",\"inLanguage\":\"de\",\"@id\":\"https:\\\/\\\/stiftungsmarktplatz.eu\\\/blog\\\/#\\\/schema\\\/logo\\\/image\\\/\",\"url\":\"https:\\\/\\\/stiftungsmarktplatz.eu\\\/blog\\\/wp-content\\\/uploads\\\/2020\\\/03\\\/Logo-blog-retina.png\",\"contentUrl\":\"https:\\\/\\\/stiftungsmarktplatz.eu\\\/blog\\\/wp-content\\\/uploads\\\/2020\\\/03\\\/Logo-blog-retina.png\",\"width\":140,\"height\":130,\"caption\":\"stiftungsmarktplatz.eu GbR\"},\"image\":{\"@id\":\"https:\\\/\\\/stiftungsmarktplatz.eu\\\/blog\\\/#\\\/schema\\\/logo\\\/image\\\/\"},\"sameAs\":[\"https:\\\/\\\/www.linkedin.com\\\/company\\\/18563519\\\/\",\"https:\\\/\\\/www.youtube.com\\\/channel\\\/UCQrF6RQRFGxTokVV4nbx25Q\"]},{\"@type\":\"Person\",\"@id\":\"https:\\\/\\\/stiftungsmarktplatz.eu\\\/blog\\\/#\\\/schema\\\/person\\\/3a42780bf87a2088578f1e8077ccfa44\",\"name\":\"Tobias Karow\",\"image\":{\"@type\":\"ImageObject\",\"inLanguage\":\"de\",\"@id\":\"https:\\\/\\\/stiftungsmarktplatz.eu\\\/blog\\\/wp-content\\\/uploads\\\/2024\\\/05\\\/tobias-karow-2024-150x150.png\",\"url\":\"https:\\\/\\\/stiftungsmarktplatz.eu\\\/blog\\\/wp-content\\\/uploads\\\/2024\\\/05\\\/tobias-karow-2024-150x150.png\",\"contentUrl\":\"https:\\\/\\\/stiftungsmarktplatz.eu\\\/blog\\\/wp-content\\\/uploads\\\/2024\\\/05\\\/tobias-karow-2024-150x150.png\",\"caption\":\"Tobias Karow\"},\"description\":\"ist Gr\u00fcnder und Gesch\u00e4ftsf\u00fchrer von stiftungsmarktplatz.eu und im Stiftungswesen in Deutschland, \u00d6sterreich, der Schweiz und Liechtenstein seit 10 Jahren aktiv. Er ist Herausgeber der FondsFibel f\u00fcr Stiftungen &amp; NPOs, dem f\u00fchrenden Nachschlagewerk f\u00fcr Stiftungsfonds und stiftungsgeeignete Fonds (www.fondsfibel.de), Vortr\u00e4ge h\u00e4lt er vor allem zum Thema \u201aStiftungen und ihr Weg in die digitale Welt\u2018. F\u00fcr beide Themen betreibt er den Blog #stiftungenst\u00e4rken.\",\"sameAs\":[\"https:\\\/\\\/www.fondsfibel.de\"],\"url\":\"https:\\\/\\\/stiftungsmarktplatz.eu\\\/blog\\\/author\\\/tobias-karow\\\/\"}]}<\/script>\n<!-- \/ Yoast SEO plugin. -->","yoast_head_json":{"title":"Stiftungen ver\u00e4ndern sich - Der Stiftungsblog f\u00fcr die Stiftungspraxis","description":"Stiftungen ver\u00e4ndern sich, die Stiftungspraxis kommt im Hier und Jetzt an. M\u00fcsste ich mit wenigen Worten den Roten Faden des Stiftungsfr\u00fchst\u00fccks beim Verm\u00f6gensverwalter Hansen & Heinrich zusammenflechten, es w\u00e4ren wohl diese. Am letzten Tag des Wonnemonats M\u00e4rz lud die Verm\u00f6gensverwaltung Hansen & Heinrich zum Stiftungsfr\u00fchst\u00fcck in Ihre Repr\u00e4sentanz am Mainufer, Gastreferent war Mark Uwe Pawlytta von KPMG.","robots":{"index":"index","follow":"follow","max-snippet":"max-snippet:-1","max-image-preview":"max-image-preview:large","max-video-preview":"max-video-preview:-1"},"canonical":"https:\/\/stiftungsmarktplatz.eu\/blog\/stiftungen-veraendern-sich\/","og_locale":"de_DE","og_type":"article","og_title":"Stiftungen ver\u00e4ndern sich - Der Stiftungsblog f\u00fcr die Stiftungspraxis","og_description":"Stiftungen ver\u00e4ndern sich, die Stiftungspraxis kommt im Hier und Jetzt an. M\u00fcsste ich mit wenigen Worten den Roten Faden des Stiftungsfr\u00fchst\u00fccks beim Verm\u00f6gensverwalter Hansen & Heinrich zusammenflechten, es w\u00e4ren wohl diese. Am letzten Tag des Wonnemonats M\u00e4rz lud die Verm\u00f6gensverwaltung Hansen & Heinrich zum Stiftungsfr\u00fchst\u00fcck in Ihre Repr\u00e4sentanz am Mainufer, Gastreferent war Mark Uwe Pawlytta von KPMG.","og_url":"https:\/\/stiftungsmarktplatz.eu\/blog\/stiftungen-veraendern-sich\/","og_site_name":"Der Stiftungsblog f\u00fcr die Stiftungspraxis","article_published_time":"2025-04-10T10:28:45+00:00","article_modified_time":"2025-04-10T10:30:59+00:00","og_image":[{"width":1200,"height":675,"url":"https:\/\/stiftungsmarktplatz.eu\/blog\/wp-content\/uploads\/2025\/04\/Drei-Lehren-STFR-Hansen-Heinrich.jpg","type":"image\/jpeg"}],"author":"Tobias Karow","twitter_card":"summary_large_image","twitter_misc":{"Verfasst von":"Tobias Karow","Gesch\u00e4tzte Lesezeit":"6\u00a0Minuten"},"schema":{"@context":"https:\/\/schema.org","@graph":[{"@type":"Article","@id":"https:\/\/stiftungsmarktplatz.eu\/blog\/stiftungen-veraendern-sich\/#article","isPartOf":{"@id":"https:\/\/stiftungsmarktplatz.eu\/blog\/stiftungen-veraendern-sich\/"},"author":{"name":"Tobias Karow","@id":"https:\/\/stiftungsmarktplatz.eu\/blog\/#\/schema\/person\/3a42780bf87a2088578f1e8077ccfa44"},"headline":"Stiftungen ver\u00e4ndern sich","datePublished":"2025-04-10T10:28:45+00:00","dateModified":"2025-04-10T10:30:59+00:00","mainEntityOfPage":{"@id":"https:\/\/stiftungsmarktplatz.eu\/blog\/stiftungen-veraendern-sich\/"},"wordCount":1042,"publisher":{"@id":"https:\/\/stiftungsmarktplatz.eu\/blog\/#organization"},"image":{"@id":"https:\/\/stiftungsmarktplatz.eu\/blog\/stiftungen-veraendern-sich\/#primaryimage"},"thumbnailUrl":"https:\/\/stiftungsmarktplatz.eu\/blog\/wp-content\/uploads\/2025\/04\/Drei-Lehren-STFR-Hansen-Heinrich.jpg","keywords":["Stiftungskommunikation","Stiftungsverm\u00f6gen","Stiftungspraxis"],"articleSection":["Stiftungsrecht"],"inLanguage":"de"},{"@type":"WebPage","@id":"https:\/\/stiftungsmarktplatz.eu\/blog\/stiftungen-veraendern-sich\/","url":"https:\/\/stiftungsmarktplatz.eu\/blog\/stiftungen-veraendern-sich\/","name":"Stiftungen ver\u00e4ndern sich - Der Stiftungsblog f\u00fcr die Stiftungspraxis","isPartOf":{"@id":"https:\/\/stiftungsmarktplatz.eu\/blog\/#website"},"primaryImageOfPage":{"@id":"https:\/\/stiftungsmarktplatz.eu\/blog\/stiftungen-veraendern-sich\/#primaryimage"},"image":{"@id":"https:\/\/stiftungsmarktplatz.eu\/blog\/stiftungen-veraendern-sich\/#primaryimage"},"thumbnailUrl":"https:\/\/stiftungsmarktplatz.eu\/blog\/wp-content\/uploads\/2025\/04\/Drei-Lehren-STFR-Hansen-Heinrich.jpg","datePublished":"2025-04-10T10:28:45+00:00","dateModified":"2025-04-10T10:30:59+00:00","description":"Stiftungen ver\u00e4ndern sich, die Stiftungspraxis kommt im Hier und Jetzt an. M\u00fcsste ich mit wenigen Worten den Roten Faden des Stiftungsfr\u00fchst\u00fccks beim Verm\u00f6gensverwalter Hansen & Heinrich zusammenflechten, es w\u00e4ren wohl diese. Am letzten Tag des Wonnemonats M\u00e4rz lud die Verm\u00f6gensverwaltung Hansen & Heinrich zum Stiftungsfr\u00fchst\u00fcck in Ihre Repr\u00e4sentanz am Mainufer, Gastreferent war Mark Uwe Pawlytta von KPMG.","breadcrumb":{"@id":"https:\/\/stiftungsmarktplatz.eu\/blog\/stiftungen-veraendern-sich\/#breadcrumb"},"inLanguage":"de","potentialAction":[{"@type":"ReadAction","target":["https:\/\/stiftungsmarktplatz.eu\/blog\/stiftungen-veraendern-sich\/"]}]},{"@type":"ImageObject","inLanguage":"de","@id":"https:\/\/stiftungsmarktplatz.eu\/blog\/stiftungen-veraendern-sich\/#primaryimage","url":"https:\/\/stiftungsmarktplatz.eu\/blog\/wp-content\/uploads\/2025\/04\/Drei-Lehren-STFR-Hansen-Heinrich.jpg","contentUrl":"https:\/\/stiftungsmarktplatz.eu\/blog\/wp-content\/uploads\/2025\/04\/Drei-Lehren-STFR-Hansen-Heinrich.jpg","width":1200,"height":675,"caption":"Drei Lehren - Stiftungsfr\u00fchst\u00fcck beim Verm\u00f6gensverwalter Hansen & Heinrich"},{"@type":"BreadcrumbList","@id":"https:\/\/stiftungsmarktplatz.eu\/blog\/stiftungen-veraendern-sich\/#breadcrumb","itemListElement":[{"@type":"ListItem","position":1,"name":"Startseite","item":"https:\/\/stiftungsmarktplatz.eu\/blog\/"},{"@type":"ListItem","position":2,"name":"Stiftungen ver\u00e4ndern sich"}]},{"@type":"WebSite","@id":"https:\/\/stiftungsmarktplatz.eu\/blog\/#website","url":"https:\/\/stiftungsmarktplatz.eu\/blog\/","name":"Der Stiftungsblog f\u00fcr die Stiftungspraxis","description":"#stiftungenst\u00e4rken - NPO-Expertise von NPO-Experten","publisher":{"@id":"https:\/\/stiftungsmarktplatz.eu\/blog\/#organization"},"potentialAction":[{"@type":"SearchAction","target":{"@type":"EntryPoint","urlTemplate":"https:\/\/stiftungsmarktplatz.eu\/blog\/?s={search_term_string}"},"query-input":{"@type":"PropertyValueSpecification","valueRequired":true,"valueName":"search_term_string"}}],"inLanguage":"de"},{"@type":"Organization","@id":"https:\/\/stiftungsmarktplatz.eu\/blog\/#organization","name":"stiftungsmarktplatz.eu GbR","url":"https:\/\/stiftungsmarktplatz.eu\/blog\/","logo":{"@type":"ImageObject","inLanguage":"de","@id":"https:\/\/stiftungsmarktplatz.eu\/blog\/#\/schema\/logo\/image\/","url":"https:\/\/stiftungsmarktplatz.eu\/blog\/wp-content\/uploads\/2020\/03\/Logo-blog-retina.png","contentUrl":"https:\/\/stiftungsmarktplatz.eu\/blog\/wp-content\/uploads\/2020\/03\/Logo-blog-retina.png","width":140,"height":130,"caption":"stiftungsmarktplatz.eu GbR"},"image":{"@id":"https:\/\/stiftungsmarktplatz.eu\/blog\/#\/schema\/logo\/image\/"},"sameAs":["https:\/\/www.linkedin.com\/company\/18563519\/","https:\/\/www.youtube.com\/channel\/UCQrF6RQRFGxTokVV4nbx25Q"]},{"@type":"Person","@id":"https:\/\/stiftungsmarktplatz.eu\/blog\/#\/schema\/person\/3a42780bf87a2088578f1e8077ccfa44","name":"Tobias Karow","image":{"@type":"ImageObject","inLanguage":"de","@id":"https:\/\/stiftungsmarktplatz.eu\/blog\/wp-content\/uploads\/2024\/05\/tobias-karow-2024-150x150.png","url":"https:\/\/stiftungsmarktplatz.eu\/blog\/wp-content\/uploads\/2024\/05\/tobias-karow-2024-150x150.png","contentUrl":"https:\/\/stiftungsmarktplatz.eu\/blog\/wp-content\/uploads\/2024\/05\/tobias-karow-2024-150x150.png","caption":"Tobias Karow"},"description":"ist Gr\u00fcnder und Gesch\u00e4ftsf\u00fchrer von stiftungsmarktplatz.eu und im Stiftungswesen in Deutschland, \u00d6sterreich, der Schweiz und Liechtenstein seit 10 Jahren aktiv. Er ist Herausgeber der FondsFibel f\u00fcr Stiftungen &amp; NPOs, dem f\u00fchrenden Nachschlagewerk f\u00fcr Stiftungsfonds und stiftungsgeeignete Fonds (www.fondsfibel.de), Vortr\u00e4ge h\u00e4lt er vor allem zum Thema \u201aStiftungen und ihr Weg in die digitale Welt\u2018. F\u00fcr beide Themen betreibt er den Blog #stiftungenst\u00e4rken.","sameAs":["https:\/\/www.fondsfibel.de"],"url":"https:\/\/stiftungsmarktplatz.eu\/blog\/author\/tobias-karow\/"}]}},"post_mailing_queue_ids":[],"_links":{"self":[{"href":"https:\/\/stiftungsmarktplatz.eu\/blog\/wp-json\/wp\/v2\/posts\/8471","targetHints":{"allow":["GET"]}}],"collection":[{"href":"https:\/\/stiftungsmarktplatz.eu\/blog\/wp-json\/wp\/v2\/posts"}],"about":[{"href":"https:\/\/stiftungsmarktplatz.eu\/blog\/wp-json\/wp\/v2\/types\/post"}],"author":[{"embeddable":true,"href":"https:\/\/stiftungsmarktplatz.eu\/blog\/wp-json\/wp\/v2\/users\/8"}],"replies":[{"embeddable":true,"href":"https:\/\/stiftungsmarktplatz.eu\/blog\/wp-json\/wp\/v2\/comments?post=8471"}],"version-history":[{"count":12,"href":"https:\/\/stiftungsmarktplatz.eu\/blog\/wp-json\/wp\/v2\/posts\/8471\/revisions"}],"predecessor-version":[{"id":8485,"href":"https:\/\/stiftungsmarktplatz.eu\/blog\/wp-json\/wp\/v2\/posts\/8471\/revisions\/8485"}],"wp:featuredmedia":[{"embeddable":true,"href":"https:\/\/stiftungsmarktplatz.eu\/blog\/wp-json\/wp\/v2\/media\/8476"}],"wp:attachment":[{"href":"https:\/\/stiftungsmarktplatz.eu\/blog\/wp-json\/wp\/v2\/media?parent=8471"}],"wp:term":[{"taxonomy":"category","embeddable":true,"href":"https:\/\/stiftungsmarktplatz.eu\/blog\/wp-json\/wp\/v2\/categories?post=8471"},{"taxonomy":"post_tag","embeddable":true,"href":"https:\/\/stiftungsmarktplatz.eu\/blog\/wp-json\/wp\/v2\/tags?post=8471"}],"curies":[{"name":"wp","href":"https:\/\/api.w.org\/{rel}","templated":true}]}}