{"id":8387,"date":"2025-02-24T11:09:44","date_gmt":"2025-02-24T10:09:44","guid":{"rendered":"https:\/\/stiftungsmarktplatz.eu\/blog\/?p=8387"},"modified":"2025-02-25T11:11:01","modified_gmt":"2025-02-25T10:11:01","slug":"stiftungen-nach-der-bundestagswahl","status":"publish","type":"post","link":"https:\/\/stiftungsmarktplatz.eu\/blog\/stiftungen-nach-der-bundestagswahl\/","title":{"rendered":"Stiftungen nach der Bundestagswahl"},"content":{"rendered":"<span class=\"span-reading-time rt-reading-time\" style=\"display: block;\"><span class=\"rt-label rt-prefix\">Lesezeit: <\/span> <span class=\"rt-time\"> 5<\/span> <span class=\"rt-label rt-postfix\">Minuten<\/span><\/span>\n<p class=\"wp-block-paragraph\"><em>Ob Stiftungen mit dem Ergebnis der Bundestagswahl gut leben k\u00f6nnen, das kann wohl kaum einer derzeit so richtig einsch\u00e4tzen. Was sich aber schon sagen l\u00e4sst ist, dass die politische Agenda eine RWM-Agenda sein d\u00fcrfte: R\u00fcstung, Wirtschaft, Migration. Wer am Wahlabend aufmerksam zugeh\u00f6rt oder die Pressefr\u00fchst\u00fccke am Wahltag verfolgt hat, dem wird dieser Dreiklang und die Einigkeit hier aufgefallen sein. Der neue Bundeskanzler Friedrich Merz hat diese drei Sph\u00e4ren auch bereits auf der Pressekonferenz am Nachwahlmontag grob umrissen. Welchen Platz Stiftungen in dieser Agenda haben? Ich bin davon \u00fcberzeugt, dass RWM die Rolle von Stiftungen hierzulande st\u00e4rken kann. Aus drei einfachen \u00dcberlegungen heraus.<\/em><\/p>\n\n\n\n<p class=\"wp-block-paragraph\">F\u00fcr mich pers\u00f6nlich ist die j\u00fcngste Bundestagswahl eine, die ich mit einem weinenden Auge verfolgt habe. Denn \u201emeine\u201c Partei, die FDP, hat es nicht mehr in den Bundestag geschafft. Die W\u00e4hlerinnen und W\u00e4hler verbinden ihre Zukunftsperspektiven eher mit den R\u00e4ndern denn der liberalen Idee. <\/p>\n\n\n\n<p class=\"wp-block-paragraph\">In meinen Augen hat diese aber sehr viel mit dem zu tun, f\u00fcr was momentan allerorten gek\u00e4mpft wird: eine freiheitlich-demokratische Gesellschaft. Die FDP wird verk\u00fcrzt auf die Partei der Besserverdiener, im Kern ist sie die Partei, die daf\u00fcr streitet, dass jeder Einzelne am besten wei\u00df, was f\u00fcr ihn das Beste ist (und auch in der Lage ist, das herauszufinden) und weist dem Staat damit die Rolle des Rahmensetzers zu. Ein starker Staat ist in dieser Denke einer, der die Menschen machen l\u00e4sst, sich nicht in alles einmischt. Der Unternehmertum guthei\u00dft, der es f\u00f6rdert, der Wertsch\u00f6pfen vor Verteilen sortiert. Wenn wir unsere Demokratie st\u00e4rken m\u00f6chten, brauchen wir mehr Gewicht f\u00fcr genau diese Eckpfeiler, und es ist sehr bedauerlich, dass insbesondere in Zeiten wie diesen derlei nun deutlich weniger sichtbar sein wird. Vorerst jedenfalls.<\/p>\n\n\n\n<h2 class=\"wp-block-heading\">Bundestagswahl als Non-Event f\u00fcr Stiftungen? Nicht ganz!<\/h2>\n\n\n\n<p class=\"wp-block-paragraph\">Aus Stiftungssicht ist das Wahlergebnis erst einmal ein Non-Event. Gleichwohl ist das Erstarken der R\u00e4nder auch ein Zeichen an die Stiftungslandschaft. Denn linke wie rechte Kr\u00e4fte sehen in einem starken Staat einen, der in alles im Leben hineinregiert, der verbietet, spaltet, gruppiert, der am besten wei\u00df, was f\u00fcr die Menschen das Beste ist. In Zeiten mit gro\u00dfem Zukunftspessimismus ist das nachvollziehbar, dass dieses erst einmal w\u00e4rmende Bild etwas Vereinnahmendes hat. Jedoch ist es letztlich auch etwas Wolfhaftes, und womit linke wie rechte Regierungen in der Regel nur wenig warm werden ist das zivilgesellschaftliche Engagement. Denn, alles was hier angestrengt wird, kann der Staat ja besser. Stiftungen und Vereine h\u00e4tten es hier dann schwerer, denn Engagement w\u00fcrde eher staatlich organisiert, die Freiheits- und M\u00f6glichkeitenr\u00e4ume von Stiftungen und Vereinen w\u00fcrden merklich beschnitten. Insofern muss der Stiftungssektor das Wahlergebnis mit Sorge zur Kenntnis nehmen \u2013 und f\u00fcr die eigene Zukunft die richtigen Schl\u00fcsse ziehen.<\/p>\n\n\n\n<h2 class=\"wp-block-heading\">Stiftungen und die neue europ\u00e4ische Sicherheitsagenda<\/h2>\n\n\n\n<p class=\"wp-block-paragraph\">Das R in der RWM-Agenda bedeutet zum Beispiel, dass (so ist es zu hoffen) ab sofort eine europ\u00e4ische Sicherheits- und Verteidigungspolitik (die es mit der ESVP bereits so auch auf dem Papier gibt) entwickelt wird, die drei Grundpfeiler anerkennt: 1) Europa, das sind 500 Mio. Menschen, das ist eine hochentwickelte und leistungsf\u00e4hige Volkswirtschaft, das ist ein Fundus an F\u00e4higkeiten, ein eigenes Sicherheitskonzept verfolgen zu k\u00f6nnen. Es muss jetzt nur auf Spur gesetzt werden. 2) Europa wird seine Au\u00dfengrenzen k\u00fcnftig allein verteidigen, und zwar nicht nur mit Helmen, sondern mit robustem Material, mit entsprechender Hinterland-Infrastruktur. 3) Europa wird fr\u00fcher oder sp\u00e4ter seine eigene Atommacht sein, es wird nach au\u00dfen transportieren k\u00f6nnen, dass es auf Kriege vorbereitet ist und damit potentielle Agressoren abschrecken. Europa wird aber auch zeigen, dass es nicht l\u00e4nger Spielball der Gro\u00dfm\u00e4chte mit Card Blanche f\u00fcr den Katzentisch sein wird, sondern selbst Gro\u00dfmacht sein wird.<\/p>\n\n\n\n<h2 class=\"wp-block-heading\">Denkr\u00e4ume f\u00fcr Sicherheitstr\u00e4ume<\/h2>\n\n\n\n<p class=\"wp-block-paragraph\">Warum ist das so schreibe? Weil ich einen Vortrag von Dr. Claudia Major von der Stiftung Wissenschaft und Politik im Hinterkopf habe, in dem sie auf eben jene Potentiale europ\u00e4ischer Sicherheitspolitik abstellte \u2013 womit wir bei der Rolle von Stiftungen in diesem politischen Kontext w\u00e4ren. Warum sind es nicht Stiftungen in Europa, die als Denk- und Kreativr\u00e4ume rund um die neue europ\u00e4ische Sicherheitsarchitektur dienen, die damit f\u00fcr den politischen Diskurs und auch die politische Entscheidungsfindung eine eminent wichtige Rolle einnehmen k\u00f6nnten. Stiftungen k\u00f6nnen hier ihre Freiheitsgrade nutzen, Strukturen zu hinterfragen, etwa in der Beschaffung sicherheitstechnischen Materials. Politische Akteure scheitern hier vermutlich an eben politischen Wechselwirkungen und am Druck der \u00d6ffentlichkeit, Stiftungen k\u00f6nnten hier R\u00e4ume schaffen und bieten, die freies Denken erm\u00f6glichen und so die Basis f\u00fcr fundierte, sachgerechte Grundlagenentscheidungen legen.<\/p>\n\n\n\n<h2 class=\"wp-block-heading\">Bringen Stiftungen frischen Wind in die Diskussion um das Gesch\u00e4ftsmodell Deutschlands?<\/h2>\n\n\n\n<p class=\"wp-block-paragraph\">Beim Themenkreis Wirtschaft wei\u00df ich gar nicht wo ich anfangen soll, wenn ich \u00fcber die Wichtigkeit von Stiftungen nachdenke. Wie viele Stiftungen fu\u00dfen auf unternehmerischem Engagement, wie viele Stiftungen haben damit im Kern einst eine Unternehmer-DNA mit auf den Weg bekommen, haben ein enormes Verst\u00e4ndnis davon, was es f\u00fcr Prosperit\u00e4t und das Heben von Wertsch\u00f6pfungspotentialen braucht? <\/p>\n\n\n\n<p class=\"wp-block-paragraph\">Unz\u00e4hlige, ich glaube und bin \u00fcberzeugt davon, dass Stiftungen wie die Stiftung Familienunternehmen an einer neuen Wirtschaftsagenda f\u00fcr Deutschland und damit auch f\u00fcr Europa mitschreiben k\u00f6nnen. Insbesondere ihr historischer Fundus ist in vielen F\u00e4llen ein Fundus f\u00fcr Konzepte im Morgen. Denn in einer Volkswirtschaft \u00fcberleben Produkte wie Konzepte nur dann, wenn sie immer wieder auf den Pr\u00fcfstand gestellt werden. Sattheit f\u00fchrt zu konzeptioneller Schwere und produkttechnischer \u00d6dnis, und das hat bislang noch jede Volkswirtschaft in Bedr\u00e4ngnis gebracht. Es gibt sehr viele Stiftungen, die hier etwas f\u00fcr den Diskurs beitragen k\u00f6nnen, die frischen Wind in politische Runden und Arbeitspapiere bringen k\u00f6nnen \u2013 nur m\u00fcssen sie daf\u00fcr als eben jener Lieferant von Knowhow, Hintergrund und Sachargumenten auch gesehen werden. Es kann die Botschaft dieser Wahlnacht sein, dass an so manchem Ast einer neuen politischen Agenda thematisch sichtbare Stiftungen mitarbeiten werden<\/p>\n\n\n\n<h2 class=\"wp-block-heading\">Beim Thema Migration bringen viele Stiftungen viele Erfahrungen mit<\/h2>\n\n\n\n<p class=\"wp-block-paragraph\">Beim dritten Themenkreis Migration sind Stiftungen vermutlich noch am meisten involvierbar. Stiftungen verf\u00fcgen etwa \u00fcber Erfahrungen in der Entwicklungszusammenarbeit \u00fcber einen Schatz an Wissen, wie Migration vorgebeugt werden kann. Sie k\u00f6nnen damit einen Beitrag leisten, Entwicklungsregime v\u00f6llig neu zu denken. Vielleicht ist die Zeit der klassischen Entwicklungszusammenarbeit ja tats\u00e4chlich ein St\u00fcck weit vorbei, hier gilt es dann neu zu denken und mit jenen zu sprechen bzw. jene einzubinden, die in vielen L\u00e4ndern der Erde vor Ort agieren, Probleme l\u00f6sen, Strukturen schaffen. Denn Zukunft dort reduziert Herausforderungen hier. Neue Grundlagen zu legen, dass kann eine Aufgabe sein, an der Stiftungen mitarbeiten und mitwirken k\u00f6nnen, Migration aber zum Beispiel auch in Kontexte zu setzen, ein realistisches Bild f\u00fcr den \u00f6ffentlichen Diskurs zu liefern, das kann extrem hilfreich sein \u2013 und derlei kann von Stiftungen kommen.<\/p>\n\n\n\n<figure class=\"wp-block-image size-large\"><a href=\"http:\/\/www.meinstiftungsexperte.de\" target=\"_blank\" rel=\" noreferrer noopener\"><img loading=\"lazy\" decoding=\"async\" width=\"1024\" height=\"535\" src=\"https:\/\/stiftungsmarktplatz.eu\/blog\/wp-content\/uploads\/2024\/12\/stiftungsexperten-handbuch2025-1024x535.jpg\" alt=\"Stiftungsexperten Handbuch 2025\" class=\"wp-image-8255\" srcset=\"https:\/\/stiftungsmarktplatz.eu\/blog\/wp-content\/uploads\/2024\/12\/stiftungsexperten-handbuch2025-1024x535.jpg 1024w, https:\/\/stiftungsmarktplatz.eu\/blog\/wp-content\/uploads\/2024\/12\/stiftungsexperten-handbuch2025-300x157.jpg 300w, https:\/\/stiftungsmarktplatz.eu\/blog\/wp-content\/uploads\/2024\/12\/stiftungsexperten-handbuch2025-768x401.jpg 768w, https:\/\/stiftungsmarktplatz.eu\/blog\/wp-content\/uploads\/2024\/12\/stiftungsexperten-handbuch2025-696x364.jpg 696w, https:\/\/stiftungsmarktplatz.eu\/blog\/wp-content\/uploads\/2024\/12\/stiftungsexperten-handbuch2025-1068x558.jpg 1068w, https:\/\/stiftungsmarktplatz.eu\/blog\/wp-content\/uploads\/2024\/12\/stiftungsexperten-handbuch2025.jpg 1200w\" sizes=\"auto, (max-width: 1024px) 100vw, 1024px\" \/><\/a><\/figure>\n\n\n\n<h2 class=\"wp-block-heading\">Zusammengefasst<\/h2>\n\n\n\n<p class=\"wp-block-paragraph\">Die Bundestagswahl hat ein Wahlergebnis mit sich gebracht, das erstmal schwer verdaulich sein mag, das einen neuen Bundeskanzler ins Bundeskanzleramt bringt, das aber eben auch etwas \u00fcber die Verfasstheit unseres Landes sagt. Die Menschen glauben nicht mehr so richtig daran, dass ein Weiter so die Probleme l\u00f6st. <\/p>\n\n\n\n<p class=\"wp-block-paragraph\">Zukunft wird nicht rosig gesehen, sondern grau schattiert. Die Buntness des Stiftungssektors kann hier zum Faktor werden. Nageln Sie mich bitte nicht auf die Aussage fest, dass Stiftungen wieder Farbe in den Alltag der Menschen bringen, das m\u00fcssen die Menschen selbst bewerkstelligen, und daf\u00fcr muss die Regierung jetzt endlich zeitgem\u00e4\u00dfe Rahmenbedingungen schaffen, beziehungsweise manches Rahmenwerk deutlich entschlacken. <\/p>\n\n\n\n<p class=\"wp-block-paragraph\">Aber, und das vermute ich schon, Stiftungen k\u00f6nnen ob ihrer Freiheitsgrade im Denken und ihrer Spielr\u00e4ume im Tun Kuratoren frischer Konzepte und neuer Handlungsparameter sein. Daf\u00fcr m\u00fcssen sie aber auch selber an sich arbeiten, sie m\u00fcssen sichtbarer sein, daf\u00fcr m\u00fcssen sie professioneller sein, daf\u00fcr m\u00fcssen sie resilienter sein. Das Leben, auch wenn es wie im Falle von Stiftungen ein ewiges ist, ist eine Baustelle? Da ist schon was dran.<\/p>\n","protected":false},"excerpt":{"rendered":"<p><span class=\"span-reading-time rt-reading-time\" style=\"display: block;\"><span class=\"rt-label rt-prefix\">Lesezeit: <\/span> <span class=\"rt-time\"> 5<\/span> <span class=\"rt-label rt-postfix\">Minuten<\/span><\/span>Ob Stiftungen mit dem Ergebnis der Bundestagswahl gut leben k\u00f6nnen, das kann wohl kaum einer derzeit so richtig einsch\u00e4tzen. Was sich aber schon sagen l\u00e4sst ist, dass die politische Agenda eine RWM-Agenda sein d\u00fcrfte: R\u00fcstung, Wirtschaft, Migration. Wer am Wahlabend aufmerksam zugeh\u00f6rt oder die Pressefr\u00fchst\u00fccke am Wahltag verfolgt hat, dem wird dieser Dreiklang und die Einigkeit hier aufgefallen sein. Der neue Bundeskanzler Friedrich Merz hat diese drei Sph\u00e4ren auch bereits auf der Pressekonferenz am Nachwahlmontag grob umrissen. Welchen Platz Stiftungen in dieser Agenda haben? Ich bin davon \u00fcberzeugt, dass RWM die Rolle von Stiftungen hierzulande st\u00e4rken kann. Aus drei einfachen \u00dcberlegungen heraus.<\/p>\n","protected":false},"author":8,"featured_media":8391,"comment_status":"closed","ping_status":"open","sticky":false,"template":"","format":"standard","meta":{"ngg_post_thumbnail":0,"footnotes":""},"categories":[6],"tags":[83,145,327],"class_list":["post-8387","post","type-post","status-publish","format-standard","has-post-thumbnail","category-stiftungskommunikation-und-ki","tag-stiftungspraxis","tag-stiftungskommunikation","tag-stiftungssektor"],"yoast_head":"<!-- This site is optimized with the Yoast SEO plugin v28.3 - https:\/\/yoast.com\/product\/yoast-seo-wordpress\/ -->\n<title>Stiftungen nach der Bundestagswahl - Der Stiftungsblog f\u00fcr die Stiftungspraxis<\/title>\n<meta name=\"description\" content=\"Ob Stiftungen mit dem Ergebnis der Bundestagswahl gut leben k\u00f6nnen, das kann wohl kaum einer derzeit so richtig einsch\u00e4tzen. Was sich aber schon sagen l\u00e4sst ist, dass die politische Agenda eine RWM-Agenda sein d\u00fcrfte: R\u00fcstung, Wirtschaft, Migration.\" \/>\n<meta name=\"robots\" content=\"index, follow, max-snippet:-1, max-image-preview:large, max-video-preview:-1\" \/>\n<link rel=\"canonical\" href=\"https:\/\/stiftungsmarktplatz.eu\/blog\/stiftungen-nach-der-bundestagswahl\/\" \/>\n<meta property=\"og:locale\" content=\"de_DE\" \/>\n<meta property=\"og:type\" content=\"article\" \/>\n<meta property=\"og:title\" content=\"Stiftungen nach der Bundestagswahl - Der Stiftungsblog f\u00fcr die Stiftungspraxis\" \/>\n<meta property=\"og:description\" content=\"Ob Stiftungen mit dem Ergebnis der Bundestagswahl gut leben k\u00f6nnen, das kann wohl kaum einer derzeit so richtig einsch\u00e4tzen. Was sich aber schon sagen l\u00e4sst ist, dass die politische Agenda eine RWM-Agenda sein d\u00fcrfte: R\u00fcstung, Wirtschaft, Migration.\" \/>\n<meta property=\"og:url\" content=\"https:\/\/stiftungsmarktplatz.eu\/blog\/stiftungen-nach-der-bundestagswahl\/\" \/>\n<meta property=\"og:site_name\" content=\"Der Stiftungsblog f\u00fcr die Stiftungspraxis\" \/>\n<meta property=\"article:published_time\" content=\"2025-02-24T10:09:44+00:00\" \/>\n<meta property=\"article:modified_time\" content=\"2025-02-25T10:11:01+00:00\" \/>\n<meta property=\"og:image\" content=\"https:\/\/stiftungsmarktplatz.eu\/blog\/wp-content\/uploads\/2025\/02\/Nachlese-Bundestagswahl-2025.jpg\" \/>\n\t<meta property=\"og:image:width\" content=\"1200\" \/>\n\t<meta property=\"og:image:height\" content=\"675\" \/>\n\t<meta property=\"og:image:type\" content=\"image\/jpeg\" \/>\n<meta name=\"author\" content=\"Tobias Karow\" \/>\n<meta name=\"twitter:card\" content=\"summary_large_image\" \/>\n<meta name=\"twitter:label1\" content=\"Verfasst von\" \/>\n\t<meta name=\"twitter:data1\" content=\"Tobias Karow\" \/>\n\t<meta name=\"twitter:label2\" content=\"Gesch\u00e4tzte Lesezeit\" \/>\n\t<meta name=\"twitter:data2\" content=\"8\u00a0Minuten\" \/>\n<script type=\"application\/ld+json\" class=\"yoast-schema-graph\">{\"@context\":\"https:\\\/\\\/schema.org\",\"@graph\":[{\"@type\":\"Article\",\"@id\":\"https:\\\/\\\/stiftungsmarktplatz.eu\\\/blog\\\/stiftungen-nach-der-bundestagswahl\\\/#article\",\"isPartOf\":{\"@id\":\"https:\\\/\\\/stiftungsmarktplatz.eu\\\/blog\\\/stiftungen-nach-der-bundestagswahl\\\/\"},\"author\":{\"name\":\"Tobias Karow\",\"@id\":\"https:\\\/\\\/stiftungsmarktplatz.eu\\\/blog\\\/#\\\/schema\\\/person\\\/3a42780bf87a2088578f1e8077ccfa44\"},\"headline\":\"Stiftungen nach der Bundestagswahl\",\"datePublished\":\"2025-02-24T10:09:44+00:00\",\"dateModified\":\"2025-02-25T10:11:01+00:00\",\"mainEntityOfPage\":{\"@id\":\"https:\\\/\\\/stiftungsmarktplatz.eu\\\/blog\\\/stiftungen-nach-der-bundestagswahl\\\/\"},\"wordCount\":1351,\"publisher\":{\"@id\":\"https:\\\/\\\/stiftungsmarktplatz.eu\\\/blog\\\/#organization\"},\"image\":{\"@id\":\"https:\\\/\\\/stiftungsmarktplatz.eu\\\/blog\\\/stiftungen-nach-der-bundestagswahl\\\/#primaryimage\"},\"thumbnailUrl\":\"https:\\\/\\\/stiftungsmarktplatz.eu\\\/blog\\\/wp-content\\\/uploads\\\/2025\\\/02\\\/Nachlese-Bundestagswahl-2025.jpg\",\"keywords\":[\"Stiftungspraxis\",\"Stiftungskommunikation\",\"Stiftungssektor\"],\"articleSection\":[\"Stiftungskommunikation und KI\"],\"inLanguage\":\"de\"},{\"@type\":\"WebPage\",\"@id\":\"https:\\\/\\\/stiftungsmarktplatz.eu\\\/blog\\\/stiftungen-nach-der-bundestagswahl\\\/\",\"url\":\"https:\\\/\\\/stiftungsmarktplatz.eu\\\/blog\\\/stiftungen-nach-der-bundestagswahl\\\/\",\"name\":\"Stiftungen nach der Bundestagswahl - Der Stiftungsblog f\u00fcr die Stiftungspraxis\",\"isPartOf\":{\"@id\":\"https:\\\/\\\/stiftungsmarktplatz.eu\\\/blog\\\/#website\"},\"primaryImageOfPage\":{\"@id\":\"https:\\\/\\\/stiftungsmarktplatz.eu\\\/blog\\\/stiftungen-nach-der-bundestagswahl\\\/#primaryimage\"},\"image\":{\"@id\":\"https:\\\/\\\/stiftungsmarktplatz.eu\\\/blog\\\/stiftungen-nach-der-bundestagswahl\\\/#primaryimage\"},\"thumbnailUrl\":\"https:\\\/\\\/stiftungsmarktplatz.eu\\\/blog\\\/wp-content\\\/uploads\\\/2025\\\/02\\\/Nachlese-Bundestagswahl-2025.jpg\",\"datePublished\":\"2025-02-24T10:09:44+00:00\",\"dateModified\":\"2025-02-25T10:11:01+00:00\",\"description\":\"Ob Stiftungen mit dem Ergebnis der Bundestagswahl gut leben k\u00f6nnen, das kann wohl kaum einer derzeit so richtig einsch\u00e4tzen. Was sich aber schon sagen l\u00e4sst ist, dass die politische Agenda eine RWM-Agenda sein d\u00fcrfte: R\u00fcstung, Wirtschaft, Migration.\",\"breadcrumb\":{\"@id\":\"https:\\\/\\\/stiftungsmarktplatz.eu\\\/blog\\\/stiftungen-nach-der-bundestagswahl\\\/#breadcrumb\"},\"inLanguage\":\"de\",\"potentialAction\":[{\"@type\":\"ReadAction\",\"target\":[\"https:\\\/\\\/stiftungsmarktplatz.eu\\\/blog\\\/stiftungen-nach-der-bundestagswahl\\\/\"]}]},{\"@type\":\"ImageObject\",\"inLanguage\":\"de\",\"@id\":\"https:\\\/\\\/stiftungsmarktplatz.eu\\\/blog\\\/stiftungen-nach-der-bundestagswahl\\\/#primaryimage\",\"url\":\"https:\\\/\\\/stiftungsmarktplatz.eu\\\/blog\\\/wp-content\\\/uploads\\\/2025\\\/02\\\/Nachlese-Bundestagswahl-2025.jpg\",\"contentUrl\":\"https:\\\/\\\/stiftungsmarktplatz.eu\\\/blog\\\/wp-content\\\/uploads\\\/2025\\\/02\\\/Nachlese-Bundestagswahl-2025.jpg\",\"width\":1200,\"height\":675,\"caption\":\"Nachlese Bundestagswahl 2025\"},{\"@type\":\"BreadcrumbList\",\"@id\":\"https:\\\/\\\/stiftungsmarktplatz.eu\\\/blog\\\/stiftungen-nach-der-bundestagswahl\\\/#breadcrumb\",\"itemListElement\":[{\"@type\":\"ListItem\",\"position\":1,\"name\":\"Startseite\",\"item\":\"https:\\\/\\\/stiftungsmarktplatz.eu\\\/blog\\\/\"},{\"@type\":\"ListItem\",\"position\":2,\"name\":\"Stiftungen nach der Bundestagswahl\"}]},{\"@type\":\"WebSite\",\"@id\":\"https:\\\/\\\/stiftungsmarktplatz.eu\\\/blog\\\/#website\",\"url\":\"https:\\\/\\\/stiftungsmarktplatz.eu\\\/blog\\\/\",\"name\":\"Der Stiftungsblog f\u00fcr die Stiftungspraxis\",\"description\":\"#stiftungenst\u00e4rken - NPO-Expertise von NPO-Experten\",\"publisher\":{\"@id\":\"https:\\\/\\\/stiftungsmarktplatz.eu\\\/blog\\\/#organization\"},\"potentialAction\":[{\"@type\":\"SearchAction\",\"target\":{\"@type\":\"EntryPoint\",\"urlTemplate\":\"https:\\\/\\\/stiftungsmarktplatz.eu\\\/blog\\\/?s={search_term_string}\"},\"query-input\":{\"@type\":\"PropertyValueSpecification\",\"valueRequired\":true,\"valueName\":\"search_term_string\"}}],\"inLanguage\":\"de\"},{\"@type\":\"Organization\",\"@id\":\"https:\\\/\\\/stiftungsmarktplatz.eu\\\/blog\\\/#organization\",\"name\":\"stiftungsmarktplatz.eu GbR\",\"url\":\"https:\\\/\\\/stiftungsmarktplatz.eu\\\/blog\\\/\",\"logo\":{\"@type\":\"ImageObject\",\"inLanguage\":\"de\",\"@id\":\"https:\\\/\\\/stiftungsmarktplatz.eu\\\/blog\\\/#\\\/schema\\\/logo\\\/image\\\/\",\"url\":\"https:\\\/\\\/stiftungsmarktplatz.eu\\\/blog\\\/wp-content\\\/uploads\\\/2020\\\/03\\\/Logo-blog-retina.png\",\"contentUrl\":\"https:\\\/\\\/stiftungsmarktplatz.eu\\\/blog\\\/wp-content\\\/uploads\\\/2020\\\/03\\\/Logo-blog-retina.png\",\"width\":140,\"height\":130,\"caption\":\"stiftungsmarktplatz.eu GbR\"},\"image\":{\"@id\":\"https:\\\/\\\/stiftungsmarktplatz.eu\\\/blog\\\/#\\\/schema\\\/logo\\\/image\\\/\"},\"sameAs\":[\"https:\\\/\\\/www.linkedin.com\\\/company\\\/18563519\\\/\",\"https:\\\/\\\/www.youtube.com\\\/channel\\\/UCQrF6RQRFGxTokVV4nbx25Q\"]},{\"@type\":\"Person\",\"@id\":\"https:\\\/\\\/stiftungsmarktplatz.eu\\\/blog\\\/#\\\/schema\\\/person\\\/3a42780bf87a2088578f1e8077ccfa44\",\"name\":\"Tobias Karow\",\"image\":{\"@type\":\"ImageObject\",\"inLanguage\":\"de\",\"@id\":\"https:\\\/\\\/stiftungsmarktplatz.eu\\\/blog\\\/wp-content\\\/uploads\\\/2024\\\/05\\\/tobias-karow-2024-150x150.png\",\"url\":\"https:\\\/\\\/stiftungsmarktplatz.eu\\\/blog\\\/wp-content\\\/uploads\\\/2024\\\/05\\\/tobias-karow-2024-150x150.png\",\"contentUrl\":\"https:\\\/\\\/stiftungsmarktplatz.eu\\\/blog\\\/wp-content\\\/uploads\\\/2024\\\/05\\\/tobias-karow-2024-150x150.png\",\"caption\":\"Tobias Karow\"},\"description\":\"ist Gr\u00fcnder und Gesch\u00e4ftsf\u00fchrer von stiftungsmarktplatz.eu und im Stiftungswesen in Deutschland, \u00d6sterreich, der Schweiz und Liechtenstein seit 10 Jahren aktiv. Er ist Herausgeber der FondsFibel f\u00fcr Stiftungen &amp; NPOs, dem f\u00fchrenden Nachschlagewerk f\u00fcr Stiftungsfonds und stiftungsgeeignete Fonds (www.fondsfibel.de), Vortr\u00e4ge h\u00e4lt er vor allem zum Thema \u201aStiftungen und ihr Weg in die digitale Welt\u2018. F\u00fcr beide Themen betreibt er den Blog #stiftungenst\u00e4rken.\",\"sameAs\":[\"https:\\\/\\\/www.fondsfibel.de\"],\"url\":\"https:\\\/\\\/stiftungsmarktplatz.eu\\\/blog\\\/author\\\/tobias-karow\\\/\"}]}<\/script>\n<!-- \/ Yoast SEO plugin. -->","yoast_head_json":{"title":"Stiftungen nach der Bundestagswahl - Der Stiftungsblog f\u00fcr die Stiftungspraxis","description":"Ob Stiftungen mit dem Ergebnis der Bundestagswahl gut leben k\u00f6nnen, das kann wohl kaum einer derzeit so richtig einsch\u00e4tzen. Was sich aber schon sagen l\u00e4sst ist, dass die politische Agenda eine RWM-Agenda sein d\u00fcrfte: R\u00fcstung, Wirtschaft, Migration.","robots":{"index":"index","follow":"follow","max-snippet":"max-snippet:-1","max-image-preview":"max-image-preview:large","max-video-preview":"max-video-preview:-1"},"canonical":"https:\/\/stiftungsmarktplatz.eu\/blog\/stiftungen-nach-der-bundestagswahl\/","og_locale":"de_DE","og_type":"article","og_title":"Stiftungen nach der Bundestagswahl - Der Stiftungsblog f\u00fcr die Stiftungspraxis","og_description":"Ob Stiftungen mit dem Ergebnis der Bundestagswahl gut leben k\u00f6nnen, das kann wohl kaum einer derzeit so richtig einsch\u00e4tzen. Was sich aber schon sagen l\u00e4sst ist, dass die politische Agenda eine RWM-Agenda sein d\u00fcrfte: R\u00fcstung, Wirtschaft, Migration.","og_url":"https:\/\/stiftungsmarktplatz.eu\/blog\/stiftungen-nach-der-bundestagswahl\/","og_site_name":"Der Stiftungsblog f\u00fcr die Stiftungspraxis","article_published_time":"2025-02-24T10:09:44+00:00","article_modified_time":"2025-02-25T10:11:01+00:00","og_image":[{"width":1200,"height":675,"url":"https:\/\/stiftungsmarktplatz.eu\/blog\/wp-content\/uploads\/2025\/02\/Nachlese-Bundestagswahl-2025.jpg","type":"image\/jpeg"}],"author":"Tobias Karow","twitter_card":"summary_large_image","twitter_misc":{"Verfasst von":"Tobias Karow","Gesch\u00e4tzte Lesezeit":"8\u00a0Minuten"},"schema":{"@context":"https:\/\/schema.org","@graph":[{"@type":"Article","@id":"https:\/\/stiftungsmarktplatz.eu\/blog\/stiftungen-nach-der-bundestagswahl\/#article","isPartOf":{"@id":"https:\/\/stiftungsmarktplatz.eu\/blog\/stiftungen-nach-der-bundestagswahl\/"},"author":{"name":"Tobias Karow","@id":"https:\/\/stiftungsmarktplatz.eu\/blog\/#\/schema\/person\/3a42780bf87a2088578f1e8077ccfa44"},"headline":"Stiftungen nach der Bundestagswahl","datePublished":"2025-02-24T10:09:44+00:00","dateModified":"2025-02-25T10:11:01+00:00","mainEntityOfPage":{"@id":"https:\/\/stiftungsmarktplatz.eu\/blog\/stiftungen-nach-der-bundestagswahl\/"},"wordCount":1351,"publisher":{"@id":"https:\/\/stiftungsmarktplatz.eu\/blog\/#organization"},"image":{"@id":"https:\/\/stiftungsmarktplatz.eu\/blog\/stiftungen-nach-der-bundestagswahl\/#primaryimage"},"thumbnailUrl":"https:\/\/stiftungsmarktplatz.eu\/blog\/wp-content\/uploads\/2025\/02\/Nachlese-Bundestagswahl-2025.jpg","keywords":["Stiftungspraxis","Stiftungskommunikation","Stiftungssektor"],"articleSection":["Stiftungskommunikation und KI"],"inLanguage":"de"},{"@type":"WebPage","@id":"https:\/\/stiftungsmarktplatz.eu\/blog\/stiftungen-nach-der-bundestagswahl\/","url":"https:\/\/stiftungsmarktplatz.eu\/blog\/stiftungen-nach-der-bundestagswahl\/","name":"Stiftungen nach der Bundestagswahl - Der Stiftungsblog f\u00fcr die Stiftungspraxis","isPartOf":{"@id":"https:\/\/stiftungsmarktplatz.eu\/blog\/#website"},"primaryImageOfPage":{"@id":"https:\/\/stiftungsmarktplatz.eu\/blog\/stiftungen-nach-der-bundestagswahl\/#primaryimage"},"image":{"@id":"https:\/\/stiftungsmarktplatz.eu\/blog\/stiftungen-nach-der-bundestagswahl\/#primaryimage"},"thumbnailUrl":"https:\/\/stiftungsmarktplatz.eu\/blog\/wp-content\/uploads\/2025\/02\/Nachlese-Bundestagswahl-2025.jpg","datePublished":"2025-02-24T10:09:44+00:00","dateModified":"2025-02-25T10:11:01+00:00","description":"Ob Stiftungen mit dem Ergebnis der Bundestagswahl gut leben k\u00f6nnen, das kann wohl kaum einer derzeit so richtig einsch\u00e4tzen. Was sich aber schon sagen l\u00e4sst ist, dass die politische Agenda eine RWM-Agenda sein d\u00fcrfte: R\u00fcstung, Wirtschaft, Migration.","breadcrumb":{"@id":"https:\/\/stiftungsmarktplatz.eu\/blog\/stiftungen-nach-der-bundestagswahl\/#breadcrumb"},"inLanguage":"de","potentialAction":[{"@type":"ReadAction","target":["https:\/\/stiftungsmarktplatz.eu\/blog\/stiftungen-nach-der-bundestagswahl\/"]}]},{"@type":"ImageObject","inLanguage":"de","@id":"https:\/\/stiftungsmarktplatz.eu\/blog\/stiftungen-nach-der-bundestagswahl\/#primaryimage","url":"https:\/\/stiftungsmarktplatz.eu\/blog\/wp-content\/uploads\/2025\/02\/Nachlese-Bundestagswahl-2025.jpg","contentUrl":"https:\/\/stiftungsmarktplatz.eu\/blog\/wp-content\/uploads\/2025\/02\/Nachlese-Bundestagswahl-2025.jpg","width":1200,"height":675,"caption":"Nachlese Bundestagswahl 2025"},{"@type":"BreadcrumbList","@id":"https:\/\/stiftungsmarktplatz.eu\/blog\/stiftungen-nach-der-bundestagswahl\/#breadcrumb","itemListElement":[{"@type":"ListItem","position":1,"name":"Startseite","item":"https:\/\/stiftungsmarktplatz.eu\/blog\/"},{"@type":"ListItem","position":2,"name":"Stiftungen nach der Bundestagswahl"}]},{"@type":"WebSite","@id":"https:\/\/stiftungsmarktplatz.eu\/blog\/#website","url":"https:\/\/stiftungsmarktplatz.eu\/blog\/","name":"Der Stiftungsblog f\u00fcr die Stiftungspraxis","description":"#stiftungenst\u00e4rken - NPO-Expertise von NPO-Experten","publisher":{"@id":"https:\/\/stiftungsmarktplatz.eu\/blog\/#organization"},"potentialAction":[{"@type":"SearchAction","target":{"@type":"EntryPoint","urlTemplate":"https:\/\/stiftungsmarktplatz.eu\/blog\/?s={search_term_string}"},"query-input":{"@type":"PropertyValueSpecification","valueRequired":true,"valueName":"search_term_string"}}],"inLanguage":"de"},{"@type":"Organization","@id":"https:\/\/stiftungsmarktplatz.eu\/blog\/#organization","name":"stiftungsmarktplatz.eu GbR","url":"https:\/\/stiftungsmarktplatz.eu\/blog\/","logo":{"@type":"ImageObject","inLanguage":"de","@id":"https:\/\/stiftungsmarktplatz.eu\/blog\/#\/schema\/logo\/image\/","url":"https:\/\/stiftungsmarktplatz.eu\/blog\/wp-content\/uploads\/2020\/03\/Logo-blog-retina.png","contentUrl":"https:\/\/stiftungsmarktplatz.eu\/blog\/wp-content\/uploads\/2020\/03\/Logo-blog-retina.png","width":140,"height":130,"caption":"stiftungsmarktplatz.eu GbR"},"image":{"@id":"https:\/\/stiftungsmarktplatz.eu\/blog\/#\/schema\/logo\/image\/"},"sameAs":["https:\/\/www.linkedin.com\/company\/18563519\/","https:\/\/www.youtube.com\/channel\/UCQrF6RQRFGxTokVV4nbx25Q"]},{"@type":"Person","@id":"https:\/\/stiftungsmarktplatz.eu\/blog\/#\/schema\/person\/3a42780bf87a2088578f1e8077ccfa44","name":"Tobias Karow","image":{"@type":"ImageObject","inLanguage":"de","@id":"https:\/\/stiftungsmarktplatz.eu\/blog\/wp-content\/uploads\/2024\/05\/tobias-karow-2024-150x150.png","url":"https:\/\/stiftungsmarktplatz.eu\/blog\/wp-content\/uploads\/2024\/05\/tobias-karow-2024-150x150.png","contentUrl":"https:\/\/stiftungsmarktplatz.eu\/blog\/wp-content\/uploads\/2024\/05\/tobias-karow-2024-150x150.png","caption":"Tobias Karow"},"description":"ist Gr\u00fcnder und Gesch\u00e4ftsf\u00fchrer von stiftungsmarktplatz.eu und im Stiftungswesen in Deutschland, \u00d6sterreich, der Schweiz und Liechtenstein seit 10 Jahren aktiv. Er ist Herausgeber der FondsFibel f\u00fcr Stiftungen &amp; NPOs, dem f\u00fchrenden Nachschlagewerk f\u00fcr Stiftungsfonds und stiftungsgeeignete Fonds (www.fondsfibel.de), Vortr\u00e4ge h\u00e4lt er vor allem zum Thema \u201aStiftungen und ihr Weg in die digitale Welt\u2018. F\u00fcr beide Themen betreibt er den Blog #stiftungenst\u00e4rken.","sameAs":["https:\/\/www.fondsfibel.de"],"url":"https:\/\/stiftungsmarktplatz.eu\/blog\/author\/tobias-karow\/"}]}},"post_mailing_queue_ids":[],"_links":{"self":[{"href":"https:\/\/stiftungsmarktplatz.eu\/blog\/wp-json\/wp\/v2\/posts\/8387","targetHints":{"allow":["GET"]}}],"collection":[{"href":"https:\/\/stiftungsmarktplatz.eu\/blog\/wp-json\/wp\/v2\/posts"}],"about":[{"href":"https:\/\/stiftungsmarktplatz.eu\/blog\/wp-json\/wp\/v2\/types\/post"}],"author":[{"embeddable":true,"href":"https:\/\/stiftungsmarktplatz.eu\/blog\/wp-json\/wp\/v2\/users\/8"}],"replies":[{"embeddable":true,"href":"https:\/\/stiftungsmarktplatz.eu\/blog\/wp-json\/wp\/v2\/comments?post=8387"}],"version-history":[{"count":6,"href":"https:\/\/stiftungsmarktplatz.eu\/blog\/wp-json\/wp\/v2\/posts\/8387\/revisions"}],"predecessor-version":[{"id":8395,"href":"https:\/\/stiftungsmarktplatz.eu\/blog\/wp-json\/wp\/v2\/posts\/8387\/revisions\/8395"}],"wp:featuredmedia":[{"embeddable":true,"href":"https:\/\/stiftungsmarktplatz.eu\/blog\/wp-json\/wp\/v2\/media\/8391"}],"wp:attachment":[{"href":"https:\/\/stiftungsmarktplatz.eu\/blog\/wp-json\/wp\/v2\/media?parent=8387"}],"wp:term":[{"taxonomy":"category","embeddable":true,"href":"https:\/\/stiftungsmarktplatz.eu\/blog\/wp-json\/wp\/v2\/categories?post=8387"},{"taxonomy":"post_tag","embeddable":true,"href":"https:\/\/stiftungsmarktplatz.eu\/blog\/wp-json\/wp\/v2\/tags?post=8387"}],"curies":[{"name":"wp","href":"https:\/\/api.w.org\/{rel}","templated":true}]}}