{"id":6825,"date":"2023-12-12T18:04:49","date_gmt":"2023-12-12T17:04:49","guid":{"rendered":"https:\/\/stiftungsmarktplatz.eu\/blog\/?p=6825"},"modified":"2025-09-09T10:40:28","modified_gmt":"2025-09-09T08:40:28","slug":"stiftungsvermoegen-im-bann-der-tagesaktualitaet","status":"publish","type":"post","link":"https:\/\/stiftungsmarktplatz.eu\/blog\/stiftungsvermoegen-im-bann-der-tagesaktualitaet\/","title":{"rendered":"Stiftungsverm\u00f6gen im Bann der Tagesaktualit\u00e4t"},"content":{"rendered":"<span class=\"span-reading-time rt-reading-time\" style=\"display: block;\"><span class=\"rt-label rt-prefix\">Lesezeit: <\/span> <span class=\"rt-time\"> 3<\/span> <span class=\"rt-label rt-postfix\">Minuten<\/span><\/span>\n<p><em>Stiftungsverm\u00f6gen muss anno 2023 mit einer Tagesaktualit\u00e4t umgehen, die mit komplex reichlich unspektakul\u00e4r beschrieben ist. Zinsen bei um die 5%, geopolitische Verspannungen en masse, innenpolitische Br\u00e4sigkeit und rekordhohe Aktienm\u00e4rkte erz\u00e4hlen die Geschichte eines Umfeld, das kaum noch zu lesen ist. Dennoch muss Stiftungsverm\u00f6gen auch vor dem Hintergrund dieser Gemengelage gemanagt werden. Genau dar\u00fcber sprachen wir in Folge 6 von #fondsfibel AKTUELL mit Ulrich B\u00e4rtels von der <a href=\"https:\/\/www.koepjohann.de\/\" target=\"_blank\" rel=\"noreferrer noopener\">Koepjohann\u2019sche Stiftung<\/a><\/em> <em>und Timon Heinrich von der Verm\u00f6gensverwaltung Hansen &amp; Heinrich.<\/em><\/p>\n\n\n\n<p>Die Tagesaktualit\u00e4t hat uns derzeit alle im Griff. Einmal malt sich ein Bild einer Welt im Strukturbruch-Modus, hierzulande k\u00e4mpfen die Ampel um den Haushalt und Unternehmen mit \u00fcberbrodender B\u00fcrokratie. Dennoch steigt der DAX auf ein Allzeithoch. Das Bild ist diffus wie konfus, es gibt derzeit wenige Konstanten, auf die sich Stiftungen im Management ihre Stiftungsverm\u00f6gens verlassen k\u00f6nnen. Gutes Handwerk ist vor diesem Hintergrund umso wichtiger, ist vielleicht (bzw. vermutlich) jene Konstante, auf die es k\u00fcnftig Stiftungsverm\u00f6gen umso mehr ankommt. Timon Heinrich von Hansen &amp; Heinrich beschreibt es als das \u201eQu\u00e4ntchen anders machen\u201c, womit er schon den Nagel auf den Kopf traf.<\/p>\n\n\n\n<figure class=\"wp-block-embed is-type-video is-provider-youtube wp-block-embed-youtube wp-embed-aspect-16-9 wp-has-aspect-ratio\"><div class=\"wp-block-embed__wrapper\">\n <div class=\"brlbs-cmpnt-container brlbs-cmpnt-content-blocker brlbs-cmpnt-with-individual-styles\" data-borlabs-cookie-content-blocker-id=\"youtube-content-blocker\" data-borlabs-cookie-content=\"PGRpdiBjbGFzcz0ieW91dHViZS1lbWJlZCIgZGF0YS12aWRlb19pZD0iZ1hvbFdfaURqQWciPjxpZnJhbWUgdGl0bGU9IiNmb25kc2ZpYmVsIEFrdHVlbGwsIGRlciBTdGlmdHVuZ3Nmb25kcy1UYWxrLCBGb2xnZSA2IiB3aWR0aD0iNjk2IiBoZWlnaHQ9IjM5MiIgc3JjPSJodHRwczovL3d3dy55b3V0dWJlLW5vY29va2llLmNvbS9lbWJlZC9nWG9sV19pRGpBZz9mZWF0dXJlPW9lbWJlZCZlbmFibGVqc2FwaT0xIiBmcmFtZWJvcmRlcj0iMCIgYWxsb3c9ImFjY2VsZXJvbWV0ZXI7IGF1dG9wbGF5OyBjbGlwYm9hcmQtd3JpdGU7IGVuY3J5cHRlZC1tZWRpYTsgZ3lyb3Njb3BlOyBwaWN0dXJlLWluLXBpY3R1cmU7IHdlYi1zaGFyZSIgYWxsb3dmdWxsc2NyZWVuPjwvaWZyYW1lPjwvZGl2Pg==\"><div class=\"brlbs-cmpnt-cb-preset-c brlbs-cmpnt-cb-youtube\"> <div class=\"brlbs-cmpnt-cb-thumbnail\" style=\"background-image: url('https:\/\/stiftungsmarktplatz.eu\/blog\/wp-content\/uploads\/borlabs-cookie\/1\/yt_gXolW_iDjAg_hqdefault.jpg')\"><\/div> <div class=\"brlbs-cmpnt-cb-main\"> <div class=\"brlbs-cmpnt-cb-play-button\"><\/div> <div class=\"brlbs-cmpnt-cb-content\"> <p class=\"brlbs-cmpnt-cb-description\">Sie sehen gerade einen Platzhalterinhalt von <strong>YouTube<\/strong>. Um auf den eigentlichen Inhalt zuzugreifen, klicken Sie auf die Schaltfl\u00e4che unten. Bitte beachten Sie, dass dabei Daten an Drittanbieter weitergegeben werden.<\/p> <a class=\"brlbs-cmpnt-cb-provider-toggle\" href=\"#\" data-borlabs-cookie-show-provider-information role=\"button\">Mehr Informationen<\/a> <\/div> <div class=\"brlbs-cmpnt-cb-buttons\"> <a class=\"brlbs-cmpnt-cb-btn\" href=\"#\" data-borlabs-cookie-unblock role=\"button\">Inhalt entsperren<\/a> <a class=\"brlbs-cmpnt-cb-btn\" href=\"#\" data-borlabs-cookie-accept-service role=\"button\" style=\"display: inherit\">Erforderlichen Service akzeptieren und Inhalte entsperren<\/a> <\/div> <\/div> <\/div><\/div>\n<\/div><figcaption class=\"wp-element-caption\"><a href=\"https:\/\/www.youtube.com\/hashtag\/fondsfibel\">#fondsfibel<\/a> Aktuell, der Stiftungsfonds-Talk, Folge 6<\/figcaption><\/figure>\n\n\n\n<h2 class=\"wp-block-heading\">Stiftungsverm\u00f6gen zwischen Entscheidung und Erkenntnis<\/h2>\n\n\n\n<p>Denn immer wieder darauf zu insistieren, dass im Stiftungsverm\u00f6gen die Mischung aus 70% Anleihen und 30% Prozent Aktien es schon richten w\u00fcrden, das sei eine Annahme, zu der sich Stiftungen nicht verleiten lassen sollten. Nat\u00fcrlich l\u00e4sst sich so eine Mischung \u201efahren\u201c, aber in 2022 w\u00e4re es eben wichtig und richtig gewesen, nur wenige bis gar keine langlaufenden Anleihen im Portfolio zu haben, sondern eben die Kurzl\u00e4ufer, die unter den rasant steigenden Zinsen nicht so stark leiden. Diese Allokation bedurfte aber einer Entscheidung ein St\u00fcck weit gegen den Mainstream und gegen die Pr\u00e4misse, <a href=\"https:\/\/stiftungsmarktplatz.eu\/blog\/stiftungsfonds-und-der-hauch-der-ausschuettung\/\">dass Stiftungen ja ordentliche Ertr\u00e4ge in Form von Aussch\u00fcttungen br\u00e4uchten<\/a>. Andersherum zog diese Entscheidung zu Erkenntnis nach sich, dass es auch andere Quellen f\u00fcr ordentliche Ertr\u00e4ge zu finden und zu nutzen gilt.<\/p>\n\n\n\n<h2 class=\"wp-block-heading\">Hat das ganz klasssische Handwerk im Stiftungsverm\u00f6gen ausgedient?<\/h2>\n\n\n\n<p>Mit dieser Entscheidung w\u00e4re aber auch die Erkenntnis einhergegangen, dass \u201eklassisch\u201c schon vor der Zinswende bei Zinsen nahe Null kaum funktionierte, und dann mit Zinswende erst recht nicht. Timon Heinrich benennt in Folge 6 von #fondsfibel AKTUELLdie Parameter, wie Stiftungsverm\u00f6gen in seinen Augen gemanagt werden muss, auch unter Bezug auf den <a href=\"https:\/\/fondsfibel.de\/hansenheinrich-stiftungsfonds\/\" target=\"_blank\" rel=\"noreferrer noopener\">Hansen &amp; Heinrich Stiftungsfonds<\/a>. Insbesondere in Zeiten, in denen verschiedene Krisen und Faktoren auf einmal aufeinandertreffen und das Managen von Stiftungsverm\u00f6gen mit herk\u00f6mmlichem Handwerk vermutlich nicht die Ergebnisse liefern wird, die Stiftungen nun einmal brauchen (um ihr Steuerprivileg nicht zu verlieren). Auch Ulrich B\u00e4rtels, Vorstand und Kaufm\u00e4nnischer Leiter der Koepjohannschen Stiftung in Berlin, wies darauf hin, dass die Zeiten keine einfachen seien, wobei seine Analyse sich vor allem auf den Immobilienbereich fokussierte.<\/p>\n\n\n\n<h3 class=\"wp-block-heading\">In Folge 6 von #fondsfibel AKTUELL sprachen wir mit Ulrich B\u00e4rtels von der Koepjohannschen Stiftung und Timon Heinrich von der Verm\u00f6gensverwaltung Hansen &amp; Heinrich.<\/h3>\n\n\n\n<figure class=\"wp-block-image size-large\"><img loading=\"lazy\" decoding=\"async\" width=\"1024\" height=\"576\" src=\"https:\/\/stiftungsmarktplatz.eu\/blog\/wp-content\/uploads\/2023\/12\/fondsfibel-AKTUELL-Spielbild-Folge-6-1024x576.jpg\" alt=\"fondsfibel AKTUELL Folge 6\" class=\"wp-image-6830\" srcset=\"https:\/\/stiftungsmarktplatz.eu\/blog\/wp-content\/uploads\/2023\/12\/fondsfibel-AKTUELL-Spielbild-Folge-6-1024x576.jpg 1024w, https:\/\/stiftungsmarktplatz.eu\/blog\/wp-content\/uploads\/2023\/12\/fondsfibel-AKTUELL-Spielbild-Folge-6-300x169.jpg 300w, https:\/\/stiftungsmarktplatz.eu\/blog\/wp-content\/uploads\/2023\/12\/fondsfibel-AKTUELL-Spielbild-Folge-6-768x432.jpg 768w, https:\/\/stiftungsmarktplatz.eu\/blog\/wp-content\/uploads\/2023\/12\/fondsfibel-AKTUELL-Spielbild-Folge-6-696x392.jpg 696w, https:\/\/stiftungsmarktplatz.eu\/blog\/wp-content\/uploads\/2023\/12\/fondsfibel-AKTUELL-Spielbild-Folge-6-1068x601.jpg 1068w, https:\/\/stiftungsmarktplatz.eu\/blog\/wp-content\/uploads\/2023\/12\/fondsfibel-AKTUELL-Spielbild-Folge-6.jpg 1200w\" sizes=\"auto, (max-width: 1024px) 100vw, 1024px\" \/><\/figure>\n\n\n\n<p>Quelle: Bildarchiv stiftungsmarktplatz.eu<\/p>\n\n\n\n<h2 class=\"wp-block-heading\">Zu Stiftungsimmobilien stellen sich spannende Fragen<\/h2>\n\n\n\n<p><a href=\"https:\/\/stiftungsmarktplatz.eu\/blog\/immobilien-im-stiftungsvermoegen-und-das-quantum-hoffnung\">F\u00fcr ihn und seine Stiftung ist die gro\u00dfe Herausforderung das Management von Immobilien<\/a>. Die Einblicke, die Ulrich B\u00e4rtels hier mitbringt, liefern ein Abbild der Fragen, die sich Stiftungen mit Immobilienbesitz derzeit sicherlich allesamt stellen. Denn einmal macht nat\u00fcrlich der Zinsanstieg etwas mit den Werten den Immobilienportfolios an sich, zumindest in der Zeit, zum anderen werden auch die Mieten, an denen die ordentlichen Ertr\u00e4ge h\u00e4ngen, in irgendeiner Weise auf den Zinsanstieg reagieren. Nicht zuletzt machen ESG-Vorgaben, die ggf. auch das Revitalisieren von Bestandsimmobilien nach sich ziehen, vor den Stiftungsgremien nicht Halt. Schlussendlich hat Ulrich B\u00e4rtels f\u00fcr Stiftungsverantwortliche auch noch einen ganz grunds\u00e4tzliche Hinweis zum Stiftungsverm\u00f6gen parat. Es ist schon so, das nehmen wir mit, <a href=\"https:\/\/stiftungsmarktplatz.eu\/blog\/der-faktor-zeit-ist-im-stiftungsvermoegen-der-entscheidende\/\" target=\"_blank\" rel=\"noreferrer noopener\">dass sich Stiftungen vielleicht gerade heute ganz grunds\u00e4tzliche Gedanken zum Stiftungsverm\u00f6gen machen<\/a> sollten.<\/p>\n\n\n\n<h2 class=\"wp-block-heading\">Zusammengefasst<\/h2>\n\n\n\n<p>Folge 6 von fondsfibel AKTUELL f\u00f6rderte zwei zentrale Erkenntnisse zutage. Handwerk im Stiftungsverm\u00f6gen ist nicht gleich Handwerk, und Immobilie ist nicht gleich Immobilie. Das klingt jetzt total trivial, ist es aber in Wahrheit nicht. Denn es steht zu vermuten oder gar zu bef\u00fcrchten, dass Friktionen eher das Tagesgeschehen an den Anlagem\u00e4rkten bestimmen werden als das fr\u00fcher das Fall war. Darauf kann ich als Stiftung nicht mit dem ganz klassischen Besteck reagieren. Bei Immobilien wird der ESG-Rahmen die Spreu vom Weizen trennen, da Stiftungen Aussch\u00fcttungen brauchen, d\u00fcrften einige Immobilien als Anlageobjekt in ein paar Jahren direkt wegfallen. Darauf m\u00fcssen heute Antworten gefunden werden. Aber, und auch das ist eine Erkenntnis aus den Gespr\u00e4chen mit Ulrich B\u00e4rtels und Timon Heinrich, diese Antworten lassen sich finden.<\/p>\n","protected":false},"excerpt":{"rendered":"<p><span class=\"span-reading-time rt-reading-time\" style=\"display: block;\"><span class=\"rt-label rt-prefix\">Lesezeit: <\/span> <span class=\"rt-time\"> 3<\/span> <span class=\"rt-label rt-postfix\">Minuten<\/span><\/span>Stiftungsverm\u00f6gen muss anno 2023 mit einer Tagesaktualit\u00e4t umgehen, die mit komplex reichlich unspektakul\u00e4r beschrieben ist. Zinsen bei um die 5%, geopolitische Verspannungen en masse, innenpolitische Br\u00e4sigkeit und rekordhohe Aktienm\u00e4rkte erz\u00e4hlen die Geschichte eines Umfeld, das kaum noch zu lesen ist. Dennoch muss Stiftungsverm\u00f6gen auch vor dem Hintergrund dieser Gemengelage gemanagt werden. Genau dar\u00fcber sprachen wir in Folge 6 von #fondsfibel AKTUELL mit Ulrich B\u00e4rtels von der Koepjohann\u2019sche Stiftung und Timon Heinrich von der Verm\u00f6gensverwaltung Hansen &#038; Heinrich.<\/p>\n","protected":false},"author":8,"featured_media":6832,"comment_status":"closed","ping_status":"open","sticky":false,"template":"","format":"standard","meta":{"ngg_post_thumbnail":0,"footnotes":""},"categories":[5],"tags":[14,27,48,63,251,392],"class_list":{"0":"post-6825","1":"post","2":"type-post","3":"status-publish","4":"format-standard","5":"has-post-thumbnail","7":"category-stiftungsvermoegen-und-stiftungsfonds","8":"tag-stiftungsfonds","9":"tag-stiftungsvermoegen","10":"tag-esg","11":"tag-immobilieninvestment","12":"tag-stiftungsrechtsreform","13":"tag-fondsfibel-aktuell"},"yoast_head":"<!-- This site is optimized with the Yoast SEO plugin v27.4 - https:\/\/yoast.com\/product\/yoast-seo-wordpress\/ -->\n<title>Stiftungsverm\u00f6gen im Bann der Tagesaktualit\u00e4t - Der Stiftungsblog f\u00fcr die Stiftungspraxis<\/title>\n<meta name=\"description\" content=\"Stiftungsverm\u00f6gen muss anno 2023 mit einer Tagesaktualit\u00e4t umgehen, die mit komplex reichlich unspektakul\u00e4r beschrieben ist. Zinsen bei um die 5%, geopolitische Verspannungen en masse, innenpolitische Br\u00e4sigkeit und rekordhohe Aktienm\u00e4rkte erz\u00e4hlen die Geschichte eines Umfeld, das kaum noch zu lesen ist.\" \/>\n<meta name=\"robots\" content=\"index, follow, max-snippet:-1, max-image-preview:large, max-video-preview:-1\" \/>\n<link rel=\"canonical\" href=\"https:\/\/stiftungsmarktplatz.eu\/blog\/stiftungsvermoegen-im-bann-der-tagesaktualitaet\/\" \/>\n<meta property=\"og:locale\" content=\"de_DE\" \/>\n<meta property=\"og:type\" content=\"article\" \/>\n<meta property=\"og:title\" content=\"Stiftungsverm\u00f6gen im Bann der Tagesaktualit\u00e4t - Der Stiftungsblog f\u00fcr die Stiftungspraxis\" \/>\n<meta property=\"og:description\" content=\"Stiftungsverm\u00f6gen muss anno 2023 mit einer Tagesaktualit\u00e4t umgehen, die mit komplex reichlich unspektakul\u00e4r beschrieben ist. Zinsen bei um die 5%, geopolitische Verspannungen en masse, innenpolitische Br\u00e4sigkeit und rekordhohe Aktienm\u00e4rkte erz\u00e4hlen die Geschichte eines Umfeld, das kaum noch zu lesen ist.\" \/>\n<meta property=\"og:url\" content=\"https:\/\/stiftungsmarktplatz.eu\/blog\/stiftungsvermoegen-im-bann-der-tagesaktualitaet\/\" \/>\n<meta property=\"og:site_name\" content=\"Der Stiftungsblog f\u00fcr die Stiftungspraxis\" \/>\n<meta property=\"article:published_time\" content=\"2023-12-12T17:04:49+00:00\" \/>\n<meta property=\"article:modified_time\" content=\"2025-09-09T08:40:28+00:00\" \/>\n<meta property=\"og:image\" content=\"https:\/\/stiftungsmarktplatz.eu\/blog\/wp-content\/uploads\/2023\/12\/fondsfibel-AKTUELL-Teaser-No6.jpg\" \/>\n\t<meta property=\"og:image:width\" content=\"1200\" \/>\n\t<meta property=\"og:image:height\" content=\"675\" \/>\n\t<meta property=\"og:image:type\" content=\"image\/jpeg\" \/>\n<meta name=\"author\" content=\"Tobias Karow\" \/>\n<meta name=\"twitter:card\" content=\"summary_large_image\" \/>\n<meta name=\"twitter:label1\" content=\"Verfasst von\" \/>\n\t<meta name=\"twitter:data1\" content=\"Tobias Karow\" \/>\n\t<meta name=\"twitter:label2\" content=\"Gesch\u00e4tzte Lesezeit\" \/>\n\t<meta name=\"twitter:data2\" content=\"5\u00a0Minuten\" \/>\n<script type=\"application\/ld+json\" class=\"yoast-schema-graph\">{\"@context\":\"https:\\\/\\\/schema.org\",\"@graph\":[{\"@type\":\"Article\",\"@id\":\"https:\\\/\\\/stiftungsmarktplatz.eu\\\/blog\\\/stiftungsvermoegen-im-bann-der-tagesaktualitaet\\\/#article\",\"isPartOf\":{\"@id\":\"https:\\\/\\\/stiftungsmarktplatz.eu\\\/blog\\\/stiftungsvermoegen-im-bann-der-tagesaktualitaet\\\/\"},\"author\":{\"name\":\"Tobias Karow\",\"@id\":\"https:\\\/\\\/stiftungsmarktplatz.eu\\\/blog\\\/#\\\/schema\\\/person\\\/3a42780bf87a2088578f1e8077ccfa44\"},\"headline\":\"Stiftungsverm\u00f6gen im Bann der Tagesaktualit\u00e4t\",\"datePublished\":\"2023-12-12T17:04:49+00:00\",\"dateModified\":\"2025-09-09T08:40:28+00:00\",\"mainEntityOfPage\":{\"@id\":\"https:\\\/\\\/stiftungsmarktplatz.eu\\\/blog\\\/stiftungsvermoegen-im-bann-der-tagesaktualitaet\\\/\"},\"wordCount\":797,\"publisher\":{\"@id\":\"https:\\\/\\\/stiftungsmarktplatz.eu\\\/blog\\\/#organization\"},\"image\":{\"@id\":\"https:\\\/\\\/stiftungsmarktplatz.eu\\\/blog\\\/stiftungsvermoegen-im-bann-der-tagesaktualitaet\\\/#primaryimage\"},\"thumbnailUrl\":\"https:\\\/\\\/stiftungsmarktplatz.eu\\\/blog\\\/wp-content\\\/uploads\\\/2023\\\/12\\\/fondsfibel-AKTUELL-Teaser-No6.jpg\",\"keywords\":[\"Stiftungsfonds\",\"Stiftungsverm\u00f6gen\",\"ESG\",\"Immobilieninvestment\",\"Stiftungsrechtsreform\",\"fondsfibel AKTUELL\"],\"articleSection\":[\"Stiftungsverm\u00f6gen &amp; Stiftungsfonds\"],\"inLanguage\":\"de\"},{\"@type\":\"WebPage\",\"@id\":\"https:\\\/\\\/stiftungsmarktplatz.eu\\\/blog\\\/stiftungsvermoegen-im-bann-der-tagesaktualitaet\\\/\",\"url\":\"https:\\\/\\\/stiftungsmarktplatz.eu\\\/blog\\\/stiftungsvermoegen-im-bann-der-tagesaktualitaet\\\/\",\"name\":\"Stiftungsverm\u00f6gen im Bann der Tagesaktualit\u00e4t - Der Stiftungsblog f\u00fcr die Stiftungspraxis\",\"isPartOf\":{\"@id\":\"https:\\\/\\\/stiftungsmarktplatz.eu\\\/blog\\\/#website\"},\"primaryImageOfPage\":{\"@id\":\"https:\\\/\\\/stiftungsmarktplatz.eu\\\/blog\\\/stiftungsvermoegen-im-bann-der-tagesaktualitaet\\\/#primaryimage\"},\"image\":{\"@id\":\"https:\\\/\\\/stiftungsmarktplatz.eu\\\/blog\\\/stiftungsvermoegen-im-bann-der-tagesaktualitaet\\\/#primaryimage\"},\"thumbnailUrl\":\"https:\\\/\\\/stiftungsmarktplatz.eu\\\/blog\\\/wp-content\\\/uploads\\\/2023\\\/12\\\/fondsfibel-AKTUELL-Teaser-No6.jpg\",\"datePublished\":\"2023-12-12T17:04:49+00:00\",\"dateModified\":\"2025-09-09T08:40:28+00:00\",\"description\":\"Stiftungsverm\u00f6gen muss anno 2023 mit einer Tagesaktualit\u00e4t umgehen, die mit komplex reichlich unspektakul\u00e4r beschrieben ist. Zinsen bei um die 5%, geopolitische Verspannungen en masse, innenpolitische Br\u00e4sigkeit und rekordhohe Aktienm\u00e4rkte erz\u00e4hlen die Geschichte eines Umfeld, das kaum noch zu lesen ist.\",\"breadcrumb\":{\"@id\":\"https:\\\/\\\/stiftungsmarktplatz.eu\\\/blog\\\/stiftungsvermoegen-im-bann-der-tagesaktualitaet\\\/#breadcrumb\"},\"inLanguage\":\"de\",\"potentialAction\":[{\"@type\":\"ReadAction\",\"target\":[\"https:\\\/\\\/stiftungsmarktplatz.eu\\\/blog\\\/stiftungsvermoegen-im-bann-der-tagesaktualitaet\\\/\"]}]},{\"@type\":\"ImageObject\",\"inLanguage\":\"de\",\"@id\":\"https:\\\/\\\/stiftungsmarktplatz.eu\\\/blog\\\/stiftungsvermoegen-im-bann-der-tagesaktualitaet\\\/#primaryimage\",\"url\":\"https:\\\/\\\/stiftungsmarktplatz.eu\\\/blog\\\/wp-content\\\/uploads\\\/2023\\\/12\\\/fondsfibel-AKTUELL-Teaser-No6.jpg\",\"contentUrl\":\"https:\\\/\\\/stiftungsmarktplatz.eu\\\/blog\\\/wp-content\\\/uploads\\\/2023\\\/12\\\/fondsfibel-AKTUELL-Teaser-No6.jpg\",\"width\":1200,\"height\":675,\"caption\":\"fondsfibel-AKTUELL No 6.\"},{\"@type\":\"BreadcrumbList\",\"@id\":\"https:\\\/\\\/stiftungsmarktplatz.eu\\\/blog\\\/stiftungsvermoegen-im-bann-der-tagesaktualitaet\\\/#breadcrumb\",\"itemListElement\":[{\"@type\":\"ListItem\",\"position\":1,\"name\":\"Startseite\",\"item\":\"https:\\\/\\\/stiftungsmarktplatz.eu\\\/blog\\\/\"},{\"@type\":\"ListItem\",\"position\":2,\"name\":\"Stiftungsverm\u00f6gen im Bann der Tagesaktualit\u00e4t\"}]},{\"@type\":\"WebSite\",\"@id\":\"https:\\\/\\\/stiftungsmarktplatz.eu\\\/blog\\\/#website\",\"url\":\"https:\\\/\\\/stiftungsmarktplatz.eu\\\/blog\\\/\",\"name\":\"Der Stiftungsblog f\u00fcr die Stiftungspraxis\",\"description\":\"#stiftungenst\u00e4rken - NPO-Expertise von NPO-Experten\",\"publisher\":{\"@id\":\"https:\\\/\\\/stiftungsmarktplatz.eu\\\/blog\\\/#organization\"},\"potentialAction\":[{\"@type\":\"SearchAction\",\"target\":{\"@type\":\"EntryPoint\",\"urlTemplate\":\"https:\\\/\\\/stiftungsmarktplatz.eu\\\/blog\\\/?s={search_term_string}\"},\"query-input\":{\"@type\":\"PropertyValueSpecification\",\"valueRequired\":true,\"valueName\":\"search_term_string\"}}],\"inLanguage\":\"de\"},{\"@type\":\"Organization\",\"@id\":\"https:\\\/\\\/stiftungsmarktplatz.eu\\\/blog\\\/#organization\",\"name\":\"stiftungsmarktplatz.eu GbR\",\"url\":\"https:\\\/\\\/stiftungsmarktplatz.eu\\\/blog\\\/\",\"logo\":{\"@type\":\"ImageObject\",\"inLanguage\":\"de\",\"@id\":\"https:\\\/\\\/stiftungsmarktplatz.eu\\\/blog\\\/#\\\/schema\\\/logo\\\/image\\\/\",\"url\":\"https:\\\/\\\/stiftungsmarktplatz.eu\\\/blog\\\/wp-content\\\/uploads\\\/2020\\\/03\\\/Logo-blog-retina.png\",\"contentUrl\":\"https:\\\/\\\/stiftungsmarktplatz.eu\\\/blog\\\/wp-content\\\/uploads\\\/2020\\\/03\\\/Logo-blog-retina.png\",\"width\":140,\"height\":130,\"caption\":\"stiftungsmarktplatz.eu GbR\"},\"image\":{\"@id\":\"https:\\\/\\\/stiftungsmarktplatz.eu\\\/blog\\\/#\\\/schema\\\/logo\\\/image\\\/\"},\"sameAs\":[\"https:\\\/\\\/www.linkedin.com\\\/company\\\/18563519\\\/\",\"https:\\\/\\\/www.youtube.com\\\/channel\\\/UCQrF6RQRFGxTokVV4nbx25Q\"]},{\"@type\":\"Person\",\"@id\":\"https:\\\/\\\/stiftungsmarktplatz.eu\\\/blog\\\/#\\\/schema\\\/person\\\/3a42780bf87a2088578f1e8077ccfa44\",\"name\":\"Tobias Karow\",\"image\":{\"@type\":\"ImageObject\",\"inLanguage\":\"de\",\"@id\":\"https:\\\/\\\/stiftungsmarktplatz.eu\\\/blog\\\/wp-content\\\/uploads\\\/2024\\\/05\\\/tobias-karow-2024-150x150.png\",\"url\":\"https:\\\/\\\/stiftungsmarktplatz.eu\\\/blog\\\/wp-content\\\/uploads\\\/2024\\\/05\\\/tobias-karow-2024-150x150.png\",\"contentUrl\":\"https:\\\/\\\/stiftungsmarktplatz.eu\\\/blog\\\/wp-content\\\/uploads\\\/2024\\\/05\\\/tobias-karow-2024-150x150.png\",\"caption\":\"Tobias Karow\"},\"description\":\"ist Gr\u00fcnder und Gesch\u00e4ftsf\u00fchrer von stiftungsmarktplatz.eu und im Stiftungswesen in Deutschland, \u00d6sterreich, der Schweiz und Liechtenstein seit 10 Jahren aktiv. Er ist Herausgeber der FondsFibel f\u00fcr Stiftungen &amp; NPOs, dem f\u00fchrenden Nachschlagewerk f\u00fcr Stiftungsfonds und stiftungsgeeignete Fonds (www.fondsfibel.de), Vortr\u00e4ge h\u00e4lt er vor allem zum Thema \u201aStiftungen und ihr Weg in die digitale Welt\u2018. F\u00fcr beide Themen betreibt er den Blog #stiftungenst\u00e4rken.\",\"sameAs\":[\"https:\\\/\\\/www.fondsfibel.de\"],\"url\":\"https:\\\/\\\/stiftungsmarktplatz.eu\\\/blog\\\/author\\\/tobias-karow\\\/\"}]}<\/script>\n<!-- \/ Yoast SEO plugin. -->","yoast_head_json":{"title":"Stiftungsverm\u00f6gen im Bann der Tagesaktualit\u00e4t - Der Stiftungsblog f\u00fcr die Stiftungspraxis","description":"Stiftungsverm\u00f6gen muss anno 2023 mit einer Tagesaktualit\u00e4t umgehen, die mit komplex reichlich unspektakul\u00e4r beschrieben ist. Zinsen bei um die 5%, geopolitische Verspannungen en masse, innenpolitische Br\u00e4sigkeit und rekordhohe Aktienm\u00e4rkte erz\u00e4hlen die Geschichte eines Umfeld, das kaum noch zu lesen ist.","robots":{"index":"index","follow":"follow","max-snippet":"max-snippet:-1","max-image-preview":"max-image-preview:large","max-video-preview":"max-video-preview:-1"},"canonical":"https:\/\/stiftungsmarktplatz.eu\/blog\/stiftungsvermoegen-im-bann-der-tagesaktualitaet\/","og_locale":"de_DE","og_type":"article","og_title":"Stiftungsverm\u00f6gen im Bann der Tagesaktualit\u00e4t - Der Stiftungsblog f\u00fcr die Stiftungspraxis","og_description":"Stiftungsverm\u00f6gen muss anno 2023 mit einer Tagesaktualit\u00e4t umgehen, die mit komplex reichlich unspektakul\u00e4r beschrieben ist. Zinsen bei um die 5%, geopolitische Verspannungen en masse, innenpolitische Br\u00e4sigkeit und rekordhohe Aktienm\u00e4rkte erz\u00e4hlen die Geschichte eines Umfeld, das kaum noch zu lesen ist.","og_url":"https:\/\/stiftungsmarktplatz.eu\/blog\/stiftungsvermoegen-im-bann-der-tagesaktualitaet\/","og_site_name":"Der Stiftungsblog f\u00fcr die Stiftungspraxis","article_published_time":"2023-12-12T17:04:49+00:00","article_modified_time":"2025-09-09T08:40:28+00:00","og_image":[{"width":1200,"height":675,"url":"https:\/\/stiftungsmarktplatz.eu\/blog\/wp-content\/uploads\/2023\/12\/fondsfibel-AKTUELL-Teaser-No6.jpg","type":"image\/jpeg"}],"author":"Tobias Karow","twitter_card":"summary_large_image","twitter_misc":{"Verfasst von":"Tobias Karow","Gesch\u00e4tzte Lesezeit":"5\u00a0Minuten"},"schema":{"@context":"https:\/\/schema.org","@graph":[{"@type":"Article","@id":"https:\/\/stiftungsmarktplatz.eu\/blog\/stiftungsvermoegen-im-bann-der-tagesaktualitaet\/#article","isPartOf":{"@id":"https:\/\/stiftungsmarktplatz.eu\/blog\/stiftungsvermoegen-im-bann-der-tagesaktualitaet\/"},"author":{"name":"Tobias Karow","@id":"https:\/\/stiftungsmarktplatz.eu\/blog\/#\/schema\/person\/3a42780bf87a2088578f1e8077ccfa44"},"headline":"Stiftungsverm\u00f6gen im Bann der Tagesaktualit\u00e4t","datePublished":"2023-12-12T17:04:49+00:00","dateModified":"2025-09-09T08:40:28+00:00","mainEntityOfPage":{"@id":"https:\/\/stiftungsmarktplatz.eu\/blog\/stiftungsvermoegen-im-bann-der-tagesaktualitaet\/"},"wordCount":797,"publisher":{"@id":"https:\/\/stiftungsmarktplatz.eu\/blog\/#organization"},"image":{"@id":"https:\/\/stiftungsmarktplatz.eu\/blog\/stiftungsvermoegen-im-bann-der-tagesaktualitaet\/#primaryimage"},"thumbnailUrl":"https:\/\/stiftungsmarktplatz.eu\/blog\/wp-content\/uploads\/2023\/12\/fondsfibel-AKTUELL-Teaser-No6.jpg","keywords":["Stiftungsfonds","Stiftungsverm\u00f6gen","ESG","Immobilieninvestment","Stiftungsrechtsreform","fondsfibel AKTUELL"],"articleSection":["Stiftungsverm\u00f6gen &amp; Stiftungsfonds"],"inLanguage":"de"},{"@type":"WebPage","@id":"https:\/\/stiftungsmarktplatz.eu\/blog\/stiftungsvermoegen-im-bann-der-tagesaktualitaet\/","url":"https:\/\/stiftungsmarktplatz.eu\/blog\/stiftungsvermoegen-im-bann-der-tagesaktualitaet\/","name":"Stiftungsverm\u00f6gen im Bann der Tagesaktualit\u00e4t - Der Stiftungsblog f\u00fcr die Stiftungspraxis","isPartOf":{"@id":"https:\/\/stiftungsmarktplatz.eu\/blog\/#website"},"primaryImageOfPage":{"@id":"https:\/\/stiftungsmarktplatz.eu\/blog\/stiftungsvermoegen-im-bann-der-tagesaktualitaet\/#primaryimage"},"image":{"@id":"https:\/\/stiftungsmarktplatz.eu\/blog\/stiftungsvermoegen-im-bann-der-tagesaktualitaet\/#primaryimage"},"thumbnailUrl":"https:\/\/stiftungsmarktplatz.eu\/blog\/wp-content\/uploads\/2023\/12\/fondsfibel-AKTUELL-Teaser-No6.jpg","datePublished":"2023-12-12T17:04:49+00:00","dateModified":"2025-09-09T08:40:28+00:00","description":"Stiftungsverm\u00f6gen muss anno 2023 mit einer Tagesaktualit\u00e4t umgehen, die mit komplex reichlich unspektakul\u00e4r beschrieben ist. Zinsen bei um die 5%, geopolitische Verspannungen en masse, innenpolitische Br\u00e4sigkeit und rekordhohe Aktienm\u00e4rkte erz\u00e4hlen die Geschichte eines Umfeld, das kaum noch zu lesen ist.","breadcrumb":{"@id":"https:\/\/stiftungsmarktplatz.eu\/blog\/stiftungsvermoegen-im-bann-der-tagesaktualitaet\/#breadcrumb"},"inLanguage":"de","potentialAction":[{"@type":"ReadAction","target":["https:\/\/stiftungsmarktplatz.eu\/blog\/stiftungsvermoegen-im-bann-der-tagesaktualitaet\/"]}]},{"@type":"ImageObject","inLanguage":"de","@id":"https:\/\/stiftungsmarktplatz.eu\/blog\/stiftungsvermoegen-im-bann-der-tagesaktualitaet\/#primaryimage","url":"https:\/\/stiftungsmarktplatz.eu\/blog\/wp-content\/uploads\/2023\/12\/fondsfibel-AKTUELL-Teaser-No6.jpg","contentUrl":"https:\/\/stiftungsmarktplatz.eu\/blog\/wp-content\/uploads\/2023\/12\/fondsfibel-AKTUELL-Teaser-No6.jpg","width":1200,"height":675,"caption":"fondsfibel-AKTUELL No 6."},{"@type":"BreadcrumbList","@id":"https:\/\/stiftungsmarktplatz.eu\/blog\/stiftungsvermoegen-im-bann-der-tagesaktualitaet\/#breadcrumb","itemListElement":[{"@type":"ListItem","position":1,"name":"Startseite","item":"https:\/\/stiftungsmarktplatz.eu\/blog\/"},{"@type":"ListItem","position":2,"name":"Stiftungsverm\u00f6gen im Bann der Tagesaktualit\u00e4t"}]},{"@type":"WebSite","@id":"https:\/\/stiftungsmarktplatz.eu\/blog\/#website","url":"https:\/\/stiftungsmarktplatz.eu\/blog\/","name":"Der Stiftungsblog f\u00fcr die Stiftungspraxis","description":"#stiftungenst\u00e4rken - NPO-Expertise von NPO-Experten","publisher":{"@id":"https:\/\/stiftungsmarktplatz.eu\/blog\/#organization"},"potentialAction":[{"@type":"SearchAction","target":{"@type":"EntryPoint","urlTemplate":"https:\/\/stiftungsmarktplatz.eu\/blog\/?s={search_term_string}"},"query-input":{"@type":"PropertyValueSpecification","valueRequired":true,"valueName":"search_term_string"}}],"inLanguage":"de"},{"@type":"Organization","@id":"https:\/\/stiftungsmarktplatz.eu\/blog\/#organization","name":"stiftungsmarktplatz.eu GbR","url":"https:\/\/stiftungsmarktplatz.eu\/blog\/","logo":{"@type":"ImageObject","inLanguage":"de","@id":"https:\/\/stiftungsmarktplatz.eu\/blog\/#\/schema\/logo\/image\/","url":"https:\/\/stiftungsmarktplatz.eu\/blog\/wp-content\/uploads\/2020\/03\/Logo-blog-retina.png","contentUrl":"https:\/\/stiftungsmarktplatz.eu\/blog\/wp-content\/uploads\/2020\/03\/Logo-blog-retina.png","width":140,"height":130,"caption":"stiftungsmarktplatz.eu GbR"},"image":{"@id":"https:\/\/stiftungsmarktplatz.eu\/blog\/#\/schema\/logo\/image\/"},"sameAs":["https:\/\/www.linkedin.com\/company\/18563519\/","https:\/\/www.youtube.com\/channel\/UCQrF6RQRFGxTokVV4nbx25Q"]},{"@type":"Person","@id":"https:\/\/stiftungsmarktplatz.eu\/blog\/#\/schema\/person\/3a42780bf87a2088578f1e8077ccfa44","name":"Tobias Karow","image":{"@type":"ImageObject","inLanguage":"de","@id":"https:\/\/stiftungsmarktplatz.eu\/blog\/wp-content\/uploads\/2024\/05\/tobias-karow-2024-150x150.png","url":"https:\/\/stiftungsmarktplatz.eu\/blog\/wp-content\/uploads\/2024\/05\/tobias-karow-2024-150x150.png","contentUrl":"https:\/\/stiftungsmarktplatz.eu\/blog\/wp-content\/uploads\/2024\/05\/tobias-karow-2024-150x150.png","caption":"Tobias Karow"},"description":"ist Gr\u00fcnder und Gesch\u00e4ftsf\u00fchrer von stiftungsmarktplatz.eu und im Stiftungswesen in Deutschland, \u00d6sterreich, der Schweiz und Liechtenstein seit 10 Jahren aktiv. Er ist Herausgeber der FondsFibel f\u00fcr Stiftungen &amp; NPOs, dem f\u00fchrenden Nachschlagewerk f\u00fcr Stiftungsfonds und stiftungsgeeignete Fonds (www.fondsfibel.de), Vortr\u00e4ge h\u00e4lt er vor allem zum Thema \u201aStiftungen und ihr Weg in die digitale Welt\u2018. F\u00fcr beide Themen betreibt er den Blog #stiftungenst\u00e4rken.","sameAs":["https:\/\/www.fondsfibel.de"],"url":"https:\/\/stiftungsmarktplatz.eu\/blog\/author\/tobias-karow\/"}]}},"post_mailing_queue_ids":[],"_links":{"self":[{"href":"https:\/\/stiftungsmarktplatz.eu\/blog\/wp-json\/wp\/v2\/posts\/6825","targetHints":{"allow":["GET"]}}],"collection":[{"href":"https:\/\/stiftungsmarktplatz.eu\/blog\/wp-json\/wp\/v2\/posts"}],"about":[{"href":"https:\/\/stiftungsmarktplatz.eu\/blog\/wp-json\/wp\/v2\/types\/post"}],"author":[{"embeddable":true,"href":"https:\/\/stiftungsmarktplatz.eu\/blog\/wp-json\/wp\/v2\/users\/8"}],"replies":[{"embeddable":true,"href":"https:\/\/stiftungsmarktplatz.eu\/blog\/wp-json\/wp\/v2\/comments?post=6825"}],"version-history":[{"count":11,"href":"https:\/\/stiftungsmarktplatz.eu\/blog\/wp-json\/wp\/v2\/posts\/6825\/revisions"}],"predecessor-version":[{"id":8948,"href":"https:\/\/stiftungsmarktplatz.eu\/blog\/wp-json\/wp\/v2\/posts\/6825\/revisions\/8948"}],"wp:featuredmedia":[{"embeddable":true,"href":"https:\/\/stiftungsmarktplatz.eu\/blog\/wp-json\/wp\/v2\/media\/6832"}],"wp:attachment":[{"href":"https:\/\/stiftungsmarktplatz.eu\/blog\/wp-json\/wp\/v2\/media?parent=6825"}],"wp:term":[{"taxonomy":"category","embeddable":true,"href":"https:\/\/stiftungsmarktplatz.eu\/blog\/wp-json\/wp\/v2\/categories?post=6825"},{"taxonomy":"post_tag","embeddable":true,"href":"https:\/\/stiftungsmarktplatz.eu\/blog\/wp-json\/wp\/v2\/tags?post=6825"}],"curies":[{"name":"wp","href":"https:\/\/api.w.org\/{rel}","templated":true}]}}