{"id":6574,"date":"2023-10-09T11:35:20","date_gmt":"2023-10-09T09:35:20","guid":{"rendered":"https:\/\/stiftungsmarktplatz.eu\/blog\/?p=6574"},"modified":"2023-10-17T11:36:28","modified_gmt":"2023-10-17T09:36:28","slug":"im-stiftungsvermoegen-klingelt-ausschuettungsseitig-die-kasse","status":"publish","type":"post","link":"https:\/\/stiftungsmarktplatz.eu\/blog\/im-stiftungsvermoegen-klingelt-ausschuettungsseitig-die-kasse\/","title":{"rendered":"Im Stiftungsverm\u00f6gen klingelt aussch\u00fcttungsseitig die Kasse"},"content":{"rendered":"<span class=\"span-reading-time rt-reading-time\" style=\"display: block;\"><span class=\"rt-label rt-prefix\">Lesezeit: <\/span> <span class=\"rt-time\"> 4<\/span> <span class=\"rt-label rt-postfix\">Minuten<\/span><\/span>\n<p><em>Nach mageren Jahren sieht es so aus, als w\u00fcrden aussch\u00fcttungsseitig gute Jahre f\u00fcr das Stiftungsverm\u00f6gen vor der T\u00fcr stehen. Die Kasse klingelt nach Jahren der D\u00fcrre doch wieder ganz erklecklich. Wir haben uns mit den Aussch\u00fcttungsdaten unserer fondsfibel Club der 25-Fonds f\u00fcr das erste Halbjahr 2023 einmal auseinandergesetzt und sehen zweierlei: Die Aussch\u00fcttungen ziehen wieder an, und die Aussch\u00fcttungsk\u00f6nige bauen ihre Aussch\u00fcttungsg\u00fcte noch aus.<\/em> <em>Unser Club der 25-Aussch\u00fcttungsupdate.<\/em><\/p>\n\n\n\n<p>Zun\u00e4chst einmal schauen wir auf der Metaebene \u00fcber die Daten. Von den 25 Fonds sch\u00fctten 13 Positionen erst in der zweiten Jahresh\u00e4lfte aus. Die 12 Fonds, die entweder einmal j\u00e4hrlich (im ersten Halbjahr) ihre Auszahlungen t\u00e4tigen, oder regelm\u00e4\u00dfig verteilt (monatlich oder quartalm\u00e4\u00dfig) aussch\u00fctten, haben wir analysiert. Demnach konnten f\u00fcnf Fonds ihre Aussch\u00fcttungen steigern (entweder im II. Quartal vs. I. Quartal, oder \u2013 bei denen, die 1x j\u00e4hrlich auszahlen \u2013 gegen\u00fcber den Aussch\u00fcttungen im letzten Jahr, oder aber bei denen, die 2x p.a. aussch\u00fctten \u2013 im I. und im II. Halbjahr \u2013 gegen\u00fcber den Aussch\u00fcttungen in der gleichen Jahresperiode 2022). Es ist bei \u00fcber 41 % der Fonds der Fall. Vier Fonds (ein Drittel) konnten ihre Auszahlungen stabil halten, betragsm\u00e4\u00dfig \u00e4ndert sich hier also nichts. Jedoch: Drei Fonds (25%) konnten das Aussch\u00fcttungsniveau nicht halten und haben weniger ihren Anlegern ausbezahlt. <strong>Wir lernen:<\/strong> \u00dcber alle <a href=\"https:\/\/fondsfibel.de\/der-club-der-25\/\" target=\"_blank\" rel=\"noreferrer noopener\">Club der 25-Fonds<\/a> hinweg d\u00fcrfen Stiftungen f\u00fcr das Aussch\u00fcttungsniveau gewisse Erwartungen auf wachsende Auskehrungen hegen.<\/p>\n\n\n\n<p><strong><a href=\"https:\/\/fondsfibel.de\/wp-content\/uploads\/2023\/09\/fondsfibel-ausschuettung-club-der-25-30062023.pdf\" target=\"_blank\" rel=\"noreferrer noopener\">Die Club der 25-Aussch\u00fcttungsdatenbank \u2013 hier geht es zu den Details >><\/a><\/strong><\/p>\n\n\n\n<h2 class=\"wp-block-heading\">Der Aussch\u00fcttungsk\u00f6nig bestellt weiter sein Feld<\/h2>\n\n\n\n<p>\u00dcberdurchschnittlich positiv stechen die Aussch\u00fcttungsergebnisse beim <a href=\"https:\/\/fondsfibel.de\/aegon-global-diversified-income-fund\/\" target=\"_blank\" rel=\"noreferrer noopener\">Aegon Global Diversified Income Fund<\/a> aus. Der Multi-Asset-Fonds konnte im zweiten Quartal gegen\u00fcber den ersten drei Monaten des Jahres 2023 seine Aussch\u00fcttungen um \u00fcber 210 % steigern! Die durchschnittliche Aussch\u00fcttungsrendite der letzten 3 Jahre betr\u00e4gt ca. 5,5%, auf ein Jahr (Stichtag 30.06.2023) gerechnet liegt sie sogar bei ca. 6,5%. Es sind hervorragende Zahlen f\u00fcr Anleger, die gro\u00dfen Wert auf die regelm\u00e4\u00dfigen Auszahlungen legen. Barnaby Woods, Ansprechpartner f\u00fcr Stiftungen bei Aegon Asset Management in Frankfurt am Main kommentiert es so: \u201eWenn ein Fondskonzept von Beginn an auf Aussch\u00fcttungen aufgesetzt ist, dann hat dieses Konzept auch Antworten parat, sofern sich das Umfeld an den Kapitalm\u00e4rkten \u00e4ndert und neue Fragen an Anleger richtet. F\u00fcr uns liegt der Schl\u00fcssel im breiten Diversifizieren und im aktiven Managen dieser Allokation, das ist unser Handwerkszeug.\u201c<\/p>\n\n\n\n<h2 class=\"wp-block-heading\">Rentenfonds machen Stiftungen wieder mehr Freude<\/h2>\n\n\n\n<p>Ein weiterer Fonds hat sich in diesem Jahr sehr gut entwickelt, was die Aussch\u00fcttungen betrifft: der Rentenfonds <a href=\"https:\/\/fondsfibel.de\/axa-world-funds-global-strategic-bond\/\" target=\"_blank\" rel=\"noreferrer noopener\">AXA World Funds &#8211; Global Strategic Bonds A Distribution Quarterly EUR (Hedged) Fonds<\/a>. Dieser hat die Auszahlungen im zweiten Quartal gegen\u00fcber dem Ersten um fast 20% erh\u00f6ht. Im Vergleich zum ersten Halbjahr 2022 haben Anleger um 56% mehr Geld ausbezahlt bekommen. Nat\u00fcrlich spielt hier das h\u00f6here Zinsniveau die entscheidende Rolle, es ist f\u00fcr das Konzept schlicht einfacher geworden, h\u00f6here Kupon zu vereinnahmen bzw. das Anleiheportfolio in Richtung wieder h\u00f6herer Kuponzahlungen \u201edurchzub\u00fcrsten\u201c. Nat\u00fcrlich, f\u00fcr Stiftungen hei\u00dft diese Schwankung bei den Aussch\u00fcttungen immer, dass die Projektliquidit\u00e4t hier nicht sehr eng an die Auszahlungsstr\u00f6me gekoppelt werden darf. Dennoch bedeuten die wieder erklecklich flie\u00dfenden Aussch\u00fcttungen bei einem reinen Rentenfonds, dass ich diesen mit einer festen Aufgabe \u2013 dem Konservieren meiner Mittelplanung \u2013 in meinem Fondsportfolio verorten kann. F\u00fcr den anderen Aussch\u00fcttungsf\u00fcrsten, den <a href=\"https:\/\/fondsfibel.de\/ab-european-income-portfolio\/\" target=\"_blank\" rel=\"noreferrer noopener\">AB European Income Portfolio<\/a>, gilt das Rentenfonds-Geschriebene ebenso, mit der Besonderheit, dass es f\u00fcr diesen Fonds nichts Neues ist. Der Blick auf die Aussch\u00fcttungshistorie zeigt, dass hier einer liefert wie der K\u00e4fer fr\u00fcher gefahren ist.<\/p>\n\n\n\n<h2 class=\"wp-block-heading\">Mischfonds kommen aussch\u00fcttungsseitig auch voran<\/h2>\n\n\n\n<p>Der solide Mischfonds <a href=\"https:\/\/fondsfibel.de\/mundg-sustainable-allocation-fund\/\" target=\"_blank\" rel=\"noreferrer noopener\">M&amp;G (Lux) Sustainable Allocation Fund A EUR<\/a> konnte seine Aussch\u00fcttungen im II. Quartal gegen\u00fcber den ersten 3 Monaten des Jahres ebenfalls kr\u00e4ftig erh\u00f6hen, und zwar um 18,40%. Gegen\u00fcber der ersten Jahresh\u00e4lfte 2022 haben Investoren um 23,88% mehr Geld ausbezahlt bekommen in den ersten 6 Monaten 2023. Auch hier sind die h\u00f6heren Zinsen ein Segen f\u00fcr das Aussch\u00fcttungsgebirge. F\u00fcr den M&amp;G Sustainable Allocation bedeuten h\u00f6here Aussch\u00fcttungsdaten auch Eines: Eine Wertentwicklung wie in diesem Jahr kann durch die Auskehrungen \u00fcberkompensiert werden. M\u00fcssen wir uns ob der weltwirtschaftlichen Gemengelage auf vielleicht schwierigeres Fahrwasser einstellen, ist das eine gute Nachricht f\u00fcr einkommensbasierte Anleger, wie Stiftungen es nun einmal sind. \u00dcbersetzt hei\u00dft das, der Werkzeugkasten einer Stiftung in der Fondsanlage wird wieder gr\u00f6\u00dfer, <a href=\"https:\/\/stiftungsmarktplatz.eu\/blog\/zum-wohle-der-stiftung-ist-ein-klarer-massstab\/\">zumal ich qua Spielr\u00e4umen, die mir die Stiftungsrechtsreform er\u00f6ffnet, zus\u00e4tzliche Werkzeuge bereitlegen kann<\/a>.<\/p>\n\n\n\n<figure class=\"wp-block-image size-full\"><a href=\"https:\/\/vtfds.de\/\" target=\"_blank\" rel=\"noreferrer noopener\"><img loading=\"lazy\" decoding=\"async\" width=\"560\" height=\"372\" src=\"https:\/\/stiftungsmarktplatz.eu\/blog\/wp-content\/uploads\/2023\/06\/vtfds2023-Fernseher2.png\" alt=\"vtfds2023-Mediathek\" class=\"wp-image-6111\" srcset=\"https:\/\/stiftungsmarktplatz.eu\/blog\/wp-content\/uploads\/2023\/06\/vtfds2023-Fernseher2.png 560w, https:\/\/stiftungsmarktplatz.eu\/blog\/wp-content\/uploads\/2023\/06\/vtfds2023-Fernseher2-300x199.png 300w\" sizes=\"auto, (max-width: 560px) 100vw, 560px\" \/><\/a><\/figure>\n\n\n\n<h2 class=\"wp-block-heading\">Zusammengefasst<\/h2>\n\n\n\n<p>Unser erstes Bild der Aussch\u00fcttungsentwicklungen unserer Club der 25-Fonds hat uns schon einigerma\u00dfen erleichtert. Die Zahl der Fonds, die erklecklich aussch\u00fctten, wird wieder gr\u00f6\u00dfer, der ganz gro\u00dfe Druck ist aussch\u00fcttungsseitig raus. F\u00fcr von Beginn an auf Aussch\u00fcttungen ausgelegte Fondskonzepte wie jenes des Aegon Global Diversified Income sind die Zeiten, die vor uns liegen, wom\u00f6glich sogar richtig gute. Ein Blick auf die Brutto-Entwicklungen bei den Anteilspreisausschl\u00e4gen zeigt aber auch, dass Stiftungen f\u00fcr das Auf und Ab jetzt ausk\u00f6mmlich mit Aussch\u00fcttungen \u201eentsch\u00e4digt\u201c werden, zumindest zu einem guten Teil. Was uns aufgefallen ist, sind die h\u00f6heren Kostenniveaus bei praktisch allen Fonds. Hier zeichnet sich ein Trend ab, wenn aber das Geleistete stimmt, was gibt es dann zu m\u00e4keln? Wir beobachten hier weiter, die n\u00e4chste Bestandsaufnahme folgt dann per 31.12., also per Jahresende. Dann l\u00e4sst sich ziemlich sicher ableiten, ob sich die aussch\u00fcttungsseitige Entwicklung so positiv fortsetzt. Trotz allem Negativgroll, der sich an den M\u00e4rkten gerade aufbaut, steht das Ger\u00fcst f\u00fcr uns so, dass sie das m\u00fcsste<br><\/p>\n","protected":false},"excerpt":{"rendered":"<p><span class=\"span-reading-time rt-reading-time\" style=\"display: block;\"><span class=\"rt-label rt-prefix\">Lesezeit: <\/span> <span class=\"rt-time\"> 4<\/span> <span class=\"rt-label rt-postfix\">Minuten<\/span><\/span>Nach mageren Jahren sieht es so aus, als w\u00fcrden aussch\u00fcttungsseitig gute Jahre f\u00fcr das Stiftungsverm\u00f6gen vor der T\u00fcr stehen. Die Kasse klingelt nach Jahren der D\u00fcrre doch wieder ganz erklecklich. Wir haben uns mit den Aussch\u00fcttungsdaten unserer fondsfibel Club der 25-Fonds f\u00fcr das erste Halbjahr 2023 einmal auseinandergesetzt und sehen zweierlei: Die Aussch\u00fcttungen ziehen wieder an, und die Aussch\u00fcttungsk\u00f6nige bauen ihre Aussch\u00fcttungsg\u00fcte noch aus. Unser Club der 25-Aussch\u00fcttungsupdate.<\/p>\n","protected":false},"author":31,"featured_media":6583,"comment_status":"closed","ping_status":"open","sticky":false,"template":"","format":"standard","meta":{"ngg_post_thumbnail":0,"footnotes":""},"categories":[5],"tags":[14,15,23,24,27,105],"class_list":{"0":"post-6574","1":"post","2":"type-post","3":"status-publish","4":"format-standard","5":"has-post-thumbnail","7":"category-stiftungsvermoegen-und-stiftungsfonds","8":"tag-stiftungsfonds","9":"tag-fondsanlage","10":"tag-stiftungsgeeignete-fonds","11":"tag-fondsfibel","12":"tag-stiftungsvermoegen","13":"tag-ausschuettung"},"yoast_head":"<!-- This site is optimized with the Yoast SEO plugin v27.4 - https:\/\/yoast.com\/product\/yoast-seo-wordpress\/ -->\n<title>Im Stiftungsverm\u00f6gen klingelt aussch\u00fcttungsseitig die Kasse - Der Stiftungsblog f\u00fcr die Stiftungspraxis<\/title>\n<meta name=\"description\" content=\"Nach mageren Jahren sieht es so aus, als w\u00fcrden aussch\u00fcttungsseitig gute Jahre f\u00fcr das Stiftungsverm\u00f6gen vor der T\u00fcr stehen. Die Kasse klingelt nach Jahren der D\u00fcrre doch wieder ganz erklecklich.\" \/>\n<meta name=\"robots\" content=\"index, follow, max-snippet:-1, max-image-preview:large, max-video-preview:-1\" \/>\n<link rel=\"canonical\" href=\"https:\/\/stiftungsmarktplatz.eu\/blog\/im-stiftungsvermoegen-klingelt-ausschuettungsseitig-die-kasse\/\" \/>\n<meta property=\"og:locale\" content=\"de_DE\" \/>\n<meta property=\"og:type\" content=\"article\" \/>\n<meta property=\"og:title\" content=\"Im Stiftungsverm\u00f6gen klingelt aussch\u00fcttungsseitig die Kasse - Der Stiftungsblog f\u00fcr die Stiftungspraxis\" \/>\n<meta property=\"og:description\" content=\"Nach mageren Jahren sieht es so aus, als w\u00fcrden aussch\u00fcttungsseitig gute Jahre f\u00fcr das Stiftungsverm\u00f6gen vor der T\u00fcr stehen. Die Kasse klingelt nach Jahren der D\u00fcrre doch wieder ganz erklecklich.\" \/>\n<meta property=\"og:url\" content=\"https:\/\/stiftungsmarktplatz.eu\/blog\/im-stiftungsvermoegen-klingelt-ausschuettungsseitig-die-kasse\/\" \/>\n<meta property=\"og:site_name\" content=\"Der Stiftungsblog f\u00fcr die Stiftungspraxis\" \/>\n<meta property=\"article:published_time\" content=\"2023-10-09T09:35:20+00:00\" \/>\n<meta property=\"article:modified_time\" content=\"2023-10-17T09:36:28+00:00\" \/>\n<meta property=\"og:image\" content=\"https:\/\/stiftungsmarktplatz.eu\/blog\/wp-content\/uploads\/2023\/10\/Ausschuettungen-HJ23.jpg\" \/>\n\t<meta property=\"og:image:width\" content=\"1200\" \/>\n\t<meta property=\"og:image:height\" content=\"675\" \/>\n\t<meta property=\"og:image:type\" content=\"image\/jpeg\" \/>\n<meta name=\"author\" content=\"Erika Axelsson\" \/>\n<meta name=\"twitter:card\" content=\"summary_large_image\" \/>\n<meta name=\"twitter:label1\" content=\"Verfasst von\" \/>\n\t<meta name=\"twitter:data1\" content=\"Erika Axelsson\" \/>\n\t<meta name=\"twitter:label2\" content=\"Gesch\u00e4tzte Lesezeit\" \/>\n\t<meta name=\"twitter:data2\" content=\"5\u00a0Minuten\" \/>\n<script type=\"application\/ld+json\" class=\"yoast-schema-graph\">{\"@context\":\"https:\\\/\\\/schema.org\",\"@graph\":[{\"@type\":\"Article\",\"@id\":\"https:\\\/\\\/stiftungsmarktplatz.eu\\\/blog\\\/im-stiftungsvermoegen-klingelt-ausschuettungsseitig-die-kasse\\\/#article\",\"isPartOf\":{\"@id\":\"https:\\\/\\\/stiftungsmarktplatz.eu\\\/blog\\\/im-stiftungsvermoegen-klingelt-ausschuettungsseitig-die-kasse\\\/\"},\"author\":{\"name\":\"Erika Axelsson\",\"@id\":\"https:\\\/\\\/stiftungsmarktplatz.eu\\\/blog\\\/#\\\/schema\\\/person\\\/e119e01b9dc882b25aa45aa1ea4419d5\"},\"headline\":\"Im Stiftungsverm\u00f6gen klingelt aussch\u00fcttungsseitig die Kasse\",\"datePublished\":\"2023-10-09T09:35:20+00:00\",\"dateModified\":\"2023-10-17T09:36:28+00:00\",\"mainEntityOfPage\":{\"@id\":\"https:\\\/\\\/stiftungsmarktplatz.eu\\\/blog\\\/im-stiftungsvermoegen-klingelt-ausschuettungsseitig-die-kasse\\\/\"},\"wordCount\":965,\"publisher\":{\"@id\":\"https:\\\/\\\/stiftungsmarktplatz.eu\\\/blog\\\/#organization\"},\"image\":{\"@id\":\"https:\\\/\\\/stiftungsmarktplatz.eu\\\/blog\\\/im-stiftungsvermoegen-klingelt-ausschuettungsseitig-die-kasse\\\/#primaryimage\"},\"thumbnailUrl\":\"https:\\\/\\\/stiftungsmarktplatz.eu\\\/blog\\\/wp-content\\\/uploads\\\/2023\\\/10\\\/Ausschuettungen-HJ23.jpg\",\"keywords\":[\"Stiftungsfonds\",\"Fondsanlage\",\"stiftungsgeeignete Fonds\",\"FondsFibel\",\"Stiftungsverm\u00f6gen\",\"Aussch\u00fcttung\"],\"articleSection\":[\"Stiftungsverm\u00f6gen &amp; Stiftungsfonds\"],\"inLanguage\":\"de\"},{\"@type\":\"WebPage\",\"@id\":\"https:\\\/\\\/stiftungsmarktplatz.eu\\\/blog\\\/im-stiftungsvermoegen-klingelt-ausschuettungsseitig-die-kasse\\\/\",\"url\":\"https:\\\/\\\/stiftungsmarktplatz.eu\\\/blog\\\/im-stiftungsvermoegen-klingelt-ausschuettungsseitig-die-kasse\\\/\",\"name\":\"Im Stiftungsverm\u00f6gen klingelt aussch\u00fcttungsseitig die Kasse - Der Stiftungsblog f\u00fcr die Stiftungspraxis\",\"isPartOf\":{\"@id\":\"https:\\\/\\\/stiftungsmarktplatz.eu\\\/blog\\\/#website\"},\"primaryImageOfPage\":{\"@id\":\"https:\\\/\\\/stiftungsmarktplatz.eu\\\/blog\\\/im-stiftungsvermoegen-klingelt-ausschuettungsseitig-die-kasse\\\/#primaryimage\"},\"image\":{\"@id\":\"https:\\\/\\\/stiftungsmarktplatz.eu\\\/blog\\\/im-stiftungsvermoegen-klingelt-ausschuettungsseitig-die-kasse\\\/#primaryimage\"},\"thumbnailUrl\":\"https:\\\/\\\/stiftungsmarktplatz.eu\\\/blog\\\/wp-content\\\/uploads\\\/2023\\\/10\\\/Ausschuettungen-HJ23.jpg\",\"datePublished\":\"2023-10-09T09:35:20+00:00\",\"dateModified\":\"2023-10-17T09:36:28+00:00\",\"description\":\"Nach mageren Jahren sieht es so aus, als w\u00fcrden aussch\u00fcttungsseitig gute Jahre f\u00fcr das Stiftungsverm\u00f6gen vor der T\u00fcr stehen. Die Kasse klingelt nach Jahren der D\u00fcrre doch wieder ganz erklecklich.\",\"breadcrumb\":{\"@id\":\"https:\\\/\\\/stiftungsmarktplatz.eu\\\/blog\\\/im-stiftungsvermoegen-klingelt-ausschuettungsseitig-die-kasse\\\/#breadcrumb\"},\"inLanguage\":\"de\",\"potentialAction\":[{\"@type\":\"ReadAction\",\"target\":[\"https:\\\/\\\/stiftungsmarktplatz.eu\\\/blog\\\/im-stiftungsvermoegen-klingelt-ausschuettungsseitig-die-kasse\\\/\"]}]},{\"@type\":\"ImageObject\",\"inLanguage\":\"de\",\"@id\":\"https:\\\/\\\/stiftungsmarktplatz.eu\\\/blog\\\/im-stiftungsvermoegen-klingelt-ausschuettungsseitig-die-kasse\\\/#primaryimage\",\"url\":\"https:\\\/\\\/stiftungsmarktplatz.eu\\\/blog\\\/wp-content\\\/uploads\\\/2023\\\/10\\\/Ausschuettungen-HJ23.jpg\",\"contentUrl\":\"https:\\\/\\\/stiftungsmarktplatz.eu\\\/blog\\\/wp-content\\\/uploads\\\/2023\\\/10\\\/Ausschuettungen-HJ23.jpg\",\"width\":1200,\"height\":675,\"caption\":\"Aussch\u00fcttungen HJ23\"},{\"@type\":\"BreadcrumbList\",\"@id\":\"https:\\\/\\\/stiftungsmarktplatz.eu\\\/blog\\\/im-stiftungsvermoegen-klingelt-ausschuettungsseitig-die-kasse\\\/#breadcrumb\",\"itemListElement\":[{\"@type\":\"ListItem\",\"position\":1,\"name\":\"Startseite\",\"item\":\"https:\\\/\\\/stiftungsmarktplatz.eu\\\/blog\\\/\"},{\"@type\":\"ListItem\",\"position\":2,\"name\":\"Im Stiftungsverm\u00f6gen klingelt aussch\u00fcttungsseitig die Kasse\"}]},{\"@type\":\"WebSite\",\"@id\":\"https:\\\/\\\/stiftungsmarktplatz.eu\\\/blog\\\/#website\",\"url\":\"https:\\\/\\\/stiftungsmarktplatz.eu\\\/blog\\\/\",\"name\":\"Der Stiftungsblog f\u00fcr die Stiftungspraxis\",\"description\":\"#stiftungenst\u00e4rken - NPO-Expertise von NPO-Experten\",\"publisher\":{\"@id\":\"https:\\\/\\\/stiftungsmarktplatz.eu\\\/blog\\\/#organization\"},\"potentialAction\":[{\"@type\":\"SearchAction\",\"target\":{\"@type\":\"EntryPoint\",\"urlTemplate\":\"https:\\\/\\\/stiftungsmarktplatz.eu\\\/blog\\\/?s={search_term_string}\"},\"query-input\":{\"@type\":\"PropertyValueSpecification\",\"valueRequired\":true,\"valueName\":\"search_term_string\"}}],\"inLanguage\":\"de\"},{\"@type\":\"Organization\",\"@id\":\"https:\\\/\\\/stiftungsmarktplatz.eu\\\/blog\\\/#organization\",\"name\":\"stiftungsmarktplatz.eu GbR\",\"url\":\"https:\\\/\\\/stiftungsmarktplatz.eu\\\/blog\\\/\",\"logo\":{\"@type\":\"ImageObject\",\"inLanguage\":\"de\",\"@id\":\"https:\\\/\\\/stiftungsmarktplatz.eu\\\/blog\\\/#\\\/schema\\\/logo\\\/image\\\/\",\"url\":\"https:\\\/\\\/stiftungsmarktplatz.eu\\\/blog\\\/wp-content\\\/uploads\\\/2020\\\/03\\\/Logo-blog-retina.png\",\"contentUrl\":\"https:\\\/\\\/stiftungsmarktplatz.eu\\\/blog\\\/wp-content\\\/uploads\\\/2020\\\/03\\\/Logo-blog-retina.png\",\"width\":140,\"height\":130,\"caption\":\"stiftungsmarktplatz.eu GbR\"},\"image\":{\"@id\":\"https:\\\/\\\/stiftungsmarktplatz.eu\\\/blog\\\/#\\\/schema\\\/logo\\\/image\\\/\"},\"sameAs\":[\"https:\\\/\\\/www.linkedin.com\\\/company\\\/18563519\\\/\",\"https:\\\/\\\/www.youtube.com\\\/channel\\\/UCQrF6RQRFGxTokVV4nbx25Q\"]},{\"@type\":\"Person\",\"@id\":\"https:\\\/\\\/stiftungsmarktplatz.eu\\\/blog\\\/#\\\/schema\\\/person\\\/e119e01b9dc882b25aa45aa1ea4419d5\",\"name\":\"Erika Axelsson\",\"image\":{\"@type\":\"ImageObject\",\"inLanguage\":\"de\",\"@id\":\"https:\\\/\\\/stiftungsmarktplatz.eu\\\/blog\\\/wp-content\\\/uploads\\\/2022\\\/10\\\/Erika-Axelsson-150x150.png\",\"url\":\"https:\\\/\\\/stiftungsmarktplatz.eu\\\/blog\\\/wp-content\\\/uploads\\\/2022\\\/10\\\/Erika-Axelsson-150x150.png\",\"contentUrl\":\"https:\\\/\\\/stiftungsmarktplatz.eu\\\/blog\\\/wp-content\\\/uploads\\\/2022\\\/10\\\/Erika-Axelsson-150x150.png\",\"caption\":\"Erika Axelsson\"},\"description\":\"Erika Axelsson ist Diplom\u00f6konom und arbeitete lange Jahre als Filialleiterin des Fonds Laden in Regensburg. Sie wurde 2015 \u2013 zusammen mit ihrem damaligen Gesch\u00e4ftsf\u00fchrer Peter Brandstaeter \u2013 als \u201eVerm\u00f6gensverwalter des Jahres 2015\u201c des Finanzen Verlags ausgezeichnet. Bis heute betreut sie Kunden in der Auswahl passender Fonds. Ihre Expertise in der Analyse und Allokation von Fonds brachte sie unter anderem in die #fondsfibel-Aussch\u00fcttungsdatenbank mit ein, die sie mit aufbaute und bis heute kontinuierlich betreut. Ebenso konzipierte sie die #fondsfibel-Musterdepots. F\u00fcr Fragen erreichen Sie Erika Axelsson unter e.axelsson@stiftungsmarktplatz.eu.\",\"url\":\"https:\\\/\\\/stiftungsmarktplatz.eu\\\/blog\\\/author\\\/erika-axelsson\\\/\"}]}<\/script>\n<!-- \/ Yoast SEO plugin. -->","yoast_head_json":{"title":"Im Stiftungsverm\u00f6gen klingelt aussch\u00fcttungsseitig die Kasse - Der Stiftungsblog f\u00fcr die Stiftungspraxis","description":"Nach mageren Jahren sieht es so aus, als w\u00fcrden aussch\u00fcttungsseitig gute Jahre f\u00fcr das Stiftungsverm\u00f6gen vor der T\u00fcr stehen. Die Kasse klingelt nach Jahren der D\u00fcrre doch wieder ganz erklecklich.","robots":{"index":"index","follow":"follow","max-snippet":"max-snippet:-1","max-image-preview":"max-image-preview:large","max-video-preview":"max-video-preview:-1"},"canonical":"https:\/\/stiftungsmarktplatz.eu\/blog\/im-stiftungsvermoegen-klingelt-ausschuettungsseitig-die-kasse\/","og_locale":"de_DE","og_type":"article","og_title":"Im Stiftungsverm\u00f6gen klingelt aussch\u00fcttungsseitig die Kasse - Der Stiftungsblog f\u00fcr die Stiftungspraxis","og_description":"Nach mageren Jahren sieht es so aus, als w\u00fcrden aussch\u00fcttungsseitig gute Jahre f\u00fcr das Stiftungsverm\u00f6gen vor der T\u00fcr stehen. Die Kasse klingelt nach Jahren der D\u00fcrre doch wieder ganz erklecklich.","og_url":"https:\/\/stiftungsmarktplatz.eu\/blog\/im-stiftungsvermoegen-klingelt-ausschuettungsseitig-die-kasse\/","og_site_name":"Der Stiftungsblog f\u00fcr die Stiftungspraxis","article_published_time":"2023-10-09T09:35:20+00:00","article_modified_time":"2023-10-17T09:36:28+00:00","og_image":[{"width":1200,"height":675,"url":"https:\/\/stiftungsmarktplatz.eu\/blog\/wp-content\/uploads\/2023\/10\/Ausschuettungen-HJ23.jpg","type":"image\/jpeg"}],"author":"Erika Axelsson","twitter_card":"summary_large_image","twitter_misc":{"Verfasst von":"Erika Axelsson","Gesch\u00e4tzte Lesezeit":"5\u00a0Minuten"},"schema":{"@context":"https:\/\/schema.org","@graph":[{"@type":"Article","@id":"https:\/\/stiftungsmarktplatz.eu\/blog\/im-stiftungsvermoegen-klingelt-ausschuettungsseitig-die-kasse\/#article","isPartOf":{"@id":"https:\/\/stiftungsmarktplatz.eu\/blog\/im-stiftungsvermoegen-klingelt-ausschuettungsseitig-die-kasse\/"},"author":{"name":"Erika Axelsson","@id":"https:\/\/stiftungsmarktplatz.eu\/blog\/#\/schema\/person\/e119e01b9dc882b25aa45aa1ea4419d5"},"headline":"Im Stiftungsverm\u00f6gen klingelt aussch\u00fcttungsseitig die Kasse","datePublished":"2023-10-09T09:35:20+00:00","dateModified":"2023-10-17T09:36:28+00:00","mainEntityOfPage":{"@id":"https:\/\/stiftungsmarktplatz.eu\/blog\/im-stiftungsvermoegen-klingelt-ausschuettungsseitig-die-kasse\/"},"wordCount":965,"publisher":{"@id":"https:\/\/stiftungsmarktplatz.eu\/blog\/#organization"},"image":{"@id":"https:\/\/stiftungsmarktplatz.eu\/blog\/im-stiftungsvermoegen-klingelt-ausschuettungsseitig-die-kasse\/#primaryimage"},"thumbnailUrl":"https:\/\/stiftungsmarktplatz.eu\/blog\/wp-content\/uploads\/2023\/10\/Ausschuettungen-HJ23.jpg","keywords":["Stiftungsfonds","Fondsanlage","stiftungsgeeignete Fonds","FondsFibel","Stiftungsverm\u00f6gen","Aussch\u00fcttung"],"articleSection":["Stiftungsverm\u00f6gen &amp; Stiftungsfonds"],"inLanguage":"de"},{"@type":"WebPage","@id":"https:\/\/stiftungsmarktplatz.eu\/blog\/im-stiftungsvermoegen-klingelt-ausschuettungsseitig-die-kasse\/","url":"https:\/\/stiftungsmarktplatz.eu\/blog\/im-stiftungsvermoegen-klingelt-ausschuettungsseitig-die-kasse\/","name":"Im Stiftungsverm\u00f6gen klingelt aussch\u00fcttungsseitig die Kasse - Der Stiftungsblog f\u00fcr die Stiftungspraxis","isPartOf":{"@id":"https:\/\/stiftungsmarktplatz.eu\/blog\/#website"},"primaryImageOfPage":{"@id":"https:\/\/stiftungsmarktplatz.eu\/blog\/im-stiftungsvermoegen-klingelt-ausschuettungsseitig-die-kasse\/#primaryimage"},"image":{"@id":"https:\/\/stiftungsmarktplatz.eu\/blog\/im-stiftungsvermoegen-klingelt-ausschuettungsseitig-die-kasse\/#primaryimage"},"thumbnailUrl":"https:\/\/stiftungsmarktplatz.eu\/blog\/wp-content\/uploads\/2023\/10\/Ausschuettungen-HJ23.jpg","datePublished":"2023-10-09T09:35:20+00:00","dateModified":"2023-10-17T09:36:28+00:00","description":"Nach mageren Jahren sieht es so aus, als w\u00fcrden aussch\u00fcttungsseitig gute Jahre f\u00fcr das Stiftungsverm\u00f6gen vor der T\u00fcr stehen. Die Kasse klingelt nach Jahren der D\u00fcrre doch wieder ganz erklecklich.","breadcrumb":{"@id":"https:\/\/stiftungsmarktplatz.eu\/blog\/im-stiftungsvermoegen-klingelt-ausschuettungsseitig-die-kasse\/#breadcrumb"},"inLanguage":"de","potentialAction":[{"@type":"ReadAction","target":["https:\/\/stiftungsmarktplatz.eu\/blog\/im-stiftungsvermoegen-klingelt-ausschuettungsseitig-die-kasse\/"]}]},{"@type":"ImageObject","inLanguage":"de","@id":"https:\/\/stiftungsmarktplatz.eu\/blog\/im-stiftungsvermoegen-klingelt-ausschuettungsseitig-die-kasse\/#primaryimage","url":"https:\/\/stiftungsmarktplatz.eu\/blog\/wp-content\/uploads\/2023\/10\/Ausschuettungen-HJ23.jpg","contentUrl":"https:\/\/stiftungsmarktplatz.eu\/blog\/wp-content\/uploads\/2023\/10\/Ausschuettungen-HJ23.jpg","width":1200,"height":675,"caption":"Aussch\u00fcttungen HJ23"},{"@type":"BreadcrumbList","@id":"https:\/\/stiftungsmarktplatz.eu\/blog\/im-stiftungsvermoegen-klingelt-ausschuettungsseitig-die-kasse\/#breadcrumb","itemListElement":[{"@type":"ListItem","position":1,"name":"Startseite","item":"https:\/\/stiftungsmarktplatz.eu\/blog\/"},{"@type":"ListItem","position":2,"name":"Im Stiftungsverm\u00f6gen klingelt aussch\u00fcttungsseitig die Kasse"}]},{"@type":"WebSite","@id":"https:\/\/stiftungsmarktplatz.eu\/blog\/#website","url":"https:\/\/stiftungsmarktplatz.eu\/blog\/","name":"Der Stiftungsblog f\u00fcr die Stiftungspraxis","description":"#stiftungenst\u00e4rken - NPO-Expertise von NPO-Experten","publisher":{"@id":"https:\/\/stiftungsmarktplatz.eu\/blog\/#organization"},"potentialAction":[{"@type":"SearchAction","target":{"@type":"EntryPoint","urlTemplate":"https:\/\/stiftungsmarktplatz.eu\/blog\/?s={search_term_string}"},"query-input":{"@type":"PropertyValueSpecification","valueRequired":true,"valueName":"search_term_string"}}],"inLanguage":"de"},{"@type":"Organization","@id":"https:\/\/stiftungsmarktplatz.eu\/blog\/#organization","name":"stiftungsmarktplatz.eu GbR","url":"https:\/\/stiftungsmarktplatz.eu\/blog\/","logo":{"@type":"ImageObject","inLanguage":"de","@id":"https:\/\/stiftungsmarktplatz.eu\/blog\/#\/schema\/logo\/image\/","url":"https:\/\/stiftungsmarktplatz.eu\/blog\/wp-content\/uploads\/2020\/03\/Logo-blog-retina.png","contentUrl":"https:\/\/stiftungsmarktplatz.eu\/blog\/wp-content\/uploads\/2020\/03\/Logo-blog-retina.png","width":140,"height":130,"caption":"stiftungsmarktplatz.eu GbR"},"image":{"@id":"https:\/\/stiftungsmarktplatz.eu\/blog\/#\/schema\/logo\/image\/"},"sameAs":["https:\/\/www.linkedin.com\/company\/18563519\/","https:\/\/www.youtube.com\/channel\/UCQrF6RQRFGxTokVV4nbx25Q"]},{"@type":"Person","@id":"https:\/\/stiftungsmarktplatz.eu\/blog\/#\/schema\/person\/e119e01b9dc882b25aa45aa1ea4419d5","name":"Erika Axelsson","image":{"@type":"ImageObject","inLanguage":"de","@id":"https:\/\/stiftungsmarktplatz.eu\/blog\/wp-content\/uploads\/2022\/10\/Erika-Axelsson-150x150.png","url":"https:\/\/stiftungsmarktplatz.eu\/blog\/wp-content\/uploads\/2022\/10\/Erika-Axelsson-150x150.png","contentUrl":"https:\/\/stiftungsmarktplatz.eu\/blog\/wp-content\/uploads\/2022\/10\/Erika-Axelsson-150x150.png","caption":"Erika Axelsson"},"description":"Erika Axelsson ist Diplom\u00f6konom und arbeitete lange Jahre als Filialleiterin des Fonds Laden in Regensburg. Sie wurde 2015 \u2013 zusammen mit ihrem damaligen Gesch\u00e4ftsf\u00fchrer Peter Brandstaeter \u2013 als \u201eVerm\u00f6gensverwalter des Jahres 2015\u201c des Finanzen Verlags ausgezeichnet. Bis heute betreut sie Kunden in der Auswahl passender Fonds. Ihre Expertise in der Analyse und Allokation von Fonds brachte sie unter anderem in die #fondsfibel-Aussch\u00fcttungsdatenbank mit ein, die sie mit aufbaute und bis heute kontinuierlich betreut. Ebenso konzipierte sie die #fondsfibel-Musterdepots. F\u00fcr Fragen erreichen Sie Erika Axelsson unter e.axelsson@stiftungsmarktplatz.eu.","url":"https:\/\/stiftungsmarktplatz.eu\/blog\/author\/erika-axelsson\/"}]}},"post_mailing_queue_ids":[],"_links":{"self":[{"href":"https:\/\/stiftungsmarktplatz.eu\/blog\/wp-json\/wp\/v2\/posts\/6574","targetHints":{"allow":["GET"]}}],"collection":[{"href":"https:\/\/stiftungsmarktplatz.eu\/blog\/wp-json\/wp\/v2\/posts"}],"about":[{"href":"https:\/\/stiftungsmarktplatz.eu\/blog\/wp-json\/wp\/v2\/types\/post"}],"author":[{"embeddable":true,"href":"https:\/\/stiftungsmarktplatz.eu\/blog\/wp-json\/wp\/v2\/users\/31"}],"replies":[{"embeddable":true,"href":"https:\/\/stiftungsmarktplatz.eu\/blog\/wp-json\/wp\/v2\/comments?post=6574"}],"version-history":[{"count":7,"href":"https:\/\/stiftungsmarktplatz.eu\/blog\/wp-json\/wp\/v2\/posts\/6574\/revisions"}],"predecessor-version":[{"id":6584,"href":"https:\/\/stiftungsmarktplatz.eu\/blog\/wp-json\/wp\/v2\/posts\/6574\/revisions\/6584"}],"wp:featuredmedia":[{"embeddable":true,"href":"https:\/\/stiftungsmarktplatz.eu\/blog\/wp-json\/wp\/v2\/media\/6583"}],"wp:attachment":[{"href":"https:\/\/stiftungsmarktplatz.eu\/blog\/wp-json\/wp\/v2\/media?parent=6574"}],"wp:term":[{"taxonomy":"category","embeddable":true,"href":"https:\/\/stiftungsmarktplatz.eu\/blog\/wp-json\/wp\/v2\/categories?post=6574"},{"taxonomy":"post_tag","embeddable":true,"href":"https:\/\/stiftungsmarktplatz.eu\/blog\/wp-json\/wp\/v2\/tags?post=6574"}],"curies":[{"name":"wp","href":"https:\/\/api.w.org\/{rel}","templated":true}]}}