{"id":6396,"date":"2023-09-05T10:59:08","date_gmt":"2023-09-05T08:59:08","guid":{"rendered":"https:\/\/stiftungsmarktplatz.eu\/blog\/?p=6396"},"modified":"2023-09-05T11:50:09","modified_gmt":"2023-09-05T09:50:09","slug":"stiftungen-und-der-dreiklang-zur-veraenderung","status":"publish","type":"post","link":"https:\/\/stiftungsmarktplatz.eu\/blog\/stiftungen-und-der-dreiklang-zur-veraenderung\/","title":{"rendered":"Stiftungen und der Dreiklang zur Ver\u00e4nderung"},"content":{"rendered":"<span class=\"span-reading-time rt-reading-time\" style=\"display: block;\"><span class=\"rt-label rt-prefix\">Lesezeit: <\/span> <span class=\"rt-time\"> 6<\/span> <span class=\"rt-label rt-postfix\">Minuten<\/span><\/span>\n<p><em>Stiftungen und der Dreiklang zur Ver\u00e4nderung, m\u00fcssten wir im Nachhinein ein Motto f\u00fcr die <a href=\"https:\/\/stiftungsapero.de\/\" target=\"_blank\" rel=\"noreferrer noopener\">StiftungsAp\u00e9ro SommerTour<\/a> benennen, es w\u00e4re genau jenes, mit jeweils einem Akzent. In Dresden ging es eher um die Freude an Ver\u00e4nderung, den Stiftungen aufbringen k\u00f6nnen. In Berlin drehten sich die Impulse eher um den Willen zur Ver\u00e4nderung, w\u00e4hrend in Kiel der Mut zur Ver\u00e4nderung die Klammer war. Unsere Nachlese zu den drei StiftungsAp\u00e9ros.<\/em><\/p>\n\n\n\n<p>Start f\u00fcr die StiftungsAp\u00e9ro SommerTour war Dresden, von Frankfurt am Main aus machten wir uns auf den Weg. Im Gep\u00e4ck dabei hatten wir neben einem Rollup und den goodie bags auch 70 Exemplare des <a href=\"https:\/\/vtfds.de\/\" target=\"_blank\" rel=\"noreferrer noopener\">FondsFibel #vtfds Spezial, der Begleitpublikation zum 4. Virtuellen Tag f\u00fcr das Stiftungsverm\u00f6gen<\/a>. Rund 50 Kilogramm also, die man schon mal merkt beim Einsteigen in den und beim Aussteigen aus dem Zug. In Dresden f\u00fchrte uns der Weg direkt zu Eingang F der Frauenkirche, wir waren mit dem StiftungsAp\u00e9ro zu Gast in der <a href=\"https:\/\/www.frauenkirche-dresden.de\/stiftung\" target=\"_blank\" rel=\"noreferrer noopener\">Unterkirche der Frauenkirche<\/a>. Sogleich empfings uns deren Chefin Maria Noth, und wir waren eigentlich direkt \u201edrin im Thema\u201c. Denn die Stiftung Frauenkirche sei so etwas wie angekommen in der Realit\u00e4t, in der sie eben nicht mehr 2 Millionen Besucher pro Jahr, sondern nur mehr rund 800.000, und in der es einen Wettbewerb kultureller Angebote in der Stadt Dresden gebe, der seines Gleichen sucht.<\/p>\n\n\n\n<blockquote class=\"wp-block-quote td_quote_box td_box_center is-layout-flow wp-block-quote-is-layout-flow\">\n<p><br><strong><em><u>Website-Tipp:<\/u><\/em><\/strong><em> <\/em><br><em>Die Impressionen der einzelnen Stationen (Dresden, Berlin &amp; Kiel) der 2023er StiftungsAp\u00e9ro SommerTour finden Sie in kommentierten Bilderstrecken<\/em> <em>auf <\/em><a href=\"https:\/\/stiftungsapero.de\/\" target=\"_blank\" rel=\"noreferrer noopener\"><em>www.stiftungsapero.de<\/em><\/a><em>.<\/em><\/p>\n<\/blockquote>\n\n\n\n<h2 class=\"wp-block-heading\">Fundraising im Digitalen? Ein No-Brainer!<\/h2>\n\n\n\n<p>F\u00fcr Maria Noth ist derlei aber eher Ansporn, mit der Stiftung Frauenkirche immer wieder neue Ideen zu kreieren, um auf diese neue Realit\u00e4t zu reagieren. Neu an dieser Realit\u00e4t ist auch, dass das Thema Fundraising eines ist, dass eine Stiftung \u201ek\u00f6nnen\u201c muss, und hierzu <a href=\"https:\/\/web.fundraiser-magazin.de\/das-fundraising-magazin-team\" target=\"_blank\" rel=\"noreferrer noopener\">teilte Matthias Daberstiel vom Fundraising Magazin beim StiftungsAp\u00e9ro einige spannende Anregungen<\/a>. So sei es heute nicht mehr die Frage, ob ich als Stiftung Fundraising \u201eauch digital mache\u201c, ohne das Digitale wird Fundraising k\u00fcnftig \u00fcberhaupt nicht mehr funktionieren. Auch war sich Matthias Daberstiel sicher, <a href=\"https:\/\/stiftungsmarktplatz.eu\/blog\/wenn-stiftungen-fesseln\/\" target=\"_blank\" rel=\"noreferrer noopener\">dass Fundraising ohne gutes Story Telling nicht mehr auskomme<\/a>, und hierzu geh\u00f6re Transparenz und die Antwort auf die Frage, wof\u00fcr eigentlich Geld gesammelt wird. Spenderinnen und Spender, gerade die J\u00fcngeren, wollen relativ genau wissen, wohin sie ihr Geld geben, da haben sie ihren \u00e4lteren Pendants etwas voraus, die eher aus alter Gewohnheit spendeten.<\/p>\n\n\n\n<h2 class=\"wp-block-heading\">Der StiftungsAp\u00e9ro in der Unterkirche der Frauenkirche<\/h2>\n\n\n\n<p>In Dresden durften wir mit dem StiftungsAp\u00e9ro zu Gast sein in der Stiftung Frauenkirche Dresden, die R\u00e4umlichkeiten dort lie\u00dfen ausreichend Raum f\u00fcr den offenen Austausch. (Foto: Archiv stiftungsmarktplatz.eu)<\/p>\n\n\n\n<figure class=\"wp-block-image size-full\"><img loading=\"lazy\" decoding=\"async\" width=\"1000\" height=\"667\" src=\"https:\/\/stiftungsmarktplatz.eu\/blog\/wp-content\/uploads\/2023\/09\/StiftungsApero-Dresden-Tobias-Karow-begruesst.jpg\" alt=\"StiftungsApero Dresden Tobias Karow begr\u00fc\u00dft\" class=\"wp-image-6397\" srcset=\"https:\/\/stiftungsmarktplatz.eu\/blog\/wp-content\/uploads\/2023\/09\/StiftungsApero-Dresden-Tobias-Karow-begruesst.jpg 1000w, https:\/\/stiftungsmarktplatz.eu\/blog\/wp-content\/uploads\/2023\/09\/StiftungsApero-Dresden-Tobias-Karow-begruesst-300x200.jpg 300w, https:\/\/stiftungsmarktplatz.eu\/blog\/wp-content\/uploads\/2023\/09\/StiftungsApero-Dresden-Tobias-Karow-begruesst-768x512.jpg 768w, https:\/\/stiftungsmarktplatz.eu\/blog\/wp-content\/uploads\/2023\/09\/StiftungsApero-Dresden-Tobias-Karow-begruesst-696x464.jpg 696w\" sizes=\"auto, (max-width: 1000px) 100vw, 1000px\" \/><\/figure>\n\n\n\n<h2 class=\"wp-block-heading\">Entwicklungszusammenarbeit ist ein Erfolgsmodell \u2013 und ein Modell f\u00fcr Stiftungen und Philanthropen<\/h2>\n\n\n\n<p>Matthias Daberstiel machte gleichzeitig aber eine gro\u00dfe Freude bei fundraisenden Organisationen aus, sofern sie sich einmal f\u00fcr ihren eigenen Weg entschieden haben \u2013 und ggf. daf\u00fcr auch mal ausgetretene Pfade verlassen. Mal locker machen, mal neue denken, dann macht Fundraising Freude, und das wiederum ver\u00e4ndert eine Organisation, einfach weil sie ggf. richtig loslegen kann. F\u00fcr Stiftungen wird beispielsweise das Thema Gaming k\u00fcnftig eines werden. Von Freude berichtete auch <a href=\"https:\/\/stiftungsmarktplatz.eu\/dienstleister\/engagement-global-ggmbh\/\" target=\"_blank\" rel=\"noreferrer noopener\">Martin Block von Engagement Global<\/a>, n\u00e4mlich von der Freude, dass Entwicklungszusammenarbeit wirkt. In Dresden, Berlin und Kiel sprach der Chef der Servicestelle f\u00fcr Stiftungen und Philanthropie brachte einige Fakten mit, die den Erfolg entwicklungspolitischer Programme belegen. So stieg die Lebenserwartung in den \u00e4rmsten L\u00e4ndern seit 1990 um mehr als 10 Jahre, und sank im gleichen Zeitraum der Anteil der Menschen, die von gut 2 US-Dollar am Tag leben m\u00fcssen, von 38% auf knapp 10%.<\/p>\n\n\n\n<blockquote class=\"wp-block-quote td_quote_box td_box_center is-layout-flow wp-block-quote-is-layout-flow\">\n<p><br><strong><em><u>FreitagsPodcast-Tipp<\/u><\/em><\/strong><em>: <\/em><br><em>Mit Dr. Christiane Stahl, der Leiterin der Alfred Ehrhardt Stiftung, bei der wir im Rahmen der StiftungsAp\u00e9ro SommerTour in Berlin zu Gast waren, <a href=\"https:\/\/stiftungsmarktplatz.eu\/blog\/alfred-ehrhardts-werk-lebendig-halten\/\" target=\"_blank\" rel=\"noreferrer noopener\">sprachen wir im FreitagsPodcast \u00fcber den Maler, Filmer und Fotografen Alfred Ehrhardt<\/a> \u2013 ein Blick auf eine beeindruckende wie herausragende deutsche K\u00fcnstlerkarriere.<\/em><\/p>\n\n\n\n<p><\/p>\n<\/blockquote>\n\n\n\n<h2 class=\"wp-block-heading\">Die Welt heute ist eine ver\u00e4nderte, aber auch eine mit Chancen<\/h2>\n\n\n\n<p>F\u00fcr Martin Block sind dies Belege, dass das Themenfeld Entwicklungszusammenarbeit auch ein sehr stimmiges Bet\u00e4tigungsfeld f\u00fcr Stiftungen, Engagement-interessierte Menschen und Philanthropen ist. Vor allem aber ist es eines, dass auch der Verantwortung Deutschlands in der Welt gerecht wird \u2013 eine Welt, die sich gerade in Rekordtempo ver\u00e4ndert. Dem m\u00fcssten Stiftungen auch in der Kapitalanlage Rechnung tragen, f\u00fchrte <a href=\"https:\/\/fondsfibel.de\/fu-fonds-bonds-monthly-income\/\" target=\"_blank\" rel=\"noreferrer noopener\">Norbert Schmidt von der Heemann Verm\u00f6gensverwaltung in Dresden aus. Die Welt heute ist eine mit Zins<\/a>, die Opportunit\u00e4ten bietet wie lange nicht mehr. Daniel Heinrich wiederum, Chef der Web-Agentur netfish design in Berlin, f\u00fchrte aus, dass die Welt der Stiftungswebsite keine mehr sei wie in den 90ern. Dort wo eine Stiftungswebsite fr\u00fcher ein erweitertes Impressum sein konnte, muss sie heute die wof\u00fcr-Frage beantworten.<a href=\"https:\/\/stiftungsmarktplatz.eu\/dienstleister\/netfish-design\/\" target=\"_blank\" rel=\"noreferrer noopener\"> In den Augen von Daniel Heinrich tun Stiftungen gut daran, sich dem ver\u00e4nderten Kommunikationsverhalten speziell der jungen Menschen anzupassen<\/a>.<\/p>\n\n\n\n<h2 class=\"wp-block-heading\">Beim 2023er Ap\u00e9ro geht\u2019s um Ver\u00e4nderung<\/h2>\n\n\n\n<p>Der StiftungsAp\u00e9ro in Berlin stand im Zeichen vom Willen zur Ver\u00e4nderung, das war auch in den Gespr\u00e4chen nach den Impulsen zu merken. Wir nehmen mit: Aus Change wird Chance.<br>(Foto: Jens Liebchen Photography)<\/p>\n\n\n\n<figure class=\"wp-block-image size-full\"><img loading=\"lazy\" decoding=\"async\" width=\"1000\" height=\"667\" src=\"https:\/\/stiftungsmarktplatz.eu\/blog\/wp-content\/uploads\/2023\/09\/StiftungsApero-Berlin-2023-beim-Apero.jpg\" alt=\"StiftungsApero Berlin 2023 beim Apero\" class=\"wp-image-6401\" srcset=\"https:\/\/stiftungsmarktplatz.eu\/blog\/wp-content\/uploads\/2023\/09\/StiftungsApero-Berlin-2023-beim-Apero.jpg 1000w, https:\/\/stiftungsmarktplatz.eu\/blog\/wp-content\/uploads\/2023\/09\/StiftungsApero-Berlin-2023-beim-Apero-300x200.jpg 300w, https:\/\/stiftungsmarktplatz.eu\/blog\/wp-content\/uploads\/2023\/09\/StiftungsApero-Berlin-2023-beim-Apero-768x512.jpg 768w, https:\/\/stiftungsmarktplatz.eu\/blog\/wp-content\/uploads\/2023\/09\/StiftungsApero-Berlin-2023-beim-Apero-696x464.jpg 696w\" sizes=\"auto, (max-width: 1000px) 100vw, 1000px\" \/><\/figure>\n\n\n\n<h2 class=\"wp-block-heading\">Die Stiftungswebsite sollte informieren, aber sie muss begeistern<\/h2>\n\n\n\n<p>Diese m\u00f6chten auf der Stiftungswebsite nicht informiert oder bekehrt werden, nein, sie m\u00f6chten begeistert werden \u2013 und das immer wieder aufs Neue. Stiftungen d\u00fcrfen daher auch gerne Dinge ausprobieren, etwa im Bereich Bewegtbild, im Bereich Newsletter, oder im Segment der aktuellen Berichterstattung aus der Stiftung heraus. Hier spannte Stiftungsberaterin Barbara Ditze, ebenfalls beim StiftungsAp\u00e9ro in Berlin, den Bogen noch etwas weiter und warf die Frage auf, aus welchem Antrieb heraus sich Stiftungen ver\u00e4ndern. Und die Antwort \u00fcberraschte und \u00fcberzeugte gleicherma\u00dfen: Stiftungen ver\u00e4ndern sich nur aus ihrem Inneren heraus, wenn die Menschen in den Gremien das wollen, dann kommt eine Stiftung mit einem Ver\u00e4nderungsprozess voran. Barbara Ditze wollte vom Ver\u00e4nderungsdruck, der von au\u00dfen auf Stiftungen einwirke, nichts wissen: \u201eDieser Druck war immer schon da, und bewirkt hat er nichts bis gar nichts.\u201c F\u00fcr Barbara Ditze ist es also der Wille zur Ver\u00e4nderung, den Stiftungen haben m\u00fcssen, aber sie sieht diesen auch \u2013 so unsere Lesart ihres Impulses \u2013 in immer mehr Stiftungen emporkriechen.<\/p>\n\n\n\n<blockquote class=\"wp-block-quote td_quote_box td_box_center is-layout-flow wp-block-quote-is-layout-flow\">\n<p><br><strong><em><u>Event-Tipp f\u00fcr die Zivilgesellschaft in und um Kiel:<\/u><\/em><\/strong><em> <\/em><br><em>Das Social Barcamp findet in diesem Jahr wieder in Pr\u00e4senz statt. <a href=\"https:\/\/socialbarcamp.de\/so-funktionierts\/\" target=\"_blank\" rel=\"noreferrer noopener\">S\u00e4mtliche Details finden Sie hier<\/a><\/em>.<\/p>\n<\/blockquote>\n\n\n\n<h2 class=\"wp-block-heading\">Das Social Barcamp \u201ewent digital\u201c<\/h2>\n\n\n\n<p>\u00dcber den Mut zur Ver\u00e4nderung diskutierten wir in Kiel in zwar kleiner daf\u00fcr aber offener Runde sehr angeregt. Boy B\u00fcttner vom Parit\u00e4tischen Wohlfahrtsverband Schleswig-Holstein erz\u00e4hlte die Geschichte des Social Barcamp, die durch die Corona-Pandemie um ein weichenstellendes Kapitel reicher geworden ist. Anfangs als Pr\u00e4senz-Netzwerkevent der anderen Art in Kiel gestartet, musste das Barcamp ein digitales Profil ausbilden \u2013 und wird das Social Barcamp damit k\u00fcnftig wom\u00f6glich als Ganzes ver\u00e4ndern. Denn mit den digitalen Spielfl\u00e4chen w\u00fcrde die Vernetzung sogar noch gewinnen. Die Macher des Social Barcamp waren also mutig, das Format digital neu zu erfinden, und fanden ganz neue Wege, neue Zielgruppen zu erreichen und das Format auch im digitalen Raum zu etablieren. Neue Wege er\u00f6ffnet auch die Stiftungsrechtsreform, oder zumindest bereitet sie dem Mut den Weg. <a href=\"https:\/\/stiftungsmarktplatz.eu\/dienstleister\/siewert-schoenenberg-wessel-und-partner-rechtsanwaelte\/\" target=\"_blank\" rel=\"noreferrer noopener\">Dazu f\u00fchrte Stiftungsexperte Jan-Rasmus Schultz von der Kanzlei Siewert, Sch\u00f6nenberg-Wessel &amp; Partner aus<\/a>, dass Stiftungsverantwortliche heute die Business Judgement Rule kennen m\u00fcssen, um morgen haftungssichere Entscheidungen zu treffen.<\/p>\n\n\n\n<h2 class=\"wp-block-heading\">Stiftungsrechtsreform macht es m\u00f6glich, auf Ver\u00e4nderungen mit Ver\u00e4nderungen zu reagieren<\/h2>\n\n\n\n<p>Stiftungsexperte Jan-Rasmus Schultz fand beim StiftungsAp\u00e9ro in Kiel konstruktive Worte, um die Stiftungsrechtsreform einzuordnen. (Foto: Fabian Lippke)<\/p>\n\n\n\n<figure class=\"wp-block-image size-full\"><img loading=\"lazy\" decoding=\"async\" width=\"1000\" height=\"667\" src=\"https:\/\/stiftungsmarktplatz.eu\/blog\/wp-content\/uploads\/2023\/09\/StiftungsApero-KieL-BiLd-7.jpg\" alt=\"Stiftungsexperte Jan-Rasmus Schultz fand beim StiftungsAp\u00e9ro in Kiel konstruktive Worte, um die Stiftungsrechtsreform einzuordnen.\" class=\"wp-image-6404\" srcset=\"https:\/\/stiftungsmarktplatz.eu\/blog\/wp-content\/uploads\/2023\/09\/StiftungsApero-KieL-BiLd-7.jpg 1000w, https:\/\/stiftungsmarktplatz.eu\/blog\/wp-content\/uploads\/2023\/09\/StiftungsApero-KieL-BiLd-7-300x200.jpg 300w, https:\/\/stiftungsmarktplatz.eu\/blog\/wp-content\/uploads\/2023\/09\/StiftungsApero-KieL-BiLd-7-768x512.jpg 768w, https:\/\/stiftungsmarktplatz.eu\/blog\/wp-content\/uploads\/2023\/09\/StiftungsApero-KieL-BiLd-7-696x464.jpg 696w\" sizes=\"auto, (max-width: 1000px) 100vw, 1000px\" \/><\/figure>\n\n\n\n<h2 class=\"wp-block-heading\">Stiftungen und die Business Judgement Rule<\/h2>\n\n\n\n<p>F\u00fcr Jan-Rasmus Schultz, mit dem wir im Nachgang noch einmal detailliert im FreitagsPodcast zur Stiftungsrechtsreform sprachen, ist die Stiftungsrechtsreform aus Stiftungssicht eine Chance, speziell der Themenkreis Zulegung und Zusammenlegung treibt ihn an und um. Nicht jede Stiftung, und damit nahm er Bezug auf eine bereits greifbare Ver\u00e4nderung der Personalparameter, wird Gremien nachbesetzen k\u00f6nnen, hier ver\u00e4ndert die Demografie in Deutschland etwas ganz Grunds\u00e4tzliches, auf das Stiftungen aber eben auch reagieren m\u00fcssen. Mit anderen Stiftungen \u201egemeinsame Sache zu machen\u201c, kann ein Weg sein, der zudem gr\u00f6\u00dfere Stiftungseinheiten schaffen und damit den Stiftungsstandort Deutschland schlagkr\u00e4ftiger machen k\u00f6nnte. Das Personalthema wird Stiftungen erfassen, das ist gewiss, soviel lernen wir aus den Ausf\u00fchrungen von Jan-Rasmus Schultz und auch den \u00c4u\u00dferungen der anwesenden Stiftungsvertreter, an dieser Stelle kann die Stiftungsrechtsreform tats\u00e4chlich ein Gamechanger f\u00fcr Stiftungen sein, so interpretieren wir das Geh\u00f6rte.<\/p>\n\n\n\n<figure class=\"wp-block-image size-full\"><a href=\"https:\/\/stiftungsmarktplatz.eu\/newsletter-anmeldung-2\/\" target=\"_blank\" rel=\"noreferrer noopener\"><img loading=\"lazy\" decoding=\"async\" width=\"800\" height=\"150\" src=\"https:\/\/stiftungsmarktplatz.eu\/blog\/wp-content\/uploads\/2022\/03\/banner-newsletter.gif\" alt=\"Newsletter-Anmeldung\" class=\"wp-image-3553\"\/><\/a><\/figure>\n\n\n\n<h2 class=\"wp-block-heading\">Zusammengefasst<\/h2>\n\n\n\n<p>Wir lernen dreierlei aus der StiftungsAp\u00e9ro SommerTour 2023. Erstens brauchen Stiftungen den Mut zur Ver\u00e4nderung, denn dann kommen die Dinge in Stiftungen und um sie herum in Gang. Zweitens brauchen Stiftungen den Willen zu Ver\u00e4nderung, ist dieser Antrieb von innen nicht vorhanden, wird sich kein Ver\u00e4nderungsmomentum aufbauen. Drittens brauchen Stiftungen aber auch die Freude an der Ver\u00e4nderung, denn Ver\u00e4nderung ist nichts Schlechte, im Gegenteil. Wir sprechen immer \u00fcber Resilienz, die Stiftungen auspr\u00e4gen m\u00fcssen und die die ganz alten Stiftungen h\u00e4tten, dazu braucht es eben jene Freude, jenen Mut und jenen Willen an Ver\u00e4nderung, der bei der StiftungsAp\u00e9ro SommerTour 2023 thematisiert wurde. Wir freuen uns auf mehr, auf die StiftungsAp\u00e9ro HerbstTour, mit der wir in der Mitte Deutschlands (geografisch) Station machen werden, ab dem 16.10. geht es los.<br><br>P.S.: Wir m\u00f6chten uns in aller Form f\u00fcr den tollen, weitreichenden und lebendigen Support unserer StiftungsAp\u00e9ro SommerTour-Begleiter und -Partner bedanken, es war uns eine gro\u00dfe Freude, die drei Termine mit Ihnen gestaltet haben. Unser Dank geht an: Engagement Global, die Stiftung Frauenkirche Dresden, das Fundraising Magazin, die DJE Kapital AG, die Heemann Verm\u00f6gensverwaltung, die Kanzlei Siewert, Sch\u00f6nenberg-Wessel &amp; Partner sowie die Ditze Stiftungsberatung und netfish design, beide aus Berlin. Und schlie\u00dflich danken wir allen G\u00e4sten, die sich f\u00fcr den jeweiligen Termin Zeit genommen haben, toll und sch\u00f6n dass Sie vor Ort waren \u2013 wir freuen uns heute bereits auf ein Wiedersehen, bei einer unserer StiftungsAp\u00e9ro-Touren.<\/p>\n","protected":false},"excerpt":{"rendered":"<p><span class=\"span-reading-time rt-reading-time\" style=\"display: block;\"><span class=\"rt-label rt-prefix\">Lesezeit: <\/span> <span class=\"rt-time\"> 6<\/span> <span class=\"rt-label rt-postfix\">Minuten<\/span><\/span>Stiftungen und der Dreiklang zur Ver\u00e4nderung, m\u00fcssten wir im Nachhinein ein Motto f\u00fcr die StiftungsAp\u00e9ro SommerTour benennen, es w\u00e4re genau jenes, mit jeweils einem Akzent. In Dresden ging es eher um die Freude an Ver\u00e4nderung, den Stiftungen aufbringen k\u00f6nnen. In Berlin drehten sich die Impulse eher um den Willen zur Ver\u00e4nderung, w\u00e4hrend in Kiel der Mut zur Ver\u00e4nderung die Klammer war. Unsere Nachlese zu den drei StiftungsAp\u00e9ros.<\/p>\n","protected":false},"author":8,"featured_media":6406,"comment_status":"closed","ping_status":"open","sticky":false,"template":"","format":"standard","meta":{"ngg_post_thumbnail":0,"footnotes":""},"categories":[12],"tags":[35,46,145,251,284,419],"class_list":{"0":"post-6396","1":"post","2":"type-post","3":"status-publish","4":"format-standard","5":"has-post-thumbnail","7":"category-tipps-fuer-die-stiftungspraxis","8":"tag-stiftungswebsite","9":"tag-stiftungsnetzwerk","10":"tag-stiftungskommunikation","11":"tag-stiftungsrechtsreform","12":"tag-stiftungsevent","13":"tag-stiftungsapero"},"yoast_head":"<!-- This site is optimized with the Yoast SEO plugin v27.4 - https:\/\/yoast.com\/product\/yoast-seo-wordpress\/ -->\n<title>Stiftungen und der Dreiklang zur Ver\u00e4nderung - Der Stiftungsblog f\u00fcr die Stiftungspraxis<\/title>\n<meta name=\"description\" content=\"Stiftungen und der Dreiklang zur Ver\u00e4nderung, m\u00fcssten wir im Nachhinein ein Motto f\u00fcr die StiftungsAp\u00e9ro SommerTour benennen, es w\u00e4re genau jenes, mit jeweils einem Akzent. In Dresden ging es eher um die Freude an Ver\u00e4nderung, den Stiftungen aufbringen k\u00f6nnen. In Berlin drehten sich die Impulse eher um den Willen zur Ver\u00e4nderung, w\u00e4hrend in Kiel der Mut zur Ver\u00e4nderung die Klammer war. Unsere Nachlese zu den drei StiftungsAp\u00e9ros.\" \/>\n<meta name=\"robots\" content=\"index, follow, max-snippet:-1, max-image-preview:large, max-video-preview:-1\" \/>\n<link rel=\"canonical\" href=\"https:\/\/stiftungsmarktplatz.eu\/blog\/stiftungen-und-der-dreiklang-zur-veraenderung\/\" \/>\n<meta property=\"og:locale\" content=\"de_DE\" \/>\n<meta property=\"og:type\" content=\"article\" \/>\n<meta property=\"og:title\" content=\"Stiftungen und der Dreiklang zur Ver\u00e4nderung - Der Stiftungsblog f\u00fcr die Stiftungspraxis\" \/>\n<meta property=\"og:description\" content=\"Stiftungen und der Dreiklang zur Ver\u00e4nderung, m\u00fcssten wir im Nachhinein ein Motto f\u00fcr die StiftungsAp\u00e9ro SommerTour benennen, es w\u00e4re genau jenes, mit jeweils einem Akzent. In Dresden ging es eher um die Freude an Ver\u00e4nderung, den Stiftungen aufbringen k\u00f6nnen. In Berlin drehten sich die Impulse eher um den Willen zur Ver\u00e4nderung, w\u00e4hrend in Kiel der Mut zur Ver\u00e4nderung die Klammer war. Unsere Nachlese zu den drei StiftungsAp\u00e9ros.\" \/>\n<meta property=\"og:url\" content=\"https:\/\/stiftungsmarktplatz.eu\/blog\/stiftungen-und-der-dreiklang-zur-veraenderung\/\" \/>\n<meta property=\"og:site_name\" content=\"Der Stiftungsblog f\u00fcr die Stiftungspraxis\" \/>\n<meta property=\"article:published_time\" content=\"2023-09-05T08:59:08+00:00\" \/>\n<meta property=\"article:modified_time\" content=\"2023-09-05T09:50:09+00:00\" \/>\n<meta property=\"og:image\" content=\"https:\/\/stiftungsmarktplatz.eu\/blog\/wp-content\/uploads\/2023\/09\/Teaser-StiftungsApero-SommerTour.jpg\" \/>\n\t<meta property=\"og:image:width\" content=\"1200\" \/>\n\t<meta property=\"og:image:height\" content=\"675\" \/>\n\t<meta property=\"og:image:type\" content=\"image\/jpeg\" \/>\n<meta name=\"author\" content=\"Tobias Karow\" \/>\n<meta name=\"twitter:card\" content=\"summary_large_image\" \/>\n<meta name=\"twitter:label1\" content=\"Verfasst von\" \/>\n\t<meta name=\"twitter:data1\" content=\"Tobias Karow\" \/>\n\t<meta name=\"twitter:label2\" content=\"Gesch\u00e4tzte Lesezeit\" \/>\n\t<meta name=\"twitter:data2\" content=\"9\u00a0Minuten\" \/>\n<script type=\"application\/ld+json\" class=\"yoast-schema-graph\">{\"@context\":\"https:\\\/\\\/schema.org\",\"@graph\":[{\"@type\":\"Article\",\"@id\":\"https:\\\/\\\/stiftungsmarktplatz.eu\\\/blog\\\/stiftungen-und-der-dreiklang-zur-veraenderung\\\/#article\",\"isPartOf\":{\"@id\":\"https:\\\/\\\/stiftungsmarktplatz.eu\\\/blog\\\/stiftungen-und-der-dreiklang-zur-veraenderung\\\/\"},\"author\":{\"name\":\"Tobias Karow\",\"@id\":\"https:\\\/\\\/stiftungsmarktplatz.eu\\\/blog\\\/#\\\/schema\\\/person\\\/3a42780bf87a2088578f1e8077ccfa44\"},\"headline\":\"Stiftungen und der Dreiklang zur Ver\u00e4nderung\",\"datePublished\":\"2023-09-05T08:59:08+00:00\",\"dateModified\":\"2023-09-05T09:50:09+00:00\",\"mainEntityOfPage\":{\"@id\":\"https:\\\/\\\/stiftungsmarktplatz.eu\\\/blog\\\/stiftungen-und-der-dreiklang-zur-veraenderung\\\/\"},\"wordCount\":1687,\"publisher\":{\"@id\":\"https:\\\/\\\/stiftungsmarktplatz.eu\\\/blog\\\/#organization\"},\"image\":{\"@id\":\"https:\\\/\\\/stiftungsmarktplatz.eu\\\/blog\\\/stiftungen-und-der-dreiklang-zur-veraenderung\\\/#primaryimage\"},\"thumbnailUrl\":\"https:\\\/\\\/stiftungsmarktplatz.eu\\\/blog\\\/wp-content\\\/uploads\\\/2023\\\/09\\\/Teaser-StiftungsApero-SommerTour.jpg\",\"keywords\":[\"Stiftungswebsite\",\"Stiftungsnetzwerk\",\"Stiftungskommunikation\",\"Stiftungsrechtsreform\",\"Stiftungsevent\",\"StiftungsAp\u00e9ro\"],\"articleSection\":[\"Tipps f\u00fcr die Stiftungspraxis\"],\"inLanguage\":\"de\"},{\"@type\":\"WebPage\",\"@id\":\"https:\\\/\\\/stiftungsmarktplatz.eu\\\/blog\\\/stiftungen-und-der-dreiklang-zur-veraenderung\\\/\",\"url\":\"https:\\\/\\\/stiftungsmarktplatz.eu\\\/blog\\\/stiftungen-und-der-dreiklang-zur-veraenderung\\\/\",\"name\":\"Stiftungen und der Dreiklang zur Ver\u00e4nderung - Der Stiftungsblog f\u00fcr die Stiftungspraxis\",\"isPartOf\":{\"@id\":\"https:\\\/\\\/stiftungsmarktplatz.eu\\\/blog\\\/#website\"},\"primaryImageOfPage\":{\"@id\":\"https:\\\/\\\/stiftungsmarktplatz.eu\\\/blog\\\/stiftungen-und-der-dreiklang-zur-veraenderung\\\/#primaryimage\"},\"image\":{\"@id\":\"https:\\\/\\\/stiftungsmarktplatz.eu\\\/blog\\\/stiftungen-und-der-dreiklang-zur-veraenderung\\\/#primaryimage\"},\"thumbnailUrl\":\"https:\\\/\\\/stiftungsmarktplatz.eu\\\/blog\\\/wp-content\\\/uploads\\\/2023\\\/09\\\/Teaser-StiftungsApero-SommerTour.jpg\",\"datePublished\":\"2023-09-05T08:59:08+00:00\",\"dateModified\":\"2023-09-05T09:50:09+00:00\",\"description\":\"Stiftungen und der Dreiklang zur Ver\u00e4nderung, m\u00fcssten wir im Nachhinein ein Motto f\u00fcr die StiftungsAp\u00e9ro SommerTour benennen, es w\u00e4re genau jenes, mit jeweils einem Akzent. In Dresden ging es eher um die Freude an Ver\u00e4nderung, den Stiftungen aufbringen k\u00f6nnen. In Berlin drehten sich die Impulse eher um den Willen zur Ver\u00e4nderung, w\u00e4hrend in Kiel der Mut zur Ver\u00e4nderung die Klammer war. Unsere Nachlese zu den drei StiftungsAp\u00e9ros.\",\"breadcrumb\":{\"@id\":\"https:\\\/\\\/stiftungsmarktplatz.eu\\\/blog\\\/stiftungen-und-der-dreiklang-zur-veraenderung\\\/#breadcrumb\"},\"inLanguage\":\"de\",\"potentialAction\":[{\"@type\":\"ReadAction\",\"target\":[\"https:\\\/\\\/stiftungsmarktplatz.eu\\\/blog\\\/stiftungen-und-der-dreiklang-zur-veraenderung\\\/\"]}]},{\"@type\":\"ImageObject\",\"inLanguage\":\"de\",\"@id\":\"https:\\\/\\\/stiftungsmarktplatz.eu\\\/blog\\\/stiftungen-und-der-dreiklang-zur-veraenderung\\\/#primaryimage\",\"url\":\"https:\\\/\\\/stiftungsmarktplatz.eu\\\/blog\\\/wp-content\\\/uploads\\\/2023\\\/09\\\/Teaser-StiftungsApero-SommerTour.jpg\",\"contentUrl\":\"https:\\\/\\\/stiftungsmarktplatz.eu\\\/blog\\\/wp-content\\\/uploads\\\/2023\\\/09\\\/Teaser-StiftungsApero-SommerTour.jpg\",\"width\":1200,\"height\":675,\"caption\":\"StiftungsApero SommerTour 2023\"},{\"@type\":\"BreadcrumbList\",\"@id\":\"https:\\\/\\\/stiftungsmarktplatz.eu\\\/blog\\\/stiftungen-und-der-dreiklang-zur-veraenderung\\\/#breadcrumb\",\"itemListElement\":[{\"@type\":\"ListItem\",\"position\":1,\"name\":\"Startseite\",\"item\":\"https:\\\/\\\/stiftungsmarktplatz.eu\\\/blog\\\/\"},{\"@type\":\"ListItem\",\"position\":2,\"name\":\"Stiftungen und der Dreiklang zur Ver\u00e4nderung\"}]},{\"@type\":\"WebSite\",\"@id\":\"https:\\\/\\\/stiftungsmarktplatz.eu\\\/blog\\\/#website\",\"url\":\"https:\\\/\\\/stiftungsmarktplatz.eu\\\/blog\\\/\",\"name\":\"Der Stiftungsblog f\u00fcr die Stiftungspraxis\",\"description\":\"#stiftungenst\u00e4rken - NPO-Expertise von NPO-Experten\",\"publisher\":{\"@id\":\"https:\\\/\\\/stiftungsmarktplatz.eu\\\/blog\\\/#organization\"},\"potentialAction\":[{\"@type\":\"SearchAction\",\"target\":{\"@type\":\"EntryPoint\",\"urlTemplate\":\"https:\\\/\\\/stiftungsmarktplatz.eu\\\/blog\\\/?s={search_term_string}\"},\"query-input\":{\"@type\":\"PropertyValueSpecification\",\"valueRequired\":true,\"valueName\":\"search_term_string\"}}],\"inLanguage\":\"de\"},{\"@type\":\"Organization\",\"@id\":\"https:\\\/\\\/stiftungsmarktplatz.eu\\\/blog\\\/#organization\",\"name\":\"stiftungsmarktplatz.eu GbR\",\"url\":\"https:\\\/\\\/stiftungsmarktplatz.eu\\\/blog\\\/\",\"logo\":{\"@type\":\"ImageObject\",\"inLanguage\":\"de\",\"@id\":\"https:\\\/\\\/stiftungsmarktplatz.eu\\\/blog\\\/#\\\/schema\\\/logo\\\/image\\\/\",\"url\":\"https:\\\/\\\/stiftungsmarktplatz.eu\\\/blog\\\/wp-content\\\/uploads\\\/2020\\\/03\\\/Logo-blog-retina.png\",\"contentUrl\":\"https:\\\/\\\/stiftungsmarktplatz.eu\\\/blog\\\/wp-content\\\/uploads\\\/2020\\\/03\\\/Logo-blog-retina.png\",\"width\":140,\"height\":130,\"caption\":\"stiftungsmarktplatz.eu GbR\"},\"image\":{\"@id\":\"https:\\\/\\\/stiftungsmarktplatz.eu\\\/blog\\\/#\\\/schema\\\/logo\\\/image\\\/\"},\"sameAs\":[\"https:\\\/\\\/www.linkedin.com\\\/company\\\/18563519\\\/\",\"https:\\\/\\\/www.youtube.com\\\/channel\\\/UCQrF6RQRFGxTokVV4nbx25Q\"]},{\"@type\":\"Person\",\"@id\":\"https:\\\/\\\/stiftungsmarktplatz.eu\\\/blog\\\/#\\\/schema\\\/person\\\/3a42780bf87a2088578f1e8077ccfa44\",\"name\":\"Tobias Karow\",\"image\":{\"@type\":\"ImageObject\",\"inLanguage\":\"de\",\"@id\":\"https:\\\/\\\/stiftungsmarktplatz.eu\\\/blog\\\/wp-content\\\/uploads\\\/2024\\\/05\\\/tobias-karow-2024-150x150.png\",\"url\":\"https:\\\/\\\/stiftungsmarktplatz.eu\\\/blog\\\/wp-content\\\/uploads\\\/2024\\\/05\\\/tobias-karow-2024-150x150.png\",\"contentUrl\":\"https:\\\/\\\/stiftungsmarktplatz.eu\\\/blog\\\/wp-content\\\/uploads\\\/2024\\\/05\\\/tobias-karow-2024-150x150.png\",\"caption\":\"Tobias Karow\"},\"description\":\"ist Gr\u00fcnder und Gesch\u00e4ftsf\u00fchrer von stiftungsmarktplatz.eu und im Stiftungswesen in Deutschland, \u00d6sterreich, der Schweiz und Liechtenstein seit 10 Jahren aktiv. Er ist Herausgeber der FondsFibel f\u00fcr Stiftungen &amp; NPOs, dem f\u00fchrenden Nachschlagewerk f\u00fcr Stiftungsfonds und stiftungsgeeignete Fonds (www.fondsfibel.de), Vortr\u00e4ge h\u00e4lt er vor allem zum Thema \u201aStiftungen und ihr Weg in die digitale Welt\u2018. F\u00fcr beide Themen betreibt er den Blog #stiftungenst\u00e4rken.\",\"sameAs\":[\"https:\\\/\\\/www.fondsfibel.de\"],\"url\":\"https:\\\/\\\/stiftungsmarktplatz.eu\\\/blog\\\/author\\\/tobias-karow\\\/\"}]}<\/script>\n<!-- \/ Yoast SEO plugin. -->","yoast_head_json":{"title":"Stiftungen und der Dreiklang zur Ver\u00e4nderung - Der Stiftungsblog f\u00fcr die Stiftungspraxis","description":"Stiftungen und der Dreiklang zur Ver\u00e4nderung, m\u00fcssten wir im Nachhinein ein Motto f\u00fcr die StiftungsAp\u00e9ro SommerTour benennen, es w\u00e4re genau jenes, mit jeweils einem Akzent. In Dresden ging es eher um die Freude an Ver\u00e4nderung, den Stiftungen aufbringen k\u00f6nnen. In Berlin drehten sich die Impulse eher um den Willen zur Ver\u00e4nderung, w\u00e4hrend in Kiel der Mut zur Ver\u00e4nderung die Klammer war. Unsere Nachlese zu den drei StiftungsAp\u00e9ros.","robots":{"index":"index","follow":"follow","max-snippet":"max-snippet:-1","max-image-preview":"max-image-preview:large","max-video-preview":"max-video-preview:-1"},"canonical":"https:\/\/stiftungsmarktplatz.eu\/blog\/stiftungen-und-der-dreiklang-zur-veraenderung\/","og_locale":"de_DE","og_type":"article","og_title":"Stiftungen und der Dreiklang zur Ver\u00e4nderung - Der Stiftungsblog f\u00fcr die Stiftungspraxis","og_description":"Stiftungen und der Dreiklang zur Ver\u00e4nderung, m\u00fcssten wir im Nachhinein ein Motto f\u00fcr die StiftungsAp\u00e9ro SommerTour benennen, es w\u00e4re genau jenes, mit jeweils einem Akzent. In Dresden ging es eher um die Freude an Ver\u00e4nderung, den Stiftungen aufbringen k\u00f6nnen. In Berlin drehten sich die Impulse eher um den Willen zur Ver\u00e4nderung, w\u00e4hrend in Kiel der Mut zur Ver\u00e4nderung die Klammer war. Unsere Nachlese zu den drei StiftungsAp\u00e9ros.","og_url":"https:\/\/stiftungsmarktplatz.eu\/blog\/stiftungen-und-der-dreiklang-zur-veraenderung\/","og_site_name":"Der Stiftungsblog f\u00fcr die Stiftungspraxis","article_published_time":"2023-09-05T08:59:08+00:00","article_modified_time":"2023-09-05T09:50:09+00:00","og_image":[{"width":1200,"height":675,"url":"https:\/\/stiftungsmarktplatz.eu\/blog\/wp-content\/uploads\/2023\/09\/Teaser-StiftungsApero-SommerTour.jpg","type":"image\/jpeg"}],"author":"Tobias Karow","twitter_card":"summary_large_image","twitter_misc":{"Verfasst von":"Tobias Karow","Gesch\u00e4tzte Lesezeit":"9\u00a0Minuten"},"schema":{"@context":"https:\/\/schema.org","@graph":[{"@type":"Article","@id":"https:\/\/stiftungsmarktplatz.eu\/blog\/stiftungen-und-der-dreiklang-zur-veraenderung\/#article","isPartOf":{"@id":"https:\/\/stiftungsmarktplatz.eu\/blog\/stiftungen-und-der-dreiklang-zur-veraenderung\/"},"author":{"name":"Tobias Karow","@id":"https:\/\/stiftungsmarktplatz.eu\/blog\/#\/schema\/person\/3a42780bf87a2088578f1e8077ccfa44"},"headline":"Stiftungen und der Dreiklang zur Ver\u00e4nderung","datePublished":"2023-09-05T08:59:08+00:00","dateModified":"2023-09-05T09:50:09+00:00","mainEntityOfPage":{"@id":"https:\/\/stiftungsmarktplatz.eu\/blog\/stiftungen-und-der-dreiklang-zur-veraenderung\/"},"wordCount":1687,"publisher":{"@id":"https:\/\/stiftungsmarktplatz.eu\/blog\/#organization"},"image":{"@id":"https:\/\/stiftungsmarktplatz.eu\/blog\/stiftungen-und-der-dreiklang-zur-veraenderung\/#primaryimage"},"thumbnailUrl":"https:\/\/stiftungsmarktplatz.eu\/blog\/wp-content\/uploads\/2023\/09\/Teaser-StiftungsApero-SommerTour.jpg","keywords":["Stiftungswebsite","Stiftungsnetzwerk","Stiftungskommunikation","Stiftungsrechtsreform","Stiftungsevent","StiftungsAp\u00e9ro"],"articleSection":["Tipps f\u00fcr die Stiftungspraxis"],"inLanguage":"de"},{"@type":"WebPage","@id":"https:\/\/stiftungsmarktplatz.eu\/blog\/stiftungen-und-der-dreiklang-zur-veraenderung\/","url":"https:\/\/stiftungsmarktplatz.eu\/blog\/stiftungen-und-der-dreiklang-zur-veraenderung\/","name":"Stiftungen und der Dreiklang zur Ver\u00e4nderung - Der Stiftungsblog f\u00fcr die Stiftungspraxis","isPartOf":{"@id":"https:\/\/stiftungsmarktplatz.eu\/blog\/#website"},"primaryImageOfPage":{"@id":"https:\/\/stiftungsmarktplatz.eu\/blog\/stiftungen-und-der-dreiklang-zur-veraenderung\/#primaryimage"},"image":{"@id":"https:\/\/stiftungsmarktplatz.eu\/blog\/stiftungen-und-der-dreiklang-zur-veraenderung\/#primaryimage"},"thumbnailUrl":"https:\/\/stiftungsmarktplatz.eu\/blog\/wp-content\/uploads\/2023\/09\/Teaser-StiftungsApero-SommerTour.jpg","datePublished":"2023-09-05T08:59:08+00:00","dateModified":"2023-09-05T09:50:09+00:00","description":"Stiftungen und der Dreiklang zur Ver\u00e4nderung, m\u00fcssten wir im Nachhinein ein Motto f\u00fcr die StiftungsAp\u00e9ro SommerTour benennen, es w\u00e4re genau jenes, mit jeweils einem Akzent. In Dresden ging es eher um die Freude an Ver\u00e4nderung, den Stiftungen aufbringen k\u00f6nnen. In Berlin drehten sich die Impulse eher um den Willen zur Ver\u00e4nderung, w\u00e4hrend in Kiel der Mut zur Ver\u00e4nderung die Klammer war. Unsere Nachlese zu den drei StiftungsAp\u00e9ros.","breadcrumb":{"@id":"https:\/\/stiftungsmarktplatz.eu\/blog\/stiftungen-und-der-dreiklang-zur-veraenderung\/#breadcrumb"},"inLanguage":"de","potentialAction":[{"@type":"ReadAction","target":["https:\/\/stiftungsmarktplatz.eu\/blog\/stiftungen-und-der-dreiklang-zur-veraenderung\/"]}]},{"@type":"ImageObject","inLanguage":"de","@id":"https:\/\/stiftungsmarktplatz.eu\/blog\/stiftungen-und-der-dreiklang-zur-veraenderung\/#primaryimage","url":"https:\/\/stiftungsmarktplatz.eu\/blog\/wp-content\/uploads\/2023\/09\/Teaser-StiftungsApero-SommerTour.jpg","contentUrl":"https:\/\/stiftungsmarktplatz.eu\/blog\/wp-content\/uploads\/2023\/09\/Teaser-StiftungsApero-SommerTour.jpg","width":1200,"height":675,"caption":"StiftungsApero SommerTour 2023"},{"@type":"BreadcrumbList","@id":"https:\/\/stiftungsmarktplatz.eu\/blog\/stiftungen-und-der-dreiklang-zur-veraenderung\/#breadcrumb","itemListElement":[{"@type":"ListItem","position":1,"name":"Startseite","item":"https:\/\/stiftungsmarktplatz.eu\/blog\/"},{"@type":"ListItem","position":2,"name":"Stiftungen und der Dreiklang zur Ver\u00e4nderung"}]},{"@type":"WebSite","@id":"https:\/\/stiftungsmarktplatz.eu\/blog\/#website","url":"https:\/\/stiftungsmarktplatz.eu\/blog\/","name":"Der Stiftungsblog f\u00fcr die Stiftungspraxis","description":"#stiftungenst\u00e4rken - NPO-Expertise von NPO-Experten","publisher":{"@id":"https:\/\/stiftungsmarktplatz.eu\/blog\/#organization"},"potentialAction":[{"@type":"SearchAction","target":{"@type":"EntryPoint","urlTemplate":"https:\/\/stiftungsmarktplatz.eu\/blog\/?s={search_term_string}"},"query-input":{"@type":"PropertyValueSpecification","valueRequired":true,"valueName":"search_term_string"}}],"inLanguage":"de"},{"@type":"Organization","@id":"https:\/\/stiftungsmarktplatz.eu\/blog\/#organization","name":"stiftungsmarktplatz.eu GbR","url":"https:\/\/stiftungsmarktplatz.eu\/blog\/","logo":{"@type":"ImageObject","inLanguage":"de","@id":"https:\/\/stiftungsmarktplatz.eu\/blog\/#\/schema\/logo\/image\/","url":"https:\/\/stiftungsmarktplatz.eu\/blog\/wp-content\/uploads\/2020\/03\/Logo-blog-retina.png","contentUrl":"https:\/\/stiftungsmarktplatz.eu\/blog\/wp-content\/uploads\/2020\/03\/Logo-blog-retina.png","width":140,"height":130,"caption":"stiftungsmarktplatz.eu GbR"},"image":{"@id":"https:\/\/stiftungsmarktplatz.eu\/blog\/#\/schema\/logo\/image\/"},"sameAs":["https:\/\/www.linkedin.com\/company\/18563519\/","https:\/\/www.youtube.com\/channel\/UCQrF6RQRFGxTokVV4nbx25Q"]},{"@type":"Person","@id":"https:\/\/stiftungsmarktplatz.eu\/blog\/#\/schema\/person\/3a42780bf87a2088578f1e8077ccfa44","name":"Tobias Karow","image":{"@type":"ImageObject","inLanguage":"de","@id":"https:\/\/stiftungsmarktplatz.eu\/blog\/wp-content\/uploads\/2024\/05\/tobias-karow-2024-150x150.png","url":"https:\/\/stiftungsmarktplatz.eu\/blog\/wp-content\/uploads\/2024\/05\/tobias-karow-2024-150x150.png","contentUrl":"https:\/\/stiftungsmarktplatz.eu\/blog\/wp-content\/uploads\/2024\/05\/tobias-karow-2024-150x150.png","caption":"Tobias Karow"},"description":"ist Gr\u00fcnder und Gesch\u00e4ftsf\u00fchrer von stiftungsmarktplatz.eu und im Stiftungswesen in Deutschland, \u00d6sterreich, der Schweiz und Liechtenstein seit 10 Jahren aktiv. Er ist Herausgeber der FondsFibel f\u00fcr Stiftungen &amp; NPOs, dem f\u00fchrenden Nachschlagewerk f\u00fcr Stiftungsfonds und stiftungsgeeignete Fonds (www.fondsfibel.de), Vortr\u00e4ge h\u00e4lt er vor allem zum Thema \u201aStiftungen und ihr Weg in die digitale Welt\u2018. F\u00fcr beide Themen betreibt er den Blog #stiftungenst\u00e4rken.","sameAs":["https:\/\/www.fondsfibel.de"],"url":"https:\/\/stiftungsmarktplatz.eu\/blog\/author\/tobias-karow\/"}]}},"post_mailing_queue_ids":[],"_links":{"self":[{"href":"https:\/\/stiftungsmarktplatz.eu\/blog\/wp-json\/wp\/v2\/posts\/6396","targetHints":{"allow":["GET"]}}],"collection":[{"href":"https:\/\/stiftungsmarktplatz.eu\/blog\/wp-json\/wp\/v2\/posts"}],"about":[{"href":"https:\/\/stiftungsmarktplatz.eu\/blog\/wp-json\/wp\/v2\/types\/post"}],"author":[{"embeddable":true,"href":"https:\/\/stiftungsmarktplatz.eu\/blog\/wp-json\/wp\/v2\/users\/8"}],"replies":[{"embeddable":true,"href":"https:\/\/stiftungsmarktplatz.eu\/blog\/wp-json\/wp\/v2\/comments?post=6396"}],"version-history":[{"count":8,"href":"https:\/\/stiftungsmarktplatz.eu\/blog\/wp-json\/wp\/v2\/posts\/6396\/revisions"}],"predecessor-version":[{"id":6411,"href":"https:\/\/stiftungsmarktplatz.eu\/blog\/wp-json\/wp\/v2\/posts\/6396\/revisions\/6411"}],"wp:featuredmedia":[{"embeddable":true,"href":"https:\/\/stiftungsmarktplatz.eu\/blog\/wp-json\/wp\/v2\/media\/6406"}],"wp:attachment":[{"href":"https:\/\/stiftungsmarktplatz.eu\/blog\/wp-json\/wp\/v2\/media?parent=6396"}],"wp:term":[{"taxonomy":"category","embeddable":true,"href":"https:\/\/stiftungsmarktplatz.eu\/blog\/wp-json\/wp\/v2\/categories?post=6396"},{"taxonomy":"post_tag","embeddable":true,"href":"https:\/\/stiftungsmarktplatz.eu\/blog\/wp-json\/wp\/v2\/tags?post=6396"}],"curies":[{"name":"wp","href":"https:\/\/api.w.org\/{rel}","templated":true}]}}