{"id":6196,"date":"2023-07-13T11:33:04","date_gmt":"2023-07-13T09:33:04","guid":{"rendered":"https:\/\/stiftungsmarktplatz.eu\/blog\/?p=6196"},"modified":"2023-07-17T11:35:32","modified_gmt":"2023-07-17T09:35:32","slug":"zwoelf30-webinar-ausgabe1","status":"publish","type":"post","link":"https:\/\/stiftungsmarktplatz.eu\/blog\/zwoelf30-webinar-ausgabe1\/","title":{"rendered":"Zw\u00f6lf30, Webinar, Ausgabe 1"},"content":{"rendered":"<span class=\"span-reading-time rt-reading-time\" style=\"display: block;\"><span class=\"rt-label rt-prefix\">Lesezeit: <\/span> <span class=\"rt-time\"> 2<\/span> <span class=\"rt-label rt-postfix\">Minuten<\/span><\/span>\n<p>Das richtige Vererben treibt in Deutschland immer mehr Menschen um. Dabei ranken sich um das richtige Vererben herum zahlreiche Irrt\u00fcmer, die es aufzudecken gilt.<\/p>\n\n\n\n<p><strong><a href=\"https:\/\/stiftungsmarktplatz.eu\/blog\/stiftungen-und-die-erbengeneration\/\" target=\"_blank\" rel=\"noreferrer noopener\">In Ausgabe 1 unseres neuen Webinars \u201eZw\u00f6lf30\u201c<\/a><\/strong> soll es genau darum gehen. <strong>Wie vererbe ich richtig? Brauche ich eigentlich ein Testament? Wie bedenke ich mit meinem Testament eine gemeinn\u00fctzige Organisation?<\/strong><\/p>\n\n\n\n<p>Diesen Fragen gehen Suna Karakas von Das Hunger Projekt und Rechtsanwalt Dr. Michael Stingl von der Kanzlei Steinkr\u00fcger, Stingl &amp; Partner <strong>am 20.7.2023 ab 12:30 Uhr<\/strong> nach.<br><br>F\u00fcr unsere Webinarreihe brauchen Sie nichts tun, <strong>au\u00dfer dem folgenden Zoomlink zu folgen<\/strong>:<br><br><a href=\"https:\/\/zoom.us\/meeting\/register\/tJYod-mrqDssGtcV4vtHGZoLxPZo1pJvMQB9\" target=\"_blank\" rel=\"noreferrer noopener\"><em>https:\/\/zoom.us\/meeting\/register\/tJYod-mrqDssGtcV4vtHGZoLxPZo1pJvMQB9<\/em><\/a><br><em>Die Meeting-ID lautet: 925 0036 0603<\/em><\/p>\n\n\n\n<figure class=\"wp-block-image size-large\"><a href=\"https:\/\/zoom.us\/meeting\/register\/tJYod-mrqDssGtcV4vtHGZoLxPZo1pJvMQB9\" target=\"_blank\" rel=\"noreferrer noopener\"><img loading=\"lazy\" decoding=\"async\" width=\"1024\" height=\"576\" src=\"https:\/\/stiftungsmarktplatz.eu\/blog\/wp-content\/uploads\/2023\/07\/zwoelf30-nr1-erbrecht-testament-20072023-1024x576.jpg\" alt=\"Webinar Zw\u00f6lf30 No1 - Erbrecht\/Testament 20-07-2023\" class=\"wp-image-6150\" srcset=\"https:\/\/stiftungsmarktplatz.eu\/blog\/wp-content\/uploads\/2023\/07\/zwoelf30-nr1-erbrecht-testament-20072023-1024x576.jpg 1024w, https:\/\/stiftungsmarktplatz.eu\/blog\/wp-content\/uploads\/2023\/07\/zwoelf30-nr1-erbrecht-testament-20072023-300x169.jpg 300w, https:\/\/stiftungsmarktplatz.eu\/blog\/wp-content\/uploads\/2023\/07\/zwoelf30-nr1-erbrecht-testament-20072023-768x432.jpg 768w, https:\/\/stiftungsmarktplatz.eu\/blog\/wp-content\/uploads\/2023\/07\/zwoelf30-nr1-erbrecht-testament-20072023-696x392.jpg 696w, https:\/\/stiftungsmarktplatz.eu\/blog\/wp-content\/uploads\/2023\/07\/zwoelf30-nr1-erbrecht-testament-20072023-1068x601.jpg 1068w, https:\/\/stiftungsmarktplatz.eu\/blog\/wp-content\/uploads\/2023\/07\/zwoelf30-nr1-erbrecht-testament-20072023.jpg 1200w\" sizes=\"auto, (max-width: 1024px) 100vw, 1024px\" \/><\/a><\/figure>\n\n\n\n<h2 class=\"wp-block-heading\">StiftungsImpact (f\u00fcr nach der Sommerpause)<\/h2>\n\n\n\n<p><strong>Am 6.9.2023 findet der 22. StiftungsIMPACT der ESV Akademie in Berlin statt, ab 17 Uhr<\/strong>, mit einer richtig illustren Runde und einem Thema auf der H\u00f6he der Zeit.<\/p>\n\n\n\n<p>Mit dabei sind <strong>#meinstiftungsexperte Dr. Christoph Mecking, Dr. Frederick Richter von der Stiftung Datenschutz, Dr. Verena Staats vom Bundesverband Deutscher Stiftungen und Jan Holze von der Deutschen Stiftung f\u00fcr Ehrenamt und Engagement.<\/strong><\/p>\n\n\n\n<p>Thema ist Stiftung und Staat bzw. u.a. die Frage, welche Vorteile es hat, wenn der Statt als Stifter agiert. Sicherlich wird auch die Rolle von Stiftungen in einer sich wandelnden und hinterfragenden Gesellschaft, wir freuen uns darauf. <a href=\"https:\/\/www.esv.info\/lp\/esv-akademie\/staatundstiftung?.ref=4mey-zb978q#buchung\" target=\"_blank\" rel=\"noreferrer noopener\"><strong>S\u00e4mtliche Programmdetails finden Sie hier<\/strong><\/a>.<\/p>\n\n\n\n<hr class=\"wp-block-separator has-alpha-channel-opacity is-style-wide\"\/>\n\n\n\n<p><strong>Insertion<\/strong><\/p>\n\n\n\n<h3 class=\"wp-block-heading\">Prinzip Apfelbaum.<br>Magazin, \u00fcber das was bleibt<\/h3>\n\n\n\n<p>Spannende Portr\u00e4ts und Interviews, anregende Essays und jede Menge Tipps und gute Ratschl\u00e4ge: Im <strong><a href=\"https:\/\/magazin.mein-erbe-tut-gutes.de\/magazine\/no-24-wege?utm_medium=link&amp;utm_source=Stiftungsmarktplatz&amp;utm_campaign=Magazin20-METG&amp;utm_content=textlink\" target=\"_blank\" rel=\"noreferrer noopener\">\u201ePrinzip Apfelbaum. Magazin, \u00fcber das was bleibt\u201c<\/a><\/strong> dreht sich alles um die Frage \u201eWas bleibt?\u201c. Wir denken offen nach \u00fcber das Leben und den Tod. Wir fragen kluge Menschen nach ihren Erfahrungen und Ideen. In der aktuellen Ausgabe alles zum Thema \u201eWege\u201c.<\/p>\n\n\n\n<figure class=\"wp-block-image size-large\"><a href=\"https:\/\/magazin.mein-erbe-tut-gutes.de\/magazine\/no-24-wege?utm_medium=link&amp;utm_source=Stiftungsmarktplatz&amp;utm_campaign=Magazin20-METG&amp;utm_content=bannerlink\" target=\"_blank\" rel=\"noreferrer noopener\"><img loading=\"lazy\" decoding=\"async\" width=\"1024\" height=\"118\" src=\"https:\/\/stiftungsmarktplatz.eu\/blog\/wp-content\/uploads\/2023\/07\/Banner_Prinzip_Apfelbaum_Ausgabe_Wege-1024x118.jpeg\" alt=\"Banner Prinzip Apfelbaum Ausgabe:Wege\" class=\"wp-image-6161\" srcset=\"https:\/\/stiftungsmarktplatz.eu\/blog\/wp-content\/uploads\/2023\/07\/Banner_Prinzip_Apfelbaum_Ausgabe_Wege-1024x118.jpeg 1024w, https:\/\/stiftungsmarktplatz.eu\/blog\/wp-content\/uploads\/2023\/07\/Banner_Prinzip_Apfelbaum_Ausgabe_Wege-300x35.jpeg 300w, https:\/\/stiftungsmarktplatz.eu\/blog\/wp-content\/uploads\/2023\/07\/Banner_Prinzip_Apfelbaum_Ausgabe_Wege-768x88.jpeg 768w, https:\/\/stiftungsmarktplatz.eu\/blog\/wp-content\/uploads\/2023\/07\/Banner_Prinzip_Apfelbaum_Ausgabe_Wege-696x80.jpeg 696w, https:\/\/stiftungsmarktplatz.eu\/blog\/wp-content\/uploads\/2023\/07\/Banner_Prinzip_Apfelbaum_Ausgabe_Wege-1068x123.jpeg 1068w, https:\/\/stiftungsmarktplatz.eu\/blog\/wp-content\/uploads\/2023\/07\/Banner_Prinzip_Apfelbaum_Ausgabe_Wege.jpeg 1390w\" sizes=\"auto, (max-width: 1024px) 100vw, 1024px\" \/><\/a><\/figure>\n\n\n\n<h2 class=\"wp-block-heading\">Und noch ein Mediatheks-Tipps (f\u00fcr verregnete Sommer-Wochenenden)<\/h2>\n\n\n\n<p>F\u00fcr alle, die Spa\u00df am Stiftungsverm\u00f6gen haben, ist <a href=\"https:\/\/vtfds.de\/\" target=\"_blank\" rel=\"noreferrer noopener\"><strong>die Mediathek zu unserem 4. Virtuellen Tag f\u00fcr das Stiftungsverm\u00f6gen<\/strong><\/a> ein Kleinod mit zahlreichen Anregungen, welche Fragen sich Stiftungsverantwortliche in diesen und kommenden Zeiten stellen sollten (und unter Umst\u00e4nden sogar m\u00fcssen).<\/p>\n\n\n\n<p><a href=\"https:\/\/vtfds.de\/vtfds2023-die-wichtigsten-regelungen-der-stiftungsrechtsreform\/\" target=\"_blank\" rel=\"noreferrer noopener\"><strong>Die Stiftungsrechtsreform \u00e4ndert das Spiel im Stiftungsverm\u00f6gen n\u00e4mlich schon ein wenig<\/strong><\/a><strong>.<\/strong> Denn Stiftungsverm\u00f6gen kann mehr.<\/p>\n\n\n\n<p>F\u00fcr alle, die keinen Spa\u00df am Stiftungsverm\u00f6gen haben \u2013 einfach mal reinschnuppern, vielleicht mit einem Glas kaltem Riesling und ein paar Erdbeeren, manchmal kommt die Inspiration beim Schm\u00f6kern.<\/p>\n\n\n\n<figure class=\"wp-block-image size-full\"><a href=\"https:\/\/vtfds.de\/\" target=\"_blank\" rel=\"noreferrer noopener\"><img loading=\"lazy\" decoding=\"async\" width=\"560\" height=\"372\" src=\"https:\/\/stiftungsmarktplatz.eu\/blog\/wp-content\/uploads\/2023\/06\/vtfds2023-Fernseher2.png\" alt=\"vtfds2023-Mediathek\" class=\"wp-image-6111\" srcset=\"https:\/\/stiftungsmarktplatz.eu\/blog\/wp-content\/uploads\/2023\/06\/vtfds2023-Fernseher2.png 560w, https:\/\/stiftungsmarktplatz.eu\/blog\/wp-content\/uploads\/2023\/06\/vtfds2023-Fernseher2-300x199.png 300w\" sizes=\"auto, (max-width: 560px) 100vw, 560px\" \/><\/a><\/figure>\n\n\n\n<h2 class=\"wp-block-heading\">Das finale Apercu<\/h2>\n\n\n\n<p>\u2026f\u00e4llt diesmal kurz und knapp aus: Wir freuen, Sie zu sehen, zu treffen, zu sprechen, an den oben genannten Terminen oder im Rahmen unserer <a href=\"https:\/\/stiftungsapero.de\/\" target=\"_blank\" rel=\"noreferrer noopener\"><strong>StiftungsAp\u00e9ro SommerTour in Dresden, Berlin und Kiel<\/strong><\/a>.<br><br>Bis dahin senden wir Ihnen sonnig-sommerliche Gr\u00fc\u00dfe, und halten es mit Mark Twain: \u201eSommer ist die Zeit, in der zu hei\u00df ist, um das zu tun, wozu im Winter zu kalt war.\u201c<br><\/p>\n","protected":false},"excerpt":{"rendered":"<p><span class=\"span-reading-time rt-reading-time\" style=\"display: block;\"><span class=\"rt-label rt-prefix\">Lesezeit: <\/span> <span class=\"rt-time\"> 2<\/span> <span class=\"rt-label rt-postfix\">Minuten<\/span><\/span>Das richtige Vererben treibt in Deutschland immer mehr Menschen um. Dabei ranken sich um das richtige Vererben herum zahlreiche Irrt\u00fcmer, die es aufzudecken gilt.<\/p>\n","protected":false},"author":8,"featured_media":6203,"comment_status":"closed","ping_status":"open","sticky":false,"template":"","format":"standard","meta":{"ngg_post_thumbnail":0,"footnotes":""},"categories":[395],"tags":[],"class_list":{"0":"post-6196","1":"post","2":"type-post","3":"status-publish","4":"format-standard","5":"has-post-thumbnail","7":"category-der-skipper-newsletter-archiv"},"yoast_head":"<!-- This site is optimized with the Yoast SEO plugin v27.4 - https:\/\/yoast.com\/product\/yoast-seo-wordpress\/ -->\n<title>Zw\u00f6lf30, Webinar, Ausgabe 1 - Der Stiftungsblog f\u00fcr die Stiftungspraxis<\/title>\n<meta name=\"description\" content=\"Das richtige Vererben treibt in Deutschland immer mehr Menschen um. Dabei ranken sich um das richtige Vererben herum zahlreiche Irrt\u00fcmer, die es aufzudecken gilt.\" \/>\n<meta name=\"robots\" content=\"index, follow, max-snippet:-1, max-image-preview:large, max-video-preview:-1\" \/>\n<link rel=\"canonical\" href=\"https:\/\/stiftungsmarktplatz.eu\/blog\/zwoelf30-webinar-ausgabe1\/\" \/>\n<meta property=\"og:locale\" content=\"de_DE\" \/>\n<meta property=\"og:type\" content=\"article\" \/>\n<meta property=\"og:title\" content=\"Zw\u00f6lf30, Webinar, Ausgabe 1 - Der Stiftungsblog f\u00fcr die Stiftungspraxis\" \/>\n<meta property=\"og:description\" content=\"Das richtige Vererben treibt in Deutschland immer mehr Menschen um. Dabei ranken sich um das richtige Vererben herum zahlreiche Irrt\u00fcmer, die es aufzudecken gilt.\" \/>\n<meta property=\"og:url\" content=\"https:\/\/stiftungsmarktplatz.eu\/blog\/zwoelf30-webinar-ausgabe1\/\" \/>\n<meta property=\"og:site_name\" content=\"Der Stiftungsblog f\u00fcr die Stiftungspraxis\" \/>\n<meta property=\"article:published_time\" content=\"2023-07-13T09:33:04+00:00\" \/>\n<meta property=\"article:modified_time\" content=\"2023-07-17T09:35:32+00:00\" \/>\n<meta property=\"og:image\" content=\"https:\/\/stiftungsmarktplatz.eu\/blog\/wp-content\/uploads\/2023\/07\/newsletter15072023.jpg\" \/>\n\t<meta property=\"og:image:width\" content=\"1200\" \/>\n\t<meta property=\"og:image:height\" content=\"675\" \/>\n\t<meta property=\"og:image:type\" content=\"image\/jpeg\" \/>\n<meta name=\"author\" content=\"Tobias Karow\" \/>\n<meta name=\"twitter:card\" content=\"summary_large_image\" \/>\n<meta name=\"twitter:label1\" content=\"Verfasst von\" \/>\n\t<meta name=\"twitter:data1\" content=\"Tobias Karow\" \/>\n\t<meta name=\"twitter:label2\" content=\"Gesch\u00e4tzte Lesezeit\" \/>\n\t<meta name=\"twitter:data2\" content=\"3\u00a0Minuten\" \/>\n<script type=\"application\/ld+json\" class=\"yoast-schema-graph\">{\"@context\":\"https:\\\/\\\/schema.org\",\"@graph\":[{\"@type\":\"Article\",\"@id\":\"https:\\\/\\\/stiftungsmarktplatz.eu\\\/blog\\\/zwoelf30-webinar-ausgabe1\\\/#article\",\"isPartOf\":{\"@id\":\"https:\\\/\\\/stiftungsmarktplatz.eu\\\/blog\\\/zwoelf30-webinar-ausgabe1\\\/\"},\"author\":{\"name\":\"Tobias Karow\",\"@id\":\"https:\\\/\\\/stiftungsmarktplatz.eu\\\/blog\\\/#\\\/schema\\\/person\\\/3a42780bf87a2088578f1e8077ccfa44\"},\"headline\":\"Zw\u00f6lf30, Webinar, Ausgabe 1\",\"datePublished\":\"2023-07-13T09:33:04+00:00\",\"dateModified\":\"2023-07-17T09:35:32+00:00\",\"mainEntityOfPage\":{\"@id\":\"https:\\\/\\\/stiftungsmarktplatz.eu\\\/blog\\\/zwoelf30-webinar-ausgabe1\\\/\"},\"wordCount\":456,\"publisher\":{\"@id\":\"https:\\\/\\\/stiftungsmarktplatz.eu\\\/blog\\\/#organization\"},\"image\":{\"@id\":\"https:\\\/\\\/stiftungsmarktplatz.eu\\\/blog\\\/zwoelf30-webinar-ausgabe1\\\/#primaryimage\"},\"thumbnailUrl\":\"https:\\\/\\\/stiftungsmarktplatz.eu\\\/blog\\\/wp-content\\\/uploads\\\/2023\\\/07\\\/newsletter15072023.jpg\",\"articleSection\":[\"Des Skippers Heimathafen - das Archiv\"],\"inLanguage\":\"de\"},{\"@type\":\"WebPage\",\"@id\":\"https:\\\/\\\/stiftungsmarktplatz.eu\\\/blog\\\/zwoelf30-webinar-ausgabe1\\\/\",\"url\":\"https:\\\/\\\/stiftungsmarktplatz.eu\\\/blog\\\/zwoelf30-webinar-ausgabe1\\\/\",\"name\":\"Zw\u00f6lf30, Webinar, Ausgabe 1 - Der Stiftungsblog f\u00fcr die Stiftungspraxis\",\"isPartOf\":{\"@id\":\"https:\\\/\\\/stiftungsmarktplatz.eu\\\/blog\\\/#website\"},\"primaryImageOfPage\":{\"@id\":\"https:\\\/\\\/stiftungsmarktplatz.eu\\\/blog\\\/zwoelf30-webinar-ausgabe1\\\/#primaryimage\"},\"image\":{\"@id\":\"https:\\\/\\\/stiftungsmarktplatz.eu\\\/blog\\\/zwoelf30-webinar-ausgabe1\\\/#primaryimage\"},\"thumbnailUrl\":\"https:\\\/\\\/stiftungsmarktplatz.eu\\\/blog\\\/wp-content\\\/uploads\\\/2023\\\/07\\\/newsletter15072023.jpg\",\"datePublished\":\"2023-07-13T09:33:04+00:00\",\"dateModified\":\"2023-07-17T09:35:32+00:00\",\"description\":\"Das richtige Vererben treibt in Deutschland immer mehr Menschen um. Dabei ranken sich um das richtige Vererben herum zahlreiche Irrt\u00fcmer, die es aufzudecken gilt.\",\"breadcrumb\":{\"@id\":\"https:\\\/\\\/stiftungsmarktplatz.eu\\\/blog\\\/zwoelf30-webinar-ausgabe1\\\/#breadcrumb\"},\"inLanguage\":\"de\",\"potentialAction\":[{\"@type\":\"ReadAction\",\"target\":[\"https:\\\/\\\/stiftungsmarktplatz.eu\\\/blog\\\/zwoelf30-webinar-ausgabe1\\\/\"]}]},{\"@type\":\"ImageObject\",\"inLanguage\":\"de\",\"@id\":\"https:\\\/\\\/stiftungsmarktplatz.eu\\\/blog\\\/zwoelf30-webinar-ausgabe1\\\/#primaryimage\",\"url\":\"https:\\\/\\\/stiftungsmarktplatz.eu\\\/blog\\\/wp-content\\\/uploads\\\/2023\\\/07\\\/newsletter15072023.jpg\",\"contentUrl\":\"https:\\\/\\\/stiftungsmarktplatz.eu\\\/blog\\\/wp-content\\\/uploads\\\/2023\\\/07\\\/newsletter15072023.jpg\",\"width\":1200,\"height\":675,\"caption\":\"POST von stiftungsmarktplatz.eu, Juli 2023\"},{\"@type\":\"BreadcrumbList\",\"@id\":\"https:\\\/\\\/stiftungsmarktplatz.eu\\\/blog\\\/zwoelf30-webinar-ausgabe1\\\/#breadcrumb\",\"itemListElement\":[{\"@type\":\"ListItem\",\"position\":1,\"name\":\"Startseite\",\"item\":\"https:\\\/\\\/stiftungsmarktplatz.eu\\\/blog\\\/\"},{\"@type\":\"ListItem\",\"position\":2,\"name\":\"Zw\u00f6lf30, Webinar, Ausgabe 1\"}]},{\"@type\":\"WebSite\",\"@id\":\"https:\\\/\\\/stiftungsmarktplatz.eu\\\/blog\\\/#website\",\"url\":\"https:\\\/\\\/stiftungsmarktplatz.eu\\\/blog\\\/\",\"name\":\"Der Stiftungsblog f\u00fcr die Stiftungspraxis\",\"description\":\"#stiftungenst\u00e4rken - NPO-Expertise von NPO-Experten\",\"publisher\":{\"@id\":\"https:\\\/\\\/stiftungsmarktplatz.eu\\\/blog\\\/#organization\"},\"potentialAction\":[{\"@type\":\"SearchAction\",\"target\":{\"@type\":\"EntryPoint\",\"urlTemplate\":\"https:\\\/\\\/stiftungsmarktplatz.eu\\\/blog\\\/?s={search_term_string}\"},\"query-input\":{\"@type\":\"PropertyValueSpecification\",\"valueRequired\":true,\"valueName\":\"search_term_string\"}}],\"inLanguage\":\"de\"},{\"@type\":\"Organization\",\"@id\":\"https:\\\/\\\/stiftungsmarktplatz.eu\\\/blog\\\/#organization\",\"name\":\"stiftungsmarktplatz.eu GbR\",\"url\":\"https:\\\/\\\/stiftungsmarktplatz.eu\\\/blog\\\/\",\"logo\":{\"@type\":\"ImageObject\",\"inLanguage\":\"de\",\"@id\":\"https:\\\/\\\/stiftungsmarktplatz.eu\\\/blog\\\/#\\\/schema\\\/logo\\\/image\\\/\",\"url\":\"https:\\\/\\\/stiftungsmarktplatz.eu\\\/blog\\\/wp-content\\\/uploads\\\/2020\\\/03\\\/Logo-blog-retina.png\",\"contentUrl\":\"https:\\\/\\\/stiftungsmarktplatz.eu\\\/blog\\\/wp-content\\\/uploads\\\/2020\\\/03\\\/Logo-blog-retina.png\",\"width\":140,\"height\":130,\"caption\":\"stiftungsmarktplatz.eu GbR\"},\"image\":{\"@id\":\"https:\\\/\\\/stiftungsmarktplatz.eu\\\/blog\\\/#\\\/schema\\\/logo\\\/image\\\/\"},\"sameAs\":[\"https:\\\/\\\/www.linkedin.com\\\/company\\\/18563519\\\/\",\"https:\\\/\\\/www.youtube.com\\\/channel\\\/UCQrF6RQRFGxTokVV4nbx25Q\"]},{\"@type\":\"Person\",\"@id\":\"https:\\\/\\\/stiftungsmarktplatz.eu\\\/blog\\\/#\\\/schema\\\/person\\\/3a42780bf87a2088578f1e8077ccfa44\",\"name\":\"Tobias Karow\",\"image\":{\"@type\":\"ImageObject\",\"inLanguage\":\"de\",\"@id\":\"https:\\\/\\\/stiftungsmarktplatz.eu\\\/blog\\\/wp-content\\\/uploads\\\/2024\\\/05\\\/tobias-karow-2024-150x150.png\",\"url\":\"https:\\\/\\\/stiftungsmarktplatz.eu\\\/blog\\\/wp-content\\\/uploads\\\/2024\\\/05\\\/tobias-karow-2024-150x150.png\",\"contentUrl\":\"https:\\\/\\\/stiftungsmarktplatz.eu\\\/blog\\\/wp-content\\\/uploads\\\/2024\\\/05\\\/tobias-karow-2024-150x150.png\",\"caption\":\"Tobias Karow\"},\"description\":\"ist Gr\u00fcnder und Gesch\u00e4ftsf\u00fchrer von stiftungsmarktplatz.eu und im Stiftungswesen in Deutschland, \u00d6sterreich, der Schweiz und Liechtenstein seit 10 Jahren aktiv. Er ist Herausgeber der FondsFibel f\u00fcr Stiftungen &amp; NPOs, dem f\u00fchrenden Nachschlagewerk f\u00fcr Stiftungsfonds und stiftungsgeeignete Fonds (www.fondsfibel.de), Vortr\u00e4ge h\u00e4lt er vor allem zum Thema \u201aStiftungen und ihr Weg in die digitale Welt\u2018. F\u00fcr beide Themen betreibt er den Blog #stiftungenst\u00e4rken.\",\"sameAs\":[\"https:\\\/\\\/www.fondsfibel.de\"],\"url\":\"https:\\\/\\\/stiftungsmarktplatz.eu\\\/blog\\\/author\\\/tobias-karow\\\/\"}]}<\/script>\n<!-- \/ Yoast SEO plugin. -->","yoast_head_json":{"title":"Zw\u00f6lf30, Webinar, Ausgabe 1 - Der Stiftungsblog f\u00fcr die Stiftungspraxis","description":"Das richtige Vererben treibt in Deutschland immer mehr Menschen um. Dabei ranken sich um das richtige Vererben herum zahlreiche Irrt\u00fcmer, die es aufzudecken gilt.","robots":{"index":"index","follow":"follow","max-snippet":"max-snippet:-1","max-image-preview":"max-image-preview:large","max-video-preview":"max-video-preview:-1"},"canonical":"https:\/\/stiftungsmarktplatz.eu\/blog\/zwoelf30-webinar-ausgabe1\/","og_locale":"de_DE","og_type":"article","og_title":"Zw\u00f6lf30, Webinar, Ausgabe 1 - Der Stiftungsblog f\u00fcr die Stiftungspraxis","og_description":"Das richtige Vererben treibt in Deutschland immer mehr Menschen um. Dabei ranken sich um das richtige Vererben herum zahlreiche Irrt\u00fcmer, die es aufzudecken gilt.","og_url":"https:\/\/stiftungsmarktplatz.eu\/blog\/zwoelf30-webinar-ausgabe1\/","og_site_name":"Der Stiftungsblog f\u00fcr die Stiftungspraxis","article_published_time":"2023-07-13T09:33:04+00:00","article_modified_time":"2023-07-17T09:35:32+00:00","og_image":[{"width":1200,"height":675,"url":"https:\/\/stiftungsmarktplatz.eu\/blog\/wp-content\/uploads\/2023\/07\/newsletter15072023.jpg","type":"image\/jpeg"}],"author":"Tobias Karow","twitter_card":"summary_large_image","twitter_misc":{"Verfasst von":"Tobias Karow","Gesch\u00e4tzte Lesezeit":"3\u00a0Minuten"},"schema":{"@context":"https:\/\/schema.org","@graph":[{"@type":"Article","@id":"https:\/\/stiftungsmarktplatz.eu\/blog\/zwoelf30-webinar-ausgabe1\/#article","isPartOf":{"@id":"https:\/\/stiftungsmarktplatz.eu\/blog\/zwoelf30-webinar-ausgabe1\/"},"author":{"name":"Tobias Karow","@id":"https:\/\/stiftungsmarktplatz.eu\/blog\/#\/schema\/person\/3a42780bf87a2088578f1e8077ccfa44"},"headline":"Zw\u00f6lf30, Webinar, Ausgabe 1","datePublished":"2023-07-13T09:33:04+00:00","dateModified":"2023-07-17T09:35:32+00:00","mainEntityOfPage":{"@id":"https:\/\/stiftungsmarktplatz.eu\/blog\/zwoelf30-webinar-ausgabe1\/"},"wordCount":456,"publisher":{"@id":"https:\/\/stiftungsmarktplatz.eu\/blog\/#organization"},"image":{"@id":"https:\/\/stiftungsmarktplatz.eu\/blog\/zwoelf30-webinar-ausgabe1\/#primaryimage"},"thumbnailUrl":"https:\/\/stiftungsmarktplatz.eu\/blog\/wp-content\/uploads\/2023\/07\/newsletter15072023.jpg","articleSection":["Des Skippers Heimathafen - das Archiv"],"inLanguage":"de"},{"@type":"WebPage","@id":"https:\/\/stiftungsmarktplatz.eu\/blog\/zwoelf30-webinar-ausgabe1\/","url":"https:\/\/stiftungsmarktplatz.eu\/blog\/zwoelf30-webinar-ausgabe1\/","name":"Zw\u00f6lf30, Webinar, Ausgabe 1 - Der Stiftungsblog f\u00fcr die Stiftungspraxis","isPartOf":{"@id":"https:\/\/stiftungsmarktplatz.eu\/blog\/#website"},"primaryImageOfPage":{"@id":"https:\/\/stiftungsmarktplatz.eu\/blog\/zwoelf30-webinar-ausgabe1\/#primaryimage"},"image":{"@id":"https:\/\/stiftungsmarktplatz.eu\/blog\/zwoelf30-webinar-ausgabe1\/#primaryimage"},"thumbnailUrl":"https:\/\/stiftungsmarktplatz.eu\/blog\/wp-content\/uploads\/2023\/07\/newsletter15072023.jpg","datePublished":"2023-07-13T09:33:04+00:00","dateModified":"2023-07-17T09:35:32+00:00","description":"Das richtige Vererben treibt in Deutschland immer mehr Menschen um. Dabei ranken sich um das richtige Vererben herum zahlreiche Irrt\u00fcmer, die es aufzudecken gilt.","breadcrumb":{"@id":"https:\/\/stiftungsmarktplatz.eu\/blog\/zwoelf30-webinar-ausgabe1\/#breadcrumb"},"inLanguage":"de","potentialAction":[{"@type":"ReadAction","target":["https:\/\/stiftungsmarktplatz.eu\/blog\/zwoelf30-webinar-ausgabe1\/"]}]},{"@type":"ImageObject","inLanguage":"de","@id":"https:\/\/stiftungsmarktplatz.eu\/blog\/zwoelf30-webinar-ausgabe1\/#primaryimage","url":"https:\/\/stiftungsmarktplatz.eu\/blog\/wp-content\/uploads\/2023\/07\/newsletter15072023.jpg","contentUrl":"https:\/\/stiftungsmarktplatz.eu\/blog\/wp-content\/uploads\/2023\/07\/newsletter15072023.jpg","width":1200,"height":675,"caption":"POST von stiftungsmarktplatz.eu, Juli 2023"},{"@type":"BreadcrumbList","@id":"https:\/\/stiftungsmarktplatz.eu\/blog\/zwoelf30-webinar-ausgabe1\/#breadcrumb","itemListElement":[{"@type":"ListItem","position":1,"name":"Startseite","item":"https:\/\/stiftungsmarktplatz.eu\/blog\/"},{"@type":"ListItem","position":2,"name":"Zw\u00f6lf30, Webinar, Ausgabe 1"}]},{"@type":"WebSite","@id":"https:\/\/stiftungsmarktplatz.eu\/blog\/#website","url":"https:\/\/stiftungsmarktplatz.eu\/blog\/","name":"Der Stiftungsblog f\u00fcr die Stiftungspraxis","description":"#stiftungenst\u00e4rken - NPO-Expertise von NPO-Experten","publisher":{"@id":"https:\/\/stiftungsmarktplatz.eu\/blog\/#organization"},"potentialAction":[{"@type":"SearchAction","target":{"@type":"EntryPoint","urlTemplate":"https:\/\/stiftungsmarktplatz.eu\/blog\/?s={search_term_string}"},"query-input":{"@type":"PropertyValueSpecification","valueRequired":true,"valueName":"search_term_string"}}],"inLanguage":"de"},{"@type":"Organization","@id":"https:\/\/stiftungsmarktplatz.eu\/blog\/#organization","name":"stiftungsmarktplatz.eu GbR","url":"https:\/\/stiftungsmarktplatz.eu\/blog\/","logo":{"@type":"ImageObject","inLanguage":"de","@id":"https:\/\/stiftungsmarktplatz.eu\/blog\/#\/schema\/logo\/image\/","url":"https:\/\/stiftungsmarktplatz.eu\/blog\/wp-content\/uploads\/2020\/03\/Logo-blog-retina.png","contentUrl":"https:\/\/stiftungsmarktplatz.eu\/blog\/wp-content\/uploads\/2020\/03\/Logo-blog-retina.png","width":140,"height":130,"caption":"stiftungsmarktplatz.eu GbR"},"image":{"@id":"https:\/\/stiftungsmarktplatz.eu\/blog\/#\/schema\/logo\/image\/"},"sameAs":["https:\/\/www.linkedin.com\/company\/18563519\/","https:\/\/www.youtube.com\/channel\/UCQrF6RQRFGxTokVV4nbx25Q"]},{"@type":"Person","@id":"https:\/\/stiftungsmarktplatz.eu\/blog\/#\/schema\/person\/3a42780bf87a2088578f1e8077ccfa44","name":"Tobias Karow","image":{"@type":"ImageObject","inLanguage":"de","@id":"https:\/\/stiftungsmarktplatz.eu\/blog\/wp-content\/uploads\/2024\/05\/tobias-karow-2024-150x150.png","url":"https:\/\/stiftungsmarktplatz.eu\/blog\/wp-content\/uploads\/2024\/05\/tobias-karow-2024-150x150.png","contentUrl":"https:\/\/stiftungsmarktplatz.eu\/blog\/wp-content\/uploads\/2024\/05\/tobias-karow-2024-150x150.png","caption":"Tobias Karow"},"description":"ist Gr\u00fcnder und Gesch\u00e4ftsf\u00fchrer von stiftungsmarktplatz.eu und im Stiftungswesen in Deutschland, \u00d6sterreich, der Schweiz und Liechtenstein seit 10 Jahren aktiv. Er ist Herausgeber der FondsFibel f\u00fcr Stiftungen &amp; NPOs, dem f\u00fchrenden Nachschlagewerk f\u00fcr Stiftungsfonds und stiftungsgeeignete Fonds (www.fondsfibel.de), Vortr\u00e4ge h\u00e4lt er vor allem zum Thema \u201aStiftungen und ihr Weg in die digitale Welt\u2018. F\u00fcr beide Themen betreibt er den Blog #stiftungenst\u00e4rken.","sameAs":["https:\/\/www.fondsfibel.de"],"url":"https:\/\/stiftungsmarktplatz.eu\/blog\/author\/tobias-karow\/"}]}},"post_mailing_queue_ids":[],"_links":{"self":[{"href":"https:\/\/stiftungsmarktplatz.eu\/blog\/wp-json\/wp\/v2\/posts\/6196","targetHints":{"allow":["GET"]}}],"collection":[{"href":"https:\/\/stiftungsmarktplatz.eu\/blog\/wp-json\/wp\/v2\/posts"}],"about":[{"href":"https:\/\/stiftungsmarktplatz.eu\/blog\/wp-json\/wp\/v2\/types\/post"}],"author":[{"embeddable":true,"href":"https:\/\/stiftungsmarktplatz.eu\/blog\/wp-json\/wp\/v2\/users\/8"}],"replies":[{"embeddable":true,"href":"https:\/\/stiftungsmarktplatz.eu\/blog\/wp-json\/wp\/v2\/comments?post=6196"}],"version-history":[{"count":7,"href":"https:\/\/stiftungsmarktplatz.eu\/blog\/wp-json\/wp\/v2\/posts\/6196\/revisions"}],"predecessor-version":[{"id":6206,"href":"https:\/\/stiftungsmarktplatz.eu\/blog\/wp-json\/wp\/v2\/posts\/6196\/revisions\/6206"}],"wp:featuredmedia":[{"embeddable":true,"href":"https:\/\/stiftungsmarktplatz.eu\/blog\/wp-json\/wp\/v2\/media\/6203"}],"wp:attachment":[{"href":"https:\/\/stiftungsmarktplatz.eu\/blog\/wp-json\/wp\/v2\/media?parent=6196"}],"wp:term":[{"taxonomy":"category","embeddable":true,"href":"https:\/\/stiftungsmarktplatz.eu\/blog\/wp-json\/wp\/v2\/categories?post=6196"},{"taxonomy":"post_tag","embeddable":true,"href":"https:\/\/stiftungsmarktplatz.eu\/blog\/wp-json\/wp\/v2\/tags?post=6196"}],"curies":[{"name":"wp","href":"https:\/\/api.w.org\/{rel}","templated":true}]}}