{"id":6105,"date":"2023-06-30T13:32:52","date_gmt":"2023-06-30T11:32:52","guid":{"rendered":"https:\/\/stiftungsmarktplatz.eu\/blog\/?p=6105"},"modified":"2023-06-30T13:32:52","modified_gmt":"2023-06-30T11:32:52","slug":"ueber-1-000-zuschauer-live-beim-4-virtuellen-tag-fuer-das-stiftungsvermoegen","status":"publish","type":"post","link":"https:\/\/stiftungsmarktplatz.eu\/blog\/ueber-1-000-zuschauer-live-beim-4-virtuellen-tag-fuer-das-stiftungsvermoegen\/","title":{"rendered":"\u00dcber 1.000 Zuschauer live beim 4. Virtuellen Tag f\u00fcr das Stiftungsverm\u00f6gen"},"content":{"rendered":"<span class=\"span-reading-time rt-reading-time\" style=\"display: block;\"><span class=\"rt-label rt-prefix\">Lesezeit: <\/span> <span class=\"rt-time\"> 4<\/span> <span class=\"rt-label rt-postfix\">Minuten<\/span><\/span>\n<p>Oh man, mit dieser enormen Resonanz hatten wir nicht gerechnet. <strong>Rund 1.400 Zuschauer waren beim 4. Virtuellen Tag f\u00fcr das Stiftungsverm\u00f6gen live mit dabei<\/strong>, verfolgten, wie wir <a href=\"https:\/\/stiftungsmarktplatz.eu\/blog\/am-besseren-mischen-kommen-stiftungen-nicht-vorbei\/\" target=\"_blank\" rel=\"noreferrer noopener\">eine Petition f\u00fcr mehr Mut im Stiftungsverm\u00f6gen auf den Weg brachten<\/a>. Denn genau den braucht es, aber daneben eben auch Haltung und Handwerk. Stiftungsverm\u00f6gen kann mehr, als \u201eeinfach\u201c nur verwaltet zu werden. Mit 30 Stiftungsexperten und Stiftungsverantwortlichen sprachen und diskutierten wir \u00fcber\u2026<\/p>\n\n\n\n<ol class=\"wp-block-list\">\n<li>\u2026<strong>den Epochenwechsel im Stiftungsverm\u00f6gen<\/strong>, ob das wir gerade in der Welt erleben, als Epochenwechsel tituliert werden kann. <strong>Prof. Dr. Roland Koch fasste zusammen<\/strong>, dass wir es in einigen Jahren erst final werden sagen k\u00f6nnen mit dem Epochenwechsel, dass aber etliche Fragmente aktueller Entwicklungen auf einen Epochenwechsel schlie\u00dfen lassen.<\/li>\n\n\n\n<li>\u2026<strong>das Anlegen von Stiftungsverm\u00f6gen cum Zins, also nach der Zinswende, bei den sich Stiftungsverantwortliche aber auch in einer Illusion verlieren k\u00f6nnen<\/strong>. Umso wichtiger ist die strategische Asset Allocation, <a href=\"https:\/\/stiftungsmarktplatz.eu\/blog\/das-pragmatische-hilft-stiftungen-das-dogmatische-nicht\/\" target=\"_blank\" rel=\"noreferrer noopener\">also eine strategische Idee f\u00fcr das Stiftungsverm\u00f6gen<\/a>, so wie es die gro\u00dfen US-Universit\u00e4tsstiftungen und auch hiesige Beispiele wie die Karg-Stiftung, die ZEIT-Stiftung, die Software-AG-Stiftung, die Oberfrankenstiftung, die Deutsche Bundesstiftung Umwelt, die Karl-Schlecht-Stiftung und etliche mehr bereits seit langer Zeit vorleben.<\/li>\n\n\n\n<li>\u2026das Handwerkszeug, das es braucht, um heute f\u00fcr morgen Stiftungsverm\u00f6gen zeitgem\u00e4\u00df und zeitlos anzulegen: die <a href=\"https:\/\/stiftungsmarktplatz.eu\/blog\/ich-empfehle-jeder-stiftung-eine-anlagerichtlinie\/\" target=\"_blank\" rel=\"noreferrer noopener\">Anlagerichtlinie<\/a> und das <a href=\"https:\/\/stiftungsmarktplatz.eu\/blog\/mit-milch-und-eiern-kann-ich-heute-kein-pflegepersonal-bezahlen\/\" target=\"_blank\" rel=\"noreferrer noopener\">Anlagekonzept<\/a>, beides wird durch die Stiftungsrechtsreform zum Werkzeugkasten von Stiftungsgremien geh\u00f6ren m\u00fcssen. Ohne beide Eckpfeiler geht es vielleicht auch, <strong>aber pflichtgem\u00e4\u00df und zum Wohle der Stiftung (Stichwort Business Judgement Rule)<\/strong>? Dann wird es schwer wie f\u00fcr einen Sprinter hinauf auf den Col du Galibier zu klettern (kommt einem in den Sinn, weil die Tour de France vor der T\u00fcr steht).<\/li>\n<\/ol>\n\n\n\n<figure class=\"wp-block-image size-large is-resized\"><a href=\"https:\/\/vtfds.de\/\" target=\"_blank\" rel=\"noreferrer noopener\"><img loading=\"lazy\" decoding=\"async\" src=\"https:\/\/stiftungsmarktplatz.eu\/blog\/wp-content\/uploads\/2023\/06\/vtfds2023-danke-1024x576.jpg\" alt=\"#vtfds2023 - Wir sagen danke\" class=\"wp-image-6108\" width=\"694\" height=\"411\"\/><\/a><\/figure>\n\n\n\n<h2 class=\"wp-block-heading\"><a href=\"https:\/\/vtfds.de\/\" target=\"_blank\" rel=\"noreferrer noopener\">Die #vtfds Mediathek zum 4. Virtuellen Tag f\u00fcr das Stiftungsverm\u00f6gen<\/a><\/h2>\n\n\n\n<p>S\u00e4mtliche Inhalte des 4. Virtuellen Tags f\u00fcr das Stiftungsverm\u00f6gen gibt es wie gehabt in der #vtfds Mediathek zum Anschauen, Schm\u00f6kern, Mitschreiben, Verbreiten in den Stiftungsgremien und -netzwerken.<\/p>\n\n\n\n<figure class=\"wp-block-image size-full is-resized\"><a href=\"https:\/\/vtfds.de\/\" target=\"_blank\" rel=\"noreferrer noopener\"><img loading=\"lazy\" decoding=\"async\" src=\"https:\/\/stiftungsmarktplatz.eu\/blog\/wp-content\/uploads\/2023\/06\/vtfds2023-Fernseher2.png\" alt=\"\" class=\"wp-image-6111\" width=\"560\" height=\"372\" srcset=\"https:\/\/stiftungsmarktplatz.eu\/blog\/wp-content\/uploads\/2023\/06\/vtfds2023-Fernseher2.png 560w, https:\/\/stiftungsmarktplatz.eu\/blog\/wp-content\/uploads\/2023\/06\/vtfds2023-Fernseher2-300x199.png 300w\" sizes=\"auto, (max-width: 560px) 100vw, 560px\" \/><\/a><\/figure>\n\n\n\n<p>Wir k\u00f6nnen an dieser Stelle nur ein dickes DANKESCH\u00d6N an alle richten, die den 4. Virtuellen Tag f\u00fcr das Stiftungsverm\u00f6gen begleitet haben, ihn zu dem gemacht haben, was er heute ist (was vor vier Jahren niemand gedacht h\u00e4tte): Deutschlands erstes Fr\u00fchst\u00fccksfernsehen rund um Stiftungsverm\u00f6gen, die einzige TV-Show um deutschsprachigen Raum, die Stiftungsverm\u00f6gen zum Thema macht und \u00fcber die f\u00fcr das professionellere Management von Stiftungsverm\u00f6gen gestritten wird. Denn: Stiftungsverm\u00f6gen kann mehr.<\/p>\n\n\n\n<figure class=\"wp-block-image size-full\"><a href=\"https:\/\/vtfds.de\/\" target=\"_blank\" rel=\"noreferrer noopener\"><img loading=\"lazy\" decoding=\"async\" width=\"1200\" height=\"675\" src=\"https:\/\/stiftungsmarktplatz.eu\/blog\/wp-content\/uploads\/2023\/06\/vtfds-FF-in-B.jpg\" alt=\"\" class=\"wp-image-6112\"\/><\/a><\/figure>\n\n\n\n<p>Gerne verweisen wir an dieser Stelle auch noch einmal auf das FondsFibel #vtfds SPEZIAL, f\u00fcr das wir mit jedem der #vtfds Protagonisten ein ausf\u00fchrliches Interview gef\u00fchrt haben, also 30 Gespr\u00e4che \u00fcber Stiftungsverm\u00f6gen. Lesen Sie rein auf unserem Blog, <strong><a href=\"https:\/\/vtfds.de\/wp-content\/uploads\/2023\/05\/FF-vtfds-spezial-web.pdf\" target=\"_blank\" rel=\"noreferrer noopener\">oder ins PDF, dass wir in der Mediathek f\u00fcr Sie hinterlegt haben<\/a>.<\/strong><\/p>\n\n\n\n<h2 class=\"wp-block-heading\">Termine\u2026<\/h2>\n\n\n\n<p>Und wie es im Leben so ist, jagt im Sommer ein Termin den n\u00e4chsten.<br><\/p>\n\n\n\n<p><strong>M\u00fcnchner Stiftungstag #MST23<\/strong>, ab 12:30 Uhr im Kolping-Haus, der Themenkontext wird gespannt von der Kooperation \u00fcber das Suchen und Finden von Mitarbeitern bis hin zum Beitrag von Stiftungen bei Transformationsvorhaben; wir sind moderierend an Bord beim Gespr\u00e4ch ab 16:30 Uhr im Festsaal, u.a. mit Dr. Stefan Fritz von der Bischof-Arbeo-Stiftung; <a href=\"https:\/\/www.muenchnerstiftungstag.de\/\" target=\"_blank\" rel=\"noreferrer noopener\"><strong>zu Programm und Anmeldung finden Sie hier<\/strong><\/a>.<\/p>\n\n\n\n<p><strong>22. StiftungsIMPACT der ESV Akademie in Berlin<\/strong>, ab 17 Uhr, mit einer richtig illustren Runde und einem Thema auf der H\u00f6he der Zeit. Mit dabei sind #meinstiftungsexperte Dr. Christoph Mecking, Dr. Frederick Richter von der Stiftung Datenschutz, Dr. Verena Staats vom Bundesverband Deutscher Stiftungen und Jan Holze von der Deutschen Stiftung f\u00fcr Ehrenamt und Engagement; Thema ist Stiftung und Staat bzw. u.a. die Frage, welche Vorteile es hat, wenn der Statt als Stifter agiert. <a href=\"https:\/\/www.esv.info\/lp\/esv-akademie\/staatundstiftung?.ref=4mey-zb978q#buchung\" target=\"_blank\" rel=\"noreferrer noopener\"><strong>S\u00e4mtliche Programmdetails finden Sie hier<\/strong><\/a><strong>.<\/strong><\/p>\n\n\n\n<figure class=\"wp-block-image size-large is-resized\"><a href=\"https:\/\/www.esv.info\/lp\/esv-akademie\/staatundstiftung?.ref=4mey-zb978q#buchung\" target=\"_blank\" rel=\"noreferrer noopener\"><img loading=\"lazy\" decoding=\"async\" src=\"https:\/\/stiftungsmarktplatz.eu\/blog\/wp-content\/uploads\/2023\/06\/dst23-Tag-1-Berlin-am-Morgen-1024x768.jpg\" alt=\"dst23 Tag 1 Berlin am Morgen\" class=\"wp-image-6116\" width=\"696\" height=\"522\" srcset=\"https:\/\/stiftungsmarktplatz.eu\/blog\/wp-content\/uploads\/2023\/06\/dst23-Tag-1-Berlin-am-Morgen-1024x768.jpg 1024w, https:\/\/stiftungsmarktplatz.eu\/blog\/wp-content\/uploads\/2023\/06\/dst23-Tag-1-Berlin-am-Morgen-300x225.jpg 300w, https:\/\/stiftungsmarktplatz.eu\/blog\/wp-content\/uploads\/2023\/06\/dst23-Tag-1-Berlin-am-Morgen-768x576.jpg 768w, https:\/\/stiftungsmarktplatz.eu\/blog\/wp-content\/uploads\/2023\/06\/dst23-Tag-1-Berlin-am-Morgen-696x522.jpg 696w, https:\/\/stiftungsmarktplatz.eu\/blog\/wp-content\/uploads\/2023\/06\/dst23-Tag-1-Berlin-am-Morgen-1068x801.jpg 1068w, https:\/\/stiftungsmarktplatz.eu\/blog\/wp-content\/uploads\/2023\/06\/dst23-Tag-1-Berlin-am-Morgen-80x60.jpg 80w, https:\/\/stiftungsmarktplatz.eu\/blog\/wp-content\/uploads\/2023\/06\/dst23-Tag-1-Berlin-am-Morgen-160x120.jpg 160w, https:\/\/stiftungsmarktplatz.eu\/blog\/wp-content\/uploads\/2023\/06\/dst23-Tag-1-Berlin-am-Morgen-265x198.jpg 265w, https:\/\/stiftungsmarktplatz.eu\/blog\/wp-content\/uploads\/2023\/06\/dst23-Tag-1-Berlin-am-Morgen.jpg 1200w\" sizes=\"auto, (max-width: 696px) 100vw, 696px\" \/><\/a><\/figure>\n\n\n\n<h2 class=\"wp-block-heading\">Das finale Apercu<\/h2>\n\n\n\n<p>Was bleibt vom 4. Virtuellen Tag f\u00fcr das Stiftungsverm\u00f6gen? Einmal die Erkenntnis, dass Couchsurfing nicht nur den Erfahrungsschatz sondern auch das Netzwerk weitet (kleiner Insider vom Vorabend). Aber im Ernst. Der Virtuelle Tag f\u00fcr das Stiftungsverm\u00f6gen f\u00f6rderte doch einige f\u00fcr Stiftungen zielf\u00fchrende Erkenntnisse zutage. Dazu geh\u00f6rt das Freimachen von der Kalenderjahresdenke, dazu der feste Blick \u00fcber den Tellerrand hinaus, was das Anlageuniversum \u2013 und auch Vorbilder \u2013 anbelangt.<\/p>\n\n\n\n<p>Die Stiftungsrechtsreform wiederum gibt Stiftungsgremien Flexibilit\u00e4t an die Hand, aber dazu brauche in ein Plus an Handwerk, um damit umgehen zu k\u00f6nnen. Zum Wohle der Stiftung, das sind nicht nur vier warme Worte, sondern eine nicht gepolsterte Leitplanke entlang einer absehbar recht kurvigen und kupierten Stra\u00dfe, die nicht immer geteert ist.<\/p>\n\n\n\n<figure class=\"wp-block-image size-large\"><a href=\"https:\/\/vtfds.de\/\" target=\"_blank\" rel=\"noreferrer noopener\"><img loading=\"lazy\" decoding=\"async\" width=\"1024\" height=\"576\" src=\"https:\/\/stiftungsmarktplatz.eu\/blog\/wp-content\/uploads\/2023\/06\/vtfds-Vorabend-III-1024x576.jpg\" alt=\"\" class=\"wp-image-6118\" srcset=\"https:\/\/stiftungsmarktplatz.eu\/blog\/wp-content\/uploads\/2023\/06\/vtfds-Vorabend-III-1024x576.jpg 1024w, https:\/\/stiftungsmarktplatz.eu\/blog\/wp-content\/uploads\/2023\/06\/vtfds-Vorabend-III-300x169.jpg 300w, https:\/\/stiftungsmarktplatz.eu\/blog\/wp-content\/uploads\/2023\/06\/vtfds-Vorabend-III-768x432.jpg 768w, https:\/\/stiftungsmarktplatz.eu\/blog\/wp-content\/uploads\/2023\/06\/vtfds-Vorabend-III-696x392.jpg 696w, https:\/\/stiftungsmarktplatz.eu\/blog\/wp-content\/uploads\/2023\/06\/vtfds-Vorabend-III-1068x601.jpg 1068w, https:\/\/stiftungsmarktplatz.eu\/blog\/wp-content\/uploads\/2023\/06\/vtfds-Vorabend-III.jpg 1200w\" sizes=\"auto, (max-width: 1024px) 100vw, 1024px\" \/><\/a><\/figure>\n\n\n\n<p>Was der 4. Virtuellen Tag f\u00fcr das Stiftungsverm\u00f6gen aber zeigte, war uns nicht minder wichtig. Ein digitales Event geht auch cum Socializing, das haben die anderthalb Tage in Heidelberg Mitte Juni deutlich gezeigt.<\/p>\n\n\n\n<p>Ein reichweitenstarkes Digitalevent kann auch R\u00e4ume f\u00fcr sehr intensive pers\u00f6nliche Austausche kreieren. Nur war der Rahmen daf\u00fcr eben keine klassische Eventlocation, sondern das Studio von RNF in Heidelberg-Wieblingen.<\/p>\n\n\n\n<p>\u00dcber Stiftungsverm\u00f6gen zu sprechen, kann Br\u00fccken bauen, Stiftungsverm\u00f6gen k\u00fcnftig anders zu managen. Br\u00fccken bauen ist aber nur die erste \u00dcbung, viel wichtiger ist, auch \u00fcber die Br\u00fccke zu gehen. Der Virtuelle Tag f\u00fcr das Stiftungsverm\u00f6gen als Br\u00fcckentag oder Tag der Br\u00fccke? Das nehmen wir gerne als Gedanke mit f\u00fcr den #vtfds2024 am 12.6.2024.<\/p>\n","protected":false},"excerpt":{"rendered":"<p><span class=\"span-reading-time rt-reading-time\" style=\"display: block;\"><span class=\"rt-label rt-prefix\">Lesezeit: <\/span> <span class=\"rt-time\"> 4<\/span> <span class=\"rt-label rt-postfix\">Minuten<\/span><\/span>Rund 1.400 Zuschauer waren beim 4. Virtuellen Tag f\u00fcr das Stiftungsverm\u00f6gen live mit dabei, verfolgten, wie wir eine Petition f\u00fcr mehr Mut im Stiftungsverm\u00f6gen auf den Weg brachten. Denn genau den braucht es, aber daneben eben auch Haltung und Handwerk. <\/p>\n","protected":false},"author":8,"featured_media":6107,"comment_status":"closed","ping_status":"open","sticky":false,"template":"","format":"standard","meta":{"ngg_post_thumbnail":0,"footnotes":""},"categories":[395],"tags":[],"class_list":{"0":"post-6105","1":"post","2":"type-post","3":"status-publish","4":"format-standard","5":"has-post-thumbnail","7":"category-der-skipper-newsletter-archiv"},"yoast_head":"<!-- This site is optimized with the Yoast SEO plugin v27.4 - https:\/\/yoast.com\/product\/yoast-seo-wordpress\/ -->\n<title>\u00dcber 1.000 Zuschauer live beim 4. Virtuellen Tag f\u00fcr das Stiftungsverm\u00f6gen - Der Stiftungsblog f\u00fcr die Stiftungspraxis<\/title>\n<meta name=\"description\" content=\"Rund 1.400 Zuschauer waren beim 4. Virtuellen Tag f\u00fcr das Stiftungsverm\u00f6gen live mit dabei, verfolgten, wie wir eine Petition f\u00fcr mehr Mut im Stiftungsverm\u00f6gen auf den Weg brachten. Denn genau den braucht es, aber daneben eben auch Haltung und Handwerk.\" \/>\n<meta name=\"robots\" content=\"index, follow, max-snippet:-1, max-image-preview:large, max-video-preview:-1\" \/>\n<link rel=\"canonical\" href=\"https:\/\/stiftungsmarktplatz.eu\/blog\/ueber-1-000-zuschauer-live-beim-4-virtuellen-tag-fuer-das-stiftungsvermoegen\/\" \/>\n<meta property=\"og:locale\" content=\"de_DE\" \/>\n<meta property=\"og:type\" content=\"article\" \/>\n<meta property=\"og:title\" content=\"\u00dcber 1.000 Zuschauer live beim 4. Virtuellen Tag f\u00fcr das Stiftungsverm\u00f6gen - Der Stiftungsblog f\u00fcr die Stiftungspraxis\" \/>\n<meta property=\"og:description\" content=\"Rund 1.400 Zuschauer waren beim 4. Virtuellen Tag f\u00fcr das Stiftungsverm\u00f6gen live mit dabei, verfolgten, wie wir eine Petition f\u00fcr mehr Mut im Stiftungsverm\u00f6gen auf den Weg brachten. Denn genau den braucht es, aber daneben eben auch Haltung und Handwerk.\" \/>\n<meta property=\"og:url\" content=\"https:\/\/stiftungsmarktplatz.eu\/blog\/ueber-1-000-zuschauer-live-beim-4-virtuellen-tag-fuer-das-stiftungsvermoegen\/\" \/>\n<meta property=\"og:site_name\" content=\"Der Stiftungsblog f\u00fcr die Stiftungspraxis\" \/>\n<meta property=\"article:published_time\" content=\"2023-06-30T11:32:52+00:00\" \/>\n<meta property=\"og:image\" content=\"https:\/\/stiftungsmarktplatz.eu\/blog\/wp-content\/uploads\/2023\/06\/newsletter30062023.jpg\" \/>\n\t<meta property=\"og:image:width\" content=\"1200\" \/>\n\t<meta property=\"og:image:height\" content=\"675\" \/>\n\t<meta property=\"og:image:type\" content=\"image\/jpeg\" \/>\n<meta name=\"author\" content=\"Tobias Karow\" \/>\n<meta name=\"twitter:card\" content=\"summary_large_image\" \/>\n<meta name=\"twitter:label1\" content=\"Verfasst von\" \/>\n\t<meta name=\"twitter:data1\" content=\"Tobias Karow\" \/>\n\t<meta name=\"twitter:label2\" content=\"Gesch\u00e4tzte Lesezeit\" \/>\n\t<meta name=\"twitter:data2\" content=\"6\u00a0Minuten\" \/>\n<script type=\"application\/ld+json\" class=\"yoast-schema-graph\">{\"@context\":\"https:\\\/\\\/schema.org\",\"@graph\":[{\"@type\":\"Article\",\"@id\":\"https:\\\/\\\/stiftungsmarktplatz.eu\\\/blog\\\/ueber-1-000-zuschauer-live-beim-4-virtuellen-tag-fuer-das-stiftungsvermoegen\\\/#article\",\"isPartOf\":{\"@id\":\"https:\\\/\\\/stiftungsmarktplatz.eu\\\/blog\\\/ueber-1-000-zuschauer-live-beim-4-virtuellen-tag-fuer-das-stiftungsvermoegen\\\/\"},\"author\":{\"name\":\"Tobias Karow\",\"@id\":\"https:\\\/\\\/stiftungsmarktplatz.eu\\\/blog\\\/#\\\/schema\\\/person\\\/3a42780bf87a2088578f1e8077ccfa44\"},\"headline\":\"\u00dcber 1.000 Zuschauer live beim 4. Virtuellen Tag f\u00fcr das Stiftungsverm\u00f6gen\",\"datePublished\":\"2023-06-30T11:32:52+00:00\",\"mainEntityOfPage\":{\"@id\":\"https:\\\/\\\/stiftungsmarktplatz.eu\\\/blog\\\/ueber-1-000-zuschauer-live-beim-4-virtuellen-tag-fuer-das-stiftungsvermoegen\\\/\"},\"wordCount\":882,\"publisher\":{\"@id\":\"https:\\\/\\\/stiftungsmarktplatz.eu\\\/blog\\\/#organization\"},\"image\":{\"@id\":\"https:\\\/\\\/stiftungsmarktplatz.eu\\\/blog\\\/ueber-1-000-zuschauer-live-beim-4-virtuellen-tag-fuer-das-stiftungsvermoegen\\\/#primaryimage\"},\"thumbnailUrl\":\"https:\\\/\\\/stiftungsmarktplatz.eu\\\/blog\\\/wp-content\\\/uploads\\\/2023\\\/06\\\/newsletter30062023.jpg\",\"articleSection\":[\"Des Skippers Heimathafen - das Archiv\"],\"inLanguage\":\"de\"},{\"@type\":\"WebPage\",\"@id\":\"https:\\\/\\\/stiftungsmarktplatz.eu\\\/blog\\\/ueber-1-000-zuschauer-live-beim-4-virtuellen-tag-fuer-das-stiftungsvermoegen\\\/\",\"url\":\"https:\\\/\\\/stiftungsmarktplatz.eu\\\/blog\\\/ueber-1-000-zuschauer-live-beim-4-virtuellen-tag-fuer-das-stiftungsvermoegen\\\/\",\"name\":\"\u00dcber 1.000 Zuschauer live beim 4. Virtuellen Tag f\u00fcr das Stiftungsverm\u00f6gen - Der Stiftungsblog f\u00fcr die Stiftungspraxis\",\"isPartOf\":{\"@id\":\"https:\\\/\\\/stiftungsmarktplatz.eu\\\/blog\\\/#website\"},\"primaryImageOfPage\":{\"@id\":\"https:\\\/\\\/stiftungsmarktplatz.eu\\\/blog\\\/ueber-1-000-zuschauer-live-beim-4-virtuellen-tag-fuer-das-stiftungsvermoegen\\\/#primaryimage\"},\"image\":{\"@id\":\"https:\\\/\\\/stiftungsmarktplatz.eu\\\/blog\\\/ueber-1-000-zuschauer-live-beim-4-virtuellen-tag-fuer-das-stiftungsvermoegen\\\/#primaryimage\"},\"thumbnailUrl\":\"https:\\\/\\\/stiftungsmarktplatz.eu\\\/blog\\\/wp-content\\\/uploads\\\/2023\\\/06\\\/newsletter30062023.jpg\",\"datePublished\":\"2023-06-30T11:32:52+00:00\",\"description\":\"Rund 1.400 Zuschauer waren beim 4. Virtuellen Tag f\u00fcr das Stiftungsverm\u00f6gen live mit dabei, verfolgten, wie wir eine Petition f\u00fcr mehr Mut im Stiftungsverm\u00f6gen auf den Weg brachten. Denn genau den braucht es, aber daneben eben auch Haltung und Handwerk.\",\"breadcrumb\":{\"@id\":\"https:\\\/\\\/stiftungsmarktplatz.eu\\\/blog\\\/ueber-1-000-zuschauer-live-beim-4-virtuellen-tag-fuer-das-stiftungsvermoegen\\\/#breadcrumb\"},\"inLanguage\":\"de\",\"potentialAction\":[{\"@type\":\"ReadAction\",\"target\":[\"https:\\\/\\\/stiftungsmarktplatz.eu\\\/blog\\\/ueber-1-000-zuschauer-live-beim-4-virtuellen-tag-fuer-das-stiftungsvermoegen\\\/\"]}]},{\"@type\":\"ImageObject\",\"inLanguage\":\"de\",\"@id\":\"https:\\\/\\\/stiftungsmarktplatz.eu\\\/blog\\\/ueber-1-000-zuschauer-live-beim-4-virtuellen-tag-fuer-das-stiftungsvermoegen\\\/#primaryimage\",\"url\":\"https:\\\/\\\/stiftungsmarktplatz.eu\\\/blog\\\/wp-content\\\/uploads\\\/2023\\\/06\\\/newsletter30062023.jpg\",\"contentUrl\":\"https:\\\/\\\/stiftungsmarktplatz.eu\\\/blog\\\/wp-content\\\/uploads\\\/2023\\\/06\\\/newsletter30062023.jpg\",\"width\":1200,\"height\":675,\"caption\":\"Newsletter 30 Juni 2023\"},{\"@type\":\"BreadcrumbList\",\"@id\":\"https:\\\/\\\/stiftungsmarktplatz.eu\\\/blog\\\/ueber-1-000-zuschauer-live-beim-4-virtuellen-tag-fuer-das-stiftungsvermoegen\\\/#breadcrumb\",\"itemListElement\":[{\"@type\":\"ListItem\",\"position\":1,\"name\":\"Startseite\",\"item\":\"https:\\\/\\\/stiftungsmarktplatz.eu\\\/blog\\\/\"},{\"@type\":\"ListItem\",\"position\":2,\"name\":\"\u00dcber 1.000 Zuschauer live beim 4. Virtuellen Tag f\u00fcr das Stiftungsverm\u00f6gen\"}]},{\"@type\":\"WebSite\",\"@id\":\"https:\\\/\\\/stiftungsmarktplatz.eu\\\/blog\\\/#website\",\"url\":\"https:\\\/\\\/stiftungsmarktplatz.eu\\\/blog\\\/\",\"name\":\"Der Stiftungsblog f\u00fcr die Stiftungspraxis\",\"description\":\"#stiftungenst\u00e4rken - NPO-Expertise von NPO-Experten\",\"publisher\":{\"@id\":\"https:\\\/\\\/stiftungsmarktplatz.eu\\\/blog\\\/#organization\"},\"potentialAction\":[{\"@type\":\"SearchAction\",\"target\":{\"@type\":\"EntryPoint\",\"urlTemplate\":\"https:\\\/\\\/stiftungsmarktplatz.eu\\\/blog\\\/?s={search_term_string}\"},\"query-input\":{\"@type\":\"PropertyValueSpecification\",\"valueRequired\":true,\"valueName\":\"search_term_string\"}}],\"inLanguage\":\"de\"},{\"@type\":\"Organization\",\"@id\":\"https:\\\/\\\/stiftungsmarktplatz.eu\\\/blog\\\/#organization\",\"name\":\"stiftungsmarktplatz.eu GbR\",\"url\":\"https:\\\/\\\/stiftungsmarktplatz.eu\\\/blog\\\/\",\"logo\":{\"@type\":\"ImageObject\",\"inLanguage\":\"de\",\"@id\":\"https:\\\/\\\/stiftungsmarktplatz.eu\\\/blog\\\/#\\\/schema\\\/logo\\\/image\\\/\",\"url\":\"https:\\\/\\\/stiftungsmarktplatz.eu\\\/blog\\\/wp-content\\\/uploads\\\/2020\\\/03\\\/Logo-blog-retina.png\",\"contentUrl\":\"https:\\\/\\\/stiftungsmarktplatz.eu\\\/blog\\\/wp-content\\\/uploads\\\/2020\\\/03\\\/Logo-blog-retina.png\",\"width\":140,\"height\":130,\"caption\":\"stiftungsmarktplatz.eu GbR\"},\"image\":{\"@id\":\"https:\\\/\\\/stiftungsmarktplatz.eu\\\/blog\\\/#\\\/schema\\\/logo\\\/image\\\/\"},\"sameAs\":[\"https:\\\/\\\/www.linkedin.com\\\/company\\\/18563519\\\/\",\"https:\\\/\\\/www.youtube.com\\\/channel\\\/UCQrF6RQRFGxTokVV4nbx25Q\"]},{\"@type\":\"Person\",\"@id\":\"https:\\\/\\\/stiftungsmarktplatz.eu\\\/blog\\\/#\\\/schema\\\/person\\\/3a42780bf87a2088578f1e8077ccfa44\",\"name\":\"Tobias Karow\",\"image\":{\"@type\":\"ImageObject\",\"inLanguage\":\"de\",\"@id\":\"https:\\\/\\\/stiftungsmarktplatz.eu\\\/blog\\\/wp-content\\\/uploads\\\/2024\\\/05\\\/tobias-karow-2024-150x150.png\",\"url\":\"https:\\\/\\\/stiftungsmarktplatz.eu\\\/blog\\\/wp-content\\\/uploads\\\/2024\\\/05\\\/tobias-karow-2024-150x150.png\",\"contentUrl\":\"https:\\\/\\\/stiftungsmarktplatz.eu\\\/blog\\\/wp-content\\\/uploads\\\/2024\\\/05\\\/tobias-karow-2024-150x150.png\",\"caption\":\"Tobias Karow\"},\"description\":\"ist Gr\u00fcnder und Gesch\u00e4ftsf\u00fchrer von stiftungsmarktplatz.eu und im Stiftungswesen in Deutschland, \u00d6sterreich, der Schweiz und Liechtenstein seit 10 Jahren aktiv. Er ist Herausgeber der FondsFibel f\u00fcr Stiftungen &amp; NPOs, dem f\u00fchrenden Nachschlagewerk f\u00fcr Stiftungsfonds und stiftungsgeeignete Fonds (www.fondsfibel.de), Vortr\u00e4ge h\u00e4lt er vor allem zum Thema \u201aStiftungen und ihr Weg in die digitale Welt\u2018. F\u00fcr beide Themen betreibt er den Blog #stiftungenst\u00e4rken.\",\"sameAs\":[\"https:\\\/\\\/www.fondsfibel.de\"],\"url\":\"https:\\\/\\\/stiftungsmarktplatz.eu\\\/blog\\\/author\\\/tobias-karow\\\/\"}]}<\/script>\n<!-- \/ Yoast SEO plugin. -->","yoast_head_json":{"title":"\u00dcber 1.000 Zuschauer live beim 4. Virtuellen Tag f\u00fcr das Stiftungsverm\u00f6gen - Der Stiftungsblog f\u00fcr die Stiftungspraxis","description":"Rund 1.400 Zuschauer waren beim 4. Virtuellen Tag f\u00fcr das Stiftungsverm\u00f6gen live mit dabei, verfolgten, wie wir eine Petition f\u00fcr mehr Mut im Stiftungsverm\u00f6gen auf den Weg brachten. Denn genau den braucht es, aber daneben eben auch Haltung und Handwerk.","robots":{"index":"index","follow":"follow","max-snippet":"max-snippet:-1","max-image-preview":"max-image-preview:large","max-video-preview":"max-video-preview:-1"},"canonical":"https:\/\/stiftungsmarktplatz.eu\/blog\/ueber-1-000-zuschauer-live-beim-4-virtuellen-tag-fuer-das-stiftungsvermoegen\/","og_locale":"de_DE","og_type":"article","og_title":"\u00dcber 1.000 Zuschauer live beim 4. Virtuellen Tag f\u00fcr das Stiftungsverm\u00f6gen - Der Stiftungsblog f\u00fcr die Stiftungspraxis","og_description":"Rund 1.400 Zuschauer waren beim 4. Virtuellen Tag f\u00fcr das Stiftungsverm\u00f6gen live mit dabei, verfolgten, wie wir eine Petition f\u00fcr mehr Mut im Stiftungsverm\u00f6gen auf den Weg brachten. Denn genau den braucht es, aber daneben eben auch Haltung und Handwerk.","og_url":"https:\/\/stiftungsmarktplatz.eu\/blog\/ueber-1-000-zuschauer-live-beim-4-virtuellen-tag-fuer-das-stiftungsvermoegen\/","og_site_name":"Der Stiftungsblog f\u00fcr die Stiftungspraxis","article_published_time":"2023-06-30T11:32:52+00:00","og_image":[{"width":1200,"height":675,"url":"https:\/\/stiftungsmarktplatz.eu\/blog\/wp-content\/uploads\/2023\/06\/newsletter30062023.jpg","type":"image\/jpeg"}],"author":"Tobias Karow","twitter_card":"summary_large_image","twitter_misc":{"Verfasst von":"Tobias Karow","Gesch\u00e4tzte Lesezeit":"6\u00a0Minuten"},"schema":{"@context":"https:\/\/schema.org","@graph":[{"@type":"Article","@id":"https:\/\/stiftungsmarktplatz.eu\/blog\/ueber-1-000-zuschauer-live-beim-4-virtuellen-tag-fuer-das-stiftungsvermoegen\/#article","isPartOf":{"@id":"https:\/\/stiftungsmarktplatz.eu\/blog\/ueber-1-000-zuschauer-live-beim-4-virtuellen-tag-fuer-das-stiftungsvermoegen\/"},"author":{"name":"Tobias Karow","@id":"https:\/\/stiftungsmarktplatz.eu\/blog\/#\/schema\/person\/3a42780bf87a2088578f1e8077ccfa44"},"headline":"\u00dcber 1.000 Zuschauer live beim 4. Virtuellen Tag f\u00fcr das Stiftungsverm\u00f6gen","datePublished":"2023-06-30T11:32:52+00:00","mainEntityOfPage":{"@id":"https:\/\/stiftungsmarktplatz.eu\/blog\/ueber-1-000-zuschauer-live-beim-4-virtuellen-tag-fuer-das-stiftungsvermoegen\/"},"wordCount":882,"publisher":{"@id":"https:\/\/stiftungsmarktplatz.eu\/blog\/#organization"},"image":{"@id":"https:\/\/stiftungsmarktplatz.eu\/blog\/ueber-1-000-zuschauer-live-beim-4-virtuellen-tag-fuer-das-stiftungsvermoegen\/#primaryimage"},"thumbnailUrl":"https:\/\/stiftungsmarktplatz.eu\/blog\/wp-content\/uploads\/2023\/06\/newsletter30062023.jpg","articleSection":["Des Skippers Heimathafen - das Archiv"],"inLanguage":"de"},{"@type":"WebPage","@id":"https:\/\/stiftungsmarktplatz.eu\/blog\/ueber-1-000-zuschauer-live-beim-4-virtuellen-tag-fuer-das-stiftungsvermoegen\/","url":"https:\/\/stiftungsmarktplatz.eu\/blog\/ueber-1-000-zuschauer-live-beim-4-virtuellen-tag-fuer-das-stiftungsvermoegen\/","name":"\u00dcber 1.000 Zuschauer live beim 4. Virtuellen Tag f\u00fcr das Stiftungsverm\u00f6gen - Der Stiftungsblog f\u00fcr die Stiftungspraxis","isPartOf":{"@id":"https:\/\/stiftungsmarktplatz.eu\/blog\/#website"},"primaryImageOfPage":{"@id":"https:\/\/stiftungsmarktplatz.eu\/blog\/ueber-1-000-zuschauer-live-beim-4-virtuellen-tag-fuer-das-stiftungsvermoegen\/#primaryimage"},"image":{"@id":"https:\/\/stiftungsmarktplatz.eu\/blog\/ueber-1-000-zuschauer-live-beim-4-virtuellen-tag-fuer-das-stiftungsvermoegen\/#primaryimage"},"thumbnailUrl":"https:\/\/stiftungsmarktplatz.eu\/blog\/wp-content\/uploads\/2023\/06\/newsletter30062023.jpg","datePublished":"2023-06-30T11:32:52+00:00","description":"Rund 1.400 Zuschauer waren beim 4. Virtuellen Tag f\u00fcr das Stiftungsverm\u00f6gen live mit dabei, verfolgten, wie wir eine Petition f\u00fcr mehr Mut im Stiftungsverm\u00f6gen auf den Weg brachten. Denn genau den braucht es, aber daneben eben auch Haltung und Handwerk.","breadcrumb":{"@id":"https:\/\/stiftungsmarktplatz.eu\/blog\/ueber-1-000-zuschauer-live-beim-4-virtuellen-tag-fuer-das-stiftungsvermoegen\/#breadcrumb"},"inLanguage":"de","potentialAction":[{"@type":"ReadAction","target":["https:\/\/stiftungsmarktplatz.eu\/blog\/ueber-1-000-zuschauer-live-beim-4-virtuellen-tag-fuer-das-stiftungsvermoegen\/"]}]},{"@type":"ImageObject","inLanguage":"de","@id":"https:\/\/stiftungsmarktplatz.eu\/blog\/ueber-1-000-zuschauer-live-beim-4-virtuellen-tag-fuer-das-stiftungsvermoegen\/#primaryimage","url":"https:\/\/stiftungsmarktplatz.eu\/blog\/wp-content\/uploads\/2023\/06\/newsletter30062023.jpg","contentUrl":"https:\/\/stiftungsmarktplatz.eu\/blog\/wp-content\/uploads\/2023\/06\/newsletter30062023.jpg","width":1200,"height":675,"caption":"Newsletter 30 Juni 2023"},{"@type":"BreadcrumbList","@id":"https:\/\/stiftungsmarktplatz.eu\/blog\/ueber-1-000-zuschauer-live-beim-4-virtuellen-tag-fuer-das-stiftungsvermoegen\/#breadcrumb","itemListElement":[{"@type":"ListItem","position":1,"name":"Startseite","item":"https:\/\/stiftungsmarktplatz.eu\/blog\/"},{"@type":"ListItem","position":2,"name":"\u00dcber 1.000 Zuschauer live beim 4. Virtuellen Tag f\u00fcr das Stiftungsverm\u00f6gen"}]},{"@type":"WebSite","@id":"https:\/\/stiftungsmarktplatz.eu\/blog\/#website","url":"https:\/\/stiftungsmarktplatz.eu\/blog\/","name":"Der Stiftungsblog f\u00fcr die Stiftungspraxis","description":"#stiftungenst\u00e4rken - NPO-Expertise von NPO-Experten","publisher":{"@id":"https:\/\/stiftungsmarktplatz.eu\/blog\/#organization"},"potentialAction":[{"@type":"SearchAction","target":{"@type":"EntryPoint","urlTemplate":"https:\/\/stiftungsmarktplatz.eu\/blog\/?s={search_term_string}"},"query-input":{"@type":"PropertyValueSpecification","valueRequired":true,"valueName":"search_term_string"}}],"inLanguage":"de"},{"@type":"Organization","@id":"https:\/\/stiftungsmarktplatz.eu\/blog\/#organization","name":"stiftungsmarktplatz.eu GbR","url":"https:\/\/stiftungsmarktplatz.eu\/blog\/","logo":{"@type":"ImageObject","inLanguage":"de","@id":"https:\/\/stiftungsmarktplatz.eu\/blog\/#\/schema\/logo\/image\/","url":"https:\/\/stiftungsmarktplatz.eu\/blog\/wp-content\/uploads\/2020\/03\/Logo-blog-retina.png","contentUrl":"https:\/\/stiftungsmarktplatz.eu\/blog\/wp-content\/uploads\/2020\/03\/Logo-blog-retina.png","width":140,"height":130,"caption":"stiftungsmarktplatz.eu GbR"},"image":{"@id":"https:\/\/stiftungsmarktplatz.eu\/blog\/#\/schema\/logo\/image\/"},"sameAs":["https:\/\/www.linkedin.com\/company\/18563519\/","https:\/\/www.youtube.com\/channel\/UCQrF6RQRFGxTokVV4nbx25Q"]},{"@type":"Person","@id":"https:\/\/stiftungsmarktplatz.eu\/blog\/#\/schema\/person\/3a42780bf87a2088578f1e8077ccfa44","name":"Tobias Karow","image":{"@type":"ImageObject","inLanguage":"de","@id":"https:\/\/stiftungsmarktplatz.eu\/blog\/wp-content\/uploads\/2024\/05\/tobias-karow-2024-150x150.png","url":"https:\/\/stiftungsmarktplatz.eu\/blog\/wp-content\/uploads\/2024\/05\/tobias-karow-2024-150x150.png","contentUrl":"https:\/\/stiftungsmarktplatz.eu\/blog\/wp-content\/uploads\/2024\/05\/tobias-karow-2024-150x150.png","caption":"Tobias Karow"},"description":"ist Gr\u00fcnder und Gesch\u00e4ftsf\u00fchrer von stiftungsmarktplatz.eu und im Stiftungswesen in Deutschland, \u00d6sterreich, der Schweiz und Liechtenstein seit 10 Jahren aktiv. Er ist Herausgeber der FondsFibel f\u00fcr Stiftungen &amp; NPOs, dem f\u00fchrenden Nachschlagewerk f\u00fcr Stiftungsfonds und stiftungsgeeignete Fonds (www.fondsfibel.de), Vortr\u00e4ge h\u00e4lt er vor allem zum Thema \u201aStiftungen und ihr Weg in die digitale Welt\u2018. F\u00fcr beide Themen betreibt er den Blog #stiftungenst\u00e4rken.","sameAs":["https:\/\/www.fondsfibel.de"],"url":"https:\/\/stiftungsmarktplatz.eu\/blog\/author\/tobias-karow\/"}]}},"post_mailing_queue_ids":[],"_links":{"self":[{"href":"https:\/\/stiftungsmarktplatz.eu\/blog\/wp-json\/wp\/v2\/posts\/6105","targetHints":{"allow":["GET"]}}],"collection":[{"href":"https:\/\/stiftungsmarktplatz.eu\/blog\/wp-json\/wp\/v2\/posts"}],"about":[{"href":"https:\/\/stiftungsmarktplatz.eu\/blog\/wp-json\/wp\/v2\/types\/post"}],"author":[{"embeddable":true,"href":"https:\/\/stiftungsmarktplatz.eu\/blog\/wp-json\/wp\/v2\/users\/8"}],"replies":[{"embeddable":true,"href":"https:\/\/stiftungsmarktplatz.eu\/blog\/wp-json\/wp\/v2\/comments?post=6105"}],"version-history":[{"count":7,"href":"https:\/\/stiftungsmarktplatz.eu\/blog\/wp-json\/wp\/v2\/posts\/6105\/revisions"}],"predecessor-version":[{"id":6120,"href":"https:\/\/stiftungsmarktplatz.eu\/blog\/wp-json\/wp\/v2\/posts\/6105\/revisions\/6120"}],"wp:featuredmedia":[{"embeddable":true,"href":"https:\/\/stiftungsmarktplatz.eu\/blog\/wp-json\/wp\/v2\/media\/6107"}],"wp:attachment":[{"href":"https:\/\/stiftungsmarktplatz.eu\/blog\/wp-json\/wp\/v2\/media?parent=6105"}],"wp:term":[{"taxonomy":"category","embeddable":true,"href":"https:\/\/stiftungsmarktplatz.eu\/blog\/wp-json\/wp\/v2\/categories?post=6105"},{"taxonomy":"post_tag","embeddable":true,"href":"https:\/\/stiftungsmarktplatz.eu\/blog\/wp-json\/wp\/v2\/tags?post=6105"}],"curies":[{"name":"wp","href":"https:\/\/api.w.org\/{rel}","templated":true}]}}