{"id":5881,"date":"2023-06-03T14:00:00","date_gmt":"2023-06-03T12:00:00","guid":{"rendered":"https:\/\/stiftungsmarktplatz.eu\/blog\/?p=5881"},"modified":"2025-05-16T12:31:12","modified_gmt":"2025-05-16T10:31:12","slug":"wir-orientieren-uns-sehr-stark-am-gedanken-der-stiftungsfonds-der-us-amerikanischen-universitaeten","status":"publish","type":"post","link":"https:\/\/stiftungsmarktplatz.eu\/blog\/wir-orientieren-uns-sehr-stark-am-gedanken-der-stiftungsfonds-der-us-amerikanischen-universitaeten\/","title":{"rendered":"\u201eWir orientieren uns sehr stark am Gedanken der Stiftungsfonds der US-amerikanischen Universit\u00e4ten\u201c"},"content":{"rendered":"<span class=\"span-reading-time rt-reading-time\" style=\"display: block;\"><span class=\"rt-label rt-prefix\">Lesezeit: <\/span> <span class=\"rt-time\"> 7<\/span> <span class=\"rt-label rt-postfix\">Minuten<\/span><\/span>\n<p><em>Mit Bernhard Matthes von BKC Asset Management zu sprechen ist immer ein Vergn\u00fcgen. Denn er kann sehr sch\u00f6n herleiten, wie es um die Verfasstheit von M\u00e4rkten bestellt ist \u2013 und was sich daraus f\u00fcr das Stiftungsverm\u00f6gen ableitet. Bei ihm schwingt zwar immer ein gewisser skeptischer Bias mit, wenn er das gro\u00dfe Ganze beurteilt, aber er hat auch immer ein paar sehr konkrete Ideen in petto, wie Stiftungsverm\u00f6gen zeitgem\u00e4\u00df und zukunftsfest veranlagt werden sollte. Au\u00dferdem ruft er uns ins Bewusstsein, dass sich 2023 ein Ereignis zum hundertsten Mal j\u00e4hrt: die Hyperinflation in Deutschland im Jahr 1923.<\/em><\/p>\n\n\n\n<p><strong>FondsFibel: Stiftungsverm\u00f6gen, Epochenwechsel, Zeitenwende \u2013 in was f\u00fcr Zeiten leben wir gerade?<\/strong><br><em>Bernhard Matthes:<\/em> Das m\u00fcssen wir etwas sortieren, glaube ich. Ein Niedrigrenditeumfeld haben wir schon l\u00e4nger dadurch, dass die Notenbanken ohne Not den Realzins nach unten manipulieren. Alle Anlageklassen h\u00e4ngen, wenn Sie das analysieren, am Realzins. Die Renditem\u00f6glichkeiten bauen auf dem Realzinsumfeld auf. Das Niedrigrenditeumfeld ist jetzt seit vielen Jahren eine Konstante. Eine zweite Ebene ist das Politische. Hier sehen wir schon eine Zeitenwende, ganz klar. Wirtschaftlich wiederum treten wir wieder in ein dankbareres Umfeld ein. Beim Realzins existiert eine sehr sch\u00f6ne Direktionalit\u00e4t zwischen dem vorherrschenden Realzins zu Beginn einer Investmentperiode und den darauffolgenden Ertr\u00e4gen, beispielsweise \u00fcber einen rollierenden F\u00fcnf- oder Siebenjahres-Zeitraum. Demnach gehen hohe Positivrealzinsen, wie wir sie Anfang der 1980er hatten, einher mit nachfolgend sehr ansprechender Risikokompensation, wo Sie gute und vern\u00fcnftige Ertr\u00e4ge erwirtschaften k\u00f6nnen. Ein Umfeld niedriger oder negativer Realzinsen dagegen geht typischerweise einher mit entt\u00e4uschenden Anlagerenditen in allen Anlageklassen.<\/p>\n\n\n\n<p><strong>FondsFibel: Wie gehe ich damit nun als Stiftung um?<\/strong><br><em>Bernhard Matthes: <\/em>Erst einmal gilt es, keine Angst vor Einbr\u00fcchen an den B\u00f6rsen zu haben. Die R\u00fcckschau zeigt, dass die Zeit f\u00fcr Anleger arbeitet und zwischenzeitliche Schwankungen meist z\u00fcgig aufgeholt werden k\u00f6nnen. Wenn Sie eine Stiftung oder eine Kirche oder jemand, der in Jahrzehnten oder Jahrhunderten denkt, sind, ist das in einem Chart \u00fcber 50 Jahre kaum zu erkennen. In dem Moment ist es nat\u00fcrlich schmerzhaft, auch das, was wir letztes Jahr hatten, ist schmerzhaft, wenn ich es meinem Gremium erkl\u00e4ren muss. Aber auf einen langen Zeitraum ist es nicht erheblich. Viel wichtiger ist es, bei einer einmal gew\u00e4hlten Disziplin zu bleiben und sich in solchen Phasen nicht ins Bockshorn jagen zu lassen.<\/p>\n\n\n\n<figure class=\"wp-block-image size-large\"><a href=\"https:\/\/vtfds.de\/\" target=\"_blank\" rel=\"noreferrer noopener\"><img loading=\"lazy\" decoding=\"async\" width=\"1024\" height=\"576\" src=\"https:\/\/stiftungsmarktplatz.eu\/blog\/wp-content\/uploads\/2023\/05\/twitter-bernhard-matthes-1024x576.jpg\" alt=\"Bernhard Matthes\" class=\"wp-image-5886\" srcset=\"https:\/\/stiftungsmarktplatz.eu\/blog\/wp-content\/uploads\/2023\/05\/twitter-bernhard-matthes-1024x576.jpg 1024w, https:\/\/stiftungsmarktplatz.eu\/blog\/wp-content\/uploads\/2023\/05\/twitter-bernhard-matthes-300x169.jpg 300w, https:\/\/stiftungsmarktplatz.eu\/blog\/wp-content\/uploads\/2023\/05\/twitter-bernhard-matthes-768x432.jpg 768w, https:\/\/stiftungsmarktplatz.eu\/blog\/wp-content\/uploads\/2023\/05\/twitter-bernhard-matthes-696x392.jpg 696w, https:\/\/stiftungsmarktplatz.eu\/blog\/wp-content\/uploads\/2023\/05\/twitter-bernhard-matthes-1068x601.jpg 1068w, https:\/\/stiftungsmarktplatz.eu\/blog\/wp-content\/uploads\/2023\/05\/twitter-bernhard-matthes.jpg 1200w\" sizes=\"auto, (max-width: 1024px) 100vw, 1024px\" \/><\/a><\/figure>\n\n\n\n<p><strong>FondsFibel: Das hei\u00dft, ich muss mir als Stiftung jetzt schon einmal Gedanken machen, ob ich die letzten zehn, f\u00fcnfzehn Jahre richtig aufgestellt war?<\/strong><br><em>Bernhard Matthes:<\/em> Unserer Beobachtung nach haben sich viele Stiftungen diese Gedanken schon gemacht. Viele haben ihre traditionell hohen Zinsquoten reduziert, Anlagerichtlinien \u00fcberarbeitet, h\u00f6here Aktienquoten zugelassen, sich auch anderen Anlageklassen ge\u00f6ffnet \u2013 ungl\u00fccklicherweise denjenigen, die jetzt st\u00e4rkeren Risiken ausgesetzt sind, etwa Immobilien oder Private Equity. Die Finanzrepression wird in Zukunft wohl eine Konstante bleiben. Wir hatten ja gehofft, dass das Thema irgendwann zu den Akten gelegt werden kann. Aber jetzt sehen wir, dass der Spielraum f\u00fcr Preisstabilit\u00e4t nur so weit tr\u00e4gt, wie die Systemstabilit\u00e4t nicht in Gefahr ger\u00e4t, wie wir das jetzt beim Krisenmanagement der Silicon Valley Bank-Rettung gesehen haben.<\/p>\n\n\n\n<p><strong>FondsFibel: Was bedeuten solche Ereignisse f\u00fcr die Bek\u00e4mpfung der Inflation?<\/strong><br><em>Bernhard Matthes:<\/em> Eine glaubw\u00fcrdige Inflationsbek\u00e4mpfung wird kaum mehr m\u00f6glich sein, weshalb uns die negativen Realzinsen nach vorne erhalten bleiben werden. Dies liegt nat\u00fcrlich im politischen Interesse der hoch verschuldeten Staaten, die auf negative Realzinsen angewiesen sind, um ihre Schuldenberge, man m\u00fcsste eher sagen Schulden-Himalayas, abzutragen. Insgesamt glauben wir, dass der Inflationsdruck strukturell hoch bleibt, aus ganz verschiedenen Themen. Krieg ist immer inflation\u00e4r, zum anderen wirkt das Thema Onshoring sehr stark inflation\u00e4r mit auf Jahre bestehender Nachfrage. Zudem laufen deflation\u00e4re Effekte in erster Linie aus. China hat jahrelang Deflation in den Westen exportiert, jetzt steigen auch dort die Lohnkosten sehr stark. Auch der Zerfall der Welt in zwei Lager, von der unipolaren zur multipolaren Ordnung, wird inflation\u00e4r wirken, wie auch Demographie (Stichwort Verhandlungsmacht der Arbeitnehmer) und vermutlich strukturell h\u00f6here Rohstoffpreise. Allerdings haben L\u00e4nder wie Mexiko, Peru oder Brasilien deutlich niedrigere Inflationsraten als die Eurozone. Diese Regionen, die fr\u00fcher herablassend als Bananenrepubliken, als Hochinflationsgebiete klassifiziert wurden, haben heute teilweise eine h\u00f6here Disziplin und einen besseren Fokus auf Geldwertstabilit\u00e4t, als das bei EZB, FED oder Bank of England der Fall ist. Ein \u00d6konom der tschechischen Notenbank hat einmal gesagt: \u201eWir haben ein Auto konstruiert, das explodiert, wenn es stehen bleibt.\u201c Und genau das ist die korrekte Analogie zu unserem Finanzsystem. Alle reden \u00fcber Nachhaltigkeit, aber niemand \u00fcber die Nachhaltigkeit unseres Finanzsystems, das mit vielen problematischen Eigenschaften behaftet ist. Niemand redet \u00fcber Generationengerechtigkeit (Stichwort Verschuldung). Die Antwort w\u00e4re eine R\u00fcckkehr zu solider Haushaltsf\u00fchrung. Die Staaten m\u00fcssen von ihren Ausgabeorgien weg. Freiwillig werden sie das nicht tun. Politiker, die wiedergew\u00e4hlt werden wollen, begrenzen sich nicht im erforderlichen Ma\u00dfe.<\/p>\n\n\n\n<p><strong>FondsFibel: Es schwingt bei Ihnen ein eher pessimistischer Bias mit. Gibt es irgendetwas, wo positive Effekte herkommen k\u00f6nnten?<\/strong><br><em>Bernhard Matthes:<\/em> Die regionale Differenzierung ist da wahrscheinlich genau der richtige Fokus. Sehr viel Positives aus Europa w\u00fcrde ich mir jetzt nicht erwarten, weil da nat\u00fcrlich auch alles drangesetzt wird, die Erfolgsvoraussetzungen leichtfertig bis vors\u00e4tzlich zu besch\u00e4digen. Ein Gewinner werden nat\u00fcrlich die USA sein, man sieht ja jetzt schon die Wanderungsbewegungen, dass produzierendes Gewerbe aus dem Mittelstand zusammenpackt und dort produziert, einfach weil es dort verf\u00fcgbare und bezahlbare Energie gibt. Die Amerikaner haben auch viel st\u00e4rker als die Europ\u00e4er ihre eigenen Interessen im Blick. Dass Subventionen die richtige Politik sind, w\u00fcrde ich als Freund der Marktwirtschaft nicht unterschreiben, aber es wird \u2013 wie beim sog. Inflation Reduction Act \u2013 praktiziert und verfehlt zumindest im Standortwettbewerb die beabsichtigte Wirkung nicht. In den Emerging Markets muss man sehen, wie diese Blockbildung \u2013 auf der einen Seite die westliche Welt, auf der anderen Seite die BRICS Plus mit \u00fcberraschenden Ann\u00e4herungen, etwa China und Saudi-Arabien \u2013 sich auswirken wird. Ich k\u00f6nnte mir vorstellen, dass es dort interessante Investmentm\u00f6glichkeiten gibt. Aber aus der Sicht dessen, der dort nicht ans\u00e4ssig ist, bestehen auch Risiken, wie wir jetzt in Russland gesehen haben. Sie wissen nicht, ob Ihr Invest morgen noch werthaltig sein wird oder ob Staaten, die sich aus westlicher Sicht nicht wohlverhalten, mit Sanktionen belegt werden und Sie nicht wissen, ob Sie morgen noch Zugang zu Ihren Investments haben, was gerade bei China eine aktuelle Frage ist.<\/p>\n\n\n\n<figure class=\"wp-block-image size-large\"><a href=\"https:\/\/vtfds.de\/\" target=\"_blank\" rel=\"noreferrer noopener\"><img loading=\"lazy\" decoding=\"async\" width=\"1024\" height=\"724\" src=\"https:\/\/stiftungsmarktplatz.eu\/blog\/wp-content\/uploads\/2023\/05\/vtfds2023-plakat-quer-1024x724.jpg\" alt=\"vtfds2023 - 4. Virtueller Tag f\u00fcr das Stiftungsverm\u00f6gen\" class=\"wp-image-5803\" srcset=\"https:\/\/stiftungsmarktplatz.eu\/blog\/wp-content\/uploads\/2023\/05\/vtfds2023-plakat-quer-1024x724.jpg 1024w, https:\/\/stiftungsmarktplatz.eu\/blog\/wp-content\/uploads\/2023\/05\/vtfds2023-plakat-quer-300x212.jpg 300w, https:\/\/stiftungsmarktplatz.eu\/blog\/wp-content\/uploads\/2023\/05\/vtfds2023-plakat-quer-768x543.jpg 768w, https:\/\/stiftungsmarktplatz.eu\/blog\/wp-content\/uploads\/2023\/05\/vtfds2023-plakat-quer-696x492.jpg 696w, https:\/\/stiftungsmarktplatz.eu\/blog\/wp-content\/uploads\/2023\/05\/vtfds2023-plakat-quer-1068x755.jpg 1068w, https:\/\/stiftungsmarktplatz.eu\/blog\/wp-content\/uploads\/2023\/05\/vtfds2023-plakat-quer-100x70.jpg 100w, https:\/\/stiftungsmarktplatz.eu\/blog\/wp-content\/uploads\/2023\/05\/vtfds2023-plakat-quer-200x140.jpg 200w, https:\/\/stiftungsmarktplatz.eu\/blog\/wp-content\/uploads\/2023\/05\/vtfds2023-plakat-quer.jpg 1200w\" sizes=\"auto, (max-width: 1024px) 100vw, 1024px\" \/><\/a><\/figure>\n\n\n\n<p><strong>FondsFibel: Also muss ich als Stiftung in jedem Fall auch mehr an Geopolitik denken?<\/strong><br><em>Bernhard Matthes:<\/em> Oder einen Verwalter haben, der das macht (lacht). Ja, und deutlich h\u00f6here Risikopr\u00e4mien verlangen, als das in der Vergangenheit der Fall war. Sicherlich bleibt trotzdem die Bewertung, dass viele EM-W\u00e4hrungen g\u00fcnstig bewertet sind, die haben gerade 2020 ihren ultimativen Stresstest \u00fcberstanden. Sie hatten ihre Hausaufgaben gemacht. Sie sind gegen\u00fcber den gro\u00dfen Krisen sehr viel resilienter geworden. Weniger Verschuldung, bessere Au\u00dfenposition, viele haben ja unter Schmerzen eine vom IWF verordnete Rosskur durchgef\u00fchrt. Heute sind diese W\u00e4hrungen oft resilienter gegen\u00fcber westlichen W\u00e4hrungen, die ihre Reformen noch vor sich haben. Aber bei uns oder in Italien oder Frankreich sehen wir mangelnde Reformwilligkeit und auch Reformf\u00e4higkeit. Die Unternehmen in Europa m\u00fcssen sich ja mehr mit den Tiefen von Daten-, Brand- und Denkmalschutz besch\u00e4ftigen, aber nicht mit ihrem Gesch\u00e4ftsmodell. Insofern sind Emerging Markets und die USA da attraktivere Standorte, ebenso Gro\u00dfbritannien als Brexit-Gewinner.<br><br><strong>FondsFibel: Und unsere Anspruchshaltung ist vermutlich auch nicht mehr zeitgem\u00e4\u00df.<\/strong><br><em>Bernhard Matthes:<\/em> Diese stellt eine Gefahr f\u00fcr den Wohlstand dar. Die Schuldenpolitik der letzten Jahrzehnte kann in jedem Fall nicht als nachhaltig bezeichnet werden. Gleichzeitig hat man sich gerade in Deutschland zu stark auf den Lorbeeren der Vergangenheit ausgeruht und Innovationsf\u00e4higkeit verloren. Dabei spielt auch der Euro eine Rolle. Die feste DM zwang das Gesch\u00e4ftsmodell Deutschland, wie heute die Schweiz, zu best\u00e4ndiger Innovation und Weiterentwicklung. Und wenn wir uns alle gegenseitig nur noch Essen liefern, werden wir das Wohlstandsniveau sicher nicht halten k\u00f6nnen. Es geht eben um das Thema der geographischen Differenzierung in Europa, und auch das Thema der antifragilen Verm\u00f6genswerte spielt ein Rolle.<\/p>\n\n\n\n<p><strong>FondsFibel: Was genau hei\u00dft das?<\/strong><br><em>Bernhard Matthes:<\/em> Nach Nassim Taleb bedeutet antifragil nicht nur, dass etwas robust ist im Stressfall, sondern dass es unter allgemein ung\u00fcnstigen Bedingungen gar profitiert. Da f\u00e4llt mir zuallererst Gold ein. JP Morgan wusste schon vor \u00fcber 100 Jahren: Gold is money, everything else is credit. Gold hat sich tats\u00e4chlich als kaufkrafterhaltende W\u00e4hrung bew\u00e4hrt und wertet seit Euro-Einf\u00fchrung 1999 zuverl\u00e4ssig mit acht, neun Prozent pro Jahr gegen\u00fcber dem Euro auf. Gold steigt in dem Ma\u00dfe an, in dem die Notenbanken vors\u00e4tzlich die Geldmenge verw\u00e4ssern. Auf lange Sicht kann Gold Kaufkraft wesentlich besser erhalten als Renten oder \u00e4hnliches mit \u00fcber 2.000 Jahren akkumulierter Vertrauenshistorie. Papierw\u00e4hrungen kommen im Schnitt auf 30, 40 Jahre Lebenszeit.<br><br><strong>FondsFibel: Weil Sie von Gold sprechen, in diesem Jahr j\u00e4hrt sich ja die Hyperinflation im Jahr 1923 zum hundertsten Mal.<\/strong><br><em>Bernhard Matthes:<\/em> Ich habe k\u00fcrzlich von Frank Stocker, WELT-Journalist, das lesenswerte Buch ,,Die Inflation von 1923 &#8211; Wie es zur gr\u00f6\u00dften deutschen Geldkatastrophe kam \u201c gelesen, in dem auch Beispiele aus der damaligen Zeit, etwa Hungerrevolten, behandelt werden, wor\u00fcber man sich heute gar keine Gedanken mehr macht, allenfalls noch aus Erz\u00e4hlungen kennt. Oder wenn Sie ein Haus verkauft haben, um ein neues zu kaufen, waren Sie ruiniert, weil Sie f\u00fcr den Erl\u00f6s vielleicht noch ein Brot bekommen haben. Dieses \u201eNie wieder\u201c, was in Deutschland lange Zeit galt und Bundesbank-Tradition, Bundesbank-Mentalit\u00e4t begr\u00fcndet hat, ist sehr stark in Vergessenheit geraten, auch weil es keine Zeitzeugen mehr gibt, die hiervon berichten k\u00f6nnten. Man hat den Deutschen ja auch immer den Willen zur Finanzstabilit\u00e4t zugeschrieben, der inzwischen stark nachgelassen hat. Und wenn wir einmal zur\u00fcckschauen, welche Folgen die Hyperinflation sozio\u00f6konomisch und politisch hatte, ist es ein Spiel mit dem Feuer.<\/p>\n\n\n\n<p><strong>FondsFibel: Womit wir den Kreis zum Stiftungsverm\u00f6gen schlie\u00dfen k\u00f6nnen. Welches Setup k\u00f6nnte ein zeitgem\u00e4\u00dfes f\u00fcr Stiftungen sein?<\/strong><br><em>Bernhard Matthes:<\/em> Das Modell Aktien und Gold ist f\u00fcr viele Stiftungen wahrscheinlich ein geeigneteres Setup als eine Grundausrichtung, die sehr stark Zins und Cash umfasst. Das ist ja die Beobachtung, dass viele Stiftungen aus dem genannten Verhalten immer noch recht zinslastig unterwegs sind. Wir orientieren uns sehr stark am Gedanken der Stiftungsfonds der US-amerikanischen Universit\u00e4ten, die eine breite Diversifikation seit Jahrzenten erfolgreich praktizieren und nicht nur auf die Monokultur-Aktienrenten, sondern im Rahmen des M\u00f6glichen auch andere Risikopr\u00e4mien ins Portfolio holen, die gerade nicht aktien- und zinskorreliert sind. Dies hat nat\u00fcrlich den Preis von etwas mehr Schwankungen, als eine typische deutsche Stiftung oftmals traditionell praktiziert hat, aber auch das muss man wieder langfristig betrachten. Langfristig sehen Sie Crashs wie jenen im Jahr 1987 oder 2008 oder 2020 kaum noch im Chart. Langfristig ist dieses Kurzfristige egal. Die gro\u00dfen Jahrhundertkatastrophen \u2013 Krieg, W\u00e4hrungsreform oder Hyperinflation \u2013 \u00fcberleben Sie aber viel eher mit realen Sachwerten als mit Zinspapieren. &nbsp;<\/p>\n\n\n\n<figure class=\"wp-block-image size-full\"><a href=\"https:\/\/magazin.vtfds.de\" target=\"_blank\" rel=\"noreferrer noopener\"><img loading=\"lazy\" decoding=\"async\" width=\"970\" height=\"250\" src=\"https:\/\/stiftungsmarktplatz.eu\/blog\/wp-content\/uploads\/2023\/05\/vtfds2023-Interview970x250.jpg\" alt=\"vtfds2023 - Magazin-Download\" class=\"wp-image-5807\" srcset=\"https:\/\/stiftungsmarktplatz.eu\/blog\/wp-content\/uploads\/2023\/05\/vtfds2023-Interview970x250.jpg 970w, https:\/\/stiftungsmarktplatz.eu\/blog\/wp-content\/uploads\/2023\/05\/vtfds2023-Interview970x250-300x77.jpg 300w, https:\/\/stiftungsmarktplatz.eu\/blog\/wp-content\/uploads\/2023\/05\/vtfds2023-Interview970x250-768x198.jpg 768w, https:\/\/stiftungsmarktplatz.eu\/blog\/wp-content\/uploads\/2023\/05\/vtfds2023-Interview970x250-696x179.jpg 696w\" sizes=\"auto, (max-width: 970px) 100vw, 970px\" \/><\/a><\/figure>\n\n\n\n<p><strong>FondsFibel: Wieder mal ein sehr tiefer Einblick in die Statik des Finanzsystems und der Finanzm\u00e4rkte, wir danken Ihnen sehr daf\u00fcr.<\/strong><br><\/p>\n","protected":false},"excerpt":{"rendered":"<p><span class=\"span-reading-time rt-reading-time\" style=\"display: block;\"><span class=\"rt-label rt-prefix\">Lesezeit: <\/span> <span class=\"rt-time\"> 7<\/span> <span class=\"rt-label rt-postfix\">Minuten<\/span><\/span>Mit Bernhard Matthes von BKC Asset Management zu sprechen ist immer ein Vergn\u00fcgen. Denn er kann sehr sch\u00f6n herleiten, wie es um die Verfasstheit von M\u00e4rkten bestellt ist \u2013 und was sich daraus f\u00fcr das Stiftungsverm\u00f6gen ableitet. Bei ihm schwingt zwar immer ein gewisser skeptischer Bias mit, wenn er das gro\u00dfe Ganze beurteilt, aber er hat auch immer ein paar sehr konkrete Ideen in petto, wie Stiftungsverm\u00f6gen zeitgem\u00e4\u00df und zukunftsfest veranlagt werden sollte. Au\u00dferdem ruft er uns ins Bewusstsein, dass sich 2023 ein Ereignis zum hundertsten Mal j\u00e4hrt: die Hyperinflation in Deutschland im Jahr 1923.<\/p>\n","protected":false},"author":8,"featured_media":5945,"comment_status":"closed","ping_status":"open","sticky":false,"template":"","format":"standard","meta":{"ngg_post_thumbnail":0,"footnotes":""},"categories":[5],"tags":[405,24,27,74,263,380],"class_list":{"0":"post-5881","1":"post","2":"type-post","3":"status-publish","4":"format-standard","5":"has-post-thumbnail","7":"category-stiftungsvermoegen-und-stiftungsfonds","8":"tag-zeitenwende","9":"tag-fondsfibel","10":"tag-stiftungsvermoegen","11":"tag-aktienquote","12":"tag-vtfds","13":"tag-inflation"},"yoast_head":"<!-- This site is optimized with the Yoast SEO plugin v27.4 - https:\/\/yoast.com\/product\/yoast-seo-wordpress\/ -->\n<title>\u201eWir orientieren uns sehr stark am Gedanken der Stiftungsfonds der US-amerikanischen Universit\u00e4ten\u201c - Der Stiftungsblog f\u00fcr die Stiftungspraxis<\/title>\n<meta name=\"description\" content=\"Mit Bernhard Matthes von BKC Asset Management zu sprechen ist immer ein Vergn\u00fcgen. Denn er kann sehr sch\u00f6n herleiten, wie es um die Verfasstheit von M\u00e4rkten bestellt ist \u2013 und was sich daraus f\u00fcr das Stiftungsverm\u00f6gen ableitet.\" \/>\n<meta name=\"robots\" content=\"index, follow, max-snippet:-1, max-image-preview:large, max-video-preview:-1\" \/>\n<link rel=\"canonical\" href=\"https:\/\/stiftungsmarktplatz.eu\/blog\/wir-orientieren-uns-sehr-stark-am-gedanken-der-stiftungsfonds-der-us-amerikanischen-universitaeten\/\" \/>\n<meta property=\"og:locale\" content=\"de_DE\" \/>\n<meta property=\"og:type\" content=\"article\" \/>\n<meta property=\"og:title\" content=\"\u201eWir orientieren uns sehr stark am Gedanken der Stiftungsfonds der US-amerikanischen Universit\u00e4ten\u201c - Der Stiftungsblog f\u00fcr die Stiftungspraxis\" \/>\n<meta property=\"og:description\" content=\"Mit Bernhard Matthes von BKC Asset Management zu sprechen ist immer ein Vergn\u00fcgen. Denn er kann sehr sch\u00f6n herleiten, wie es um die Verfasstheit von M\u00e4rkten bestellt ist \u2013 und was sich daraus f\u00fcr das Stiftungsverm\u00f6gen ableitet.\" \/>\n<meta property=\"og:url\" content=\"https:\/\/stiftungsmarktplatz.eu\/blog\/wir-orientieren-uns-sehr-stark-am-gedanken-der-stiftungsfonds-der-us-amerikanischen-universitaeten\/\" \/>\n<meta property=\"og:site_name\" content=\"Der Stiftungsblog f\u00fcr die Stiftungspraxis\" \/>\n<meta property=\"article:published_time\" content=\"2023-06-03T12:00:00+00:00\" \/>\n<meta property=\"article:modified_time\" content=\"2025-05-16T10:31:12+00:00\" \/>\n<meta property=\"og:image\" content=\"https:\/\/stiftungsmarktplatz.eu\/blog\/wp-content\/uploads\/2023\/06\/blogteaser-Bernhard-Matthes.jpg\" \/>\n\t<meta property=\"og:image:width\" content=\"1200\" \/>\n\t<meta property=\"og:image:height\" content=\"675\" \/>\n\t<meta property=\"og:image:type\" content=\"image\/jpeg\" \/>\n<meta name=\"author\" content=\"Tobias Karow\" \/>\n<meta name=\"twitter:card\" content=\"summary_large_image\" \/>\n<meta name=\"twitter:label1\" content=\"Verfasst von\" \/>\n\t<meta name=\"twitter:data1\" content=\"Tobias Karow\" \/>\n\t<meta name=\"twitter:label2\" content=\"Gesch\u00e4tzte Lesezeit\" \/>\n\t<meta name=\"twitter:data2\" content=\"10\u00a0Minuten\" \/>\n<script type=\"application\/ld+json\" class=\"yoast-schema-graph\">{\"@context\":\"https:\\\/\\\/schema.org\",\"@graph\":[{\"@type\":\"Article\",\"@id\":\"https:\\\/\\\/stiftungsmarktplatz.eu\\\/blog\\\/wir-orientieren-uns-sehr-stark-am-gedanken-der-stiftungsfonds-der-us-amerikanischen-universitaeten\\\/#article\",\"isPartOf\":{\"@id\":\"https:\\\/\\\/stiftungsmarktplatz.eu\\\/blog\\\/wir-orientieren-uns-sehr-stark-am-gedanken-der-stiftungsfonds-der-us-amerikanischen-universitaeten\\\/\"},\"author\":{\"name\":\"Tobias Karow\",\"@id\":\"https:\\\/\\\/stiftungsmarktplatz.eu\\\/blog\\\/#\\\/schema\\\/person\\\/3a42780bf87a2088578f1e8077ccfa44\"},\"headline\":\"\u201eWir orientieren uns sehr stark am Gedanken der Stiftungsfonds der US-amerikanischen Universit\u00e4ten\u201c\",\"datePublished\":\"2023-06-03T12:00:00+00:00\",\"dateModified\":\"2025-05-16T10:31:12+00:00\",\"mainEntityOfPage\":{\"@id\":\"https:\\\/\\\/stiftungsmarktplatz.eu\\\/blog\\\/wir-orientieren-uns-sehr-stark-am-gedanken-der-stiftungsfonds-der-us-amerikanischen-universitaeten\\\/\"},\"wordCount\":1889,\"publisher\":{\"@id\":\"https:\\\/\\\/stiftungsmarktplatz.eu\\\/blog\\\/#organization\"},\"image\":{\"@id\":\"https:\\\/\\\/stiftungsmarktplatz.eu\\\/blog\\\/wir-orientieren-uns-sehr-stark-am-gedanken-der-stiftungsfonds-der-us-amerikanischen-universitaeten\\\/#primaryimage\"},\"thumbnailUrl\":\"https:\\\/\\\/stiftungsmarktplatz.eu\\\/blog\\\/wp-content\\\/uploads\\\/2023\\\/06\\\/blogteaser-Bernhard-Matthes.jpg\",\"keywords\":[\"Zeitenwende\",\"FondsFibel\",\"Stiftungsverm\u00f6gen\",\"Aktienquote\",\"vtfds\",\"Inflation\"],\"articleSection\":[\"Stiftungsverm\u00f6gen &amp; Stiftungsfonds\"],\"inLanguage\":\"de\"},{\"@type\":\"WebPage\",\"@id\":\"https:\\\/\\\/stiftungsmarktplatz.eu\\\/blog\\\/wir-orientieren-uns-sehr-stark-am-gedanken-der-stiftungsfonds-der-us-amerikanischen-universitaeten\\\/\",\"url\":\"https:\\\/\\\/stiftungsmarktplatz.eu\\\/blog\\\/wir-orientieren-uns-sehr-stark-am-gedanken-der-stiftungsfonds-der-us-amerikanischen-universitaeten\\\/\",\"name\":\"\u201eWir orientieren uns sehr stark am Gedanken der Stiftungsfonds der US-amerikanischen Universit\u00e4ten\u201c - Der Stiftungsblog f\u00fcr die Stiftungspraxis\",\"isPartOf\":{\"@id\":\"https:\\\/\\\/stiftungsmarktplatz.eu\\\/blog\\\/#website\"},\"primaryImageOfPage\":{\"@id\":\"https:\\\/\\\/stiftungsmarktplatz.eu\\\/blog\\\/wir-orientieren-uns-sehr-stark-am-gedanken-der-stiftungsfonds-der-us-amerikanischen-universitaeten\\\/#primaryimage\"},\"image\":{\"@id\":\"https:\\\/\\\/stiftungsmarktplatz.eu\\\/blog\\\/wir-orientieren-uns-sehr-stark-am-gedanken-der-stiftungsfonds-der-us-amerikanischen-universitaeten\\\/#primaryimage\"},\"thumbnailUrl\":\"https:\\\/\\\/stiftungsmarktplatz.eu\\\/blog\\\/wp-content\\\/uploads\\\/2023\\\/06\\\/blogteaser-Bernhard-Matthes.jpg\",\"datePublished\":\"2023-06-03T12:00:00+00:00\",\"dateModified\":\"2025-05-16T10:31:12+00:00\",\"description\":\"Mit Bernhard Matthes von BKC Asset Management zu sprechen ist immer ein Vergn\u00fcgen. Denn er kann sehr sch\u00f6n herleiten, wie es um die Verfasstheit von M\u00e4rkten bestellt ist \u2013 und was sich daraus f\u00fcr das Stiftungsverm\u00f6gen ableitet.\",\"breadcrumb\":{\"@id\":\"https:\\\/\\\/stiftungsmarktplatz.eu\\\/blog\\\/wir-orientieren-uns-sehr-stark-am-gedanken-der-stiftungsfonds-der-us-amerikanischen-universitaeten\\\/#breadcrumb\"},\"inLanguage\":\"de\",\"potentialAction\":[{\"@type\":\"ReadAction\",\"target\":[\"https:\\\/\\\/stiftungsmarktplatz.eu\\\/blog\\\/wir-orientieren-uns-sehr-stark-am-gedanken-der-stiftungsfonds-der-us-amerikanischen-universitaeten\\\/\"]}]},{\"@type\":\"ImageObject\",\"inLanguage\":\"de\",\"@id\":\"https:\\\/\\\/stiftungsmarktplatz.eu\\\/blog\\\/wir-orientieren-uns-sehr-stark-am-gedanken-der-stiftungsfonds-der-us-amerikanischen-universitaeten\\\/#primaryimage\",\"url\":\"https:\\\/\\\/stiftungsmarktplatz.eu\\\/blog\\\/wp-content\\\/uploads\\\/2023\\\/06\\\/blogteaser-Bernhard-Matthes.jpg\",\"contentUrl\":\"https:\\\/\\\/stiftungsmarktplatz.eu\\\/blog\\\/wp-content\\\/uploads\\\/2023\\\/06\\\/blogteaser-Bernhard-Matthes.jpg\",\"width\":1200,\"height\":675,\"caption\":\"Bernhard Matthes\"},{\"@type\":\"BreadcrumbList\",\"@id\":\"https:\\\/\\\/stiftungsmarktplatz.eu\\\/blog\\\/wir-orientieren-uns-sehr-stark-am-gedanken-der-stiftungsfonds-der-us-amerikanischen-universitaeten\\\/#breadcrumb\",\"itemListElement\":[{\"@type\":\"ListItem\",\"position\":1,\"name\":\"Startseite\",\"item\":\"https:\\\/\\\/stiftungsmarktplatz.eu\\\/blog\\\/\"},{\"@type\":\"ListItem\",\"position\":2,\"name\":\"\u201eWir orientieren uns sehr stark am Gedanken der Stiftungsfonds der US-amerikanischen Universit\u00e4ten\u201c\"}]},{\"@type\":\"WebSite\",\"@id\":\"https:\\\/\\\/stiftungsmarktplatz.eu\\\/blog\\\/#website\",\"url\":\"https:\\\/\\\/stiftungsmarktplatz.eu\\\/blog\\\/\",\"name\":\"Der Stiftungsblog f\u00fcr die Stiftungspraxis\",\"description\":\"#stiftungenst\u00e4rken - NPO-Expertise von NPO-Experten\",\"publisher\":{\"@id\":\"https:\\\/\\\/stiftungsmarktplatz.eu\\\/blog\\\/#organization\"},\"potentialAction\":[{\"@type\":\"SearchAction\",\"target\":{\"@type\":\"EntryPoint\",\"urlTemplate\":\"https:\\\/\\\/stiftungsmarktplatz.eu\\\/blog\\\/?s={search_term_string}\"},\"query-input\":{\"@type\":\"PropertyValueSpecification\",\"valueRequired\":true,\"valueName\":\"search_term_string\"}}],\"inLanguage\":\"de\"},{\"@type\":\"Organization\",\"@id\":\"https:\\\/\\\/stiftungsmarktplatz.eu\\\/blog\\\/#organization\",\"name\":\"stiftungsmarktplatz.eu GbR\",\"url\":\"https:\\\/\\\/stiftungsmarktplatz.eu\\\/blog\\\/\",\"logo\":{\"@type\":\"ImageObject\",\"inLanguage\":\"de\",\"@id\":\"https:\\\/\\\/stiftungsmarktplatz.eu\\\/blog\\\/#\\\/schema\\\/logo\\\/image\\\/\",\"url\":\"https:\\\/\\\/stiftungsmarktplatz.eu\\\/blog\\\/wp-content\\\/uploads\\\/2020\\\/03\\\/Logo-blog-retina.png\",\"contentUrl\":\"https:\\\/\\\/stiftungsmarktplatz.eu\\\/blog\\\/wp-content\\\/uploads\\\/2020\\\/03\\\/Logo-blog-retina.png\",\"width\":140,\"height\":130,\"caption\":\"stiftungsmarktplatz.eu GbR\"},\"image\":{\"@id\":\"https:\\\/\\\/stiftungsmarktplatz.eu\\\/blog\\\/#\\\/schema\\\/logo\\\/image\\\/\"},\"sameAs\":[\"https:\\\/\\\/www.linkedin.com\\\/company\\\/18563519\\\/\",\"https:\\\/\\\/www.youtube.com\\\/channel\\\/UCQrF6RQRFGxTokVV4nbx25Q\"]},{\"@type\":\"Person\",\"@id\":\"https:\\\/\\\/stiftungsmarktplatz.eu\\\/blog\\\/#\\\/schema\\\/person\\\/3a42780bf87a2088578f1e8077ccfa44\",\"name\":\"Tobias Karow\",\"image\":{\"@type\":\"ImageObject\",\"inLanguage\":\"de\",\"@id\":\"https:\\\/\\\/stiftungsmarktplatz.eu\\\/blog\\\/wp-content\\\/uploads\\\/2024\\\/05\\\/tobias-karow-2024-150x150.png\",\"url\":\"https:\\\/\\\/stiftungsmarktplatz.eu\\\/blog\\\/wp-content\\\/uploads\\\/2024\\\/05\\\/tobias-karow-2024-150x150.png\",\"contentUrl\":\"https:\\\/\\\/stiftungsmarktplatz.eu\\\/blog\\\/wp-content\\\/uploads\\\/2024\\\/05\\\/tobias-karow-2024-150x150.png\",\"caption\":\"Tobias Karow\"},\"description\":\"ist Gr\u00fcnder und Gesch\u00e4ftsf\u00fchrer von stiftungsmarktplatz.eu und im Stiftungswesen in Deutschland, \u00d6sterreich, der Schweiz und Liechtenstein seit 10 Jahren aktiv. Er ist Herausgeber der FondsFibel f\u00fcr Stiftungen &amp; NPOs, dem f\u00fchrenden Nachschlagewerk f\u00fcr Stiftungsfonds und stiftungsgeeignete Fonds (www.fondsfibel.de), Vortr\u00e4ge h\u00e4lt er vor allem zum Thema \u201aStiftungen und ihr Weg in die digitale Welt\u2018. F\u00fcr beide Themen betreibt er den Blog #stiftungenst\u00e4rken.\",\"sameAs\":[\"https:\\\/\\\/www.fondsfibel.de\"],\"url\":\"https:\\\/\\\/stiftungsmarktplatz.eu\\\/blog\\\/author\\\/tobias-karow\\\/\"}]}<\/script>\n<!-- \/ Yoast SEO plugin. -->","yoast_head_json":{"title":"\u201eWir orientieren uns sehr stark am Gedanken der Stiftungsfonds der US-amerikanischen Universit\u00e4ten\u201c - Der Stiftungsblog f\u00fcr die Stiftungspraxis","description":"Mit Bernhard Matthes von BKC Asset Management zu sprechen ist immer ein Vergn\u00fcgen. Denn er kann sehr sch\u00f6n herleiten, wie es um die Verfasstheit von M\u00e4rkten bestellt ist \u2013 und was sich daraus f\u00fcr das Stiftungsverm\u00f6gen ableitet.","robots":{"index":"index","follow":"follow","max-snippet":"max-snippet:-1","max-image-preview":"max-image-preview:large","max-video-preview":"max-video-preview:-1"},"canonical":"https:\/\/stiftungsmarktplatz.eu\/blog\/wir-orientieren-uns-sehr-stark-am-gedanken-der-stiftungsfonds-der-us-amerikanischen-universitaeten\/","og_locale":"de_DE","og_type":"article","og_title":"\u201eWir orientieren uns sehr stark am Gedanken der Stiftungsfonds der US-amerikanischen Universit\u00e4ten\u201c - Der Stiftungsblog f\u00fcr die Stiftungspraxis","og_description":"Mit Bernhard Matthes von BKC Asset Management zu sprechen ist immer ein Vergn\u00fcgen. Denn er kann sehr sch\u00f6n herleiten, wie es um die Verfasstheit von M\u00e4rkten bestellt ist \u2013 und was sich daraus f\u00fcr das Stiftungsverm\u00f6gen ableitet.","og_url":"https:\/\/stiftungsmarktplatz.eu\/blog\/wir-orientieren-uns-sehr-stark-am-gedanken-der-stiftungsfonds-der-us-amerikanischen-universitaeten\/","og_site_name":"Der Stiftungsblog f\u00fcr die Stiftungspraxis","article_published_time":"2023-06-03T12:00:00+00:00","article_modified_time":"2025-05-16T10:31:12+00:00","og_image":[{"width":1200,"height":675,"url":"https:\/\/stiftungsmarktplatz.eu\/blog\/wp-content\/uploads\/2023\/06\/blogteaser-Bernhard-Matthes.jpg","type":"image\/jpeg"}],"author":"Tobias Karow","twitter_card":"summary_large_image","twitter_misc":{"Verfasst von":"Tobias Karow","Gesch\u00e4tzte Lesezeit":"10\u00a0Minuten"},"schema":{"@context":"https:\/\/schema.org","@graph":[{"@type":"Article","@id":"https:\/\/stiftungsmarktplatz.eu\/blog\/wir-orientieren-uns-sehr-stark-am-gedanken-der-stiftungsfonds-der-us-amerikanischen-universitaeten\/#article","isPartOf":{"@id":"https:\/\/stiftungsmarktplatz.eu\/blog\/wir-orientieren-uns-sehr-stark-am-gedanken-der-stiftungsfonds-der-us-amerikanischen-universitaeten\/"},"author":{"name":"Tobias Karow","@id":"https:\/\/stiftungsmarktplatz.eu\/blog\/#\/schema\/person\/3a42780bf87a2088578f1e8077ccfa44"},"headline":"\u201eWir orientieren uns sehr stark am Gedanken der Stiftungsfonds der US-amerikanischen Universit\u00e4ten\u201c","datePublished":"2023-06-03T12:00:00+00:00","dateModified":"2025-05-16T10:31:12+00:00","mainEntityOfPage":{"@id":"https:\/\/stiftungsmarktplatz.eu\/blog\/wir-orientieren-uns-sehr-stark-am-gedanken-der-stiftungsfonds-der-us-amerikanischen-universitaeten\/"},"wordCount":1889,"publisher":{"@id":"https:\/\/stiftungsmarktplatz.eu\/blog\/#organization"},"image":{"@id":"https:\/\/stiftungsmarktplatz.eu\/blog\/wir-orientieren-uns-sehr-stark-am-gedanken-der-stiftungsfonds-der-us-amerikanischen-universitaeten\/#primaryimage"},"thumbnailUrl":"https:\/\/stiftungsmarktplatz.eu\/blog\/wp-content\/uploads\/2023\/06\/blogteaser-Bernhard-Matthes.jpg","keywords":["Zeitenwende","FondsFibel","Stiftungsverm\u00f6gen","Aktienquote","vtfds","Inflation"],"articleSection":["Stiftungsverm\u00f6gen &amp; Stiftungsfonds"],"inLanguage":"de"},{"@type":"WebPage","@id":"https:\/\/stiftungsmarktplatz.eu\/blog\/wir-orientieren-uns-sehr-stark-am-gedanken-der-stiftungsfonds-der-us-amerikanischen-universitaeten\/","url":"https:\/\/stiftungsmarktplatz.eu\/blog\/wir-orientieren-uns-sehr-stark-am-gedanken-der-stiftungsfonds-der-us-amerikanischen-universitaeten\/","name":"\u201eWir orientieren uns sehr stark am Gedanken der Stiftungsfonds der US-amerikanischen Universit\u00e4ten\u201c - Der Stiftungsblog f\u00fcr die Stiftungspraxis","isPartOf":{"@id":"https:\/\/stiftungsmarktplatz.eu\/blog\/#website"},"primaryImageOfPage":{"@id":"https:\/\/stiftungsmarktplatz.eu\/blog\/wir-orientieren-uns-sehr-stark-am-gedanken-der-stiftungsfonds-der-us-amerikanischen-universitaeten\/#primaryimage"},"image":{"@id":"https:\/\/stiftungsmarktplatz.eu\/blog\/wir-orientieren-uns-sehr-stark-am-gedanken-der-stiftungsfonds-der-us-amerikanischen-universitaeten\/#primaryimage"},"thumbnailUrl":"https:\/\/stiftungsmarktplatz.eu\/blog\/wp-content\/uploads\/2023\/06\/blogteaser-Bernhard-Matthes.jpg","datePublished":"2023-06-03T12:00:00+00:00","dateModified":"2025-05-16T10:31:12+00:00","description":"Mit Bernhard Matthes von BKC Asset Management zu sprechen ist immer ein Vergn\u00fcgen. Denn er kann sehr sch\u00f6n herleiten, wie es um die Verfasstheit von M\u00e4rkten bestellt ist \u2013 und was sich daraus f\u00fcr das Stiftungsverm\u00f6gen ableitet.","breadcrumb":{"@id":"https:\/\/stiftungsmarktplatz.eu\/blog\/wir-orientieren-uns-sehr-stark-am-gedanken-der-stiftungsfonds-der-us-amerikanischen-universitaeten\/#breadcrumb"},"inLanguage":"de","potentialAction":[{"@type":"ReadAction","target":["https:\/\/stiftungsmarktplatz.eu\/blog\/wir-orientieren-uns-sehr-stark-am-gedanken-der-stiftungsfonds-der-us-amerikanischen-universitaeten\/"]}]},{"@type":"ImageObject","inLanguage":"de","@id":"https:\/\/stiftungsmarktplatz.eu\/blog\/wir-orientieren-uns-sehr-stark-am-gedanken-der-stiftungsfonds-der-us-amerikanischen-universitaeten\/#primaryimage","url":"https:\/\/stiftungsmarktplatz.eu\/blog\/wp-content\/uploads\/2023\/06\/blogteaser-Bernhard-Matthes.jpg","contentUrl":"https:\/\/stiftungsmarktplatz.eu\/blog\/wp-content\/uploads\/2023\/06\/blogteaser-Bernhard-Matthes.jpg","width":1200,"height":675,"caption":"Bernhard Matthes"},{"@type":"BreadcrumbList","@id":"https:\/\/stiftungsmarktplatz.eu\/blog\/wir-orientieren-uns-sehr-stark-am-gedanken-der-stiftungsfonds-der-us-amerikanischen-universitaeten\/#breadcrumb","itemListElement":[{"@type":"ListItem","position":1,"name":"Startseite","item":"https:\/\/stiftungsmarktplatz.eu\/blog\/"},{"@type":"ListItem","position":2,"name":"\u201eWir orientieren uns sehr stark am Gedanken der Stiftungsfonds der US-amerikanischen Universit\u00e4ten\u201c"}]},{"@type":"WebSite","@id":"https:\/\/stiftungsmarktplatz.eu\/blog\/#website","url":"https:\/\/stiftungsmarktplatz.eu\/blog\/","name":"Der Stiftungsblog f\u00fcr die Stiftungspraxis","description":"#stiftungenst\u00e4rken - NPO-Expertise von NPO-Experten","publisher":{"@id":"https:\/\/stiftungsmarktplatz.eu\/blog\/#organization"},"potentialAction":[{"@type":"SearchAction","target":{"@type":"EntryPoint","urlTemplate":"https:\/\/stiftungsmarktplatz.eu\/blog\/?s={search_term_string}"},"query-input":{"@type":"PropertyValueSpecification","valueRequired":true,"valueName":"search_term_string"}}],"inLanguage":"de"},{"@type":"Organization","@id":"https:\/\/stiftungsmarktplatz.eu\/blog\/#organization","name":"stiftungsmarktplatz.eu GbR","url":"https:\/\/stiftungsmarktplatz.eu\/blog\/","logo":{"@type":"ImageObject","inLanguage":"de","@id":"https:\/\/stiftungsmarktplatz.eu\/blog\/#\/schema\/logo\/image\/","url":"https:\/\/stiftungsmarktplatz.eu\/blog\/wp-content\/uploads\/2020\/03\/Logo-blog-retina.png","contentUrl":"https:\/\/stiftungsmarktplatz.eu\/blog\/wp-content\/uploads\/2020\/03\/Logo-blog-retina.png","width":140,"height":130,"caption":"stiftungsmarktplatz.eu GbR"},"image":{"@id":"https:\/\/stiftungsmarktplatz.eu\/blog\/#\/schema\/logo\/image\/"},"sameAs":["https:\/\/www.linkedin.com\/company\/18563519\/","https:\/\/www.youtube.com\/channel\/UCQrF6RQRFGxTokVV4nbx25Q"]},{"@type":"Person","@id":"https:\/\/stiftungsmarktplatz.eu\/blog\/#\/schema\/person\/3a42780bf87a2088578f1e8077ccfa44","name":"Tobias Karow","image":{"@type":"ImageObject","inLanguage":"de","@id":"https:\/\/stiftungsmarktplatz.eu\/blog\/wp-content\/uploads\/2024\/05\/tobias-karow-2024-150x150.png","url":"https:\/\/stiftungsmarktplatz.eu\/blog\/wp-content\/uploads\/2024\/05\/tobias-karow-2024-150x150.png","contentUrl":"https:\/\/stiftungsmarktplatz.eu\/blog\/wp-content\/uploads\/2024\/05\/tobias-karow-2024-150x150.png","caption":"Tobias Karow"},"description":"ist Gr\u00fcnder und Gesch\u00e4ftsf\u00fchrer von stiftungsmarktplatz.eu und im Stiftungswesen in Deutschland, \u00d6sterreich, der Schweiz und Liechtenstein seit 10 Jahren aktiv. Er ist Herausgeber der FondsFibel f\u00fcr Stiftungen &amp; NPOs, dem f\u00fchrenden Nachschlagewerk f\u00fcr Stiftungsfonds und stiftungsgeeignete Fonds (www.fondsfibel.de), Vortr\u00e4ge h\u00e4lt er vor allem zum Thema \u201aStiftungen und ihr Weg in die digitale Welt\u2018. F\u00fcr beide Themen betreibt er den Blog #stiftungenst\u00e4rken.","sameAs":["https:\/\/www.fondsfibel.de"],"url":"https:\/\/stiftungsmarktplatz.eu\/blog\/author\/tobias-karow\/"}]}},"post_mailing_queue_ids":[],"_links":{"self":[{"href":"https:\/\/stiftungsmarktplatz.eu\/blog\/wp-json\/wp\/v2\/posts\/5881","targetHints":{"allow":["GET"]}}],"collection":[{"href":"https:\/\/stiftungsmarktplatz.eu\/blog\/wp-json\/wp\/v2\/posts"}],"about":[{"href":"https:\/\/stiftungsmarktplatz.eu\/blog\/wp-json\/wp\/v2\/types\/post"}],"author":[{"embeddable":true,"href":"https:\/\/stiftungsmarktplatz.eu\/blog\/wp-json\/wp\/v2\/users\/8"}],"replies":[{"embeddable":true,"href":"https:\/\/stiftungsmarktplatz.eu\/blog\/wp-json\/wp\/v2\/comments?post=5881"}],"version-history":[{"count":6,"href":"https:\/\/stiftungsmarktplatz.eu\/blog\/wp-json\/wp\/v2\/posts\/5881\/revisions"}],"predecessor-version":[{"id":5946,"href":"https:\/\/stiftungsmarktplatz.eu\/blog\/wp-json\/wp\/v2\/posts\/5881\/revisions\/5946"}],"wp:featuredmedia":[{"embeddable":true,"href":"https:\/\/stiftungsmarktplatz.eu\/blog\/wp-json\/wp\/v2\/media\/5945"}],"wp:attachment":[{"href":"https:\/\/stiftungsmarktplatz.eu\/blog\/wp-json\/wp\/v2\/media?parent=5881"}],"wp:term":[{"taxonomy":"category","embeddable":true,"href":"https:\/\/stiftungsmarktplatz.eu\/blog\/wp-json\/wp\/v2\/categories?post=5881"},{"taxonomy":"post_tag","embeddable":true,"href":"https:\/\/stiftungsmarktplatz.eu\/blog\/wp-json\/wp\/v2\/tags?post=5881"}],"curies":[{"name":"wp","href":"https:\/\/api.w.org\/{rel}","templated":true}]}}