{"id":5818,"date":"2023-05-26T17:00:00","date_gmt":"2023-05-26T15:00:00","guid":{"rendered":"https:\/\/stiftungsmarktplatz.eu\/blog\/?p=5818"},"modified":"2025-05-16T12:32:06","modified_gmt":"2025-05-16T10:32:06","slug":"wir-wollen-dass-dem-stifterwillen-eine-hohe-praktische-handlungsfaehigkeit-folgt","status":"publish","type":"post","link":"https:\/\/stiftungsmarktplatz.eu\/blog\/wir-wollen-dass-dem-stifterwillen-eine-hohe-praktische-handlungsfaehigkeit-folgt\/","title":{"rendered":"\u201eWir wollen, dass dem Stifterwillen eine hohe praktische Handlungsf\u00e4higkeit folgt\u201c"},"content":{"rendered":"<span class=\"span-reading-time rt-reading-time\" style=\"display: block;\"><span class=\"rt-label rt-prefix\">Lesezeit: <\/span> <span class=\"rt-time\"> 8<\/span> <span class=\"rt-label rt-postfix\">Minuten<\/span><\/span>\n<p><u><em>Die Stiftungsrechtsreform ver\u00e4ndert die Stiftungslandschaft, und das wird mit ihrem Inkrafttreten am 1.7.2023 weitergehen. Die drei bekannten Stiftungsrechtler Dr. Erich Theodor Barzen, Dr. Stefan Fritz und Dr. Christoph Mecking sehen das \u00e4hnlich, aber sie geben sich mit dem bisher Erreichten nicht zufrieden. Wie die drei Musketiere k\u00e4mpfen sie gemeinsam f\u00fcr eine einheitliche Auslegung der neuen stiftungsrechtlichen Regelungen, ihr Degen ist die <a href=\"https:\/\/fundatio.info\/\" target=\"_blank\" rel=\"noreferrer noopener\">Stiftung FUNDATIO<\/a>, \u00fcber die sie Pr\u00e4zedenzf\u00e4lle schaffen wollen, auf die sich andere Stiftungen und Stiftungsgr\u00fcnder berufen k\u00f6nnen. Am Runden Tisch erl\u00e4utern sie, warum genau das notwendig ist.<\/em><\/u><\/p>\n\n\n\n<figure class=\"wp-block-image size-full\"><img loading=\"lazy\" decoding=\"async\" width=\"1000\" height=\"707\" src=\"https:\/\/stiftungsmarktplatz.eu\/blog\/wp-content\/uploads\/2023\/05\/musketier-cartoon-korr.jpg\" alt=\"Musketier-Cartoon\" class=\"wp-image-5839\" srcset=\"https:\/\/stiftungsmarktplatz.eu\/blog\/wp-content\/uploads\/2023\/05\/musketier-cartoon-korr.jpg 1000w, https:\/\/stiftungsmarktplatz.eu\/blog\/wp-content\/uploads\/2023\/05\/musketier-cartoon-korr-300x212.jpg 300w, https:\/\/stiftungsmarktplatz.eu\/blog\/wp-content\/uploads\/2023\/05\/musketier-cartoon-korr-768x543.jpg 768w, https:\/\/stiftungsmarktplatz.eu\/blog\/wp-content\/uploads\/2023\/05\/musketier-cartoon-korr-696x492.jpg 696w, https:\/\/stiftungsmarktplatz.eu\/blog\/wp-content\/uploads\/2023\/05\/musketier-cartoon-korr-100x70.jpg 100w, https:\/\/stiftungsmarktplatz.eu\/blog\/wp-content\/uploads\/2023\/05\/musketier-cartoon-korr-200x140.jpg 200w\" sizes=\"auto, (max-width: 1000px) 100vw, 1000px\" \/><\/figure>\n\n\n\n<p><strong>FondsFibel: Wir wollen \u00fcber die Stiftung <u>FUNDATIO<\/u> sprechen. Diese ist in Gr\u00fcndung befindlich und wird \u2013 so unsere Lesart \u2013 den Stiftungsstandort Deutschland voranbringen. Was war der Ausl\u00f6ser, die Stiftung FUNDATIO gemeinsam mit ihren beiden Mitstreitern zu gr\u00fcnden?<\/strong><br><em>Dr. Erich Theodor Barzen:<\/em> Die Gr\u00fcndungen von Stiftungen haben heute einen Hang zu Konformit\u00e4t und zu den Mustersatzungen. Eine Mustersatzung beschleunigt das Errichten einer Stiftung, und h\u00e4ufig wird dann auf das individuelle Ausgestalten verzichtet. Auch, weil Stiftungsgr\u00fcnder keine Lust auf Streit mit der Aufsicht haben. Die R\u00fcckkoppelung entsteht aber dann, wenn sp\u00e4ter in der Stiftung etwas gemacht wird, was nicht der Satzung entspricht, was aber Wille des Stifters ist. In dem Moment, in dem die Stiftung gegr\u00fcndet wird, nimmt sich der Stifter nicht alle Freiheiten, um schnell durch das Verfahren zu kommen, und genau das wird zum Bumerang. Genau diese Situation wollen wir aufbrechen. Wir wollen, dass dem Stifterwillen eine hohe praktische Handlungsf\u00e4higkeit folgt, dass das, was der Stifter will, flexibel in der Stiftung auch umgesetzt werden kann. Die Stiftungsrechtsreform l\u00e4sst zu viele Fragen offen.<br><em>Dr. Christoph Mecking:<\/em> Ich habe bei Neugr\u00fcndungen und Satzungs\u00e4nderungen in der Praxis zahlreiche W\u00fcnsche auf dem Tisch gehabt, wo ein Stifter gesagt hat, er habe etwas anders machen wollen in der Stiftung, sei aber an den Vorgaben der Stiftungsaufsicht gescheitert, die ihm einst gemacht wurden. Was h\u00e4ufig vorkommt, ist beispielsweise, dass die Aufsicht verbindlich in der Satzung verortet haben m\u00f6chte, dass eine Jahresabschlusspr\u00fcfung vom Wirtschaftspr\u00fcfer auf Kosten der Stiftung vorzunehmen ist. Das entlastet die Aufsichten. Selbst bei vielen Stiftungen, die buchhalterisch eigentlich gar nicht kompliziert sind, wird dann solch ein Passus in die Satzung aufgenommen. Wenn dann aber die Mittel mangels Zinsen schwinden, m\u00fcssen trotzdem Pr\u00fcfungskosten bezahlt werden, die dann den Verwaltungskostenetat erh\u00f6hen. Will die Stiftung dann die Satzung \u00e4ndern, beruft sich die Aufsicht darauf, dass doch eben jene Pr\u00fcfungsanordnung explizit Wille des Stifters gewesen sei. Einer \u00c4nderung k\u00f6nne daher die Aufsicht nicht zustimmen, und die finanziellen Probleme setzen sich fort.<\/p>\n\n\n\n<figure class=\"wp-block-image size-large\"><a href=\"https:\/\/vtfds.de\/\" target=\"_blank\" rel=\"noreferrer noopener\"><img loading=\"lazy\" decoding=\"async\" width=\"1024\" height=\"576\" src=\"https:\/\/stiftungsmarktplatz.eu\/blog\/wp-content\/uploads\/2023\/05\/twitter-Dr-Christoph-Mecking-1024x576.jpg\" alt=\"Dr. Christoph Mecking\" class=\"wp-image-5821\" srcset=\"https:\/\/stiftungsmarktplatz.eu\/blog\/wp-content\/uploads\/2023\/05\/twitter-Dr-Christoph-Mecking-1024x576.jpg 1024w, https:\/\/stiftungsmarktplatz.eu\/blog\/wp-content\/uploads\/2023\/05\/twitter-Dr-Christoph-Mecking-300x169.jpg 300w, https:\/\/stiftungsmarktplatz.eu\/blog\/wp-content\/uploads\/2023\/05\/twitter-Dr-Christoph-Mecking-768x432.jpg 768w, https:\/\/stiftungsmarktplatz.eu\/blog\/wp-content\/uploads\/2023\/05\/twitter-Dr-Christoph-Mecking-696x392.jpg 696w, https:\/\/stiftungsmarktplatz.eu\/blog\/wp-content\/uploads\/2023\/05\/twitter-Dr-Christoph-Mecking-1068x601.jpg 1068w, https:\/\/stiftungsmarktplatz.eu\/blog\/wp-content\/uploads\/2023\/05\/twitter-Dr-Christoph-Mecking.jpg 1200w\" sizes=\"auto, (max-width: 1024px) 100vw, 1024px\" \/><\/a><\/figure>\n\n\n\n<p><strong>FondsFibel: Also Finger weg von der Mustersatzung?<\/strong><br>Dr. Christoph Mecking: Hier gilt der Blick denen, die Einfluss auf die Gestaltung der Satzung haben oder gehabt haben. Soll nur die Arbeit der Aufsicht vereinfacht werden, dann birgt das in manchen F\u00e4llen Konfliktpotential. Genau solche Problemlagen trieben uns um bei der Besch\u00e4ftigung mit FUNDATIO. Durch die Stiftungsrechtsreform wurde vorgesehen, dass auch die Landesstiftungsgesetze vereinfacht und vereinheitlicht werden sollen. Ein Standard wurde aber nicht vereinbart. Wir sehen jetzt durch das neue Stiftungsrecht die Chance, das Recht ernst zu nehmen und mit einer Satzungsgestaltung zu verbinden, die neue Wege geht und die versucht, Bedenken, die zum neuen Stiftungsrecht bestehen, zu diskutieren und idealerweise auszur\u00e4umen. Denn den bekannten administrativen Dreiklang aus \u201aDas haben wir immer so gemacht &#8211; Da k\u00f6nnte ja jeder kommen &#8211; Das w\u00e4re ja noch sch\u00f6ner\u2018, den wollen wir mit FUNDATIO in einem ge\u00e4nderten Rechtsrahmen durchbrechen.<\/p>\n\n\n\n<p><strong>FondsFibel: Was meinen Sie mit \u201adas Recht ernst nehmen\u2018?<\/strong><br><em>Dr. Christoph Mecking:<\/em> Der Gesetzgeber hat sich vorgenommen, der Zersplitterung im materiellen Stiftungsrecht zu begegnen. Bundeseinheitliche Regelungen im BGB sind nun sehr detailliert geraten, aber wie belastbar sie sind, das hat noch keiner auf die Probe gestellt. In der Stiftungssatzung werden Zweck, Verm\u00f6gen und Gremien geregelt, im Stiftungsgesch\u00e4ft aber zus\u00e4tzlich auch. Unser Ansatz ist etwa, das Stiftungsgesch\u00e4ft zu reduzieren und nur auf Basis des zwingenden rechtlichen Rahmens eine Stiftung zu gr\u00fcnden, also den neu bestimmten und nicht einen herk\u00f6mmlichen rechtlichen Rahmen als Handlungsrahmen heranzuziehen. Wir nehmen damit das Recht ernst.<br><em>Dr. Stefan Fritz:<\/em> Die Frage ist, warum wir eine Stiftung gr\u00fcnden, um Rechtssicherheit zu schaffen. Anders als im Steuerrecht gibt es im Stiftungsrecht keine \u00fcbergeordnete Instanz, die daf\u00fcr sorgt, dass die Vorschriften als Verwaltungsakte in den einzelnen Stiftungsaufsichten auch umgesetzt werden. Im Stiftungssektor n\u00e4hrt das die Sorge, dass die Vereinheitlichung des Rechts und seiner Anwendung \u00fcberhaupt nicht unten, also bei den Stiftungen und Stiftungsgr\u00fcndern, ankommen. Aufs\u00e4tze und Kommentare k\u00f6nnen hier ein Weg sein, der Vereinheitlichung in den Sattel zu helfen, aber viel verbindlicher sind Pr\u00e4zedenzf\u00e4lle, die sich vorlegen lassen. Oder auch Verwaltungsgerichtsurteile, die sich zitieren lassen. Gerade wenn es f\u00fcr ein Gesetz noch keine Anwendungsf\u00e4lle gibt, ist es umso wichtiger, so fr\u00fch wie m\u00f6glich eben jene zu schaffen. Denn genau daraus entsteht eine einheitliche, oder zumindest einheitlichere Auslegung bei den Beh\u00f6rden.<br><br><strong>FondsFibel: Das ist nat\u00fcrlich spannend, Sie fahren also mit der Stiftung FUNDATIO schon die gro\u00dfe Kapelle auf und bereiten der Rechtsvereinheitlichung den Weg.<\/strong><br><em>Dr. Stefan Fritz:<\/em> Schon, ja, das ist unser Ziel. Die Voranfrage f\u00fcr die Stiftungsgr\u00fcndung ist in den 16 L\u00e4ndern eingegangen, wir m\u00f6chten von Beginn an den Rechtsvergleich schaffen, wie es mit der Rechtsauffassung in den einzelnen Bundesl\u00e4ndern aussieht. Bislang gab es einen ersten R\u00fccklauf dahingehend, dass alle Aufsichtsbeh\u00f6rden \u00fcberlastet sind. Anhand der inhaltlichen Reaktionen entscheiden wir dann, wo wir weitere Schritte gehen, denn unser Vorgehen setzt schon voraus, dass sich die Aufsichten mit dem Stiftungsrecht in dem konkreten Fall auseinandersetzen wollen.<\/p>\n\n\n\n<figure class=\"wp-block-image size-large\"><a href=\"https:\/\/vtfds.de\/\" target=\"_blank\" rel=\"noreferrer noopener\"><img loading=\"lazy\" decoding=\"async\" width=\"1024\" height=\"576\" src=\"https:\/\/stiftungsmarktplatz.eu\/blog\/wp-content\/uploads\/2023\/05\/twitter-Dr-Stefan-Fritz-1024x576.jpg\" alt=\"Dr. Stefan Fritz\" class=\"wp-image-5823\" srcset=\"https:\/\/stiftungsmarktplatz.eu\/blog\/wp-content\/uploads\/2023\/05\/twitter-Dr-Stefan-Fritz-1024x576.jpg 1024w, https:\/\/stiftungsmarktplatz.eu\/blog\/wp-content\/uploads\/2023\/05\/twitter-Dr-Stefan-Fritz-300x169.jpg 300w, https:\/\/stiftungsmarktplatz.eu\/blog\/wp-content\/uploads\/2023\/05\/twitter-Dr-Stefan-Fritz-768x432.jpg 768w, https:\/\/stiftungsmarktplatz.eu\/blog\/wp-content\/uploads\/2023\/05\/twitter-Dr-Stefan-Fritz-696x392.jpg 696w, https:\/\/stiftungsmarktplatz.eu\/blog\/wp-content\/uploads\/2023\/05\/twitter-Dr-Stefan-Fritz-1068x601.jpg 1068w, https:\/\/stiftungsmarktplatz.eu\/blog\/wp-content\/uploads\/2023\/05\/twitter-Dr-Stefan-Fritz.jpg 1200w\" sizes=\"auto, (max-width: 1024px) 100vw, 1024px\" \/><\/a><\/figure>\n\n\n\n<p><strong>FondsFibel: Also ein bisschen wie ein Casting &#8211; und dort, wo Ihre Ansichten am ehesten geteilt werden, wird dann die Stiftung FUNDATIO errichtet?<\/strong><br><em>Dr. Christoph Mecking:<\/em> Ein Beauty Contest ist ein sch\u00f6ner Vergleich. Die Stiftung soll da errichtet werden, wo der Stifterwille am besten umgesetzt werden kann. Wenn wir FUNDATIO an einem Ort errichten wollen und die Beh\u00f6rde die Anerkennung verweigert, k\u00f6nnen wir dies mit einer verwaltungsgerichtlichen Verpflichtungsklage zu erzwingen versuchen. Und vielleicht f\u00fchren wir damit zu bestimmten Punkten eine h\u00f6chstrichterliche Entscheidung herbei, eben den Pr\u00e4zedenzfall.<br><em>Dr. Erich Theodor Barzen:<\/em> Fundatio demonstriert f\u00fcr Stifterfreiheit dort, wo vermeintlich rechtliche H\u00fcrden im Wege stehen. Der Weg ist hier das Ziel, und dort wo wir Diskussionen ausl\u00f6sen, sind wir schon einen Schritt weiter. Wir m\u00f6chten die Stifterfreiheit kolorieren im Grau der Konvention.<br><br><strong>FondsFibel: Was kommt denn jetzt aus dem Grau der Konvention an Feedback?<\/strong><br><em>Dr. Erich Theodor Barzen:<\/em> Lassen Sie es mich mal plastisch machen. Wir haben beispielsweise die Frage eingewoben, ob man eine Verbrauchsstiftung in eine Dauerstiftung wandeln kann. Eine andere ist jene nach der Freiheit der Stiftungsgremien, insbesondere bei Satzungs\u00e4nderungen. Bei der Zusammenlegung von Stiftungen gibt es Anforderungen, die nicht zwingend sind, die aber als zwingend ausgelegt werden. Die Satzungsstrenge ist aus dem neuen Gesetz rausgefallen, f\u00fcr uns hei\u00dft das: Alles, was nicht verboten ist, ist erlaubt. In unseren Anfragen stellen wir uns auf die Seite der freiheitlichen Auslegung des Gesetzes, und mit diesen Themen spicken wir auch unsere Satzung. Darf man also einer Stiftung in der Satzung erlauben, sich mit einer anderen Stiftung zusammentun, ohne die umfangreichen Bedingungen, die den gesetzlichen Regelfall darstellen? Das ist so ein Beispiel, wo es Kl\u00e4rung braucht, und zwar auf der H\u00f6he der Zeit.<br><br><\/p>\n\n\n\n<figure class=\"wp-block-image size-large\"><img loading=\"lazy\" decoding=\"async\" width=\"1024\" height=\"576\" src=\"https:\/\/stiftungsmarktplatz.eu\/blog\/wp-content\/uploads\/2023\/05\/twitter-Erich-Theodor-Barzen-1024x576.jpg\" alt=\"Dr. Erich Theodor Barzen\" class=\"wp-image-5825\" srcset=\"https:\/\/stiftungsmarktplatz.eu\/blog\/wp-content\/uploads\/2023\/05\/twitter-Erich-Theodor-Barzen-1024x576.jpg 1024w, https:\/\/stiftungsmarktplatz.eu\/blog\/wp-content\/uploads\/2023\/05\/twitter-Erich-Theodor-Barzen-300x169.jpg 300w, https:\/\/stiftungsmarktplatz.eu\/blog\/wp-content\/uploads\/2023\/05\/twitter-Erich-Theodor-Barzen-768x432.jpg 768w, https:\/\/stiftungsmarktplatz.eu\/blog\/wp-content\/uploads\/2023\/05\/twitter-Erich-Theodor-Barzen-696x392.jpg 696w, https:\/\/stiftungsmarktplatz.eu\/blog\/wp-content\/uploads\/2023\/05\/twitter-Erich-Theodor-Barzen-1068x601.jpg 1068w, https:\/\/stiftungsmarktplatz.eu\/blog\/wp-content\/uploads\/2023\/05\/twitter-Erich-Theodor-Barzen.jpg 1200w\" sizes=\"auto, (max-width: 1024px) 100vw, 1024px\" \/><\/figure>\n\n\n\n<p><strong>FondsFibel: Wie viele Ihrer \u201aKostbarkeiten\u2018 werden Sie denn bei den Aufsichten durchbringen?<\/strong><br><em>Dr. Christoph Mecking:<\/em> Einiges von dem, was wir in unsere Satzung aufgenommen haben, wird kritisch gesehen. Das haben wir auch so erwartet. In unserer Vorbereitung aber haben wir diese Kostbarkeiten auch entsprechend begr\u00fcndet, und setzen klar zun\u00e4chst auf den Dialog mit den Aufsichten, der dann zu konstruktiven L\u00f6sungen f\u00fchren soll. Wir werden uns guten Argumenten nicht verwehren, nur das Argument\u201a das haben wir fr\u00fcher aber anders gemacht\u2018, das wollen halt nicht gelten lassen.<br><em>Dr. Stefan Fritz:<\/em> Wir schaffen mit unserer Initiative einen Raum f\u00fcr Klarheit!<br><em>Dr. Erich Theodor Barzen:<\/em> Unsere Tonalit\u00e4t lautet: Warum eigentlich nicht?<br><br><strong>FondsFibel: Was ja f\u00fcr die Aufsichten auch eine Chance sein kann \u2026<\/strong><br><em>Dr. Stefan Fritz: <\/em>Ganz genau. Die Fragestellungen sind ungewohnt, und die Konstellation unserer Satzung regt bestimmt zum Nachdenken an, er\u00f6ffnet vielleicht neue Perspektiven f\u00fcr die t\u00e4gliche Praxis.<br><em>Dr. Christoph Mecking<\/em>: Eine Beh\u00f6rde rief uns zur\u00fcck, reagierte sehr konstruktiv. Das zeigt eine gedankliche Offenheit, andere Reaktionen aber zeigen auch einen Abwehrreflex. Hier und da wird unsere Ernsthaftigkeit hinterfragt, eine Position, hinter der nat\u00fcrlich der Wunsch steht, sich nicht in einen Standortwettbewerb hineinziehen zu lassen.<br><br><strong>FondsFibel: Aber ist der Wettbewerb nicht vielleicht das, was Stifterland Deutschland ganz gut bek\u00e4me?<br><\/strong><em>Dr. Christoph Mecking:<\/em> Die Praxis stellt ja schon die Frage, wo man eine Stiftung errichtet. Der Stifter m\u00f6chte wissen, mit welcher Stiftungsaufsicht welche Erfahrungswerte bestehen, und demgem\u00e4\u00df entscheidet er sich dann. Gibt es hier mehr Transparenz zu den Verfahren der einzelnen Aufsichten, hilft ihm das.<br><br><strong>FondsFibel: Was haben jetzt Bestandsstiftungen von Ihrer Initiative?<\/strong><br><em>Dr. Erich Theodor Barzen:<\/em> In der Praxis verschwimmen die Dinge ja im Laufe der Zeit. Der Stifter wird in unseren Augen immer unterstellt haben, dass seine Stiftung handlungsf\u00e4hig bleibt. Bleibt sie das, wenn sie ihre Statuten nie \u00e4ndert? Wenn die Stiftung in ihren Regularien immer alles so bel\u00e4sst wie bei der Errichtung? Wohl kaum. Hier setzen wir an, einer neuen Stiftungskultur Vorschub zu leisten.<\/p>\n\n\n\n<figure class=\"wp-block-image size-large\"><a href=\"https:\/\/vtfds.de\/\" target=\"_blank\" rel=\"noreferrer noopener\"><img loading=\"lazy\" decoding=\"async\" width=\"1024\" height=\"724\" src=\"https:\/\/stiftungsmarktplatz.eu\/blog\/wp-content\/uploads\/2023\/05\/vtfds2023-plakat-quer-1024x724.jpg\" alt=\"vtfds2023 - 4. Virtueller Tag f\u00fcr das Stiftungsverm\u00f6gen\" class=\"wp-image-5803\" srcset=\"https:\/\/stiftungsmarktplatz.eu\/blog\/wp-content\/uploads\/2023\/05\/vtfds2023-plakat-quer-1024x724.jpg 1024w, https:\/\/stiftungsmarktplatz.eu\/blog\/wp-content\/uploads\/2023\/05\/vtfds2023-plakat-quer-300x212.jpg 300w, https:\/\/stiftungsmarktplatz.eu\/blog\/wp-content\/uploads\/2023\/05\/vtfds2023-plakat-quer-768x543.jpg 768w, https:\/\/stiftungsmarktplatz.eu\/blog\/wp-content\/uploads\/2023\/05\/vtfds2023-plakat-quer-696x492.jpg 696w, https:\/\/stiftungsmarktplatz.eu\/blog\/wp-content\/uploads\/2023\/05\/vtfds2023-plakat-quer-1068x755.jpg 1068w, https:\/\/stiftungsmarktplatz.eu\/blog\/wp-content\/uploads\/2023\/05\/vtfds2023-plakat-quer-100x70.jpg 100w, https:\/\/stiftungsmarktplatz.eu\/blog\/wp-content\/uploads\/2023\/05\/vtfds2023-plakat-quer-200x140.jpg 200w, https:\/\/stiftungsmarktplatz.eu\/blog\/wp-content\/uploads\/2023\/05\/vtfds2023-plakat-quer.jpg 1200w\" sizes=\"auto, (max-width: 1024px) 100vw, 1024px\" \/><\/a><\/figure>\n\n\n\n<p><strong>FondsFibel: Stiftungen m\u00fcssen handlungsf\u00e4hig bleiben, in allen Zeiten. Damit sie das bleiben, m\u00fcssen sie sich anpassen k\u00f6nnen.<br><\/strong><em>Dr. Stefan Fritz:<\/em> Also Handlungsf\u00e4higkeit ist schon so ein zentrales Wort. Das Klischee von der zu starren Stiftung gilt es aufzubrechen. Diese Starrheit resultiert ja hier und da auch aus einer gewissen Verwaltungspraxis heraus und ist ein Problem. An diesem m\u00fcssen wir arbeiten, auch aus Sicht des Stiftungsstandorts Deutschlands als solchem. Ich denke, diesen Bogen m\u00fcssen wir auch spannen, schauen wir auf Liechtenstein, \u00d6sterreich oder die Schweiz. Der Stiftungsstandort Deutschland muss im internationalen Vergleich st\u00e4rker werden, und er kann es auch, wenn Stiftungen stets handlungsf\u00e4hig bleiben, wof\u00fcr Anpassungsf\u00e4higkeit die Voraussetzung ist.<br><em>Dr. Christoph Mecking:<\/em> Schauen wir in die Niederlande, dort kann eine Stichting mit einem Euro errichtet werden. Stiften ist damit quasi barrierefrei m\u00f6glich.<br><em>Dr. Erich Theodor Barzen:<\/em> Womit wir bei einer ganz zentralen Frage sind. Sind nur solche Zwecke legitim, die nur aus gr\u00f6\u00dferem Verm\u00f6gen heraus verwirklicht werden k\u00f6nnen? Und wie hoch hat es zu sein? Es gibt in diesem Punkt keine h\u00f6chstrichterliche Entscheidung. Solange es aber keine Entscheidung dazu gibt, ist es legitim, dass, solange das Verm\u00f6gen reicht, um den Stiftungszweck zu realisieren, das Errichten einer Stiftung zul\u00e4ssig ist.<br><em>Dr. Christoph Mecking:<\/em> Es existiert weithin die Vorstellung von einer soliden verm\u00f6gensbasierten Organisation. Nur hat der Gesetzgeber das nicht zur Grundlage gemacht. Stattdessen muss auf der Verm\u00f6gensbasis im Wege einer Prognoseentscheidung festgestellt werden, dass der Stiftungszweck f\u00fcr die Lebensdauer der Stiftung erf\u00fcllt werden kann. Bei unserer Stiftung FUNDATIO handelt es sich anfangs um eine Verbrauchsstiftung, unser Kapitalbedarfsplan zeigt aber, dass wir den Zweck dauerhaft erf\u00fcllen k\u00f6nnen. Im Ergebnis k\u00f6nnte stehen, dass die Stiftung nicht nur ein Instrument f\u00fcr sehr wohlhabende Kreise ist, sondern ein einfaches Vehikel, das praktisch jeder aufsetzen kann. Das w\u00e4re neben den B\u00fcrgerstiftungen ein weiterer Baustein der Demokratisierung der Stiftungsidee.<br><em>Dr. Erich Theodor Barzen:<\/em> Warum auch soll eine Stiftung eine so h\u00fcrdenreiche Rechtsform sein? So ein Instrument sollten wir noch viel breitenwirksamer zug\u00e4nglich machen. Es ist doch die Zivilgesellschaft, die sich \u00fcber Verein, Stiftung, Ehrenamt verwirklicht, und dem wollen wir einen Schub geben.<br><br><strong>FondsFibel: Und der Wirtschaftsstandort Deutschland profitierte auch, oder nicht?<\/strong><br><em>Dr. Stefan Fritz:<\/em> Also Unternehmerinnen und Unternehmer h\u00f6ren immer noch zu oft, dass eine Stiftung ein zu starres Instrument sei. Standortwettbewerb im internationalen Vergleich bedeutet aber eben auch, die Stiftung als Instrument zu st\u00e4rken, denn wir reden auch \u00fcber die Generationenfrage, wenn wir \u00fcber Unternehmen sprechen, und wie wichtig der deutsche Mittelstand f\u00fcr Deutschland und auch Europa ist, das wei\u00df jeder.<br><em>Dr. Christoph Mecking:<\/em> Die reine Lehre spricht von Lebensf\u00e4higkeit, die Praxis verlangt nach handlungsf\u00e4higen Gremien und einer anpassungsf\u00e4higen, dynamischen Organisation. Diese beiden Pole zusammenzuf\u00fchren, das liegt uns am Herzen.<br><em>Dr. Erich Theodor Barzen<\/em>: Anpassungsf\u00e4higkeit hei\u00dft Flexibilit\u00e4t, und von der brauchen wir im Stiftungssektor mehr.<br><em>Dr. Christoph Mecking:<\/em> Eine Stiftung geh\u00f6rt nicht als marmoriertes Bild auf den Altar, sie geh\u00f6rt als vitaler Player in die Mitte der Gesellschaft.<\/p>\n\n\n\n<figure class=\"wp-block-image size-full\"><a href=\"https:\/\/magazin.vtfds.de\" target=\"_blank\" rel=\"noreferrer noopener\"><img loading=\"lazy\" decoding=\"async\" width=\"970\" height=\"250\" src=\"https:\/\/stiftungsmarktplatz.eu\/blog\/wp-content\/uploads\/2023\/05\/vtfds2023-Interview970x250.jpg\" alt=\"vtfds2023 - Magazin-Download\" class=\"wp-image-5807\" srcset=\"https:\/\/stiftungsmarktplatz.eu\/blog\/wp-content\/uploads\/2023\/05\/vtfds2023-Interview970x250.jpg 970w, https:\/\/stiftungsmarktplatz.eu\/blog\/wp-content\/uploads\/2023\/05\/vtfds2023-Interview970x250-300x77.jpg 300w, https:\/\/stiftungsmarktplatz.eu\/blog\/wp-content\/uploads\/2023\/05\/vtfds2023-Interview970x250-768x198.jpg 768w, https:\/\/stiftungsmarktplatz.eu\/blog\/wp-content\/uploads\/2023\/05\/vtfds2023-Interview970x250-696x179.jpg 696w\" sizes=\"auto, (max-width: 970px) 100vw, 970px\" \/><\/a><\/figure>\n\n\n\n<p><strong>FondsFibel: Ein tolles wie passendes Schlusswort. Zivilgesellschaft wandelt sich, also m\u00fcssen sich Stiftungen auch wandeln bzw. dem anpassen k\u00f6nnen. Wir danken Ihnen f\u00fcr die tollen Einblicke in Ihre Gedankenwelt rund um Ihre Stiftung FUNDATIO. Bitte halten Sie uns auf dem Laufenden, was die R\u00fcckantworten seitens der Beh\u00f6rden anbelangt.<\/strong><\/p>\n","protected":false},"excerpt":{"rendered":"<p><span class=\"span-reading-time rt-reading-time\" style=\"display: block;\"><span class=\"rt-label rt-prefix\">Lesezeit: <\/span> <span class=\"rt-time\"> 8<\/span> <span class=\"rt-label rt-postfix\">Minuten<\/span><\/span>Die Stiftungsrechtsreform ver\u00e4ndert die Stiftungslandschaft, und das wird mit ihrem Inkrafttreten am 1.7.2023 weitergehen. Die drei bekannten Stiftungsrechtler Dr. Erich Theodor Barzen, Dr. Stefan Fritz und Dr. Christoph Mecking sehen das \u00e4hnlich, aber sie geben sich mit dem bisher Erreichten nicht zufrieden. Wie die drei Musketiere k\u00e4mpfen sie gemeinsam f\u00fcr eine einheitliche Auslegung der neuen stiftungsrechtlichen Regelungen, ihr Degen ist die Stiftung FUNDATIO, \u00fcber die sie Pr\u00e4zedenzf\u00e4lle schaffen wollen, auf die sich andere Stiftungen und Stiftungsgr\u00fcnder berufen k\u00f6nnen. Am Runden Tisch erl\u00e4utern sie, warum genau das notwendig ist.<\/p>\n","protected":false},"author":8,"featured_media":5820,"comment_status":"closed","ping_status":"open","sticky":false,"template":"","format":"standard","meta":{"ngg_post_thumbnail":0,"footnotes":""},"categories":[5],"tags":[24,27,251,263],"class_list":{"0":"post-5818","1":"post","2":"type-post","3":"status-publish","4":"format-standard","5":"has-post-thumbnail","7":"category-stiftungsvermoegen-und-stiftungsfonds","8":"tag-fondsfibel","9":"tag-stiftungsvermoegen","10":"tag-stiftungsrechtsreform","11":"tag-vtfds"},"yoast_head":"<!-- This site is optimized with the Yoast SEO plugin v27.4 - https:\/\/yoast.com\/product\/yoast-seo-wordpress\/ -->\n<title>\u201eWir wollen, dass dem Stifterwillen eine hohe praktische Handlungsf\u00e4higkeit folgt\u201c - Der Stiftungsblog f\u00fcr die Stiftungspraxis<\/title>\n<meta name=\"description\" content=\"Die Stiftungsrechtsreform ver\u00e4ndert die Stiftungslandschaft, und das wird mit ihrem Inkrafttreten am 1.7.2023 weitergehen. Die drei bekannten Stiftungsrechtler Dr. Erich Theodor Barzen, Dr. Stefan Fritz und Dr. Christoph Mecking sehen das \u00e4hnlich, aber sie geben sich mit dem bisher Erreichten nicht zufrieden. Wie die drei Musketiere k\u00e4mpfen sie gemeinsam f\u00fcr eine einheitliche Auslegung der neuen stiftungsrechtlichen Regelungen, ihr Degen ist die Stiftung FUNDATIO, \u00fcber die sie Pr\u00e4zedenzf\u00e4lle schaffen wollen, auf die sich andere Stiftungen und Stiftungsgr\u00fcnder berufen k\u00f6nnen. Am Runden Tisch erl\u00e4utern sie, warum genau das notwendig ist.\" \/>\n<meta name=\"robots\" content=\"index, follow, max-snippet:-1, max-image-preview:large, max-video-preview:-1\" \/>\n<link rel=\"canonical\" href=\"https:\/\/stiftungsmarktplatz.eu\/blog\/wir-wollen-dass-dem-stifterwillen-eine-hohe-praktische-handlungsfaehigkeit-folgt\/\" \/>\n<meta property=\"og:locale\" content=\"de_DE\" \/>\n<meta property=\"og:type\" content=\"article\" \/>\n<meta property=\"og:title\" content=\"\u201eWir wollen, dass dem Stifterwillen eine hohe praktische Handlungsf\u00e4higkeit folgt\u201c - Der Stiftungsblog f\u00fcr die Stiftungspraxis\" \/>\n<meta property=\"og:description\" content=\"Die Stiftungsrechtsreform ver\u00e4ndert die Stiftungslandschaft, und das wird mit ihrem Inkrafttreten am 1.7.2023 weitergehen. Die drei bekannten Stiftungsrechtler Dr. Erich Theodor Barzen, Dr. Stefan Fritz und Dr. Christoph Mecking sehen das \u00e4hnlich, aber sie geben sich mit dem bisher Erreichten nicht zufrieden. Wie die drei Musketiere k\u00e4mpfen sie gemeinsam f\u00fcr eine einheitliche Auslegung der neuen stiftungsrechtlichen Regelungen, ihr Degen ist die Stiftung FUNDATIO, \u00fcber die sie Pr\u00e4zedenzf\u00e4lle schaffen wollen, auf die sich andere Stiftungen und Stiftungsgr\u00fcnder berufen k\u00f6nnen. Am Runden Tisch erl\u00e4utern sie, warum genau das notwendig ist.\" \/>\n<meta property=\"og:url\" content=\"https:\/\/stiftungsmarktplatz.eu\/blog\/wir-wollen-dass-dem-stifterwillen-eine-hohe-praktische-handlungsfaehigkeit-folgt\/\" \/>\n<meta property=\"og:site_name\" content=\"Der Stiftungsblog f\u00fcr die Stiftungspraxis\" \/>\n<meta property=\"article:published_time\" content=\"2023-05-26T15:00:00+00:00\" \/>\n<meta property=\"article:modified_time\" content=\"2025-05-16T10:32:06+00:00\" \/>\n<meta property=\"og:image\" content=\"https:\/\/stiftungsmarktplatz.eu\/blog\/wp-content\/uploads\/2023\/05\/blogteaser-FUNDATIO.jpg\" \/>\n\t<meta property=\"og:image:width\" content=\"1200\" \/>\n\t<meta property=\"og:image:height\" content=\"675\" \/>\n\t<meta property=\"og:image:type\" content=\"image\/jpeg\" \/>\n<meta name=\"author\" content=\"Tobias Karow\" \/>\n<meta name=\"twitter:card\" content=\"summary_large_image\" \/>\n<meta name=\"twitter:label1\" content=\"Verfasst von\" \/>\n\t<meta name=\"twitter:data1\" content=\"Tobias Karow\" \/>\n\t<meta name=\"twitter:label2\" content=\"Gesch\u00e4tzte Lesezeit\" \/>\n\t<meta name=\"twitter:data2\" content=\"13\u00a0Minuten\" \/>\n<script type=\"application\/ld+json\" class=\"yoast-schema-graph\">{\"@context\":\"https:\\\/\\\/schema.org\",\"@graph\":[{\"@type\":\"Article\",\"@id\":\"https:\\\/\\\/stiftungsmarktplatz.eu\\\/blog\\\/wir-wollen-dass-dem-stifterwillen-eine-hohe-praktische-handlungsfaehigkeit-folgt\\\/#article\",\"isPartOf\":{\"@id\":\"https:\\\/\\\/stiftungsmarktplatz.eu\\\/blog\\\/wir-wollen-dass-dem-stifterwillen-eine-hohe-praktische-handlungsfaehigkeit-folgt\\\/\"},\"author\":{\"name\":\"Tobias Karow\",\"@id\":\"https:\\\/\\\/stiftungsmarktplatz.eu\\\/blog\\\/#\\\/schema\\\/person\\\/3a42780bf87a2088578f1e8077ccfa44\"},\"headline\":\"\u201eWir wollen, dass dem Stifterwillen eine hohe praktische Handlungsf\u00e4higkeit folgt\u201c\",\"datePublished\":\"2023-05-26T15:00:00+00:00\",\"dateModified\":\"2025-05-16T10:32:06+00:00\",\"mainEntityOfPage\":{\"@id\":\"https:\\\/\\\/stiftungsmarktplatz.eu\\\/blog\\\/wir-wollen-dass-dem-stifterwillen-eine-hohe-praktische-handlungsfaehigkeit-folgt\\\/\"},\"wordCount\":2174,\"publisher\":{\"@id\":\"https:\\\/\\\/stiftungsmarktplatz.eu\\\/blog\\\/#organization\"},\"image\":{\"@id\":\"https:\\\/\\\/stiftungsmarktplatz.eu\\\/blog\\\/wir-wollen-dass-dem-stifterwillen-eine-hohe-praktische-handlungsfaehigkeit-folgt\\\/#primaryimage\"},\"thumbnailUrl\":\"https:\\\/\\\/stiftungsmarktplatz.eu\\\/blog\\\/wp-content\\\/uploads\\\/2023\\\/05\\\/blogteaser-FUNDATIO.jpg\",\"keywords\":[\"FondsFibel\",\"Stiftungsverm\u00f6gen\",\"Stiftungsrechtsreform\",\"vtfds\"],\"articleSection\":[\"Stiftungsverm\u00f6gen &amp; Stiftungsfonds\"],\"inLanguage\":\"de\"},{\"@type\":\"WebPage\",\"@id\":\"https:\\\/\\\/stiftungsmarktplatz.eu\\\/blog\\\/wir-wollen-dass-dem-stifterwillen-eine-hohe-praktische-handlungsfaehigkeit-folgt\\\/\",\"url\":\"https:\\\/\\\/stiftungsmarktplatz.eu\\\/blog\\\/wir-wollen-dass-dem-stifterwillen-eine-hohe-praktische-handlungsfaehigkeit-folgt\\\/\",\"name\":\"\u201eWir wollen, dass dem Stifterwillen eine hohe praktische Handlungsf\u00e4higkeit folgt\u201c - Der Stiftungsblog f\u00fcr die Stiftungspraxis\",\"isPartOf\":{\"@id\":\"https:\\\/\\\/stiftungsmarktplatz.eu\\\/blog\\\/#website\"},\"primaryImageOfPage\":{\"@id\":\"https:\\\/\\\/stiftungsmarktplatz.eu\\\/blog\\\/wir-wollen-dass-dem-stifterwillen-eine-hohe-praktische-handlungsfaehigkeit-folgt\\\/#primaryimage\"},\"image\":{\"@id\":\"https:\\\/\\\/stiftungsmarktplatz.eu\\\/blog\\\/wir-wollen-dass-dem-stifterwillen-eine-hohe-praktische-handlungsfaehigkeit-folgt\\\/#primaryimage\"},\"thumbnailUrl\":\"https:\\\/\\\/stiftungsmarktplatz.eu\\\/blog\\\/wp-content\\\/uploads\\\/2023\\\/05\\\/blogteaser-FUNDATIO.jpg\",\"datePublished\":\"2023-05-26T15:00:00+00:00\",\"dateModified\":\"2025-05-16T10:32:06+00:00\",\"description\":\"Die Stiftungsrechtsreform ver\u00e4ndert die Stiftungslandschaft, und das wird mit ihrem Inkrafttreten am 1.7.2023 weitergehen. Die drei bekannten Stiftungsrechtler Dr. Erich Theodor Barzen, Dr. Stefan Fritz und Dr. Christoph Mecking sehen das \u00e4hnlich, aber sie geben sich mit dem bisher Erreichten nicht zufrieden. Wie die drei Musketiere k\u00e4mpfen sie gemeinsam f\u00fcr eine einheitliche Auslegung der neuen stiftungsrechtlichen Regelungen, ihr Degen ist die Stiftung FUNDATIO, \u00fcber die sie Pr\u00e4zedenzf\u00e4lle schaffen wollen, auf die sich andere Stiftungen und Stiftungsgr\u00fcnder berufen k\u00f6nnen. Am Runden Tisch erl\u00e4utern sie, warum genau das notwendig ist.\",\"breadcrumb\":{\"@id\":\"https:\\\/\\\/stiftungsmarktplatz.eu\\\/blog\\\/wir-wollen-dass-dem-stifterwillen-eine-hohe-praktische-handlungsfaehigkeit-folgt\\\/#breadcrumb\"},\"inLanguage\":\"de\",\"potentialAction\":[{\"@type\":\"ReadAction\",\"target\":[\"https:\\\/\\\/stiftungsmarktplatz.eu\\\/blog\\\/wir-wollen-dass-dem-stifterwillen-eine-hohe-praktische-handlungsfaehigkeit-folgt\\\/\"]}]},{\"@type\":\"ImageObject\",\"inLanguage\":\"de\",\"@id\":\"https:\\\/\\\/stiftungsmarktplatz.eu\\\/blog\\\/wir-wollen-dass-dem-stifterwillen-eine-hohe-praktische-handlungsfaehigkeit-folgt\\\/#primaryimage\",\"url\":\"https:\\\/\\\/stiftungsmarktplatz.eu\\\/blog\\\/wp-content\\\/uploads\\\/2023\\\/05\\\/blogteaser-FUNDATIO.jpg\",\"contentUrl\":\"https:\\\/\\\/stiftungsmarktplatz.eu\\\/blog\\\/wp-content\\\/uploads\\\/2023\\\/05\\\/blogteaser-FUNDATIO.jpg\",\"width\":1200,\"height\":675,\"caption\":\"FUNDATIO\"},{\"@type\":\"BreadcrumbList\",\"@id\":\"https:\\\/\\\/stiftungsmarktplatz.eu\\\/blog\\\/wir-wollen-dass-dem-stifterwillen-eine-hohe-praktische-handlungsfaehigkeit-folgt\\\/#breadcrumb\",\"itemListElement\":[{\"@type\":\"ListItem\",\"position\":1,\"name\":\"Startseite\",\"item\":\"https:\\\/\\\/stiftungsmarktplatz.eu\\\/blog\\\/\"},{\"@type\":\"ListItem\",\"position\":2,\"name\":\"\u201eWir wollen, dass dem Stifterwillen eine hohe praktische Handlungsf\u00e4higkeit folgt\u201c\"}]},{\"@type\":\"WebSite\",\"@id\":\"https:\\\/\\\/stiftungsmarktplatz.eu\\\/blog\\\/#website\",\"url\":\"https:\\\/\\\/stiftungsmarktplatz.eu\\\/blog\\\/\",\"name\":\"Der Stiftungsblog f\u00fcr die Stiftungspraxis\",\"description\":\"#stiftungenst\u00e4rken - NPO-Expertise von NPO-Experten\",\"publisher\":{\"@id\":\"https:\\\/\\\/stiftungsmarktplatz.eu\\\/blog\\\/#organization\"},\"potentialAction\":[{\"@type\":\"SearchAction\",\"target\":{\"@type\":\"EntryPoint\",\"urlTemplate\":\"https:\\\/\\\/stiftungsmarktplatz.eu\\\/blog\\\/?s={search_term_string}\"},\"query-input\":{\"@type\":\"PropertyValueSpecification\",\"valueRequired\":true,\"valueName\":\"search_term_string\"}}],\"inLanguage\":\"de\"},{\"@type\":\"Organization\",\"@id\":\"https:\\\/\\\/stiftungsmarktplatz.eu\\\/blog\\\/#organization\",\"name\":\"stiftungsmarktplatz.eu GbR\",\"url\":\"https:\\\/\\\/stiftungsmarktplatz.eu\\\/blog\\\/\",\"logo\":{\"@type\":\"ImageObject\",\"inLanguage\":\"de\",\"@id\":\"https:\\\/\\\/stiftungsmarktplatz.eu\\\/blog\\\/#\\\/schema\\\/logo\\\/image\\\/\",\"url\":\"https:\\\/\\\/stiftungsmarktplatz.eu\\\/blog\\\/wp-content\\\/uploads\\\/2020\\\/03\\\/Logo-blog-retina.png\",\"contentUrl\":\"https:\\\/\\\/stiftungsmarktplatz.eu\\\/blog\\\/wp-content\\\/uploads\\\/2020\\\/03\\\/Logo-blog-retina.png\",\"width\":140,\"height\":130,\"caption\":\"stiftungsmarktplatz.eu GbR\"},\"image\":{\"@id\":\"https:\\\/\\\/stiftungsmarktplatz.eu\\\/blog\\\/#\\\/schema\\\/logo\\\/image\\\/\"},\"sameAs\":[\"https:\\\/\\\/www.linkedin.com\\\/company\\\/18563519\\\/\",\"https:\\\/\\\/www.youtube.com\\\/channel\\\/UCQrF6RQRFGxTokVV4nbx25Q\"]},{\"@type\":\"Person\",\"@id\":\"https:\\\/\\\/stiftungsmarktplatz.eu\\\/blog\\\/#\\\/schema\\\/person\\\/3a42780bf87a2088578f1e8077ccfa44\",\"name\":\"Tobias Karow\",\"image\":{\"@type\":\"ImageObject\",\"inLanguage\":\"de\",\"@id\":\"https:\\\/\\\/stiftungsmarktplatz.eu\\\/blog\\\/wp-content\\\/uploads\\\/2024\\\/05\\\/tobias-karow-2024-150x150.png\",\"url\":\"https:\\\/\\\/stiftungsmarktplatz.eu\\\/blog\\\/wp-content\\\/uploads\\\/2024\\\/05\\\/tobias-karow-2024-150x150.png\",\"contentUrl\":\"https:\\\/\\\/stiftungsmarktplatz.eu\\\/blog\\\/wp-content\\\/uploads\\\/2024\\\/05\\\/tobias-karow-2024-150x150.png\",\"caption\":\"Tobias Karow\"},\"description\":\"ist Gr\u00fcnder und Gesch\u00e4ftsf\u00fchrer von stiftungsmarktplatz.eu und im Stiftungswesen in Deutschland, \u00d6sterreich, der Schweiz und Liechtenstein seit 10 Jahren aktiv. Er ist Herausgeber der FondsFibel f\u00fcr Stiftungen &amp; NPOs, dem f\u00fchrenden Nachschlagewerk f\u00fcr Stiftungsfonds und stiftungsgeeignete Fonds (www.fondsfibel.de), Vortr\u00e4ge h\u00e4lt er vor allem zum Thema \u201aStiftungen und ihr Weg in die digitale Welt\u2018. F\u00fcr beide Themen betreibt er den Blog #stiftungenst\u00e4rken.\",\"sameAs\":[\"https:\\\/\\\/www.fondsfibel.de\"],\"url\":\"https:\\\/\\\/stiftungsmarktplatz.eu\\\/blog\\\/author\\\/tobias-karow\\\/\"}]}<\/script>\n<!-- \/ Yoast SEO plugin. -->","yoast_head_json":{"title":"\u201eWir wollen, dass dem Stifterwillen eine hohe praktische Handlungsf\u00e4higkeit folgt\u201c - Der Stiftungsblog f\u00fcr die Stiftungspraxis","description":"Die Stiftungsrechtsreform ver\u00e4ndert die Stiftungslandschaft, und das wird mit ihrem Inkrafttreten am 1.7.2023 weitergehen. Die drei bekannten Stiftungsrechtler Dr. Erich Theodor Barzen, Dr. Stefan Fritz und Dr. Christoph Mecking sehen das \u00e4hnlich, aber sie geben sich mit dem bisher Erreichten nicht zufrieden. Wie die drei Musketiere k\u00e4mpfen sie gemeinsam f\u00fcr eine einheitliche Auslegung der neuen stiftungsrechtlichen Regelungen, ihr Degen ist die Stiftung FUNDATIO, \u00fcber die sie Pr\u00e4zedenzf\u00e4lle schaffen wollen, auf die sich andere Stiftungen und Stiftungsgr\u00fcnder berufen k\u00f6nnen. Am Runden Tisch erl\u00e4utern sie, warum genau das notwendig ist.","robots":{"index":"index","follow":"follow","max-snippet":"max-snippet:-1","max-image-preview":"max-image-preview:large","max-video-preview":"max-video-preview:-1"},"canonical":"https:\/\/stiftungsmarktplatz.eu\/blog\/wir-wollen-dass-dem-stifterwillen-eine-hohe-praktische-handlungsfaehigkeit-folgt\/","og_locale":"de_DE","og_type":"article","og_title":"\u201eWir wollen, dass dem Stifterwillen eine hohe praktische Handlungsf\u00e4higkeit folgt\u201c - Der Stiftungsblog f\u00fcr die Stiftungspraxis","og_description":"Die Stiftungsrechtsreform ver\u00e4ndert die Stiftungslandschaft, und das wird mit ihrem Inkrafttreten am 1.7.2023 weitergehen. Die drei bekannten Stiftungsrechtler Dr. Erich Theodor Barzen, Dr. Stefan Fritz und Dr. Christoph Mecking sehen das \u00e4hnlich, aber sie geben sich mit dem bisher Erreichten nicht zufrieden. Wie die drei Musketiere k\u00e4mpfen sie gemeinsam f\u00fcr eine einheitliche Auslegung der neuen stiftungsrechtlichen Regelungen, ihr Degen ist die Stiftung FUNDATIO, \u00fcber die sie Pr\u00e4zedenzf\u00e4lle schaffen wollen, auf die sich andere Stiftungen und Stiftungsgr\u00fcnder berufen k\u00f6nnen. Am Runden Tisch erl\u00e4utern sie, warum genau das notwendig ist.","og_url":"https:\/\/stiftungsmarktplatz.eu\/blog\/wir-wollen-dass-dem-stifterwillen-eine-hohe-praktische-handlungsfaehigkeit-folgt\/","og_site_name":"Der Stiftungsblog f\u00fcr die Stiftungspraxis","article_published_time":"2023-05-26T15:00:00+00:00","article_modified_time":"2025-05-16T10:32:06+00:00","og_image":[{"width":1200,"height":675,"url":"https:\/\/stiftungsmarktplatz.eu\/blog\/wp-content\/uploads\/2023\/05\/blogteaser-FUNDATIO.jpg","type":"image\/jpeg"}],"author":"Tobias Karow","twitter_card":"summary_large_image","twitter_misc":{"Verfasst von":"Tobias Karow","Gesch\u00e4tzte Lesezeit":"13\u00a0Minuten"},"schema":{"@context":"https:\/\/schema.org","@graph":[{"@type":"Article","@id":"https:\/\/stiftungsmarktplatz.eu\/blog\/wir-wollen-dass-dem-stifterwillen-eine-hohe-praktische-handlungsfaehigkeit-folgt\/#article","isPartOf":{"@id":"https:\/\/stiftungsmarktplatz.eu\/blog\/wir-wollen-dass-dem-stifterwillen-eine-hohe-praktische-handlungsfaehigkeit-folgt\/"},"author":{"name":"Tobias Karow","@id":"https:\/\/stiftungsmarktplatz.eu\/blog\/#\/schema\/person\/3a42780bf87a2088578f1e8077ccfa44"},"headline":"\u201eWir wollen, dass dem Stifterwillen eine hohe praktische Handlungsf\u00e4higkeit folgt\u201c","datePublished":"2023-05-26T15:00:00+00:00","dateModified":"2025-05-16T10:32:06+00:00","mainEntityOfPage":{"@id":"https:\/\/stiftungsmarktplatz.eu\/blog\/wir-wollen-dass-dem-stifterwillen-eine-hohe-praktische-handlungsfaehigkeit-folgt\/"},"wordCount":2174,"publisher":{"@id":"https:\/\/stiftungsmarktplatz.eu\/blog\/#organization"},"image":{"@id":"https:\/\/stiftungsmarktplatz.eu\/blog\/wir-wollen-dass-dem-stifterwillen-eine-hohe-praktische-handlungsfaehigkeit-folgt\/#primaryimage"},"thumbnailUrl":"https:\/\/stiftungsmarktplatz.eu\/blog\/wp-content\/uploads\/2023\/05\/blogteaser-FUNDATIO.jpg","keywords":["FondsFibel","Stiftungsverm\u00f6gen","Stiftungsrechtsreform","vtfds"],"articleSection":["Stiftungsverm\u00f6gen &amp; Stiftungsfonds"],"inLanguage":"de"},{"@type":"WebPage","@id":"https:\/\/stiftungsmarktplatz.eu\/blog\/wir-wollen-dass-dem-stifterwillen-eine-hohe-praktische-handlungsfaehigkeit-folgt\/","url":"https:\/\/stiftungsmarktplatz.eu\/blog\/wir-wollen-dass-dem-stifterwillen-eine-hohe-praktische-handlungsfaehigkeit-folgt\/","name":"\u201eWir wollen, dass dem Stifterwillen eine hohe praktische Handlungsf\u00e4higkeit folgt\u201c - Der Stiftungsblog f\u00fcr die Stiftungspraxis","isPartOf":{"@id":"https:\/\/stiftungsmarktplatz.eu\/blog\/#website"},"primaryImageOfPage":{"@id":"https:\/\/stiftungsmarktplatz.eu\/blog\/wir-wollen-dass-dem-stifterwillen-eine-hohe-praktische-handlungsfaehigkeit-folgt\/#primaryimage"},"image":{"@id":"https:\/\/stiftungsmarktplatz.eu\/blog\/wir-wollen-dass-dem-stifterwillen-eine-hohe-praktische-handlungsfaehigkeit-folgt\/#primaryimage"},"thumbnailUrl":"https:\/\/stiftungsmarktplatz.eu\/blog\/wp-content\/uploads\/2023\/05\/blogteaser-FUNDATIO.jpg","datePublished":"2023-05-26T15:00:00+00:00","dateModified":"2025-05-16T10:32:06+00:00","description":"Die Stiftungsrechtsreform ver\u00e4ndert die Stiftungslandschaft, und das wird mit ihrem Inkrafttreten am 1.7.2023 weitergehen. Die drei bekannten Stiftungsrechtler Dr. Erich Theodor Barzen, Dr. Stefan Fritz und Dr. Christoph Mecking sehen das \u00e4hnlich, aber sie geben sich mit dem bisher Erreichten nicht zufrieden. Wie die drei Musketiere k\u00e4mpfen sie gemeinsam f\u00fcr eine einheitliche Auslegung der neuen stiftungsrechtlichen Regelungen, ihr Degen ist die Stiftung FUNDATIO, \u00fcber die sie Pr\u00e4zedenzf\u00e4lle schaffen wollen, auf die sich andere Stiftungen und Stiftungsgr\u00fcnder berufen k\u00f6nnen. Am Runden Tisch erl\u00e4utern sie, warum genau das notwendig ist.","breadcrumb":{"@id":"https:\/\/stiftungsmarktplatz.eu\/blog\/wir-wollen-dass-dem-stifterwillen-eine-hohe-praktische-handlungsfaehigkeit-folgt\/#breadcrumb"},"inLanguage":"de","potentialAction":[{"@type":"ReadAction","target":["https:\/\/stiftungsmarktplatz.eu\/blog\/wir-wollen-dass-dem-stifterwillen-eine-hohe-praktische-handlungsfaehigkeit-folgt\/"]}]},{"@type":"ImageObject","inLanguage":"de","@id":"https:\/\/stiftungsmarktplatz.eu\/blog\/wir-wollen-dass-dem-stifterwillen-eine-hohe-praktische-handlungsfaehigkeit-folgt\/#primaryimage","url":"https:\/\/stiftungsmarktplatz.eu\/blog\/wp-content\/uploads\/2023\/05\/blogteaser-FUNDATIO.jpg","contentUrl":"https:\/\/stiftungsmarktplatz.eu\/blog\/wp-content\/uploads\/2023\/05\/blogteaser-FUNDATIO.jpg","width":1200,"height":675,"caption":"FUNDATIO"},{"@type":"BreadcrumbList","@id":"https:\/\/stiftungsmarktplatz.eu\/blog\/wir-wollen-dass-dem-stifterwillen-eine-hohe-praktische-handlungsfaehigkeit-folgt\/#breadcrumb","itemListElement":[{"@type":"ListItem","position":1,"name":"Startseite","item":"https:\/\/stiftungsmarktplatz.eu\/blog\/"},{"@type":"ListItem","position":2,"name":"\u201eWir wollen, dass dem Stifterwillen eine hohe praktische Handlungsf\u00e4higkeit folgt\u201c"}]},{"@type":"WebSite","@id":"https:\/\/stiftungsmarktplatz.eu\/blog\/#website","url":"https:\/\/stiftungsmarktplatz.eu\/blog\/","name":"Der Stiftungsblog f\u00fcr die Stiftungspraxis","description":"#stiftungenst\u00e4rken - NPO-Expertise von NPO-Experten","publisher":{"@id":"https:\/\/stiftungsmarktplatz.eu\/blog\/#organization"},"potentialAction":[{"@type":"SearchAction","target":{"@type":"EntryPoint","urlTemplate":"https:\/\/stiftungsmarktplatz.eu\/blog\/?s={search_term_string}"},"query-input":{"@type":"PropertyValueSpecification","valueRequired":true,"valueName":"search_term_string"}}],"inLanguage":"de"},{"@type":"Organization","@id":"https:\/\/stiftungsmarktplatz.eu\/blog\/#organization","name":"stiftungsmarktplatz.eu GbR","url":"https:\/\/stiftungsmarktplatz.eu\/blog\/","logo":{"@type":"ImageObject","inLanguage":"de","@id":"https:\/\/stiftungsmarktplatz.eu\/blog\/#\/schema\/logo\/image\/","url":"https:\/\/stiftungsmarktplatz.eu\/blog\/wp-content\/uploads\/2020\/03\/Logo-blog-retina.png","contentUrl":"https:\/\/stiftungsmarktplatz.eu\/blog\/wp-content\/uploads\/2020\/03\/Logo-blog-retina.png","width":140,"height":130,"caption":"stiftungsmarktplatz.eu GbR"},"image":{"@id":"https:\/\/stiftungsmarktplatz.eu\/blog\/#\/schema\/logo\/image\/"},"sameAs":["https:\/\/www.linkedin.com\/company\/18563519\/","https:\/\/www.youtube.com\/channel\/UCQrF6RQRFGxTokVV4nbx25Q"]},{"@type":"Person","@id":"https:\/\/stiftungsmarktplatz.eu\/blog\/#\/schema\/person\/3a42780bf87a2088578f1e8077ccfa44","name":"Tobias Karow","image":{"@type":"ImageObject","inLanguage":"de","@id":"https:\/\/stiftungsmarktplatz.eu\/blog\/wp-content\/uploads\/2024\/05\/tobias-karow-2024-150x150.png","url":"https:\/\/stiftungsmarktplatz.eu\/blog\/wp-content\/uploads\/2024\/05\/tobias-karow-2024-150x150.png","contentUrl":"https:\/\/stiftungsmarktplatz.eu\/blog\/wp-content\/uploads\/2024\/05\/tobias-karow-2024-150x150.png","caption":"Tobias Karow"},"description":"ist Gr\u00fcnder und Gesch\u00e4ftsf\u00fchrer von stiftungsmarktplatz.eu und im Stiftungswesen in Deutschland, \u00d6sterreich, der Schweiz und Liechtenstein seit 10 Jahren aktiv. Er ist Herausgeber der FondsFibel f\u00fcr Stiftungen &amp; NPOs, dem f\u00fchrenden Nachschlagewerk f\u00fcr Stiftungsfonds und stiftungsgeeignete Fonds (www.fondsfibel.de), Vortr\u00e4ge h\u00e4lt er vor allem zum Thema \u201aStiftungen und ihr Weg in die digitale Welt\u2018. F\u00fcr beide Themen betreibt er den Blog #stiftungenst\u00e4rken.","sameAs":["https:\/\/www.fondsfibel.de"],"url":"https:\/\/stiftungsmarktplatz.eu\/blog\/author\/tobias-karow\/"}]}},"post_mailing_queue_ids":[],"_links":{"self":[{"href":"https:\/\/stiftungsmarktplatz.eu\/blog\/wp-json\/wp\/v2\/posts\/5818","targetHints":{"allow":["GET"]}}],"collection":[{"href":"https:\/\/stiftungsmarktplatz.eu\/blog\/wp-json\/wp\/v2\/posts"}],"about":[{"href":"https:\/\/stiftungsmarktplatz.eu\/blog\/wp-json\/wp\/v2\/types\/post"}],"author":[{"embeddable":true,"href":"https:\/\/stiftungsmarktplatz.eu\/blog\/wp-json\/wp\/v2\/users\/8"}],"replies":[{"embeddable":true,"href":"https:\/\/stiftungsmarktplatz.eu\/blog\/wp-json\/wp\/v2\/comments?post=5818"}],"version-history":[{"count":8,"href":"https:\/\/stiftungsmarktplatz.eu\/blog\/wp-json\/wp\/v2\/posts\/5818\/revisions"}],"predecessor-version":[{"id":5840,"href":"https:\/\/stiftungsmarktplatz.eu\/blog\/wp-json\/wp\/v2\/posts\/5818\/revisions\/5840"}],"wp:featuredmedia":[{"embeddable":true,"href":"https:\/\/stiftungsmarktplatz.eu\/blog\/wp-json\/wp\/v2\/media\/5820"}],"wp:attachment":[{"href":"https:\/\/stiftungsmarktplatz.eu\/blog\/wp-json\/wp\/v2\/media?parent=5818"}],"wp:term":[{"taxonomy":"category","embeddable":true,"href":"https:\/\/stiftungsmarktplatz.eu\/blog\/wp-json\/wp\/v2\/categories?post=5818"},{"taxonomy":"post_tag","embeddable":true,"href":"https:\/\/stiftungsmarktplatz.eu\/blog\/wp-json\/wp\/v2\/tags?post=5818"}],"curies":[{"name":"wp","href":"https:\/\/api.w.org\/{rel}","templated":true}]}}