{"id":581,"date":"2019-08-12T15:11:33","date_gmt":"2019-08-12T13:11:33","guid":{"rendered":"https:\/\/stiftungsmarktplatz.eu\/blog\/?p=581"},"modified":"2020-07-03T15:17:20","modified_gmt":"2020-07-03T13:17:20","slug":"sehen-wir-uns-in-dortmund","status":"publish","type":"post","link":"https:\/\/stiftungsmarktplatz.eu\/blog\/sehen-wir-uns-in-dortmund\/","title":{"rendered":"Sehen wir uns in Dortmund?"},"content":{"rendered":"<span class=\"span-reading-time rt-reading-time\" style=\"display: block;\"><span class=\"rt-label rt-prefix\">Lesezeit: <\/span> <span class=\"rt-time\"> 3<\/span> <span class=\"rt-label rt-postfix\">Minuten<\/span><\/span>\n<p><em>Stiftungen sollen, Stiftungen wollen ihr Stiftungsverm\u00f6gen  nachhaltig anlegen. Es gibt sogar Stimmen die sagen, Stiftungen m\u00fcssen  ihr Kapital nachhaltig anlegen, ob ihres Wesens als mildt\u00e4tige wie  steuerbefreite K\u00f6rperschaft. Denn wer Gutes tut, der muss dem auch  Nachdruck verleihen \u00fcber das Veranlagen des Stiftungskapitals,  beispielsweise in Stiftungsfonds. Sich hier\u00fcber auszutauschen, ist die  Idee hinter dem Weltethos-Stiftungsforum im Rahmen der  Fair-Friends-Messe in Dortmund. Aber nicht nur das.<\/em><\/p>\n\n\n\n<div class=\"wp-block-cover has-background-dim\" style=\"background-image:url(https:\/\/stiftungsmarktplatz.eu\/blog\/wp-content\/uploads\/2020\/02\/bienen-podcast-2.jpg)\"><div class=\"wp-block-cover__inner-container is-layout-flow wp-block-cover-is-layout-flow\">\n<div class=\"wp-block-image\"><figure class=\"aligncenter size-large\"><img loading=\"lazy\" decoding=\"async\" width=\"90\" height=\"90\" src=\"https:\/\/stiftungsmarktplatz.eu\/blog\/wp-content\/uploads\/2020\/02\/podcast-icon-90px.png\" alt=\"\" class=\"wp-image-95\"\/><\/figure><\/div>\n\n\n\n<h2 class=\"has-text-color has-text-align-center wp-block-heading\" style=\"color:#8b2e7d\"><strong>PODCAST<\/strong><br> \u201eSehen wir uns in Dortmund?\u201c<\/h2>\n\n\n\n<figure class=\"wp-block-audio\"><audio controls src=\"https:\/\/stiftungsmarktplatz.eu\/blog\/wp-content\/uploads\/2020\/02\/Teaser-Weltethos-Stiftungsforum.m4a\"><\/audio><\/figure>\n<\/div><\/div>\n\n\n\n<p style=\"margin-top:30px\">Das Weltethos Stiftungsforum findet am 5. September 2019 zwischen \n11 und 14 Uhr im Foyer der Messe Dortmund statt, im Rahmen der Fair \nFriends-Messe, die in diesem Jahr zum zehnten Mal in der \nWestfalen-Metropole Dortmund stattfindet. Die Idee zur Veranstaltung \nfu\u00dft darauf, dass Stiftungen zwar einerseits animiert werden, nachhaltig\n zu investieren, sie andererseits ihre Erfahrungen und Fragen dazu nicht\n teilen k\u00f6nnen. Dieser Austausch zwischen Stiftungen untereinander sowie\n zwischen Stiftungen und Experten m\u00f6chte das Weltethos-Stiftungsforum \nbef\u00f6rdern. In zwei inhaltlichen Teilen d\u00fcrfen 6 Experten entsprechend \neinen kurzen Impuls geben, zwei Diskussionen greifen dies auf und \nspinnen die skizzierten Gedanken dann noch etwas weiter.<\/p>\n\n\n\n<h2 class=\"wp-block-heading\">Erst diskutieren, dann netzwerken<\/h2>\n\n\n\n<p>Inhaltich reicht der Fokus von der Frage, ob sich nachhaltiges \nInvestieren bzw. Investieren mit Sinn und Zweck \u00fcberhaupt lohnt bis hin \nzu k\u00fcnftigen Herausforderungen in der Kapitalanlage von Stiftungen und \nEckpunkten, wie Stiftungen \u00fcberhaupt in eine nachhaltige Anlagepolitik. \nDie Impulse sind auf drei Minuten angelegt, die Diskussion und das \nAufnehmen von Fragestellungen seitens Stiftungen steht danach in \nPodiumsdiskussionen im Mittelpunkt. Zwischen zwei inhaltlichen Teilen \nkann genetzwerkt werden. Durch die Veranstaltung f\u00fchren Dr. Bernd \nVillhauer, Gesch\u00e4ftsf\u00fchrer des Weltethos-Instituts und Dr. Marcel \nMalmendier, Gesch\u00e4ftsf\u00fchrer der Qualitates GmbH. Beiden ist gemein, sich\n seit Jahren mit der Thematik auseinanderzusetzen. F\u00fcr sie ist \nNachhaltigkeit auch kein Label, sondern eine Haltung.<\/p>\n\n\n\n<h2 class=\"wp-block-heading\">Checkliste zur Veranstaltung<\/h2>\n\n\n\n<p><strong>Datum:<\/strong> 5. September 2019<br><strong>Ort:<\/strong> Messe Dortmund, Neue Foyer Eingang Nord<br><strong>Zeit:<\/strong> 11 bis 14 Uhr<br><strong>G\u00e4ste:<\/strong> Stiftungen aus der Region Dortmund und dar\u00fcber hinaus<br><strong>Rahmen:<\/strong> Fair Friends bzw. Marktplatz f\u00fcr nachhaltige Kapitalanlagen<br><strong>Informationen &amp; Anmeldung:<\/strong> <a rel=\"noreferrer noopener\" href=\"https:\/\/www.fair-friends.de\" target=\"_blank\">www.fair-friends.de<\/a> und www.nachhaltige.investments<\/p>\n\n\n\n<h2 class=\"wp-block-heading\">Verantwortungsbewusstem Investieren auf der Spur<\/h2>\n\n\n\n<p>Hintergrund der Idee zum Weltethos-Stiftungsforum ist sicherlich die \nFrage, wie Stiftungen nachhaltig anlegen k\u00f6nnen, wenn sie zu der \nAuffassung gelangen, dass nachhaltige Kapitalanlage notwendig ist. Wobei\n nachhaltig eher als verantwortungsbewusst interpretiert werden sollte. \nStiftungen k\u00f6nnen ja \u00fcber das Allokieren ihres Kapitals bewusst Zeichen \nwie Impulse setzen und dar\u00fcber jenen Vertrauen entziehen, die nicht \nverantwortungsbewusst mit Mitarbeitern, Ressourcen oder der Zukunft \numgehen. Andersherum k\u00f6nnen Stiftungen solchen Akteuren Vertrauen \nschenken, die eben genau verantwortungsbewusst agieren. Hier muss jede \nStiftung ihren ganz eigenen Weg finden. Manches dabei erinnert \nvielleicht an trial and error, aber es ist auf jeden Fall richtig, sich \nfortw\u00e4hrend Gedanken zu verantwortungsbewusster Kapitalanlage zu machen.\n Rund um das Weltethos Stifterforum k\u00f6nnen sich Stiftungslenkerinnen und\n -lenker auch zu Anlageprodukten informieren, die ESG nicht nur im Namen\n tragen oder darauf referenzieren sondern danach auch investieren. \nHierzu z\u00e4hlen auch zahlreiche Stiftungsfonds wie stiftungsgeeignete \nFonds.<\/p>\n\n\n\n<blockquote class=\"wp-block-quote td_quote_box td_box_center is-layout-flow wp-block-quote-is-layout-flow\"><p><em>LESETIPP:<\/em> Im MidYearUpdate zur FondsFibel f\u00fcr  Stiftungen &amp; NPOs besch\u00e4ftigen wir uns mit der Frage, wie Stiftungen  \u00fcber Stiftungsfonds und stiftungsgeeignete Fonds in eine  ESG-Anlagepolitik finden. Klicken Sie auf <a rel=\"noreferrer noopener\" href=\"http:\/\/www.fondsfibel.de\" target=\"_blank\">www.fondsfibel.de<\/a>, dort ist die komplette Publikation zu finden.<\/p><\/blockquote>\n\n\n\n<h2 class=\"wp-block-heading\">Zusammengefasst<\/h2>\n\n\n\n<p>Mit dem Weltethos-Stiftungsforum finden Stiftungen aus dem Raum \nDortmund am 5. September eine M\u00f6glichkeit, sich zu nachhaltiger \nKapitalanlage zu informieren \u2013 und auch mit Experten und anderen \nStiftungslenkern zur Thematik zu diskutieren. Denn eines ist klar: \nVerantwortungsbewusst zu investieren, geh\u00f6rt zur DNA einer jeden \nStiftung. Daf\u00fcr braucht es immer wieder neue und fachliche Anregungen, \ndenn die Welt ver\u00e4ndert sich, und mit ihr der Rahmen f\u00fcr nachhaltiges \nInvestieren.<\/p>\n","protected":false},"excerpt":{"rendered":"<p><span class=\"span-reading-time rt-reading-time\" style=\"display: block;\"><span class=\"rt-label rt-prefix\">Lesezeit: <\/span> <span class=\"rt-time\"> 3<\/span> <span class=\"rt-label rt-postfix\">Minuten<\/span><\/span>Stiftungen sollen, Stiftungen wollen ihr Stiftungsverm\u00f6gen nachhaltig anlegen. Es gibt sogar Stimmen die sagen, Stiftungen m\u00fcssen ihr Kapital nachhaltig anlegen, ob ihres Wesens als mildt\u00e4tige wie steuerbefreite K\u00f6rperschaft. Denn wer Gutes tut, der muss dem auch Nachdruck verleihen \u00fcber das Veranlagen des Stiftungskapitals, beispielsweise in Stiftungsfonds. Sich hier\u00fcber auszutauschen, ist die Idee hinter dem Weltethos-Stiftungsforum im Rahmen der Fair-Friends-Messe in Dortmund. Aber nicht nur das. <\/p>\n","protected":false},"author":8,"featured_media":582,"comment_status":"closed","ping_status":"open","sticky":false,"template":"","format":"standard","meta":{"ngg_post_thumbnail":0,"footnotes":""},"categories":[5],"tags":[26,44,46],"class_list":{"0":"post-581","1":"post","2":"type-post","3":"status-publish","4":"format-standard","5":"has-post-thumbnail","7":"category-stiftungsvermoegen-und-stiftungsfonds","8":"tag-podcast","9":"tag-veranstaltung","10":"tag-stiftungsnetzwerk"},"yoast_head":"<!-- This site is optimized with the Yoast SEO plugin v27.4 - https:\/\/yoast.com\/product\/yoast-seo-wordpress\/ -->\n<title>Sehen wir uns in Dortmund? - Der Stiftungsblog f\u00fcr die Stiftungspraxis<\/title>\n<meta name=\"description\" content=\"Stiftungen sollen, Stiftungen wollen ihr Stiftungsverm\u00f6gen nachhaltig anlegen. Es gibt sogar Stimmen die sagen, Stiftungen m\u00fcssen ihr Kapital nachhaltig anlegen, ob ihres Wesens als mildt\u00e4tige wie steuerbefreite K\u00f6rperschaft. Denn wer Gutes tut, der muss dem auch Nachdruck verleihen \u00fcber das Veranlagen des Stiftungskapitals, beispielsweise in Stiftungsfonds. Sich hier\u00fcber auszutauschen, ist die Idee hinter dem Weltethos-Stiftungsforum im Rahmen der Fair-Friends-Messe in Dortmund. Aber nicht nur das.\" \/>\n<meta name=\"robots\" content=\"index, follow, max-snippet:-1, max-image-preview:large, max-video-preview:-1\" \/>\n<link rel=\"canonical\" href=\"https:\/\/stiftungsmarktplatz.eu\/blog\/sehen-wir-uns-in-dortmund\/\" \/>\n<meta property=\"og:locale\" content=\"de_DE\" \/>\n<meta property=\"og:type\" content=\"article\" \/>\n<meta property=\"og:title\" content=\"Sehen wir uns in Dortmund? - Der Stiftungsblog f\u00fcr die Stiftungspraxis\" \/>\n<meta property=\"og:description\" content=\"Stiftungen sollen, Stiftungen wollen ihr Stiftungsverm\u00f6gen nachhaltig anlegen. Es gibt sogar Stimmen die sagen, Stiftungen m\u00fcssen ihr Kapital nachhaltig anlegen, ob ihres Wesens als mildt\u00e4tige wie steuerbefreite K\u00f6rperschaft. Denn wer Gutes tut, der muss dem auch Nachdruck verleihen \u00fcber das Veranlagen des Stiftungskapitals, beispielsweise in Stiftungsfonds. Sich hier\u00fcber auszutauschen, ist die Idee hinter dem Weltethos-Stiftungsforum im Rahmen der Fair-Friends-Messe in Dortmund. Aber nicht nur das.\" \/>\n<meta property=\"og:url\" content=\"https:\/\/stiftungsmarktplatz.eu\/blog\/sehen-wir-uns-in-dortmund\/\" \/>\n<meta property=\"og:site_name\" content=\"Der Stiftungsblog f\u00fcr die Stiftungspraxis\" \/>\n<meta property=\"article:published_time\" content=\"2019-08-12T13:11:33+00:00\" \/>\n<meta property=\"article:modified_time\" content=\"2020-07-03T13:17:20+00:00\" \/>\n<meta property=\"og:image\" content=\"https:\/\/stiftungsmarktplatz.eu\/blog\/wp-content\/uploads\/2020\/02\/stiftungsforum.jpg\" \/>\n\t<meta property=\"og:image:width\" content=\"800\" \/>\n\t<meta property=\"og:image:height\" content=\"467\" \/>\n\t<meta property=\"og:image:type\" content=\"image\/jpeg\" \/>\n<meta name=\"author\" content=\"Tobias Karow\" \/>\n<meta name=\"twitter:card\" content=\"summary_large_image\" \/>\n<meta name=\"twitter:label1\" content=\"Verfasst von\" \/>\n\t<meta name=\"twitter:data1\" content=\"Tobias Karow\" \/>\n\t<meta name=\"twitter:label2\" content=\"Gesch\u00e4tzte Lesezeit\" \/>\n\t<meta name=\"twitter:data2\" content=\"3\u00a0Minuten\" \/>\n<script type=\"application\/ld+json\" class=\"yoast-schema-graph\">{\"@context\":\"https:\\\/\\\/schema.org\",\"@graph\":[{\"@type\":\"Article\",\"@id\":\"https:\\\/\\\/stiftungsmarktplatz.eu\\\/blog\\\/sehen-wir-uns-in-dortmund\\\/#article\",\"isPartOf\":{\"@id\":\"https:\\\/\\\/stiftungsmarktplatz.eu\\\/blog\\\/sehen-wir-uns-in-dortmund\\\/\"},\"author\":{\"name\":\"Tobias Karow\",\"@id\":\"https:\\\/\\\/stiftungsmarktplatz.eu\\\/blog\\\/#\\\/schema\\\/person\\\/3a42780bf87a2088578f1e8077ccfa44\"},\"headline\":\"Sehen wir uns in Dortmund?\",\"datePublished\":\"2019-08-12T13:11:33+00:00\",\"dateModified\":\"2020-07-03T13:17:20+00:00\",\"mainEntityOfPage\":{\"@id\":\"https:\\\/\\\/stiftungsmarktplatz.eu\\\/blog\\\/sehen-wir-uns-in-dortmund\\\/\"},\"wordCount\":608,\"publisher\":{\"@id\":\"https:\\\/\\\/stiftungsmarktplatz.eu\\\/blog\\\/#organization\"},\"image\":{\"@id\":\"https:\\\/\\\/stiftungsmarktplatz.eu\\\/blog\\\/sehen-wir-uns-in-dortmund\\\/#primaryimage\"},\"thumbnailUrl\":\"https:\\\/\\\/stiftungsmarktplatz.eu\\\/blog\\\/wp-content\\\/uploads\\\/2020\\\/02\\\/stiftungsforum.jpg\",\"keywords\":[\"Podcast\",\"Veranstaltung\",\"Stiftungsnetzwerk\"],\"articleSection\":[\"Stiftungsverm\u00f6gen &amp; Stiftungsfonds\"],\"inLanguage\":\"de\"},{\"@type\":\"WebPage\",\"@id\":\"https:\\\/\\\/stiftungsmarktplatz.eu\\\/blog\\\/sehen-wir-uns-in-dortmund\\\/\",\"url\":\"https:\\\/\\\/stiftungsmarktplatz.eu\\\/blog\\\/sehen-wir-uns-in-dortmund\\\/\",\"name\":\"Sehen wir uns in Dortmund? - Der Stiftungsblog f\u00fcr die Stiftungspraxis\",\"isPartOf\":{\"@id\":\"https:\\\/\\\/stiftungsmarktplatz.eu\\\/blog\\\/#website\"},\"primaryImageOfPage\":{\"@id\":\"https:\\\/\\\/stiftungsmarktplatz.eu\\\/blog\\\/sehen-wir-uns-in-dortmund\\\/#primaryimage\"},\"image\":{\"@id\":\"https:\\\/\\\/stiftungsmarktplatz.eu\\\/blog\\\/sehen-wir-uns-in-dortmund\\\/#primaryimage\"},\"thumbnailUrl\":\"https:\\\/\\\/stiftungsmarktplatz.eu\\\/blog\\\/wp-content\\\/uploads\\\/2020\\\/02\\\/stiftungsforum.jpg\",\"datePublished\":\"2019-08-12T13:11:33+00:00\",\"dateModified\":\"2020-07-03T13:17:20+00:00\",\"description\":\"Stiftungen sollen, Stiftungen wollen ihr Stiftungsverm\u00f6gen nachhaltig anlegen. Es gibt sogar Stimmen die sagen, Stiftungen m\u00fcssen ihr Kapital nachhaltig anlegen, ob ihres Wesens als mildt\u00e4tige wie steuerbefreite K\u00f6rperschaft. Denn wer Gutes tut, der muss dem auch Nachdruck verleihen \u00fcber das Veranlagen des Stiftungskapitals, beispielsweise in Stiftungsfonds. Sich hier\u00fcber auszutauschen, ist die Idee hinter dem Weltethos-Stiftungsforum im Rahmen der Fair-Friends-Messe in Dortmund. Aber nicht nur das.\",\"breadcrumb\":{\"@id\":\"https:\\\/\\\/stiftungsmarktplatz.eu\\\/blog\\\/sehen-wir-uns-in-dortmund\\\/#breadcrumb\"},\"inLanguage\":\"de\",\"potentialAction\":[{\"@type\":\"ReadAction\",\"target\":[\"https:\\\/\\\/stiftungsmarktplatz.eu\\\/blog\\\/sehen-wir-uns-in-dortmund\\\/\"]}]},{\"@type\":\"ImageObject\",\"inLanguage\":\"de\",\"@id\":\"https:\\\/\\\/stiftungsmarktplatz.eu\\\/blog\\\/sehen-wir-uns-in-dortmund\\\/#primaryimage\",\"url\":\"https:\\\/\\\/stiftungsmarktplatz.eu\\\/blog\\\/wp-content\\\/uploads\\\/2020\\\/02\\\/stiftungsforum.jpg\",\"contentUrl\":\"https:\\\/\\\/stiftungsmarktplatz.eu\\\/blog\\\/wp-content\\\/uploads\\\/2020\\\/02\\\/stiftungsforum.jpg\",\"width\":800,\"height\":467,\"caption\":\"Stiftungsforum in Dortmund\"},{\"@type\":\"BreadcrumbList\",\"@id\":\"https:\\\/\\\/stiftungsmarktplatz.eu\\\/blog\\\/sehen-wir-uns-in-dortmund\\\/#breadcrumb\",\"itemListElement\":[{\"@type\":\"ListItem\",\"position\":1,\"name\":\"Startseite\",\"item\":\"https:\\\/\\\/stiftungsmarktplatz.eu\\\/blog\\\/\"},{\"@type\":\"ListItem\",\"position\":2,\"name\":\"Sehen wir uns in Dortmund?\"}]},{\"@type\":\"WebSite\",\"@id\":\"https:\\\/\\\/stiftungsmarktplatz.eu\\\/blog\\\/#website\",\"url\":\"https:\\\/\\\/stiftungsmarktplatz.eu\\\/blog\\\/\",\"name\":\"Der Stiftungsblog f\u00fcr die Stiftungspraxis\",\"description\":\"#stiftungenst\u00e4rken - NPO-Expertise von NPO-Experten\",\"publisher\":{\"@id\":\"https:\\\/\\\/stiftungsmarktplatz.eu\\\/blog\\\/#organization\"},\"potentialAction\":[{\"@type\":\"SearchAction\",\"target\":{\"@type\":\"EntryPoint\",\"urlTemplate\":\"https:\\\/\\\/stiftungsmarktplatz.eu\\\/blog\\\/?s={search_term_string}\"},\"query-input\":{\"@type\":\"PropertyValueSpecification\",\"valueRequired\":true,\"valueName\":\"search_term_string\"}}],\"inLanguage\":\"de\"},{\"@type\":\"Organization\",\"@id\":\"https:\\\/\\\/stiftungsmarktplatz.eu\\\/blog\\\/#organization\",\"name\":\"stiftungsmarktplatz.eu GbR\",\"url\":\"https:\\\/\\\/stiftungsmarktplatz.eu\\\/blog\\\/\",\"logo\":{\"@type\":\"ImageObject\",\"inLanguage\":\"de\",\"@id\":\"https:\\\/\\\/stiftungsmarktplatz.eu\\\/blog\\\/#\\\/schema\\\/logo\\\/image\\\/\",\"url\":\"https:\\\/\\\/stiftungsmarktplatz.eu\\\/blog\\\/wp-content\\\/uploads\\\/2020\\\/03\\\/Logo-blog-retina.png\",\"contentUrl\":\"https:\\\/\\\/stiftungsmarktplatz.eu\\\/blog\\\/wp-content\\\/uploads\\\/2020\\\/03\\\/Logo-blog-retina.png\",\"width\":140,\"height\":130,\"caption\":\"stiftungsmarktplatz.eu GbR\"},\"image\":{\"@id\":\"https:\\\/\\\/stiftungsmarktplatz.eu\\\/blog\\\/#\\\/schema\\\/logo\\\/image\\\/\"},\"sameAs\":[\"https:\\\/\\\/www.linkedin.com\\\/company\\\/18563519\\\/\",\"https:\\\/\\\/www.youtube.com\\\/channel\\\/UCQrF6RQRFGxTokVV4nbx25Q\"]},{\"@type\":\"Person\",\"@id\":\"https:\\\/\\\/stiftungsmarktplatz.eu\\\/blog\\\/#\\\/schema\\\/person\\\/3a42780bf87a2088578f1e8077ccfa44\",\"name\":\"Tobias Karow\",\"image\":{\"@type\":\"ImageObject\",\"inLanguage\":\"de\",\"@id\":\"https:\\\/\\\/stiftungsmarktplatz.eu\\\/blog\\\/wp-content\\\/uploads\\\/2024\\\/05\\\/tobias-karow-2024-150x150.png\",\"url\":\"https:\\\/\\\/stiftungsmarktplatz.eu\\\/blog\\\/wp-content\\\/uploads\\\/2024\\\/05\\\/tobias-karow-2024-150x150.png\",\"contentUrl\":\"https:\\\/\\\/stiftungsmarktplatz.eu\\\/blog\\\/wp-content\\\/uploads\\\/2024\\\/05\\\/tobias-karow-2024-150x150.png\",\"caption\":\"Tobias Karow\"},\"description\":\"ist Gr\u00fcnder und Gesch\u00e4ftsf\u00fchrer von stiftungsmarktplatz.eu und im Stiftungswesen in Deutschland, \u00d6sterreich, der Schweiz und Liechtenstein seit 10 Jahren aktiv. Er ist Herausgeber der FondsFibel f\u00fcr Stiftungen &amp; NPOs, dem f\u00fchrenden Nachschlagewerk f\u00fcr Stiftungsfonds und stiftungsgeeignete Fonds (www.fondsfibel.de), Vortr\u00e4ge h\u00e4lt er vor allem zum Thema \u201aStiftungen und ihr Weg in die digitale Welt\u2018. F\u00fcr beide Themen betreibt er den Blog #stiftungenst\u00e4rken.\",\"sameAs\":[\"https:\\\/\\\/www.fondsfibel.de\"],\"url\":\"https:\\\/\\\/stiftungsmarktplatz.eu\\\/blog\\\/author\\\/tobias-karow\\\/\"}]}<\/script>\n<!-- \/ Yoast SEO plugin. -->","yoast_head_json":{"title":"Sehen wir uns in Dortmund? - Der Stiftungsblog f\u00fcr die Stiftungspraxis","description":"Stiftungen sollen, Stiftungen wollen ihr Stiftungsverm\u00f6gen nachhaltig anlegen. Es gibt sogar Stimmen die sagen, Stiftungen m\u00fcssen ihr Kapital nachhaltig anlegen, ob ihres Wesens als mildt\u00e4tige wie steuerbefreite K\u00f6rperschaft. Denn wer Gutes tut, der muss dem auch Nachdruck verleihen \u00fcber das Veranlagen des Stiftungskapitals, beispielsweise in Stiftungsfonds. Sich hier\u00fcber auszutauschen, ist die Idee hinter dem Weltethos-Stiftungsforum im Rahmen der Fair-Friends-Messe in Dortmund. Aber nicht nur das.","robots":{"index":"index","follow":"follow","max-snippet":"max-snippet:-1","max-image-preview":"max-image-preview:large","max-video-preview":"max-video-preview:-1"},"canonical":"https:\/\/stiftungsmarktplatz.eu\/blog\/sehen-wir-uns-in-dortmund\/","og_locale":"de_DE","og_type":"article","og_title":"Sehen wir uns in Dortmund? - Der Stiftungsblog f\u00fcr die Stiftungspraxis","og_description":"Stiftungen sollen, Stiftungen wollen ihr Stiftungsverm\u00f6gen nachhaltig anlegen. Es gibt sogar Stimmen die sagen, Stiftungen m\u00fcssen ihr Kapital nachhaltig anlegen, ob ihres Wesens als mildt\u00e4tige wie steuerbefreite K\u00f6rperschaft. Denn wer Gutes tut, der muss dem auch Nachdruck verleihen \u00fcber das Veranlagen des Stiftungskapitals, beispielsweise in Stiftungsfonds. Sich hier\u00fcber auszutauschen, ist die Idee hinter dem Weltethos-Stiftungsforum im Rahmen der Fair-Friends-Messe in Dortmund. Aber nicht nur das.","og_url":"https:\/\/stiftungsmarktplatz.eu\/blog\/sehen-wir-uns-in-dortmund\/","og_site_name":"Der Stiftungsblog f\u00fcr die Stiftungspraxis","article_published_time":"2019-08-12T13:11:33+00:00","article_modified_time":"2020-07-03T13:17:20+00:00","og_image":[{"width":800,"height":467,"url":"https:\/\/stiftungsmarktplatz.eu\/blog\/wp-content\/uploads\/2020\/02\/stiftungsforum.jpg","type":"image\/jpeg"}],"author":"Tobias Karow","twitter_card":"summary_large_image","twitter_misc":{"Verfasst von":"Tobias Karow","Gesch\u00e4tzte Lesezeit":"3\u00a0Minuten"},"schema":{"@context":"https:\/\/schema.org","@graph":[{"@type":"Article","@id":"https:\/\/stiftungsmarktplatz.eu\/blog\/sehen-wir-uns-in-dortmund\/#article","isPartOf":{"@id":"https:\/\/stiftungsmarktplatz.eu\/blog\/sehen-wir-uns-in-dortmund\/"},"author":{"name":"Tobias Karow","@id":"https:\/\/stiftungsmarktplatz.eu\/blog\/#\/schema\/person\/3a42780bf87a2088578f1e8077ccfa44"},"headline":"Sehen wir uns in Dortmund?","datePublished":"2019-08-12T13:11:33+00:00","dateModified":"2020-07-03T13:17:20+00:00","mainEntityOfPage":{"@id":"https:\/\/stiftungsmarktplatz.eu\/blog\/sehen-wir-uns-in-dortmund\/"},"wordCount":608,"publisher":{"@id":"https:\/\/stiftungsmarktplatz.eu\/blog\/#organization"},"image":{"@id":"https:\/\/stiftungsmarktplatz.eu\/blog\/sehen-wir-uns-in-dortmund\/#primaryimage"},"thumbnailUrl":"https:\/\/stiftungsmarktplatz.eu\/blog\/wp-content\/uploads\/2020\/02\/stiftungsforum.jpg","keywords":["Podcast","Veranstaltung","Stiftungsnetzwerk"],"articleSection":["Stiftungsverm\u00f6gen &amp; Stiftungsfonds"],"inLanguage":"de"},{"@type":"WebPage","@id":"https:\/\/stiftungsmarktplatz.eu\/blog\/sehen-wir-uns-in-dortmund\/","url":"https:\/\/stiftungsmarktplatz.eu\/blog\/sehen-wir-uns-in-dortmund\/","name":"Sehen wir uns in Dortmund? - Der Stiftungsblog f\u00fcr die Stiftungspraxis","isPartOf":{"@id":"https:\/\/stiftungsmarktplatz.eu\/blog\/#website"},"primaryImageOfPage":{"@id":"https:\/\/stiftungsmarktplatz.eu\/blog\/sehen-wir-uns-in-dortmund\/#primaryimage"},"image":{"@id":"https:\/\/stiftungsmarktplatz.eu\/blog\/sehen-wir-uns-in-dortmund\/#primaryimage"},"thumbnailUrl":"https:\/\/stiftungsmarktplatz.eu\/blog\/wp-content\/uploads\/2020\/02\/stiftungsforum.jpg","datePublished":"2019-08-12T13:11:33+00:00","dateModified":"2020-07-03T13:17:20+00:00","description":"Stiftungen sollen, Stiftungen wollen ihr Stiftungsverm\u00f6gen nachhaltig anlegen. Es gibt sogar Stimmen die sagen, Stiftungen m\u00fcssen ihr Kapital nachhaltig anlegen, ob ihres Wesens als mildt\u00e4tige wie steuerbefreite K\u00f6rperschaft. Denn wer Gutes tut, der muss dem auch Nachdruck verleihen \u00fcber das Veranlagen des Stiftungskapitals, beispielsweise in Stiftungsfonds. Sich hier\u00fcber auszutauschen, ist die Idee hinter dem Weltethos-Stiftungsforum im Rahmen der Fair-Friends-Messe in Dortmund. Aber nicht nur das.","breadcrumb":{"@id":"https:\/\/stiftungsmarktplatz.eu\/blog\/sehen-wir-uns-in-dortmund\/#breadcrumb"},"inLanguage":"de","potentialAction":[{"@type":"ReadAction","target":["https:\/\/stiftungsmarktplatz.eu\/blog\/sehen-wir-uns-in-dortmund\/"]}]},{"@type":"ImageObject","inLanguage":"de","@id":"https:\/\/stiftungsmarktplatz.eu\/blog\/sehen-wir-uns-in-dortmund\/#primaryimage","url":"https:\/\/stiftungsmarktplatz.eu\/blog\/wp-content\/uploads\/2020\/02\/stiftungsforum.jpg","contentUrl":"https:\/\/stiftungsmarktplatz.eu\/blog\/wp-content\/uploads\/2020\/02\/stiftungsforum.jpg","width":800,"height":467,"caption":"Stiftungsforum in Dortmund"},{"@type":"BreadcrumbList","@id":"https:\/\/stiftungsmarktplatz.eu\/blog\/sehen-wir-uns-in-dortmund\/#breadcrumb","itemListElement":[{"@type":"ListItem","position":1,"name":"Startseite","item":"https:\/\/stiftungsmarktplatz.eu\/blog\/"},{"@type":"ListItem","position":2,"name":"Sehen wir uns in Dortmund?"}]},{"@type":"WebSite","@id":"https:\/\/stiftungsmarktplatz.eu\/blog\/#website","url":"https:\/\/stiftungsmarktplatz.eu\/blog\/","name":"Der Stiftungsblog f\u00fcr die Stiftungspraxis","description":"#stiftungenst\u00e4rken - NPO-Expertise von NPO-Experten","publisher":{"@id":"https:\/\/stiftungsmarktplatz.eu\/blog\/#organization"},"potentialAction":[{"@type":"SearchAction","target":{"@type":"EntryPoint","urlTemplate":"https:\/\/stiftungsmarktplatz.eu\/blog\/?s={search_term_string}"},"query-input":{"@type":"PropertyValueSpecification","valueRequired":true,"valueName":"search_term_string"}}],"inLanguage":"de"},{"@type":"Organization","@id":"https:\/\/stiftungsmarktplatz.eu\/blog\/#organization","name":"stiftungsmarktplatz.eu GbR","url":"https:\/\/stiftungsmarktplatz.eu\/blog\/","logo":{"@type":"ImageObject","inLanguage":"de","@id":"https:\/\/stiftungsmarktplatz.eu\/blog\/#\/schema\/logo\/image\/","url":"https:\/\/stiftungsmarktplatz.eu\/blog\/wp-content\/uploads\/2020\/03\/Logo-blog-retina.png","contentUrl":"https:\/\/stiftungsmarktplatz.eu\/blog\/wp-content\/uploads\/2020\/03\/Logo-blog-retina.png","width":140,"height":130,"caption":"stiftungsmarktplatz.eu GbR"},"image":{"@id":"https:\/\/stiftungsmarktplatz.eu\/blog\/#\/schema\/logo\/image\/"},"sameAs":["https:\/\/www.linkedin.com\/company\/18563519\/","https:\/\/www.youtube.com\/channel\/UCQrF6RQRFGxTokVV4nbx25Q"]},{"@type":"Person","@id":"https:\/\/stiftungsmarktplatz.eu\/blog\/#\/schema\/person\/3a42780bf87a2088578f1e8077ccfa44","name":"Tobias Karow","image":{"@type":"ImageObject","inLanguage":"de","@id":"https:\/\/stiftungsmarktplatz.eu\/blog\/wp-content\/uploads\/2024\/05\/tobias-karow-2024-150x150.png","url":"https:\/\/stiftungsmarktplatz.eu\/blog\/wp-content\/uploads\/2024\/05\/tobias-karow-2024-150x150.png","contentUrl":"https:\/\/stiftungsmarktplatz.eu\/blog\/wp-content\/uploads\/2024\/05\/tobias-karow-2024-150x150.png","caption":"Tobias Karow"},"description":"ist Gr\u00fcnder und Gesch\u00e4ftsf\u00fchrer von stiftungsmarktplatz.eu und im Stiftungswesen in Deutschland, \u00d6sterreich, der Schweiz und Liechtenstein seit 10 Jahren aktiv. Er ist Herausgeber der FondsFibel f\u00fcr Stiftungen &amp; NPOs, dem f\u00fchrenden Nachschlagewerk f\u00fcr Stiftungsfonds und stiftungsgeeignete Fonds (www.fondsfibel.de), Vortr\u00e4ge h\u00e4lt er vor allem zum Thema \u201aStiftungen und ihr Weg in die digitale Welt\u2018. F\u00fcr beide Themen betreibt er den Blog #stiftungenst\u00e4rken.","sameAs":["https:\/\/www.fondsfibel.de"],"url":"https:\/\/stiftungsmarktplatz.eu\/blog\/author\/tobias-karow\/"}]}},"post_mailing_queue_ids":[],"_links":{"self":[{"href":"https:\/\/stiftungsmarktplatz.eu\/blog\/wp-json\/wp\/v2\/posts\/581","targetHints":{"allow":["GET"]}}],"collection":[{"href":"https:\/\/stiftungsmarktplatz.eu\/blog\/wp-json\/wp\/v2\/posts"}],"about":[{"href":"https:\/\/stiftungsmarktplatz.eu\/blog\/wp-json\/wp\/v2\/types\/post"}],"author":[{"embeddable":true,"href":"https:\/\/stiftungsmarktplatz.eu\/blog\/wp-json\/wp\/v2\/users\/8"}],"replies":[{"embeddable":true,"href":"https:\/\/stiftungsmarktplatz.eu\/blog\/wp-json\/wp\/v2\/comments?post=581"}],"version-history":[{"count":1,"href":"https:\/\/stiftungsmarktplatz.eu\/blog\/wp-json\/wp\/v2\/posts\/581\/revisions"}],"predecessor-version":[{"id":583,"href":"https:\/\/stiftungsmarktplatz.eu\/blog\/wp-json\/wp\/v2\/posts\/581\/revisions\/583"}],"wp:featuredmedia":[{"embeddable":true,"href":"https:\/\/stiftungsmarktplatz.eu\/blog\/wp-json\/wp\/v2\/media\/582"}],"wp:attachment":[{"href":"https:\/\/stiftungsmarktplatz.eu\/blog\/wp-json\/wp\/v2\/media?parent=581"}],"wp:term":[{"taxonomy":"category","embeddable":true,"href":"https:\/\/stiftungsmarktplatz.eu\/blog\/wp-json\/wp\/v2\/categories?post=581"},{"taxonomy":"post_tag","embeddable":true,"href":"https:\/\/stiftungsmarktplatz.eu\/blog\/wp-json\/wp\/v2\/tags?post=581"}],"curies":[{"name":"wp","href":"https:\/\/api.w.org\/{rel}","templated":true}]}}