{"id":5694,"date":"2023-04-06T09:00:00","date_gmt":"2023-04-06T07:00:00","guid":{"rendered":"https:\/\/stiftungsmarktplatz.eu\/blog\/?p=5694"},"modified":"2023-04-03T11:54:07","modified_gmt":"2023-04-03T09:54:07","slug":"stiftungen-und-ihr-blick-auf-2030","status":"publish","type":"post","link":"https:\/\/stiftungsmarktplatz.eu\/blog\/stiftungen-und-ihr-blick-auf-2030\/","title":{"rendered":"Stiftungen und ihr Blick auf 2030"},"content":{"rendered":"<span class=\"span-reading-time rt-reading-time\" style=\"display: block;\"><span class=\"rt-label rt-prefix\">Lesezeit: <\/span> <span class=\"rt-time\"> 4<\/span> <span class=\"rt-label rt-postfix\">Minuten<\/span><\/span>\n<p>Wir leben in Zeiten des Aufruhrs, oder in Zeiten des Umbruchs, vielleicht aber genau auch in Zeiten eines Aufbruchs?<\/p>\n\n\n\n<p>Diese Frage treibt den Stiftungssektor ganz offensichtlich derzeit, weshalb wir j\u00fcngst mit dem fr\u00fcheren Generalsekret\u00e4r Prof. Dr. Hans Fleisch im Vorfeld der Jahrestagung von Stiftung &amp; Sponsoring am 25.4.2023 zu genau diesem Thema sprachen. Es war interessant zu h\u00f6ren, was der Stiftungsexperte den Stiftungen ins Stammbuch schrieb:<br><br><strong><em>\u201eWer sind wir uns was wollen wir, diese Fragen muss sich der Stiftungssektor heute stellen.\u201c<\/em><\/strong><br><br>Das komplette Gespr\u00e4ch finden Sie in B\u00e4lde auf unserem Blog, es ist, wie es so sch\u00f6n hei\u00dft, ein richtiges Brett, das aber auch Anleihen bei Lucius Annaeus Seneca. Dieser wird ja gerne zitiert, aber zum Thema Aufbruch hat er einen tollen Satz verlauten lassen: <strong><em>\u201eWir k\u00f6nnen nicht zu neuen Ufern aufbrechen, wenn wir nicht bereit sind, das alte aus den Augen zu verlieren.\u201c<\/em><br><\/strong><\/p>\n\n\n\n<figure class=\"wp-block-image size-full\"><a href=\"http:\/\/www.zhaw.ch\/zkm\/cas-frs\" target=\"_blank\" rel=\"noreferrer noopener\"><img loading=\"lazy\" decoding=\"async\" width=\"695\" height=\"80\" src=\"https:\/\/stiftungsmarktplatz.eu\/blog\/wp-content\/uploads\/2023\/04\/ZHAW-Banner-Februar2023-695x80-1.jpg\" alt=\"ZHAW-Banner\" class=\"wp-image-5697\" srcset=\"https:\/\/stiftungsmarktplatz.eu\/blog\/wp-content\/uploads\/2023\/04\/ZHAW-Banner-Februar2023-695x80-1.jpg 695w, https:\/\/stiftungsmarktplatz.eu\/blog\/wp-content\/uploads\/2023\/04\/ZHAW-Banner-Februar2023-695x80-1-300x35.jpg 300w\" sizes=\"auto, (max-width: 695px) 100vw, 695px\" \/><\/a><\/figure>\n\n\n\n<h2 class=\"wp-block-heading\">Neue Ufer bedeutet: Z\u00f6pfe ab!<\/h2>\n\n\n\n<p>Bedeutet letztlich aus Stiftungssicht nichts anderes als, alte Z\u00f6pfe abzuschneiden und sich dem Neuen zuzuwenden. In diesen Kontext passt auch <a href=\"https:\/\/stiftungsmarktplatz.eu\/blog\/fuer-unternehmen-reicht-es-nicht-mehr-aus-an-bekannte-ngos-zu-spenden\/\" target=\"_blank\" rel=\"noreferrer noopener\">das Gespr\u00e4ch mit Karenina Schr\u00f6der von Wider Sense<\/a>, die erkannt hat, <strong>dass Unternehmen als Akteur in den Wirkmarkt eintreten und damit in einen Wettbewerb zu Stiftungen treten<\/strong>. Zumindest scheint dies m\u00f6glich. Hier \u00e4ndert sich praktisch die Welt der Stiftungen direkt vor der Haust\u00fcr, in \u201eihrem\u201c Metier.<\/p>\n\n\n\n<p>Dass Stiftungen Wandel k\u00f6nnen, davon wei\u00df im \u00dcbrigen der Chef der Heinz Sielman Stiftung eindr\u00fccklichst zu berichten. <a href=\"https:\/\/stiftungsmarktplatz.eu\/blog\/auch-stiftungen-wandeln-sich\/\" target=\"_blank\" rel=\"noreferrer noopener\">Michael Beier nimmt dabei kein Blatt vor den Mund<\/a>: Stiftungen m\u00fcssten demnach attraktive Arbeitgeber werden. Wo es fr\u00fcher Bewerbungen regnete, sind es heute noch eine Hand voll. Das wird kaum reichen, um den anstehenden Generationswechsel in vielen Stiftungen zu stemmen. Aber eben nicht nur das.<\/p>\n\n\n\n<h2 class=\"wp-block-heading\">Stiftungsrechtsreform zwischen Gamechanger und vertaner Chance<\/h2>\n\n\n\n<p>Diskutieren k\u00f6nnen Stiftungen am <a href=\"https:\/\/www.esv.info\/lp\/esv-akademie\/sus2023\" target=\"_blank\" rel=\"noreferrer noopener\"><strong>25.4.2023 in Berlin auf der Jahrestagung von Stiftung &amp; Sponsoring<\/strong><\/a>. Auch hier steht die Krise als Chance im Fokus, wir werden vor Ort sein, um unter anderem auch Dr. Christoph Mecking zu treffen. Mit ihm f\u00fchrten wir ein Interview zur Stiftungsrechtsreform, das es in sich hat. <strong>Die Stiftungsrechtsreform ist einerseits schon in gewisser Weise ein Gamechanger, aber sie ist eben auch eine vertane Chance (auf den gro\u00dfen Wurf).<\/strong><\/p>\n\n\n\n<figure class=\"wp-block-image size-large\"><a href=\"https:\/\/www.esv.info\/lp\/esv-akademie\/sus2023\" target=\"_blank\" rel=\"noreferrer noopener\"><img loading=\"lazy\" decoding=\"async\" width=\"1024\" height=\"683\" src=\"https:\/\/stiftungsmarktplatz.eu\/blog\/wp-content\/uploads\/2023\/01\/Eventhinweis-Jahrestagung-SS-1024x683.jpg\" alt=\"Eventhinweis Jahrestagung S&amp;S\" class=\"wp-image-5352\" srcset=\"https:\/\/stiftungsmarktplatz.eu\/blog\/wp-content\/uploads\/2023\/01\/Eventhinweis-Jahrestagung-SS-1024x683.jpg 1024w, https:\/\/stiftungsmarktplatz.eu\/blog\/wp-content\/uploads\/2023\/01\/Eventhinweis-Jahrestagung-SS-300x200.jpg 300w, https:\/\/stiftungsmarktplatz.eu\/blog\/wp-content\/uploads\/2023\/01\/Eventhinweis-Jahrestagung-SS-768x512.jpg 768w, https:\/\/stiftungsmarktplatz.eu\/blog\/wp-content\/uploads\/2023\/01\/Eventhinweis-Jahrestagung-SS-696x464.jpg 696w, https:\/\/stiftungsmarktplatz.eu\/blog\/wp-content\/uploads\/2023\/01\/Eventhinweis-Jahrestagung-SS-1068x712.jpg 1068w, https:\/\/stiftungsmarktplatz.eu\/blog\/wp-content\/uploads\/2023\/01\/Eventhinweis-Jahrestagung-SS.jpg 1200w\" sizes=\"auto, (max-width: 1024px) 100vw, 1024px\" \/><\/a><\/figure>\n\n\n\n<p>F\u00fcr das Stiftungsverm\u00f6gen ist sie eher Gamechanger, und genau dazu werden wir beim <strong>4. Virtuellen Tag f\u00fcr das Stiftungsverm\u00f6gen am 14.6.2023<\/strong> auch diskutieren. Und vielleicht bleibt es ja nicht nur beim Diskutieren.<\/p>\n\n\n\n<p>Mit Dr. Christoph Mecking, Dr. Stefan Fritz, Christian Br\u00fctting, Benjamin Weber und Birgit Nupens von der Stiftungsaufsicht Detmold haben wir f\u00fcnf Stiftungsprofis gewinnen k\u00f6nnen, die nicht nur diskutieren, sondern echte Handreichungen mitbringen werden. Aber schauen Sie doch einfach mal ins <strong><a href=\"https:\/\/vtfds.de\/\" target=\"_blank\" rel=\"noreferrer noopener\">Programm<\/a><\/strong>.<\/p>\n\n\n\n<p>Und so Sie als <strong>Studiogast live dabei <\/strong>sein und mal Studioluft schnuppern wollen, dann schreiben Sie uns an <a href=\"mailto:wirsindabei@stiftungsmarktplatz.eu?subject=#vtfds2023%20Studiogast\" target=\"_blank\" rel=\"noreferrer noopener\"><strong>wirsindabei@stiftungsmarktplatz.eu<\/strong><\/a> mit dem Stichwort \u201e#vtfds2023 Studiogast\u201c \u2013 10 Pl\u00e4tze sind f\u00fcr Stiftungsverantwortliche noch frei.<\/p>\n\n\n\n<figure class=\"wp-block-image size-large\"><a href=\"https:\/\/vtfds.de\/\" target=\"_blank\" rel=\"noreferrer noopener\"><img loading=\"lazy\" decoding=\"async\" width=\"1024\" height=\"724\" src=\"https:\/\/stiftungsmarktplatz.eu\/blog\/wp-content\/uploads\/2023\/04\/vtfds2023-Plakat-1024x724.jpg\" alt=\"#vtfds2023\" class=\"wp-image-5701\" srcset=\"https:\/\/stiftungsmarktplatz.eu\/blog\/wp-content\/uploads\/2023\/04\/vtfds2023-Plakat-1024x724.jpg 1024w, https:\/\/stiftungsmarktplatz.eu\/blog\/wp-content\/uploads\/2023\/04\/vtfds2023-Plakat-300x212.jpg 300w, https:\/\/stiftungsmarktplatz.eu\/blog\/wp-content\/uploads\/2023\/04\/vtfds2023-Plakat-768x543.jpg 768w, https:\/\/stiftungsmarktplatz.eu\/blog\/wp-content\/uploads\/2023\/04\/vtfds2023-Plakat-696x492.jpg 696w, https:\/\/stiftungsmarktplatz.eu\/blog\/wp-content\/uploads\/2023\/04\/vtfds2023-Plakat-1068x755.jpg 1068w, https:\/\/stiftungsmarktplatz.eu\/blog\/wp-content\/uploads\/2023\/04\/vtfds2023-Plakat-100x70.jpg 100w, https:\/\/stiftungsmarktplatz.eu\/blog\/wp-content\/uploads\/2023\/04\/vtfds2023-Plakat-200x140.jpg 200w, https:\/\/stiftungsmarktplatz.eu\/blog\/wp-content\/uploads\/2023\/04\/vtfds2023-Plakat.jpg 1200w\" sizes=\"auto, (max-width: 1024px) 100vw, 1024px\" \/><\/a><\/figure>\n\n\n\n<h2 class=\"wp-block-heading\">New Posts on the blog<\/h2>\n\n\n\n<ul class=\"wp-block-list\">\n<li><strong><a href=\"https:\/\/stiftungsmarktplatz.eu\/blog\/schauen-sie-auf-die-realen-renditen\/\" target=\"_blank\" rel=\"noreferrer noopener\">#FreitagsPodcast mit Carsten Mumm und Christian Opelt<\/a><\/strong> \u2013 die Frage nach den realen Renditen wird Stiftungen noch besch\u00e4ftigen<\/li>\n\n\n\n<li><a href=\"https:\/\/stiftungsmarktplatz.eu\/blog\/in-10-jahren-sammeln-stiftungen-spenden-anders\/\" target=\"_blank\" rel=\"noreferrer noopener\"><strong>#FreitagsPodcast mit Digital Change Agent Andreas Wagner<\/strong><\/a> \u2013 mit ihm schauen wir 10 Jahre voraus und fragen, wie Stiftungen im Jahr 2033 Spenden sammeln werden<\/li>\n\n\n\n<li><a href=\"https:\/\/stiftungsmarktplatz.eu\/blog\/stiftungswebsite-2030-2\/\" target=\"_blank\" rel=\"noreferrer noopener\"><strong>Die Stiftungswebsite 2030<\/strong><\/a> \u2013 3 Dinge, ohne die eine Stiftungswebsite anno 2030 nicht mehr auskommen wird<\/li>\n\n\n\n<li><a href=\"https:\/\/stiftungsmarktplatz.eu\/blog\/esg-veraendert-immobilien-investments\/\" target=\"_blank\" rel=\"noreferrer noopener\"><strong>#FreitagsPodcast mit Invesco-Immobilienexperte Henrik H\u00e4uszler<\/strong><\/a> \u2013 f\u00fcr ihn ver\u00e4ndert das Thema ESG Immobilieninvestments nachhaltig, auch f\u00fcr Stiftungen<\/li>\n\n\n\n<li><a href=\"https:\/\/stiftungsmarktplatz.eu\/blog\/fuer-krisen-in-stiftungen-gibt-es-loesungen\/\" target=\"_blank\" rel=\"noreferrer noopener\"><strong>F\u00fcr Krisen in Stiftungen gibt es L\u00f6sungen<\/strong><\/a> \u2013 wir waren auf dem Stiftungsrechtstag in Bochum und haben drei Lehren f\u00fcr Krisensituationen in Stiftungen mitgebracht<\/li>\n<\/ul>\n\n\n\n<figure class=\"wp-block-image size-full\"><a href=\"https:\/\/de.leaders.ngo\/\" target=\"_blank\" rel=\"noreferrer noopener\"><img loading=\"lazy\" decoding=\"async\" width=\"728\" height=\"90\" src=\"https:\/\/stiftungsmarktplatz.eu\/blog\/wp-content\/uploads\/2023\/01\/LoT_Banner_728x90.jpg\" alt=\"Leaders of Tomorrow\" class=\"wp-image-5354\" srcset=\"https:\/\/stiftungsmarktplatz.eu\/blog\/wp-content\/uploads\/2023\/01\/LoT_Banner_728x90.jpg 728w, https:\/\/stiftungsmarktplatz.eu\/blog\/wp-content\/uploads\/2023\/01\/LoT_Banner_728x90-300x37.jpg 300w, https:\/\/stiftungsmarktplatz.eu\/blog\/wp-content\/uploads\/2023\/01\/LoT_Banner_728x90-696x86.jpg 696w\" sizes=\"auto, (max-width: 728px) 100vw, 728px\" \/><\/a><\/figure>\n\n\n\n<h2 class=\"wp-block-heading\">Das finale Apercu<\/h2>\n\n\n\n<p>Was uns beim Besch\u00e4ftigen mit dem Thema Zeitenwende bzw. Epochenwechsel aufgefallen ist, dass es sich beim Jahr 2023 um ein besonderes Jahr handelt. Und irgendwie l\u00e4sst sich ein Stiftungsbezug immer herstellen.<\/p>\n\n\n\n<p><strong>1)<\/strong> Der Bundesverband Deutscher Stiftungen feiert in diesem Jahr sein 75j\u00e4hriges Bestehen. Bis 1948 also reichen die Wurzeln der wichtigsten Interessenvertretung deutscher Stiftungen zur\u00fcck \u2013 und seitdem ging es mit dem deutschen Stiftungswesen richtig voran. Vor 75 Jahren erblickte aber auch eine andere Erfolgsgeschichte das Licht der Welt: der Transistor. Dass er die Welt ver\u00e4ndert hat, dar\u00fcber besteht kein Zweifel, aber auch Stiftungen haben die Welt ver\u00e4ndert \u2013 indem sie sie besser gemacht haben.<br><br><strong>2)<\/strong> In diesem Jahr j\u00e4hrt sich aber auch zum hundertsten Mal die Hyperinflation in Deutschland. Ihren H\u00f6hepunkt hatte diese im Jahr 1923, als man vormittags ein Haus verkaufen konnte, und mit dem Verkaufserl\u00f6s nachmittags nicht mal mehr ein Brot bekam. Diese Hyperinflation hat Deutschland gezeichnet, und bis heute sind wir Inflations\u00e4ngstlinge, denen 2022 nat\u00fcrlich richtig zugesetzt hat \u2013 und die doch bspw. in der Veranlagung ihrer Verm\u00f6genswerte die falschen Schl\u00fcsse ziehen.<\/p>\n\n\n\n<p><strong>3)<\/strong> In 2023 j\u00e4hrt sich auch der Geburtstag eines der gr\u00f6\u00dften Kom\u00f6dianten unseres Landes zum hundertsten Mal. Ich brauche nur Dr. Kl\u00f6bner, Das Bild h\u00e4ngt schief, Konsul Meisenbach und Pappa ante portas schreiben, schon wissen Sie, dass ich von Loriot spreche. Was Loriot mit Stiftungen und einer Zeitenwende zu tun hat? Loriot ist eine Konstante im deutschen Humorged\u00e4chtnis, sein Humor ist zeitlos, brilliant, im Leben verortet. Solch eine Rolle passt wunderbar zu Stiftungen, nicht?<br><br><strong>Wir w\u00fcnschen Ihnen sch\u00f6ne wie fr\u00f6hlich-leichte Osterfeiertage,<\/strong><\/p>\n\n\n\n<figure class=\"wp-block-image size-large\"><a href=\"https:\/\/stiftungsmarktplatz.eu\/blog\/StiftungenStaerken\/freitags-podcast\/\" target=\"_blank\" rel=\"noreferrer noopener\"><img loading=\"lazy\" decoding=\"async\" width=\"1024\" height=\"768\" src=\"https:\/\/stiftungsmarktplatz.eu\/blog\/wp-content\/uploads\/2023\/04\/froehliche-osterfeiertage-1024x768.jpg\" alt=\"Fr\u00f6hliche Osterfeiertage\" class=\"wp-image-5705\" srcset=\"https:\/\/stiftungsmarktplatz.eu\/blog\/wp-content\/uploads\/2023\/04\/froehliche-osterfeiertage-1024x768.jpg 1024w, https:\/\/stiftungsmarktplatz.eu\/blog\/wp-content\/uploads\/2023\/04\/froehliche-osterfeiertage-300x225.jpg 300w, https:\/\/stiftungsmarktplatz.eu\/blog\/wp-content\/uploads\/2023\/04\/froehliche-osterfeiertage-768x576.jpg 768w, https:\/\/stiftungsmarktplatz.eu\/blog\/wp-content\/uploads\/2023\/04\/froehliche-osterfeiertage-696x522.jpg 696w, https:\/\/stiftungsmarktplatz.eu\/blog\/wp-content\/uploads\/2023\/04\/froehliche-osterfeiertage-1068x801.jpg 1068w, https:\/\/stiftungsmarktplatz.eu\/blog\/wp-content\/uploads\/2023\/04\/froehliche-osterfeiertage-80x60.jpg 80w, https:\/\/stiftungsmarktplatz.eu\/blog\/wp-content\/uploads\/2023\/04\/froehliche-osterfeiertage-160x120.jpg 160w, https:\/\/stiftungsmarktplatz.eu\/blog\/wp-content\/uploads\/2023\/04\/froehliche-osterfeiertage-265x198.jpg 265w, https:\/\/stiftungsmarktplatz.eu\/blog\/wp-content\/uploads\/2023\/04\/froehliche-osterfeiertage.jpg 1200w\" sizes=\"auto, (max-width: 1024px) 100vw, 1024px\" \/><\/a><\/figure>\n","protected":false},"excerpt":{"rendered":"<p><span class=\"span-reading-time rt-reading-time\" style=\"display: block;\"><span class=\"rt-label rt-prefix\">Lesezeit: <\/span> <span class=\"rt-time\"> 4<\/span> <span class=\"rt-label rt-postfix\">Minuten<\/span><\/span>Wir leben in Zeiten des Aufruhrs, oder in Zeiten des Umbruchs, vielleicht aber genau auch in Zeiten eines Aufbruchs? Diese Frage treibt den Stiftungssektor ganz offensichtlich derzeit, weshalb wir j\u00fcngst mit dem fr\u00fcheren Generalsekret\u00e4r Prof. Dr. Hans Fleisch im Vorfeld der Jahrestagung von Stiftung &#038; Sponsoring am 25.4.2023 zu genau diesem Thema sprachen.<\/p>\n","protected":false},"author":8,"featured_media":5695,"comment_status":"closed","ping_status":"open","sticky":false,"template":"","format":"standard","meta":{"ngg_post_thumbnail":0,"footnotes":""},"categories":[395],"tags":[],"class_list":{"0":"post-5694","1":"post","2":"type-post","3":"status-publish","4":"format-standard","5":"has-post-thumbnail","7":"category-der-skipper-newsletter-archiv"},"yoast_head":"<!-- This site is optimized with the Yoast SEO plugin v27.4 - https:\/\/yoast.com\/product\/yoast-seo-wordpress\/ -->\n<title>Stiftungen und ihr Blick auf 2030 - Der Stiftungsblog f\u00fcr die Stiftungspraxis<\/title>\n<meta name=\"description\" content=\"Wir leben in Zeiten des Aufruhrs, oder in Zeiten des Umbruchs, vielleicht aber genau auch in Zeiten eines Aufbruchs? Diese Frage treibt den Stiftungssektor ganz offensichtlich derzeit, weshalb wir j\u00fcngst mit dem fr\u00fcheren Generalsekret\u00e4r Prof. Dr. Hans Fleisch im Vorfeld der Jahrestagung von Stiftung &amp; Sponsoring am 25.4.2023 zu genau diesem Thema sprachen.\" \/>\n<meta name=\"robots\" content=\"index, follow, max-snippet:-1, max-image-preview:large, max-video-preview:-1\" \/>\n<link rel=\"canonical\" href=\"https:\/\/stiftungsmarktplatz.eu\/blog\/stiftungen-und-ihr-blick-auf-2030\/\" \/>\n<meta property=\"og:locale\" content=\"de_DE\" \/>\n<meta property=\"og:type\" content=\"article\" \/>\n<meta property=\"og:title\" content=\"Stiftungen und ihr Blick auf 2030 - Der Stiftungsblog f\u00fcr die Stiftungspraxis\" \/>\n<meta property=\"og:description\" content=\"Wir leben in Zeiten des Aufruhrs, oder in Zeiten des Umbruchs, vielleicht aber genau auch in Zeiten eines Aufbruchs? Diese Frage treibt den Stiftungssektor ganz offensichtlich derzeit, weshalb wir j\u00fcngst mit dem fr\u00fcheren Generalsekret\u00e4r Prof. Dr. Hans Fleisch im Vorfeld der Jahrestagung von Stiftung &amp; Sponsoring am 25.4.2023 zu genau diesem Thema sprachen.\" \/>\n<meta property=\"og:url\" content=\"https:\/\/stiftungsmarktplatz.eu\/blog\/stiftungen-und-ihr-blick-auf-2030\/\" \/>\n<meta property=\"og:site_name\" content=\"Der Stiftungsblog f\u00fcr die Stiftungspraxis\" \/>\n<meta property=\"article:published_time\" content=\"2023-04-06T07:00:00+00:00\" \/>\n<meta property=\"og:image\" content=\"https:\/\/stiftungsmarktplatz.eu\/blog\/wp-content\/uploads\/2023\/04\/header-newsletter042023.jpg\" \/>\n\t<meta property=\"og:image:width\" content=\"1200\" \/>\n\t<meta property=\"og:image:height\" content=\"675\" \/>\n\t<meta property=\"og:image:type\" content=\"image\/jpeg\" \/>\n<meta name=\"author\" content=\"Tobias Karow\" \/>\n<meta name=\"twitter:card\" content=\"summary_large_image\" \/>\n<meta name=\"twitter:label1\" content=\"Verfasst von\" \/>\n\t<meta name=\"twitter:data1\" content=\"Tobias Karow\" \/>\n\t<meta name=\"twitter:label2\" content=\"Gesch\u00e4tzte Lesezeit\" \/>\n\t<meta name=\"twitter:data2\" content=\"6\u00a0Minuten\" \/>\n<script type=\"application\/ld+json\" class=\"yoast-schema-graph\">{\"@context\":\"https:\\\/\\\/schema.org\",\"@graph\":[{\"@type\":\"Article\",\"@id\":\"https:\\\/\\\/stiftungsmarktplatz.eu\\\/blog\\\/stiftungen-und-ihr-blick-auf-2030\\\/#article\",\"isPartOf\":{\"@id\":\"https:\\\/\\\/stiftungsmarktplatz.eu\\\/blog\\\/stiftungen-und-ihr-blick-auf-2030\\\/\"},\"author\":{\"name\":\"Tobias Karow\",\"@id\":\"https:\\\/\\\/stiftungsmarktplatz.eu\\\/blog\\\/#\\\/schema\\\/person\\\/3a42780bf87a2088578f1e8077ccfa44\"},\"headline\":\"Stiftungen und ihr Blick auf 2030\",\"datePublished\":\"2023-04-06T07:00:00+00:00\",\"mainEntityOfPage\":{\"@id\":\"https:\\\/\\\/stiftungsmarktplatz.eu\\\/blog\\\/stiftungen-und-ihr-blick-auf-2030\\\/\"},\"wordCount\":866,\"publisher\":{\"@id\":\"https:\\\/\\\/stiftungsmarktplatz.eu\\\/blog\\\/#organization\"},\"image\":{\"@id\":\"https:\\\/\\\/stiftungsmarktplatz.eu\\\/blog\\\/stiftungen-und-ihr-blick-auf-2030\\\/#primaryimage\"},\"thumbnailUrl\":\"https:\\\/\\\/stiftungsmarktplatz.eu\\\/blog\\\/wp-content\\\/uploads\\\/2023\\\/04\\\/header-newsletter042023.jpg\",\"articleSection\":[\"Des Skippers Heimathafen - das Archiv\"],\"inLanguage\":\"de\"},{\"@type\":\"WebPage\",\"@id\":\"https:\\\/\\\/stiftungsmarktplatz.eu\\\/blog\\\/stiftungen-und-ihr-blick-auf-2030\\\/\",\"url\":\"https:\\\/\\\/stiftungsmarktplatz.eu\\\/blog\\\/stiftungen-und-ihr-blick-auf-2030\\\/\",\"name\":\"Stiftungen und ihr Blick auf 2030 - Der Stiftungsblog f\u00fcr die Stiftungspraxis\",\"isPartOf\":{\"@id\":\"https:\\\/\\\/stiftungsmarktplatz.eu\\\/blog\\\/#website\"},\"primaryImageOfPage\":{\"@id\":\"https:\\\/\\\/stiftungsmarktplatz.eu\\\/blog\\\/stiftungen-und-ihr-blick-auf-2030\\\/#primaryimage\"},\"image\":{\"@id\":\"https:\\\/\\\/stiftungsmarktplatz.eu\\\/blog\\\/stiftungen-und-ihr-blick-auf-2030\\\/#primaryimage\"},\"thumbnailUrl\":\"https:\\\/\\\/stiftungsmarktplatz.eu\\\/blog\\\/wp-content\\\/uploads\\\/2023\\\/04\\\/header-newsletter042023.jpg\",\"datePublished\":\"2023-04-06T07:00:00+00:00\",\"description\":\"Wir leben in Zeiten des Aufruhrs, oder in Zeiten des Umbruchs, vielleicht aber genau auch in Zeiten eines Aufbruchs? Diese Frage treibt den Stiftungssektor ganz offensichtlich derzeit, weshalb wir j\u00fcngst mit dem fr\u00fcheren Generalsekret\u00e4r Prof. Dr. Hans Fleisch im Vorfeld der Jahrestagung von Stiftung & Sponsoring am 25.4.2023 zu genau diesem Thema sprachen.\",\"breadcrumb\":{\"@id\":\"https:\\\/\\\/stiftungsmarktplatz.eu\\\/blog\\\/stiftungen-und-ihr-blick-auf-2030\\\/#breadcrumb\"},\"inLanguage\":\"de\",\"potentialAction\":[{\"@type\":\"ReadAction\",\"target\":[\"https:\\\/\\\/stiftungsmarktplatz.eu\\\/blog\\\/stiftungen-und-ihr-blick-auf-2030\\\/\"]}]},{\"@type\":\"ImageObject\",\"inLanguage\":\"de\",\"@id\":\"https:\\\/\\\/stiftungsmarktplatz.eu\\\/blog\\\/stiftungen-und-ihr-blick-auf-2030\\\/#primaryimage\",\"url\":\"https:\\\/\\\/stiftungsmarktplatz.eu\\\/blog\\\/wp-content\\\/uploads\\\/2023\\\/04\\\/header-newsletter042023.jpg\",\"contentUrl\":\"https:\\\/\\\/stiftungsmarktplatz.eu\\\/blog\\\/wp-content\\\/uploads\\\/2023\\\/04\\\/header-newsletter042023.jpg\",\"width\":1200,\"height\":675,\"caption\":\"POST von stiftungsmarktplatz.eu, April 2023\"},{\"@type\":\"BreadcrumbList\",\"@id\":\"https:\\\/\\\/stiftungsmarktplatz.eu\\\/blog\\\/stiftungen-und-ihr-blick-auf-2030\\\/#breadcrumb\",\"itemListElement\":[{\"@type\":\"ListItem\",\"position\":1,\"name\":\"Startseite\",\"item\":\"https:\\\/\\\/stiftungsmarktplatz.eu\\\/blog\\\/\"},{\"@type\":\"ListItem\",\"position\":2,\"name\":\"Stiftungen und ihr Blick auf 2030\"}]},{\"@type\":\"WebSite\",\"@id\":\"https:\\\/\\\/stiftungsmarktplatz.eu\\\/blog\\\/#website\",\"url\":\"https:\\\/\\\/stiftungsmarktplatz.eu\\\/blog\\\/\",\"name\":\"Der Stiftungsblog f\u00fcr die Stiftungspraxis\",\"description\":\"#stiftungenst\u00e4rken - NPO-Expertise von NPO-Experten\",\"publisher\":{\"@id\":\"https:\\\/\\\/stiftungsmarktplatz.eu\\\/blog\\\/#organization\"},\"potentialAction\":[{\"@type\":\"SearchAction\",\"target\":{\"@type\":\"EntryPoint\",\"urlTemplate\":\"https:\\\/\\\/stiftungsmarktplatz.eu\\\/blog\\\/?s={search_term_string}\"},\"query-input\":{\"@type\":\"PropertyValueSpecification\",\"valueRequired\":true,\"valueName\":\"search_term_string\"}}],\"inLanguage\":\"de\"},{\"@type\":\"Organization\",\"@id\":\"https:\\\/\\\/stiftungsmarktplatz.eu\\\/blog\\\/#organization\",\"name\":\"stiftungsmarktplatz.eu GbR\",\"url\":\"https:\\\/\\\/stiftungsmarktplatz.eu\\\/blog\\\/\",\"logo\":{\"@type\":\"ImageObject\",\"inLanguage\":\"de\",\"@id\":\"https:\\\/\\\/stiftungsmarktplatz.eu\\\/blog\\\/#\\\/schema\\\/logo\\\/image\\\/\",\"url\":\"https:\\\/\\\/stiftungsmarktplatz.eu\\\/blog\\\/wp-content\\\/uploads\\\/2020\\\/03\\\/Logo-blog-retina.png\",\"contentUrl\":\"https:\\\/\\\/stiftungsmarktplatz.eu\\\/blog\\\/wp-content\\\/uploads\\\/2020\\\/03\\\/Logo-blog-retina.png\",\"width\":140,\"height\":130,\"caption\":\"stiftungsmarktplatz.eu GbR\"},\"image\":{\"@id\":\"https:\\\/\\\/stiftungsmarktplatz.eu\\\/blog\\\/#\\\/schema\\\/logo\\\/image\\\/\"},\"sameAs\":[\"https:\\\/\\\/www.linkedin.com\\\/company\\\/18563519\\\/\",\"https:\\\/\\\/www.youtube.com\\\/channel\\\/UCQrF6RQRFGxTokVV4nbx25Q\"]},{\"@type\":\"Person\",\"@id\":\"https:\\\/\\\/stiftungsmarktplatz.eu\\\/blog\\\/#\\\/schema\\\/person\\\/3a42780bf87a2088578f1e8077ccfa44\",\"name\":\"Tobias Karow\",\"image\":{\"@type\":\"ImageObject\",\"inLanguage\":\"de\",\"@id\":\"https:\\\/\\\/stiftungsmarktplatz.eu\\\/blog\\\/wp-content\\\/uploads\\\/2024\\\/05\\\/tobias-karow-2024-150x150.png\",\"url\":\"https:\\\/\\\/stiftungsmarktplatz.eu\\\/blog\\\/wp-content\\\/uploads\\\/2024\\\/05\\\/tobias-karow-2024-150x150.png\",\"contentUrl\":\"https:\\\/\\\/stiftungsmarktplatz.eu\\\/blog\\\/wp-content\\\/uploads\\\/2024\\\/05\\\/tobias-karow-2024-150x150.png\",\"caption\":\"Tobias Karow\"},\"description\":\"ist Gr\u00fcnder und Gesch\u00e4ftsf\u00fchrer von stiftungsmarktplatz.eu und im Stiftungswesen in Deutschland, \u00d6sterreich, der Schweiz und Liechtenstein seit 10 Jahren aktiv. Er ist Herausgeber der FondsFibel f\u00fcr Stiftungen &amp; NPOs, dem f\u00fchrenden Nachschlagewerk f\u00fcr Stiftungsfonds und stiftungsgeeignete Fonds (www.fondsfibel.de), Vortr\u00e4ge h\u00e4lt er vor allem zum Thema \u201aStiftungen und ihr Weg in die digitale Welt\u2018. F\u00fcr beide Themen betreibt er den Blog #stiftungenst\u00e4rken.\",\"sameAs\":[\"https:\\\/\\\/www.fondsfibel.de\"],\"url\":\"https:\\\/\\\/stiftungsmarktplatz.eu\\\/blog\\\/author\\\/tobias-karow\\\/\"}]}<\/script>\n<!-- \/ Yoast SEO plugin. -->","yoast_head_json":{"title":"Stiftungen und ihr Blick auf 2030 - Der Stiftungsblog f\u00fcr die Stiftungspraxis","description":"Wir leben in Zeiten des Aufruhrs, oder in Zeiten des Umbruchs, vielleicht aber genau auch in Zeiten eines Aufbruchs? Diese Frage treibt den Stiftungssektor ganz offensichtlich derzeit, weshalb wir j\u00fcngst mit dem fr\u00fcheren Generalsekret\u00e4r Prof. Dr. Hans Fleisch im Vorfeld der Jahrestagung von Stiftung & Sponsoring am 25.4.2023 zu genau diesem Thema sprachen.","robots":{"index":"index","follow":"follow","max-snippet":"max-snippet:-1","max-image-preview":"max-image-preview:large","max-video-preview":"max-video-preview:-1"},"canonical":"https:\/\/stiftungsmarktplatz.eu\/blog\/stiftungen-und-ihr-blick-auf-2030\/","og_locale":"de_DE","og_type":"article","og_title":"Stiftungen und ihr Blick auf 2030 - Der Stiftungsblog f\u00fcr die Stiftungspraxis","og_description":"Wir leben in Zeiten des Aufruhrs, oder in Zeiten des Umbruchs, vielleicht aber genau auch in Zeiten eines Aufbruchs? Diese Frage treibt den Stiftungssektor ganz offensichtlich derzeit, weshalb wir j\u00fcngst mit dem fr\u00fcheren Generalsekret\u00e4r Prof. Dr. Hans Fleisch im Vorfeld der Jahrestagung von Stiftung & Sponsoring am 25.4.2023 zu genau diesem Thema sprachen.","og_url":"https:\/\/stiftungsmarktplatz.eu\/blog\/stiftungen-und-ihr-blick-auf-2030\/","og_site_name":"Der Stiftungsblog f\u00fcr die Stiftungspraxis","article_published_time":"2023-04-06T07:00:00+00:00","og_image":[{"width":1200,"height":675,"url":"https:\/\/stiftungsmarktplatz.eu\/blog\/wp-content\/uploads\/2023\/04\/header-newsletter042023.jpg","type":"image\/jpeg"}],"author":"Tobias Karow","twitter_card":"summary_large_image","twitter_misc":{"Verfasst von":"Tobias Karow","Gesch\u00e4tzte Lesezeit":"6\u00a0Minuten"},"schema":{"@context":"https:\/\/schema.org","@graph":[{"@type":"Article","@id":"https:\/\/stiftungsmarktplatz.eu\/blog\/stiftungen-und-ihr-blick-auf-2030\/#article","isPartOf":{"@id":"https:\/\/stiftungsmarktplatz.eu\/blog\/stiftungen-und-ihr-blick-auf-2030\/"},"author":{"name":"Tobias Karow","@id":"https:\/\/stiftungsmarktplatz.eu\/blog\/#\/schema\/person\/3a42780bf87a2088578f1e8077ccfa44"},"headline":"Stiftungen und ihr Blick auf 2030","datePublished":"2023-04-06T07:00:00+00:00","mainEntityOfPage":{"@id":"https:\/\/stiftungsmarktplatz.eu\/blog\/stiftungen-und-ihr-blick-auf-2030\/"},"wordCount":866,"publisher":{"@id":"https:\/\/stiftungsmarktplatz.eu\/blog\/#organization"},"image":{"@id":"https:\/\/stiftungsmarktplatz.eu\/blog\/stiftungen-und-ihr-blick-auf-2030\/#primaryimage"},"thumbnailUrl":"https:\/\/stiftungsmarktplatz.eu\/blog\/wp-content\/uploads\/2023\/04\/header-newsletter042023.jpg","articleSection":["Des Skippers Heimathafen - das Archiv"],"inLanguage":"de"},{"@type":"WebPage","@id":"https:\/\/stiftungsmarktplatz.eu\/blog\/stiftungen-und-ihr-blick-auf-2030\/","url":"https:\/\/stiftungsmarktplatz.eu\/blog\/stiftungen-und-ihr-blick-auf-2030\/","name":"Stiftungen und ihr Blick auf 2030 - Der Stiftungsblog f\u00fcr die Stiftungspraxis","isPartOf":{"@id":"https:\/\/stiftungsmarktplatz.eu\/blog\/#website"},"primaryImageOfPage":{"@id":"https:\/\/stiftungsmarktplatz.eu\/blog\/stiftungen-und-ihr-blick-auf-2030\/#primaryimage"},"image":{"@id":"https:\/\/stiftungsmarktplatz.eu\/blog\/stiftungen-und-ihr-blick-auf-2030\/#primaryimage"},"thumbnailUrl":"https:\/\/stiftungsmarktplatz.eu\/blog\/wp-content\/uploads\/2023\/04\/header-newsletter042023.jpg","datePublished":"2023-04-06T07:00:00+00:00","description":"Wir leben in Zeiten des Aufruhrs, oder in Zeiten des Umbruchs, vielleicht aber genau auch in Zeiten eines Aufbruchs? Diese Frage treibt den Stiftungssektor ganz offensichtlich derzeit, weshalb wir j\u00fcngst mit dem fr\u00fcheren Generalsekret\u00e4r Prof. Dr. Hans Fleisch im Vorfeld der Jahrestagung von Stiftung & Sponsoring am 25.4.2023 zu genau diesem Thema sprachen.","breadcrumb":{"@id":"https:\/\/stiftungsmarktplatz.eu\/blog\/stiftungen-und-ihr-blick-auf-2030\/#breadcrumb"},"inLanguage":"de","potentialAction":[{"@type":"ReadAction","target":["https:\/\/stiftungsmarktplatz.eu\/blog\/stiftungen-und-ihr-blick-auf-2030\/"]}]},{"@type":"ImageObject","inLanguage":"de","@id":"https:\/\/stiftungsmarktplatz.eu\/blog\/stiftungen-und-ihr-blick-auf-2030\/#primaryimage","url":"https:\/\/stiftungsmarktplatz.eu\/blog\/wp-content\/uploads\/2023\/04\/header-newsletter042023.jpg","contentUrl":"https:\/\/stiftungsmarktplatz.eu\/blog\/wp-content\/uploads\/2023\/04\/header-newsletter042023.jpg","width":1200,"height":675,"caption":"POST von stiftungsmarktplatz.eu, April 2023"},{"@type":"BreadcrumbList","@id":"https:\/\/stiftungsmarktplatz.eu\/blog\/stiftungen-und-ihr-blick-auf-2030\/#breadcrumb","itemListElement":[{"@type":"ListItem","position":1,"name":"Startseite","item":"https:\/\/stiftungsmarktplatz.eu\/blog\/"},{"@type":"ListItem","position":2,"name":"Stiftungen und ihr Blick auf 2030"}]},{"@type":"WebSite","@id":"https:\/\/stiftungsmarktplatz.eu\/blog\/#website","url":"https:\/\/stiftungsmarktplatz.eu\/blog\/","name":"Der Stiftungsblog f\u00fcr die Stiftungspraxis","description":"#stiftungenst\u00e4rken - NPO-Expertise von NPO-Experten","publisher":{"@id":"https:\/\/stiftungsmarktplatz.eu\/blog\/#organization"},"potentialAction":[{"@type":"SearchAction","target":{"@type":"EntryPoint","urlTemplate":"https:\/\/stiftungsmarktplatz.eu\/blog\/?s={search_term_string}"},"query-input":{"@type":"PropertyValueSpecification","valueRequired":true,"valueName":"search_term_string"}}],"inLanguage":"de"},{"@type":"Organization","@id":"https:\/\/stiftungsmarktplatz.eu\/blog\/#organization","name":"stiftungsmarktplatz.eu GbR","url":"https:\/\/stiftungsmarktplatz.eu\/blog\/","logo":{"@type":"ImageObject","inLanguage":"de","@id":"https:\/\/stiftungsmarktplatz.eu\/blog\/#\/schema\/logo\/image\/","url":"https:\/\/stiftungsmarktplatz.eu\/blog\/wp-content\/uploads\/2020\/03\/Logo-blog-retina.png","contentUrl":"https:\/\/stiftungsmarktplatz.eu\/blog\/wp-content\/uploads\/2020\/03\/Logo-blog-retina.png","width":140,"height":130,"caption":"stiftungsmarktplatz.eu GbR"},"image":{"@id":"https:\/\/stiftungsmarktplatz.eu\/blog\/#\/schema\/logo\/image\/"},"sameAs":["https:\/\/www.linkedin.com\/company\/18563519\/","https:\/\/www.youtube.com\/channel\/UCQrF6RQRFGxTokVV4nbx25Q"]},{"@type":"Person","@id":"https:\/\/stiftungsmarktplatz.eu\/blog\/#\/schema\/person\/3a42780bf87a2088578f1e8077ccfa44","name":"Tobias Karow","image":{"@type":"ImageObject","inLanguage":"de","@id":"https:\/\/stiftungsmarktplatz.eu\/blog\/wp-content\/uploads\/2024\/05\/tobias-karow-2024-150x150.png","url":"https:\/\/stiftungsmarktplatz.eu\/blog\/wp-content\/uploads\/2024\/05\/tobias-karow-2024-150x150.png","contentUrl":"https:\/\/stiftungsmarktplatz.eu\/blog\/wp-content\/uploads\/2024\/05\/tobias-karow-2024-150x150.png","caption":"Tobias Karow"},"description":"ist Gr\u00fcnder und Gesch\u00e4ftsf\u00fchrer von stiftungsmarktplatz.eu und im Stiftungswesen in Deutschland, \u00d6sterreich, der Schweiz und Liechtenstein seit 10 Jahren aktiv. Er ist Herausgeber der FondsFibel f\u00fcr Stiftungen &amp; NPOs, dem f\u00fchrenden Nachschlagewerk f\u00fcr Stiftungsfonds und stiftungsgeeignete Fonds (www.fondsfibel.de), Vortr\u00e4ge h\u00e4lt er vor allem zum Thema \u201aStiftungen und ihr Weg in die digitale Welt\u2018. F\u00fcr beide Themen betreibt er den Blog #stiftungenst\u00e4rken.","sameAs":["https:\/\/www.fondsfibel.de"],"url":"https:\/\/stiftungsmarktplatz.eu\/blog\/author\/tobias-karow\/"}]}},"post_mailing_queue_ids":[],"_links":{"self":[{"href":"https:\/\/stiftungsmarktplatz.eu\/blog\/wp-json\/wp\/v2\/posts\/5694","targetHints":{"allow":["GET"]}}],"collection":[{"href":"https:\/\/stiftungsmarktplatz.eu\/blog\/wp-json\/wp\/v2\/posts"}],"about":[{"href":"https:\/\/stiftungsmarktplatz.eu\/blog\/wp-json\/wp\/v2\/types\/post"}],"author":[{"embeddable":true,"href":"https:\/\/stiftungsmarktplatz.eu\/blog\/wp-json\/wp\/v2\/users\/8"}],"replies":[{"embeddable":true,"href":"https:\/\/stiftungsmarktplatz.eu\/blog\/wp-json\/wp\/v2\/comments?post=5694"}],"version-history":[{"count":8,"href":"https:\/\/stiftungsmarktplatz.eu\/blog\/wp-json\/wp\/v2\/posts\/5694\/revisions"}],"predecessor-version":[{"id":5707,"href":"https:\/\/stiftungsmarktplatz.eu\/blog\/wp-json\/wp\/v2\/posts\/5694\/revisions\/5707"}],"wp:featuredmedia":[{"embeddable":true,"href":"https:\/\/stiftungsmarktplatz.eu\/blog\/wp-json\/wp\/v2\/media\/5695"}],"wp:attachment":[{"href":"https:\/\/stiftungsmarktplatz.eu\/blog\/wp-json\/wp\/v2\/media?parent=5694"}],"wp:term":[{"taxonomy":"category","embeddable":true,"href":"https:\/\/stiftungsmarktplatz.eu\/blog\/wp-json\/wp\/v2\/categories?post=5694"},{"taxonomy":"post_tag","embeddable":true,"href":"https:\/\/stiftungsmarktplatz.eu\/blog\/wp-json\/wp\/v2\/tags?post=5694"}],"curies":[{"name":"wp","href":"https:\/\/api.w.org\/{rel}","templated":true}]}}