{"id":4944,"date":"2022-11-12T08:00:00","date_gmt":"2022-11-12T07:00:00","guid":{"rendered":"https:\/\/stiftungsmarktplatz.eu\/blog\/?p=4944"},"modified":"2022-11-24T11:12:23","modified_gmt":"2022-11-24T10:12:23","slug":"das-oekosystem-stiftung-muss-staerker-werden","status":"publish","type":"post","link":"https:\/\/stiftungsmarktplatz.eu\/blog\/das-oekosystem-stiftung-muss-staerker-werden\/","title":{"rendered":"Das \u00d6kosystem Stiftung muss st\u00e4rker werden"},"content":{"rendered":"<span class=\"span-reading-time rt-reading-time\" style=\"display: block;\"><span class=\"rt-label rt-prefix\">Lesezeit: <\/span> <span class=\"rt-time\"> 4<\/span> <span class=\"rt-label rt-postfix\">Minuten<\/span><\/span>\n<div class=\"wp-block-columns is-layout-flex wp-container-core-columns-is-layout-9d6595d7 wp-block-columns-is-layout-flex\">\n<div class=\"wp-block-column is-layout-flow wp-block-column-is-layout-flow\" style=\"flex-basis:33.33%\">\n<p><strong>Beitrag vorlesen:<\/strong><\/p>\n<\/div>\n\n\n\n<div class=\"wp-block-column is-layout-flow wp-block-column-is-layout-flow\" style=\"flex-basis:66.66%\">\n<figure class=\"wp-block-audio\"><audio controls src=\"https:\/\/stiftungsmarktplatz.eu\/blog\/wp-content\/uploads\/2022\/11\/Vorlesedatei-Schweizer-Stiftungstag.m4a\"><\/audio><\/figure>\n<\/div>\n<\/div>\n\n\n\n<p><em>Sind Stiftungen noch zeitgem\u00e4\u00df? Mit dieser Frage setzte sich der diesj\u00e4hrige Schweizer Stiftungstag, wie immer organisiert und durchgef\u00fchrt von profonds, dem Dachverband der Schweizerischen gemeinn\u00fctzigen Stiftungen, auseinander. Es fielen dabei interessante Begriffe, wie etwa eben jener des \u00d6kosystems, der Professionalisierung, vom Wirkungsmanagement und auch von der Transformation. <a href=\"https:\/\/www.profonds.org\/de\/event\/der-schweizer-stiftungstag-2022\/\" target=\"_blank\" rel=\"noreferrer noopener\">Der 2022er Schweizer Stiftungstag in Olten diskutierte<\/a> das, was auf Stiftungen zukommen wird, was den Sektor als Ganzes in Zukunft besch\u00e4ftigen wird. Das ist mutig, aber es ist richtig. Wir ziehen wieder drei Lehren aus dem Geh\u00f6rten.<\/em><\/p>\n\n\n\n<p>Immer wenn es November wird, wei\u00df man als Stiftungsmensch, dass in der Schweiz bald auch der Schweizer Stiftungstag ansteht. So war es auch in diesem Jahr, und die profonds-Protagonisten Dr. Christoph Degen und Francois Geinoz hatten sich Olten als Austragungsort des diesj\u00e4hrigen Schweizer Stiftungstag herausgesucht. Also trafen sich gef\u00fchlt mehr als 300 Teilnehmer im Stadttheater, das nahe am Bahnhof Olten und direkt neben dem Fluss Aare gelegen ist. Das Thema war gut und auf der H\u00f6he der Zeit gew\u00e4hlt, denn in \u201eIst Stiftung noch zeitgem\u00e4\u00df? steckt auch das heute gern genommene \u201eZeitenwende\u201c drin. Genau \u00fcber diese diskutierten die eingeladenen Referentinnen und Referenten intensiv, offen, und auch mit einer gewissen ironischen Distanz.<\/p>\n\n\n\n<figure class=\"wp-block-image size-large\"><img loading=\"lazy\" decoding=\"async\" width=\"1024\" height=\"683\" src=\"https:\/\/stiftungsmarktplatz.eu\/blog\/wp-content\/uploads\/2022\/11\/Schweizer-Stiftungstag-Eroeffnung-Francois-Geinoz-1024x683.jpg\" alt=\"Schweizer Stiftungstag - Er\u00f6ffnung Francois Geinoz -Foto: Dominik Pl\u00fcss, Photo Pl\u00fcss Productions\" class=\"wp-image-4945\" srcset=\"https:\/\/stiftungsmarktplatz.eu\/blog\/wp-content\/uploads\/2022\/11\/Schweizer-Stiftungstag-Eroeffnung-Francois-Geinoz-1024x683.jpg 1024w, https:\/\/stiftungsmarktplatz.eu\/blog\/wp-content\/uploads\/2022\/11\/Schweizer-Stiftungstag-Eroeffnung-Francois-Geinoz-300x200.jpg 300w, https:\/\/stiftungsmarktplatz.eu\/blog\/wp-content\/uploads\/2022\/11\/Schweizer-Stiftungstag-Eroeffnung-Francois-Geinoz-768x512.jpg 768w, https:\/\/stiftungsmarktplatz.eu\/blog\/wp-content\/uploads\/2022\/11\/Schweizer-Stiftungstag-Eroeffnung-Francois-Geinoz-696x464.jpg 696w, https:\/\/stiftungsmarktplatz.eu\/blog\/wp-content\/uploads\/2022\/11\/Schweizer-Stiftungstag-Eroeffnung-Francois-Geinoz-1068x712.jpg 1068w, https:\/\/stiftungsmarktplatz.eu\/blog\/wp-content\/uploads\/2022\/11\/Schweizer-Stiftungstag-Eroeffnung-Francois-Geinoz.jpg 1200w\" sizes=\"auto, (max-width: 1024px) 100vw, 1024px\" \/><figcaption class=\"wp-element-caption\">Francois Geinoz, Pr\u00e4sident von profonds, in seiner einf\u00fchrende Rede beim Schweizer Stiftungstag 2022 in Olten. Das Stadttheater war bis auf den letzten Platz gef\u00fcllt. Foto: Dominik Pl\u00fcss, Photo Pl\u00fcss Productions<br><\/figcaption><\/figure>\n\n\n\n<h2 class=\"wp-block-heading\">Lehre Nummer 1: Das Stiftungskapital ist ein Geschenk<\/h2>\n\n\n\n<p>Gleich zu Beginn wusste Nicola Forster von der Schweizerischen Gemeinn\u00fctzigen Gesellschaft mit einem Satz aufzuwarten, den es so in Deutschland auf einem Stiftungstag noch selten gegeben hat. Das Stiftungskapital ist ein Geschenk. Stellen Sie sich diesen Satz in Deutschland vor, dass das Stiftungskapital ein Geschenk ist, vermutlich w\u00fcrde dieser Satz einen Aufschrei produzieren. Nicht so in der Schweiz, denn die Begr\u00fcndung f\u00fcr die Geschenke-These schob Nicola Forster sogleich hinterher. Das Stiftungskapital ist ein Geschenk, denn es erlaubt den Stiftungen, die notwendigen Wege, die durchaus auch lang sein k\u00f6nnen, zu gehen. Das hei\u00dft, das Stiftungsverm\u00f6gen ist keine Last. Es ist ein Erm\u00f6glicher f\u00fcr Stiftungen, ihre Rolle in der Gesellschaft bzw. im gesellschaftlichen Diskurs wahrzunehmen.<br><br>Ein sehr sch\u00f6ner Gedanke, in den Gespr\u00e4chen in der Pause durchaus noch vertieft wurde. Ich sprach mit einem Stiftungsvorstand, der mit verriet, dass er es etlichen Kindern erm\u00f6glicht, sich abseits von Zuhause zu verwirklichen, in R\u00e4umen, zu denen sie sonst gar keinen Zugang h\u00e4tten. Die Basis daf\u00fcr sei das Stiftungsverm\u00f6gen. Es erm\u00f6gliche genau diese Art von stifterischer Arbeit. Entsprechend sei es seine Verantwortung, das Stiftungsverm\u00f6gen im Kontext der Zeit anzulegen, also bei der Anlage des Stiftungskapitals mit der Zeit zu gehen. Damit spann er den Faden von Nicola Forster ein Eck weiter. Er zeigte, dass es sich f\u00fcr Stiftungen lohnen kann, keine Angst vor Ver\u00e4nderungen zu haben. Genau das scheint Schweizer Stiftungen aber umzutreiben, diese Angst vor der Ver\u00e4nderung \u2013 ganz gleich ob diese eine Evolution oder eine Revolution ist.<\/p>\n\n\n\n<h2 class=\"wp-block-heading\">Lehre Nummer 2: Was Stiftungen brauchen ist Wirkungsmanagement<\/h2>\n\n\n\n<p>Ausgehend davon, dass Stiftungen eine Wirkmasse zur Verf\u00fcgung haben, ging es dann im Folgenden darum, wie diese wirkt. Es war interessant zu h\u00f6ren, wie von den Stiftungsexperten begr\u00fcndet wurde, <a href=\"https:\/\/stiftungsmarktplatz.eu\/blog\/erreichen-hebelwirkung-da-gelder-rollierend-eingesetzt-werden\/\" target=\"_blank\" rel=\"noreferrer noopener\">dass die reine Wirkungsmessung eigentlich schon ein Auslaufmodell sei <\/a>. Stiftungen sollten sich stattdessen eher dem Wirkungsmanagement zuwenden. Thomas Vellacott, Chef vom WWF Schweiz, brachte hier ein eindr\u00fcckliches Beispiel mit, um dies zu verdeutlichen. Stellen Sie sich vor, in einem Dorf werden Mangroven gepflanzt, aus den verschiedensten Motiven heraus. Es ist dann nicth interessant oder relevant, wie viele Mangroven gepflanzt wurden, sondern wie viele nach 10 Jahren noch da sind und was es gebracht hat, die Mangroven zu pflanzen. Eine Frage kann sein, ob die Dorfgemeinschaft jetzt besser gesch\u00fctzt vor dem Klimawandel als vor der Pflanzung.<br><br>Ein sch\u00f6nes Beispiel das zeigt, worin der Unterschied liegt zwischen Wirkungsmessung und Wirkungsmanagement. Wirkungsmanagement w\u00fcrde immer bei der Langfristbetrachtung ansetzen, es w\u00e4re zudem eine Aufgabe des Boards der Stiftung, also des Vorstands bzw. der Gesch\u00e4ftsf\u00fchrung. Wirkung ist hierbei keine Erfindung von 2022, aber wenn wir mehr \u00fcber Wirkung wissen wollen, so Vellacott, dann m\u00fcssen wir mehr dar\u00fcber erfahren, was nicht funktioniert hat. Denn genau daraus werden Korrekturen abgeleitet, und Dinge die nicht funktionieren, \u201edie werden einfach weggelassen\u201c. Die Wirkung des Stiftungshandelns ist eben genau nichts Optionales, es ist nicht \u201anice to have\u2018, Wirkung ist die Legitimation von Stiftungshandeln.<\/p>\n\n\n\n<h2 class=\"wp-block-heading\">Lehre Nummer 3: Stiftungen d\u00fcrfen Professionalisierung nicht mit B\u00fcrokratie verwechseln<\/h2>\n\n\n\n<p>Einen weiteren Satz schreiben wir uns sehr gerne auf. Stiftungen d\u00fcrfen Professionalisierung nicht mit B\u00fcrokratie verwechseln, diese Lehre m\u00fcssen wir dick unterstreichen. Stattdessen sollten Stiftungen eher einen Rahmen zum Lernen schaffen. In diesem lernen die StiftungsmitarbeiterInnen, aber auch die Stiftung selbst, was f\u00fcr die Zwecksph\u00e4re wichtig ist. Alles andere wird in dieser Logik auf das Wesentliche reduziert. In den Ma\u00dfst\u00e4ben der Wirtschaft sind immer noch zu viele Non Profit Organisationen zu wenig professionell. Aber lassen sich Unternehmen mit ihren Ressourcen und von Ehrenamtlichen gef\u00fchrte Stiftungen wirklich miteinander vergleichen? Nun ja, eigentlich nicht, aber beim Thema Fundraising hat der Vergleich seine Berechtigung.<br><br>Sowohl Retail Fundraising (ein interessantes Wortduo, um das Einwerben kleinteiliger Spenden zu beschreiben) <a href=\"https:\/\/stiftungsmarktplatz.eu\/blog\/so-gewinnen-stiftungen-grossspender\/\" target=\"_blank\" rel=\"noreferrer noopener\">als auch das Gewinnen von Major Donors setzt gewisse professionelle Strukturen voraus<\/a>. Wollen Stiftungen hier erfolgreich sein, das war deutlich zu h\u00f6ren, dann m\u00fcssen sie sich hier entsprechend professionell aufstellen \u2013 und die eine oder andere Anleihe an unternehmerischen Prinzipien nehmen. Auch hier gilt es dann aber, nicht zuerst b\u00fcrokratische Strukturen f\u00fcr das Verwalten der Spenden aufzusetzen, sondern f\u00fcr das Einwerben der Spenden. Das Verwalten dergleichen kann automatisiert und vom Aufwand her schmal gehalten werden. Nur sehen Stiftungen das auch so? Es braucht hier ein neues Denken, so lie\u00df es sich in den Panels h\u00f6ren, vielleicht im Sektor als Ganzes sogar ein neues Paradigma.<\/p>\n\n\n\n<figure class=\"wp-block-image size-full\"><a href=\"https:\/\/magazin.mein-erbe-tut-gutes.de\/?utm_medium=link&amp;utm_source=ErbeWebsite%20Magazin&amp;utm_campaign=Magazin20-METG&amp;utm_content=bannerlink\" target=\"_blank\" rel=\"noreferrer noopener\"><img loading=\"lazy\" decoding=\"async\" width=\"695\" height=\"80\" src=\"https:\/\/stiftungsmarktplatz.eu\/blog\/wp-content\/uploads\/2022\/07\/Das-Prinzip-Apfelbaum-Ausgabe-20-Stiftungsmarktplatz_Banner_695x80-002.jpg\" alt=\"Das Prinzip Apfelbaum\" class=\"wp-image-4395\" srcset=\"https:\/\/stiftungsmarktplatz.eu\/blog\/wp-content\/uploads\/2022\/07\/Das-Prinzip-Apfelbaum-Ausgabe-20-Stiftungsmarktplatz_Banner_695x80-002.jpg 695w, https:\/\/stiftungsmarktplatz.eu\/blog\/wp-content\/uploads\/2022\/07\/Das-Prinzip-Apfelbaum-Ausgabe-20-Stiftungsmarktplatz_Banner_695x80-002-300x35.jpg 300w\" sizes=\"auto, (max-width: 695px) 100vw, 695px\" \/><\/a><\/figure>\n\n\n\n<h2 class=\"wp-block-heading\">Zusammengefasst<\/h2>\n\n\n\n<p>Das \u00d6kosystem Stiftung muss st\u00e4rker werden, weil es st\u00e4rker werden kann. Daf\u00fcr muss es aber professioneller, und im Kontext dessen wirkungskr\u00e4ftiger werden. So in etwa lesen wir die Essenz des 2022er Schweizer Stiftungstag \u2013 und stimmen dem Gesagten, Geh\u00f6rten und Diskutierten vollumf\u00e4nglich zu. <a href=\"https:\/\/stiftungsmarktplatz.eu\/blog\/stiftungssoftware-und-der-richtige-weg\/\">Dass Professionalisierung eben nicht nur bedeutet, Stiftungssoftware einzusetzen<\/a>, und dass Wirkung nicht nur hei\u00dft, Fortschritte zu messen, das wurde sehr sch\u00f6n herausgearbeitet. Alles in allem nehmen wir wieder etliche Anregungen f\u00fcr die deutsche Stiftungspraxis mit nach Hause. Vor allem aber die Erkenntnis, dass das Modell Stiftung definitiv noch zeitgem\u00e4\u00df ist. Es muss eben nur mit der Zeit gehen.<\/p>\n","protected":false},"excerpt":{"rendered":"<p><span class=\"span-reading-time rt-reading-time\" style=\"display: block;\"><span class=\"rt-label rt-prefix\">Lesezeit: <\/span> <span class=\"rt-time\"> 4<\/span> <span class=\"rt-label rt-postfix\">Minuten<\/span><\/span>Sind Stiftungen noch zeitgem\u00e4\u00df? Mit dieser Frage setzte sich der diesj\u00e4hrige Schweizer Stiftungstag, wie immer organisiert und durchgef\u00fchrt von profonds, dem Dachverband der Schweizerischen gemeinn\u00fctzigen Stiftungen, auseinander. Es fielen dabei interessante Begriffe, wie etwa eben jener des \u00d6kosystems, der Professionalisierung, vom Wirkungsmanagement und auch von der Transformation. Der 2022er Schweizer Stiftungstag in Olten diskutierte das, was auf Stiftungen zukommen wird, was den Sektor als Ganzes in Zukunft besch\u00e4ftigen wird. Das ist mutig, aber es ist richtig. Wir ziehen wieder drei Lehren aus dem Geh\u00f6rten.<\/p>\n","protected":false},"author":8,"featured_media":4950,"comment_status":"closed","ping_status":"open","sticky":false,"template":"","format":"standard","meta":{"ngg_post_thumbnail":0,"footnotes":""},"categories":[12],"tags":[17,27,28,32,37,44,75],"class_list":{"0":"post-4944","1":"post","2":"type-post","3":"status-publish","4":"format-standard","5":"has-post-thumbnail","7":"category-tipps-fuer-die-stiftungspraxis","8":"tag-fundraising","9":"tag-stiftungsvermoegen","10":"tag-kapitalanlage","11":"tag-digitale-kommunikation","12":"tag-stiftungsnetzwerke","13":"tag-veranstaltung","14":"tag-stiftungssoftware"},"yoast_head":"<!-- This site is optimized with the Yoast SEO plugin v27.4 - https:\/\/yoast.com\/product\/yoast-seo-wordpress\/ -->\n<title>Das \u00d6kosystem Stiftung muss st\u00e4rker werden - Der Stiftungsblog f\u00fcr die Stiftungspraxis<\/title>\n<meta name=\"description\" content=\"Sind Stiftungen noch zeitgem\u00e4\u00df? Mit dieser Frage setzte sich der diesj\u00e4hrige Schweizer Stiftungstag, wie immer organisiert und durchgef\u00fchrt von profonds, dem Dachverband der Schweizerischen gemeinn\u00fctzigen Stiftungen, auseinander.\" \/>\n<meta name=\"robots\" content=\"index, follow, max-snippet:-1, max-image-preview:large, max-video-preview:-1\" \/>\n<link rel=\"canonical\" href=\"https:\/\/stiftungsmarktplatz.eu\/blog\/das-oekosystem-stiftung-muss-staerker-werden\/\" \/>\n<meta property=\"og:locale\" content=\"de_DE\" \/>\n<meta property=\"og:type\" content=\"article\" \/>\n<meta property=\"og:title\" content=\"Das \u00d6kosystem Stiftung muss st\u00e4rker werden - Der Stiftungsblog f\u00fcr die Stiftungspraxis\" \/>\n<meta property=\"og:description\" content=\"Sind Stiftungen noch zeitgem\u00e4\u00df? Mit dieser Frage setzte sich der diesj\u00e4hrige Schweizer Stiftungstag, wie immer organisiert und durchgef\u00fchrt von profonds, dem Dachverband der Schweizerischen gemeinn\u00fctzigen Stiftungen, auseinander.\" \/>\n<meta property=\"og:url\" content=\"https:\/\/stiftungsmarktplatz.eu\/blog\/das-oekosystem-stiftung-muss-staerker-werden\/\" \/>\n<meta property=\"og:site_name\" content=\"Der Stiftungsblog f\u00fcr die Stiftungspraxis\" \/>\n<meta property=\"article:published_time\" content=\"2022-11-12T07:00:00+00:00\" \/>\n<meta property=\"article:modified_time\" content=\"2022-11-24T10:12:23+00:00\" \/>\n<meta property=\"og:image\" content=\"https:\/\/stiftungsmarktplatz.eu\/blog\/wp-content\/uploads\/2022\/11\/3-Lehren-vom-Schweizer-Stiftungstag2022.jpg\" \/>\n\t<meta property=\"og:image:width\" content=\"1200\" \/>\n\t<meta property=\"og:image:height\" content=\"675\" \/>\n\t<meta property=\"og:image:type\" content=\"image\/jpeg\" \/>\n<meta name=\"author\" content=\"Tobias Karow\" \/>\n<meta name=\"twitter:card\" content=\"summary_large_image\" \/>\n<meta name=\"twitter:label1\" content=\"Verfasst von\" \/>\n\t<meta name=\"twitter:data1\" content=\"Tobias Karow\" \/>\n\t<meta name=\"twitter:label2\" content=\"Gesch\u00e4tzte Lesezeit\" \/>\n\t<meta name=\"twitter:data2\" content=\"7\u00a0Minuten\" \/>\n<script type=\"application\/ld+json\" class=\"yoast-schema-graph\">{\"@context\":\"https:\\\/\\\/schema.org\",\"@graph\":[{\"@type\":\"Article\",\"@id\":\"https:\\\/\\\/stiftungsmarktplatz.eu\\\/blog\\\/das-oekosystem-stiftung-muss-staerker-werden\\\/#article\",\"isPartOf\":{\"@id\":\"https:\\\/\\\/stiftungsmarktplatz.eu\\\/blog\\\/das-oekosystem-stiftung-muss-staerker-werden\\\/\"},\"author\":{\"name\":\"Tobias Karow\",\"@id\":\"https:\\\/\\\/stiftungsmarktplatz.eu\\\/blog\\\/#\\\/schema\\\/person\\\/3a42780bf87a2088578f1e8077ccfa44\"},\"headline\":\"Das \u00d6kosystem Stiftung muss st\u00e4rker werden\",\"datePublished\":\"2022-11-12T07:00:00+00:00\",\"dateModified\":\"2022-11-24T10:12:23+00:00\",\"mainEntityOfPage\":{\"@id\":\"https:\\\/\\\/stiftungsmarktplatz.eu\\\/blog\\\/das-oekosystem-stiftung-muss-staerker-werden\\\/\"},\"wordCount\":1107,\"publisher\":{\"@id\":\"https:\\\/\\\/stiftungsmarktplatz.eu\\\/blog\\\/#organization\"},\"image\":{\"@id\":\"https:\\\/\\\/stiftungsmarktplatz.eu\\\/blog\\\/das-oekosystem-stiftung-muss-staerker-werden\\\/#primaryimage\"},\"thumbnailUrl\":\"https:\\\/\\\/stiftungsmarktplatz.eu\\\/blog\\\/wp-content\\\/uploads\\\/2022\\\/11\\\/3-Lehren-vom-Schweizer-Stiftungstag2022.jpg\",\"keywords\":[\"Fundraising\",\"Stiftungsverm\u00f6gen\",\"Kapitalanlage\",\"digitale Kommunikation\",\"Stiftungsnetzwerke\",\"Veranstaltung\",\"Stiftungssoftware\"],\"articleSection\":[\"Tipps f\u00fcr die Stiftungspraxis\"],\"inLanguage\":\"de\"},{\"@type\":\"WebPage\",\"@id\":\"https:\\\/\\\/stiftungsmarktplatz.eu\\\/blog\\\/das-oekosystem-stiftung-muss-staerker-werden\\\/\",\"url\":\"https:\\\/\\\/stiftungsmarktplatz.eu\\\/blog\\\/das-oekosystem-stiftung-muss-staerker-werden\\\/\",\"name\":\"Das \u00d6kosystem Stiftung muss st\u00e4rker werden - Der Stiftungsblog f\u00fcr die Stiftungspraxis\",\"isPartOf\":{\"@id\":\"https:\\\/\\\/stiftungsmarktplatz.eu\\\/blog\\\/#website\"},\"primaryImageOfPage\":{\"@id\":\"https:\\\/\\\/stiftungsmarktplatz.eu\\\/blog\\\/das-oekosystem-stiftung-muss-staerker-werden\\\/#primaryimage\"},\"image\":{\"@id\":\"https:\\\/\\\/stiftungsmarktplatz.eu\\\/blog\\\/das-oekosystem-stiftung-muss-staerker-werden\\\/#primaryimage\"},\"thumbnailUrl\":\"https:\\\/\\\/stiftungsmarktplatz.eu\\\/blog\\\/wp-content\\\/uploads\\\/2022\\\/11\\\/3-Lehren-vom-Schweizer-Stiftungstag2022.jpg\",\"datePublished\":\"2022-11-12T07:00:00+00:00\",\"dateModified\":\"2022-11-24T10:12:23+00:00\",\"description\":\"Sind Stiftungen noch zeitgem\u00e4\u00df? Mit dieser Frage setzte sich der diesj\u00e4hrige Schweizer Stiftungstag, wie immer organisiert und durchgef\u00fchrt von profonds, dem Dachverband der Schweizerischen gemeinn\u00fctzigen Stiftungen, auseinander.\",\"breadcrumb\":{\"@id\":\"https:\\\/\\\/stiftungsmarktplatz.eu\\\/blog\\\/das-oekosystem-stiftung-muss-staerker-werden\\\/#breadcrumb\"},\"inLanguage\":\"de\",\"potentialAction\":[{\"@type\":\"ReadAction\",\"target\":[\"https:\\\/\\\/stiftungsmarktplatz.eu\\\/blog\\\/das-oekosystem-stiftung-muss-staerker-werden\\\/\"]}]},{\"@type\":\"ImageObject\",\"inLanguage\":\"de\",\"@id\":\"https:\\\/\\\/stiftungsmarktplatz.eu\\\/blog\\\/das-oekosystem-stiftung-muss-staerker-werden\\\/#primaryimage\",\"url\":\"https:\\\/\\\/stiftungsmarktplatz.eu\\\/blog\\\/wp-content\\\/uploads\\\/2022\\\/11\\\/3-Lehren-vom-Schweizer-Stiftungstag2022.jpg\",\"contentUrl\":\"https:\\\/\\\/stiftungsmarktplatz.eu\\\/blog\\\/wp-content\\\/uploads\\\/2022\\\/11\\\/3-Lehren-vom-Schweizer-Stiftungstag2022.jpg\",\"width\":1200,\"height\":675,\"caption\":\"3 Lehren vom Schweizer Stiftungstag 2022\"},{\"@type\":\"BreadcrumbList\",\"@id\":\"https:\\\/\\\/stiftungsmarktplatz.eu\\\/blog\\\/das-oekosystem-stiftung-muss-staerker-werden\\\/#breadcrumb\",\"itemListElement\":[{\"@type\":\"ListItem\",\"position\":1,\"name\":\"Startseite\",\"item\":\"https:\\\/\\\/stiftungsmarktplatz.eu\\\/blog\\\/\"},{\"@type\":\"ListItem\",\"position\":2,\"name\":\"Das \u00d6kosystem Stiftung muss st\u00e4rker werden\"}]},{\"@type\":\"WebSite\",\"@id\":\"https:\\\/\\\/stiftungsmarktplatz.eu\\\/blog\\\/#website\",\"url\":\"https:\\\/\\\/stiftungsmarktplatz.eu\\\/blog\\\/\",\"name\":\"Der Stiftungsblog f\u00fcr die Stiftungspraxis\",\"description\":\"#stiftungenst\u00e4rken - NPO-Expertise von NPO-Experten\",\"publisher\":{\"@id\":\"https:\\\/\\\/stiftungsmarktplatz.eu\\\/blog\\\/#organization\"},\"potentialAction\":[{\"@type\":\"SearchAction\",\"target\":{\"@type\":\"EntryPoint\",\"urlTemplate\":\"https:\\\/\\\/stiftungsmarktplatz.eu\\\/blog\\\/?s={search_term_string}\"},\"query-input\":{\"@type\":\"PropertyValueSpecification\",\"valueRequired\":true,\"valueName\":\"search_term_string\"}}],\"inLanguage\":\"de\"},{\"@type\":\"Organization\",\"@id\":\"https:\\\/\\\/stiftungsmarktplatz.eu\\\/blog\\\/#organization\",\"name\":\"stiftungsmarktplatz.eu GbR\",\"url\":\"https:\\\/\\\/stiftungsmarktplatz.eu\\\/blog\\\/\",\"logo\":{\"@type\":\"ImageObject\",\"inLanguage\":\"de\",\"@id\":\"https:\\\/\\\/stiftungsmarktplatz.eu\\\/blog\\\/#\\\/schema\\\/logo\\\/image\\\/\",\"url\":\"https:\\\/\\\/stiftungsmarktplatz.eu\\\/blog\\\/wp-content\\\/uploads\\\/2020\\\/03\\\/Logo-blog-retina.png\",\"contentUrl\":\"https:\\\/\\\/stiftungsmarktplatz.eu\\\/blog\\\/wp-content\\\/uploads\\\/2020\\\/03\\\/Logo-blog-retina.png\",\"width\":140,\"height\":130,\"caption\":\"stiftungsmarktplatz.eu GbR\"},\"image\":{\"@id\":\"https:\\\/\\\/stiftungsmarktplatz.eu\\\/blog\\\/#\\\/schema\\\/logo\\\/image\\\/\"},\"sameAs\":[\"https:\\\/\\\/www.linkedin.com\\\/company\\\/18563519\\\/\",\"https:\\\/\\\/www.youtube.com\\\/channel\\\/UCQrF6RQRFGxTokVV4nbx25Q\"]},{\"@type\":\"Person\",\"@id\":\"https:\\\/\\\/stiftungsmarktplatz.eu\\\/blog\\\/#\\\/schema\\\/person\\\/3a42780bf87a2088578f1e8077ccfa44\",\"name\":\"Tobias Karow\",\"image\":{\"@type\":\"ImageObject\",\"inLanguage\":\"de\",\"@id\":\"https:\\\/\\\/stiftungsmarktplatz.eu\\\/blog\\\/wp-content\\\/uploads\\\/2024\\\/05\\\/tobias-karow-2024-150x150.png\",\"url\":\"https:\\\/\\\/stiftungsmarktplatz.eu\\\/blog\\\/wp-content\\\/uploads\\\/2024\\\/05\\\/tobias-karow-2024-150x150.png\",\"contentUrl\":\"https:\\\/\\\/stiftungsmarktplatz.eu\\\/blog\\\/wp-content\\\/uploads\\\/2024\\\/05\\\/tobias-karow-2024-150x150.png\",\"caption\":\"Tobias Karow\"},\"description\":\"ist Gr\u00fcnder und Gesch\u00e4ftsf\u00fchrer von stiftungsmarktplatz.eu und im Stiftungswesen in Deutschland, \u00d6sterreich, der Schweiz und Liechtenstein seit 10 Jahren aktiv. Er ist Herausgeber der FondsFibel f\u00fcr Stiftungen &amp; NPOs, dem f\u00fchrenden Nachschlagewerk f\u00fcr Stiftungsfonds und stiftungsgeeignete Fonds (www.fondsfibel.de), Vortr\u00e4ge h\u00e4lt er vor allem zum Thema \u201aStiftungen und ihr Weg in die digitale Welt\u2018. F\u00fcr beide Themen betreibt er den Blog #stiftungenst\u00e4rken.\",\"sameAs\":[\"https:\\\/\\\/www.fondsfibel.de\"],\"url\":\"https:\\\/\\\/stiftungsmarktplatz.eu\\\/blog\\\/author\\\/tobias-karow\\\/\"}]}<\/script>\n<!-- \/ Yoast SEO plugin. -->","yoast_head_json":{"title":"Das \u00d6kosystem Stiftung muss st\u00e4rker werden - Der Stiftungsblog f\u00fcr die Stiftungspraxis","description":"Sind Stiftungen noch zeitgem\u00e4\u00df? Mit dieser Frage setzte sich der diesj\u00e4hrige Schweizer Stiftungstag, wie immer organisiert und durchgef\u00fchrt von profonds, dem Dachverband der Schweizerischen gemeinn\u00fctzigen Stiftungen, auseinander.","robots":{"index":"index","follow":"follow","max-snippet":"max-snippet:-1","max-image-preview":"max-image-preview:large","max-video-preview":"max-video-preview:-1"},"canonical":"https:\/\/stiftungsmarktplatz.eu\/blog\/das-oekosystem-stiftung-muss-staerker-werden\/","og_locale":"de_DE","og_type":"article","og_title":"Das \u00d6kosystem Stiftung muss st\u00e4rker werden - Der Stiftungsblog f\u00fcr die Stiftungspraxis","og_description":"Sind Stiftungen noch zeitgem\u00e4\u00df? Mit dieser Frage setzte sich der diesj\u00e4hrige Schweizer Stiftungstag, wie immer organisiert und durchgef\u00fchrt von profonds, dem Dachverband der Schweizerischen gemeinn\u00fctzigen Stiftungen, auseinander.","og_url":"https:\/\/stiftungsmarktplatz.eu\/blog\/das-oekosystem-stiftung-muss-staerker-werden\/","og_site_name":"Der Stiftungsblog f\u00fcr die Stiftungspraxis","article_published_time":"2022-11-12T07:00:00+00:00","article_modified_time":"2022-11-24T10:12:23+00:00","og_image":[{"width":1200,"height":675,"url":"https:\/\/stiftungsmarktplatz.eu\/blog\/wp-content\/uploads\/2022\/11\/3-Lehren-vom-Schweizer-Stiftungstag2022.jpg","type":"image\/jpeg"}],"author":"Tobias Karow","twitter_card":"summary_large_image","twitter_misc":{"Verfasst von":"Tobias Karow","Gesch\u00e4tzte Lesezeit":"7\u00a0Minuten"},"schema":{"@context":"https:\/\/schema.org","@graph":[{"@type":"Article","@id":"https:\/\/stiftungsmarktplatz.eu\/blog\/das-oekosystem-stiftung-muss-staerker-werden\/#article","isPartOf":{"@id":"https:\/\/stiftungsmarktplatz.eu\/blog\/das-oekosystem-stiftung-muss-staerker-werden\/"},"author":{"name":"Tobias Karow","@id":"https:\/\/stiftungsmarktplatz.eu\/blog\/#\/schema\/person\/3a42780bf87a2088578f1e8077ccfa44"},"headline":"Das \u00d6kosystem Stiftung muss st\u00e4rker werden","datePublished":"2022-11-12T07:00:00+00:00","dateModified":"2022-11-24T10:12:23+00:00","mainEntityOfPage":{"@id":"https:\/\/stiftungsmarktplatz.eu\/blog\/das-oekosystem-stiftung-muss-staerker-werden\/"},"wordCount":1107,"publisher":{"@id":"https:\/\/stiftungsmarktplatz.eu\/blog\/#organization"},"image":{"@id":"https:\/\/stiftungsmarktplatz.eu\/blog\/das-oekosystem-stiftung-muss-staerker-werden\/#primaryimage"},"thumbnailUrl":"https:\/\/stiftungsmarktplatz.eu\/blog\/wp-content\/uploads\/2022\/11\/3-Lehren-vom-Schweizer-Stiftungstag2022.jpg","keywords":["Fundraising","Stiftungsverm\u00f6gen","Kapitalanlage","digitale Kommunikation","Stiftungsnetzwerke","Veranstaltung","Stiftungssoftware"],"articleSection":["Tipps f\u00fcr die Stiftungspraxis"],"inLanguage":"de"},{"@type":"WebPage","@id":"https:\/\/stiftungsmarktplatz.eu\/blog\/das-oekosystem-stiftung-muss-staerker-werden\/","url":"https:\/\/stiftungsmarktplatz.eu\/blog\/das-oekosystem-stiftung-muss-staerker-werden\/","name":"Das \u00d6kosystem Stiftung muss st\u00e4rker werden - Der Stiftungsblog f\u00fcr die Stiftungspraxis","isPartOf":{"@id":"https:\/\/stiftungsmarktplatz.eu\/blog\/#website"},"primaryImageOfPage":{"@id":"https:\/\/stiftungsmarktplatz.eu\/blog\/das-oekosystem-stiftung-muss-staerker-werden\/#primaryimage"},"image":{"@id":"https:\/\/stiftungsmarktplatz.eu\/blog\/das-oekosystem-stiftung-muss-staerker-werden\/#primaryimage"},"thumbnailUrl":"https:\/\/stiftungsmarktplatz.eu\/blog\/wp-content\/uploads\/2022\/11\/3-Lehren-vom-Schweizer-Stiftungstag2022.jpg","datePublished":"2022-11-12T07:00:00+00:00","dateModified":"2022-11-24T10:12:23+00:00","description":"Sind Stiftungen noch zeitgem\u00e4\u00df? Mit dieser Frage setzte sich der diesj\u00e4hrige Schweizer Stiftungstag, wie immer organisiert und durchgef\u00fchrt von profonds, dem Dachverband der Schweizerischen gemeinn\u00fctzigen Stiftungen, auseinander.","breadcrumb":{"@id":"https:\/\/stiftungsmarktplatz.eu\/blog\/das-oekosystem-stiftung-muss-staerker-werden\/#breadcrumb"},"inLanguage":"de","potentialAction":[{"@type":"ReadAction","target":["https:\/\/stiftungsmarktplatz.eu\/blog\/das-oekosystem-stiftung-muss-staerker-werden\/"]}]},{"@type":"ImageObject","inLanguage":"de","@id":"https:\/\/stiftungsmarktplatz.eu\/blog\/das-oekosystem-stiftung-muss-staerker-werden\/#primaryimage","url":"https:\/\/stiftungsmarktplatz.eu\/blog\/wp-content\/uploads\/2022\/11\/3-Lehren-vom-Schweizer-Stiftungstag2022.jpg","contentUrl":"https:\/\/stiftungsmarktplatz.eu\/blog\/wp-content\/uploads\/2022\/11\/3-Lehren-vom-Schweizer-Stiftungstag2022.jpg","width":1200,"height":675,"caption":"3 Lehren vom Schweizer Stiftungstag 2022"},{"@type":"BreadcrumbList","@id":"https:\/\/stiftungsmarktplatz.eu\/blog\/das-oekosystem-stiftung-muss-staerker-werden\/#breadcrumb","itemListElement":[{"@type":"ListItem","position":1,"name":"Startseite","item":"https:\/\/stiftungsmarktplatz.eu\/blog\/"},{"@type":"ListItem","position":2,"name":"Das \u00d6kosystem Stiftung muss st\u00e4rker werden"}]},{"@type":"WebSite","@id":"https:\/\/stiftungsmarktplatz.eu\/blog\/#website","url":"https:\/\/stiftungsmarktplatz.eu\/blog\/","name":"Der Stiftungsblog f\u00fcr die Stiftungspraxis","description":"#stiftungenst\u00e4rken - NPO-Expertise von NPO-Experten","publisher":{"@id":"https:\/\/stiftungsmarktplatz.eu\/blog\/#organization"},"potentialAction":[{"@type":"SearchAction","target":{"@type":"EntryPoint","urlTemplate":"https:\/\/stiftungsmarktplatz.eu\/blog\/?s={search_term_string}"},"query-input":{"@type":"PropertyValueSpecification","valueRequired":true,"valueName":"search_term_string"}}],"inLanguage":"de"},{"@type":"Organization","@id":"https:\/\/stiftungsmarktplatz.eu\/blog\/#organization","name":"stiftungsmarktplatz.eu GbR","url":"https:\/\/stiftungsmarktplatz.eu\/blog\/","logo":{"@type":"ImageObject","inLanguage":"de","@id":"https:\/\/stiftungsmarktplatz.eu\/blog\/#\/schema\/logo\/image\/","url":"https:\/\/stiftungsmarktplatz.eu\/blog\/wp-content\/uploads\/2020\/03\/Logo-blog-retina.png","contentUrl":"https:\/\/stiftungsmarktplatz.eu\/blog\/wp-content\/uploads\/2020\/03\/Logo-blog-retina.png","width":140,"height":130,"caption":"stiftungsmarktplatz.eu GbR"},"image":{"@id":"https:\/\/stiftungsmarktplatz.eu\/blog\/#\/schema\/logo\/image\/"},"sameAs":["https:\/\/www.linkedin.com\/company\/18563519\/","https:\/\/www.youtube.com\/channel\/UCQrF6RQRFGxTokVV4nbx25Q"]},{"@type":"Person","@id":"https:\/\/stiftungsmarktplatz.eu\/blog\/#\/schema\/person\/3a42780bf87a2088578f1e8077ccfa44","name":"Tobias Karow","image":{"@type":"ImageObject","inLanguage":"de","@id":"https:\/\/stiftungsmarktplatz.eu\/blog\/wp-content\/uploads\/2024\/05\/tobias-karow-2024-150x150.png","url":"https:\/\/stiftungsmarktplatz.eu\/blog\/wp-content\/uploads\/2024\/05\/tobias-karow-2024-150x150.png","contentUrl":"https:\/\/stiftungsmarktplatz.eu\/blog\/wp-content\/uploads\/2024\/05\/tobias-karow-2024-150x150.png","caption":"Tobias Karow"},"description":"ist Gr\u00fcnder und Gesch\u00e4ftsf\u00fchrer von stiftungsmarktplatz.eu und im Stiftungswesen in Deutschland, \u00d6sterreich, der Schweiz und Liechtenstein seit 10 Jahren aktiv. Er ist Herausgeber der FondsFibel f\u00fcr Stiftungen &amp; NPOs, dem f\u00fchrenden Nachschlagewerk f\u00fcr Stiftungsfonds und stiftungsgeeignete Fonds (www.fondsfibel.de), Vortr\u00e4ge h\u00e4lt er vor allem zum Thema \u201aStiftungen und ihr Weg in die digitale Welt\u2018. F\u00fcr beide Themen betreibt er den Blog #stiftungenst\u00e4rken.","sameAs":["https:\/\/www.fondsfibel.de"],"url":"https:\/\/stiftungsmarktplatz.eu\/blog\/author\/tobias-karow\/"}]}},"post_mailing_queue_ids":[],"_links":{"self":[{"href":"https:\/\/stiftungsmarktplatz.eu\/blog\/wp-json\/wp\/v2\/posts\/4944","targetHints":{"allow":["GET"]}}],"collection":[{"href":"https:\/\/stiftungsmarktplatz.eu\/blog\/wp-json\/wp\/v2\/posts"}],"about":[{"href":"https:\/\/stiftungsmarktplatz.eu\/blog\/wp-json\/wp\/v2\/types\/post"}],"author":[{"embeddable":true,"href":"https:\/\/stiftungsmarktplatz.eu\/blog\/wp-json\/wp\/v2\/users\/8"}],"replies":[{"embeddable":true,"href":"https:\/\/stiftungsmarktplatz.eu\/blog\/wp-json\/wp\/v2\/comments?post=4944"}],"version-history":[{"count":6,"href":"https:\/\/stiftungsmarktplatz.eu\/blog\/wp-json\/wp\/v2\/posts\/4944\/revisions"}],"predecessor-version":[{"id":5008,"href":"https:\/\/stiftungsmarktplatz.eu\/blog\/wp-json\/wp\/v2\/posts\/4944\/revisions\/5008"}],"wp:featuredmedia":[{"embeddable":true,"href":"https:\/\/stiftungsmarktplatz.eu\/blog\/wp-json\/wp\/v2\/media\/4950"}],"wp:attachment":[{"href":"https:\/\/stiftungsmarktplatz.eu\/blog\/wp-json\/wp\/v2\/media?parent=4944"}],"wp:term":[{"taxonomy":"category","embeddable":true,"href":"https:\/\/stiftungsmarktplatz.eu\/blog\/wp-json\/wp\/v2\/categories?post=4944"},{"taxonomy":"post_tag","embeddable":true,"href":"https:\/\/stiftungsmarktplatz.eu\/blog\/wp-json\/wp\/v2\/tags?post=4944"}],"curies":[{"name":"wp","href":"https:\/\/api.w.org\/{rel}","templated":true}]}}