{"id":4776,"date":"2022-10-07T16:55:00","date_gmt":"2022-10-07T14:55:00","guid":{"rendered":"https:\/\/stiftungsmarktplatz.eu\/blog\/?p=4776"},"modified":"2022-10-11T17:05:54","modified_gmt":"2022-10-11T15:05:54","slug":"auch-die-familienstiftung-braucht-leitplanken","status":"publish","type":"post","link":"https:\/\/stiftungsmarktplatz.eu\/blog\/auch-die-familienstiftung-braucht-leitplanken\/","title":{"rendered":"Auch die Familienstiftung braucht Leitplanken"},"content":{"rendered":"<span class=\"span-reading-time rt-reading-time\" style=\"display: block;\"><span class=\"rt-label rt-prefix\">Lesezeit: <\/span> <span class=\"rt-time\"> &lt; 1<\/span> <span class=\"rt-label rt-postfix\">Minute<\/span><\/span>\n<p>Macht sich ein Unternehmerehepaar Gedanken dar\u00fcber, wie das Familienverm\u00f6gen weitergegeben werden soll, r\u00fcckt immer h\u00e4ufiger auch die Familienstiftung ins Blickfeld. <\/p>\n\n\n\n<p>Diese ist einerseits ein Konzept, den Verm\u00f6gens\u00fcbergang zu organisieren, zum Anderen dr\u00fcckt sich in ihr eine Haltung aus. <\/p>\n\n\n\n<p>Was das genau hei\u00dft und welche ersten Schritte beim Gr\u00fcnden einer Familienstiftung zu beachten sind, das erl\u00e4utert audalis-Stiftungsexperte Lars Niklas Sondermann im #FreitagsPodcast. Und zwar en detail.<\/p>\n\n\n\n<div class=\"wp-block-cover is-light\"><span aria-hidden=\"true\" class=\"wp-block-cover__background has-background-dim\"><\/span><img loading=\"lazy\" decoding=\"async\" width=\"1000\" height=\"485\" class=\"wp-block-cover__image-background wp-image-96\" src=\"https:\/\/stiftungsmarktplatz.eu\/blog\/wp-content\/uploads\/2020\/02\/bienen-podcast-2.jpg\" data-object-fit=\"cover\" srcset=\"https:\/\/stiftungsmarktplatz.eu\/blog\/wp-content\/uploads\/2020\/02\/bienen-podcast-2.jpg 1000w, https:\/\/stiftungsmarktplatz.eu\/blog\/wp-content\/uploads\/2020\/02\/bienen-podcast-2-300x146.jpg 300w, https:\/\/stiftungsmarktplatz.eu\/blog\/wp-content\/uploads\/2020\/02\/bienen-podcast-2-768x372.jpg 768w, https:\/\/stiftungsmarktplatz.eu\/blog\/wp-content\/uploads\/2020\/02\/bienen-podcast-2-696x338.jpg 696w\" sizes=\"auto, (max-width: 1000px) 100vw, 1000px\" \/><div class=\"wp-block-cover__inner-container is-layout-flow wp-block-cover-is-layout-flow\"><div class=\"wp-block-image\">\n<figure class=\"aligncenter size-large\"><img loading=\"lazy\" decoding=\"async\" width=\"90\" height=\"90\" src=\"https:\/\/stiftungsmarktplatz.eu\/blog\/wp-content\/uploads\/2020\/02\/podcast-icon-90px.png\" alt=\"\" class=\"wp-image-95\"\/><\/figure>\n<\/div>\n\n\n<h2 class=\"has-text-align-center has-text-color wp-block-heading\" style=\"color:#8b2e7d\"><strong>PODCAST<\/strong><br> \u201eAuch die Familienstiftung <br>braucht Leitplanken\u201c<\/h2>\n\n\n\n<figure class=\"wp-block-audio\"><audio controls src=\"https:\/\/stiftungenstaerken.podcaster.de\/download\/Podcast-Ahoi-NPO-Folge121-Lars-Niklas-Sondermann.m4a\"><\/audio><\/figure>\n<\/div><\/div>\n\n\n\n<figure class=\"wp-block-table\" style=\"margin-top:44px\"><table><tbody><tr><td><a href=\"https:\/\/open.spotify.com\/show\/2XV5pwgzrYXWTGql0U2NFq\" target=\"_blank\" rel=\"noreferrer noopener\"><img loading=\"lazy\" decoding=\"async\" width=\"124\" height=\"30\" class=\"wp-image-3336\" style=\"width: 124px;\" src=\"https:\/\/stiftungsmarktplatz.eu\/blog\/wp-content\/uploads\/2022\/02\/spotify-podcast-badge-blk-wht-30.png\" alt=\"Listen to spotify\"><\/a><\/td><td><a href=\"https:\/\/youtube.com\/playlist?list=PLu-siDdZ8XFcHrHWot_fawknrj1BBRr7t&amp;si=fBmzPQQfqYgb0jkl\" target=\"_blank\" rel=\"noreferrer noopener\"><img decoding=\"async\" class=\"wp-image-3337\" style=\"width: 119px;\" src=\"https:\/\/stiftungsmarktplatz.eu\/blog\/wp-content\/uploads\/2024\/07\/ListenonYouTubeMusic-black-1xPNG.png\" alt=\"Bei YouTube anh\u00f6ren\"><\/a><\/td><td><a href=\"https:\/\/music.amazon.de\/podcasts\/5a8c8702-45c5-493a-bb40-382b40df9d22\/ahoi-npo-der-freitagspodcast-von-stiftungenst%C3%A4rken\" target=\"_blank\" rel=\"noreferrer noopener\"><img loading=\"lazy\" decoding=\"async\" width=\"73\" height=\"30\" class=\"wp-image-3338\" style=\"width: 73px;\" src=\"https:\/\/stiftungsmarktplatz.eu\/blog\/wp-content\/uploads\/2022\/02\/amazon_redhood-button-blue-30px.png\" alt=\"Listen to amazon music\"><\/a><\/td><td><a href=\"https:\/\/www.deezer.com\/de\/show\/3039882\" target=\"_blank\" rel=\"noreferrer noopener\"><img loading=\"lazy\" decoding=\"async\" width=\"103\" height=\"30\" class=\"wp-image-3339\" style=\"width: 103px;\" src=\"https:\/\/stiftungsmarktplatz.eu\/blog\/wp-content\/uploads\/2022\/02\/de_DE-dark-30px.png\" alt=\"Anh\u00f6ren aus deezer\" srcset=\"https:\/\/stiftungsmarktplatz.eu\/blog\/wp-content\/uploads\/2022\/02\/de_DE-dark-30px.png 103w, https:\/\/stiftungsmarktplatz.eu\/blog\/wp-content\/uploads\/2022\/02\/de_DE-dark-30px-100x30.png 100w\" sizes=\"auto, (max-width: 103px) 100vw, 103px\" \/><\/a><\/td><td><a href=\"https:\/\/podcasts.apple.com\/de\/podcast\/ahoi-npo-der-freitagspodcast-von-stiftungenst%C3%A4rken\/id1592539938\" target=\"_blank\" rel=\"noreferrer noopener\"><img loading=\"lazy\" decoding=\"async\" width=\"124\" height=\"30\" class=\"wp-image-3340\" style=\"width: 124px;\" src=\"https:\/\/stiftungsmarktplatz.eu\/blog\/wp-content\/uploads\/2022\/02\/US_UK_Apple_Podcasts_Listen_Badge_RGB-30px.png\" alt=\"Listen to Apple Podcasts\"><\/a><\/td><\/tr><\/tbody><\/table><\/figure>\n\n\n\n<p><br><\/p>\n","protected":false},"excerpt":{"rendered":"<p><span class=\"span-reading-time rt-reading-time\" style=\"display: block;\"><span class=\"rt-label rt-prefix\">Lesezeit: <\/span> <span class=\"rt-time\"> &lt; 1<\/span> <span class=\"rt-label rt-postfix\">Minute<\/span><\/span>Macht sich ein Unternehmerehepaar Gedanken dar\u00fcber, wie das Familienverm\u00f6gen weitergegeben werden soll, r\u00fcckt immer h\u00e4ufiger auch die Familienstiftung ins Blickfeld. Diese ist einerseits ein Konzept, den Verm\u00f6gens\u00fcbergang zu organisieren, zum Anderen dr\u00fcckt sich in ihr eine Haltung aus. Was das genau hei\u00dft und welche ersten Schritte beim Gr\u00fcnden einer Familienstiftung zu beachten sind, das erl\u00e4utert audalis-Stiftungsexperte Lars Niklas Sondermann im #FreitagsPodcast. Und zwar en detail.<\/p>\n","protected":false},"author":8,"featured_media":4778,"comment_status":"closed","ping_status":"open","sticky":false,"template":"","format":"standard","meta":{"ngg_post_thumbnail":0,"footnotes":""},"categories":[12],"tags":[83,112,145,400],"class_list":{"0":"post-4776","1":"post","2":"type-post","3":"status-publish","4":"format-standard","5":"has-post-thumbnail","7":"category-tipps-fuer-die-stiftungspraxis","8":"tag-stiftungspraxis","9":"tag-freitags-podcast","10":"tag-stiftungskommunikation","11":"tag-familienstiftung"},"yoast_head":"<!-- This site is optimized with the Yoast SEO plugin v27.4 - https:\/\/yoast.com\/product\/yoast-seo-wordpress\/ -->\n<title>Auch die Familienstiftung braucht Leitplanken - Der Stiftungsblog f\u00fcr die Stiftungspraxis<\/title>\n<meta name=\"description\" content=\"Macht sich ein Unternehmerehepaar Gedanken dar\u00fcber, wie das Familienverm\u00f6gen weitergegeben werden soll, r\u00fcckt immer h\u00e4ufiger auch die Familienstiftung ins Blickfeld.\" \/>\n<meta name=\"robots\" content=\"index, follow, max-snippet:-1, max-image-preview:large, max-video-preview:-1\" \/>\n<link rel=\"canonical\" href=\"https:\/\/stiftungsmarktplatz.eu\/blog\/auch-die-familienstiftung-braucht-leitplanken\/\" \/>\n<meta property=\"og:locale\" content=\"de_DE\" \/>\n<meta property=\"og:type\" content=\"article\" \/>\n<meta property=\"og:title\" content=\"Auch die Familienstiftung braucht Leitplanken - Der Stiftungsblog f\u00fcr die Stiftungspraxis\" \/>\n<meta property=\"og:description\" content=\"Macht sich ein Unternehmerehepaar Gedanken dar\u00fcber, wie das Familienverm\u00f6gen weitergegeben werden soll, r\u00fcckt immer h\u00e4ufiger auch die Familienstiftung ins Blickfeld.\" \/>\n<meta property=\"og:url\" content=\"https:\/\/stiftungsmarktplatz.eu\/blog\/auch-die-familienstiftung-braucht-leitplanken\/\" \/>\n<meta property=\"og:site_name\" content=\"Der Stiftungsblog f\u00fcr die Stiftungspraxis\" \/>\n<meta property=\"article:published_time\" content=\"2022-10-07T14:55:00+00:00\" \/>\n<meta property=\"article:modified_time\" content=\"2022-10-11T15:05:54+00:00\" \/>\n<meta property=\"og:image\" content=\"https:\/\/stiftungsmarktplatz.eu\/blog\/wp-content\/uploads\/2022\/10\/teaser-podcast-folge121.jpg\" \/>\n\t<meta property=\"og:image:width\" content=\"1200\" \/>\n\t<meta property=\"og:image:height\" content=\"675\" \/>\n\t<meta property=\"og:image:type\" content=\"image\/jpeg\" \/>\n<meta name=\"author\" content=\"Tobias Karow\" \/>\n<meta name=\"twitter:card\" content=\"summary_large_image\" \/>\n<meta name=\"twitter:label1\" content=\"Verfasst von\" \/>\n\t<meta name=\"twitter:data1\" content=\"Tobias Karow\" \/>\n\t<meta name=\"twitter:label2\" content=\"Gesch\u00e4tzte Lesezeit\" \/>\n\t<meta name=\"twitter:data2\" content=\"1\u00a0Minute\" \/>\n<script type=\"application\/ld+json\" class=\"yoast-schema-graph\">{\"@context\":\"https:\\\/\\\/schema.org\",\"@graph\":[{\"@type\":\"Article\",\"@id\":\"https:\\\/\\\/stiftungsmarktplatz.eu\\\/blog\\\/auch-die-familienstiftung-braucht-leitplanken\\\/#article\",\"isPartOf\":{\"@id\":\"https:\\\/\\\/stiftungsmarktplatz.eu\\\/blog\\\/auch-die-familienstiftung-braucht-leitplanken\\\/\"},\"author\":{\"name\":\"Tobias Karow\",\"@id\":\"https:\\\/\\\/stiftungsmarktplatz.eu\\\/blog\\\/#\\\/schema\\\/person\\\/3a42780bf87a2088578f1e8077ccfa44\"},\"headline\":\"Auch die Familienstiftung braucht Leitplanken\",\"datePublished\":\"2022-10-07T14:55:00+00:00\",\"dateModified\":\"2022-10-11T15:05:54+00:00\",\"mainEntityOfPage\":{\"@id\":\"https:\\\/\\\/stiftungsmarktplatz.eu\\\/blog\\\/auch-die-familienstiftung-braucht-leitplanken\\\/\"},\"wordCount\":86,\"publisher\":{\"@id\":\"https:\\\/\\\/stiftungsmarktplatz.eu\\\/blog\\\/#organization\"},\"image\":{\"@id\":\"https:\\\/\\\/stiftungsmarktplatz.eu\\\/blog\\\/auch-die-familienstiftung-braucht-leitplanken\\\/#primaryimage\"},\"thumbnailUrl\":\"https:\\\/\\\/stiftungsmarktplatz.eu\\\/blog\\\/wp-content\\\/uploads\\\/2022\\\/10\\\/teaser-podcast-folge121.jpg\",\"keywords\":[\"Stiftungspraxis\",\"FreitagsPodcast\",\"Stiftungskommunikation\",\"Familienstiftung\"],\"articleSection\":[\"Tipps f\u00fcr die Stiftungspraxis\"],\"inLanguage\":\"de\"},{\"@type\":\"WebPage\",\"@id\":\"https:\\\/\\\/stiftungsmarktplatz.eu\\\/blog\\\/auch-die-familienstiftung-braucht-leitplanken\\\/\",\"url\":\"https:\\\/\\\/stiftungsmarktplatz.eu\\\/blog\\\/auch-die-familienstiftung-braucht-leitplanken\\\/\",\"name\":\"Auch die Familienstiftung braucht Leitplanken - Der Stiftungsblog f\u00fcr die Stiftungspraxis\",\"isPartOf\":{\"@id\":\"https:\\\/\\\/stiftungsmarktplatz.eu\\\/blog\\\/#website\"},\"primaryImageOfPage\":{\"@id\":\"https:\\\/\\\/stiftungsmarktplatz.eu\\\/blog\\\/auch-die-familienstiftung-braucht-leitplanken\\\/#primaryimage\"},\"image\":{\"@id\":\"https:\\\/\\\/stiftungsmarktplatz.eu\\\/blog\\\/auch-die-familienstiftung-braucht-leitplanken\\\/#primaryimage\"},\"thumbnailUrl\":\"https:\\\/\\\/stiftungsmarktplatz.eu\\\/blog\\\/wp-content\\\/uploads\\\/2022\\\/10\\\/teaser-podcast-folge121.jpg\",\"datePublished\":\"2022-10-07T14:55:00+00:00\",\"dateModified\":\"2022-10-11T15:05:54+00:00\",\"description\":\"Macht sich ein Unternehmerehepaar Gedanken dar\u00fcber, wie das Familienverm\u00f6gen weitergegeben werden soll, r\u00fcckt immer h\u00e4ufiger auch die Familienstiftung ins Blickfeld.\",\"breadcrumb\":{\"@id\":\"https:\\\/\\\/stiftungsmarktplatz.eu\\\/blog\\\/auch-die-familienstiftung-braucht-leitplanken\\\/#breadcrumb\"},\"inLanguage\":\"de\",\"potentialAction\":[{\"@type\":\"ReadAction\",\"target\":[\"https:\\\/\\\/stiftungsmarktplatz.eu\\\/blog\\\/auch-die-familienstiftung-braucht-leitplanken\\\/\"]}]},{\"@type\":\"ImageObject\",\"inLanguage\":\"de\",\"@id\":\"https:\\\/\\\/stiftungsmarktplatz.eu\\\/blog\\\/auch-die-familienstiftung-braucht-leitplanken\\\/#primaryimage\",\"url\":\"https:\\\/\\\/stiftungsmarktplatz.eu\\\/blog\\\/wp-content\\\/uploads\\\/2022\\\/10\\\/teaser-podcast-folge121.jpg\",\"contentUrl\":\"https:\\\/\\\/stiftungsmarktplatz.eu\\\/blog\\\/wp-content\\\/uploads\\\/2022\\\/10\\\/teaser-podcast-folge121.jpg\",\"width\":1200,\"height\":675,\"caption\":\"Podcast Folge 121\"},{\"@type\":\"BreadcrumbList\",\"@id\":\"https:\\\/\\\/stiftungsmarktplatz.eu\\\/blog\\\/auch-die-familienstiftung-braucht-leitplanken\\\/#breadcrumb\",\"itemListElement\":[{\"@type\":\"ListItem\",\"position\":1,\"name\":\"Startseite\",\"item\":\"https:\\\/\\\/stiftungsmarktplatz.eu\\\/blog\\\/\"},{\"@type\":\"ListItem\",\"position\":2,\"name\":\"Auch die Familienstiftung braucht Leitplanken\"}]},{\"@type\":\"WebSite\",\"@id\":\"https:\\\/\\\/stiftungsmarktplatz.eu\\\/blog\\\/#website\",\"url\":\"https:\\\/\\\/stiftungsmarktplatz.eu\\\/blog\\\/\",\"name\":\"Der Stiftungsblog f\u00fcr die Stiftungspraxis\",\"description\":\"#stiftungenst\u00e4rken - NPO-Expertise von NPO-Experten\",\"publisher\":{\"@id\":\"https:\\\/\\\/stiftungsmarktplatz.eu\\\/blog\\\/#organization\"},\"potentialAction\":[{\"@type\":\"SearchAction\",\"target\":{\"@type\":\"EntryPoint\",\"urlTemplate\":\"https:\\\/\\\/stiftungsmarktplatz.eu\\\/blog\\\/?s={search_term_string}\"},\"query-input\":{\"@type\":\"PropertyValueSpecification\",\"valueRequired\":true,\"valueName\":\"search_term_string\"}}],\"inLanguage\":\"de\"},{\"@type\":\"Organization\",\"@id\":\"https:\\\/\\\/stiftungsmarktplatz.eu\\\/blog\\\/#organization\",\"name\":\"stiftungsmarktplatz.eu GbR\",\"url\":\"https:\\\/\\\/stiftungsmarktplatz.eu\\\/blog\\\/\",\"logo\":{\"@type\":\"ImageObject\",\"inLanguage\":\"de\",\"@id\":\"https:\\\/\\\/stiftungsmarktplatz.eu\\\/blog\\\/#\\\/schema\\\/logo\\\/image\\\/\",\"url\":\"https:\\\/\\\/stiftungsmarktplatz.eu\\\/blog\\\/wp-content\\\/uploads\\\/2020\\\/03\\\/Logo-blog-retina.png\",\"contentUrl\":\"https:\\\/\\\/stiftungsmarktplatz.eu\\\/blog\\\/wp-content\\\/uploads\\\/2020\\\/03\\\/Logo-blog-retina.png\",\"width\":140,\"height\":130,\"caption\":\"stiftungsmarktplatz.eu GbR\"},\"image\":{\"@id\":\"https:\\\/\\\/stiftungsmarktplatz.eu\\\/blog\\\/#\\\/schema\\\/logo\\\/image\\\/\"},\"sameAs\":[\"https:\\\/\\\/www.linkedin.com\\\/company\\\/18563519\\\/\",\"https:\\\/\\\/www.youtube.com\\\/channel\\\/UCQrF6RQRFGxTokVV4nbx25Q\"]},{\"@type\":\"Person\",\"@id\":\"https:\\\/\\\/stiftungsmarktplatz.eu\\\/blog\\\/#\\\/schema\\\/person\\\/3a42780bf87a2088578f1e8077ccfa44\",\"name\":\"Tobias Karow\",\"image\":{\"@type\":\"ImageObject\",\"inLanguage\":\"de\",\"@id\":\"https:\\\/\\\/stiftungsmarktplatz.eu\\\/blog\\\/wp-content\\\/uploads\\\/2024\\\/05\\\/tobias-karow-2024-150x150.png\",\"url\":\"https:\\\/\\\/stiftungsmarktplatz.eu\\\/blog\\\/wp-content\\\/uploads\\\/2024\\\/05\\\/tobias-karow-2024-150x150.png\",\"contentUrl\":\"https:\\\/\\\/stiftungsmarktplatz.eu\\\/blog\\\/wp-content\\\/uploads\\\/2024\\\/05\\\/tobias-karow-2024-150x150.png\",\"caption\":\"Tobias Karow\"},\"description\":\"ist Gr\u00fcnder und Gesch\u00e4ftsf\u00fchrer von stiftungsmarktplatz.eu und im Stiftungswesen in Deutschland, \u00d6sterreich, der Schweiz und Liechtenstein seit 10 Jahren aktiv. Er ist Herausgeber der FondsFibel f\u00fcr Stiftungen &amp; NPOs, dem f\u00fchrenden Nachschlagewerk f\u00fcr Stiftungsfonds und stiftungsgeeignete Fonds (www.fondsfibel.de), Vortr\u00e4ge h\u00e4lt er vor allem zum Thema \u201aStiftungen und ihr Weg in die digitale Welt\u2018. F\u00fcr beide Themen betreibt er den Blog #stiftungenst\u00e4rken.\",\"sameAs\":[\"https:\\\/\\\/www.fondsfibel.de\"],\"url\":\"https:\\\/\\\/stiftungsmarktplatz.eu\\\/blog\\\/author\\\/tobias-karow\\\/\"}]}<\/script>\n<!-- \/ Yoast SEO plugin. -->","yoast_head_json":{"title":"Auch die Familienstiftung braucht Leitplanken - Der Stiftungsblog f\u00fcr die Stiftungspraxis","description":"Macht sich ein Unternehmerehepaar Gedanken dar\u00fcber, wie das Familienverm\u00f6gen weitergegeben werden soll, r\u00fcckt immer h\u00e4ufiger auch die Familienstiftung ins Blickfeld.","robots":{"index":"index","follow":"follow","max-snippet":"max-snippet:-1","max-image-preview":"max-image-preview:large","max-video-preview":"max-video-preview:-1"},"canonical":"https:\/\/stiftungsmarktplatz.eu\/blog\/auch-die-familienstiftung-braucht-leitplanken\/","og_locale":"de_DE","og_type":"article","og_title":"Auch die Familienstiftung braucht Leitplanken - Der Stiftungsblog f\u00fcr die Stiftungspraxis","og_description":"Macht sich ein Unternehmerehepaar Gedanken dar\u00fcber, wie das Familienverm\u00f6gen weitergegeben werden soll, r\u00fcckt immer h\u00e4ufiger auch die Familienstiftung ins Blickfeld.","og_url":"https:\/\/stiftungsmarktplatz.eu\/blog\/auch-die-familienstiftung-braucht-leitplanken\/","og_site_name":"Der Stiftungsblog f\u00fcr die Stiftungspraxis","article_published_time":"2022-10-07T14:55:00+00:00","article_modified_time":"2022-10-11T15:05:54+00:00","og_image":[{"width":1200,"height":675,"url":"https:\/\/stiftungsmarktplatz.eu\/blog\/wp-content\/uploads\/2022\/10\/teaser-podcast-folge121.jpg","type":"image\/jpeg"}],"author":"Tobias Karow","twitter_card":"summary_large_image","twitter_misc":{"Verfasst von":"Tobias Karow","Gesch\u00e4tzte Lesezeit":"1\u00a0Minute"},"schema":{"@context":"https:\/\/schema.org","@graph":[{"@type":"Article","@id":"https:\/\/stiftungsmarktplatz.eu\/blog\/auch-die-familienstiftung-braucht-leitplanken\/#article","isPartOf":{"@id":"https:\/\/stiftungsmarktplatz.eu\/blog\/auch-die-familienstiftung-braucht-leitplanken\/"},"author":{"name":"Tobias Karow","@id":"https:\/\/stiftungsmarktplatz.eu\/blog\/#\/schema\/person\/3a42780bf87a2088578f1e8077ccfa44"},"headline":"Auch die Familienstiftung braucht Leitplanken","datePublished":"2022-10-07T14:55:00+00:00","dateModified":"2022-10-11T15:05:54+00:00","mainEntityOfPage":{"@id":"https:\/\/stiftungsmarktplatz.eu\/blog\/auch-die-familienstiftung-braucht-leitplanken\/"},"wordCount":86,"publisher":{"@id":"https:\/\/stiftungsmarktplatz.eu\/blog\/#organization"},"image":{"@id":"https:\/\/stiftungsmarktplatz.eu\/blog\/auch-die-familienstiftung-braucht-leitplanken\/#primaryimage"},"thumbnailUrl":"https:\/\/stiftungsmarktplatz.eu\/blog\/wp-content\/uploads\/2022\/10\/teaser-podcast-folge121.jpg","keywords":["Stiftungspraxis","FreitagsPodcast","Stiftungskommunikation","Familienstiftung"],"articleSection":["Tipps f\u00fcr die Stiftungspraxis"],"inLanguage":"de"},{"@type":"WebPage","@id":"https:\/\/stiftungsmarktplatz.eu\/blog\/auch-die-familienstiftung-braucht-leitplanken\/","url":"https:\/\/stiftungsmarktplatz.eu\/blog\/auch-die-familienstiftung-braucht-leitplanken\/","name":"Auch die Familienstiftung braucht Leitplanken - Der Stiftungsblog f\u00fcr die Stiftungspraxis","isPartOf":{"@id":"https:\/\/stiftungsmarktplatz.eu\/blog\/#website"},"primaryImageOfPage":{"@id":"https:\/\/stiftungsmarktplatz.eu\/blog\/auch-die-familienstiftung-braucht-leitplanken\/#primaryimage"},"image":{"@id":"https:\/\/stiftungsmarktplatz.eu\/blog\/auch-die-familienstiftung-braucht-leitplanken\/#primaryimage"},"thumbnailUrl":"https:\/\/stiftungsmarktplatz.eu\/blog\/wp-content\/uploads\/2022\/10\/teaser-podcast-folge121.jpg","datePublished":"2022-10-07T14:55:00+00:00","dateModified":"2022-10-11T15:05:54+00:00","description":"Macht sich ein Unternehmerehepaar Gedanken dar\u00fcber, wie das Familienverm\u00f6gen weitergegeben werden soll, r\u00fcckt immer h\u00e4ufiger auch die Familienstiftung ins Blickfeld.","breadcrumb":{"@id":"https:\/\/stiftungsmarktplatz.eu\/blog\/auch-die-familienstiftung-braucht-leitplanken\/#breadcrumb"},"inLanguage":"de","potentialAction":[{"@type":"ReadAction","target":["https:\/\/stiftungsmarktplatz.eu\/blog\/auch-die-familienstiftung-braucht-leitplanken\/"]}]},{"@type":"ImageObject","inLanguage":"de","@id":"https:\/\/stiftungsmarktplatz.eu\/blog\/auch-die-familienstiftung-braucht-leitplanken\/#primaryimage","url":"https:\/\/stiftungsmarktplatz.eu\/blog\/wp-content\/uploads\/2022\/10\/teaser-podcast-folge121.jpg","contentUrl":"https:\/\/stiftungsmarktplatz.eu\/blog\/wp-content\/uploads\/2022\/10\/teaser-podcast-folge121.jpg","width":1200,"height":675,"caption":"Podcast Folge 121"},{"@type":"BreadcrumbList","@id":"https:\/\/stiftungsmarktplatz.eu\/blog\/auch-die-familienstiftung-braucht-leitplanken\/#breadcrumb","itemListElement":[{"@type":"ListItem","position":1,"name":"Startseite","item":"https:\/\/stiftungsmarktplatz.eu\/blog\/"},{"@type":"ListItem","position":2,"name":"Auch die Familienstiftung braucht Leitplanken"}]},{"@type":"WebSite","@id":"https:\/\/stiftungsmarktplatz.eu\/blog\/#website","url":"https:\/\/stiftungsmarktplatz.eu\/blog\/","name":"Der Stiftungsblog f\u00fcr die Stiftungspraxis","description":"#stiftungenst\u00e4rken - NPO-Expertise von NPO-Experten","publisher":{"@id":"https:\/\/stiftungsmarktplatz.eu\/blog\/#organization"},"potentialAction":[{"@type":"SearchAction","target":{"@type":"EntryPoint","urlTemplate":"https:\/\/stiftungsmarktplatz.eu\/blog\/?s={search_term_string}"},"query-input":{"@type":"PropertyValueSpecification","valueRequired":true,"valueName":"search_term_string"}}],"inLanguage":"de"},{"@type":"Organization","@id":"https:\/\/stiftungsmarktplatz.eu\/blog\/#organization","name":"stiftungsmarktplatz.eu GbR","url":"https:\/\/stiftungsmarktplatz.eu\/blog\/","logo":{"@type":"ImageObject","inLanguage":"de","@id":"https:\/\/stiftungsmarktplatz.eu\/blog\/#\/schema\/logo\/image\/","url":"https:\/\/stiftungsmarktplatz.eu\/blog\/wp-content\/uploads\/2020\/03\/Logo-blog-retina.png","contentUrl":"https:\/\/stiftungsmarktplatz.eu\/blog\/wp-content\/uploads\/2020\/03\/Logo-blog-retina.png","width":140,"height":130,"caption":"stiftungsmarktplatz.eu GbR"},"image":{"@id":"https:\/\/stiftungsmarktplatz.eu\/blog\/#\/schema\/logo\/image\/"},"sameAs":["https:\/\/www.linkedin.com\/company\/18563519\/","https:\/\/www.youtube.com\/channel\/UCQrF6RQRFGxTokVV4nbx25Q"]},{"@type":"Person","@id":"https:\/\/stiftungsmarktplatz.eu\/blog\/#\/schema\/person\/3a42780bf87a2088578f1e8077ccfa44","name":"Tobias Karow","image":{"@type":"ImageObject","inLanguage":"de","@id":"https:\/\/stiftungsmarktplatz.eu\/blog\/wp-content\/uploads\/2024\/05\/tobias-karow-2024-150x150.png","url":"https:\/\/stiftungsmarktplatz.eu\/blog\/wp-content\/uploads\/2024\/05\/tobias-karow-2024-150x150.png","contentUrl":"https:\/\/stiftungsmarktplatz.eu\/blog\/wp-content\/uploads\/2024\/05\/tobias-karow-2024-150x150.png","caption":"Tobias Karow"},"description":"ist Gr\u00fcnder und Gesch\u00e4ftsf\u00fchrer von stiftungsmarktplatz.eu und im Stiftungswesen in Deutschland, \u00d6sterreich, der Schweiz und Liechtenstein seit 10 Jahren aktiv. Er ist Herausgeber der FondsFibel f\u00fcr Stiftungen &amp; NPOs, dem f\u00fchrenden Nachschlagewerk f\u00fcr Stiftungsfonds und stiftungsgeeignete Fonds (www.fondsfibel.de), Vortr\u00e4ge h\u00e4lt er vor allem zum Thema \u201aStiftungen und ihr Weg in die digitale Welt\u2018. F\u00fcr beide Themen betreibt er den Blog #stiftungenst\u00e4rken.","sameAs":["https:\/\/www.fondsfibel.de"],"url":"https:\/\/stiftungsmarktplatz.eu\/blog\/author\/tobias-karow\/"}]}},"post_mailing_queue_ids":[],"_links":{"self":[{"href":"https:\/\/stiftungsmarktplatz.eu\/blog\/wp-json\/wp\/v2\/posts\/4776","targetHints":{"allow":["GET"]}}],"collection":[{"href":"https:\/\/stiftungsmarktplatz.eu\/blog\/wp-json\/wp\/v2\/posts"}],"about":[{"href":"https:\/\/stiftungsmarktplatz.eu\/blog\/wp-json\/wp\/v2\/types\/post"}],"author":[{"embeddable":true,"href":"https:\/\/stiftungsmarktplatz.eu\/blog\/wp-json\/wp\/v2\/users\/8"}],"replies":[{"embeddable":true,"href":"https:\/\/stiftungsmarktplatz.eu\/blog\/wp-json\/wp\/v2\/comments?post=4776"}],"version-history":[{"count":5,"href":"https:\/\/stiftungsmarktplatz.eu\/blog\/wp-json\/wp\/v2\/posts\/4776\/revisions"}],"predecessor-version":[{"id":4782,"href":"https:\/\/stiftungsmarktplatz.eu\/blog\/wp-json\/wp\/v2\/posts\/4776\/revisions\/4782"}],"wp:featuredmedia":[{"embeddable":true,"href":"https:\/\/stiftungsmarktplatz.eu\/blog\/wp-json\/wp\/v2\/media\/4778"}],"wp:attachment":[{"href":"https:\/\/stiftungsmarktplatz.eu\/blog\/wp-json\/wp\/v2\/media?parent=4776"}],"wp:term":[{"taxonomy":"category","embeddable":true,"href":"https:\/\/stiftungsmarktplatz.eu\/blog\/wp-json\/wp\/v2\/categories?post=4776"},{"taxonomy":"post_tag","embeddable":true,"href":"https:\/\/stiftungsmarktplatz.eu\/blog\/wp-json\/wp\/v2\/tags?post=4776"}],"curies":[{"name":"wp","href":"https:\/\/api.w.org\/{rel}","templated":true}]}}