{"id":4698,"date":"2022-09-21T10:01:00","date_gmt":"2022-09-21T08:01:00","guid":{"rendered":"https:\/\/stiftungsmarktplatz.eu\/blog\/?p=4698"},"modified":"2023-01-25T11:40:44","modified_gmt":"2023-01-25T10:40:44","slug":"diversifikation-in-krisenzeiten","status":"publish","type":"post","link":"https:\/\/stiftungsmarktplatz.eu\/blog\/diversifikation-in-krisenzeiten\/","title":{"rendered":"Diversifikation in Krisenzeiten"},"content":{"rendered":"<span class=\"span-reading-time rt-reading-time\" style=\"display: block;\"><span class=\"rt-label rt-prefix\">Lesezeit: <\/span> <span class=\"rt-time\"> 5<\/span> <span class=\"rt-label rt-postfix\">Minuten<\/span><\/span>\n<p>Es ist September, und statistisch gesehen ist der neunte Monat des Jahres der statistisch schlechteste.<\/p>\n\n\n\n<p>In diesem Jahr kommt hinzu, dass seit sechs Monaten in Europa die Kanonen donnern, wir uns vermutlich am Beginn eines neuen Zinssteigerungszyklus befinden und irgendwie <strong>am Vorabend einer gef\u00fchlt noch gr\u00f6\u00dferen Krise<\/strong>.<\/p>\n\n\n\n<p>Vielleicht hilft bei der Einordnung der gute Andr\u00e9 Kostolany, der einmal in seiner unnachahmlichen Art wie folgt formulierte: <strong>\u201eDie B\u00f6rse reagiert gerade mal zu 10% auf Fakten. Alles andere ist Psychologie.\u201c<\/strong> Genau das passiert gerade auch.<\/p>\n\n\n\n<p>Keiner wei\u00df so richtig wie es l\u00e4uft, unsere Politiker zu allerletzt, und doch ist die Krise in Form der Rezession faktisch da, wird f\u00f6rmlich herbeigeredet.<\/p>\n\n\n\n<h2 class=\"wp-block-heading\">Stiftungsverm\u00f6gen wird zum Spielball<\/h2>\n\n\n\n<p>Allerorten wird gefragt, welche Jobs jetzt noch sicher sind, wie voll die deutschen Gasspeicher sind und wohin die Strompreise noch explodieren werden. In einer solchen Gemengelage f\u00e4llt mancher Stiftung ihr Mono-Assetklassen-Ansatz auf die F\u00fc\u00dfe.<\/p>\n\n\n\n<p>Ihr Stiftungsverm\u00f6gen wird zum Spielball eben jener psychologischen Momente, die die Kurse bestimmen. <strong>Habe ich nur Anleihen, bin ich extrem verletzlich, wenn die Zinsen steigen \u2013 wie derzeit.<\/strong><\/p>\n\n\n\n<p>Aus Stiftungssicht sind solche Phasen wie jetzt aber Phasen der Wahrheit, und damit entsprechend wertvoll. Schlagartig kommt die Frage, auf wie vielen Beinen das Stiftungsverm\u00f6gen stehen soll, was es mit dem Diversifikationsgebot auf sich hat, auf den Tisch.<\/p>\n\n\n\n<p><strong>Mit Petra Tr\u00e4g von der SOS Kinderdorf-Stiftung und Christian Fastenrath, Stiftungsexperte bei impact Asset Management sprachen wir genau dar\u00fcber<\/strong>, <strong><a href=\"https:\/\/fondsfibel.de\/\">in Folge 3 von #fondsfibel AKTUELL<\/a><\/strong>.<\/p>\n\n\n\n<figure class=\"wp-block-image size-large\"><a href=\"https:\/\/fondsfibel.de\/\" target=\"_blank\" rel=\"noreferrer noopener\"><img loading=\"lazy\" decoding=\"async\" width=\"1024\" height=\"576\" src=\"https:\/\/stiftungsmarktplatz.eu\/blog\/wp-content\/uploads\/2022\/09\/ff-aktuell1280x720-Folge3-1024x576.jpg\" alt=\"fondsfibel AKTUELL Folge 3\" class=\"wp-image-4699\" srcset=\"https:\/\/stiftungsmarktplatz.eu\/blog\/wp-content\/uploads\/2022\/09\/ff-aktuell1280x720-Folge3-1024x576.jpg 1024w, https:\/\/stiftungsmarktplatz.eu\/blog\/wp-content\/uploads\/2022\/09\/ff-aktuell1280x720-Folge3-300x169.jpg 300w, https:\/\/stiftungsmarktplatz.eu\/blog\/wp-content\/uploads\/2022\/09\/ff-aktuell1280x720-Folge3-768x432.jpg 768w, https:\/\/stiftungsmarktplatz.eu\/blog\/wp-content\/uploads\/2022\/09\/ff-aktuell1280x720-Folge3-696x392.jpg 696w, https:\/\/stiftungsmarktplatz.eu\/blog\/wp-content\/uploads\/2022\/09\/ff-aktuell1280x720-Folge3-1068x601.jpg 1068w, https:\/\/stiftungsmarktplatz.eu\/blog\/wp-content\/uploads\/2022\/09\/ff-aktuell1280x720-Folge3.jpg 1280w\" sizes=\"auto, (max-width: 1024px) 100vw, 1024px\" \/><\/a><\/figure>\n\n\n\n<h2 class=\"wp-block-heading\">#fondsfibel AKTUELL, Folge 3<\/h2>\n\n\n\n<p><strong>Wir lernen aus der Diskussion<\/strong> mit Petra Tr\u00e4g und Christian Fastenrath aus Stiftungssicht zweierlei:<\/p>\n\n\n\n<ol class=\"wp-block-list\">\n<li>Schaue zur\u00fcck, um ein Bild davon zu bekommen, wie alte und \u00e4ltere Stiftungen gut und gest\u00e4rkt durch vergangene Krisen gekommen sind.<\/li>\n\n\n\n<li>Schaue nach vorne, um ein Bild davon zu bekommen, wie die eigene Stiftung sich aufstellen muss, um gut und gest\u00e4rkt durch das vor ihr liegende Fahrwasser kommt.<\/li>\n<\/ol>\n\n\n\n<p><strong>Es l\u00e4sst sich zusammenfassen:<\/strong> Stiftungsverm\u00f6gen geh\u00f6rt diversifiziert.<\/p>\n\n\n\n<p>Wir sprachen vor knapp einem Jahr mit dem Stiftungsexperten von DJE Kapital, Olaf Brandenburg, just zur Frage, <strong><a href=\"https:\/\/stiftungsmarktplatz.eu\/blog\/stiftungsvermoegen-gehoert-diversifiziert\/\">warum das Diversifikationsgebot f\u00fcr Stiftungen die erste, oberste und dickste rote Linie ist<\/a><\/strong>, an der sie sich in der Anlage ihres Stiftungsverm\u00f6gens entlang hangeln sollten.<\/p>\n\n\n\n<p>Wir w\u00fcrden uns demgem\u00e4\u00df freuen, w\u00fcrde <a href=\"https:\/\/www.stiftungstag.org\/veranstaltungsuebersicht\/28.09.22\" target=\"_blank\" rel=\"noreferrer noopener\"><strong>auf dem Deutschen Stiftungstag<\/strong><\/a> jene Diversifikation auch intensiv von den Stiftungsverantwortlichen diskutiert werden. Gerade weil <strong>das Oberthema des Stiftungstags in Leipzig Nachhaltigkeit ist<\/strong>, und diese zum Handwerkszeug von Stiftungen geh\u00f6rt oder geh\u00f6ren wird, ist der Link zur Diversifikation umso wichtiger.<\/p>\n\n\n\n<p>So k\u00f6nnen mich ruhig f\u00fcr diesen Satz lynchen: <strong>Ohne Diversifikation sind ESG &amp; Co. im Stiftungsverm\u00f6gen nichts wert. <\/strong>Und Diversifikation ist m\u00fchsam, ja, aber sie auch notwendig.<\/p>\n\n\n\n<figure class=\"wp-block-image size-full\"><a href=\"https:\/\/fondsfibel.de\/\" target=\"_blank\" rel=\"noreferrer noopener\"><img loading=\"lazy\" decoding=\"async\" width=\"700\" height=\"770\" src=\"https:\/\/stiftungsmarktplatz.eu\/blog\/wp-content\/uploads\/2022\/08\/ff-usp.png\" alt=\"\" class=\"wp-image-4564\" srcset=\"https:\/\/stiftungsmarktplatz.eu\/blog\/wp-content\/uploads\/2022\/08\/ff-usp.png 700w, https:\/\/stiftungsmarktplatz.eu\/blog\/wp-content\/uploads\/2022\/08\/ff-usp-273x300.png 273w, https:\/\/stiftungsmarktplatz.eu\/blog\/wp-content\/uploads\/2022\/08\/ff-usp-696x766.png 696w\" sizes=\"auto, (max-width: 700px) 100vw, 700px\" \/><\/a><\/figure>\n\n\n\n<h2 class=\"wp-block-heading\">#fondsfibel-Telegramm \u201eClub der 25\u201c:<\/h2>\n\n\n\n<ul class=\"wp-block-list\">\n<li><a href=\"https:\/\/fondsfibel.de\/aegon-global-diversified-income-fund\/\" target=\"_blank\" rel=\"noreferrer noopener\"><strong>Aegon Global Diversified Income<br><\/strong>75 Aussch\u00fcttungen in Folge sind ein echtes Brett<\/a><\/li>\n\n\n\n<li><strong><a href=\"https:\/\/fondsfibel.de\/axa-world-funds-global-strategic-bond\/\" target=\"_blank\" rel=\"noreferrer noopener\">AXA Global Strategic Bond<br><\/a><\/strong><a href=\"https:\/\/fondsfibel.de\/axa-world-funds-global-strategic-bond\/\" target=\"_blank\" rel=\"noreferrer noopener\">Der Juli 2022 war der st\u00e4rkste Anleihemonat seit Langem<\/a><\/li>\n\n\n\n<li><strong><a href=\"https:\/\/fondsfibel.de\/bkc-treuhand-portfolio-s\/\" target=\"_blank\" rel=\"noreferrer noopener\">BKC Treuhand Portfolio<br><\/a><\/strong><a href=\"https:\/\/fondsfibel.de\/bkc-treuhand-portfolio-s\/\" target=\"_blank\" rel=\"noreferrer noopener\">H\u00e4lt Kurs im schwierigen (B\u00f6rsen)Fahrwasser<\/a><\/li>\n\n\n\n<li><strong><a href=\"https:\/\/fondsfibel.de\/comgest-growth-europe\/\" target=\"_blank\" rel=\"noreferrer noopener\">Comgest Growth Europe<br><\/a><\/strong><a href=\"https:\/\/fondsfibel.de\/comgest-growth-europe\/\" target=\"_blank\" rel=\"noreferrer noopener\">Langfristiges Bild ungetr\u00fcbt (plus Roadshow-Hinweis)<\/a><\/li>\n\n\n\n<li><strong><a href=\"https:\/\/fondsfibel.de\/commerzbank-stiftungsfonds-a\/\" target=\"_blank\" rel=\"noreferrer noopener\">Commerzbank Stiftungsfonds Stabilit\u00e4t A<br><\/a><\/strong><a href=\"https:\/\/fondsfibel.de\/commerzbank-stiftungsfonds-a\/\" target=\"_blank\" rel=\"noreferrer noopener\">Der Name des Stiftungsfonds ist hier Programm<\/a><\/li>\n\n\n\n<li><strong><a href=\"https:\/\/fondsfibel.de\/dual-return-vision-microfinance\/\" target=\"_blank\" rel=\"noreferrer noopener\">Dual Return Vision Microfinance<br><\/a><\/strong><a href=\"https:\/\/fondsfibel.de\/dual-return-vision-microfinance\/\" target=\"_blank\" rel=\"noreferrer noopener\">Nicht-Korrelation als Vorteil im aktuellen Umfeld<\/a><\/li>\n\n\n\n<li><strong><a href=\"https:\/\/fondsfibel.de\/fvm-stiftungsfonds-s\/\" target=\"_blank\" rel=\"noreferrer noopener\">FVM Stiftungsfonds S<br><\/a><\/strong><a href=\"https:\/\/fondsfibel.de\/fvm-stiftungsfonds-s\/\" target=\"_blank\" rel=\"noreferrer noopener\">Ausbalanciertes Fondskonzept spielt jetzt seine St\u00e4rken aus<\/a><\/li>\n\n\n\n<li><strong><a href=\"https:\/\/fondsfibel.de\/gls-aktienfonds\/\" target=\"_blank\" rel=\"noreferrer noopener\">GLS Aktienfonds<br><\/a><\/strong><a href=\"https:\/\/fondsfibel.de\/gls-aktienfonds\/\" target=\"_blank\" rel=\"noreferrer noopener\">Kompromisslose Aktienauswahl funktioniert, zulegendes Fondsvolumen als Zeichen des Vertrauens<\/a><\/li>\n\n\n\n<li><strong><a href=\"https:\/\/fondsfibel.de\/hamburger-stiftungsfonds\/\" target=\"_blank\" rel=\"noreferrer noopener\">Hamburger Stiftungsfonds<br><\/a><\/strong><a href=\"https:\/\/fondsfibel.de\/hamburger-stiftungsfonds\/\" target=\"_blank\" rel=\"noreferrer noopener\">Defensives Konzept d\u00e4mpft den Drawdown, Fondsmanagement l\u00e4sst Vorsicht walten<\/a><\/li>\n\n\n\n<li><strong><a href=\"https:\/\/fondsfibel.de\/kcd-catella-nachhaltigkeit-immobilien-deutschland\/\" target=\"_blank\" rel=\"noreferrer noopener\">KCD Catella Nachhaltig Immobilien Deutschland<br><\/a><\/strong><a href=\"https:\/\/fondsfibel.de\/kcd-catella-nachhaltigkeit-immobilien-deutschland\/\" target=\"_blank\" rel=\"noreferrer noopener\">Positive Entwicklung fortgesetzt, zwei Immobilien akquiriert<\/a><\/li>\n\n\n\n<li><strong><a href=\"https:\/\/fondsfibel.de\/mundg-sustainable-allocation-fund\/\" target=\"_blank\" rel=\"noreferrer noopener\">M&amp;G Sustainable Allocation<br><\/a><\/strong><a href=\"https:\/\/fondsfibel.de\/mundg-sustainable-allocation-fund\/\" target=\"_blank\" rel=\"noreferrer noopener\">Bereits drei Aussch\u00fcttungen ausgezahlt, Aussch\u00fcttungsrendite bei knapp 3% p.a.<\/a><\/li>\n<\/ul>\n\n\n\n<h2 class=\"wp-block-heading\">Veranstaltungs-Hinweise:<\/h2>\n\n\n\n<p><strong>Heute\/Mittwoch, 21.9.2022 (11 Uhr) \u2013 ein Online-Webinar von Universal Investment<\/strong><\/p>\n\n\n\n<p><strong>UI-ChampionsCall mit Cape Capital zur Situation an den globalen Rentenm\u00e4rkten<\/strong><\/p>\n\n\n\n<p>Heute Vormittag steht ab 11 Uhr ein weiterer UI-ChampionsCall auf der Agenda, zu dem sich auch Stiftungsverantwortliche kostenfrei anmelden k\u00f6nnen.<\/p>\n\n\n\n<p><strong><a href=\"https:\/\/www.anmelden.org\/championscall-cape-capital\/?id=stiftungsmarktplatz\" target=\"_blank\" rel=\"noreferrer noopener\">Als Referent ist Michael Lienhard, den wir auch bereits beim UI-Fr\u00fchst\u00fccksseminar kennenlernen durften<\/a><\/strong> vom Schweizer Verm\u00f6gensverwalter Cape Capital mit an Bord.<\/p>\n\n\n\n<p>Er wird \u00fcber Wachstums- und Inflationssorgen als aktuelle und k\u00fcnftige Marktparameter sprechen \u2013 und dar\u00fcber, dass es mittlerweile erste Hoffnungsschimmer f\u00fcr Rentenanleger gibt.<\/p>\n\n\n\n<p>Ein UI-ChampionsCall also auf der H\u00f6he der Zeit.<\/p>\n\n\n\n<p>Unsere drei Lehren aus dem UI-ChampionsCall mit dem finnischen Verm\u00f6gensverwalter Aktia finden Sie im \u00dcbrigen auf unserem <a href=\"https:\/\/stiftungsmarktplatz.eu\/blog\/unternehmensanleihe-meets-artikel-9\/\"><strong>Blog #stiftungenst\u00e4rken<\/strong><\/a>.<\/p>\n\n\n\n<p><strong>Unsere Einsch\u00e4tzung<\/strong>: Stiftungen m\u00fcssen den Rentenmarkt im Auge haben, von daher empfiehlt sich das Webinar f\u00fcr alle Finanzverantwortlichen in Stiftungen.<\/p>\n\n\n\n<figure class=\"wp-block-image size-large\"><a href=\"https:\/\/www.anmelden.org\/championscall-cape-capital\/?id=stiftungsmarktplatz\" target=\"_blank\" rel=\"noreferrer noopener\"><img loading=\"lazy\" decoding=\"async\" width=\"1024\" height=\"134\" src=\"https:\/\/stiftungsmarktplatz.eu\/blog\/wp-content\/uploads\/2022\/09\/championscall-cape-capital2-1024x134.jpg\" alt=\"\" class=\"wp-image-4665\" srcset=\"https:\/\/stiftungsmarktplatz.eu\/blog\/wp-content\/uploads\/2022\/09\/championscall-cape-capital2-1024x134.jpg 1024w, https:\/\/stiftungsmarktplatz.eu\/blog\/wp-content\/uploads\/2022\/09\/championscall-cape-capital2-300x39.jpg 300w, https:\/\/stiftungsmarktplatz.eu\/blog\/wp-content\/uploads\/2022\/09\/championscall-cape-capital2-768x100.jpg 768w, https:\/\/stiftungsmarktplatz.eu\/blog\/wp-content\/uploads\/2022\/09\/championscall-cape-capital2-696x91.jpg 696w, https:\/\/stiftungsmarktplatz.eu\/blog\/wp-content\/uploads\/2022\/09\/championscall-cape-capital2-1068x140.jpg 1068w, https:\/\/stiftungsmarktplatz.eu\/blog\/wp-content\/uploads\/2022\/09\/championscall-cape-capital2.jpg 1200w\" sizes=\"auto, (max-width: 1024px) 100vw, 1024px\" \/><\/a><\/figure>\n\n\n\n<h2 class=\"wp-block-heading\">#fondsfibel-Telegramm \u201edie Neuen\u201c:<\/h2>\n\n\n\n<ul class=\"wp-block-list\">\n<li><strong><a href=\"https:\/\/fondsfibel.de\/candriam-sustainable-equity-emerging-markets\/\" target=\"_blank\" rel=\"noreferrer noopener\">CANDRIAM Sustainable Equity Emerging Markets<\/a><\/strong><a href=\"https:\/\/fondsfibel.de\/candriam-sustainable-equity-emerging-markets\/\" target=\"_blank\" rel=\"noreferrer noopener\"><br>Asien im Fokus, auf Dreijahressicht deutlich im Plus<\/a><\/li>\n\n\n\n<li><a href=\"https:\/\/fondsfibel.de\/faros-listed-real-assets\/\" target=\"_blank\" rel=\"noreferrer noopener\"><strong>FAROS Listed Real Assets<\/strong><br>Erneuerbare Energien jetzt im Portfolio mit \u00dcbergewicht<\/a><\/li>\n\n\n\n<li><a href=\"https:\/\/fondsfibel.de\/fu-fonds-bonds-monthly-income\/\" target=\"_blank\" rel=\"noreferrer noopener\"><strong>FU Bonds Monthly Income<\/strong><br>Ein Rentenfonds als Aussch\u00fcttungsbank<\/a><\/li>\n\n\n\n<li><strong><a href=\"https:\/\/fondsfibel.de\/hac-marathon-stiftungsfonds\/\" target=\"_blank\" rel=\"noreferrer noopener\">HAC Quant Stiftungsfonds flexibel global<br><\/a><\/strong><a href=\"https:\/\/fondsfibel.de\/hac-marathon-stiftungsfonds\/\" target=\"_blank\" rel=\"noreferrer noopener\">Neuer Name, bew\u00e4hrtes\/robustes Konzept<\/a><\/li>\n\n\n\n<li><strong><a href=\"https:\/\/fondsfibel.de\/squad-aguja-opportunities\/\" target=\"_blank\" rel=\"noreferrer noopener\">SQUAD Aguja Opportunities<\/a><\/strong><a href=\"https:\/\/fondsfibel.de\/squad-aguja-opportunities\/\"><br>attraktive Investments voraus, neue Positionen aufgestockt<\/a><\/li>\n\n\n\n<li><strong><a href=\"https:\/\/fondsfibel.de\/stiftungsfonds-esg-global-ak-s\" target=\"_blank\" rel=\"noreferrer noopener\">Stiftungsfonds ESG Global AKS<\/a><\/strong><a href=\"https:\/\/fondsfibel.de\/stiftungsfonds-esg-global-ak-s\"><br>Aktienquote noch nicht ausgesch\u00f6pft, Cashreserve er\u00f6ffnet Spielr\u00e4ume<\/a><\/li>\n\n\n\n<li><strong><a href=\"https:\/\/fondsfibel.de\/wi-global-challenges-index-fonds\/\" target=\"_blank\" rel=\"noreferrer noopener\">NEU dabei: WI Global Challenges Index Fonds<\/a><\/strong><a href=\"https:\/\/fondsfibel.de\/wi-global-challenges-index-fonds\/\"><br>Eine besondere Auswahl nachhaltiger Aktien<\/a><\/li>\n<\/ul>\n\n\n\n<figure class=\"wp-block-image size-large\"><a href=\"https:\/\/privatemarkets.faros-consulting.de\/?mtm_campaign=Banner%20stiftungsmarkplatz%20NL%2008_2022\" target=\"_blank\" rel=\"noreferrer noopener\"><img loading=\"lazy\" decoding=\"async\" width=\"1024\" height=\"118\" src=\"https:\/\/stiftungsmarktplatz.eu\/blog\/wp-content\/uploads\/2022\/08\/Faros_Banner_PrivateMarkets_695x80px-1024x118.jpg\" alt=\"Faros Banner PrivateMarkets\" class=\"wp-image-4567\" srcset=\"https:\/\/stiftungsmarktplatz.eu\/blog\/wp-content\/uploads\/2022\/08\/Faros_Banner_PrivateMarkets_695x80px-1024x118.jpg 1024w, https:\/\/stiftungsmarktplatz.eu\/blog\/wp-content\/uploads\/2022\/08\/Faros_Banner_PrivateMarkets_695x80px-300x34.jpg 300w, https:\/\/stiftungsmarktplatz.eu\/blog\/wp-content\/uploads\/2022\/08\/Faros_Banner_PrivateMarkets_695x80px-768x88.jpg 768w, https:\/\/stiftungsmarktplatz.eu\/blog\/wp-content\/uploads\/2022\/08\/Faros_Banner_PrivateMarkets_695x80px-1536x177.jpg 1536w, https:\/\/stiftungsmarktplatz.eu\/blog\/wp-content\/uploads\/2022\/08\/Faros_Banner_PrivateMarkets_695x80px-2048x235.jpg 2048w, https:\/\/stiftungsmarktplatz.eu\/blog\/wp-content\/uploads\/2022\/08\/Faros_Banner_PrivateMarkets_695x80px-696x80.jpg 696w, https:\/\/stiftungsmarktplatz.eu\/blog\/wp-content\/uploads\/2022\/08\/Faros_Banner_PrivateMarkets_695x80px-1068x123.jpg 1068w, https:\/\/stiftungsmarktplatz.eu\/blog\/wp-content\/uploads\/2022\/08\/Faros_Banner_PrivateMarkets_695x80px-1920x221.jpg 1920w\" sizes=\"auto, (max-width: 1024px) 100vw, 1024px\" \/><\/a><\/figure>\n\n\n\n<h2 class=\"wp-block-heading\">ESG off s\u00e4cks\u2019sch \u2013 wir auf dem Deutschen Stiftungstag<\/h2>\n\n\n\n<p><strong>Am 29.9.2022 sehen wir uns auf dem Deutschen Stiftungstag in Leipzig \u2013 in Saal 2 ab 9:30 Uhr.<\/strong><\/p>\n\n\n\n<p><a href=\"https:\/\/www.stiftungstag.org\/veranstaltungsuebersicht\/29.09.22\" target=\"_blank\" rel=\"noreferrer noopener\"><strong>Gemeinsam mit den beiden Kapitalmarktprofis Dr. Dirk Rogowski und Daniel Hupfer von Warburg Invest gehen wir der Frage auf den Grund<\/strong><\/a>, wie Stiftungen es hinbekommen, ihr Stiftungsverm\u00f6gen St\u00fcck f\u00fcr St\u00fcck nachhaltiger zu machen und an die Zielstellungen etwa des Pariser Abkommens anzupassen.<\/p>\n\n\n\n<p>Ich nehme es vorweg: Wir haben keine Glaskugel dabei, wie es sicher gehen wird, aber wir haben Ideen und Anregungen dabei, wie dies gelingen kann.<\/p>\n\n\n\n<p>Wenn Sie Fragen haben, die ich den beiden Protagonisten stellen soll, dann schreiben Sie mir: <a href=\"mailto:t.karow@stiftungsmarktplatz.eu\"><strong>t.karow@stiftungsmarktplatz.eu<\/strong><\/a>.<\/p>\n\n\n\n<p>Ich freue mich, wenn wir uns in Leipzig sehen, ein Hinweis sei mir noch gestattet: Die Diskussion wird auf s\u00e4chsisch moderiert, ohne Simultan\u00fcbersetzung. Insofern G\u00e4nsefleisch ma vorbeigommn, mir fr\u00e4u\u2019n uns.<\/p>\n\n\n\n<figure class=\"wp-block-image size-large\"><a href=\"https:\/\/www.stiftungstag.org\/veranstaltungsuebersicht\/29.09.22\" target=\"_blank\" rel=\"noreferrer noopener\"><img loading=\"lazy\" decoding=\"async\" width=\"1024\" height=\"576\" src=\"https:\/\/stiftungsmarktplatz.eu\/blog\/wp-content\/uploads\/2022\/09\/Teaser-DST22-Diskussion-29092022-Daniel-Hupfer-1024x576.jpg\" alt=\"DST22 Daniel Hupfer\" class=\"wp-image-4709\" srcset=\"https:\/\/stiftungsmarktplatz.eu\/blog\/wp-content\/uploads\/2022\/09\/Teaser-DST22-Diskussion-29092022-Daniel-Hupfer-1024x576.jpg 1024w, https:\/\/stiftungsmarktplatz.eu\/blog\/wp-content\/uploads\/2022\/09\/Teaser-DST22-Diskussion-29092022-Daniel-Hupfer-300x169.jpg 300w, https:\/\/stiftungsmarktplatz.eu\/blog\/wp-content\/uploads\/2022\/09\/Teaser-DST22-Diskussion-29092022-Daniel-Hupfer-768x432.jpg 768w, https:\/\/stiftungsmarktplatz.eu\/blog\/wp-content\/uploads\/2022\/09\/Teaser-DST22-Diskussion-29092022-Daniel-Hupfer-696x392.jpg 696w, https:\/\/stiftungsmarktplatz.eu\/blog\/wp-content\/uploads\/2022\/09\/Teaser-DST22-Diskussion-29092022-Daniel-Hupfer-1068x601.jpg 1068w, https:\/\/stiftungsmarktplatz.eu\/blog\/wp-content\/uploads\/2022\/09\/Teaser-DST22-Diskussion-29092022-Daniel-Hupfer.jpg 1200w\" sizes=\"auto, (max-width: 1024px) 100vw, 1024px\" \/><\/a><\/figure>\n\n\n\n<p>Und noch eine Terminank\u00fcndigung haben wir f\u00fcr Sie: <strong>Am 18.10.2022 findet das Platow EuroFinance Stiftungsforum im sch\u00f6nen Stadthaus in Frankfurt am Main statt<\/strong>.<\/p>\n\n\n\n<p><a href=\"https:\/\/www.platow.de\/veranstaltungen\/platow-euro-finance-stiftungsforum\/\" target=\"_blank\" rel=\"noreferrer noopener\"><strong>Wir sind als Plattformpartner mit an Bord, alle Infos und zur Anmeldung finden Sie hier.<\/strong><\/a><\/p>\n\n\n\n<figure class=\"wp-block-image size-full\"><a href=\"https:\/\/www.platow.de\/veranstaltungen\/platow-euro-finance-stiftungsforum\/\" target=\"_blank\" rel=\"noreferrer noopener\"><img loading=\"lazy\" decoding=\"async\" width=\"695\" height=\"80\" src=\"https:\/\/stiftungsmarktplatz.eu\/blog\/wp-content\/uploads\/2022\/09\/PEF-StiftungsForum2022_Banner.png\" alt=\"PEF StiftungsForum 2022\" class=\"wp-image-4645\" srcset=\"https:\/\/stiftungsmarktplatz.eu\/blog\/wp-content\/uploads\/2022\/09\/PEF-StiftungsForum2022_Banner.png 695w, https:\/\/stiftungsmarktplatz.eu\/blog\/wp-content\/uploads\/2022\/09\/PEF-StiftungsForum2022_Banner-300x35.png 300w\" sizes=\"auto, (max-width: 695px) 100vw, 695px\" \/><\/a><\/figure>\n\n\n\n<h2 class=\"wp-block-heading\">Das finale Apercu<\/h2>\n\n\n\n<p>Neulich traf ich mich mit der Stiftungsexpertin eines gro\u00dfen Beratungshauses und sprach mit ihr \u00fcber den deutschen Sonderweg in der Veranlagung von Stiftungsverm\u00f6gen.<\/p>\n\n\n\n<p>Sie sprach aus, was ich mir schon oft dachte: Keiner macht es so wie die Deutschen. <strong>Stiftungen in Gro\u00dfbritannien, Schweden, den USA, alle diversifizieren breit, haben die Anleihe als Kerninvestment abgel\u00f6st<\/strong>, alle wissen um den Wert einer Asset Allocation, die auf Aktien, Anleihen UND Alternativen wie etwa <strong><u><a href=\"https:\/\/stiftungsmarktplatz.eu\/blog\/20prozent-immobilienquote-gehen\" target=\"_blank\" rel=\"noreferrer noopener\">Immobilien<\/a><\/u>, <u><a href=\"https:\/\/fondsfibel.de\/aquila-capital-infrastructure-fund\/\" target=\"_blank\" rel=\"noreferrer noopener\">Infrastruktur<\/a><\/u><\/strong>, Privat Debt oder Mikrofinanz setzt.<\/p>\n\n\n\n<p>Auch haben Stiftungen allerorten verstanden, dass Delegation in Zeiten wie diesen das Gebot der Stunde ist und setzen ihre stiftungsindividuellen damit einhergehend mit Fonds um.<\/p>\n\n\n\n<p>Selber machen, wie die Deutschen mit ihrem Baumarkttrieb?<br>Das ist vorbei, das ist yesterday, das ist nicht stiftungs-like.<\/p>\n\n\n\n<p>Daf\u00fcr, dass wir uns vorher nicht kannten, hatten wir binnen 60 Minuten ganz sch\u00f6n viel Schnittmenge beieinander \u2013 was mich zu einer Vermutung veranlasst: <strong>Diversifikation in ihrem Lauf h\u00e4lt weder Ochs noch Esel auf.<\/strong><\/p>\n\n\n\n<p>Bis neulich in Leipzig, ich freue mich drauf.<\/p>\n\n\n","protected":false},"excerpt":{"rendered":"<p><span class=\"span-reading-time rt-reading-time\" style=\"display: block;\"><span class=\"rt-label rt-prefix\">Lesezeit: <\/span> <span class=\"rt-time\"> 5<\/span> <span class=\"rt-label rt-postfix\">Minuten<\/span><\/span>Es ist September, und statistisch gesehen ist der neunte Monat des Jahres der statistisch schlechteste. In diesem Jahr kommt hinzu, dass seit sechs Monaten in Europa die Kanonen donnern, wir uns vermutlich am Beginn eines neuen Zinssteigerungszyklus befinden und irgendwie am Vorabend einer gef\u00fchlt noch gr\u00f6\u00dferen Krise.<\/p>\n","protected":false},"author":8,"featured_media":4700,"comment_status":"closed","ping_status":"open","sticky":false,"template":"","format":"standard","meta":{"ngg_post_thumbnail":0,"footnotes":""},"categories":[395],"tags":[],"class_list":{"0":"post-4698","1":"post","2":"type-post","3":"status-publish","4":"format-standard","5":"has-post-thumbnail","7":"category-der-skipper-newsletter-archiv"},"yoast_head":"<!-- This site is optimized with the Yoast SEO plugin v27.4 - https:\/\/yoast.com\/product\/yoast-seo-wordpress\/ -->\n<title>Diversifikation in Krisenzeiten - Der Stiftungsblog f\u00fcr die Stiftungspraxis<\/title>\n<meta name=\"description\" content=\"Es ist September, und statistisch gesehen ist der neunte Monat des Jahres der statistisch schlechteste. In diesem Jahr kommt hinzu, dass seit sechs Monaten in Europa die Kanonen donnern, wir uns vermutlich am Beginn eines neuen Zinssteigerungszyklus befinden und irgendwie am Vorabend einer gef\u00fchlt noch gr\u00f6\u00dferen Krise.\" \/>\n<meta name=\"robots\" content=\"index, follow, max-snippet:-1, max-image-preview:large, max-video-preview:-1\" \/>\n<link rel=\"canonical\" href=\"https:\/\/stiftungsmarktplatz.eu\/blog\/diversifikation-in-krisenzeiten\/\" \/>\n<meta property=\"og:locale\" content=\"de_DE\" \/>\n<meta property=\"og:type\" content=\"article\" \/>\n<meta property=\"og:title\" content=\"Diversifikation in Krisenzeiten - Der Stiftungsblog f\u00fcr die Stiftungspraxis\" \/>\n<meta property=\"og:description\" content=\"Es ist September, und statistisch gesehen ist der neunte Monat des Jahres der statistisch schlechteste. In diesem Jahr kommt hinzu, dass seit sechs Monaten in Europa die Kanonen donnern, wir uns vermutlich am Beginn eines neuen Zinssteigerungszyklus befinden und irgendwie am Vorabend einer gef\u00fchlt noch gr\u00f6\u00dferen Krise.\" \/>\n<meta property=\"og:url\" content=\"https:\/\/stiftungsmarktplatz.eu\/blog\/diversifikation-in-krisenzeiten\/\" \/>\n<meta property=\"og:site_name\" content=\"Der Stiftungsblog f\u00fcr die Stiftungspraxis\" \/>\n<meta property=\"article:published_time\" content=\"2022-09-21T08:01:00+00:00\" \/>\n<meta property=\"article:modified_time\" content=\"2023-01-25T10:40:44+00:00\" \/>\n<meta property=\"og:image\" content=\"https:\/\/stiftungsmarktplatz.eu\/blog\/wp-content\/uploads\/2022\/09\/newsletter-fondsfibel-092022.jpg\" \/>\n\t<meta property=\"og:image:width\" content=\"1200\" \/>\n\t<meta property=\"og:image:height\" content=\"675\" \/>\n\t<meta property=\"og:image:type\" content=\"image\/jpeg\" \/>\n<meta name=\"author\" content=\"Tobias Karow\" \/>\n<meta name=\"twitter:card\" content=\"summary_large_image\" \/>\n<meta name=\"twitter:label1\" content=\"Verfasst von\" \/>\n\t<meta name=\"twitter:data1\" content=\"Tobias Karow\" \/>\n\t<meta name=\"twitter:label2\" content=\"Gesch\u00e4tzte Lesezeit\" \/>\n\t<meta name=\"twitter:data2\" content=\"8\u00a0Minuten\" \/>\n<script type=\"application\/ld+json\" class=\"yoast-schema-graph\">{\"@context\":\"https:\\\/\\\/schema.org\",\"@graph\":[{\"@type\":\"Article\",\"@id\":\"https:\\\/\\\/stiftungsmarktplatz.eu\\\/blog\\\/diversifikation-in-krisenzeiten\\\/#article\",\"isPartOf\":{\"@id\":\"https:\\\/\\\/stiftungsmarktplatz.eu\\\/blog\\\/diversifikation-in-krisenzeiten\\\/\"},\"author\":{\"name\":\"Tobias Karow\",\"@id\":\"https:\\\/\\\/stiftungsmarktplatz.eu\\\/blog\\\/#\\\/schema\\\/person\\\/3a42780bf87a2088578f1e8077ccfa44\"},\"headline\":\"Diversifikation in Krisenzeiten\",\"datePublished\":\"2022-09-21T08:01:00+00:00\",\"dateModified\":\"2023-01-25T10:40:44+00:00\",\"mainEntityOfPage\":{\"@id\":\"https:\\\/\\\/stiftungsmarktplatz.eu\\\/blog\\\/diversifikation-in-krisenzeiten\\\/\"},\"wordCount\":1168,\"publisher\":{\"@id\":\"https:\\\/\\\/stiftungsmarktplatz.eu\\\/blog\\\/#organization\"},\"image\":{\"@id\":\"https:\\\/\\\/stiftungsmarktplatz.eu\\\/blog\\\/diversifikation-in-krisenzeiten\\\/#primaryimage\"},\"thumbnailUrl\":\"https:\\\/\\\/stiftungsmarktplatz.eu\\\/blog\\\/wp-content\\\/uploads\\\/2022\\\/09\\\/newsletter-fondsfibel-092022.jpg\",\"articleSection\":[\"Des Skippers Heimathafen - das Archiv\"],\"inLanguage\":\"de\"},{\"@type\":\"WebPage\",\"@id\":\"https:\\\/\\\/stiftungsmarktplatz.eu\\\/blog\\\/diversifikation-in-krisenzeiten\\\/\",\"url\":\"https:\\\/\\\/stiftungsmarktplatz.eu\\\/blog\\\/diversifikation-in-krisenzeiten\\\/\",\"name\":\"Diversifikation in Krisenzeiten - Der Stiftungsblog f\u00fcr die Stiftungspraxis\",\"isPartOf\":{\"@id\":\"https:\\\/\\\/stiftungsmarktplatz.eu\\\/blog\\\/#website\"},\"primaryImageOfPage\":{\"@id\":\"https:\\\/\\\/stiftungsmarktplatz.eu\\\/blog\\\/diversifikation-in-krisenzeiten\\\/#primaryimage\"},\"image\":{\"@id\":\"https:\\\/\\\/stiftungsmarktplatz.eu\\\/blog\\\/diversifikation-in-krisenzeiten\\\/#primaryimage\"},\"thumbnailUrl\":\"https:\\\/\\\/stiftungsmarktplatz.eu\\\/blog\\\/wp-content\\\/uploads\\\/2022\\\/09\\\/newsletter-fondsfibel-092022.jpg\",\"datePublished\":\"2022-09-21T08:01:00+00:00\",\"dateModified\":\"2023-01-25T10:40:44+00:00\",\"description\":\"Es ist September, und statistisch gesehen ist der neunte Monat des Jahres der statistisch schlechteste. In diesem Jahr kommt hinzu, dass seit sechs Monaten in Europa die Kanonen donnern, wir uns vermutlich am Beginn eines neuen Zinssteigerungszyklus befinden und irgendwie am Vorabend einer gef\u00fchlt noch gr\u00f6\u00dferen Krise.\",\"breadcrumb\":{\"@id\":\"https:\\\/\\\/stiftungsmarktplatz.eu\\\/blog\\\/diversifikation-in-krisenzeiten\\\/#breadcrumb\"},\"inLanguage\":\"de\",\"potentialAction\":[{\"@type\":\"ReadAction\",\"target\":[\"https:\\\/\\\/stiftungsmarktplatz.eu\\\/blog\\\/diversifikation-in-krisenzeiten\\\/\"]}]},{\"@type\":\"ImageObject\",\"inLanguage\":\"de\",\"@id\":\"https:\\\/\\\/stiftungsmarktplatz.eu\\\/blog\\\/diversifikation-in-krisenzeiten\\\/#primaryimage\",\"url\":\"https:\\\/\\\/stiftungsmarktplatz.eu\\\/blog\\\/wp-content\\\/uploads\\\/2022\\\/09\\\/newsletter-fondsfibel-092022.jpg\",\"contentUrl\":\"https:\\\/\\\/stiftungsmarktplatz.eu\\\/blog\\\/wp-content\\\/uploads\\\/2022\\\/09\\\/newsletter-fondsfibel-092022.jpg\",\"width\":1200,\"height\":675,\"caption\":\"Newsletter FondsFibel September 2022\"},{\"@type\":\"BreadcrumbList\",\"@id\":\"https:\\\/\\\/stiftungsmarktplatz.eu\\\/blog\\\/diversifikation-in-krisenzeiten\\\/#breadcrumb\",\"itemListElement\":[{\"@type\":\"ListItem\",\"position\":1,\"name\":\"Startseite\",\"item\":\"https:\\\/\\\/stiftungsmarktplatz.eu\\\/blog\\\/\"},{\"@type\":\"ListItem\",\"position\":2,\"name\":\"Diversifikation in Krisenzeiten\"}]},{\"@type\":\"WebSite\",\"@id\":\"https:\\\/\\\/stiftungsmarktplatz.eu\\\/blog\\\/#website\",\"url\":\"https:\\\/\\\/stiftungsmarktplatz.eu\\\/blog\\\/\",\"name\":\"Der Stiftungsblog f\u00fcr die Stiftungspraxis\",\"description\":\"#stiftungenst\u00e4rken - NPO-Expertise von NPO-Experten\",\"publisher\":{\"@id\":\"https:\\\/\\\/stiftungsmarktplatz.eu\\\/blog\\\/#organization\"},\"potentialAction\":[{\"@type\":\"SearchAction\",\"target\":{\"@type\":\"EntryPoint\",\"urlTemplate\":\"https:\\\/\\\/stiftungsmarktplatz.eu\\\/blog\\\/?s={search_term_string}\"},\"query-input\":{\"@type\":\"PropertyValueSpecification\",\"valueRequired\":true,\"valueName\":\"search_term_string\"}}],\"inLanguage\":\"de\"},{\"@type\":\"Organization\",\"@id\":\"https:\\\/\\\/stiftungsmarktplatz.eu\\\/blog\\\/#organization\",\"name\":\"stiftungsmarktplatz.eu GbR\",\"url\":\"https:\\\/\\\/stiftungsmarktplatz.eu\\\/blog\\\/\",\"logo\":{\"@type\":\"ImageObject\",\"inLanguage\":\"de\",\"@id\":\"https:\\\/\\\/stiftungsmarktplatz.eu\\\/blog\\\/#\\\/schema\\\/logo\\\/image\\\/\",\"url\":\"https:\\\/\\\/stiftungsmarktplatz.eu\\\/blog\\\/wp-content\\\/uploads\\\/2020\\\/03\\\/Logo-blog-retina.png\",\"contentUrl\":\"https:\\\/\\\/stiftungsmarktplatz.eu\\\/blog\\\/wp-content\\\/uploads\\\/2020\\\/03\\\/Logo-blog-retina.png\",\"width\":140,\"height\":130,\"caption\":\"stiftungsmarktplatz.eu GbR\"},\"image\":{\"@id\":\"https:\\\/\\\/stiftungsmarktplatz.eu\\\/blog\\\/#\\\/schema\\\/logo\\\/image\\\/\"},\"sameAs\":[\"https:\\\/\\\/www.linkedin.com\\\/company\\\/18563519\\\/\",\"https:\\\/\\\/www.youtube.com\\\/channel\\\/UCQrF6RQRFGxTokVV4nbx25Q\"]},{\"@type\":\"Person\",\"@id\":\"https:\\\/\\\/stiftungsmarktplatz.eu\\\/blog\\\/#\\\/schema\\\/person\\\/3a42780bf87a2088578f1e8077ccfa44\",\"name\":\"Tobias Karow\",\"image\":{\"@type\":\"ImageObject\",\"inLanguage\":\"de\",\"@id\":\"https:\\\/\\\/stiftungsmarktplatz.eu\\\/blog\\\/wp-content\\\/uploads\\\/2024\\\/05\\\/tobias-karow-2024-150x150.png\",\"url\":\"https:\\\/\\\/stiftungsmarktplatz.eu\\\/blog\\\/wp-content\\\/uploads\\\/2024\\\/05\\\/tobias-karow-2024-150x150.png\",\"contentUrl\":\"https:\\\/\\\/stiftungsmarktplatz.eu\\\/blog\\\/wp-content\\\/uploads\\\/2024\\\/05\\\/tobias-karow-2024-150x150.png\",\"caption\":\"Tobias Karow\"},\"description\":\"ist Gr\u00fcnder und Gesch\u00e4ftsf\u00fchrer von stiftungsmarktplatz.eu und im Stiftungswesen in Deutschland, \u00d6sterreich, der Schweiz und Liechtenstein seit 10 Jahren aktiv. Er ist Herausgeber der FondsFibel f\u00fcr Stiftungen &amp; NPOs, dem f\u00fchrenden Nachschlagewerk f\u00fcr Stiftungsfonds und stiftungsgeeignete Fonds (www.fondsfibel.de), Vortr\u00e4ge h\u00e4lt er vor allem zum Thema \u201aStiftungen und ihr Weg in die digitale Welt\u2018. F\u00fcr beide Themen betreibt er den Blog #stiftungenst\u00e4rken.\",\"sameAs\":[\"https:\\\/\\\/www.fondsfibel.de\"],\"url\":\"https:\\\/\\\/stiftungsmarktplatz.eu\\\/blog\\\/author\\\/tobias-karow\\\/\"}]}<\/script>\n<!-- \/ Yoast SEO plugin. -->","yoast_head_json":{"title":"Diversifikation in Krisenzeiten - Der Stiftungsblog f\u00fcr die Stiftungspraxis","description":"Es ist September, und statistisch gesehen ist der neunte Monat des Jahres der statistisch schlechteste. In diesem Jahr kommt hinzu, dass seit sechs Monaten in Europa die Kanonen donnern, wir uns vermutlich am Beginn eines neuen Zinssteigerungszyklus befinden und irgendwie am Vorabend einer gef\u00fchlt noch gr\u00f6\u00dferen Krise.","robots":{"index":"index","follow":"follow","max-snippet":"max-snippet:-1","max-image-preview":"max-image-preview:large","max-video-preview":"max-video-preview:-1"},"canonical":"https:\/\/stiftungsmarktplatz.eu\/blog\/diversifikation-in-krisenzeiten\/","og_locale":"de_DE","og_type":"article","og_title":"Diversifikation in Krisenzeiten - Der Stiftungsblog f\u00fcr die Stiftungspraxis","og_description":"Es ist September, und statistisch gesehen ist der neunte Monat des Jahres der statistisch schlechteste. In diesem Jahr kommt hinzu, dass seit sechs Monaten in Europa die Kanonen donnern, wir uns vermutlich am Beginn eines neuen Zinssteigerungszyklus befinden und irgendwie am Vorabend einer gef\u00fchlt noch gr\u00f6\u00dferen Krise.","og_url":"https:\/\/stiftungsmarktplatz.eu\/blog\/diversifikation-in-krisenzeiten\/","og_site_name":"Der Stiftungsblog f\u00fcr die Stiftungspraxis","article_published_time":"2022-09-21T08:01:00+00:00","article_modified_time":"2023-01-25T10:40:44+00:00","og_image":[{"width":1200,"height":675,"url":"https:\/\/stiftungsmarktplatz.eu\/blog\/wp-content\/uploads\/2022\/09\/newsletter-fondsfibel-092022.jpg","type":"image\/jpeg"}],"author":"Tobias Karow","twitter_card":"summary_large_image","twitter_misc":{"Verfasst von":"Tobias Karow","Gesch\u00e4tzte Lesezeit":"8\u00a0Minuten"},"schema":{"@context":"https:\/\/schema.org","@graph":[{"@type":"Article","@id":"https:\/\/stiftungsmarktplatz.eu\/blog\/diversifikation-in-krisenzeiten\/#article","isPartOf":{"@id":"https:\/\/stiftungsmarktplatz.eu\/blog\/diversifikation-in-krisenzeiten\/"},"author":{"name":"Tobias Karow","@id":"https:\/\/stiftungsmarktplatz.eu\/blog\/#\/schema\/person\/3a42780bf87a2088578f1e8077ccfa44"},"headline":"Diversifikation in Krisenzeiten","datePublished":"2022-09-21T08:01:00+00:00","dateModified":"2023-01-25T10:40:44+00:00","mainEntityOfPage":{"@id":"https:\/\/stiftungsmarktplatz.eu\/blog\/diversifikation-in-krisenzeiten\/"},"wordCount":1168,"publisher":{"@id":"https:\/\/stiftungsmarktplatz.eu\/blog\/#organization"},"image":{"@id":"https:\/\/stiftungsmarktplatz.eu\/blog\/diversifikation-in-krisenzeiten\/#primaryimage"},"thumbnailUrl":"https:\/\/stiftungsmarktplatz.eu\/blog\/wp-content\/uploads\/2022\/09\/newsletter-fondsfibel-092022.jpg","articleSection":["Des Skippers Heimathafen - das Archiv"],"inLanguage":"de"},{"@type":"WebPage","@id":"https:\/\/stiftungsmarktplatz.eu\/blog\/diversifikation-in-krisenzeiten\/","url":"https:\/\/stiftungsmarktplatz.eu\/blog\/diversifikation-in-krisenzeiten\/","name":"Diversifikation in Krisenzeiten - Der Stiftungsblog f\u00fcr die Stiftungspraxis","isPartOf":{"@id":"https:\/\/stiftungsmarktplatz.eu\/blog\/#website"},"primaryImageOfPage":{"@id":"https:\/\/stiftungsmarktplatz.eu\/blog\/diversifikation-in-krisenzeiten\/#primaryimage"},"image":{"@id":"https:\/\/stiftungsmarktplatz.eu\/blog\/diversifikation-in-krisenzeiten\/#primaryimage"},"thumbnailUrl":"https:\/\/stiftungsmarktplatz.eu\/blog\/wp-content\/uploads\/2022\/09\/newsletter-fondsfibel-092022.jpg","datePublished":"2022-09-21T08:01:00+00:00","dateModified":"2023-01-25T10:40:44+00:00","description":"Es ist September, und statistisch gesehen ist der neunte Monat des Jahres der statistisch schlechteste. In diesem Jahr kommt hinzu, dass seit sechs Monaten in Europa die Kanonen donnern, wir uns vermutlich am Beginn eines neuen Zinssteigerungszyklus befinden und irgendwie am Vorabend einer gef\u00fchlt noch gr\u00f6\u00dferen Krise.","breadcrumb":{"@id":"https:\/\/stiftungsmarktplatz.eu\/blog\/diversifikation-in-krisenzeiten\/#breadcrumb"},"inLanguage":"de","potentialAction":[{"@type":"ReadAction","target":["https:\/\/stiftungsmarktplatz.eu\/blog\/diversifikation-in-krisenzeiten\/"]}]},{"@type":"ImageObject","inLanguage":"de","@id":"https:\/\/stiftungsmarktplatz.eu\/blog\/diversifikation-in-krisenzeiten\/#primaryimage","url":"https:\/\/stiftungsmarktplatz.eu\/blog\/wp-content\/uploads\/2022\/09\/newsletter-fondsfibel-092022.jpg","contentUrl":"https:\/\/stiftungsmarktplatz.eu\/blog\/wp-content\/uploads\/2022\/09\/newsletter-fondsfibel-092022.jpg","width":1200,"height":675,"caption":"Newsletter FondsFibel September 2022"},{"@type":"BreadcrumbList","@id":"https:\/\/stiftungsmarktplatz.eu\/blog\/diversifikation-in-krisenzeiten\/#breadcrumb","itemListElement":[{"@type":"ListItem","position":1,"name":"Startseite","item":"https:\/\/stiftungsmarktplatz.eu\/blog\/"},{"@type":"ListItem","position":2,"name":"Diversifikation in Krisenzeiten"}]},{"@type":"WebSite","@id":"https:\/\/stiftungsmarktplatz.eu\/blog\/#website","url":"https:\/\/stiftungsmarktplatz.eu\/blog\/","name":"Der Stiftungsblog f\u00fcr die Stiftungspraxis","description":"#stiftungenst\u00e4rken - NPO-Expertise von NPO-Experten","publisher":{"@id":"https:\/\/stiftungsmarktplatz.eu\/blog\/#organization"},"potentialAction":[{"@type":"SearchAction","target":{"@type":"EntryPoint","urlTemplate":"https:\/\/stiftungsmarktplatz.eu\/blog\/?s={search_term_string}"},"query-input":{"@type":"PropertyValueSpecification","valueRequired":true,"valueName":"search_term_string"}}],"inLanguage":"de"},{"@type":"Organization","@id":"https:\/\/stiftungsmarktplatz.eu\/blog\/#organization","name":"stiftungsmarktplatz.eu GbR","url":"https:\/\/stiftungsmarktplatz.eu\/blog\/","logo":{"@type":"ImageObject","inLanguage":"de","@id":"https:\/\/stiftungsmarktplatz.eu\/blog\/#\/schema\/logo\/image\/","url":"https:\/\/stiftungsmarktplatz.eu\/blog\/wp-content\/uploads\/2020\/03\/Logo-blog-retina.png","contentUrl":"https:\/\/stiftungsmarktplatz.eu\/blog\/wp-content\/uploads\/2020\/03\/Logo-blog-retina.png","width":140,"height":130,"caption":"stiftungsmarktplatz.eu GbR"},"image":{"@id":"https:\/\/stiftungsmarktplatz.eu\/blog\/#\/schema\/logo\/image\/"},"sameAs":["https:\/\/www.linkedin.com\/company\/18563519\/","https:\/\/www.youtube.com\/channel\/UCQrF6RQRFGxTokVV4nbx25Q"]},{"@type":"Person","@id":"https:\/\/stiftungsmarktplatz.eu\/blog\/#\/schema\/person\/3a42780bf87a2088578f1e8077ccfa44","name":"Tobias Karow","image":{"@type":"ImageObject","inLanguage":"de","@id":"https:\/\/stiftungsmarktplatz.eu\/blog\/wp-content\/uploads\/2024\/05\/tobias-karow-2024-150x150.png","url":"https:\/\/stiftungsmarktplatz.eu\/blog\/wp-content\/uploads\/2024\/05\/tobias-karow-2024-150x150.png","contentUrl":"https:\/\/stiftungsmarktplatz.eu\/blog\/wp-content\/uploads\/2024\/05\/tobias-karow-2024-150x150.png","caption":"Tobias Karow"},"description":"ist Gr\u00fcnder und Gesch\u00e4ftsf\u00fchrer von stiftungsmarktplatz.eu und im Stiftungswesen in Deutschland, \u00d6sterreich, der Schweiz und Liechtenstein seit 10 Jahren aktiv. Er ist Herausgeber der FondsFibel f\u00fcr Stiftungen &amp; NPOs, dem f\u00fchrenden Nachschlagewerk f\u00fcr Stiftungsfonds und stiftungsgeeignete Fonds (www.fondsfibel.de), Vortr\u00e4ge h\u00e4lt er vor allem zum Thema \u201aStiftungen und ihr Weg in die digitale Welt\u2018. F\u00fcr beide Themen betreibt er den Blog #stiftungenst\u00e4rken.","sameAs":["https:\/\/www.fondsfibel.de"],"url":"https:\/\/stiftungsmarktplatz.eu\/blog\/author\/tobias-karow\/"}]}},"post_mailing_queue_ids":[],"_links":{"self":[{"href":"https:\/\/stiftungsmarktplatz.eu\/blog\/wp-json\/wp\/v2\/posts\/4698","targetHints":{"allow":["GET"]}}],"collection":[{"href":"https:\/\/stiftungsmarktplatz.eu\/blog\/wp-json\/wp\/v2\/posts"}],"about":[{"href":"https:\/\/stiftungsmarktplatz.eu\/blog\/wp-json\/wp\/v2\/types\/post"}],"author":[{"embeddable":true,"href":"https:\/\/stiftungsmarktplatz.eu\/blog\/wp-json\/wp\/v2\/users\/8"}],"replies":[{"embeddable":true,"href":"https:\/\/stiftungsmarktplatz.eu\/blog\/wp-json\/wp\/v2\/comments?post=4698"}],"version-history":[{"count":10,"href":"https:\/\/stiftungsmarktplatz.eu\/blog\/wp-json\/wp\/v2\/posts\/4698\/revisions"}],"predecessor-version":[{"id":5386,"href":"https:\/\/stiftungsmarktplatz.eu\/blog\/wp-json\/wp\/v2\/posts\/4698\/revisions\/5386"}],"wp:featuredmedia":[{"embeddable":true,"href":"https:\/\/stiftungsmarktplatz.eu\/blog\/wp-json\/wp\/v2\/media\/4700"}],"wp:attachment":[{"href":"https:\/\/stiftungsmarktplatz.eu\/blog\/wp-json\/wp\/v2\/media?parent=4698"}],"wp:term":[{"taxonomy":"category","embeddable":true,"href":"https:\/\/stiftungsmarktplatz.eu\/blog\/wp-json\/wp\/v2\/categories?post=4698"},{"taxonomy":"post_tag","embeddable":true,"href":"https:\/\/stiftungsmarktplatz.eu\/blog\/wp-json\/wp\/v2\/tags?post=4698"}],"curies":[{"name":"wp","href":"https:\/\/api.w.org\/{rel}","templated":true}]}}