{"id":4303,"date":"2022-06-21T16:00:00","date_gmt":"2022-06-21T14:00:00","guid":{"rendered":"https:\/\/stiftungsmarktplatz.eu\/blog\/?p=4303"},"modified":"2023-03-09T12:29:11","modified_gmt":"2023-03-09T11:29:11","slug":"hoffnung-ist-oft-ein-jagdhund-ohne-spur","status":"publish","type":"post","link":"https:\/\/stiftungsmarktplatz.eu\/blog\/hoffnung-ist-oft-ein-jagdhund-ohne-spur\/","title":{"rendered":"Hoffnung ist oft ein Jagdhund ohne Spur"},"content":{"rendered":"<span class=\"span-reading-time rt-reading-time\" style=\"display: block;\"><span class=\"rt-label rt-prefix\">Lesezeit: <\/span> <span class=\"rt-time\"> 4<\/span> <span class=\"rt-label rt-postfix\">Minuten<\/span><\/span>\n<p><strong>wenn Sie unsere POST regelm\u00e4\u00dfig lesen, dass wissen Sie, dass ich dem guten Zitat zugeneigt bin.<\/strong><\/p>\n\n\n\n<p>Da die Lage derzeit so ist wie sie ist, taucht automatisch das Wort Hoffnung in vielen Verlautbarungen auf. Es wird gehofft, dass der Krieg in der Ukraine schnell vorbeigehe. Es wird gehofft, dass sich die Welt nicht ganz so schnell erw\u00e4rmt wie bef\u00fcrchtet. Es wird gehofft, dass die Inflation keine galoppierende wird. <strong>Auch hoffen Viele, dass die Pandemie nicht noch einmal mit Wucht zur\u00fcckkommt, <a href=\"https:\/\/stiftungsmarktplatz.eu\/blog\/tiktok-ist-nicht-automatisch-was-fuer-stiftungen\/\">und die Welt nicht von jetzt auf gleich eine digitale bleibt<\/a><\/strong>.<\/p>\n\n\n\n<p>Viele Stiftungen hoffen zudem, dass der Zins vielleicht doch wieder in Richtung 4% steigt und sie <a href=\"https:\/\/stiftungsmarktplatz.eu\/blog\/die-zehn-gebote-der-fondsanlage-fuer-stiftungen\/\">den l\u00e4stigen Umbau ihrer Kapitalanlage<\/a> noch einmal verschieben k\u00f6nnen. Nun ja, wir bem\u00fchen Shakespeare an dieser Stelle, der sagte: <strong>\u201eHoffnung ist oft ein Jagdhund ohne Spur.\u201c<\/strong><\/p>\n\n\n\n<figure class=\"wp-block-image size-full\"><a href=\"https:\/\/magazin.mein-erbe-tut-gutes.de\/?utm_medium=link&amp;utm_source=ErbeWebsite%20Magazin&amp;utm_campaign=Magazin20-METG&amp;utm_content=bannerlink\" target=\"_blank\" rel=\"noopener\"><img loading=\"lazy\" decoding=\"async\" width=\"695\" height=\"80\" src=\"https:\/\/stiftungsmarktplatz.eu\/blog\/wp-content\/uploads\/2022\/06\/Das-Prinzip-Apfelbaum-Ausgabe-20-Stiftungsmarktplatz_Banner_695x80-002.jpg\" alt=\"Das Prinzip Apfelbaum - Ausgabe 20\" class=\"wp-image-4306\" srcset=\"https:\/\/stiftungsmarktplatz.eu\/blog\/wp-content\/uploads\/2022\/06\/Das-Prinzip-Apfelbaum-Ausgabe-20-Stiftungsmarktplatz_Banner_695x80-002.jpg 695w, https:\/\/stiftungsmarktplatz.eu\/blog\/wp-content\/uploads\/2022\/06\/Das-Prinzip-Apfelbaum-Ausgabe-20-Stiftungsmarktplatz_Banner_695x80-002-300x35.jpg 300w\" sizes=\"auto, (max-width: 695px) 100vw, 695px\" \/><\/a><\/figure>\n\n\n\n<h2 class=\"wp-block-heading\">StiftungsImpact zum Thema \u201eStiftungen als Br\u00fcckenbauer\u201c<\/h2>\n\n\n\n<p>Hoffnung mag jedoch lediglich ein guter Diener zu sein, aber sie ist ein schlechter Herr. Sie vernebelt so ein bisschen die klare Sicht und gibt einem in gewisser Weise auch ein Alibi. Ein Alibi daf\u00fcr, nicht direkt den n\u00e4chsten notwendigen Entwicklungs- und Organisationsschritt zu gehen. An einem Punkt wird die Hoffnung allerdings zur Gewissheit werden.<\/p>\n\n\n\n<p>Stiftungen brauchen nicht zu hoffen, dass sie k\u00fcnftig Br\u00fcckenbauer zwischen Menschen, Systemen oder Welten sein werden \u2013 sie sind es bereits.<\/p>\n\n\n\n<p><strong>Entsprechend weisen wir sehr gerne an dieser Stelle auf den 20. StiftungsImpact der ESV Akademie in Berlin hin, an diesem Donnerstag den 23.6.2022. Los geht\u2019s um 17 Uhr<\/strong>.<\/p>\n\n\n\n<p>F\u00fcr das Programm rund um das Thema \u201eStiftungen als Br\u00fcckenbauer\u201c konnten tolle Referenten gewonnen werden, so zum Beispiel Dr. Ronja Scheler, Programmleiterin f\u00fcr Internationale Politik bei der K\u00f6rber-Stiftung, <strong>und Dr. Stefan N\u00e4hrlich, dem Chef der Stiftung Aktive B\u00fcrgerschaft<\/strong> (wer sich erinnert, er war auch Gast unseres 3. Virtuellen Tags f\u00fcr das Stiftungsverm\u00f6gen, die komplette Mediathek finden Sie auf <a href=\"https:\/\/vtfds.de\/\" target=\"_blank\" rel=\"noreferrer noopener\"><strong>www.vtfds.de<\/strong><\/a>).<\/p>\n\n\n\n<p>Sie k\u00f6nnen sich <strong><a href=\"https:\/\/www.esv.info\/lp\/esv-akademie\/brueckenbauer?.ref=e2w4-gffnte\" target=\"_blank\" rel=\"noreferrer noopener\">f\u00fcr den StiftungsImpact noch anmelden<\/a><\/strong>, es sind noch wenige Pl\u00e4tze frei.<br><\/p>\n\n\n\n<h2 class=\"wp-block-heading\">Darauf freuen wir uns auch schon am 7.7. \u2026<\/h2>\n\n\n\n<p>Nicht nur findet in \u00d6sterreich gerade die Premiere des \u00d6sterreichischen Stiftungsfr\u00fchlings statt, sondern <a href=\"https:\/\/www.muenchnerstiftungsfruehling.de\/programm\" target=\"_blank\" rel=\"noreferrer noopener\"><strong>steht auch der M\u00fcncherStiftungsfr\u00fchling wieder vor der T\u00fcr<\/strong><\/a><strong>.<\/strong><\/p>\n\n\n\n<p>OK, er hat schon ein paar Ausgaben mehr auf dem Buckel, trotzdem erfindet auch dieser sich immer wieder neu.<\/p>\n\n\n\n<p><strong>Zwischen dem 5.7. und 10.7. hei\u00dft es in M\u00fcnchen wieder: Kenne Deine Stiftungen, dann kennst Du Deine Stadt<\/strong>.<\/p>\n\n\n\n<p>Unz\u00e4hlige Veranstaltungen, verteilt \u00fcber die Bayerische Landeshauptstadt werden M\u00fcnchnerinnen und M\u00fcnchnern \u201eihre\u201c Stiftungen und deren Tun kennenlernen k\u00f6nnen \u2013 und auch Wege, hier teilhaben zu k\u00f6nnen.<\/p>\n\n\n\n<p>So etwa Handicap International, die am 7.7.2022 um 15 Uhr in ihren R\u00e4umlichkeiten in der Lindwurmstr. 101 <a href=\"https:\/\/handicap-international.de\/de\/handicap-international-stiftungsfonds\" target=\"_blank\" rel=\"noreferrer noopener\"><strong><u>ihren Handicap International Stiftungsfonds vorstellt<\/u><\/strong><\/a>.<\/p>\n\n\n\n<p>Thomas Schiffelmann, Leiter Marketing bei Handicap International wird den Handicap International Stiftungsfonds erl\u00e4utern, und sortieren, wie leistungsf\u00e4hig dieses Werkzeug f\u00fcr wen sein kann. Wir hoffen hier nicht, dass wir etwas lernen, wir sind sicher, dass wir etwas lernen.<\/p>\n\n\n\n<figure class=\"wp-block-image size-large\"><a href=\"https:\/\/www.muenchnerstiftungsfruehling.de\/veranstalter\/veranstalter\/handicap-international-stiftungsfonds\" target=\"_blank\" rel=\"noopener\"><img loading=\"lazy\" decoding=\"async\" width=\"1024\" height=\"576\" src=\"https:\/\/stiftungsmarktplatz.eu\/blog\/wp-content\/uploads\/2022\/06\/Vorstellung-HI-Stiftungsfonds-MSF-1024x576.jpg\" alt=\"MSF-Programm-Tipp: Der Handicap International Stiftungsfonds\" class=\"wp-image-4308\" srcset=\"https:\/\/stiftungsmarktplatz.eu\/blog\/wp-content\/uploads\/2022\/06\/Vorstellung-HI-Stiftungsfonds-MSF-1024x576.jpg 1024w, https:\/\/stiftungsmarktplatz.eu\/blog\/wp-content\/uploads\/2022\/06\/Vorstellung-HI-Stiftungsfonds-MSF-300x169.jpg 300w, https:\/\/stiftungsmarktplatz.eu\/blog\/wp-content\/uploads\/2022\/06\/Vorstellung-HI-Stiftungsfonds-MSF-768x432.jpg 768w, https:\/\/stiftungsmarktplatz.eu\/blog\/wp-content\/uploads\/2022\/06\/Vorstellung-HI-Stiftungsfonds-MSF-696x392.jpg 696w, https:\/\/stiftungsmarktplatz.eu\/blog\/wp-content\/uploads\/2022\/06\/Vorstellung-HI-Stiftungsfonds-MSF-1068x601.jpg 1068w, https:\/\/stiftungsmarktplatz.eu\/blog\/wp-content\/uploads\/2022\/06\/Vorstellung-HI-Stiftungsfonds-MSF.jpg 1200w\" sizes=\"auto, (max-width: 1024px) 100vw, 1024px\" \/><\/a><\/figure>\n\n\n\n<h2 class=\"wp-block-heading\">Stiftungen und die Schl\u00fcssel f\u00fcr die Herausforderungen von morgen<\/h2>\n\n\n\n<p>Ebenfalls spannend finden wir einen Termin, zu dem uns Ruth Williams, Generalsekret\u00e4rin des <a href=\"https:\/\/www.gemeinnuetzig-stiften.at\/\" target=\"_blank\" rel=\"noreferrer noopener\"><strong>Verbands f\u00fcr gemeinn\u00fctziges Stiften in \u00d6sterreich<\/strong><\/a> eingeladen hat.<\/p>\n\n\n\n<p>Am 28.6.2022 findet zwischen 16 und 18 Uhr ein Webinar statt, <a href=\"https:\/\/stiftungsmarktplatz.eu\/newsletter\/Einladung_Zukunftsworkshop_Nachhaltige Mobilitaet.pdf\" target=\"_blank\" rel=\"noreferrer noopener\"><strong>das sich Zukunfts-Workshop nennt und die Frage eruiert, welche Rolle Philanthropie bei der nachhaltigen Mobilit\u00e4t spielen kann und spielen wird<\/strong><\/a>.<\/p>\n\n\n\n<p>Neben Ruth Williams werden u.a. Carmencita Nader vom Erste Bank Social Banking und Stephan Ziegler von Eddi Bike sprechen, auch wird eine Video-Reportage des Vereins Wandelklima gezeigt.<\/p>\n\n\n\n<p>Wir schauen vorbei, weil wir hoffen, dass wir die Mobilit\u00e4tswende schaffen und erwarten, dass hierbei viel Arbeit auch auf NPOen zukommt. Sie melden sich unter <a href=\"mailto:office@gemeinnuetzig-stiften.at\" target=\"_blank\" rel=\"noreferrer noopener\"><strong>office@gemeinnuetzig-stiften.at<\/strong><\/a> an, das Ganze ist als Zoom-Meeting geplant.<\/p>\n\n\n\n<p><strong>Am selben Tag wird zudem um 11 Uhr ein Webinar von RenditeWerk stattfinden, zu Frage, wie das Verwalten des Stiftungsverm\u00f6gens auf die Inflation zu reagieren hat<\/strong> und welche Schl\u00fcssel es f\u00fcr Stiftungen gibt, der Inflation ein Schnippchen zu schlagen.<\/p>\n\n\n\n<p>F\u00fcr uns ein Pflichttermin f\u00fcr alle Stiftungsverantwortliche die hoffen, dass die Inflation bald wieder vor\u00fcbergeht.<\/p>\n\n\n\n<p>Hier finden Sie weitere Infos und den <a href=\"https:\/\/register.gotowebinar.com\/register\/7052462617846925069\" target=\"_blank\" rel=\"noreferrer noopener\"><strong>Anmeldelink<\/strong><\/a>.<\/p>\n\n\n\n<figure class=\"wp-block-image size-large\"><a href=\"https:\/\/stiftungsmarktplatz.eu\/\" target=\"_blank\" rel=\"noopener\"><img loading=\"lazy\" decoding=\"async\" width=\"1024\" height=\"538\" src=\"https:\/\/stiftungsmarktplatz.eu\/blog\/wp-content\/uploads\/2022\/06\/Teaser-II-ChatBot-Lets-talk-1024x538.gif\" alt=\"ChatBot Lets talk\" class=\"wp-image-4311\" srcset=\"https:\/\/stiftungsmarktplatz.eu\/blog\/wp-content\/uploads\/2022\/06\/Teaser-II-ChatBot-Lets-talk-1024x538.gif 1024w, https:\/\/stiftungsmarktplatz.eu\/blog\/wp-content\/uploads\/2022\/06\/Teaser-II-ChatBot-Lets-talk-300x158.gif 300w, https:\/\/stiftungsmarktplatz.eu\/blog\/wp-content\/uploads\/2022\/06\/Teaser-II-ChatBot-Lets-talk-768x403.gif 768w, https:\/\/stiftungsmarktplatz.eu\/blog\/wp-content\/uploads\/2022\/06\/Teaser-II-ChatBot-Lets-talk-696x365.gif 696w, https:\/\/stiftungsmarktplatz.eu\/blog\/wp-content\/uploads\/2022\/06\/Teaser-II-ChatBot-Lets-talk-1068x561.gif 1068w\" sizes=\"auto, (max-width: 1024px) 100vw, 1024px\" \/><\/a><\/figure>\n\n\n\n<h2 class=\"wp-block-heading\">New posts on the blog<\/h2>\n\n\n\n<ul class=\"wp-block-list\">\n<li>Folge 106 des #FreitagsPodcast AHOI, NPO!, mit Manfred Wieland von der Stiftung NextGen, <strong><a href=\"https:\/\/stiftungsmarktplatz.eu\/blog\/das-gruene-mascherl-reicht-nimmer\/\">\u00fcber das Thema der Zeit: ESG<\/a><\/strong><\/li>\n\n\n\n<li>Unsere <strong><a href=\"https:\/\/stiftungsmarktplatz.eu\/blog\/unsere-twitter-learnings-aus-dem-vtfds2022\/\">Twitter-Learnings<\/a><\/strong> aus dem 3. Virtuellen Tag f\u00fcr das Stiftungsverm\u00f6gen <a href=\"https:\/\/stiftungsmarktplatz.eu\/blog\/unsere-twitter-learnings-aus-dem-vtfds2022\/\"><\/a><\/li>\n\n\n\n<li><strong><a href=\"https:\/\/stiftungsmarktplatz.eu\/blog\/50-shades-of-green\/\">50 shades of green<\/a><\/strong> oder die Frage, wie Stiftungen bei ESG &amp; Co. den \u00dcberblick behalten <a href=\"https:\/\/stiftungsmarktplatz.eu\/blog\/50-shades-of-green\/\"><\/a><\/li>\n\n\n\n<li><strong><a href=\"https:\/\/stiftungsmarktplatz.eu\/blog\/der-wunsch-des-engagements-laesst-sich-ueber-viele-wege-umsetzen\/\">Folge 105 des FreitagsPodcast AHOI, NPO!<\/a><\/strong> mit Dr. Martin Renner vom Stiftungszentrum Stuttgart \u00fcber die Freude und Vielfalt des Geben und auf was es dabei k\u00fcnftig ankommt <a href=\"https:\/\/stiftungsmarktplatz.eu\/blog\/der-wunsch-des-engagements-laesst-sich-ueber-viele-wege-umsetzen\/\"><\/a><\/li>\n\n\n\n<li>Welche <strong><a href=\"https:\/\/stiftungsmarktplatz.eu\/blog\/dem-richtigen-fonds-auf-der-spur\/\">Erfahrungen eine Stiftung bei einem Fondspitch machte<\/a><\/strong> und was andere Stiftungen hieraus ggf. lernen k\u00f6nnen <a href=\"https:\/\/stiftungsmarktplatz.eu\/blog\/dem-richtigen-fonds-auf-der-spur\/\"><\/a><\/li>\n\n\n\n<li><strong><a href=\"https:\/\/stiftungsmarktplatz.eu\/blog\/stiftungssoftware-und-der-richtige-weg\/\">Wie Stiftungen die passende Stiftungssoftware finden<\/a><\/strong> und welche Wege sie daf\u00fcr bereitsein m\u00fcssen, zu gehen <a href=\"https:\/\/stiftungsmarktplatz.eu\/blog\/stiftungssoftware-und-der-richtige-weg\/\"><\/a><\/li>\n<\/ul>\n\n\n\n<figure class=\"wp-block-image size-full\"><a href=\"https:\/\/vtfds.de\/\" target=\"_blank\" rel=\"noopener\"><img loading=\"lazy\" decoding=\"async\" width=\"350\" height=\"163\" src=\"https:\/\/stiftungsmarktplatz.eu\/blog\/wp-content\/uploads\/2022\/05\/vtfds2022-mediathek-350px.png\" alt=\"vtfds2022-Mediathek\" class=\"wp-image-4000\" srcset=\"https:\/\/stiftungsmarktplatz.eu\/blog\/wp-content\/uploads\/2022\/05\/vtfds2022-mediathek-350px.png 350w, https:\/\/stiftungsmarktplatz.eu\/blog\/wp-content\/uploads\/2022\/05\/vtfds2022-mediathek-350px-300x140.png 300w\" sizes=\"auto, (max-width: 350px) 100vw, 350px\" \/><\/a><\/figure>\n\n\n\n<p>Es ist also Einiges los im Stiftungssektor, und ich hoffe, dass wir uns auf der einen oder anderen Veranstaltung sehen werden. In dem Fall ist es eine richtige Hoffnung, die auch nicht entt\u00e4uscht werden wird. Also, bis in B\u00e4lde.<\/p>\n\n\n\n<figure class=\"wp-block-image size-full\"><a href=\"https:\/\/stiftungsmarktplatz.eu\/newsletter-anmeldung-2\/\" target=\"_blank\" rel=\"noopener\"><img loading=\"lazy\" decoding=\"async\" width=\"800\" height=\"150\" src=\"https:\/\/stiftungsmarktplatz.eu\/blog\/wp-content\/uploads\/2022\/03\/banner-newsletter.gif\" alt=\"Newsletter-Anmeldung\" class=\"wp-image-3553\"\/><\/a><\/figure>\n\n\n\n<p><br><br><\/p>\n","protected":false},"excerpt":{"rendered":"<p><span class=\"span-reading-time rt-reading-time\" style=\"display: block;\"><span class=\"rt-label rt-prefix\">Lesezeit: <\/span> <span class=\"rt-time\"> 4<\/span> <span class=\"rt-label rt-postfix\">Minuten<\/span><\/span>Wenn Sie unsere POST regelm\u00e4\u00dfig lesen, dass wissen Sie, dass ich dem guten Zitat zugeneigt bin. Da die Lage derzeit so ist wie sie ist, taucht automatisch das Wort Hoffnung in vielen Verlautbarungen auf. <\/p>\n","protected":false},"author":8,"featured_media":4304,"comment_status":"closed","ping_status":"open","sticky":false,"template":"","format":"standard","meta":{"ngg_post_thumbnail":0,"footnotes":""},"categories":[395],"tags":[],"class_list":{"0":"post-4303","1":"post","2":"type-post","3":"status-publish","4":"format-standard","5":"has-post-thumbnail","7":"category-der-skipper-newsletter-archiv"},"yoast_head":"<!-- This site is optimized with the Yoast SEO plugin v27.4 - https:\/\/yoast.com\/product\/yoast-seo-wordpress\/ -->\n<title>Hoffnung ist oft ein Jagdhund ohne Spur - Der Stiftungsblog f\u00fcr die Stiftungspraxis<\/title>\n<meta name=\"description\" content=\"Wenn Sie unsere POST regelm\u00e4\u00dfig lesen, dass wissen Sie, dass ich dem guten Zitat zugeneigt bin. Da die Lage derzeit so ist wie sie ist, taucht automatisch das Wort Hoffnung in vielen Verlautbarungen auf.\" \/>\n<meta name=\"robots\" content=\"index, follow, max-snippet:-1, max-image-preview:large, max-video-preview:-1\" \/>\n<link rel=\"canonical\" href=\"https:\/\/stiftungsmarktplatz.eu\/blog\/hoffnung-ist-oft-ein-jagdhund-ohne-spur\/\" \/>\n<meta property=\"og:locale\" content=\"de_DE\" \/>\n<meta property=\"og:type\" content=\"article\" \/>\n<meta property=\"og:title\" content=\"Hoffnung ist oft ein Jagdhund ohne Spur - Der Stiftungsblog f\u00fcr die Stiftungspraxis\" \/>\n<meta property=\"og:description\" content=\"Wenn Sie unsere POST regelm\u00e4\u00dfig lesen, dass wissen Sie, dass ich dem guten Zitat zugeneigt bin. Da die Lage derzeit so ist wie sie ist, taucht automatisch das Wort Hoffnung in vielen Verlautbarungen auf.\" \/>\n<meta property=\"og:url\" content=\"https:\/\/stiftungsmarktplatz.eu\/blog\/hoffnung-ist-oft-ein-jagdhund-ohne-spur\/\" \/>\n<meta property=\"og:site_name\" content=\"Der Stiftungsblog f\u00fcr die Stiftungspraxis\" \/>\n<meta property=\"article:published_time\" content=\"2022-06-21T14:00:00+00:00\" \/>\n<meta property=\"article:modified_time\" content=\"2023-03-09T11:29:11+00:00\" \/>\n<meta property=\"og:image\" content=\"https:\/\/stiftungsmarktplatz.eu\/blog\/wp-content\/uploads\/2022\/06\/newsletter-21062022.jpg\" \/>\n\t<meta property=\"og:image:width\" content=\"1200\" \/>\n\t<meta property=\"og:image:height\" content=\"675\" \/>\n\t<meta property=\"og:image:type\" content=\"image\/jpeg\" \/>\n<meta name=\"author\" content=\"Tobias Karow\" \/>\n<meta name=\"twitter:card\" content=\"summary_large_image\" \/>\n<meta name=\"twitter:label1\" content=\"Verfasst von\" \/>\n\t<meta name=\"twitter:data1\" content=\"Tobias Karow\" \/>\n\t<meta name=\"twitter:label2\" content=\"Gesch\u00e4tzte Lesezeit\" \/>\n\t<meta name=\"twitter:data2\" content=\"6\u00a0Minuten\" \/>\n<script type=\"application\/ld+json\" class=\"yoast-schema-graph\">{\"@context\":\"https:\\\/\\\/schema.org\",\"@graph\":[{\"@type\":\"Article\",\"@id\":\"https:\\\/\\\/stiftungsmarktplatz.eu\\\/blog\\\/hoffnung-ist-oft-ein-jagdhund-ohne-spur\\\/#article\",\"isPartOf\":{\"@id\":\"https:\\\/\\\/stiftungsmarktplatz.eu\\\/blog\\\/hoffnung-ist-oft-ein-jagdhund-ohne-spur\\\/\"},\"author\":{\"name\":\"Tobias Karow\",\"@id\":\"https:\\\/\\\/stiftungsmarktplatz.eu\\\/blog\\\/#\\\/schema\\\/person\\\/3a42780bf87a2088578f1e8077ccfa44\"},\"headline\":\"Hoffnung ist oft ein Jagdhund ohne Spur\",\"datePublished\":\"2022-06-21T14:00:00+00:00\",\"dateModified\":\"2023-03-09T11:29:11+00:00\",\"mainEntityOfPage\":{\"@id\":\"https:\\\/\\\/stiftungsmarktplatz.eu\\\/blog\\\/hoffnung-ist-oft-ein-jagdhund-ohne-spur\\\/\"},\"wordCount\":849,\"publisher\":{\"@id\":\"https:\\\/\\\/stiftungsmarktplatz.eu\\\/blog\\\/#organization\"},\"image\":{\"@id\":\"https:\\\/\\\/stiftungsmarktplatz.eu\\\/blog\\\/hoffnung-ist-oft-ein-jagdhund-ohne-spur\\\/#primaryimage\"},\"thumbnailUrl\":\"https:\\\/\\\/stiftungsmarktplatz.eu\\\/blog\\\/wp-content\\\/uploads\\\/2022\\\/06\\\/newsletter-21062022.jpg\",\"articleSection\":[\"Des Skippers Heimathafen - das Archiv\"],\"inLanguage\":\"de\"},{\"@type\":\"WebPage\",\"@id\":\"https:\\\/\\\/stiftungsmarktplatz.eu\\\/blog\\\/hoffnung-ist-oft-ein-jagdhund-ohne-spur\\\/\",\"url\":\"https:\\\/\\\/stiftungsmarktplatz.eu\\\/blog\\\/hoffnung-ist-oft-ein-jagdhund-ohne-spur\\\/\",\"name\":\"Hoffnung ist oft ein Jagdhund ohne Spur - Der Stiftungsblog f\u00fcr die Stiftungspraxis\",\"isPartOf\":{\"@id\":\"https:\\\/\\\/stiftungsmarktplatz.eu\\\/blog\\\/#website\"},\"primaryImageOfPage\":{\"@id\":\"https:\\\/\\\/stiftungsmarktplatz.eu\\\/blog\\\/hoffnung-ist-oft-ein-jagdhund-ohne-spur\\\/#primaryimage\"},\"image\":{\"@id\":\"https:\\\/\\\/stiftungsmarktplatz.eu\\\/blog\\\/hoffnung-ist-oft-ein-jagdhund-ohne-spur\\\/#primaryimage\"},\"thumbnailUrl\":\"https:\\\/\\\/stiftungsmarktplatz.eu\\\/blog\\\/wp-content\\\/uploads\\\/2022\\\/06\\\/newsletter-21062022.jpg\",\"datePublished\":\"2022-06-21T14:00:00+00:00\",\"dateModified\":\"2023-03-09T11:29:11+00:00\",\"description\":\"Wenn Sie unsere POST regelm\u00e4\u00dfig lesen, dass wissen Sie, dass ich dem guten Zitat zugeneigt bin. Da die Lage derzeit so ist wie sie ist, taucht automatisch das Wort Hoffnung in vielen Verlautbarungen auf.\",\"breadcrumb\":{\"@id\":\"https:\\\/\\\/stiftungsmarktplatz.eu\\\/blog\\\/hoffnung-ist-oft-ein-jagdhund-ohne-spur\\\/#breadcrumb\"},\"inLanguage\":\"de\",\"potentialAction\":[{\"@type\":\"ReadAction\",\"target\":[\"https:\\\/\\\/stiftungsmarktplatz.eu\\\/blog\\\/hoffnung-ist-oft-ein-jagdhund-ohne-spur\\\/\"]}]},{\"@type\":\"ImageObject\",\"inLanguage\":\"de\",\"@id\":\"https:\\\/\\\/stiftungsmarktplatz.eu\\\/blog\\\/hoffnung-ist-oft-ein-jagdhund-ohne-spur\\\/#primaryimage\",\"url\":\"https:\\\/\\\/stiftungsmarktplatz.eu\\\/blog\\\/wp-content\\\/uploads\\\/2022\\\/06\\\/newsletter-21062022.jpg\",\"contentUrl\":\"https:\\\/\\\/stiftungsmarktplatz.eu\\\/blog\\\/wp-content\\\/uploads\\\/2022\\\/06\\\/newsletter-21062022.jpg\",\"width\":1200,\"height\":675,\"caption\":\"Newsletter 21.06.2022\"},{\"@type\":\"BreadcrumbList\",\"@id\":\"https:\\\/\\\/stiftungsmarktplatz.eu\\\/blog\\\/hoffnung-ist-oft-ein-jagdhund-ohne-spur\\\/#breadcrumb\",\"itemListElement\":[{\"@type\":\"ListItem\",\"position\":1,\"name\":\"Startseite\",\"item\":\"https:\\\/\\\/stiftungsmarktplatz.eu\\\/blog\\\/\"},{\"@type\":\"ListItem\",\"position\":2,\"name\":\"Hoffnung ist oft ein Jagdhund ohne Spur\"}]},{\"@type\":\"WebSite\",\"@id\":\"https:\\\/\\\/stiftungsmarktplatz.eu\\\/blog\\\/#website\",\"url\":\"https:\\\/\\\/stiftungsmarktplatz.eu\\\/blog\\\/\",\"name\":\"Der Stiftungsblog f\u00fcr die Stiftungspraxis\",\"description\":\"#stiftungenst\u00e4rken - NPO-Expertise von NPO-Experten\",\"publisher\":{\"@id\":\"https:\\\/\\\/stiftungsmarktplatz.eu\\\/blog\\\/#organization\"},\"potentialAction\":[{\"@type\":\"SearchAction\",\"target\":{\"@type\":\"EntryPoint\",\"urlTemplate\":\"https:\\\/\\\/stiftungsmarktplatz.eu\\\/blog\\\/?s={search_term_string}\"},\"query-input\":{\"@type\":\"PropertyValueSpecification\",\"valueRequired\":true,\"valueName\":\"search_term_string\"}}],\"inLanguage\":\"de\"},{\"@type\":\"Organization\",\"@id\":\"https:\\\/\\\/stiftungsmarktplatz.eu\\\/blog\\\/#organization\",\"name\":\"stiftungsmarktplatz.eu GbR\",\"url\":\"https:\\\/\\\/stiftungsmarktplatz.eu\\\/blog\\\/\",\"logo\":{\"@type\":\"ImageObject\",\"inLanguage\":\"de\",\"@id\":\"https:\\\/\\\/stiftungsmarktplatz.eu\\\/blog\\\/#\\\/schema\\\/logo\\\/image\\\/\",\"url\":\"https:\\\/\\\/stiftungsmarktplatz.eu\\\/blog\\\/wp-content\\\/uploads\\\/2020\\\/03\\\/Logo-blog-retina.png\",\"contentUrl\":\"https:\\\/\\\/stiftungsmarktplatz.eu\\\/blog\\\/wp-content\\\/uploads\\\/2020\\\/03\\\/Logo-blog-retina.png\",\"width\":140,\"height\":130,\"caption\":\"stiftungsmarktplatz.eu GbR\"},\"image\":{\"@id\":\"https:\\\/\\\/stiftungsmarktplatz.eu\\\/blog\\\/#\\\/schema\\\/logo\\\/image\\\/\"},\"sameAs\":[\"https:\\\/\\\/www.linkedin.com\\\/company\\\/18563519\\\/\",\"https:\\\/\\\/www.youtube.com\\\/channel\\\/UCQrF6RQRFGxTokVV4nbx25Q\"]},{\"@type\":\"Person\",\"@id\":\"https:\\\/\\\/stiftungsmarktplatz.eu\\\/blog\\\/#\\\/schema\\\/person\\\/3a42780bf87a2088578f1e8077ccfa44\",\"name\":\"Tobias Karow\",\"image\":{\"@type\":\"ImageObject\",\"inLanguage\":\"de\",\"@id\":\"https:\\\/\\\/stiftungsmarktplatz.eu\\\/blog\\\/wp-content\\\/uploads\\\/2024\\\/05\\\/tobias-karow-2024-150x150.png\",\"url\":\"https:\\\/\\\/stiftungsmarktplatz.eu\\\/blog\\\/wp-content\\\/uploads\\\/2024\\\/05\\\/tobias-karow-2024-150x150.png\",\"contentUrl\":\"https:\\\/\\\/stiftungsmarktplatz.eu\\\/blog\\\/wp-content\\\/uploads\\\/2024\\\/05\\\/tobias-karow-2024-150x150.png\",\"caption\":\"Tobias Karow\"},\"description\":\"ist Gr\u00fcnder und Gesch\u00e4ftsf\u00fchrer von stiftungsmarktplatz.eu und im Stiftungswesen in Deutschland, \u00d6sterreich, der Schweiz und Liechtenstein seit 10 Jahren aktiv. Er ist Herausgeber der FondsFibel f\u00fcr Stiftungen &amp; NPOs, dem f\u00fchrenden Nachschlagewerk f\u00fcr Stiftungsfonds und stiftungsgeeignete Fonds (www.fondsfibel.de), Vortr\u00e4ge h\u00e4lt er vor allem zum Thema \u201aStiftungen und ihr Weg in die digitale Welt\u2018. F\u00fcr beide Themen betreibt er den Blog #stiftungenst\u00e4rken.\",\"sameAs\":[\"https:\\\/\\\/www.fondsfibel.de\"],\"url\":\"https:\\\/\\\/stiftungsmarktplatz.eu\\\/blog\\\/author\\\/tobias-karow\\\/\"}]}<\/script>\n<!-- \/ Yoast SEO plugin. -->","yoast_head_json":{"title":"Hoffnung ist oft ein Jagdhund ohne Spur - Der Stiftungsblog f\u00fcr die Stiftungspraxis","description":"Wenn Sie unsere POST regelm\u00e4\u00dfig lesen, dass wissen Sie, dass ich dem guten Zitat zugeneigt bin. Da die Lage derzeit so ist wie sie ist, taucht automatisch das Wort Hoffnung in vielen Verlautbarungen auf.","robots":{"index":"index","follow":"follow","max-snippet":"max-snippet:-1","max-image-preview":"max-image-preview:large","max-video-preview":"max-video-preview:-1"},"canonical":"https:\/\/stiftungsmarktplatz.eu\/blog\/hoffnung-ist-oft-ein-jagdhund-ohne-spur\/","og_locale":"de_DE","og_type":"article","og_title":"Hoffnung ist oft ein Jagdhund ohne Spur - Der Stiftungsblog f\u00fcr die Stiftungspraxis","og_description":"Wenn Sie unsere POST regelm\u00e4\u00dfig lesen, dass wissen Sie, dass ich dem guten Zitat zugeneigt bin. Da die Lage derzeit so ist wie sie ist, taucht automatisch das Wort Hoffnung in vielen Verlautbarungen auf.","og_url":"https:\/\/stiftungsmarktplatz.eu\/blog\/hoffnung-ist-oft-ein-jagdhund-ohne-spur\/","og_site_name":"Der Stiftungsblog f\u00fcr die Stiftungspraxis","article_published_time":"2022-06-21T14:00:00+00:00","article_modified_time":"2023-03-09T11:29:11+00:00","og_image":[{"width":1200,"height":675,"url":"https:\/\/stiftungsmarktplatz.eu\/blog\/wp-content\/uploads\/2022\/06\/newsletter-21062022.jpg","type":"image\/jpeg"}],"author":"Tobias Karow","twitter_card":"summary_large_image","twitter_misc":{"Verfasst von":"Tobias Karow","Gesch\u00e4tzte Lesezeit":"6\u00a0Minuten"},"schema":{"@context":"https:\/\/schema.org","@graph":[{"@type":"Article","@id":"https:\/\/stiftungsmarktplatz.eu\/blog\/hoffnung-ist-oft-ein-jagdhund-ohne-spur\/#article","isPartOf":{"@id":"https:\/\/stiftungsmarktplatz.eu\/blog\/hoffnung-ist-oft-ein-jagdhund-ohne-spur\/"},"author":{"name":"Tobias Karow","@id":"https:\/\/stiftungsmarktplatz.eu\/blog\/#\/schema\/person\/3a42780bf87a2088578f1e8077ccfa44"},"headline":"Hoffnung ist oft ein Jagdhund ohne Spur","datePublished":"2022-06-21T14:00:00+00:00","dateModified":"2023-03-09T11:29:11+00:00","mainEntityOfPage":{"@id":"https:\/\/stiftungsmarktplatz.eu\/blog\/hoffnung-ist-oft-ein-jagdhund-ohne-spur\/"},"wordCount":849,"publisher":{"@id":"https:\/\/stiftungsmarktplatz.eu\/blog\/#organization"},"image":{"@id":"https:\/\/stiftungsmarktplatz.eu\/blog\/hoffnung-ist-oft-ein-jagdhund-ohne-spur\/#primaryimage"},"thumbnailUrl":"https:\/\/stiftungsmarktplatz.eu\/blog\/wp-content\/uploads\/2022\/06\/newsletter-21062022.jpg","articleSection":["Des Skippers Heimathafen - das Archiv"],"inLanguage":"de"},{"@type":"WebPage","@id":"https:\/\/stiftungsmarktplatz.eu\/blog\/hoffnung-ist-oft-ein-jagdhund-ohne-spur\/","url":"https:\/\/stiftungsmarktplatz.eu\/blog\/hoffnung-ist-oft-ein-jagdhund-ohne-spur\/","name":"Hoffnung ist oft ein Jagdhund ohne Spur - Der Stiftungsblog f\u00fcr die Stiftungspraxis","isPartOf":{"@id":"https:\/\/stiftungsmarktplatz.eu\/blog\/#website"},"primaryImageOfPage":{"@id":"https:\/\/stiftungsmarktplatz.eu\/blog\/hoffnung-ist-oft-ein-jagdhund-ohne-spur\/#primaryimage"},"image":{"@id":"https:\/\/stiftungsmarktplatz.eu\/blog\/hoffnung-ist-oft-ein-jagdhund-ohne-spur\/#primaryimage"},"thumbnailUrl":"https:\/\/stiftungsmarktplatz.eu\/blog\/wp-content\/uploads\/2022\/06\/newsletter-21062022.jpg","datePublished":"2022-06-21T14:00:00+00:00","dateModified":"2023-03-09T11:29:11+00:00","description":"Wenn Sie unsere POST regelm\u00e4\u00dfig lesen, dass wissen Sie, dass ich dem guten Zitat zugeneigt bin. Da die Lage derzeit so ist wie sie ist, taucht automatisch das Wort Hoffnung in vielen Verlautbarungen auf.","breadcrumb":{"@id":"https:\/\/stiftungsmarktplatz.eu\/blog\/hoffnung-ist-oft-ein-jagdhund-ohne-spur\/#breadcrumb"},"inLanguage":"de","potentialAction":[{"@type":"ReadAction","target":["https:\/\/stiftungsmarktplatz.eu\/blog\/hoffnung-ist-oft-ein-jagdhund-ohne-spur\/"]}]},{"@type":"ImageObject","inLanguage":"de","@id":"https:\/\/stiftungsmarktplatz.eu\/blog\/hoffnung-ist-oft-ein-jagdhund-ohne-spur\/#primaryimage","url":"https:\/\/stiftungsmarktplatz.eu\/blog\/wp-content\/uploads\/2022\/06\/newsletter-21062022.jpg","contentUrl":"https:\/\/stiftungsmarktplatz.eu\/blog\/wp-content\/uploads\/2022\/06\/newsletter-21062022.jpg","width":1200,"height":675,"caption":"Newsletter 21.06.2022"},{"@type":"BreadcrumbList","@id":"https:\/\/stiftungsmarktplatz.eu\/blog\/hoffnung-ist-oft-ein-jagdhund-ohne-spur\/#breadcrumb","itemListElement":[{"@type":"ListItem","position":1,"name":"Startseite","item":"https:\/\/stiftungsmarktplatz.eu\/blog\/"},{"@type":"ListItem","position":2,"name":"Hoffnung ist oft ein Jagdhund ohne Spur"}]},{"@type":"WebSite","@id":"https:\/\/stiftungsmarktplatz.eu\/blog\/#website","url":"https:\/\/stiftungsmarktplatz.eu\/blog\/","name":"Der Stiftungsblog f\u00fcr die Stiftungspraxis","description":"#stiftungenst\u00e4rken - NPO-Expertise von NPO-Experten","publisher":{"@id":"https:\/\/stiftungsmarktplatz.eu\/blog\/#organization"},"potentialAction":[{"@type":"SearchAction","target":{"@type":"EntryPoint","urlTemplate":"https:\/\/stiftungsmarktplatz.eu\/blog\/?s={search_term_string}"},"query-input":{"@type":"PropertyValueSpecification","valueRequired":true,"valueName":"search_term_string"}}],"inLanguage":"de"},{"@type":"Organization","@id":"https:\/\/stiftungsmarktplatz.eu\/blog\/#organization","name":"stiftungsmarktplatz.eu GbR","url":"https:\/\/stiftungsmarktplatz.eu\/blog\/","logo":{"@type":"ImageObject","inLanguage":"de","@id":"https:\/\/stiftungsmarktplatz.eu\/blog\/#\/schema\/logo\/image\/","url":"https:\/\/stiftungsmarktplatz.eu\/blog\/wp-content\/uploads\/2020\/03\/Logo-blog-retina.png","contentUrl":"https:\/\/stiftungsmarktplatz.eu\/blog\/wp-content\/uploads\/2020\/03\/Logo-blog-retina.png","width":140,"height":130,"caption":"stiftungsmarktplatz.eu GbR"},"image":{"@id":"https:\/\/stiftungsmarktplatz.eu\/blog\/#\/schema\/logo\/image\/"},"sameAs":["https:\/\/www.linkedin.com\/company\/18563519\/","https:\/\/www.youtube.com\/channel\/UCQrF6RQRFGxTokVV4nbx25Q"]},{"@type":"Person","@id":"https:\/\/stiftungsmarktplatz.eu\/blog\/#\/schema\/person\/3a42780bf87a2088578f1e8077ccfa44","name":"Tobias Karow","image":{"@type":"ImageObject","inLanguage":"de","@id":"https:\/\/stiftungsmarktplatz.eu\/blog\/wp-content\/uploads\/2024\/05\/tobias-karow-2024-150x150.png","url":"https:\/\/stiftungsmarktplatz.eu\/blog\/wp-content\/uploads\/2024\/05\/tobias-karow-2024-150x150.png","contentUrl":"https:\/\/stiftungsmarktplatz.eu\/blog\/wp-content\/uploads\/2024\/05\/tobias-karow-2024-150x150.png","caption":"Tobias Karow"},"description":"ist Gr\u00fcnder und Gesch\u00e4ftsf\u00fchrer von stiftungsmarktplatz.eu und im Stiftungswesen in Deutschland, \u00d6sterreich, der Schweiz und Liechtenstein seit 10 Jahren aktiv. Er ist Herausgeber der FondsFibel f\u00fcr Stiftungen &amp; NPOs, dem f\u00fchrenden Nachschlagewerk f\u00fcr Stiftungsfonds und stiftungsgeeignete Fonds (www.fondsfibel.de), Vortr\u00e4ge h\u00e4lt er vor allem zum Thema \u201aStiftungen und ihr Weg in die digitale Welt\u2018. F\u00fcr beide Themen betreibt er den Blog #stiftungenst\u00e4rken.","sameAs":["https:\/\/www.fondsfibel.de"],"url":"https:\/\/stiftungsmarktplatz.eu\/blog\/author\/tobias-karow\/"}]}},"post_mailing_queue_ids":[],"_links":{"self":[{"href":"https:\/\/stiftungsmarktplatz.eu\/blog\/wp-json\/wp\/v2\/posts\/4303","targetHints":{"allow":["GET"]}}],"collection":[{"href":"https:\/\/stiftungsmarktplatz.eu\/blog\/wp-json\/wp\/v2\/posts"}],"about":[{"href":"https:\/\/stiftungsmarktplatz.eu\/blog\/wp-json\/wp\/v2\/types\/post"}],"author":[{"embeddable":true,"href":"https:\/\/stiftungsmarktplatz.eu\/blog\/wp-json\/wp\/v2\/users\/8"}],"replies":[{"embeddable":true,"href":"https:\/\/stiftungsmarktplatz.eu\/blog\/wp-json\/wp\/v2\/comments?post=4303"}],"version-history":[{"count":10,"href":"https:\/\/stiftungsmarktplatz.eu\/blog\/wp-json\/wp\/v2\/posts\/4303\/revisions"}],"predecessor-version":[{"id":5586,"href":"https:\/\/stiftungsmarktplatz.eu\/blog\/wp-json\/wp\/v2\/posts\/4303\/revisions\/5586"}],"wp:featuredmedia":[{"embeddable":true,"href":"https:\/\/stiftungsmarktplatz.eu\/blog\/wp-json\/wp\/v2\/media\/4304"}],"wp:attachment":[{"href":"https:\/\/stiftungsmarktplatz.eu\/blog\/wp-json\/wp\/v2\/media?parent=4303"}],"wp:term":[{"taxonomy":"category","embeddable":true,"href":"https:\/\/stiftungsmarktplatz.eu\/blog\/wp-json\/wp\/v2\/categories?post=4303"},{"taxonomy":"post_tag","embeddable":true,"href":"https:\/\/stiftungsmarktplatz.eu\/blog\/wp-json\/wp\/v2\/tags?post=4303"}],"curies":[{"name":"wp","href":"https:\/\/api.w.org\/{rel}","templated":true}]}}