{"id":3834,"date":"2022-04-14T16:00:00","date_gmt":"2022-04-14T14:00:00","guid":{"rendered":"https:\/\/stiftungsmarktplatz.eu\/blog\/?p=3834"},"modified":"2022-04-14T15:09:59","modified_gmt":"2022-04-14T13:09:59","slug":"die-neue-nachhaltigkeit-im-stiftungsvermoegen","status":"publish","type":"post","link":"https:\/\/stiftungsmarktplatz.eu\/blog\/die-neue-nachhaltigkeit-im-stiftungsvermoegen\/","title":{"rendered":"Die neue Nachhaltigkeit im Stiftungsverm\u00f6gen"},"content":{"rendered":"<span class=\"span-reading-time rt-reading-time\" style=\"display: block;\"><span class=\"rt-label rt-prefix\">Lesezeit: <\/span> <span class=\"rt-time\"> 3<\/span> <span class=\"rt-label rt-postfix\">Minuten<\/span><\/span>\n<p><strong>Wir haben jetzt viele Monate und Jahre \u00fcber Nachhaltigkeit diskutiert, <\/strong>dar\u00fcber, wie auch Stiftungsverm\u00f6gen noch besser so investiert werden kann, dass dem Gemeinwohl auch dadurch kein Schaden entsteht. F\u00fcr Stiftungen steckt in der Diskussion um Nachhaltigkeit einmal die Chance, Stiftungsverm\u00f6gen zukunftsfest aufzustellen, zum anderen aber auch <strong>der Weg dahin, an Reputation zu gewinnen \u2013 bzw. umgekehrt Reputationsrisiken zu vermeiden<\/strong>. <\/p>\n\n\n\n<p>Denn wie soll denn beispielsweise ein potentieller Spender seine Spende verargumentieren, wenn er wei\u00df, dass die Stiftung mit ihren Investments kaum auf E, S und G schaut. <strong>Das wird k\u00fcnftig nicht mehr zusammenpassen<\/strong>. <\/p>\n\n\n\n<p>Allerdings haben die letzten 8 Wochen auch diese Diskussion schon wieder ver\u00e4ndert, wurden in Windeseile Wahrheiten, Gewissheiten und Pl\u00e4ne \u00fcber Bord geworfen \u2013 weil das geopolitische R\u00e4nkespiel genau derlei erfordert. Wie hei\u00dft es in dem Film \u201eThe Dark Knight\u201c so treffend: <strong>\u201eEs gibt Menschen, die wollen die Welt einfach brennen sehen.\u201c<\/strong>, und wenn der Machthaber in Moskau ein solcher Mensch ist, dann ist die Welt ab sofort eine andere.<\/p>\n\n\n\n<figure class=\"wp-block-image size-full\"><a href=\"https:\/\/vtfds.de\/\" target=\"_blank\" rel=\"noopener\"><img loading=\"lazy\" decoding=\"async\" width=\"800\" height=\"96\" src=\"https:\/\/stiftungsmarktplatz.eu\/blog\/wp-content\/uploads\/2022\/02\/banner-vtfds2022-FF-800x96-1.jpg\" alt=\"vtfds2022 -Virtueller tag f\u00fcr das Stiftungsverm\u00f6gen\" class=\"wp-image-3202\" srcset=\"https:\/\/stiftungsmarktplatz.eu\/blog\/wp-content\/uploads\/2022\/02\/banner-vtfds2022-FF-800x96-1.jpg 800w, https:\/\/stiftungsmarktplatz.eu\/blog\/wp-content\/uploads\/2022\/02\/banner-vtfds2022-FF-800x96-1-300x36.jpg 300w, https:\/\/stiftungsmarktplatz.eu\/blog\/wp-content\/uploads\/2022\/02\/banner-vtfds2022-FF-800x96-1-768x92.jpg 768w, https:\/\/stiftungsmarktplatz.eu\/blog\/wp-content\/uploads\/2022\/02\/banner-vtfds2022-FF-800x96-1-696x84.jpg 696w\" sizes=\"auto, (max-width: 800px) 100vw, 800px\" \/><\/a><\/figure>\n\n\n\n<h2 class=\"wp-block-heading\">Stiftungsverm\u00f6gen muss unter gr\u00f6\u00dftm\u00f6glicher Unsicherheit angelegt werden<\/h2>\n\n\n\n<p>Es sind also <strong>hoch-dynamische Zeiten, in denen Stiftungsverm\u00f6gen veranlagt werden muss<\/strong>, oder anders: in denen <strong>Entscheidungen<\/strong> f\u00fcr das Anlegen von Stiftungskapital <strong>unter gr\u00f6\u00dftm\u00f6glicher Unsicherheit getroffen werden m\u00fcssen<\/strong>. <\/p>\n\n\n\n<p>Entsprechend vielf\u00e4ltig sind die Denkans\u00e4tze, die verfolgt werden k\u00f6nnen, entsprechend vielf\u00e4ltig sind die Handlungsoptionen \u2013 und genau dar\u00fcber sprechen wir beim <strong><u><a href=\"https:\/\/vtfds.de\/\" target=\"_blank\" rel=\"noreferrer noopener\">3. Virtuellen Tag f\u00fcr das Stiftungsverm\u00f6gen am 27.4.2022 ab 9:30 Uhr<\/a><\/u><\/strong> mit mehr als 20 StiftungsmanagerInnen und StiftungsexpertInnen. Wir m\u00f6chten jene Denk- und Handlungsanst\u00f6\u00dfe f\u00fcr die t\u00e4gliche Stiftungspraxis geben, ein entsprechend dichtes Programm haben wir gestrickt. <strong><a href=\"https:\/\/vtfds.de\/wp-content\/uploads\/2022\/04\/vtfds2022-programm.pdf\" target=\"_blank\" rel=\"noreferrer noopener\">Aber sehen Sie selbst<\/a><\/strong> <br><br><\/p>\n\n\n\n<figure class=\"wp-block-image size-large\"><a href=\"https:\/\/vtfds.de\/\" target=\"_blank\" rel=\"noopener\"><img loading=\"lazy\" decoding=\"async\" width=\"1024\" height=\"576\" src=\"https:\/\/stiftungsmarktplatz.eu\/blog\/wp-content\/uploads\/2022\/04\/vtfds2022-Teaser-Katrin-Toenshoff-1024x576.jpg\" alt=\"#vtfds2022 Katrin T\u00f6nshoff\" class=\"wp-image-3836\" srcset=\"https:\/\/stiftungsmarktplatz.eu\/blog\/wp-content\/uploads\/2022\/04\/vtfds2022-Teaser-Katrin-Toenshoff-1024x576.jpg 1024w, https:\/\/stiftungsmarktplatz.eu\/blog\/wp-content\/uploads\/2022\/04\/vtfds2022-Teaser-Katrin-Toenshoff-300x169.jpg 300w, https:\/\/stiftungsmarktplatz.eu\/blog\/wp-content\/uploads\/2022\/04\/vtfds2022-Teaser-Katrin-Toenshoff-768x432.jpg 768w, https:\/\/stiftungsmarktplatz.eu\/blog\/wp-content\/uploads\/2022\/04\/vtfds2022-Teaser-Katrin-Toenshoff-696x392.jpg 696w, https:\/\/stiftungsmarktplatz.eu\/blog\/wp-content\/uploads\/2022\/04\/vtfds2022-Teaser-Katrin-Toenshoff-1068x601.jpg 1068w, https:\/\/stiftungsmarktplatz.eu\/blog\/wp-content\/uploads\/2022\/04\/vtfds2022-Teaser-Katrin-Toenshoff.jpg 1280w\" sizes=\"auto, (max-width: 1024px) 100vw, 1024px\" \/><\/a><\/figure>\n\n\n\n<h2 class=\"wp-block-heading\">Die #vtfds2022-Themen<\/h2>\n\n\n\n<p><strong>Stiftungsverm\u00f6gen 2030<\/strong> \u2013 wie muss Stiftungsverm\u00f6gen heute investiert und diversifiziert werden, damit es morgen resilienter ist? +++ <strong>Die Stiftungsrechtsreform<\/strong> \u2013 ist die im vergangenen Jahr beschlossene und im kommenden Jahr in Kraft tretende Reform des Stiftungsrechts nun GAMECHANGER oder nicht? +++ <strong>Das resilientere Stiftungsverm\u00f6gen<\/strong> \u2013 wer Resilienz als wirtschaftliches Stehverm\u00f6gen interpretiert, der braucht eine Idee, dieses wirtschaftliche Stehverm\u00f6gen langfristig zu konservieren, um dauerhaft den Stiftungszweck verwirklichen zu k\u00f6nnen +++ DAZU: <strong>2 Elevator Pitches<\/strong>, in denen jeweils 3 Fonds in drei Minuten vorgestellt werden +++ LAST BUT NOCH LEAST: <strong>Der Tellerand-Talk<\/strong> \u2013 welche Themen und Fragestellungen besch\u00e4ftigen Stiftungen in \u00d6sterreich und der Schweiz in der aktuellen Gemengelage<\/p>\n\n\n\n<figure class=\"wp-block-image size-large\"><a href=\"https:\/\/vtfds.de\/\" target=\"_blank\" rel=\"noopener\"><img loading=\"lazy\" decoding=\"async\" width=\"1024\" height=\"576\" src=\"https:\/\/stiftungsmarktplatz.eu\/blog\/wp-content\/uploads\/2022\/04\/vtfds2022-Teaser-Dr-Uwe-Dyk-1024x576.jpg\" alt=\"#vtfds2022 Dr. Uwe Dyk\" class=\"wp-image-3837\" srcset=\"https:\/\/stiftungsmarktplatz.eu\/blog\/wp-content\/uploads\/2022\/04\/vtfds2022-Teaser-Dr-Uwe-Dyk-1024x576.jpg 1024w, https:\/\/stiftungsmarktplatz.eu\/blog\/wp-content\/uploads\/2022\/04\/vtfds2022-Teaser-Dr-Uwe-Dyk-300x169.jpg 300w, https:\/\/stiftungsmarktplatz.eu\/blog\/wp-content\/uploads\/2022\/04\/vtfds2022-Teaser-Dr-Uwe-Dyk-768x432.jpg 768w, https:\/\/stiftungsmarktplatz.eu\/blog\/wp-content\/uploads\/2022\/04\/vtfds2022-Teaser-Dr-Uwe-Dyk-696x392.jpg 696w, https:\/\/stiftungsmarktplatz.eu\/blog\/wp-content\/uploads\/2022\/04\/vtfds2022-Teaser-Dr-Uwe-Dyk-1068x601.jpg 1068w, https:\/\/stiftungsmarktplatz.eu\/blog\/wp-content\/uploads\/2022\/04\/vtfds2022-Teaser-Dr-Uwe-Dyk.jpg 1280w\" sizes=\"auto, (max-width: 1024px) 100vw, 1024px\" \/><\/a><\/figure>\n\n\n\n<h2 class=\"wp-block-heading\">Der #vtfds-Livestream<\/h2>\n\n\n\n<p>So Sie sich den 3. Virtuellen Tag f\u00fcr das Stiftungsverm\u00f6gen anschauen m\u00f6chten, klicken Sie sich auf <a href=\"https:\/\/vtfds.de\/\">www.vtfds.de<\/a> einfach 9:30 Uhr in den Livestream \u2013 wann immer Sie wollen, wie lange Sie wollen. Sie brauchen sich nicht anzumelden, sondern sind wie im Fernsehen einfach Zuschauer von Deutschlands erster TV-Show rund um Stiftungsverm\u00f6gen. <\/p>\n\n\n\n<figure class=\"wp-block-image size-full\"><a href=\"https:\/\/stiftungsmarktplatz.eu\/newsletter-anmeldung-2\/\" target=\"_blank\" rel=\"noopener\"><img loading=\"lazy\" decoding=\"async\" width=\"800\" height=\"150\" src=\"https:\/\/stiftungsmarktplatz.eu\/blog\/wp-content\/uploads\/2022\/03\/banner-newsletter.gif\" alt=\"\" class=\"wp-image-3553\"\/><\/a><\/figure>\n\n\n\n<h2 class=\"wp-block-heading\">Wie k\u00f6nnen Sie interagieren mit dem #vtfds2022? <\/h2>\n\n\n\n<p>Ihre Fragen nehmen wir gerne mit ins Programm, <strong>schreiben Sie uns einfach an <\/strong><a href=\"mailto:wirsinddabei@stiftungsmarktplatz.eu?subject=Stichwort%20#vtfds2022\"><strong>wirsinddabei@stiftungsmarktplatz.eu<\/strong><\/a><strong> mit dem Stichwort <em>#vtfds2022<\/em><\/strong>, dann ist Ihr Thema mit dabei. Oder aber Sie twittern Ihre Frage in unseren <a href=\"https:\/\/twitter.com\/StiMaPla\" target=\"_blank\" rel=\"noreferrer noopener\">Twitter-Kanal an @StiMaPla<\/a>, auch so gelangt Ihr Anliegen live ins Studio. <\/p>\n\n\n\n<p><strong>Ab 14 Uhr gibt\u2019s in diesem Jahr zudem den #vtfds-BreakOutCoffee<\/strong>, in dem Sie Ihre Frage vertraulich mit unseren Stiftungsexperten vertiefen k\u00f6nnen. Auch hier reicht eine Mail an <a href=\"mailto:wirsinddabei@stiftungsmarktplatz.eu\">wirsinddabei@stiftungsmarktplatz.eu<\/a> und wir senden Ihnen den Zoom-Link f\u00fcr den BreakOutCoffee zu.<\/p>\n\n\n\n<figure class=\"wp-block-image size-large\"><a href=\"https:\/\/vtfds.de\/\" target=\"_blank\" rel=\"noopener\"><img loading=\"lazy\" decoding=\"async\" width=\"1024\" height=\"576\" src=\"https:\/\/stiftungsmarktplatz.eu\/blog\/wp-content\/uploads\/2022\/04\/teaser-vtfds2022-BreakOutCoffee-1024x576.jpg\" alt=\"\" class=\"wp-image-3761\" srcset=\"https:\/\/stiftungsmarktplatz.eu\/blog\/wp-content\/uploads\/2022\/04\/teaser-vtfds2022-BreakOutCoffee-1024x576.jpg 1024w, https:\/\/stiftungsmarktplatz.eu\/blog\/wp-content\/uploads\/2022\/04\/teaser-vtfds2022-BreakOutCoffee-300x169.jpg 300w, https:\/\/stiftungsmarktplatz.eu\/blog\/wp-content\/uploads\/2022\/04\/teaser-vtfds2022-BreakOutCoffee-768x432.jpg 768w, https:\/\/stiftungsmarktplatz.eu\/blog\/wp-content\/uploads\/2022\/04\/teaser-vtfds2022-BreakOutCoffee-696x392.jpg 696w, https:\/\/stiftungsmarktplatz.eu\/blog\/wp-content\/uploads\/2022\/04\/teaser-vtfds2022-BreakOutCoffee-1068x601.jpg 1068w, https:\/\/stiftungsmarktplatz.eu\/blog\/wp-content\/uploads\/2022\/04\/teaser-vtfds2022-BreakOutCoffee.jpg 1200w\" sizes=\"auto, (max-width: 1024px) 100vw, 1024px\" \/><\/a><\/figure>\n\n\n\n<h2 class=\"wp-block-heading\">Der #vtfds2022 auf #stiftungenst\u00e4rken<\/h2>\n\n\n\n<ul class=\"wp-block-list\"><li><a href=\"https:\/\/stiftungsmarktplatz.eu\/blog\/das-resiliente-stiftungsvermoegen-laesst-sich-nicht-einfach-malen\/\">Ein paar Gedanken zum resilienten Stiftungsverm\u00f6gen<\/a> <\/li><li><a href=\"https:\/\/stiftungsmarktplatz.eu\/blog\/das-resiliente-stiftungsvermoegen-laesst-sich-nicht-einfach-malen\/\">Ein #FreitagsPodcast SPEZIAL zur Anleihe als Performance-Bringer <\/a> <\/li><li><a href=\"https:\/\/stiftungsmarktplatz.eu\/blog\/stiftungsvermoegen-und-das-investitionsdreieck\/\">Stiftungsverm\u00f6gen und das Investitionsdreieck <\/a><\/li><\/ul>\n\n\n\n<figure class=\"wp-block-image size-full\"><a href=\"https:\/\/vtfds.de\/\" target=\"_blank\" rel=\"noopener\"><img loading=\"lazy\" decoding=\"async\" width=\"700\" height=\"394\" src=\"https:\/\/stiftungsmarktplatz.eu\/blog\/wp-content\/uploads\/2022\/03\/vtfds2022-partner-1.jpg\" alt=\"\" class=\"wp-image-3536\" srcset=\"https:\/\/stiftungsmarktplatz.eu\/blog\/wp-content\/uploads\/2022\/03\/vtfds2022-partner-1.jpg 700w, https:\/\/stiftungsmarktplatz.eu\/blog\/wp-content\/uploads\/2022\/03\/vtfds2022-partner-1-300x169.jpg 300w, https:\/\/stiftungsmarktplatz.eu\/blog\/wp-content\/uploads\/2022\/03\/vtfds2022-partner-1-696x392.jpg 696w\" sizes=\"auto, (max-width: 700px) 100vw, 700px\" \/><\/a><\/figure>\n\n\n\n<p><br>Jetzt bleibt uns nur, <strong>uns auf Sie zu freuen als Zuschauer beim 3. Virtuellen Tag f\u00fcr das Stiftungsverm\u00f6gen<\/strong>, wir geben richtig Gas, damit Sie f\u00fcr ihre t\u00e4gliche Stiftungspraxis die passenden Tipps, Anregungen und Denkanst\u00f6\u00dfe mitnehmen k\u00f6nnen, <strong>damit Sie f\u00fcr ihr Stiftungsverm\u00f6gen die besseren sachgerechten Entscheidungen treffen k\u00f6nnen<\/strong>. Das ist unter maximaler Unsicherheit zwar schwer, aber: Es ist machbar.<\/p>\n\n\n\n<figure class=\"wp-block-image size-full\"><a href=\"mailto:info@absolut-research.de?subject=Kostenfreies%20Abo%20f%C3%BCr%20Absolut%7Cranking%20f%C3%BCr%20Stiftungsverantwortliche\" target=\"_blank\" rel=\"noopener\"><img loading=\"lazy\" decoding=\"async\" width=\"695\" height=\"245\" src=\"https:\/\/stiftungsmarktplatz.eu\/blog\/wp-content\/uploads\/2022\/04\/Banner-Koop_Stiftungen-ASAP_695x245_final.jpg\" alt=\"Banner Absolut Report\" class=\"wp-image-3847\" srcset=\"https:\/\/stiftungsmarktplatz.eu\/blog\/wp-content\/uploads\/2022\/04\/Banner-Koop_Stiftungen-ASAP_695x245_final.jpg 695w, https:\/\/stiftungsmarktplatz.eu\/blog\/wp-content\/uploads\/2022\/04\/Banner-Koop_Stiftungen-ASAP_695x245_final-300x106.jpg 300w\" sizes=\"auto, (max-width: 695px) 100vw, 695px\" \/><\/a><\/figure>\n","protected":false},"excerpt":{"rendered":"<p><span class=\"span-reading-time rt-reading-time\" style=\"display: block;\"><span class=\"rt-label rt-prefix\">Lesezeit: <\/span> <span class=\"rt-time\"> 3<\/span> <span class=\"rt-label rt-postfix\">Minuten<\/span><\/span>Wir haben jetzt viele Monate und Jahre \u00fcber Nachhaltigkeit diskutiert, dar\u00fcber, wie auch Stiftungsverm\u00f6gen noch besser so investiert werden kann, dass dem Gemeinwohl auch dadurch kein Schaden entsteht. F\u00fcr Stiftungen steckt in der Diskussion um Nachhaltigkeit einmal die Chance, Stiftungsverm\u00f6gen zukunftsfest aufzustellen, zum anderen aber auch der Weg dahin, an Reputation zu gewinnen \u2013 bzw. umgekehrt Reputationsrisiken zu vermeiden. Denn wie soll denn beispielsweise ein potentieller Spender seine Spende verargumentieren, wenn er wei\u00df, dass die Stiftung mit ihren Investments kaum auf E, S und G schaut. Das wird k\u00fcnftig nicht mehr zusammenpassen. Allerdings haben die letzten 8 Wochen auch diese Diskussion schon wieder ver\u00e4ndert, wurden in Windeseile Wahrheiten, Gewissheiten und Pl\u00e4ne \u00fcber Bord geworfen \u2013 weil das geopolitische R\u00e4nkespiel genau derlei erfordert.<\/p>\n","protected":false},"author":8,"featured_media":3835,"comment_status":"closed","ping_status":"open","sticky":false,"template":"","format":"standard","meta":{"ngg_post_thumbnail":0,"footnotes":""},"categories":[395],"tags":[],"class_list":{"0":"post-3834","1":"post","2":"type-post","3":"status-publish","4":"format-standard","5":"has-post-thumbnail","7":"category-der-skipper-newsletter-archiv"},"yoast_head":"<!-- This site is optimized with the Yoast SEO plugin v27.4 - https:\/\/yoast.com\/product\/yoast-seo-wordpress\/ -->\n<title>Die neue Nachhaltigkeit im Stiftungsverm\u00f6gen - Der Stiftungsblog f\u00fcr die Stiftungspraxis<\/title>\n<meta name=\"description\" content=\"Wir haben jetzt viele Monate und Jahre \u00fcber Nachhaltigkeit diskutiert, dar\u00fcber, wie auch Stiftungsverm\u00f6gen noch besser so investiert werden kann, dass dem Gemeinwohl auch dadurch kein Schaden entsteht. F\u00fcr Stiftungen steckt in der Diskussion um Nachhaltigkeit einmal die Chance,\" \/>\n<meta name=\"robots\" content=\"index, follow, max-snippet:-1, max-image-preview:large, max-video-preview:-1\" \/>\n<link rel=\"canonical\" href=\"https:\/\/stiftungsmarktplatz.eu\/blog\/die-neue-nachhaltigkeit-im-stiftungsvermoegen\/\" \/>\n<meta property=\"og:locale\" content=\"de_DE\" \/>\n<meta property=\"og:type\" content=\"article\" \/>\n<meta property=\"og:title\" content=\"Die neue Nachhaltigkeit im Stiftungsverm\u00f6gen - Der Stiftungsblog f\u00fcr die Stiftungspraxis\" \/>\n<meta property=\"og:description\" content=\"Wir haben jetzt viele Monate und Jahre \u00fcber Nachhaltigkeit diskutiert, dar\u00fcber, wie auch Stiftungsverm\u00f6gen noch besser so investiert werden kann, dass dem Gemeinwohl auch dadurch kein Schaden entsteht. F\u00fcr Stiftungen steckt in der Diskussion um Nachhaltigkeit einmal die Chance,\" \/>\n<meta property=\"og:url\" content=\"https:\/\/stiftungsmarktplatz.eu\/blog\/die-neue-nachhaltigkeit-im-stiftungsvermoegen\/\" \/>\n<meta property=\"og:site_name\" content=\"Der Stiftungsblog f\u00fcr die Stiftungspraxis\" \/>\n<meta property=\"article:published_time\" content=\"2022-04-14T14:00:00+00:00\" \/>\n<meta property=\"og:image\" content=\"https:\/\/stiftungsmarktplatz.eu\/blog\/wp-content\/uploads\/2022\/04\/header-newsletter14042022.jpg\" \/>\n\t<meta property=\"og:image:width\" content=\"1200\" \/>\n\t<meta property=\"og:image:height\" content=\"675\" \/>\n\t<meta property=\"og:image:type\" content=\"image\/jpeg\" \/>\n<meta name=\"author\" content=\"Tobias Karow\" \/>\n<meta name=\"twitter:card\" content=\"summary_large_image\" \/>\n<meta name=\"twitter:label1\" content=\"Verfasst von\" \/>\n\t<meta name=\"twitter:data1\" content=\"Tobias Karow\" \/>\n\t<meta name=\"twitter:label2\" content=\"Gesch\u00e4tzte Lesezeit\" \/>\n\t<meta name=\"twitter:data2\" content=\"5\u00a0Minuten\" \/>\n<script type=\"application\/ld+json\" class=\"yoast-schema-graph\">{\"@context\":\"https:\\\/\\\/schema.org\",\"@graph\":[{\"@type\":\"Article\",\"@id\":\"https:\\\/\\\/stiftungsmarktplatz.eu\\\/blog\\\/die-neue-nachhaltigkeit-im-stiftungsvermoegen\\\/#article\",\"isPartOf\":{\"@id\":\"https:\\\/\\\/stiftungsmarktplatz.eu\\\/blog\\\/die-neue-nachhaltigkeit-im-stiftungsvermoegen\\\/\"},\"author\":{\"name\":\"Tobias Karow\",\"@id\":\"https:\\\/\\\/stiftungsmarktplatz.eu\\\/blog\\\/#\\\/schema\\\/person\\\/3a42780bf87a2088578f1e8077ccfa44\"},\"headline\":\"Die neue Nachhaltigkeit im Stiftungsverm\u00f6gen\",\"datePublished\":\"2022-04-14T14:00:00+00:00\",\"mainEntityOfPage\":{\"@id\":\"https:\\\/\\\/stiftungsmarktplatz.eu\\\/blog\\\/die-neue-nachhaltigkeit-im-stiftungsvermoegen\\\/\"},\"wordCount\":628,\"publisher\":{\"@id\":\"https:\\\/\\\/stiftungsmarktplatz.eu\\\/blog\\\/#organization\"},\"image\":{\"@id\":\"https:\\\/\\\/stiftungsmarktplatz.eu\\\/blog\\\/die-neue-nachhaltigkeit-im-stiftungsvermoegen\\\/#primaryimage\"},\"thumbnailUrl\":\"https:\\\/\\\/stiftungsmarktplatz.eu\\\/blog\\\/wp-content\\\/uploads\\\/2022\\\/04\\\/header-newsletter14042022.jpg\",\"articleSection\":[\"Des Skippers Heimathafen - das Archiv\"],\"inLanguage\":\"de\"},{\"@type\":\"WebPage\",\"@id\":\"https:\\\/\\\/stiftungsmarktplatz.eu\\\/blog\\\/die-neue-nachhaltigkeit-im-stiftungsvermoegen\\\/\",\"url\":\"https:\\\/\\\/stiftungsmarktplatz.eu\\\/blog\\\/die-neue-nachhaltigkeit-im-stiftungsvermoegen\\\/\",\"name\":\"Die neue Nachhaltigkeit im Stiftungsverm\u00f6gen - Der Stiftungsblog f\u00fcr die Stiftungspraxis\",\"isPartOf\":{\"@id\":\"https:\\\/\\\/stiftungsmarktplatz.eu\\\/blog\\\/#website\"},\"primaryImageOfPage\":{\"@id\":\"https:\\\/\\\/stiftungsmarktplatz.eu\\\/blog\\\/die-neue-nachhaltigkeit-im-stiftungsvermoegen\\\/#primaryimage\"},\"image\":{\"@id\":\"https:\\\/\\\/stiftungsmarktplatz.eu\\\/blog\\\/die-neue-nachhaltigkeit-im-stiftungsvermoegen\\\/#primaryimage\"},\"thumbnailUrl\":\"https:\\\/\\\/stiftungsmarktplatz.eu\\\/blog\\\/wp-content\\\/uploads\\\/2022\\\/04\\\/header-newsletter14042022.jpg\",\"datePublished\":\"2022-04-14T14:00:00+00:00\",\"description\":\"Wir haben jetzt viele Monate und Jahre \u00fcber Nachhaltigkeit diskutiert, dar\u00fcber, wie auch Stiftungsverm\u00f6gen noch besser so investiert werden kann, dass dem Gemeinwohl auch dadurch kein Schaden entsteht. F\u00fcr Stiftungen steckt in der Diskussion um Nachhaltigkeit einmal die Chance,\",\"breadcrumb\":{\"@id\":\"https:\\\/\\\/stiftungsmarktplatz.eu\\\/blog\\\/die-neue-nachhaltigkeit-im-stiftungsvermoegen\\\/#breadcrumb\"},\"inLanguage\":\"de\",\"potentialAction\":[{\"@type\":\"ReadAction\",\"target\":[\"https:\\\/\\\/stiftungsmarktplatz.eu\\\/blog\\\/die-neue-nachhaltigkeit-im-stiftungsvermoegen\\\/\"]}]},{\"@type\":\"ImageObject\",\"inLanguage\":\"de\",\"@id\":\"https:\\\/\\\/stiftungsmarktplatz.eu\\\/blog\\\/die-neue-nachhaltigkeit-im-stiftungsvermoegen\\\/#primaryimage\",\"url\":\"https:\\\/\\\/stiftungsmarktplatz.eu\\\/blog\\\/wp-content\\\/uploads\\\/2022\\\/04\\\/header-newsletter14042022.jpg\",\"contentUrl\":\"https:\\\/\\\/stiftungsmarktplatz.eu\\\/blog\\\/wp-content\\\/uploads\\\/2022\\\/04\\\/header-newsletter14042022.jpg\",\"width\":1200,\"height\":675,\"caption\":\"Newsletter 14.04.2022\"},{\"@type\":\"BreadcrumbList\",\"@id\":\"https:\\\/\\\/stiftungsmarktplatz.eu\\\/blog\\\/die-neue-nachhaltigkeit-im-stiftungsvermoegen\\\/#breadcrumb\",\"itemListElement\":[{\"@type\":\"ListItem\",\"position\":1,\"name\":\"Startseite\",\"item\":\"https:\\\/\\\/stiftungsmarktplatz.eu\\\/blog\\\/\"},{\"@type\":\"ListItem\",\"position\":2,\"name\":\"Die neue Nachhaltigkeit im Stiftungsverm\u00f6gen\"}]},{\"@type\":\"WebSite\",\"@id\":\"https:\\\/\\\/stiftungsmarktplatz.eu\\\/blog\\\/#website\",\"url\":\"https:\\\/\\\/stiftungsmarktplatz.eu\\\/blog\\\/\",\"name\":\"Der Stiftungsblog f\u00fcr die Stiftungspraxis\",\"description\":\"#stiftungenst\u00e4rken - NPO-Expertise von NPO-Experten\",\"publisher\":{\"@id\":\"https:\\\/\\\/stiftungsmarktplatz.eu\\\/blog\\\/#organization\"},\"potentialAction\":[{\"@type\":\"SearchAction\",\"target\":{\"@type\":\"EntryPoint\",\"urlTemplate\":\"https:\\\/\\\/stiftungsmarktplatz.eu\\\/blog\\\/?s={search_term_string}\"},\"query-input\":{\"@type\":\"PropertyValueSpecification\",\"valueRequired\":true,\"valueName\":\"search_term_string\"}}],\"inLanguage\":\"de\"},{\"@type\":\"Organization\",\"@id\":\"https:\\\/\\\/stiftungsmarktplatz.eu\\\/blog\\\/#organization\",\"name\":\"stiftungsmarktplatz.eu GbR\",\"url\":\"https:\\\/\\\/stiftungsmarktplatz.eu\\\/blog\\\/\",\"logo\":{\"@type\":\"ImageObject\",\"inLanguage\":\"de\",\"@id\":\"https:\\\/\\\/stiftungsmarktplatz.eu\\\/blog\\\/#\\\/schema\\\/logo\\\/image\\\/\",\"url\":\"https:\\\/\\\/stiftungsmarktplatz.eu\\\/blog\\\/wp-content\\\/uploads\\\/2020\\\/03\\\/Logo-blog-retina.png\",\"contentUrl\":\"https:\\\/\\\/stiftungsmarktplatz.eu\\\/blog\\\/wp-content\\\/uploads\\\/2020\\\/03\\\/Logo-blog-retina.png\",\"width\":140,\"height\":130,\"caption\":\"stiftungsmarktplatz.eu GbR\"},\"image\":{\"@id\":\"https:\\\/\\\/stiftungsmarktplatz.eu\\\/blog\\\/#\\\/schema\\\/logo\\\/image\\\/\"},\"sameAs\":[\"https:\\\/\\\/www.linkedin.com\\\/company\\\/18563519\\\/\",\"https:\\\/\\\/www.youtube.com\\\/channel\\\/UCQrF6RQRFGxTokVV4nbx25Q\"]},{\"@type\":\"Person\",\"@id\":\"https:\\\/\\\/stiftungsmarktplatz.eu\\\/blog\\\/#\\\/schema\\\/person\\\/3a42780bf87a2088578f1e8077ccfa44\",\"name\":\"Tobias Karow\",\"image\":{\"@type\":\"ImageObject\",\"inLanguage\":\"de\",\"@id\":\"https:\\\/\\\/stiftungsmarktplatz.eu\\\/blog\\\/wp-content\\\/uploads\\\/2024\\\/05\\\/tobias-karow-2024-150x150.png\",\"url\":\"https:\\\/\\\/stiftungsmarktplatz.eu\\\/blog\\\/wp-content\\\/uploads\\\/2024\\\/05\\\/tobias-karow-2024-150x150.png\",\"contentUrl\":\"https:\\\/\\\/stiftungsmarktplatz.eu\\\/blog\\\/wp-content\\\/uploads\\\/2024\\\/05\\\/tobias-karow-2024-150x150.png\",\"caption\":\"Tobias Karow\"},\"description\":\"ist Gr\u00fcnder und Gesch\u00e4ftsf\u00fchrer von stiftungsmarktplatz.eu und im Stiftungswesen in Deutschland, \u00d6sterreich, der Schweiz und Liechtenstein seit 10 Jahren aktiv. Er ist Herausgeber der FondsFibel f\u00fcr Stiftungen &amp; NPOs, dem f\u00fchrenden Nachschlagewerk f\u00fcr Stiftungsfonds und stiftungsgeeignete Fonds (www.fondsfibel.de), Vortr\u00e4ge h\u00e4lt er vor allem zum Thema \u201aStiftungen und ihr Weg in die digitale Welt\u2018. F\u00fcr beide Themen betreibt er den Blog #stiftungenst\u00e4rken.\",\"sameAs\":[\"https:\\\/\\\/www.fondsfibel.de\"],\"url\":\"https:\\\/\\\/stiftungsmarktplatz.eu\\\/blog\\\/author\\\/tobias-karow\\\/\"}]}<\/script>\n<!-- \/ Yoast SEO plugin. -->","yoast_head_json":{"title":"Die neue Nachhaltigkeit im Stiftungsverm\u00f6gen - Der Stiftungsblog f\u00fcr die Stiftungspraxis","description":"Wir haben jetzt viele Monate und Jahre \u00fcber Nachhaltigkeit diskutiert, dar\u00fcber, wie auch Stiftungsverm\u00f6gen noch besser so investiert werden kann, dass dem Gemeinwohl auch dadurch kein Schaden entsteht. F\u00fcr Stiftungen steckt in der Diskussion um Nachhaltigkeit einmal die Chance,","robots":{"index":"index","follow":"follow","max-snippet":"max-snippet:-1","max-image-preview":"max-image-preview:large","max-video-preview":"max-video-preview:-1"},"canonical":"https:\/\/stiftungsmarktplatz.eu\/blog\/die-neue-nachhaltigkeit-im-stiftungsvermoegen\/","og_locale":"de_DE","og_type":"article","og_title":"Die neue Nachhaltigkeit im Stiftungsverm\u00f6gen - Der Stiftungsblog f\u00fcr die Stiftungspraxis","og_description":"Wir haben jetzt viele Monate und Jahre \u00fcber Nachhaltigkeit diskutiert, dar\u00fcber, wie auch Stiftungsverm\u00f6gen noch besser so investiert werden kann, dass dem Gemeinwohl auch dadurch kein Schaden entsteht. F\u00fcr Stiftungen steckt in der Diskussion um Nachhaltigkeit einmal die Chance,","og_url":"https:\/\/stiftungsmarktplatz.eu\/blog\/die-neue-nachhaltigkeit-im-stiftungsvermoegen\/","og_site_name":"Der Stiftungsblog f\u00fcr die Stiftungspraxis","article_published_time":"2022-04-14T14:00:00+00:00","og_image":[{"width":1200,"height":675,"url":"https:\/\/stiftungsmarktplatz.eu\/blog\/wp-content\/uploads\/2022\/04\/header-newsletter14042022.jpg","type":"image\/jpeg"}],"author":"Tobias Karow","twitter_card":"summary_large_image","twitter_misc":{"Verfasst von":"Tobias Karow","Gesch\u00e4tzte Lesezeit":"5\u00a0Minuten"},"schema":{"@context":"https:\/\/schema.org","@graph":[{"@type":"Article","@id":"https:\/\/stiftungsmarktplatz.eu\/blog\/die-neue-nachhaltigkeit-im-stiftungsvermoegen\/#article","isPartOf":{"@id":"https:\/\/stiftungsmarktplatz.eu\/blog\/die-neue-nachhaltigkeit-im-stiftungsvermoegen\/"},"author":{"name":"Tobias Karow","@id":"https:\/\/stiftungsmarktplatz.eu\/blog\/#\/schema\/person\/3a42780bf87a2088578f1e8077ccfa44"},"headline":"Die neue Nachhaltigkeit im Stiftungsverm\u00f6gen","datePublished":"2022-04-14T14:00:00+00:00","mainEntityOfPage":{"@id":"https:\/\/stiftungsmarktplatz.eu\/blog\/die-neue-nachhaltigkeit-im-stiftungsvermoegen\/"},"wordCount":628,"publisher":{"@id":"https:\/\/stiftungsmarktplatz.eu\/blog\/#organization"},"image":{"@id":"https:\/\/stiftungsmarktplatz.eu\/blog\/die-neue-nachhaltigkeit-im-stiftungsvermoegen\/#primaryimage"},"thumbnailUrl":"https:\/\/stiftungsmarktplatz.eu\/blog\/wp-content\/uploads\/2022\/04\/header-newsletter14042022.jpg","articleSection":["Des Skippers Heimathafen - das Archiv"],"inLanguage":"de"},{"@type":"WebPage","@id":"https:\/\/stiftungsmarktplatz.eu\/blog\/die-neue-nachhaltigkeit-im-stiftungsvermoegen\/","url":"https:\/\/stiftungsmarktplatz.eu\/blog\/die-neue-nachhaltigkeit-im-stiftungsvermoegen\/","name":"Die neue Nachhaltigkeit im Stiftungsverm\u00f6gen - Der Stiftungsblog f\u00fcr die Stiftungspraxis","isPartOf":{"@id":"https:\/\/stiftungsmarktplatz.eu\/blog\/#website"},"primaryImageOfPage":{"@id":"https:\/\/stiftungsmarktplatz.eu\/blog\/die-neue-nachhaltigkeit-im-stiftungsvermoegen\/#primaryimage"},"image":{"@id":"https:\/\/stiftungsmarktplatz.eu\/blog\/die-neue-nachhaltigkeit-im-stiftungsvermoegen\/#primaryimage"},"thumbnailUrl":"https:\/\/stiftungsmarktplatz.eu\/blog\/wp-content\/uploads\/2022\/04\/header-newsletter14042022.jpg","datePublished":"2022-04-14T14:00:00+00:00","description":"Wir haben jetzt viele Monate und Jahre \u00fcber Nachhaltigkeit diskutiert, dar\u00fcber, wie auch Stiftungsverm\u00f6gen noch besser so investiert werden kann, dass dem Gemeinwohl auch dadurch kein Schaden entsteht. F\u00fcr Stiftungen steckt in der Diskussion um Nachhaltigkeit einmal die Chance,","breadcrumb":{"@id":"https:\/\/stiftungsmarktplatz.eu\/blog\/die-neue-nachhaltigkeit-im-stiftungsvermoegen\/#breadcrumb"},"inLanguage":"de","potentialAction":[{"@type":"ReadAction","target":["https:\/\/stiftungsmarktplatz.eu\/blog\/die-neue-nachhaltigkeit-im-stiftungsvermoegen\/"]}]},{"@type":"ImageObject","inLanguage":"de","@id":"https:\/\/stiftungsmarktplatz.eu\/blog\/die-neue-nachhaltigkeit-im-stiftungsvermoegen\/#primaryimage","url":"https:\/\/stiftungsmarktplatz.eu\/blog\/wp-content\/uploads\/2022\/04\/header-newsletter14042022.jpg","contentUrl":"https:\/\/stiftungsmarktplatz.eu\/blog\/wp-content\/uploads\/2022\/04\/header-newsletter14042022.jpg","width":1200,"height":675,"caption":"Newsletter 14.04.2022"},{"@type":"BreadcrumbList","@id":"https:\/\/stiftungsmarktplatz.eu\/blog\/die-neue-nachhaltigkeit-im-stiftungsvermoegen\/#breadcrumb","itemListElement":[{"@type":"ListItem","position":1,"name":"Startseite","item":"https:\/\/stiftungsmarktplatz.eu\/blog\/"},{"@type":"ListItem","position":2,"name":"Die neue Nachhaltigkeit im Stiftungsverm\u00f6gen"}]},{"@type":"WebSite","@id":"https:\/\/stiftungsmarktplatz.eu\/blog\/#website","url":"https:\/\/stiftungsmarktplatz.eu\/blog\/","name":"Der Stiftungsblog f\u00fcr die Stiftungspraxis","description":"#stiftungenst\u00e4rken - NPO-Expertise von NPO-Experten","publisher":{"@id":"https:\/\/stiftungsmarktplatz.eu\/blog\/#organization"},"potentialAction":[{"@type":"SearchAction","target":{"@type":"EntryPoint","urlTemplate":"https:\/\/stiftungsmarktplatz.eu\/blog\/?s={search_term_string}"},"query-input":{"@type":"PropertyValueSpecification","valueRequired":true,"valueName":"search_term_string"}}],"inLanguage":"de"},{"@type":"Organization","@id":"https:\/\/stiftungsmarktplatz.eu\/blog\/#organization","name":"stiftungsmarktplatz.eu GbR","url":"https:\/\/stiftungsmarktplatz.eu\/blog\/","logo":{"@type":"ImageObject","inLanguage":"de","@id":"https:\/\/stiftungsmarktplatz.eu\/blog\/#\/schema\/logo\/image\/","url":"https:\/\/stiftungsmarktplatz.eu\/blog\/wp-content\/uploads\/2020\/03\/Logo-blog-retina.png","contentUrl":"https:\/\/stiftungsmarktplatz.eu\/blog\/wp-content\/uploads\/2020\/03\/Logo-blog-retina.png","width":140,"height":130,"caption":"stiftungsmarktplatz.eu GbR"},"image":{"@id":"https:\/\/stiftungsmarktplatz.eu\/blog\/#\/schema\/logo\/image\/"},"sameAs":["https:\/\/www.linkedin.com\/company\/18563519\/","https:\/\/www.youtube.com\/channel\/UCQrF6RQRFGxTokVV4nbx25Q"]},{"@type":"Person","@id":"https:\/\/stiftungsmarktplatz.eu\/blog\/#\/schema\/person\/3a42780bf87a2088578f1e8077ccfa44","name":"Tobias Karow","image":{"@type":"ImageObject","inLanguage":"de","@id":"https:\/\/stiftungsmarktplatz.eu\/blog\/wp-content\/uploads\/2024\/05\/tobias-karow-2024-150x150.png","url":"https:\/\/stiftungsmarktplatz.eu\/blog\/wp-content\/uploads\/2024\/05\/tobias-karow-2024-150x150.png","contentUrl":"https:\/\/stiftungsmarktplatz.eu\/blog\/wp-content\/uploads\/2024\/05\/tobias-karow-2024-150x150.png","caption":"Tobias Karow"},"description":"ist Gr\u00fcnder und Gesch\u00e4ftsf\u00fchrer von stiftungsmarktplatz.eu und im Stiftungswesen in Deutschland, \u00d6sterreich, der Schweiz und Liechtenstein seit 10 Jahren aktiv. Er ist Herausgeber der FondsFibel f\u00fcr Stiftungen &amp; NPOs, dem f\u00fchrenden Nachschlagewerk f\u00fcr Stiftungsfonds und stiftungsgeeignete Fonds (www.fondsfibel.de), Vortr\u00e4ge h\u00e4lt er vor allem zum Thema \u201aStiftungen und ihr Weg in die digitale Welt\u2018. F\u00fcr beide Themen betreibt er den Blog #stiftungenst\u00e4rken.","sameAs":["https:\/\/www.fondsfibel.de"],"url":"https:\/\/stiftungsmarktplatz.eu\/blog\/author\/tobias-karow\/"}]}},"post_mailing_queue_ids":[],"_links":{"self":[{"href":"https:\/\/stiftungsmarktplatz.eu\/blog\/wp-json\/wp\/v2\/posts\/3834","targetHints":{"allow":["GET"]}}],"collection":[{"href":"https:\/\/stiftungsmarktplatz.eu\/blog\/wp-json\/wp\/v2\/posts"}],"about":[{"href":"https:\/\/stiftungsmarktplatz.eu\/blog\/wp-json\/wp\/v2\/types\/post"}],"author":[{"embeddable":true,"href":"https:\/\/stiftungsmarktplatz.eu\/blog\/wp-json\/wp\/v2\/users\/8"}],"replies":[{"embeddable":true,"href":"https:\/\/stiftungsmarktplatz.eu\/blog\/wp-json\/wp\/v2\/comments?post=3834"}],"version-history":[{"count":14,"href":"https:\/\/stiftungsmarktplatz.eu\/blog\/wp-json\/wp\/v2\/posts\/3834\/revisions"}],"predecessor-version":[{"id":3854,"href":"https:\/\/stiftungsmarktplatz.eu\/blog\/wp-json\/wp\/v2\/posts\/3834\/revisions\/3854"}],"wp:featuredmedia":[{"embeddable":true,"href":"https:\/\/stiftungsmarktplatz.eu\/blog\/wp-json\/wp\/v2\/media\/3835"}],"wp:attachment":[{"href":"https:\/\/stiftungsmarktplatz.eu\/blog\/wp-json\/wp\/v2\/media?parent=3834"}],"wp:term":[{"taxonomy":"category","embeddable":true,"href":"https:\/\/stiftungsmarktplatz.eu\/blog\/wp-json\/wp\/v2\/categories?post=3834"},{"taxonomy":"post_tag","embeddable":true,"href":"https:\/\/stiftungsmarktplatz.eu\/blog\/wp-json\/wp\/v2\/tags?post=3834"}],"curies":[{"name":"wp","href":"https:\/\/api.w.org\/{rel}","templated":true}]}}