{"id":3808,"date":"2022-04-14T10:49:00","date_gmt":"2022-04-14T08:49:00","guid":{"rendered":"https:\/\/stiftungsmarktplatz.eu\/blog\/?p=3808"},"modified":"2022-04-14T10:52:24","modified_gmt":"2022-04-14T08:52:24","slug":"das-resiliente-stiftungsvermoegen-laesst-sich-nicht-einfach-malen","status":"publish","type":"post","link":"https:\/\/stiftungsmarktplatz.eu\/blog\/das-resiliente-stiftungsvermoegen-laesst-sich-nicht-einfach-malen\/","title":{"rendered":"Das resiliente Stiftungsverm\u00f6gen l\u00e4sst sich nicht einfach malen"},"content":{"rendered":"<span class=\"span-reading-time rt-reading-time\" style=\"display: block;\"><span class=\"rt-label rt-prefix\">Lesezeit: <\/span> <span class=\"rt-time\"> 4<\/span> <span class=\"rt-label rt-postfix\">Minuten<\/span><\/span>\n<p><em>Das resiliente Stiftungsverm\u00f6gen ist sicherlich ein gro\u00dfes Ziel, aber warum geben wir der Verwaltung des Stiftungsverm\u00f6gens nicht mal eine gro\u00dfe Idee. Nat\u00fcrlich gibt es nicht die eine perfekte Anlagestrategie f\u00fcr das Stiftungsverm\u00f6gen. Es gibt jedoch sehr viel gutes Handwerk, das auf das Ziel einzahlen kann, Stiftungsverm\u00f6gen resilienter zu machen. Denn Resilienz besteht aus verschiedenen Disziplinen, die es auch braucht. Das Malen bzw. die dahintersteckende Kreativit\u00e4t ist nur eine davon. Auch dar\u00fcber sprechen wir beim <a href=\"https:\/\/vtfds.de\/\" target=\"_blank\" rel=\"noreferrer noopener\">3. Virtuellen Tag f\u00fcr das Stiftungsverm\u00f6gen<\/a><\/em><\/p>\n\n\n\n<p>Wer sich mit dem Begriff der Resilienz besch\u00e4ftigt, der landet automatisch bei der Kauai-Studie der amerikanischen Forscherin Emmy Werner. Sie untersuchte Kinder der Insel Kauai daraufhin, wie diese trotz belastender Faktoren ein geruhsames, zufriedenes und auch erfolgreiches Leben f\u00fchrten. Sie zeigten sich also widerstandskr\u00e4ftig gegen\u00fcber den M\u00fchen des Lebens, und auch gegen\u00fcber externen Schocks. Genau das erwarten Stiftungen letztlich auch von ihrem <a href=\"https:\/\/stiftungsmarktplatz.eu\/blog\/stiftungsvermoegen-und-das-investitionsdreieck\/\">Stiftungsverm\u00f6gen bzw. der Strategie f\u00fcr dessen Verwaltung<\/a>. Denn dort wo das Stiftungsverm\u00f6gen genau diese Widerstandskraft zeigt, l\u00e4sst sich die Stiftungsarbeit langfristig planen.<\/p>\n\n\n\n<h2 class=\"wp-block-heading\">Verletzte Sorgfaltspflichten als interner Test der Widerstandskraft<\/h2>\n\n\n\n<p>Diese Widerstandskraft ist aber nur eine Definition von Resilienz, eine andere sieht vor, dass Resilienz auch etwas mit der Widerstandskraft gegen\u00fcber internen Ver\u00e4nderungen zu tun hat. Was kann das bei einer Stiftung sein? Ein Vorstandswechsel beispielsweise, ein markanter Fehler, durch den Stiftungsverm\u00f6gen verzehrt wird. Oder aber ein Reputationsschaden, der entstanden ist durch fehlerhaftes Handeln der Verantwortlichen, der durch eine teure Kampagne bereinigt werden soll. Auch dagegen sollte eine Stiftung eine gewisse Widerstandskraft mitbringen, denn verletzte Sorgfaltspflichten sind etwa, das manchmal auch einfach passiert. In solch einem Fall darf es eine Stiftung nicht \u201eumhauen\u201c.<\/p>\n\n\n\n<h2 class=\"wp-block-heading\">Ist Stiftungsverm\u00f6gen zu abh\u00e4ngig von den Kapitalm\u00e4rkten?<\/h2>\n\n\n\n<p>Dies alles schlie\u00dft auch die Widerstandskraft des Stiftungsverm\u00f6gens mit ein. Beziehungsweise kann Resilienz im Stiftungsverm\u00f6gen auch als wirtschaftliches Stehverm\u00f6gen interpretiert werden. Das bedeutet nun, dass eine Stiftung ihren Verpflichtungen auch dann nachgehen kann, wenn beispielsweise an den Kapitalm\u00e4rkten mal magere Jahre anstehen. Wenn die Renditen nicht sprudeln, sondern so d\u00fcnn ges\u00e4t sind wie eine Oase in der W\u00fcste. Hier zu bestehen und seinen Zusagen nachkommen zu k\u00f6nnen, das l\u00e4sst sich als Resilienz beschreiben. Andererseits bedeutet Resilienz im Stiftungsverm\u00f6gen auch, nicht zu sehr abh\u00e4ngig von den Wirren und Wehen des Kapitalmarkts zu sein. Eines der Zauberw\u00f6rter hier lautet Korrelation.<\/p>\n\n\n\n<h2 class=\"wp-block-heading\">Breitestm\u00f6gliche Diversifikation als Ausgangspunkt<\/h2>\n\n\n\n<p>Wer nur Anleihen hat, dessen Stiftungsverm\u00f6gen ist <a href=\"https:\/\/stiftungsmarktplatz.eu\/blog\/stiftungsvermoegen-darf-die-anleihe-nicht-vergessen\/\">eng korreliert mit der Zinsentwicklung bzw. der Entwicklung der Anleihem\u00e4rkte<\/a>. Wer Aktien h\u00e4lt, dessen Exposure h\u00e4ngt eng an den B\u00f6rsen, an der Konjunktur \u2013 aber eben auch eng an politischen Verwerfungen, wie wir sie derzeit durch den <a href=\"https:\/\/stiftungsmarktplatz.eu\/blog\/john-maynard-ist-unser-fondsmanager\/\">Russland-Feldzug gegen die Ukraine<\/a> sehen. Und so weiter. Viele gro\u00dfe Stiftungen in der Welt haben sich hiervon durch eine breitestm\u00f6gliche Diversifikation frei gemacht, sie haben entlang ganz verschiedener Dimensionen diversifiziert. Sie haben nach Assetklassen diversifiziert, nach Anlagestilen, nach Investmentanbietern, nach Einstiegszeitpunkten, nach Anlageregionen, nach liquiden und illiquiden Anlagen.<\/p>\n\n\n\n<h2 class=\"wp-block-heading\">Politische Regime im Augen behalten<\/h2>\n\n\n\n<p>So gestreut ist ein Stiftungsverm\u00f6gen genau noch dann verwundbar, wenn die Stiftungsverantwortlichen den \u00dcberblick verlieren oder aber sich politische Regime ganz grundlegend ver\u00e4ndern. Wir sehen derlei gerade durch die Diskussion um chinesische Aktien. Die US-Beh\u00f6rden verlangen hier eine Rechnungslegung nach US-Standards, kann das nicht geliefert werden, werden diese chinesischen Unternehmen von der B\u00f6rse in den USA de-listed. Solch ein Vorgang ist zwar nicht neu, aber die Erinnerung an solche Winkelz\u00fcge sind doch recht verblasst. Spielte China bislang in der Asset Allocation eine Rolle, muss hier komplett neu gedacht werden. Die Geschwindigkeit spielt hier dann eine Rolle, wer schnell reagieren kann, dessen Allokation erweist sich vermutlich erst einmal widerstandsf\u00e4higer als die von anderen Akteuren.<\/p>\n\n\n\n<blockquote class=\"wp-block-quote td_quote_box td_box_center is-layout-flow wp-block-quote-is-layout-flow\"><p><strong><em><u>TV-TIPP:<\/u><\/em><\/strong><em> <\/em><br><em>\u00dcber das resilientere Stiftungsverm\u00f6gen sprechen wir beim 3. Virtuellen Tag f\u00fcr das Stiftungsverm\u00f6gen am 27.4.2022 unter anderem mit Dr. Uwe Dyk von der Karl Schlecht Stiftung, dem Wirtschaftshistoriker Dr. Thomas Adam, dem Stiftungsexperten Hans-Dieter Meisbeger von der DZ Privatbank sowie Dr. Stefan N\u00e4hrlich von der Stiftung Aktive B\u00fcrgerschaft. Das komplette Programm finden Sie auf <\/em><a href=\"https:\/\/vtfds.de\/\" target=\"_blank\" rel=\"noreferrer noopener\"><em>www.vtfds.de<\/em><\/a><em>.<\/em><\/p><\/blockquote>\n\n\n\n<h2 class=\"wp-block-heading\">Es geht ums wirtschaftliche Stehverm\u00f6gen<\/h2>\n\n\n\n<p>Im Stiftungsverm\u00f6gen bedeutet Resilienz letztlich vor allem, und hier sind wir wieder beim wirtschaftlichen Stehverm\u00f6gen, die Verpflichtungen der Stiftungen stets bedienen zu k\u00f6nnen. Egal ob Nullzins, Hochinflation, geopolitische Verspannungen, die Ausgabenseite darf davon nicht tangiert werden. Andersherum: Die Einnahmeseite muss stets in der Lage sein, die Notwendigkeiten der Ausgabenseite decken zu k\u00f6nnen. <a href=\"https:\/\/stiftungsmarktplatz.eu\/blog\/stiftungsvermoegen-braucht-entscheidungen\/\">Und hier helfen dann vielleicht auch mal Simulationen<\/a>. Schauen Sie doch mal ob ihr aktueller ordentlicher Ertrag bei einem Zins von 3% und einem DAX von 10.000 Punkten noch so flie\u00dfen w\u00fcrde wie aktuell. Auch macht es Sin zu schauen, ob es Reserven g\u00e4be, aus R\u00fccklagen oder Kurszuw\u00e4chsen, um zun\u00e4chst ohne Antasten des Stiftungsstocks die Zweckverwirklichung gew\u00e4hrleisten zu k\u00f6nnen.<\/p>\n\n\n\n<h2 class=\"wp-block-heading\">Wie lange weicht eine Gemengelage von der Norm ab?<\/h2>\n\n\n\n<p>Ist das machbar, dann ist eine Bedingung von Resilienz auf jeden Fall schon einmal erf\u00fcllt. Dann kommt nat\u00fcrlich die Ebene hinzu, wenn eine von der Norm abweichende Gemengelage l\u00e4nger anh\u00e4lt (wenn sie nicht gerade zur neuen Norm wird). Was m\u00fcsste ich tun, um dann meine Ausgabenseite weiter \u201eversorgen\u201c zu k\u00f6nnen. W\u00e4re ich dazu in der Lage? Hier geht es dann um das Abh\u00e4rten einer Anlagestrategie, so wie sich die Kinder der Kauai-Studie auch ab einem Punkt abgeh\u00e4rtet haben und dadurch den schwierigen \u00e4u\u00dferen Bedingungen trotzdem Positives abtrotzen konnten. Abh\u00e4rten im Stiftungsverm\u00f6gen hei\u00dft sicherlich, kapitalerhaltende Strategien bei der Hand zu haben, und auch Verm\u00f6gensbausteine, die im Fall der F\u00e4lle wie eine richtige Versicherung wirken. Gold oder Silber w\u00e4ren hier so ein Beispiel.<\/p>\n\n\n\n<h2 class=\"wp-block-heading\">Zusammengefasst<\/h2>\n\n\n\n<p>Resilienz im Stiftungsverm\u00f6gen l\u00e4sst sich nicht malen, diese muss erarbeitet werden. Das dauert oft Jahre, es gibt daf\u00fcr keine Faustformel, und vor allem keine Blaupause. Was es aber gibt sind <a href=\"https:\/\/fondsfibel.de\/der-gamechanger-nummer-1\/\">Anregungen von anderen erfolgreichen Investoren<\/a>, und eben auch von den vor Jahrzehnten get\u00e4tigten Studien rund um den Themenkreis Resilienz. Hier standen Menschen im Vordergrund, die widrige Bedingungen meistern konnten, weil sie sich angepasst und ihr Verhalten ver\u00e4ndert haben. Sukzessive bildete sich eine Widerstandskraft heraus. Genauso d\u00fcrfte der Weg f\u00fcr das Stiftungsverm\u00f6gen sein. Ein steiniger zwar, aber eben auch ein gangbarer.<\/p>\n","protected":false},"excerpt":{"rendered":"<p><span class=\"span-reading-time rt-reading-time\" style=\"display: block;\"><span class=\"rt-label rt-prefix\">Lesezeit: <\/span> <span class=\"rt-time\"> 4<\/span> <span class=\"rt-label rt-postfix\">Minuten<\/span><\/span>Das resiliente Stiftungsverm\u00f6gen ist sicherlich ein gro\u00dfes Ziel, aber warum geben wir der Verwaltung des Stiftungsverm\u00f6gens nicht mal eine gro\u00dfe Idee. Nat\u00fcrlich gibt es nicht die eine perfekte Anlagestrategie f\u00fcr das Stiftungsverm\u00f6gen. Es gibt jedoch sehr viel gutes Handwerk, das auf das Ziel einzahlen kann, Stiftungsverm\u00f6gen resilienter zu machen. Denn Resilienz besteht aus verschiedenen Disziplinen, die es auch braucht. Das Malen bzw. die dahintersteckende Kreativit\u00e4t ist nur eine davon. Auch dar\u00fcber sprechen wir beim 3. Virtuellen Tag f\u00fcr das Stiftungsverm\u00f6gen <\/p>\n","protected":false},"author":8,"featured_media":3814,"comment_status":"closed","ping_status":"open","sticky":false,"template":"","format":"standard","meta":{"ngg_post_thumbnail":0,"footnotes":""},"categories":[12],"tags":[20,27,28,242,263],"class_list":{"0":"post-3808","1":"post","2":"type-post","3":"status-publish","4":"format-standard","5":"has-post-thumbnail","7":"category-tipps-fuer-die-stiftungspraxis","8":"tag-resilienz-faktor","9":"tag-stiftungsvermoegen","10":"tag-kapitalanlage","11":"tag-diversifikation","12":"tag-vtfds"},"yoast_head":"<!-- This site is optimized with the Yoast SEO plugin v27.4 - https:\/\/yoast.com\/product\/yoast-seo-wordpress\/ -->\n<title>Das resiliente Stiftungsverm\u00f6gen l\u00e4sst sich nicht einfach malen - Der Stiftungsblog f\u00fcr die Stiftungspraxis<\/title>\n<meta name=\"description\" content=\"Das resiliente Stiftungsverm\u00f6gen ist sicherlich ein gro\u00dfes Ziel, aber warum geben wir der Verwaltung des Stiftungsverm\u00f6gens nicht mal eine gro\u00dfe Idee. Nat\u00fcrlich gibt es nicht die eine perfekte Anlagestrategie f\u00fcr das Stiftungsverm\u00f6gen.\" \/>\n<meta name=\"robots\" content=\"index, follow, max-snippet:-1, max-image-preview:large, max-video-preview:-1\" \/>\n<link rel=\"canonical\" href=\"https:\/\/stiftungsmarktplatz.eu\/blog\/das-resiliente-stiftungsvermoegen-laesst-sich-nicht-einfach-malen\/\" \/>\n<meta property=\"og:locale\" content=\"de_DE\" \/>\n<meta property=\"og:type\" content=\"article\" \/>\n<meta property=\"og:title\" content=\"Das resiliente Stiftungsverm\u00f6gen l\u00e4sst sich nicht einfach malen - Der Stiftungsblog f\u00fcr die Stiftungspraxis\" \/>\n<meta property=\"og:description\" content=\"Das resiliente Stiftungsverm\u00f6gen ist sicherlich ein gro\u00dfes Ziel, aber warum geben wir der Verwaltung des Stiftungsverm\u00f6gens nicht mal eine gro\u00dfe Idee. Nat\u00fcrlich gibt es nicht die eine perfekte Anlagestrategie f\u00fcr das Stiftungsverm\u00f6gen.\" \/>\n<meta property=\"og:url\" content=\"https:\/\/stiftungsmarktplatz.eu\/blog\/das-resiliente-stiftungsvermoegen-laesst-sich-nicht-einfach-malen\/\" \/>\n<meta property=\"og:site_name\" content=\"Der Stiftungsblog f\u00fcr die Stiftungspraxis\" \/>\n<meta property=\"article:published_time\" content=\"2022-04-14T08:49:00+00:00\" \/>\n<meta property=\"article:modified_time\" content=\"2022-04-14T08:52:24+00:00\" \/>\n<meta property=\"og:image\" content=\"https:\/\/stiftungsmarktplatz.eu\/blog\/wp-content\/uploads\/2022\/04\/vtfds2022-Das-resiliente-Stiftungsvermoegen.jpg\" \/>\n\t<meta property=\"og:image:width\" content=\"1200\" \/>\n\t<meta property=\"og:image:height\" content=\"675\" \/>\n\t<meta property=\"og:image:type\" content=\"image\/jpeg\" \/>\n<meta name=\"author\" content=\"Tobias Karow\" \/>\n<meta name=\"twitter:card\" content=\"summary_large_image\" \/>\n<meta name=\"twitter:label1\" content=\"Verfasst von\" \/>\n\t<meta name=\"twitter:data1\" content=\"Tobias Karow\" \/>\n\t<meta name=\"twitter:label2\" content=\"Gesch\u00e4tzte Lesezeit\" \/>\n\t<meta name=\"twitter:data2\" content=\"6\u00a0Minuten\" \/>\n<script type=\"application\/ld+json\" class=\"yoast-schema-graph\">{\"@context\":\"https:\\\/\\\/schema.org\",\"@graph\":[{\"@type\":\"Article\",\"@id\":\"https:\\\/\\\/stiftungsmarktplatz.eu\\\/blog\\\/das-resiliente-stiftungsvermoegen-laesst-sich-nicht-einfach-malen\\\/#article\",\"isPartOf\":{\"@id\":\"https:\\\/\\\/stiftungsmarktplatz.eu\\\/blog\\\/das-resiliente-stiftungsvermoegen-laesst-sich-nicht-einfach-malen\\\/\"},\"author\":{\"name\":\"Tobias Karow\",\"@id\":\"https:\\\/\\\/stiftungsmarktplatz.eu\\\/blog\\\/#\\\/schema\\\/person\\\/3a42780bf87a2088578f1e8077ccfa44\"},\"headline\":\"Das resiliente Stiftungsverm\u00f6gen l\u00e4sst sich nicht einfach malen\",\"datePublished\":\"2022-04-14T08:49:00+00:00\",\"dateModified\":\"2022-04-14T08:52:24+00:00\",\"mainEntityOfPage\":{\"@id\":\"https:\\\/\\\/stiftungsmarktplatz.eu\\\/blog\\\/das-resiliente-stiftungsvermoegen-laesst-sich-nicht-einfach-malen\\\/\"},\"wordCount\":1079,\"publisher\":{\"@id\":\"https:\\\/\\\/stiftungsmarktplatz.eu\\\/blog\\\/#organization\"},\"image\":{\"@id\":\"https:\\\/\\\/stiftungsmarktplatz.eu\\\/blog\\\/das-resiliente-stiftungsvermoegen-laesst-sich-nicht-einfach-malen\\\/#primaryimage\"},\"thumbnailUrl\":\"https:\\\/\\\/stiftungsmarktplatz.eu\\\/blog\\\/wp-content\\\/uploads\\\/2022\\\/04\\\/vtfds2022-Das-resiliente-Stiftungsvermoegen.jpg\",\"keywords\":[\"Resilienz-Faktor\",\"Stiftungsverm\u00f6gen\",\"Kapitalanlage\",\"Diversifikation\",\"vtfds\"],\"articleSection\":[\"Tipps f\u00fcr die Stiftungspraxis\"],\"inLanguage\":\"de\"},{\"@type\":\"WebPage\",\"@id\":\"https:\\\/\\\/stiftungsmarktplatz.eu\\\/blog\\\/das-resiliente-stiftungsvermoegen-laesst-sich-nicht-einfach-malen\\\/\",\"url\":\"https:\\\/\\\/stiftungsmarktplatz.eu\\\/blog\\\/das-resiliente-stiftungsvermoegen-laesst-sich-nicht-einfach-malen\\\/\",\"name\":\"Das resiliente Stiftungsverm\u00f6gen l\u00e4sst sich nicht einfach malen - Der Stiftungsblog f\u00fcr die Stiftungspraxis\",\"isPartOf\":{\"@id\":\"https:\\\/\\\/stiftungsmarktplatz.eu\\\/blog\\\/#website\"},\"primaryImageOfPage\":{\"@id\":\"https:\\\/\\\/stiftungsmarktplatz.eu\\\/blog\\\/das-resiliente-stiftungsvermoegen-laesst-sich-nicht-einfach-malen\\\/#primaryimage\"},\"image\":{\"@id\":\"https:\\\/\\\/stiftungsmarktplatz.eu\\\/blog\\\/das-resiliente-stiftungsvermoegen-laesst-sich-nicht-einfach-malen\\\/#primaryimage\"},\"thumbnailUrl\":\"https:\\\/\\\/stiftungsmarktplatz.eu\\\/blog\\\/wp-content\\\/uploads\\\/2022\\\/04\\\/vtfds2022-Das-resiliente-Stiftungsvermoegen.jpg\",\"datePublished\":\"2022-04-14T08:49:00+00:00\",\"dateModified\":\"2022-04-14T08:52:24+00:00\",\"description\":\"Das resiliente Stiftungsverm\u00f6gen ist sicherlich ein gro\u00dfes Ziel, aber warum geben wir der Verwaltung des Stiftungsverm\u00f6gens nicht mal eine gro\u00dfe Idee. Nat\u00fcrlich gibt es nicht die eine perfekte Anlagestrategie f\u00fcr das Stiftungsverm\u00f6gen.\",\"breadcrumb\":{\"@id\":\"https:\\\/\\\/stiftungsmarktplatz.eu\\\/blog\\\/das-resiliente-stiftungsvermoegen-laesst-sich-nicht-einfach-malen\\\/#breadcrumb\"},\"inLanguage\":\"de\",\"potentialAction\":[{\"@type\":\"ReadAction\",\"target\":[\"https:\\\/\\\/stiftungsmarktplatz.eu\\\/blog\\\/das-resiliente-stiftungsvermoegen-laesst-sich-nicht-einfach-malen\\\/\"]}]},{\"@type\":\"ImageObject\",\"inLanguage\":\"de\",\"@id\":\"https:\\\/\\\/stiftungsmarktplatz.eu\\\/blog\\\/das-resiliente-stiftungsvermoegen-laesst-sich-nicht-einfach-malen\\\/#primaryimage\",\"url\":\"https:\\\/\\\/stiftungsmarktplatz.eu\\\/blog\\\/wp-content\\\/uploads\\\/2022\\\/04\\\/vtfds2022-Das-resiliente-Stiftungsvermoegen.jpg\",\"contentUrl\":\"https:\\\/\\\/stiftungsmarktplatz.eu\\\/blog\\\/wp-content\\\/uploads\\\/2022\\\/04\\\/vtfds2022-Das-resiliente-Stiftungsvermoegen.jpg\",\"width\":1200,\"height\":675,\"caption\":\"#vtfds2022 - Das resiliente Stiftungsverm\u00f6gen\"},{\"@type\":\"BreadcrumbList\",\"@id\":\"https:\\\/\\\/stiftungsmarktplatz.eu\\\/blog\\\/das-resiliente-stiftungsvermoegen-laesst-sich-nicht-einfach-malen\\\/#breadcrumb\",\"itemListElement\":[{\"@type\":\"ListItem\",\"position\":1,\"name\":\"Startseite\",\"item\":\"https:\\\/\\\/stiftungsmarktplatz.eu\\\/blog\\\/\"},{\"@type\":\"ListItem\",\"position\":2,\"name\":\"Das resiliente Stiftungsverm\u00f6gen l\u00e4sst sich nicht einfach malen\"}]},{\"@type\":\"WebSite\",\"@id\":\"https:\\\/\\\/stiftungsmarktplatz.eu\\\/blog\\\/#website\",\"url\":\"https:\\\/\\\/stiftungsmarktplatz.eu\\\/blog\\\/\",\"name\":\"Der Stiftungsblog f\u00fcr die Stiftungspraxis\",\"description\":\"#stiftungenst\u00e4rken - NPO-Expertise von NPO-Experten\",\"publisher\":{\"@id\":\"https:\\\/\\\/stiftungsmarktplatz.eu\\\/blog\\\/#organization\"},\"potentialAction\":[{\"@type\":\"SearchAction\",\"target\":{\"@type\":\"EntryPoint\",\"urlTemplate\":\"https:\\\/\\\/stiftungsmarktplatz.eu\\\/blog\\\/?s={search_term_string}\"},\"query-input\":{\"@type\":\"PropertyValueSpecification\",\"valueRequired\":true,\"valueName\":\"search_term_string\"}}],\"inLanguage\":\"de\"},{\"@type\":\"Organization\",\"@id\":\"https:\\\/\\\/stiftungsmarktplatz.eu\\\/blog\\\/#organization\",\"name\":\"stiftungsmarktplatz.eu GbR\",\"url\":\"https:\\\/\\\/stiftungsmarktplatz.eu\\\/blog\\\/\",\"logo\":{\"@type\":\"ImageObject\",\"inLanguage\":\"de\",\"@id\":\"https:\\\/\\\/stiftungsmarktplatz.eu\\\/blog\\\/#\\\/schema\\\/logo\\\/image\\\/\",\"url\":\"https:\\\/\\\/stiftungsmarktplatz.eu\\\/blog\\\/wp-content\\\/uploads\\\/2020\\\/03\\\/Logo-blog-retina.png\",\"contentUrl\":\"https:\\\/\\\/stiftungsmarktplatz.eu\\\/blog\\\/wp-content\\\/uploads\\\/2020\\\/03\\\/Logo-blog-retina.png\",\"width\":140,\"height\":130,\"caption\":\"stiftungsmarktplatz.eu GbR\"},\"image\":{\"@id\":\"https:\\\/\\\/stiftungsmarktplatz.eu\\\/blog\\\/#\\\/schema\\\/logo\\\/image\\\/\"},\"sameAs\":[\"https:\\\/\\\/www.linkedin.com\\\/company\\\/18563519\\\/\",\"https:\\\/\\\/www.youtube.com\\\/channel\\\/UCQrF6RQRFGxTokVV4nbx25Q\"]},{\"@type\":\"Person\",\"@id\":\"https:\\\/\\\/stiftungsmarktplatz.eu\\\/blog\\\/#\\\/schema\\\/person\\\/3a42780bf87a2088578f1e8077ccfa44\",\"name\":\"Tobias Karow\",\"image\":{\"@type\":\"ImageObject\",\"inLanguage\":\"de\",\"@id\":\"https:\\\/\\\/stiftungsmarktplatz.eu\\\/blog\\\/wp-content\\\/uploads\\\/2024\\\/05\\\/tobias-karow-2024-150x150.png\",\"url\":\"https:\\\/\\\/stiftungsmarktplatz.eu\\\/blog\\\/wp-content\\\/uploads\\\/2024\\\/05\\\/tobias-karow-2024-150x150.png\",\"contentUrl\":\"https:\\\/\\\/stiftungsmarktplatz.eu\\\/blog\\\/wp-content\\\/uploads\\\/2024\\\/05\\\/tobias-karow-2024-150x150.png\",\"caption\":\"Tobias Karow\"},\"description\":\"ist Gr\u00fcnder und Gesch\u00e4ftsf\u00fchrer von stiftungsmarktplatz.eu und im Stiftungswesen in Deutschland, \u00d6sterreich, der Schweiz und Liechtenstein seit 10 Jahren aktiv. Er ist Herausgeber der FondsFibel f\u00fcr Stiftungen &amp; NPOs, dem f\u00fchrenden Nachschlagewerk f\u00fcr Stiftungsfonds und stiftungsgeeignete Fonds (www.fondsfibel.de), Vortr\u00e4ge h\u00e4lt er vor allem zum Thema \u201aStiftungen und ihr Weg in die digitale Welt\u2018. F\u00fcr beide Themen betreibt er den Blog #stiftungenst\u00e4rken.\",\"sameAs\":[\"https:\\\/\\\/www.fondsfibel.de\"],\"url\":\"https:\\\/\\\/stiftungsmarktplatz.eu\\\/blog\\\/author\\\/tobias-karow\\\/\"}]}<\/script>\n<!-- \/ Yoast SEO plugin. -->","yoast_head_json":{"title":"Das resiliente Stiftungsverm\u00f6gen l\u00e4sst sich nicht einfach malen - Der Stiftungsblog f\u00fcr die Stiftungspraxis","description":"Das resiliente Stiftungsverm\u00f6gen ist sicherlich ein gro\u00dfes Ziel, aber warum geben wir der Verwaltung des Stiftungsverm\u00f6gens nicht mal eine gro\u00dfe Idee. Nat\u00fcrlich gibt es nicht die eine perfekte Anlagestrategie f\u00fcr das Stiftungsverm\u00f6gen.","robots":{"index":"index","follow":"follow","max-snippet":"max-snippet:-1","max-image-preview":"max-image-preview:large","max-video-preview":"max-video-preview:-1"},"canonical":"https:\/\/stiftungsmarktplatz.eu\/blog\/das-resiliente-stiftungsvermoegen-laesst-sich-nicht-einfach-malen\/","og_locale":"de_DE","og_type":"article","og_title":"Das resiliente Stiftungsverm\u00f6gen l\u00e4sst sich nicht einfach malen - Der Stiftungsblog f\u00fcr die Stiftungspraxis","og_description":"Das resiliente Stiftungsverm\u00f6gen ist sicherlich ein gro\u00dfes Ziel, aber warum geben wir der Verwaltung des Stiftungsverm\u00f6gens nicht mal eine gro\u00dfe Idee. Nat\u00fcrlich gibt es nicht die eine perfekte Anlagestrategie f\u00fcr das Stiftungsverm\u00f6gen.","og_url":"https:\/\/stiftungsmarktplatz.eu\/blog\/das-resiliente-stiftungsvermoegen-laesst-sich-nicht-einfach-malen\/","og_site_name":"Der Stiftungsblog f\u00fcr die Stiftungspraxis","article_published_time":"2022-04-14T08:49:00+00:00","article_modified_time":"2022-04-14T08:52:24+00:00","og_image":[{"width":1200,"height":675,"url":"https:\/\/stiftungsmarktplatz.eu\/blog\/wp-content\/uploads\/2022\/04\/vtfds2022-Das-resiliente-Stiftungsvermoegen.jpg","type":"image\/jpeg"}],"author":"Tobias Karow","twitter_card":"summary_large_image","twitter_misc":{"Verfasst von":"Tobias Karow","Gesch\u00e4tzte Lesezeit":"6\u00a0Minuten"},"schema":{"@context":"https:\/\/schema.org","@graph":[{"@type":"Article","@id":"https:\/\/stiftungsmarktplatz.eu\/blog\/das-resiliente-stiftungsvermoegen-laesst-sich-nicht-einfach-malen\/#article","isPartOf":{"@id":"https:\/\/stiftungsmarktplatz.eu\/blog\/das-resiliente-stiftungsvermoegen-laesst-sich-nicht-einfach-malen\/"},"author":{"name":"Tobias Karow","@id":"https:\/\/stiftungsmarktplatz.eu\/blog\/#\/schema\/person\/3a42780bf87a2088578f1e8077ccfa44"},"headline":"Das resiliente Stiftungsverm\u00f6gen l\u00e4sst sich nicht einfach malen","datePublished":"2022-04-14T08:49:00+00:00","dateModified":"2022-04-14T08:52:24+00:00","mainEntityOfPage":{"@id":"https:\/\/stiftungsmarktplatz.eu\/blog\/das-resiliente-stiftungsvermoegen-laesst-sich-nicht-einfach-malen\/"},"wordCount":1079,"publisher":{"@id":"https:\/\/stiftungsmarktplatz.eu\/blog\/#organization"},"image":{"@id":"https:\/\/stiftungsmarktplatz.eu\/blog\/das-resiliente-stiftungsvermoegen-laesst-sich-nicht-einfach-malen\/#primaryimage"},"thumbnailUrl":"https:\/\/stiftungsmarktplatz.eu\/blog\/wp-content\/uploads\/2022\/04\/vtfds2022-Das-resiliente-Stiftungsvermoegen.jpg","keywords":["Resilienz-Faktor","Stiftungsverm\u00f6gen","Kapitalanlage","Diversifikation","vtfds"],"articleSection":["Tipps f\u00fcr die Stiftungspraxis"],"inLanguage":"de"},{"@type":"WebPage","@id":"https:\/\/stiftungsmarktplatz.eu\/blog\/das-resiliente-stiftungsvermoegen-laesst-sich-nicht-einfach-malen\/","url":"https:\/\/stiftungsmarktplatz.eu\/blog\/das-resiliente-stiftungsvermoegen-laesst-sich-nicht-einfach-malen\/","name":"Das resiliente Stiftungsverm\u00f6gen l\u00e4sst sich nicht einfach malen - Der Stiftungsblog f\u00fcr die Stiftungspraxis","isPartOf":{"@id":"https:\/\/stiftungsmarktplatz.eu\/blog\/#website"},"primaryImageOfPage":{"@id":"https:\/\/stiftungsmarktplatz.eu\/blog\/das-resiliente-stiftungsvermoegen-laesst-sich-nicht-einfach-malen\/#primaryimage"},"image":{"@id":"https:\/\/stiftungsmarktplatz.eu\/blog\/das-resiliente-stiftungsvermoegen-laesst-sich-nicht-einfach-malen\/#primaryimage"},"thumbnailUrl":"https:\/\/stiftungsmarktplatz.eu\/blog\/wp-content\/uploads\/2022\/04\/vtfds2022-Das-resiliente-Stiftungsvermoegen.jpg","datePublished":"2022-04-14T08:49:00+00:00","dateModified":"2022-04-14T08:52:24+00:00","description":"Das resiliente Stiftungsverm\u00f6gen ist sicherlich ein gro\u00dfes Ziel, aber warum geben wir der Verwaltung des Stiftungsverm\u00f6gens nicht mal eine gro\u00dfe Idee. Nat\u00fcrlich gibt es nicht die eine perfekte Anlagestrategie f\u00fcr das Stiftungsverm\u00f6gen.","breadcrumb":{"@id":"https:\/\/stiftungsmarktplatz.eu\/blog\/das-resiliente-stiftungsvermoegen-laesst-sich-nicht-einfach-malen\/#breadcrumb"},"inLanguage":"de","potentialAction":[{"@type":"ReadAction","target":["https:\/\/stiftungsmarktplatz.eu\/blog\/das-resiliente-stiftungsvermoegen-laesst-sich-nicht-einfach-malen\/"]}]},{"@type":"ImageObject","inLanguage":"de","@id":"https:\/\/stiftungsmarktplatz.eu\/blog\/das-resiliente-stiftungsvermoegen-laesst-sich-nicht-einfach-malen\/#primaryimage","url":"https:\/\/stiftungsmarktplatz.eu\/blog\/wp-content\/uploads\/2022\/04\/vtfds2022-Das-resiliente-Stiftungsvermoegen.jpg","contentUrl":"https:\/\/stiftungsmarktplatz.eu\/blog\/wp-content\/uploads\/2022\/04\/vtfds2022-Das-resiliente-Stiftungsvermoegen.jpg","width":1200,"height":675,"caption":"#vtfds2022 - Das resiliente Stiftungsverm\u00f6gen"},{"@type":"BreadcrumbList","@id":"https:\/\/stiftungsmarktplatz.eu\/blog\/das-resiliente-stiftungsvermoegen-laesst-sich-nicht-einfach-malen\/#breadcrumb","itemListElement":[{"@type":"ListItem","position":1,"name":"Startseite","item":"https:\/\/stiftungsmarktplatz.eu\/blog\/"},{"@type":"ListItem","position":2,"name":"Das resiliente Stiftungsverm\u00f6gen l\u00e4sst sich nicht einfach malen"}]},{"@type":"WebSite","@id":"https:\/\/stiftungsmarktplatz.eu\/blog\/#website","url":"https:\/\/stiftungsmarktplatz.eu\/blog\/","name":"Der Stiftungsblog f\u00fcr die Stiftungspraxis","description":"#stiftungenst\u00e4rken - NPO-Expertise von NPO-Experten","publisher":{"@id":"https:\/\/stiftungsmarktplatz.eu\/blog\/#organization"},"potentialAction":[{"@type":"SearchAction","target":{"@type":"EntryPoint","urlTemplate":"https:\/\/stiftungsmarktplatz.eu\/blog\/?s={search_term_string}"},"query-input":{"@type":"PropertyValueSpecification","valueRequired":true,"valueName":"search_term_string"}}],"inLanguage":"de"},{"@type":"Organization","@id":"https:\/\/stiftungsmarktplatz.eu\/blog\/#organization","name":"stiftungsmarktplatz.eu GbR","url":"https:\/\/stiftungsmarktplatz.eu\/blog\/","logo":{"@type":"ImageObject","inLanguage":"de","@id":"https:\/\/stiftungsmarktplatz.eu\/blog\/#\/schema\/logo\/image\/","url":"https:\/\/stiftungsmarktplatz.eu\/blog\/wp-content\/uploads\/2020\/03\/Logo-blog-retina.png","contentUrl":"https:\/\/stiftungsmarktplatz.eu\/blog\/wp-content\/uploads\/2020\/03\/Logo-blog-retina.png","width":140,"height":130,"caption":"stiftungsmarktplatz.eu GbR"},"image":{"@id":"https:\/\/stiftungsmarktplatz.eu\/blog\/#\/schema\/logo\/image\/"},"sameAs":["https:\/\/www.linkedin.com\/company\/18563519\/","https:\/\/www.youtube.com\/channel\/UCQrF6RQRFGxTokVV4nbx25Q"]},{"@type":"Person","@id":"https:\/\/stiftungsmarktplatz.eu\/blog\/#\/schema\/person\/3a42780bf87a2088578f1e8077ccfa44","name":"Tobias Karow","image":{"@type":"ImageObject","inLanguage":"de","@id":"https:\/\/stiftungsmarktplatz.eu\/blog\/wp-content\/uploads\/2024\/05\/tobias-karow-2024-150x150.png","url":"https:\/\/stiftungsmarktplatz.eu\/blog\/wp-content\/uploads\/2024\/05\/tobias-karow-2024-150x150.png","contentUrl":"https:\/\/stiftungsmarktplatz.eu\/blog\/wp-content\/uploads\/2024\/05\/tobias-karow-2024-150x150.png","caption":"Tobias Karow"},"description":"ist Gr\u00fcnder und Gesch\u00e4ftsf\u00fchrer von stiftungsmarktplatz.eu und im Stiftungswesen in Deutschland, \u00d6sterreich, der Schweiz und Liechtenstein seit 10 Jahren aktiv. Er ist Herausgeber der FondsFibel f\u00fcr Stiftungen &amp; NPOs, dem f\u00fchrenden Nachschlagewerk f\u00fcr Stiftungsfonds und stiftungsgeeignete Fonds (www.fondsfibel.de), Vortr\u00e4ge h\u00e4lt er vor allem zum Thema \u201aStiftungen und ihr Weg in die digitale Welt\u2018. F\u00fcr beide Themen betreibt er den Blog #stiftungenst\u00e4rken.","sameAs":["https:\/\/www.fondsfibel.de"],"url":"https:\/\/stiftungsmarktplatz.eu\/blog\/author\/tobias-karow\/"}]}},"post_mailing_queue_ids":[],"_links":{"self":[{"href":"https:\/\/stiftungsmarktplatz.eu\/blog\/wp-json\/wp\/v2\/posts\/3808","targetHints":{"allow":["GET"]}}],"collection":[{"href":"https:\/\/stiftungsmarktplatz.eu\/blog\/wp-json\/wp\/v2\/posts"}],"about":[{"href":"https:\/\/stiftungsmarktplatz.eu\/blog\/wp-json\/wp\/v2\/types\/post"}],"author":[{"embeddable":true,"href":"https:\/\/stiftungsmarktplatz.eu\/blog\/wp-json\/wp\/v2\/users\/8"}],"replies":[{"embeddable":true,"href":"https:\/\/stiftungsmarktplatz.eu\/blog\/wp-json\/wp\/v2\/comments?post=3808"}],"version-history":[{"count":5,"href":"https:\/\/stiftungsmarktplatz.eu\/blog\/wp-json\/wp\/v2\/posts\/3808\/revisions"}],"predecessor-version":[{"id":3815,"href":"https:\/\/stiftungsmarktplatz.eu\/blog\/wp-json\/wp\/v2\/posts\/3808\/revisions\/3815"}],"wp:featuredmedia":[{"embeddable":true,"href":"https:\/\/stiftungsmarktplatz.eu\/blog\/wp-json\/wp\/v2\/media\/3814"}],"wp:attachment":[{"href":"https:\/\/stiftungsmarktplatz.eu\/blog\/wp-json\/wp\/v2\/media?parent=3808"}],"wp:term":[{"taxonomy":"category","embeddable":true,"href":"https:\/\/stiftungsmarktplatz.eu\/blog\/wp-json\/wp\/v2\/categories?post=3808"},{"taxonomy":"post_tag","embeddable":true,"href":"https:\/\/stiftungsmarktplatz.eu\/blog\/wp-json\/wp\/v2\/tags?post=3808"}],"curies":[{"name":"wp","href":"https:\/\/api.w.org\/{rel}","templated":true}]}}