{"id":3620,"date":"2021-06-22T16:58:00","date_gmt":"2021-06-22T14:58:00","guid":{"rendered":"https:\/\/stiftungsmarktplatz.eu\/blog\/?p=3620"},"modified":"2022-03-17T17:08:08","modified_gmt":"2022-03-17T16:08:08","slug":"vtfds2021-in-der-mediathek","status":"publish","type":"post","link":"https:\/\/stiftungsmarktplatz.eu\/blog\/vtfds2021-in-der-mediathek\/","title":{"rendered":"#vtfds2021 in der Mediathek"},"content":{"rendered":"<span class=\"span-reading-time rt-reading-time\" style=\"display: block;\"><span class=\"rt-label rt-prefix\">Lesezeit: <\/span> <span class=\"rt-time\"> 2<\/span> <span class=\"rt-label rt-postfix\">Minuten<\/span><\/span>\n<p>Zugegeben, ich bin mittlerweile zu einem kleinen Webinarmuffel geworden, weil mir zu viele Webinare einfach runtergenudelt werden wie die Entschuldigungen bei der Deutschen Bahn, wenn das Bordbistro wieder mal nur eingeschr\u00e4nkt betriebsbereit ist.<\/p>\n\n\n\n<p>Umso mehr Spa\u00df hat mir das Eventfr\u00fchjahr im Stiftungssektor gemacht, denn hier war nun wirklich alles zu sehen, was Stiftungen und ihre Partner im Digitalen Raum mittlerweile zu leisten imstande sind.<\/p>\n\n\n\n<p><strong>Meine drei Lehren aus #dss21, #vtfds2021, #DST21 &amp; Co. sind:<\/strong><\/p>\n\n\n\n<ol class=\"wp-block-list\"><li>Viele Stiftungen sind in der digitalen Welt angekommen, haben die Corona-Pandemie als Chance begriffen.<\/li><li>Stiftungen schaffen es, via eines digitalen Events Menschen zu erreichen, zu begeistern und zu gewinnen. Davon brauchen wir: mehr!<\/li><li>Digitale Events mit einem klaren Fokus, die ein Thema in aller Tiefe ergr\u00fcnden, werden bleiben, lieblose Webinare mit beliebigen, wenig klaren Inhalten werden gehen.<\/li><\/ol>\n\n\n\n<h2 class=\"wp-block-heading\">DER #VTFDS \u2013 DIE ERSTE TV-SHOW RUND UM STIFTUNGSVERM\u00d6GEN<\/h2>\n\n\n\n<p>Ganz klar um das Thema Stiftungsverm\u00f6gen k\u00fcmmert sich unserer Virtueller Tag f\u00fcr das Stiftungsverm\u00f6gen. Dieser fand am 12.5.2021 zu zweiten Mal statt, mit 800 Zuschauern, gab Tipps zum Stiftungsverm\u00f6gen 2030, und wir freuen uns heute schon auf den <a href=\"https:\/\/vtfds.de\/\" target=\"_blank\" rel=\"noreferrer noopener\"><strong>#vtfds2022<\/strong><\/a>. Die Mediathek zum #vtfds2021 finden Sie auf <a href=\"https:\/\/www.vtfds.de\" target=\"_blank\" rel=\"noreferrer noopener\"><strong>www.vtfds.de<\/strong><\/a>.<\/p>\n\n\n\n<p>Ganz klar der Frage, wie Stiftungen ihren Weg in die digitale Welt finden, geht auch unser Blog #stiftungenst\u00e4rken in der gleichnamigen Rubrik nach, die drei Beitr\u00e4ge, die zuletzt am meisten gelesen wurden, tragen die Schlagworte Stiftungswebsite, Krisenkommunikation und Stiftungsevent.<br><\/p>\n\n\n\n<ul class=\"wp-block-list\"><li><a href=\"https:\/\/stiftungsmarktplatz.eu\/blog\/mit-krisenkommunikation-durch-stuermische-zeiten-segeln\/\"><strong>Mit Krisenkommunikation durch st\u00fcrmische Zeiten segeln<\/strong><\/a><\/li><li><strong><a href=\"https:\/\/stiftungsmarktplatz.eu\/blog\/die_stiftungswebsite_braucht_emotion\/\">Die Stiftungswebsite braucht Emotion<\/a><\/strong><\/li><li><strong><a href=\"https:\/\/stiftungsmarktplatz.eu\/blog\/gute-online-events-sind-gekommen-um-zu-bleiben\/\">Gute Online-Events sind gekommen um zu bleiben<\/a><\/strong><\/li><\/ul>\n\n\n\n<figure class=\"wp-block-image size-full\"><img loading=\"lazy\" decoding=\"async\" width=\"900\" height=\"506\" src=\"https:\/\/stiftungsmarktplatz.eu\/blog\/wp-content\/uploads\/2022\/03\/StiftungswebsiteMap.jpg\" alt=\"Stiftungswebsite Map\" class=\"wp-image-3622\" srcset=\"https:\/\/stiftungsmarktplatz.eu\/blog\/wp-content\/uploads\/2022\/03\/StiftungswebsiteMap.jpg 900w, https:\/\/stiftungsmarktplatz.eu\/blog\/wp-content\/uploads\/2022\/03\/StiftungswebsiteMap-300x169.jpg 300w, https:\/\/stiftungsmarktplatz.eu\/blog\/wp-content\/uploads\/2022\/03\/StiftungswebsiteMap-768x432.jpg 768w, https:\/\/stiftungsmarktplatz.eu\/blog\/wp-content\/uploads\/2022\/03\/StiftungswebsiteMap-696x391.jpg 696w\" sizes=\"auto, (max-width: 900px) 100vw, 900px\" \/><\/figure>\n\n\n\n<p>Ganz klar um die Fondsanlage dreht sich alles auf <a href=\"https:\/\/www.fondsfibel.de\" target=\"_blank\" rel=\"noreferrer noopener\"><strong>www.fondsfibel.de<\/strong><\/a>, aber Fondsanlage hei\u00dft f\u00fcr uns nicht, Stiftungsfonds aufzulisten, sondern zu erkl\u00e4ren, warum wir 25 Fonds f\u00fcr stiftungsgeeignet hei\u00dfen und wie Stiftungen ihr Stiftungsverm\u00f6gen \u00fcber Fonds zeitgem\u00e4\u00dfer anlegen k\u00f6nnen.<\/p>\n\n\n\n<ul class=\"wp-block-list\"><li><strong><a href=\"https:\/\/stiftungsmarktplatz.eu\/blog\/income_wird_zur_pflicht\/\">Income wird zur Pflicht<\/a><\/strong><\/li><li><strong><a href=\"https:\/\/stiftungsmarktplatz.eu\/blog\/diversifikationsgebot-das-erste-gebot\/\">Diversifikationsgebot, der erste Gebot<\/a><\/strong><\/li><li><strong><a href=\"https:\/\/stiftungsmarktplatz.eu\/blog\/stiftungsfonds-4-0\/\">Stiftungsfonds 4.0<\/a><\/strong><\/li><\/ul>\n\n\n\n<h2 class=\"wp-block-heading\">WIR HABEN EINE NEUE STARTSEITE<\/h2>\n\n\n\n<figure class=\"wp-block-image size-full\"><img loading=\"lazy\" decoding=\"async\" width=\"900\" height=\"506\" src=\"https:\/\/stiftungsmarktplatz.eu\/blog\/wp-content\/uploads\/2022\/03\/Startseite-stiftungsmarktplatz-NEU.jpg\" alt=\"stiftungsmarktplatz.eu\" class=\"wp-image-3625\" srcset=\"https:\/\/stiftungsmarktplatz.eu\/blog\/wp-content\/uploads\/2022\/03\/Startseite-stiftungsmarktplatz-NEU.jpg 900w, https:\/\/stiftungsmarktplatz.eu\/blog\/wp-content\/uploads\/2022\/03\/Startseite-stiftungsmarktplatz-NEU-300x169.jpg 300w, https:\/\/stiftungsmarktplatz.eu\/blog\/wp-content\/uploads\/2022\/03\/Startseite-stiftungsmarktplatz-NEU-768x432.jpg 768w, https:\/\/stiftungsmarktplatz.eu\/blog\/wp-content\/uploads\/2022\/03\/Startseite-stiftungsmarktplatz-NEU-696x391.jpg 696w\" sizes=\"auto, (max-width: 900px) 100vw, 900px\" \/><\/figure>\n\n\n\n<h2 class=\"wp-block-heading\">Die derzeit beliebtesten FreitagsPodcasts auf #stiftungenst\u00e4rken<\/h2>\n\n\n\n<ul class=\"wp-block-list\"><li><a href=\"https:\/\/stiftungsmarktplatz.eu\/blog\/das-digitale-steuerreporting-schweigt-sich-bei-stiftungen-rum\/\"><strong>Das digitale Steuerreporting schweigt sich bei Stiftungen rum, mit Dr. Rolf M\u00fcller<\/strong><\/a><\/li><li><a href=\"https:\/\/stiftungsmarktplatz.eu\/blog\/stiftungen-sollten-nicht-nicht-kommunizieren\/\"><strong>Stiftungen sollten nicht nicht kommunizieren, mit Katrin T\u00f6nshoff<\/strong><\/a><\/li><li><a href=\"https:\/\/stiftungsmarktplatz.eu\/blog\/eine-stiftungsstrategie-ist-ein-wegweiser-ins-morgen\/\"><strong>Eine Stiftungsstrategie ist ein Wegweiser ins Morgen, mit Miriam Wagner-Long<\/strong><\/a><\/li><li><a href=\"https:\/\/stiftungsmarktplatz.eu\/blog\/anlagen-von-gestern-sind-nicht-die-anlagen-von-morgen\/\"><strong>Anlagen von gestern sind nicht die Anlage von morgen, mit Andreas Fiedler<\/strong><\/a><\/li><li><a href=\"https:\/\/stiftungsmarktplatz.eu\/blog\/bei-alternatives-ist-es-die-dosis\/\"><strong>Bei Alternatives ist es die Dosis, mit Dr. Elmar Peine<\/strong><\/a><br>\u00a0<\/li><\/ul>\n\n\n\n<figure class=\"wp-block-image size-full\"><a href=\"https:\/\/stiftungsmarktplatz.eu\/newsletter-anmeldung-2\/\" target=\"_blank\" rel=\"noopener\"><img loading=\"lazy\" decoding=\"async\" width=\"800\" height=\"150\" src=\"https:\/\/stiftungsmarktplatz.eu\/blog\/wp-content\/uploads\/2022\/03\/banner-newsletter.gif\" alt=\"\" class=\"wp-image-3553\"\/><\/a><\/figure>\n\n\n\n<h2 class=\"wp-block-heading\">Eine Terminvorank\u00fcndigung noch<\/h2>\n\n\n\n<p><strong>Am 09.09.2021 veranstaltet die ESV Akademie den n\u00e4chsten Stiftungsfokus, zum Thema \u201eDigitalisierung in und von Stiftungen\u201c.<\/strong><\/p>\n\n\n\n<p>Wir begleiten diesen Termin, da uns der Weg von Stiftungen in die digitale Welt nat\u00fcrlich stark besch\u00e4ftigt, mehr Details zur Veranstaltung folgen an dieser Stelle und auf unseren Social Media Kan\u00e4len \u2013 oder auf <a href=\"http:\/\/www.ESV-Akademie.de\" target=\"_blank\" rel=\"noreferrer noopener\"><strong>www.ESV-Akademie.de<\/strong><\/a>.<\/p>\n\n\n\n<p><strong>Jetzt w\u00fcnschen wir Ihnen viel Spa\u00df beim Schm\u00f6kern \u2013 und einen sch\u00f6nen Fu\u00dfballabend\u2026<\/strong><\/p>\n","protected":false},"excerpt":{"rendered":"<p><span class=\"span-reading-time rt-reading-time\" style=\"display: block;\"><span class=\"rt-label rt-prefix\">Lesezeit: <\/span> <span class=\"rt-time\"> 2<\/span> <span class=\"rt-label rt-postfix\">Minuten<\/span><\/span>Zugegeben, ich bin mittlerweile zu einem kleinen Webinarmuffel geworden, weil mir zu viele Webinare einfach runtergenudelt werden wie die Entschuldigungen bei der Deutschen Bahn, wenn das Bordbistro wieder mal nur eingeschr\u00e4nkt betriebsbereit ist. <\/p>\n","protected":false},"author":8,"featured_media":3624,"comment_status":"closed","ping_status":"open","sticky":false,"template":"","format":"standard","meta":{"ngg_post_thumbnail":0,"footnotes":""},"categories":[395],"tags":[],"class_list":{"0":"post-3620","1":"post","2":"type-post","3":"status-publish","4":"format-standard","5":"has-post-thumbnail","7":"category-der-skipper-newsletter-archiv"},"yoast_head":"<!-- This site is optimized with the Yoast SEO plugin v27.4 - https:\/\/yoast.com\/product\/yoast-seo-wordpress\/ -->\n<title>#vtfds2021 in der Mediathek - Der Stiftungsblog f\u00fcr die Stiftungspraxis<\/title>\n<meta name=\"description\" content=\"Zugegeben, ich bin mittlerweile zu einem kleinen Webinarmuffel geworden, weil mir zu viele Webinare einfach runtergenudelt werden wie die Entschuldigungen bei der Deutschen Bahn, wenn das Bordbistro wieder mal nur eingeschr\u00e4nkt betriebsbereit ist.\" \/>\n<meta name=\"robots\" content=\"index, follow, max-snippet:-1, max-image-preview:large, max-video-preview:-1\" \/>\n<link rel=\"canonical\" href=\"https:\/\/stiftungsmarktplatz.eu\/blog\/vtfds2021-in-der-mediathek\/\" \/>\n<meta property=\"og:locale\" content=\"de_DE\" \/>\n<meta property=\"og:type\" content=\"article\" \/>\n<meta property=\"og:title\" content=\"#vtfds2021 in der Mediathek - Der Stiftungsblog f\u00fcr die Stiftungspraxis\" \/>\n<meta property=\"og:description\" content=\"Zugegeben, ich bin mittlerweile zu einem kleinen Webinarmuffel geworden, weil mir zu viele Webinare einfach runtergenudelt werden wie die Entschuldigungen bei der Deutschen Bahn, wenn das Bordbistro wieder mal nur eingeschr\u00e4nkt betriebsbereit ist.\" \/>\n<meta property=\"og:url\" content=\"https:\/\/stiftungsmarktplatz.eu\/blog\/vtfds2021-in-der-mediathek\/\" \/>\n<meta property=\"og:site_name\" content=\"Der Stiftungsblog f\u00fcr die Stiftungspraxis\" \/>\n<meta property=\"article:published_time\" content=\"2021-06-22T14:58:00+00:00\" \/>\n<meta property=\"article:modified_time\" content=\"2022-03-17T16:08:08+00:00\" \/>\n<meta property=\"og:image\" content=\"https:\/\/stiftungsmarktplatz.eu\/blog\/wp-content\/uploads\/2022\/03\/newsletter-2062021.jpg\" \/>\n\t<meta property=\"og:image:width\" content=\"1200\" \/>\n\t<meta property=\"og:image:height\" content=\"675\" \/>\n\t<meta property=\"og:image:type\" content=\"image\/jpeg\" \/>\n<meta name=\"author\" content=\"Tobias Karow\" \/>\n<meta name=\"twitter:card\" content=\"summary_large_image\" \/>\n<meta name=\"twitter:label1\" content=\"Verfasst von\" \/>\n\t<meta name=\"twitter:data1\" content=\"Tobias Karow\" \/>\n\t<meta name=\"twitter:label2\" content=\"Gesch\u00e4tzte Lesezeit\" \/>\n\t<meta name=\"twitter:data2\" content=\"3\u00a0Minuten\" \/>\n<script type=\"application\/ld+json\" class=\"yoast-schema-graph\">{\"@context\":\"https:\\\/\\\/schema.org\",\"@graph\":[{\"@type\":\"Article\",\"@id\":\"https:\\\/\\\/stiftungsmarktplatz.eu\\\/blog\\\/vtfds2021-in-der-mediathek\\\/#article\",\"isPartOf\":{\"@id\":\"https:\\\/\\\/stiftungsmarktplatz.eu\\\/blog\\\/vtfds2021-in-der-mediathek\\\/\"},\"author\":{\"name\":\"Tobias Karow\",\"@id\":\"https:\\\/\\\/stiftungsmarktplatz.eu\\\/blog\\\/#\\\/schema\\\/person\\\/3a42780bf87a2088578f1e8077ccfa44\"},\"headline\":\"#vtfds2021 in der Mediathek\",\"datePublished\":\"2021-06-22T14:58:00+00:00\",\"dateModified\":\"2022-03-17T16:08:08+00:00\",\"mainEntityOfPage\":{\"@id\":\"https:\\\/\\\/stiftungsmarktplatz.eu\\\/blog\\\/vtfds2021-in-der-mediathek\\\/\"},\"wordCount\":454,\"publisher\":{\"@id\":\"https:\\\/\\\/stiftungsmarktplatz.eu\\\/blog\\\/#organization\"},\"image\":{\"@id\":\"https:\\\/\\\/stiftungsmarktplatz.eu\\\/blog\\\/vtfds2021-in-der-mediathek\\\/#primaryimage\"},\"thumbnailUrl\":\"https:\\\/\\\/stiftungsmarktplatz.eu\\\/blog\\\/wp-content\\\/uploads\\\/2022\\\/03\\\/newsletter-2062021.jpg\",\"articleSection\":[\"Des Skippers Heimathafen - das Archiv\"],\"inLanguage\":\"de\"},{\"@type\":\"WebPage\",\"@id\":\"https:\\\/\\\/stiftungsmarktplatz.eu\\\/blog\\\/vtfds2021-in-der-mediathek\\\/\",\"url\":\"https:\\\/\\\/stiftungsmarktplatz.eu\\\/blog\\\/vtfds2021-in-der-mediathek\\\/\",\"name\":\"#vtfds2021 in der Mediathek - Der Stiftungsblog f\u00fcr die Stiftungspraxis\",\"isPartOf\":{\"@id\":\"https:\\\/\\\/stiftungsmarktplatz.eu\\\/blog\\\/#website\"},\"primaryImageOfPage\":{\"@id\":\"https:\\\/\\\/stiftungsmarktplatz.eu\\\/blog\\\/vtfds2021-in-der-mediathek\\\/#primaryimage\"},\"image\":{\"@id\":\"https:\\\/\\\/stiftungsmarktplatz.eu\\\/blog\\\/vtfds2021-in-der-mediathek\\\/#primaryimage\"},\"thumbnailUrl\":\"https:\\\/\\\/stiftungsmarktplatz.eu\\\/blog\\\/wp-content\\\/uploads\\\/2022\\\/03\\\/newsletter-2062021.jpg\",\"datePublished\":\"2021-06-22T14:58:00+00:00\",\"dateModified\":\"2022-03-17T16:08:08+00:00\",\"description\":\"Zugegeben, ich bin mittlerweile zu einem kleinen Webinarmuffel geworden, weil mir zu viele Webinare einfach runtergenudelt werden wie die Entschuldigungen bei der Deutschen Bahn, wenn das Bordbistro wieder mal nur eingeschr\u00e4nkt betriebsbereit ist.\",\"breadcrumb\":{\"@id\":\"https:\\\/\\\/stiftungsmarktplatz.eu\\\/blog\\\/vtfds2021-in-der-mediathek\\\/#breadcrumb\"},\"inLanguage\":\"de\",\"potentialAction\":[{\"@type\":\"ReadAction\",\"target\":[\"https:\\\/\\\/stiftungsmarktplatz.eu\\\/blog\\\/vtfds2021-in-der-mediathek\\\/\"]}]},{\"@type\":\"ImageObject\",\"inLanguage\":\"de\",\"@id\":\"https:\\\/\\\/stiftungsmarktplatz.eu\\\/blog\\\/vtfds2021-in-der-mediathek\\\/#primaryimage\",\"url\":\"https:\\\/\\\/stiftungsmarktplatz.eu\\\/blog\\\/wp-content\\\/uploads\\\/2022\\\/03\\\/newsletter-2062021.jpg\",\"contentUrl\":\"https:\\\/\\\/stiftungsmarktplatz.eu\\\/blog\\\/wp-content\\\/uploads\\\/2022\\\/03\\\/newsletter-2062021.jpg\",\"width\":1200,\"height\":675,\"caption\":\"Newsletter - 22.6.2021\"},{\"@type\":\"BreadcrumbList\",\"@id\":\"https:\\\/\\\/stiftungsmarktplatz.eu\\\/blog\\\/vtfds2021-in-der-mediathek\\\/#breadcrumb\",\"itemListElement\":[{\"@type\":\"ListItem\",\"position\":1,\"name\":\"Startseite\",\"item\":\"https:\\\/\\\/stiftungsmarktplatz.eu\\\/blog\\\/\"},{\"@type\":\"ListItem\",\"position\":2,\"name\":\"#vtfds2021 in der Mediathek\"}]},{\"@type\":\"WebSite\",\"@id\":\"https:\\\/\\\/stiftungsmarktplatz.eu\\\/blog\\\/#website\",\"url\":\"https:\\\/\\\/stiftungsmarktplatz.eu\\\/blog\\\/\",\"name\":\"Der Stiftungsblog f\u00fcr die Stiftungspraxis\",\"description\":\"#stiftungenst\u00e4rken - NPO-Expertise von NPO-Experten\",\"publisher\":{\"@id\":\"https:\\\/\\\/stiftungsmarktplatz.eu\\\/blog\\\/#organization\"},\"potentialAction\":[{\"@type\":\"SearchAction\",\"target\":{\"@type\":\"EntryPoint\",\"urlTemplate\":\"https:\\\/\\\/stiftungsmarktplatz.eu\\\/blog\\\/?s={search_term_string}\"},\"query-input\":{\"@type\":\"PropertyValueSpecification\",\"valueRequired\":true,\"valueName\":\"search_term_string\"}}],\"inLanguage\":\"de\"},{\"@type\":\"Organization\",\"@id\":\"https:\\\/\\\/stiftungsmarktplatz.eu\\\/blog\\\/#organization\",\"name\":\"stiftungsmarktplatz.eu GbR\",\"url\":\"https:\\\/\\\/stiftungsmarktplatz.eu\\\/blog\\\/\",\"logo\":{\"@type\":\"ImageObject\",\"inLanguage\":\"de\",\"@id\":\"https:\\\/\\\/stiftungsmarktplatz.eu\\\/blog\\\/#\\\/schema\\\/logo\\\/image\\\/\",\"url\":\"https:\\\/\\\/stiftungsmarktplatz.eu\\\/blog\\\/wp-content\\\/uploads\\\/2020\\\/03\\\/Logo-blog-retina.png\",\"contentUrl\":\"https:\\\/\\\/stiftungsmarktplatz.eu\\\/blog\\\/wp-content\\\/uploads\\\/2020\\\/03\\\/Logo-blog-retina.png\",\"width\":140,\"height\":130,\"caption\":\"stiftungsmarktplatz.eu GbR\"},\"image\":{\"@id\":\"https:\\\/\\\/stiftungsmarktplatz.eu\\\/blog\\\/#\\\/schema\\\/logo\\\/image\\\/\"},\"sameAs\":[\"https:\\\/\\\/www.linkedin.com\\\/company\\\/18563519\\\/\",\"https:\\\/\\\/www.youtube.com\\\/channel\\\/UCQrF6RQRFGxTokVV4nbx25Q\"]},{\"@type\":\"Person\",\"@id\":\"https:\\\/\\\/stiftungsmarktplatz.eu\\\/blog\\\/#\\\/schema\\\/person\\\/3a42780bf87a2088578f1e8077ccfa44\",\"name\":\"Tobias Karow\",\"image\":{\"@type\":\"ImageObject\",\"inLanguage\":\"de\",\"@id\":\"https:\\\/\\\/stiftungsmarktplatz.eu\\\/blog\\\/wp-content\\\/uploads\\\/2024\\\/05\\\/tobias-karow-2024-150x150.png\",\"url\":\"https:\\\/\\\/stiftungsmarktplatz.eu\\\/blog\\\/wp-content\\\/uploads\\\/2024\\\/05\\\/tobias-karow-2024-150x150.png\",\"contentUrl\":\"https:\\\/\\\/stiftungsmarktplatz.eu\\\/blog\\\/wp-content\\\/uploads\\\/2024\\\/05\\\/tobias-karow-2024-150x150.png\",\"caption\":\"Tobias Karow\"},\"description\":\"ist Gr\u00fcnder und Gesch\u00e4ftsf\u00fchrer von stiftungsmarktplatz.eu und im Stiftungswesen in Deutschland, \u00d6sterreich, der Schweiz und Liechtenstein seit 10 Jahren aktiv. Er ist Herausgeber der FondsFibel f\u00fcr Stiftungen &amp; NPOs, dem f\u00fchrenden Nachschlagewerk f\u00fcr Stiftungsfonds und stiftungsgeeignete Fonds (www.fondsfibel.de), Vortr\u00e4ge h\u00e4lt er vor allem zum Thema \u201aStiftungen und ihr Weg in die digitale Welt\u2018. F\u00fcr beide Themen betreibt er den Blog #stiftungenst\u00e4rken.\",\"sameAs\":[\"https:\\\/\\\/www.fondsfibel.de\"],\"url\":\"https:\\\/\\\/stiftungsmarktplatz.eu\\\/blog\\\/author\\\/tobias-karow\\\/\"}]}<\/script>\n<!-- \/ Yoast SEO plugin. -->","yoast_head_json":{"title":"#vtfds2021 in der Mediathek - Der Stiftungsblog f\u00fcr die Stiftungspraxis","description":"Zugegeben, ich bin mittlerweile zu einem kleinen Webinarmuffel geworden, weil mir zu viele Webinare einfach runtergenudelt werden wie die Entschuldigungen bei der Deutschen Bahn, wenn das Bordbistro wieder mal nur eingeschr\u00e4nkt betriebsbereit ist.","robots":{"index":"index","follow":"follow","max-snippet":"max-snippet:-1","max-image-preview":"max-image-preview:large","max-video-preview":"max-video-preview:-1"},"canonical":"https:\/\/stiftungsmarktplatz.eu\/blog\/vtfds2021-in-der-mediathek\/","og_locale":"de_DE","og_type":"article","og_title":"#vtfds2021 in der Mediathek - Der Stiftungsblog f\u00fcr die Stiftungspraxis","og_description":"Zugegeben, ich bin mittlerweile zu einem kleinen Webinarmuffel geworden, weil mir zu viele Webinare einfach runtergenudelt werden wie die Entschuldigungen bei der Deutschen Bahn, wenn das Bordbistro wieder mal nur eingeschr\u00e4nkt betriebsbereit ist.","og_url":"https:\/\/stiftungsmarktplatz.eu\/blog\/vtfds2021-in-der-mediathek\/","og_site_name":"Der Stiftungsblog f\u00fcr die Stiftungspraxis","article_published_time":"2021-06-22T14:58:00+00:00","article_modified_time":"2022-03-17T16:08:08+00:00","og_image":[{"width":1200,"height":675,"url":"https:\/\/stiftungsmarktplatz.eu\/blog\/wp-content\/uploads\/2022\/03\/newsletter-2062021.jpg","type":"image\/jpeg"}],"author":"Tobias Karow","twitter_card":"summary_large_image","twitter_misc":{"Verfasst von":"Tobias Karow","Gesch\u00e4tzte Lesezeit":"3\u00a0Minuten"},"schema":{"@context":"https:\/\/schema.org","@graph":[{"@type":"Article","@id":"https:\/\/stiftungsmarktplatz.eu\/blog\/vtfds2021-in-der-mediathek\/#article","isPartOf":{"@id":"https:\/\/stiftungsmarktplatz.eu\/blog\/vtfds2021-in-der-mediathek\/"},"author":{"name":"Tobias Karow","@id":"https:\/\/stiftungsmarktplatz.eu\/blog\/#\/schema\/person\/3a42780bf87a2088578f1e8077ccfa44"},"headline":"#vtfds2021 in der Mediathek","datePublished":"2021-06-22T14:58:00+00:00","dateModified":"2022-03-17T16:08:08+00:00","mainEntityOfPage":{"@id":"https:\/\/stiftungsmarktplatz.eu\/blog\/vtfds2021-in-der-mediathek\/"},"wordCount":454,"publisher":{"@id":"https:\/\/stiftungsmarktplatz.eu\/blog\/#organization"},"image":{"@id":"https:\/\/stiftungsmarktplatz.eu\/blog\/vtfds2021-in-der-mediathek\/#primaryimage"},"thumbnailUrl":"https:\/\/stiftungsmarktplatz.eu\/blog\/wp-content\/uploads\/2022\/03\/newsletter-2062021.jpg","articleSection":["Des Skippers Heimathafen - das Archiv"],"inLanguage":"de"},{"@type":"WebPage","@id":"https:\/\/stiftungsmarktplatz.eu\/blog\/vtfds2021-in-der-mediathek\/","url":"https:\/\/stiftungsmarktplatz.eu\/blog\/vtfds2021-in-der-mediathek\/","name":"#vtfds2021 in der Mediathek - Der Stiftungsblog f\u00fcr die Stiftungspraxis","isPartOf":{"@id":"https:\/\/stiftungsmarktplatz.eu\/blog\/#website"},"primaryImageOfPage":{"@id":"https:\/\/stiftungsmarktplatz.eu\/blog\/vtfds2021-in-der-mediathek\/#primaryimage"},"image":{"@id":"https:\/\/stiftungsmarktplatz.eu\/blog\/vtfds2021-in-der-mediathek\/#primaryimage"},"thumbnailUrl":"https:\/\/stiftungsmarktplatz.eu\/blog\/wp-content\/uploads\/2022\/03\/newsletter-2062021.jpg","datePublished":"2021-06-22T14:58:00+00:00","dateModified":"2022-03-17T16:08:08+00:00","description":"Zugegeben, ich bin mittlerweile zu einem kleinen Webinarmuffel geworden, weil mir zu viele Webinare einfach runtergenudelt werden wie die Entschuldigungen bei der Deutschen Bahn, wenn das Bordbistro wieder mal nur eingeschr\u00e4nkt betriebsbereit ist.","breadcrumb":{"@id":"https:\/\/stiftungsmarktplatz.eu\/blog\/vtfds2021-in-der-mediathek\/#breadcrumb"},"inLanguage":"de","potentialAction":[{"@type":"ReadAction","target":["https:\/\/stiftungsmarktplatz.eu\/blog\/vtfds2021-in-der-mediathek\/"]}]},{"@type":"ImageObject","inLanguage":"de","@id":"https:\/\/stiftungsmarktplatz.eu\/blog\/vtfds2021-in-der-mediathek\/#primaryimage","url":"https:\/\/stiftungsmarktplatz.eu\/blog\/wp-content\/uploads\/2022\/03\/newsletter-2062021.jpg","contentUrl":"https:\/\/stiftungsmarktplatz.eu\/blog\/wp-content\/uploads\/2022\/03\/newsletter-2062021.jpg","width":1200,"height":675,"caption":"Newsletter - 22.6.2021"},{"@type":"BreadcrumbList","@id":"https:\/\/stiftungsmarktplatz.eu\/blog\/vtfds2021-in-der-mediathek\/#breadcrumb","itemListElement":[{"@type":"ListItem","position":1,"name":"Startseite","item":"https:\/\/stiftungsmarktplatz.eu\/blog\/"},{"@type":"ListItem","position":2,"name":"#vtfds2021 in der Mediathek"}]},{"@type":"WebSite","@id":"https:\/\/stiftungsmarktplatz.eu\/blog\/#website","url":"https:\/\/stiftungsmarktplatz.eu\/blog\/","name":"Der Stiftungsblog f\u00fcr die Stiftungspraxis","description":"#stiftungenst\u00e4rken - NPO-Expertise von NPO-Experten","publisher":{"@id":"https:\/\/stiftungsmarktplatz.eu\/blog\/#organization"},"potentialAction":[{"@type":"SearchAction","target":{"@type":"EntryPoint","urlTemplate":"https:\/\/stiftungsmarktplatz.eu\/blog\/?s={search_term_string}"},"query-input":{"@type":"PropertyValueSpecification","valueRequired":true,"valueName":"search_term_string"}}],"inLanguage":"de"},{"@type":"Organization","@id":"https:\/\/stiftungsmarktplatz.eu\/blog\/#organization","name":"stiftungsmarktplatz.eu GbR","url":"https:\/\/stiftungsmarktplatz.eu\/blog\/","logo":{"@type":"ImageObject","inLanguage":"de","@id":"https:\/\/stiftungsmarktplatz.eu\/blog\/#\/schema\/logo\/image\/","url":"https:\/\/stiftungsmarktplatz.eu\/blog\/wp-content\/uploads\/2020\/03\/Logo-blog-retina.png","contentUrl":"https:\/\/stiftungsmarktplatz.eu\/blog\/wp-content\/uploads\/2020\/03\/Logo-blog-retina.png","width":140,"height":130,"caption":"stiftungsmarktplatz.eu GbR"},"image":{"@id":"https:\/\/stiftungsmarktplatz.eu\/blog\/#\/schema\/logo\/image\/"},"sameAs":["https:\/\/www.linkedin.com\/company\/18563519\/","https:\/\/www.youtube.com\/channel\/UCQrF6RQRFGxTokVV4nbx25Q"]},{"@type":"Person","@id":"https:\/\/stiftungsmarktplatz.eu\/blog\/#\/schema\/person\/3a42780bf87a2088578f1e8077ccfa44","name":"Tobias Karow","image":{"@type":"ImageObject","inLanguage":"de","@id":"https:\/\/stiftungsmarktplatz.eu\/blog\/wp-content\/uploads\/2024\/05\/tobias-karow-2024-150x150.png","url":"https:\/\/stiftungsmarktplatz.eu\/blog\/wp-content\/uploads\/2024\/05\/tobias-karow-2024-150x150.png","contentUrl":"https:\/\/stiftungsmarktplatz.eu\/blog\/wp-content\/uploads\/2024\/05\/tobias-karow-2024-150x150.png","caption":"Tobias Karow"},"description":"ist Gr\u00fcnder und Gesch\u00e4ftsf\u00fchrer von stiftungsmarktplatz.eu und im Stiftungswesen in Deutschland, \u00d6sterreich, der Schweiz und Liechtenstein seit 10 Jahren aktiv. Er ist Herausgeber der FondsFibel f\u00fcr Stiftungen &amp; NPOs, dem f\u00fchrenden Nachschlagewerk f\u00fcr Stiftungsfonds und stiftungsgeeignete Fonds (www.fondsfibel.de), Vortr\u00e4ge h\u00e4lt er vor allem zum Thema \u201aStiftungen und ihr Weg in die digitale Welt\u2018. F\u00fcr beide Themen betreibt er den Blog #stiftungenst\u00e4rken.","sameAs":["https:\/\/www.fondsfibel.de"],"url":"https:\/\/stiftungsmarktplatz.eu\/blog\/author\/tobias-karow\/"}]}},"post_mailing_queue_ids":[],"_links":{"self":[{"href":"https:\/\/stiftungsmarktplatz.eu\/blog\/wp-json\/wp\/v2\/posts\/3620","targetHints":{"allow":["GET"]}}],"collection":[{"href":"https:\/\/stiftungsmarktplatz.eu\/blog\/wp-json\/wp\/v2\/posts"}],"about":[{"href":"https:\/\/stiftungsmarktplatz.eu\/blog\/wp-json\/wp\/v2\/types\/post"}],"author":[{"embeddable":true,"href":"https:\/\/stiftungsmarktplatz.eu\/blog\/wp-json\/wp\/v2\/users\/8"}],"replies":[{"embeddable":true,"href":"https:\/\/stiftungsmarktplatz.eu\/blog\/wp-json\/wp\/v2\/comments?post=3620"}],"version-history":[{"count":4,"href":"https:\/\/stiftungsmarktplatz.eu\/blog\/wp-json\/wp\/v2\/posts\/3620\/revisions"}],"predecessor-version":[{"id":3628,"href":"https:\/\/stiftungsmarktplatz.eu\/blog\/wp-json\/wp\/v2\/posts\/3620\/revisions\/3628"}],"wp:featuredmedia":[{"embeddable":true,"href":"https:\/\/stiftungsmarktplatz.eu\/blog\/wp-json\/wp\/v2\/media\/3624"}],"wp:attachment":[{"href":"https:\/\/stiftungsmarktplatz.eu\/blog\/wp-json\/wp\/v2\/media?parent=3620"}],"wp:term":[{"taxonomy":"category","embeddable":true,"href":"https:\/\/stiftungsmarktplatz.eu\/blog\/wp-json\/wp\/v2\/categories?post=3620"},{"taxonomy":"post_tag","embeddable":true,"href":"https:\/\/stiftungsmarktplatz.eu\/blog\/wp-json\/wp\/v2\/tags?post=3620"}],"curies":[{"name":"wp","href":"https:\/\/api.w.org\/{rel}","templated":true}]}}