{"id":3469,"date":"2022-03-09T13:07:00","date_gmt":"2022-03-09T12:07:00","guid":{"rendered":"https:\/\/stiftungsmarktplatz.eu\/blog\/?p=3469"},"modified":"2022-03-16T12:33:49","modified_gmt":"2022-03-16T11:33:49","slug":"hilfe-im-ukraine-krieg-aus-der-mitte-der-zivilgesellschaft","status":"publish","type":"post","link":"https:\/\/stiftungsmarktplatz.eu\/blog\/hilfe-im-ukraine-krieg-aus-der-mitte-der-zivilgesellschaft\/","title":{"rendered":"Hands-on: Hilfe im Ukraine-Krieg aus der Mitte der Zivilgesellschaft"},"content":{"rendered":"<span class=\"span-reading-time rt-reading-time\" style=\"display: block;\"><span class=\"rt-label rt-prefix\">Lesezeit: <\/span> <span class=\"rt-time\"> 5<\/span> <span class=\"rt-label rt-postfix\">Minuten<\/span><\/span>\n<p><em>Ukraine-Krise AKTUELL: An der ungarischen Grenze zur Ukraine ist es un\u00fcbersichtlich. Zuallererst sind da die vielen Zivilisten, die vor dem Krieg fliehen. Man sieht hochbewaffnete Beamte vom Grenzschutz, und nat\u00fcrlich auch die Transporter und Mitglieder vieler Hilfsorganisationen. Mitten in diesem Geschehen: Zwei Studenten aus Passau, Vincent Freytag und Vincent Fottner, zwei Freunde, die nicht anders handeln konnten, als vor Ort zu helfen. Vor ein paar Tagen gaben sie sich den Namen <\/em>Youth pro Ukraine<em>, nachdem bereits Tonnen von Hilfsg\u00fctern an die Menschen vor Ort gebracht, Bef\u00f6rderungsm\u00f6glichkeiten f\u00fcr Fl\u00fcchtende organisiert und ein Netzwerk mit Beh\u00f6rden und Hilfsorganisationen aufgebaut werden konnten. Ein Gespr\u00e4ch mit Vincent Freytag \u00fcber eine Bewegung aus der Mitte der Zivilgesellschaft.<\/em><\/p>\n\n\n\n<h3 class=\"wp-block-heading\">Hilfe bei der Flucht<\/h3>\n\n\n\n<p>Ich erreiche Vincent Freytag im Auto, auf einer ungarischen Stra\u00dfe Richtung ukrainischer Grenze. Er und Vincent Fottner, Mitinitiator von <em>Youth pro Ukraine,<\/em> werden dort die Familienangeh\u00f6rigen einer in M\u00fcnchen lebenden Ukrainerin, die ebenfalls mit Freund im Auto ist, abholen. Auch eine Schlafm\u00f6glichkeit f\u00fcr die Familie hat die Initiative bereits organisiert. Nur der Vater kann nicht mit ausreisen, er wird die Ukraine im Krieg verteidigen. Sie k\u00f6nnen ihm zumindest ein Paket mit medizinsicher Grundversorgung dalassen, zusammengestellt aus Spendenmitteln. Es sind viele Hilfegesuche wie diese, die Freytag und Fottner seit den letzten Tagen erreichen.<\/p>\n\n\n\n<figure class=\"wp-block-image size-large\"><img loading=\"lazy\" decoding=\"async\" width=\"1024\" height=\"576\" src=\"https:\/\/stiftungsmarktplatz.eu\/blog\/wp-content\/uploads\/2022\/03\/Spielbild-youth-for-Ukraine-1024x576.jpg\" alt=\"\" class=\"wp-image-3475\" srcset=\"https:\/\/stiftungsmarktplatz.eu\/blog\/wp-content\/uploads\/2022\/03\/Spielbild-youth-for-Ukraine-1024x576.jpg 1024w, https:\/\/stiftungsmarktplatz.eu\/blog\/wp-content\/uploads\/2022\/03\/Spielbild-youth-for-Ukraine-300x169.jpg 300w, https:\/\/stiftungsmarktplatz.eu\/blog\/wp-content\/uploads\/2022\/03\/Spielbild-youth-for-Ukraine-768x432.jpg 768w, https:\/\/stiftungsmarktplatz.eu\/blog\/wp-content\/uploads\/2022\/03\/Spielbild-youth-for-Ukraine-696x392.jpg 696w, https:\/\/stiftungsmarktplatz.eu\/blog\/wp-content\/uploads\/2022\/03\/Spielbild-youth-for-Ukraine-1068x601.jpg 1068w, https:\/\/stiftungsmarktplatz.eu\/blog\/wp-content\/uploads\/2022\/03\/Spielbild-youth-for-Ukraine.jpg 1200w\" sizes=\"auto, (max-width: 1024px) 100vw, 1024px\" \/><figcaption>F\u00fcr die Menschen aus der Ukraine werden massenhaft Hilfsg\u00fcter gesammelt, alles, um den Fl\u00fcchtenden schnell mit dem N\u00f6tigsten zu helfen. Foto: Vincent Freytag\/Vincent Fottner<\/figcaption><\/figure>\n\n\n\n<h3 class=\"wp-block-heading\">Wie alles seinen Anfang nahm<\/h3>\n\n\n\n<p>Freytag ist f\u00fcr sein Auslandssemester in Budapest, als am 24. Februar 2022 Putin in die Ukraine invadiert. Knapp 900 Kilometer Luftlinie liegen zwischen den beiden Hauptst\u00e4dten Budapest und Kiew. Tausende aus der Ukraine Gefl\u00fcchtete kommen in Z\u00fcgen am Budapester Hauptbahnhof an. Die r\u00e4umliche N\u00e4he zur Ukraine dr\u00e4ngt ein Handeln nahezu auf. Also starten Freytag und Fottner nur wenige Tage sp\u00e4ter einen Aufruf \u00fcber Instagram: \u201eWir haben ein PayPal-Konto f\u00fcr Spenden eingerichtet. Mit dem Erl\u00f6s wollen wir das kaufen, was die Menschen hier dringend brauchen\u201c. In Budapest stellt Freytag einen Kontakt zur Ukrainischen Selbstverwaltung her. Diese von der ukrainischen Minderheit in Budapest betriebene Organisation steht im direkten Kontakt zu den Menschen in der Ukraine.<\/p>\n\n\n\n<h3 class=\"wp-block-heading\">Ein Aufruf wird zur Bewegung<\/h3>\n\n\n\n<p>Zw\u00f6lf Stunden nach dem Aufruf sind bereits 2000 Euro auf dem Spendenkonto eingegangen, viele von Freunden, Kommilitonen und Bekannten. Eine Woche sp\u00e4ter sind es \u00fcber 16000 Euro. Zudem richten sie in einem Passauer Nachtclub eine Sammelstelle f\u00fcr Sachspenden ein, drei gro\u00dfe wei\u00dfe Transporter werden voll beladen, welche ebenfalls von lokalen Unternehmen gesponsert sind. Passauer Studierende, Einheimische, Leute aus der Umgebung und Menschen, die von der Aktion Wind bekommen haben und helfen m\u00f6chten, tragen Sachspenden zusammen. Personenbef\u00f6rderungen aus der Ukraine, \u00fcber Ungarn, \u00d6sterreich bis nach Deutschland werden organisiert. Die Hilfsg\u00fcter m\u00fcssen sortiert und geb\u00fcndelt, Kontakt zu Personenbef\u00f6rderungsunternehmen und Organisationen hergestellt werden, Aufrufe und Updates an die Followerschaft gehen raus.<\/p>\n\n\n\n<figure class=\"wp-block-image size-full\"><a href=\"https:\/\/handicap-international.de\/de\/nothilfe-ukraine\" target=\"_blank\" rel=\"noopener\"><img loading=\"lazy\" decoding=\"async\" width=\"900\" height=\"181\" src=\"https:\/\/stiftungsmarktplatz.eu\/blog\/wp-content\/uploads\/2022\/03\/banner-handicap-international-nothilfe-ukraine.jpg\" alt=\"\" class=\"wp-image-3516\" srcset=\"https:\/\/stiftungsmarktplatz.eu\/blog\/wp-content\/uploads\/2022\/03\/banner-handicap-international-nothilfe-ukraine.jpg 900w, https:\/\/stiftungsmarktplatz.eu\/blog\/wp-content\/uploads\/2022\/03\/banner-handicap-international-nothilfe-ukraine-300x60.jpg 300w, https:\/\/stiftungsmarktplatz.eu\/blog\/wp-content\/uploads\/2022\/03\/banner-handicap-international-nothilfe-ukraine-768x154.jpg 768w, https:\/\/stiftungsmarktplatz.eu\/blog\/wp-content\/uploads\/2022\/03\/banner-handicap-international-nothilfe-ukraine-696x140.jpg 696w\" sizes=\"auto, (max-width: 900px) 100vw, 900px\" \/><\/a><\/figure>\n\n\n\n<h3 class=\"wp-block-heading\">Effektiv und zugleich so nah am Geschehen<\/h3>\n\n\n\n<p>So organsierte das Kollektiv am Wochenende die Evakuierung von zehn Waisenkindern, welche in Begleitung eines Betreuers aus Kiew \u00fcber die ukrainische Grenze nach D\u00fcsseldorf gebracht werden sollten. Intensiv wurde sich mit Bahnunternehmen und Fluggesellschaften verst\u00e4ndigt, bis nach einem Aufruf im nordrhein-westf\u00e4lischen Radio eine m\u00f6glichst behutsame Evakuierung per Bustransport erm\u00f6glicht werden konnte. Was diese zwei und ihr Team in kurzer Zeit logistisch auf die Beine stellen, das kommt der Professionalit\u00e4t einer NGO gleich. Am darauffolgenden Donnerstag sind die Kinder bereits auf dem Weg nach Deutschland, als Proviant hat das Team am Abend zuvor noch Brote geschmiert.<\/p>\n\n\n\n<figure class=\"wp-block-image size-large is-resized\"><img loading=\"lazy\" decoding=\"async\" src=\"https:\/\/stiftungsmarktplatz.eu\/blog\/wp-content\/uploads\/2022\/03\/youth-for-Ukraine-an-der-Grenze-1024x576.jpg\" alt=\"\" class=\"wp-image-3476\" width=\"696\" height=\"391\" srcset=\"https:\/\/stiftungsmarktplatz.eu\/blog\/wp-content\/uploads\/2022\/03\/youth-for-Ukraine-an-der-Grenze-1024x576.jpg 1024w, https:\/\/stiftungsmarktplatz.eu\/blog\/wp-content\/uploads\/2022\/03\/youth-for-Ukraine-an-der-Grenze-300x169.jpg 300w, https:\/\/stiftungsmarktplatz.eu\/blog\/wp-content\/uploads\/2022\/03\/youth-for-Ukraine-an-der-Grenze-768x432.jpg 768w, https:\/\/stiftungsmarktplatz.eu\/blog\/wp-content\/uploads\/2022\/03\/youth-for-Ukraine-an-der-Grenze-696x392.jpg 696w, https:\/\/stiftungsmarktplatz.eu\/blog\/wp-content\/uploads\/2022\/03\/youth-for-Ukraine-an-der-Grenze-1068x601.jpg 1068w, https:\/\/stiftungsmarktplatz.eu\/blog\/wp-content\/uploads\/2022\/03\/youth-for-Ukraine-an-der-Grenze.jpg 1200w\" sizes=\"auto, (max-width: 696px) 100vw, 696px\" \/><figcaption>Die Ukraine-Krise bzw. der Ukraine-Krieg ist an den Grenzen der EU insofern angekommen, als dass hier Menschen anlanden, die ob ihrer Flucht vor den Kriegswirren schneller Hilfe ben\u00f6tigen. Foto: Vincent Freytag\/Vincent Fottner<\/figcaption><\/figure>\n\n\n\n<h3 class=\"wp-block-heading\">Die Dinge selbst in die Hand nehmen<\/h3>\n\n\n\n<p>Woher kommt diese Motivation aus Teilen der Zivilbev\u00f6lkerung, die Dinge selbst in die Hand zu nehmen? Spenden an eine der vielen etablierten Organisationen konnte der versp\u00fcrten Hilfslosigkeit nicht abhelfen, erkl\u00e4rt Vincent Freytag. Es klingt zuerst vielleicht ein wenig waghalsig, sich auf eigene Faust zu organisieren und an die Grenze eines Landes zufahren, in dem ein Angriffskrieg ein Land und seine Menschen bedroht. <em>Youth pro Ukraine<\/em> unterbindet jedoch Fahrten in die Ukraine, soweit es eine Alternative vor Ort gibt und arbeitet zu diesem Zweck im engen Kontakt zu den Beh\u00f6rden und den in der Ukraine aktiven Organisationen. Es wird kein unn\u00f6tiges Risiko eingegangen, <em>Youth pro Ukraine<\/em> ist weit entfernt von ahnungslosem Aktivismus.<\/p>\n\n\n\n<h2 class=\"wp-block-heading\">Zusammen st\u00e4rker \u00fcber Social Media<\/h2>\n\n\n\n<p>Es ist schwer vorstellbar, dass die Initiative ohne Social Media und den direkten Austausch zu ihren Unterst\u00fctzern so schnell und effektiv Hilfe leisten k\u00f6nnte, wie sie es tut. Das Internet, insbesondere Social Media, bringt uns das Schicksal von Menschen in Notlagen n\u00e4her als je zuvor, verleiht ihnen eine mediale Stimme und Gesicht. Gleichzeitig prasseln zahlreiche Bilder und Nachrichten auf uns ein. St\u00e4ndig ver\u00e4ndert sich die Situation. Es f\u00e4llt schwer, die Gedanken zu ordnen. Vielleicht ist dies neben altruistischen Motiven auch einer der Gr\u00fcnde, weshalb die Unterst\u00fctzung f\u00fcr private Initiativen so schnell so gro\u00df werden kann, wie sich an dem Beispiel von <em>Youth pro Ukraine <\/em>verdeutlichen l\u00e4sst. Wir sehen die zwei Studenten und ihr Team, w\u00e4hrend sie Hilfsg\u00fcter verladen und Transporte organisieren, wie reagieren auf Aufrufe und wollen Teil einer L\u00f6sungsfindung sein. Es gibt unserem Gehirn ein Gef\u00fchl von Ursache und Wirkung. Nebenbei bemerkt: Genau das sollte auch Stiftungskommunikation vermitteln.<\/p>\n\n\n\n<h3 class=\"wp-block-heading\">Es ist weniger eine Frage des \u201eWies\u201c, sondern mehr des \u201eWarums\u201c<\/h3>\n\n\n\n<p>Wie wird es nun in der n\u00e4chsten Zeit f\u00fcr die zwei Vincents von <em>Youth pro Ukraine<\/em> und ihrem Team weitergehen? Diese Frage k\u00f6nnen sie momentan noch nicht beantworten. Je gr\u00f6\u00dfer das Projekt wird, desto gr\u00f6\u00dfer werden auch die logistischen Herausforderungen. Gleichzeitig w\u00e4chst der Bedarf an Hygieneartikeln, Medikamenten, Thermounterw\u00e4sche, Schlafs\u00e4cken f\u00fcr Menschen in Not. Selbst die gr\u00f6\u00dferen Hilfsorganisationen scheinen an das Limit ihrer Kapazit\u00e4ten zu gelangen. \u201eDie Lage ist sehr un\u00fcbersichtlich. Es gibt keine Planungssicherheit, man kann nicht vorhersagen, wo man morgen ist. Es ver\u00e4ndert sich halbt\u00e4glich.\u201c, beschreibt es Freytag. Und f\u00fcgt zum Ende unseres Gespr\u00e4chs hinzu: \u201eJeder kleinste Erfolg motiviert zum Weitermachen.\u201c Es sind noch 30 Kilometer bis zur Grenze. Dann werden sich der ukrainische Vater und seine Tochter noch einmal in die Arme schlie\u00dfen k\u00f6nnen.<\/p>\n\n\n\n<h3 class=\"wp-block-heading\">Spenden und Kontakt zu <em>Youth pro Ukraine<\/em><\/h3>\n\n\n\n<p>PayPal: Help for Ukrainian refugees in Hungary, <a href=\"https:\/\/www.paypal.com\/pools\/c\/8HGOakqmoa\" target=\"_blank\" rel=\"noreferrer noopener\">https:\/\/www.paypal.com\/pools\/c\/8HGOakqmoa<\/a><\/p>\n\n\n\n<p>Sachspenden (Hygieneartikel, Medikamente, Thermounterw\u00e4sche, Schlafs\u00e4cke) werden weiterhin ben\u00f6tigt, es sind Sammelstellen von Organisationen in vielen deutschen St\u00e4dten eingerichtet. Erkundigen Sie sich, was konkret ben\u00f6tigt und vor Ort gesammelt wird.<\/p>\n\n\n\n<p>Es werden laufend FahrerInnen gesucht, die sich zur Personenbef\u00f6rderung oder zum Hilfsg\u00fctertransport anbieten.<\/p>\n\n\n\n<p>K<strong>ontaktaufnahme \u00fcber:<\/strong><\/p>\n\n\n\n<p>Mail: <a href=\"mailto:youthproukraine@gmail.com\" target=\"_blank\" rel=\"noreferrer noopener\">youthproukraine@gmail.com<\/a><\/p>\n\n\n\n<p>Instagram: youthproukraine<\/p>\n","protected":false},"excerpt":{"rendered":"<p><span class=\"span-reading-time rt-reading-time\" style=\"display: block;\"><span class=\"rt-label rt-prefix\">Lesezeit: <\/span> <span class=\"rt-time\"> 5<\/span> <span class=\"rt-label rt-postfix\">Minuten<\/span><\/span>Ukraine-Krise AKTUELL: An der ungarischen Grenze zur Ukraine ist es un\u00fcbersichtlich. Zuallererst sind da die vielen Zivilisten, die vor dem Krieg fliehen. Man sieht hochbewaffnete Beamte vom Grenzschutz, und nat\u00fcrlich auch die Transporter und Mitglieder vieler Hilfsorganisationen. Mitten in diesem Geschehen: Zwei Studenten aus Passau, Vincent Freytag und Vincent Fottner, zwei Freunde, die nicht anders handeln konnten, als vor Ort zu helfen. Vor ein paar Tagen gaben sie sich den Namen Youth pro Ukraine, nachdem bereits Tonnen von Hilfsg\u00fctern an die Menschen vor Ort gebracht, Bef\u00f6rderungsm\u00f6glichkeiten f\u00fcr Fl\u00fcchtende organisiert und ein Netzwerk mit Beh\u00f6rden und Hilfsorganisationen aufgebaut werden konnten. Ein Gespr\u00e4ch mit Vincent Freytag \u00fcber eine Bewegung aus der Mitte der Zivilgesellschaft.<\/p>\n","protected":false},"author":24,"featured_media":3473,"comment_status":"closed","ping_status":"open","sticky":false,"template":"","format":"standard","meta":{"ngg_post_thumbnail":0,"footnotes":""},"categories":[12],"tags":[30,83,97,145,331],"class_list":{"0":"post-3469","1":"post","2":"type-post","3":"status-publish","4":"format-standard","5":"has-post-thumbnail","7":"category-tipps-fuer-die-stiftungspraxis","8":"tag-social-media","9":"tag-stiftungspraxis","10":"tag-spenden","11":"tag-stiftungskommunikation","12":"tag-spendenstrategien"},"yoast_head":"<!-- This site is optimized with the Yoast SEO plugin v27.4 - https:\/\/yoast.com\/product\/yoast-seo-wordpress\/ -->\n<title>Hands-on: Hilfe im Ukraine-Krieg aus der Mitte der Zivilgesellschaft - Der Stiftungsblog f\u00fcr die Stiftungspraxis<\/title>\n<meta name=\"description\" content=\"Ukraine-Krise AKTUELL: An der ungarischen Grenze zur Ukraine ist es un\u00fcbersichtlich. Zuallererst sind da die vielen Zivilisten, die vor dem Krieg fliehen.\" \/>\n<meta name=\"robots\" content=\"index, follow, max-snippet:-1, max-image-preview:large, max-video-preview:-1\" \/>\n<link rel=\"canonical\" href=\"https:\/\/stiftungsmarktplatz.eu\/blog\/hilfe-im-ukraine-krieg-aus-der-mitte-der-zivilgesellschaft\/\" \/>\n<meta property=\"og:locale\" content=\"de_DE\" \/>\n<meta property=\"og:type\" content=\"article\" \/>\n<meta property=\"og:title\" content=\"Hands-on: Hilfe im Ukraine-Krieg aus der Mitte der Zivilgesellschaft - Der Stiftungsblog f\u00fcr die Stiftungspraxis\" \/>\n<meta property=\"og:description\" content=\"Ukraine-Krise AKTUELL: An der ungarischen Grenze zur Ukraine ist es un\u00fcbersichtlich. Zuallererst sind da die vielen Zivilisten, die vor dem Krieg fliehen.\" \/>\n<meta property=\"og:url\" content=\"https:\/\/stiftungsmarktplatz.eu\/blog\/hilfe-im-ukraine-krieg-aus-der-mitte-der-zivilgesellschaft\/\" \/>\n<meta property=\"og:site_name\" content=\"Der Stiftungsblog f\u00fcr die Stiftungspraxis\" \/>\n<meta property=\"article:published_time\" content=\"2022-03-09T12:07:00+00:00\" \/>\n<meta property=\"article:modified_time\" content=\"2022-03-16T11:33:49+00:00\" \/>\n<meta property=\"og:image\" content=\"https:\/\/stiftungsmarktplatz.eu\/blog\/wp-content\/uploads\/2022\/03\/Teaserbild-youth-for-Ukraine.jpg\" \/>\n\t<meta property=\"og:image:width\" content=\"1200\" \/>\n\t<meta property=\"og:image:height\" content=\"675\" \/>\n\t<meta property=\"og:image:type\" content=\"image\/jpeg\" \/>\n<meta name=\"author\" content=\"Hanna G\u00fcnther\" \/>\n<meta name=\"twitter:card\" content=\"summary_large_image\" \/>\n<meta name=\"twitter:label1\" content=\"Verfasst von\" \/>\n\t<meta name=\"twitter:data1\" content=\"Hanna G\u00fcnther\" \/>\n\t<meta name=\"twitter:label2\" content=\"Gesch\u00e4tzte Lesezeit\" \/>\n\t<meta name=\"twitter:data2\" content=\"7\u00a0Minuten\" \/>\n<script type=\"application\/ld+json\" class=\"yoast-schema-graph\">{\"@context\":\"https:\\\/\\\/schema.org\",\"@graph\":[{\"@type\":\"Article\",\"@id\":\"https:\\\/\\\/stiftungsmarktplatz.eu\\\/blog\\\/hilfe-im-ukraine-krieg-aus-der-mitte-der-zivilgesellschaft\\\/#article\",\"isPartOf\":{\"@id\":\"https:\\\/\\\/stiftungsmarktplatz.eu\\\/blog\\\/hilfe-im-ukraine-krieg-aus-der-mitte-der-zivilgesellschaft\\\/\"},\"author\":{\"name\":\"Hanna G\u00fcnther\",\"@id\":\"https:\\\/\\\/stiftungsmarktplatz.eu\\\/blog\\\/#\\\/schema\\\/person\\\/94cde3d4342d3ce5540c6ee732e4ab6e\"},\"headline\":\"Hands-on: Hilfe im Ukraine-Krieg aus der Mitte der Zivilgesellschaft\",\"datePublished\":\"2022-03-09T12:07:00+00:00\",\"dateModified\":\"2022-03-16T11:33:49+00:00\",\"mainEntityOfPage\":{\"@id\":\"https:\\\/\\\/stiftungsmarktplatz.eu\\\/blog\\\/hilfe-im-ukraine-krieg-aus-der-mitte-der-zivilgesellschaft\\\/\"},\"wordCount\":1174,\"publisher\":{\"@id\":\"https:\\\/\\\/stiftungsmarktplatz.eu\\\/blog\\\/#organization\"},\"image\":{\"@id\":\"https:\\\/\\\/stiftungsmarktplatz.eu\\\/blog\\\/hilfe-im-ukraine-krieg-aus-der-mitte-der-zivilgesellschaft\\\/#primaryimage\"},\"thumbnailUrl\":\"https:\\\/\\\/stiftungsmarktplatz.eu\\\/blog\\\/wp-content\\\/uploads\\\/2022\\\/03\\\/Teaserbild-youth-for-Ukraine.jpg\",\"keywords\":[\"Social Media\",\"Stiftungspraxis\",\"Spenden\",\"Stiftungskommunikation\",\"Spendenstrategien\"],\"articleSection\":[\"Tipps f\u00fcr die Stiftungspraxis\"],\"inLanguage\":\"de\"},{\"@type\":\"WebPage\",\"@id\":\"https:\\\/\\\/stiftungsmarktplatz.eu\\\/blog\\\/hilfe-im-ukraine-krieg-aus-der-mitte-der-zivilgesellschaft\\\/\",\"url\":\"https:\\\/\\\/stiftungsmarktplatz.eu\\\/blog\\\/hilfe-im-ukraine-krieg-aus-der-mitte-der-zivilgesellschaft\\\/\",\"name\":\"Hands-on: Hilfe im Ukraine-Krieg aus der Mitte der Zivilgesellschaft - Der Stiftungsblog f\u00fcr die Stiftungspraxis\",\"isPartOf\":{\"@id\":\"https:\\\/\\\/stiftungsmarktplatz.eu\\\/blog\\\/#website\"},\"primaryImageOfPage\":{\"@id\":\"https:\\\/\\\/stiftungsmarktplatz.eu\\\/blog\\\/hilfe-im-ukraine-krieg-aus-der-mitte-der-zivilgesellschaft\\\/#primaryimage\"},\"image\":{\"@id\":\"https:\\\/\\\/stiftungsmarktplatz.eu\\\/blog\\\/hilfe-im-ukraine-krieg-aus-der-mitte-der-zivilgesellschaft\\\/#primaryimage\"},\"thumbnailUrl\":\"https:\\\/\\\/stiftungsmarktplatz.eu\\\/blog\\\/wp-content\\\/uploads\\\/2022\\\/03\\\/Teaserbild-youth-for-Ukraine.jpg\",\"datePublished\":\"2022-03-09T12:07:00+00:00\",\"dateModified\":\"2022-03-16T11:33:49+00:00\",\"description\":\"Ukraine-Krise AKTUELL: An der ungarischen Grenze zur Ukraine ist es un\u00fcbersichtlich. Zuallererst sind da die vielen Zivilisten, die vor dem Krieg fliehen.\",\"breadcrumb\":{\"@id\":\"https:\\\/\\\/stiftungsmarktplatz.eu\\\/blog\\\/hilfe-im-ukraine-krieg-aus-der-mitte-der-zivilgesellschaft\\\/#breadcrumb\"},\"inLanguage\":\"de\",\"potentialAction\":[{\"@type\":\"ReadAction\",\"target\":[\"https:\\\/\\\/stiftungsmarktplatz.eu\\\/blog\\\/hilfe-im-ukraine-krieg-aus-der-mitte-der-zivilgesellschaft\\\/\"]}]},{\"@type\":\"ImageObject\",\"inLanguage\":\"de\",\"@id\":\"https:\\\/\\\/stiftungsmarktplatz.eu\\\/blog\\\/hilfe-im-ukraine-krieg-aus-der-mitte-der-zivilgesellschaft\\\/#primaryimage\",\"url\":\"https:\\\/\\\/stiftungsmarktplatz.eu\\\/blog\\\/wp-content\\\/uploads\\\/2022\\\/03\\\/Teaserbild-youth-for-Ukraine.jpg\",\"contentUrl\":\"https:\\\/\\\/stiftungsmarktplatz.eu\\\/blog\\\/wp-content\\\/uploads\\\/2022\\\/03\\\/Teaserbild-youth-for-Ukraine.jpg\",\"width\":1200,\"height\":675,\"caption\":\"youth for Ukraine\"},{\"@type\":\"BreadcrumbList\",\"@id\":\"https:\\\/\\\/stiftungsmarktplatz.eu\\\/blog\\\/hilfe-im-ukraine-krieg-aus-der-mitte-der-zivilgesellschaft\\\/#breadcrumb\",\"itemListElement\":[{\"@type\":\"ListItem\",\"position\":1,\"name\":\"Startseite\",\"item\":\"https:\\\/\\\/stiftungsmarktplatz.eu\\\/blog\\\/\"},{\"@type\":\"ListItem\",\"position\":2,\"name\":\"Hands-on: Hilfe im Ukraine-Krieg aus der Mitte der Zivilgesellschaft\"}]},{\"@type\":\"WebSite\",\"@id\":\"https:\\\/\\\/stiftungsmarktplatz.eu\\\/blog\\\/#website\",\"url\":\"https:\\\/\\\/stiftungsmarktplatz.eu\\\/blog\\\/\",\"name\":\"Der Stiftungsblog f\u00fcr die Stiftungspraxis\",\"description\":\"#stiftungenst\u00e4rken - NPO-Expertise von NPO-Experten\",\"publisher\":{\"@id\":\"https:\\\/\\\/stiftungsmarktplatz.eu\\\/blog\\\/#organization\"},\"potentialAction\":[{\"@type\":\"SearchAction\",\"target\":{\"@type\":\"EntryPoint\",\"urlTemplate\":\"https:\\\/\\\/stiftungsmarktplatz.eu\\\/blog\\\/?s={search_term_string}\"},\"query-input\":{\"@type\":\"PropertyValueSpecification\",\"valueRequired\":true,\"valueName\":\"search_term_string\"}}],\"inLanguage\":\"de\"},{\"@type\":\"Organization\",\"@id\":\"https:\\\/\\\/stiftungsmarktplatz.eu\\\/blog\\\/#organization\",\"name\":\"stiftungsmarktplatz.eu GbR\",\"url\":\"https:\\\/\\\/stiftungsmarktplatz.eu\\\/blog\\\/\",\"logo\":{\"@type\":\"ImageObject\",\"inLanguage\":\"de\",\"@id\":\"https:\\\/\\\/stiftungsmarktplatz.eu\\\/blog\\\/#\\\/schema\\\/logo\\\/image\\\/\",\"url\":\"https:\\\/\\\/stiftungsmarktplatz.eu\\\/blog\\\/wp-content\\\/uploads\\\/2020\\\/03\\\/Logo-blog-retina.png\",\"contentUrl\":\"https:\\\/\\\/stiftungsmarktplatz.eu\\\/blog\\\/wp-content\\\/uploads\\\/2020\\\/03\\\/Logo-blog-retina.png\",\"width\":140,\"height\":130,\"caption\":\"stiftungsmarktplatz.eu GbR\"},\"image\":{\"@id\":\"https:\\\/\\\/stiftungsmarktplatz.eu\\\/blog\\\/#\\\/schema\\\/logo\\\/image\\\/\"},\"sameAs\":[\"https:\\\/\\\/www.linkedin.com\\\/company\\\/18563519\\\/\",\"https:\\\/\\\/www.youtube.com\\\/channel\\\/UCQrF6RQRFGxTokVV4nbx25Q\"]},{\"@type\":\"Person\",\"@id\":\"https:\\\/\\\/stiftungsmarktplatz.eu\\\/blog\\\/#\\\/schema\\\/person\\\/94cde3d4342d3ce5540c6ee732e4ab6e\",\"name\":\"Hanna G\u00fcnther\",\"image\":{\"@type\":\"ImageObject\",\"inLanguage\":\"de\",\"@id\":\"https:\\\/\\\/stiftungsmarktplatz.eu\\\/blog\\\/wp-content\\\/uploads\\\/2021\\\/11\\\/Hanna-Guenther-neu-150x150.png\",\"url\":\"https:\\\/\\\/stiftungsmarktplatz.eu\\\/blog\\\/wp-content\\\/uploads\\\/2021\\\/11\\\/Hanna-Guenther-neu-150x150.png\",\"contentUrl\":\"https:\\\/\\\/stiftungsmarktplatz.eu\\\/blog\\\/wp-content\\\/uploads\\\/2021\\\/11\\\/Hanna-Guenther-neu-150x150.png\",\"caption\":\"Hanna G\u00fcnther\"},\"description\":\"Ist Studentin der Rechtswissenschaften an der Universit\u00e4t Passau. In der Stiftungs- und NGO-Welt interessiert sie sich vor allem f\u00fcr Themen der Gegenwart und Zukunft wie den Klimaschutz, der Durchsetzung von Menschenrechten und der nachhaltigen Verm\u00f6gensanlage. Zu diesen Themen bloggt Sie auf f\u00fcr stiftungsmarktplatz.eu auf #stiftungenst\u00e4rken.\",\"url\":\"https:\\\/\\\/stiftungsmarktplatz.eu\\\/blog\\\/author\\\/hanna-guenther\\\/\"}]}<\/script>\n<!-- \/ Yoast SEO plugin. -->","yoast_head_json":{"title":"Hands-on: Hilfe im Ukraine-Krieg aus der Mitte der Zivilgesellschaft - Der Stiftungsblog f\u00fcr die Stiftungspraxis","description":"Ukraine-Krise AKTUELL: An der ungarischen Grenze zur Ukraine ist es un\u00fcbersichtlich. Zuallererst sind da die vielen Zivilisten, die vor dem Krieg fliehen.","robots":{"index":"index","follow":"follow","max-snippet":"max-snippet:-1","max-image-preview":"max-image-preview:large","max-video-preview":"max-video-preview:-1"},"canonical":"https:\/\/stiftungsmarktplatz.eu\/blog\/hilfe-im-ukraine-krieg-aus-der-mitte-der-zivilgesellschaft\/","og_locale":"de_DE","og_type":"article","og_title":"Hands-on: Hilfe im Ukraine-Krieg aus der Mitte der Zivilgesellschaft - Der Stiftungsblog f\u00fcr die Stiftungspraxis","og_description":"Ukraine-Krise AKTUELL: An der ungarischen Grenze zur Ukraine ist es un\u00fcbersichtlich. Zuallererst sind da die vielen Zivilisten, die vor dem Krieg fliehen.","og_url":"https:\/\/stiftungsmarktplatz.eu\/blog\/hilfe-im-ukraine-krieg-aus-der-mitte-der-zivilgesellschaft\/","og_site_name":"Der Stiftungsblog f\u00fcr die Stiftungspraxis","article_published_time":"2022-03-09T12:07:00+00:00","article_modified_time":"2022-03-16T11:33:49+00:00","og_image":[{"width":1200,"height":675,"url":"https:\/\/stiftungsmarktplatz.eu\/blog\/wp-content\/uploads\/2022\/03\/Teaserbild-youth-for-Ukraine.jpg","type":"image\/jpeg"}],"author":"Hanna G\u00fcnther","twitter_card":"summary_large_image","twitter_misc":{"Verfasst von":"Hanna G\u00fcnther","Gesch\u00e4tzte Lesezeit":"7\u00a0Minuten"},"schema":{"@context":"https:\/\/schema.org","@graph":[{"@type":"Article","@id":"https:\/\/stiftungsmarktplatz.eu\/blog\/hilfe-im-ukraine-krieg-aus-der-mitte-der-zivilgesellschaft\/#article","isPartOf":{"@id":"https:\/\/stiftungsmarktplatz.eu\/blog\/hilfe-im-ukraine-krieg-aus-der-mitte-der-zivilgesellschaft\/"},"author":{"name":"Hanna G\u00fcnther","@id":"https:\/\/stiftungsmarktplatz.eu\/blog\/#\/schema\/person\/94cde3d4342d3ce5540c6ee732e4ab6e"},"headline":"Hands-on: Hilfe im Ukraine-Krieg aus der Mitte der Zivilgesellschaft","datePublished":"2022-03-09T12:07:00+00:00","dateModified":"2022-03-16T11:33:49+00:00","mainEntityOfPage":{"@id":"https:\/\/stiftungsmarktplatz.eu\/blog\/hilfe-im-ukraine-krieg-aus-der-mitte-der-zivilgesellschaft\/"},"wordCount":1174,"publisher":{"@id":"https:\/\/stiftungsmarktplatz.eu\/blog\/#organization"},"image":{"@id":"https:\/\/stiftungsmarktplatz.eu\/blog\/hilfe-im-ukraine-krieg-aus-der-mitte-der-zivilgesellschaft\/#primaryimage"},"thumbnailUrl":"https:\/\/stiftungsmarktplatz.eu\/blog\/wp-content\/uploads\/2022\/03\/Teaserbild-youth-for-Ukraine.jpg","keywords":["Social Media","Stiftungspraxis","Spenden","Stiftungskommunikation","Spendenstrategien"],"articleSection":["Tipps f\u00fcr die Stiftungspraxis"],"inLanguage":"de"},{"@type":"WebPage","@id":"https:\/\/stiftungsmarktplatz.eu\/blog\/hilfe-im-ukraine-krieg-aus-der-mitte-der-zivilgesellschaft\/","url":"https:\/\/stiftungsmarktplatz.eu\/blog\/hilfe-im-ukraine-krieg-aus-der-mitte-der-zivilgesellschaft\/","name":"Hands-on: Hilfe im Ukraine-Krieg aus der Mitte der Zivilgesellschaft - Der Stiftungsblog f\u00fcr die Stiftungspraxis","isPartOf":{"@id":"https:\/\/stiftungsmarktplatz.eu\/blog\/#website"},"primaryImageOfPage":{"@id":"https:\/\/stiftungsmarktplatz.eu\/blog\/hilfe-im-ukraine-krieg-aus-der-mitte-der-zivilgesellschaft\/#primaryimage"},"image":{"@id":"https:\/\/stiftungsmarktplatz.eu\/blog\/hilfe-im-ukraine-krieg-aus-der-mitte-der-zivilgesellschaft\/#primaryimage"},"thumbnailUrl":"https:\/\/stiftungsmarktplatz.eu\/blog\/wp-content\/uploads\/2022\/03\/Teaserbild-youth-for-Ukraine.jpg","datePublished":"2022-03-09T12:07:00+00:00","dateModified":"2022-03-16T11:33:49+00:00","description":"Ukraine-Krise AKTUELL: An der ungarischen Grenze zur Ukraine ist es un\u00fcbersichtlich. Zuallererst sind da die vielen Zivilisten, die vor dem Krieg fliehen.","breadcrumb":{"@id":"https:\/\/stiftungsmarktplatz.eu\/blog\/hilfe-im-ukraine-krieg-aus-der-mitte-der-zivilgesellschaft\/#breadcrumb"},"inLanguage":"de","potentialAction":[{"@type":"ReadAction","target":["https:\/\/stiftungsmarktplatz.eu\/blog\/hilfe-im-ukraine-krieg-aus-der-mitte-der-zivilgesellschaft\/"]}]},{"@type":"ImageObject","inLanguage":"de","@id":"https:\/\/stiftungsmarktplatz.eu\/blog\/hilfe-im-ukraine-krieg-aus-der-mitte-der-zivilgesellschaft\/#primaryimage","url":"https:\/\/stiftungsmarktplatz.eu\/blog\/wp-content\/uploads\/2022\/03\/Teaserbild-youth-for-Ukraine.jpg","contentUrl":"https:\/\/stiftungsmarktplatz.eu\/blog\/wp-content\/uploads\/2022\/03\/Teaserbild-youth-for-Ukraine.jpg","width":1200,"height":675,"caption":"youth for Ukraine"},{"@type":"BreadcrumbList","@id":"https:\/\/stiftungsmarktplatz.eu\/blog\/hilfe-im-ukraine-krieg-aus-der-mitte-der-zivilgesellschaft\/#breadcrumb","itemListElement":[{"@type":"ListItem","position":1,"name":"Startseite","item":"https:\/\/stiftungsmarktplatz.eu\/blog\/"},{"@type":"ListItem","position":2,"name":"Hands-on: Hilfe im Ukraine-Krieg aus der Mitte der Zivilgesellschaft"}]},{"@type":"WebSite","@id":"https:\/\/stiftungsmarktplatz.eu\/blog\/#website","url":"https:\/\/stiftungsmarktplatz.eu\/blog\/","name":"Der Stiftungsblog f\u00fcr die Stiftungspraxis","description":"#stiftungenst\u00e4rken - NPO-Expertise von NPO-Experten","publisher":{"@id":"https:\/\/stiftungsmarktplatz.eu\/blog\/#organization"},"potentialAction":[{"@type":"SearchAction","target":{"@type":"EntryPoint","urlTemplate":"https:\/\/stiftungsmarktplatz.eu\/blog\/?s={search_term_string}"},"query-input":{"@type":"PropertyValueSpecification","valueRequired":true,"valueName":"search_term_string"}}],"inLanguage":"de"},{"@type":"Organization","@id":"https:\/\/stiftungsmarktplatz.eu\/blog\/#organization","name":"stiftungsmarktplatz.eu GbR","url":"https:\/\/stiftungsmarktplatz.eu\/blog\/","logo":{"@type":"ImageObject","inLanguage":"de","@id":"https:\/\/stiftungsmarktplatz.eu\/blog\/#\/schema\/logo\/image\/","url":"https:\/\/stiftungsmarktplatz.eu\/blog\/wp-content\/uploads\/2020\/03\/Logo-blog-retina.png","contentUrl":"https:\/\/stiftungsmarktplatz.eu\/blog\/wp-content\/uploads\/2020\/03\/Logo-blog-retina.png","width":140,"height":130,"caption":"stiftungsmarktplatz.eu GbR"},"image":{"@id":"https:\/\/stiftungsmarktplatz.eu\/blog\/#\/schema\/logo\/image\/"},"sameAs":["https:\/\/www.linkedin.com\/company\/18563519\/","https:\/\/www.youtube.com\/channel\/UCQrF6RQRFGxTokVV4nbx25Q"]},{"@type":"Person","@id":"https:\/\/stiftungsmarktplatz.eu\/blog\/#\/schema\/person\/94cde3d4342d3ce5540c6ee732e4ab6e","name":"Hanna G\u00fcnther","image":{"@type":"ImageObject","inLanguage":"de","@id":"https:\/\/stiftungsmarktplatz.eu\/blog\/wp-content\/uploads\/2021\/11\/Hanna-Guenther-neu-150x150.png","url":"https:\/\/stiftungsmarktplatz.eu\/blog\/wp-content\/uploads\/2021\/11\/Hanna-Guenther-neu-150x150.png","contentUrl":"https:\/\/stiftungsmarktplatz.eu\/blog\/wp-content\/uploads\/2021\/11\/Hanna-Guenther-neu-150x150.png","caption":"Hanna G\u00fcnther"},"description":"Ist Studentin der Rechtswissenschaften an der Universit\u00e4t Passau. In der Stiftungs- und NGO-Welt interessiert sie sich vor allem f\u00fcr Themen der Gegenwart und Zukunft wie den Klimaschutz, der Durchsetzung von Menschenrechten und der nachhaltigen Verm\u00f6gensanlage. Zu diesen Themen bloggt Sie auf f\u00fcr stiftungsmarktplatz.eu auf #stiftungenst\u00e4rken.","url":"https:\/\/stiftungsmarktplatz.eu\/blog\/author\/hanna-guenther\/"}]}},"post_mailing_queue_ids":[],"_links":{"self":[{"href":"https:\/\/stiftungsmarktplatz.eu\/blog\/wp-json\/wp\/v2\/posts\/3469","targetHints":{"allow":["GET"]}}],"collection":[{"href":"https:\/\/stiftungsmarktplatz.eu\/blog\/wp-json\/wp\/v2\/posts"}],"about":[{"href":"https:\/\/stiftungsmarktplatz.eu\/blog\/wp-json\/wp\/v2\/types\/post"}],"author":[{"embeddable":true,"href":"https:\/\/stiftungsmarktplatz.eu\/blog\/wp-json\/wp\/v2\/users\/24"}],"replies":[{"embeddable":true,"href":"https:\/\/stiftungsmarktplatz.eu\/blog\/wp-json\/wp\/v2\/comments?post=3469"}],"version-history":[{"count":5,"href":"https:\/\/stiftungsmarktplatz.eu\/blog\/wp-json\/wp\/v2\/posts\/3469\/revisions"}],"predecessor-version":[{"id":3518,"href":"https:\/\/stiftungsmarktplatz.eu\/blog\/wp-json\/wp\/v2\/posts\/3469\/revisions\/3518"}],"wp:featuredmedia":[{"embeddable":true,"href":"https:\/\/stiftungsmarktplatz.eu\/blog\/wp-json\/wp\/v2\/media\/3473"}],"wp:attachment":[{"href":"https:\/\/stiftungsmarktplatz.eu\/blog\/wp-json\/wp\/v2\/media?parent=3469"}],"wp:term":[{"taxonomy":"category","embeddable":true,"href":"https:\/\/stiftungsmarktplatz.eu\/blog\/wp-json\/wp\/v2\/categories?post=3469"},{"taxonomy":"post_tag","embeddable":true,"href":"https:\/\/stiftungsmarktplatz.eu\/blog\/wp-json\/wp\/v2\/tags?post=3469"}],"curies":[{"name":"wp","href":"https:\/\/api.w.org\/{rel}","templated":true}]}}