{"id":3128,"date":"2021-12-22T08:00:00","date_gmt":"2021-12-22T07:00:00","guid":{"rendered":"https:\/\/stiftungsmarktplatz.eu\/blog\/?p=3128"},"modified":"2021-12-20T16:18:49","modified_gmt":"2021-12-20T15:18:49","slug":"es-ist-ein-sehr-gutes-gefuehl-eine-stiftung-zu-gruenden","status":"publish","type":"post","link":"https:\/\/stiftungsmarktplatz.eu\/blog\/es-ist-ein-sehr-gutes-gefuehl-eine-stiftung-zu-gruenden\/","title":{"rendered":"\u201eEs ist ein sehr gutes Gef\u00fchl, eine Stiftung zu gr\u00fcnden\u201c"},"content":{"rendered":"<span class=\"span-reading-time rt-reading-time\" style=\"display: block;\"><span class=\"rt-label rt-prefix\">Lesezeit: <\/span> <span class=\"rt-time\"> 3<\/span> <span class=\"rt-label rt-postfix\">Minuten<\/span><\/span>\n<p><em>Die Stiftung wurde 2001 mit dem Motto \u201eLeistungsbereitschaft Querschnittgel\u00e4hmter f\u00f6rdern\u201c gegr\u00fcndet. Es flossen das Privatverm\u00f6gen von Manfred Sauer sowie seine Gesellschafteranteile an der Manfred Sauer GmbH eing. Die Stiftung ist keine Reha-Einrichtung, sondern eine barrierefreie Begegnungsst\u00e4tte unter F\u00fchrung einer Betriebsgesellschaft der Stiftung mit Hotel, Restaurant, Werkstatt, Turnhalle und Au\u00dfenparcours f\u00fcr querschnittgel\u00e4hmte Rollstuhlfahrer und Fu\u00dfg\u00e4nger. Sie will Impulse f\u00fcr bewusstes Leben geben.<\/em><\/p>\n\n\n\n<p>Manfred Sauer ist selbst querschnittgel\u00e4hmt. Er brach sich 1963 als 19-j\u00e4hriger Sch\u00fcler w\u00e4hrend eines Ferienaufenthaltes in England durch einen Schwimmunfall die Halswirbels\u00e4ule. Es folgte nach Klinik und Reha eine kaufm\u00e4nnischen Ausbildung. 1974 verlie\u00df Manfred Sauer den \u00f6ffentlichen Dienst, um sich mit einer Angestellten selbst\u00e4ndig zu machen, und zwar mit dem von ihm weiterentwickelten sogenannten Kondom-Urinal bei Blaseninkontinenz. 1982 errichtete er im Gewerbegebiet von Lobbach einen Produktionsbetrieb, in dem heute alle Komponenten dieses Systems sowie Katheter hergestellt und \u00fcber 300 Mitarbeiter besch\u00e4ftigt werden.<\/p>\n\n\n\n<figure class=\"wp-block-image size-full\"><img loading=\"lazy\" decoding=\"async\" width=\"900\" height=\"980\" src=\"https:\/\/stiftungsmarktplatz.eu\/blog\/wp-content\/uploads\/2021\/12\/Manfred-Sauer.jpg\" alt=\"\" class=\"wp-image-3130\" srcset=\"https:\/\/stiftungsmarktplatz.eu\/blog\/wp-content\/uploads\/2021\/12\/Manfred-Sauer.jpg 900w, https:\/\/stiftungsmarktplatz.eu\/blog\/wp-content\/uploads\/2021\/12\/Manfred-Sauer-276x300.jpg 276w, https:\/\/stiftungsmarktplatz.eu\/blog\/wp-content\/uploads\/2021\/12\/Manfred-Sauer-768x836.jpg 768w, https:\/\/stiftungsmarktplatz.eu\/blog\/wp-content\/uploads\/2021\/12\/Manfred-Sauer-696x758.jpg 696w\" sizes=\"auto, (max-width: 900px) 100vw, 900px\" \/><figcaption>Manfred Sauer<\/figcaption><\/figure>\n\n\n\n<p><strong>Haben Sie die Stiftung 2001 gleich mit dem Ziel gegr\u00fcndet, eine Betriebsgesellschaft zu installieren? Oder gab es einen Ausl\u00f6ser daf\u00fcr?<\/strong><\/p>\n\n\n\n<p><em>Sauer:<\/em> Wir haben nach der Gr\u00fcndung der Stiftung sechs Jahre ben\u00f6tigt, um alles zu planen und das Geb\u00e4ude zu errichten, das wir zum Erf\u00fcllen des Stiftungszweckes zwingend ben\u00f6tigen. Als wir dann mit Hotel, Seminarr\u00e4umen, Werkstatt&nbsp; und Restaurant so weit waren sagte der Steuerberater, dass das alles sauber getrennt werden muss. Wir haben dann die Betriebsgesellschaft gegr\u00fcndet. Von der Miete, die die Gesellschaft an die Stiftung als Eigent\u00fcmerin der Immobilie zahlt bestreiten wir unsere Ausgaben f\u00fcr die gemeinn\u00fctzige Arbeit, also Seminare, Workshops, Fortbildungen und viele weitere Aktivit\u00e4ten.<\/p>\n\n\n\n<p><strong>Funktioniert die Erf\u00fcllung des Stiftungszwecks \u00fcber die Betriebsgesellschaft gut \u2013 oder w\u00fcnschen Sie sich andere, leichtere Regelungen, z.B. im Steuerwesen oder bei Zusch\u00fcssen?<\/strong><\/p>\n\n\n\n<p>Die Konstruktion mit der Betriebsgesellschaft ist gut umzusetzen, da hat es weder mit der Steuerberatung beziehungsweise dem Finanzamt oder der Stiftungsaufsicht noch keine gro\u00dfen Probleme gegeben. Grenzf\u00e4lle gibt es \u00fcberall, aber das kann man mit R\u00fcckfragen gut l\u00f6sen. Von daher kann man anderen Stiftern durchaus zuraten dar\u00fcber nachzudenken, den Zweck \u00fcber eine Betriebsgesellschaft zu erf\u00fcllen, wenn es sich anbietet.<\/p>\n\n\n\n<p><strong>Sie vereinnahmen auch Spenden: Betreiben Sie konkret Fundraising? Wie viel tragen Spenden zum Etat bei?<\/strong><\/p>\n\n\n\n<p>Spenden vereinnahmen wir vor allem f\u00fcr die Werkstatt, also Verbrauchsmaterial oder auch mal die eine oder andere Maschine, wenn es passt. Wir betreiben aber keinerlei Fundraising oder konkurrieren mit anderen Stiftungen oder sozialen Einrichtungen um Spenden. Von daher machen Barspenden bei uns vielleicht 0,01% des Etats aus.<\/p>\n\n\n\n<p><strong>Die Einrichtung in Lobbach wendet sich an Gel\u00e4hmte und Fu\u00dfg\u00e4nger gleichzeitig. Bew\u00e4hrt sich dieser Ansatz, kommen Sie mit dem \u201ebarrierefreien miteinander\u201c voran?<\/strong><\/p>\n\n\n\n<p>Das bew\u00e4hrt sich sogar au\u00dferordentlich, und auf diesem Weg kommen wir unserem Zweck stetig n\u00e4her, die Bev\u00f6lkerung in Kontakt mit dem Rollstuhlfahrer zu bringen. So entsteht gegenseitiges Verst\u00e4ndnis f\u00fcr die W\u00fcnsche und Bed\u00fcrfnisse. Wir wollten kein Rollifahrer-Ghetto, und das gelingt uns, denn an einem normalen Tag sind bei uns mehr Fu\u00dfg\u00e4nger als Rollstuhlfahrer im Haus.<\/p>\n\n\n\n<p><strong>Arbeiten Sie auch mit Versicherungstr\u00e4gern wie Krankenkassen oder Berufsgenossenschaften etc. zusammen? Wie setzt sich ihre \u201eKundschaft\u201c zusammen?<\/strong><\/p>\n\n\n\n<p>Wir verf\u00fcgen nicht \u00fcber spezielle Angebote im Bereich der Rehabilitation, sondern bieten Fortbildungen f\u00fcr Rollstuhlfahrer an. Zum Beispiel zu Themen wie Ern\u00e4hrung und Verdauung, Kreativit\u00e4t, K\u00f6rperbewusstsein, Entspannung sowie Mobilit\u00e4t und Rollstuhltraining. Wenn man so will ist dies Bildungsurlaub f\u00fcr Rollstuhlfahrer, da \u00fcbernehmen Kostentr\u00e4ger nichts. Besonders stolz sind wir, dass viele Rollstuhl-Sportler unser Haus besuchen und gemeinsam trainieren. Wir haben die Nationalmannschaften im Badminton, Rugby und Tischntennis regelm\u00e4\u00dfig bei uns in Lobbach.<\/p>\n\n\n\n<p><strong>Wie ist die Unterst\u00fctzung im n\u00e4heren Umfeld und auch bundesweit: F\u00fchlt sich die Stiftung wertgesch\u00e4tzt, erhalten Sie Unterst\u00fctzung \u00fcber Sonntagsreden hinaus?<\/strong><\/p>\n\n\n\n<p>An der Politik laufen wir mit unserem Angebot vorbei. Wir arbeiten auch nicht mit Beh\u00f6rden zusammen oder beantragen Zusch\u00fcsse f\u00fcr die Arbeit mit Rollstuhlfahrern. Denn f\u00fcr 10% Zuschuss wollen Beh\u00f6rden immer 90% Entscheidungsgewalt. Was wir uns nat\u00fcrlich w\u00fcnschen w\u00fcrden w\u00e4re eine Gesetzgebung, die die Integration von Rollstuhlfahrern in die Arbeitswelt verbessern w\u00fcrde. Das ist ja unser Ansatz, die Leistungsbereitschaft f\u00fcr Querschnittsgel\u00e4hmte zu f\u00f6rdern. Da m\u00fcsste vom Gesetzgeber wesentlich mehr unternommen werden.<\/p>\n\n\n\n<p><strong>Offene Frage zum Abschluss: Was wollten Sie schon immer einmal zu Ihrer Stiftung und dem Angebot in Lobbach mitteilen?<\/strong> <\/p>\n\n\n\n<p>Ich appelliere an alle Unternehmerinnen und Unternehmer, wenn sie vor der Frage der Nachfolge stehen, einmal ein Stiftungskonzept durchzudenken, bevor sie das Unternehmen an Investoren geben. Investoren wollen Geld sehen, \u00fcberlegen Sie bitte, ob das f\u00fcr Ihre Mitarbeiter gut ist. Es gibt viele M\u00f6glichkeiten, eine Stiftung auszugestalten und ich kann sagen, es ist ein sehr gutes Gef\u00fchl, eine Stiftung zu gr\u00fcnden.<\/p>\n","protected":false},"excerpt":{"rendered":"<p><span class=\"span-reading-time rt-reading-time\" style=\"display: block;\"><span class=\"rt-label rt-prefix\">Lesezeit: <\/span> <span class=\"rt-time\"> 3<\/span> <span class=\"rt-label rt-postfix\">Minuten<\/span><\/span>Die gemeinn\u00fctzige Manfred-Sauer-Stiftung will zu einem barrierefreien Miteinander von Menschen mit Querschnittl\u00e4hmung und Fu\u00dfg\u00e4ngern beitragen. Die Stiftung wurde 2001 mit dem Motto \u201eLeistungsbereitschaft Querschnittgel\u00e4hmter f\u00f6rdern\u201c gegr\u00fcndet. Es flossen das Privatverm\u00f6gen von Manfred Sauer sowie seine Gesellschafteranteile an der Manfred Sauer GmbH eing. Die Stiftung ist keine Reha-Einrichtung, sondern eine barrierefreie Begegnungsst\u00e4tte unter F\u00fchrung einer Betriebsgesellschaft der Stiftung mit Hotel, Restaurant, Werkstatt, Turnhalle und Au\u00dfenparcours f\u00fcr querschnittgel\u00e4hmte Rollstuhlfahrer und Fu\u00dfg\u00e4nger. Sie will Impulse f\u00fcr bewusstes Leben geben.<\/p>\n","protected":false},"author":2,"featured_media":3129,"comment_status":"closed","ping_status":"open","sticky":false,"template":"","format":"standard","meta":{"ngg_post_thumbnail":0,"footnotes":""},"categories":[12],"tags":[93,97,145,17,83],"class_list":{"0":"post-3128","1":"post","2":"type-post","3":"status-publish","4":"format-standard","5":"has-post-thumbnail","7":"category-tipps-fuer-die-stiftungspraxis","8":"tag-stiftungszweck","9":"tag-spenden","10":"tag-stiftungskommunikation","11":"tag-fundraising","12":"tag-stiftungspraxis"},"yoast_head":"<!-- This site is optimized with the Yoast SEO plugin v27.4 - https:\/\/yoast.com\/product\/yoast-seo-wordpress\/ -->\n<title>\u201eEs ist ein sehr gutes Gef\u00fchl, eine Stiftung zu gr\u00fcnden\u201c - Der Stiftungsblog f\u00fcr die Stiftungspraxis<\/title>\n<meta name=\"description\" content=\"Die gemeinn\u00fctzige Manfred-Sauer-Stiftung will zu einem barrierefreien Miteinander von Menschen mit Querschnittl\u00e4hmung und Fu\u00dfg\u00e4ngern beitragen. Die Stiftung wurde 2001 mit dem Motto \u201eLeistungsbereitschaft Querschnittgel\u00e4hmter f\u00f6rdern\u201c gegr\u00fcndet. Es flossen das Privatverm\u00f6gen von Manfred Sauer sowie seine Gesellschafteranteile an der Manfred Sauer GmbH eing. Die Stiftung ist keine Reha-Einrichtung, sondern eine barrierefreie Begegnungsst\u00e4tte unter F\u00fchrung einer Betriebsgesellschaft der Stiftung mit Hotel, Restaurant, Werkstatt, Turnhalle und Au\u00dfenparcours f\u00fcr querschnittgel\u00e4hmte Rollstuhlfahrer und Fu\u00dfg\u00e4nger. Sie will Impulse f\u00fcr bewusstes Leben geben.\" \/>\n<meta name=\"robots\" content=\"index, follow, max-snippet:-1, max-image-preview:large, max-video-preview:-1\" \/>\n<link rel=\"canonical\" href=\"https:\/\/stiftungsmarktplatz.eu\/blog\/es-ist-ein-sehr-gutes-gefuehl-eine-stiftung-zu-gruenden\/\" \/>\n<meta property=\"og:locale\" content=\"de_DE\" \/>\n<meta property=\"og:type\" content=\"article\" \/>\n<meta property=\"og:title\" content=\"\u201eEs ist ein sehr gutes Gef\u00fchl, eine Stiftung zu gr\u00fcnden\u201c - Der Stiftungsblog f\u00fcr die Stiftungspraxis\" \/>\n<meta property=\"og:description\" content=\"Die gemeinn\u00fctzige Manfred-Sauer-Stiftung will zu einem barrierefreien Miteinander von Menschen mit Querschnittl\u00e4hmung und Fu\u00dfg\u00e4ngern beitragen. Die Stiftung wurde 2001 mit dem Motto \u201eLeistungsbereitschaft Querschnittgel\u00e4hmter f\u00f6rdern\u201c gegr\u00fcndet. Es flossen das Privatverm\u00f6gen von Manfred Sauer sowie seine Gesellschafteranteile an der Manfred Sauer GmbH eing. Die Stiftung ist keine Reha-Einrichtung, sondern eine barrierefreie Begegnungsst\u00e4tte unter F\u00fchrung einer Betriebsgesellschaft der Stiftung mit Hotel, Restaurant, Werkstatt, Turnhalle und Au\u00dfenparcours f\u00fcr querschnittgel\u00e4hmte Rollstuhlfahrer und Fu\u00dfg\u00e4nger. Sie will Impulse f\u00fcr bewusstes Leben geben.\" \/>\n<meta property=\"og:url\" content=\"https:\/\/stiftungsmarktplatz.eu\/blog\/es-ist-ein-sehr-gutes-gefuehl-eine-stiftung-zu-gruenden\/\" \/>\n<meta property=\"og:site_name\" content=\"Der Stiftungsblog f\u00fcr die Stiftungspraxis\" \/>\n<meta property=\"article:published_time\" content=\"2021-12-22T07:00:00+00:00\" \/>\n<meta property=\"og:image\" content=\"https:\/\/stiftungsmarktplatz.eu\/blog\/wp-content\/uploads\/2021\/12\/Teaser-Manfred-Sauer-Stiftung.jpg\" \/>\n\t<meta property=\"og:image:width\" content=\"1200\" \/>\n\t<meta property=\"og:image:height\" content=\"675\" \/>\n\t<meta property=\"og:image:type\" content=\"image\/jpeg\" \/>\n<meta name=\"author\" content=\"Stefan Preu\u00df\" \/>\n<meta name=\"twitter:card\" content=\"summary_large_image\" \/>\n<meta name=\"twitter:label1\" content=\"Verfasst von\" \/>\n\t<meta name=\"twitter:data1\" content=\"Stefan Preu\u00df\" \/>\n\t<meta name=\"twitter:label2\" content=\"Gesch\u00e4tzte Lesezeit\" \/>\n\t<meta name=\"twitter:data2\" content=\"5\u00a0Minuten\" \/>\n<script type=\"application\/ld+json\" class=\"yoast-schema-graph\">{\"@context\":\"https:\\\/\\\/schema.org\",\"@graph\":[{\"@type\":\"Article\",\"@id\":\"https:\\\/\\\/stiftungsmarktplatz.eu\\\/blog\\\/es-ist-ein-sehr-gutes-gefuehl-eine-stiftung-zu-gruenden\\\/#article\",\"isPartOf\":{\"@id\":\"https:\\\/\\\/stiftungsmarktplatz.eu\\\/blog\\\/es-ist-ein-sehr-gutes-gefuehl-eine-stiftung-zu-gruenden\\\/\"},\"author\":{\"name\":\"Stefan Preu\u00df\",\"@id\":\"https:\\\/\\\/stiftungsmarktplatz.eu\\\/blog\\\/#\\\/schema\\\/person\\\/a319dca6dba20b695d21fd8a6f2ef0f9\"},\"headline\":\"\u201eEs ist ein sehr gutes Gef\u00fchl, eine Stiftung zu gr\u00fcnden\u201c\",\"datePublished\":\"2021-12-22T07:00:00+00:00\",\"mainEntityOfPage\":{\"@id\":\"https:\\\/\\\/stiftungsmarktplatz.eu\\\/blog\\\/es-ist-ein-sehr-gutes-gefuehl-eine-stiftung-zu-gruenden\\\/\"},\"wordCount\":827,\"publisher\":{\"@id\":\"https:\\\/\\\/stiftungsmarktplatz.eu\\\/blog\\\/#organization\"},\"image\":{\"@id\":\"https:\\\/\\\/stiftungsmarktplatz.eu\\\/blog\\\/es-ist-ein-sehr-gutes-gefuehl-eine-stiftung-zu-gruenden\\\/#primaryimage\"},\"thumbnailUrl\":\"https:\\\/\\\/stiftungsmarktplatz.eu\\\/blog\\\/wp-content\\\/uploads\\\/2021\\\/12\\\/Teaser-Manfred-Sauer-Stiftung.jpg\",\"keywords\":[\"Stiftungszweck\",\"Spenden\",\"Stiftungskommunikation\",\"Fundraising\",\"Stiftungspraxis\"],\"articleSection\":[\"Tipps f\u00fcr die Stiftungspraxis\"],\"inLanguage\":\"de\"},{\"@type\":\"WebPage\",\"@id\":\"https:\\\/\\\/stiftungsmarktplatz.eu\\\/blog\\\/es-ist-ein-sehr-gutes-gefuehl-eine-stiftung-zu-gruenden\\\/\",\"url\":\"https:\\\/\\\/stiftungsmarktplatz.eu\\\/blog\\\/es-ist-ein-sehr-gutes-gefuehl-eine-stiftung-zu-gruenden\\\/\",\"name\":\"\u201eEs ist ein sehr gutes Gef\u00fchl, eine Stiftung zu gr\u00fcnden\u201c - Der Stiftungsblog f\u00fcr die Stiftungspraxis\",\"isPartOf\":{\"@id\":\"https:\\\/\\\/stiftungsmarktplatz.eu\\\/blog\\\/#website\"},\"primaryImageOfPage\":{\"@id\":\"https:\\\/\\\/stiftungsmarktplatz.eu\\\/blog\\\/es-ist-ein-sehr-gutes-gefuehl-eine-stiftung-zu-gruenden\\\/#primaryimage\"},\"image\":{\"@id\":\"https:\\\/\\\/stiftungsmarktplatz.eu\\\/blog\\\/es-ist-ein-sehr-gutes-gefuehl-eine-stiftung-zu-gruenden\\\/#primaryimage\"},\"thumbnailUrl\":\"https:\\\/\\\/stiftungsmarktplatz.eu\\\/blog\\\/wp-content\\\/uploads\\\/2021\\\/12\\\/Teaser-Manfred-Sauer-Stiftung.jpg\",\"datePublished\":\"2021-12-22T07:00:00+00:00\",\"description\":\"Die gemeinn\u00fctzige Manfred-Sauer-Stiftung will zu einem barrierefreien Miteinander von Menschen mit Querschnittl\u00e4hmung und Fu\u00dfg\u00e4ngern beitragen. Die Stiftung wurde 2001 mit dem Motto \u201eLeistungsbereitschaft Querschnittgel\u00e4hmter f\u00f6rdern\u201c gegr\u00fcndet. Es flossen das Privatverm\u00f6gen von Manfred Sauer sowie seine Gesellschafteranteile an der Manfred Sauer GmbH eing. Die Stiftung ist keine Reha-Einrichtung, sondern eine barrierefreie Begegnungsst\u00e4tte unter F\u00fchrung einer Betriebsgesellschaft der Stiftung mit Hotel, Restaurant, Werkstatt, Turnhalle und Au\u00dfenparcours f\u00fcr querschnittgel\u00e4hmte Rollstuhlfahrer und Fu\u00dfg\u00e4nger. Sie will Impulse f\u00fcr bewusstes Leben geben.\",\"breadcrumb\":{\"@id\":\"https:\\\/\\\/stiftungsmarktplatz.eu\\\/blog\\\/es-ist-ein-sehr-gutes-gefuehl-eine-stiftung-zu-gruenden\\\/#breadcrumb\"},\"inLanguage\":\"de\",\"potentialAction\":[{\"@type\":\"ReadAction\",\"target\":[\"https:\\\/\\\/stiftungsmarktplatz.eu\\\/blog\\\/es-ist-ein-sehr-gutes-gefuehl-eine-stiftung-zu-gruenden\\\/\"]}]},{\"@type\":\"ImageObject\",\"inLanguage\":\"de\",\"@id\":\"https:\\\/\\\/stiftungsmarktplatz.eu\\\/blog\\\/es-ist-ein-sehr-gutes-gefuehl-eine-stiftung-zu-gruenden\\\/#primaryimage\",\"url\":\"https:\\\/\\\/stiftungsmarktplatz.eu\\\/blog\\\/wp-content\\\/uploads\\\/2021\\\/12\\\/Teaser-Manfred-Sauer-Stiftung.jpg\",\"contentUrl\":\"https:\\\/\\\/stiftungsmarktplatz.eu\\\/blog\\\/wp-content\\\/uploads\\\/2021\\\/12\\\/Teaser-Manfred-Sauer-Stiftung.jpg\",\"width\":1200,\"height\":675,\"caption\":\"Manfred-Sauer-Stiftung\"},{\"@type\":\"BreadcrumbList\",\"@id\":\"https:\\\/\\\/stiftungsmarktplatz.eu\\\/blog\\\/es-ist-ein-sehr-gutes-gefuehl-eine-stiftung-zu-gruenden\\\/#breadcrumb\",\"itemListElement\":[{\"@type\":\"ListItem\",\"position\":1,\"name\":\"Startseite\",\"item\":\"https:\\\/\\\/stiftungsmarktplatz.eu\\\/blog\\\/\"},{\"@type\":\"ListItem\",\"position\":2,\"name\":\"\u201eEs ist ein sehr gutes Gef\u00fchl, eine Stiftung zu gr\u00fcnden\u201c\"}]},{\"@type\":\"WebSite\",\"@id\":\"https:\\\/\\\/stiftungsmarktplatz.eu\\\/blog\\\/#website\",\"url\":\"https:\\\/\\\/stiftungsmarktplatz.eu\\\/blog\\\/\",\"name\":\"Der Stiftungsblog f\u00fcr die Stiftungspraxis\",\"description\":\"#stiftungenst\u00e4rken - NPO-Expertise von NPO-Experten\",\"publisher\":{\"@id\":\"https:\\\/\\\/stiftungsmarktplatz.eu\\\/blog\\\/#organization\"},\"potentialAction\":[{\"@type\":\"SearchAction\",\"target\":{\"@type\":\"EntryPoint\",\"urlTemplate\":\"https:\\\/\\\/stiftungsmarktplatz.eu\\\/blog\\\/?s={search_term_string}\"},\"query-input\":{\"@type\":\"PropertyValueSpecification\",\"valueRequired\":true,\"valueName\":\"search_term_string\"}}],\"inLanguage\":\"de\"},{\"@type\":\"Organization\",\"@id\":\"https:\\\/\\\/stiftungsmarktplatz.eu\\\/blog\\\/#organization\",\"name\":\"stiftungsmarktplatz.eu GbR\",\"url\":\"https:\\\/\\\/stiftungsmarktplatz.eu\\\/blog\\\/\",\"logo\":{\"@type\":\"ImageObject\",\"inLanguage\":\"de\",\"@id\":\"https:\\\/\\\/stiftungsmarktplatz.eu\\\/blog\\\/#\\\/schema\\\/logo\\\/image\\\/\",\"url\":\"https:\\\/\\\/stiftungsmarktplatz.eu\\\/blog\\\/wp-content\\\/uploads\\\/2020\\\/03\\\/Logo-blog-retina.png\",\"contentUrl\":\"https:\\\/\\\/stiftungsmarktplatz.eu\\\/blog\\\/wp-content\\\/uploads\\\/2020\\\/03\\\/Logo-blog-retina.png\",\"width\":140,\"height\":130,\"caption\":\"stiftungsmarktplatz.eu GbR\"},\"image\":{\"@id\":\"https:\\\/\\\/stiftungsmarktplatz.eu\\\/blog\\\/#\\\/schema\\\/logo\\\/image\\\/\"},\"sameAs\":[\"https:\\\/\\\/www.linkedin.com\\\/company\\\/18563519\\\/\",\"https:\\\/\\\/www.youtube.com\\\/channel\\\/UCQrF6RQRFGxTokVV4nbx25Q\"]},{\"@type\":\"Person\",\"@id\":\"https:\\\/\\\/stiftungsmarktplatz.eu\\\/blog\\\/#\\\/schema\\\/person\\\/a319dca6dba20b695d21fd8a6f2ef0f9\",\"name\":\"Stefan Preu\u00df\",\"image\":{\"@type\":\"ImageObject\",\"inLanguage\":\"de\",\"@id\":\"https:\\\/\\\/stiftungsmarktplatz.eu\\\/blog\\\/wp-content\\\/uploads\\\/2025\\\/07\\\/stefan-preuss-150x150.png\",\"url\":\"https:\\\/\\\/stiftungsmarktplatz.eu\\\/blog\\\/wp-content\\\/uploads\\\/2025\\\/07\\\/stefan-preuss-150x150.png\",\"contentUrl\":\"https:\\\/\\\/stiftungsmarktplatz.eu\\\/blog\\\/wp-content\\\/uploads\\\/2025\\\/07\\\/stefan-preuss-150x150.png\",\"caption\":\"Stefan Preu\u00df\"},\"description\":\"ist Chefredakteur von stiftungenst\u00e4rken.de und fondsfibel.de. Der Fachjournalist, der auch als freier Autor f\u00fcr andere Publikationen fungiert, ist seit vielen Jahren als Autor von Fachbeitr\u00e4gen und Analysen im Stiftungssektor pr\u00e4sent, moderiert dazu den Elevator Pitch beim Virtuellen Tag f\u00fcr das Stiftungsverm\u00f6gen (www.vtfds.de).\",\"sameAs\":[\"https:\\\/\\\/stiftungsmarktplatz.eu\"],\"url\":\"https:\\\/\\\/stiftungsmarktplatz.eu\\\/blog\\\/author\\\/stefan-preuss\\\/\"}]}<\/script>\n<!-- \/ Yoast SEO plugin. -->","yoast_head_json":{"title":"\u201eEs ist ein sehr gutes Gef\u00fchl, eine Stiftung zu gr\u00fcnden\u201c - Der Stiftungsblog f\u00fcr die Stiftungspraxis","description":"Die gemeinn\u00fctzige Manfred-Sauer-Stiftung will zu einem barrierefreien Miteinander von Menschen mit Querschnittl\u00e4hmung und Fu\u00dfg\u00e4ngern beitragen. Die Stiftung wurde 2001 mit dem Motto \u201eLeistungsbereitschaft Querschnittgel\u00e4hmter f\u00f6rdern\u201c gegr\u00fcndet. Es flossen das Privatverm\u00f6gen von Manfred Sauer sowie seine Gesellschafteranteile an der Manfred Sauer GmbH eing. Die Stiftung ist keine Reha-Einrichtung, sondern eine barrierefreie Begegnungsst\u00e4tte unter F\u00fchrung einer Betriebsgesellschaft der Stiftung mit Hotel, Restaurant, Werkstatt, Turnhalle und Au\u00dfenparcours f\u00fcr querschnittgel\u00e4hmte Rollstuhlfahrer und Fu\u00dfg\u00e4nger. Sie will Impulse f\u00fcr bewusstes Leben geben.","robots":{"index":"index","follow":"follow","max-snippet":"max-snippet:-1","max-image-preview":"max-image-preview:large","max-video-preview":"max-video-preview:-1"},"canonical":"https:\/\/stiftungsmarktplatz.eu\/blog\/es-ist-ein-sehr-gutes-gefuehl-eine-stiftung-zu-gruenden\/","og_locale":"de_DE","og_type":"article","og_title":"\u201eEs ist ein sehr gutes Gef\u00fchl, eine Stiftung zu gr\u00fcnden\u201c - Der Stiftungsblog f\u00fcr die Stiftungspraxis","og_description":"Die gemeinn\u00fctzige Manfred-Sauer-Stiftung will zu einem barrierefreien Miteinander von Menschen mit Querschnittl\u00e4hmung und Fu\u00dfg\u00e4ngern beitragen. Die Stiftung wurde 2001 mit dem Motto \u201eLeistungsbereitschaft Querschnittgel\u00e4hmter f\u00f6rdern\u201c gegr\u00fcndet. Es flossen das Privatverm\u00f6gen von Manfred Sauer sowie seine Gesellschafteranteile an der Manfred Sauer GmbH eing. Die Stiftung ist keine Reha-Einrichtung, sondern eine barrierefreie Begegnungsst\u00e4tte unter F\u00fchrung einer Betriebsgesellschaft der Stiftung mit Hotel, Restaurant, Werkstatt, Turnhalle und Au\u00dfenparcours f\u00fcr querschnittgel\u00e4hmte Rollstuhlfahrer und Fu\u00dfg\u00e4nger. Sie will Impulse f\u00fcr bewusstes Leben geben.","og_url":"https:\/\/stiftungsmarktplatz.eu\/blog\/es-ist-ein-sehr-gutes-gefuehl-eine-stiftung-zu-gruenden\/","og_site_name":"Der Stiftungsblog f\u00fcr die Stiftungspraxis","article_published_time":"2021-12-22T07:00:00+00:00","og_image":[{"width":1200,"height":675,"url":"https:\/\/stiftungsmarktplatz.eu\/blog\/wp-content\/uploads\/2021\/12\/Teaser-Manfred-Sauer-Stiftung.jpg","type":"image\/jpeg"}],"author":"Stefan Preu\u00df","twitter_card":"summary_large_image","twitter_misc":{"Verfasst von":"Stefan Preu\u00df","Gesch\u00e4tzte Lesezeit":"5\u00a0Minuten"},"schema":{"@context":"https:\/\/schema.org","@graph":[{"@type":"Article","@id":"https:\/\/stiftungsmarktplatz.eu\/blog\/es-ist-ein-sehr-gutes-gefuehl-eine-stiftung-zu-gruenden\/#article","isPartOf":{"@id":"https:\/\/stiftungsmarktplatz.eu\/blog\/es-ist-ein-sehr-gutes-gefuehl-eine-stiftung-zu-gruenden\/"},"author":{"name":"Stefan Preu\u00df","@id":"https:\/\/stiftungsmarktplatz.eu\/blog\/#\/schema\/person\/a319dca6dba20b695d21fd8a6f2ef0f9"},"headline":"\u201eEs ist ein sehr gutes Gef\u00fchl, eine Stiftung zu gr\u00fcnden\u201c","datePublished":"2021-12-22T07:00:00+00:00","mainEntityOfPage":{"@id":"https:\/\/stiftungsmarktplatz.eu\/blog\/es-ist-ein-sehr-gutes-gefuehl-eine-stiftung-zu-gruenden\/"},"wordCount":827,"publisher":{"@id":"https:\/\/stiftungsmarktplatz.eu\/blog\/#organization"},"image":{"@id":"https:\/\/stiftungsmarktplatz.eu\/blog\/es-ist-ein-sehr-gutes-gefuehl-eine-stiftung-zu-gruenden\/#primaryimage"},"thumbnailUrl":"https:\/\/stiftungsmarktplatz.eu\/blog\/wp-content\/uploads\/2021\/12\/Teaser-Manfred-Sauer-Stiftung.jpg","keywords":["Stiftungszweck","Spenden","Stiftungskommunikation","Fundraising","Stiftungspraxis"],"articleSection":["Tipps f\u00fcr die Stiftungspraxis"],"inLanguage":"de"},{"@type":"WebPage","@id":"https:\/\/stiftungsmarktplatz.eu\/blog\/es-ist-ein-sehr-gutes-gefuehl-eine-stiftung-zu-gruenden\/","url":"https:\/\/stiftungsmarktplatz.eu\/blog\/es-ist-ein-sehr-gutes-gefuehl-eine-stiftung-zu-gruenden\/","name":"\u201eEs ist ein sehr gutes Gef\u00fchl, eine Stiftung zu gr\u00fcnden\u201c - Der Stiftungsblog f\u00fcr die Stiftungspraxis","isPartOf":{"@id":"https:\/\/stiftungsmarktplatz.eu\/blog\/#website"},"primaryImageOfPage":{"@id":"https:\/\/stiftungsmarktplatz.eu\/blog\/es-ist-ein-sehr-gutes-gefuehl-eine-stiftung-zu-gruenden\/#primaryimage"},"image":{"@id":"https:\/\/stiftungsmarktplatz.eu\/blog\/es-ist-ein-sehr-gutes-gefuehl-eine-stiftung-zu-gruenden\/#primaryimage"},"thumbnailUrl":"https:\/\/stiftungsmarktplatz.eu\/blog\/wp-content\/uploads\/2021\/12\/Teaser-Manfred-Sauer-Stiftung.jpg","datePublished":"2021-12-22T07:00:00+00:00","description":"Die gemeinn\u00fctzige Manfred-Sauer-Stiftung will zu einem barrierefreien Miteinander von Menschen mit Querschnittl\u00e4hmung und Fu\u00dfg\u00e4ngern beitragen. Die Stiftung wurde 2001 mit dem Motto \u201eLeistungsbereitschaft Querschnittgel\u00e4hmter f\u00f6rdern\u201c gegr\u00fcndet. Es flossen das Privatverm\u00f6gen von Manfred Sauer sowie seine Gesellschafteranteile an der Manfred Sauer GmbH eing. Die Stiftung ist keine Reha-Einrichtung, sondern eine barrierefreie Begegnungsst\u00e4tte unter F\u00fchrung einer Betriebsgesellschaft der Stiftung mit Hotel, Restaurant, Werkstatt, Turnhalle und Au\u00dfenparcours f\u00fcr querschnittgel\u00e4hmte Rollstuhlfahrer und Fu\u00dfg\u00e4nger. Sie will Impulse f\u00fcr bewusstes Leben geben.","breadcrumb":{"@id":"https:\/\/stiftungsmarktplatz.eu\/blog\/es-ist-ein-sehr-gutes-gefuehl-eine-stiftung-zu-gruenden\/#breadcrumb"},"inLanguage":"de","potentialAction":[{"@type":"ReadAction","target":["https:\/\/stiftungsmarktplatz.eu\/blog\/es-ist-ein-sehr-gutes-gefuehl-eine-stiftung-zu-gruenden\/"]}]},{"@type":"ImageObject","inLanguage":"de","@id":"https:\/\/stiftungsmarktplatz.eu\/blog\/es-ist-ein-sehr-gutes-gefuehl-eine-stiftung-zu-gruenden\/#primaryimage","url":"https:\/\/stiftungsmarktplatz.eu\/blog\/wp-content\/uploads\/2021\/12\/Teaser-Manfred-Sauer-Stiftung.jpg","contentUrl":"https:\/\/stiftungsmarktplatz.eu\/blog\/wp-content\/uploads\/2021\/12\/Teaser-Manfred-Sauer-Stiftung.jpg","width":1200,"height":675,"caption":"Manfred-Sauer-Stiftung"},{"@type":"BreadcrumbList","@id":"https:\/\/stiftungsmarktplatz.eu\/blog\/es-ist-ein-sehr-gutes-gefuehl-eine-stiftung-zu-gruenden\/#breadcrumb","itemListElement":[{"@type":"ListItem","position":1,"name":"Startseite","item":"https:\/\/stiftungsmarktplatz.eu\/blog\/"},{"@type":"ListItem","position":2,"name":"\u201eEs ist ein sehr gutes Gef\u00fchl, eine Stiftung zu gr\u00fcnden\u201c"}]},{"@type":"WebSite","@id":"https:\/\/stiftungsmarktplatz.eu\/blog\/#website","url":"https:\/\/stiftungsmarktplatz.eu\/blog\/","name":"Der Stiftungsblog f\u00fcr die Stiftungspraxis","description":"#stiftungenst\u00e4rken - NPO-Expertise von NPO-Experten","publisher":{"@id":"https:\/\/stiftungsmarktplatz.eu\/blog\/#organization"},"potentialAction":[{"@type":"SearchAction","target":{"@type":"EntryPoint","urlTemplate":"https:\/\/stiftungsmarktplatz.eu\/blog\/?s={search_term_string}"},"query-input":{"@type":"PropertyValueSpecification","valueRequired":true,"valueName":"search_term_string"}}],"inLanguage":"de"},{"@type":"Organization","@id":"https:\/\/stiftungsmarktplatz.eu\/blog\/#organization","name":"stiftungsmarktplatz.eu GbR","url":"https:\/\/stiftungsmarktplatz.eu\/blog\/","logo":{"@type":"ImageObject","inLanguage":"de","@id":"https:\/\/stiftungsmarktplatz.eu\/blog\/#\/schema\/logo\/image\/","url":"https:\/\/stiftungsmarktplatz.eu\/blog\/wp-content\/uploads\/2020\/03\/Logo-blog-retina.png","contentUrl":"https:\/\/stiftungsmarktplatz.eu\/blog\/wp-content\/uploads\/2020\/03\/Logo-blog-retina.png","width":140,"height":130,"caption":"stiftungsmarktplatz.eu GbR"},"image":{"@id":"https:\/\/stiftungsmarktplatz.eu\/blog\/#\/schema\/logo\/image\/"},"sameAs":["https:\/\/www.linkedin.com\/company\/18563519\/","https:\/\/www.youtube.com\/channel\/UCQrF6RQRFGxTokVV4nbx25Q"]},{"@type":"Person","@id":"https:\/\/stiftungsmarktplatz.eu\/blog\/#\/schema\/person\/a319dca6dba20b695d21fd8a6f2ef0f9","name":"Stefan Preu\u00df","image":{"@type":"ImageObject","inLanguage":"de","@id":"https:\/\/stiftungsmarktplatz.eu\/blog\/wp-content\/uploads\/2025\/07\/stefan-preuss-150x150.png","url":"https:\/\/stiftungsmarktplatz.eu\/blog\/wp-content\/uploads\/2025\/07\/stefan-preuss-150x150.png","contentUrl":"https:\/\/stiftungsmarktplatz.eu\/blog\/wp-content\/uploads\/2025\/07\/stefan-preuss-150x150.png","caption":"Stefan Preu\u00df"},"description":"ist Chefredakteur von stiftungenst\u00e4rken.de und fondsfibel.de. Der Fachjournalist, der auch als freier Autor f\u00fcr andere Publikationen fungiert, ist seit vielen Jahren als Autor von Fachbeitr\u00e4gen und Analysen im Stiftungssektor pr\u00e4sent, moderiert dazu den Elevator Pitch beim Virtuellen Tag f\u00fcr das Stiftungsverm\u00f6gen (www.vtfds.de).","sameAs":["https:\/\/stiftungsmarktplatz.eu"],"url":"https:\/\/stiftungsmarktplatz.eu\/blog\/author\/stefan-preuss\/"}]}},"post_mailing_queue_ids":[],"_links":{"self":[{"href":"https:\/\/stiftungsmarktplatz.eu\/blog\/wp-json\/wp\/v2\/posts\/3128","targetHints":{"allow":["GET"]}}],"collection":[{"href":"https:\/\/stiftungsmarktplatz.eu\/blog\/wp-json\/wp\/v2\/posts"}],"about":[{"href":"https:\/\/stiftungsmarktplatz.eu\/blog\/wp-json\/wp\/v2\/types\/post"}],"author":[{"embeddable":true,"href":"https:\/\/stiftungsmarktplatz.eu\/blog\/wp-json\/wp\/v2\/users\/2"}],"replies":[{"embeddable":true,"href":"https:\/\/stiftungsmarktplatz.eu\/blog\/wp-json\/wp\/v2\/comments?post=3128"}],"version-history":[{"count":2,"href":"https:\/\/stiftungsmarktplatz.eu\/blog\/wp-json\/wp\/v2\/posts\/3128\/revisions"}],"predecessor-version":[{"id":3132,"href":"https:\/\/stiftungsmarktplatz.eu\/blog\/wp-json\/wp\/v2\/posts\/3128\/revisions\/3132"}],"wp:featuredmedia":[{"embeddable":true,"href":"https:\/\/stiftungsmarktplatz.eu\/blog\/wp-json\/wp\/v2\/media\/3129"}],"wp:attachment":[{"href":"https:\/\/stiftungsmarktplatz.eu\/blog\/wp-json\/wp\/v2\/media?parent=3128"}],"wp:term":[{"taxonomy":"category","embeddable":true,"href":"https:\/\/stiftungsmarktplatz.eu\/blog\/wp-json\/wp\/v2\/categories?post=3128"},{"taxonomy":"post_tag","embeddable":true,"href":"https:\/\/stiftungsmarktplatz.eu\/blog\/wp-json\/wp\/v2\/tags?post=3128"}],"curies":[{"name":"wp","href":"https:\/\/api.w.org\/{rel}","templated":true}]}}