{"id":3007,"date":"2021-12-03T12:19:42","date_gmt":"2021-12-03T11:19:42","guid":{"rendered":"https:\/\/stiftungsmarktplatz.eu\/blog\/?p=3007"},"modified":"2022-01-07T16:23:25","modified_gmt":"2022-01-07T15:23:25","slug":"plattformen-erzeugen-nutzen-fuer-viele-stiftungen","status":"publish","type":"post","link":"https:\/\/stiftungsmarktplatz.eu\/blog\/plattformen-erzeugen-nutzen-fuer-viele-stiftungen\/","title":{"rendered":"Plattformen erzeugen Nutzen f\u00fcr viele Stiftungen"},"content":{"rendered":"<span class=\"span-reading-time rt-reading-time\" style=\"display: block;\"><span class=\"rt-label rt-prefix\">Lesezeit: <\/span> <span class=\"rt-time\"> &lt; 1<\/span> <span class=\"rt-label rt-postfix\">Minute<\/span><\/span>\n<p>Wie das Leben manchmal so spielt. Neulich bekamen wir eine Mail mit zwei spannenden Links. Wir griffen zum H\u00f6rer und verabredeten uns mit Sonja Peichl, der Gesch\u00e4ftsf\u00fchrerin der Caritas-Gemeinschaftsstiftung im Bistum Limburg, um mit ihr im FreitagsPodcast \u00fcber die Plattform <a href=\"http:\/\/www.spendenstiftenstrahlen.de\" target=\"_blank\" rel=\"noreferrer noopener\">www.spendenstiftenstrahlen.de<\/a> und den Adventskalender <a href=\"http:\/\/www.mitmachkalender2021.de\" target=\"_blank\" rel=\"noreferrer noopener\">www.mitmachkalender2021.de<\/a> zu sprechen. <\/p>\n\n\n\n<p>Nat\u00fcrlich kamen wir dabei nicht umhin, sie auch zu Ihrer Meinung zur Digitalisierung im Stiftungssektor als solches zu befragen.<\/p>\n\n\n\n<div class=\"wp-block-cover has-background-dim\"><img loading=\"lazy\" decoding=\"async\" width=\"1000\" height=\"485\" class=\"wp-block-cover__image-background wp-image-96\" alt=\"\" src=\"https:\/\/stiftungsmarktplatz.eu\/blog\/wp-content\/uploads\/2020\/02\/bienen-podcast-2.jpg\" data-object-fit=\"cover\" srcset=\"https:\/\/stiftungsmarktplatz.eu\/blog\/wp-content\/uploads\/2020\/02\/bienen-podcast-2.jpg 1000w, https:\/\/stiftungsmarktplatz.eu\/blog\/wp-content\/uploads\/2020\/02\/bienen-podcast-2-300x146.jpg 300w, https:\/\/stiftungsmarktplatz.eu\/blog\/wp-content\/uploads\/2020\/02\/bienen-podcast-2-768x372.jpg 768w, https:\/\/stiftungsmarktplatz.eu\/blog\/wp-content\/uploads\/2020\/02\/bienen-podcast-2-696x338.jpg 696w\" sizes=\"auto, (max-width: 1000px) 100vw, 1000px\" \/><div class=\"wp-block-cover__inner-container is-layout-flow wp-block-cover-is-layout-flow\">\n<div class=\"wp-block-image\"><figure class=\"aligncenter size-large\"><img loading=\"lazy\" decoding=\"async\" width=\"90\" height=\"90\" src=\"https:\/\/stiftungsmarktplatz.eu\/blog\/wp-content\/uploads\/2020\/02\/podcast-icon-90px.png\" alt=\"\" class=\"wp-image-95\"\/><\/figure><\/div>\n\n\n\n<h2 class=\"has-text-align-center has-text-color wp-block-heading\" style=\"color:#8b2e7d\"><strong>PODCAST<\/strong><br> \u201ePlattformen erzeugen <br>Nutzen f\u00fcr viele Stiftungen\u201c<\/h2>\n\n\n\n<figure class=\"wp-block-audio\"><audio controls src=\"https:\/\/stiftungenstaerken.podcaster.de\/download\/Podcast-Ahoi-NPO-Folge-79-Sonja_Peichl.mp3\"><\/audio><\/figure>\n<\/div><\/div>\n","protected":false},"excerpt":{"rendered":"<p><span class=\"span-reading-time rt-reading-time\" style=\"display: block;\"><span class=\"rt-label rt-prefix\">Lesezeit: <\/span> <span class=\"rt-time\"> &lt; 1<\/span> <span class=\"rt-label rt-postfix\">Minute<\/span><\/span>Wie das Leben manchmal so spielt. Neulich bekamen wir eine Mail mit zwei spannenden Links. Wir griffen zum H\u00f6rer und verabredeten uns mit Sonja Peichl, der Gesch\u00e4ftsf\u00fchrerin der Caritas-Gemeinschaftsstiftung im Bistum Limburg, um mit ihr im FreitagsPodcast \u00fcber die Plattform www.spendenstiftenstrahlen.de und den Adventskalender www.mitmachkalender2021.de zu sprechen. Nat\u00fcrlich kamen wir dabei nicht umhin, sie auch zu Ihrer Meinung zur Digitalisierung im Stiftungssektor als solches zu befragen.<\/p>\n","protected":false},"author":8,"featured_media":3005,"comment_status":"closed","ping_status":"open","sticky":false,"template":"","format":"standard","meta":{"ngg_post_thumbnail":0,"footnotes":""},"categories":[6],"tags":[17,32,59,83,112,145],"class_list":{"0":"post-3007","1":"post","2":"type-post","3":"status-publish","4":"format-standard","5":"has-post-thumbnail","7":"category-stiftungskommunikation-und-ki","8":"tag-fundraising","9":"tag-digitale-kommunikation","10":"tag-digitalisierung","11":"tag-stiftungspraxis","12":"tag-freitags-podcast","13":"tag-stiftungskommunikation"},"yoast_head":"<!-- This site is optimized with the Yoast SEO plugin v27.4 - https:\/\/yoast.com\/product\/yoast-seo-wordpress\/ -->\n<title>Plattformen erzeugen Nutzen f\u00fcr viele Stiftungen - Der Stiftungsblog f\u00fcr die Stiftungspraxis<\/title>\n<meta name=\"description\" content=\"Wie das Leben manchmal so spielt. Neulich bekamen wir eine Mail mit zwei spannenden Links. Wir griffen zum H\u00f6rer und verabredeten uns mit Sonja Peichl, der Gesch\u00e4ftsf\u00fchrerin der Caritas-Gemeinschaftsstiftung im Bistum Limburg, um mit ihr im FreitagsPodcast \u00fcber die Plattform www.spendenstiftenstrahlen.de und den Adventskalender www.mitmachkalender2021.de zu sprechen. Nat\u00fcrlich kamen wir dabei nicht umhin, sie auch zu Ihrer Meinung zur Digitalisierung im Stiftungssektor als solches zu befragen.\" \/>\n<meta name=\"robots\" content=\"index, follow, max-snippet:-1, max-image-preview:large, max-video-preview:-1\" \/>\n<link rel=\"canonical\" href=\"https:\/\/stiftungsmarktplatz.eu\/blog\/plattformen-erzeugen-nutzen-fuer-viele-stiftungen\/\" \/>\n<meta property=\"og:locale\" content=\"de_DE\" \/>\n<meta property=\"og:type\" content=\"article\" \/>\n<meta property=\"og:title\" content=\"Plattformen erzeugen Nutzen f\u00fcr viele Stiftungen - Der Stiftungsblog f\u00fcr die Stiftungspraxis\" \/>\n<meta property=\"og:description\" content=\"Wie das Leben manchmal so spielt. Neulich bekamen wir eine Mail mit zwei spannenden Links. Wir griffen zum H\u00f6rer und verabredeten uns mit Sonja Peichl, der Gesch\u00e4ftsf\u00fchrerin der Caritas-Gemeinschaftsstiftung im Bistum Limburg, um mit ihr im FreitagsPodcast \u00fcber die Plattform www.spendenstiftenstrahlen.de und den Adventskalender www.mitmachkalender2021.de zu sprechen. Nat\u00fcrlich kamen wir dabei nicht umhin, sie auch zu Ihrer Meinung zur Digitalisierung im Stiftungssektor als solches zu befragen.\" \/>\n<meta property=\"og:url\" content=\"https:\/\/stiftungsmarktplatz.eu\/blog\/plattformen-erzeugen-nutzen-fuer-viele-stiftungen\/\" \/>\n<meta property=\"og:site_name\" content=\"Der Stiftungsblog f\u00fcr die Stiftungspraxis\" \/>\n<meta property=\"article:published_time\" content=\"2021-12-03T11:19:42+00:00\" \/>\n<meta property=\"article:modified_time\" content=\"2022-01-07T15:23:25+00:00\" \/>\n<meta property=\"og:image\" content=\"https:\/\/stiftungsmarktplatz.eu\/blog\/wp-content\/uploads\/2021\/12\/teaser-podcast-folge79.jpg\" \/>\n\t<meta property=\"og:image:width\" content=\"1200\" \/>\n\t<meta property=\"og:image:height\" content=\"675\" \/>\n\t<meta property=\"og:image:type\" content=\"image\/jpeg\" \/>\n<meta name=\"author\" content=\"Tobias Karow\" \/>\n<meta name=\"twitter:card\" content=\"summary_large_image\" \/>\n<meta name=\"twitter:label1\" content=\"Verfasst von\" \/>\n\t<meta name=\"twitter:data1\" content=\"Tobias Karow\" \/>\n\t<meta name=\"twitter:label2\" content=\"Gesch\u00e4tzte Lesezeit\" \/>\n\t<meta name=\"twitter:data2\" content=\"1\u00a0Minute\" \/>\n<script type=\"application\/ld+json\" class=\"yoast-schema-graph\">{\"@context\":\"https:\\\/\\\/schema.org\",\"@graph\":[{\"@type\":\"Article\",\"@id\":\"https:\\\/\\\/stiftungsmarktplatz.eu\\\/blog\\\/plattformen-erzeugen-nutzen-fuer-viele-stiftungen\\\/#article\",\"isPartOf\":{\"@id\":\"https:\\\/\\\/stiftungsmarktplatz.eu\\\/blog\\\/plattformen-erzeugen-nutzen-fuer-viele-stiftungen\\\/\"},\"author\":{\"name\":\"Tobias Karow\",\"@id\":\"https:\\\/\\\/stiftungsmarktplatz.eu\\\/blog\\\/#\\\/schema\\\/person\\\/3a42780bf87a2088578f1e8077ccfa44\"},\"headline\":\"Plattformen erzeugen Nutzen f\u00fcr viele Stiftungen\",\"datePublished\":\"2021-12-03T11:19:42+00:00\",\"dateModified\":\"2022-01-07T15:23:25+00:00\",\"mainEntityOfPage\":{\"@id\":\"https:\\\/\\\/stiftungsmarktplatz.eu\\\/blog\\\/plattformen-erzeugen-nutzen-fuer-viele-stiftungen\\\/\"},\"wordCount\":89,\"publisher\":{\"@id\":\"https:\\\/\\\/stiftungsmarktplatz.eu\\\/blog\\\/#organization\"},\"image\":{\"@id\":\"https:\\\/\\\/stiftungsmarktplatz.eu\\\/blog\\\/plattformen-erzeugen-nutzen-fuer-viele-stiftungen\\\/#primaryimage\"},\"thumbnailUrl\":\"https:\\\/\\\/stiftungsmarktplatz.eu\\\/blog\\\/wp-content\\\/uploads\\\/2021\\\/12\\\/teaser-podcast-folge79.jpg\",\"keywords\":[\"Fundraising\",\"digitale Kommunikation\",\"Digitalisierung\",\"Stiftungspraxis\",\"FreitagsPodcast\",\"Stiftungskommunikation\"],\"articleSection\":[\"Stiftungskommunikation und KI\"],\"inLanguage\":\"de\"},{\"@type\":\"WebPage\",\"@id\":\"https:\\\/\\\/stiftungsmarktplatz.eu\\\/blog\\\/plattformen-erzeugen-nutzen-fuer-viele-stiftungen\\\/\",\"url\":\"https:\\\/\\\/stiftungsmarktplatz.eu\\\/blog\\\/plattformen-erzeugen-nutzen-fuer-viele-stiftungen\\\/\",\"name\":\"Plattformen erzeugen Nutzen f\u00fcr viele Stiftungen - Der Stiftungsblog f\u00fcr die Stiftungspraxis\",\"isPartOf\":{\"@id\":\"https:\\\/\\\/stiftungsmarktplatz.eu\\\/blog\\\/#website\"},\"primaryImageOfPage\":{\"@id\":\"https:\\\/\\\/stiftungsmarktplatz.eu\\\/blog\\\/plattformen-erzeugen-nutzen-fuer-viele-stiftungen\\\/#primaryimage\"},\"image\":{\"@id\":\"https:\\\/\\\/stiftungsmarktplatz.eu\\\/blog\\\/plattformen-erzeugen-nutzen-fuer-viele-stiftungen\\\/#primaryimage\"},\"thumbnailUrl\":\"https:\\\/\\\/stiftungsmarktplatz.eu\\\/blog\\\/wp-content\\\/uploads\\\/2021\\\/12\\\/teaser-podcast-folge79.jpg\",\"datePublished\":\"2021-12-03T11:19:42+00:00\",\"dateModified\":\"2022-01-07T15:23:25+00:00\",\"description\":\"Wie das Leben manchmal so spielt. Neulich bekamen wir eine Mail mit zwei spannenden Links. Wir griffen zum H\u00f6rer und verabredeten uns mit Sonja Peichl, der Gesch\u00e4ftsf\u00fchrerin der Caritas-Gemeinschaftsstiftung im Bistum Limburg, um mit ihr im FreitagsPodcast \u00fcber die Plattform www.spendenstiftenstrahlen.de und den Adventskalender www.mitmachkalender2021.de zu sprechen. Nat\u00fcrlich kamen wir dabei nicht umhin, sie auch zu Ihrer Meinung zur Digitalisierung im Stiftungssektor als solches zu befragen.\",\"breadcrumb\":{\"@id\":\"https:\\\/\\\/stiftungsmarktplatz.eu\\\/blog\\\/plattformen-erzeugen-nutzen-fuer-viele-stiftungen\\\/#breadcrumb\"},\"inLanguage\":\"de\",\"potentialAction\":[{\"@type\":\"ReadAction\",\"target\":[\"https:\\\/\\\/stiftungsmarktplatz.eu\\\/blog\\\/plattformen-erzeugen-nutzen-fuer-viele-stiftungen\\\/\"]}]},{\"@type\":\"ImageObject\",\"inLanguage\":\"de\",\"@id\":\"https:\\\/\\\/stiftungsmarktplatz.eu\\\/blog\\\/plattformen-erzeugen-nutzen-fuer-viele-stiftungen\\\/#primaryimage\",\"url\":\"https:\\\/\\\/stiftungsmarktplatz.eu\\\/blog\\\/wp-content\\\/uploads\\\/2021\\\/12\\\/teaser-podcast-folge79.jpg\",\"contentUrl\":\"https:\\\/\\\/stiftungsmarktplatz.eu\\\/blog\\\/wp-content\\\/uploads\\\/2021\\\/12\\\/teaser-podcast-folge79.jpg\",\"width\":1200,\"height\":675,\"caption\":\"FreitagsPodcast Folge 79\"},{\"@type\":\"BreadcrumbList\",\"@id\":\"https:\\\/\\\/stiftungsmarktplatz.eu\\\/blog\\\/plattformen-erzeugen-nutzen-fuer-viele-stiftungen\\\/#breadcrumb\",\"itemListElement\":[{\"@type\":\"ListItem\",\"position\":1,\"name\":\"Startseite\",\"item\":\"https:\\\/\\\/stiftungsmarktplatz.eu\\\/blog\\\/\"},{\"@type\":\"ListItem\",\"position\":2,\"name\":\"Plattformen erzeugen Nutzen f\u00fcr viele Stiftungen\"}]},{\"@type\":\"WebSite\",\"@id\":\"https:\\\/\\\/stiftungsmarktplatz.eu\\\/blog\\\/#website\",\"url\":\"https:\\\/\\\/stiftungsmarktplatz.eu\\\/blog\\\/\",\"name\":\"Der Stiftungsblog f\u00fcr die Stiftungspraxis\",\"description\":\"#stiftungenst\u00e4rken - NPO-Expertise von NPO-Experten\",\"publisher\":{\"@id\":\"https:\\\/\\\/stiftungsmarktplatz.eu\\\/blog\\\/#organization\"},\"potentialAction\":[{\"@type\":\"SearchAction\",\"target\":{\"@type\":\"EntryPoint\",\"urlTemplate\":\"https:\\\/\\\/stiftungsmarktplatz.eu\\\/blog\\\/?s={search_term_string}\"},\"query-input\":{\"@type\":\"PropertyValueSpecification\",\"valueRequired\":true,\"valueName\":\"search_term_string\"}}],\"inLanguage\":\"de\"},{\"@type\":\"Organization\",\"@id\":\"https:\\\/\\\/stiftungsmarktplatz.eu\\\/blog\\\/#organization\",\"name\":\"stiftungsmarktplatz.eu GbR\",\"url\":\"https:\\\/\\\/stiftungsmarktplatz.eu\\\/blog\\\/\",\"logo\":{\"@type\":\"ImageObject\",\"inLanguage\":\"de\",\"@id\":\"https:\\\/\\\/stiftungsmarktplatz.eu\\\/blog\\\/#\\\/schema\\\/logo\\\/image\\\/\",\"url\":\"https:\\\/\\\/stiftungsmarktplatz.eu\\\/blog\\\/wp-content\\\/uploads\\\/2020\\\/03\\\/Logo-blog-retina.png\",\"contentUrl\":\"https:\\\/\\\/stiftungsmarktplatz.eu\\\/blog\\\/wp-content\\\/uploads\\\/2020\\\/03\\\/Logo-blog-retina.png\",\"width\":140,\"height\":130,\"caption\":\"stiftungsmarktplatz.eu GbR\"},\"image\":{\"@id\":\"https:\\\/\\\/stiftungsmarktplatz.eu\\\/blog\\\/#\\\/schema\\\/logo\\\/image\\\/\"},\"sameAs\":[\"https:\\\/\\\/www.linkedin.com\\\/company\\\/18563519\\\/\",\"https:\\\/\\\/www.youtube.com\\\/channel\\\/UCQrF6RQRFGxTokVV4nbx25Q\"]},{\"@type\":\"Person\",\"@id\":\"https:\\\/\\\/stiftungsmarktplatz.eu\\\/blog\\\/#\\\/schema\\\/person\\\/3a42780bf87a2088578f1e8077ccfa44\",\"name\":\"Tobias Karow\",\"image\":{\"@type\":\"ImageObject\",\"inLanguage\":\"de\",\"@id\":\"https:\\\/\\\/stiftungsmarktplatz.eu\\\/blog\\\/wp-content\\\/uploads\\\/2024\\\/05\\\/tobias-karow-2024-150x150.png\",\"url\":\"https:\\\/\\\/stiftungsmarktplatz.eu\\\/blog\\\/wp-content\\\/uploads\\\/2024\\\/05\\\/tobias-karow-2024-150x150.png\",\"contentUrl\":\"https:\\\/\\\/stiftungsmarktplatz.eu\\\/blog\\\/wp-content\\\/uploads\\\/2024\\\/05\\\/tobias-karow-2024-150x150.png\",\"caption\":\"Tobias Karow\"},\"description\":\"ist Gr\u00fcnder und Gesch\u00e4ftsf\u00fchrer von stiftungsmarktplatz.eu und im Stiftungswesen in Deutschland, \u00d6sterreich, der Schweiz und Liechtenstein seit 10 Jahren aktiv. Er ist Herausgeber der FondsFibel f\u00fcr Stiftungen &amp; NPOs, dem f\u00fchrenden Nachschlagewerk f\u00fcr Stiftungsfonds und stiftungsgeeignete Fonds (www.fondsfibel.de), Vortr\u00e4ge h\u00e4lt er vor allem zum Thema \u201aStiftungen und ihr Weg in die digitale Welt\u2018. F\u00fcr beide Themen betreibt er den Blog #stiftungenst\u00e4rken.\",\"sameAs\":[\"https:\\\/\\\/www.fondsfibel.de\"],\"url\":\"https:\\\/\\\/stiftungsmarktplatz.eu\\\/blog\\\/author\\\/tobias-karow\\\/\"}]}<\/script>\n<!-- \/ Yoast SEO plugin. -->","yoast_head_json":{"title":"Plattformen erzeugen Nutzen f\u00fcr viele Stiftungen - Der Stiftungsblog f\u00fcr die Stiftungspraxis","description":"Wie das Leben manchmal so spielt. Neulich bekamen wir eine Mail mit zwei spannenden Links. Wir griffen zum H\u00f6rer und verabredeten uns mit Sonja Peichl, der Gesch\u00e4ftsf\u00fchrerin der Caritas-Gemeinschaftsstiftung im Bistum Limburg, um mit ihr im FreitagsPodcast \u00fcber die Plattform www.spendenstiftenstrahlen.de und den Adventskalender www.mitmachkalender2021.de zu sprechen. Nat\u00fcrlich kamen wir dabei nicht umhin, sie auch zu Ihrer Meinung zur Digitalisierung im Stiftungssektor als solches zu befragen.","robots":{"index":"index","follow":"follow","max-snippet":"max-snippet:-1","max-image-preview":"max-image-preview:large","max-video-preview":"max-video-preview:-1"},"canonical":"https:\/\/stiftungsmarktplatz.eu\/blog\/plattformen-erzeugen-nutzen-fuer-viele-stiftungen\/","og_locale":"de_DE","og_type":"article","og_title":"Plattformen erzeugen Nutzen f\u00fcr viele Stiftungen - Der Stiftungsblog f\u00fcr die Stiftungspraxis","og_description":"Wie das Leben manchmal so spielt. Neulich bekamen wir eine Mail mit zwei spannenden Links. Wir griffen zum H\u00f6rer und verabredeten uns mit Sonja Peichl, der Gesch\u00e4ftsf\u00fchrerin der Caritas-Gemeinschaftsstiftung im Bistum Limburg, um mit ihr im FreitagsPodcast \u00fcber die Plattform www.spendenstiftenstrahlen.de und den Adventskalender www.mitmachkalender2021.de zu sprechen. Nat\u00fcrlich kamen wir dabei nicht umhin, sie auch zu Ihrer Meinung zur Digitalisierung im Stiftungssektor als solches zu befragen.","og_url":"https:\/\/stiftungsmarktplatz.eu\/blog\/plattformen-erzeugen-nutzen-fuer-viele-stiftungen\/","og_site_name":"Der Stiftungsblog f\u00fcr die Stiftungspraxis","article_published_time":"2021-12-03T11:19:42+00:00","article_modified_time":"2022-01-07T15:23:25+00:00","og_image":[{"width":1200,"height":675,"url":"https:\/\/stiftungsmarktplatz.eu\/blog\/wp-content\/uploads\/2021\/12\/teaser-podcast-folge79.jpg","type":"image\/jpeg"}],"author":"Tobias Karow","twitter_card":"summary_large_image","twitter_misc":{"Verfasst von":"Tobias Karow","Gesch\u00e4tzte Lesezeit":"1\u00a0Minute"},"schema":{"@context":"https:\/\/schema.org","@graph":[{"@type":"Article","@id":"https:\/\/stiftungsmarktplatz.eu\/blog\/plattformen-erzeugen-nutzen-fuer-viele-stiftungen\/#article","isPartOf":{"@id":"https:\/\/stiftungsmarktplatz.eu\/blog\/plattformen-erzeugen-nutzen-fuer-viele-stiftungen\/"},"author":{"name":"Tobias Karow","@id":"https:\/\/stiftungsmarktplatz.eu\/blog\/#\/schema\/person\/3a42780bf87a2088578f1e8077ccfa44"},"headline":"Plattformen erzeugen Nutzen f\u00fcr viele Stiftungen","datePublished":"2021-12-03T11:19:42+00:00","dateModified":"2022-01-07T15:23:25+00:00","mainEntityOfPage":{"@id":"https:\/\/stiftungsmarktplatz.eu\/blog\/plattformen-erzeugen-nutzen-fuer-viele-stiftungen\/"},"wordCount":89,"publisher":{"@id":"https:\/\/stiftungsmarktplatz.eu\/blog\/#organization"},"image":{"@id":"https:\/\/stiftungsmarktplatz.eu\/blog\/plattformen-erzeugen-nutzen-fuer-viele-stiftungen\/#primaryimage"},"thumbnailUrl":"https:\/\/stiftungsmarktplatz.eu\/blog\/wp-content\/uploads\/2021\/12\/teaser-podcast-folge79.jpg","keywords":["Fundraising","digitale Kommunikation","Digitalisierung","Stiftungspraxis","FreitagsPodcast","Stiftungskommunikation"],"articleSection":["Stiftungskommunikation und KI"],"inLanguage":"de"},{"@type":"WebPage","@id":"https:\/\/stiftungsmarktplatz.eu\/blog\/plattformen-erzeugen-nutzen-fuer-viele-stiftungen\/","url":"https:\/\/stiftungsmarktplatz.eu\/blog\/plattformen-erzeugen-nutzen-fuer-viele-stiftungen\/","name":"Plattformen erzeugen Nutzen f\u00fcr viele Stiftungen - Der Stiftungsblog f\u00fcr die Stiftungspraxis","isPartOf":{"@id":"https:\/\/stiftungsmarktplatz.eu\/blog\/#website"},"primaryImageOfPage":{"@id":"https:\/\/stiftungsmarktplatz.eu\/blog\/plattformen-erzeugen-nutzen-fuer-viele-stiftungen\/#primaryimage"},"image":{"@id":"https:\/\/stiftungsmarktplatz.eu\/blog\/plattformen-erzeugen-nutzen-fuer-viele-stiftungen\/#primaryimage"},"thumbnailUrl":"https:\/\/stiftungsmarktplatz.eu\/blog\/wp-content\/uploads\/2021\/12\/teaser-podcast-folge79.jpg","datePublished":"2021-12-03T11:19:42+00:00","dateModified":"2022-01-07T15:23:25+00:00","description":"Wie das Leben manchmal so spielt. Neulich bekamen wir eine Mail mit zwei spannenden Links. Wir griffen zum H\u00f6rer und verabredeten uns mit Sonja Peichl, der Gesch\u00e4ftsf\u00fchrerin der Caritas-Gemeinschaftsstiftung im Bistum Limburg, um mit ihr im FreitagsPodcast \u00fcber die Plattform www.spendenstiftenstrahlen.de und den Adventskalender www.mitmachkalender2021.de zu sprechen. Nat\u00fcrlich kamen wir dabei nicht umhin, sie auch zu Ihrer Meinung zur Digitalisierung im Stiftungssektor als solches zu befragen.","breadcrumb":{"@id":"https:\/\/stiftungsmarktplatz.eu\/blog\/plattformen-erzeugen-nutzen-fuer-viele-stiftungen\/#breadcrumb"},"inLanguage":"de","potentialAction":[{"@type":"ReadAction","target":["https:\/\/stiftungsmarktplatz.eu\/blog\/plattformen-erzeugen-nutzen-fuer-viele-stiftungen\/"]}]},{"@type":"ImageObject","inLanguage":"de","@id":"https:\/\/stiftungsmarktplatz.eu\/blog\/plattformen-erzeugen-nutzen-fuer-viele-stiftungen\/#primaryimage","url":"https:\/\/stiftungsmarktplatz.eu\/blog\/wp-content\/uploads\/2021\/12\/teaser-podcast-folge79.jpg","contentUrl":"https:\/\/stiftungsmarktplatz.eu\/blog\/wp-content\/uploads\/2021\/12\/teaser-podcast-folge79.jpg","width":1200,"height":675,"caption":"FreitagsPodcast Folge 79"},{"@type":"BreadcrumbList","@id":"https:\/\/stiftungsmarktplatz.eu\/blog\/plattformen-erzeugen-nutzen-fuer-viele-stiftungen\/#breadcrumb","itemListElement":[{"@type":"ListItem","position":1,"name":"Startseite","item":"https:\/\/stiftungsmarktplatz.eu\/blog\/"},{"@type":"ListItem","position":2,"name":"Plattformen erzeugen Nutzen f\u00fcr viele Stiftungen"}]},{"@type":"WebSite","@id":"https:\/\/stiftungsmarktplatz.eu\/blog\/#website","url":"https:\/\/stiftungsmarktplatz.eu\/blog\/","name":"Der Stiftungsblog f\u00fcr die Stiftungspraxis","description":"#stiftungenst\u00e4rken - NPO-Expertise von NPO-Experten","publisher":{"@id":"https:\/\/stiftungsmarktplatz.eu\/blog\/#organization"},"potentialAction":[{"@type":"SearchAction","target":{"@type":"EntryPoint","urlTemplate":"https:\/\/stiftungsmarktplatz.eu\/blog\/?s={search_term_string}"},"query-input":{"@type":"PropertyValueSpecification","valueRequired":true,"valueName":"search_term_string"}}],"inLanguage":"de"},{"@type":"Organization","@id":"https:\/\/stiftungsmarktplatz.eu\/blog\/#organization","name":"stiftungsmarktplatz.eu GbR","url":"https:\/\/stiftungsmarktplatz.eu\/blog\/","logo":{"@type":"ImageObject","inLanguage":"de","@id":"https:\/\/stiftungsmarktplatz.eu\/blog\/#\/schema\/logo\/image\/","url":"https:\/\/stiftungsmarktplatz.eu\/blog\/wp-content\/uploads\/2020\/03\/Logo-blog-retina.png","contentUrl":"https:\/\/stiftungsmarktplatz.eu\/blog\/wp-content\/uploads\/2020\/03\/Logo-blog-retina.png","width":140,"height":130,"caption":"stiftungsmarktplatz.eu GbR"},"image":{"@id":"https:\/\/stiftungsmarktplatz.eu\/blog\/#\/schema\/logo\/image\/"},"sameAs":["https:\/\/www.linkedin.com\/company\/18563519\/","https:\/\/www.youtube.com\/channel\/UCQrF6RQRFGxTokVV4nbx25Q"]},{"@type":"Person","@id":"https:\/\/stiftungsmarktplatz.eu\/blog\/#\/schema\/person\/3a42780bf87a2088578f1e8077ccfa44","name":"Tobias Karow","image":{"@type":"ImageObject","inLanguage":"de","@id":"https:\/\/stiftungsmarktplatz.eu\/blog\/wp-content\/uploads\/2024\/05\/tobias-karow-2024-150x150.png","url":"https:\/\/stiftungsmarktplatz.eu\/blog\/wp-content\/uploads\/2024\/05\/tobias-karow-2024-150x150.png","contentUrl":"https:\/\/stiftungsmarktplatz.eu\/blog\/wp-content\/uploads\/2024\/05\/tobias-karow-2024-150x150.png","caption":"Tobias Karow"},"description":"ist Gr\u00fcnder und Gesch\u00e4ftsf\u00fchrer von stiftungsmarktplatz.eu und im Stiftungswesen in Deutschland, \u00d6sterreich, der Schweiz und Liechtenstein seit 10 Jahren aktiv. Er ist Herausgeber der FondsFibel f\u00fcr Stiftungen &amp; NPOs, dem f\u00fchrenden Nachschlagewerk f\u00fcr Stiftungsfonds und stiftungsgeeignete Fonds (www.fondsfibel.de), Vortr\u00e4ge h\u00e4lt er vor allem zum Thema \u201aStiftungen und ihr Weg in die digitale Welt\u2018. F\u00fcr beide Themen betreibt er den Blog #stiftungenst\u00e4rken.","sameAs":["https:\/\/www.fondsfibel.de"],"url":"https:\/\/stiftungsmarktplatz.eu\/blog\/author\/tobias-karow\/"}]}},"post_mailing_queue_ids":[],"_links":{"self":[{"href":"https:\/\/stiftungsmarktplatz.eu\/blog\/wp-json\/wp\/v2\/posts\/3007","targetHints":{"allow":["GET"]}}],"collection":[{"href":"https:\/\/stiftungsmarktplatz.eu\/blog\/wp-json\/wp\/v2\/posts"}],"about":[{"href":"https:\/\/stiftungsmarktplatz.eu\/blog\/wp-json\/wp\/v2\/types\/post"}],"author":[{"embeddable":true,"href":"https:\/\/stiftungsmarktplatz.eu\/blog\/wp-json\/wp\/v2\/users\/8"}],"replies":[{"embeddable":true,"href":"https:\/\/stiftungsmarktplatz.eu\/blog\/wp-json\/wp\/v2\/comments?post=3007"}],"version-history":[{"count":4,"href":"https:\/\/stiftungsmarktplatz.eu\/blog\/wp-json\/wp\/v2\/posts\/3007\/revisions"}],"predecessor-version":[{"id":3163,"href":"https:\/\/stiftungsmarktplatz.eu\/blog\/wp-json\/wp\/v2\/posts\/3007\/revisions\/3163"}],"wp:featuredmedia":[{"embeddable":true,"href":"https:\/\/stiftungsmarktplatz.eu\/blog\/wp-json\/wp\/v2\/media\/3005"}],"wp:attachment":[{"href":"https:\/\/stiftungsmarktplatz.eu\/blog\/wp-json\/wp\/v2\/media?parent=3007"}],"wp:term":[{"taxonomy":"category","embeddable":true,"href":"https:\/\/stiftungsmarktplatz.eu\/blog\/wp-json\/wp\/v2\/categories?post=3007"},{"taxonomy":"post_tag","embeddable":true,"href":"https:\/\/stiftungsmarktplatz.eu\/blog\/wp-json\/wp\/v2\/tags?post=3007"}],"curies":[{"name":"wp","href":"https:\/\/api.w.org\/{rel}","templated":true}]}}