{"id":2895,"date":"2021-11-15T14:47:00","date_gmt":"2021-11-15T13:47:00","guid":{"rendered":"https:\/\/stiftungsmarktplatz.eu\/blog\/?p=2895"},"modified":"2021-11-26T15:07:42","modified_gmt":"2021-11-26T14:07:42","slug":"was-koschd-der-fong-jetzt-genau","status":"publish","type":"post","link":"https:\/\/stiftungsmarktplatz.eu\/blog\/was-koschd-der-fong-jetzt-genau\/","title":{"rendered":"Was kosch\u2018d der Fong jetzt genau?"},"content":{"rendered":"<span class=\"span-reading-time rt-reading-time\" style=\"display: block;\"><span class=\"rt-label rt-prefix\">Lesezeit: <\/span> <span class=\"rt-time\"> 4<\/span> <span class=\"rt-label rt-postfix\">Minuten<\/span><\/span>\n<p><em>Fonds kosten Geb\u00fchren, denn es wird qualifizierte Arbeit geleistet. Ein Teil der Verg\u00fctung flie\u00dft an die Fondsgesellschaft als Verwaltungsverg\u00fctung, umgangssprachlich auch Managementgeb\u00fchr genannt \u2013 also vor allem f\u00fcr die Arbeit und M\u00fchewaltung bei der Auswahl der Investments, deren Monitorring und Verkauf zum gegebenen Zeitpunkt. Dar\u00fcber hinaus sind viele weitere Kosten zu tragen, nat\u00fcrlich auch von Stiftungen, so sie Anteile des jeweiligen Fonds halten. Sehr viele sogar. Welche genau, das kl\u00e4ren wir in Teil 2 unserer Serie.<\/em><\/p>\n\n\n\n<p>In Zeiten niedriger Zinsen r\u00fccken die Kosten f\u00fcr Fonds in den Fokus von Stiftungen. Denn hohe Aufwendungen knabbern direkt an den Aussch\u00fcttungen. In der ersten Folge unserer dreiteiligen Serie haben wir gekl\u00e4rt, dass die Fondsanbieter Kosten f\u00fcr unterschiedliche Leistungen erheben d\u00fcrfen. In dieser Folge schauen wir auf einzelne Geb\u00fchrentatbest\u00e4nde. In der abschlie\u00dfenden, dritten Folge werfen wir dann einen Blick auf die Besonderheit der Performance Fees. W\u00e4hrend die Verwaltungsverg\u00fctung der jeweiligen Fondsgesellschaft zuflie\u00dft, gibt es auch Verg\u00fctungen, die an Dritte zu zahlen sind. Diese Verg\u00fctungsvereinbarungen zwischen der Gesellschaft und einem Dritten in Bezug auf bestimmte Leistungen m\u00fcssen grunds\u00e4tzlich offengelegt werden.<\/p>\n\n\n\n<h2 class=\"wp-block-heading\">LEISTUNG MUSS BESCHRIEBEN SEIN<\/h2>\n\n\n\n<p>Die Bundesanstalt f\u00fcr Finanzdienstleistungsaufsicht (BaFin) gibt daf\u00fcr klare Regelungen vor. Selbst wenn die jeweilige Verg\u00fctung, die an Dritte zu zahlen ist, mit der Verwaltungsverg\u00fctung abgegolten wird, also im Fall der reinen Offenlegung, soll dies angezeigt werden, und zwar aus Gr\u00fcnden der Transparenz. Ist dagegen die von der Gesellschaft an den Dritten zu zahlende Verg\u00fctung nicht von der Verwaltungsverg\u00fctung umfasst und wird dem Sonderverm\u00f6gen zus\u00e4tzlich belastet, so ist dar\u00fcber dezidiert Auskunft zu erteilen. Daf\u00fcr muss die genaue Leistung\/T\u00e4tigkeit beschrieben werden sowie die H\u00f6he der Verg\u00fctung in Prozent des durchschnittlichen Nettoinventarwertes des Sonderverm\u00f6gens in der Abrechnungsperiode, der aus den Werten am Ende eines jeden Monats errechnet wird.<\/p>\n\n\n\n<h2 class=\"wp-block-heading\">VERWAHRSTELLENVERG\u00dcTUNG SINKT RELATIV MIT DER ZAHL DER UMLAUFENDEN ANTEILE<\/h2>\n\n\n\n<p>Unumg\u00e4nglich ist die Zahlung einer Verwahrstellenverg\u00fctung. Auch f\u00fcr diesen Posten ist die H\u00f6chstsumme in Prozent des Sonderverm\u00f6gens anzugeben. Die monatliche Verg\u00fctung f\u00fcr die Verwahrstelle kann auch als Mindestverg\u00fctung oder als Verg\u00fctung in Form eines festen Geldbetrages angegeben werden. Auch f\u00fcr Verg\u00fctungen, die in Form eines festen Geldbetrages vereinbart worden sind, ist der zul\u00e4ssige j\u00e4hrliche H\u00f6chstbetrag von der Fondsgesellschaft ausgedr\u00fcckt als Prozentwert des durchschnittlichen Nettoinventarwertes des Sonderverm\u00f6gens in der Abrechnungsperiode, anzugeben. Die Verwahrstelle erhebt zumeist einen Mindestbetrag f\u00fcr die Verwahrung der Anteile. Gerade bei frisch aufgelegten Fonds mit einer noch geringen Zahl ausstehender Anteile ergibt sich dadurch eine relativ h\u00f6here Kostenauswirkung pro Anteil (siehe Tipp 1).<br><br><\/p>\n\n\n\n<blockquote class=\"wp-block-quote td_quote_box td_box_center is-layout-flow wp-block-quote-is-layout-flow\"><p><strong>Wertvolle Tipps<br><\/strong>So unterscheiden Stiftungen Kosten von Chi-Chi<br><strong><br>Tipp 1 f\u00fcr Stiftungen:<\/strong> <br>Mit steigender Anzahl umlaufender Anteile reduziert sich der Anteil der Verwahrstellenverg\u00fctung pro Anteil. Selbst wenn es nur ein einzelner Basispunkt ist \u2013 Stiftungen sollten darauf achten, dass dieser Vorteil weitergereicht und nicht von der Fondsgesellschaft vereinnahmt wird. Das ist auch als Indikator f\u00fcr die Geb\u00fchrengerechtigkeit hilfreich.<br><br><strong>Tipp 2 f\u00fcr Stiftungen:<\/strong> <br>Die Kosten der Erstellung eines dauerhaften Datentr\u00e4gers muss die Fondsgesellschaft tragen, wenn es um Informationen \u00fcber Verschmelzungen von Investmentverm\u00f6gen sowie im Fall der Informationen \u00fcber Ma\u00dfnahmen im Zusammenhang mit Anlagegrenzverletzungen oder Berechnungsfehlern bei der Anteilwertermittlung geht.<br><br><strong>Tipp 3 f\u00fcr Stiftungen: <\/strong><br>Informationsmaterial ist wichtig, darf attraktiv aufgemacht sein und auch Geld kosten \u2013 diese Mittel sind im Sinne der Transparenz aber gut angelegt. Ausufernde Verkaufsunterlagen, hyper-stylishe Berichte und aufgebl\u00e4hte Vertriebs-Publikationen verursachen jedoch hohe Kosten. Wenn zu viel Marketing-Chi-Chi statt handfester Informationen produziert wird sollten Stiftungen vorsichtig werden.<br><br><strong>Tipp 4 f\u00fcr Stiftungen:<\/strong> <br>F\u00fcr alle Aufwendungen und Verg\u00fctungen muss die Fondsgesellschaft einen H\u00f6chstsatz angeben, der in Prozent des Nettoinventarwertes des Sonderverm\u00f6gens zu beziffern ist \u2013 auch wenn f\u00fcr Teilbereiche Festverg\u00fctungen vereinbart werden. Stiftungen sollten darauf achten, dass diese Prozentangaben knapp gefasst sind und nicht Luft f\u00fcr zu hohe Gesamtkosten besteht.<\/p><\/blockquote>\n\n\n\n<h2 class=\"wp-block-heading\">DATENSICHERUNG UND RECHTSKOSTEN K\u00d6NNEN FONDSVERM\u00d6GEN BELASTEN<\/h2>\n\n\n\n<p>Zum unvermeidlichen Kostenblock z\u00e4hlen auch die Kosten der Erstellung und Verwendung eines dauerhaften Datentr\u00e4gers, auf dem die einzelnen Transaktionen revisionssicher gespeichert werden (siehe Tipp 2). Kosten f\u00fcr die Pr\u00fcfung des Sonderverm\u00f6gens durch den Abschlusspr\u00fcfer, Aufwendungen f\u00fcr die Bekanntmachung der Besteuerungsgrundlagen und der Bescheinigung, dass die steuerlichen Angaben nach den Regeln des deutschen Steuerrechts ermittelt wurden knabbern ebenfalls unausweichlich am Ertrag. Kosten f\u00fcr die Geltendmachung und Durchsetzung von Rechtsanspr\u00fcchen durch die Gesellschaft f\u00fcr Rechnung des Sonderverm\u00f6gens sowie der Abwehr von gegen die Gesellschaft zu Lasten des Sonderverm\u00f6gens erhobenen Anspr\u00fcchen sowie Geb\u00fchren und Kosten, die von staatlichen Stellen in Bezug auf das Sonderverm\u00f6gen erhoben werden gehen ebenso zu Lasten des Verm\u00f6gens wie Kosten f\u00fcr Rechts- und Steuerberatung im Hinblick auf das Sonderverm\u00f6gen.<\/p>\n\n\n\n<h2 class=\"wp-block-heading\">BENCHMARKS SORGEN MEISTENS F\u00dcR STETE KOSTEN<\/h2>\n\n\n\n<p>Neben den wie aufgef\u00fchrt unvermeidbaren Kosten gibt es eine Reihe an Positionen, die unter anderem die Informationsgebung betreffen, zum Beispiel Entgelte, die mit dem Erwerb und\/oder der Verwendung beziehungsweise Nennung eines Vergleichsma\u00dfstabes oder Finanzindizes anfallen k\u00f6nnen. Wenn also ein Fonds einen Index als Benchmark festlegt, sorgt dies f\u00fcr stete Kosten, da sich die Index-Anbieter die Nutzung bezahlen lassen. Gerade Nachhaltigkeitsfonds setzen zunehmend auf Impact-Investing, wozu auch die aktive Aus\u00fcbung der Stimmrechte z\u00e4hlt. Die Kosten f\u00fcr die Beauftragung von Stimmrechtsbevollm\u00e4chtigten fallen f\u00fcr das Sonderverm\u00f6gen an. Auch die Aufwendungen f\u00fcr die Bereitstellung von Analysematerial oder -dienstleistungen durch Dritte sorgen ebenfalls f\u00fcr nicht unerhebliche Summen. Das gilt f\u00fcr Audits f\u00fcr Siegel ebenso wie etwa f\u00fcr Nachhaltigkeitsrating f\u00fcr Zielunternehmen oder CO2-Berechnungen.<\/p>\n\n\n\n<h2 class=\"wp-block-heading\">DIE LANGE LISTE WEITERER KOSTENPUNKTE<\/h2>\n\n\n\n<p>Neben den Verg\u00fctungen geht eine lange Liste von Aufwendungen zulasten des Sonderverm\u00f6gens. Dazu z\u00e4hlen bank\u00fcbliche Depot- und Kontogeb\u00fchren, Kosten der Bekanntmachung der Jahres- und Halbjahresberichte, der Ausgabe- und R\u00fccknahmepreise und je nachdem der Aussch\u00fcttungen oder Thesaurierungen und des Aufl\u00f6sungsberichtes. Diese Kosten sind unvermeidlich, weil von der Regulatorik vorgegeben. Ebenfalls vorgeschrieben sind Materialien f\u00fcr die Investoren, insbesondere die gesetzlich vorgeschriebenen Verkaufsunterlagen (Verkaufsprospekt, wesentliche Anlegerinformationen) sowie die Berichte: Jahres- und Halbjahresberichte. Wenn Fonds dar\u00fcber hinaus gehendes Material anbieten, etwa Monats- und Wochenberichte, tagesaktuelle Factsheets oder weitere Materialien, zum Beispiel Hintergrundinfos zu einzelnen Investitionsbeispielen, ist das freiwillig. So lange die Information aber eindeutig im Vordergrund steht ist dies gut angelegtes Geld, da Stiftungen so ihr Engagement gut nachverfolgen k\u00f6nnen, was auch bei der Dokumentation gegen\u00fcber Gremien und Aufsichtsbeh\u00f6rden hilfreich ist.<\/p>\n\n\n\n<h2 class=\"wp-block-heading\">ERWERB VON INVESTMENTANTEILEN<\/h2>\n\n\n\n<p>Sofern das Sonderverm\u00f6gen Investmentanteile erwerben darf, sind zus\u00e4tzlich in den Anlagebedingungen Angaben aufzunehmen, dass im Jahres- und im Halbjahresbericht die Ausgabeaufschl\u00e4ge und R\u00fccknahmeabschl\u00e4ge sowie die Verg\u00fctungen offen zu legen sind, die f\u00fcr im Sonderverm\u00f6gen gehaltene Investmentanteile berechnet wurden. Das ist vor allen Dingen bei gr\u00f6\u00dferen Anbietern wichtig, die \u00fcber die Strategie \u201eDachfonds embedded\u201c unter anderem in Fonds aus dem eigenen Hause investieren.<\/p>\n\n\n\n<h2 class=\"wp-block-heading\">ZUSAMMENGEFASST<\/h2>\n\n\n\n<p>Es ist vom Gesetzgeber eindeutig festgelegt und von der BaFin klar ausgearbeitet, dass die Mehrzahl der Aufwendungen und Verg\u00fctungen rund um einen Investmentfonds aus dem Sonderverm\u00f6gen selbst bestritten werden k\u00f6nnen. Vorgegeben sind allerdings prozentuale H\u00f6chstgrenzen. Die sollten sich Stiftungen ebenso wie die Total Expense Ratio (TER) genau anschauen. Kosten insgesamt zu kennen, geh\u00f6rt zur Recherche rund um Stiftungsfonds &amp; Co. dazu, k\u00f6nnte als Pflicht f\u00fcr Stiftungslenkerinnen und -lenker interpretiert werden. Aber hier ist\u2019s wie im richtigen Leben, hier will ich ja auch wissen, was dieses oder jenes kostet. Und gutes Handwerk hatte noch immer seinen Preis.<br><br><a href=\"https:\/\/stiftungsmarktplatz.eu\/blog\/was-nach-den-gebuehren-uebrig-blieb\/\"><strong><u>Was nach Geb\u00fchren \u00fcbrig blieb, Teil 1:<\/u><\/strong> Was an Fondskosten berechnet werden darf<\/a><\/p>\n\n\n\n<p><a href=\"https:\/\/stiftungsmarktplatz.eu\/blog\/im-prinzip-meiden-wo-es-geht\/\"><strong><u>Vorschau Teil 3:<\/u><\/strong>\u00a0 Performance Fee \u2013 nichts ist erfolgreicher als der finanzielle Erfolg<\/a><\/p>\n\n\n\n<p><br><br><\/p>\n","protected":false},"excerpt":{"rendered":"<p><span class=\"span-reading-time rt-reading-time\" style=\"display: block;\"><span class=\"rt-label rt-prefix\">Lesezeit: <\/span> <span class=\"rt-time\"> 4<\/span> <span class=\"rt-label rt-postfix\">Minuten<\/span><\/span>Fonds kosten Geb\u00fchren, denn es wird qualifizierte Arbeit geleistet. Ein Teil der Verg\u00fctung flie\u00dft an die Fondsgesellschaft als Verwaltungsverg\u00fctung, umgangssprachlich auch Managementgeb\u00fchr genannt \u2013 also vor allem f\u00fcr die Arbeit und M\u00fchewaltung bei der Auswahl der Investments, deren Monitorring und Verkauf zum gegebenen Zeitpunkt. Dar\u00fcber hinaus sind viele weitere Kosten zu tragen, nat\u00fcrlich auch von Stiftungen, so sie Anteile des jeweiligen Fonds halten. Sehr viele sogar. Welche genau, das kl\u00e4ren wir in Teil 2 unserer Serie.<\/p>\n","protected":false},"author":2,"featured_media":2896,"comment_status":"closed","ping_status":"open","sticky":false,"template":"","format":"standard","meta":{"ngg_post_thumbnail":0,"footnotes":""},"categories":[5],"tags":[14,27,28,265,279],"class_list":{"0":"post-2895","1":"post","2":"type-post","3":"status-publish","4":"format-standard","5":"has-post-thumbnail","7":"category-stiftungsvermoegen-und-stiftungsfonds","8":"tag-stiftungsfonds","9":"tag-stiftungsvermoegen","10":"tag-kapitalanlage","11":"tag-fondskosten","12":"tag-nachhaltigkeitsstrategie"},"yoast_head":"<!-- This site is optimized with the Yoast SEO plugin v27.4 - https:\/\/yoast.com\/product\/yoast-seo-wordpress\/ -->\n<title>Was kosch\u2018d der Fong jetzt genau? - Der Stiftungsblog f\u00fcr die Stiftungspraxis<\/title>\n<meta name=\"description\" content=\"Fonds kosten Geb\u00fchren, denn es wird qualifizierte Arbeit geleistet. Ein Teil der Verg\u00fctung flie\u00dft an die Fondsgesellschaft als Verwaltungsverg\u00fctung.\" \/>\n<meta name=\"robots\" content=\"index, follow, max-snippet:-1, max-image-preview:large, max-video-preview:-1\" \/>\n<link rel=\"canonical\" href=\"https:\/\/stiftungsmarktplatz.eu\/blog\/was-koschd-der-fong-jetzt-genau\/\" \/>\n<meta property=\"og:locale\" content=\"de_DE\" \/>\n<meta property=\"og:type\" content=\"article\" \/>\n<meta property=\"og:title\" content=\"Was kosch\u2018d der Fong jetzt genau? - Der Stiftungsblog f\u00fcr die Stiftungspraxis\" \/>\n<meta property=\"og:description\" content=\"Fonds kosten Geb\u00fchren, denn es wird qualifizierte Arbeit geleistet. Ein Teil der Verg\u00fctung flie\u00dft an die Fondsgesellschaft als Verwaltungsverg\u00fctung.\" \/>\n<meta property=\"og:url\" content=\"https:\/\/stiftungsmarktplatz.eu\/blog\/was-koschd-der-fong-jetzt-genau\/\" \/>\n<meta property=\"og:site_name\" content=\"Der Stiftungsblog f\u00fcr die Stiftungspraxis\" \/>\n<meta property=\"article:published_time\" content=\"2021-11-15T13:47:00+00:00\" \/>\n<meta property=\"article:modified_time\" content=\"2021-11-26T14:07:42+00:00\" \/>\n<meta property=\"og:image\" content=\"https:\/\/stiftungsmarktplatz.eu\/blog\/wp-content\/uploads\/2021\/11\/was-nach-kosten-uebrig-blieb-teil2.jpg\" \/>\n\t<meta property=\"og:image:width\" content=\"1200\" \/>\n\t<meta property=\"og:image:height\" content=\"675\" \/>\n\t<meta property=\"og:image:type\" content=\"image\/jpeg\" \/>\n<meta name=\"author\" content=\"Stefan Preu\u00df\" \/>\n<meta name=\"twitter:card\" content=\"summary_large_image\" \/>\n<meta name=\"twitter:label1\" content=\"Verfasst von\" \/>\n\t<meta name=\"twitter:data1\" content=\"Stefan Preu\u00df\" \/>\n\t<meta name=\"twitter:label2\" content=\"Gesch\u00e4tzte Lesezeit\" \/>\n\t<meta name=\"twitter:data2\" content=\"6\u00a0Minuten\" \/>\n<script type=\"application\/ld+json\" class=\"yoast-schema-graph\">{\"@context\":\"https:\\\/\\\/schema.org\",\"@graph\":[{\"@type\":\"Article\",\"@id\":\"https:\\\/\\\/stiftungsmarktplatz.eu\\\/blog\\\/was-koschd-der-fong-jetzt-genau\\\/#article\",\"isPartOf\":{\"@id\":\"https:\\\/\\\/stiftungsmarktplatz.eu\\\/blog\\\/was-koschd-der-fong-jetzt-genau\\\/\"},\"author\":{\"name\":\"Stefan Preu\u00df\",\"@id\":\"https:\\\/\\\/stiftungsmarktplatz.eu\\\/blog\\\/#\\\/schema\\\/person\\\/a319dca6dba20b695d21fd8a6f2ef0f9\"},\"headline\":\"Was kosch\u2018d der Fong jetzt genau?\",\"datePublished\":\"2021-11-15T13:47:00+00:00\",\"dateModified\":\"2021-11-26T14:07:42+00:00\",\"mainEntityOfPage\":{\"@id\":\"https:\\\/\\\/stiftungsmarktplatz.eu\\\/blog\\\/was-koschd-der-fong-jetzt-genau\\\/\"},\"wordCount\":1308,\"publisher\":{\"@id\":\"https:\\\/\\\/stiftungsmarktplatz.eu\\\/blog\\\/#organization\"},\"image\":{\"@id\":\"https:\\\/\\\/stiftungsmarktplatz.eu\\\/blog\\\/was-koschd-der-fong-jetzt-genau\\\/#primaryimage\"},\"thumbnailUrl\":\"https:\\\/\\\/stiftungsmarktplatz.eu\\\/blog\\\/wp-content\\\/uploads\\\/2021\\\/11\\\/was-nach-kosten-uebrig-blieb-teil2.jpg\",\"keywords\":[\"Stiftungsfonds\",\"Stiftungsverm\u00f6gen\",\"Kapitalanlage\",\"Fondskosten\",\"Nachhaltigkeitsstrategie\"],\"articleSection\":[\"Stiftungsverm\u00f6gen &amp; Stiftungsfonds\"],\"inLanguage\":\"de\"},{\"@type\":\"WebPage\",\"@id\":\"https:\\\/\\\/stiftungsmarktplatz.eu\\\/blog\\\/was-koschd-der-fong-jetzt-genau\\\/\",\"url\":\"https:\\\/\\\/stiftungsmarktplatz.eu\\\/blog\\\/was-koschd-der-fong-jetzt-genau\\\/\",\"name\":\"Was kosch\u2018d der Fong jetzt genau? - Der Stiftungsblog f\u00fcr die Stiftungspraxis\",\"isPartOf\":{\"@id\":\"https:\\\/\\\/stiftungsmarktplatz.eu\\\/blog\\\/#website\"},\"primaryImageOfPage\":{\"@id\":\"https:\\\/\\\/stiftungsmarktplatz.eu\\\/blog\\\/was-koschd-der-fong-jetzt-genau\\\/#primaryimage\"},\"image\":{\"@id\":\"https:\\\/\\\/stiftungsmarktplatz.eu\\\/blog\\\/was-koschd-der-fong-jetzt-genau\\\/#primaryimage\"},\"thumbnailUrl\":\"https:\\\/\\\/stiftungsmarktplatz.eu\\\/blog\\\/wp-content\\\/uploads\\\/2021\\\/11\\\/was-nach-kosten-uebrig-blieb-teil2.jpg\",\"datePublished\":\"2021-11-15T13:47:00+00:00\",\"dateModified\":\"2021-11-26T14:07:42+00:00\",\"description\":\"Fonds kosten Geb\u00fchren, denn es wird qualifizierte Arbeit geleistet. Ein Teil der Verg\u00fctung flie\u00dft an die Fondsgesellschaft als Verwaltungsverg\u00fctung.\",\"breadcrumb\":{\"@id\":\"https:\\\/\\\/stiftungsmarktplatz.eu\\\/blog\\\/was-koschd-der-fong-jetzt-genau\\\/#breadcrumb\"},\"inLanguage\":\"de\",\"potentialAction\":[{\"@type\":\"ReadAction\",\"target\":[\"https:\\\/\\\/stiftungsmarktplatz.eu\\\/blog\\\/was-koschd-der-fong-jetzt-genau\\\/\"]}]},{\"@type\":\"ImageObject\",\"inLanguage\":\"de\",\"@id\":\"https:\\\/\\\/stiftungsmarktplatz.eu\\\/blog\\\/was-koschd-der-fong-jetzt-genau\\\/#primaryimage\",\"url\":\"https:\\\/\\\/stiftungsmarktplatz.eu\\\/blog\\\/wp-content\\\/uploads\\\/2021\\\/11\\\/was-nach-kosten-uebrig-blieb-teil2.jpg\",\"contentUrl\":\"https:\\\/\\\/stiftungsmarktplatz.eu\\\/blog\\\/wp-content\\\/uploads\\\/2021\\\/11\\\/was-nach-kosten-uebrig-blieb-teil2.jpg\",\"width\":1200,\"height\":675,\"caption\":\"Was nach den Geb\u00fchren \u00fcbrig blieb\"},{\"@type\":\"BreadcrumbList\",\"@id\":\"https:\\\/\\\/stiftungsmarktplatz.eu\\\/blog\\\/was-koschd-der-fong-jetzt-genau\\\/#breadcrumb\",\"itemListElement\":[{\"@type\":\"ListItem\",\"position\":1,\"name\":\"Startseite\",\"item\":\"https:\\\/\\\/stiftungsmarktplatz.eu\\\/blog\\\/\"},{\"@type\":\"ListItem\",\"position\":2,\"name\":\"Was kosch\u2018d der Fong jetzt genau?\"}]},{\"@type\":\"WebSite\",\"@id\":\"https:\\\/\\\/stiftungsmarktplatz.eu\\\/blog\\\/#website\",\"url\":\"https:\\\/\\\/stiftungsmarktplatz.eu\\\/blog\\\/\",\"name\":\"Der Stiftungsblog f\u00fcr die Stiftungspraxis\",\"description\":\"#stiftungenst\u00e4rken - NPO-Expertise von NPO-Experten\",\"publisher\":{\"@id\":\"https:\\\/\\\/stiftungsmarktplatz.eu\\\/blog\\\/#organization\"},\"potentialAction\":[{\"@type\":\"SearchAction\",\"target\":{\"@type\":\"EntryPoint\",\"urlTemplate\":\"https:\\\/\\\/stiftungsmarktplatz.eu\\\/blog\\\/?s={search_term_string}\"},\"query-input\":{\"@type\":\"PropertyValueSpecification\",\"valueRequired\":true,\"valueName\":\"search_term_string\"}}],\"inLanguage\":\"de\"},{\"@type\":\"Organization\",\"@id\":\"https:\\\/\\\/stiftungsmarktplatz.eu\\\/blog\\\/#organization\",\"name\":\"stiftungsmarktplatz.eu GbR\",\"url\":\"https:\\\/\\\/stiftungsmarktplatz.eu\\\/blog\\\/\",\"logo\":{\"@type\":\"ImageObject\",\"inLanguage\":\"de\",\"@id\":\"https:\\\/\\\/stiftungsmarktplatz.eu\\\/blog\\\/#\\\/schema\\\/logo\\\/image\\\/\",\"url\":\"https:\\\/\\\/stiftungsmarktplatz.eu\\\/blog\\\/wp-content\\\/uploads\\\/2020\\\/03\\\/Logo-blog-retina.png\",\"contentUrl\":\"https:\\\/\\\/stiftungsmarktplatz.eu\\\/blog\\\/wp-content\\\/uploads\\\/2020\\\/03\\\/Logo-blog-retina.png\",\"width\":140,\"height\":130,\"caption\":\"stiftungsmarktplatz.eu GbR\"},\"image\":{\"@id\":\"https:\\\/\\\/stiftungsmarktplatz.eu\\\/blog\\\/#\\\/schema\\\/logo\\\/image\\\/\"},\"sameAs\":[\"https:\\\/\\\/www.linkedin.com\\\/company\\\/18563519\\\/\",\"https:\\\/\\\/www.youtube.com\\\/channel\\\/UCQrF6RQRFGxTokVV4nbx25Q\"]},{\"@type\":\"Person\",\"@id\":\"https:\\\/\\\/stiftungsmarktplatz.eu\\\/blog\\\/#\\\/schema\\\/person\\\/a319dca6dba20b695d21fd8a6f2ef0f9\",\"name\":\"Stefan Preu\u00df\",\"image\":{\"@type\":\"ImageObject\",\"inLanguage\":\"de\",\"@id\":\"https:\\\/\\\/stiftungsmarktplatz.eu\\\/blog\\\/wp-content\\\/uploads\\\/2025\\\/07\\\/stefan-preuss-150x150.png\",\"url\":\"https:\\\/\\\/stiftungsmarktplatz.eu\\\/blog\\\/wp-content\\\/uploads\\\/2025\\\/07\\\/stefan-preuss-150x150.png\",\"contentUrl\":\"https:\\\/\\\/stiftungsmarktplatz.eu\\\/blog\\\/wp-content\\\/uploads\\\/2025\\\/07\\\/stefan-preuss-150x150.png\",\"caption\":\"Stefan Preu\u00df\"},\"description\":\"ist Chefredakteur von stiftungenst\u00e4rken.de und fondsfibel.de. Der Fachjournalist, der auch als freier Autor f\u00fcr andere Publikationen fungiert, ist seit vielen Jahren als Autor von Fachbeitr\u00e4gen und Analysen im Stiftungssektor pr\u00e4sent, moderiert dazu den Elevator Pitch beim Virtuellen Tag f\u00fcr das Stiftungsverm\u00f6gen (www.vtfds.de).\",\"sameAs\":[\"https:\\\/\\\/stiftungsmarktplatz.eu\"],\"url\":\"https:\\\/\\\/stiftungsmarktplatz.eu\\\/blog\\\/author\\\/stefan-preuss\\\/\"}]}<\/script>\n<!-- \/ Yoast SEO plugin. -->","yoast_head_json":{"title":"Was kosch\u2018d der Fong jetzt genau? - Der Stiftungsblog f\u00fcr die Stiftungspraxis","description":"Fonds kosten Geb\u00fchren, denn es wird qualifizierte Arbeit geleistet. Ein Teil der Verg\u00fctung flie\u00dft an die Fondsgesellschaft als Verwaltungsverg\u00fctung.","robots":{"index":"index","follow":"follow","max-snippet":"max-snippet:-1","max-image-preview":"max-image-preview:large","max-video-preview":"max-video-preview:-1"},"canonical":"https:\/\/stiftungsmarktplatz.eu\/blog\/was-koschd-der-fong-jetzt-genau\/","og_locale":"de_DE","og_type":"article","og_title":"Was kosch\u2018d der Fong jetzt genau? - Der Stiftungsblog f\u00fcr die Stiftungspraxis","og_description":"Fonds kosten Geb\u00fchren, denn es wird qualifizierte Arbeit geleistet. Ein Teil der Verg\u00fctung flie\u00dft an die Fondsgesellschaft als Verwaltungsverg\u00fctung.","og_url":"https:\/\/stiftungsmarktplatz.eu\/blog\/was-koschd-der-fong-jetzt-genau\/","og_site_name":"Der Stiftungsblog f\u00fcr die Stiftungspraxis","article_published_time":"2021-11-15T13:47:00+00:00","article_modified_time":"2021-11-26T14:07:42+00:00","og_image":[{"width":1200,"height":675,"url":"https:\/\/stiftungsmarktplatz.eu\/blog\/wp-content\/uploads\/2021\/11\/was-nach-kosten-uebrig-blieb-teil2.jpg","type":"image\/jpeg"}],"author":"Stefan Preu\u00df","twitter_card":"summary_large_image","twitter_misc":{"Verfasst von":"Stefan Preu\u00df","Gesch\u00e4tzte Lesezeit":"6\u00a0Minuten"},"schema":{"@context":"https:\/\/schema.org","@graph":[{"@type":"Article","@id":"https:\/\/stiftungsmarktplatz.eu\/blog\/was-koschd-der-fong-jetzt-genau\/#article","isPartOf":{"@id":"https:\/\/stiftungsmarktplatz.eu\/blog\/was-koschd-der-fong-jetzt-genau\/"},"author":{"name":"Stefan Preu\u00df","@id":"https:\/\/stiftungsmarktplatz.eu\/blog\/#\/schema\/person\/a319dca6dba20b695d21fd8a6f2ef0f9"},"headline":"Was kosch\u2018d der Fong jetzt genau?","datePublished":"2021-11-15T13:47:00+00:00","dateModified":"2021-11-26T14:07:42+00:00","mainEntityOfPage":{"@id":"https:\/\/stiftungsmarktplatz.eu\/blog\/was-koschd-der-fong-jetzt-genau\/"},"wordCount":1308,"publisher":{"@id":"https:\/\/stiftungsmarktplatz.eu\/blog\/#organization"},"image":{"@id":"https:\/\/stiftungsmarktplatz.eu\/blog\/was-koschd-der-fong-jetzt-genau\/#primaryimage"},"thumbnailUrl":"https:\/\/stiftungsmarktplatz.eu\/blog\/wp-content\/uploads\/2021\/11\/was-nach-kosten-uebrig-blieb-teil2.jpg","keywords":["Stiftungsfonds","Stiftungsverm\u00f6gen","Kapitalanlage","Fondskosten","Nachhaltigkeitsstrategie"],"articleSection":["Stiftungsverm\u00f6gen &amp; Stiftungsfonds"],"inLanguage":"de"},{"@type":"WebPage","@id":"https:\/\/stiftungsmarktplatz.eu\/blog\/was-koschd-der-fong-jetzt-genau\/","url":"https:\/\/stiftungsmarktplatz.eu\/blog\/was-koschd-der-fong-jetzt-genau\/","name":"Was kosch\u2018d der Fong jetzt genau? - Der Stiftungsblog f\u00fcr die Stiftungspraxis","isPartOf":{"@id":"https:\/\/stiftungsmarktplatz.eu\/blog\/#website"},"primaryImageOfPage":{"@id":"https:\/\/stiftungsmarktplatz.eu\/blog\/was-koschd-der-fong-jetzt-genau\/#primaryimage"},"image":{"@id":"https:\/\/stiftungsmarktplatz.eu\/blog\/was-koschd-der-fong-jetzt-genau\/#primaryimage"},"thumbnailUrl":"https:\/\/stiftungsmarktplatz.eu\/blog\/wp-content\/uploads\/2021\/11\/was-nach-kosten-uebrig-blieb-teil2.jpg","datePublished":"2021-11-15T13:47:00+00:00","dateModified":"2021-11-26T14:07:42+00:00","description":"Fonds kosten Geb\u00fchren, denn es wird qualifizierte Arbeit geleistet. Ein Teil der Verg\u00fctung flie\u00dft an die Fondsgesellschaft als Verwaltungsverg\u00fctung.","breadcrumb":{"@id":"https:\/\/stiftungsmarktplatz.eu\/blog\/was-koschd-der-fong-jetzt-genau\/#breadcrumb"},"inLanguage":"de","potentialAction":[{"@type":"ReadAction","target":["https:\/\/stiftungsmarktplatz.eu\/blog\/was-koschd-der-fong-jetzt-genau\/"]}]},{"@type":"ImageObject","inLanguage":"de","@id":"https:\/\/stiftungsmarktplatz.eu\/blog\/was-koschd-der-fong-jetzt-genau\/#primaryimage","url":"https:\/\/stiftungsmarktplatz.eu\/blog\/wp-content\/uploads\/2021\/11\/was-nach-kosten-uebrig-blieb-teil2.jpg","contentUrl":"https:\/\/stiftungsmarktplatz.eu\/blog\/wp-content\/uploads\/2021\/11\/was-nach-kosten-uebrig-blieb-teil2.jpg","width":1200,"height":675,"caption":"Was nach den Geb\u00fchren \u00fcbrig blieb"},{"@type":"BreadcrumbList","@id":"https:\/\/stiftungsmarktplatz.eu\/blog\/was-koschd-der-fong-jetzt-genau\/#breadcrumb","itemListElement":[{"@type":"ListItem","position":1,"name":"Startseite","item":"https:\/\/stiftungsmarktplatz.eu\/blog\/"},{"@type":"ListItem","position":2,"name":"Was kosch\u2018d der Fong jetzt genau?"}]},{"@type":"WebSite","@id":"https:\/\/stiftungsmarktplatz.eu\/blog\/#website","url":"https:\/\/stiftungsmarktplatz.eu\/blog\/","name":"Der Stiftungsblog f\u00fcr die Stiftungspraxis","description":"#stiftungenst\u00e4rken - NPO-Expertise von NPO-Experten","publisher":{"@id":"https:\/\/stiftungsmarktplatz.eu\/blog\/#organization"},"potentialAction":[{"@type":"SearchAction","target":{"@type":"EntryPoint","urlTemplate":"https:\/\/stiftungsmarktplatz.eu\/blog\/?s={search_term_string}"},"query-input":{"@type":"PropertyValueSpecification","valueRequired":true,"valueName":"search_term_string"}}],"inLanguage":"de"},{"@type":"Organization","@id":"https:\/\/stiftungsmarktplatz.eu\/blog\/#organization","name":"stiftungsmarktplatz.eu GbR","url":"https:\/\/stiftungsmarktplatz.eu\/blog\/","logo":{"@type":"ImageObject","inLanguage":"de","@id":"https:\/\/stiftungsmarktplatz.eu\/blog\/#\/schema\/logo\/image\/","url":"https:\/\/stiftungsmarktplatz.eu\/blog\/wp-content\/uploads\/2020\/03\/Logo-blog-retina.png","contentUrl":"https:\/\/stiftungsmarktplatz.eu\/blog\/wp-content\/uploads\/2020\/03\/Logo-blog-retina.png","width":140,"height":130,"caption":"stiftungsmarktplatz.eu GbR"},"image":{"@id":"https:\/\/stiftungsmarktplatz.eu\/blog\/#\/schema\/logo\/image\/"},"sameAs":["https:\/\/www.linkedin.com\/company\/18563519\/","https:\/\/www.youtube.com\/channel\/UCQrF6RQRFGxTokVV4nbx25Q"]},{"@type":"Person","@id":"https:\/\/stiftungsmarktplatz.eu\/blog\/#\/schema\/person\/a319dca6dba20b695d21fd8a6f2ef0f9","name":"Stefan Preu\u00df","image":{"@type":"ImageObject","inLanguage":"de","@id":"https:\/\/stiftungsmarktplatz.eu\/blog\/wp-content\/uploads\/2025\/07\/stefan-preuss-150x150.png","url":"https:\/\/stiftungsmarktplatz.eu\/blog\/wp-content\/uploads\/2025\/07\/stefan-preuss-150x150.png","contentUrl":"https:\/\/stiftungsmarktplatz.eu\/blog\/wp-content\/uploads\/2025\/07\/stefan-preuss-150x150.png","caption":"Stefan Preu\u00df"},"description":"ist Chefredakteur von stiftungenst\u00e4rken.de und fondsfibel.de. Der Fachjournalist, der auch als freier Autor f\u00fcr andere Publikationen fungiert, ist seit vielen Jahren als Autor von Fachbeitr\u00e4gen und Analysen im Stiftungssektor pr\u00e4sent, moderiert dazu den Elevator Pitch beim Virtuellen Tag f\u00fcr das Stiftungsverm\u00f6gen (www.vtfds.de).","sameAs":["https:\/\/stiftungsmarktplatz.eu"],"url":"https:\/\/stiftungsmarktplatz.eu\/blog\/author\/stefan-preuss\/"}]}},"post_mailing_queue_ids":[],"_links":{"self":[{"href":"https:\/\/stiftungsmarktplatz.eu\/blog\/wp-json\/wp\/v2\/posts\/2895","targetHints":{"allow":["GET"]}}],"collection":[{"href":"https:\/\/stiftungsmarktplatz.eu\/blog\/wp-json\/wp\/v2\/posts"}],"about":[{"href":"https:\/\/stiftungsmarktplatz.eu\/blog\/wp-json\/wp\/v2\/types\/post"}],"author":[{"embeddable":true,"href":"https:\/\/stiftungsmarktplatz.eu\/blog\/wp-json\/wp\/v2\/users\/2"}],"replies":[{"embeddable":true,"href":"https:\/\/stiftungsmarktplatz.eu\/blog\/wp-json\/wp\/v2\/comments?post=2895"}],"version-history":[{"count":5,"href":"https:\/\/stiftungsmarktplatz.eu\/blog\/wp-json\/wp\/v2\/posts\/2895\/revisions"}],"predecessor-version":[{"id":2984,"href":"https:\/\/stiftungsmarktplatz.eu\/blog\/wp-json\/wp\/v2\/posts\/2895\/revisions\/2984"}],"wp:featuredmedia":[{"embeddable":true,"href":"https:\/\/stiftungsmarktplatz.eu\/blog\/wp-json\/wp\/v2\/media\/2896"}],"wp:attachment":[{"href":"https:\/\/stiftungsmarktplatz.eu\/blog\/wp-json\/wp\/v2\/media?parent=2895"}],"wp:term":[{"taxonomy":"category","embeddable":true,"href":"https:\/\/stiftungsmarktplatz.eu\/blog\/wp-json\/wp\/v2\/categories?post=2895"},{"taxonomy":"post_tag","embeddable":true,"href":"https:\/\/stiftungsmarktplatz.eu\/blog\/wp-json\/wp\/v2\/tags?post=2895"}],"curies":[{"name":"wp","href":"https:\/\/api.w.org\/{rel}","templated":true}]}}