{"id":2623,"date":"2021-09-21T08:00:00","date_gmt":"2021-09-21T06:00:00","guid":{"rendered":"https:\/\/stiftungsmarktplatz.eu\/blog\/?p=2623"},"modified":"2021-09-17T13:38:26","modified_gmt":"2021-09-17T11:38:26","slug":"stiftungskommunikation-und-der-pritt-faktor","status":"publish","type":"post","link":"https:\/\/stiftungsmarktplatz.eu\/blog\/stiftungskommunikation-und-der-pritt-faktor\/","title":{"rendered":"Stiftungskommunikation und der Pritt-Faktor"},"content":{"rendered":"<span class=\"span-reading-time rt-reading-time\" style=\"display: block;\"><span class=\"rt-label rt-prefix\">Lesezeit: <\/span> <span class=\"rt-time\"> 4<\/span> <span class=\"rt-label rt-postfix\">Minuten<\/span><\/span>\n<p><em>Jetzt ist er doch noch einer geworden, ein richtiger Wahlkampf. Lebendige Wahlk\u00e4mpfe leben von lebendiger Kommunikation, und wenn Kommunikation verfangen soll, dann brauchen die Botschaften so etwas wie einen Pritt-Faktor: Der W\u00e4hler muss an einer Stelle an ihnen kleben bleiben, und der Pritt-Stift, der beim Klebenbleiben hilft, das sind Bilder, das sind Formulierung, das sind Vereinfachungen, das ist Frequenz. Stiftungskommunikation kann sich hier an einigen Stellen inspirieren lassen.<\/em><\/p>\n\n\n\n<p>Es ist wieder Bundestagswahl. Immer wenn Bundestagswahl ist, ist die Republik ab einem gewissen Punkt im Wahlkampfmodus, und der ganze Trubel steigert sich bis zum Wahltermin dann noch einmal ganz erheblich. Im Vorfeld werden Bildkampagnen ausgerollt, auf Social Media wird jede Chance auf Aufmerksamkeit genutzt, in Fernsehsendungen m\u00fcssen die Kandidatinnen und Kandidaten in Wahlarenen und Triellen Rede und Antwort stehen \u2013 und trotzdem verfangen bei aller Vehemenz nur ganz vereinzelte Botschaften. Der W\u00e4hler bleibt inmitten des Wahlkampfs nur an ganz wenigen zentralen S\u00e4tzen h\u00e4ngen, die dann ggf. auch seine Wahlentscheidung beeinflussen. Manchmal aber k\u00f6nnen W\u00e4hler gar nicht sagen, warum sie diese oder jene Partei gew\u00e4hlt haben, weil sie gar nicht wissen, f\u00fcr was die Parteien eigentlich stehen.<\/p>\n\n\n\n<h2 class=\"wp-block-heading\">W\u00c4HLER L\u00d6SEN SICH VON IHREN BINDUNGEN<\/h2>\n\n\n\n<p>In der Wahlkommunikation ist der W\u00e4hler der Adressat, der Absender sind die Parteien. Die Parteien ihrerseits kommunizieren und setzen darauf, dass sich der Adressat der Wahlbotschaft, also der W\u00e4hler, an die Kommunikation seitens der Partei gew\u00f6hnt, die Partei ihn dort abholt, wo er abgeholt werden m\u00f6chte. Heute ist es jedoch so, dass sich die W\u00e4hler einerseits in der Tat an die Kommunikation gew\u00f6hnen, sie dann aber doch ein anderes Wahlverhalten an den Tag legen, als es das Kommunikationsverhalten urspr\u00fcnglich hat vermuten lassen. So lassen sich die teils gro\u00dfen Abweichungen der Wahlergebnisse von den Wahlumfragen erkl\u00e4ren. Der W\u00e4hler l\u00f6st immer wieder gerne mal von seinen Haltungen, von seinen Bindungen.<\/p>\n\n\n\n<h2 class=\"wp-block-heading\">WO IST DER PRITT-FAKTOR?<\/h2>\n\n\n\n<p>Die Politikwissenschaft spricht, wenn sie diese Bindungen analysiert, auch von Cleavages bzw. Spaltungslinien. Entlang bestimmter Pr\u00e4ferenzen bildeten sich politische Klientele, bei denen die jeweilige Bindung zu einer Partei sehr hoch war. Diese Bindungen waren sehr stabil, begannen sich jedoch in den 2000er Jahren zu l\u00f6sen. Es wird gemutma\u00dft, dass aus Sicht der W\u00e4hler demzufolge auch ein Jahrzehnt der Entt\u00e4uschungen der W\u00e4hler ins Haus steht. Denn die Idee, sich von \u201eihrer\u201c Partei zu l\u00f6sen, entstammt der \u00dcberlegung, dass andere Parteien ihre Interessen besser wahrnehmen k\u00f6nnen. Aber dem ist vermutlich nicht so, weshalb die Pr\u00e4ferenzen rasch wechseln k\u00f6nnten. Der Pritt-Faktor ist verloren gegangen, W\u00e4hler bleiben nicht mehr haften.<\/p>\n\n\n\n<h2 class=\"wp-block-heading\">STIFTUNGEN K\u00d6NNEN BINDUNGEN AUFBAUEN<\/h2>\n\n\n\n<p>Was k\u00f6nnen Stiftungen nun in der Stiftungskommunikation tun, damit Nutzer, Adressaten, Spender und Begleiter an ihren Geschichten haften bleiben. Was k\u00f6nnen sie aus der Cleavage-Theorie lernen. Die Cleavage-Theorie k\u00f6nnte \u00fcbertragen auf die Stiftungskommunikation bedeuten, dass Stiftungen diese Bindungen auch aufbauen k\u00f6nnen, dass sich bestimmte Zielgruppen eher an sie binden als an andere Stiftungen, dass bestimmte Themen bzw. stiftungspraktische Inhalte eher ansprechen als andere, dass \u201eman\u201c sich hieran bindet. Stiftungskommunikation kann demnach also durchaus bestimmte Botschaften st\u00e4rker frequentiert nach au\u00dfen tragen, sie praktisch mit dem Pritt-Faktor versehen.<\/p>\n\n\n\n<blockquote class=\"wp-block-quote td_quote_box td_box_center is-layout-flow wp-block-quote-is-layout-flow\"><p><strong><u>FREITAGSPODCAST-TIPP:<\/u><\/strong> Warum Stiftungen nicht nicht kommunizieren sollten, dazu haben wir mit der Kommunikationsexpertin und Stiftungsmanagerin Katrin T\u00f6nshoff im <a href=\"https:\/\/stiftungsmarktplatz.eu\/blog\/stiftungen-sollten-nicht-nicht-kommunizieren\/\">FreitagsPodcast<\/a> gesprochen.<\/p><\/blockquote>\n\n\n\n<h2 class=\"wp-block-heading\">DIE FREQUENZ MACHT\u2018S<\/h2>\n\n\n\n<p>Warum sagen Politiker manche S\u00e4tze mehrfach, vielfach, bis sie einem zum Halse rauskommen? Damit sie verfangen, und genau das sollten sich Stiftungen auch \u00fcberlegen. Einzelne Botschaften immer und immer wieder nach au\u00dfen zu tragen, das nervt vielleicht aber fr\u00fcher oder sp\u00e4ter bringt man eine Stiftung mit einer Botschaft in Verbindung, es entsteht eine Bindung, und diese Bindung ist dann wom\u00f6glich so stark, dass der Adressat der Botschaft zum dauerhaften Begleiter oder Fan der Stiftung wird. Frequenz ist also etwas, das Stiftung in ihrer Stiftungskommunikation aufbauen sollten, und hier sollten Stiftungen auch nicht immer zimperlich sein. Im Netz gibt es einen Satz, der einfach stimmt: Vieles versendet sich.<\/p>\n\n\n\n<h2 class=\"wp-block-heading\">AUCH INTERNETNUTZER BRAUCHEN HALT<\/h2>\n\n\n\n<p>Das meint, das Botschaften nicht sofort verfangen, daf\u00fcr sind es viel zu viele Botschaften, womit wir wieder bei den Parallelen zur Wahlkommunikation w\u00e4ren. Botschaften m\u00fcssen oft in die Kan\u00e4le gegeben werden, Stiftungen k\u00f6nnen dies auch so halten und m\u00fcssen sich nicht peinlich ber\u00fchrt am Schreibtisch sitzen sehen, weil sie jetzt die gleiche Botschaft zum vierten Mal an die Community gegeben haben. Das Wiederholen einer Botschaft ist einfach eine Mechanik, die es im Zeitalter der Internetkommunikation, die sich Stiftungen zu Nutze machen, braucht. Auch Internetnutzer bzw. Besucher von Websites oder Social Media-Kan\u00e4len brauchen Halt, suchen diesen Halt, so wie eine klare politische Botschaft einem auch Halt geben kann.<\/p>\n\n\n\n<h2 class=\"wp-block-heading\">IHRE ZIELGRUPPEN M\u00dcSSEN STIFTUNGEN KENNEN<\/h2>\n\n\n\n<p>Stiftungskommunikation kann von Wahlkommunikation auch lernen, dass die adressierte Zielgruppe ein ganz entscheidender Punkt ist. Wir haben an dieser Stelle schon oft geschrieben, dass Stiftungen in der Stiftungskommunikation ihre Zielgruppen kennen m\u00fcssen. Wahlkommunikation ist umso erfolgreicher, je homogener die adressierte Gruppe ist. Genau dann ist die Voraussetzung g\u00fcnstig, kommunikativ auch wahrgenommen zu werden. F\u00fcr Stiftungen gilt das auch. Wer seine Zielgruppe definiert, der sollte diese clustern und danach die Kommunikation ausrichten. Ist das Cluster homogen und wird die Kommunikation auf dieses Cluster abgestimmt, dann wird die Stiftung mit h\u00f6herer Wahrscheinlichkeit ihr Ziel erreicht, dort geh\u00f6rt oder gesehen zu werden.<\/p>\n\n\n\n<h2 class=\"wp-block-heading\">KAMPAGNE STATT EINZELBANNER<\/h2>\n\n\n\n<p>Nicht zuletzt kann sich Stiftungskommunikation von Wahlkommunikation das Campaigning ein St\u00fcck weit abschauen. Stiftungen gehen ja auch nach au\u00dfen, fragen nach Banner- oder Anzeigenpl\u00e4tzen in Medien, rollen derlei aber nicht aus. Es wird von Fall zu Fall platziert, wodurch sich nat\u00fcrlich die Multiplikatoreffekte nicht einstellen k\u00f6nnen. Wahlkommunikation will ein Produkt verkaufen, und das ist der Kandidat. Entsprechend wird nicht einzelplatziert, sondern im Rahmen von Kampagnen eine Botschaft oder ein Bildmotiv ausgerollt, mit allem was der Kampagnenkasten hergibt. Stiftungskommunikation muss dies nun nicht eins zu eins \u00fcbernehmen, aber in Kampagnen zu denken statt in einzelnen Insertionsaktionen, das kann schon helfen, die Botschaft deutlich breiter in die Landschaft zu tragen.<\/p>\n\n\n\n<h2 class=\"wp-block-heading\">ZUSAMMENGEFASST<\/h2>\n\n\n\n<p>Stiftungskommunikation kann sich die eine oder andere Sache von Wahlkommunikation entlehnen, nicht vergessend, dass sich Stiftungskommunikation von Haus aus an einen kleineren Adressatenkreis richtet als Wahlkommunikation. Trotzdem sollte auch Stiftungskommunikation zielgruppenspezifisch sein, sie sollte frequent sein, und sie sollte es dar\u00fcber schaffen, Bindungen aufzubauen, also einen Pritt-Faktor auspr\u00e4gen. Denn nicht nur der W\u00e4hler braucht Halt, auch der Internetnutzer ist hierf\u00fcr offen. Vielleicht ist dies auch etwas \u00dcbergeordnetes, was Stiftungskommunikation \u00fcber den Pritt-Faktor erreichen kann: Halt geben, in Zeiten, in denen sich Bindungen l\u00f6sen und Erwartungen im Politischen sich andernorts erf\u00fcllen sollen.<br><\/p>\n","protected":false},"excerpt":{"rendered":"<p><span class=\"span-reading-time rt-reading-time\" style=\"display: block;\"><span class=\"rt-label rt-prefix\">Lesezeit: <\/span> <span class=\"rt-time\"> 4<\/span> <span class=\"rt-label rt-postfix\">Minuten<\/span><\/span>Jetzt ist er doch noch einer geworden, ein richtiger Wahlkampf. Lebendige Wahlk\u00e4mpfe leben von lebendiger Kommunikation, und wenn Kommunikation verfangen soll, dann brauchen die Botschaften so etwas wie einen Pritt-Faktor: Der W\u00e4hler muss an einer Stelle an ihnen kleben bleiben, und der Pritt-Stift, der beim Klebenbleiben hilft, das sind Bilder, das sind Formulierung, das sind Vereinfachungen, das ist Frequenz. Stiftungskommunikation kann sich hier an einigen Stellen inspirieren lassen.<\/p>\n","protected":false},"author":8,"featured_media":2624,"comment_status":"closed","ping_status":"open","sticky":false,"template":"","format":"standard","meta":{"ngg_post_thumbnail":0,"footnotes":""},"categories":[6],"tags":[30,32,35,83,145],"class_list":{"0":"post-2623","1":"post","2":"type-post","3":"status-publish","4":"format-standard","5":"has-post-thumbnail","7":"category-stiftungskommunikation-und-ki","8":"tag-social-media","9":"tag-digitale-kommunikation","10":"tag-stiftungswebsite","11":"tag-stiftungspraxis","12":"tag-stiftungskommunikation"},"yoast_head":"<!-- This site is optimized with the Yoast SEO plugin v27.4 - https:\/\/yoast.com\/product\/yoast-seo-wordpress\/ -->\n<title>Stiftungskommunikation und der Pritt-Faktor - Der Stiftungsblog f\u00fcr die Stiftungspraxis<\/title>\n<meta name=\"description\" content=\"Jetzt ist er doch noch einer geworden, ein richtiger Wahlkampf. Lebendige Wahlk\u00e4mpfe leben von lebendiger Kommunikation, und wenn Kommunikation verfangen soll, dann brauchen die Botschaften so etwas wie einen Pritt-Faktor: Der W\u00e4hler muss an einer Stelle an ihnen kleben bleiben, und der Pritt-Stift, der beim Klebenbleiben hilft, das sind Bilder, das sind Formulierung, das sind Vereinfachungen, das ist Frequenz. Stiftungskommunikation kann sich hier an einigen Stellen inspirieren lassen.\" \/>\n<meta name=\"robots\" content=\"index, follow, max-snippet:-1, max-image-preview:large, max-video-preview:-1\" \/>\n<link rel=\"canonical\" href=\"https:\/\/stiftungsmarktplatz.eu\/blog\/stiftungskommunikation-und-der-pritt-faktor\/\" \/>\n<meta property=\"og:locale\" content=\"de_DE\" \/>\n<meta property=\"og:type\" content=\"article\" \/>\n<meta property=\"og:title\" content=\"Stiftungskommunikation und der Pritt-Faktor - Der Stiftungsblog f\u00fcr die Stiftungspraxis\" \/>\n<meta property=\"og:description\" content=\"Jetzt ist er doch noch einer geworden, ein richtiger Wahlkampf. Lebendige Wahlk\u00e4mpfe leben von lebendiger Kommunikation, und wenn Kommunikation verfangen soll, dann brauchen die Botschaften so etwas wie einen Pritt-Faktor: Der W\u00e4hler muss an einer Stelle an ihnen kleben bleiben, und der Pritt-Stift, der beim Klebenbleiben hilft, das sind Bilder, das sind Formulierung, das sind Vereinfachungen, das ist Frequenz. Stiftungskommunikation kann sich hier an einigen Stellen inspirieren lassen.\" \/>\n<meta property=\"og:url\" content=\"https:\/\/stiftungsmarktplatz.eu\/blog\/stiftungskommunikation-und-der-pritt-faktor\/\" \/>\n<meta property=\"og:site_name\" content=\"Der Stiftungsblog f\u00fcr die Stiftungspraxis\" \/>\n<meta property=\"article:published_time\" content=\"2021-09-21T06:00:00+00:00\" \/>\n<meta property=\"og:image\" content=\"https:\/\/stiftungsmarktplatz.eu\/blog\/wp-content\/uploads\/2021\/09\/Was-Stiftungskommunikation-von-Wahkommunikation-lernen-kann.jpg\" \/>\n\t<meta property=\"og:image:width\" content=\"1200\" \/>\n\t<meta property=\"og:image:height\" content=\"675\" \/>\n\t<meta property=\"og:image:type\" content=\"image\/jpeg\" \/>\n<meta name=\"author\" content=\"Tobias Karow\" \/>\n<meta name=\"twitter:card\" content=\"summary_large_image\" \/>\n<meta name=\"twitter:label1\" content=\"Verfasst von\" \/>\n\t<meta name=\"twitter:data1\" content=\"Tobias Karow\" \/>\n\t<meta name=\"twitter:label2\" content=\"Gesch\u00e4tzte Lesezeit\" \/>\n\t<meta name=\"twitter:data2\" content=\"5\u00a0Minuten\" \/>\n<script type=\"application\/ld+json\" class=\"yoast-schema-graph\">{\"@context\":\"https:\\\/\\\/schema.org\",\"@graph\":[{\"@type\":\"Article\",\"@id\":\"https:\\\/\\\/stiftungsmarktplatz.eu\\\/blog\\\/stiftungskommunikation-und-der-pritt-faktor\\\/#article\",\"isPartOf\":{\"@id\":\"https:\\\/\\\/stiftungsmarktplatz.eu\\\/blog\\\/stiftungskommunikation-und-der-pritt-faktor\\\/\"},\"author\":{\"name\":\"Tobias Karow\",\"@id\":\"https:\\\/\\\/stiftungsmarktplatz.eu\\\/blog\\\/#\\\/schema\\\/person\\\/3a42780bf87a2088578f1e8077ccfa44\"},\"headline\":\"Stiftungskommunikation und der Pritt-Faktor\",\"datePublished\":\"2021-09-21T06:00:00+00:00\",\"mainEntityOfPage\":{\"@id\":\"https:\\\/\\\/stiftungsmarktplatz.eu\\\/blog\\\/stiftungskommunikation-und-der-pritt-faktor\\\/\"},\"wordCount\":1123,\"publisher\":{\"@id\":\"https:\\\/\\\/stiftungsmarktplatz.eu\\\/blog\\\/#organization\"},\"image\":{\"@id\":\"https:\\\/\\\/stiftungsmarktplatz.eu\\\/blog\\\/stiftungskommunikation-und-der-pritt-faktor\\\/#primaryimage\"},\"thumbnailUrl\":\"https:\\\/\\\/stiftungsmarktplatz.eu\\\/blog\\\/wp-content\\\/uploads\\\/2021\\\/09\\\/Was-Stiftungskommunikation-von-Wahkommunikation-lernen-kann.jpg\",\"keywords\":[\"Social Media\",\"digitale Kommunikation\",\"Stiftungswebsite\",\"Stiftungspraxis\",\"Stiftungskommunikation\"],\"articleSection\":[\"Stiftungskommunikation und KI\"],\"inLanguage\":\"de\"},{\"@type\":\"WebPage\",\"@id\":\"https:\\\/\\\/stiftungsmarktplatz.eu\\\/blog\\\/stiftungskommunikation-und-der-pritt-faktor\\\/\",\"url\":\"https:\\\/\\\/stiftungsmarktplatz.eu\\\/blog\\\/stiftungskommunikation-und-der-pritt-faktor\\\/\",\"name\":\"Stiftungskommunikation und der Pritt-Faktor - Der Stiftungsblog f\u00fcr die Stiftungspraxis\",\"isPartOf\":{\"@id\":\"https:\\\/\\\/stiftungsmarktplatz.eu\\\/blog\\\/#website\"},\"primaryImageOfPage\":{\"@id\":\"https:\\\/\\\/stiftungsmarktplatz.eu\\\/blog\\\/stiftungskommunikation-und-der-pritt-faktor\\\/#primaryimage\"},\"image\":{\"@id\":\"https:\\\/\\\/stiftungsmarktplatz.eu\\\/blog\\\/stiftungskommunikation-und-der-pritt-faktor\\\/#primaryimage\"},\"thumbnailUrl\":\"https:\\\/\\\/stiftungsmarktplatz.eu\\\/blog\\\/wp-content\\\/uploads\\\/2021\\\/09\\\/Was-Stiftungskommunikation-von-Wahkommunikation-lernen-kann.jpg\",\"datePublished\":\"2021-09-21T06:00:00+00:00\",\"description\":\"Jetzt ist er doch noch einer geworden, ein richtiger Wahlkampf. Lebendige Wahlk\u00e4mpfe leben von lebendiger Kommunikation, und wenn Kommunikation verfangen soll, dann brauchen die Botschaften so etwas wie einen Pritt-Faktor: Der W\u00e4hler muss an einer Stelle an ihnen kleben bleiben, und der Pritt-Stift, der beim Klebenbleiben hilft, das sind Bilder, das sind Formulierung, das sind Vereinfachungen, das ist Frequenz. Stiftungskommunikation kann sich hier an einigen Stellen inspirieren lassen.\",\"breadcrumb\":{\"@id\":\"https:\\\/\\\/stiftungsmarktplatz.eu\\\/blog\\\/stiftungskommunikation-und-der-pritt-faktor\\\/#breadcrumb\"},\"inLanguage\":\"de\",\"potentialAction\":[{\"@type\":\"ReadAction\",\"target\":[\"https:\\\/\\\/stiftungsmarktplatz.eu\\\/blog\\\/stiftungskommunikation-und-der-pritt-faktor\\\/\"]}]},{\"@type\":\"ImageObject\",\"inLanguage\":\"de\",\"@id\":\"https:\\\/\\\/stiftungsmarktplatz.eu\\\/blog\\\/stiftungskommunikation-und-der-pritt-faktor\\\/#primaryimage\",\"url\":\"https:\\\/\\\/stiftungsmarktplatz.eu\\\/blog\\\/wp-content\\\/uploads\\\/2021\\\/09\\\/Was-Stiftungskommunikation-von-Wahkommunikation-lernen-kann.jpg\",\"contentUrl\":\"https:\\\/\\\/stiftungsmarktplatz.eu\\\/blog\\\/wp-content\\\/uploads\\\/2021\\\/09\\\/Was-Stiftungskommunikation-von-Wahkommunikation-lernen-kann.jpg\",\"width\":1200,\"height\":675,\"caption\":\"Was Stiftungskommunikation von Wahkommunikation lernen kann\"},{\"@type\":\"BreadcrumbList\",\"@id\":\"https:\\\/\\\/stiftungsmarktplatz.eu\\\/blog\\\/stiftungskommunikation-und-der-pritt-faktor\\\/#breadcrumb\",\"itemListElement\":[{\"@type\":\"ListItem\",\"position\":1,\"name\":\"Startseite\",\"item\":\"https:\\\/\\\/stiftungsmarktplatz.eu\\\/blog\\\/\"},{\"@type\":\"ListItem\",\"position\":2,\"name\":\"Stiftungskommunikation und der Pritt-Faktor\"}]},{\"@type\":\"WebSite\",\"@id\":\"https:\\\/\\\/stiftungsmarktplatz.eu\\\/blog\\\/#website\",\"url\":\"https:\\\/\\\/stiftungsmarktplatz.eu\\\/blog\\\/\",\"name\":\"Der Stiftungsblog f\u00fcr die Stiftungspraxis\",\"description\":\"#stiftungenst\u00e4rken - NPO-Expertise von NPO-Experten\",\"publisher\":{\"@id\":\"https:\\\/\\\/stiftungsmarktplatz.eu\\\/blog\\\/#organization\"},\"potentialAction\":[{\"@type\":\"SearchAction\",\"target\":{\"@type\":\"EntryPoint\",\"urlTemplate\":\"https:\\\/\\\/stiftungsmarktplatz.eu\\\/blog\\\/?s={search_term_string}\"},\"query-input\":{\"@type\":\"PropertyValueSpecification\",\"valueRequired\":true,\"valueName\":\"search_term_string\"}}],\"inLanguage\":\"de\"},{\"@type\":\"Organization\",\"@id\":\"https:\\\/\\\/stiftungsmarktplatz.eu\\\/blog\\\/#organization\",\"name\":\"stiftungsmarktplatz.eu GbR\",\"url\":\"https:\\\/\\\/stiftungsmarktplatz.eu\\\/blog\\\/\",\"logo\":{\"@type\":\"ImageObject\",\"inLanguage\":\"de\",\"@id\":\"https:\\\/\\\/stiftungsmarktplatz.eu\\\/blog\\\/#\\\/schema\\\/logo\\\/image\\\/\",\"url\":\"https:\\\/\\\/stiftungsmarktplatz.eu\\\/blog\\\/wp-content\\\/uploads\\\/2020\\\/03\\\/Logo-blog-retina.png\",\"contentUrl\":\"https:\\\/\\\/stiftungsmarktplatz.eu\\\/blog\\\/wp-content\\\/uploads\\\/2020\\\/03\\\/Logo-blog-retina.png\",\"width\":140,\"height\":130,\"caption\":\"stiftungsmarktplatz.eu GbR\"},\"image\":{\"@id\":\"https:\\\/\\\/stiftungsmarktplatz.eu\\\/blog\\\/#\\\/schema\\\/logo\\\/image\\\/\"},\"sameAs\":[\"https:\\\/\\\/www.linkedin.com\\\/company\\\/18563519\\\/\",\"https:\\\/\\\/www.youtube.com\\\/channel\\\/UCQrF6RQRFGxTokVV4nbx25Q\"]},{\"@type\":\"Person\",\"@id\":\"https:\\\/\\\/stiftungsmarktplatz.eu\\\/blog\\\/#\\\/schema\\\/person\\\/3a42780bf87a2088578f1e8077ccfa44\",\"name\":\"Tobias Karow\",\"image\":{\"@type\":\"ImageObject\",\"inLanguage\":\"de\",\"@id\":\"https:\\\/\\\/stiftungsmarktplatz.eu\\\/blog\\\/wp-content\\\/uploads\\\/2024\\\/05\\\/tobias-karow-2024-150x150.png\",\"url\":\"https:\\\/\\\/stiftungsmarktplatz.eu\\\/blog\\\/wp-content\\\/uploads\\\/2024\\\/05\\\/tobias-karow-2024-150x150.png\",\"contentUrl\":\"https:\\\/\\\/stiftungsmarktplatz.eu\\\/blog\\\/wp-content\\\/uploads\\\/2024\\\/05\\\/tobias-karow-2024-150x150.png\",\"caption\":\"Tobias Karow\"},\"description\":\"ist Gr\u00fcnder und Gesch\u00e4ftsf\u00fchrer von stiftungsmarktplatz.eu und im Stiftungswesen in Deutschland, \u00d6sterreich, der Schweiz und Liechtenstein seit 10 Jahren aktiv. Er ist Herausgeber der FondsFibel f\u00fcr Stiftungen &amp; NPOs, dem f\u00fchrenden Nachschlagewerk f\u00fcr Stiftungsfonds und stiftungsgeeignete Fonds (www.fondsfibel.de), Vortr\u00e4ge h\u00e4lt er vor allem zum Thema \u201aStiftungen und ihr Weg in die digitale Welt\u2018. F\u00fcr beide Themen betreibt er den Blog #stiftungenst\u00e4rken.\",\"sameAs\":[\"https:\\\/\\\/www.fondsfibel.de\"],\"url\":\"https:\\\/\\\/stiftungsmarktplatz.eu\\\/blog\\\/author\\\/tobias-karow\\\/\"}]}<\/script>\n<!-- \/ Yoast SEO plugin. -->","yoast_head_json":{"title":"Stiftungskommunikation und der Pritt-Faktor - Der Stiftungsblog f\u00fcr die Stiftungspraxis","description":"Jetzt ist er doch noch einer geworden, ein richtiger Wahlkampf. Lebendige Wahlk\u00e4mpfe leben von lebendiger Kommunikation, und wenn Kommunikation verfangen soll, dann brauchen die Botschaften so etwas wie einen Pritt-Faktor: Der W\u00e4hler muss an einer Stelle an ihnen kleben bleiben, und der Pritt-Stift, der beim Klebenbleiben hilft, das sind Bilder, das sind Formulierung, das sind Vereinfachungen, das ist Frequenz. Stiftungskommunikation kann sich hier an einigen Stellen inspirieren lassen.","robots":{"index":"index","follow":"follow","max-snippet":"max-snippet:-1","max-image-preview":"max-image-preview:large","max-video-preview":"max-video-preview:-1"},"canonical":"https:\/\/stiftungsmarktplatz.eu\/blog\/stiftungskommunikation-und-der-pritt-faktor\/","og_locale":"de_DE","og_type":"article","og_title":"Stiftungskommunikation und der Pritt-Faktor - Der Stiftungsblog f\u00fcr die Stiftungspraxis","og_description":"Jetzt ist er doch noch einer geworden, ein richtiger Wahlkampf. Lebendige Wahlk\u00e4mpfe leben von lebendiger Kommunikation, und wenn Kommunikation verfangen soll, dann brauchen die Botschaften so etwas wie einen Pritt-Faktor: Der W\u00e4hler muss an einer Stelle an ihnen kleben bleiben, und der Pritt-Stift, der beim Klebenbleiben hilft, das sind Bilder, das sind Formulierung, das sind Vereinfachungen, das ist Frequenz. Stiftungskommunikation kann sich hier an einigen Stellen inspirieren lassen.","og_url":"https:\/\/stiftungsmarktplatz.eu\/blog\/stiftungskommunikation-und-der-pritt-faktor\/","og_site_name":"Der Stiftungsblog f\u00fcr die Stiftungspraxis","article_published_time":"2021-09-21T06:00:00+00:00","og_image":[{"width":1200,"height":675,"url":"https:\/\/stiftungsmarktplatz.eu\/blog\/wp-content\/uploads\/2021\/09\/Was-Stiftungskommunikation-von-Wahkommunikation-lernen-kann.jpg","type":"image\/jpeg"}],"author":"Tobias Karow","twitter_card":"summary_large_image","twitter_misc":{"Verfasst von":"Tobias Karow","Gesch\u00e4tzte Lesezeit":"5\u00a0Minuten"},"schema":{"@context":"https:\/\/schema.org","@graph":[{"@type":"Article","@id":"https:\/\/stiftungsmarktplatz.eu\/blog\/stiftungskommunikation-und-der-pritt-faktor\/#article","isPartOf":{"@id":"https:\/\/stiftungsmarktplatz.eu\/blog\/stiftungskommunikation-und-der-pritt-faktor\/"},"author":{"name":"Tobias Karow","@id":"https:\/\/stiftungsmarktplatz.eu\/blog\/#\/schema\/person\/3a42780bf87a2088578f1e8077ccfa44"},"headline":"Stiftungskommunikation und der Pritt-Faktor","datePublished":"2021-09-21T06:00:00+00:00","mainEntityOfPage":{"@id":"https:\/\/stiftungsmarktplatz.eu\/blog\/stiftungskommunikation-und-der-pritt-faktor\/"},"wordCount":1123,"publisher":{"@id":"https:\/\/stiftungsmarktplatz.eu\/blog\/#organization"},"image":{"@id":"https:\/\/stiftungsmarktplatz.eu\/blog\/stiftungskommunikation-und-der-pritt-faktor\/#primaryimage"},"thumbnailUrl":"https:\/\/stiftungsmarktplatz.eu\/blog\/wp-content\/uploads\/2021\/09\/Was-Stiftungskommunikation-von-Wahkommunikation-lernen-kann.jpg","keywords":["Social Media","digitale Kommunikation","Stiftungswebsite","Stiftungspraxis","Stiftungskommunikation"],"articleSection":["Stiftungskommunikation und KI"],"inLanguage":"de"},{"@type":"WebPage","@id":"https:\/\/stiftungsmarktplatz.eu\/blog\/stiftungskommunikation-und-der-pritt-faktor\/","url":"https:\/\/stiftungsmarktplatz.eu\/blog\/stiftungskommunikation-und-der-pritt-faktor\/","name":"Stiftungskommunikation und der Pritt-Faktor - Der Stiftungsblog f\u00fcr die Stiftungspraxis","isPartOf":{"@id":"https:\/\/stiftungsmarktplatz.eu\/blog\/#website"},"primaryImageOfPage":{"@id":"https:\/\/stiftungsmarktplatz.eu\/blog\/stiftungskommunikation-und-der-pritt-faktor\/#primaryimage"},"image":{"@id":"https:\/\/stiftungsmarktplatz.eu\/blog\/stiftungskommunikation-und-der-pritt-faktor\/#primaryimage"},"thumbnailUrl":"https:\/\/stiftungsmarktplatz.eu\/blog\/wp-content\/uploads\/2021\/09\/Was-Stiftungskommunikation-von-Wahkommunikation-lernen-kann.jpg","datePublished":"2021-09-21T06:00:00+00:00","description":"Jetzt ist er doch noch einer geworden, ein richtiger Wahlkampf. Lebendige Wahlk\u00e4mpfe leben von lebendiger Kommunikation, und wenn Kommunikation verfangen soll, dann brauchen die Botschaften so etwas wie einen Pritt-Faktor: Der W\u00e4hler muss an einer Stelle an ihnen kleben bleiben, und der Pritt-Stift, der beim Klebenbleiben hilft, das sind Bilder, das sind Formulierung, das sind Vereinfachungen, das ist Frequenz. Stiftungskommunikation kann sich hier an einigen Stellen inspirieren lassen.","breadcrumb":{"@id":"https:\/\/stiftungsmarktplatz.eu\/blog\/stiftungskommunikation-und-der-pritt-faktor\/#breadcrumb"},"inLanguage":"de","potentialAction":[{"@type":"ReadAction","target":["https:\/\/stiftungsmarktplatz.eu\/blog\/stiftungskommunikation-und-der-pritt-faktor\/"]}]},{"@type":"ImageObject","inLanguage":"de","@id":"https:\/\/stiftungsmarktplatz.eu\/blog\/stiftungskommunikation-und-der-pritt-faktor\/#primaryimage","url":"https:\/\/stiftungsmarktplatz.eu\/blog\/wp-content\/uploads\/2021\/09\/Was-Stiftungskommunikation-von-Wahkommunikation-lernen-kann.jpg","contentUrl":"https:\/\/stiftungsmarktplatz.eu\/blog\/wp-content\/uploads\/2021\/09\/Was-Stiftungskommunikation-von-Wahkommunikation-lernen-kann.jpg","width":1200,"height":675,"caption":"Was Stiftungskommunikation von Wahkommunikation lernen kann"},{"@type":"BreadcrumbList","@id":"https:\/\/stiftungsmarktplatz.eu\/blog\/stiftungskommunikation-und-der-pritt-faktor\/#breadcrumb","itemListElement":[{"@type":"ListItem","position":1,"name":"Startseite","item":"https:\/\/stiftungsmarktplatz.eu\/blog\/"},{"@type":"ListItem","position":2,"name":"Stiftungskommunikation und der Pritt-Faktor"}]},{"@type":"WebSite","@id":"https:\/\/stiftungsmarktplatz.eu\/blog\/#website","url":"https:\/\/stiftungsmarktplatz.eu\/blog\/","name":"Der Stiftungsblog f\u00fcr die Stiftungspraxis","description":"#stiftungenst\u00e4rken - NPO-Expertise von NPO-Experten","publisher":{"@id":"https:\/\/stiftungsmarktplatz.eu\/blog\/#organization"},"potentialAction":[{"@type":"SearchAction","target":{"@type":"EntryPoint","urlTemplate":"https:\/\/stiftungsmarktplatz.eu\/blog\/?s={search_term_string}"},"query-input":{"@type":"PropertyValueSpecification","valueRequired":true,"valueName":"search_term_string"}}],"inLanguage":"de"},{"@type":"Organization","@id":"https:\/\/stiftungsmarktplatz.eu\/blog\/#organization","name":"stiftungsmarktplatz.eu GbR","url":"https:\/\/stiftungsmarktplatz.eu\/blog\/","logo":{"@type":"ImageObject","inLanguage":"de","@id":"https:\/\/stiftungsmarktplatz.eu\/blog\/#\/schema\/logo\/image\/","url":"https:\/\/stiftungsmarktplatz.eu\/blog\/wp-content\/uploads\/2020\/03\/Logo-blog-retina.png","contentUrl":"https:\/\/stiftungsmarktplatz.eu\/blog\/wp-content\/uploads\/2020\/03\/Logo-blog-retina.png","width":140,"height":130,"caption":"stiftungsmarktplatz.eu GbR"},"image":{"@id":"https:\/\/stiftungsmarktplatz.eu\/blog\/#\/schema\/logo\/image\/"},"sameAs":["https:\/\/www.linkedin.com\/company\/18563519\/","https:\/\/www.youtube.com\/channel\/UCQrF6RQRFGxTokVV4nbx25Q"]},{"@type":"Person","@id":"https:\/\/stiftungsmarktplatz.eu\/blog\/#\/schema\/person\/3a42780bf87a2088578f1e8077ccfa44","name":"Tobias Karow","image":{"@type":"ImageObject","inLanguage":"de","@id":"https:\/\/stiftungsmarktplatz.eu\/blog\/wp-content\/uploads\/2024\/05\/tobias-karow-2024-150x150.png","url":"https:\/\/stiftungsmarktplatz.eu\/blog\/wp-content\/uploads\/2024\/05\/tobias-karow-2024-150x150.png","contentUrl":"https:\/\/stiftungsmarktplatz.eu\/blog\/wp-content\/uploads\/2024\/05\/tobias-karow-2024-150x150.png","caption":"Tobias Karow"},"description":"ist Gr\u00fcnder und Gesch\u00e4ftsf\u00fchrer von stiftungsmarktplatz.eu und im Stiftungswesen in Deutschland, \u00d6sterreich, der Schweiz und Liechtenstein seit 10 Jahren aktiv. Er ist Herausgeber der FondsFibel f\u00fcr Stiftungen &amp; NPOs, dem f\u00fchrenden Nachschlagewerk f\u00fcr Stiftungsfonds und stiftungsgeeignete Fonds (www.fondsfibel.de), Vortr\u00e4ge h\u00e4lt er vor allem zum Thema \u201aStiftungen und ihr Weg in die digitale Welt\u2018. F\u00fcr beide Themen betreibt er den Blog #stiftungenst\u00e4rken.","sameAs":["https:\/\/www.fondsfibel.de"],"url":"https:\/\/stiftungsmarktplatz.eu\/blog\/author\/tobias-karow\/"}]}},"post_mailing_queue_ids":[],"_links":{"self":[{"href":"https:\/\/stiftungsmarktplatz.eu\/blog\/wp-json\/wp\/v2\/posts\/2623","targetHints":{"allow":["GET"]}}],"collection":[{"href":"https:\/\/stiftungsmarktplatz.eu\/blog\/wp-json\/wp\/v2\/posts"}],"about":[{"href":"https:\/\/stiftungsmarktplatz.eu\/blog\/wp-json\/wp\/v2\/types\/post"}],"author":[{"embeddable":true,"href":"https:\/\/stiftungsmarktplatz.eu\/blog\/wp-json\/wp\/v2\/users\/8"}],"replies":[{"embeddable":true,"href":"https:\/\/stiftungsmarktplatz.eu\/blog\/wp-json\/wp\/v2\/comments?post=2623"}],"version-history":[{"count":1,"href":"https:\/\/stiftungsmarktplatz.eu\/blog\/wp-json\/wp\/v2\/posts\/2623\/revisions"}],"predecessor-version":[{"id":2625,"href":"https:\/\/stiftungsmarktplatz.eu\/blog\/wp-json\/wp\/v2\/posts\/2623\/revisions\/2625"}],"wp:featuredmedia":[{"embeddable":true,"href":"https:\/\/stiftungsmarktplatz.eu\/blog\/wp-json\/wp\/v2\/media\/2624"}],"wp:attachment":[{"href":"https:\/\/stiftungsmarktplatz.eu\/blog\/wp-json\/wp\/v2\/media?parent=2623"}],"wp:term":[{"taxonomy":"category","embeddable":true,"href":"https:\/\/stiftungsmarktplatz.eu\/blog\/wp-json\/wp\/v2\/categories?post=2623"},{"taxonomy":"post_tag","embeddable":true,"href":"https:\/\/stiftungsmarktplatz.eu\/blog\/wp-json\/wp\/v2\/tags?post=2623"}],"curies":[{"name":"wp","href":"https:\/\/api.w.org\/{rel}","templated":true}]}}