{"id":2582,"date":"2021-09-10T12:08:15","date_gmt":"2021-09-10T10:08:15","guid":{"rendered":"https:\/\/stiftungsmarktplatz.eu\/blog\/?p=2582"},"modified":"2022-01-07T15:21:14","modified_gmt":"2022-01-07T14:21:14","slug":"wenn-ein-stiftungsvorstand-mit-dem-fondsmanager-spricht-dann","status":"publish","type":"post","link":"https:\/\/stiftungsmarktplatz.eu\/blog\/wenn-ein-stiftungsvorstand-mit-dem-fondsmanager-spricht-dann\/","title":{"rendered":"Wenn ein Stiftungsvorstand mit dem Fondsmanager spricht, dann\u2026"},"content":{"rendered":"<span class=\"span-reading-time rt-reading-time\" style=\"display: block;\"><span class=\"rt-label rt-prefix\">Lesezeit: <\/span> <span class=\"rt-time\"> &lt; 1<\/span> <span class=\"rt-label rt-postfix\">Minute<\/span><\/span>\n<p>Wenn Stiftungen sich heute f\u00fcr ihr Stiftungsverm\u00f6gen mit Fonds besch\u00e4ftigen, dann kann es sein, dass der Niedrigzins einerseits und der Themenkreis ESG andererseits die Auswahl erschweren. Einfach weil die Antworten auf diese Herausforderungen in manchen Stiftungsfonds nicht hundertprozentig befriedigend ausfallen. <\/p>\n\n\n\n<p>Mit Oliver Fischer, dem Leiter des Fondsvertriebs bei Universal Investment, sprachen wir im FreitagsPodcast dar\u00fcber, wie man Fondsmanagern \u201eauf den Zahl\u201c f\u00fchlt und inwiefern es Zeit sein k\u00f6nnte, Spezialisten den Generalisten vorzuziehen. Ein Gespr\u00e4ch am Puls und auf der H\u00f6he der Zeit.<br><\/p>\n\n\n\n<div class=\"wp-block-cover has-background-dim\"><img loading=\"lazy\" decoding=\"async\" width=\"1000\" height=\"485\" class=\"wp-block-cover__image-background wp-image-96\" alt=\"\" src=\"https:\/\/stiftungsmarktplatz.eu\/blog\/wp-content\/uploads\/2020\/02\/bienen-podcast-2.jpg\" data-object-fit=\"cover\" srcset=\"https:\/\/stiftungsmarktplatz.eu\/blog\/wp-content\/uploads\/2020\/02\/bienen-podcast-2.jpg 1000w, https:\/\/stiftungsmarktplatz.eu\/blog\/wp-content\/uploads\/2020\/02\/bienen-podcast-2-300x146.jpg 300w, https:\/\/stiftungsmarktplatz.eu\/blog\/wp-content\/uploads\/2020\/02\/bienen-podcast-2-768x372.jpg 768w, https:\/\/stiftungsmarktplatz.eu\/blog\/wp-content\/uploads\/2020\/02\/bienen-podcast-2-696x338.jpg 696w\" sizes=\"auto, (max-width: 1000px) 100vw, 1000px\" \/><div class=\"wp-block-cover__inner-container is-layout-flow wp-block-cover-is-layout-flow\">\n<div class=\"wp-block-image\"><figure class=\"aligncenter size-large\"><img loading=\"lazy\" decoding=\"async\" width=\"90\" height=\"90\" src=\"https:\/\/stiftungsmarktplatz.eu\/blog\/wp-content\/uploads\/2020\/02\/podcast-icon-90px.png\" alt=\"\" class=\"wp-image-95\"\/><\/figure><\/div>\n\n\n\n<h2 class=\"has-text-align-center has-text-color wp-block-heading\" style=\"color:#8b2e7d\"><strong>PODCAST<\/strong><br> \u201eWenn ein Stiftungsvorstand mit dem <br>Fondsmanager spricht, dann\u2026\u201c<\/h2>\n\n\n\n<figure class=\"wp-block-audio\"><audio controls src=\"https:\/\/stiftungenstaerken.podcaster.de\/download\/Podcast-Ahoi-NPO-Folge-68-Naturpark-Taunus.m4a\"><\/audio><\/figure>\n<\/div><\/div>\n\n\n\n<blockquote class=\"wp-block-quote td_quote_box td_box_center is-layout-flow wp-block-quote-is-layout-flow\" style=\"margin-top:30px\"><p><strong>VeranstaltungsTipp:<\/strong> Am <strong>29.9. (D\u00fcsseldorf, Hotel Intercontinental) und 30.9. (M\u00fcnchen, Hotel Vier Jahreszeiten) <\/strong>veranstaltet Universal Investment die Veranstaltungsreihe \u201eUI-Fr\u00fchst\u00fccksseminare\u201c, bei der wir f\u00fcr die Moderation mit an Bord sind. Stiftungslenkerinnen und -lenker sind herzlich eingeladen. <br>Information zur Anmeldung und zum Hygienekonzept finden Sie hier:<br><a href=\"https:\/\/www.anmelden.org\/ui_fruehstuecksseminare\/\" target=\"_blank\" rel=\"noreferrer noopener\">Online-Anmeldung <\/a><br><\/p><\/blockquote>\n","protected":false},"excerpt":{"rendered":"<p><span class=\"span-reading-time rt-reading-time\" style=\"display: block;\"><span class=\"rt-label rt-prefix\">Lesezeit: <\/span> <span class=\"rt-time\"> &lt; 1<\/span> <span class=\"rt-label rt-postfix\">Minute<\/span><\/span>Wenn Stiftungen sich heute f\u00fcr ihr Stiftungsverm\u00f6gen mit Fonds besch\u00e4ftigen, dann kann es sein, dass der Niedrigzins einerseits und der Themenkreis ESG andererseits die Auswahl erschweren. Einfach weil die Antworten auf diese Herausforderungen in manchen Stiftungsfonds nicht hundertprozentig befriedigend ausfallen. Mit Oliver Fischer, dem Leiter des Fondsvertriebs bei Universal Investment, sprachen wir im FreitagsPodcast dar\u00fcber, wie man Fondsmanagern \u201eauf den Zahl\u201c f\u00fchlt und inwiefern es Zeit sein k\u00f6nnte, Spezialisten den Generalisten vorzuziehen. Ein Gespr\u00e4ch am Puls und auf der H\u00f6he der Zeit.<\/p>\n","protected":false},"author":8,"featured_media":2585,"comment_status":"closed","ping_status":"open","sticky":false,"template":"","format":"standard","meta":{"ngg_post_thumbnail":0,"footnotes":""},"categories":[5],"tags":[112,14,27,28,48,54],"class_list":{"0":"post-2582","1":"post","2":"type-post","3":"status-publish","4":"format-standard","5":"has-post-thumbnail","7":"category-stiftungsvermoegen-und-stiftungsfonds","8":"tag-freitags-podcast","9":"tag-stiftungsfonds","10":"tag-stiftungsvermoegen","11":"tag-kapitalanlage","12":"tag-esg","13":"tag-niedrigzins"},"yoast_head":"<!-- This site is optimized with the Yoast SEO plugin v27.4 - https:\/\/yoast.com\/product\/yoast-seo-wordpress\/ -->\n<title>Wenn ein Stiftungsvorstand mit dem Fondsmanager spricht, dann\u2026 - Der Stiftungsblog f\u00fcr die Stiftungspraxis<\/title>\n<meta name=\"description\" content=\"Wenn Stiftungen sich heute f\u00fcr ihr Stiftungsverm\u00f6gen mit Fonds besch\u00e4ftigen, dann kann es sein, dass der Niedrigzins einerseits und der Themenkreis ESG andererseits die Auswahl erschweren. Einfach weil die Antworten auf diese Herausforderungen in manchen Stiftungsfonds nicht hundertprozentig befriedigend ausfallen.\" \/>\n<meta name=\"robots\" content=\"index, follow, max-snippet:-1, max-image-preview:large, max-video-preview:-1\" \/>\n<link rel=\"canonical\" href=\"https:\/\/stiftungsmarktplatz.eu\/blog\/wenn-ein-stiftungsvorstand-mit-dem-fondsmanager-spricht-dann\/\" \/>\n<meta property=\"og:locale\" content=\"de_DE\" \/>\n<meta property=\"og:type\" content=\"article\" \/>\n<meta property=\"og:title\" content=\"Wenn ein Stiftungsvorstand mit dem Fondsmanager spricht, dann\u2026 - Der Stiftungsblog f\u00fcr die Stiftungspraxis\" \/>\n<meta property=\"og:description\" content=\"Wenn Stiftungen sich heute f\u00fcr ihr Stiftungsverm\u00f6gen mit Fonds besch\u00e4ftigen, dann kann es sein, dass der Niedrigzins einerseits und der Themenkreis ESG andererseits die Auswahl erschweren. Einfach weil die Antworten auf diese Herausforderungen in manchen Stiftungsfonds nicht hundertprozentig befriedigend ausfallen.\" \/>\n<meta property=\"og:url\" content=\"https:\/\/stiftungsmarktplatz.eu\/blog\/wenn-ein-stiftungsvorstand-mit-dem-fondsmanager-spricht-dann\/\" \/>\n<meta property=\"og:site_name\" content=\"Der Stiftungsblog f\u00fcr die Stiftungspraxis\" \/>\n<meta property=\"article:published_time\" content=\"2021-09-10T10:08:15+00:00\" \/>\n<meta property=\"article:modified_time\" content=\"2022-01-07T14:21:14+00:00\" \/>\n<meta property=\"og:image\" content=\"https:\/\/stiftungsmarktplatz.eu\/blog\/wp-content\/uploads\/2021\/09\/teaser-podcast-folge68.jpg\" \/>\n\t<meta property=\"og:image:width\" content=\"1200\" \/>\n\t<meta property=\"og:image:height\" content=\"675\" \/>\n\t<meta property=\"og:image:type\" content=\"image\/jpeg\" \/>\n<meta name=\"author\" content=\"Tobias Karow\" \/>\n<meta name=\"twitter:card\" content=\"summary_large_image\" \/>\n<meta name=\"twitter:label1\" content=\"Verfasst von\" \/>\n\t<meta name=\"twitter:data1\" content=\"Tobias Karow\" \/>\n\t<meta name=\"twitter:label2\" content=\"Gesch\u00e4tzte Lesezeit\" \/>\n\t<meta name=\"twitter:data2\" content=\"2\u00a0Minuten\" \/>\n<script type=\"application\/ld+json\" class=\"yoast-schema-graph\">{\"@context\":\"https:\\\/\\\/schema.org\",\"@graph\":[{\"@type\":\"Article\",\"@id\":\"https:\\\/\\\/stiftungsmarktplatz.eu\\\/blog\\\/wenn-ein-stiftungsvorstand-mit-dem-fondsmanager-spricht-dann\\\/#article\",\"isPartOf\":{\"@id\":\"https:\\\/\\\/stiftungsmarktplatz.eu\\\/blog\\\/wenn-ein-stiftungsvorstand-mit-dem-fondsmanager-spricht-dann\\\/\"},\"author\":{\"name\":\"Tobias Karow\",\"@id\":\"https:\\\/\\\/stiftungsmarktplatz.eu\\\/blog\\\/#\\\/schema\\\/person\\\/3a42780bf87a2088578f1e8077ccfa44\"},\"headline\":\"Wenn ein Stiftungsvorstand mit dem Fondsmanager spricht, dann\u2026\",\"datePublished\":\"2021-09-10T10:08:15+00:00\",\"dateModified\":\"2022-01-07T14:21:14+00:00\",\"mainEntityOfPage\":{\"@id\":\"https:\\\/\\\/stiftungsmarktplatz.eu\\\/blog\\\/wenn-ein-stiftungsvorstand-mit-dem-fondsmanager-spricht-dann\\\/\"},\"wordCount\":154,\"publisher\":{\"@id\":\"https:\\\/\\\/stiftungsmarktplatz.eu\\\/blog\\\/#organization\"},\"image\":{\"@id\":\"https:\\\/\\\/stiftungsmarktplatz.eu\\\/blog\\\/wenn-ein-stiftungsvorstand-mit-dem-fondsmanager-spricht-dann\\\/#primaryimage\"},\"thumbnailUrl\":\"https:\\\/\\\/stiftungsmarktplatz.eu\\\/blog\\\/wp-content\\\/uploads\\\/2021\\\/09\\\/teaser-podcast-folge68.jpg\",\"keywords\":[\"FreitagsPodcast\",\"Stiftungsfonds\",\"Stiftungsverm\u00f6gen\",\"Kapitalanlage\",\"ESG\",\"Niedrigzins\"],\"articleSection\":[\"Stiftungsverm\u00f6gen &amp; Stiftungsfonds\"],\"inLanguage\":\"de\"},{\"@type\":\"WebPage\",\"@id\":\"https:\\\/\\\/stiftungsmarktplatz.eu\\\/blog\\\/wenn-ein-stiftungsvorstand-mit-dem-fondsmanager-spricht-dann\\\/\",\"url\":\"https:\\\/\\\/stiftungsmarktplatz.eu\\\/blog\\\/wenn-ein-stiftungsvorstand-mit-dem-fondsmanager-spricht-dann\\\/\",\"name\":\"Wenn ein Stiftungsvorstand mit dem Fondsmanager spricht, dann\u2026 - Der Stiftungsblog f\u00fcr die Stiftungspraxis\",\"isPartOf\":{\"@id\":\"https:\\\/\\\/stiftungsmarktplatz.eu\\\/blog\\\/#website\"},\"primaryImageOfPage\":{\"@id\":\"https:\\\/\\\/stiftungsmarktplatz.eu\\\/blog\\\/wenn-ein-stiftungsvorstand-mit-dem-fondsmanager-spricht-dann\\\/#primaryimage\"},\"image\":{\"@id\":\"https:\\\/\\\/stiftungsmarktplatz.eu\\\/blog\\\/wenn-ein-stiftungsvorstand-mit-dem-fondsmanager-spricht-dann\\\/#primaryimage\"},\"thumbnailUrl\":\"https:\\\/\\\/stiftungsmarktplatz.eu\\\/blog\\\/wp-content\\\/uploads\\\/2021\\\/09\\\/teaser-podcast-folge68.jpg\",\"datePublished\":\"2021-09-10T10:08:15+00:00\",\"dateModified\":\"2022-01-07T14:21:14+00:00\",\"description\":\"Wenn Stiftungen sich heute f\u00fcr ihr Stiftungsverm\u00f6gen mit Fonds besch\u00e4ftigen, dann kann es sein, dass der Niedrigzins einerseits und der Themenkreis ESG andererseits die Auswahl erschweren. Einfach weil die Antworten auf diese Herausforderungen in manchen Stiftungsfonds nicht hundertprozentig befriedigend ausfallen.\",\"breadcrumb\":{\"@id\":\"https:\\\/\\\/stiftungsmarktplatz.eu\\\/blog\\\/wenn-ein-stiftungsvorstand-mit-dem-fondsmanager-spricht-dann\\\/#breadcrumb\"},\"inLanguage\":\"de\",\"potentialAction\":[{\"@type\":\"ReadAction\",\"target\":[\"https:\\\/\\\/stiftungsmarktplatz.eu\\\/blog\\\/wenn-ein-stiftungsvorstand-mit-dem-fondsmanager-spricht-dann\\\/\"]}]},{\"@type\":\"ImageObject\",\"inLanguage\":\"de\",\"@id\":\"https:\\\/\\\/stiftungsmarktplatz.eu\\\/blog\\\/wenn-ein-stiftungsvorstand-mit-dem-fondsmanager-spricht-dann\\\/#primaryimage\",\"url\":\"https:\\\/\\\/stiftungsmarktplatz.eu\\\/blog\\\/wp-content\\\/uploads\\\/2021\\\/09\\\/teaser-podcast-folge68.jpg\",\"contentUrl\":\"https:\\\/\\\/stiftungsmarktplatz.eu\\\/blog\\\/wp-content\\\/uploads\\\/2021\\\/09\\\/teaser-podcast-folge68.jpg\",\"width\":1200,\"height\":675,\"caption\":\"Podcast Folge 68\"},{\"@type\":\"BreadcrumbList\",\"@id\":\"https:\\\/\\\/stiftungsmarktplatz.eu\\\/blog\\\/wenn-ein-stiftungsvorstand-mit-dem-fondsmanager-spricht-dann\\\/#breadcrumb\",\"itemListElement\":[{\"@type\":\"ListItem\",\"position\":1,\"name\":\"Startseite\",\"item\":\"https:\\\/\\\/stiftungsmarktplatz.eu\\\/blog\\\/\"},{\"@type\":\"ListItem\",\"position\":2,\"name\":\"Wenn ein Stiftungsvorstand mit dem Fondsmanager spricht, dann\u2026\"}]},{\"@type\":\"WebSite\",\"@id\":\"https:\\\/\\\/stiftungsmarktplatz.eu\\\/blog\\\/#website\",\"url\":\"https:\\\/\\\/stiftungsmarktplatz.eu\\\/blog\\\/\",\"name\":\"Der Stiftungsblog f\u00fcr die Stiftungspraxis\",\"description\":\"#stiftungenst\u00e4rken - NPO-Expertise von NPO-Experten\",\"publisher\":{\"@id\":\"https:\\\/\\\/stiftungsmarktplatz.eu\\\/blog\\\/#organization\"},\"potentialAction\":[{\"@type\":\"SearchAction\",\"target\":{\"@type\":\"EntryPoint\",\"urlTemplate\":\"https:\\\/\\\/stiftungsmarktplatz.eu\\\/blog\\\/?s={search_term_string}\"},\"query-input\":{\"@type\":\"PropertyValueSpecification\",\"valueRequired\":true,\"valueName\":\"search_term_string\"}}],\"inLanguage\":\"de\"},{\"@type\":\"Organization\",\"@id\":\"https:\\\/\\\/stiftungsmarktplatz.eu\\\/blog\\\/#organization\",\"name\":\"stiftungsmarktplatz.eu GbR\",\"url\":\"https:\\\/\\\/stiftungsmarktplatz.eu\\\/blog\\\/\",\"logo\":{\"@type\":\"ImageObject\",\"inLanguage\":\"de\",\"@id\":\"https:\\\/\\\/stiftungsmarktplatz.eu\\\/blog\\\/#\\\/schema\\\/logo\\\/image\\\/\",\"url\":\"https:\\\/\\\/stiftungsmarktplatz.eu\\\/blog\\\/wp-content\\\/uploads\\\/2020\\\/03\\\/Logo-blog-retina.png\",\"contentUrl\":\"https:\\\/\\\/stiftungsmarktplatz.eu\\\/blog\\\/wp-content\\\/uploads\\\/2020\\\/03\\\/Logo-blog-retina.png\",\"width\":140,\"height\":130,\"caption\":\"stiftungsmarktplatz.eu GbR\"},\"image\":{\"@id\":\"https:\\\/\\\/stiftungsmarktplatz.eu\\\/blog\\\/#\\\/schema\\\/logo\\\/image\\\/\"},\"sameAs\":[\"https:\\\/\\\/www.linkedin.com\\\/company\\\/18563519\\\/\",\"https:\\\/\\\/www.youtube.com\\\/channel\\\/UCQrF6RQRFGxTokVV4nbx25Q\"]},{\"@type\":\"Person\",\"@id\":\"https:\\\/\\\/stiftungsmarktplatz.eu\\\/blog\\\/#\\\/schema\\\/person\\\/3a42780bf87a2088578f1e8077ccfa44\",\"name\":\"Tobias Karow\",\"image\":{\"@type\":\"ImageObject\",\"inLanguage\":\"de\",\"@id\":\"https:\\\/\\\/stiftungsmarktplatz.eu\\\/blog\\\/wp-content\\\/uploads\\\/2024\\\/05\\\/tobias-karow-2024-150x150.png\",\"url\":\"https:\\\/\\\/stiftungsmarktplatz.eu\\\/blog\\\/wp-content\\\/uploads\\\/2024\\\/05\\\/tobias-karow-2024-150x150.png\",\"contentUrl\":\"https:\\\/\\\/stiftungsmarktplatz.eu\\\/blog\\\/wp-content\\\/uploads\\\/2024\\\/05\\\/tobias-karow-2024-150x150.png\",\"caption\":\"Tobias Karow\"},\"description\":\"ist Gr\u00fcnder und Gesch\u00e4ftsf\u00fchrer von stiftungsmarktplatz.eu und im Stiftungswesen in Deutschland, \u00d6sterreich, der Schweiz und Liechtenstein seit 10 Jahren aktiv. Er ist Herausgeber der FondsFibel f\u00fcr Stiftungen &amp; NPOs, dem f\u00fchrenden Nachschlagewerk f\u00fcr Stiftungsfonds und stiftungsgeeignete Fonds (www.fondsfibel.de), Vortr\u00e4ge h\u00e4lt er vor allem zum Thema \u201aStiftungen und ihr Weg in die digitale Welt\u2018. F\u00fcr beide Themen betreibt er den Blog #stiftungenst\u00e4rken.\",\"sameAs\":[\"https:\\\/\\\/www.fondsfibel.de\"],\"url\":\"https:\\\/\\\/stiftungsmarktplatz.eu\\\/blog\\\/author\\\/tobias-karow\\\/\"}]}<\/script>\n<!-- \/ Yoast SEO plugin. -->","yoast_head_json":{"title":"Wenn ein Stiftungsvorstand mit dem Fondsmanager spricht, dann\u2026 - Der Stiftungsblog f\u00fcr die Stiftungspraxis","description":"Wenn Stiftungen sich heute f\u00fcr ihr Stiftungsverm\u00f6gen mit Fonds besch\u00e4ftigen, dann kann es sein, dass der Niedrigzins einerseits und der Themenkreis ESG andererseits die Auswahl erschweren. Einfach weil die Antworten auf diese Herausforderungen in manchen Stiftungsfonds nicht hundertprozentig befriedigend ausfallen.","robots":{"index":"index","follow":"follow","max-snippet":"max-snippet:-1","max-image-preview":"max-image-preview:large","max-video-preview":"max-video-preview:-1"},"canonical":"https:\/\/stiftungsmarktplatz.eu\/blog\/wenn-ein-stiftungsvorstand-mit-dem-fondsmanager-spricht-dann\/","og_locale":"de_DE","og_type":"article","og_title":"Wenn ein Stiftungsvorstand mit dem Fondsmanager spricht, dann\u2026 - Der Stiftungsblog f\u00fcr die Stiftungspraxis","og_description":"Wenn Stiftungen sich heute f\u00fcr ihr Stiftungsverm\u00f6gen mit Fonds besch\u00e4ftigen, dann kann es sein, dass der Niedrigzins einerseits und der Themenkreis ESG andererseits die Auswahl erschweren. Einfach weil die Antworten auf diese Herausforderungen in manchen Stiftungsfonds nicht hundertprozentig befriedigend ausfallen.","og_url":"https:\/\/stiftungsmarktplatz.eu\/blog\/wenn-ein-stiftungsvorstand-mit-dem-fondsmanager-spricht-dann\/","og_site_name":"Der Stiftungsblog f\u00fcr die Stiftungspraxis","article_published_time":"2021-09-10T10:08:15+00:00","article_modified_time":"2022-01-07T14:21:14+00:00","og_image":[{"width":1200,"height":675,"url":"https:\/\/stiftungsmarktplatz.eu\/blog\/wp-content\/uploads\/2021\/09\/teaser-podcast-folge68.jpg","type":"image\/jpeg"}],"author":"Tobias Karow","twitter_card":"summary_large_image","twitter_misc":{"Verfasst von":"Tobias Karow","Gesch\u00e4tzte Lesezeit":"2\u00a0Minuten"},"schema":{"@context":"https:\/\/schema.org","@graph":[{"@type":"Article","@id":"https:\/\/stiftungsmarktplatz.eu\/blog\/wenn-ein-stiftungsvorstand-mit-dem-fondsmanager-spricht-dann\/#article","isPartOf":{"@id":"https:\/\/stiftungsmarktplatz.eu\/blog\/wenn-ein-stiftungsvorstand-mit-dem-fondsmanager-spricht-dann\/"},"author":{"name":"Tobias Karow","@id":"https:\/\/stiftungsmarktplatz.eu\/blog\/#\/schema\/person\/3a42780bf87a2088578f1e8077ccfa44"},"headline":"Wenn ein Stiftungsvorstand mit dem Fondsmanager spricht, dann\u2026","datePublished":"2021-09-10T10:08:15+00:00","dateModified":"2022-01-07T14:21:14+00:00","mainEntityOfPage":{"@id":"https:\/\/stiftungsmarktplatz.eu\/blog\/wenn-ein-stiftungsvorstand-mit-dem-fondsmanager-spricht-dann\/"},"wordCount":154,"publisher":{"@id":"https:\/\/stiftungsmarktplatz.eu\/blog\/#organization"},"image":{"@id":"https:\/\/stiftungsmarktplatz.eu\/blog\/wenn-ein-stiftungsvorstand-mit-dem-fondsmanager-spricht-dann\/#primaryimage"},"thumbnailUrl":"https:\/\/stiftungsmarktplatz.eu\/blog\/wp-content\/uploads\/2021\/09\/teaser-podcast-folge68.jpg","keywords":["FreitagsPodcast","Stiftungsfonds","Stiftungsverm\u00f6gen","Kapitalanlage","ESG","Niedrigzins"],"articleSection":["Stiftungsverm\u00f6gen &amp; Stiftungsfonds"],"inLanguage":"de"},{"@type":"WebPage","@id":"https:\/\/stiftungsmarktplatz.eu\/blog\/wenn-ein-stiftungsvorstand-mit-dem-fondsmanager-spricht-dann\/","url":"https:\/\/stiftungsmarktplatz.eu\/blog\/wenn-ein-stiftungsvorstand-mit-dem-fondsmanager-spricht-dann\/","name":"Wenn ein Stiftungsvorstand mit dem Fondsmanager spricht, dann\u2026 - Der Stiftungsblog f\u00fcr die Stiftungspraxis","isPartOf":{"@id":"https:\/\/stiftungsmarktplatz.eu\/blog\/#website"},"primaryImageOfPage":{"@id":"https:\/\/stiftungsmarktplatz.eu\/blog\/wenn-ein-stiftungsvorstand-mit-dem-fondsmanager-spricht-dann\/#primaryimage"},"image":{"@id":"https:\/\/stiftungsmarktplatz.eu\/blog\/wenn-ein-stiftungsvorstand-mit-dem-fondsmanager-spricht-dann\/#primaryimage"},"thumbnailUrl":"https:\/\/stiftungsmarktplatz.eu\/blog\/wp-content\/uploads\/2021\/09\/teaser-podcast-folge68.jpg","datePublished":"2021-09-10T10:08:15+00:00","dateModified":"2022-01-07T14:21:14+00:00","description":"Wenn Stiftungen sich heute f\u00fcr ihr Stiftungsverm\u00f6gen mit Fonds besch\u00e4ftigen, dann kann es sein, dass der Niedrigzins einerseits und der Themenkreis ESG andererseits die Auswahl erschweren. Einfach weil die Antworten auf diese Herausforderungen in manchen Stiftungsfonds nicht hundertprozentig befriedigend ausfallen.","breadcrumb":{"@id":"https:\/\/stiftungsmarktplatz.eu\/blog\/wenn-ein-stiftungsvorstand-mit-dem-fondsmanager-spricht-dann\/#breadcrumb"},"inLanguage":"de","potentialAction":[{"@type":"ReadAction","target":["https:\/\/stiftungsmarktplatz.eu\/blog\/wenn-ein-stiftungsvorstand-mit-dem-fondsmanager-spricht-dann\/"]}]},{"@type":"ImageObject","inLanguage":"de","@id":"https:\/\/stiftungsmarktplatz.eu\/blog\/wenn-ein-stiftungsvorstand-mit-dem-fondsmanager-spricht-dann\/#primaryimage","url":"https:\/\/stiftungsmarktplatz.eu\/blog\/wp-content\/uploads\/2021\/09\/teaser-podcast-folge68.jpg","contentUrl":"https:\/\/stiftungsmarktplatz.eu\/blog\/wp-content\/uploads\/2021\/09\/teaser-podcast-folge68.jpg","width":1200,"height":675,"caption":"Podcast Folge 68"},{"@type":"BreadcrumbList","@id":"https:\/\/stiftungsmarktplatz.eu\/blog\/wenn-ein-stiftungsvorstand-mit-dem-fondsmanager-spricht-dann\/#breadcrumb","itemListElement":[{"@type":"ListItem","position":1,"name":"Startseite","item":"https:\/\/stiftungsmarktplatz.eu\/blog\/"},{"@type":"ListItem","position":2,"name":"Wenn ein Stiftungsvorstand mit dem Fondsmanager spricht, dann\u2026"}]},{"@type":"WebSite","@id":"https:\/\/stiftungsmarktplatz.eu\/blog\/#website","url":"https:\/\/stiftungsmarktplatz.eu\/blog\/","name":"Der Stiftungsblog f\u00fcr die Stiftungspraxis","description":"#stiftungenst\u00e4rken - NPO-Expertise von NPO-Experten","publisher":{"@id":"https:\/\/stiftungsmarktplatz.eu\/blog\/#organization"},"potentialAction":[{"@type":"SearchAction","target":{"@type":"EntryPoint","urlTemplate":"https:\/\/stiftungsmarktplatz.eu\/blog\/?s={search_term_string}"},"query-input":{"@type":"PropertyValueSpecification","valueRequired":true,"valueName":"search_term_string"}}],"inLanguage":"de"},{"@type":"Organization","@id":"https:\/\/stiftungsmarktplatz.eu\/blog\/#organization","name":"stiftungsmarktplatz.eu GbR","url":"https:\/\/stiftungsmarktplatz.eu\/blog\/","logo":{"@type":"ImageObject","inLanguage":"de","@id":"https:\/\/stiftungsmarktplatz.eu\/blog\/#\/schema\/logo\/image\/","url":"https:\/\/stiftungsmarktplatz.eu\/blog\/wp-content\/uploads\/2020\/03\/Logo-blog-retina.png","contentUrl":"https:\/\/stiftungsmarktplatz.eu\/blog\/wp-content\/uploads\/2020\/03\/Logo-blog-retina.png","width":140,"height":130,"caption":"stiftungsmarktplatz.eu GbR"},"image":{"@id":"https:\/\/stiftungsmarktplatz.eu\/blog\/#\/schema\/logo\/image\/"},"sameAs":["https:\/\/www.linkedin.com\/company\/18563519\/","https:\/\/www.youtube.com\/channel\/UCQrF6RQRFGxTokVV4nbx25Q"]},{"@type":"Person","@id":"https:\/\/stiftungsmarktplatz.eu\/blog\/#\/schema\/person\/3a42780bf87a2088578f1e8077ccfa44","name":"Tobias Karow","image":{"@type":"ImageObject","inLanguage":"de","@id":"https:\/\/stiftungsmarktplatz.eu\/blog\/wp-content\/uploads\/2024\/05\/tobias-karow-2024-150x150.png","url":"https:\/\/stiftungsmarktplatz.eu\/blog\/wp-content\/uploads\/2024\/05\/tobias-karow-2024-150x150.png","contentUrl":"https:\/\/stiftungsmarktplatz.eu\/blog\/wp-content\/uploads\/2024\/05\/tobias-karow-2024-150x150.png","caption":"Tobias Karow"},"description":"ist Gr\u00fcnder und Gesch\u00e4ftsf\u00fchrer von stiftungsmarktplatz.eu und im Stiftungswesen in Deutschland, \u00d6sterreich, der Schweiz und Liechtenstein seit 10 Jahren aktiv. Er ist Herausgeber der FondsFibel f\u00fcr Stiftungen &amp; NPOs, dem f\u00fchrenden Nachschlagewerk f\u00fcr Stiftungsfonds und stiftungsgeeignete Fonds (www.fondsfibel.de), Vortr\u00e4ge h\u00e4lt er vor allem zum Thema \u201aStiftungen und ihr Weg in die digitale Welt\u2018. F\u00fcr beide Themen betreibt er den Blog #stiftungenst\u00e4rken.","sameAs":["https:\/\/www.fondsfibel.de"],"url":"https:\/\/stiftungsmarktplatz.eu\/blog\/author\/tobias-karow\/"}]}},"post_mailing_queue_ids":[],"_links":{"self":[{"href":"https:\/\/stiftungsmarktplatz.eu\/blog\/wp-json\/wp\/v2\/posts\/2582","targetHints":{"allow":["GET"]}}],"collection":[{"href":"https:\/\/stiftungsmarktplatz.eu\/blog\/wp-json\/wp\/v2\/posts"}],"about":[{"href":"https:\/\/stiftungsmarktplatz.eu\/blog\/wp-json\/wp\/v2\/types\/post"}],"author":[{"embeddable":true,"href":"https:\/\/stiftungsmarktplatz.eu\/blog\/wp-json\/wp\/v2\/users\/8"}],"replies":[{"embeddable":true,"href":"https:\/\/stiftungsmarktplatz.eu\/blog\/wp-json\/wp\/v2\/comments?post=2582"}],"version-history":[{"count":4,"href":"https:\/\/stiftungsmarktplatz.eu\/blog\/wp-json\/wp\/v2\/posts\/2582\/revisions"}],"predecessor-version":[{"id":3151,"href":"https:\/\/stiftungsmarktplatz.eu\/blog\/wp-json\/wp\/v2\/posts\/2582\/revisions\/3151"}],"wp:featuredmedia":[{"embeddable":true,"href":"https:\/\/stiftungsmarktplatz.eu\/blog\/wp-json\/wp\/v2\/media\/2585"}],"wp:attachment":[{"href":"https:\/\/stiftungsmarktplatz.eu\/blog\/wp-json\/wp\/v2\/media?parent=2582"}],"wp:term":[{"taxonomy":"category","embeddable":true,"href":"https:\/\/stiftungsmarktplatz.eu\/blog\/wp-json\/wp\/v2\/categories?post=2582"},{"taxonomy":"post_tag","embeddable":true,"href":"https:\/\/stiftungsmarktplatz.eu\/blog\/wp-json\/wp\/v2\/tags?post=2582"}],"curies":[{"name":"wp","href":"https:\/\/api.w.org\/{rel}","templated":true}]}}