{"id":2199,"date":"2021-05-16T17:28:00","date_gmt":"2021-05-16T15:28:00","guid":{"rendered":"https:\/\/stiftungsmarktplatz.eu\/blog\/?p=2199"},"modified":"2024-03-04T11:35:35","modified_gmt":"2024-03-04T10:35:35","slug":"ist-die-stiftungsrechtsreform-reform-oder-refoermchen","status":"publish","type":"post","link":"https:\/\/stiftungsmarktplatz.eu\/blog\/ist-die-stiftungsrechtsreform-reform-oder-refoermchen\/","title":{"rendered":"Ist die Stiftungsrechtsreform Reform oder Ref\u00f6rmchen?"},"content":{"rendered":"<span class=\"span-reading-time rt-reading-time\" style=\"display: block;\"><span class=\"rt-label rt-prefix\">Lesezeit: <\/span> <span class=\"rt-time\"> 3<\/span> <span class=\"rt-label rt-postfix\">Minuten<\/span><\/span>\n<p><em>#vtfds2021 \u2013 die Nachlese: Stiftungsrechtsreformen gab es schon jede Menge. Jedes Mal waren die Erwartungen an das \u00fcberarbeitete Regelwerk hoch, und die Entt\u00e4uschung ebenso, weil viele der neuen Regelungen der Stiftungspraxis schlicht vorbeigingen. Mit <a href=\"https:\/\/stiftungsmarktplatz.eu\/dienstleister\/kanzlei-dr-mecking\/\" target=\"_blank\" rel=\"noreferrer noopener\">Dr. Christoph Mecking<\/a> sortierten wir beim zweiten Virtuellen Tag f\u00fcr das Stiftungsverm\u00f6gen den aktuellen Stand der neusten Novelle, und arbeiteten am Flipchart die f\u00fcr Stiftungen vermutlich relevantesten Neuerungen heraus.<\/em><\/p>\n\n\n\n<p>Zun\u00e4chst einmal wurde unter anderem durch eine Bund-L\u00e4nder-Arbeitsgruppe zahlreiche Vorschl\u00e4ge f\u00fcr \u00c4nderungen der bestehenden stiftungsrechtlichen Regeln erarbeitet worden, die durchaus auch zum Ziel haben, das Stiftungsrecht insgesamt zu vereinfachen und auch die eine oder andere stiftungsrechtliche Regelung auf L\u00e4nderebene obsolet zu machen. Diese Vorschl\u00e4ge wurden nun auf einen Regierungsentwurf eingedampft, die als umf\u00e4ngliche Neuregelung des Stiftungsrechts angedacht ist, so jedenfalls er\u00f6rterte es Dr. Christoph Mecking. Er verband dies aber mit einem Hinweis: \u201eDer Nutzen dieser Stiftungsrechtsnovelle wird ganz unterschiedlich gesehen, es gibt durchaus harsche Kritik.\u201c<\/p>\n\n\n\n<blockquote class=\"wp-block-quote td_quote_box td_box_center is-layout-flow wp-block-quote-is-layout-flow\"><p><br><br><strong><u>VIDEOTIPP:<\/u><\/strong> Den kompletten Stream des zweiten Virtuellen Tags f\u00fcr das Stiftungsverm\u00f6gen im RE-LIVE sowie die Mediathek zum #vtfds2021 finden Sie auf <a href=\"https:\/\/vtfds.de\/\" target=\"_blank\" rel=\"noreferrer noopener\">www.vtfds.de<\/a>.<\/p><\/blockquote>\n\n\n\n<h2 class=\"wp-block-heading\">EHER SCHWIERIGKEITEN DENN ERLEICHTERUNGEN<\/h2>\n\n\n\n<p>Womit wir bei den Details w\u00e4ren, bei den Punkten, die Stiftungen von der Stiftungsrechtsnovelle werden erwarten k\u00f6nnen. Kritik kommt vor allem von der Seite, dass ein statisches Stiftungsbild festgehalten wird und Gestaltungsspielr\u00e4ume eben nicht bzw. eher weniger genutzt werden k\u00f6nnen, f\u00fchrte es Dr. Mecking aus, hinweisend auf einen entscheidenden Malus der neuen Regelungen: \u201e\u00c4nderungen der Stiftungssatzung m\u00fcssen in der Entstehungssatzung geregelt sein, wodurch sp\u00e4tere Satzungs\u00e4nderungen eher erschwert werden. Das sind Punkte die daf\u00fcrsprechen, dass wir eher zu Schwierigkeiten als zu Erleichterungen kommen.\u201c<\/p>\n\n\n\n<h2 class=\"wp-block-heading\">SORGFALTSMASSSTAB SOLL ANGEPASST WERDEN<\/h2>\n\n\n\n<p>Eine wichtige Regelung in der Stiftungsrechtsnovelle d\u00fcrfte jene zum Sorgfaltsma\u00dfstab sein, dieser soll angepasst werden, in Form der Business Judgement Rule. Dr. Christoph Mecking bringt hier Licht ins Dunkel: \u201eEine Pflichtverletzung liegt nur dann vor, wenn das Organmitglied nicht vern\u00fcnftigerweise zum Wohle der Stiftung gehandelt hat.\u201c Nat\u00fcrlich l\u00e4sst sich einwenden, derlei sei gesunder Menschenverstand und dieser w\u00fcrde daf\u00fcr Sorge tragen, dass stets zum Wohle der Stiftung entschieden wird, aber bei Stiftungen geht es eben noch mehr, wusste Dr. Mecking zu erg\u00e4nzen: \u201eEs geht aus Stiftungssicht ja darum, bei Entscheidungen die Interessen der Stiftung im Auge zu haben, und nicht die Interessen der Amtswalter.\u201c<\/p>\n\n\n\n<div class=\"resp-container\"> <iframe class=\"resp-iframe\" src=\"https:\/\/commerzreal.stiftungsmarktplatz.eu\/index.html\" frameborder=\"0\"><\/iframe><\/div>\n\n\n\n<h2 class=\"wp-block-heading\">STIFTUNGSVERM\u00d6GEN HAT EINE DIENENDE FUNKTION<\/h2>\n\n\n\n<p>Bezogen auf das Stiftungsverm\u00f6gen, und darum ging es ja beim #vtfds2021, bedeutet die Business Judgement Rule, dass diese mit den Begriffen Diversifizieren, Delegieren und Dokumentieren mit Leben gef\u00fcllt werden kann. Wobei es daf\u00fcr auch das entsprechend Verst\u00e4ndnis braucht, wie Dr. Christoph Mecking ausf\u00fchrte: \u201eDas Stiftungsverm\u00f6gen hat eine dienende Funktion. Es dient dazu, dass der Stiftungszweck aus den Nutzungen dieses Verm\u00f6gens bedient werden kann. Das hat der Stifter so gewollt.\u201c Demgem\u00e4\u00df hei\u00dft das, dass die Fragen das Verm\u00f6gens betreffend dahingehend interpretiert werden m\u00fcssen. \u201eDie Frage der Stiftung als Leistungsorganisation wird h\u00e4ufig der des Bestandserhalt nachgeordnet.\u201c<\/p>\n\n\n\n<h2 class=\"wp-block-heading\">WIE IST STIFTUNGSVERM\u00d6GEN ZU ERHALTEN, DAS IST DIE FRAGE<\/h2>\n\n\n\n<p>Einen Punkt findet Dr. Christoph Mecking in der Stiftungsrechtsreform ebenfalls zu wenig angesprochen: die Frage, wie Stiftungsverm\u00f6gen zu erhalten ist. Auch hier muss f\u00fcr ihn der Stiftungszweck stets mitgedacht werden. Die Frage des WIE ist nat\u00fcrlich eine, die in irgendeiner Weise mitgedacht werden muss, und hier schlie\u00dft sich der Kreis wieder zur Business Judgement Rule. Denn diese g\u00e4be hierf\u00fcr ja einen Rahmen vor, n\u00e4mlich den des guten Kaufmanns, der eine sachgerechte Entscheidung auf Basis aller verf\u00fcgbaren Informationen trifft und diese Entscheidung damit dann auch zu dokumentieren in der Lage ist. Derlei w\u00e4re zum Wohle der Stiftung, und noch mehr w\u00e4re es zum Wohle der Stiftung, wenn hier der Aspekt der Delegation der Kapitalanlage eine gewichtigere Rolle spielen w\u00fcrde.<\/p>\n\n\n\n<h2 class=\"wp-block-heading\">ZUSAMMENGEFASST<\/h2>\n\n\n\n<p>Die Stiftungsrechtsreform, so sie denn kommt, ist weniger ein gro\u00dfer Wurf als vielmehr ein gro\u00dfer Versuch, wieder einmal eine Neuregelung des Stiftungsrechts auf die Beine zu stellen. So jedenfalls kann man die Quintessenz des Gespr\u00e4chs mit dem Rechtsexperten Dr. Christoph Mecking interpretieren. <\/p>\n\n\n\n<p>Die drei Learnings aus der ersten FlipChart-Session k\u00f6nnten sein: <\/p>\n\n\n\n<ol class=\"wp-block-list\"><li>Stiftungen sollten ihr Stiftungsverm\u00f6gen als dienendes Verm\u00f6gen begreifen. <\/li><li>Auf die Business Judgement Rule zu warten kann eine Warten-auf-Godot-Situation sein, lieber wenden Stiftungsverantwortliche die Business Judgement Rule schon so ein, wie sie vern\u00fcnftigerweise angewandt werden sollte. Und nicht zuletzt sollte<\/li><li>der Begriff der Leistungsorganisation Einzug in den Stiftungsalltag halten, Stiftungen w\u00fcrden dann vermutlich eher mit der Zeit gehen. So wie es das Stiftungsrecht auch sollte.<\/li><\/ol>\n","protected":false},"excerpt":{"rendered":"<p><span class=\"span-reading-time rt-reading-time\" style=\"display: block;\"><span class=\"rt-label rt-prefix\">Lesezeit: <\/span> <span class=\"rt-time\"> 3<\/span> <span class=\"rt-label rt-postfix\">Minuten<\/span><\/span>#vtfds2021 \u2013 die Nachlese: Stiftungsrechtsreformen gab es schon jede Menge. Jedes Mal waren die Erwartungen an das \u00fcberarbeitete Regelwerk hoch, und die Entt\u00e4uschung ebenso, weil viele der neuen Regelungen der Stiftungspraxis schlicht vorbeigingen. Mit Dr. Christoph Mecking sortierten wir beim zweiten Virtuellen Tag f\u00fcr das Stiftungsverm\u00f6gen den aktuellen Stand der neusten Novelle, und arbeiteten am Flipchart die f\u00fcr Stiftungen vermutlich relevantesten Neuerungen heraus.<\/p>\n","protected":false},"author":8,"featured_media":2204,"comment_status":"closed","ping_status":"open","sticky":false,"template":"","format":"standard","meta":{"ngg_post_thumbnail":0,"footnotes":""},"categories":[428],"tags":[27,246,247,248,249,250,251],"class_list":{"0":"post-2199","1":"post","2":"type-post","3":"status-publish","4":"format-standard","5":"has-post-thumbnail","7":"category-stiftungsrecht","8":"tag-stiftungsvermoegen","9":"tag-stiftungsrecht","10":"tag-pflichtverletzung","11":"tag-haftung","12":"tag-stiftungsorgane","13":"tag-leistungsorganisation","14":"tag-stiftungsrechtsreform"},"yoast_head":"<!-- This site is optimized with the Yoast SEO plugin v27.4 - https:\/\/yoast.com\/product\/yoast-seo-wordpress\/ -->\n<title>Ist die Stiftungsrechtsreform Reform oder Ref\u00f6rmchen? - Der Stiftungsblog f\u00fcr die Stiftungspraxis<\/title>\n<meta name=\"description\" content=\"#vtfds2021 \u2013 die Nachlese: Stiftungsrechtsreformen gab es schon jede Menge. Jedes Mal waren die Erwartungen an das \u00fcberarbeitete Regelwerk hoch, und die Entt\u00e4uschung ebenso, weil viele der neuen Regelungen der Stiftungspraxis schlicht vorbeigingen. Mit Dr. Christoph Mecking sortierten wir beim zweiten Virtuellen Tag f\u00fcr das Stiftungsverm\u00f6gen den aktuellen Stand der neusten Novelle, und arbeiteten am Flipchart die f\u00fcr Stiftungen vermutlich relevantesten Neuerungen heraus.\" \/>\n<meta name=\"robots\" content=\"index, follow, max-snippet:-1, max-image-preview:large, max-video-preview:-1\" \/>\n<link rel=\"canonical\" href=\"https:\/\/stiftungsmarktplatz.eu\/blog\/ist-die-stiftungsrechtsreform-reform-oder-refoermchen\/\" \/>\n<meta property=\"og:locale\" content=\"de_DE\" \/>\n<meta property=\"og:type\" content=\"article\" \/>\n<meta property=\"og:title\" content=\"Ist die Stiftungsrechtsreform Reform oder Ref\u00f6rmchen? - Der Stiftungsblog f\u00fcr die Stiftungspraxis\" \/>\n<meta property=\"og:description\" content=\"#vtfds2021 \u2013 die Nachlese: Stiftungsrechtsreformen gab es schon jede Menge. Jedes Mal waren die Erwartungen an das \u00fcberarbeitete Regelwerk hoch, und die Entt\u00e4uschung ebenso, weil viele der neuen Regelungen der Stiftungspraxis schlicht vorbeigingen. Mit Dr. Christoph Mecking sortierten wir beim zweiten Virtuellen Tag f\u00fcr das Stiftungsverm\u00f6gen den aktuellen Stand der neusten Novelle, und arbeiteten am Flipchart die f\u00fcr Stiftungen vermutlich relevantesten Neuerungen heraus.\" \/>\n<meta property=\"og:url\" content=\"https:\/\/stiftungsmarktplatz.eu\/blog\/ist-die-stiftungsrechtsreform-reform-oder-refoermchen\/\" \/>\n<meta property=\"og:site_name\" content=\"Der Stiftungsblog f\u00fcr die Stiftungspraxis\" \/>\n<meta property=\"article:published_time\" content=\"2021-05-16T15:28:00+00:00\" \/>\n<meta property=\"article:modified_time\" content=\"2024-03-04T10:35:35+00:00\" \/>\n<meta property=\"og:image\" content=\"https:\/\/stiftungsmarktplatz.eu\/blog\/wp-content\/uploads\/2021\/05\/vtfds-Nachlese-Stiftungsrecht-Reform.jpg\" \/>\n\t<meta property=\"og:image:width\" content=\"1200\" \/>\n\t<meta property=\"og:image:height\" content=\"679\" \/>\n\t<meta property=\"og:image:type\" content=\"image\/jpeg\" \/>\n<meta name=\"author\" content=\"Tobias Karow\" \/>\n<meta name=\"twitter:card\" content=\"summary_large_image\" \/>\n<meta name=\"twitter:label1\" content=\"Verfasst von\" \/>\n\t<meta name=\"twitter:data1\" content=\"Tobias Karow\" \/>\n\t<meta name=\"twitter:label2\" content=\"Gesch\u00e4tzte Lesezeit\" \/>\n\t<meta name=\"twitter:data2\" content=\"4\u00a0Minuten\" \/>\n<script type=\"application\/ld+json\" class=\"yoast-schema-graph\">{\"@context\":\"https:\\\/\\\/schema.org\",\"@graph\":[{\"@type\":\"Article\",\"@id\":\"https:\\\/\\\/stiftungsmarktplatz.eu\\\/blog\\\/ist-die-stiftungsrechtsreform-reform-oder-refoermchen\\\/#article\",\"isPartOf\":{\"@id\":\"https:\\\/\\\/stiftungsmarktplatz.eu\\\/blog\\\/ist-die-stiftungsrechtsreform-reform-oder-refoermchen\\\/\"},\"author\":{\"name\":\"Tobias Karow\",\"@id\":\"https:\\\/\\\/stiftungsmarktplatz.eu\\\/blog\\\/#\\\/schema\\\/person\\\/3a42780bf87a2088578f1e8077ccfa44\"},\"headline\":\"Ist die Stiftungsrechtsreform Reform oder Ref\u00f6rmchen?\",\"datePublished\":\"2021-05-16T15:28:00+00:00\",\"dateModified\":\"2024-03-04T10:35:35+00:00\",\"mainEntityOfPage\":{\"@id\":\"https:\\\/\\\/stiftungsmarktplatz.eu\\\/blog\\\/ist-die-stiftungsrechtsreform-reform-oder-refoermchen\\\/\"},\"wordCount\":776,\"publisher\":{\"@id\":\"https:\\\/\\\/stiftungsmarktplatz.eu\\\/blog\\\/#organization\"},\"image\":{\"@id\":\"https:\\\/\\\/stiftungsmarktplatz.eu\\\/blog\\\/ist-die-stiftungsrechtsreform-reform-oder-refoermchen\\\/#primaryimage\"},\"thumbnailUrl\":\"https:\\\/\\\/stiftungsmarktplatz.eu\\\/blog\\\/wp-content\\\/uploads\\\/2021\\\/05\\\/vtfds-Nachlese-Stiftungsrecht-Reform.jpg\",\"keywords\":[\"Stiftungsverm\u00f6gen\",\"Stiftungsrecht\",\"Pflichtverletzung\",\"Haftung\",\"Stiftungsorgane\",\"Leistungsorganisation\",\"Stiftungsrechtsreform\"],\"articleSection\":[\"Stiftungsrecht\"],\"inLanguage\":\"de\"},{\"@type\":\"WebPage\",\"@id\":\"https:\\\/\\\/stiftungsmarktplatz.eu\\\/blog\\\/ist-die-stiftungsrechtsreform-reform-oder-refoermchen\\\/\",\"url\":\"https:\\\/\\\/stiftungsmarktplatz.eu\\\/blog\\\/ist-die-stiftungsrechtsreform-reform-oder-refoermchen\\\/\",\"name\":\"Ist die Stiftungsrechtsreform Reform oder Ref\u00f6rmchen? - Der Stiftungsblog f\u00fcr die Stiftungspraxis\",\"isPartOf\":{\"@id\":\"https:\\\/\\\/stiftungsmarktplatz.eu\\\/blog\\\/#website\"},\"primaryImageOfPage\":{\"@id\":\"https:\\\/\\\/stiftungsmarktplatz.eu\\\/blog\\\/ist-die-stiftungsrechtsreform-reform-oder-refoermchen\\\/#primaryimage\"},\"image\":{\"@id\":\"https:\\\/\\\/stiftungsmarktplatz.eu\\\/blog\\\/ist-die-stiftungsrechtsreform-reform-oder-refoermchen\\\/#primaryimage\"},\"thumbnailUrl\":\"https:\\\/\\\/stiftungsmarktplatz.eu\\\/blog\\\/wp-content\\\/uploads\\\/2021\\\/05\\\/vtfds-Nachlese-Stiftungsrecht-Reform.jpg\",\"datePublished\":\"2021-05-16T15:28:00+00:00\",\"dateModified\":\"2024-03-04T10:35:35+00:00\",\"description\":\"#vtfds2021 \u2013 die Nachlese: Stiftungsrechtsreformen gab es schon jede Menge. Jedes Mal waren die Erwartungen an das \u00fcberarbeitete Regelwerk hoch, und die Entt\u00e4uschung ebenso, weil viele der neuen Regelungen der Stiftungspraxis schlicht vorbeigingen. Mit Dr. Christoph Mecking sortierten wir beim zweiten Virtuellen Tag f\u00fcr das Stiftungsverm\u00f6gen den aktuellen Stand der neusten Novelle, und arbeiteten am Flipchart die f\u00fcr Stiftungen vermutlich relevantesten Neuerungen heraus.\",\"breadcrumb\":{\"@id\":\"https:\\\/\\\/stiftungsmarktplatz.eu\\\/blog\\\/ist-die-stiftungsrechtsreform-reform-oder-refoermchen\\\/#breadcrumb\"},\"inLanguage\":\"de\",\"potentialAction\":[{\"@type\":\"ReadAction\",\"target\":[\"https:\\\/\\\/stiftungsmarktplatz.eu\\\/blog\\\/ist-die-stiftungsrechtsreform-reform-oder-refoermchen\\\/\"]}]},{\"@type\":\"ImageObject\",\"inLanguage\":\"de\",\"@id\":\"https:\\\/\\\/stiftungsmarktplatz.eu\\\/blog\\\/ist-die-stiftungsrechtsreform-reform-oder-refoermchen\\\/#primaryimage\",\"url\":\"https:\\\/\\\/stiftungsmarktplatz.eu\\\/blog\\\/wp-content\\\/uploads\\\/2021\\\/05\\\/vtfds-Nachlese-Stiftungsrecht-Reform.jpg\",\"contentUrl\":\"https:\\\/\\\/stiftungsmarktplatz.eu\\\/blog\\\/wp-content\\\/uploads\\\/2021\\\/05\\\/vtfds-Nachlese-Stiftungsrecht-Reform.jpg\",\"width\":1200,\"height\":679,\"caption\":\"Stiftungsrecht-Reform\"},{\"@type\":\"BreadcrumbList\",\"@id\":\"https:\\\/\\\/stiftungsmarktplatz.eu\\\/blog\\\/ist-die-stiftungsrechtsreform-reform-oder-refoermchen\\\/#breadcrumb\",\"itemListElement\":[{\"@type\":\"ListItem\",\"position\":1,\"name\":\"Startseite\",\"item\":\"https:\\\/\\\/stiftungsmarktplatz.eu\\\/blog\\\/\"},{\"@type\":\"ListItem\",\"position\":2,\"name\":\"Ist die Stiftungsrechtsreform Reform oder Ref\u00f6rmchen?\"}]},{\"@type\":\"WebSite\",\"@id\":\"https:\\\/\\\/stiftungsmarktplatz.eu\\\/blog\\\/#website\",\"url\":\"https:\\\/\\\/stiftungsmarktplatz.eu\\\/blog\\\/\",\"name\":\"Der Stiftungsblog f\u00fcr die Stiftungspraxis\",\"description\":\"#stiftungenst\u00e4rken - NPO-Expertise von NPO-Experten\",\"publisher\":{\"@id\":\"https:\\\/\\\/stiftungsmarktplatz.eu\\\/blog\\\/#organization\"},\"potentialAction\":[{\"@type\":\"SearchAction\",\"target\":{\"@type\":\"EntryPoint\",\"urlTemplate\":\"https:\\\/\\\/stiftungsmarktplatz.eu\\\/blog\\\/?s={search_term_string}\"},\"query-input\":{\"@type\":\"PropertyValueSpecification\",\"valueRequired\":true,\"valueName\":\"search_term_string\"}}],\"inLanguage\":\"de\"},{\"@type\":\"Organization\",\"@id\":\"https:\\\/\\\/stiftungsmarktplatz.eu\\\/blog\\\/#organization\",\"name\":\"stiftungsmarktplatz.eu GbR\",\"url\":\"https:\\\/\\\/stiftungsmarktplatz.eu\\\/blog\\\/\",\"logo\":{\"@type\":\"ImageObject\",\"inLanguage\":\"de\",\"@id\":\"https:\\\/\\\/stiftungsmarktplatz.eu\\\/blog\\\/#\\\/schema\\\/logo\\\/image\\\/\",\"url\":\"https:\\\/\\\/stiftungsmarktplatz.eu\\\/blog\\\/wp-content\\\/uploads\\\/2020\\\/03\\\/Logo-blog-retina.png\",\"contentUrl\":\"https:\\\/\\\/stiftungsmarktplatz.eu\\\/blog\\\/wp-content\\\/uploads\\\/2020\\\/03\\\/Logo-blog-retina.png\",\"width\":140,\"height\":130,\"caption\":\"stiftungsmarktplatz.eu GbR\"},\"image\":{\"@id\":\"https:\\\/\\\/stiftungsmarktplatz.eu\\\/blog\\\/#\\\/schema\\\/logo\\\/image\\\/\"},\"sameAs\":[\"https:\\\/\\\/www.linkedin.com\\\/company\\\/18563519\\\/\",\"https:\\\/\\\/www.youtube.com\\\/channel\\\/UCQrF6RQRFGxTokVV4nbx25Q\"]},{\"@type\":\"Person\",\"@id\":\"https:\\\/\\\/stiftungsmarktplatz.eu\\\/blog\\\/#\\\/schema\\\/person\\\/3a42780bf87a2088578f1e8077ccfa44\",\"name\":\"Tobias Karow\",\"image\":{\"@type\":\"ImageObject\",\"inLanguage\":\"de\",\"@id\":\"https:\\\/\\\/stiftungsmarktplatz.eu\\\/blog\\\/wp-content\\\/uploads\\\/2024\\\/05\\\/tobias-karow-2024-150x150.png\",\"url\":\"https:\\\/\\\/stiftungsmarktplatz.eu\\\/blog\\\/wp-content\\\/uploads\\\/2024\\\/05\\\/tobias-karow-2024-150x150.png\",\"contentUrl\":\"https:\\\/\\\/stiftungsmarktplatz.eu\\\/blog\\\/wp-content\\\/uploads\\\/2024\\\/05\\\/tobias-karow-2024-150x150.png\",\"caption\":\"Tobias Karow\"},\"description\":\"ist Gr\u00fcnder und Gesch\u00e4ftsf\u00fchrer von stiftungsmarktplatz.eu und im Stiftungswesen in Deutschland, \u00d6sterreich, der Schweiz und Liechtenstein seit 10 Jahren aktiv. Er ist Herausgeber der FondsFibel f\u00fcr Stiftungen &amp; NPOs, dem f\u00fchrenden Nachschlagewerk f\u00fcr Stiftungsfonds und stiftungsgeeignete Fonds (www.fondsfibel.de), Vortr\u00e4ge h\u00e4lt er vor allem zum Thema \u201aStiftungen und ihr Weg in die digitale Welt\u2018. F\u00fcr beide Themen betreibt er den Blog #stiftungenst\u00e4rken.\",\"sameAs\":[\"https:\\\/\\\/www.fondsfibel.de\"],\"url\":\"https:\\\/\\\/stiftungsmarktplatz.eu\\\/blog\\\/author\\\/tobias-karow\\\/\"}]}<\/script>\n<!-- \/ Yoast SEO plugin. -->","yoast_head_json":{"title":"Ist die Stiftungsrechtsreform Reform oder Ref\u00f6rmchen? - Der Stiftungsblog f\u00fcr die Stiftungspraxis","description":"#vtfds2021 \u2013 die Nachlese: Stiftungsrechtsreformen gab es schon jede Menge. Jedes Mal waren die Erwartungen an das \u00fcberarbeitete Regelwerk hoch, und die Entt\u00e4uschung ebenso, weil viele der neuen Regelungen der Stiftungspraxis schlicht vorbeigingen. Mit Dr. Christoph Mecking sortierten wir beim zweiten Virtuellen Tag f\u00fcr das Stiftungsverm\u00f6gen den aktuellen Stand der neusten Novelle, und arbeiteten am Flipchart die f\u00fcr Stiftungen vermutlich relevantesten Neuerungen heraus.","robots":{"index":"index","follow":"follow","max-snippet":"max-snippet:-1","max-image-preview":"max-image-preview:large","max-video-preview":"max-video-preview:-1"},"canonical":"https:\/\/stiftungsmarktplatz.eu\/blog\/ist-die-stiftungsrechtsreform-reform-oder-refoermchen\/","og_locale":"de_DE","og_type":"article","og_title":"Ist die Stiftungsrechtsreform Reform oder Ref\u00f6rmchen? - Der Stiftungsblog f\u00fcr die Stiftungspraxis","og_description":"#vtfds2021 \u2013 die Nachlese: Stiftungsrechtsreformen gab es schon jede Menge. Jedes Mal waren die Erwartungen an das \u00fcberarbeitete Regelwerk hoch, und die Entt\u00e4uschung ebenso, weil viele der neuen Regelungen der Stiftungspraxis schlicht vorbeigingen. Mit Dr. Christoph Mecking sortierten wir beim zweiten Virtuellen Tag f\u00fcr das Stiftungsverm\u00f6gen den aktuellen Stand der neusten Novelle, und arbeiteten am Flipchart die f\u00fcr Stiftungen vermutlich relevantesten Neuerungen heraus.","og_url":"https:\/\/stiftungsmarktplatz.eu\/blog\/ist-die-stiftungsrechtsreform-reform-oder-refoermchen\/","og_site_name":"Der Stiftungsblog f\u00fcr die Stiftungspraxis","article_published_time":"2021-05-16T15:28:00+00:00","article_modified_time":"2024-03-04T10:35:35+00:00","og_image":[{"width":1200,"height":679,"url":"https:\/\/stiftungsmarktplatz.eu\/blog\/wp-content\/uploads\/2021\/05\/vtfds-Nachlese-Stiftungsrecht-Reform.jpg","type":"image\/jpeg"}],"author":"Tobias Karow","twitter_card":"summary_large_image","twitter_misc":{"Verfasst von":"Tobias Karow","Gesch\u00e4tzte Lesezeit":"4\u00a0Minuten"},"schema":{"@context":"https:\/\/schema.org","@graph":[{"@type":"Article","@id":"https:\/\/stiftungsmarktplatz.eu\/blog\/ist-die-stiftungsrechtsreform-reform-oder-refoermchen\/#article","isPartOf":{"@id":"https:\/\/stiftungsmarktplatz.eu\/blog\/ist-die-stiftungsrechtsreform-reform-oder-refoermchen\/"},"author":{"name":"Tobias Karow","@id":"https:\/\/stiftungsmarktplatz.eu\/blog\/#\/schema\/person\/3a42780bf87a2088578f1e8077ccfa44"},"headline":"Ist die Stiftungsrechtsreform Reform oder Ref\u00f6rmchen?","datePublished":"2021-05-16T15:28:00+00:00","dateModified":"2024-03-04T10:35:35+00:00","mainEntityOfPage":{"@id":"https:\/\/stiftungsmarktplatz.eu\/blog\/ist-die-stiftungsrechtsreform-reform-oder-refoermchen\/"},"wordCount":776,"publisher":{"@id":"https:\/\/stiftungsmarktplatz.eu\/blog\/#organization"},"image":{"@id":"https:\/\/stiftungsmarktplatz.eu\/blog\/ist-die-stiftungsrechtsreform-reform-oder-refoermchen\/#primaryimage"},"thumbnailUrl":"https:\/\/stiftungsmarktplatz.eu\/blog\/wp-content\/uploads\/2021\/05\/vtfds-Nachlese-Stiftungsrecht-Reform.jpg","keywords":["Stiftungsverm\u00f6gen","Stiftungsrecht","Pflichtverletzung","Haftung","Stiftungsorgane","Leistungsorganisation","Stiftungsrechtsreform"],"articleSection":["Stiftungsrecht"],"inLanguage":"de"},{"@type":"WebPage","@id":"https:\/\/stiftungsmarktplatz.eu\/blog\/ist-die-stiftungsrechtsreform-reform-oder-refoermchen\/","url":"https:\/\/stiftungsmarktplatz.eu\/blog\/ist-die-stiftungsrechtsreform-reform-oder-refoermchen\/","name":"Ist die Stiftungsrechtsreform Reform oder Ref\u00f6rmchen? - Der Stiftungsblog f\u00fcr die Stiftungspraxis","isPartOf":{"@id":"https:\/\/stiftungsmarktplatz.eu\/blog\/#website"},"primaryImageOfPage":{"@id":"https:\/\/stiftungsmarktplatz.eu\/blog\/ist-die-stiftungsrechtsreform-reform-oder-refoermchen\/#primaryimage"},"image":{"@id":"https:\/\/stiftungsmarktplatz.eu\/blog\/ist-die-stiftungsrechtsreform-reform-oder-refoermchen\/#primaryimage"},"thumbnailUrl":"https:\/\/stiftungsmarktplatz.eu\/blog\/wp-content\/uploads\/2021\/05\/vtfds-Nachlese-Stiftungsrecht-Reform.jpg","datePublished":"2021-05-16T15:28:00+00:00","dateModified":"2024-03-04T10:35:35+00:00","description":"#vtfds2021 \u2013 die Nachlese: Stiftungsrechtsreformen gab es schon jede Menge. Jedes Mal waren die Erwartungen an das \u00fcberarbeitete Regelwerk hoch, und die Entt\u00e4uschung ebenso, weil viele der neuen Regelungen der Stiftungspraxis schlicht vorbeigingen. Mit Dr. Christoph Mecking sortierten wir beim zweiten Virtuellen Tag f\u00fcr das Stiftungsverm\u00f6gen den aktuellen Stand der neusten Novelle, und arbeiteten am Flipchart die f\u00fcr Stiftungen vermutlich relevantesten Neuerungen heraus.","breadcrumb":{"@id":"https:\/\/stiftungsmarktplatz.eu\/blog\/ist-die-stiftungsrechtsreform-reform-oder-refoermchen\/#breadcrumb"},"inLanguage":"de","potentialAction":[{"@type":"ReadAction","target":["https:\/\/stiftungsmarktplatz.eu\/blog\/ist-die-stiftungsrechtsreform-reform-oder-refoermchen\/"]}]},{"@type":"ImageObject","inLanguage":"de","@id":"https:\/\/stiftungsmarktplatz.eu\/blog\/ist-die-stiftungsrechtsreform-reform-oder-refoermchen\/#primaryimage","url":"https:\/\/stiftungsmarktplatz.eu\/blog\/wp-content\/uploads\/2021\/05\/vtfds-Nachlese-Stiftungsrecht-Reform.jpg","contentUrl":"https:\/\/stiftungsmarktplatz.eu\/blog\/wp-content\/uploads\/2021\/05\/vtfds-Nachlese-Stiftungsrecht-Reform.jpg","width":1200,"height":679,"caption":"Stiftungsrecht-Reform"},{"@type":"BreadcrumbList","@id":"https:\/\/stiftungsmarktplatz.eu\/blog\/ist-die-stiftungsrechtsreform-reform-oder-refoermchen\/#breadcrumb","itemListElement":[{"@type":"ListItem","position":1,"name":"Startseite","item":"https:\/\/stiftungsmarktplatz.eu\/blog\/"},{"@type":"ListItem","position":2,"name":"Ist die Stiftungsrechtsreform Reform oder Ref\u00f6rmchen?"}]},{"@type":"WebSite","@id":"https:\/\/stiftungsmarktplatz.eu\/blog\/#website","url":"https:\/\/stiftungsmarktplatz.eu\/blog\/","name":"Der Stiftungsblog f\u00fcr die Stiftungspraxis","description":"#stiftungenst\u00e4rken - NPO-Expertise von NPO-Experten","publisher":{"@id":"https:\/\/stiftungsmarktplatz.eu\/blog\/#organization"},"potentialAction":[{"@type":"SearchAction","target":{"@type":"EntryPoint","urlTemplate":"https:\/\/stiftungsmarktplatz.eu\/blog\/?s={search_term_string}"},"query-input":{"@type":"PropertyValueSpecification","valueRequired":true,"valueName":"search_term_string"}}],"inLanguage":"de"},{"@type":"Organization","@id":"https:\/\/stiftungsmarktplatz.eu\/blog\/#organization","name":"stiftungsmarktplatz.eu GbR","url":"https:\/\/stiftungsmarktplatz.eu\/blog\/","logo":{"@type":"ImageObject","inLanguage":"de","@id":"https:\/\/stiftungsmarktplatz.eu\/blog\/#\/schema\/logo\/image\/","url":"https:\/\/stiftungsmarktplatz.eu\/blog\/wp-content\/uploads\/2020\/03\/Logo-blog-retina.png","contentUrl":"https:\/\/stiftungsmarktplatz.eu\/blog\/wp-content\/uploads\/2020\/03\/Logo-blog-retina.png","width":140,"height":130,"caption":"stiftungsmarktplatz.eu GbR"},"image":{"@id":"https:\/\/stiftungsmarktplatz.eu\/blog\/#\/schema\/logo\/image\/"},"sameAs":["https:\/\/www.linkedin.com\/company\/18563519\/","https:\/\/www.youtube.com\/channel\/UCQrF6RQRFGxTokVV4nbx25Q"]},{"@type":"Person","@id":"https:\/\/stiftungsmarktplatz.eu\/blog\/#\/schema\/person\/3a42780bf87a2088578f1e8077ccfa44","name":"Tobias Karow","image":{"@type":"ImageObject","inLanguage":"de","@id":"https:\/\/stiftungsmarktplatz.eu\/blog\/wp-content\/uploads\/2024\/05\/tobias-karow-2024-150x150.png","url":"https:\/\/stiftungsmarktplatz.eu\/blog\/wp-content\/uploads\/2024\/05\/tobias-karow-2024-150x150.png","contentUrl":"https:\/\/stiftungsmarktplatz.eu\/blog\/wp-content\/uploads\/2024\/05\/tobias-karow-2024-150x150.png","caption":"Tobias Karow"},"description":"ist Gr\u00fcnder und Gesch\u00e4ftsf\u00fchrer von stiftungsmarktplatz.eu und im Stiftungswesen in Deutschland, \u00d6sterreich, der Schweiz und Liechtenstein seit 10 Jahren aktiv. Er ist Herausgeber der FondsFibel f\u00fcr Stiftungen &amp; NPOs, dem f\u00fchrenden Nachschlagewerk f\u00fcr Stiftungsfonds und stiftungsgeeignete Fonds (www.fondsfibel.de), Vortr\u00e4ge h\u00e4lt er vor allem zum Thema \u201aStiftungen und ihr Weg in die digitale Welt\u2018. F\u00fcr beide Themen betreibt er den Blog #stiftungenst\u00e4rken.","sameAs":["https:\/\/www.fondsfibel.de"],"url":"https:\/\/stiftungsmarktplatz.eu\/blog\/author\/tobias-karow\/"}]}},"post_mailing_queue_ids":[],"_links":{"self":[{"href":"https:\/\/stiftungsmarktplatz.eu\/blog\/wp-json\/wp\/v2\/posts\/2199","targetHints":{"allow":["GET"]}}],"collection":[{"href":"https:\/\/stiftungsmarktplatz.eu\/blog\/wp-json\/wp\/v2\/posts"}],"about":[{"href":"https:\/\/stiftungsmarktplatz.eu\/blog\/wp-json\/wp\/v2\/types\/post"}],"author":[{"embeddable":true,"href":"https:\/\/stiftungsmarktplatz.eu\/blog\/wp-json\/wp\/v2\/users\/8"}],"replies":[{"embeddable":true,"href":"https:\/\/stiftungsmarktplatz.eu\/blog\/wp-json\/wp\/v2\/comments?post=2199"}],"version-history":[{"count":4,"href":"https:\/\/stiftungsmarktplatz.eu\/blog\/wp-json\/wp\/v2\/posts\/2199\/revisions"}],"predecessor-version":[{"id":2459,"href":"https:\/\/stiftungsmarktplatz.eu\/blog\/wp-json\/wp\/v2\/posts\/2199\/revisions\/2459"}],"wp:featuredmedia":[{"embeddable":true,"href":"https:\/\/stiftungsmarktplatz.eu\/blog\/wp-json\/wp\/v2\/media\/2204"}],"wp:attachment":[{"href":"https:\/\/stiftungsmarktplatz.eu\/blog\/wp-json\/wp\/v2\/media?parent=2199"}],"wp:term":[{"taxonomy":"category","embeddable":true,"href":"https:\/\/stiftungsmarktplatz.eu\/blog\/wp-json\/wp\/v2\/categories?post=2199"},{"taxonomy":"post_tag","embeddable":true,"href":"https:\/\/stiftungsmarktplatz.eu\/blog\/wp-json\/wp\/v2\/tags?post=2199"}],"curies":[{"name":"wp","href":"https:\/\/api.w.org\/{rel}","templated":true}]}}