{"id":2191,"date":"2021-05-16T10:54:00","date_gmt":"2021-05-16T08:54:00","guid":{"rendered":"https:\/\/stiftungsmarktplatz.eu\/blog\/?p=2191"},"modified":"2021-07-12T12:28:27","modified_gmt":"2021-07-12T10:28:27","slug":"stiftungsvermoegen-und-leistungskraft","status":"publish","type":"post","link":"https:\/\/stiftungsmarktplatz.eu\/blog\/stiftungsvermoegen-und-leistungskraft\/","title":{"rendered":"Stiftungsverm\u00f6gen und Leistungskraft"},"content":{"rendered":"<span class=\"span-reading-time rt-reading-time\" style=\"display: block;\"><span class=\"rt-label rt-prefix\">Lesezeit: <\/span> <span class=\"rt-time\"> 4<\/span> <span class=\"rt-label rt-postfix\">Minuten<\/span><\/span>\n<p><em><strong><strong><em>#vtfds2021 <\/em><\/strong><\/strong><em>\u2013 die Nachlese: Die Leistungskraft des Stiftungsverm\u00f6gens leitet sich daraus ab, welche ordentlichen Ertr\u00e4ge f\u00fcr die Zweckverwirklichung zur Verf\u00fcgung stehen und wie zuk\u00fcnftig die notwendigen Zufl\u00fcsse erzielt werden k\u00f6nnen. Mit<\/em> <a href=\"https:\/\/stiftungsmarktplatz.eu\/dienstleister\/kanzlei-dr-mecking\/\" target=\"_blank\" rel=\"noreferrer noopener\">Dr. Christoph Mecking<\/a> und <a href=\"https:\/\/stiftungsmarktplatz.eu\/dienstleister\/stiftungszentrum-beuerberg\/\" target=\"_blank\" rel=\"noreferrer noopener\">Dr. Stefan Fritz<\/a>, <em>zwei ausgewiesenen Stiftungsexperten, sprachen wir beim zweiten Virtuellen Tag f\u00fcr das Stiftungsverm\u00f6gen \u00fcber den Begriff an sich, aber auch \u00fcber Mittel und Wege, wie die Leistungskraft des Stiftungsverm\u00f6gens zu st\u00e4rken ist.<\/em><\/em><\/p>\n\n\n\n<p>Leistungskraft ist ein zentraler Begriff rund um das Stiftungsverm\u00f6gen. Ein Stiftungsverm\u00f6gen ist genau dann leistungsf\u00e4hig, wenn ausreichende Ertr\u00e4ge flie\u00dfen, um den Stiftungszweck dauernd und nachhaltig erf\u00fcllen zu k\u00f6nnen. Nebenbedingung ist, dass das Grundstockverm\u00f6gen bzw. der Kapitalstock einer Stiftung nicht ausgezehrt wird. Dr. Christoph Mecking f\u00fchrte Stiftungsverantwortliche in seinem einf\u00fchrenden Impuls genau auf die Notwendigkeit zur\u00fcck, Stiftungsverm\u00f6gen zu bewirtschaften. \u201eJede Kapitalstiftung braucht Mittel, um \u00fcberhaupt t\u00e4tig zu sein\u201c, ordnete der Stiftungsexperte den Sachverhalt einmal ganz grunds\u00e4tzlich ein, um zu erg\u00e4nzen: \u201eDie Stiftung ist ein organisiertes Zweckverm\u00f6gen, und das Verm\u00f6gen ist die Grundlage f\u00fcr dessen Leistungskraft.\u201c<\/p>\n\n\n\n<div class=\"resp-container\"> <iframe class=\"resp-iframe\" src=\"https:\/\/commerzreal.stiftungsmarktplatz.eu\/index.html\" frameborder=\"0\"><\/iframe><\/div>\n\n\n\n<h2 class=\"wp-block-heading\"><strong>LEISTUNGSKRAFT ST\u00c4RKEN, DARUM GEHT ES HEUTE IN VIELEN STIFTUNGSVERM\u00d6GEN<\/strong><\/h2>\n\n\n\n<p>Es geht also darum, die Leistungskraft zu st\u00e4rken, und f\u00fcr Dr. Christoph Mecking ist dabei v\u00f6llig klar, dass dies nur durch einen zeitgem\u00e4\u00dfen Einsatz des Stiftungsverm\u00f6gens zu schaffen ist. Die m\u00fcndelsichere Anlage hat sich in heutigen Zeiten \u00fcberlebt, daf\u00fcr sollte die Aktie st\u00e4rkere Ber\u00fccksichtigung finden, die in vielen Stiftungsverm\u00f6gen immer noch nur in hom\u00f6opathischen Dosen enthalten ist. Dr. Christoph Mecking analysierte: \u201ePraktisch alle Untersuchungen zeigen, dass nur durch die Aktienanlage auf lange Sicht das Stiftungsverm\u00f6gen in seinem realen Wert erhalten oder sogar vermehrt werden kann. Und aus der Aktienanlage sind auch ordentliche Ertr\u00e4ge zu erwirtschaften als Dividende, die heute in vielen F\u00e4llen deutlich h\u00f6her ausf\u00e4llt als der Zinsertrag aus einer Anleihe.\u201c<\/p>\n\n\n\n<blockquote class=\"wp-block-quote td_quote_box td_box_center is-layout-flow wp-block-quote-is-layout-flow\"><p><br><br><strong><u>VIDEOTIPP:<\/u><\/strong> Den kompletten Stream des zweiten Virtuellen Tags f\u00fcr das Stiftungsverm\u00f6gen im RE-LIVE sowie die Mediathek zum #vtfds2021 finden Sie auf <a href=\"https:\/\/vtfds.de\/\" target=\"_blank\" rel=\"noreferrer noopener\">www.vtfds.de<\/a>.<\/p><\/blockquote>\n\n\n\n<h2 class=\"wp-block-heading\">DER STIFTUNGSVORSTAND ENTSCHEIDET, NICHT DIE STIFTUNGSAUFSICHT<\/h2>\n\n\n\n<p>F\u00fcr Dr. Mecking ist die Ber\u00fccksichtigung der Aktien aber nur der Anfang bzw. ein Baustein einer zeitgem\u00e4\u00dfen Verm\u00f6gensanlage einer Stiftung. Stiftungen m\u00fcssten vielmehr breit diversifizieren, ihr Stiftungsverm\u00f6gen auf mehrere F\u00fc\u00dfe stellen, und sollten hierbei nicht auf konstruktive Hinweise seitens der Stiftungsaufsichtsbeh\u00f6rden warten. Diese gebe es zwar mitunter, aber letzten Endes sei es der Stiftungsvorstand, der verantwortlich ist und \u201emachen muss\u201c: \u201eDer Stiftungsvorstand entscheidet, nicht die Stiftungsaufsicht. Und weil dem so ist, sollte der Stiftungsvorstand genau das auch tun \u2013 auf Basis gut fundierter und sachgerechter Informationen.\u201c<\/p>\n\n\n\n<h2 class=\"wp-block-heading\">NICHTSTUN KANN EINEN HAFTUNGSTATBESTAND BEGR\u00dcNDEN<\/h2>\n\n\n\n<p>Manche Stiftungsvorst\u00e4nde haben aber \u00c4ngste, die notwendigen, vielleicht auch mit einem gewissen Risiko verbundenen Entscheidungen zu treffen, f\u00fchrte Dr. Mecking zudem aus, und weist auf ein Problem hin: \u201eWer nicht entscheidet, nichts tut und meint, damit sei man auf der sicheren Seite, der irrt. Die, die nichts tun, k\u00f6nnten wom\u00f6glich eines Tages ihre Quittung bekommen.\u201c &nbsp;L\u00f6sungen dr\u00e4ngen sich indes nicht auf. \u201c Was hier drinsteckt, ist eine gewisse Handlungsempfehlung f\u00fcr Stiftungsverantwortliche, sich mit dem Thema Verm\u00f6gen auseinanderzusetzen \u2013 aber nicht in dem Sinne, jetzt zum Verm\u00f6gensprofi zu werden, sondern sich Profis f\u00fcr das Verm\u00f6gensthema zu suchen. Denn: \u201eNichtstun kann einen Haftungstatbestand begr\u00fcnden\u201c, brachte Dr. Christoph Mecking das Problem noch einmal auf den Punkt.<\/p>\n\n\n\n<h2 class=\"wp-block-heading\">DER KAPITALERHALT WIRD VERABSOLUTIERT<\/h2>\n\n\n\n<p>Dr. Stefan Fritz, Gesch\u00e4ftsf\u00fchrer der Bischof Arbeo Stiftung, brachte noch einen anderen f\u00fcr Stiftungsverantwortliche wichtigen Aspekt in die Diskussion ein. F\u00fcr ihn stellt sich die Situation in vielen Stiftungen wie folgt dar: \u201eIn meinen Augen hat die Betonung des Kapitalerhalts in der juristischen Diskussion und auch in der Praxis vieler Stiftungen ein \u00dcbergewicht eingenommen. Oft ist es so, dass der Kapitalerhalt verabsolutiert wird und die anderen Ziele der Kapitalanlage, etwa das des ordentlichen Ertrags oder der Nachhaltigkeit, dem nachgeordnet werden. Das aber darf nicht sein.\u201c F\u00fcr Dr. Stefan Fritz ist zudem klar, dass \u201ewenn Stiftungen langfristig denken, eben Ziele wie das Ertragsziel nicht automatisch ins Hintertreffen gelangen d\u00fcrfen\u201c.<\/p>\n\n\n\n<h2 class=\"wp-block-heading\">DR. STEFAN FRITZ REGT AN, IN SZENARIEN ZU DENKEN<\/h2>\n\n\n\n<p>Der Langfristaspekt ist zudem einer, dem wir beim zweiten Virtuellen Tag f\u00fcr das Stiftungsverm\u00f6gen mit dem Begriff \u201eStiftungsverm\u00f6gen 2030\u201c Ausdruck verliehen haben, und f\u00fcr Dr. Fritz passt dies f\u00fcr viele Stiftungen sehr gut. \u201eBei Stiftungen geht es nicht um die Verm\u00f6gensoptimierung, sondern um die Verwirklichung des Stiftungszwecks.\u201c In der t\u00e4glichen Praxis kann das f\u00fcr Stiftungen auch bedeuten, sich von den g\u00e4ngigen Risikokennziffern zu l\u00f6sen. \u201eDie Aussagekraft von Risikokennziffern nimmt ja immer mehr ab, je l\u00e4nger eine Stiftung den Anlagehorizont fasst. Stiftungen sollten eher in Szenarien denken, sich zum Beispiel ein Basis-Szenario und ein Worst-Case-Szenario zurechtlegen, zwischen denen sie sich dann etwa in der strategischen Asset Allocation bewegen.\u201c<\/p>\n\n\n\n<h2 class=\"wp-block-heading\">STIFTUNGEN SIND DIE ANLEGERGRUPPE, DIE AM WENIGSTEN REGULIERT IST<\/h2>\n\n\n\n<p>Was Stiftungen in den Augen von Dr. Stefan Fritz ebenfalls \u00fcberwinden m\u00fcssen, sei das mantrahafte Schauen auf den kurzfristigen Verlust. \u201eWenn Stiftungen den Zeitraum 2030 im Auge haben, dann wird schnell klar, wie wenig relevant selbst so ein Ereignis wie der Corona-Crash im M\u00e4rz 2020 f\u00fcr die langfristige Anlage von Stiftungsverm\u00f6gen ist\u201c, sortierte Dr. Fritz das j\u00fcngste Geschehen ein, und erg\u00e4nzt: \u201eWir sind als Stiftung die Anlegergruppe, die am allerwenigsten reguliert ist \u2013 im Vergleich etwa zu Versicherungen oder anderen; wir k\u00f6nnen also relativ frei \u00fcber unsere Anlagepolitik entscheiden. Viele Stiftungen binden sich hier zu sehr durch \u00fcberkommene Anlagetraditionen. Es gibt f\u00fcr Stiftungen so gut wie keine gesetzlichen Restriktionen f\u00fcr das Stiftungsverm\u00f6gen.\u201c<\/p>\n\n\n\n<h2 class=\"wp-block-heading\">ZUSAMMENGEFASST<\/h2>\n\n\n\n<p>Es liegt an den Stiftungen und ihren Verantwortlichen, die richtigen Entscheidungen f\u00fcr das Stiftungsverm\u00f6gen zu treffen. <a href=\"https:\/\/stiftungsmarktplatz.eu\/dienstleister\/kanzlei-dr-mecking\/\" target=\"_blank\" rel=\"noreferrer noopener\">Dr. Christoph Mecking<\/a> und <a href=\"https:\/\/stiftungsmarktplatz.eu\/dienstleister\/stiftungszentrum-beuerberg\/\" target=\"_blank\" rel=\"noreferrer noopener\">Dr. Stefan Fritz <\/a>hoben auf die Leistungskraft des Stiftungsverm\u00f6gens ab und wie diese zu st\u00e4rken ist, und zudem auch auf die praktisch nicht vorhandenen rechtlichen Restriktionen bei Investitionsentscheidungen. Stiftungen sind hohe Freiheitsgrade in der Anlage des Stiftungsverm\u00f6gens einger\u00e4umt. Sie k\u00f6nnen Anlagehorizonte weiten, sich auch mit alternativen Szenarien befassen und m\u00fcssen nicht in festgefahrenen Marktbildern haften bleiben. Insofern gibt es im Kontext von Stiftungsverm\u00f6gen 2030 jede Menge zu tun, aber eben auch jede Menge Spielr\u00e4ume zur verantwortlichen Gestaltung.<br><\/p>\n\n\n\n<p><\/p>\n","protected":false},"excerpt":{"rendered":"<p><span class=\"span-reading-time rt-reading-time\" style=\"display: block;\"><span class=\"rt-label rt-prefix\">Lesezeit: <\/span> <span class=\"rt-time\"> 4<\/span> <span class=\"rt-label rt-postfix\">Minuten<\/span><\/span>#vtfds2021 \u2013 die Nachlese: Die Leistungskraft des Stiftungsverm\u00f6gens leitet sich daraus ab, welche ordentlichen Ertr\u00e4ge f\u00fcr die Zweckverwirklichung zur Verf\u00fcgung stehen und wie zuk\u00fcnftig die notwendigen Zufl\u00fcsse erzielt werden k\u00f6nnen. Mit Dr. Christoph Mecking und Dr. Stefan Fritz, zwei ausgewiesenen Stiftungsexperten, sprachen wir beim zweiten Virtuellen Tag f\u00fcr das Stiftungsverm\u00f6gen \u00fcber den Begriff an sich, aber auch \u00fcber Mittel und Wege, wie die Leistungskraft des Stiftungsverm\u00f6gens zu st\u00e4rken ist.<\/p>\n","protected":false},"author":8,"featured_media":2193,"comment_status":"closed","ping_status":"open","sticky":false,"template":"","format":"standard","meta":{"ngg_post_thumbnail":0,"footnotes":""},"categories":[12],"tags":[14,23,27,28,87,155],"class_list":{"0":"post-2191","1":"post","2":"type-post","3":"status-publish","4":"format-standard","5":"has-post-thumbnail","7":"category-tipps-fuer-die-stiftungspraxis","8":"tag-stiftungsfonds","9":"tag-stiftungsgeeignete-fonds","10":"tag-stiftungsvermoegen","11":"tag-kapitalanlage","12":"tag-stiftungsaufsichten","13":"tag-vtfds2021"},"yoast_head":"<!-- This site is optimized with the Yoast SEO plugin v27.4 - https:\/\/yoast.com\/product\/yoast-seo-wordpress\/ -->\n<title>Stiftungsverm\u00f6gen und Leistungskraft - Der Stiftungsblog f\u00fcr die Stiftungspraxis<\/title>\n<meta name=\"description\" content=\"#vtfds2021 \u2013 die Nachlese: Die Leistungskraft des Stiftungsverm\u00f6gens leitet sich daraus ab, welche ordentlichen Ertr\u00e4ge f\u00fcr die Zweckverwirklichung zur Verf\u00fcgung stehen und wie zuk\u00fcnftig die notwendigen Zufl\u00fcsse erzielt werden k\u00f6nnen. Mit Dr. Christoph Mecking und Dr. Stefan Fritz, zwei ausgewiesenen Stiftungsexperten, sprachen wir beim zweiten Virtuellen Tag f\u00fcr das Stiftungsverm\u00f6gen \u00fcber den Begriff an sich, aber auch \u00fcber Mittel und Wege, wie die Leistungskraft des Stiftungsverm\u00f6gens zu st\u00e4rken ist.\" \/>\n<meta name=\"robots\" content=\"index, follow, max-snippet:-1, max-image-preview:large, max-video-preview:-1\" \/>\n<link rel=\"canonical\" href=\"https:\/\/stiftungsmarktplatz.eu\/blog\/stiftungsvermoegen-und-leistungskraft\/\" \/>\n<meta property=\"og:locale\" content=\"de_DE\" \/>\n<meta property=\"og:type\" content=\"article\" \/>\n<meta property=\"og:title\" content=\"Stiftungsverm\u00f6gen und Leistungskraft - Der Stiftungsblog f\u00fcr die Stiftungspraxis\" \/>\n<meta property=\"og:description\" content=\"#vtfds2021 \u2013 die Nachlese: Die Leistungskraft des Stiftungsverm\u00f6gens leitet sich daraus ab, welche ordentlichen Ertr\u00e4ge f\u00fcr die Zweckverwirklichung zur Verf\u00fcgung stehen und wie zuk\u00fcnftig die notwendigen Zufl\u00fcsse erzielt werden k\u00f6nnen. Mit Dr. Christoph Mecking und Dr. Stefan Fritz, zwei ausgewiesenen Stiftungsexperten, sprachen wir beim zweiten Virtuellen Tag f\u00fcr das Stiftungsverm\u00f6gen \u00fcber den Begriff an sich, aber auch \u00fcber Mittel und Wege, wie die Leistungskraft des Stiftungsverm\u00f6gens zu st\u00e4rken ist.\" \/>\n<meta property=\"og:url\" content=\"https:\/\/stiftungsmarktplatz.eu\/blog\/stiftungsvermoegen-und-leistungskraft\/\" \/>\n<meta property=\"og:site_name\" content=\"Der Stiftungsblog f\u00fcr die Stiftungspraxis\" \/>\n<meta property=\"article:published_time\" content=\"2021-05-16T08:54:00+00:00\" \/>\n<meta property=\"article:modified_time\" content=\"2021-07-12T10:28:27+00:00\" \/>\n<meta property=\"og:image\" content=\"https:\/\/stiftungsmarktplatz.eu\/blog\/wp-content\/uploads\/2021\/05\/Nachlese-Enfuehrende-Impulse-Mecking-Fritz.jpg\" \/>\n\t<meta property=\"og:image:width\" content=\"1200\" \/>\n\t<meta property=\"og:image:height\" content=\"679\" \/>\n\t<meta property=\"og:image:type\" content=\"image\/jpeg\" \/>\n<meta name=\"author\" content=\"Tobias Karow\" \/>\n<meta name=\"twitter:card\" content=\"summary_large_image\" \/>\n<meta name=\"twitter:label1\" content=\"Verfasst von\" \/>\n\t<meta name=\"twitter:data1\" content=\"Tobias Karow\" \/>\n\t<meta name=\"twitter:label2\" content=\"Gesch\u00e4tzte Lesezeit\" \/>\n\t<meta name=\"twitter:data2\" content=\"5\u00a0Minuten\" \/>\n<script type=\"application\/ld+json\" class=\"yoast-schema-graph\">{\"@context\":\"https:\\\/\\\/schema.org\",\"@graph\":[{\"@type\":\"Article\",\"@id\":\"https:\\\/\\\/stiftungsmarktplatz.eu\\\/blog\\\/stiftungsvermoegen-und-leistungskraft\\\/#article\",\"isPartOf\":{\"@id\":\"https:\\\/\\\/stiftungsmarktplatz.eu\\\/blog\\\/stiftungsvermoegen-und-leistungskraft\\\/\"},\"author\":{\"name\":\"Tobias Karow\",\"@id\":\"https:\\\/\\\/stiftungsmarktplatz.eu\\\/blog\\\/#\\\/schema\\\/person\\\/3a42780bf87a2088578f1e8077ccfa44\"},\"headline\":\"Stiftungsverm\u00f6gen und Leistungskraft\",\"datePublished\":\"2021-05-16T08:54:00+00:00\",\"dateModified\":\"2021-07-12T10:28:27+00:00\",\"mainEntityOfPage\":{\"@id\":\"https:\\\/\\\/stiftungsmarktplatz.eu\\\/blog\\\/stiftungsvermoegen-und-leistungskraft\\\/\"},\"wordCount\":1067,\"publisher\":{\"@id\":\"https:\\\/\\\/stiftungsmarktplatz.eu\\\/blog\\\/#organization\"},\"image\":{\"@id\":\"https:\\\/\\\/stiftungsmarktplatz.eu\\\/blog\\\/stiftungsvermoegen-und-leistungskraft\\\/#primaryimage\"},\"thumbnailUrl\":\"https:\\\/\\\/stiftungsmarktplatz.eu\\\/blog\\\/wp-content\\\/uploads\\\/2021\\\/05\\\/Nachlese-Enfuehrende-Impulse-Mecking-Fritz.jpg\",\"keywords\":[\"Stiftungsfonds\",\"stiftungsgeeignete Fonds\",\"Stiftungsverm\u00f6gen\",\"Kapitalanlage\",\"Stiftungsaufsichten\",\"VTFDS2021\"],\"articleSection\":[\"Tipps f\u00fcr die Stiftungspraxis\"],\"inLanguage\":\"de\"},{\"@type\":\"WebPage\",\"@id\":\"https:\\\/\\\/stiftungsmarktplatz.eu\\\/blog\\\/stiftungsvermoegen-und-leistungskraft\\\/\",\"url\":\"https:\\\/\\\/stiftungsmarktplatz.eu\\\/blog\\\/stiftungsvermoegen-und-leistungskraft\\\/\",\"name\":\"Stiftungsverm\u00f6gen und Leistungskraft - Der Stiftungsblog f\u00fcr die Stiftungspraxis\",\"isPartOf\":{\"@id\":\"https:\\\/\\\/stiftungsmarktplatz.eu\\\/blog\\\/#website\"},\"primaryImageOfPage\":{\"@id\":\"https:\\\/\\\/stiftungsmarktplatz.eu\\\/blog\\\/stiftungsvermoegen-und-leistungskraft\\\/#primaryimage\"},\"image\":{\"@id\":\"https:\\\/\\\/stiftungsmarktplatz.eu\\\/blog\\\/stiftungsvermoegen-und-leistungskraft\\\/#primaryimage\"},\"thumbnailUrl\":\"https:\\\/\\\/stiftungsmarktplatz.eu\\\/blog\\\/wp-content\\\/uploads\\\/2021\\\/05\\\/Nachlese-Enfuehrende-Impulse-Mecking-Fritz.jpg\",\"datePublished\":\"2021-05-16T08:54:00+00:00\",\"dateModified\":\"2021-07-12T10:28:27+00:00\",\"description\":\"#vtfds2021 \u2013 die Nachlese: Die Leistungskraft des Stiftungsverm\u00f6gens leitet sich daraus ab, welche ordentlichen Ertr\u00e4ge f\u00fcr die Zweckverwirklichung zur Verf\u00fcgung stehen und wie zuk\u00fcnftig die notwendigen Zufl\u00fcsse erzielt werden k\u00f6nnen. Mit Dr. Christoph Mecking und Dr. Stefan Fritz, zwei ausgewiesenen Stiftungsexperten, sprachen wir beim zweiten Virtuellen Tag f\u00fcr das Stiftungsverm\u00f6gen \u00fcber den Begriff an sich, aber auch \u00fcber Mittel und Wege, wie die Leistungskraft des Stiftungsverm\u00f6gens zu st\u00e4rken ist.\",\"breadcrumb\":{\"@id\":\"https:\\\/\\\/stiftungsmarktplatz.eu\\\/blog\\\/stiftungsvermoegen-und-leistungskraft\\\/#breadcrumb\"},\"inLanguage\":\"de\",\"potentialAction\":[{\"@type\":\"ReadAction\",\"target\":[\"https:\\\/\\\/stiftungsmarktplatz.eu\\\/blog\\\/stiftungsvermoegen-und-leistungskraft\\\/\"]}]},{\"@type\":\"ImageObject\",\"inLanguage\":\"de\",\"@id\":\"https:\\\/\\\/stiftungsmarktplatz.eu\\\/blog\\\/stiftungsvermoegen-und-leistungskraft\\\/#primaryimage\",\"url\":\"https:\\\/\\\/stiftungsmarktplatz.eu\\\/blog\\\/wp-content\\\/uploads\\\/2021\\\/05\\\/Nachlese-Enfuehrende-Impulse-Mecking-Fritz.jpg\",\"contentUrl\":\"https:\\\/\\\/stiftungsmarktplatz.eu\\\/blog\\\/wp-content\\\/uploads\\\/2021\\\/05\\\/Nachlese-Enfuehrende-Impulse-Mecking-Fritz.jpg\",\"width\":1200,\"height\":679,\"caption\":\"Enf\u00fchrende Impulse - Dr. Mecking, Dr. Fritz\"},{\"@type\":\"BreadcrumbList\",\"@id\":\"https:\\\/\\\/stiftungsmarktplatz.eu\\\/blog\\\/stiftungsvermoegen-und-leistungskraft\\\/#breadcrumb\",\"itemListElement\":[{\"@type\":\"ListItem\",\"position\":1,\"name\":\"Startseite\",\"item\":\"https:\\\/\\\/stiftungsmarktplatz.eu\\\/blog\\\/\"},{\"@type\":\"ListItem\",\"position\":2,\"name\":\"Stiftungsverm\u00f6gen und Leistungskraft\"}]},{\"@type\":\"WebSite\",\"@id\":\"https:\\\/\\\/stiftungsmarktplatz.eu\\\/blog\\\/#website\",\"url\":\"https:\\\/\\\/stiftungsmarktplatz.eu\\\/blog\\\/\",\"name\":\"Der Stiftungsblog f\u00fcr die Stiftungspraxis\",\"description\":\"#stiftungenst\u00e4rken - NPO-Expertise von NPO-Experten\",\"publisher\":{\"@id\":\"https:\\\/\\\/stiftungsmarktplatz.eu\\\/blog\\\/#organization\"},\"potentialAction\":[{\"@type\":\"SearchAction\",\"target\":{\"@type\":\"EntryPoint\",\"urlTemplate\":\"https:\\\/\\\/stiftungsmarktplatz.eu\\\/blog\\\/?s={search_term_string}\"},\"query-input\":{\"@type\":\"PropertyValueSpecification\",\"valueRequired\":true,\"valueName\":\"search_term_string\"}}],\"inLanguage\":\"de\"},{\"@type\":\"Organization\",\"@id\":\"https:\\\/\\\/stiftungsmarktplatz.eu\\\/blog\\\/#organization\",\"name\":\"stiftungsmarktplatz.eu GbR\",\"url\":\"https:\\\/\\\/stiftungsmarktplatz.eu\\\/blog\\\/\",\"logo\":{\"@type\":\"ImageObject\",\"inLanguage\":\"de\",\"@id\":\"https:\\\/\\\/stiftungsmarktplatz.eu\\\/blog\\\/#\\\/schema\\\/logo\\\/image\\\/\",\"url\":\"https:\\\/\\\/stiftungsmarktplatz.eu\\\/blog\\\/wp-content\\\/uploads\\\/2020\\\/03\\\/Logo-blog-retina.png\",\"contentUrl\":\"https:\\\/\\\/stiftungsmarktplatz.eu\\\/blog\\\/wp-content\\\/uploads\\\/2020\\\/03\\\/Logo-blog-retina.png\",\"width\":140,\"height\":130,\"caption\":\"stiftungsmarktplatz.eu GbR\"},\"image\":{\"@id\":\"https:\\\/\\\/stiftungsmarktplatz.eu\\\/blog\\\/#\\\/schema\\\/logo\\\/image\\\/\"},\"sameAs\":[\"https:\\\/\\\/www.linkedin.com\\\/company\\\/18563519\\\/\",\"https:\\\/\\\/www.youtube.com\\\/channel\\\/UCQrF6RQRFGxTokVV4nbx25Q\"]},{\"@type\":\"Person\",\"@id\":\"https:\\\/\\\/stiftungsmarktplatz.eu\\\/blog\\\/#\\\/schema\\\/person\\\/3a42780bf87a2088578f1e8077ccfa44\",\"name\":\"Tobias Karow\",\"image\":{\"@type\":\"ImageObject\",\"inLanguage\":\"de\",\"@id\":\"https:\\\/\\\/stiftungsmarktplatz.eu\\\/blog\\\/wp-content\\\/uploads\\\/2024\\\/05\\\/tobias-karow-2024-150x150.png\",\"url\":\"https:\\\/\\\/stiftungsmarktplatz.eu\\\/blog\\\/wp-content\\\/uploads\\\/2024\\\/05\\\/tobias-karow-2024-150x150.png\",\"contentUrl\":\"https:\\\/\\\/stiftungsmarktplatz.eu\\\/blog\\\/wp-content\\\/uploads\\\/2024\\\/05\\\/tobias-karow-2024-150x150.png\",\"caption\":\"Tobias Karow\"},\"description\":\"ist Gr\u00fcnder und Gesch\u00e4ftsf\u00fchrer von stiftungsmarktplatz.eu und im Stiftungswesen in Deutschland, \u00d6sterreich, der Schweiz und Liechtenstein seit 10 Jahren aktiv. Er ist Herausgeber der FondsFibel f\u00fcr Stiftungen &amp; NPOs, dem f\u00fchrenden Nachschlagewerk f\u00fcr Stiftungsfonds und stiftungsgeeignete Fonds (www.fondsfibel.de), Vortr\u00e4ge h\u00e4lt er vor allem zum Thema \u201aStiftungen und ihr Weg in die digitale Welt\u2018. F\u00fcr beide Themen betreibt er den Blog #stiftungenst\u00e4rken.\",\"sameAs\":[\"https:\\\/\\\/www.fondsfibel.de\"],\"url\":\"https:\\\/\\\/stiftungsmarktplatz.eu\\\/blog\\\/author\\\/tobias-karow\\\/\"}]}<\/script>\n<!-- \/ Yoast SEO plugin. -->","yoast_head_json":{"title":"Stiftungsverm\u00f6gen und Leistungskraft - Der Stiftungsblog f\u00fcr die Stiftungspraxis","description":"#vtfds2021 \u2013 die Nachlese: Die Leistungskraft des Stiftungsverm\u00f6gens leitet sich daraus ab, welche ordentlichen Ertr\u00e4ge f\u00fcr die Zweckverwirklichung zur Verf\u00fcgung stehen und wie zuk\u00fcnftig die notwendigen Zufl\u00fcsse erzielt werden k\u00f6nnen. Mit Dr. Christoph Mecking und Dr. Stefan Fritz, zwei ausgewiesenen Stiftungsexperten, sprachen wir beim zweiten Virtuellen Tag f\u00fcr das Stiftungsverm\u00f6gen \u00fcber den Begriff an sich, aber auch \u00fcber Mittel und Wege, wie die Leistungskraft des Stiftungsverm\u00f6gens zu st\u00e4rken ist.","robots":{"index":"index","follow":"follow","max-snippet":"max-snippet:-1","max-image-preview":"max-image-preview:large","max-video-preview":"max-video-preview:-1"},"canonical":"https:\/\/stiftungsmarktplatz.eu\/blog\/stiftungsvermoegen-und-leistungskraft\/","og_locale":"de_DE","og_type":"article","og_title":"Stiftungsverm\u00f6gen und Leistungskraft - Der Stiftungsblog f\u00fcr die Stiftungspraxis","og_description":"#vtfds2021 \u2013 die Nachlese: Die Leistungskraft des Stiftungsverm\u00f6gens leitet sich daraus ab, welche ordentlichen Ertr\u00e4ge f\u00fcr die Zweckverwirklichung zur Verf\u00fcgung stehen und wie zuk\u00fcnftig die notwendigen Zufl\u00fcsse erzielt werden k\u00f6nnen. Mit Dr. Christoph Mecking und Dr. Stefan Fritz, zwei ausgewiesenen Stiftungsexperten, sprachen wir beim zweiten Virtuellen Tag f\u00fcr das Stiftungsverm\u00f6gen \u00fcber den Begriff an sich, aber auch \u00fcber Mittel und Wege, wie die Leistungskraft des Stiftungsverm\u00f6gens zu st\u00e4rken ist.","og_url":"https:\/\/stiftungsmarktplatz.eu\/blog\/stiftungsvermoegen-und-leistungskraft\/","og_site_name":"Der Stiftungsblog f\u00fcr die Stiftungspraxis","article_published_time":"2021-05-16T08:54:00+00:00","article_modified_time":"2021-07-12T10:28:27+00:00","og_image":[{"width":1200,"height":679,"url":"https:\/\/stiftungsmarktplatz.eu\/blog\/wp-content\/uploads\/2021\/05\/Nachlese-Enfuehrende-Impulse-Mecking-Fritz.jpg","type":"image\/jpeg"}],"author":"Tobias Karow","twitter_card":"summary_large_image","twitter_misc":{"Verfasst von":"Tobias Karow","Gesch\u00e4tzte Lesezeit":"5\u00a0Minuten"},"schema":{"@context":"https:\/\/schema.org","@graph":[{"@type":"Article","@id":"https:\/\/stiftungsmarktplatz.eu\/blog\/stiftungsvermoegen-und-leistungskraft\/#article","isPartOf":{"@id":"https:\/\/stiftungsmarktplatz.eu\/blog\/stiftungsvermoegen-und-leistungskraft\/"},"author":{"name":"Tobias Karow","@id":"https:\/\/stiftungsmarktplatz.eu\/blog\/#\/schema\/person\/3a42780bf87a2088578f1e8077ccfa44"},"headline":"Stiftungsverm\u00f6gen und Leistungskraft","datePublished":"2021-05-16T08:54:00+00:00","dateModified":"2021-07-12T10:28:27+00:00","mainEntityOfPage":{"@id":"https:\/\/stiftungsmarktplatz.eu\/blog\/stiftungsvermoegen-und-leistungskraft\/"},"wordCount":1067,"publisher":{"@id":"https:\/\/stiftungsmarktplatz.eu\/blog\/#organization"},"image":{"@id":"https:\/\/stiftungsmarktplatz.eu\/blog\/stiftungsvermoegen-und-leistungskraft\/#primaryimage"},"thumbnailUrl":"https:\/\/stiftungsmarktplatz.eu\/blog\/wp-content\/uploads\/2021\/05\/Nachlese-Enfuehrende-Impulse-Mecking-Fritz.jpg","keywords":["Stiftungsfonds","stiftungsgeeignete Fonds","Stiftungsverm\u00f6gen","Kapitalanlage","Stiftungsaufsichten","VTFDS2021"],"articleSection":["Tipps f\u00fcr die Stiftungspraxis"],"inLanguage":"de"},{"@type":"WebPage","@id":"https:\/\/stiftungsmarktplatz.eu\/blog\/stiftungsvermoegen-und-leistungskraft\/","url":"https:\/\/stiftungsmarktplatz.eu\/blog\/stiftungsvermoegen-und-leistungskraft\/","name":"Stiftungsverm\u00f6gen und Leistungskraft - Der Stiftungsblog f\u00fcr die Stiftungspraxis","isPartOf":{"@id":"https:\/\/stiftungsmarktplatz.eu\/blog\/#website"},"primaryImageOfPage":{"@id":"https:\/\/stiftungsmarktplatz.eu\/blog\/stiftungsvermoegen-und-leistungskraft\/#primaryimage"},"image":{"@id":"https:\/\/stiftungsmarktplatz.eu\/blog\/stiftungsvermoegen-und-leistungskraft\/#primaryimage"},"thumbnailUrl":"https:\/\/stiftungsmarktplatz.eu\/blog\/wp-content\/uploads\/2021\/05\/Nachlese-Enfuehrende-Impulse-Mecking-Fritz.jpg","datePublished":"2021-05-16T08:54:00+00:00","dateModified":"2021-07-12T10:28:27+00:00","description":"#vtfds2021 \u2013 die Nachlese: Die Leistungskraft des Stiftungsverm\u00f6gens leitet sich daraus ab, welche ordentlichen Ertr\u00e4ge f\u00fcr die Zweckverwirklichung zur Verf\u00fcgung stehen und wie zuk\u00fcnftig die notwendigen Zufl\u00fcsse erzielt werden k\u00f6nnen. Mit Dr. Christoph Mecking und Dr. Stefan Fritz, zwei ausgewiesenen Stiftungsexperten, sprachen wir beim zweiten Virtuellen Tag f\u00fcr das Stiftungsverm\u00f6gen \u00fcber den Begriff an sich, aber auch \u00fcber Mittel und Wege, wie die Leistungskraft des Stiftungsverm\u00f6gens zu st\u00e4rken ist.","breadcrumb":{"@id":"https:\/\/stiftungsmarktplatz.eu\/blog\/stiftungsvermoegen-und-leistungskraft\/#breadcrumb"},"inLanguage":"de","potentialAction":[{"@type":"ReadAction","target":["https:\/\/stiftungsmarktplatz.eu\/blog\/stiftungsvermoegen-und-leistungskraft\/"]}]},{"@type":"ImageObject","inLanguage":"de","@id":"https:\/\/stiftungsmarktplatz.eu\/blog\/stiftungsvermoegen-und-leistungskraft\/#primaryimage","url":"https:\/\/stiftungsmarktplatz.eu\/blog\/wp-content\/uploads\/2021\/05\/Nachlese-Enfuehrende-Impulse-Mecking-Fritz.jpg","contentUrl":"https:\/\/stiftungsmarktplatz.eu\/blog\/wp-content\/uploads\/2021\/05\/Nachlese-Enfuehrende-Impulse-Mecking-Fritz.jpg","width":1200,"height":679,"caption":"Enf\u00fchrende Impulse - Dr. Mecking, Dr. Fritz"},{"@type":"BreadcrumbList","@id":"https:\/\/stiftungsmarktplatz.eu\/blog\/stiftungsvermoegen-und-leistungskraft\/#breadcrumb","itemListElement":[{"@type":"ListItem","position":1,"name":"Startseite","item":"https:\/\/stiftungsmarktplatz.eu\/blog\/"},{"@type":"ListItem","position":2,"name":"Stiftungsverm\u00f6gen und Leistungskraft"}]},{"@type":"WebSite","@id":"https:\/\/stiftungsmarktplatz.eu\/blog\/#website","url":"https:\/\/stiftungsmarktplatz.eu\/blog\/","name":"Der Stiftungsblog f\u00fcr die Stiftungspraxis","description":"#stiftungenst\u00e4rken - NPO-Expertise von NPO-Experten","publisher":{"@id":"https:\/\/stiftungsmarktplatz.eu\/blog\/#organization"},"potentialAction":[{"@type":"SearchAction","target":{"@type":"EntryPoint","urlTemplate":"https:\/\/stiftungsmarktplatz.eu\/blog\/?s={search_term_string}"},"query-input":{"@type":"PropertyValueSpecification","valueRequired":true,"valueName":"search_term_string"}}],"inLanguage":"de"},{"@type":"Organization","@id":"https:\/\/stiftungsmarktplatz.eu\/blog\/#organization","name":"stiftungsmarktplatz.eu GbR","url":"https:\/\/stiftungsmarktplatz.eu\/blog\/","logo":{"@type":"ImageObject","inLanguage":"de","@id":"https:\/\/stiftungsmarktplatz.eu\/blog\/#\/schema\/logo\/image\/","url":"https:\/\/stiftungsmarktplatz.eu\/blog\/wp-content\/uploads\/2020\/03\/Logo-blog-retina.png","contentUrl":"https:\/\/stiftungsmarktplatz.eu\/blog\/wp-content\/uploads\/2020\/03\/Logo-blog-retina.png","width":140,"height":130,"caption":"stiftungsmarktplatz.eu GbR"},"image":{"@id":"https:\/\/stiftungsmarktplatz.eu\/blog\/#\/schema\/logo\/image\/"},"sameAs":["https:\/\/www.linkedin.com\/company\/18563519\/","https:\/\/www.youtube.com\/channel\/UCQrF6RQRFGxTokVV4nbx25Q"]},{"@type":"Person","@id":"https:\/\/stiftungsmarktplatz.eu\/blog\/#\/schema\/person\/3a42780bf87a2088578f1e8077ccfa44","name":"Tobias Karow","image":{"@type":"ImageObject","inLanguage":"de","@id":"https:\/\/stiftungsmarktplatz.eu\/blog\/wp-content\/uploads\/2024\/05\/tobias-karow-2024-150x150.png","url":"https:\/\/stiftungsmarktplatz.eu\/blog\/wp-content\/uploads\/2024\/05\/tobias-karow-2024-150x150.png","contentUrl":"https:\/\/stiftungsmarktplatz.eu\/blog\/wp-content\/uploads\/2024\/05\/tobias-karow-2024-150x150.png","caption":"Tobias Karow"},"description":"ist Gr\u00fcnder und Gesch\u00e4ftsf\u00fchrer von stiftungsmarktplatz.eu und im Stiftungswesen in Deutschland, \u00d6sterreich, der Schweiz und Liechtenstein seit 10 Jahren aktiv. Er ist Herausgeber der FondsFibel f\u00fcr Stiftungen &amp; NPOs, dem f\u00fchrenden Nachschlagewerk f\u00fcr Stiftungsfonds und stiftungsgeeignete Fonds (www.fondsfibel.de), Vortr\u00e4ge h\u00e4lt er vor allem zum Thema \u201aStiftungen und ihr Weg in die digitale Welt\u2018. F\u00fcr beide Themen betreibt er den Blog #stiftungenst\u00e4rken.","sameAs":["https:\/\/www.fondsfibel.de"],"url":"https:\/\/stiftungsmarktplatz.eu\/blog\/author\/tobias-karow\/"}]}},"post_mailing_queue_ids":[],"_links":{"self":[{"href":"https:\/\/stiftungsmarktplatz.eu\/blog\/wp-json\/wp\/v2\/posts\/2191","targetHints":{"allow":["GET"]}}],"collection":[{"href":"https:\/\/stiftungsmarktplatz.eu\/blog\/wp-json\/wp\/v2\/posts"}],"about":[{"href":"https:\/\/stiftungsmarktplatz.eu\/blog\/wp-json\/wp\/v2\/types\/post"}],"author":[{"embeddable":true,"href":"https:\/\/stiftungsmarktplatz.eu\/blog\/wp-json\/wp\/v2\/users\/8"}],"replies":[{"embeddable":true,"href":"https:\/\/stiftungsmarktplatz.eu\/blog\/wp-json\/wp\/v2\/comments?post=2191"}],"version-history":[{"count":6,"href":"https:\/\/stiftungsmarktplatz.eu\/blog\/wp-json\/wp\/v2\/posts\/2191\/revisions"}],"predecessor-version":[{"id":2461,"href":"https:\/\/stiftungsmarktplatz.eu\/blog\/wp-json\/wp\/v2\/posts\/2191\/revisions\/2461"}],"wp:featuredmedia":[{"embeddable":true,"href":"https:\/\/stiftungsmarktplatz.eu\/blog\/wp-json\/wp\/v2\/media\/2193"}],"wp:attachment":[{"href":"https:\/\/stiftungsmarktplatz.eu\/blog\/wp-json\/wp\/v2\/media?parent=2191"}],"wp:term":[{"taxonomy":"category","embeddable":true,"href":"https:\/\/stiftungsmarktplatz.eu\/blog\/wp-json\/wp\/v2\/categories?post=2191"},{"taxonomy":"post_tag","embeddable":true,"href":"https:\/\/stiftungsmarktplatz.eu\/blog\/wp-json\/wp\/v2\/tags?post=2191"}],"curies":[{"name":"wp","href":"https:\/\/api.w.org\/{rel}","templated":true}]}}