{"id":2183,"date":"2021-05-18T13:48:00","date_gmt":"2021-05-18T11:48:00","guid":{"rendered":"https:\/\/stiftungsmarktplatz.eu\/blog\/?p=2183"},"modified":"2021-07-12T12:24:04","modified_gmt":"2021-07-12T10:24:04","slug":"wenn-in-3-minuten-alles-gesagt-ist","status":"publish","type":"post","link":"https:\/\/stiftungsmarktplatz.eu\/blog\/wenn-in-3-minuten-alles-gesagt-ist\/","title":{"rendered":"Wenn in 3 Minuten alles gesagt ist"},"content":{"rendered":"<span class=\"span-reading-time rt-reading-time\" style=\"display: block;\"><span class=\"rt-label rt-prefix\">Lesezeit: <\/span> <span class=\"rt-time\"> 4<\/span> <span class=\"rt-label rt-postfix\">Minuten<\/span><\/span>\n<p><em><strong>#vtfds2021 \u2013 die Nachlese:<\/strong> Dass Stiftungsfonds bzw. stiftungsgeeignete Fonds Stiftungen viele Probleme l\u00f6sen k\u00f6nnen, ist mittlerweile hinl\u00e4nglich bekannt. Dennoch ist es manchmal nicht so leicht zu verstehen, was in diesem oder jenem Fonds eigentlich passiert, weshalb der zweite Virtuelle Tag f\u00fcr das Stiftungsverm\u00f6gen einen Elevator Pitch bereithielt. In drei Minuten mussten die Macher hinter Dual Return Vision Microfinance, SWUK Renten Flexibel und terrAssisi Aktien AMI erkl\u00e4ren, f\u00fcr was der jeweilige Fonds steht.<\/em><\/p>\n\n\n\n<div class=\"resp-container\"> <iframe class=\"resp-iframe\" src=\"https:\/\/commerzreal.stiftungsmarktplatz.eu\/index.html\" frameborder=\"0\"><\/iframe><\/div>\n\n\n\n<p>Drei Minuten sind nicht lang, um ein Fondsprodukt vorzustellen, und drei Minuten sind auch nicht lang, um die Stiftungseignung eines Fonds darzulegen oder die Aspekte herauszuarbeiten, die f\u00fcr eine Stiftungseignung eines Fonds sprechen. Gleichzeitig haben aber Stiftungsgremien oftmals auch nur wenige Minuten Zeit, um sich mit neuen oder alternativen Anlageideen auseinanderzusetzen, weil in der Zwecksph\u00e4re der eigentliche Schuh dr\u00fcckt. Entsprechend war es spannend zu sehen, wie sich drei Fondslenker im Elevator Pitch schlagen. Wir haben ihnen n\u00e4mlich auch nur jeweils 3 Minuten Redezeit zugestanden.<\/p>\n\n\n\n<blockquote class=\"wp-block-quote td_quote_box td_box_center is-layout-flow wp-block-quote-is-layout-flow\"><p><br><br><strong><u>VIDEOTIPP:<\/u><\/strong> Den kompletten Stream des zweiten Virtuellen Tags f\u00fcr das Stiftungsverm\u00f6gen im RE-LIVE sowie die Mediathek zum #vtfds2021 finden Sie auf <a href=\"https:\/\/vtfds.de\/\" target=\"_blank\" rel=\"noreferrer noopener\">www.vtfds.de<\/a>.<\/p><\/blockquote>\n\n\n\n<h2 class=\"wp-block-heading\">DREI MINUTEN F\u00dcR DEN DUAL RETURN VISION MICROFINANCE<\/h2>\n\n\n\n<p>Los ging\u2019s mit dem <a href=\"https:\/\/fondsfibel.de\/dual-return-vision-microfinance\/\" target=\"_blank\" rel=\"noreferrer noopener\">Dual Return Vision Microfinance<\/a> aus dem Hause C-Quadrat, der von G\u00fcnther Kastner vorgestellt wurde. Dual Return Vision Microfinance, dabei denkt so mancher Stiftungsentscheider vielleicht an einen jungen Fonds, aber das Konzept hat schon 15 Jahre \u201eauf dem Buckel\u201c, und in diesen 15 Jahren wusste der Fonds bzw. dessen Konzept durchweg zu \u00fcberzeugen. Einerseits hinsichtlich der Wertentwicklung des Fonds, dazu aber auch aus den erzielten ordentlichen Ertr\u00e4gen und nicht zuletzt aus der doppelten Rendite heraus. Mikrofinanzinvestments bergen ein enormes Wirkpotential in sich, da \u00fcber sie unternehmerisches Handeln in sich entwickelnden L\u00e4ndern und Regionen angeschoben werden kann.<\/p>\n\n\n\n<h2 class=\"wp-block-heading\">HOHE RESILIENZ, GERINGE KORRELATION<\/h2>\n\n\n\n<p>Sofern Stiftungen hier investieren, investieren sie also gem\u00e4\u00df ihrer \u00fcbergeordneten Agenda, zur L\u00f6sung von Problemen in der Welt einen Beitrag zu leisten. F\u00fcr G\u00fcnther Kastner speist sich gerade hieraus die Stiftungseignung seines Fonds \u2013 und nat\u00fcrlich auch aus der hohen Resilienz gegen\u00fcber Marktverwerfungen. Das habe der Corona-Crash im M\u00e4rz 2020 ganz deutlich gezeigt. Stiftungen bauen sich demzufolge einen gering bis gar nicht mit Aktien oder Renten korrelierten Fondsbaustein ins Stiftungsportfolio ein, und bekommen auf diese Weise quasi Diversifikation im doppelten Sinne hin.<\/p>\n\n\n\n<h2 class=\"wp-block-heading\">DREI MINUTEN F\u00dcR DEN SWUK RENTEN FLEXIBEL<\/h2>\n\n\n\n<p>Fonds Nummer 2 im Elevator Pitch beim zweiten Virtuellen Tag f\u00fcr das Stiftungsverm\u00f6gen war mit dem <a href=\"https:\/\/fondsfibel.de\/swuk-renten-flexibel\/\" target=\"_blank\" rel=\"noreferrer noopener\">SWUK Renten Flexibel<\/a> ein reinrassiger Rentenfonds, dessen Eignung f\u00fcr das Stiftungsverm\u00f6gen sich aber aus mehreren Parametern ableitet. Fondsmanager Peter Schneider brachte diese auf eine Postkarte montiert mit in den Pitch und hatte damit gleich einen Aha-Effekt auf seiner Seite. \u00c4hnlich verh\u00e4lt es sich mit seinem Fonds, der als Rentenfonds immer noch gut 2% pro Jahr aussch\u00fcttet, was angesichts des dauerhaft rekordniedrigen Zinsniveaus auf eine hohe handwerkliche G\u00fcte im Fonds hindeutet.<\/p>\n\n\n\n<figure class=\"wp-block-image size-large is-resized\"><img loading=\"lazy\" decoding=\"async\" src=\"https:\/\/stiftungsmarktplatz.eu\/blog\/wp-content\/uploads\/2021\/05\/vtfds2021-Nachlese-Elevator-Pitch-Peter-Schneider-1024x571.jpg\" alt=\"\" class=\"wp-image-2185\" width=\"696\" height=\"388\" srcset=\"https:\/\/stiftungsmarktplatz.eu\/blog\/wp-content\/uploads\/2021\/05\/vtfds2021-Nachlese-Elevator-Pitch-Peter-Schneider-1024x571.jpg 1024w, https:\/\/stiftungsmarktplatz.eu\/blog\/wp-content\/uploads\/2021\/05\/vtfds2021-Nachlese-Elevator-Pitch-Peter-Schneider-300x167.jpg 300w, https:\/\/stiftungsmarktplatz.eu\/blog\/wp-content\/uploads\/2021\/05\/vtfds2021-Nachlese-Elevator-Pitch-Peter-Schneider-768x429.jpg 768w, https:\/\/stiftungsmarktplatz.eu\/blog\/wp-content\/uploads\/2021\/05\/vtfds2021-Nachlese-Elevator-Pitch-Peter-Schneider-696x388.jpg 696w, https:\/\/stiftungsmarktplatz.eu\/blog\/wp-content\/uploads\/2021\/05\/vtfds2021-Nachlese-Elevator-Pitch-Peter-Schneider-1068x596.jpg 1068w, https:\/\/stiftungsmarktplatz.eu\/blog\/wp-content\/uploads\/2021\/05\/vtfds2021-Nachlese-Elevator-Pitch-Peter-Schneider.jpg 1491w\" sizes=\"auto, (max-width: 696px) 100vw, 696px\" \/><figcaption>Peter Schneider packte die USPs seines SWUK Renten Flexibel auf eine Postkarte<\/figcaption><\/figure>\n\n\n\n<h2 class=\"wp-block-heading\">KLARES GER\u00dcST, GEZIELTE BEIMISCHUNGEN, 2% AUSSCH\u00dcTTUNGSZIEL<\/h2>\n\n\n\n<p>Peter Schneider ist ein echter Anleiheexperte, der bedacht und vorsichtig nach wie vor auch auf die Anleihe als Stiftungsinvestment setzt. Sein Fonds setzt heute aber auf einen breiten Mix aus Staats- und Unternehmensanleihen, er mischt Hybrid- und Wandelanleihen gezielt bei und fokussiert zwar vor allem auf in Euro lautende Anleihen, hebt aber \u2013 wie ein guter Koch \u2013 W\u00fcrzendes unter seinen Anleihemix, in Form auch von Anleihen, die in anderen W\u00e4hrungen ausgegeben wurden. So aufgestellt begegnet der Fonds dem Niedrigzinsumfeld auf Augenh\u00f6he, Stiftungen bekommen damit einen Anleihebaustein an die Hand, bei dem sie sich eben nicht aus ihrem angestammten Habitat in der Veranlagung ihres Stiftungsverm\u00f6gen (=der Anleihe) herausbewegen m\u00fcssen.<br><\/p>\n\n\n\n<h2 class=\"wp-block-heading\">DREI MINUTEN F\u00dcR DEN TERRASSISI AKTIEN AMI<\/h2>\n\n\n\n<p>Das m\u00fcssen Stiftungen beim dritten Fonds des Elevator Pitches auch nicht, aber die Aktienquote ist eben so ein Thema im Stiftungsverm\u00f6gen. Wie hoch darf sie sein, wie hoch soll sie sein, das sind Fragen die sich viele Stiftungsverantwortliche stellen. Haben sie die richtige Quote gefunden, geht es dann noch darum, welche Aktien es eigentlich sein sollten. Hier sind dann k\u00fcnftig vermutlich weniger Region und Branche gefragt, sondern ob es zuvorderst nachhaltige Aktien sein sollen. Die Antwort kann aus Stiftungssicht eigentlich nur JA lauten, weshalb wir richtigerweise mit dem terrAssisi Aktien AMI einen nachhaltigen Aktienfonds in den Elevator Pitch eingeladen haben.<\/p>\n\n\n\n<h2 class=\"wp-block-heading\">STRENGES KRITERIENRASTER<\/h2>\n\n\n\n<p>Stefan H\u00f6hne, Stiftungs- und Nachhaltigkeitsexperte bei Ampega Investment, fokussierte im Pitch denn auch auf genau die gezielte Auswahl der Aktien, die im Einklang mit den Zielen und Vorstellungen des Franziskanerordens stehen muss. Entsprechend folgt die Selektion mehreren Kriterienstufen, an deren Ende ein sehr konzentriertes Portfolio steht, die Auswahl ist also durchaus als streng zu bezeichnen. Was sagt Stiftungen das? Sofern sie einen authentisch nachhaltigen, auch in gewissen Umfang aussch\u00fcttenden Aktienbaustein suchen, der diejenigen Aktien im Portfolio hat, deren Aktivit\u00e4ten auf die Wahrung der Sch\u00f6pfung abzielen und die einen substanziellen Beitrag zur Beseitigung von Fehlentwicklungen in der Welt beitragen, dann sind Stiftungen beim terrAssisi Aktien AMI richtig.<\/p>\n\n\n\n<h2 class=\"wp-block-heading\">AUCH HIER: DOPPELTE RENDITE<\/h2>\n\n\n\n<p>Einen weiteren Aspekt gab Stefan H\u00f6hne Stiftungsverantwortlichen noch mit auf den Weg in seinen drei Minuten. Der terrAssisi Aktien AMI ist so konzipiert, dass er einen Teil der veranschlagten (fair gepreisten) Geb\u00fchren an gemeinn\u00fctzige Projekte weiterreicht. Je gr\u00f6\u00dfer also der Fonds wird, desto mehr Geld kann hier folglich durchgeleitet werden. Stiftungen, die also in den Fonds investieren, tun damit nicht nur etwas Gutes zur Konservierung der Leistungskraft ihres eigenen Stiftungsverm\u00f6gens, sondern unterst\u00fctzen indirekt auch andere gemeinn\u00fctzige Projekte und Aktivit\u00e4ten. Auch hier kann demgem\u00e4\u00df von einer doppelten Rendite gesprochen werden.<\/p>\n\n\n\n<h2 class=\"wp-block-heading\">ZUSAMMENGEFASST<\/h2>\n\n\n\n<p>Drei stiftungsgeeignete Fonds in drei Minuten vorzustellen, ist eine Herausforderung, weil die Leistungsmerkmale eines Fonds und die f\u00fcr Stiftungen wichtigen Aspekte sicherlich nicht vollends in 3 Minuten dargestellt werden k\u00f6nnen. Aber die wichtigsten Punkte, die StiftungsentscheiderInnen zum Dual Return Vision Microfinance, zum SWUK Renten Flexibel und zum terrAssisi Aktien AMI wissen m\u00fcssen, die waren dabei. Damit hat der Elevator Pitch seine Aufgabe erf\u00fcllt \u2013 wie ein Fahrstuhl das eben auch zuverl\u00e4ssig tut.<br><\/p>\n\n\n\n<p><em><br><br><\/em><\/p>\n","protected":false},"excerpt":{"rendered":"<p><span class=\"span-reading-time rt-reading-time\" style=\"display: block;\"><span class=\"rt-label rt-prefix\">Lesezeit: <\/span> <span class=\"rt-time\"> 4<\/span> <span class=\"rt-label rt-postfix\">Minuten<\/span><\/span>#vtfds2021 \u2013 die Nachlese: Dass Stiftungsfonds bzw. stiftungsgeeignete Fonds Stiftungen viele Probleme l\u00f6sen k\u00f6nnen, ist mittlerweile hinl\u00e4nglich bekannt. Dennoch ist es manchmal nicht so leicht zu verstehen, was in diesem oder jenem Fonds eigentlich passiert, weshalb der zweite Virtuelle Tag f\u00fcr das Stiftungsverm\u00f6gen einen Elevator Pitch bereithielt. In drei Minuten mussten die Macher hinter Dual Return Vision Microfinance, SWUK Renten Flexibel und terrAssisi Aktien AMI erkl\u00e4ren, f\u00fcr was der jeweilige Fonds steht.<\/p>\n","protected":false},"author":8,"featured_media":2184,"comment_status":"closed","ping_status":"open","sticky":false,"template":"","format":"standard","meta":{"ngg_post_thumbnail":0,"footnotes":""},"categories":[12],"tags":[14,23,27,155],"class_list":{"0":"post-2183","1":"post","2":"type-post","3":"status-publish","4":"format-standard","5":"has-post-thumbnail","7":"category-tipps-fuer-die-stiftungspraxis","8":"tag-stiftungsfonds","9":"tag-stiftungsgeeignete-fonds","10":"tag-stiftungsvermoegen","11":"tag-vtfds2021"},"yoast_head":"<!-- This site is optimized with the Yoast SEO plugin v27.4 - https:\/\/yoast.com\/product\/yoast-seo-wordpress\/ -->\n<title>Wenn in 3 Minuten alles gesagt ist - Der Stiftungsblog f\u00fcr die Stiftungspraxis<\/title>\n<meta name=\"description\" content=\"#vtfds2021 \u2013 die Nachlese: Dass Stiftungsfonds bzw. stiftungsgeeignete Fonds Stiftungen viele Probleme l\u00f6sen k\u00f6nnen, ist mittlerweile hinl\u00e4nglich bekannt. Dennoch ist es manchmal nicht so leicht zu verstehen, was in diesem oder jenem Fonds eigentlich passiert, weshalb der zweite Virtuelle Tag f\u00fcr das Stiftungsverm\u00f6gen einen Elevator Pitch bereithielt.\" \/>\n<meta name=\"robots\" content=\"index, follow, max-snippet:-1, max-image-preview:large, max-video-preview:-1\" \/>\n<link rel=\"canonical\" href=\"https:\/\/stiftungsmarktplatz.eu\/blog\/wenn-in-3-minuten-alles-gesagt-ist\/\" \/>\n<meta property=\"og:locale\" content=\"de_DE\" \/>\n<meta property=\"og:type\" content=\"article\" \/>\n<meta property=\"og:title\" content=\"Wenn in 3 Minuten alles gesagt ist - Der Stiftungsblog f\u00fcr die Stiftungspraxis\" \/>\n<meta property=\"og:description\" content=\"#vtfds2021 \u2013 die Nachlese: Dass Stiftungsfonds bzw. stiftungsgeeignete Fonds Stiftungen viele Probleme l\u00f6sen k\u00f6nnen, ist mittlerweile hinl\u00e4nglich bekannt. Dennoch ist es manchmal nicht so leicht zu verstehen, was in diesem oder jenem Fonds eigentlich passiert, weshalb der zweite Virtuelle Tag f\u00fcr das Stiftungsverm\u00f6gen einen Elevator Pitch bereithielt.\" \/>\n<meta property=\"og:url\" content=\"https:\/\/stiftungsmarktplatz.eu\/blog\/wenn-in-3-minuten-alles-gesagt-ist\/\" \/>\n<meta property=\"og:site_name\" content=\"Der Stiftungsblog f\u00fcr die Stiftungspraxis\" \/>\n<meta property=\"article:published_time\" content=\"2021-05-18T11:48:00+00:00\" \/>\n<meta property=\"article:modified_time\" content=\"2021-07-12T10:24:04+00:00\" \/>\n<meta property=\"og:image\" content=\"https:\/\/stiftungsmarktplatz.eu\/blog\/wp-content\/uploads\/2021\/05\/Nachlese-Elevator-Pitch.jpg\" \/>\n\t<meta property=\"og:image:width\" content=\"1491\" \/>\n\t<meta property=\"og:image:height\" content=\"834\" \/>\n\t<meta property=\"og:image:type\" content=\"image\/jpeg\" \/>\n<meta name=\"author\" content=\"Tobias Karow\" \/>\n<meta name=\"twitter:card\" content=\"summary_large_image\" \/>\n<meta name=\"twitter:label1\" content=\"Verfasst von\" \/>\n\t<meta name=\"twitter:data1\" content=\"Tobias Karow\" \/>\n\t<meta name=\"twitter:label2\" content=\"Gesch\u00e4tzte Lesezeit\" \/>\n\t<meta name=\"twitter:data2\" content=\"5\u00a0Minuten\" \/>\n<script type=\"application\/ld+json\" class=\"yoast-schema-graph\">{\"@context\":\"https:\\\/\\\/schema.org\",\"@graph\":[{\"@type\":\"Article\",\"@id\":\"https:\\\/\\\/stiftungsmarktplatz.eu\\\/blog\\\/wenn-in-3-minuten-alles-gesagt-ist\\\/#article\",\"isPartOf\":{\"@id\":\"https:\\\/\\\/stiftungsmarktplatz.eu\\\/blog\\\/wenn-in-3-minuten-alles-gesagt-ist\\\/\"},\"author\":{\"name\":\"Tobias Karow\",\"@id\":\"https:\\\/\\\/stiftungsmarktplatz.eu\\\/blog\\\/#\\\/schema\\\/person\\\/3a42780bf87a2088578f1e8077ccfa44\"},\"headline\":\"Wenn in 3 Minuten alles gesagt ist\",\"datePublished\":\"2021-05-18T11:48:00+00:00\",\"dateModified\":\"2021-07-12T10:24:04+00:00\",\"mainEntityOfPage\":{\"@id\":\"https:\\\/\\\/stiftungsmarktplatz.eu\\\/blog\\\/wenn-in-3-minuten-alles-gesagt-ist\\\/\"},\"wordCount\":1027,\"publisher\":{\"@id\":\"https:\\\/\\\/stiftungsmarktplatz.eu\\\/blog\\\/#organization\"},\"image\":{\"@id\":\"https:\\\/\\\/stiftungsmarktplatz.eu\\\/blog\\\/wenn-in-3-minuten-alles-gesagt-ist\\\/#primaryimage\"},\"thumbnailUrl\":\"https:\\\/\\\/stiftungsmarktplatz.eu\\\/blog\\\/wp-content\\\/uploads\\\/2021\\\/05\\\/Nachlese-Elevator-Pitch.jpg\",\"keywords\":[\"Stiftungsfonds\",\"stiftungsgeeignete Fonds\",\"Stiftungsverm\u00f6gen\",\"VTFDS2021\"],\"articleSection\":[\"Tipps f\u00fcr die Stiftungspraxis\"],\"inLanguage\":\"de\"},{\"@type\":\"WebPage\",\"@id\":\"https:\\\/\\\/stiftungsmarktplatz.eu\\\/blog\\\/wenn-in-3-minuten-alles-gesagt-ist\\\/\",\"url\":\"https:\\\/\\\/stiftungsmarktplatz.eu\\\/blog\\\/wenn-in-3-minuten-alles-gesagt-ist\\\/\",\"name\":\"Wenn in 3 Minuten alles gesagt ist - Der Stiftungsblog f\u00fcr die Stiftungspraxis\",\"isPartOf\":{\"@id\":\"https:\\\/\\\/stiftungsmarktplatz.eu\\\/blog\\\/#website\"},\"primaryImageOfPage\":{\"@id\":\"https:\\\/\\\/stiftungsmarktplatz.eu\\\/blog\\\/wenn-in-3-minuten-alles-gesagt-ist\\\/#primaryimage\"},\"image\":{\"@id\":\"https:\\\/\\\/stiftungsmarktplatz.eu\\\/blog\\\/wenn-in-3-minuten-alles-gesagt-ist\\\/#primaryimage\"},\"thumbnailUrl\":\"https:\\\/\\\/stiftungsmarktplatz.eu\\\/blog\\\/wp-content\\\/uploads\\\/2021\\\/05\\\/Nachlese-Elevator-Pitch.jpg\",\"datePublished\":\"2021-05-18T11:48:00+00:00\",\"dateModified\":\"2021-07-12T10:24:04+00:00\",\"description\":\"#vtfds2021 \u2013 die Nachlese: Dass Stiftungsfonds bzw. stiftungsgeeignete Fonds Stiftungen viele Probleme l\u00f6sen k\u00f6nnen, ist mittlerweile hinl\u00e4nglich bekannt. Dennoch ist es manchmal nicht so leicht zu verstehen, was in diesem oder jenem Fonds eigentlich passiert, weshalb der zweite Virtuelle Tag f\u00fcr das Stiftungsverm\u00f6gen einen Elevator Pitch bereithielt.\",\"breadcrumb\":{\"@id\":\"https:\\\/\\\/stiftungsmarktplatz.eu\\\/blog\\\/wenn-in-3-minuten-alles-gesagt-ist\\\/#breadcrumb\"},\"inLanguage\":\"de\",\"potentialAction\":[{\"@type\":\"ReadAction\",\"target\":[\"https:\\\/\\\/stiftungsmarktplatz.eu\\\/blog\\\/wenn-in-3-minuten-alles-gesagt-ist\\\/\"]}]},{\"@type\":\"ImageObject\",\"inLanguage\":\"de\",\"@id\":\"https:\\\/\\\/stiftungsmarktplatz.eu\\\/blog\\\/wenn-in-3-minuten-alles-gesagt-ist\\\/#primaryimage\",\"url\":\"https:\\\/\\\/stiftungsmarktplatz.eu\\\/blog\\\/wp-content\\\/uploads\\\/2021\\\/05\\\/Nachlese-Elevator-Pitch.jpg\",\"contentUrl\":\"https:\\\/\\\/stiftungsmarktplatz.eu\\\/blog\\\/wp-content\\\/uploads\\\/2021\\\/05\\\/Nachlese-Elevator-Pitch.jpg\",\"width\":1491,\"height\":834,\"caption\":\"Nachlese Elevator-Pitch\"},{\"@type\":\"BreadcrumbList\",\"@id\":\"https:\\\/\\\/stiftungsmarktplatz.eu\\\/blog\\\/wenn-in-3-minuten-alles-gesagt-ist\\\/#breadcrumb\",\"itemListElement\":[{\"@type\":\"ListItem\",\"position\":1,\"name\":\"Startseite\",\"item\":\"https:\\\/\\\/stiftungsmarktplatz.eu\\\/blog\\\/\"},{\"@type\":\"ListItem\",\"position\":2,\"name\":\"Wenn in 3 Minuten alles gesagt ist\"}]},{\"@type\":\"WebSite\",\"@id\":\"https:\\\/\\\/stiftungsmarktplatz.eu\\\/blog\\\/#website\",\"url\":\"https:\\\/\\\/stiftungsmarktplatz.eu\\\/blog\\\/\",\"name\":\"Der Stiftungsblog f\u00fcr die Stiftungspraxis\",\"description\":\"#stiftungenst\u00e4rken - NPO-Expertise von NPO-Experten\",\"publisher\":{\"@id\":\"https:\\\/\\\/stiftungsmarktplatz.eu\\\/blog\\\/#organization\"},\"potentialAction\":[{\"@type\":\"SearchAction\",\"target\":{\"@type\":\"EntryPoint\",\"urlTemplate\":\"https:\\\/\\\/stiftungsmarktplatz.eu\\\/blog\\\/?s={search_term_string}\"},\"query-input\":{\"@type\":\"PropertyValueSpecification\",\"valueRequired\":true,\"valueName\":\"search_term_string\"}}],\"inLanguage\":\"de\"},{\"@type\":\"Organization\",\"@id\":\"https:\\\/\\\/stiftungsmarktplatz.eu\\\/blog\\\/#organization\",\"name\":\"stiftungsmarktplatz.eu GbR\",\"url\":\"https:\\\/\\\/stiftungsmarktplatz.eu\\\/blog\\\/\",\"logo\":{\"@type\":\"ImageObject\",\"inLanguage\":\"de\",\"@id\":\"https:\\\/\\\/stiftungsmarktplatz.eu\\\/blog\\\/#\\\/schema\\\/logo\\\/image\\\/\",\"url\":\"https:\\\/\\\/stiftungsmarktplatz.eu\\\/blog\\\/wp-content\\\/uploads\\\/2020\\\/03\\\/Logo-blog-retina.png\",\"contentUrl\":\"https:\\\/\\\/stiftungsmarktplatz.eu\\\/blog\\\/wp-content\\\/uploads\\\/2020\\\/03\\\/Logo-blog-retina.png\",\"width\":140,\"height\":130,\"caption\":\"stiftungsmarktplatz.eu GbR\"},\"image\":{\"@id\":\"https:\\\/\\\/stiftungsmarktplatz.eu\\\/blog\\\/#\\\/schema\\\/logo\\\/image\\\/\"},\"sameAs\":[\"https:\\\/\\\/www.linkedin.com\\\/company\\\/18563519\\\/\",\"https:\\\/\\\/www.youtube.com\\\/channel\\\/UCQrF6RQRFGxTokVV4nbx25Q\"]},{\"@type\":\"Person\",\"@id\":\"https:\\\/\\\/stiftungsmarktplatz.eu\\\/blog\\\/#\\\/schema\\\/person\\\/3a42780bf87a2088578f1e8077ccfa44\",\"name\":\"Tobias Karow\",\"image\":{\"@type\":\"ImageObject\",\"inLanguage\":\"de\",\"@id\":\"https:\\\/\\\/stiftungsmarktplatz.eu\\\/blog\\\/wp-content\\\/uploads\\\/2024\\\/05\\\/tobias-karow-2024-150x150.png\",\"url\":\"https:\\\/\\\/stiftungsmarktplatz.eu\\\/blog\\\/wp-content\\\/uploads\\\/2024\\\/05\\\/tobias-karow-2024-150x150.png\",\"contentUrl\":\"https:\\\/\\\/stiftungsmarktplatz.eu\\\/blog\\\/wp-content\\\/uploads\\\/2024\\\/05\\\/tobias-karow-2024-150x150.png\",\"caption\":\"Tobias Karow\"},\"description\":\"ist Gr\u00fcnder und Gesch\u00e4ftsf\u00fchrer von stiftungsmarktplatz.eu und im Stiftungswesen in Deutschland, \u00d6sterreich, der Schweiz und Liechtenstein seit 10 Jahren aktiv. Er ist Herausgeber der FondsFibel f\u00fcr Stiftungen &amp; NPOs, dem f\u00fchrenden Nachschlagewerk f\u00fcr Stiftungsfonds und stiftungsgeeignete Fonds (www.fondsfibel.de), Vortr\u00e4ge h\u00e4lt er vor allem zum Thema \u201aStiftungen und ihr Weg in die digitale Welt\u2018. F\u00fcr beide Themen betreibt er den Blog #stiftungenst\u00e4rken.\",\"sameAs\":[\"https:\\\/\\\/www.fondsfibel.de\"],\"url\":\"https:\\\/\\\/stiftungsmarktplatz.eu\\\/blog\\\/author\\\/tobias-karow\\\/\"}]}<\/script>\n<!-- \/ Yoast SEO plugin. -->","yoast_head_json":{"title":"Wenn in 3 Minuten alles gesagt ist - Der Stiftungsblog f\u00fcr die Stiftungspraxis","description":"#vtfds2021 \u2013 die Nachlese: Dass Stiftungsfonds bzw. stiftungsgeeignete Fonds Stiftungen viele Probleme l\u00f6sen k\u00f6nnen, ist mittlerweile hinl\u00e4nglich bekannt. Dennoch ist es manchmal nicht so leicht zu verstehen, was in diesem oder jenem Fonds eigentlich passiert, weshalb der zweite Virtuelle Tag f\u00fcr das Stiftungsverm\u00f6gen einen Elevator Pitch bereithielt.","robots":{"index":"index","follow":"follow","max-snippet":"max-snippet:-1","max-image-preview":"max-image-preview:large","max-video-preview":"max-video-preview:-1"},"canonical":"https:\/\/stiftungsmarktplatz.eu\/blog\/wenn-in-3-minuten-alles-gesagt-ist\/","og_locale":"de_DE","og_type":"article","og_title":"Wenn in 3 Minuten alles gesagt ist - Der Stiftungsblog f\u00fcr die Stiftungspraxis","og_description":"#vtfds2021 \u2013 die Nachlese: Dass Stiftungsfonds bzw. stiftungsgeeignete Fonds Stiftungen viele Probleme l\u00f6sen k\u00f6nnen, ist mittlerweile hinl\u00e4nglich bekannt. Dennoch ist es manchmal nicht so leicht zu verstehen, was in diesem oder jenem Fonds eigentlich passiert, weshalb der zweite Virtuelle Tag f\u00fcr das Stiftungsverm\u00f6gen einen Elevator Pitch bereithielt.","og_url":"https:\/\/stiftungsmarktplatz.eu\/blog\/wenn-in-3-minuten-alles-gesagt-ist\/","og_site_name":"Der Stiftungsblog f\u00fcr die Stiftungspraxis","article_published_time":"2021-05-18T11:48:00+00:00","article_modified_time":"2021-07-12T10:24:04+00:00","og_image":[{"width":1491,"height":834,"url":"https:\/\/stiftungsmarktplatz.eu\/blog\/wp-content\/uploads\/2021\/05\/Nachlese-Elevator-Pitch.jpg","type":"image\/jpeg"}],"author":"Tobias Karow","twitter_card":"summary_large_image","twitter_misc":{"Verfasst von":"Tobias Karow","Gesch\u00e4tzte Lesezeit":"5\u00a0Minuten"},"schema":{"@context":"https:\/\/schema.org","@graph":[{"@type":"Article","@id":"https:\/\/stiftungsmarktplatz.eu\/blog\/wenn-in-3-minuten-alles-gesagt-ist\/#article","isPartOf":{"@id":"https:\/\/stiftungsmarktplatz.eu\/blog\/wenn-in-3-minuten-alles-gesagt-ist\/"},"author":{"name":"Tobias Karow","@id":"https:\/\/stiftungsmarktplatz.eu\/blog\/#\/schema\/person\/3a42780bf87a2088578f1e8077ccfa44"},"headline":"Wenn in 3 Minuten alles gesagt ist","datePublished":"2021-05-18T11:48:00+00:00","dateModified":"2021-07-12T10:24:04+00:00","mainEntityOfPage":{"@id":"https:\/\/stiftungsmarktplatz.eu\/blog\/wenn-in-3-minuten-alles-gesagt-ist\/"},"wordCount":1027,"publisher":{"@id":"https:\/\/stiftungsmarktplatz.eu\/blog\/#organization"},"image":{"@id":"https:\/\/stiftungsmarktplatz.eu\/blog\/wenn-in-3-minuten-alles-gesagt-ist\/#primaryimage"},"thumbnailUrl":"https:\/\/stiftungsmarktplatz.eu\/blog\/wp-content\/uploads\/2021\/05\/Nachlese-Elevator-Pitch.jpg","keywords":["Stiftungsfonds","stiftungsgeeignete Fonds","Stiftungsverm\u00f6gen","VTFDS2021"],"articleSection":["Tipps f\u00fcr die Stiftungspraxis"],"inLanguage":"de"},{"@type":"WebPage","@id":"https:\/\/stiftungsmarktplatz.eu\/blog\/wenn-in-3-minuten-alles-gesagt-ist\/","url":"https:\/\/stiftungsmarktplatz.eu\/blog\/wenn-in-3-minuten-alles-gesagt-ist\/","name":"Wenn in 3 Minuten alles gesagt ist - Der Stiftungsblog f\u00fcr die Stiftungspraxis","isPartOf":{"@id":"https:\/\/stiftungsmarktplatz.eu\/blog\/#website"},"primaryImageOfPage":{"@id":"https:\/\/stiftungsmarktplatz.eu\/blog\/wenn-in-3-minuten-alles-gesagt-ist\/#primaryimage"},"image":{"@id":"https:\/\/stiftungsmarktplatz.eu\/blog\/wenn-in-3-minuten-alles-gesagt-ist\/#primaryimage"},"thumbnailUrl":"https:\/\/stiftungsmarktplatz.eu\/blog\/wp-content\/uploads\/2021\/05\/Nachlese-Elevator-Pitch.jpg","datePublished":"2021-05-18T11:48:00+00:00","dateModified":"2021-07-12T10:24:04+00:00","description":"#vtfds2021 \u2013 die Nachlese: Dass Stiftungsfonds bzw. stiftungsgeeignete Fonds Stiftungen viele Probleme l\u00f6sen k\u00f6nnen, ist mittlerweile hinl\u00e4nglich bekannt. Dennoch ist es manchmal nicht so leicht zu verstehen, was in diesem oder jenem Fonds eigentlich passiert, weshalb der zweite Virtuelle Tag f\u00fcr das Stiftungsverm\u00f6gen einen Elevator Pitch bereithielt.","breadcrumb":{"@id":"https:\/\/stiftungsmarktplatz.eu\/blog\/wenn-in-3-minuten-alles-gesagt-ist\/#breadcrumb"},"inLanguage":"de","potentialAction":[{"@type":"ReadAction","target":["https:\/\/stiftungsmarktplatz.eu\/blog\/wenn-in-3-minuten-alles-gesagt-ist\/"]}]},{"@type":"ImageObject","inLanguage":"de","@id":"https:\/\/stiftungsmarktplatz.eu\/blog\/wenn-in-3-minuten-alles-gesagt-ist\/#primaryimage","url":"https:\/\/stiftungsmarktplatz.eu\/blog\/wp-content\/uploads\/2021\/05\/Nachlese-Elevator-Pitch.jpg","contentUrl":"https:\/\/stiftungsmarktplatz.eu\/blog\/wp-content\/uploads\/2021\/05\/Nachlese-Elevator-Pitch.jpg","width":1491,"height":834,"caption":"Nachlese Elevator-Pitch"},{"@type":"BreadcrumbList","@id":"https:\/\/stiftungsmarktplatz.eu\/blog\/wenn-in-3-minuten-alles-gesagt-ist\/#breadcrumb","itemListElement":[{"@type":"ListItem","position":1,"name":"Startseite","item":"https:\/\/stiftungsmarktplatz.eu\/blog\/"},{"@type":"ListItem","position":2,"name":"Wenn in 3 Minuten alles gesagt ist"}]},{"@type":"WebSite","@id":"https:\/\/stiftungsmarktplatz.eu\/blog\/#website","url":"https:\/\/stiftungsmarktplatz.eu\/blog\/","name":"Der Stiftungsblog f\u00fcr die Stiftungspraxis","description":"#stiftungenst\u00e4rken - NPO-Expertise von NPO-Experten","publisher":{"@id":"https:\/\/stiftungsmarktplatz.eu\/blog\/#organization"},"potentialAction":[{"@type":"SearchAction","target":{"@type":"EntryPoint","urlTemplate":"https:\/\/stiftungsmarktplatz.eu\/blog\/?s={search_term_string}"},"query-input":{"@type":"PropertyValueSpecification","valueRequired":true,"valueName":"search_term_string"}}],"inLanguage":"de"},{"@type":"Organization","@id":"https:\/\/stiftungsmarktplatz.eu\/blog\/#organization","name":"stiftungsmarktplatz.eu GbR","url":"https:\/\/stiftungsmarktplatz.eu\/blog\/","logo":{"@type":"ImageObject","inLanguage":"de","@id":"https:\/\/stiftungsmarktplatz.eu\/blog\/#\/schema\/logo\/image\/","url":"https:\/\/stiftungsmarktplatz.eu\/blog\/wp-content\/uploads\/2020\/03\/Logo-blog-retina.png","contentUrl":"https:\/\/stiftungsmarktplatz.eu\/blog\/wp-content\/uploads\/2020\/03\/Logo-blog-retina.png","width":140,"height":130,"caption":"stiftungsmarktplatz.eu GbR"},"image":{"@id":"https:\/\/stiftungsmarktplatz.eu\/blog\/#\/schema\/logo\/image\/"},"sameAs":["https:\/\/www.linkedin.com\/company\/18563519\/","https:\/\/www.youtube.com\/channel\/UCQrF6RQRFGxTokVV4nbx25Q"]},{"@type":"Person","@id":"https:\/\/stiftungsmarktplatz.eu\/blog\/#\/schema\/person\/3a42780bf87a2088578f1e8077ccfa44","name":"Tobias Karow","image":{"@type":"ImageObject","inLanguage":"de","@id":"https:\/\/stiftungsmarktplatz.eu\/blog\/wp-content\/uploads\/2024\/05\/tobias-karow-2024-150x150.png","url":"https:\/\/stiftungsmarktplatz.eu\/blog\/wp-content\/uploads\/2024\/05\/tobias-karow-2024-150x150.png","contentUrl":"https:\/\/stiftungsmarktplatz.eu\/blog\/wp-content\/uploads\/2024\/05\/tobias-karow-2024-150x150.png","caption":"Tobias Karow"},"description":"ist Gr\u00fcnder und Gesch\u00e4ftsf\u00fchrer von stiftungsmarktplatz.eu und im Stiftungswesen in Deutschland, \u00d6sterreich, der Schweiz und Liechtenstein seit 10 Jahren aktiv. Er ist Herausgeber der FondsFibel f\u00fcr Stiftungen &amp; NPOs, dem f\u00fchrenden Nachschlagewerk f\u00fcr Stiftungsfonds und stiftungsgeeignete Fonds (www.fondsfibel.de), Vortr\u00e4ge h\u00e4lt er vor allem zum Thema \u201aStiftungen und ihr Weg in die digitale Welt\u2018. F\u00fcr beide Themen betreibt er den Blog #stiftungenst\u00e4rken.","sameAs":["https:\/\/www.fondsfibel.de"],"url":"https:\/\/stiftungsmarktplatz.eu\/blog\/author\/tobias-karow\/"}]}},"post_mailing_queue_ids":[],"_links":{"self":[{"href":"https:\/\/stiftungsmarktplatz.eu\/blog\/wp-json\/wp\/v2\/posts\/2183","targetHints":{"allow":["GET"]}}],"collection":[{"href":"https:\/\/stiftungsmarktplatz.eu\/blog\/wp-json\/wp\/v2\/posts"}],"about":[{"href":"https:\/\/stiftungsmarktplatz.eu\/blog\/wp-json\/wp\/v2\/types\/post"}],"author":[{"embeddable":true,"href":"https:\/\/stiftungsmarktplatz.eu\/blog\/wp-json\/wp\/v2\/users\/8"}],"replies":[{"embeddable":true,"href":"https:\/\/stiftungsmarktplatz.eu\/blog\/wp-json\/wp\/v2\/comments?post=2183"}],"version-history":[{"count":6,"href":"https:\/\/stiftungsmarktplatz.eu\/blog\/wp-json\/wp\/v2\/posts\/2183\/revisions"}],"predecessor-version":[{"id":2457,"href":"https:\/\/stiftungsmarktplatz.eu\/blog\/wp-json\/wp\/v2\/posts\/2183\/revisions\/2457"}],"wp:featuredmedia":[{"embeddable":true,"href":"https:\/\/stiftungsmarktplatz.eu\/blog\/wp-json\/wp\/v2\/media\/2184"}],"wp:attachment":[{"href":"https:\/\/stiftungsmarktplatz.eu\/blog\/wp-json\/wp\/v2\/media?parent=2183"}],"wp:term":[{"taxonomy":"category","embeddable":true,"href":"https:\/\/stiftungsmarktplatz.eu\/blog\/wp-json\/wp\/v2\/categories?post=2183"},{"taxonomy":"post_tag","embeddable":true,"href":"https:\/\/stiftungsmarktplatz.eu\/blog\/wp-json\/wp\/v2\/tags?post=2183"}],"curies":[{"name":"wp","href":"https:\/\/api.w.org\/{rel}","templated":true}]}}