{"id":1407,"date":"2020-08-11T10:05:00","date_gmt":"2020-08-11T08:05:00","guid":{"rendered":"https:\/\/stiftungsmarktplatz.eu\/blog\/?p=1407"},"modified":"2020-08-17T10:06:06","modified_gmt":"2020-08-17T08:06:06","slug":"stiftungswebsites-im-sommerloch","status":"publish","type":"post","link":"https:\/\/stiftungsmarktplatz.eu\/blog\/stiftungswebsites-im-sommerloch\/","title":{"rendered":"Stiftungswebsites im Sommerloch"},"content":{"rendered":"<span class=\"span-reading-time rt-reading-time\" style=\"display: block;\"><span class=\"rt-label rt-prefix\">Lesezeit: <\/span> <span class=\"rt-time\"> 3<\/span> <span class=\"rt-label rt-postfix\">Minuten<\/span><\/span>\n<p><em>Es ist Sommer, das Thermometer zeigt 28 Grad im Schnitt, aber und zu zieht ein Gewitter vorbei oder durch, je nachdem. Diese Zeiten sind es, in denen man es ruhiger angehen l\u00e4sst, und weil alle das tun, ist auch den Websites merklich weniger los als zu anderen Zeiten im Jahr. Das gilt auch f\u00fcr Stiftungswebsites. Wir haben uns trotzdem mal ein paar Gedanken dazu gemacht, wie Stiftungen relativ leicht f\u00fcr etwas Abwechslung im Sommerloch sorgen k\u00f6nnten.<\/em><\/p>\n\n\n\n<p>Nat\u00fcrlich, wenn im Sommer das Leben drau\u00dfen stattfindet, im Park, auf der Stra\u00dfe, im Caf\u00e9, trotz Corona-Krise, dann findet automatisch weniger Aktivit\u00e4t auf den Stiftungswebsites statt. Das ist nur normal, das ist auch vollkommen in Ordnung, denn die Nutzer, f\u00fcr die Inhalte erstellt werden, sind ja gerade die, die im Park oder im Caf\u00e9 sitzen. Trotzdem, es gilt auch f\u00fcr Stiftungen, die eine oder andere Aktion zu fahren, um auch in der ruhigen Jahreszeit pr\u00e4sent zu sein, zu zeigen, dass man da ist. So einfach das klingen mag, so trivial, so wichtig ist dies in Zeiten des Internets, dass praktisch nie Phasen mit richtig Leerlauf gibt. Eine erste Idee ist daher auch extrem einfach gehalten.<\/p>\n\n\n\n<h2 class=\"wp-block-heading\">STIFTUNGSNEWSLETTER ALS KLEINER SOMMERGRUSS<\/h2>\n\n\n\n<p>Stiftungen k\u00f6nnten mit ihrem Team ein Bild im Hof des B\u00fcrohauses oder in einem nahe Park schie\u00dfen, und versehen mit ein paar sommerlichen Gr\u00fc\u00dfen und dies dann als Newsletter verpackt an die Community senden. Das ist ein kleiner Aufwand, der aber eine enorme Wirkung haben kann, denn ihr Netzwerk h\u00f6rt etwas von Ihnen, was definitiv positiv besetzt ist, und sofern im P.S. vielleicht noch ein kleiner Hinweis verpackt ist, auf die Stiftungswebsite, auf ein Projekt, auf ein Erfolgserlebnis, auf eine in B\u00e4lde anstehende Aktion, dann wird ihr sommerlicher Stiftungsnewsletter seine Wirkung definitiv nicht verfehlen. Der Arbeitsaufwand f\u00fcr Fotografieren, Bild bearbeiten, montieren und versenden d\u00fcrfte 90 Minuten nicht \u00fcbersteigen, was definitiv f\u00fcr jede Stiftung zu machen ist.<\/p>\n\n\n\n<h2 class=\"wp-block-heading\">EIN PODCAST F\u00dcR DIE STIFTUNGSWEBSITE<\/h2>\n\n\n\n<p>Was sich auf einer Stiftungswebsite auch gut machen k\u00f6nnte w\u00e4re ein kleiner Podcast des Vorstands, der Gesch\u00e4ftsf\u00fchrerin oder des Gesch\u00e4ftsf\u00fchrers. Eine kurze Geschichte zu dem, was einen im Sommerloch umtreibt, was als n\u00e4chste Projekte anstehen und was das Highlight des ersten Halbjahres war, das reicht manchmal schon. Die Geschichten der Stiftungen werden so einfach aufgegriffen, so als w\u00fcrde man beim Cappuccino zusammensitzen und dar\u00fcber sprechen. F\u00fcr die Aufnahme einer solchen Audiobotschaft braucht es ein Handy, ein Lavalier-Mikrofon (kostet 30 EUR), ein Foto und etwas Zeit, das zu bearbeiten und dieses zusammen mit der Audiodatei auf der Stiftungswebsite zu verstauen. Auch hier d\u00fcrften 90 Minuten reichen, ein kleiner Hinweis in einer Xing-Gruppe, beispielsweise jener von stiftungsmarktplatz.eu, und schon geht der Inhalt auch etwas um.<\/p>\n\n\n\n<h2 class=\"wp-block-heading\">XING-GRUPPEN ERWEITERN DAS NETZWERK<\/h2>\n\n\n\n<p>\u00dcbrigens, weil wir gerade beim Thema sind. Es kann durchaus Sinn machen, die ruhigen Wochen f\u00fcr ein wenig Netzwerkrecherche zu verwenden. Sich auf Xing f\u00fcr eine Gruppe mit Stiftungsbezug anzumelden, das kann schon einen Mehrwert beinhalten, sich f\u00fcr die Newsletter anderer Stiftungen einzutragen, kann ebenfalls recht schnell Anregungen liefern. Ebenfalls kann es sinnvoll sein, einfach mal die Funktionen der eigenen Stiftungswebsite auszuprobieren. Auf diese Art und Weise sehen sie als Stiftungsvorstand sehr rasch, ob ihr Website liefert oder ob sie an mancher Stelle selbst genervt sind. Dort wo Sie genervt sind, werden es andere auch sein, entsprechend haben Sie sofort wieder Ankn\u00fcpfungspunkte f\u00fcr den Herbst, wenn es wieder richtig losgeht.<\/p>\n\n\n\n<h2 class=\"wp-block-heading\">EINE STIFTUNGSWEBSITE DARF RUHIG NEUGIERIG MACHEN<\/h2>\n\n\n\n<p>Eine finale Anregung betrifft noch die Aktuell-Rubrik, die in der Regel gut bef\u00fcllt ist mit aktuellen Meldungen, oft aus den Projekten. Hier w\u00e4re es eine Idee, sich an einem kleinen Ausblick zu versuchen, und diesen dann auch zu bebildern. Was kommt, was wird es Neues geben, welche News wird die Stiftung aller Voraussicht nach als n\u00e4chstes \u201eproduzieren\u201c \u2013 dazu ein paar kurze Teaser zusammenzutragen, das kann durchaus sinnvoll sein. Denn so schafft eine Stiftung \u00fcber die Stiftungswebsite zweierlei: Sie weckt grunds\u00e4tzliches Interesse an der Arbeit der Stiftung, und sie macht mittelfristig neugierig, auf das was vermutlich kommen wird. Es ist nicht umsonst so, dass gro\u00dfe Unternehmen auf diese Technik des \u201eAnf\u00fcttern\u201c von Nutzern relativ oft setzen, und warum sollen Stiftungen dieses Werkzeug nicht auch nutzen. Das Formulieren und Live-Stellen auf der Stiftungswebsite d\u00fcrfte vielleicht 120 Minuten in Anspruch nehmen, mehr bestimmt nicht.<\/p>\n\n\n\n<h2 class=\"wp-block-heading\">ZUSAMMENGEFASST<\/h2>\n\n\n\n<p>Auf der Stiftungswebsite auch in der Sommerpause oder im Sommerloch f\u00fcr etwas Aktivit\u00e4t zu sorgen, ist keine Zauberei. Einen kurzen Newsletter mit Sommergru\u00df zu versenden, einen Podcast des Vorstands live zu stellen oder auf der Stiftungswebsite mit ein zwei Teasern f\u00fcr neue Projekte die Nutzer etwas \u201eanzuf\u00fcttern\u201c, das ist alles schnell gemacht. Nat\u00fcrlich bedeutet das, dass das Sommerloch doch mit Arbeit auf der Stiftungswebsite angef\u00fcllt wird, aber andererseits hat halt das Internat auch keine \u00d6ffnungszeiten. Und ein Sommerloch kennt das Internet schon gar nicht. Eher im Gegenteil.<\/p>\n","protected":false},"excerpt":{"rendered":"<p><span class=\"span-reading-time rt-reading-time\" style=\"display: block;\"><span class=\"rt-label rt-prefix\">Lesezeit: <\/span> <span class=\"rt-time\"> 3<\/span> <span class=\"rt-label rt-postfix\">Minuten<\/span><\/span>Es ist Sommer, das Thermometer zeigt 28 Grad im Schnitt, aber und zu zieht ein Gewitter vorbei oder durch, je nachdem. Diese Zeiten sind es, in denen man es ruhiger angehen l\u00e4sst, und weil alle das tun, ist auch den Websites merklich weniger los als zu anderen Zeiten im Jahr. Das gilt auch f\u00fcr Stiftungswebsites. Wir haben uns trotzdem mal ein paar Gedanken dazu gemacht, wie Stiftungen relativ leicht f\u00fcr etwas Abwechslung im Sommerloch sorgen k\u00f6nnten.<\/p>\n","protected":false},"author":8,"featured_media":1408,"comment_status":"closed","ping_status":"open","sticky":false,"template":"","format":"standard","meta":{"ngg_post_thumbnail":0,"footnotes":""},"categories":[6],"tags":[19,30,32,35],"class_list":{"0":"post-1407","1":"post","2":"type-post","3":"status-publish","4":"format-standard","5":"has-post-thumbnail","7":"category-stiftungskommunikation-und-ki","8":"tag-stiftungen","9":"tag-social-media","10":"tag-digitale-kommunikation","11":"tag-stiftungswebsite"},"yoast_head":"<!-- This site is optimized with the Yoast SEO plugin v27.4 - https:\/\/yoast.com\/product\/yoast-seo-wordpress\/ -->\n<title>Stiftungswebsites im Sommerloch - Der Stiftungsblog f\u00fcr die Stiftungspraxis<\/title>\n<meta name=\"description\" content=\"Es ist Sommer, das Thermometer zeigt 28 Grad im Schnitt, aber und zu zieht ein Gewitter vorbei oder durch, je nachdem. Diese Zeiten sind es, in denen man es ruhiger angehen l\u00e4sst, und weil alle das tun, ist auch den Websites merklich weniger los als zu anderen Zeiten im Jahr. Das gilt auch f\u00fcr Stiftungswebsites.\" \/>\n<meta name=\"robots\" content=\"index, follow, max-snippet:-1, max-image-preview:large, max-video-preview:-1\" \/>\n<link rel=\"canonical\" href=\"https:\/\/stiftungsmarktplatz.eu\/blog\/stiftungswebsites-im-sommerloch\/\" \/>\n<meta property=\"og:locale\" content=\"de_DE\" \/>\n<meta property=\"og:type\" content=\"article\" \/>\n<meta property=\"og:title\" content=\"Stiftungswebsites im Sommerloch - Der Stiftungsblog f\u00fcr die Stiftungspraxis\" \/>\n<meta property=\"og:description\" content=\"Es ist Sommer, das Thermometer zeigt 28 Grad im Schnitt, aber und zu zieht ein Gewitter vorbei oder durch, je nachdem. Diese Zeiten sind es, in denen man es ruhiger angehen l\u00e4sst, und weil alle das tun, ist auch den Websites merklich weniger los als zu anderen Zeiten im Jahr. Das gilt auch f\u00fcr Stiftungswebsites.\" \/>\n<meta property=\"og:url\" content=\"https:\/\/stiftungsmarktplatz.eu\/blog\/stiftungswebsites-im-sommerloch\/\" \/>\n<meta property=\"og:site_name\" content=\"Der Stiftungsblog f\u00fcr die Stiftungspraxis\" \/>\n<meta property=\"article:published_time\" content=\"2020-08-11T08:05:00+00:00\" \/>\n<meta property=\"article:modified_time\" content=\"2020-08-17T08:06:06+00:00\" \/>\n<meta property=\"og:image\" content=\"https:\/\/stiftungsmarktplatz.eu\/blog\/wp-content\/uploads\/2020\/08\/Stiftungswebsite-im-Sommerloch.jpg\" \/>\n\t<meta property=\"og:image:width\" content=\"1200\" \/>\n\t<meta property=\"og:image:height\" content=\"675\" \/>\n\t<meta property=\"og:image:type\" content=\"image\/jpeg\" \/>\n<meta name=\"author\" content=\"Tobias Karow\" \/>\n<meta name=\"twitter:card\" content=\"summary_large_image\" \/>\n<meta name=\"twitter:label1\" content=\"Verfasst von\" \/>\n\t<meta name=\"twitter:data1\" content=\"Tobias Karow\" \/>\n\t<meta name=\"twitter:label2\" content=\"Gesch\u00e4tzte Lesezeit\" \/>\n\t<meta name=\"twitter:data2\" content=\"4\u00a0Minuten\" \/>\n<script type=\"application\/ld+json\" class=\"yoast-schema-graph\">{\"@context\":\"https:\\\/\\\/schema.org\",\"@graph\":[{\"@type\":\"Article\",\"@id\":\"https:\\\/\\\/stiftungsmarktplatz.eu\\\/blog\\\/stiftungswebsites-im-sommerloch\\\/#article\",\"isPartOf\":{\"@id\":\"https:\\\/\\\/stiftungsmarktplatz.eu\\\/blog\\\/stiftungswebsites-im-sommerloch\\\/\"},\"author\":{\"name\":\"Tobias Karow\",\"@id\":\"https:\\\/\\\/stiftungsmarktplatz.eu\\\/blog\\\/#\\\/schema\\\/person\\\/3a42780bf87a2088578f1e8077ccfa44\"},\"headline\":\"Stiftungswebsites im Sommerloch\",\"datePublished\":\"2020-08-11T08:05:00+00:00\",\"dateModified\":\"2020-08-17T08:06:06+00:00\",\"mainEntityOfPage\":{\"@id\":\"https:\\\/\\\/stiftungsmarktplatz.eu\\\/blog\\\/stiftungswebsites-im-sommerloch\\\/\"},\"wordCount\":838,\"publisher\":{\"@id\":\"https:\\\/\\\/stiftungsmarktplatz.eu\\\/blog\\\/#organization\"},\"image\":{\"@id\":\"https:\\\/\\\/stiftungsmarktplatz.eu\\\/blog\\\/stiftungswebsites-im-sommerloch\\\/#primaryimage\"},\"thumbnailUrl\":\"https:\\\/\\\/stiftungsmarktplatz.eu\\\/blog\\\/wp-content\\\/uploads\\\/2020\\\/08\\\/Stiftungswebsite-im-Sommerloch.jpg\",\"keywords\":[\"Stiftungen\",\"Social Media\",\"digitale Kommunikation\",\"Stiftungswebsite\"],\"articleSection\":[\"Stiftungskommunikation und KI\"],\"inLanguage\":\"de\"},{\"@type\":\"WebPage\",\"@id\":\"https:\\\/\\\/stiftungsmarktplatz.eu\\\/blog\\\/stiftungswebsites-im-sommerloch\\\/\",\"url\":\"https:\\\/\\\/stiftungsmarktplatz.eu\\\/blog\\\/stiftungswebsites-im-sommerloch\\\/\",\"name\":\"Stiftungswebsites im Sommerloch - Der Stiftungsblog f\u00fcr die Stiftungspraxis\",\"isPartOf\":{\"@id\":\"https:\\\/\\\/stiftungsmarktplatz.eu\\\/blog\\\/#website\"},\"primaryImageOfPage\":{\"@id\":\"https:\\\/\\\/stiftungsmarktplatz.eu\\\/blog\\\/stiftungswebsites-im-sommerloch\\\/#primaryimage\"},\"image\":{\"@id\":\"https:\\\/\\\/stiftungsmarktplatz.eu\\\/blog\\\/stiftungswebsites-im-sommerloch\\\/#primaryimage\"},\"thumbnailUrl\":\"https:\\\/\\\/stiftungsmarktplatz.eu\\\/blog\\\/wp-content\\\/uploads\\\/2020\\\/08\\\/Stiftungswebsite-im-Sommerloch.jpg\",\"datePublished\":\"2020-08-11T08:05:00+00:00\",\"dateModified\":\"2020-08-17T08:06:06+00:00\",\"description\":\"Es ist Sommer, das Thermometer zeigt 28 Grad im Schnitt, aber und zu zieht ein Gewitter vorbei oder durch, je nachdem. Diese Zeiten sind es, in denen man es ruhiger angehen l\u00e4sst, und weil alle das tun, ist auch den Websites merklich weniger los als zu anderen Zeiten im Jahr. Das gilt auch f\u00fcr Stiftungswebsites.\",\"breadcrumb\":{\"@id\":\"https:\\\/\\\/stiftungsmarktplatz.eu\\\/blog\\\/stiftungswebsites-im-sommerloch\\\/#breadcrumb\"},\"inLanguage\":\"de\",\"potentialAction\":[{\"@type\":\"ReadAction\",\"target\":[\"https:\\\/\\\/stiftungsmarktplatz.eu\\\/blog\\\/stiftungswebsites-im-sommerloch\\\/\"]}]},{\"@type\":\"ImageObject\",\"inLanguage\":\"de\",\"@id\":\"https:\\\/\\\/stiftungsmarktplatz.eu\\\/blog\\\/stiftungswebsites-im-sommerloch\\\/#primaryimage\",\"url\":\"https:\\\/\\\/stiftungsmarktplatz.eu\\\/blog\\\/wp-content\\\/uploads\\\/2020\\\/08\\\/Stiftungswebsite-im-Sommerloch.jpg\",\"contentUrl\":\"https:\\\/\\\/stiftungsmarktplatz.eu\\\/blog\\\/wp-content\\\/uploads\\\/2020\\\/08\\\/Stiftungswebsite-im-Sommerloch.jpg\",\"width\":1200,\"height\":675,\"caption\":\"Stiftungswebsite im Sommerloch\"},{\"@type\":\"BreadcrumbList\",\"@id\":\"https:\\\/\\\/stiftungsmarktplatz.eu\\\/blog\\\/stiftungswebsites-im-sommerloch\\\/#breadcrumb\",\"itemListElement\":[{\"@type\":\"ListItem\",\"position\":1,\"name\":\"Startseite\",\"item\":\"https:\\\/\\\/stiftungsmarktplatz.eu\\\/blog\\\/\"},{\"@type\":\"ListItem\",\"position\":2,\"name\":\"Stiftungswebsites im Sommerloch\"}]},{\"@type\":\"WebSite\",\"@id\":\"https:\\\/\\\/stiftungsmarktplatz.eu\\\/blog\\\/#website\",\"url\":\"https:\\\/\\\/stiftungsmarktplatz.eu\\\/blog\\\/\",\"name\":\"Der Stiftungsblog f\u00fcr die Stiftungspraxis\",\"description\":\"#stiftungenst\u00e4rken - NPO-Expertise von NPO-Experten\",\"publisher\":{\"@id\":\"https:\\\/\\\/stiftungsmarktplatz.eu\\\/blog\\\/#organization\"},\"potentialAction\":[{\"@type\":\"SearchAction\",\"target\":{\"@type\":\"EntryPoint\",\"urlTemplate\":\"https:\\\/\\\/stiftungsmarktplatz.eu\\\/blog\\\/?s={search_term_string}\"},\"query-input\":{\"@type\":\"PropertyValueSpecification\",\"valueRequired\":true,\"valueName\":\"search_term_string\"}}],\"inLanguage\":\"de\"},{\"@type\":\"Organization\",\"@id\":\"https:\\\/\\\/stiftungsmarktplatz.eu\\\/blog\\\/#organization\",\"name\":\"stiftungsmarktplatz.eu GbR\",\"url\":\"https:\\\/\\\/stiftungsmarktplatz.eu\\\/blog\\\/\",\"logo\":{\"@type\":\"ImageObject\",\"inLanguage\":\"de\",\"@id\":\"https:\\\/\\\/stiftungsmarktplatz.eu\\\/blog\\\/#\\\/schema\\\/logo\\\/image\\\/\",\"url\":\"https:\\\/\\\/stiftungsmarktplatz.eu\\\/blog\\\/wp-content\\\/uploads\\\/2020\\\/03\\\/Logo-blog-retina.png\",\"contentUrl\":\"https:\\\/\\\/stiftungsmarktplatz.eu\\\/blog\\\/wp-content\\\/uploads\\\/2020\\\/03\\\/Logo-blog-retina.png\",\"width\":140,\"height\":130,\"caption\":\"stiftungsmarktplatz.eu GbR\"},\"image\":{\"@id\":\"https:\\\/\\\/stiftungsmarktplatz.eu\\\/blog\\\/#\\\/schema\\\/logo\\\/image\\\/\"},\"sameAs\":[\"https:\\\/\\\/www.linkedin.com\\\/company\\\/18563519\\\/\",\"https:\\\/\\\/www.youtube.com\\\/channel\\\/UCQrF6RQRFGxTokVV4nbx25Q\"]},{\"@type\":\"Person\",\"@id\":\"https:\\\/\\\/stiftungsmarktplatz.eu\\\/blog\\\/#\\\/schema\\\/person\\\/3a42780bf87a2088578f1e8077ccfa44\",\"name\":\"Tobias Karow\",\"image\":{\"@type\":\"ImageObject\",\"inLanguage\":\"de\",\"@id\":\"https:\\\/\\\/stiftungsmarktplatz.eu\\\/blog\\\/wp-content\\\/uploads\\\/2024\\\/05\\\/tobias-karow-2024-150x150.png\",\"url\":\"https:\\\/\\\/stiftungsmarktplatz.eu\\\/blog\\\/wp-content\\\/uploads\\\/2024\\\/05\\\/tobias-karow-2024-150x150.png\",\"contentUrl\":\"https:\\\/\\\/stiftungsmarktplatz.eu\\\/blog\\\/wp-content\\\/uploads\\\/2024\\\/05\\\/tobias-karow-2024-150x150.png\",\"caption\":\"Tobias Karow\"},\"description\":\"ist Gr\u00fcnder und Gesch\u00e4ftsf\u00fchrer von stiftungsmarktplatz.eu und im Stiftungswesen in Deutschland, \u00d6sterreich, der Schweiz und Liechtenstein seit 10 Jahren aktiv. Er ist Herausgeber der FondsFibel f\u00fcr Stiftungen &amp; NPOs, dem f\u00fchrenden Nachschlagewerk f\u00fcr Stiftungsfonds und stiftungsgeeignete Fonds (www.fondsfibel.de), Vortr\u00e4ge h\u00e4lt er vor allem zum Thema \u201aStiftungen und ihr Weg in die digitale Welt\u2018. F\u00fcr beide Themen betreibt er den Blog #stiftungenst\u00e4rken.\",\"sameAs\":[\"https:\\\/\\\/www.fondsfibel.de\"],\"url\":\"https:\\\/\\\/stiftungsmarktplatz.eu\\\/blog\\\/author\\\/tobias-karow\\\/\"}]}<\/script>\n<!-- \/ Yoast SEO plugin. -->","yoast_head_json":{"title":"Stiftungswebsites im Sommerloch - Der Stiftungsblog f\u00fcr die Stiftungspraxis","description":"Es ist Sommer, das Thermometer zeigt 28 Grad im Schnitt, aber und zu zieht ein Gewitter vorbei oder durch, je nachdem. Diese Zeiten sind es, in denen man es ruhiger angehen l\u00e4sst, und weil alle das tun, ist auch den Websites merklich weniger los als zu anderen Zeiten im Jahr. Das gilt auch f\u00fcr Stiftungswebsites.","robots":{"index":"index","follow":"follow","max-snippet":"max-snippet:-1","max-image-preview":"max-image-preview:large","max-video-preview":"max-video-preview:-1"},"canonical":"https:\/\/stiftungsmarktplatz.eu\/blog\/stiftungswebsites-im-sommerloch\/","og_locale":"de_DE","og_type":"article","og_title":"Stiftungswebsites im Sommerloch - Der Stiftungsblog f\u00fcr die Stiftungspraxis","og_description":"Es ist Sommer, das Thermometer zeigt 28 Grad im Schnitt, aber und zu zieht ein Gewitter vorbei oder durch, je nachdem. Diese Zeiten sind es, in denen man es ruhiger angehen l\u00e4sst, und weil alle das tun, ist auch den Websites merklich weniger los als zu anderen Zeiten im Jahr. Das gilt auch f\u00fcr Stiftungswebsites.","og_url":"https:\/\/stiftungsmarktplatz.eu\/blog\/stiftungswebsites-im-sommerloch\/","og_site_name":"Der Stiftungsblog f\u00fcr die Stiftungspraxis","article_published_time":"2020-08-11T08:05:00+00:00","article_modified_time":"2020-08-17T08:06:06+00:00","og_image":[{"width":1200,"height":675,"url":"https:\/\/stiftungsmarktplatz.eu\/blog\/wp-content\/uploads\/2020\/08\/Stiftungswebsite-im-Sommerloch.jpg","type":"image\/jpeg"}],"author":"Tobias Karow","twitter_card":"summary_large_image","twitter_misc":{"Verfasst von":"Tobias Karow","Gesch\u00e4tzte Lesezeit":"4\u00a0Minuten"},"schema":{"@context":"https:\/\/schema.org","@graph":[{"@type":"Article","@id":"https:\/\/stiftungsmarktplatz.eu\/blog\/stiftungswebsites-im-sommerloch\/#article","isPartOf":{"@id":"https:\/\/stiftungsmarktplatz.eu\/blog\/stiftungswebsites-im-sommerloch\/"},"author":{"name":"Tobias Karow","@id":"https:\/\/stiftungsmarktplatz.eu\/blog\/#\/schema\/person\/3a42780bf87a2088578f1e8077ccfa44"},"headline":"Stiftungswebsites im Sommerloch","datePublished":"2020-08-11T08:05:00+00:00","dateModified":"2020-08-17T08:06:06+00:00","mainEntityOfPage":{"@id":"https:\/\/stiftungsmarktplatz.eu\/blog\/stiftungswebsites-im-sommerloch\/"},"wordCount":838,"publisher":{"@id":"https:\/\/stiftungsmarktplatz.eu\/blog\/#organization"},"image":{"@id":"https:\/\/stiftungsmarktplatz.eu\/blog\/stiftungswebsites-im-sommerloch\/#primaryimage"},"thumbnailUrl":"https:\/\/stiftungsmarktplatz.eu\/blog\/wp-content\/uploads\/2020\/08\/Stiftungswebsite-im-Sommerloch.jpg","keywords":["Stiftungen","Social Media","digitale Kommunikation","Stiftungswebsite"],"articleSection":["Stiftungskommunikation und KI"],"inLanguage":"de"},{"@type":"WebPage","@id":"https:\/\/stiftungsmarktplatz.eu\/blog\/stiftungswebsites-im-sommerloch\/","url":"https:\/\/stiftungsmarktplatz.eu\/blog\/stiftungswebsites-im-sommerloch\/","name":"Stiftungswebsites im Sommerloch - Der Stiftungsblog f\u00fcr die Stiftungspraxis","isPartOf":{"@id":"https:\/\/stiftungsmarktplatz.eu\/blog\/#website"},"primaryImageOfPage":{"@id":"https:\/\/stiftungsmarktplatz.eu\/blog\/stiftungswebsites-im-sommerloch\/#primaryimage"},"image":{"@id":"https:\/\/stiftungsmarktplatz.eu\/blog\/stiftungswebsites-im-sommerloch\/#primaryimage"},"thumbnailUrl":"https:\/\/stiftungsmarktplatz.eu\/blog\/wp-content\/uploads\/2020\/08\/Stiftungswebsite-im-Sommerloch.jpg","datePublished":"2020-08-11T08:05:00+00:00","dateModified":"2020-08-17T08:06:06+00:00","description":"Es ist Sommer, das Thermometer zeigt 28 Grad im Schnitt, aber und zu zieht ein Gewitter vorbei oder durch, je nachdem. Diese Zeiten sind es, in denen man es ruhiger angehen l\u00e4sst, und weil alle das tun, ist auch den Websites merklich weniger los als zu anderen Zeiten im Jahr. Das gilt auch f\u00fcr Stiftungswebsites.","breadcrumb":{"@id":"https:\/\/stiftungsmarktplatz.eu\/blog\/stiftungswebsites-im-sommerloch\/#breadcrumb"},"inLanguage":"de","potentialAction":[{"@type":"ReadAction","target":["https:\/\/stiftungsmarktplatz.eu\/blog\/stiftungswebsites-im-sommerloch\/"]}]},{"@type":"ImageObject","inLanguage":"de","@id":"https:\/\/stiftungsmarktplatz.eu\/blog\/stiftungswebsites-im-sommerloch\/#primaryimage","url":"https:\/\/stiftungsmarktplatz.eu\/blog\/wp-content\/uploads\/2020\/08\/Stiftungswebsite-im-Sommerloch.jpg","contentUrl":"https:\/\/stiftungsmarktplatz.eu\/blog\/wp-content\/uploads\/2020\/08\/Stiftungswebsite-im-Sommerloch.jpg","width":1200,"height":675,"caption":"Stiftungswebsite im Sommerloch"},{"@type":"BreadcrumbList","@id":"https:\/\/stiftungsmarktplatz.eu\/blog\/stiftungswebsites-im-sommerloch\/#breadcrumb","itemListElement":[{"@type":"ListItem","position":1,"name":"Startseite","item":"https:\/\/stiftungsmarktplatz.eu\/blog\/"},{"@type":"ListItem","position":2,"name":"Stiftungswebsites im Sommerloch"}]},{"@type":"WebSite","@id":"https:\/\/stiftungsmarktplatz.eu\/blog\/#website","url":"https:\/\/stiftungsmarktplatz.eu\/blog\/","name":"Der Stiftungsblog f\u00fcr die Stiftungspraxis","description":"#stiftungenst\u00e4rken - NPO-Expertise von NPO-Experten","publisher":{"@id":"https:\/\/stiftungsmarktplatz.eu\/blog\/#organization"},"potentialAction":[{"@type":"SearchAction","target":{"@type":"EntryPoint","urlTemplate":"https:\/\/stiftungsmarktplatz.eu\/blog\/?s={search_term_string}"},"query-input":{"@type":"PropertyValueSpecification","valueRequired":true,"valueName":"search_term_string"}}],"inLanguage":"de"},{"@type":"Organization","@id":"https:\/\/stiftungsmarktplatz.eu\/blog\/#organization","name":"stiftungsmarktplatz.eu GbR","url":"https:\/\/stiftungsmarktplatz.eu\/blog\/","logo":{"@type":"ImageObject","inLanguage":"de","@id":"https:\/\/stiftungsmarktplatz.eu\/blog\/#\/schema\/logo\/image\/","url":"https:\/\/stiftungsmarktplatz.eu\/blog\/wp-content\/uploads\/2020\/03\/Logo-blog-retina.png","contentUrl":"https:\/\/stiftungsmarktplatz.eu\/blog\/wp-content\/uploads\/2020\/03\/Logo-blog-retina.png","width":140,"height":130,"caption":"stiftungsmarktplatz.eu GbR"},"image":{"@id":"https:\/\/stiftungsmarktplatz.eu\/blog\/#\/schema\/logo\/image\/"},"sameAs":["https:\/\/www.linkedin.com\/company\/18563519\/","https:\/\/www.youtube.com\/channel\/UCQrF6RQRFGxTokVV4nbx25Q"]},{"@type":"Person","@id":"https:\/\/stiftungsmarktplatz.eu\/blog\/#\/schema\/person\/3a42780bf87a2088578f1e8077ccfa44","name":"Tobias Karow","image":{"@type":"ImageObject","inLanguage":"de","@id":"https:\/\/stiftungsmarktplatz.eu\/blog\/wp-content\/uploads\/2024\/05\/tobias-karow-2024-150x150.png","url":"https:\/\/stiftungsmarktplatz.eu\/blog\/wp-content\/uploads\/2024\/05\/tobias-karow-2024-150x150.png","contentUrl":"https:\/\/stiftungsmarktplatz.eu\/blog\/wp-content\/uploads\/2024\/05\/tobias-karow-2024-150x150.png","caption":"Tobias Karow"},"description":"ist Gr\u00fcnder und Gesch\u00e4ftsf\u00fchrer von stiftungsmarktplatz.eu und im Stiftungswesen in Deutschland, \u00d6sterreich, der Schweiz und Liechtenstein seit 10 Jahren aktiv. Er ist Herausgeber der FondsFibel f\u00fcr Stiftungen &amp; NPOs, dem f\u00fchrenden Nachschlagewerk f\u00fcr Stiftungsfonds und stiftungsgeeignete Fonds (www.fondsfibel.de), Vortr\u00e4ge h\u00e4lt er vor allem zum Thema \u201aStiftungen und ihr Weg in die digitale Welt\u2018. F\u00fcr beide Themen betreibt er den Blog #stiftungenst\u00e4rken.","sameAs":["https:\/\/www.fondsfibel.de"],"url":"https:\/\/stiftungsmarktplatz.eu\/blog\/author\/tobias-karow\/"}]}},"post_mailing_queue_ids":[],"_links":{"self":[{"href":"https:\/\/stiftungsmarktplatz.eu\/blog\/wp-json\/wp\/v2\/posts\/1407","targetHints":{"allow":["GET"]}}],"collection":[{"href":"https:\/\/stiftungsmarktplatz.eu\/blog\/wp-json\/wp\/v2\/posts"}],"about":[{"href":"https:\/\/stiftungsmarktplatz.eu\/blog\/wp-json\/wp\/v2\/types\/post"}],"author":[{"embeddable":true,"href":"https:\/\/stiftungsmarktplatz.eu\/blog\/wp-json\/wp\/v2\/users\/8"}],"replies":[{"embeddable":true,"href":"https:\/\/stiftungsmarktplatz.eu\/blog\/wp-json\/wp\/v2\/comments?post=1407"}],"version-history":[{"count":1,"href":"https:\/\/stiftungsmarktplatz.eu\/blog\/wp-json\/wp\/v2\/posts\/1407\/revisions"}],"predecessor-version":[{"id":1409,"href":"https:\/\/stiftungsmarktplatz.eu\/blog\/wp-json\/wp\/v2\/posts\/1407\/revisions\/1409"}],"wp:featuredmedia":[{"embeddable":true,"href":"https:\/\/stiftungsmarktplatz.eu\/blog\/wp-json\/wp\/v2\/media\/1408"}],"wp:attachment":[{"href":"https:\/\/stiftungsmarktplatz.eu\/blog\/wp-json\/wp\/v2\/media?parent=1407"}],"wp:term":[{"taxonomy":"category","embeddable":true,"href":"https:\/\/stiftungsmarktplatz.eu\/blog\/wp-json\/wp\/v2\/categories?post=1407"},{"taxonomy":"post_tag","embeddable":true,"href":"https:\/\/stiftungsmarktplatz.eu\/blog\/wp-json\/wp\/v2\/tags?post=1407"}],"curies":[{"name":"wp","href":"https:\/\/api.w.org\/{rel}","templated":true}]}}