{"id":1305,"date":"2020-07-05T12:34:00","date_gmt":"2020-07-05T10:34:00","guid":{"rendered":"https:\/\/stiftungsmarktplatz.eu\/blog\/?p=1305"},"modified":"2020-07-06T12:45:56","modified_gmt":"2020-07-06T10:45:56","slug":"einfach-mal-die-100-jahres-brille-aufsetzen","status":"publish","type":"post","link":"https:\/\/stiftungsmarktplatz.eu\/blog\/einfach-mal-die-100-jahres-brille-aufsetzen\/","title":{"rendered":"Einfach mal die 100-Jahres-Brille aufsetzen"},"content":{"rendered":"<span class=\"span-reading-time rt-reading-time\" style=\"display: block;\"><span class=\"rt-label rt-prefix\">Lesezeit: <\/span> <span class=\"rt-time\"> 4<\/span> <span class=\"rt-label rt-postfix\">Minuten<\/span><\/span>\n<p><em>Was muss sich in der Verwaltung des Stiftungsverm\u00f6gens nach einer Pandemie \u00e4ndern? Eigentlich nichts, was nicht schon vorher eine gute Idee gewesen w\u00e4re. Zu diesem Ergebnis kam eine Diskussionsrunde aus Dr. Christoph Degen (proFonds), Immo Gatzweiler (AXA Investment Managers) und Petra Tr\u00e4g (SOS Kinderdorf-Stiftung).<\/em><\/p>\n\n\n\n<h2 class=\"wp-block-heading\">DIE SICHT DER STIFTUNGSMANAGERIN<\/h2>\n\n\n\n<p><strong>Petra Tr\u00e4g<\/strong><br><strong>Gesch\u00e4ftsf\u00fchrerin der SOS-Kinderdorf Stiftung, M\u00fcnchen<\/strong><\/p>\n\n\n\n<p>Schon seit der Finanzkrise ist alles anders. Und auch die Pandemie hat gezeigt: Es muss breit gestreut werden und es muss global gestreut werden, weil die Welt global funktioniert. Es gab Gewinner und Verlierer der Krise. Wenn ich gut gestreut habe, bin ich \u00fcberall mit dabei. Wenn eine Unternehmung Pleite geht, ist es egal, in welcher Anlageklasse. Entscheidend ist die Qualit\u00e4t. Jedes Investment muss ein gutes, tragf\u00e4higes Gesch\u00e4ftsmodell haben.<\/p>\n\n\n\n<p>Auf ewig angelegte Stiftungen k\u00f6nnen die 100-Jahres-Brille aufsetzen, um zu schauen, was ihre Risiken sind. Dieser Blick ergibt, dass Stiftungen, die gut gestreut haben, selbst beim B\u00f6rsencrash von 1929 nach 15 Jahren aus der Krise herausgekommen sind. Und zwar mit Kapital, mit dem sie etwas anfangen konnten. Selbst in der gro\u00dfen Krise von 1929 bis 1933 haben die meisten Unternehmen nur ein Jahr mit der Dividendenzahlung ausgesetzt. Jede Volkswirtschaft wird nur aus der Krise herauskommen, wenn sie irgendwas herstellt, was sie verkauft. Deswegen f\u00fchrt an der Aktie kein Weg vorbei.<\/p>\n\n\n\n<p>Wir befinden uns in der Diskussion mit der Stiftungsaufsicht, was sicher und ertragreich und was langfristig hei\u00dft. Auch die Beh\u00f6rden sehen, wie Anleihen f\u00e4llig werden und wie die Situation f\u00fcr die Wiederanlage ist. Sie gehen mit, dass man an der Aktie nicht vorbeikommt. Auch Aufsichten, die bislang restriktiv waren, bewegen sich.<\/p>\n\n\n\n<p>Einige Stiftungsvorst\u00e4nde haben die Erfahrung gemacht, dass sie ausgerechnet jetzt in Aktien gegangen sind und dann die Kurse fielen. Wir versuchen daher auch zu vermitteln, wie Aktien funktionieren. Es empfiehlt sich, jemanden mit Anlageexpertise in das Gremium zu holen, sich aber auch selbst solche Kenntnisse anzueignen.<\/p>\n\n\n\n<p>Laut einer Studie der Zentralbank Fed sind nach einer Epidemie die Zinsen noch 20 bis 40 Jahre sp\u00e4ter niedriger als sie es sonst gewesen w\u00e4ren. Es gibt daher Handlungszwang, weil nicht zu erwarten ist, dass die Zinsen f\u00fcr Bundesanleihen wiederkommen.<\/p>\n\n\n\n<h2 class=\"wp-block-heading\">DIE EMPFEHLUNGEN DES ANLAGEEXPERTEN<\/h2>\n\n\n\n<p><strong>Immo Gatzweiler<\/strong><br><strong>Director Sales Germany, AXA Investment Managers, Frankfurt (Main)<\/strong><\/p>\n\n\n\n<p>Stiftungsvorst\u00e4nde sind deshalb konservativ in der Anlagepolitik, damit sie sich nicht vorwerfen lassen m\u00fcssen, sie h\u00e4tten mit dem Geld spekuliert. Da neigt man dazu, sich auf die vermeintlich konservative Seite zu begeben. Dann kann man sagen: \u201eIch bin dem Stiftungsauftrag nachgekommen, weil ich sehr sicher angelegt habe.\u201c Brechen die Ertr\u00e4ge weg, k\u00f6nnen Sie fundraisen, aber es gibt mit Sicherheit eine gro\u00dfe Anzahl von Stiftungen, die diese M\u00f6glichkeit nicht haben.<\/p>\n\n\n\n<p>Kalkulierbare Ertr\u00e4ge wird man weiterhin mit Qualit\u00e4tsaktien bekommen. Es gibt auch nicht nur <em>die<\/em> Anleihe. Die Spreizung ist fast gr\u00f6\u00dfer als im Aktienbereich, das Spektrum reicht von Minusverzinsung bis zu zweistelligen Renditen.<\/p>\n\n\n\n<p>Kleinen Stiftungen rate ich, zun\u00e4chst zu schauen, wer ein breit gemischtes Portfolio anbietet, das meiner Renditeerwartung und Risikotragf\u00e4higkeit entspricht. Schauen Sie wie die Historie war, ziehen Sie Ratings hinzu, achten Sie neben den Aussch\u00fcttungen auch auf die Kostenstruktur. Suchen Sie ein paar Fonds raus und lassen Sie die gegeneinander laufen. Streuen Sie auch noch \u00fcber zwei oder drei Verwalter. Im Millionenbereich ist dann oft ein Finanzfachmann an Bord. Dieser w\u00e4hlt f\u00fcr jedes Segment den Manager mit der gr\u00f6\u00dften Expertise. Man kann eben selbst nicht f\u00fcr alles Experte sein.<\/p>\n\n\n\n<p>\u00dcberlegen Sie sich auch, mit wieviel Schwankungen Sie leben k\u00f6nnen. Oft ist dies ist am Ende nur die H\u00e4lfte von dem, was man sich in guten Zeiten zugesteht. Wenn jemand also 10% sagt, sollten Sie das Portfolio so strukturieren, dass es nicht \u00fcber 5, maximal 7% Schwankungen kommt. Es ist auch ein guter Weg, sich st\u00fcckweise in schwankungsintensive Segmente hinein zu tasten. Es hilft nichts, wenn 50% Aktien eigentlich zielf\u00fchrend sind, man es aber nicht aushalten kann.<\/p>\n\n\n\n<h2 class=\"wp-block-heading\">DIE FORDERUNGEN DES VERBANDSMANAGERS UND FACHJURISTEN<\/h2>\n\n\n\n<p><strong>Dr. Christoph Degen<\/strong><br><strong>Gesch\u00e4ftsf\u00fchrer von proFonds, Basel<\/strong><\/p>\n\n\n\n<p>In ein Stiftungsverm\u00f6gen geh\u00f6rt das rein, was schon vor Corona dort reingeh\u00f6rte. Stiftungen m\u00fcssen seit Jahren ihr Verm\u00f6gen breit diversifiziert anlegen. Anleihen kaufen und jedes Jahr den Zins einstreichen, das geht schon seit l\u00e4ngerer Zeit nicht mehr. Viele Stiftungsr\u00e4te f\u00fcrchten die Volatilit\u00e4t der Aktie. Mit einem langen Anlagehorizont ist Volatilit\u00e4t aber kein Risiko.<\/p>\n\n\n\n<p>Wenn das Know-how in den Stiftungsgremien vorhanden ist, kann man das Verm\u00f6gen ruhig selbst verwalten. Wer das Know-how nicht hat, muss sich professionell beraten lassen. Diese Fachperson m\u00fcssen Sie aber auch \u00fcberwachen und bei Bedarf eingreifen.<\/p>\n\n\n\n<p>W\u00e4hlen Sie eine Anlagestrategie, die man auch in Krisenzeiten durchhalten kann. In einer Krise sollte man nicht umschichten m\u00fcssen, weil sonst der Wiederaufschwung verpasst wird.<\/p>\n\n\n\n<p>Mangels gesetzlicher Regelungen k\u00f6nnen sich Stiftungen an den <em>Prudent Investor Rules<\/em> orientieren, wie sie f\u00fcr Verm\u00f6gen aus der betrieblichen Altersvorsorge gelten. Diese erfordert Sicherheit, qualitativ einwandfreie Investments, Diversifikation, marktkonforme Rendite und angemessene Liquidit\u00e4t. Das hei\u00dft, ich muss in Sachwerte gehen, weil ich sonst zu wenig den Stiftungszweck erf\u00fcllen kann und damit auch liquider bin. Ich habe beobachtet, wie Stiftungen in Hochrisiko-Anlagen gehen, weil sie dort einen h\u00f6heren Zins bekommen. Das verst\u00f6\u00dft aber gegen das Gebot der Sicherheit. Es w\u00e4re besser, sie gingen in erstklassige Aktien.<\/p>\n\n\n\n<p>Wer gar nichts machen will, sollte sich \u00fcberlegen, ob er die Stiftung in eine Verbrauchsstiftung umwandelt. Dann haben Sie ein 20-j\u00e4hriges Feuerwerk, was ja auch ganz sch\u00f6n ist.<\/p>\n\n\n\n<h2 class=\"wp-block-heading\">ZUSAMMENGEFASST<\/h2>\n\n\n\n<p>Diversifikation war schon vor der Corona-Krise eine gute Idee, nun ist sie wichtiger denn je. Auf Jahrzehnte betrachtet, l\u00e4sst sich damit jede Krise aushalten. Wer selbst das Agieren am Kapitalmarkt scheut, sollte externe Fachleute hinzuziehen und sich langsam an eine h\u00f6here Risikotragf\u00e4higkeit herantasten.<\/p>\n","protected":false},"excerpt":{"rendered":"<p><span class=\"span-reading-time rt-reading-time\" style=\"display: block;\"><span class=\"rt-label rt-prefix\">Lesezeit: <\/span> <span class=\"rt-time\"> 4<\/span> <span class=\"rt-label rt-postfix\">Minuten<\/span><\/span>Was muss sich in der Verwaltung des Stiftungsverm\u00f6gens nach einer Pandemie \u00e4ndern? Eigentlich nichts, was nicht schon vorher eine gute Idee gewesen w\u00e4re. Zu diesem Ergebnis kam eine Diskussionsrunde aus Dr. Christoph Degen (proFonds), Immo Gatzweiler (AXA Investment Managers) und Petra Tr\u00e4g (SOS Kinderdorf-Stiftung).<\/p>\n","protected":false},"author":19,"featured_media":1307,"comment_status":"closed","ping_status":"open","sticky":false,"template":"","format":"standard","meta":{"ngg_post_thumbnail":0,"footnotes":""},"categories":[12],"tags":[14,18,27,28,88],"class_list":{"0":"post-1305","1":"post","2":"type-post","3":"status-publish","4":"format-standard","5":"has-post-thumbnail","7":"category-tipps-fuer-die-stiftungspraxis","8":"tag-stiftungsfonds","9":"tag-corona-krise","10":"tag-stiftungsvermoegen","11":"tag-kapitalanlage","12":"tag-vermoegensanlage"},"yoast_head":"<!-- This site is optimized with the Yoast SEO plugin v27.4 - https:\/\/yoast.com\/product\/yoast-seo-wordpress\/ -->\n<title>Einfach mal die 100-Jahres-Brille aufsetzen - Der Stiftungsblog f\u00fcr die Stiftungspraxis<\/title>\n<meta name=\"description\" content=\"Was muss sich in der Verwaltung des Stiftungsverm\u00f6gens nach einer Pandemie \u00e4ndern? Eigentlich nichts, was nicht schon vorher eine gute Idee gewesen w\u00e4re. Zu diesem Ergebnis kam eine Diskussionsrunde aus Dr. Christoph Degen (proFonds), Immo Gatzweiler (AXA Investment Managers) und Petra Tr\u00e4g (SOS Kinderdorf-Stiftung).\" \/>\n<meta name=\"robots\" content=\"index, follow, max-snippet:-1, max-image-preview:large, max-video-preview:-1\" \/>\n<link rel=\"canonical\" href=\"https:\/\/stiftungsmarktplatz.eu\/blog\/einfach-mal-die-100-jahres-brille-aufsetzen\/\" \/>\n<meta property=\"og:locale\" content=\"de_DE\" \/>\n<meta property=\"og:type\" content=\"article\" \/>\n<meta property=\"og:title\" content=\"Einfach mal die 100-Jahres-Brille aufsetzen - Der Stiftungsblog f\u00fcr die Stiftungspraxis\" \/>\n<meta property=\"og:description\" content=\"Was muss sich in der Verwaltung des Stiftungsverm\u00f6gens nach einer Pandemie \u00e4ndern? Eigentlich nichts, was nicht schon vorher eine gute Idee gewesen w\u00e4re. Zu diesem Ergebnis kam eine Diskussionsrunde aus Dr. Christoph Degen (proFonds), Immo Gatzweiler (AXA Investment Managers) und Petra Tr\u00e4g (SOS Kinderdorf-Stiftung).\" \/>\n<meta property=\"og:url\" content=\"https:\/\/stiftungsmarktplatz.eu\/blog\/einfach-mal-die-100-jahres-brille-aufsetzen\/\" \/>\n<meta property=\"og:site_name\" content=\"Der Stiftungsblog f\u00fcr die Stiftungspraxis\" \/>\n<meta property=\"article:published_time\" content=\"2020-07-05T10:34:00+00:00\" \/>\n<meta property=\"article:modified_time\" content=\"2020-07-06T10:45:56+00:00\" \/>\n<meta property=\"og:image\" content=\"https:\/\/stiftungsmarktplatz.eu\/blog\/wp-content\/uploads\/2020\/07\/Nachlese-zum-VTFDS2020-Traeg-Degen-Gatzweiler.jpg\" \/>\n\t<meta property=\"og:image:width\" content=\"1200\" \/>\n\t<meta property=\"og:image:height\" content=\"675\" \/>\n\t<meta property=\"og:image:type\" content=\"image\/jpeg\" \/>\n<meta name=\"author\" content=\"Gregor Jungheim\" \/>\n<meta name=\"twitter:card\" content=\"summary_large_image\" \/>\n<meta name=\"twitter:label1\" content=\"Verfasst von\" \/>\n\t<meta name=\"twitter:data1\" content=\"Gregor Jungheim\" \/>\n\t<meta name=\"twitter:label2\" content=\"Gesch\u00e4tzte Lesezeit\" \/>\n\t<meta name=\"twitter:data2\" content=\"5\u00a0Minuten\" \/>\n<script type=\"application\/ld+json\" class=\"yoast-schema-graph\">{\"@context\":\"https:\\\/\\\/schema.org\",\"@graph\":[{\"@type\":\"Article\",\"@id\":\"https:\\\/\\\/stiftungsmarktplatz.eu\\\/blog\\\/einfach-mal-die-100-jahres-brille-aufsetzen\\\/#article\",\"isPartOf\":{\"@id\":\"https:\\\/\\\/stiftungsmarktplatz.eu\\\/blog\\\/einfach-mal-die-100-jahres-brille-aufsetzen\\\/\"},\"author\":{\"name\":\"Gregor Jungheim\",\"@id\":\"https:\\\/\\\/stiftungsmarktplatz.eu\\\/blog\\\/#\\\/schema\\\/person\\\/348718f021e6729d421716e761742438\"},\"headline\":\"Einfach mal die 100-Jahres-Brille aufsetzen\",\"datePublished\":\"2020-07-05T10:34:00+00:00\",\"dateModified\":\"2020-07-06T10:45:56+00:00\",\"mainEntityOfPage\":{\"@id\":\"https:\\\/\\\/stiftungsmarktplatz.eu\\\/blog\\\/einfach-mal-die-100-jahres-brille-aufsetzen\\\/\"},\"wordCount\":983,\"publisher\":{\"@id\":\"https:\\\/\\\/stiftungsmarktplatz.eu\\\/blog\\\/#organization\"},\"image\":{\"@id\":\"https:\\\/\\\/stiftungsmarktplatz.eu\\\/blog\\\/einfach-mal-die-100-jahres-brille-aufsetzen\\\/#primaryimage\"},\"thumbnailUrl\":\"https:\\\/\\\/stiftungsmarktplatz.eu\\\/blog\\\/wp-content\\\/uploads\\\/2020\\\/07\\\/Nachlese-zum-VTFDS2020-Traeg-Degen-Gatzweiler.jpg\",\"keywords\":[\"Stiftungsfonds\",\"Corona-Krise\",\"Stiftungsverm\u00f6gen\",\"Kapitalanlage\",\"Verm\u00f6gensanlage\"],\"articleSection\":[\"Tipps f\u00fcr die Stiftungspraxis\"],\"inLanguage\":\"de\"},{\"@type\":\"WebPage\",\"@id\":\"https:\\\/\\\/stiftungsmarktplatz.eu\\\/blog\\\/einfach-mal-die-100-jahres-brille-aufsetzen\\\/\",\"url\":\"https:\\\/\\\/stiftungsmarktplatz.eu\\\/blog\\\/einfach-mal-die-100-jahres-brille-aufsetzen\\\/\",\"name\":\"Einfach mal die 100-Jahres-Brille aufsetzen - Der Stiftungsblog f\u00fcr die Stiftungspraxis\",\"isPartOf\":{\"@id\":\"https:\\\/\\\/stiftungsmarktplatz.eu\\\/blog\\\/#website\"},\"primaryImageOfPage\":{\"@id\":\"https:\\\/\\\/stiftungsmarktplatz.eu\\\/blog\\\/einfach-mal-die-100-jahres-brille-aufsetzen\\\/#primaryimage\"},\"image\":{\"@id\":\"https:\\\/\\\/stiftungsmarktplatz.eu\\\/blog\\\/einfach-mal-die-100-jahres-brille-aufsetzen\\\/#primaryimage\"},\"thumbnailUrl\":\"https:\\\/\\\/stiftungsmarktplatz.eu\\\/blog\\\/wp-content\\\/uploads\\\/2020\\\/07\\\/Nachlese-zum-VTFDS2020-Traeg-Degen-Gatzweiler.jpg\",\"datePublished\":\"2020-07-05T10:34:00+00:00\",\"dateModified\":\"2020-07-06T10:45:56+00:00\",\"description\":\"Was muss sich in der Verwaltung des Stiftungsverm\u00f6gens nach einer Pandemie \u00e4ndern? Eigentlich nichts, was nicht schon vorher eine gute Idee gewesen w\u00e4re. Zu diesem Ergebnis kam eine Diskussionsrunde aus Dr. Christoph Degen (proFonds), Immo Gatzweiler (AXA Investment Managers) und Petra Tr\u00e4g (SOS Kinderdorf-Stiftung).\",\"breadcrumb\":{\"@id\":\"https:\\\/\\\/stiftungsmarktplatz.eu\\\/blog\\\/einfach-mal-die-100-jahres-brille-aufsetzen\\\/#breadcrumb\"},\"inLanguage\":\"de\",\"potentialAction\":[{\"@type\":\"ReadAction\",\"target\":[\"https:\\\/\\\/stiftungsmarktplatz.eu\\\/blog\\\/einfach-mal-die-100-jahres-brille-aufsetzen\\\/\"]}]},{\"@type\":\"ImageObject\",\"inLanguage\":\"de\",\"@id\":\"https:\\\/\\\/stiftungsmarktplatz.eu\\\/blog\\\/einfach-mal-die-100-jahres-brille-aufsetzen\\\/#primaryimage\",\"url\":\"https:\\\/\\\/stiftungsmarktplatz.eu\\\/blog\\\/wp-content\\\/uploads\\\/2020\\\/07\\\/Nachlese-zum-VTFDS2020-Traeg-Degen-Gatzweiler.jpg\",\"contentUrl\":\"https:\\\/\\\/stiftungsmarktplatz.eu\\\/blog\\\/wp-content\\\/uploads\\\/2020\\\/07\\\/Nachlese-zum-VTFDS2020-Traeg-Degen-Gatzweiler.jpg\",\"width\":1200,\"height\":675,\"caption\":\"Nachlese zum VTFDS2020 - Tr\u00e4g, Degen, Gatzweiler\"},{\"@type\":\"BreadcrumbList\",\"@id\":\"https:\\\/\\\/stiftungsmarktplatz.eu\\\/blog\\\/einfach-mal-die-100-jahres-brille-aufsetzen\\\/#breadcrumb\",\"itemListElement\":[{\"@type\":\"ListItem\",\"position\":1,\"name\":\"Startseite\",\"item\":\"https:\\\/\\\/stiftungsmarktplatz.eu\\\/blog\\\/\"},{\"@type\":\"ListItem\",\"position\":2,\"name\":\"Einfach mal die 100-Jahres-Brille aufsetzen\"}]},{\"@type\":\"WebSite\",\"@id\":\"https:\\\/\\\/stiftungsmarktplatz.eu\\\/blog\\\/#website\",\"url\":\"https:\\\/\\\/stiftungsmarktplatz.eu\\\/blog\\\/\",\"name\":\"Der Stiftungsblog f\u00fcr die Stiftungspraxis\",\"description\":\"#stiftungenst\u00e4rken - NPO-Expertise von NPO-Experten\",\"publisher\":{\"@id\":\"https:\\\/\\\/stiftungsmarktplatz.eu\\\/blog\\\/#organization\"},\"potentialAction\":[{\"@type\":\"SearchAction\",\"target\":{\"@type\":\"EntryPoint\",\"urlTemplate\":\"https:\\\/\\\/stiftungsmarktplatz.eu\\\/blog\\\/?s={search_term_string}\"},\"query-input\":{\"@type\":\"PropertyValueSpecification\",\"valueRequired\":true,\"valueName\":\"search_term_string\"}}],\"inLanguage\":\"de\"},{\"@type\":\"Organization\",\"@id\":\"https:\\\/\\\/stiftungsmarktplatz.eu\\\/blog\\\/#organization\",\"name\":\"stiftungsmarktplatz.eu GbR\",\"url\":\"https:\\\/\\\/stiftungsmarktplatz.eu\\\/blog\\\/\",\"logo\":{\"@type\":\"ImageObject\",\"inLanguage\":\"de\",\"@id\":\"https:\\\/\\\/stiftungsmarktplatz.eu\\\/blog\\\/#\\\/schema\\\/logo\\\/image\\\/\",\"url\":\"https:\\\/\\\/stiftungsmarktplatz.eu\\\/blog\\\/wp-content\\\/uploads\\\/2020\\\/03\\\/Logo-blog-retina.png\",\"contentUrl\":\"https:\\\/\\\/stiftungsmarktplatz.eu\\\/blog\\\/wp-content\\\/uploads\\\/2020\\\/03\\\/Logo-blog-retina.png\",\"width\":140,\"height\":130,\"caption\":\"stiftungsmarktplatz.eu GbR\"},\"image\":{\"@id\":\"https:\\\/\\\/stiftungsmarktplatz.eu\\\/blog\\\/#\\\/schema\\\/logo\\\/image\\\/\"},\"sameAs\":[\"https:\\\/\\\/www.linkedin.com\\\/company\\\/18563519\\\/\",\"https:\\\/\\\/www.youtube.com\\\/channel\\\/UCQrF6RQRFGxTokVV4nbx25Q\"]},{\"@type\":\"Person\",\"@id\":\"https:\\\/\\\/stiftungsmarktplatz.eu\\\/blog\\\/#\\\/schema\\\/person\\\/348718f021e6729d421716e761742438\",\"name\":\"Gregor Jungheim\",\"image\":{\"@type\":\"ImageObject\",\"inLanguage\":\"de\",\"@id\":\"https:\\\/\\\/stiftungsmarktplatz.eu\\\/blog\\\/wp-content\\\/uploads\\\/2020\\\/07\\\/Gregor-Jungheim-150x150.png\",\"url\":\"https:\\\/\\\/stiftungsmarktplatz.eu\\\/blog\\\/wp-content\\\/uploads\\\/2020\\\/07\\\/Gregor-Jungheim-150x150.png\",\"contentUrl\":\"https:\\\/\\\/stiftungsmarktplatz.eu\\\/blog\\\/wp-content\\\/uploads\\\/2020\\\/07\\\/Gregor-Jungheim-150x150.png\",\"caption\":\"Gregor Jungheim\"},\"description\":\"ist studierter Jurist, gelernter Redakteur und verf\u00fcgt \u00fcber mehrere Zusatzqualifikationen im Non-Profit-Management. Er leitete acht Jahre lang die Redaktion des Fachmagazins DIE STIFTUNG und ber\u00e4t heute als Angestellter der Evangelisch-Lutherischen Kirche in Bayern Gemeinden und Kirchenvorst\u00e4nde im Fundraising.\",\"url\":\"https:\\\/\\\/stiftungsmarktplatz.eu\\\/blog\\\/author\\\/gregor-jungheim\\\/\"}]}<\/script>\n<!-- \/ Yoast SEO plugin. -->","yoast_head_json":{"title":"Einfach mal die 100-Jahres-Brille aufsetzen - Der Stiftungsblog f\u00fcr die Stiftungspraxis","description":"Was muss sich in der Verwaltung des Stiftungsverm\u00f6gens nach einer Pandemie \u00e4ndern? Eigentlich nichts, was nicht schon vorher eine gute Idee gewesen w\u00e4re. Zu diesem Ergebnis kam eine Diskussionsrunde aus Dr. Christoph Degen (proFonds), Immo Gatzweiler (AXA Investment Managers) und Petra Tr\u00e4g (SOS Kinderdorf-Stiftung).","robots":{"index":"index","follow":"follow","max-snippet":"max-snippet:-1","max-image-preview":"max-image-preview:large","max-video-preview":"max-video-preview:-1"},"canonical":"https:\/\/stiftungsmarktplatz.eu\/blog\/einfach-mal-die-100-jahres-brille-aufsetzen\/","og_locale":"de_DE","og_type":"article","og_title":"Einfach mal die 100-Jahres-Brille aufsetzen - Der Stiftungsblog f\u00fcr die Stiftungspraxis","og_description":"Was muss sich in der Verwaltung des Stiftungsverm\u00f6gens nach einer Pandemie \u00e4ndern? Eigentlich nichts, was nicht schon vorher eine gute Idee gewesen w\u00e4re. Zu diesem Ergebnis kam eine Diskussionsrunde aus Dr. Christoph Degen (proFonds), Immo Gatzweiler (AXA Investment Managers) und Petra Tr\u00e4g (SOS Kinderdorf-Stiftung).","og_url":"https:\/\/stiftungsmarktplatz.eu\/blog\/einfach-mal-die-100-jahres-brille-aufsetzen\/","og_site_name":"Der Stiftungsblog f\u00fcr die Stiftungspraxis","article_published_time":"2020-07-05T10:34:00+00:00","article_modified_time":"2020-07-06T10:45:56+00:00","og_image":[{"width":1200,"height":675,"url":"https:\/\/stiftungsmarktplatz.eu\/blog\/wp-content\/uploads\/2020\/07\/Nachlese-zum-VTFDS2020-Traeg-Degen-Gatzweiler.jpg","type":"image\/jpeg"}],"author":"Gregor Jungheim","twitter_card":"summary_large_image","twitter_misc":{"Verfasst von":"Gregor Jungheim","Gesch\u00e4tzte Lesezeit":"5\u00a0Minuten"},"schema":{"@context":"https:\/\/schema.org","@graph":[{"@type":"Article","@id":"https:\/\/stiftungsmarktplatz.eu\/blog\/einfach-mal-die-100-jahres-brille-aufsetzen\/#article","isPartOf":{"@id":"https:\/\/stiftungsmarktplatz.eu\/blog\/einfach-mal-die-100-jahres-brille-aufsetzen\/"},"author":{"name":"Gregor Jungheim","@id":"https:\/\/stiftungsmarktplatz.eu\/blog\/#\/schema\/person\/348718f021e6729d421716e761742438"},"headline":"Einfach mal die 100-Jahres-Brille aufsetzen","datePublished":"2020-07-05T10:34:00+00:00","dateModified":"2020-07-06T10:45:56+00:00","mainEntityOfPage":{"@id":"https:\/\/stiftungsmarktplatz.eu\/blog\/einfach-mal-die-100-jahres-brille-aufsetzen\/"},"wordCount":983,"publisher":{"@id":"https:\/\/stiftungsmarktplatz.eu\/blog\/#organization"},"image":{"@id":"https:\/\/stiftungsmarktplatz.eu\/blog\/einfach-mal-die-100-jahres-brille-aufsetzen\/#primaryimage"},"thumbnailUrl":"https:\/\/stiftungsmarktplatz.eu\/blog\/wp-content\/uploads\/2020\/07\/Nachlese-zum-VTFDS2020-Traeg-Degen-Gatzweiler.jpg","keywords":["Stiftungsfonds","Corona-Krise","Stiftungsverm\u00f6gen","Kapitalanlage","Verm\u00f6gensanlage"],"articleSection":["Tipps f\u00fcr die Stiftungspraxis"],"inLanguage":"de"},{"@type":"WebPage","@id":"https:\/\/stiftungsmarktplatz.eu\/blog\/einfach-mal-die-100-jahres-brille-aufsetzen\/","url":"https:\/\/stiftungsmarktplatz.eu\/blog\/einfach-mal-die-100-jahres-brille-aufsetzen\/","name":"Einfach mal die 100-Jahres-Brille aufsetzen - Der Stiftungsblog f\u00fcr die Stiftungspraxis","isPartOf":{"@id":"https:\/\/stiftungsmarktplatz.eu\/blog\/#website"},"primaryImageOfPage":{"@id":"https:\/\/stiftungsmarktplatz.eu\/blog\/einfach-mal-die-100-jahres-brille-aufsetzen\/#primaryimage"},"image":{"@id":"https:\/\/stiftungsmarktplatz.eu\/blog\/einfach-mal-die-100-jahres-brille-aufsetzen\/#primaryimage"},"thumbnailUrl":"https:\/\/stiftungsmarktplatz.eu\/blog\/wp-content\/uploads\/2020\/07\/Nachlese-zum-VTFDS2020-Traeg-Degen-Gatzweiler.jpg","datePublished":"2020-07-05T10:34:00+00:00","dateModified":"2020-07-06T10:45:56+00:00","description":"Was muss sich in der Verwaltung des Stiftungsverm\u00f6gens nach einer Pandemie \u00e4ndern? Eigentlich nichts, was nicht schon vorher eine gute Idee gewesen w\u00e4re. Zu diesem Ergebnis kam eine Diskussionsrunde aus Dr. Christoph Degen (proFonds), Immo Gatzweiler (AXA Investment Managers) und Petra Tr\u00e4g (SOS Kinderdorf-Stiftung).","breadcrumb":{"@id":"https:\/\/stiftungsmarktplatz.eu\/blog\/einfach-mal-die-100-jahres-brille-aufsetzen\/#breadcrumb"},"inLanguage":"de","potentialAction":[{"@type":"ReadAction","target":["https:\/\/stiftungsmarktplatz.eu\/blog\/einfach-mal-die-100-jahres-brille-aufsetzen\/"]}]},{"@type":"ImageObject","inLanguage":"de","@id":"https:\/\/stiftungsmarktplatz.eu\/blog\/einfach-mal-die-100-jahres-brille-aufsetzen\/#primaryimage","url":"https:\/\/stiftungsmarktplatz.eu\/blog\/wp-content\/uploads\/2020\/07\/Nachlese-zum-VTFDS2020-Traeg-Degen-Gatzweiler.jpg","contentUrl":"https:\/\/stiftungsmarktplatz.eu\/blog\/wp-content\/uploads\/2020\/07\/Nachlese-zum-VTFDS2020-Traeg-Degen-Gatzweiler.jpg","width":1200,"height":675,"caption":"Nachlese zum VTFDS2020 - Tr\u00e4g, Degen, Gatzweiler"},{"@type":"BreadcrumbList","@id":"https:\/\/stiftungsmarktplatz.eu\/blog\/einfach-mal-die-100-jahres-brille-aufsetzen\/#breadcrumb","itemListElement":[{"@type":"ListItem","position":1,"name":"Startseite","item":"https:\/\/stiftungsmarktplatz.eu\/blog\/"},{"@type":"ListItem","position":2,"name":"Einfach mal die 100-Jahres-Brille aufsetzen"}]},{"@type":"WebSite","@id":"https:\/\/stiftungsmarktplatz.eu\/blog\/#website","url":"https:\/\/stiftungsmarktplatz.eu\/blog\/","name":"Der Stiftungsblog f\u00fcr die Stiftungspraxis","description":"#stiftungenst\u00e4rken - NPO-Expertise von NPO-Experten","publisher":{"@id":"https:\/\/stiftungsmarktplatz.eu\/blog\/#organization"},"potentialAction":[{"@type":"SearchAction","target":{"@type":"EntryPoint","urlTemplate":"https:\/\/stiftungsmarktplatz.eu\/blog\/?s={search_term_string}"},"query-input":{"@type":"PropertyValueSpecification","valueRequired":true,"valueName":"search_term_string"}}],"inLanguage":"de"},{"@type":"Organization","@id":"https:\/\/stiftungsmarktplatz.eu\/blog\/#organization","name":"stiftungsmarktplatz.eu GbR","url":"https:\/\/stiftungsmarktplatz.eu\/blog\/","logo":{"@type":"ImageObject","inLanguage":"de","@id":"https:\/\/stiftungsmarktplatz.eu\/blog\/#\/schema\/logo\/image\/","url":"https:\/\/stiftungsmarktplatz.eu\/blog\/wp-content\/uploads\/2020\/03\/Logo-blog-retina.png","contentUrl":"https:\/\/stiftungsmarktplatz.eu\/blog\/wp-content\/uploads\/2020\/03\/Logo-blog-retina.png","width":140,"height":130,"caption":"stiftungsmarktplatz.eu GbR"},"image":{"@id":"https:\/\/stiftungsmarktplatz.eu\/blog\/#\/schema\/logo\/image\/"},"sameAs":["https:\/\/www.linkedin.com\/company\/18563519\/","https:\/\/www.youtube.com\/channel\/UCQrF6RQRFGxTokVV4nbx25Q"]},{"@type":"Person","@id":"https:\/\/stiftungsmarktplatz.eu\/blog\/#\/schema\/person\/348718f021e6729d421716e761742438","name":"Gregor Jungheim","image":{"@type":"ImageObject","inLanguage":"de","@id":"https:\/\/stiftungsmarktplatz.eu\/blog\/wp-content\/uploads\/2020\/07\/Gregor-Jungheim-150x150.png","url":"https:\/\/stiftungsmarktplatz.eu\/blog\/wp-content\/uploads\/2020\/07\/Gregor-Jungheim-150x150.png","contentUrl":"https:\/\/stiftungsmarktplatz.eu\/blog\/wp-content\/uploads\/2020\/07\/Gregor-Jungheim-150x150.png","caption":"Gregor Jungheim"},"description":"ist studierter Jurist, gelernter Redakteur und verf\u00fcgt \u00fcber mehrere Zusatzqualifikationen im Non-Profit-Management. Er leitete acht Jahre lang die Redaktion des Fachmagazins DIE STIFTUNG und ber\u00e4t heute als Angestellter der Evangelisch-Lutherischen Kirche in Bayern Gemeinden und Kirchenvorst\u00e4nde im Fundraising.","url":"https:\/\/stiftungsmarktplatz.eu\/blog\/author\/gregor-jungheim\/"}]}},"post_mailing_queue_ids":[],"_links":{"self":[{"href":"https:\/\/stiftungsmarktplatz.eu\/blog\/wp-json\/wp\/v2\/posts\/1305","targetHints":{"allow":["GET"]}}],"collection":[{"href":"https:\/\/stiftungsmarktplatz.eu\/blog\/wp-json\/wp\/v2\/posts"}],"about":[{"href":"https:\/\/stiftungsmarktplatz.eu\/blog\/wp-json\/wp\/v2\/types\/post"}],"author":[{"embeddable":true,"href":"https:\/\/stiftungsmarktplatz.eu\/blog\/wp-json\/wp\/v2\/users\/19"}],"replies":[{"embeddable":true,"href":"https:\/\/stiftungsmarktplatz.eu\/blog\/wp-json\/wp\/v2\/comments?post=1305"}],"version-history":[{"count":1,"href":"https:\/\/stiftungsmarktplatz.eu\/blog\/wp-json\/wp\/v2\/posts\/1305\/revisions"}],"predecessor-version":[{"id":1306,"href":"https:\/\/stiftungsmarktplatz.eu\/blog\/wp-json\/wp\/v2\/posts\/1305\/revisions\/1306"}],"wp:featuredmedia":[{"embeddable":true,"href":"https:\/\/stiftungsmarktplatz.eu\/blog\/wp-json\/wp\/v2\/media\/1307"}],"wp:attachment":[{"href":"https:\/\/stiftungsmarktplatz.eu\/blog\/wp-json\/wp\/v2\/media?parent=1305"}],"wp:term":[{"taxonomy":"category","embeddable":true,"href":"https:\/\/stiftungsmarktplatz.eu\/blog\/wp-json\/wp\/v2\/categories?post=1305"},{"taxonomy":"post_tag","embeddable":true,"href":"https:\/\/stiftungsmarktplatz.eu\/blog\/wp-json\/wp\/v2\/tags?post=1305"}],"curies":[{"name":"wp","href":"https:\/\/api.w.org\/{rel}","templated":true}]}}