{"id":1247,"date":"2020-06-30T10:50:05","date_gmt":"2020-06-30T08:50:05","guid":{"rendered":"https:\/\/stiftungsmarktplatz.eu\/blog\/?p=1247"},"modified":"2020-07-03T13:00:44","modified_gmt":"2020-07-03T11:00:44","slug":"wie-sieht-eine-zeitgemaesse-anlagepolitik-fuer-stiftungsvermoegen-aus","status":"publish","type":"post","link":"https:\/\/stiftungsmarktplatz.eu\/blog\/wie-sieht-eine-zeitgemaesse-anlagepolitik-fuer-stiftungsvermoegen-aus\/","title":{"rendered":"Wie sieht eine zeitgem\u00e4\u00dfe Anlagepolitik f\u00fcr Stiftungsverm\u00f6gen aus?"},"content":{"rendered":"<span class=\"span-reading-time rt-reading-time\" style=\"display: block;\"><span class=\"rt-label rt-prefix\">Lesezeit: <\/span> <span class=\"rt-time\"> 5<\/span> <span class=\"rt-label rt-postfix\">Minuten<\/span><\/span>\n<p><em>Viele Anlagerichtlinien von Stiftungen sind etwas aus der Zeit gefallen, entsprechend kann die Anlagepolitik f\u00fcr das Stiftungsverm\u00f6gen nicht mit der Zeit gehen. Diese Analyse teilten Berenike Wiener (Evangelische Bank), Immo Gatzweiler (AXA Investment Managers) und Dr. Stefan Fritz (Bischof Arbeo Stiftung) beim Virtuellen Tag f\u00fcr das Stiftungsverm\u00f6gen am 24.6.2020, gleichzeitig hatten sie aber auch Anregungen parat, wo und wie Stiftungsverantwortliche hier ansetzen k\u00f6nnten. Denn weder Anlagerichtlinie noch Anlagepolitik sind in Stein gemei\u00dfelt.<\/em><\/p>\n\n\n\n<h2 class=\"wp-block-heading\">F\u00dcR EIN SCHIFF OHNE HAFEN IST KEIN WIND EIN G\u00dcNSTIGER<\/h2>\n\n\n\n<p>Die erste Frage der Diskussion setzte an der Frage an, ob Stiftungen \u00fcberhaupt Anlagerichtlinien brauchen. Erwartungsgem\u00e4\u00df fiel die Antwort einstimmig aus, jedoch auch nuanciert. Berenike Wiener: \u201eAnlagerichtlinie? Definitiv ja, denn es wird immer schwieriger das Verm\u00f6gen einer Stiftung zu verwalten. Die Situation an den Kapitalm\u00e4rkten wird einfach immer schwieriger. Umso wichtiger ist es, dass sich die Verantwortlichen in Stiftungen ein Rahmenwerk geben, durch das sie mit Plan und Strategie vorgehen. Es gilt letztlich das Sprichwort \u201aF\u00fcr ein Schiff ohne Hafen ist kein Wind ein g\u00fcnstiger\u2018, an der Anlagerichlinie geht eben kein Weg mehr vorbei.\u201c<br><br>Was f\u00fcr Stiftungen ein guter Plan bei der Erstellung der Anlagerichtlinie w\u00e4re, dazu meinte Berenike Wiener: \u201eZuerst w\u00fcrde ich in die Satzung schauen, es gilt, die Grundz\u00fcge der Satzung in die Anlagerichtlinie zu \u00fcberf\u00fchren und hierbei den Stiftungsauftrag zu ber\u00fccksichtigen. Dann sollten Stiftungen schauen, welche Anlageziele sich setzen, auch in punkto Nachhaltigkeit, und welche Anlagegrenzen sie sich setzen, ohne dabei zu starr zu agieren. Der Rahmen muss passen, aber in diesem Rahmen m\u00fcssen Anlageklassen atmen k\u00f6nnen. Auch geh\u00f6rt in die Anlagerichtlinie die Dokumentation, wie also zu welchem Zeitpunkt ein Reporting zum Stiftungsverm\u00f6gen erstellt wird.\u201c<br><\/p>\n\n\n\n<h2 class=\"wp-block-heading\">ANLAGERICHTLINIEN AUS PRAKTISCHEN ERW\u00c4GUNGEN HERAUS<\/h2>\n\n\n\n<p>Beim Thema \u00dcbersetzen der Satzung in die Anlagerichtlinie erg\u00e4nzt Dr. Stefan Fritz: \u201eStiftungen brauchen Anlagerichtlinien nicht aus juristischem Sinne, aber sie brauchen Anlagerichtlinien aus praktischem Sinne heraus. Insbesondere, weil wir bei Stiftungen von Langfristanlegern sprechen, sind Anlagerichtlinien umso wichtiger, da sich Stiftungen bei Marktturbulenzen immer wieder auf diese zur\u00fcckbesinnen k\u00f6nnen und eben nicht in Panik verfallen m\u00fcssen. Die Anlagepolitik der ruhigen Hand, diese kann f\u00fcr Stiftungen eine gute Ma\u00dfgabe sein.\u201c Denn sind in einer Akutsituation, wie Dr. Fritz es nannte, die Dinge vorab bereits geregelt, dann l\u00e4sst sich dies aus der Schublade ziehen, so es doch einmal an den M\u00e4rkten scheppert. Und je l\u00e4nger der Anlagehorizont, desto eher gl\u00e4tten sich kurzfristige Turbulenzen heraus. \u201eEin langfristiger Anlagehorizont ist das gro\u00dfe Pfund, das eine Stiftung hat. Der gr\u00f6\u00dfte Fehler, den eine Stiftung machen kann ist, kurzfristig zu reagieren. Sie sollten sich auch von der Kalenderjahresdenke freimachen, und das ist auch der ganz gro\u00dfe Wert einer Anlagerichtlinie. Hier kann diese Langfristigkeit entsprechend hineinformuliert werden.\u201c<\/p>\n\n\n\n<blockquote class=\"wp-block-quote td_quote_box td_box_center is-layout-flow wp-block-quote-is-layout-flow\"><p><em>HINWEIS: <a href=\"http:\/\/vtfds2020.de\" target=\"_blank\" aria-label=\"undefined (opens in a new tab)\" rel=\"noreferrer noopener\">Hier geht\u2019s zum Video mit der Diskussion mit Berenike Wiener (Evangelische Bank), Immo Gatzweiler (AXA Investment Managers) und Dr. Stefan Fritz (Bischof Arbeo Stiftung).<\/a><\/em><\/p><\/blockquote>\n\n\n\n<p>Einen weiteren Impuls zur Anlagerichtlinie kam auch von Immo Gatzweiler von AXA Investment Managers. Auch f\u00fcr ihn hilft eine Anlagerichtlinie dabei, sich von der Kalenderdenke zu l\u00f6sen, mit einer Besonderheit: \u201eIch bin bei Anlagerichtlinie weniger ein Verfechter von festen Investmentquoten etwa f\u00fcr Aktien oder Anleihen, sondern von B\u00e4ndern. Da die M\u00e4rkte atmen, sollten die Assetklassengewichtung in Stiftungsportfolios auch atmen. Ebenfalls w\u00fcrde ich die Assetklassen nicht zu eng fassen, denn dann ist man zu schnell im Kleinteiligen. Ebenfalls sollte in die Anlagerichtlinie eine breite Diversifikation eingebaut werden, wobei hierbei die einzelnen Anlageklassen breit definiert werden sollten. Ein zu enger Rahmen kann im aktuellen Umfeld ein Nachteil sein.\u201c Eine Erg\u00e4nzung folgte hier von Berenike Wiener: \u201eGanz wichtig ist, dass die Anlagerichtlinie der Satzung nicht widersprechen darf. Und bei der Diversifikation gilt es, neben liquiden Anlagen auch illiquide Investments nicht vollkommen zu ignorieren.\u201c<\/p>\n\n\n\n<h2 class=\"wp-block-heading\">DOKUMENTATION ZEIGT, WIE PROFESSIONELL EINE STIFTUNG AGIERT<\/h2>\n\n\n\n<p>Das brachte die Diskussion zum Punkt der Dokumentation. F\u00fcr Dr. Stefan Fritz sind oftmals viele Dinge die Finanzkommunikation betreffend in einer Stiftung nicht geregelt. \u201eWie soll die Anlageentscheidungen dokumentiert werden, welche Informationsquellen wurden hinterlegt, wer soll als Berater hinzugezogen werden, das sind Themen die neben der konkreten Aufteilung der Anlageklassen wichtig sind, um interne Abl\u00e4ufe zu regeln. Aber, und das wird h\u00e4ufig untersch\u00e4tzt, solche Regelungen zeigen auch nach au\u00dfen, dass die Verm\u00f6gensanlage professionell organisiert ist. Ich bin davon \u00fcberzeugt, dass die prozessualen Themen immer gewichtiger werden auch hinsichtlich der gesetzlichen \u00c4nderungen, die dann die Business Judgement Rule beinhalten werden.\u201c<br><br>Interessant zu h\u00f6ren war auch der Hinweis bzw. die Vermutung, dass wenn sich jemand \u00fcberlegt, eine Spende oder eine Zustiftung zu machen, es wichtig sein d\u00fcrfte, genau diese Art von Professionalit\u00e4t zu zeigen, denn zeigt eine Stiftung diese nicht, dann geht die Spende eben an eine andere Organisation.<\/p>\n\n\n\n<h2 class=\"wp-block-heading\">ANREGUNGEN F\u00dcR DIE STIFTUNGSPRAXIS<\/h2>\n\n\n\n<p>Ein paar konkrete Anregungen f\u00fcr die Anlagepolitik hatten die Stiftungsexperten f\u00fcr Stiftungslenkerinnen und -lenker auch noch parat:<br><strong>Immo Gatzweiler zum Thema Agieren im Crash: <\/strong>\u201eAn markanten Punkten einer Marktbewegung sollten nicht gezwungen sein, hektisch zu agieren, sondern sie sollten die Ruhe haben, auch von ihrem Anlagereglement her, dies aussitzen zu k\u00f6nnen. Wenn sich eine Stiftung zudem einem bestimmten Verlustmaximum verschreibt, sie also wei\u00df, wie viel sie maximal als Delle aush\u00e4lt, dann kann sie sich aus der Historie heraus sehr sch\u00f6n den daf\u00fcr passenden Aktienanteil herausselektieren.\u201c<br><strong>Berenike Wiener zum Thema Nachhaltigkeit im Stiftungsverm\u00f6gen: <\/strong>\u201eViele Stiftungen stehen hier derzeit an dem Punkt, das Thema Nachhaltigkeit f\u00fcr sich zu definieren. Die Frage ist ja, wie \u00fcberf\u00fchre ich Nachhaltigkeit in die Anlagepolitik, aber was hei\u00dft ESG dann konkret. Wenn ich eine Umweltstiftung bin, dann denke ich anders \u00fcber den Aspekt E von ESG als andere Stiftungen, und ich als Stiftung muss genau das dann so konkret wie m\u00f6glich f\u00fcr mich zu definieren versuchen.\u201c<br><strong>Dr. Stefan Fritz zum Thema SDG: <\/strong>\u201eDie nachhaltigen Entwicklungsziele der Vereinten Nationen finde ich als Anlagevorgabe besonders anspruchsvoll. Denn daraus konkrete Anlageentscheidungen abzuleiten, ist nicht einfach. Der Einfluss aber ist da, denn sie stellen ein \u00fcbergreifendes Wertesystem dar. Letztlich muss sich eine Systematik stetig weiterentwickeln, urspr\u00fcnglich waren es die Ausschlusskriterien, mittlerweile sind es Themen wie Impact Investing oder Engagement, die aus der Eigent\u00fcmerrolle auch von Stiftungen erwachsen, so sie Aktien eines Unternehmens halten.\u201c<br><strong>Berenike Wiener zum Thema Divesting:<\/strong> \u201eAls Stiftung muss ich eine Haltung zu dem entwickle, was ich desinvestiere. Als Umweltstiftung habe ich rasche eine Haltung zur Kohle, als Bildungsstiftung dauert es vielleicht etwas, bis sich diese herauskristallisiert. Divesting ist der harte Ausschluss, Engagement bedeutet letztlich aus Stiftungssicht, dass man bewusst in Unternehmen investiert bleibt, um Ver\u00e4nderung mitbewirken zu k\u00f6nnen.\u201c<br><strong>Immo Gatzweiler zur Fondsanlage von Stiftungsverm\u00f6gens:<\/strong> \u201eStiftungen sollen ihr Stiftungsverm\u00f6gen breit streuen, und Fonds haben hier einen Vorteil. Fondsanlage spart Ressourcen, Nerven, und das Selbermachen beinhaltet das Risiko, dass das Abw\u00e4gen von Investments einfach das fachliche Knowhow in Stiftungsorganen sprengt. Stiftungen m\u00fcssen dem Diversifikationsgebot folgen, und mit Fonds k\u00f6nnen Stiftungen das sehr gut mit Inhalt f\u00fcllen. Es m\u00fcssen auch nicht immer nur Mischfonds sein, es k\u00f6nnen auch Anleihe- und Aktienfonds sein, die eben aussch\u00fcttend ausgelegt sind. Das Selbermachen ist aber heute umso schwieriger, je weniger visibel das Umfeld sich an den M\u00e4rkten darstellt.<br>Berenike Wiener zum Selbermachen der Kapitalanlage: \u201eSind die Ressourcen da, ist die Kompetenz da, ist die Zeit da, dann kann das Stiftungsverm\u00f6gen selber gemanagt werden. Mangelt es daran, sollte delegiert werden.\u201c<br><strong>Dr. Stefan Fritz zur Verwaltung des Stiftungsverm\u00f6gens:<\/strong> \u201eF\u00fcr mich ist das Verwalten des Stiftungsverm\u00f6gen immer auch eine Kommunikationsaufgabe. Wichtig ist, dass f\u00fcr alle Beteiligten ersichtlich ist, wonach die Anlage des Stiftungsverm\u00f6gens gesteuert wird. Eine Stiftung muss sich \u00fcber alle vorhandenen Gremien hinweg dar\u00fcber im Klaren sein, wohin sie langfristig hinwollen, speziell in der Kapitalanlage. Vier Themen sollten f\u00fcr mich definiert sein. Was hei\u00dft f\u00fcr mich Kapitalerhalt, welche aussch\u00fcttungsf\u00e4hige Rendite erwarte ich mir, welche Risiken bin ich bereit einzugehen bzw. welche Verluste tragen die Gremien mit und wie implementiere ich Nachhaltigkeit in die Anlagepolitik.\u201c<\/p>\n\n\n\n<h2 class=\"wp-block-heading\">ZUSAMMENGEFASST<\/h2>\n\n\n\n<p>Zu wissen wo ich stehe und wo ich hin will, das kann f\u00fcr Stiftungen so etwas wie der rote Faden sein, so etwas wie das Leuchtfeuer, das einem Schiff entlang der K\u00fcste den Weg weist. F\u00fcr die drei Diskutanten stand zudem fest, dass Stiftungen eigentlich nicht mehr ohne Anlagerichtlinie in der Verwaltung ihres Stiftungsverm\u00f6gens agieren sollten, und dass sie sich ihr Wesen als Langfristanleger zu Nutze machen sollten. In der langen Frist bleiben r\u00fcckblickend oftmals nur Notizen, auch ein Corona-Crash d\u00fcrfte in 30 Jahren dazu geh\u00f6ren. <\/p>\n","protected":false},"excerpt":{"rendered":"<p><span class=\"span-reading-time rt-reading-time\" style=\"display: block;\"><span class=\"rt-label rt-prefix\">Lesezeit: <\/span> <span class=\"rt-time\"> 5<\/span> <span class=\"rt-label rt-postfix\">Minuten<\/span><\/span>Viele Anlagerichtlinien von Stiftungen sind etwas aus der Zeit gefallen, entsprechend kann die Anlagepolitik f\u00fcr das Stiftungsverm\u00f6gen nicht mit der Zeit gehen. Diese Analyse teilten Berenike Wiener (Evangelische Bank), Immo Gatzweiler (AXA Investment Managers) und Dr. Stefan Fritz (Bischof Arbeo Stiftung) beim Virtuellen Tag f\u00fcr das Stiftungsverm\u00f6gen am 24.6.2020, gleichzeitig hatten sie aber auch Anregungen parat, wo und wie Stiftungsverantwortliche hier ansetzen k\u00f6nnten. Denn weder Anlagerichtlinie noch Anlagepolitik sind in Stein gemei\u00dfelt.<\/p>\n","protected":false},"author":8,"featured_media":1250,"comment_status":"closed","ping_status":"open","sticky":false,"template":"","format":"standard","meta":{"ngg_post_thumbnail":0,"footnotes":""},"categories":[12],"tags":[15,27,68,70,82],"class_list":{"0":"post-1247","1":"post","2":"type-post","3":"status-publish","4":"format-standard","5":"has-post-thumbnail","7":"category-tipps-fuer-die-stiftungspraxis","8":"tag-fondsanlage","9":"tag-stiftungsvermoegen","10":"tag-vtfds2020","11":"tag-anlagerichtlinie","12":"tag-nachhaltigkeit"},"yoast_head":"<!-- This site is optimized with the Yoast SEO plugin v27.4 - https:\/\/yoast.com\/product\/yoast-seo-wordpress\/ -->\n<title>Wie sieht eine zeitgem\u00e4\u00dfe Anlagepolitik f\u00fcr Stiftungsverm\u00f6gen aus? - Der Stiftungsblog f\u00fcr die Stiftungspraxis<\/title>\n<meta name=\"description\" content=\"Viele Anlagerichtlinien von Stiftungen sind etwas aus der Zeit gefallen, entsprechend kann die Anlagepolitik f\u00fcr das Stiftungsverm\u00f6gen nicht mit der Zeit gehen. Diese Analyse teilten Berenike Wiener (Evangelische Bank), Immo Gatzweiler (AXA Investment Managers) und Dr. Stefan Fritz (Bischof Arbeo Stiftung) beim Virtuellen Tag f\u00fcr das Stiftungsverm\u00f6gen am 24.6.2020, gleichzeitig hatten sie aber auch Anregungen parat, wo und wie Stiftungsverantwortliche hier ansetzen k\u00f6nnten. Denn weder Anlagerichtlinie noch Anlagepolitik sind in Stein gemei\u00dfelt.\" \/>\n<meta name=\"robots\" content=\"index, follow, max-snippet:-1, max-image-preview:large, max-video-preview:-1\" \/>\n<link rel=\"canonical\" href=\"https:\/\/stiftungsmarktplatz.eu\/blog\/wie-sieht-eine-zeitgemaesse-anlagepolitik-fuer-stiftungsvermoegen-aus\/\" \/>\n<meta property=\"og:locale\" content=\"de_DE\" \/>\n<meta property=\"og:type\" content=\"article\" \/>\n<meta property=\"og:title\" content=\"Wie sieht eine zeitgem\u00e4\u00dfe Anlagepolitik f\u00fcr Stiftungsverm\u00f6gen aus? - Der Stiftungsblog f\u00fcr die Stiftungspraxis\" \/>\n<meta property=\"og:description\" content=\"Viele Anlagerichtlinien von Stiftungen sind etwas aus der Zeit gefallen, entsprechend kann die Anlagepolitik f\u00fcr das Stiftungsverm\u00f6gen nicht mit der Zeit gehen. Diese Analyse teilten Berenike Wiener (Evangelische Bank), Immo Gatzweiler (AXA Investment Managers) und Dr. Stefan Fritz (Bischof Arbeo Stiftung) beim Virtuellen Tag f\u00fcr das Stiftungsverm\u00f6gen am 24.6.2020, gleichzeitig hatten sie aber auch Anregungen parat, wo und wie Stiftungsverantwortliche hier ansetzen k\u00f6nnten. Denn weder Anlagerichtlinie noch Anlagepolitik sind in Stein gemei\u00dfelt.\" \/>\n<meta property=\"og:url\" content=\"https:\/\/stiftungsmarktplatz.eu\/blog\/wie-sieht-eine-zeitgemaesse-anlagepolitik-fuer-stiftungsvermoegen-aus\/\" \/>\n<meta property=\"og:site_name\" content=\"Der Stiftungsblog f\u00fcr die Stiftungspraxis\" \/>\n<meta property=\"article:published_time\" content=\"2020-06-30T08:50:05+00:00\" \/>\n<meta property=\"article:modified_time\" content=\"2020-07-03T11:00:44+00:00\" \/>\n<meta property=\"og:image\" content=\"https:\/\/stiftungsmarktplatz.eu\/blog\/wp-content\/uploads\/2020\/07\/Nachlese-zum-VTFDS2020-Wiener-Fritz-Gatzweiler.jpg\" \/>\n\t<meta property=\"og:image:width\" content=\"1200\" \/>\n\t<meta property=\"og:image:height\" content=\"675\" \/>\n\t<meta property=\"og:image:type\" content=\"image\/jpeg\" \/>\n<meta name=\"author\" content=\"Tobias Karow\" \/>\n<meta name=\"twitter:card\" content=\"summary_large_image\" \/>\n<meta name=\"twitter:label1\" content=\"Verfasst von\" \/>\n\t<meta name=\"twitter:data1\" content=\"Tobias Karow\" \/>\n\t<meta name=\"twitter:label2\" content=\"Gesch\u00e4tzte Lesezeit\" \/>\n\t<meta name=\"twitter:data2\" content=\"7\u00a0Minuten\" \/>\n<script type=\"application\/ld+json\" class=\"yoast-schema-graph\">{\"@context\":\"https:\\\/\\\/schema.org\",\"@graph\":[{\"@type\":\"Article\",\"@id\":\"https:\\\/\\\/stiftungsmarktplatz.eu\\\/blog\\\/wie-sieht-eine-zeitgemaesse-anlagepolitik-fuer-stiftungsvermoegen-aus\\\/#article\",\"isPartOf\":{\"@id\":\"https:\\\/\\\/stiftungsmarktplatz.eu\\\/blog\\\/wie-sieht-eine-zeitgemaesse-anlagepolitik-fuer-stiftungsvermoegen-aus\\\/\"},\"author\":{\"name\":\"Tobias Karow\",\"@id\":\"https:\\\/\\\/stiftungsmarktplatz.eu\\\/blog\\\/#\\\/schema\\\/person\\\/3a42780bf87a2088578f1e8077ccfa44\"},\"headline\":\"Wie sieht eine zeitgem\u00e4\u00dfe Anlagepolitik f\u00fcr Stiftungsverm\u00f6gen aus?\",\"datePublished\":\"2020-06-30T08:50:05+00:00\",\"dateModified\":\"2020-07-03T11:00:44+00:00\",\"mainEntityOfPage\":{\"@id\":\"https:\\\/\\\/stiftungsmarktplatz.eu\\\/blog\\\/wie-sieht-eine-zeitgemaesse-anlagepolitik-fuer-stiftungsvermoegen-aus\\\/\"},\"wordCount\":1461,\"publisher\":{\"@id\":\"https:\\\/\\\/stiftungsmarktplatz.eu\\\/blog\\\/#organization\"},\"image\":{\"@id\":\"https:\\\/\\\/stiftungsmarktplatz.eu\\\/blog\\\/wie-sieht-eine-zeitgemaesse-anlagepolitik-fuer-stiftungsvermoegen-aus\\\/#primaryimage\"},\"thumbnailUrl\":\"https:\\\/\\\/stiftungsmarktplatz.eu\\\/blog\\\/wp-content\\\/uploads\\\/2020\\\/07\\\/Nachlese-zum-VTFDS2020-Wiener-Fritz-Gatzweiler.jpg\",\"keywords\":[\"Fondsanlage\",\"Stiftungsverm\u00f6gen\",\"VTFDS2020\",\"Anlagerichtlinie\",\"Nachhaltigkeit\"],\"articleSection\":[\"Tipps f\u00fcr die Stiftungspraxis\"],\"inLanguage\":\"de\"},{\"@type\":\"WebPage\",\"@id\":\"https:\\\/\\\/stiftungsmarktplatz.eu\\\/blog\\\/wie-sieht-eine-zeitgemaesse-anlagepolitik-fuer-stiftungsvermoegen-aus\\\/\",\"url\":\"https:\\\/\\\/stiftungsmarktplatz.eu\\\/blog\\\/wie-sieht-eine-zeitgemaesse-anlagepolitik-fuer-stiftungsvermoegen-aus\\\/\",\"name\":\"Wie sieht eine zeitgem\u00e4\u00dfe Anlagepolitik f\u00fcr Stiftungsverm\u00f6gen aus? - Der Stiftungsblog f\u00fcr die Stiftungspraxis\",\"isPartOf\":{\"@id\":\"https:\\\/\\\/stiftungsmarktplatz.eu\\\/blog\\\/#website\"},\"primaryImageOfPage\":{\"@id\":\"https:\\\/\\\/stiftungsmarktplatz.eu\\\/blog\\\/wie-sieht-eine-zeitgemaesse-anlagepolitik-fuer-stiftungsvermoegen-aus\\\/#primaryimage\"},\"image\":{\"@id\":\"https:\\\/\\\/stiftungsmarktplatz.eu\\\/blog\\\/wie-sieht-eine-zeitgemaesse-anlagepolitik-fuer-stiftungsvermoegen-aus\\\/#primaryimage\"},\"thumbnailUrl\":\"https:\\\/\\\/stiftungsmarktplatz.eu\\\/blog\\\/wp-content\\\/uploads\\\/2020\\\/07\\\/Nachlese-zum-VTFDS2020-Wiener-Fritz-Gatzweiler.jpg\",\"datePublished\":\"2020-06-30T08:50:05+00:00\",\"dateModified\":\"2020-07-03T11:00:44+00:00\",\"description\":\"Viele Anlagerichtlinien von Stiftungen sind etwas aus der Zeit gefallen, entsprechend kann die Anlagepolitik f\u00fcr das Stiftungsverm\u00f6gen nicht mit der Zeit gehen. Diese Analyse teilten Berenike Wiener (Evangelische Bank), Immo Gatzweiler (AXA Investment Managers) und Dr. Stefan Fritz (Bischof Arbeo Stiftung) beim Virtuellen Tag f\u00fcr das Stiftungsverm\u00f6gen am 24.6.2020, gleichzeitig hatten sie aber auch Anregungen parat, wo und wie Stiftungsverantwortliche hier ansetzen k\u00f6nnten. Denn weder Anlagerichtlinie noch Anlagepolitik sind in Stein gemei\u00dfelt.\",\"breadcrumb\":{\"@id\":\"https:\\\/\\\/stiftungsmarktplatz.eu\\\/blog\\\/wie-sieht-eine-zeitgemaesse-anlagepolitik-fuer-stiftungsvermoegen-aus\\\/#breadcrumb\"},\"inLanguage\":\"de\",\"potentialAction\":[{\"@type\":\"ReadAction\",\"target\":[\"https:\\\/\\\/stiftungsmarktplatz.eu\\\/blog\\\/wie-sieht-eine-zeitgemaesse-anlagepolitik-fuer-stiftungsvermoegen-aus\\\/\"]}]},{\"@type\":\"ImageObject\",\"inLanguage\":\"de\",\"@id\":\"https:\\\/\\\/stiftungsmarktplatz.eu\\\/blog\\\/wie-sieht-eine-zeitgemaesse-anlagepolitik-fuer-stiftungsvermoegen-aus\\\/#primaryimage\",\"url\":\"https:\\\/\\\/stiftungsmarktplatz.eu\\\/blog\\\/wp-content\\\/uploads\\\/2020\\\/07\\\/Nachlese-zum-VTFDS2020-Wiener-Fritz-Gatzweiler.jpg\",\"contentUrl\":\"https:\\\/\\\/stiftungsmarktplatz.eu\\\/blog\\\/wp-content\\\/uploads\\\/2020\\\/07\\\/Nachlese-zum-VTFDS2020-Wiener-Fritz-Gatzweiler.jpg\",\"width\":1200,\"height\":675,\"caption\":\"Nachlese zum VTFDS2020 Wiener Fritz Gatzweiler\"},{\"@type\":\"BreadcrumbList\",\"@id\":\"https:\\\/\\\/stiftungsmarktplatz.eu\\\/blog\\\/wie-sieht-eine-zeitgemaesse-anlagepolitik-fuer-stiftungsvermoegen-aus\\\/#breadcrumb\",\"itemListElement\":[{\"@type\":\"ListItem\",\"position\":1,\"name\":\"Startseite\",\"item\":\"https:\\\/\\\/stiftungsmarktplatz.eu\\\/blog\\\/\"},{\"@type\":\"ListItem\",\"position\":2,\"name\":\"Wie sieht eine zeitgem\u00e4\u00dfe Anlagepolitik f\u00fcr Stiftungsverm\u00f6gen aus?\"}]},{\"@type\":\"WebSite\",\"@id\":\"https:\\\/\\\/stiftungsmarktplatz.eu\\\/blog\\\/#website\",\"url\":\"https:\\\/\\\/stiftungsmarktplatz.eu\\\/blog\\\/\",\"name\":\"Der Stiftungsblog f\u00fcr die Stiftungspraxis\",\"description\":\"#stiftungenst\u00e4rken - NPO-Expertise von NPO-Experten\",\"publisher\":{\"@id\":\"https:\\\/\\\/stiftungsmarktplatz.eu\\\/blog\\\/#organization\"},\"potentialAction\":[{\"@type\":\"SearchAction\",\"target\":{\"@type\":\"EntryPoint\",\"urlTemplate\":\"https:\\\/\\\/stiftungsmarktplatz.eu\\\/blog\\\/?s={search_term_string}\"},\"query-input\":{\"@type\":\"PropertyValueSpecification\",\"valueRequired\":true,\"valueName\":\"search_term_string\"}}],\"inLanguage\":\"de\"},{\"@type\":\"Organization\",\"@id\":\"https:\\\/\\\/stiftungsmarktplatz.eu\\\/blog\\\/#organization\",\"name\":\"stiftungsmarktplatz.eu GbR\",\"url\":\"https:\\\/\\\/stiftungsmarktplatz.eu\\\/blog\\\/\",\"logo\":{\"@type\":\"ImageObject\",\"inLanguage\":\"de\",\"@id\":\"https:\\\/\\\/stiftungsmarktplatz.eu\\\/blog\\\/#\\\/schema\\\/logo\\\/image\\\/\",\"url\":\"https:\\\/\\\/stiftungsmarktplatz.eu\\\/blog\\\/wp-content\\\/uploads\\\/2020\\\/03\\\/Logo-blog-retina.png\",\"contentUrl\":\"https:\\\/\\\/stiftungsmarktplatz.eu\\\/blog\\\/wp-content\\\/uploads\\\/2020\\\/03\\\/Logo-blog-retina.png\",\"width\":140,\"height\":130,\"caption\":\"stiftungsmarktplatz.eu GbR\"},\"image\":{\"@id\":\"https:\\\/\\\/stiftungsmarktplatz.eu\\\/blog\\\/#\\\/schema\\\/logo\\\/image\\\/\"},\"sameAs\":[\"https:\\\/\\\/www.linkedin.com\\\/company\\\/18563519\\\/\",\"https:\\\/\\\/www.youtube.com\\\/channel\\\/UCQrF6RQRFGxTokVV4nbx25Q\"]},{\"@type\":\"Person\",\"@id\":\"https:\\\/\\\/stiftungsmarktplatz.eu\\\/blog\\\/#\\\/schema\\\/person\\\/3a42780bf87a2088578f1e8077ccfa44\",\"name\":\"Tobias Karow\",\"image\":{\"@type\":\"ImageObject\",\"inLanguage\":\"de\",\"@id\":\"https:\\\/\\\/stiftungsmarktplatz.eu\\\/blog\\\/wp-content\\\/uploads\\\/2024\\\/05\\\/tobias-karow-2024-150x150.png\",\"url\":\"https:\\\/\\\/stiftungsmarktplatz.eu\\\/blog\\\/wp-content\\\/uploads\\\/2024\\\/05\\\/tobias-karow-2024-150x150.png\",\"contentUrl\":\"https:\\\/\\\/stiftungsmarktplatz.eu\\\/blog\\\/wp-content\\\/uploads\\\/2024\\\/05\\\/tobias-karow-2024-150x150.png\",\"caption\":\"Tobias Karow\"},\"description\":\"ist Gr\u00fcnder und Gesch\u00e4ftsf\u00fchrer von stiftungsmarktplatz.eu und im Stiftungswesen in Deutschland, \u00d6sterreich, der Schweiz und Liechtenstein seit 10 Jahren aktiv. Er ist Herausgeber der FondsFibel f\u00fcr Stiftungen &amp; NPOs, dem f\u00fchrenden Nachschlagewerk f\u00fcr Stiftungsfonds und stiftungsgeeignete Fonds (www.fondsfibel.de), Vortr\u00e4ge h\u00e4lt er vor allem zum Thema \u201aStiftungen und ihr Weg in die digitale Welt\u2018. F\u00fcr beide Themen betreibt er den Blog #stiftungenst\u00e4rken.\",\"sameAs\":[\"https:\\\/\\\/www.fondsfibel.de\"],\"url\":\"https:\\\/\\\/stiftungsmarktplatz.eu\\\/blog\\\/author\\\/tobias-karow\\\/\"}]}<\/script>\n<!-- \/ Yoast SEO plugin. -->","yoast_head_json":{"title":"Wie sieht eine zeitgem\u00e4\u00dfe Anlagepolitik f\u00fcr Stiftungsverm\u00f6gen aus? - Der Stiftungsblog f\u00fcr die Stiftungspraxis","description":"Viele Anlagerichtlinien von Stiftungen sind etwas aus der Zeit gefallen, entsprechend kann die Anlagepolitik f\u00fcr das Stiftungsverm\u00f6gen nicht mit der Zeit gehen. Diese Analyse teilten Berenike Wiener (Evangelische Bank), Immo Gatzweiler (AXA Investment Managers) und Dr. Stefan Fritz (Bischof Arbeo Stiftung) beim Virtuellen Tag f\u00fcr das Stiftungsverm\u00f6gen am 24.6.2020, gleichzeitig hatten sie aber auch Anregungen parat, wo und wie Stiftungsverantwortliche hier ansetzen k\u00f6nnten. Denn weder Anlagerichtlinie noch Anlagepolitik sind in Stein gemei\u00dfelt.","robots":{"index":"index","follow":"follow","max-snippet":"max-snippet:-1","max-image-preview":"max-image-preview:large","max-video-preview":"max-video-preview:-1"},"canonical":"https:\/\/stiftungsmarktplatz.eu\/blog\/wie-sieht-eine-zeitgemaesse-anlagepolitik-fuer-stiftungsvermoegen-aus\/","og_locale":"de_DE","og_type":"article","og_title":"Wie sieht eine zeitgem\u00e4\u00dfe Anlagepolitik f\u00fcr Stiftungsverm\u00f6gen aus? - Der Stiftungsblog f\u00fcr die Stiftungspraxis","og_description":"Viele Anlagerichtlinien von Stiftungen sind etwas aus der Zeit gefallen, entsprechend kann die Anlagepolitik f\u00fcr das Stiftungsverm\u00f6gen nicht mit der Zeit gehen. Diese Analyse teilten Berenike Wiener (Evangelische Bank), Immo Gatzweiler (AXA Investment Managers) und Dr. Stefan Fritz (Bischof Arbeo Stiftung) beim Virtuellen Tag f\u00fcr das Stiftungsverm\u00f6gen am 24.6.2020, gleichzeitig hatten sie aber auch Anregungen parat, wo und wie Stiftungsverantwortliche hier ansetzen k\u00f6nnten. Denn weder Anlagerichtlinie noch Anlagepolitik sind in Stein gemei\u00dfelt.","og_url":"https:\/\/stiftungsmarktplatz.eu\/blog\/wie-sieht-eine-zeitgemaesse-anlagepolitik-fuer-stiftungsvermoegen-aus\/","og_site_name":"Der Stiftungsblog f\u00fcr die Stiftungspraxis","article_published_time":"2020-06-30T08:50:05+00:00","article_modified_time":"2020-07-03T11:00:44+00:00","og_image":[{"width":1200,"height":675,"url":"https:\/\/stiftungsmarktplatz.eu\/blog\/wp-content\/uploads\/2020\/07\/Nachlese-zum-VTFDS2020-Wiener-Fritz-Gatzweiler.jpg","type":"image\/jpeg"}],"author":"Tobias Karow","twitter_card":"summary_large_image","twitter_misc":{"Verfasst von":"Tobias Karow","Gesch\u00e4tzte Lesezeit":"7\u00a0Minuten"},"schema":{"@context":"https:\/\/schema.org","@graph":[{"@type":"Article","@id":"https:\/\/stiftungsmarktplatz.eu\/blog\/wie-sieht-eine-zeitgemaesse-anlagepolitik-fuer-stiftungsvermoegen-aus\/#article","isPartOf":{"@id":"https:\/\/stiftungsmarktplatz.eu\/blog\/wie-sieht-eine-zeitgemaesse-anlagepolitik-fuer-stiftungsvermoegen-aus\/"},"author":{"name":"Tobias Karow","@id":"https:\/\/stiftungsmarktplatz.eu\/blog\/#\/schema\/person\/3a42780bf87a2088578f1e8077ccfa44"},"headline":"Wie sieht eine zeitgem\u00e4\u00dfe Anlagepolitik f\u00fcr Stiftungsverm\u00f6gen aus?","datePublished":"2020-06-30T08:50:05+00:00","dateModified":"2020-07-03T11:00:44+00:00","mainEntityOfPage":{"@id":"https:\/\/stiftungsmarktplatz.eu\/blog\/wie-sieht-eine-zeitgemaesse-anlagepolitik-fuer-stiftungsvermoegen-aus\/"},"wordCount":1461,"publisher":{"@id":"https:\/\/stiftungsmarktplatz.eu\/blog\/#organization"},"image":{"@id":"https:\/\/stiftungsmarktplatz.eu\/blog\/wie-sieht-eine-zeitgemaesse-anlagepolitik-fuer-stiftungsvermoegen-aus\/#primaryimage"},"thumbnailUrl":"https:\/\/stiftungsmarktplatz.eu\/blog\/wp-content\/uploads\/2020\/07\/Nachlese-zum-VTFDS2020-Wiener-Fritz-Gatzweiler.jpg","keywords":["Fondsanlage","Stiftungsverm\u00f6gen","VTFDS2020","Anlagerichtlinie","Nachhaltigkeit"],"articleSection":["Tipps f\u00fcr die Stiftungspraxis"],"inLanguage":"de"},{"@type":"WebPage","@id":"https:\/\/stiftungsmarktplatz.eu\/blog\/wie-sieht-eine-zeitgemaesse-anlagepolitik-fuer-stiftungsvermoegen-aus\/","url":"https:\/\/stiftungsmarktplatz.eu\/blog\/wie-sieht-eine-zeitgemaesse-anlagepolitik-fuer-stiftungsvermoegen-aus\/","name":"Wie sieht eine zeitgem\u00e4\u00dfe Anlagepolitik f\u00fcr Stiftungsverm\u00f6gen aus? - Der Stiftungsblog f\u00fcr die Stiftungspraxis","isPartOf":{"@id":"https:\/\/stiftungsmarktplatz.eu\/blog\/#website"},"primaryImageOfPage":{"@id":"https:\/\/stiftungsmarktplatz.eu\/blog\/wie-sieht-eine-zeitgemaesse-anlagepolitik-fuer-stiftungsvermoegen-aus\/#primaryimage"},"image":{"@id":"https:\/\/stiftungsmarktplatz.eu\/blog\/wie-sieht-eine-zeitgemaesse-anlagepolitik-fuer-stiftungsvermoegen-aus\/#primaryimage"},"thumbnailUrl":"https:\/\/stiftungsmarktplatz.eu\/blog\/wp-content\/uploads\/2020\/07\/Nachlese-zum-VTFDS2020-Wiener-Fritz-Gatzweiler.jpg","datePublished":"2020-06-30T08:50:05+00:00","dateModified":"2020-07-03T11:00:44+00:00","description":"Viele Anlagerichtlinien von Stiftungen sind etwas aus der Zeit gefallen, entsprechend kann die Anlagepolitik f\u00fcr das Stiftungsverm\u00f6gen nicht mit der Zeit gehen. Diese Analyse teilten Berenike Wiener (Evangelische Bank), Immo Gatzweiler (AXA Investment Managers) und Dr. Stefan Fritz (Bischof Arbeo Stiftung) beim Virtuellen Tag f\u00fcr das Stiftungsverm\u00f6gen am 24.6.2020, gleichzeitig hatten sie aber auch Anregungen parat, wo und wie Stiftungsverantwortliche hier ansetzen k\u00f6nnten. Denn weder Anlagerichtlinie noch Anlagepolitik sind in Stein gemei\u00dfelt.","breadcrumb":{"@id":"https:\/\/stiftungsmarktplatz.eu\/blog\/wie-sieht-eine-zeitgemaesse-anlagepolitik-fuer-stiftungsvermoegen-aus\/#breadcrumb"},"inLanguage":"de","potentialAction":[{"@type":"ReadAction","target":["https:\/\/stiftungsmarktplatz.eu\/blog\/wie-sieht-eine-zeitgemaesse-anlagepolitik-fuer-stiftungsvermoegen-aus\/"]}]},{"@type":"ImageObject","inLanguage":"de","@id":"https:\/\/stiftungsmarktplatz.eu\/blog\/wie-sieht-eine-zeitgemaesse-anlagepolitik-fuer-stiftungsvermoegen-aus\/#primaryimage","url":"https:\/\/stiftungsmarktplatz.eu\/blog\/wp-content\/uploads\/2020\/07\/Nachlese-zum-VTFDS2020-Wiener-Fritz-Gatzweiler.jpg","contentUrl":"https:\/\/stiftungsmarktplatz.eu\/blog\/wp-content\/uploads\/2020\/07\/Nachlese-zum-VTFDS2020-Wiener-Fritz-Gatzweiler.jpg","width":1200,"height":675,"caption":"Nachlese zum VTFDS2020 Wiener Fritz Gatzweiler"},{"@type":"BreadcrumbList","@id":"https:\/\/stiftungsmarktplatz.eu\/blog\/wie-sieht-eine-zeitgemaesse-anlagepolitik-fuer-stiftungsvermoegen-aus\/#breadcrumb","itemListElement":[{"@type":"ListItem","position":1,"name":"Startseite","item":"https:\/\/stiftungsmarktplatz.eu\/blog\/"},{"@type":"ListItem","position":2,"name":"Wie sieht eine zeitgem\u00e4\u00dfe Anlagepolitik f\u00fcr Stiftungsverm\u00f6gen aus?"}]},{"@type":"WebSite","@id":"https:\/\/stiftungsmarktplatz.eu\/blog\/#website","url":"https:\/\/stiftungsmarktplatz.eu\/blog\/","name":"Der Stiftungsblog f\u00fcr die Stiftungspraxis","description":"#stiftungenst\u00e4rken - NPO-Expertise von NPO-Experten","publisher":{"@id":"https:\/\/stiftungsmarktplatz.eu\/blog\/#organization"},"potentialAction":[{"@type":"SearchAction","target":{"@type":"EntryPoint","urlTemplate":"https:\/\/stiftungsmarktplatz.eu\/blog\/?s={search_term_string}"},"query-input":{"@type":"PropertyValueSpecification","valueRequired":true,"valueName":"search_term_string"}}],"inLanguage":"de"},{"@type":"Organization","@id":"https:\/\/stiftungsmarktplatz.eu\/blog\/#organization","name":"stiftungsmarktplatz.eu GbR","url":"https:\/\/stiftungsmarktplatz.eu\/blog\/","logo":{"@type":"ImageObject","inLanguage":"de","@id":"https:\/\/stiftungsmarktplatz.eu\/blog\/#\/schema\/logo\/image\/","url":"https:\/\/stiftungsmarktplatz.eu\/blog\/wp-content\/uploads\/2020\/03\/Logo-blog-retina.png","contentUrl":"https:\/\/stiftungsmarktplatz.eu\/blog\/wp-content\/uploads\/2020\/03\/Logo-blog-retina.png","width":140,"height":130,"caption":"stiftungsmarktplatz.eu GbR"},"image":{"@id":"https:\/\/stiftungsmarktplatz.eu\/blog\/#\/schema\/logo\/image\/"},"sameAs":["https:\/\/www.linkedin.com\/company\/18563519\/","https:\/\/www.youtube.com\/channel\/UCQrF6RQRFGxTokVV4nbx25Q"]},{"@type":"Person","@id":"https:\/\/stiftungsmarktplatz.eu\/blog\/#\/schema\/person\/3a42780bf87a2088578f1e8077ccfa44","name":"Tobias Karow","image":{"@type":"ImageObject","inLanguage":"de","@id":"https:\/\/stiftungsmarktplatz.eu\/blog\/wp-content\/uploads\/2024\/05\/tobias-karow-2024-150x150.png","url":"https:\/\/stiftungsmarktplatz.eu\/blog\/wp-content\/uploads\/2024\/05\/tobias-karow-2024-150x150.png","contentUrl":"https:\/\/stiftungsmarktplatz.eu\/blog\/wp-content\/uploads\/2024\/05\/tobias-karow-2024-150x150.png","caption":"Tobias Karow"},"description":"ist Gr\u00fcnder und Gesch\u00e4ftsf\u00fchrer von stiftungsmarktplatz.eu und im Stiftungswesen in Deutschland, \u00d6sterreich, der Schweiz und Liechtenstein seit 10 Jahren aktiv. Er ist Herausgeber der FondsFibel f\u00fcr Stiftungen &amp; NPOs, dem f\u00fchrenden Nachschlagewerk f\u00fcr Stiftungsfonds und stiftungsgeeignete Fonds (www.fondsfibel.de), Vortr\u00e4ge h\u00e4lt er vor allem zum Thema \u201aStiftungen und ihr Weg in die digitale Welt\u2018. F\u00fcr beide Themen betreibt er den Blog #stiftungenst\u00e4rken.","sameAs":["https:\/\/www.fondsfibel.de"],"url":"https:\/\/stiftungsmarktplatz.eu\/blog\/author\/tobias-karow\/"}]}},"post_mailing_queue_ids":[],"_links":{"self":[{"href":"https:\/\/stiftungsmarktplatz.eu\/blog\/wp-json\/wp\/v2\/posts\/1247","targetHints":{"allow":["GET"]}}],"collection":[{"href":"https:\/\/stiftungsmarktplatz.eu\/blog\/wp-json\/wp\/v2\/posts"}],"about":[{"href":"https:\/\/stiftungsmarktplatz.eu\/blog\/wp-json\/wp\/v2\/types\/post"}],"author":[{"embeddable":true,"href":"https:\/\/stiftungsmarktplatz.eu\/blog\/wp-json\/wp\/v2\/users\/8"}],"replies":[{"embeddable":true,"href":"https:\/\/stiftungsmarktplatz.eu\/blog\/wp-json\/wp\/v2\/comments?post=1247"}],"version-history":[{"count":4,"href":"https:\/\/stiftungsmarktplatz.eu\/blog\/wp-json\/wp\/v2\/posts\/1247\/revisions"}],"predecessor-version":[{"id":1264,"href":"https:\/\/stiftungsmarktplatz.eu\/blog\/wp-json\/wp\/v2\/posts\/1247\/revisions\/1264"}],"wp:featuredmedia":[{"embeddable":true,"href":"https:\/\/stiftungsmarktplatz.eu\/blog\/wp-json\/wp\/v2\/media\/1250"}],"wp:attachment":[{"href":"https:\/\/stiftungsmarktplatz.eu\/blog\/wp-json\/wp\/v2\/media?parent=1247"}],"wp:term":[{"taxonomy":"category","embeddable":true,"href":"https:\/\/stiftungsmarktplatz.eu\/blog\/wp-json\/wp\/v2\/categories?post=1247"},{"taxonomy":"post_tag","embeddable":true,"href":"https:\/\/stiftungsmarktplatz.eu\/blog\/wp-json\/wp\/v2\/tags?post=1247"}],"curies":[{"name":"wp","href":"https:\/\/api.w.org\/{rel}","templated":true}]}}