{"id":1127,"date":"2020-06-05T09:28:51","date_gmt":"2020-06-05T07:28:51","guid":{"rendered":"https:\/\/stiftungsmarktplatz.eu\/blog\/?p=1127"},"modified":"2021-10-07T15:52:48","modified_gmt":"2021-10-07T13:52:48","slug":"der-stiftungszweck-das-wertigere-ziel","status":"publish","type":"post","link":"https:\/\/stiftungsmarktplatz.eu\/blog\/der-stiftungszweck-das-wertigere-ziel\/","title":{"rendered":"Der Stiftungszweck das wertigere Ziel"},"content":{"rendered":"<span class=\"span-reading-time rt-reading-time\" style=\"display: block;\"><span class=\"rt-label rt-prefix\">Lesezeit: <\/span> <span class=\"rt-time\"> &lt; 1<\/span> <span class=\"rt-label rt-postfix\">Minute<\/span><\/span>\n<p>Durch den Corona-Crash d\u00fcrfte es in so manches Stiftungsverm\u00f6gen richtig reingeregnet haben, wie man so sch\u00f6n sagt. <\/p>\n\n\n\n<p>Mit Klaus St\u00fcllenberg von der St\u00fcllenberg-Stiftung (der im \u00dcbrigen f\u00fcr Fragen unter <a rel=\"noreferrer noopener\" href=\"mailto:kontakt@stuellenberg-stiftung.de\" target=\"_blank\">kontakt@stuellenberg-stiftung.de<\/a> zu erreichen ist) sprach ich dar\u00fcber, was er inmitten des Corona-Crashs gemacht hat und wie er es beurteilt, dass so viele Stiftungen bei der Verwaltung ihres Stiftungsverm\u00f6gens immer wieder auf dem falschen Fu\u00df erwischt werden. <\/p>\n\n\n\n<p>Die Erkenntnis, dass Stiftungen ihre Ziele in der Kapitalanlage wom\u00f6glich falsch gewichten, ist nicht neu, aber sie jetzt post-Corona aktueller denn je.<\/p>\n\n\n\n<div class=\"wp-block-cover has-background-dim\"><img loading=\"lazy\" decoding=\"async\" width=\"1000\" height=\"485\" class=\"wp-block-cover__image-background wp-image-96\" alt=\"\" src=\"https:\/\/stiftungsmarktplatz.eu\/blog\/wp-content\/uploads\/2020\/02\/bienen-podcast-2.jpg\" data-object-fit=\"cover\" srcset=\"https:\/\/stiftungsmarktplatz.eu\/blog\/wp-content\/uploads\/2020\/02\/bienen-podcast-2.jpg 1000w, https:\/\/stiftungsmarktplatz.eu\/blog\/wp-content\/uploads\/2020\/02\/bienen-podcast-2-300x146.jpg 300w, https:\/\/stiftungsmarktplatz.eu\/blog\/wp-content\/uploads\/2020\/02\/bienen-podcast-2-768x372.jpg 768w, https:\/\/stiftungsmarktplatz.eu\/blog\/wp-content\/uploads\/2020\/02\/bienen-podcast-2-696x338.jpg 696w\" sizes=\"auto, (max-width: 1000px) 100vw, 1000px\" \/><div class=\"wp-block-cover__inner-container is-layout-flow wp-block-cover-is-layout-flow\">\n<div class=\"wp-block-image\"><figure class=\"aligncenter size-large\"><img loading=\"lazy\" decoding=\"async\" width=\"90\" height=\"90\" src=\"https:\/\/stiftungsmarktplatz.eu\/blog\/wp-content\/uploads\/2020\/02\/podcast-icon-90px.png\" alt=\"\" class=\"wp-image-95\"\/><\/figure><\/div>\n\n\n\n<h2 class=\"has-text-align-center has-text-color wp-block-heading\" style=\"color:#8b2e7d\"><strong>PODCAST<\/strong><br> \u201eDer Stiftungszweck das wertigere Ziel\u201c<\/h2>\n\n\n\n<figure class=\"wp-block-audio\"><audio controls src=\"https:\/\/stiftungenstaerken.podcaster.de\/download\/Podcast-Ahoi-NPO-Folge8-Klaus-Stuellenberg.mp3\"><\/audio><\/figure>\n<\/div><\/div>\n","protected":false},"excerpt":{"rendered":"<p><span class=\"span-reading-time rt-reading-time\" style=\"display: block;\"><span class=\"rt-label rt-prefix\">Lesezeit: <\/span> <span class=\"rt-time\"> &lt; 1<\/span> <span class=\"rt-label rt-postfix\">Minute<\/span><\/span>Durch den Corona-Crash d\u00fcrfte es in so manches Stiftungsverm\u00f6gen richtig reingeregnet haben, wie man so sch\u00f6n sagt. Mit Klaus St\u00fcllenberg von der St\u00fcllenberg-Stiftung (der im \u00dcbrigen f\u00fcr Fragen unter kontakt@stuellenberg-stiftung.de zu erreichen ist) sprach ich dar\u00fcber, was er inmitten des Corona-Crashs gemacht hat und wie er es beurteilt, dass so viele Stiftungen bei der Verwaltung ihres Stiftungsverm\u00f6gens immer wieder auf dem falschen Fu\u00df erwischt werden. Die Erkenntnis, dass Stiftungen ihre Ziele in der Kapitalanlage wom\u00f6glich falsch gewichten, ist nicht neu, aber sie jetzt post-Corona aktueller denn je.<\/p>\n","protected":false},"author":8,"featured_media":1129,"comment_status":"closed","ping_status":"open","sticky":false,"template":"","format":"standard","meta":{"ngg_post_thumbnail":0,"footnotes":""},"categories":[5],"tags":[16,26,27,28,112],"class_list":{"0":"post-1127","1":"post","2":"type-post","3":"status-publish","4":"format-standard","5":"has-post-thumbnail","7":"category-stiftungsvermoegen-und-stiftungsfonds","8":"tag-corona-crash","9":"tag-podcast","10":"tag-stiftungsvermoegen","11":"tag-kapitalanlage","12":"tag-freitags-podcast"},"yoast_head":"<!-- This site is optimized with the Yoast SEO plugin v27.4 - https:\/\/yoast.com\/product\/yoast-seo-wordpress\/ -->\n<title>Der Stiftungszweck das wertigere Ziel - Der Stiftungsblog f\u00fcr die Stiftungspraxis<\/title>\n<meta name=\"description\" content=\"Durch den Corona-Crash d\u00fcrfte es in so manches Stiftungsverm\u00f6gen richtig reingeregnet haben, wie man so sch\u00f6n sagt. Mit Klaus St\u00fcllenberg von der St\u00fcllenberg-Stiftung sprach ich dar\u00fcber, was er inmitten des Corona-Crashs gemacht hat und wie er es beurteilt, dass so viele Stiftungen bei der Verwaltung ihres Stiftungsverm\u00f6gens immer wieder auf dem falschen Fu\u00df erwischt werden.\" \/>\n<meta name=\"robots\" content=\"index, follow, max-snippet:-1, max-image-preview:large, max-video-preview:-1\" \/>\n<link rel=\"canonical\" href=\"https:\/\/stiftungsmarktplatz.eu\/blog\/der-stiftungszweck-das-wertigere-ziel\/\" \/>\n<meta property=\"og:locale\" content=\"de_DE\" \/>\n<meta property=\"og:type\" content=\"article\" \/>\n<meta property=\"og:title\" content=\"Der Stiftungszweck das wertigere Ziel - Der Stiftungsblog f\u00fcr die Stiftungspraxis\" \/>\n<meta property=\"og:description\" content=\"Durch den Corona-Crash d\u00fcrfte es in so manches Stiftungsverm\u00f6gen richtig reingeregnet haben, wie man so sch\u00f6n sagt. Mit Klaus St\u00fcllenberg von der St\u00fcllenberg-Stiftung sprach ich dar\u00fcber, was er inmitten des Corona-Crashs gemacht hat und wie er es beurteilt, dass so viele Stiftungen bei der Verwaltung ihres Stiftungsverm\u00f6gens immer wieder auf dem falschen Fu\u00df erwischt werden.\" \/>\n<meta property=\"og:url\" content=\"https:\/\/stiftungsmarktplatz.eu\/blog\/der-stiftungszweck-das-wertigere-ziel\/\" \/>\n<meta property=\"og:site_name\" content=\"Der Stiftungsblog f\u00fcr die Stiftungspraxis\" \/>\n<meta property=\"article:published_time\" content=\"2020-06-05T07:28:51+00:00\" \/>\n<meta property=\"article:modified_time\" content=\"2021-10-07T13:52:48+00:00\" \/>\n<meta property=\"og:image\" content=\"https:\/\/stiftungsmarktplatz.eu\/blog\/wp-content\/uploads\/2020\/06\/Podcast-AHOI-NPO-Folge-8-Der-Stiftungszweck-das-wertigere-Ziel.jpg\" \/>\n\t<meta property=\"og:image:width\" content=\"1200\" \/>\n\t<meta property=\"og:image:height\" content=\"675\" \/>\n\t<meta property=\"og:image:type\" content=\"image\/jpeg\" \/>\n<meta name=\"author\" content=\"Tobias Karow\" \/>\n<meta name=\"twitter:card\" content=\"summary_large_image\" \/>\n<meta name=\"twitter:label1\" content=\"Verfasst von\" \/>\n\t<meta name=\"twitter:data1\" content=\"Tobias Karow\" \/>\n\t<meta name=\"twitter:label2\" content=\"Gesch\u00e4tzte Lesezeit\" \/>\n\t<meta name=\"twitter:data2\" content=\"1\u00a0Minute\" \/>\n<script type=\"application\/ld+json\" class=\"yoast-schema-graph\">{\"@context\":\"https:\\\/\\\/schema.org\",\"@graph\":[{\"@type\":\"Article\",\"@id\":\"https:\\\/\\\/stiftungsmarktplatz.eu\\\/blog\\\/der-stiftungszweck-das-wertigere-ziel\\\/#article\",\"isPartOf\":{\"@id\":\"https:\\\/\\\/stiftungsmarktplatz.eu\\\/blog\\\/der-stiftungszweck-das-wertigere-ziel\\\/\"},\"author\":{\"name\":\"Tobias Karow\",\"@id\":\"https:\\\/\\\/stiftungsmarktplatz.eu\\\/blog\\\/#\\\/schema\\\/person\\\/3a42780bf87a2088578f1e8077ccfa44\"},\"headline\":\"Der Stiftungszweck das wertigere Ziel\",\"datePublished\":\"2020-06-05T07:28:51+00:00\",\"dateModified\":\"2021-10-07T13:52:48+00:00\",\"mainEntityOfPage\":{\"@id\":\"https:\\\/\\\/stiftungsmarktplatz.eu\\\/blog\\\/der-stiftungszweck-das-wertigere-ziel\\\/\"},\"wordCount\":109,\"publisher\":{\"@id\":\"https:\\\/\\\/stiftungsmarktplatz.eu\\\/blog\\\/#organization\"},\"image\":{\"@id\":\"https:\\\/\\\/stiftungsmarktplatz.eu\\\/blog\\\/der-stiftungszweck-das-wertigere-ziel\\\/#primaryimage\"},\"thumbnailUrl\":\"https:\\\/\\\/stiftungsmarktplatz.eu\\\/blog\\\/wp-content\\\/uploads\\\/2020\\\/06\\\/Podcast-AHOI-NPO-Folge-8-Der-Stiftungszweck-das-wertigere-Ziel.jpg\",\"keywords\":[\"Corona-Crash\",\"Podcast\",\"Stiftungsverm\u00f6gen\",\"Kapitalanlage\",\"FreitagsPodcast\"],\"articleSection\":[\"Stiftungsverm\u00f6gen &amp; Stiftungsfonds\"],\"inLanguage\":\"de\"},{\"@type\":\"WebPage\",\"@id\":\"https:\\\/\\\/stiftungsmarktplatz.eu\\\/blog\\\/der-stiftungszweck-das-wertigere-ziel\\\/\",\"url\":\"https:\\\/\\\/stiftungsmarktplatz.eu\\\/blog\\\/der-stiftungszweck-das-wertigere-ziel\\\/\",\"name\":\"Der Stiftungszweck das wertigere Ziel - Der Stiftungsblog f\u00fcr die Stiftungspraxis\",\"isPartOf\":{\"@id\":\"https:\\\/\\\/stiftungsmarktplatz.eu\\\/blog\\\/#website\"},\"primaryImageOfPage\":{\"@id\":\"https:\\\/\\\/stiftungsmarktplatz.eu\\\/blog\\\/der-stiftungszweck-das-wertigere-ziel\\\/#primaryimage\"},\"image\":{\"@id\":\"https:\\\/\\\/stiftungsmarktplatz.eu\\\/blog\\\/der-stiftungszweck-das-wertigere-ziel\\\/#primaryimage\"},\"thumbnailUrl\":\"https:\\\/\\\/stiftungsmarktplatz.eu\\\/blog\\\/wp-content\\\/uploads\\\/2020\\\/06\\\/Podcast-AHOI-NPO-Folge-8-Der-Stiftungszweck-das-wertigere-Ziel.jpg\",\"datePublished\":\"2020-06-05T07:28:51+00:00\",\"dateModified\":\"2021-10-07T13:52:48+00:00\",\"description\":\"Durch den Corona-Crash d\u00fcrfte es in so manches Stiftungsverm\u00f6gen richtig reingeregnet haben, wie man so sch\u00f6n sagt. Mit Klaus St\u00fcllenberg von der St\u00fcllenberg-Stiftung sprach ich dar\u00fcber, was er inmitten des Corona-Crashs gemacht hat und wie er es beurteilt, dass so viele Stiftungen bei der Verwaltung ihres Stiftungsverm\u00f6gens immer wieder auf dem falschen Fu\u00df erwischt werden.\",\"breadcrumb\":{\"@id\":\"https:\\\/\\\/stiftungsmarktplatz.eu\\\/blog\\\/der-stiftungszweck-das-wertigere-ziel\\\/#breadcrumb\"},\"inLanguage\":\"de\",\"potentialAction\":[{\"@type\":\"ReadAction\",\"target\":[\"https:\\\/\\\/stiftungsmarktplatz.eu\\\/blog\\\/der-stiftungszweck-das-wertigere-ziel\\\/\"]}]},{\"@type\":\"ImageObject\",\"inLanguage\":\"de\",\"@id\":\"https:\\\/\\\/stiftungsmarktplatz.eu\\\/blog\\\/der-stiftungszweck-das-wertigere-ziel\\\/#primaryimage\",\"url\":\"https:\\\/\\\/stiftungsmarktplatz.eu\\\/blog\\\/wp-content\\\/uploads\\\/2020\\\/06\\\/Podcast-AHOI-NPO-Folge-8-Der-Stiftungszweck-das-wertigere-Ziel.jpg\",\"contentUrl\":\"https:\\\/\\\/stiftungsmarktplatz.eu\\\/blog\\\/wp-content\\\/uploads\\\/2020\\\/06\\\/Podcast-AHOI-NPO-Folge-8-Der-Stiftungszweck-das-wertigere-Ziel.jpg\",\"width\":1200,\"height\":675,\"caption\":\"Podcast AHOI NPO Folge 8 - Der Stiftungszweck das wertigere Ziel\"},{\"@type\":\"BreadcrumbList\",\"@id\":\"https:\\\/\\\/stiftungsmarktplatz.eu\\\/blog\\\/der-stiftungszweck-das-wertigere-ziel\\\/#breadcrumb\",\"itemListElement\":[{\"@type\":\"ListItem\",\"position\":1,\"name\":\"Startseite\",\"item\":\"https:\\\/\\\/stiftungsmarktplatz.eu\\\/blog\\\/\"},{\"@type\":\"ListItem\",\"position\":2,\"name\":\"Der Stiftungszweck das wertigere Ziel\"}]},{\"@type\":\"WebSite\",\"@id\":\"https:\\\/\\\/stiftungsmarktplatz.eu\\\/blog\\\/#website\",\"url\":\"https:\\\/\\\/stiftungsmarktplatz.eu\\\/blog\\\/\",\"name\":\"Der Stiftungsblog f\u00fcr die Stiftungspraxis\",\"description\":\"#stiftungenst\u00e4rken - NPO-Expertise von NPO-Experten\",\"publisher\":{\"@id\":\"https:\\\/\\\/stiftungsmarktplatz.eu\\\/blog\\\/#organization\"},\"potentialAction\":[{\"@type\":\"SearchAction\",\"target\":{\"@type\":\"EntryPoint\",\"urlTemplate\":\"https:\\\/\\\/stiftungsmarktplatz.eu\\\/blog\\\/?s={search_term_string}\"},\"query-input\":{\"@type\":\"PropertyValueSpecification\",\"valueRequired\":true,\"valueName\":\"search_term_string\"}}],\"inLanguage\":\"de\"},{\"@type\":\"Organization\",\"@id\":\"https:\\\/\\\/stiftungsmarktplatz.eu\\\/blog\\\/#organization\",\"name\":\"stiftungsmarktplatz.eu GbR\",\"url\":\"https:\\\/\\\/stiftungsmarktplatz.eu\\\/blog\\\/\",\"logo\":{\"@type\":\"ImageObject\",\"inLanguage\":\"de\",\"@id\":\"https:\\\/\\\/stiftungsmarktplatz.eu\\\/blog\\\/#\\\/schema\\\/logo\\\/image\\\/\",\"url\":\"https:\\\/\\\/stiftungsmarktplatz.eu\\\/blog\\\/wp-content\\\/uploads\\\/2020\\\/03\\\/Logo-blog-retina.png\",\"contentUrl\":\"https:\\\/\\\/stiftungsmarktplatz.eu\\\/blog\\\/wp-content\\\/uploads\\\/2020\\\/03\\\/Logo-blog-retina.png\",\"width\":140,\"height\":130,\"caption\":\"stiftungsmarktplatz.eu GbR\"},\"image\":{\"@id\":\"https:\\\/\\\/stiftungsmarktplatz.eu\\\/blog\\\/#\\\/schema\\\/logo\\\/image\\\/\"},\"sameAs\":[\"https:\\\/\\\/www.linkedin.com\\\/company\\\/18563519\\\/\",\"https:\\\/\\\/www.youtube.com\\\/channel\\\/UCQrF6RQRFGxTokVV4nbx25Q\"]},{\"@type\":\"Person\",\"@id\":\"https:\\\/\\\/stiftungsmarktplatz.eu\\\/blog\\\/#\\\/schema\\\/person\\\/3a42780bf87a2088578f1e8077ccfa44\",\"name\":\"Tobias Karow\",\"image\":{\"@type\":\"ImageObject\",\"inLanguage\":\"de\",\"@id\":\"https:\\\/\\\/stiftungsmarktplatz.eu\\\/blog\\\/wp-content\\\/uploads\\\/2024\\\/05\\\/tobias-karow-2024-150x150.png\",\"url\":\"https:\\\/\\\/stiftungsmarktplatz.eu\\\/blog\\\/wp-content\\\/uploads\\\/2024\\\/05\\\/tobias-karow-2024-150x150.png\",\"contentUrl\":\"https:\\\/\\\/stiftungsmarktplatz.eu\\\/blog\\\/wp-content\\\/uploads\\\/2024\\\/05\\\/tobias-karow-2024-150x150.png\",\"caption\":\"Tobias Karow\"},\"description\":\"ist Gr\u00fcnder und Gesch\u00e4ftsf\u00fchrer von stiftungsmarktplatz.eu und im Stiftungswesen in Deutschland, \u00d6sterreich, der Schweiz und Liechtenstein seit 10 Jahren aktiv. Er ist Herausgeber der FondsFibel f\u00fcr Stiftungen &amp; NPOs, dem f\u00fchrenden Nachschlagewerk f\u00fcr Stiftungsfonds und stiftungsgeeignete Fonds (www.fondsfibel.de), Vortr\u00e4ge h\u00e4lt er vor allem zum Thema \u201aStiftungen und ihr Weg in die digitale Welt\u2018. F\u00fcr beide Themen betreibt er den Blog #stiftungenst\u00e4rken.\",\"sameAs\":[\"https:\\\/\\\/www.fondsfibel.de\"],\"url\":\"https:\\\/\\\/stiftungsmarktplatz.eu\\\/blog\\\/author\\\/tobias-karow\\\/\"}]}<\/script>\n<!-- \/ Yoast SEO plugin. -->","yoast_head_json":{"title":"Der Stiftungszweck das wertigere Ziel - Der Stiftungsblog f\u00fcr die Stiftungspraxis","description":"Durch den Corona-Crash d\u00fcrfte es in so manches Stiftungsverm\u00f6gen richtig reingeregnet haben, wie man so sch\u00f6n sagt. Mit Klaus St\u00fcllenberg von der St\u00fcllenberg-Stiftung sprach ich dar\u00fcber, was er inmitten des Corona-Crashs gemacht hat und wie er es beurteilt, dass so viele Stiftungen bei der Verwaltung ihres Stiftungsverm\u00f6gens immer wieder auf dem falschen Fu\u00df erwischt werden.","robots":{"index":"index","follow":"follow","max-snippet":"max-snippet:-1","max-image-preview":"max-image-preview:large","max-video-preview":"max-video-preview:-1"},"canonical":"https:\/\/stiftungsmarktplatz.eu\/blog\/der-stiftungszweck-das-wertigere-ziel\/","og_locale":"de_DE","og_type":"article","og_title":"Der Stiftungszweck das wertigere Ziel - Der Stiftungsblog f\u00fcr die Stiftungspraxis","og_description":"Durch den Corona-Crash d\u00fcrfte es in so manches Stiftungsverm\u00f6gen richtig reingeregnet haben, wie man so sch\u00f6n sagt. Mit Klaus St\u00fcllenberg von der St\u00fcllenberg-Stiftung sprach ich dar\u00fcber, was er inmitten des Corona-Crashs gemacht hat und wie er es beurteilt, dass so viele Stiftungen bei der Verwaltung ihres Stiftungsverm\u00f6gens immer wieder auf dem falschen Fu\u00df erwischt werden.","og_url":"https:\/\/stiftungsmarktplatz.eu\/blog\/der-stiftungszweck-das-wertigere-ziel\/","og_site_name":"Der Stiftungsblog f\u00fcr die Stiftungspraxis","article_published_time":"2020-06-05T07:28:51+00:00","article_modified_time":"2021-10-07T13:52:48+00:00","og_image":[{"width":1200,"height":675,"url":"https:\/\/stiftungsmarktplatz.eu\/blog\/wp-content\/uploads\/2020\/06\/Podcast-AHOI-NPO-Folge-8-Der-Stiftungszweck-das-wertigere-Ziel.jpg","type":"image\/jpeg"}],"author":"Tobias Karow","twitter_card":"summary_large_image","twitter_misc":{"Verfasst von":"Tobias Karow","Gesch\u00e4tzte Lesezeit":"1\u00a0Minute"},"schema":{"@context":"https:\/\/schema.org","@graph":[{"@type":"Article","@id":"https:\/\/stiftungsmarktplatz.eu\/blog\/der-stiftungszweck-das-wertigere-ziel\/#article","isPartOf":{"@id":"https:\/\/stiftungsmarktplatz.eu\/blog\/der-stiftungszweck-das-wertigere-ziel\/"},"author":{"name":"Tobias Karow","@id":"https:\/\/stiftungsmarktplatz.eu\/blog\/#\/schema\/person\/3a42780bf87a2088578f1e8077ccfa44"},"headline":"Der Stiftungszweck das wertigere Ziel","datePublished":"2020-06-05T07:28:51+00:00","dateModified":"2021-10-07T13:52:48+00:00","mainEntityOfPage":{"@id":"https:\/\/stiftungsmarktplatz.eu\/blog\/der-stiftungszweck-das-wertigere-ziel\/"},"wordCount":109,"publisher":{"@id":"https:\/\/stiftungsmarktplatz.eu\/blog\/#organization"},"image":{"@id":"https:\/\/stiftungsmarktplatz.eu\/blog\/der-stiftungszweck-das-wertigere-ziel\/#primaryimage"},"thumbnailUrl":"https:\/\/stiftungsmarktplatz.eu\/blog\/wp-content\/uploads\/2020\/06\/Podcast-AHOI-NPO-Folge-8-Der-Stiftungszweck-das-wertigere-Ziel.jpg","keywords":["Corona-Crash","Podcast","Stiftungsverm\u00f6gen","Kapitalanlage","FreitagsPodcast"],"articleSection":["Stiftungsverm\u00f6gen &amp; Stiftungsfonds"],"inLanguage":"de"},{"@type":"WebPage","@id":"https:\/\/stiftungsmarktplatz.eu\/blog\/der-stiftungszweck-das-wertigere-ziel\/","url":"https:\/\/stiftungsmarktplatz.eu\/blog\/der-stiftungszweck-das-wertigere-ziel\/","name":"Der Stiftungszweck das wertigere Ziel - Der Stiftungsblog f\u00fcr die Stiftungspraxis","isPartOf":{"@id":"https:\/\/stiftungsmarktplatz.eu\/blog\/#website"},"primaryImageOfPage":{"@id":"https:\/\/stiftungsmarktplatz.eu\/blog\/der-stiftungszweck-das-wertigere-ziel\/#primaryimage"},"image":{"@id":"https:\/\/stiftungsmarktplatz.eu\/blog\/der-stiftungszweck-das-wertigere-ziel\/#primaryimage"},"thumbnailUrl":"https:\/\/stiftungsmarktplatz.eu\/blog\/wp-content\/uploads\/2020\/06\/Podcast-AHOI-NPO-Folge-8-Der-Stiftungszweck-das-wertigere-Ziel.jpg","datePublished":"2020-06-05T07:28:51+00:00","dateModified":"2021-10-07T13:52:48+00:00","description":"Durch den Corona-Crash d\u00fcrfte es in so manches Stiftungsverm\u00f6gen richtig reingeregnet haben, wie man so sch\u00f6n sagt. Mit Klaus St\u00fcllenberg von der St\u00fcllenberg-Stiftung sprach ich dar\u00fcber, was er inmitten des Corona-Crashs gemacht hat und wie er es beurteilt, dass so viele Stiftungen bei der Verwaltung ihres Stiftungsverm\u00f6gens immer wieder auf dem falschen Fu\u00df erwischt werden.","breadcrumb":{"@id":"https:\/\/stiftungsmarktplatz.eu\/blog\/der-stiftungszweck-das-wertigere-ziel\/#breadcrumb"},"inLanguage":"de","potentialAction":[{"@type":"ReadAction","target":["https:\/\/stiftungsmarktplatz.eu\/blog\/der-stiftungszweck-das-wertigere-ziel\/"]}]},{"@type":"ImageObject","inLanguage":"de","@id":"https:\/\/stiftungsmarktplatz.eu\/blog\/der-stiftungszweck-das-wertigere-ziel\/#primaryimage","url":"https:\/\/stiftungsmarktplatz.eu\/blog\/wp-content\/uploads\/2020\/06\/Podcast-AHOI-NPO-Folge-8-Der-Stiftungszweck-das-wertigere-Ziel.jpg","contentUrl":"https:\/\/stiftungsmarktplatz.eu\/blog\/wp-content\/uploads\/2020\/06\/Podcast-AHOI-NPO-Folge-8-Der-Stiftungszweck-das-wertigere-Ziel.jpg","width":1200,"height":675,"caption":"Podcast AHOI NPO Folge 8 - Der Stiftungszweck das wertigere Ziel"},{"@type":"BreadcrumbList","@id":"https:\/\/stiftungsmarktplatz.eu\/blog\/der-stiftungszweck-das-wertigere-ziel\/#breadcrumb","itemListElement":[{"@type":"ListItem","position":1,"name":"Startseite","item":"https:\/\/stiftungsmarktplatz.eu\/blog\/"},{"@type":"ListItem","position":2,"name":"Der Stiftungszweck das wertigere Ziel"}]},{"@type":"WebSite","@id":"https:\/\/stiftungsmarktplatz.eu\/blog\/#website","url":"https:\/\/stiftungsmarktplatz.eu\/blog\/","name":"Der Stiftungsblog f\u00fcr die Stiftungspraxis","description":"#stiftungenst\u00e4rken - NPO-Expertise von NPO-Experten","publisher":{"@id":"https:\/\/stiftungsmarktplatz.eu\/blog\/#organization"},"potentialAction":[{"@type":"SearchAction","target":{"@type":"EntryPoint","urlTemplate":"https:\/\/stiftungsmarktplatz.eu\/blog\/?s={search_term_string}"},"query-input":{"@type":"PropertyValueSpecification","valueRequired":true,"valueName":"search_term_string"}}],"inLanguage":"de"},{"@type":"Organization","@id":"https:\/\/stiftungsmarktplatz.eu\/blog\/#organization","name":"stiftungsmarktplatz.eu GbR","url":"https:\/\/stiftungsmarktplatz.eu\/blog\/","logo":{"@type":"ImageObject","inLanguage":"de","@id":"https:\/\/stiftungsmarktplatz.eu\/blog\/#\/schema\/logo\/image\/","url":"https:\/\/stiftungsmarktplatz.eu\/blog\/wp-content\/uploads\/2020\/03\/Logo-blog-retina.png","contentUrl":"https:\/\/stiftungsmarktplatz.eu\/blog\/wp-content\/uploads\/2020\/03\/Logo-blog-retina.png","width":140,"height":130,"caption":"stiftungsmarktplatz.eu GbR"},"image":{"@id":"https:\/\/stiftungsmarktplatz.eu\/blog\/#\/schema\/logo\/image\/"},"sameAs":["https:\/\/www.linkedin.com\/company\/18563519\/","https:\/\/www.youtube.com\/channel\/UCQrF6RQRFGxTokVV4nbx25Q"]},{"@type":"Person","@id":"https:\/\/stiftungsmarktplatz.eu\/blog\/#\/schema\/person\/3a42780bf87a2088578f1e8077ccfa44","name":"Tobias Karow","image":{"@type":"ImageObject","inLanguage":"de","@id":"https:\/\/stiftungsmarktplatz.eu\/blog\/wp-content\/uploads\/2024\/05\/tobias-karow-2024-150x150.png","url":"https:\/\/stiftungsmarktplatz.eu\/blog\/wp-content\/uploads\/2024\/05\/tobias-karow-2024-150x150.png","contentUrl":"https:\/\/stiftungsmarktplatz.eu\/blog\/wp-content\/uploads\/2024\/05\/tobias-karow-2024-150x150.png","caption":"Tobias Karow"},"description":"ist Gr\u00fcnder und Gesch\u00e4ftsf\u00fchrer von stiftungsmarktplatz.eu und im Stiftungswesen in Deutschland, \u00d6sterreich, der Schweiz und Liechtenstein seit 10 Jahren aktiv. Er ist Herausgeber der FondsFibel f\u00fcr Stiftungen &amp; NPOs, dem f\u00fchrenden Nachschlagewerk f\u00fcr Stiftungsfonds und stiftungsgeeignete Fonds (www.fondsfibel.de), Vortr\u00e4ge h\u00e4lt er vor allem zum Thema \u201aStiftungen und ihr Weg in die digitale Welt\u2018. F\u00fcr beide Themen betreibt er den Blog #stiftungenst\u00e4rken.","sameAs":["https:\/\/www.fondsfibel.de"],"url":"https:\/\/stiftungsmarktplatz.eu\/blog\/author\/tobias-karow\/"}]}},"post_mailing_queue_ids":[],"_links":{"self":[{"href":"https:\/\/stiftungsmarktplatz.eu\/blog\/wp-json\/wp\/v2\/posts\/1127","targetHints":{"allow":["GET"]}}],"collection":[{"href":"https:\/\/stiftungsmarktplatz.eu\/blog\/wp-json\/wp\/v2\/posts"}],"about":[{"href":"https:\/\/stiftungsmarktplatz.eu\/blog\/wp-json\/wp\/v2\/types\/post"}],"author":[{"embeddable":true,"href":"https:\/\/stiftungsmarktplatz.eu\/blog\/wp-json\/wp\/v2\/users\/8"}],"replies":[{"embeddable":true,"href":"https:\/\/stiftungsmarktplatz.eu\/blog\/wp-json\/wp\/v2\/comments?post=1127"}],"version-history":[{"count":4,"href":"https:\/\/stiftungsmarktplatz.eu\/blog\/wp-json\/wp\/v2\/posts\/1127\/revisions"}],"predecessor-version":[{"id":2724,"href":"https:\/\/stiftungsmarktplatz.eu\/blog\/wp-json\/wp\/v2\/posts\/1127\/revisions\/2724"}],"wp:featuredmedia":[{"embeddable":true,"href":"https:\/\/stiftungsmarktplatz.eu\/blog\/wp-json\/wp\/v2\/media\/1129"}],"wp:attachment":[{"href":"https:\/\/stiftungsmarktplatz.eu\/blog\/wp-json\/wp\/v2\/media?parent=1127"}],"wp:term":[{"taxonomy":"category","embeddable":true,"href":"https:\/\/stiftungsmarktplatz.eu\/blog\/wp-json\/wp\/v2\/categories?post=1127"},{"taxonomy":"post_tag","embeddable":true,"href":"https:\/\/stiftungsmarktplatz.eu\/blog\/wp-json\/wp\/v2\/tags?post=1127"}],"curies":[{"name":"wp","href":"https:\/\/api.w.org\/{rel}","templated":true}]}}