{"id":1094,"date":"2020-06-02T11:48:16","date_gmt":"2020-06-02T09:48:16","guid":{"rendered":"https:\/\/stiftungsmarktplatz.eu\/blog\/?p=1094"},"modified":"2020-07-03T10:04:11","modified_gmt":"2020-07-03T08:04:11","slug":"digital-rocks","status":"publish","type":"post","link":"https:\/\/stiftungsmarktplatz.eu\/blog\/digital-rocks\/","title":{"rendered":"Digital rocks"},"content":{"rendered":"<span class=\"span-reading-time rt-reading-time\" style=\"display: block;\"><span class=\"rt-label rt-prefix\">Lesezeit: <\/span> <span class=\"rt-time\"> 6<\/span> <span class=\"rt-label rt-postfix\">Minuten<\/span><\/span>\n<p><em>Als wir die Idee f\u00fcr den Virtuellen Tag hatten, war das noch in einer Welt vor Corona. Der pers\u00f6nliche Austausch fand auf Veranstaltungen statt, man traf sich, besprach sich, der virtuelle Raum war einer zum Arbeiten, aber keiner f\u00fcr Events. F\u00fcr das Konzept zum Virtuellen Tag f\u00fcr das Stiftungsverm\u00f6gen wurden wir bel\u00e4chelt, \u201eso was braucht kein Mensch\u201c, hie\u00df es. Das ist 6 Monate her. Mittlerweile ist die Welt eine in der Corona-Krise und nach dem Corona-Crash, und pl\u00f6tzlich sind virtuelle Events spannend. Dabei haben wir 6 Dinge gelernt, die wir mit Stiftungen teilen m\u00f6chten.<\/em><\/p>\n\n\n\n<p>Wenn heute eine Stiftung ein Event organisiert, dann d\u00fcrfte das kein einfaches Unterfangen sein. Stiftungen sind ja als Eventveranstalter versiert, viele veranstalten zahlreiche Events pro Jahr, manche wiederum \u00fcberlegen sich, ob sie eine Veranstaltung im digitalen Raum durchf\u00fchren m\u00f6chten oder nicht. F\u00fcr alle Stiftungen gilt dabei, dass physische Veranstaltungen derzeit nicht oder kaum durchf\u00fchrbar sind, und dass mit den Verboten oder Einschr\u00e4nkungen allerlei Unsicherheit bez\u00fcglich der Planung verbunden ist. Ein digitales Event hat daher den Charme, dass es von solchen Parametern unbenommen bleibt, aber es sind auch einige Dinge, die es dabei zu beachten gilt. F\u00fcr unseren Virtuellen Tag f\u00fcr das Stiftungsverm\u00f6gen ging das schon los, als wir uns f\u00fcr das Format zu entscheiden hatten. Lassen wir Webinare aufeinander abfolgen, oder filmen wir Diskussionen live im Studio, das waren Fragen, die auftauchten. Wir entschieden uns f\u00fcr den Stream, denn Stiftungen ganz einfach \u00fcber einen Klick auf Rechner, Handy oder Tablet verfolgen k\u00f6nnen. Aber aus Stiftungssicht d\u00fcrften es zun\u00e4chst andere Erkenntnisse sein, die f\u00fcr ein virtuelles Event sprechen.<\/p>\n\n\n\n<h2 class=\"wp-block-heading\">1) SCHLANKNESS<\/h2>\n\n\n\n<p>Ein virtuelles Event ist schlank, und zwar sowohl f\u00fcr Veranstalter als auch f\u00fcr Besucher. Der Veranstalter spart sich viel Aufwand f\u00fcr Location und Catering, der Besucher muss sich allenfalls registrieren und kann dann die Inhalte einfach an Rechner oder Handy nachverfolgen, dort wo er sich eben gerade aufh\u00e4lt. Es spart ihn Reisen-, Aufenthalts- und Anmeldekosten, in der Regel kommt hier schon ordentlich was zusammen. Ebenfalls bewegt sich der Besucher weitestgehend anonym auf der Veranstaltung und muss sich keine Gespr\u00e4che aufzwingen lassen. Das mag f\u00fcr Stiftungsverantwortliche ein ganz ordentlicher Vorteil eines digitalen Events sein.<\/p>\n\n\n\n<h2 class=\"wp-block-heading\">2) AUFH\u00c4NGER<\/h2>\n\n\n\n<p>Ein virtuelles Event braucht einen Aufh\u00e4nger. Ohne einen klar definierten Aufh\u00e4nger, ohne ein klares Profil also, d\u00fcrfte ein digitales Event nur wenig Interesse erzeugen. Es muss der Nutzen bzw. der Nutzwert f\u00fcr den Besucher im Vordergrund stehen, die Nutzwerte sind im Internet das, worum es sich dreht. Der Aufh\u00e4nger orientiert sich immer am Ziel der Veranstaltung, was ich also erreichen m\u00f6chte. Wir mit unserem virtuellen Tag f\u00fcr das Stiftungsverm\u00f6gen m\u00f6chte Stiftungen die Kapitalanlage betreffend pr\u00e4parieren und inspirieren, mit konkreten Anregungen. Darum geht es uns, und um diesen Aufh\u00e4nger herum haben wir den #VTFDS2020 konzipiert und gef\u00fcllt.<\/p>\n\n\n\n<h2 class=\"wp-block-heading\">3) INHALT<\/h2>\n\n\n\n<p>Eng mit dem Aufh\u00e4nger verbunden ist der Inhalt. Ohne gute Inhalte ist heute alles nichts. Einfach nur etwas vorstellen oder verkaufen, das wird nicht funktionieren, auch Stiftungen w\u00fcrden sich mit solch einem Setup sehr schwertun. Der Inhalt steht an erster Stelle, und hier sind es die Protagonisten, mit denen man das Programm bestreiten will. Einfach nur irgendjemanden irgendwas erz\u00e4hlen zu lassen, das zieht keinen Besucher an den Rechner. Daher braucht es Referenten, um die herum man die Inhalte konzipiert. Und bei diesen Inhalten stehen die Nutzwerte im Vordergrund allen Bem\u00fchens. Au\u00dferdem gilt es, unique Inhalte zu schaffen. Es gibt ja derzeit Webinar an Webinar von Finanzh\u00e4usern, hier ist man nach dem sechsten Webinar geschafft, weil die Einsch\u00e4tzungen der vorherigen f\u00fcnf Webinare komplett ins Gegenteil verkehrt wurden. Hier erkennen Sie den Fehler rasch. Es stand nicht der Nutzer im Fokus, sondern das Verbreiten der Information.<\/p>\n\n\n\n<h2 class=\"wp-block-heading\">4)<strong> <\/strong>KOMMUNIKATION<\/h2>\n\n\n\n<p>Auch ohne Kommunikation vorab ist heute alles nichts. Auch eine Stiftungsveranstaltung sollte vorab etwas Welle machen, es sollten Pressemitteilungen versandt und andere Multiplikatoren gefunden werden. Vor allem aber sollte der potentielle Besucher relativ oft etwas zum Event h\u00f6ren. ZU warten, dass die Ank\u00fcndigung allein schon Nutzer auf die Seite ziehen wird, ist im Internetzeitalter ein Irrglaube. Entsprechend braucht es auch noch den einen oder anderen Euro, den ich ggf. in gezielte Internetwerbung einbringen kann, denn der Charme des Internets ist ja, dass ich Nutzer ggf. gegen Aufpreis ziemlich genau ansprechen kann.<\/p>\n\n\n\n<h2 class=\"wp-block-heading\">5) MICROSITE<\/h2>\n\n\n\n<p>Jede Veranstaltung braucht, wenn sie relevant sein soll, eine eigene Microsite. Dort sind alle Programmpunkte und weiteren Informationen enthalten. Zum #VTFDS2020 haben wir <a href=\"http:\/\/www.vtfds2020.de\" target=\"_blank\" rel=\"noreferrer noopener\">www.vtfds2020.de<\/a> eingerichtet, dort sind alle Programmpunkte, Referenten und sonstigen Inhalte zur Veranstaltung hinterlegt. Derlei ist wichtig, weil die Veranstaltung dann direkt ein anderes Relevanzlevel erreicht, und f\u00fcr eine Stiftungsveranstaltung, die ja \u00f6fter stattfinden sollte, ist solch eine Microsite auch eine weitere Referenz im Netz. Die Microsite zum Event hat auch den Vorzug, dass sich Nutzer schon mal auf Ihrem Internetauftritt verlieren, sie also insgesamt sichtbarer werden mit Ihrer Stiftungsarbeit. <strong><br><\/strong><\/p>\n\n\n\n<h2 class=\"wp-block-heading\">6) NACHBEREITUNG<\/h2>\n\n\n\n<p>Kein Event ohne Nachbereitung. Die Schw\u00e4chen an vielen Events sind ja, dass sie stattfinden und der Besucher dann nie wieder was vom Veranstalter h\u00f6rt. Genau hier sollten Stiftungen ansetzen und die Inhalte der Veranstaltung im Nachhinein verf\u00fcgbar halten. F\u00fcr den #VTFDS2020 werden wir alle Inhalte in kleinen Portionen f\u00fcr Stiftungen bereithalten, und diese Inhalte auch vertextlichen, einfach weil die Anregungen f\u00fcr die Praxis nachhallen sollen, und weil es uns ein Anliegen ist, Stiftungen hier \u00fcber den Tag hinaus effektiv zu unterst\u00fctzen. Nachbereitung setzt aber Ressourcen voraus, das ist mir jetzt schon klar, und diese sollten schon vorab entsprechend einkalkuliert werden. Denn wer die Nachbereitung vier Wochen nach dem Event beginnt, der verschenkt schon ordentlich etwas von dem Momentum, was ein Event f\u00fcr eine Stiftung durchaus aufbauen kann. Nat\u00fcrlich, wir wissen auch nicht, ob unser Ansatz f\u00fcr den Virtuellen Tag f\u00fcr das Stiftungsverm\u00f6gen so verf\u00e4ngt wie wir uns das w\u00fcnschen, entsprechend l\u00e4sst sich nicht sagen, ob Stiftungen ihre Events g\u00e4nzlich im virtuellen Raum stattfinden lassen sollten. Denn am pers\u00f6nlichen Gespr\u00e4ch kommen Stiftungen nicht vorbei, dies steht \u00fcber Allem. Aber es durchzudenken, ob hier und da solch ein virtuelles Event nicht vielleicht sogar mehr Mehrwert stiftet als ein konventionelles, das kann auch post-Corona sinnvoll sein. Darauf heben auch einige der ReferentInnen und Unterst\u00fctzerInnen des #VTFDS2020 ab.<\/p>\n\n\n\n<div class=\"wp-block-image\"><figure class=\"aligncenter size-large\"><img loading=\"lazy\" decoding=\"async\" width=\"120\" height=\"120\" src=\"https:\/\/stiftungsmarktplatz.eu\/blog\/wp-content\/uploads\/2020\/06\/Birgit-Nupens.png\" alt=\"\" class=\"wp-image-1097\"\/><\/figure><\/div>\n\n\n\n<p class=\"has-text-align-center\"><strong>Birgit Nupens<\/strong> <br>Bezirksregierung Detmold, Stiftungsaufsicht<br>\u201eDigitale Austauschformate k\u00f6nnen im Zeitalter der Digitalisierung ein Medium der Zukunft sein, denn schon Franz Kafka sagte Wege entstehen dadurch, dass man sie geht.\u201c<\/p>\n\n\n\n<div class=\"wp-block-image\"><figure class=\"aligncenter size-large\"><img loading=\"lazy\" decoding=\"async\" width=\"120\" height=\"120\" src=\"https:\/\/stiftungsmarktplatz.eu\/blog\/wp-content\/uploads\/2020\/06\/Thomas-Schiffelmann.png\" alt=\"\" class=\"wp-image-1099\"\/><\/figure><\/div>\n\n\n\n<p class=\"has-text-align-center\"><strong>Thomas Schiffelmann<\/strong> <br>Leiter Marketing Handicap International<br>\u201eDigitalisierung ist kein Selbstzweck, sondern sie macht es Stiftungen m\u00f6glich, sich professioneller und zeitgem\u00e4\u00dfer zu organisieren. Digitale Formate wie der #VTFDS2020 helfen Stiftungen zudem mit konkreten Anregungen f\u00fcr die Praxis. Diesen Transfer braucht es, und deshalb sind wir hier mit dabei.\u201c<\/p>\n\n\n\n<div class=\"wp-block-image\"><figure class=\"aligncenter size-large\"><img loading=\"lazy\" decoding=\"async\" width=\"120\" height=\"120\" src=\"https:\/\/stiftungsmarktplatz.eu\/blog\/wp-content\/uploads\/2020\/06\/Ruth-Williams.png\" alt=\"\" class=\"wp-image-1100\"\/><\/figure><\/div>\n\n\n\n<p class=\"has-text-align-center\"><strong>Ruth Williams<\/strong><br>Generalsekret\u00e4rin Verband f\u00fcr gemeinn\u00fctziges Stiften<br>\u201eGemeinn\u00fctzig aktive Stiftungen sind unverzichtbare Partner*innen f\u00fcr den dritten Sektor. Dabei sind sie teils selbst und mit ihren Mitarbeiter*innen von den Auswirkungen der Pandemie betroffen. Angesichts der Lage auf den Kapitalm\u00e4rkten herrscht auch Sorge um den Verm\u00f6genserhalt und damit einhergehende Handlungsf\u00e4higkeit bei der Weiterf\u00fchrung von Unterst\u00fctzungsleistungen. Umso wichtiger ist es mit vereinten Kr\u00e4ften das Thema Stiftungsverm\u00f6gen zu beleuchten und gemeinsam nachhaltige L\u00f6sungen weiterzudenken.\u201c<\/p>\n\n\n\n<div class=\"wp-block-image\"><figure class=\"aligncenter size-large\"><img loading=\"lazy\" decoding=\"async\" width=\"120\" height=\"120\" src=\"https:\/\/stiftungsmarktplatz.eu\/blog\/wp-content\/uploads\/2020\/06\/Larissa-Probst.png\" alt=\"\" class=\"wp-image-1101\"\/><\/figure><\/div>\n\n\n\n<p class=\"has-text-align-center\"><strong>Larissa Probst<\/strong><br>Gesch\u00e4ftsf\u00fchrerin Deutscher Fundraising Verband<br>\u201eNachhaltiges Fundraising zu unterst\u00fctzen und umzusetzen sichert die Zukunft des gemeinn\u00fctzigen Sektors. Hierbei spielt die digitale Welt eine gro\u00dfe Rolle, weshalb auch Initiativen wie der #VTFDS2020 so wichtig sind.\u201c<\/p>\n\n\n\n<div class=\"wp-block-image\"><figure class=\"aligncenter size-large\"><img loading=\"lazy\" decoding=\"async\" width=\"120\" height=\"120\" src=\"https:\/\/stiftungsmarktplatz.eu\/blog\/wp-content\/uploads\/2020\/06\/Manfred-Wieland.png\" alt=\"\" class=\"wp-image-1103\"\/><\/figure><\/div>\n\n\n\n<p class=\"has-text-align-center\"><strong>Manfred Wieland<\/strong><br>Gr\u00fcnder Stiftung Nextgen<br>\u201eDigitalisierung ist ein Zukunftsmodell auch f\u00fcr Stiftungen. Die damit verbundene Transparenz und Unterst\u00fctzung des Managements speziell auch f\u00fcr Verm\u00f6gensfragen f\u00fchren zu einer Veredelung der Stiftung. Daher sind wir beim #VTFDS2020 mit an Bord.\u201c<\/p>\n\n\n\n<h2 class=\"wp-block-heading\">ZUSAMMENGEFASST<\/h2>\n\n\n\n<p>Digitale Events oder Events im virtuellen Raum hatten bis vor 6 Monaten kaum eine Chance, \u00fcberhaupt in die Denkr\u00e4ume von Stiftungen durchzudringen. Und ganz ehrlich: Mir ging es ganz \u00e4hnlich, ein virtuelles Event war f\u00fcr mich plastikhaft und etwas K\u00fcnstliches, das was es an Effektivit\u00e4t zu viel hat, hat es an Emotionalit\u00e4t zu wenig. So dachte ich jedenfalls, weil ich auch exakt dieses Feedback zum Konzept f\u00fcr den #VTFDS2020 bekommen hatte. Sechs Monate sp\u00e4ter ist die Welt eine andere, sie ist eine, in der auch Stiftungen den Charme digitaler Events zu sch\u00e4tzen lernen und verstehen, dass solche Formate aus anderen Beweggr\u00fcnden heraus ein sehr griffiges Werkzeug etwa in der Spendergewinnung f\u00fcr sie sein k\u00f6nnen. Die 6 Dinge, die wir gelernt haben, stellen zwar schon gewisse H\u00fcrden dar, andererseits wachsen auch Stiftungen an ihren Herausforderungen.<\/p>\n","protected":false},"excerpt":{"rendered":"<p><span class=\"span-reading-time rt-reading-time\" style=\"display: block;\"><span class=\"rt-label rt-prefix\">Lesezeit: <\/span> <span class=\"rt-time\"> 6<\/span> <span class=\"rt-label rt-postfix\">Minuten<\/span><\/span>Als wir die Idee f\u00fcr den Virtuellen Tag hatten, war das noch in einer Welt vor Corona. Der pers\u00f6nliche Austausch fand auf Veranstaltungen statt, man traf sich, besprach sich, der virtuelle Raum war einer zum Arbeiten, aber keiner f\u00fcr Events. F\u00fcr das Konzept zum Virtuellen Tag f\u00fcr das Stiftungsverm\u00f6gen wurden wir bel\u00e4chelt, \u201eso was braucht kein Mensch\u201c, hie\u00df es. Das ist 6 Monate her. Mittlerweile ist die Welt eine in der Corona-Krise und nach dem Corona-Crash, und pl\u00f6tzlich sind virtuelle Events spannend. Dabei haben wir 6 Dinge gelernt, die wir mit Stiftungen teilen m\u00f6chten.<\/p>\n","protected":false},"author":8,"featured_media":1095,"comment_status":"closed","ping_status":"open","sticky":false,"template":"","format":"standard","meta":{"ngg_post_thumbnail":0,"footnotes":""},"categories":[6],"tags":[18,19,27,32,44,73],"class_list":{"0":"post-1094","1":"post","2":"type-post","3":"status-publish","4":"format-standard","5":"has-post-thumbnail","7":"category-stiftungskommunikation-und-ki","8":"tag-corona-krise","9":"tag-stiftungen","10":"tag-stiftungsvermoegen","11":"tag-digitale-kommunikation","12":"tag-veranstaltung","13":"tag-virtuelles-event"},"yoast_head":"<!-- This site is optimized with the Yoast SEO plugin v27.4 - https:\/\/yoast.com\/product\/yoast-seo-wordpress\/ -->\n<title>Digital rocks - Der Stiftungsblog f\u00fcr die Stiftungspraxis<\/title>\n<meta name=\"description\" content=\"Als wir die Idee f\u00fcr den Virtuellen Tag hatten, war das noch in einer Welt vor Corona. Der pers\u00f6nliche Austausch fand auf Veranstaltungen statt, man traf sich, besprach sich, der virtuelle Raum war einer zum Arbeiten, aber keiner f\u00fcr Events. F\u00fcr das Konzept zum Virtuellen Tag f\u00fcr das Stiftungsverm\u00f6gen wurden wir bel\u00e4chelt, \u201eso was braucht kein Mensch\u201c, hie\u00df es. Das ist 6 Monate her. Mittlerweile ist die Welt eine in der Corona-Krise und nach dem Corona-Crash, und pl\u00f6tzlich sind virtuelle Events spannend.\" \/>\n<meta name=\"robots\" content=\"index, follow, max-snippet:-1, max-image-preview:large, max-video-preview:-1\" \/>\n<link rel=\"canonical\" href=\"https:\/\/stiftungsmarktplatz.eu\/blog\/digital-rocks\/\" \/>\n<meta property=\"og:locale\" content=\"de_DE\" \/>\n<meta property=\"og:type\" content=\"article\" \/>\n<meta property=\"og:title\" content=\"Digital rocks - Der Stiftungsblog f\u00fcr die Stiftungspraxis\" \/>\n<meta property=\"og:description\" content=\"Als wir die Idee f\u00fcr den Virtuellen Tag hatten, war das noch in einer Welt vor Corona. Der pers\u00f6nliche Austausch fand auf Veranstaltungen statt, man traf sich, besprach sich, der virtuelle Raum war einer zum Arbeiten, aber keiner f\u00fcr Events. F\u00fcr das Konzept zum Virtuellen Tag f\u00fcr das Stiftungsverm\u00f6gen wurden wir bel\u00e4chelt, \u201eso was braucht kein Mensch\u201c, hie\u00df es. Das ist 6 Monate her. Mittlerweile ist die Welt eine in der Corona-Krise und nach dem Corona-Crash, und pl\u00f6tzlich sind virtuelle Events spannend.\" \/>\n<meta property=\"og:url\" content=\"https:\/\/stiftungsmarktplatz.eu\/blog\/digital-rocks\/\" \/>\n<meta property=\"og:site_name\" content=\"Der Stiftungsblog f\u00fcr die Stiftungspraxis\" \/>\n<meta property=\"article:published_time\" content=\"2020-06-02T09:48:16+00:00\" \/>\n<meta property=\"article:modified_time\" content=\"2020-07-03T08:04:11+00:00\" \/>\n<meta property=\"og:image\" content=\"https:\/\/stiftungsmarktplatz.eu\/blog\/wp-content\/uploads\/2020\/06\/Digital-rocks.jpg\" \/>\n\t<meta property=\"og:image:width\" content=\"1200\" \/>\n\t<meta property=\"og:image:height\" content=\"675\" \/>\n\t<meta property=\"og:image:type\" content=\"image\/jpeg\" \/>\n<meta name=\"author\" content=\"Tobias Karow\" \/>\n<meta name=\"twitter:card\" content=\"summary_large_image\" \/>\n<meta name=\"twitter:label1\" content=\"Verfasst von\" \/>\n\t<meta name=\"twitter:data1\" content=\"Tobias Karow\" \/>\n\t<meta name=\"twitter:label2\" content=\"Gesch\u00e4tzte Lesezeit\" \/>\n\t<meta name=\"twitter:data2\" content=\"7\u00a0Minuten\" \/>\n<script type=\"application\/ld+json\" class=\"yoast-schema-graph\">{\"@context\":\"https:\\\/\\\/schema.org\",\"@graph\":[{\"@type\":\"Article\",\"@id\":\"https:\\\/\\\/stiftungsmarktplatz.eu\\\/blog\\\/digital-rocks\\\/#article\",\"isPartOf\":{\"@id\":\"https:\\\/\\\/stiftungsmarktplatz.eu\\\/blog\\\/digital-rocks\\\/\"},\"author\":{\"name\":\"Tobias Karow\",\"@id\":\"https:\\\/\\\/stiftungsmarktplatz.eu\\\/blog\\\/#\\\/schema\\\/person\\\/3a42780bf87a2088578f1e8077ccfa44\"},\"headline\":\"Digital rocks\",\"datePublished\":\"2020-06-02T09:48:16+00:00\",\"dateModified\":\"2020-07-03T08:04:11+00:00\",\"mainEntityOfPage\":{\"@id\":\"https:\\\/\\\/stiftungsmarktplatz.eu\\\/blog\\\/digital-rocks\\\/\"},\"wordCount\":1467,\"publisher\":{\"@id\":\"https:\\\/\\\/stiftungsmarktplatz.eu\\\/blog\\\/#organization\"},\"image\":{\"@id\":\"https:\\\/\\\/stiftungsmarktplatz.eu\\\/blog\\\/digital-rocks\\\/#primaryimage\"},\"thumbnailUrl\":\"https:\\\/\\\/stiftungsmarktplatz.eu\\\/blog\\\/wp-content\\\/uploads\\\/2020\\\/06\\\/Digital-rocks.jpg\",\"keywords\":[\"Corona-Krise\",\"Stiftungen\",\"Stiftungsverm\u00f6gen\",\"digitale Kommunikation\",\"Veranstaltung\",\"virtuelles Event\"],\"articleSection\":[\"Stiftungskommunikation und KI\"],\"inLanguage\":\"de\"},{\"@type\":\"WebPage\",\"@id\":\"https:\\\/\\\/stiftungsmarktplatz.eu\\\/blog\\\/digital-rocks\\\/\",\"url\":\"https:\\\/\\\/stiftungsmarktplatz.eu\\\/blog\\\/digital-rocks\\\/\",\"name\":\"Digital rocks - Der Stiftungsblog f\u00fcr die Stiftungspraxis\",\"isPartOf\":{\"@id\":\"https:\\\/\\\/stiftungsmarktplatz.eu\\\/blog\\\/#website\"},\"primaryImageOfPage\":{\"@id\":\"https:\\\/\\\/stiftungsmarktplatz.eu\\\/blog\\\/digital-rocks\\\/#primaryimage\"},\"image\":{\"@id\":\"https:\\\/\\\/stiftungsmarktplatz.eu\\\/blog\\\/digital-rocks\\\/#primaryimage\"},\"thumbnailUrl\":\"https:\\\/\\\/stiftungsmarktplatz.eu\\\/blog\\\/wp-content\\\/uploads\\\/2020\\\/06\\\/Digital-rocks.jpg\",\"datePublished\":\"2020-06-02T09:48:16+00:00\",\"dateModified\":\"2020-07-03T08:04:11+00:00\",\"description\":\"Als wir die Idee f\u00fcr den Virtuellen Tag hatten, war das noch in einer Welt vor Corona. Der pers\u00f6nliche Austausch fand auf Veranstaltungen statt, man traf sich, besprach sich, der virtuelle Raum war einer zum Arbeiten, aber keiner f\u00fcr Events. F\u00fcr das Konzept zum Virtuellen Tag f\u00fcr das Stiftungsverm\u00f6gen wurden wir bel\u00e4chelt, \u201eso was braucht kein Mensch\u201c, hie\u00df es. Das ist 6 Monate her. Mittlerweile ist die Welt eine in der Corona-Krise und nach dem Corona-Crash, und pl\u00f6tzlich sind virtuelle Events spannend.\",\"breadcrumb\":{\"@id\":\"https:\\\/\\\/stiftungsmarktplatz.eu\\\/blog\\\/digital-rocks\\\/#breadcrumb\"},\"inLanguage\":\"de\",\"potentialAction\":[{\"@type\":\"ReadAction\",\"target\":[\"https:\\\/\\\/stiftungsmarktplatz.eu\\\/blog\\\/digital-rocks\\\/\"]}]},{\"@type\":\"ImageObject\",\"inLanguage\":\"de\",\"@id\":\"https:\\\/\\\/stiftungsmarktplatz.eu\\\/blog\\\/digital-rocks\\\/#primaryimage\",\"url\":\"https:\\\/\\\/stiftungsmarktplatz.eu\\\/blog\\\/wp-content\\\/uploads\\\/2020\\\/06\\\/Digital-rocks.jpg\",\"contentUrl\":\"https:\\\/\\\/stiftungsmarktplatz.eu\\\/blog\\\/wp-content\\\/uploads\\\/2020\\\/06\\\/Digital-rocks.jpg\",\"width\":1200,\"height\":675,\"caption\":\"Digital rocks\"},{\"@type\":\"BreadcrumbList\",\"@id\":\"https:\\\/\\\/stiftungsmarktplatz.eu\\\/blog\\\/digital-rocks\\\/#breadcrumb\",\"itemListElement\":[{\"@type\":\"ListItem\",\"position\":1,\"name\":\"Startseite\",\"item\":\"https:\\\/\\\/stiftungsmarktplatz.eu\\\/blog\\\/\"},{\"@type\":\"ListItem\",\"position\":2,\"name\":\"Digital rocks\"}]},{\"@type\":\"WebSite\",\"@id\":\"https:\\\/\\\/stiftungsmarktplatz.eu\\\/blog\\\/#website\",\"url\":\"https:\\\/\\\/stiftungsmarktplatz.eu\\\/blog\\\/\",\"name\":\"Der Stiftungsblog f\u00fcr die Stiftungspraxis\",\"description\":\"#stiftungenst\u00e4rken - NPO-Expertise von NPO-Experten\",\"publisher\":{\"@id\":\"https:\\\/\\\/stiftungsmarktplatz.eu\\\/blog\\\/#organization\"},\"potentialAction\":[{\"@type\":\"SearchAction\",\"target\":{\"@type\":\"EntryPoint\",\"urlTemplate\":\"https:\\\/\\\/stiftungsmarktplatz.eu\\\/blog\\\/?s={search_term_string}\"},\"query-input\":{\"@type\":\"PropertyValueSpecification\",\"valueRequired\":true,\"valueName\":\"search_term_string\"}}],\"inLanguage\":\"de\"},{\"@type\":\"Organization\",\"@id\":\"https:\\\/\\\/stiftungsmarktplatz.eu\\\/blog\\\/#organization\",\"name\":\"stiftungsmarktplatz.eu GbR\",\"url\":\"https:\\\/\\\/stiftungsmarktplatz.eu\\\/blog\\\/\",\"logo\":{\"@type\":\"ImageObject\",\"inLanguage\":\"de\",\"@id\":\"https:\\\/\\\/stiftungsmarktplatz.eu\\\/blog\\\/#\\\/schema\\\/logo\\\/image\\\/\",\"url\":\"https:\\\/\\\/stiftungsmarktplatz.eu\\\/blog\\\/wp-content\\\/uploads\\\/2020\\\/03\\\/Logo-blog-retina.png\",\"contentUrl\":\"https:\\\/\\\/stiftungsmarktplatz.eu\\\/blog\\\/wp-content\\\/uploads\\\/2020\\\/03\\\/Logo-blog-retina.png\",\"width\":140,\"height\":130,\"caption\":\"stiftungsmarktplatz.eu GbR\"},\"image\":{\"@id\":\"https:\\\/\\\/stiftungsmarktplatz.eu\\\/blog\\\/#\\\/schema\\\/logo\\\/image\\\/\"},\"sameAs\":[\"https:\\\/\\\/www.linkedin.com\\\/company\\\/18563519\\\/\",\"https:\\\/\\\/www.youtube.com\\\/channel\\\/UCQrF6RQRFGxTokVV4nbx25Q\"]},{\"@type\":\"Person\",\"@id\":\"https:\\\/\\\/stiftungsmarktplatz.eu\\\/blog\\\/#\\\/schema\\\/person\\\/3a42780bf87a2088578f1e8077ccfa44\",\"name\":\"Tobias Karow\",\"image\":{\"@type\":\"ImageObject\",\"inLanguage\":\"de\",\"@id\":\"https:\\\/\\\/stiftungsmarktplatz.eu\\\/blog\\\/wp-content\\\/uploads\\\/2024\\\/05\\\/tobias-karow-2024-150x150.png\",\"url\":\"https:\\\/\\\/stiftungsmarktplatz.eu\\\/blog\\\/wp-content\\\/uploads\\\/2024\\\/05\\\/tobias-karow-2024-150x150.png\",\"contentUrl\":\"https:\\\/\\\/stiftungsmarktplatz.eu\\\/blog\\\/wp-content\\\/uploads\\\/2024\\\/05\\\/tobias-karow-2024-150x150.png\",\"caption\":\"Tobias Karow\"},\"description\":\"ist Gr\u00fcnder und Gesch\u00e4ftsf\u00fchrer von stiftungsmarktplatz.eu und im Stiftungswesen in Deutschland, \u00d6sterreich, der Schweiz und Liechtenstein seit 10 Jahren aktiv. Er ist Herausgeber der FondsFibel f\u00fcr Stiftungen &amp; NPOs, dem f\u00fchrenden Nachschlagewerk f\u00fcr Stiftungsfonds und stiftungsgeeignete Fonds (www.fondsfibel.de), Vortr\u00e4ge h\u00e4lt er vor allem zum Thema \u201aStiftungen und ihr Weg in die digitale Welt\u2018. F\u00fcr beide Themen betreibt er den Blog #stiftungenst\u00e4rken.\",\"sameAs\":[\"https:\\\/\\\/www.fondsfibel.de\"],\"url\":\"https:\\\/\\\/stiftungsmarktplatz.eu\\\/blog\\\/author\\\/tobias-karow\\\/\"}]}<\/script>\n<!-- \/ Yoast SEO plugin. -->","yoast_head_json":{"title":"Digital rocks - Der Stiftungsblog f\u00fcr die Stiftungspraxis","description":"Als wir die Idee f\u00fcr den Virtuellen Tag hatten, war das noch in einer Welt vor Corona. Der pers\u00f6nliche Austausch fand auf Veranstaltungen statt, man traf sich, besprach sich, der virtuelle Raum war einer zum Arbeiten, aber keiner f\u00fcr Events. F\u00fcr das Konzept zum Virtuellen Tag f\u00fcr das Stiftungsverm\u00f6gen wurden wir bel\u00e4chelt, \u201eso was braucht kein Mensch\u201c, hie\u00df es. Das ist 6 Monate her. Mittlerweile ist die Welt eine in der Corona-Krise und nach dem Corona-Crash, und pl\u00f6tzlich sind virtuelle Events spannend.","robots":{"index":"index","follow":"follow","max-snippet":"max-snippet:-1","max-image-preview":"max-image-preview:large","max-video-preview":"max-video-preview:-1"},"canonical":"https:\/\/stiftungsmarktplatz.eu\/blog\/digital-rocks\/","og_locale":"de_DE","og_type":"article","og_title":"Digital rocks - Der Stiftungsblog f\u00fcr die Stiftungspraxis","og_description":"Als wir die Idee f\u00fcr den Virtuellen Tag hatten, war das noch in einer Welt vor Corona. Der pers\u00f6nliche Austausch fand auf Veranstaltungen statt, man traf sich, besprach sich, der virtuelle Raum war einer zum Arbeiten, aber keiner f\u00fcr Events. F\u00fcr das Konzept zum Virtuellen Tag f\u00fcr das Stiftungsverm\u00f6gen wurden wir bel\u00e4chelt, \u201eso was braucht kein Mensch\u201c, hie\u00df es. Das ist 6 Monate her. Mittlerweile ist die Welt eine in der Corona-Krise und nach dem Corona-Crash, und pl\u00f6tzlich sind virtuelle Events spannend.","og_url":"https:\/\/stiftungsmarktplatz.eu\/blog\/digital-rocks\/","og_site_name":"Der Stiftungsblog f\u00fcr die Stiftungspraxis","article_published_time":"2020-06-02T09:48:16+00:00","article_modified_time":"2020-07-03T08:04:11+00:00","og_image":[{"width":1200,"height":675,"url":"https:\/\/stiftungsmarktplatz.eu\/blog\/wp-content\/uploads\/2020\/06\/Digital-rocks.jpg","type":"image\/jpeg"}],"author":"Tobias Karow","twitter_card":"summary_large_image","twitter_misc":{"Verfasst von":"Tobias Karow","Gesch\u00e4tzte Lesezeit":"7\u00a0Minuten"},"schema":{"@context":"https:\/\/schema.org","@graph":[{"@type":"Article","@id":"https:\/\/stiftungsmarktplatz.eu\/blog\/digital-rocks\/#article","isPartOf":{"@id":"https:\/\/stiftungsmarktplatz.eu\/blog\/digital-rocks\/"},"author":{"name":"Tobias Karow","@id":"https:\/\/stiftungsmarktplatz.eu\/blog\/#\/schema\/person\/3a42780bf87a2088578f1e8077ccfa44"},"headline":"Digital rocks","datePublished":"2020-06-02T09:48:16+00:00","dateModified":"2020-07-03T08:04:11+00:00","mainEntityOfPage":{"@id":"https:\/\/stiftungsmarktplatz.eu\/blog\/digital-rocks\/"},"wordCount":1467,"publisher":{"@id":"https:\/\/stiftungsmarktplatz.eu\/blog\/#organization"},"image":{"@id":"https:\/\/stiftungsmarktplatz.eu\/blog\/digital-rocks\/#primaryimage"},"thumbnailUrl":"https:\/\/stiftungsmarktplatz.eu\/blog\/wp-content\/uploads\/2020\/06\/Digital-rocks.jpg","keywords":["Corona-Krise","Stiftungen","Stiftungsverm\u00f6gen","digitale Kommunikation","Veranstaltung","virtuelles Event"],"articleSection":["Stiftungskommunikation und KI"],"inLanguage":"de"},{"@type":"WebPage","@id":"https:\/\/stiftungsmarktplatz.eu\/blog\/digital-rocks\/","url":"https:\/\/stiftungsmarktplatz.eu\/blog\/digital-rocks\/","name":"Digital rocks - Der Stiftungsblog f\u00fcr die Stiftungspraxis","isPartOf":{"@id":"https:\/\/stiftungsmarktplatz.eu\/blog\/#website"},"primaryImageOfPage":{"@id":"https:\/\/stiftungsmarktplatz.eu\/blog\/digital-rocks\/#primaryimage"},"image":{"@id":"https:\/\/stiftungsmarktplatz.eu\/blog\/digital-rocks\/#primaryimage"},"thumbnailUrl":"https:\/\/stiftungsmarktplatz.eu\/blog\/wp-content\/uploads\/2020\/06\/Digital-rocks.jpg","datePublished":"2020-06-02T09:48:16+00:00","dateModified":"2020-07-03T08:04:11+00:00","description":"Als wir die Idee f\u00fcr den Virtuellen Tag hatten, war das noch in einer Welt vor Corona. Der pers\u00f6nliche Austausch fand auf Veranstaltungen statt, man traf sich, besprach sich, der virtuelle Raum war einer zum Arbeiten, aber keiner f\u00fcr Events. F\u00fcr das Konzept zum Virtuellen Tag f\u00fcr das Stiftungsverm\u00f6gen wurden wir bel\u00e4chelt, \u201eso was braucht kein Mensch\u201c, hie\u00df es. Das ist 6 Monate her. Mittlerweile ist die Welt eine in der Corona-Krise und nach dem Corona-Crash, und pl\u00f6tzlich sind virtuelle Events spannend.","breadcrumb":{"@id":"https:\/\/stiftungsmarktplatz.eu\/blog\/digital-rocks\/#breadcrumb"},"inLanguage":"de","potentialAction":[{"@type":"ReadAction","target":["https:\/\/stiftungsmarktplatz.eu\/blog\/digital-rocks\/"]}]},{"@type":"ImageObject","inLanguage":"de","@id":"https:\/\/stiftungsmarktplatz.eu\/blog\/digital-rocks\/#primaryimage","url":"https:\/\/stiftungsmarktplatz.eu\/blog\/wp-content\/uploads\/2020\/06\/Digital-rocks.jpg","contentUrl":"https:\/\/stiftungsmarktplatz.eu\/blog\/wp-content\/uploads\/2020\/06\/Digital-rocks.jpg","width":1200,"height":675,"caption":"Digital rocks"},{"@type":"BreadcrumbList","@id":"https:\/\/stiftungsmarktplatz.eu\/blog\/digital-rocks\/#breadcrumb","itemListElement":[{"@type":"ListItem","position":1,"name":"Startseite","item":"https:\/\/stiftungsmarktplatz.eu\/blog\/"},{"@type":"ListItem","position":2,"name":"Digital rocks"}]},{"@type":"WebSite","@id":"https:\/\/stiftungsmarktplatz.eu\/blog\/#website","url":"https:\/\/stiftungsmarktplatz.eu\/blog\/","name":"Der Stiftungsblog f\u00fcr die Stiftungspraxis","description":"#stiftungenst\u00e4rken - NPO-Expertise von NPO-Experten","publisher":{"@id":"https:\/\/stiftungsmarktplatz.eu\/blog\/#organization"},"potentialAction":[{"@type":"SearchAction","target":{"@type":"EntryPoint","urlTemplate":"https:\/\/stiftungsmarktplatz.eu\/blog\/?s={search_term_string}"},"query-input":{"@type":"PropertyValueSpecification","valueRequired":true,"valueName":"search_term_string"}}],"inLanguage":"de"},{"@type":"Organization","@id":"https:\/\/stiftungsmarktplatz.eu\/blog\/#organization","name":"stiftungsmarktplatz.eu GbR","url":"https:\/\/stiftungsmarktplatz.eu\/blog\/","logo":{"@type":"ImageObject","inLanguage":"de","@id":"https:\/\/stiftungsmarktplatz.eu\/blog\/#\/schema\/logo\/image\/","url":"https:\/\/stiftungsmarktplatz.eu\/blog\/wp-content\/uploads\/2020\/03\/Logo-blog-retina.png","contentUrl":"https:\/\/stiftungsmarktplatz.eu\/blog\/wp-content\/uploads\/2020\/03\/Logo-blog-retina.png","width":140,"height":130,"caption":"stiftungsmarktplatz.eu GbR"},"image":{"@id":"https:\/\/stiftungsmarktplatz.eu\/blog\/#\/schema\/logo\/image\/"},"sameAs":["https:\/\/www.linkedin.com\/company\/18563519\/","https:\/\/www.youtube.com\/channel\/UCQrF6RQRFGxTokVV4nbx25Q"]},{"@type":"Person","@id":"https:\/\/stiftungsmarktplatz.eu\/blog\/#\/schema\/person\/3a42780bf87a2088578f1e8077ccfa44","name":"Tobias Karow","image":{"@type":"ImageObject","inLanguage":"de","@id":"https:\/\/stiftungsmarktplatz.eu\/blog\/wp-content\/uploads\/2024\/05\/tobias-karow-2024-150x150.png","url":"https:\/\/stiftungsmarktplatz.eu\/blog\/wp-content\/uploads\/2024\/05\/tobias-karow-2024-150x150.png","contentUrl":"https:\/\/stiftungsmarktplatz.eu\/blog\/wp-content\/uploads\/2024\/05\/tobias-karow-2024-150x150.png","caption":"Tobias Karow"},"description":"ist Gr\u00fcnder und Gesch\u00e4ftsf\u00fchrer von stiftungsmarktplatz.eu und im Stiftungswesen in Deutschland, \u00d6sterreich, der Schweiz und Liechtenstein seit 10 Jahren aktiv. Er ist Herausgeber der FondsFibel f\u00fcr Stiftungen &amp; NPOs, dem f\u00fchrenden Nachschlagewerk f\u00fcr Stiftungsfonds und stiftungsgeeignete Fonds (www.fondsfibel.de), Vortr\u00e4ge h\u00e4lt er vor allem zum Thema \u201aStiftungen und ihr Weg in die digitale Welt\u2018. F\u00fcr beide Themen betreibt er den Blog #stiftungenst\u00e4rken.","sameAs":["https:\/\/www.fondsfibel.de"],"url":"https:\/\/stiftungsmarktplatz.eu\/blog\/author\/tobias-karow\/"}]}},"post_mailing_queue_ids":[],"_links":{"self":[{"href":"https:\/\/stiftungsmarktplatz.eu\/blog\/wp-json\/wp\/v2\/posts\/1094","targetHints":{"allow":["GET"]}}],"collection":[{"href":"https:\/\/stiftungsmarktplatz.eu\/blog\/wp-json\/wp\/v2\/posts"}],"about":[{"href":"https:\/\/stiftungsmarktplatz.eu\/blog\/wp-json\/wp\/v2\/types\/post"}],"author":[{"embeddable":true,"href":"https:\/\/stiftungsmarktplatz.eu\/blog\/wp-json\/wp\/v2\/users\/8"}],"replies":[{"embeddable":true,"href":"https:\/\/stiftungsmarktplatz.eu\/blog\/wp-json\/wp\/v2\/comments?post=1094"}],"version-history":[{"count":6,"href":"https:\/\/stiftungsmarktplatz.eu\/blog\/wp-json\/wp\/v2\/posts\/1094\/revisions"}],"predecessor-version":[{"id":1106,"href":"https:\/\/stiftungsmarktplatz.eu\/blog\/wp-json\/wp\/v2\/posts\/1094\/revisions\/1106"}],"wp:featuredmedia":[{"embeddable":true,"href":"https:\/\/stiftungsmarktplatz.eu\/blog\/wp-json\/wp\/v2\/media\/1095"}],"wp:attachment":[{"href":"https:\/\/stiftungsmarktplatz.eu\/blog\/wp-json\/wp\/v2\/media?parent=1094"}],"wp:term":[{"taxonomy":"category","embeddable":true,"href":"https:\/\/stiftungsmarktplatz.eu\/blog\/wp-json\/wp\/v2\/categories?post=1094"},{"taxonomy":"post_tag","embeddable":true,"href":"https:\/\/stiftungsmarktplatz.eu\/blog\/wp-json\/wp\/v2\/tags?post=1094"}],"curies":[{"name":"wp","href":"https:\/\/api.w.org\/{rel}","templated":true}]}}