{"id":1083,"date":"2020-05-27T09:42:57","date_gmt":"2020-05-27T07:42:57","guid":{"rendered":"https:\/\/stiftungsmarktplatz.eu\/blog\/?p=1083"},"modified":"2020-07-03T13:06:49","modified_gmt":"2020-07-03T11:06:49","slug":"kamera-laeuft","status":"publish","type":"post","link":"https:\/\/stiftungsmarktplatz.eu\/blog\/kamera-laeuft\/","title":{"rendered":"Kamera l\u00e4uft"},"content":{"rendered":"<span class=\"span-reading-time rt-reading-time\" style=\"display: block;\"><span class=\"rt-label rt-prefix\">Lesezeit: <\/span> <span class=\"rt-time\"> 3<\/span> <span class=\"rt-label rt-postfix\">Minuten<\/span><\/span>\n<p><em>Vielleicht haben Sie vor Ihrem geistigen Auge die in vielen Dokumentationen zitierte Szene parat, als Richard Nixon im TV-Duell mit John F. Kennedy kurz auf die Uhr schaute. Es war der Moment als der W\u00e4hler sich f\u00fcr Kennedy entschied, es war der Moment, als die Kraft der bewegten Bilder zum Faktor im Wahlkampf in den USA wurde. Mittlerweile kann jeder, auch jeder Verantwortliche in Stiftungen, das bewegte Bild daf\u00fcr nutzen, kleine Clips drehen und auf Plattformen ver\u00f6ffentlichen. Es war nie so einfach, die Kraft des Bewegtbildes auch etwa im Fundraising f\u00fcr sich zu nutzen \u2013 und doch auch nie so schwer.<\/em><\/p>\n\n\n\n<p>Mit Videos eine Geschichte zu erz\u00e4hlen, das ist heute relativ niedrigschwellig m\u00f6glich. Als Ausr\u00fcstung braucht es 1) ein Handy, 2) ein Stativ, 3) ein Mikrofon und 4) vielleicht noch etwas Software, um beispielsweise eine Bauchbinde hinzuzuf\u00fcgen. Derlei kann wirklich jede Stiftung anschaffen, zur Not kauft der Stiftungsvorstand Stativ und Mikro selber. Der Charme eines Videos ist auch recht einfach zu erschlie\u00dfen. Es gibt wohl wenig authentischere Erz\u00e4hlm\u00f6glichkeiten als das bewegte Bild. Der Stiftungsvorstand, der gerade im Projekt steht und seine Eindr\u00fccke f\u00fcr die Spender der Stiftung quasi live schildert, das ist durch keinen Text und keine Pressemitteilung zu toppen. Vor allem kann das Video vormittags aufgenommen und nachmittags ver\u00f6ffentlicht werden. Die Geschwindigkeit, mit der eine Geschichte aus einem Projekt auf den Tisch des Unterst\u00fctzers oder Spender wandert, das ist eine neue Qualit\u00e4t in der Ansprache der \u00d6ffentlichkeit. Das machen sich einige wenige Stiftungen auch zu Nutze, es sollten eigentlich mehr Stiftungen sein \u2013 denn der Nutzen liegt auf der Hand.<\/p>\n\n\n\n<h2 class=\"wp-block-heading\">OLLE KAMELLE VS. COOLES TEIL<\/h2>\n\n\n\n<p>War ich als Stiftung bisher arg analog unterwegs, \u00fcberspringe ich vielleicht mit einem coolen Video gleich mal drei vier Versuche, mit Texten wenigstens eine Hand voll neue Unterst\u00fctzer f\u00fcr meine Stiftung zu begeistern. Videos setzen zudem langsamer einen Bart an, ein Text ist schnell in der Suchblade \u201eOlle Kamelle\u201c abgelegt, weil die dort recherchierten Fakten und Daten vielleicht schon von der Aktualit\u00e4t \u00fcberholt werden. So verh\u00e4lt es sich ja beispielsweise mit dem Jahresbericht einer Stiftung. Dieser wird ver\u00f6ffentlicht, weit nachdem das dort Niedergeschriebene passiert ist, vieles im Jahresbericht ist zum Zeitpunkt der Ver\u00f6ffentlichung schon wieder ganz anders. Ein Video, vormittags aufgenommen mit zwei drei pr\u00e4gnanten Aussagen zu den Wirkketten eines Projekts und nachmittags ver\u00f6ffentlicht, das setzt so schnell keinen Bart an und wirkt weit \u00fcber den Tag hinaus aktuell. Vor allem wenn die Stiftung vielleicht auch erl\u00e4utert, welche H\u00fcrden sie erfolgreich genommen hat. Denn das zeigt den Weg auf, und den wollen potentielle Spender doch schon gerne mal nachvollziehen.<\/p>\n\n\n\n<h2 class=\"wp-block-heading\">BEWEGTBILD MACHT KURATORIEN HANDLUNGSF\u00c4HIGER<\/h2>\n\n\n\n<p>Das bewegte Bild wird nun in Zeiten der Corona-Krise auch zum Kanal, sich auszutauschen und auch um zu arbeiten. Videokonferenzen sind en vogue, auch Stiftungen erkennen den Wert, den ein schnelles Videotelefonat hat, um sich mit einem Kollegen oder Spender rasch zu besprechen. Das Ganze ist in wenigen Minuten aufgesetzt, eine Einladung wird verschickt, der Gegen\u00fcber nimmt diese Einladung an und schon geht es los. In der Regel braucht es nicht einmal Kopfh\u00f6rer mit Mikrofon, weil alles bereits im Rechner vorinstalliert ist. Schon toll, diese digitale Welt mit ihren extrem effizienten M\u00f6glichkeiten. Stiftungen k\u00f6nnten ausgehend davon an ihren Prozessen arbeiten, so beispielsweise das Kuratorium nur deshalb einmal im Jahr tagt, weil die Mitglieder des Kuratoriums \u00fcber die Republik verstreut leben und eben nur an einem Tag im Jahr zusammengetrommelt werden k\u00f6nnen. Und die Liebe Telko ist auch nicht das Gelbe vom Ei. Hier entfaltet dann eine Videokonferenz enorme Mehrwerte, macht das Abstimmen zu einem schlanken Prozess und erh\u00f6ht gleichzeitig die Handlungsf\u00e4higkeit der Gremien.<\/p>\n\n\n\n<h2 class=\"wp-block-heading\">VIDEOKURS F\u00dcRS VIDEOBENIMM<\/h2>\n\n\n\n<p>F\u00fcr fundraisende Stiftungen kann das Format Videokonferenz auch enorme Vorteile mit sich bringen, wenn die Beschr\u00e4nkungen f\u00fcr Veranstaltungen weiterhin bestehen bleiben. Das Wichtigste ist f\u00fcr Fundraiser daher im Moment das Arbeiten von Zuhause. Manche k\u00f6nnen es schon gut, einige tun sich schwer und andere sind gar nicht daf\u00fcr geeignet oder die organisatorischen Voraussetzungen lassen es nicht zu. Viel wird jetzt und in Zukunft via Videokonferenzen und Telefonkonferenzen erledigt werden. Und da man hier schon mal ins Fettn\u00e4pfchen treten, wenn man nicht wei\u00df, wie man sich vor der Kamera verh\u00e4lt, haben wir ein besonderes Schmankerl f\u00fcr alle Fundraiser parat. Wir konnten die aus Film und Fernsehen bekannte Yvonne de Bark f\u00fcr den Videokurs \u201eSOUVER\u00c4N AUFTRETEN IN EINER VIDEOKONFERENZ\u201c gewinnen, der in 22 Lektionen zeigt, auf was es bei Videokonferenzen ankommt. Angefangen beim Setting \u00fcber das Licht und den Bildausschnitt bis hin zu K\u00f6rpersprache und den No Go\u2019s kann hier der perfekte Auftritt im Video gelernt werden.<br><br><strong>Und so geht\u2019s:<\/strong><br>1) Sie bestellen bitte Ihr <strong>Video<\/strong> unter: <a rel=\"noreferrer noopener\" href=\"https:\/\/kurse.yvonnedebark.de\/videokonferenz?wpam_id=3\" target=\"_blank\"><strong>https:\/\/kurse.yvonnedebark.de\/videokonferenz?wpam_id=3<\/strong><\/a><br>2) Sie geben den <strong>Gutscheincode: Munichfundraisingschool <\/strong>ein<br>3) Sie erhalten einen Preisnachlass auf den Normalpreis f\u00fcr den Videokurs, statt 79 EUR zahlen soziale Organisationen, freiberufliche Fundraiser und Fundraiser-Dienstleister nur 44 EUR.<\/p>\n\n\n\n<h2 class=\"wp-block-heading\">ZUSAMMENGEFASST<\/h2>\n\n\n\n<p>Das Thema Bewegtbild wird Stiftungen auch und vor allem im Fundraising k\u00fcnftig st\u00e4rker besch\u00e4ftigen. Der Wert des bewegten Bildes ist nahezu unschlagbar, vorausgesetzt man wei\u00df um die Klippen, die es zu umschiffen gilt. Hier hilft der gesunde Menschenverstand, aber auch der Videokurs von Yvonne de Bark. Es kann sich lohnen, sich auf diese Zukunft professionell vorzubereiten. Letztlich sind es bewegte Zeiten, in denen sich Stiftungen bewegen und bewegen werden, und das bewegte Bild wird k\u00fcnftig fester Bestandteil dieses Alltags sein. Fragen Sie mal Richard Nixon.<br><\/p>\n","protected":false},"excerpt":{"rendered":"<p><span class=\"span-reading-time rt-reading-time\" style=\"display: block;\"><span class=\"rt-label rt-prefix\">Lesezeit: <\/span> <span class=\"rt-time\"> 3<\/span> <span class=\"rt-label rt-postfix\">Minuten<\/span><\/span>Vielleicht haben Sie vor Ihrem geistigen Auge die in vielen Dokumentationen zitierte Szene parat, als Richard Nixon im TV-Duell mit John F. Kennedy kurz auf die Uhr schaute. Es war der Moment als der W\u00e4hler sich f\u00fcr Kennedy entschied, es war der Moment, als die Kraft der bewegten Bilder zum Faktor im Wahlkampf in den USA wurde. Mittlerweile kann jeder, auch jeder Verantwortliche in Stiftungen, das bewegte Bild daf\u00fcr nutzen, kleine Clips drehen und auf Plattformen ver\u00f6ffentlichen. Es war nie so einfach, die Kraft des Bewegtbildes auch etwa im Fundraising f\u00fcr sich zu nutzen \u2013 und doch auch nie so schwer.<\/p>\n","protected":false},"author":3,"featured_media":1085,"comment_status":"closed","ping_status":"open","sticky":false,"template":"","format":"standard","meta":{"ngg_post_thumbnail":0,"footnotes":""},"categories":[6],"tags":[17,18,19,32],"class_list":{"0":"post-1083","1":"post","2":"type-post","3":"status-publish","4":"format-standard","5":"has-post-thumbnail","7":"category-stiftungskommunikation-und-ki","8":"tag-fundraising","9":"tag-corona-krise","10":"tag-stiftungen","11":"tag-digitale-kommunikation"},"yoast_head":"<!-- This site is optimized with the Yoast SEO plugin v27.4 - https:\/\/yoast.com\/product\/yoast-seo-wordpress\/ -->\n<title>Kamera l\u00e4uft - Der Stiftungsblog f\u00fcr die Stiftungspraxis<\/title>\n<meta name=\"description\" content=\"Vielleicht haben Sie vor Ihrem geistigen Auge die in vielen Dokumentationen zitierte Szene parat, als Richard Nixon im TV-Duell mit John F. Kennedy kurz auf die Uhr schaute. Es war der Moment als der W\u00e4hler sich f\u00fcr Kennedy entschied, es war der Moment, als die Kraft der bewegten Bilder zum Faktor im Wahlkampf in den USA wurde. Mittlerweile kann jeder, auch jeder Verantwortliche in Stiftungen, das bewegte Bild daf\u00fcr nutzen.\" \/>\n<meta name=\"robots\" content=\"index, follow, max-snippet:-1, max-image-preview:large, max-video-preview:-1\" \/>\n<link rel=\"canonical\" href=\"https:\/\/stiftungsmarktplatz.eu\/blog\/kamera-laeuft\/\" \/>\n<meta property=\"og:locale\" content=\"de_DE\" \/>\n<meta property=\"og:type\" content=\"article\" \/>\n<meta property=\"og:title\" content=\"Kamera l\u00e4uft - Der Stiftungsblog f\u00fcr die Stiftungspraxis\" \/>\n<meta property=\"og:description\" content=\"Vielleicht haben Sie vor Ihrem geistigen Auge die in vielen Dokumentationen zitierte Szene parat, als Richard Nixon im TV-Duell mit John F. Kennedy kurz auf die Uhr schaute. Es war der Moment als der W\u00e4hler sich f\u00fcr Kennedy entschied, es war der Moment, als die Kraft der bewegten Bilder zum Faktor im Wahlkampf in den USA wurde. Mittlerweile kann jeder, auch jeder Verantwortliche in Stiftungen, das bewegte Bild daf\u00fcr nutzen.\" \/>\n<meta property=\"og:url\" content=\"https:\/\/stiftungsmarktplatz.eu\/blog\/kamera-laeuft\/\" \/>\n<meta property=\"og:site_name\" content=\"Der Stiftungsblog f\u00fcr die Stiftungspraxis\" \/>\n<meta property=\"article:published_time\" content=\"2020-05-27T07:42:57+00:00\" \/>\n<meta property=\"article:modified_time\" content=\"2020-07-03T11:06:49+00:00\" \/>\n<meta property=\"og:image\" content=\"https:\/\/stiftungsmarktplatz.eu\/blog\/wp-content\/uploads\/2020\/05\/Teaserbild-Kamera-laeuft.jpg\" \/>\n\t<meta property=\"og:image:width\" content=\"1200\" \/>\n\t<meta property=\"og:image:height\" content=\"675\" \/>\n\t<meta property=\"og:image:type\" content=\"image\/jpeg\" \/>\n<meta name=\"author\" content=\"Ursula Becker-Peloso\" \/>\n<meta name=\"twitter:card\" content=\"summary_large_image\" \/>\n<meta name=\"twitter:label1\" content=\"Verfasst von\" \/>\n\t<meta name=\"twitter:data1\" content=\"Ursula Becker-Peloso\" \/>\n\t<meta name=\"twitter:label2\" content=\"Gesch\u00e4tzte Lesezeit\" \/>\n\t<meta name=\"twitter:data2\" content=\"5\u00a0Minuten\" \/>\n<script type=\"application\/ld+json\" class=\"yoast-schema-graph\">{\"@context\":\"https:\\\/\\\/schema.org\",\"@graph\":[{\"@type\":\"Article\",\"@id\":\"https:\\\/\\\/stiftungsmarktplatz.eu\\\/blog\\\/kamera-laeuft\\\/#article\",\"isPartOf\":{\"@id\":\"https:\\\/\\\/stiftungsmarktplatz.eu\\\/blog\\\/kamera-laeuft\\\/\"},\"author\":{\"name\":\"Ursula Becker-Peloso\",\"@id\":\"https:\\\/\\\/stiftungsmarktplatz.eu\\\/blog\\\/#\\\/schema\\\/person\\\/7368a8b5b3d312a9797187af9c4c636f\"},\"headline\":\"Kamera l\u00e4uft\",\"datePublished\":\"2020-05-27T07:42:57+00:00\",\"dateModified\":\"2020-07-03T11:06:49+00:00\",\"mainEntityOfPage\":{\"@id\":\"https:\\\/\\\/stiftungsmarktplatz.eu\\\/blog\\\/kamera-laeuft\\\/\"},\"wordCount\":930,\"publisher\":{\"@id\":\"https:\\\/\\\/stiftungsmarktplatz.eu\\\/blog\\\/#organization\"},\"image\":{\"@id\":\"https:\\\/\\\/stiftungsmarktplatz.eu\\\/blog\\\/kamera-laeuft\\\/#primaryimage\"},\"thumbnailUrl\":\"https:\\\/\\\/stiftungsmarktplatz.eu\\\/blog\\\/wp-content\\\/uploads\\\/2020\\\/05\\\/Teaserbild-Kamera-laeuft.jpg\",\"keywords\":[\"Fundraising\",\"Corona-Krise\",\"Stiftungen\",\"digitale Kommunikation\"],\"articleSection\":[\"Stiftungskommunikation und KI\"],\"inLanguage\":\"de\"},{\"@type\":\"WebPage\",\"@id\":\"https:\\\/\\\/stiftungsmarktplatz.eu\\\/blog\\\/kamera-laeuft\\\/\",\"url\":\"https:\\\/\\\/stiftungsmarktplatz.eu\\\/blog\\\/kamera-laeuft\\\/\",\"name\":\"Kamera l\u00e4uft - Der Stiftungsblog f\u00fcr die Stiftungspraxis\",\"isPartOf\":{\"@id\":\"https:\\\/\\\/stiftungsmarktplatz.eu\\\/blog\\\/#website\"},\"primaryImageOfPage\":{\"@id\":\"https:\\\/\\\/stiftungsmarktplatz.eu\\\/blog\\\/kamera-laeuft\\\/#primaryimage\"},\"image\":{\"@id\":\"https:\\\/\\\/stiftungsmarktplatz.eu\\\/blog\\\/kamera-laeuft\\\/#primaryimage\"},\"thumbnailUrl\":\"https:\\\/\\\/stiftungsmarktplatz.eu\\\/blog\\\/wp-content\\\/uploads\\\/2020\\\/05\\\/Teaserbild-Kamera-laeuft.jpg\",\"datePublished\":\"2020-05-27T07:42:57+00:00\",\"dateModified\":\"2020-07-03T11:06:49+00:00\",\"description\":\"Vielleicht haben Sie vor Ihrem geistigen Auge die in vielen Dokumentationen zitierte Szene parat, als Richard Nixon im TV-Duell mit John F. Kennedy kurz auf die Uhr schaute. Es war der Moment als der W\u00e4hler sich f\u00fcr Kennedy entschied, es war der Moment, als die Kraft der bewegten Bilder zum Faktor im Wahlkampf in den USA wurde. Mittlerweile kann jeder, auch jeder Verantwortliche in Stiftungen, das bewegte Bild daf\u00fcr nutzen.\",\"breadcrumb\":{\"@id\":\"https:\\\/\\\/stiftungsmarktplatz.eu\\\/blog\\\/kamera-laeuft\\\/#breadcrumb\"},\"inLanguage\":\"de\",\"potentialAction\":[{\"@type\":\"ReadAction\",\"target\":[\"https:\\\/\\\/stiftungsmarktplatz.eu\\\/blog\\\/kamera-laeuft\\\/\"]}]},{\"@type\":\"ImageObject\",\"inLanguage\":\"de\",\"@id\":\"https:\\\/\\\/stiftungsmarktplatz.eu\\\/blog\\\/kamera-laeuft\\\/#primaryimage\",\"url\":\"https:\\\/\\\/stiftungsmarktplatz.eu\\\/blog\\\/wp-content\\\/uploads\\\/2020\\\/05\\\/Teaserbild-Kamera-laeuft.jpg\",\"contentUrl\":\"https:\\\/\\\/stiftungsmarktplatz.eu\\\/blog\\\/wp-content\\\/uploads\\\/2020\\\/05\\\/Teaserbild-Kamera-laeuft.jpg\",\"width\":1200,\"height\":675,\"caption\":\"Kamera l\u00e4uft\"},{\"@type\":\"BreadcrumbList\",\"@id\":\"https:\\\/\\\/stiftungsmarktplatz.eu\\\/blog\\\/kamera-laeuft\\\/#breadcrumb\",\"itemListElement\":[{\"@type\":\"ListItem\",\"position\":1,\"name\":\"Startseite\",\"item\":\"https:\\\/\\\/stiftungsmarktplatz.eu\\\/blog\\\/\"},{\"@type\":\"ListItem\",\"position\":2,\"name\":\"Kamera l\u00e4uft\"}]},{\"@type\":\"WebSite\",\"@id\":\"https:\\\/\\\/stiftungsmarktplatz.eu\\\/blog\\\/#website\",\"url\":\"https:\\\/\\\/stiftungsmarktplatz.eu\\\/blog\\\/\",\"name\":\"Der Stiftungsblog f\u00fcr die Stiftungspraxis\",\"description\":\"#stiftungenst\u00e4rken - NPO-Expertise von NPO-Experten\",\"publisher\":{\"@id\":\"https:\\\/\\\/stiftungsmarktplatz.eu\\\/blog\\\/#organization\"},\"potentialAction\":[{\"@type\":\"SearchAction\",\"target\":{\"@type\":\"EntryPoint\",\"urlTemplate\":\"https:\\\/\\\/stiftungsmarktplatz.eu\\\/blog\\\/?s={search_term_string}\"},\"query-input\":{\"@type\":\"PropertyValueSpecification\",\"valueRequired\":true,\"valueName\":\"search_term_string\"}}],\"inLanguage\":\"de\"},{\"@type\":\"Organization\",\"@id\":\"https:\\\/\\\/stiftungsmarktplatz.eu\\\/blog\\\/#organization\",\"name\":\"stiftungsmarktplatz.eu GbR\",\"url\":\"https:\\\/\\\/stiftungsmarktplatz.eu\\\/blog\\\/\",\"logo\":{\"@type\":\"ImageObject\",\"inLanguage\":\"de\",\"@id\":\"https:\\\/\\\/stiftungsmarktplatz.eu\\\/blog\\\/#\\\/schema\\\/logo\\\/image\\\/\",\"url\":\"https:\\\/\\\/stiftungsmarktplatz.eu\\\/blog\\\/wp-content\\\/uploads\\\/2020\\\/03\\\/Logo-blog-retina.png\",\"contentUrl\":\"https:\\\/\\\/stiftungsmarktplatz.eu\\\/blog\\\/wp-content\\\/uploads\\\/2020\\\/03\\\/Logo-blog-retina.png\",\"width\":140,\"height\":130,\"caption\":\"stiftungsmarktplatz.eu GbR\"},\"image\":{\"@id\":\"https:\\\/\\\/stiftungsmarktplatz.eu\\\/blog\\\/#\\\/schema\\\/logo\\\/image\\\/\"},\"sameAs\":[\"https:\\\/\\\/www.linkedin.com\\\/company\\\/18563519\\\/\",\"https:\\\/\\\/www.youtube.com\\\/channel\\\/UCQrF6RQRFGxTokVV4nbx25Q\"]},{\"@type\":\"Person\",\"@id\":\"https:\\\/\\\/stiftungsmarktplatz.eu\\\/blog\\\/#\\\/schema\\\/person\\\/7368a8b5b3d312a9797187af9c4c636f\",\"name\":\"Ursula Becker-Peloso\",\"image\":{\"@type\":\"ImageObject\",\"inLanguage\":\"de\",\"@id\":\"https:\\\/\\\/stiftungsmarktplatz.eu\\\/blog\\\/wp-content\\\/uploads\\\/2020\\\/02\\\/Ursula-Becker-Peloso-150x150.png\",\"url\":\"https:\\\/\\\/stiftungsmarktplatz.eu\\\/blog\\\/wp-content\\\/uploads\\\/2020\\\/02\\\/Ursula-Becker-Peloso-150x150.png\",\"contentUrl\":\"https:\\\/\\\/stiftungsmarktplatz.eu\\\/blog\\\/wp-content\\\/uploads\\\/2020\\\/02\\\/Ursula-Becker-Peloso-150x150.png\",\"caption\":\"Ursula Becker-Peloso\"},\"description\":\"Inhaberin der Agentur \u201eFundraising&amp;More\u201c ist auch Gesellschafterin der Munich Fundraising School und ber\u00e4t mit Ihrem Netzwerk aus Fundraisern und Stiftungsexperten umfassend in allen Bereichen des Fundraisings. Mehr Informationen finden Stiftungen und NPOs unter www.fundraisingandmore.de\",\"sameAs\":[\"https:\\\/\\\/www.fundraisingandmore.de\\\/\"],\"url\":\"https:\\\/\\\/stiftungsmarktplatz.eu\\\/blog\\\/author\\\/ursula-becker-peloso\\\/\"}]}<\/script>\n<!-- \/ Yoast SEO plugin. -->","yoast_head_json":{"title":"Kamera l\u00e4uft - Der Stiftungsblog f\u00fcr die Stiftungspraxis","description":"Vielleicht haben Sie vor Ihrem geistigen Auge die in vielen Dokumentationen zitierte Szene parat, als Richard Nixon im TV-Duell mit John F. Kennedy kurz auf die Uhr schaute. Es war der Moment als der W\u00e4hler sich f\u00fcr Kennedy entschied, es war der Moment, als die Kraft der bewegten Bilder zum Faktor im Wahlkampf in den USA wurde. Mittlerweile kann jeder, auch jeder Verantwortliche in Stiftungen, das bewegte Bild daf\u00fcr nutzen.","robots":{"index":"index","follow":"follow","max-snippet":"max-snippet:-1","max-image-preview":"max-image-preview:large","max-video-preview":"max-video-preview:-1"},"canonical":"https:\/\/stiftungsmarktplatz.eu\/blog\/kamera-laeuft\/","og_locale":"de_DE","og_type":"article","og_title":"Kamera l\u00e4uft - Der Stiftungsblog f\u00fcr die Stiftungspraxis","og_description":"Vielleicht haben Sie vor Ihrem geistigen Auge die in vielen Dokumentationen zitierte Szene parat, als Richard Nixon im TV-Duell mit John F. Kennedy kurz auf die Uhr schaute. Es war der Moment als der W\u00e4hler sich f\u00fcr Kennedy entschied, es war der Moment, als die Kraft der bewegten Bilder zum Faktor im Wahlkampf in den USA wurde. Mittlerweile kann jeder, auch jeder Verantwortliche in Stiftungen, das bewegte Bild daf\u00fcr nutzen.","og_url":"https:\/\/stiftungsmarktplatz.eu\/blog\/kamera-laeuft\/","og_site_name":"Der Stiftungsblog f\u00fcr die Stiftungspraxis","article_published_time":"2020-05-27T07:42:57+00:00","article_modified_time":"2020-07-03T11:06:49+00:00","og_image":[{"width":1200,"height":675,"url":"https:\/\/stiftungsmarktplatz.eu\/blog\/wp-content\/uploads\/2020\/05\/Teaserbild-Kamera-laeuft.jpg","type":"image\/jpeg"}],"author":"Ursula Becker-Peloso","twitter_card":"summary_large_image","twitter_misc":{"Verfasst von":"Ursula Becker-Peloso","Gesch\u00e4tzte Lesezeit":"5\u00a0Minuten"},"schema":{"@context":"https:\/\/schema.org","@graph":[{"@type":"Article","@id":"https:\/\/stiftungsmarktplatz.eu\/blog\/kamera-laeuft\/#article","isPartOf":{"@id":"https:\/\/stiftungsmarktplatz.eu\/blog\/kamera-laeuft\/"},"author":{"name":"Ursula Becker-Peloso","@id":"https:\/\/stiftungsmarktplatz.eu\/blog\/#\/schema\/person\/7368a8b5b3d312a9797187af9c4c636f"},"headline":"Kamera l\u00e4uft","datePublished":"2020-05-27T07:42:57+00:00","dateModified":"2020-07-03T11:06:49+00:00","mainEntityOfPage":{"@id":"https:\/\/stiftungsmarktplatz.eu\/blog\/kamera-laeuft\/"},"wordCount":930,"publisher":{"@id":"https:\/\/stiftungsmarktplatz.eu\/blog\/#organization"},"image":{"@id":"https:\/\/stiftungsmarktplatz.eu\/blog\/kamera-laeuft\/#primaryimage"},"thumbnailUrl":"https:\/\/stiftungsmarktplatz.eu\/blog\/wp-content\/uploads\/2020\/05\/Teaserbild-Kamera-laeuft.jpg","keywords":["Fundraising","Corona-Krise","Stiftungen","digitale Kommunikation"],"articleSection":["Stiftungskommunikation und KI"],"inLanguage":"de"},{"@type":"WebPage","@id":"https:\/\/stiftungsmarktplatz.eu\/blog\/kamera-laeuft\/","url":"https:\/\/stiftungsmarktplatz.eu\/blog\/kamera-laeuft\/","name":"Kamera l\u00e4uft - Der Stiftungsblog f\u00fcr die Stiftungspraxis","isPartOf":{"@id":"https:\/\/stiftungsmarktplatz.eu\/blog\/#website"},"primaryImageOfPage":{"@id":"https:\/\/stiftungsmarktplatz.eu\/blog\/kamera-laeuft\/#primaryimage"},"image":{"@id":"https:\/\/stiftungsmarktplatz.eu\/blog\/kamera-laeuft\/#primaryimage"},"thumbnailUrl":"https:\/\/stiftungsmarktplatz.eu\/blog\/wp-content\/uploads\/2020\/05\/Teaserbild-Kamera-laeuft.jpg","datePublished":"2020-05-27T07:42:57+00:00","dateModified":"2020-07-03T11:06:49+00:00","description":"Vielleicht haben Sie vor Ihrem geistigen Auge die in vielen Dokumentationen zitierte Szene parat, als Richard Nixon im TV-Duell mit John F. Kennedy kurz auf die Uhr schaute. Es war der Moment als der W\u00e4hler sich f\u00fcr Kennedy entschied, es war der Moment, als die Kraft der bewegten Bilder zum Faktor im Wahlkampf in den USA wurde. Mittlerweile kann jeder, auch jeder Verantwortliche in Stiftungen, das bewegte Bild daf\u00fcr nutzen.","breadcrumb":{"@id":"https:\/\/stiftungsmarktplatz.eu\/blog\/kamera-laeuft\/#breadcrumb"},"inLanguage":"de","potentialAction":[{"@type":"ReadAction","target":["https:\/\/stiftungsmarktplatz.eu\/blog\/kamera-laeuft\/"]}]},{"@type":"ImageObject","inLanguage":"de","@id":"https:\/\/stiftungsmarktplatz.eu\/blog\/kamera-laeuft\/#primaryimage","url":"https:\/\/stiftungsmarktplatz.eu\/blog\/wp-content\/uploads\/2020\/05\/Teaserbild-Kamera-laeuft.jpg","contentUrl":"https:\/\/stiftungsmarktplatz.eu\/blog\/wp-content\/uploads\/2020\/05\/Teaserbild-Kamera-laeuft.jpg","width":1200,"height":675,"caption":"Kamera l\u00e4uft"},{"@type":"BreadcrumbList","@id":"https:\/\/stiftungsmarktplatz.eu\/blog\/kamera-laeuft\/#breadcrumb","itemListElement":[{"@type":"ListItem","position":1,"name":"Startseite","item":"https:\/\/stiftungsmarktplatz.eu\/blog\/"},{"@type":"ListItem","position":2,"name":"Kamera l\u00e4uft"}]},{"@type":"WebSite","@id":"https:\/\/stiftungsmarktplatz.eu\/blog\/#website","url":"https:\/\/stiftungsmarktplatz.eu\/blog\/","name":"Der Stiftungsblog f\u00fcr die Stiftungspraxis","description":"#stiftungenst\u00e4rken - NPO-Expertise von NPO-Experten","publisher":{"@id":"https:\/\/stiftungsmarktplatz.eu\/blog\/#organization"},"potentialAction":[{"@type":"SearchAction","target":{"@type":"EntryPoint","urlTemplate":"https:\/\/stiftungsmarktplatz.eu\/blog\/?s={search_term_string}"},"query-input":{"@type":"PropertyValueSpecification","valueRequired":true,"valueName":"search_term_string"}}],"inLanguage":"de"},{"@type":"Organization","@id":"https:\/\/stiftungsmarktplatz.eu\/blog\/#organization","name":"stiftungsmarktplatz.eu GbR","url":"https:\/\/stiftungsmarktplatz.eu\/blog\/","logo":{"@type":"ImageObject","inLanguage":"de","@id":"https:\/\/stiftungsmarktplatz.eu\/blog\/#\/schema\/logo\/image\/","url":"https:\/\/stiftungsmarktplatz.eu\/blog\/wp-content\/uploads\/2020\/03\/Logo-blog-retina.png","contentUrl":"https:\/\/stiftungsmarktplatz.eu\/blog\/wp-content\/uploads\/2020\/03\/Logo-blog-retina.png","width":140,"height":130,"caption":"stiftungsmarktplatz.eu GbR"},"image":{"@id":"https:\/\/stiftungsmarktplatz.eu\/blog\/#\/schema\/logo\/image\/"},"sameAs":["https:\/\/www.linkedin.com\/company\/18563519\/","https:\/\/www.youtube.com\/channel\/UCQrF6RQRFGxTokVV4nbx25Q"]},{"@type":"Person","@id":"https:\/\/stiftungsmarktplatz.eu\/blog\/#\/schema\/person\/7368a8b5b3d312a9797187af9c4c636f","name":"Ursula Becker-Peloso","image":{"@type":"ImageObject","inLanguage":"de","@id":"https:\/\/stiftungsmarktplatz.eu\/blog\/wp-content\/uploads\/2020\/02\/Ursula-Becker-Peloso-150x150.png","url":"https:\/\/stiftungsmarktplatz.eu\/blog\/wp-content\/uploads\/2020\/02\/Ursula-Becker-Peloso-150x150.png","contentUrl":"https:\/\/stiftungsmarktplatz.eu\/blog\/wp-content\/uploads\/2020\/02\/Ursula-Becker-Peloso-150x150.png","caption":"Ursula Becker-Peloso"},"description":"Inhaberin der Agentur \u201eFundraising&amp;More\u201c ist auch Gesellschafterin der Munich Fundraising School und ber\u00e4t mit Ihrem Netzwerk aus Fundraisern und Stiftungsexperten umfassend in allen Bereichen des Fundraisings. Mehr Informationen finden Stiftungen und NPOs unter www.fundraisingandmore.de","sameAs":["https:\/\/www.fundraisingandmore.de\/"],"url":"https:\/\/stiftungsmarktplatz.eu\/blog\/author\/ursula-becker-peloso\/"}]}},"post_mailing_queue_ids":[],"_links":{"self":[{"href":"https:\/\/stiftungsmarktplatz.eu\/blog\/wp-json\/wp\/v2\/posts\/1083","targetHints":{"allow":["GET"]}}],"collection":[{"href":"https:\/\/stiftungsmarktplatz.eu\/blog\/wp-json\/wp\/v2\/posts"}],"about":[{"href":"https:\/\/stiftungsmarktplatz.eu\/blog\/wp-json\/wp\/v2\/types\/post"}],"author":[{"embeddable":true,"href":"https:\/\/stiftungsmarktplatz.eu\/blog\/wp-json\/wp\/v2\/users\/3"}],"replies":[{"embeddable":true,"href":"https:\/\/stiftungsmarktplatz.eu\/blog\/wp-json\/wp\/v2\/comments?post=1083"}],"version-history":[{"count":1,"href":"https:\/\/stiftungsmarktplatz.eu\/blog\/wp-json\/wp\/v2\/posts\/1083\/revisions"}],"predecessor-version":[{"id":1084,"href":"https:\/\/stiftungsmarktplatz.eu\/blog\/wp-json\/wp\/v2\/posts\/1083\/revisions\/1084"}],"wp:featuredmedia":[{"embeddable":true,"href":"https:\/\/stiftungsmarktplatz.eu\/blog\/wp-json\/wp\/v2\/media\/1085"}],"wp:attachment":[{"href":"https:\/\/stiftungsmarktplatz.eu\/blog\/wp-json\/wp\/v2\/media?parent=1083"}],"wp:term":[{"taxonomy":"category","embeddable":true,"href":"https:\/\/stiftungsmarktplatz.eu\/blog\/wp-json\/wp\/v2\/categories?post=1083"},{"taxonomy":"post_tag","embeddable":true,"href":"https:\/\/stiftungsmarktplatz.eu\/blog\/wp-json\/wp\/v2\/tags?post=1083"}],"curies":[{"name":"wp","href":"https:\/\/api.w.org\/{rel}","templated":true}]}}