{"id":1059,"date":"2020-05-20T13:40:39","date_gmt":"2020-05-20T11:40:39","guid":{"rendered":"https:\/\/stiftungsmarktplatz.eu\/blog\/?p=1059"},"modified":"2020-07-03T17:08:52","modified_gmt":"2020-07-03T15:08:52","slug":"die-zweite-welle-kann-kommen","status":"publish","type":"post","link":"https:\/\/stiftungsmarktplatz.eu\/blog\/die-zweite-welle-kann-kommen\/","title":{"rendered":"Die zweite Welle kann kommen"},"content":{"rendered":"<span class=\"span-reading-time rt-reading-time\" style=\"display: block;\"><span class=\"rt-label rt-prefix\">Lesezeit: <\/span> <span class=\"rt-time\"> 4<\/span> <span class=\"rt-label rt-postfix\">Minuten<\/span><\/span>\n<p><em><em>Es gibt ja viele Stiftungsfonds, die sich antizyklisches Agieren auf die Fahnen schreiben. Zu wenige schaffen es allerdings, dann doch in einen Crash hinein wirklich antizyklisch zu <em>Es gibt ja viele Stiftungsfonds, die sich antizyklisches Agieren auf die Fahnen schreiben. Zu wenige schaffen es allerdings, dann doch in einen Crash hinein wirklich antizyklisch zu agieren, sprich: den W\u00fchltischmoment f\u00fcr den Stiftungsfonds zu nutzen. Einer, der wei\u00df, wie antizyklisch \u201egeht\u201c, ist Ulrich Zorn von der CSR Beratungsgesellschaft in Hofheim. Das Label \u201astiftungsgeeignet\u2018 tr\u00e4gt sein Fonds ob des antizyklischen Agierens zu Recht, aber wir haben noch mehr gefunden, was als Stiftungsfonds-Handwerk auf der H\u00f6he der Zeit bezeichnet werden kann.<\/em><\/em><\/em><\/p>\n\n\n\n<p>Der CSR Ertrag plus (ISIN: DE000A1J3067) ist ein Mischfonds, der ein attraktives Risiko-Rendite-Profil durch antizyklisches Investieren innerhalb sogenannter Trendkan\u00e4le aufweist. Der erfolgreiche track-record zeigt, dass der Fonds in der Portfoliokonstruktion f\u00fcr Stiftungen eine wichtige Komponente darstellen kann: Als antizyklisches Investment sorgt er f\u00fcr Diversifikation in den eher von Trendfolgern dominierten Stiftungsanlagen.<br><br>Bei der Festlegung der Jahreskan\u00e4le setzt CSR gewisserma\u00dfen auf die Schwarmintelligenz der Experten bei Banken, Brokerh\u00e4usern und Finanzdienstleistern. \u201eZum Jahreswechsel h\u00e4ufen sich traditionsgem\u00e4\u00df die Kapitalmarkt-Prognosen\u201c, wei\u00df Fondsmanager Ulrich Zorn. Die volkswirtschaftlich fundierten Sch\u00e4tzungen stecken das Terrain ab, in dem die Experten den Markt im kommenden Jahr sehen. Konkret geht es im Anleihebereich um die Einsch\u00e4tzung der Rendite der zehnj\u00e4hrigen Bundesanleihe, im Aktienbereich um den DAX. Jede einzelne Prognose habe f\u00fcr sich alleine genommen nur eine relativ geringe Aussicht auf eine Punktladung, in ihrer Gesamtheit steckten die Prognosen aber ein wahrscheinliches Terrain ab, so Zorn.<\/p>\n\n\n\n<h2 class=\"wp-block-heading\">HANDELN INNERHALB DEFINIERTER TRENDKAN\u00c4LE<\/h2>\n\n\n\n<p>Genutzt werden die Trendkan\u00e4le, um die Leitplanken f\u00fcr antizyklische Investments zu setzen: F\u00e4llt der DAX, wird der Aktienanteil erh\u00f6ht. Die maximale Aktienallokation von 30% des Fondsverm\u00f6gens wird am untersten Punkt des Trendkanals erreicht. Entsprechend sinkt die Aktienquote am oberen Rand des Kanals auf null. Im Anleihebereich werden die Laufzeiten \u00fcber die Rendite gesteuert. Konkret: Bei steigender Rendite werden die Laufzeiten verl\u00e4ngert, bei sinkender Rendite verk\u00fcrzt. Sowohl bei Aktien als auch Anleihen erfolgt die Quotensteuerung \u00fcber den Einsatz von Derivaten.<br><br>Die Definition der Trendkan\u00e4le besitzt somit direkten Einfluss auf die Performance des Fonds: Sowohl eine zu enge als auch eine zu weite Spanne kosten prinzipiell Ertrag, weswegen die zu Jahresbeginn festgelegte Spanne nachjustiert werden kann. Aber nach welchen Kriterien und ab welchem Zeitpunkt geschieht das? \u201eEine Anpassung der Trendkan\u00e4le, die grunds\u00e4tzlich eine Ausnahme sein sollte, unterliegt folgenden Anforderungen: Es muss ein externes Ereignis vorliegen, das bei der Festlegung der Kan\u00e4le noch nicht bekannt war (z.B. ein sog. externer Schock wie bei Fukushima oder aktuell der Corona-Pandemie) und dies sollte die Volkswirte in der Breite dazu veranlassen, ihre Prognosen vom Jahresanfang zu korrigieren\u201c erl\u00e4utert Zorn.<br><br>Nun k\u00f6nnte man meinen, dass die gestiegene Volatilit\u00e4t in den vergangenen Jahren nahelegt, die Trendkan\u00e4le von vornherein weiter zu fassen. Klar, bei Festlegung der Jahreskan\u00e4le habe man die Volatilit\u00e4t der Vorjahre immer mit im Blick, best\u00e4tigt Zorn, man gehe aber insoweit antizyklisch vor, als \u201egerade sich einengende Volatilit\u00e4ten der Vergangenheit \u2013 die Ruhe vor dem Sturm \u2013 als m\u00f6glicher Indikator f\u00fcr eine bevorstehende Volatilit\u00e4tsausweitung mit entsprechend breiterem Kanal zu werten ist.\u201c Volatilit\u00e4tsausweitungen in diesem Jahr als Folge der Corona-Pandemie konnten damit allerdings auch nicht vorhergesagt werden, daf\u00fcr ist die Situation zu exzeptionell.<\/p>\n\n\n\n<h2 class=\"wp-block-heading\">AUSFALLRISIKEN DURCH EINSATZ VON HYPOTHEKENPFANDBRIEFEN MINIMIERT<\/h2>\n\n\n\n<p>Von der erh\u00f6hten Gefahr f\u00fcr den Ausfall von Anleihen angesichts der nicht auszuschlie\u00dfenden Rezession sieht Zorn den Fonds nicht betroffen. Zwar w\u00fcrde ihn im Unternehmensanleihen-Sektor ein erh\u00f6hter Ausfall nicht \u00fcberraschen. \u201eDieses Anleihesegment geh\u00f6rt jedoch nicht zu unserem Kerninvestment. Bei den deutschen Hypothekenpfandbriefen, bei denen wir seit jeher unseren Anlageschwerpunkt setzen, sind Ausf\u00e4lle nicht zu erwarten, so wie es in den letzten 100 Jahren keinen Ausfall gab.\u201c Die Beimischungen in Unternehmensanleihen mit starkem ESG-Fokus in den Fonds habe man im Vorfeld einer intensiven Pr\u00fcfung unterzogen und \u201edie Hausaufgaben bereits gemacht, so dass wir keinen Nachholbedarf diesbez\u00fcglich haben.\u201c Das ist schon deshalb wertvoll, weil klassisches Kreditrating den Nachteil besitzt, \u201edass hier vorwiegend reagiert wird. Das hei\u00dft, die Anpassungen der Ratingagenturen erfolgen erst, nachdem sich die Realit\u00e4ten bereits ge\u00e4ndert haben.\u201c<\/p>\n\n\n\n<p>Bei der Auswahl der Aktien und Renten nutzt CSR das imug-Rating, also einer spezialisierten Agentur. Hier sei festzustellen, dass der ESG-Score nicht in allen F\u00e4llen mit dem Aktienkursverlauf in der Krise korrelierte. \u201eSo schnitt zwar eine MTU Aero Engines, die wir aufgrund unseres ESG-Filters nicht im Bestand halten, besonders schlecht ab. Zu den Verlierern im DAX geh\u00f6rte aber auch die BASF-Aktie, die wiederum einen sehr guten ESG-Score aufweist.\u201c Grunds\u00e4tzlich k\u00f6nne man aber sagen, dass in den gro\u00dfen liquiden Aktien-Indices die Unternehmen mit besseren ESG-Ratings eindeutig im Vorteil waren \u2013 das zeigten nicht zuletzt die Performancevergleiche der konventionellen europ\u00e4ischen und weltweiten Aktien-Indices gegen\u00fcber ihren jeweiligen ESG-Subindices. Deren Outperformance im abgelaufenen Jahr lag im Schnitt bei 1,5 bis 2%-Punkten.<\/p>\n\n\n\n<h2 class=\"wp-block-heading\">AUSSCH\u00dcTTUNG AUCH NACH AKTUELLEN TURBULENZEN WAHRSCHEINLICH<\/h2>\n\n\n\n<p>Gretchenfrage f\u00fcr Stiftungen: Welche Renditen sind f\u00fcr das laufende Jahr realistisch \u2013 und existieren aussch\u00fcttungsf\u00e4hige Reserven, so dass Stiftungen trotz schwieriger Marktlage mit Aussch\u00fcttungen rechnen k\u00f6nnen? Hierzu sagt Zorn, dass der Fonds grunds\u00e4tzlich den ordentlichen Nettoertrag aussch\u00fcttet. Dieser speist sich aus den Kupons der Rentenwerte sowie aus den Dividenden der Aktien. \u201eAuf der Rentenseite bewegen wir unser Portfolio m\u00f6glichst wenig, so dass die Kupons im laufenden Jahr gegen\u00fcber den Vorjahren weitgehend unver\u00e4ndert sind und die Aussch\u00fcttung aus diesem Teil stabil bleibt. Sollte es bei den Dividenden der Aktien zu starken K\u00fcrzungen kommen, so k\u00f6nnte von dieser Seite der Beitrag zum ordentlichen Nettoertrag m\u00f6glicherweise sinken.\u201c Da der Aktienanteil aber auf 30% des Fondsvolumens beschr\u00e4nkt ist, relativiere sich ein solcher m\u00f6glicher R\u00fcckgang. Daher: \u201eEine Aussch\u00fcttung in H\u00f6he oder ann\u00e4hernd der H\u00f6he des Vorjahres halten wir derzeit f\u00fcr wahrscheinlich. Die bevorstehende Dividendensaison wird hier jedoch in K\u00fcrze Licht ins Dunkel bringen.\u201c Mittelfristig erwartet Zorn keine durchgreifende \u00c4nderung des Zinsniveaus, obwohl zur Finanzierung der Wirtschaftshilfen Staatsanleihen in extremem Umfang emittiert werden d\u00fcrften. Eine gleichbleibende Nachfrage unterstellt sollte dies dazu f\u00fchren, dass ein deutlich erh\u00f6htes Angebot an Staatsanleihen nur dann gekauft wird, wenn die Konditionen attraktiver w\u00fcrden, die Zinsen also steigen. Demgegen\u00fcber stehe aber die Aussage, dass die EZB ihrerseits ihr Ankaufprogramm deutlich erh\u00f6ht und hier fehlende Nachfrage ausgleicht. Die verst\u00e4rkte Nachfrage sollte wiederum dazu f\u00fchren, dass die Zinsen sinken. \u201eIn der Summe spricht f\u00fcr uns vieles daf\u00fcr, dass uns das niedrige Zinsniveau bis auf weiteres erhalten bleibt.\u201c<\/p>\n\n\n\n<h2 class=\"wp-block-heading\">ZUSAMMENGEFASST<\/h2>\n\n\n\n<p>Ulrich Zorn wei\u00df was es hei\u00dft, an den Kapitalm\u00e4rkten antizyklisch zu agieren. Seinem Fonds ist anzusehen, dass er R\u00fccksetzer eingrenzen kann und eben dadurch das liefert, was eine Stiftung von einem konservativen Fondskonzept erwarten kann und auch erwarten muss. Dass der Fonds gut durch die Corona-Krise gekommen ist, bzw. besser als viele Stiftungsfonds, untermauert das, gleichzeitig hat der Fondslenker die f\u00fcr Stiftungen so wichtige Aussch\u00fcttung fest im Blick. Antizyklisch ist eben nicht nur etwas f\u00fcr den Prospekt.<br><\/p>\n","protected":false},"excerpt":{"rendered":"<p><span class=\"span-reading-time rt-reading-time\" style=\"display: block;\"><span class=\"rt-label rt-prefix\">Lesezeit: <\/span> <span class=\"rt-time\"> 4<\/span> <span class=\"rt-label rt-postfix\">Minuten<\/span><\/span>Es gibt ja viele Stiftungsfonds, die sich antizyklisches Agieren auf die Fahnen schreiben. Zu wenige schaffen es allerdings, dann doch in einen Crash hinein wirklich antizyklisch zu agieren, sprich: den W\u00fchltischmoment f\u00fcr den Stiftungsfonds zu nutzen. Einer, der wei\u00df, wie antizyklisch \u201egeht\u201c, ist Ulrich Zorn von der CSR Beratungsgesellschaft in Hofheim. Das Label \u201astiftungsgeeignet\u2018 tr\u00e4gt sein Fonds ob des antizyklischen Agierens zu Recht, aber wir haben noch mehr gefunden, was als Stiftungsfonds-Handwerk auf der H\u00f6he der Zeit bezeichnet werden kann.<\/p>\n","protected":false},"author":2,"featured_media":1061,"comment_status":"closed","ping_status":"open","sticky":false,"template":"","format":"standard","meta":{"ngg_post_thumbnail":0,"footnotes":""},"categories":[5],"tags":[14,15,27,48],"class_list":{"0":"post-1059","1":"post","2":"type-post","3":"status-publish","4":"format-standard","5":"has-post-thumbnail","7":"category-stiftungsvermoegen-und-stiftungsfonds","8":"tag-stiftungsfonds","9":"tag-fondsanlage","10":"tag-stiftungsvermoegen","11":"tag-esg"},"yoast_head":"<!-- This site is optimized with the Yoast SEO plugin v27.4 - https:\/\/yoast.com\/product\/yoast-seo-wordpress\/ -->\n<title>Die zweite Welle kann kommen - Der Stiftungsblog f\u00fcr die Stiftungspraxis<\/title>\n<meta name=\"description\" content=\"Es gibt ja viele Stiftungsfonds, die sich antizyklisches Agieren auf die Fahnen schreiben. Zu wenige schaffen es allerdings, dann doch in einen Crash hinein wirklich antizyklisch zu agieren, sprich: den W\u00fchltischmoment f\u00fcr sich zu nutzen. Einer, der wei\u00df, wie antizyklisch \u201egeht\u201c, ist Ulrich Zorn von der CSR Beratungsgesellschaft in Hofheim.\" \/>\n<meta name=\"robots\" content=\"index, follow, max-snippet:-1, max-image-preview:large, max-video-preview:-1\" \/>\n<link rel=\"canonical\" href=\"https:\/\/stiftungsmarktplatz.eu\/blog\/die-zweite-welle-kann-kommen\/\" \/>\n<meta property=\"og:locale\" content=\"de_DE\" \/>\n<meta property=\"og:type\" content=\"article\" \/>\n<meta property=\"og:title\" content=\"Die zweite Welle kann kommen - Der Stiftungsblog f\u00fcr die Stiftungspraxis\" \/>\n<meta property=\"og:description\" content=\"Es gibt ja viele Stiftungsfonds, die sich antizyklisches Agieren auf die Fahnen schreiben. Zu wenige schaffen es allerdings, dann doch in einen Crash hinein wirklich antizyklisch zu agieren, sprich: den W\u00fchltischmoment f\u00fcr sich zu nutzen. Einer, der wei\u00df, wie antizyklisch \u201egeht\u201c, ist Ulrich Zorn von der CSR Beratungsgesellschaft in Hofheim.\" \/>\n<meta property=\"og:url\" content=\"https:\/\/stiftungsmarktplatz.eu\/blog\/die-zweite-welle-kann-kommen\/\" \/>\n<meta property=\"og:site_name\" content=\"Der Stiftungsblog f\u00fcr die Stiftungspraxis\" \/>\n<meta property=\"article:published_time\" content=\"2020-05-20T11:40:39+00:00\" \/>\n<meta property=\"article:modified_time\" content=\"2020-07-03T15:08:52+00:00\" \/>\n<meta property=\"og:image\" content=\"https:\/\/stiftungsmarktplatz.eu\/blog\/wp-content\/uploads\/2020\/05\/Die-zweite-Welle-kann-kommen.jpg\" \/>\n\t<meta property=\"og:image:width\" content=\"1200\" \/>\n\t<meta property=\"og:image:height\" content=\"675\" \/>\n\t<meta property=\"og:image:type\" content=\"image\/jpeg\" \/>\n<meta name=\"author\" content=\"Stefan Preu\u00df\" \/>\n<meta name=\"twitter:card\" content=\"summary_large_image\" \/>\n<meta name=\"twitter:label1\" content=\"Verfasst von\" \/>\n\t<meta name=\"twitter:data1\" content=\"Stefan Preu\u00df\" \/>\n\t<meta name=\"twitter:label2\" content=\"Gesch\u00e4tzte Lesezeit\" \/>\n\t<meta name=\"twitter:data2\" content=\"6\u00a0Minuten\" \/>\n<script type=\"application\/ld+json\" class=\"yoast-schema-graph\">{\"@context\":\"https:\\\/\\\/schema.org\",\"@graph\":[{\"@type\":\"Article\",\"@id\":\"https:\\\/\\\/stiftungsmarktplatz.eu\\\/blog\\\/die-zweite-welle-kann-kommen\\\/#article\",\"isPartOf\":{\"@id\":\"https:\\\/\\\/stiftungsmarktplatz.eu\\\/blog\\\/die-zweite-welle-kann-kommen\\\/\"},\"author\":{\"name\":\"Stefan Preu\u00df\",\"@id\":\"https:\\\/\\\/stiftungsmarktplatz.eu\\\/blog\\\/#\\\/schema\\\/person\\\/a319dca6dba20b695d21fd8a6f2ef0f9\"},\"headline\":\"Die zweite Welle kann kommen\",\"datePublished\":\"2020-05-20T11:40:39+00:00\",\"dateModified\":\"2020-07-03T15:08:52+00:00\",\"mainEntityOfPage\":{\"@id\":\"https:\\\/\\\/stiftungsmarktplatz.eu\\\/blog\\\/die-zweite-welle-kann-kommen\\\/\"},\"wordCount\":1208,\"publisher\":{\"@id\":\"https:\\\/\\\/stiftungsmarktplatz.eu\\\/blog\\\/#organization\"},\"image\":{\"@id\":\"https:\\\/\\\/stiftungsmarktplatz.eu\\\/blog\\\/die-zweite-welle-kann-kommen\\\/#primaryimage\"},\"thumbnailUrl\":\"https:\\\/\\\/stiftungsmarktplatz.eu\\\/blog\\\/wp-content\\\/uploads\\\/2020\\\/05\\\/Die-zweite-Welle-kann-kommen.jpg\",\"keywords\":[\"Stiftungsfonds\",\"Fondsanlage\",\"Stiftungsverm\u00f6gen\",\"ESG\"],\"articleSection\":[\"Stiftungsverm\u00f6gen &amp; Stiftungsfonds\"],\"inLanguage\":\"de\"},{\"@type\":\"WebPage\",\"@id\":\"https:\\\/\\\/stiftungsmarktplatz.eu\\\/blog\\\/die-zweite-welle-kann-kommen\\\/\",\"url\":\"https:\\\/\\\/stiftungsmarktplatz.eu\\\/blog\\\/die-zweite-welle-kann-kommen\\\/\",\"name\":\"Die zweite Welle kann kommen - Der Stiftungsblog f\u00fcr die Stiftungspraxis\",\"isPartOf\":{\"@id\":\"https:\\\/\\\/stiftungsmarktplatz.eu\\\/blog\\\/#website\"},\"primaryImageOfPage\":{\"@id\":\"https:\\\/\\\/stiftungsmarktplatz.eu\\\/blog\\\/die-zweite-welle-kann-kommen\\\/#primaryimage\"},\"image\":{\"@id\":\"https:\\\/\\\/stiftungsmarktplatz.eu\\\/blog\\\/die-zweite-welle-kann-kommen\\\/#primaryimage\"},\"thumbnailUrl\":\"https:\\\/\\\/stiftungsmarktplatz.eu\\\/blog\\\/wp-content\\\/uploads\\\/2020\\\/05\\\/Die-zweite-Welle-kann-kommen.jpg\",\"datePublished\":\"2020-05-20T11:40:39+00:00\",\"dateModified\":\"2020-07-03T15:08:52+00:00\",\"description\":\"Es gibt ja viele Stiftungsfonds, die sich antizyklisches Agieren auf die Fahnen schreiben. Zu wenige schaffen es allerdings, dann doch in einen Crash hinein wirklich antizyklisch zu agieren, sprich: den W\u00fchltischmoment f\u00fcr sich zu nutzen. Einer, der wei\u00df, wie antizyklisch \u201egeht\u201c, ist Ulrich Zorn von der CSR Beratungsgesellschaft in Hofheim.\",\"breadcrumb\":{\"@id\":\"https:\\\/\\\/stiftungsmarktplatz.eu\\\/blog\\\/die-zweite-welle-kann-kommen\\\/#breadcrumb\"},\"inLanguage\":\"de\",\"potentialAction\":[{\"@type\":\"ReadAction\",\"target\":[\"https:\\\/\\\/stiftungsmarktplatz.eu\\\/blog\\\/die-zweite-welle-kann-kommen\\\/\"]}]},{\"@type\":\"ImageObject\",\"inLanguage\":\"de\",\"@id\":\"https:\\\/\\\/stiftungsmarktplatz.eu\\\/blog\\\/die-zweite-welle-kann-kommen\\\/#primaryimage\",\"url\":\"https:\\\/\\\/stiftungsmarktplatz.eu\\\/blog\\\/wp-content\\\/uploads\\\/2020\\\/05\\\/Die-zweite-Welle-kann-kommen.jpg\",\"contentUrl\":\"https:\\\/\\\/stiftungsmarktplatz.eu\\\/blog\\\/wp-content\\\/uploads\\\/2020\\\/05\\\/Die-zweite-Welle-kann-kommen.jpg\",\"width\":1200,\"height\":675,\"caption\":\"Die zweite Welle kann kommen\"},{\"@type\":\"BreadcrumbList\",\"@id\":\"https:\\\/\\\/stiftungsmarktplatz.eu\\\/blog\\\/die-zweite-welle-kann-kommen\\\/#breadcrumb\",\"itemListElement\":[{\"@type\":\"ListItem\",\"position\":1,\"name\":\"Startseite\",\"item\":\"https:\\\/\\\/stiftungsmarktplatz.eu\\\/blog\\\/\"},{\"@type\":\"ListItem\",\"position\":2,\"name\":\"Die zweite Welle kann kommen\"}]},{\"@type\":\"WebSite\",\"@id\":\"https:\\\/\\\/stiftungsmarktplatz.eu\\\/blog\\\/#website\",\"url\":\"https:\\\/\\\/stiftungsmarktplatz.eu\\\/blog\\\/\",\"name\":\"Der Stiftungsblog f\u00fcr die Stiftungspraxis\",\"description\":\"#stiftungenst\u00e4rken - NPO-Expertise von NPO-Experten\",\"publisher\":{\"@id\":\"https:\\\/\\\/stiftungsmarktplatz.eu\\\/blog\\\/#organization\"},\"potentialAction\":[{\"@type\":\"SearchAction\",\"target\":{\"@type\":\"EntryPoint\",\"urlTemplate\":\"https:\\\/\\\/stiftungsmarktplatz.eu\\\/blog\\\/?s={search_term_string}\"},\"query-input\":{\"@type\":\"PropertyValueSpecification\",\"valueRequired\":true,\"valueName\":\"search_term_string\"}}],\"inLanguage\":\"de\"},{\"@type\":\"Organization\",\"@id\":\"https:\\\/\\\/stiftungsmarktplatz.eu\\\/blog\\\/#organization\",\"name\":\"stiftungsmarktplatz.eu GbR\",\"url\":\"https:\\\/\\\/stiftungsmarktplatz.eu\\\/blog\\\/\",\"logo\":{\"@type\":\"ImageObject\",\"inLanguage\":\"de\",\"@id\":\"https:\\\/\\\/stiftungsmarktplatz.eu\\\/blog\\\/#\\\/schema\\\/logo\\\/image\\\/\",\"url\":\"https:\\\/\\\/stiftungsmarktplatz.eu\\\/blog\\\/wp-content\\\/uploads\\\/2020\\\/03\\\/Logo-blog-retina.png\",\"contentUrl\":\"https:\\\/\\\/stiftungsmarktplatz.eu\\\/blog\\\/wp-content\\\/uploads\\\/2020\\\/03\\\/Logo-blog-retina.png\",\"width\":140,\"height\":130,\"caption\":\"stiftungsmarktplatz.eu GbR\"},\"image\":{\"@id\":\"https:\\\/\\\/stiftungsmarktplatz.eu\\\/blog\\\/#\\\/schema\\\/logo\\\/image\\\/\"},\"sameAs\":[\"https:\\\/\\\/www.linkedin.com\\\/company\\\/18563519\\\/\",\"https:\\\/\\\/www.youtube.com\\\/channel\\\/UCQrF6RQRFGxTokVV4nbx25Q\"]},{\"@type\":\"Person\",\"@id\":\"https:\\\/\\\/stiftungsmarktplatz.eu\\\/blog\\\/#\\\/schema\\\/person\\\/a319dca6dba20b695d21fd8a6f2ef0f9\",\"name\":\"Stefan Preu\u00df\",\"image\":{\"@type\":\"ImageObject\",\"inLanguage\":\"de\",\"@id\":\"https:\\\/\\\/stiftungsmarktplatz.eu\\\/blog\\\/wp-content\\\/uploads\\\/2025\\\/07\\\/stefan-preuss-150x150.png\",\"url\":\"https:\\\/\\\/stiftungsmarktplatz.eu\\\/blog\\\/wp-content\\\/uploads\\\/2025\\\/07\\\/stefan-preuss-150x150.png\",\"contentUrl\":\"https:\\\/\\\/stiftungsmarktplatz.eu\\\/blog\\\/wp-content\\\/uploads\\\/2025\\\/07\\\/stefan-preuss-150x150.png\",\"caption\":\"Stefan Preu\u00df\"},\"description\":\"ist Chefredakteur von stiftungenst\u00e4rken.de und fondsfibel.de. Der Fachjournalist, der auch als freier Autor f\u00fcr andere Publikationen fungiert, ist seit vielen Jahren als Autor von Fachbeitr\u00e4gen und Analysen im Stiftungssektor pr\u00e4sent, moderiert dazu den Elevator Pitch beim Virtuellen Tag f\u00fcr das Stiftungsverm\u00f6gen (www.vtfds.de).\",\"sameAs\":[\"https:\\\/\\\/stiftungsmarktplatz.eu\"],\"url\":\"https:\\\/\\\/stiftungsmarktplatz.eu\\\/blog\\\/author\\\/stefan-preuss\\\/\"}]}<\/script>\n<!-- \/ Yoast SEO plugin. -->","yoast_head_json":{"title":"Die zweite Welle kann kommen - Der Stiftungsblog f\u00fcr die Stiftungspraxis","description":"Es gibt ja viele Stiftungsfonds, die sich antizyklisches Agieren auf die Fahnen schreiben. Zu wenige schaffen es allerdings, dann doch in einen Crash hinein wirklich antizyklisch zu agieren, sprich: den W\u00fchltischmoment f\u00fcr sich zu nutzen. Einer, der wei\u00df, wie antizyklisch \u201egeht\u201c, ist Ulrich Zorn von der CSR Beratungsgesellschaft in Hofheim.","robots":{"index":"index","follow":"follow","max-snippet":"max-snippet:-1","max-image-preview":"max-image-preview:large","max-video-preview":"max-video-preview:-1"},"canonical":"https:\/\/stiftungsmarktplatz.eu\/blog\/die-zweite-welle-kann-kommen\/","og_locale":"de_DE","og_type":"article","og_title":"Die zweite Welle kann kommen - Der Stiftungsblog f\u00fcr die Stiftungspraxis","og_description":"Es gibt ja viele Stiftungsfonds, die sich antizyklisches Agieren auf die Fahnen schreiben. Zu wenige schaffen es allerdings, dann doch in einen Crash hinein wirklich antizyklisch zu agieren, sprich: den W\u00fchltischmoment f\u00fcr sich zu nutzen. Einer, der wei\u00df, wie antizyklisch \u201egeht\u201c, ist Ulrich Zorn von der CSR Beratungsgesellschaft in Hofheim.","og_url":"https:\/\/stiftungsmarktplatz.eu\/blog\/die-zweite-welle-kann-kommen\/","og_site_name":"Der Stiftungsblog f\u00fcr die Stiftungspraxis","article_published_time":"2020-05-20T11:40:39+00:00","article_modified_time":"2020-07-03T15:08:52+00:00","og_image":[{"width":1200,"height":675,"url":"https:\/\/stiftungsmarktplatz.eu\/blog\/wp-content\/uploads\/2020\/05\/Die-zweite-Welle-kann-kommen.jpg","type":"image\/jpeg"}],"author":"Stefan Preu\u00df","twitter_card":"summary_large_image","twitter_misc":{"Verfasst von":"Stefan Preu\u00df","Gesch\u00e4tzte Lesezeit":"6\u00a0Minuten"},"schema":{"@context":"https:\/\/schema.org","@graph":[{"@type":"Article","@id":"https:\/\/stiftungsmarktplatz.eu\/blog\/die-zweite-welle-kann-kommen\/#article","isPartOf":{"@id":"https:\/\/stiftungsmarktplatz.eu\/blog\/die-zweite-welle-kann-kommen\/"},"author":{"name":"Stefan Preu\u00df","@id":"https:\/\/stiftungsmarktplatz.eu\/blog\/#\/schema\/person\/a319dca6dba20b695d21fd8a6f2ef0f9"},"headline":"Die zweite Welle kann kommen","datePublished":"2020-05-20T11:40:39+00:00","dateModified":"2020-07-03T15:08:52+00:00","mainEntityOfPage":{"@id":"https:\/\/stiftungsmarktplatz.eu\/blog\/die-zweite-welle-kann-kommen\/"},"wordCount":1208,"publisher":{"@id":"https:\/\/stiftungsmarktplatz.eu\/blog\/#organization"},"image":{"@id":"https:\/\/stiftungsmarktplatz.eu\/blog\/die-zweite-welle-kann-kommen\/#primaryimage"},"thumbnailUrl":"https:\/\/stiftungsmarktplatz.eu\/blog\/wp-content\/uploads\/2020\/05\/Die-zweite-Welle-kann-kommen.jpg","keywords":["Stiftungsfonds","Fondsanlage","Stiftungsverm\u00f6gen","ESG"],"articleSection":["Stiftungsverm\u00f6gen &amp; Stiftungsfonds"],"inLanguage":"de"},{"@type":"WebPage","@id":"https:\/\/stiftungsmarktplatz.eu\/blog\/die-zweite-welle-kann-kommen\/","url":"https:\/\/stiftungsmarktplatz.eu\/blog\/die-zweite-welle-kann-kommen\/","name":"Die zweite Welle kann kommen - Der Stiftungsblog f\u00fcr die Stiftungspraxis","isPartOf":{"@id":"https:\/\/stiftungsmarktplatz.eu\/blog\/#website"},"primaryImageOfPage":{"@id":"https:\/\/stiftungsmarktplatz.eu\/blog\/die-zweite-welle-kann-kommen\/#primaryimage"},"image":{"@id":"https:\/\/stiftungsmarktplatz.eu\/blog\/die-zweite-welle-kann-kommen\/#primaryimage"},"thumbnailUrl":"https:\/\/stiftungsmarktplatz.eu\/blog\/wp-content\/uploads\/2020\/05\/Die-zweite-Welle-kann-kommen.jpg","datePublished":"2020-05-20T11:40:39+00:00","dateModified":"2020-07-03T15:08:52+00:00","description":"Es gibt ja viele Stiftungsfonds, die sich antizyklisches Agieren auf die Fahnen schreiben. Zu wenige schaffen es allerdings, dann doch in einen Crash hinein wirklich antizyklisch zu agieren, sprich: den W\u00fchltischmoment f\u00fcr sich zu nutzen. Einer, der wei\u00df, wie antizyklisch \u201egeht\u201c, ist Ulrich Zorn von der CSR Beratungsgesellschaft in Hofheim.","breadcrumb":{"@id":"https:\/\/stiftungsmarktplatz.eu\/blog\/die-zweite-welle-kann-kommen\/#breadcrumb"},"inLanguage":"de","potentialAction":[{"@type":"ReadAction","target":["https:\/\/stiftungsmarktplatz.eu\/blog\/die-zweite-welle-kann-kommen\/"]}]},{"@type":"ImageObject","inLanguage":"de","@id":"https:\/\/stiftungsmarktplatz.eu\/blog\/die-zweite-welle-kann-kommen\/#primaryimage","url":"https:\/\/stiftungsmarktplatz.eu\/blog\/wp-content\/uploads\/2020\/05\/Die-zweite-Welle-kann-kommen.jpg","contentUrl":"https:\/\/stiftungsmarktplatz.eu\/blog\/wp-content\/uploads\/2020\/05\/Die-zweite-Welle-kann-kommen.jpg","width":1200,"height":675,"caption":"Die zweite Welle kann kommen"},{"@type":"BreadcrumbList","@id":"https:\/\/stiftungsmarktplatz.eu\/blog\/die-zweite-welle-kann-kommen\/#breadcrumb","itemListElement":[{"@type":"ListItem","position":1,"name":"Startseite","item":"https:\/\/stiftungsmarktplatz.eu\/blog\/"},{"@type":"ListItem","position":2,"name":"Die zweite Welle kann kommen"}]},{"@type":"WebSite","@id":"https:\/\/stiftungsmarktplatz.eu\/blog\/#website","url":"https:\/\/stiftungsmarktplatz.eu\/blog\/","name":"Der Stiftungsblog f\u00fcr die Stiftungspraxis","description":"#stiftungenst\u00e4rken - NPO-Expertise von NPO-Experten","publisher":{"@id":"https:\/\/stiftungsmarktplatz.eu\/blog\/#organization"},"potentialAction":[{"@type":"SearchAction","target":{"@type":"EntryPoint","urlTemplate":"https:\/\/stiftungsmarktplatz.eu\/blog\/?s={search_term_string}"},"query-input":{"@type":"PropertyValueSpecification","valueRequired":true,"valueName":"search_term_string"}}],"inLanguage":"de"},{"@type":"Organization","@id":"https:\/\/stiftungsmarktplatz.eu\/blog\/#organization","name":"stiftungsmarktplatz.eu GbR","url":"https:\/\/stiftungsmarktplatz.eu\/blog\/","logo":{"@type":"ImageObject","inLanguage":"de","@id":"https:\/\/stiftungsmarktplatz.eu\/blog\/#\/schema\/logo\/image\/","url":"https:\/\/stiftungsmarktplatz.eu\/blog\/wp-content\/uploads\/2020\/03\/Logo-blog-retina.png","contentUrl":"https:\/\/stiftungsmarktplatz.eu\/blog\/wp-content\/uploads\/2020\/03\/Logo-blog-retina.png","width":140,"height":130,"caption":"stiftungsmarktplatz.eu GbR"},"image":{"@id":"https:\/\/stiftungsmarktplatz.eu\/blog\/#\/schema\/logo\/image\/"},"sameAs":["https:\/\/www.linkedin.com\/company\/18563519\/","https:\/\/www.youtube.com\/channel\/UCQrF6RQRFGxTokVV4nbx25Q"]},{"@type":"Person","@id":"https:\/\/stiftungsmarktplatz.eu\/blog\/#\/schema\/person\/a319dca6dba20b695d21fd8a6f2ef0f9","name":"Stefan Preu\u00df","image":{"@type":"ImageObject","inLanguage":"de","@id":"https:\/\/stiftungsmarktplatz.eu\/blog\/wp-content\/uploads\/2025\/07\/stefan-preuss-150x150.png","url":"https:\/\/stiftungsmarktplatz.eu\/blog\/wp-content\/uploads\/2025\/07\/stefan-preuss-150x150.png","contentUrl":"https:\/\/stiftungsmarktplatz.eu\/blog\/wp-content\/uploads\/2025\/07\/stefan-preuss-150x150.png","caption":"Stefan Preu\u00df"},"description":"ist Chefredakteur von stiftungenst\u00e4rken.de und fondsfibel.de. Der Fachjournalist, der auch als freier Autor f\u00fcr andere Publikationen fungiert, ist seit vielen Jahren als Autor von Fachbeitr\u00e4gen und Analysen im Stiftungssektor pr\u00e4sent, moderiert dazu den Elevator Pitch beim Virtuellen Tag f\u00fcr das Stiftungsverm\u00f6gen (www.vtfds.de).","sameAs":["https:\/\/stiftungsmarktplatz.eu"],"url":"https:\/\/stiftungsmarktplatz.eu\/blog\/author\/stefan-preuss\/"}]}},"post_mailing_queue_ids":[],"_links":{"self":[{"href":"https:\/\/stiftungsmarktplatz.eu\/blog\/wp-json\/wp\/v2\/posts\/1059","targetHints":{"allow":["GET"]}}],"collection":[{"href":"https:\/\/stiftungsmarktplatz.eu\/blog\/wp-json\/wp\/v2\/posts"}],"about":[{"href":"https:\/\/stiftungsmarktplatz.eu\/blog\/wp-json\/wp\/v2\/types\/post"}],"author":[{"embeddable":true,"href":"https:\/\/stiftungsmarktplatz.eu\/blog\/wp-json\/wp\/v2\/users\/2"}],"replies":[{"embeddable":true,"href":"https:\/\/stiftungsmarktplatz.eu\/blog\/wp-json\/wp\/v2\/comments?post=1059"}],"version-history":[{"count":4,"href":"https:\/\/stiftungsmarktplatz.eu\/blog\/wp-json\/wp\/v2\/posts\/1059\/revisions"}],"predecessor-version":[{"id":1297,"href":"https:\/\/stiftungsmarktplatz.eu\/blog\/wp-json\/wp\/v2\/posts\/1059\/revisions\/1297"}],"wp:featuredmedia":[{"embeddable":true,"href":"https:\/\/stiftungsmarktplatz.eu\/blog\/wp-json\/wp\/v2\/media\/1061"}],"wp:attachment":[{"href":"https:\/\/stiftungsmarktplatz.eu\/blog\/wp-json\/wp\/v2\/media?parent=1059"}],"wp:term":[{"taxonomy":"category","embeddable":true,"href":"https:\/\/stiftungsmarktplatz.eu\/blog\/wp-json\/wp\/v2\/categories?post=1059"},{"taxonomy":"post_tag","embeddable":true,"href":"https:\/\/stiftungsmarktplatz.eu\/blog\/wp-json\/wp\/v2\/tags?post=1059"}],"curies":[{"name":"wp","href":"https:\/\/api.w.org\/{rel}","templated":true}]}}